{"id":976347,"date":"2018-04-17T02:08:08","date_gmt":"2018-04-17T02:08:08","guid":{"rendered":"http:\/\/www.eldigitaldeasturias.com\/noticias\/?p=976347"},"modified":"2018-04-17T02:08:08","modified_gmt":"2018-04-17T02:08:08","slug":"slim-entra-en-la-campana-mexicana-chocando-con-lopez-obrador","status":"publish","type":"post","link":"https:\/\/www.eldigitaldeasturias.com\/noticias\/slim-entra-en-la-campana-mexicana-chocando-con-lopez-obrador\/","title":{"rendered":"Slim entra en la campa\u00f1a mexicana \u201cchocando\u201d con L\u00f3pez Obrador"},"content":{"rendered":"<p><img loading=\"lazy\" decoding=\"async\" class=\"alignleft size-medium wp-image-874396\" src=\"https:\/\/www.eldigitaldeasturias.com\/noticias\/wp-content\/uploads\/2016\/04\/slim-360x198.jpg\" alt=\"\" width=\"360\" height=\"198\" \/>Ciudad de M\u00e9xico, 16 abr (dpa) &#8211; El multimillonario Carlos Slim, que se hab\u00eda mantenido al margen de la campa\u00f1a electoral mexicana, desembarc\u00f3 hoy en la contienda, entrando en conflicto con el candidato m\u00e1s fuerte, Andr\u00e9s Manuel L\u00f3pez Obrador.<\/p>\n<p>El tit\u00e1n del dinero, s\u00e9ptimo hombre m\u00e1s rico del mundo seg\u00fan la revista \u00abForbes\u00bb, y el ex alcalde centroizquierdista de la capital, l\u00edder para las elecciones del 1 de julio, difirieron sobre un multimillonario proyecto aeroportuario, que el candidato quiere cancelar.<\/p>\n<p>Slim, de 78 a\u00f1os, forma parte del consorcio de siete empresas que est\u00e1 construyendo el nuevo aeropuerto internacional de Ciudad de M\u00e9xico. Adem\u00e1s, el yerno de Slim, Fernando Romero, estuvo a cargo del dise\u00f1o con el arquitecto brit\u00e1nico Norman Foster.<\/p>\n<p>\u00abSuspender el proyecto es suspender el crecimiento del pa\u00eds\u00bb, dijo Slim en una conferencia de prensa -de las que s\u00f3lo convoca ocasionalmente- para defender la obra ya en marcha, que implica una inversi\u00f3n de 13.000 millones de d\u00f3lares hasta 2020.<\/p>\n<p>\u00abQue lo construya con su dinero\u00bb, le respondi\u00f3 L\u00f3pez Obrador, que en su tercer intento tiene fuertes posibilidades de ganar. Lo hizo en declaraciones a periodistas que lo acompa\u00f1aban en una gira en el noroeste del pa\u00eds.<\/p>\n<p>L\u00f3pez Obrador afirm\u00f3 que Slim, que nunca revela sus preferencias pol\u00edticas, est\u00e1 siendo seguramente usado como parte de una campa\u00f1a para impedir su llegada al poder. \u00abLo est\u00e1n utilizando para tratar de contrarrestar el avance de nuestro movimiento\u00bb, consider\u00f3.<\/p>\n<p>Slim es due\u00f1o de la telef\u00f3nica Am\u00e9rica M\u00f3vil y de un conglomerado de empresas que incluye constructoras, tiendas departamentales y la financiera Inbursa. Seg\u00fan \u00abForbes\u00bb, su fortuna asciende a 67.100 millones de d\u00f3lares.<\/p>\n<p>\u00ab\u00c9l es un hombre de negocios, entonces \u00e9l est\u00e1 defendiendo sus intereses, pero yo voy a ser Presidente de M\u00e9xico y voy a defender los intereses del pueblo de M\u00e9xico\u00bb, dijo L\u00f3pez Obrador.<\/p>\n<p>El nuevo aeropuerto es la mayor obra de infraestructura puesta en marcha por el Gobierno de Enrique Pe\u00f1a Nieto, del Partido Revolucionario Institucional (PRI).<\/p>\n<p>Sin embargo, no estar\u00e1 listo antes del fin de su mandato, el 30 de noviembre. Para entonces se tiene previsto que est\u00e9 terminada una de las pistas y que haya avances importantes en las otras dos y en el edificio de la terminal.<\/p>\n<p>El ex alcalde de Ciudad de M\u00e9xico, candidato de la alianza Juntos Haremos Historia, ha se\u00f1alado que cancelar\u00e1 el proyecto porque lo considera demasiado costoso y plagado de corrupci\u00f3n.<\/p>\n<p>L\u00f3pez Obrador afirma que, en caso de ganar, mantendr\u00e1 el aeropuerto actual y construir\u00e1 dos pistas adicionales en el aeropuerto militar de Santa Luc\u00eda, unos 50 kil\u00f3metros al norte de la capital mexicana, por un costo mucho menor.<\/p>\n<p>Adem\u00e1s, ha se\u00f1alado que el terreno donde se est\u00e1 construyendo la megaobra, en la zona del antiguo lago de Texcoco, se hunde todos los a\u00f1os varios cent\u00edmetros por la sobrexplotaci\u00f3n de los acu\u00edferos, un fen\u00f3meno que afecta a toda la ciudad.<\/p>\n<p>El actual aeropuerto tiene dos pistas que no pueden operar de manera simult\u00e1nea. Seg\u00fan los expertos, tampoco podr\u00edan hacerlo al mismo tiempo que la pistas adicionales de Santa Luc\u00eda.<\/p>\n<p>\u00abNo se trata de comprar un coche m\u00e1s barato que otro\u00bb, dijo Slim, sino de considerar qu\u00e9 proyecto es m\u00e1s ben\u00e9fico en su conjunto a largo plazo y para detonar el desarrollo de una de las zonas m\u00e1s deprimidas de la ciudad.<\/p>\n<p>Interrogado si le daba miedo un triunfo de L\u00f3pez Obrador, Slim, se limit\u00f3 a decir: \u00abMe preocupar\u00eda y me dar\u00eda miedo por todo lo dem\u00e1s que siga porque, si ese va a ser el criterio, yo creo que va a ser criterios equivocados de inversi\u00f3n\u00bb.<\/p>\n<p>El nuevo aeropuerto tendr\u00e1, en una primera etapa, tres pistas de operaci\u00f3n simult\u00e1nea y podr\u00e1 trasladar a unos 60 millones de pasajeros al a\u00f1o, adem\u00e1s de posibilidades de duplicar su capacidad en el futuro, seg\u00fan el proyecto.<\/p>\n<p>En las elecciones del 1 de julio L\u00f3pez Obrador competir\u00e1 con el oficialista Jos\u00e9 Antonio Meade, el opositor conservador Ricardo Anaya y los independientes Margarita Zavala y Jaime Rodr\u00edguez \u00abEl Bronco\u00bb.<\/p>\n<p>Lleva m\u00e1s de diez puntos de ventaja en todas las encuestas, a menos de tres meses de las elecciones. El domingo se har\u00e1 el primer debate de tres entre los candidatos.<\/p>\n<p>Sin embargo, Slim se\u00f1al\u00f3 que las elecciones todav\u00eda no est\u00e1n definidas. \u00abHay incertidumbre todav\u00eda a pesar de las encuestas\u00bb, dijo. \u00abEst\u00e1 abierta la competencia como pocas veces\u00bb.<\/p>\n<p><i class=\"lang-es\"><span class=\" readonly\" title=\"\">Por Andrea Sosa Cabrios (dpa)<\/span><\/i><\/p>\n","protected":false},"excerpt":{"rendered":"<p>Ciudad de M\u00e9xico, 16 abr (dpa) &#8211; El multimillonario Carlos Slim, que se hab\u00eda mantenido al margen de la campa\u00f1a electoral mexicana, desembarc\u00f3 hoy en la contienda, entrando en conflicto con el candidato m\u00e1s fuerte, Andr\u00e9s Manuel L\u00f3pez Obrador. El tit\u00e1n del dinero, s\u00e9ptimo hombre m\u00e1s rico del mundo seg\u00fan la revista \u00abForbes\u00bb, y el [&hellip;]<\/p>\n","protected":false},"author":1,"featured_media":874396,"comment_status":"closed","ping_status":"closed","sticky":false,"template":"","format":"standard","meta":{"footnotes":""},"categories":[1],"tags":[],"class_list":["post-976347","post","type-post","status-publish","format-standard","has-post-thumbnail","hentry","category-actualidad"],"aioseo_notices":[],"aioseo_head":"\n\t\t<!-- All in One SEO Pro 5.0.1 - aioseo.com -->\n\t<meta name=\"description\" content=\"Ciudad de M\u00e9xico, 16 abr (dpa) - El multimillonario Carlos Slim, que se hab\u00eda mantenido al margen de la campa\u00f1a electoral mexicana, desembarc\u00f3 hoy en la contienda, entrando en conflicto con el candidato m\u00e1s fuerte, Andr\u00e9s Manuel L\u00f3pez Obrador. El tit\u00e1n del dinero, s\u00e9ptimo hombre m\u00e1s rico del mundo seg\u00fan la revista &quot;Forbes&quot;, y el\" \/>\n\t<meta name=\"robots\" content=\"max-image-preview:large\" \/>\n\t<meta name=\"author\" content=\"El Digital de Asturias\"\/>\n\t<meta name=\"google-site-verification\" content=\"UA-38556648-1\" \/>\n\t<meta name=\"msvalidate.01\" content=\"7dfe9f3f1b24437ab69f4f2559babe99\" \/>\n\t<meta name=\"keywords\" content=\"actualidad\" \/>\n\t<link rel=\"canonical\" href=\"https:\/\/www.eldigitaldeasturias.com\/noticias\/slim-entra-en-la-campana-mexicana-chocando-con-lopez-obrador\/\" \/>\n\t<meta name=\"generator\" content=\"All in One SEO Pro (AIOSEO) 5.0.1\" \/>\n\t\t<meta property=\"og:locale\" content=\"es_ES\" \/>\n\t\t<meta property=\"og:site_name\" content=\"El Digital de Asturias\" \/>\n\t\t<meta property=\"og:type\" content=\"article\" \/>\n\t\t<meta property=\"og:title\" content=\"Slim entra en la campa\u00f1a mexicana \u201cchocando\u201d con L\u00f3pez Obrador - El Digital de Asturias\" \/>\n\t\t<meta property=\"og:description\" content=\"Ciudad de M\u00e9xico, 16 abr (dpa) - El multimillonario Carlos Slim, que se hab\u00eda mantenido al margen de la campa\u00f1a electoral mexicana, desembarc\u00f3 hoy en la contienda, entrando en conflicto con el candidato m\u00e1s fuerte, Andr\u00e9s Manuel L\u00f3pez Obrador. El tit\u00e1n del dinero, s\u00e9ptimo hombre m\u00e1s rico del mundo seg\u00fan la revista &quot;Forbes&quot;, y el\" \/>\n\t\t<meta property=\"og:url\" content=\"https:\/\/www.eldigitaldeasturias.com\/noticias\/slim-entra-en-la-campana-mexicana-chocando-con-lopez-obrador\/\" \/>\n\t\t<meta property=\"article:tag\" content=\"actualidad\" \/>\n\t\t<meta property=\"article:published_time\" content=\"2018-04-17T02:08:08+00:00\" \/>\n\t\t<meta property=\"article:modified_time\" content=\"2018-04-17T02:08:08+00:00\" \/>\n\t\t<meta property=\"article:publisher\" content=\"https:\/\/facebook.com\/eldigitaldeasturias\" \/>\n\t\t<meta name=\"twitter:card\" content=\"summary_large_image\" \/>\n\t\t<meta name=\"twitter:title\" content=\"Slim entra en la campa\u00f1a mexicana \u201cchocando\u201d con L\u00f3pez Obrador - El Digital de Asturias\" \/>\n\t\t<meta name=\"twitter:description\" content=\"Ciudad de M\u00e9xico, 16 abr (dpa) - El multimillonario Carlos Slim, que se hab\u00eda mantenido al margen de la campa\u00f1a electoral mexicana, desembarc\u00f3 hoy en la contienda, entrando en conflicto con el candidato m\u00e1s fuerte, Andr\u00e9s Manuel L\u00f3pez Obrador. El tit\u00e1n del dinero, s\u00e9ptimo hombre m\u00e1s rico del mundo seg\u00fan la revista &quot;Forbes&quot;, y el\" \/>\n\t\t<meta name=\"twitter:image\" content=\"https:\/\/www.eldigitaldeasturias.com\/noticias\/wp-content\/uploads\/2020\/12\/EDA-1.jpg\" \/>\n\t\t<meta name=\"twitter:label1\" content=\"Escrito por\" \/>\n\t\t<meta name=\"twitter:data1\" content=\"El Digital de Asturias\" \/>\n\t\t<meta name=\"twitter:label2\" content=\"Tiempo de lectura estimado\" \/>\n\t\t<meta name=\"twitter:data2\" content=\"4 minutos\" \/>\n\t\t<script type=\"application\/ld+json\" class=\"aioseo-schema\">\n\t\t\t{\"@context\":\"https:\\\/\\\/schema.org\",\"@graph\":[{\"@type\":\"BlogPosting\",\"@id\":\"https:\\\/\\\/www.eldigitaldeasturias.com\\\/noticias\\\/slim-entra-en-la-campana-mexicana-chocando-con-lopez-obrador\\\/#blogposting\",\"name\":\"Slim entra en la campa\\u00f1a mexicana \\u201cchocando\\u201d con L\\u00f3pez Obrador - El Digital de Asturias\",\"headline\":\"Slim entra en la campa\\u00f1a mexicana \\u201cchocando\\u201d con L\\u00f3pez Obrador\",\"author\":{\"@id\":\"https:\\\/\\\/www.eldigitaldeasturias.com\\\/noticias\\\/author\\\/admin\\\/#author\"},\"publisher\":{\"@id\":\"https:\\\/\\\/www.eldigitaldeasturias.com\\\/noticias\\\/#organization\"},\"image\":{\"@type\":\"ImageObject\",\"url\":874396},\"datePublished\":\"2018-04-17T02:08:08+02:00\",\"dateModified\":\"2018-04-17T02:08:08+02:00\",\"inLanguage\":\"es-ES\",\"mainEntityOfPage\":{\"@id\":\"https:\\\/\\\/www.eldigitaldeasturias.com\\\/noticias\\\/slim-entra-en-la-campana-mexicana-chocando-con-lopez-obrador\\\/#webpage\"},\"isPartOf\":{\"@id\":\"https:\\\/\\\/www.eldigitaldeasturias.com\\\/noticias\\\/slim-entra-en-la-campana-mexicana-chocando-con-lopez-obrador\\\/#webpage\"},\"articleSection\":\"Actualidad\"},{\"@type\":\"BreadcrumbList\",\"@id\":\"https:\\\/\\\/www.eldigitaldeasturias.com\\\/noticias\\\/slim-entra-en-la-campana-mexicana-chocando-con-lopez-obrador\\\/#breadcrumblist\",\"itemListElement\":[{\"@type\":\"ListItem\",\"@id\":\"https:\\\/\\\/www.eldigitaldeasturias.com\\\/noticias#listItem\",\"position\":1,\"name\":\"Home\",\"item\":\"https:\\\/\\\/www.eldigitaldeasturias.com\\\/noticias\",\"nextItem\":{\"@type\":\"ListItem\",\"@id\":\"https:\\\/\\\/www.eldigitaldeasturias.com\\\/noticias\\\/category\\\/actualidad\\\/#listItem\",\"name\":\"Actualidad\"}},{\"@type\":\"ListItem\",\"@id\":\"https:\\\/\\\/www.eldigitaldeasturias.com\\\/noticias\\\/category\\\/actualidad\\\/#listItem\",\"position\":2,\"name\":\"Actualidad\",\"item\":\"https:\\\/\\\/www.eldigitaldeasturias.com\\\/noticias\\\/category\\\/actualidad\\\/\",\"nextItem\":{\"@type\":\"ListItem\",\"@id\":\"https:\\\/\\\/www.eldigitaldeasturias.com\\\/noticias\\\/slim-entra-en-la-campana-mexicana-chocando-con-lopez-obrador\\\/#listItem\",\"name\":\"Slim entra en la campa\\u00f1a mexicana \\u201cchocando\\u201d con L\\u00f3pez Obrador\"},\"previousItem\":{\"@type\":\"ListItem\",\"@id\":\"https:\\\/\\\/www.eldigitaldeasturias.com\\\/noticias#listItem\",\"name\":\"Home\"}},{\"@type\":\"ListItem\",\"@id\":\"https:\\\/\\\/www.eldigitaldeasturias.com\\\/noticias\\\/slim-entra-en-la-campana-mexicana-chocando-con-lopez-obrador\\\/#listItem\",\"position\":3,\"name\":\"Slim entra en la campa\\u00f1a mexicana \\u201cchocando\\u201d con L\\u00f3pez Obrador\",\"previousItem\":{\"@type\":\"ListItem\",\"@id\":\"https:\\\/\\\/www.eldigitaldeasturias.com\\\/noticias\\\/category\\\/actualidad\\\/#listItem\",\"name\":\"Actualidad\"}}]},{\"@type\":\"Organization\",\"@id\":\"https:\\\/\\\/www.eldigitaldeasturias.com\\\/noticias\\\/#organization\",\"name\":\"El Digital de Asturias\",\"description\":\"Hemeroteca\",\"url\":\"https:\\\/\\\/www.eldigitaldeasturias.com\\\/noticias\\\/\",\"email\":\"info@eldigitaldeasturias.com\",\"telephone\":\"+34652131393\",\"logo\":{\"@type\":\"ImageObject\",\"url\":\"https:\\\/\\\/www.eldigitaldeasturias.com\\\/noticias\\\/wp-content\\\/uploads\\\/2020\\\/12\\\/EDA.jpg\",\"@id\":\"https:\\\/\\\/www.eldigitaldeasturias.com\\\/noticias\\\/slim-entra-en-la-campana-mexicana-chocando-con-lopez-obrador\\\/#organizationLogo\"},\"image\":{\"@id\":\"https:\\\/\\\/www.eldigitaldeasturias.com\\\/noticias\\\/slim-entra-en-la-campana-mexicana-chocando-con-lopez-obrador\\\/#organizationLogo\"},\"sameAs\":[\"https:\\\/\\\/facebook.com\\\/eldigitaldeasturias\",\"https:\\\/\\\/www.youtube.com\\\/channel\\\/UCZP-2wLEB9Rv6erhFmqVnvg\"],\"address\":{\"@id\":\"https:\\\/\\\/www.eldigitaldeasturias.com\\\/noticias\\\/#postaladdress\",\"@type\":\"PostalAddress\",\"streetAddress\":\"san antonio 4\",\"postalCode\":\"33430\",\"addressLocality\":\"Cand\\u00e1s\",\"addressRegion\":\"Asturias\",\"addressCountry\":\"ES\"}},{\"@type\":\"Person\",\"@id\":\"https:\\\/\\\/www.eldigitaldeasturias.com\\\/noticias\\\/author\\\/admin\\\/#author\",\"url\":\"https:\\\/\\\/www.eldigitaldeasturias.com\\\/noticias\\\/author\\\/admin\\\/\",\"name\":\"El Digital de Asturias\",\"image\":{\"@type\":\"ImageObject\",\"@id\":\"https:\\\/\\\/www.eldigitaldeasturias.com\\\/noticias\\\/slim-entra-en-la-campana-mexicana-chocando-con-lopez-obrador\\\/#authorImage\",\"url\":\"https:\\\/\\\/secure.gravatar.com\\\/avatar\\\/df2aeffc32bcd13f8d26072ef8a91b623d677766deac7f97ca815868cd41bf5e?s=96&d=mm&r=g\",\"width\":96,\"height\":96,\"caption\":\"El Digital de Asturias\"}},{\"@type\":\"WebPage\",\"@id\":\"https:\\\/\\\/www.eldigitaldeasturias.com\\\/noticias\\\/slim-entra-en-la-campana-mexicana-chocando-con-lopez-obrador\\\/#webpage\",\"url\":\"https:\\\/\\\/www.eldigitaldeasturias.com\\\/noticias\\\/slim-entra-en-la-campana-mexicana-chocando-con-lopez-obrador\\\/\",\"name\":\"Slim entra en la campa\\u00f1a mexicana \\u201cchocando\\u201d con L\\u00f3pez Obrador - El Digital de Asturias\",\"description\":\"Ciudad de M\\u00e9xico, 16 abr (dpa) - El multimillonario Carlos Slim, que se hab\\u00eda mantenido al margen de la campa\\u00f1a electoral mexicana, desembarc\\u00f3 hoy en la contienda, entrando en conflicto con el candidato m\\u00e1s fuerte, Andr\\u00e9s Manuel L\\u00f3pez Obrador. El tit\\u00e1n del dinero, s\\u00e9ptimo hombre m\\u00e1s rico del mundo seg\\u00fan la revista \\\"Forbes\\\", y el\",\"inLanguage\":\"es-ES\",\"isPartOf\":{\"@id\":\"https:\\\/\\\/www.eldigitaldeasturias.com\\\/noticias\\\/#website\"},\"breadcrumb\":{\"@id\":\"https:\\\/\\\/www.eldigitaldeasturias.com\\\/noticias\\\/slim-entra-en-la-campana-mexicana-chocando-con-lopez-obrador\\\/#breadcrumblist\"},\"author\":{\"@id\":\"https:\\\/\\\/www.eldigitaldeasturias.com\\\/noticias\\\/author\\\/admin\\\/#author\"},\"creator\":{\"@id\":\"https:\\\/\\\/www.eldigitaldeasturias.com\\\/noticias\\\/author\\\/admin\\\/#author\"},\"image\":{\"@type\":\"ImageObject\",\"url\":874396,\"@id\":\"https:\\\/\\\/www.eldigitaldeasturias.com\\\/noticias\\\/slim-entra-en-la-campana-mexicana-chocando-con-lopez-obrador\\\/#mainImage\"},\"primaryImageOfPage\":{\"@id\":\"https:\\\/\\\/www.eldigitaldeasturias.com\\\/noticias\\\/slim-entra-en-la-campana-mexicana-chocando-con-lopez-obrador\\\/#mainImage\"},\"datePublished\":\"2018-04-17T02:08:08+02:00\",\"dateModified\":\"2018-04-17T02:08:08+02:00\"},{\"@type\":\"WebSite\",\"@id\":\"https:\\\/\\\/www.eldigitaldeasturias.com\\\/noticias\\\/#website\",\"url\":\"https:\\\/\\\/www.eldigitaldeasturias.com\\\/noticias\\\/\",\"name\":\"El Digital de Asturias - Diario de actualidad y noticias\",\"alternateName\":\"El Digital de Asturias - Diario de actualidad y noticias\",\"description\":\"Hemeroteca\",\"inLanguage\":\"es-ES\",\"publisher\":{\"@id\":\"https:\\\/\\\/www.eldigitaldeasturias.com\\\/noticias\\\/#organization\"}}]}\n\t\t<\/script>\n\t\t<!-- All in One SEO Pro -->\r\n\t\t<title>Slim entra en la campa\u00f1a mexicana \u201cchocando\u201d con L\u00f3pez Obrador - El Digital de Asturias<\/title>\n\n","aioseo_head_json":{"title":"Slim entra en la campa\u00f1a mexicana \u201cchocando\u201d con L\u00f3pez Obrador - El Digital de Asturias","description":"Ciudad de M\u00e9xico, 16 abr (dpa) - El multimillonario Carlos Slim, que se hab\u00eda mantenido al margen de la campa\u00f1a electoral mexicana, desembarc\u00f3 hoy en la contienda, entrando en conflicto con el candidato m\u00e1s fuerte, Andr\u00e9s Manuel L\u00f3pez Obrador. El tit\u00e1n del dinero, s\u00e9ptimo hombre m\u00e1s rico del mundo seg\u00fan la revista \"Forbes\", y el","canonical_url":"https:\/\/www.eldigitaldeasturias.com\/noticias\/slim-entra-en-la-campana-mexicana-chocando-con-lopez-obrador\/","robots":"max-image-preview:large","keywords":"actualidad","webmasterTools":{"google-site-verification":"UA-38556648-1","msvalidate.01":"7dfe9f3f1b24437ab69f4f2559babe99","miscellaneous":""},"schema":{"@context":"https:\/\/schema.org","@graph":[{"@type":"BlogPosting","@id":"https:\/\/www.eldigitaldeasturias.com\/noticias\/slim-entra-en-la-campana-mexicana-chocando-con-lopez-obrador\/#blogposting","name":"Slim entra en la campa\u00f1a mexicana \u201cchocando\u201d con L\u00f3pez Obrador - El Digital de Asturias","headline":"Slim entra en la campa\u00f1a mexicana \u201cchocando\u201d con L\u00f3pez Obrador","author":{"@id":"https:\/\/www.eldigitaldeasturias.com\/noticias\/author\/admin\/#author"},"publisher":{"@id":"https:\/\/www.eldigitaldeasturias.com\/noticias\/#organization"},"image":{"@type":"ImageObject","url":874396},"datePublished":"2018-04-17T02:08:08+02:00","dateModified":"2018-04-17T02:08:08+02:00","inLanguage":"es-ES","mainEntityOfPage":{"@id":"https:\/\/www.eldigitaldeasturias.com\/noticias\/slim-entra-en-la-campana-mexicana-chocando-con-lopez-obrador\/#webpage"},"isPartOf":{"@id":"https:\/\/www.eldigitaldeasturias.com\/noticias\/slim-entra-en-la-campana-mexicana-chocando-con-lopez-obrador\/#webpage"},"articleSection":"Actualidad"},{"@type":"BreadcrumbList","@id":"https:\/\/www.eldigitaldeasturias.com\/noticias\/slim-entra-en-la-campana-mexicana-chocando-con-lopez-obrador\/#breadcrumblist","itemListElement":[{"@type":"ListItem","@id":"https:\/\/www.eldigitaldeasturias.com\/noticias#listItem","position":1,"name":"Home","item":"https:\/\/www.eldigitaldeasturias.com\/noticias","nextItem":{"@type":"ListItem","@id":"https:\/\/www.eldigitaldeasturias.com\/noticias\/category\/actualidad\/#listItem","name":"Actualidad"}},{"@type":"ListItem","@id":"https:\/\/www.eldigitaldeasturias.com\/noticias\/category\/actualidad\/#listItem","position":2,"name":"Actualidad","item":"https:\/\/www.eldigitaldeasturias.com\/noticias\/category\/actualidad\/","nextItem":{"@type":"ListItem","@id":"https:\/\/www.eldigitaldeasturias.com\/noticias\/slim-entra-en-la-campana-mexicana-chocando-con-lopez-obrador\/#listItem","name":"Slim entra en la campa\u00f1a mexicana \u201cchocando\u201d con L\u00f3pez Obrador"},"previousItem":{"@type":"ListItem","@id":"https:\/\/www.eldigitaldeasturias.com\/noticias#listItem","name":"Home"}},{"@type":"ListItem","@id":"https:\/\/www.eldigitaldeasturias.com\/noticias\/slim-entra-en-la-campana-mexicana-chocando-con-lopez-obrador\/#listItem","position":3,"name":"Slim entra en la campa\u00f1a mexicana \u201cchocando\u201d con L\u00f3pez Obrador","previousItem":{"@type":"ListItem","@id":"https:\/\/www.eldigitaldeasturias.com\/noticias\/category\/actualidad\/#listItem","name":"Actualidad"}}]},{"@type":"Organization","@id":"https:\/\/www.eldigitaldeasturias.com\/noticias\/#organization","name":"El Digital de Asturias","description":"Hemeroteca","url":"https:\/\/www.eldigitaldeasturias.com\/noticias\/","email":"info@eldigitaldeasturias.com","telephone":"+34652131393","logo":{"@type":"ImageObject","url":"https:\/\/www.eldigitaldeasturias.com\/noticias\/wp-content\/uploads\/2020\/12\/EDA.jpg","@id":"https:\/\/www.eldigitaldeasturias.com\/noticias\/slim-entra-en-la-campana-mexicana-chocando-con-lopez-obrador\/#organizationLogo"},"image":{"@id":"https:\/\/www.eldigitaldeasturias.com\/noticias\/slim-entra-en-la-campana-mexicana-chocando-con-lopez-obrador\/#organizationLogo"},"sameAs":["https:\/\/facebook.com\/eldigitaldeasturias","https:\/\/www.youtube.com\/channel\/UCZP-2wLEB9Rv6erhFmqVnvg"],"address":{"@id":"https:\/\/www.eldigitaldeasturias.com\/noticias\/#postaladdress","@type":"PostalAddress","streetAddress":"san antonio 4","postalCode":"33430","addressLocality":"Cand\u00e1s","addressRegion":"Asturias","addressCountry":"ES"}},{"@type":"Person","@id":"https:\/\/www.eldigitaldeasturias.com\/noticias\/author\/admin\/#author","url":"https:\/\/www.eldigitaldeasturias.com\/noticias\/author\/admin\/","name":"El Digital de Asturias","image":{"@type":"ImageObject","@id":"https:\/\/www.eldigitaldeasturias.com\/noticias\/slim-entra-en-la-campana-mexicana-chocando-con-lopez-obrador\/#authorImage","url":"https:\/\/secure.gravatar.com\/avatar\/df2aeffc32bcd13f8d26072ef8a91b623d677766deac7f97ca815868cd41bf5e?s=96&d=mm&r=g","width":96,"height":96,"caption":"El Digital de Asturias"}},{"@type":"WebPage","@id":"https:\/\/www.eldigitaldeasturias.com\/noticias\/slim-entra-en-la-campana-mexicana-chocando-con-lopez-obrador\/#webpage","url":"https:\/\/www.eldigitaldeasturias.com\/noticias\/slim-entra-en-la-campana-mexicana-chocando-con-lopez-obrador\/","name":"Slim entra en la campa\u00f1a mexicana \u201cchocando\u201d con L\u00f3pez Obrador - El Digital de Asturias","description":"Ciudad de M\u00e9xico, 16 abr (dpa) - El multimillonario Carlos Slim, que se hab\u00eda mantenido al margen de la campa\u00f1a electoral mexicana, desembarc\u00f3 hoy en la contienda, entrando en conflicto con el candidato m\u00e1s fuerte, Andr\u00e9s Manuel L\u00f3pez Obrador. El tit\u00e1n del dinero, s\u00e9ptimo hombre m\u00e1s rico del mundo seg\u00fan la revista \"Forbes\", y el","inLanguage":"es-ES","isPartOf":{"@id":"https:\/\/www.eldigitaldeasturias.com\/noticias\/#website"},"breadcrumb":{"@id":"https:\/\/www.eldigitaldeasturias.com\/noticias\/slim-entra-en-la-campana-mexicana-chocando-con-lopez-obrador\/#breadcrumblist"},"author":{"@id":"https:\/\/www.eldigitaldeasturias.com\/noticias\/author\/admin\/#author"},"creator":{"@id":"https:\/\/www.eldigitaldeasturias.com\/noticias\/author\/admin\/#author"},"image":{"@type":"ImageObject","url":874396,"@id":"https:\/\/www.eldigitaldeasturias.com\/noticias\/slim-entra-en-la-campana-mexicana-chocando-con-lopez-obrador\/#mainImage"},"primaryImageOfPage":{"@id":"https:\/\/www.eldigitaldeasturias.com\/noticias\/slim-entra-en-la-campana-mexicana-chocando-con-lopez-obrador\/#mainImage"},"datePublished":"2018-04-17T02:08:08+02:00","dateModified":"2018-04-17T02:08:08+02:00"},{"@type":"WebSite","@id":"https:\/\/www.eldigitaldeasturias.com\/noticias\/#website","url":"https:\/\/www.eldigitaldeasturias.com\/noticias\/","name":"El Digital de Asturias - Diario de actualidad y noticias","alternateName":"El Digital de Asturias - Diario de actualidad y noticias","description":"Hemeroteca","inLanguage":"es-ES","publisher":{"@id":"https:\/\/www.eldigitaldeasturias.com\/noticias\/#organization"}}]},"og:locale":"es_ES","og:site_name":"El Digital de Asturias","og:type":"article","og:title":"Slim entra en la campa\u00f1a mexicana \u201cchocando\u201d con L\u00f3pez Obrador - El Digital de Asturias","og:description":"Ciudad de M\u00e9xico, 16 abr (dpa) - El multimillonario Carlos Slim, que se hab\u00eda mantenido al margen de la campa\u00f1a electoral mexicana, desembarc\u00f3 hoy en la contienda, entrando en conflicto con el candidato m\u00e1s fuerte, Andr\u00e9s Manuel L\u00f3pez Obrador. El tit\u00e1n del dinero, s\u00e9ptimo hombre m\u00e1s rico del mundo seg\u00fan la revista &quot;Forbes&quot;, y el","og:url":"https:\/\/www.eldigitaldeasturias.com\/noticias\/slim-entra-en-la-campana-mexicana-chocando-con-lopez-obrador\/","article:tag":["actualidad"],"article:published_time":"2018-04-17T02:08:08+00:00","article:modified_time":"2018-04-17T02:08:08+00:00","article:publisher":"https:\/\/facebook.com\/eldigitaldeasturias","twitter:card":"summary_large_image","twitter:title":"Slim entra en la campa\u00f1a mexicana \u201cchocando\u201d con L\u00f3pez Obrador - El Digital de Asturias","twitter:description":"Ciudad de M\u00e9xico, 16 abr (dpa) - El multimillonario Carlos Slim, que se hab\u00eda mantenido al margen de la campa\u00f1a electoral mexicana, desembarc\u00f3 hoy en la contienda, entrando en conflicto con el candidato m\u00e1s fuerte, Andr\u00e9s Manuel L\u00f3pez Obrador. El tit\u00e1n del dinero, s\u00e9ptimo hombre m\u00e1s rico del mundo seg\u00fan la revista &quot;Forbes&quot;, y el","twitter:image":"https:\/\/www.eldigitaldeasturias.com\/noticias\/wp-content\/uploads\/2020\/12\/EDA-1.jpg","twitter:label1":"Escrito por","twitter:data1":"El Digital de Asturias","twitter:label2":"Tiempo de lectura estimado","twitter:data2":"4 minutos"},"aioseo_meta_data":{"post_id":"976347","title":null,"description":null,"keywords":null,"keyphrases":null,"primary_term":null,"canonical_url":null,"og_title":null,"og_description":null,"og_object_type":"default","og_image_type":"default","og_image_url":null,"og_image_width":null,"og_image_height":null,"og_image_custom_url":null,"og_image_custom_fields":null,"og_video":null,"og_custom_url":null,"og_article_section":null,"og_article_tags":null,"twitter_use_og":false,"twitter_card":"default","twitter_image_type":"default","twitter_image_url":null,"twitter_image_custom_url":null,"twitter_image_custom_fields":null,"twitter_title":null,"twitter_description":null,"schema":{"blockGraphs":[],"customGraphs":[],"default":{"data":{"Article":[],"Course":[],"Dataset":[],"FAQPage":[],"Movie":[],"Person":[],"Product":[],"ProductReview":[],"Car":[],"Recipe":[],"Service":[],"SoftwareApplication":[],"WebPage":[]},"graphName":"","isEnabled":true},"graphs":[],"defaultGraph":"","defaultPostTypeGraph":""},"schema_type":null,"schema_type_options":null,"pillar_content":false,"robots_default":true,"robots_noindex":false,"robots_noarchive":false,"robots_nosnippet":false,"robots_nofollow":false,"robots_noimageindex":false,"robots_noodp":false,"robots_notranslate":false,"robots_max_snippet":null,"robots_max_videopreview":null,"robots_max_imagepreview":"large","priority":null,"frequency":null,"local_seo":null,"seo_analyzer_scan_date":"2025-10-08 03:32:09","breadcrumb_settings":null,"limit_modified_date":false,"open_ai":null,"ai":null,"created":"2020-12-21 12:08:36","updated":"2025-10-08 03:32:09","focus_keyword":null,"additional_keywords":null,"truseo_locale":null},"aioseo_breadcrumb":"<div class=\"aioseo-breadcrumbs\"><span class=\"aioseo-breadcrumb\">\n\t<a href=\"https:\/\/www.eldigitaldeasturias.com\/noticias\" title=\"Home\">Home<\/a>\n<\/span><span class=\"aioseo-breadcrumb-separator\">\u2013<\/span><span class=\"aioseo-breadcrumb\">\n\t<a href=\"https:\/\/www.eldigitaldeasturias.com\/noticias\/category\/actualidad\/\" title=\"Actualidad\">Actualidad<\/a>\n<\/span><span class=\"aioseo-breadcrumb-separator\">\u2013<\/span><span class=\"aioseo-breadcrumb\">\n\t<a href=\"https:\/\/www.eldigitaldeasturias.com\/noticias\/slim-entra-en-la-campana-mexicana-chocando-con-lopez-obrador\/\" title=\"Slim entra en la campa\u00f1a mexicana \u201cchocando\u201d con L\u00f3pez Obrador\">Slim entra en la campa\u00f1a mexicana \u201cchocando\u201d con L\u00f3pez Obrador<\/a>\n<\/span><\/div>","aioseo_breadcrumb_json":[{"label":"Home","link":"https:\/\/www.eldigitaldeasturias.com\/noticias"},{"label":"Actualidad","link":"https:\/\/www.eldigitaldeasturias.com\/noticias\/category\/actualidad\/"},{"label":"Slim entra en la campa\u00f1a mexicana \u201cchocando\u201d con L\u00f3pez Obrador","link":"https:\/\/www.eldigitaldeasturias.com\/noticias\/slim-entra-en-la-campana-mexicana-chocando-con-lopez-obrador\/"}],"_links":{"self":[{"href":"https:\/\/www.eldigitaldeasturias.com\/noticias\/wp-json\/wp\/v2\/posts\/976347","targetHints":{"allow":["GET"]}}],"collection":[{"href":"https:\/\/www.eldigitaldeasturias.com\/noticias\/wp-json\/wp\/v2\/posts"}],"about":[{"href":"https:\/\/www.eldigitaldeasturias.com\/noticias\/wp-json\/wp\/v2\/types\/post"}],"author":[{"embeddable":true,"href":"https:\/\/www.eldigitaldeasturias.com\/noticias\/wp-json\/wp\/v2\/users\/1"}],"replies":[{"embeddable":true,"href":"https:\/\/www.eldigitaldeasturias.com\/noticias\/wp-json\/wp\/v2\/comments?post=976347"}],"version-history":[{"count":0,"href":"https:\/\/www.eldigitaldeasturias.com\/noticias\/wp-json\/wp\/v2\/posts\/976347\/revisions"}],"wp:attachment":[{"href":"https:\/\/www.eldigitaldeasturias.com\/noticias\/wp-json\/wp\/v2\/media?parent=976347"}],"wp:term":[{"taxonomy":"category","embeddable":true,"href":"https:\/\/www.eldigitaldeasturias.com\/noticias\/wp-json\/wp\/v2\/categories?post=976347"},{"taxonomy":"post_tag","embeddable":true,"href":"https:\/\/www.eldigitaldeasturias.com\/noticias\/wp-json\/wp\/v2\/tags?post=976347"}],"curies":[{"name":"wp","href":"https:\/\/api.w.org\/{rel}","templated":true}]}}