{"id":976331,"date":"2018-04-17T00:32:20","date_gmt":"2018-04-17T00:32:20","guid":{"rendered":"http:\/\/www.eldigitaldeasturias.com\/noticias\/?p=976331"},"modified":"2018-04-17T00:32:20","modified_gmt":"2018-04-17T00:32:20","slug":"james-comey-trump-esta-moralmente-incapacitado-para-la-presidencia","status":"publish","type":"post","link":"https:\/\/www.eldigitaldeasturias.com\/noticias\/james-comey-trump-esta-moralmente-incapacitado-para-la-presidencia\/","title":{"rendered":"James Comey: \u00abTrump est\u00e1 moralmente incapacitado para la presidencia\u00bb"},"content":{"rendered":"<p><img loading=\"lazy\" decoding=\"async\" class=\"alignleft size-medium wp-image-971860\" src=\"https:\/\/www.eldigitaldeasturias.com\/noticias\/wp-content\/uploads\/2018\/03\/administration-1846270_1280-360x270.jpg\" alt=\"\" width=\"360\" height=\"270\" \/>Washington, 16 abr (dpa) &#8211; En dur\u00edsimas cr\u00edticas lanzadas contra Donald Trump, el ex director de la FBI James Comey calific\u00f3 al multimillonario neoyorquino de moralmente incapacitado para ejercer el cargo de presidente de Estados Unidos.<\/p>\n<p>En una entrevista con la emisora televisiva ABC, transmitada la noche del domingo, Comey tambi\u00e9n consider\u00f3 posible que Rusia posea material comprometador sobre Trump y asegur\u00f3 que existen pruebas de que el presidente ha obstruido a la Justicia.<\/p>\n<p>Trump hab\u00eda despedido a Comey en mayo del a\u00f1o pasado y m\u00e1s tarde justific\u00f3 su decisi\u00f3n en las investigaciones que el FBI (Bur\u00f3 Federal de Investigaciones) estaba realizando sobre la supuesta intromisi\u00f3n de Rusia en la campa\u00f1a presidencial estadounidense de 2016.<\/p>\n<p>Comey dijo en la entrevista que \u00abuna persona que trata a las mujeres como un pedazo de carne, que miente constantemente e insiste en que el pueblo estadounidense lo cree, est\u00e1 moralmente incapacitado para el cargo de presidente\u00bb.<\/p>\n<p>El ex director del FBI rechaz\u00f3 especulaciones seg\u00fan las cuales Trump est\u00e1 mentalmente enfermo o padece de demencia en una fase inicial. \u00abMe parece que es una persona que tiene una inteligencia por encima del promedio, que sigue las conversaciones y sabe lo que est\u00e1 pasando\u00bb, se\u00f1al\u00f3 Comey. \u00abNo creo que desde el punto de vista m\u00e9dico no est\u00e9 en condiciones de ser presidente. Creo que desde el punto de vista moral no est\u00e1 capacitado para ser presidente\u00bb.<\/p>\n<p>Preguntado sobre si cree que Rusia tiene alg\u00fan as en la manga contra Trump, el ex director del FBI dijo que lo cree posible y que no puede descartar que Rusia cuente con material comprometedor para el presidente.<\/p>\n<p>El ex director del FBI tambi\u00e9n considera posible que Trump haya obstruido a la Justicia. Ciertamente hay pruebas de una obstrucci\u00f3n a la Justicia. Sin embargo, Comey matiz\u00f3 que en este caso \u00e9l no es el investigador o el fiscal sino solo un testigo.<\/p>\n<p>Comey se refiri\u00f3 durante la entrevista a una conversaci\u00f3n que mantuvo en febrero de 2017 con Trump en la que el presidente habr\u00eda expresado el deseo de que se suspendieran las investigaciones contra el entonces consejero de Seguridad Nacional Michael Flynn en el marco de la trama rusa, algo que Trump rechaza. Para muchos analistas, se trataba de un intento de obstruir a la Justicia.<\/p>\n<p>Tambi\u00e9n en un nuevo libro titulado \u00abA Higher Loyalty: Truth, Lies and Leadership\u00bb (M\u00e1xima lealtad: verdad, mentiras y lderazgo), que saldr\u00e1 a la venta el martes, Comey ajusta cuentas de forma inmisericorde con el presidente.<\/p>\n<p>&nbsp;<\/p>\n","protected":false},"excerpt":{"rendered":"<p>Washington, 16 abr (dpa) &#8211; En dur\u00edsimas cr\u00edticas lanzadas contra Donald Trump, el ex director de la FBI James Comey calific\u00f3 al multimillonario neoyorquino de moralmente incapacitado para ejercer el cargo de presidente de Estados Unidos. En una entrevista con la emisora televisiva ABC, transmitada la noche del domingo, Comey tambi\u00e9n consider\u00f3 posible que Rusia [&hellip;]<\/p>\n","protected":false},"author":1,"featured_media":971860,"comment_status":"closed","ping_status":"closed","sticky":false,"template":"","format":"standard","meta":{"footnotes":""},"categories":[1],"tags":[],"class_list":["post-976331","post","type-post","status-publish","format-standard","has-post-thumbnail","hentry","category-actualidad"],"aioseo_notices":[],"aioseo_head":"\n\t\t<!-- All in One SEO Pro 5.0.1 - aioseo.com -->\n\t<meta name=\"description\" content=\"Washington, 16 abr (dpa) - En dur\u00edsimas cr\u00edticas lanzadas contra Donald Trump, el ex director de la FBI James Comey calific\u00f3 al multimillonario neoyorquino de moralmente incapacitado para ejercer el cargo de presidente de Estados Unidos. En una entrevista con la emisora televisiva ABC, transmitada la noche del domingo, Comey tambi\u00e9n consider\u00f3 posible que Rusia\" \/>\n\t<meta name=\"robots\" content=\"max-image-preview:large\" \/>\n\t<meta name=\"author\" content=\"El Digital de Asturias\"\/>\n\t<meta name=\"google-site-verification\" content=\"UA-38556648-1\" \/>\n\t<meta name=\"msvalidate.01\" content=\"7dfe9f3f1b24437ab69f4f2559babe99\" \/>\n\t<meta name=\"keywords\" content=\"actualidad\" \/>\n\t<link rel=\"canonical\" href=\"https:\/\/www.eldigitaldeasturias.com\/noticias\/james-comey-trump-esta-moralmente-incapacitado-para-la-presidencia\/\" \/>\n\t<meta name=\"generator\" content=\"All in One SEO Pro (AIOSEO) 5.0.1\" \/>\n\t\t<meta property=\"og:locale\" content=\"es_ES\" \/>\n\t\t<meta property=\"og:site_name\" content=\"El Digital de Asturias\" \/>\n\t\t<meta property=\"og:type\" content=\"article\" \/>\n\t\t<meta property=\"og:title\" content=\"James Comey: \u00abTrump est\u00e1 moralmente incapacitado para la presidencia\u00bb - El Digital de Asturias\" \/>\n\t\t<meta property=\"og:description\" content=\"Washington, 16 abr (dpa) - En dur\u00edsimas cr\u00edticas lanzadas contra Donald Trump, el ex director de la FBI James Comey calific\u00f3 al multimillonario neoyorquino de moralmente incapacitado para ejercer el cargo de presidente de Estados Unidos. En una entrevista con la emisora televisiva ABC, transmitada la noche del domingo, Comey tambi\u00e9n consider\u00f3 posible que Rusia\" \/>\n\t\t<meta property=\"og:url\" content=\"https:\/\/www.eldigitaldeasturias.com\/noticias\/james-comey-trump-esta-moralmente-incapacitado-para-la-presidencia\/\" \/>\n\t\t<meta property=\"article:tag\" content=\"actualidad\" \/>\n\t\t<meta property=\"article:published_time\" content=\"2018-04-17T00:32:20+00:00\" \/>\n\t\t<meta property=\"article:modified_time\" content=\"2018-04-17T00:32:20+00:00\" \/>\n\t\t<meta property=\"article:publisher\" content=\"https:\/\/facebook.com\/eldigitaldeasturias\" \/>\n\t\t<meta name=\"twitter:card\" content=\"summary_large_image\" \/>\n\t\t<meta name=\"twitter:title\" content=\"James Comey: \u00abTrump est\u00e1 moralmente incapacitado para la presidencia\u00bb - El Digital de Asturias\" \/>\n\t\t<meta name=\"twitter:description\" content=\"Washington, 16 abr (dpa) - En dur\u00edsimas cr\u00edticas lanzadas contra Donald Trump, el ex director de la FBI James Comey calific\u00f3 al multimillonario neoyorquino de moralmente incapacitado para ejercer el cargo de presidente de Estados Unidos. En una entrevista con la emisora televisiva ABC, transmitada la noche del domingo, Comey tambi\u00e9n consider\u00f3 posible que Rusia\" \/>\n\t\t<meta name=\"twitter:image\" content=\"https:\/\/www.eldigitaldeasturias.com\/noticias\/wp-content\/uploads\/2020\/12\/EDA-1.jpg\" \/>\n\t\t<meta name=\"twitter:label1\" content=\"Escrito por\" \/>\n\t\t<meta name=\"twitter:data1\" content=\"El Digital de Asturias\" \/>\n\t\t<meta name=\"twitter:label2\" content=\"Tiempo de lectura estimado\" \/>\n\t\t<meta name=\"twitter:data2\" content=\"2 minutos\" \/>\n\t\t<script type=\"application\/ld+json\" class=\"aioseo-schema\">\n\t\t\t{\"@context\":\"https:\\\/\\\/schema.org\",\"@graph\":[{\"@type\":\"BlogPosting\",\"@id\":\"https:\\\/\\\/www.eldigitaldeasturias.com\\\/noticias\\\/james-comey-trump-esta-moralmente-incapacitado-para-la-presidencia\\\/#blogposting\",\"name\":\"James Comey: \\u00abTrump est\\u00e1 moralmente incapacitado para la presidencia\\u00bb - El Digital de Asturias\",\"headline\":\"James Comey: \\u00abTrump est\\u00e1 moralmente incapacitado para la presidencia\\u00bb\",\"author\":{\"@id\":\"https:\\\/\\\/www.eldigitaldeasturias.com\\\/noticias\\\/author\\\/admin\\\/#author\"},\"publisher\":{\"@id\":\"https:\\\/\\\/www.eldigitaldeasturias.com\\\/noticias\\\/#organization\"},\"image\":{\"@type\":\"ImageObject\",\"url\":971860},\"datePublished\":\"2018-04-17T00:32:20+02:00\",\"dateModified\":\"2018-04-17T00:32:20+02:00\",\"inLanguage\":\"es-ES\",\"mainEntityOfPage\":{\"@id\":\"https:\\\/\\\/www.eldigitaldeasturias.com\\\/noticias\\\/james-comey-trump-esta-moralmente-incapacitado-para-la-presidencia\\\/#webpage\"},\"isPartOf\":{\"@id\":\"https:\\\/\\\/www.eldigitaldeasturias.com\\\/noticias\\\/james-comey-trump-esta-moralmente-incapacitado-para-la-presidencia\\\/#webpage\"},\"articleSection\":\"Actualidad\"},{\"@type\":\"BreadcrumbList\",\"@id\":\"https:\\\/\\\/www.eldigitaldeasturias.com\\\/noticias\\\/james-comey-trump-esta-moralmente-incapacitado-para-la-presidencia\\\/#breadcrumblist\",\"itemListElement\":[{\"@type\":\"ListItem\",\"@id\":\"https:\\\/\\\/www.eldigitaldeasturias.com\\\/noticias#listItem\",\"position\":1,\"name\":\"Home\",\"item\":\"https:\\\/\\\/www.eldigitaldeasturias.com\\\/noticias\",\"nextItem\":{\"@type\":\"ListItem\",\"@id\":\"https:\\\/\\\/www.eldigitaldeasturias.com\\\/noticias\\\/category\\\/actualidad\\\/#listItem\",\"name\":\"Actualidad\"}},{\"@type\":\"ListItem\",\"@id\":\"https:\\\/\\\/www.eldigitaldeasturias.com\\\/noticias\\\/category\\\/actualidad\\\/#listItem\",\"position\":2,\"name\":\"Actualidad\",\"item\":\"https:\\\/\\\/www.eldigitaldeasturias.com\\\/noticias\\\/category\\\/actualidad\\\/\",\"nextItem\":{\"@type\":\"ListItem\",\"@id\":\"https:\\\/\\\/www.eldigitaldeasturias.com\\\/noticias\\\/james-comey-trump-esta-moralmente-incapacitado-para-la-presidencia\\\/#listItem\",\"name\":\"James Comey: \\u00abTrump est\\u00e1 moralmente incapacitado para la presidencia\\u00bb\"},\"previousItem\":{\"@type\":\"ListItem\",\"@id\":\"https:\\\/\\\/www.eldigitaldeasturias.com\\\/noticias#listItem\",\"name\":\"Home\"}},{\"@type\":\"ListItem\",\"@id\":\"https:\\\/\\\/www.eldigitaldeasturias.com\\\/noticias\\\/james-comey-trump-esta-moralmente-incapacitado-para-la-presidencia\\\/#listItem\",\"position\":3,\"name\":\"James Comey: \\u00abTrump est\\u00e1 moralmente incapacitado para la presidencia\\u00bb\",\"previousItem\":{\"@type\":\"ListItem\",\"@id\":\"https:\\\/\\\/www.eldigitaldeasturias.com\\\/noticias\\\/category\\\/actualidad\\\/#listItem\",\"name\":\"Actualidad\"}}]},{\"@type\":\"Organization\",\"@id\":\"https:\\\/\\\/www.eldigitaldeasturias.com\\\/noticias\\\/#organization\",\"name\":\"El Digital de Asturias\",\"description\":\"Hemeroteca\",\"url\":\"https:\\\/\\\/www.eldigitaldeasturias.com\\\/noticias\\\/\",\"email\":\"info@eldigitaldeasturias.com\",\"telephone\":\"+34652131393\",\"logo\":{\"@type\":\"ImageObject\",\"url\":\"https:\\\/\\\/www.eldigitaldeasturias.com\\\/noticias\\\/wp-content\\\/uploads\\\/2020\\\/12\\\/EDA.jpg\",\"@id\":\"https:\\\/\\\/www.eldigitaldeasturias.com\\\/noticias\\\/james-comey-trump-esta-moralmente-incapacitado-para-la-presidencia\\\/#organizationLogo\"},\"image\":{\"@id\":\"https:\\\/\\\/www.eldigitaldeasturias.com\\\/noticias\\\/james-comey-trump-esta-moralmente-incapacitado-para-la-presidencia\\\/#organizationLogo\"},\"sameAs\":[\"https:\\\/\\\/facebook.com\\\/eldigitaldeasturias\",\"https:\\\/\\\/www.youtube.com\\\/channel\\\/UCZP-2wLEB9Rv6erhFmqVnvg\"],\"address\":{\"@id\":\"https:\\\/\\\/www.eldigitaldeasturias.com\\\/noticias\\\/#postaladdress\",\"@type\":\"PostalAddress\",\"streetAddress\":\"san antonio 4\",\"postalCode\":\"33430\",\"addressLocality\":\"Cand\\u00e1s\",\"addressRegion\":\"Asturias\",\"addressCountry\":\"ES\"}},{\"@type\":\"Person\",\"@id\":\"https:\\\/\\\/www.eldigitaldeasturias.com\\\/noticias\\\/author\\\/admin\\\/#author\",\"url\":\"https:\\\/\\\/www.eldigitaldeasturias.com\\\/noticias\\\/author\\\/admin\\\/\",\"name\":\"El Digital de Asturias\",\"image\":{\"@type\":\"ImageObject\",\"@id\":\"https:\\\/\\\/www.eldigitaldeasturias.com\\\/noticias\\\/james-comey-trump-esta-moralmente-incapacitado-para-la-presidencia\\\/#authorImage\",\"url\":\"https:\\\/\\\/secure.gravatar.com\\\/avatar\\\/df2aeffc32bcd13f8d26072ef8a91b623d677766deac7f97ca815868cd41bf5e?s=96&d=mm&r=g\",\"width\":96,\"height\":96,\"caption\":\"El Digital de Asturias\"}},{\"@type\":\"WebPage\",\"@id\":\"https:\\\/\\\/www.eldigitaldeasturias.com\\\/noticias\\\/james-comey-trump-esta-moralmente-incapacitado-para-la-presidencia\\\/#webpage\",\"url\":\"https:\\\/\\\/www.eldigitaldeasturias.com\\\/noticias\\\/james-comey-trump-esta-moralmente-incapacitado-para-la-presidencia\\\/\",\"name\":\"James Comey: \\u00abTrump est\\u00e1 moralmente incapacitado para la presidencia\\u00bb - El Digital de Asturias\",\"description\":\"Washington, 16 abr (dpa) - En dur\\u00edsimas cr\\u00edticas lanzadas contra Donald Trump, el ex director de la FBI James Comey calific\\u00f3 al multimillonario neoyorquino de moralmente incapacitado para ejercer el cargo de presidente de Estados Unidos. En una entrevista con la emisora televisiva ABC, transmitada la noche del domingo, Comey tambi\\u00e9n consider\\u00f3 posible que Rusia\",\"inLanguage\":\"es-ES\",\"isPartOf\":{\"@id\":\"https:\\\/\\\/www.eldigitaldeasturias.com\\\/noticias\\\/#website\"},\"breadcrumb\":{\"@id\":\"https:\\\/\\\/www.eldigitaldeasturias.com\\\/noticias\\\/james-comey-trump-esta-moralmente-incapacitado-para-la-presidencia\\\/#breadcrumblist\"},\"author\":{\"@id\":\"https:\\\/\\\/www.eldigitaldeasturias.com\\\/noticias\\\/author\\\/admin\\\/#author\"},\"creator\":{\"@id\":\"https:\\\/\\\/www.eldigitaldeasturias.com\\\/noticias\\\/author\\\/admin\\\/#author\"},\"image\":{\"@type\":\"ImageObject\",\"url\":971860,\"@id\":\"https:\\\/\\\/www.eldigitaldeasturias.com\\\/noticias\\\/james-comey-trump-esta-moralmente-incapacitado-para-la-presidencia\\\/#mainImage\"},\"primaryImageOfPage\":{\"@id\":\"https:\\\/\\\/www.eldigitaldeasturias.com\\\/noticias\\\/james-comey-trump-esta-moralmente-incapacitado-para-la-presidencia\\\/#mainImage\"},\"datePublished\":\"2018-04-17T00:32:20+02:00\",\"dateModified\":\"2018-04-17T00:32:20+02:00\"},{\"@type\":\"WebSite\",\"@id\":\"https:\\\/\\\/www.eldigitaldeasturias.com\\\/noticias\\\/#website\",\"url\":\"https:\\\/\\\/www.eldigitaldeasturias.com\\\/noticias\\\/\",\"name\":\"El Digital de Asturias - Diario de actualidad y noticias\",\"alternateName\":\"El Digital de Asturias - Diario de actualidad y noticias\",\"description\":\"Hemeroteca\",\"inLanguage\":\"es-ES\",\"publisher\":{\"@id\":\"https:\\\/\\\/www.eldigitaldeasturias.com\\\/noticias\\\/#organization\"}}]}\n\t\t<\/script>\n\t\t<!-- All in One SEO Pro -->\r\n\t\t<title>James Comey: \u00abTrump est\u00e1 moralmente incapacitado para la presidencia\u00bb - El Digital de Asturias<\/title>\n\n","aioseo_head_json":{"title":"James Comey: \u00abTrump est\u00e1 moralmente incapacitado para la presidencia\u00bb - El Digital de Asturias","description":"Washington, 16 abr (dpa) - En dur\u00edsimas cr\u00edticas lanzadas contra Donald Trump, el ex director de la FBI James Comey calific\u00f3 al multimillonario neoyorquino de moralmente incapacitado para ejercer el cargo de presidente de Estados Unidos. En una entrevista con la emisora televisiva ABC, transmitada la noche del domingo, Comey tambi\u00e9n consider\u00f3 posible que Rusia","canonical_url":"https:\/\/www.eldigitaldeasturias.com\/noticias\/james-comey-trump-esta-moralmente-incapacitado-para-la-presidencia\/","robots":"max-image-preview:large","keywords":"actualidad","webmasterTools":{"google-site-verification":"UA-38556648-1","msvalidate.01":"7dfe9f3f1b24437ab69f4f2559babe99","miscellaneous":""},"schema":{"@context":"https:\/\/schema.org","@graph":[{"@type":"BlogPosting","@id":"https:\/\/www.eldigitaldeasturias.com\/noticias\/james-comey-trump-esta-moralmente-incapacitado-para-la-presidencia\/#blogposting","name":"James Comey: \u00abTrump est\u00e1 moralmente incapacitado para la presidencia\u00bb - El Digital de Asturias","headline":"James Comey: \u00abTrump est\u00e1 moralmente incapacitado para la presidencia\u00bb","author":{"@id":"https:\/\/www.eldigitaldeasturias.com\/noticias\/author\/admin\/#author"},"publisher":{"@id":"https:\/\/www.eldigitaldeasturias.com\/noticias\/#organization"},"image":{"@type":"ImageObject","url":971860},"datePublished":"2018-04-17T00:32:20+02:00","dateModified":"2018-04-17T00:32:20+02:00","inLanguage":"es-ES","mainEntityOfPage":{"@id":"https:\/\/www.eldigitaldeasturias.com\/noticias\/james-comey-trump-esta-moralmente-incapacitado-para-la-presidencia\/#webpage"},"isPartOf":{"@id":"https:\/\/www.eldigitaldeasturias.com\/noticias\/james-comey-trump-esta-moralmente-incapacitado-para-la-presidencia\/#webpage"},"articleSection":"Actualidad"},{"@type":"BreadcrumbList","@id":"https:\/\/www.eldigitaldeasturias.com\/noticias\/james-comey-trump-esta-moralmente-incapacitado-para-la-presidencia\/#breadcrumblist","itemListElement":[{"@type":"ListItem","@id":"https:\/\/www.eldigitaldeasturias.com\/noticias#listItem","position":1,"name":"Home","item":"https:\/\/www.eldigitaldeasturias.com\/noticias","nextItem":{"@type":"ListItem","@id":"https:\/\/www.eldigitaldeasturias.com\/noticias\/category\/actualidad\/#listItem","name":"Actualidad"}},{"@type":"ListItem","@id":"https:\/\/www.eldigitaldeasturias.com\/noticias\/category\/actualidad\/#listItem","position":2,"name":"Actualidad","item":"https:\/\/www.eldigitaldeasturias.com\/noticias\/category\/actualidad\/","nextItem":{"@type":"ListItem","@id":"https:\/\/www.eldigitaldeasturias.com\/noticias\/james-comey-trump-esta-moralmente-incapacitado-para-la-presidencia\/#listItem","name":"James Comey: \u00abTrump est\u00e1 moralmente incapacitado para la presidencia\u00bb"},"previousItem":{"@type":"ListItem","@id":"https:\/\/www.eldigitaldeasturias.com\/noticias#listItem","name":"Home"}},{"@type":"ListItem","@id":"https:\/\/www.eldigitaldeasturias.com\/noticias\/james-comey-trump-esta-moralmente-incapacitado-para-la-presidencia\/#listItem","position":3,"name":"James Comey: \u00abTrump est\u00e1 moralmente incapacitado para la presidencia\u00bb","previousItem":{"@type":"ListItem","@id":"https:\/\/www.eldigitaldeasturias.com\/noticias\/category\/actualidad\/#listItem","name":"Actualidad"}}]},{"@type":"Organization","@id":"https:\/\/www.eldigitaldeasturias.com\/noticias\/#organization","name":"El Digital de Asturias","description":"Hemeroteca","url":"https:\/\/www.eldigitaldeasturias.com\/noticias\/","email":"info@eldigitaldeasturias.com","telephone":"+34652131393","logo":{"@type":"ImageObject","url":"https:\/\/www.eldigitaldeasturias.com\/noticias\/wp-content\/uploads\/2020\/12\/EDA.jpg","@id":"https:\/\/www.eldigitaldeasturias.com\/noticias\/james-comey-trump-esta-moralmente-incapacitado-para-la-presidencia\/#organizationLogo"},"image":{"@id":"https:\/\/www.eldigitaldeasturias.com\/noticias\/james-comey-trump-esta-moralmente-incapacitado-para-la-presidencia\/#organizationLogo"},"sameAs":["https:\/\/facebook.com\/eldigitaldeasturias","https:\/\/www.youtube.com\/channel\/UCZP-2wLEB9Rv6erhFmqVnvg"],"address":{"@id":"https:\/\/www.eldigitaldeasturias.com\/noticias\/#postaladdress","@type":"PostalAddress","streetAddress":"san antonio 4","postalCode":"33430","addressLocality":"Cand\u00e1s","addressRegion":"Asturias","addressCountry":"ES"}},{"@type":"Person","@id":"https:\/\/www.eldigitaldeasturias.com\/noticias\/author\/admin\/#author","url":"https:\/\/www.eldigitaldeasturias.com\/noticias\/author\/admin\/","name":"El Digital de Asturias","image":{"@type":"ImageObject","@id":"https:\/\/www.eldigitaldeasturias.com\/noticias\/james-comey-trump-esta-moralmente-incapacitado-para-la-presidencia\/#authorImage","url":"https:\/\/secure.gravatar.com\/avatar\/df2aeffc32bcd13f8d26072ef8a91b623d677766deac7f97ca815868cd41bf5e?s=96&d=mm&r=g","width":96,"height":96,"caption":"El Digital de Asturias"}},{"@type":"WebPage","@id":"https:\/\/www.eldigitaldeasturias.com\/noticias\/james-comey-trump-esta-moralmente-incapacitado-para-la-presidencia\/#webpage","url":"https:\/\/www.eldigitaldeasturias.com\/noticias\/james-comey-trump-esta-moralmente-incapacitado-para-la-presidencia\/","name":"James Comey: \u00abTrump est\u00e1 moralmente incapacitado para la presidencia\u00bb - El Digital de Asturias","description":"Washington, 16 abr (dpa) - En dur\u00edsimas cr\u00edticas lanzadas contra Donald Trump, el ex director de la FBI James Comey calific\u00f3 al multimillonario neoyorquino de moralmente incapacitado para ejercer el cargo de presidente de Estados Unidos. En una entrevista con la emisora televisiva ABC, transmitada la noche del domingo, Comey tambi\u00e9n consider\u00f3 posible que Rusia","inLanguage":"es-ES","isPartOf":{"@id":"https:\/\/www.eldigitaldeasturias.com\/noticias\/#website"},"breadcrumb":{"@id":"https:\/\/www.eldigitaldeasturias.com\/noticias\/james-comey-trump-esta-moralmente-incapacitado-para-la-presidencia\/#breadcrumblist"},"author":{"@id":"https:\/\/www.eldigitaldeasturias.com\/noticias\/author\/admin\/#author"},"creator":{"@id":"https:\/\/www.eldigitaldeasturias.com\/noticias\/author\/admin\/#author"},"image":{"@type":"ImageObject","url":971860,"@id":"https:\/\/www.eldigitaldeasturias.com\/noticias\/james-comey-trump-esta-moralmente-incapacitado-para-la-presidencia\/#mainImage"},"primaryImageOfPage":{"@id":"https:\/\/www.eldigitaldeasturias.com\/noticias\/james-comey-trump-esta-moralmente-incapacitado-para-la-presidencia\/#mainImage"},"datePublished":"2018-04-17T00:32:20+02:00","dateModified":"2018-04-17T00:32:20+02:00"},{"@type":"WebSite","@id":"https:\/\/www.eldigitaldeasturias.com\/noticias\/#website","url":"https:\/\/www.eldigitaldeasturias.com\/noticias\/","name":"El Digital de Asturias - Diario de actualidad y noticias","alternateName":"El Digital de Asturias - Diario de actualidad y noticias","description":"Hemeroteca","inLanguage":"es-ES","publisher":{"@id":"https:\/\/www.eldigitaldeasturias.com\/noticias\/#organization"}}]},"og:locale":"es_ES","og:site_name":"El Digital de Asturias","og:type":"article","og:title":"James Comey: \u00abTrump est\u00e1 moralmente incapacitado para la presidencia\u00bb - El Digital de Asturias","og:description":"Washington, 16 abr (dpa) - En dur\u00edsimas cr\u00edticas lanzadas contra Donald Trump, el ex director de la FBI James Comey calific\u00f3 al multimillonario neoyorquino de moralmente incapacitado para ejercer el cargo de presidente de Estados Unidos. En una entrevista con la emisora televisiva ABC, transmitada la noche del domingo, Comey tambi\u00e9n consider\u00f3 posible que Rusia","og:url":"https:\/\/www.eldigitaldeasturias.com\/noticias\/james-comey-trump-esta-moralmente-incapacitado-para-la-presidencia\/","article:tag":["actualidad"],"article:published_time":"2018-04-17T00:32:20+00:00","article:modified_time":"2018-04-17T00:32:20+00:00","article:publisher":"https:\/\/facebook.com\/eldigitaldeasturias","twitter:card":"summary_large_image","twitter:title":"James Comey: \u00abTrump est\u00e1 moralmente incapacitado para la presidencia\u00bb - El Digital de Asturias","twitter:description":"Washington, 16 abr (dpa) - En dur\u00edsimas cr\u00edticas lanzadas contra Donald Trump, el ex director de la FBI James Comey calific\u00f3 al multimillonario neoyorquino de moralmente incapacitado para ejercer el cargo de presidente de Estados Unidos. En una entrevista con la emisora televisiva ABC, transmitada la noche del domingo, Comey tambi\u00e9n consider\u00f3 posible que Rusia","twitter:image":"https:\/\/www.eldigitaldeasturias.com\/noticias\/wp-content\/uploads\/2020\/12\/EDA-1.jpg","twitter:label1":"Escrito por","twitter:data1":"El Digital de Asturias","twitter:label2":"Tiempo de lectura estimado","twitter:data2":"2 minutos"},"aioseo_meta_data":{"post_id":"976331","title":null,"description":null,"keywords":null,"keyphrases":null,"primary_term":null,"canonical_url":null,"og_title":null,"og_description":null,"og_object_type":"default","og_image_type":"default","og_image_url":null,"og_image_width":null,"og_image_height":null,"og_image_custom_url":null,"og_image_custom_fields":null,"og_video":null,"og_custom_url":null,"og_article_section":null,"og_article_tags":null,"twitter_use_og":false,"twitter_card":"default","twitter_image_type":"default","twitter_image_url":null,"twitter_image_custom_url":null,"twitter_image_custom_fields":null,"twitter_title":null,"twitter_description":null,"schema":{"blockGraphs":[],"customGraphs":[],"default":{"data":{"Article":[],"Course":[],"Dataset":[],"FAQPage":[],"Movie":[],"Person":[],"Product":[],"ProductReview":[],"Car":[],"Recipe":[],"Service":[],"SoftwareApplication":[],"WebPage":[]},"graphName":"","isEnabled":true},"graphs":[],"defaultGraph":"","defaultPostTypeGraph":""},"schema_type":null,"schema_type_options":null,"pillar_content":false,"robots_default":true,"robots_noindex":false,"robots_noarchive":false,"robots_nosnippet":false,"robots_nofollow":false,"robots_noimageindex":false,"robots_noodp":false,"robots_notranslate":false,"robots_max_snippet":null,"robots_max_videopreview":null,"robots_max_imagepreview":"large","priority":null,"frequency":null,"local_seo":null,"seo_analyzer_scan_date":"2025-10-08 03:30:16","breadcrumb_settings":null,"limit_modified_date":false,"open_ai":null,"ai":null,"created":"2020-12-21 11:14:59","updated":"2025-10-08 03:30:16","focus_keyword":null,"additional_keywords":null,"truseo_locale":null},"aioseo_breadcrumb":"<div class=\"aioseo-breadcrumbs\"><span class=\"aioseo-breadcrumb\">\n\t<a href=\"https:\/\/www.eldigitaldeasturias.com\/noticias\" title=\"Home\">Home<\/a>\n<\/span><span class=\"aioseo-breadcrumb-separator\">\u2013<\/span><span class=\"aioseo-breadcrumb\">\n\t<a href=\"https:\/\/www.eldigitaldeasturias.com\/noticias\/category\/actualidad\/\" title=\"Actualidad\">Actualidad<\/a>\n<\/span><span class=\"aioseo-breadcrumb-separator\">\u2013<\/span><span class=\"aioseo-breadcrumb\">\n\t<a href=\"https:\/\/www.eldigitaldeasturias.com\/noticias\/james-comey-trump-esta-moralmente-incapacitado-para-la-presidencia\/\" title=\"James Comey: \u00abTrump est\u00e1 moralmente incapacitado para la presidencia\u00bb\">James Comey: \u00abTrump est\u00e1 moralmente incapacitado para la presidencia\u00bb<\/a>\n<\/span><\/div>","aioseo_breadcrumb_json":[{"label":"Home","link":"https:\/\/www.eldigitaldeasturias.com\/noticias"},{"label":"Actualidad","link":"https:\/\/www.eldigitaldeasturias.com\/noticias\/category\/actualidad\/"},{"label":"James Comey: \u00abTrump est\u00e1 moralmente incapacitado para la presidencia\u00bb","link":"https:\/\/www.eldigitaldeasturias.com\/noticias\/james-comey-trump-esta-moralmente-incapacitado-para-la-presidencia\/"}],"_links":{"self":[{"href":"https:\/\/www.eldigitaldeasturias.com\/noticias\/wp-json\/wp\/v2\/posts\/976331","targetHints":{"allow":["GET"]}}],"collection":[{"href":"https:\/\/www.eldigitaldeasturias.com\/noticias\/wp-json\/wp\/v2\/posts"}],"about":[{"href":"https:\/\/www.eldigitaldeasturias.com\/noticias\/wp-json\/wp\/v2\/types\/post"}],"author":[{"embeddable":true,"href":"https:\/\/www.eldigitaldeasturias.com\/noticias\/wp-json\/wp\/v2\/users\/1"}],"replies":[{"embeddable":true,"href":"https:\/\/www.eldigitaldeasturias.com\/noticias\/wp-json\/wp\/v2\/comments?post=976331"}],"version-history":[{"count":0,"href":"https:\/\/www.eldigitaldeasturias.com\/noticias\/wp-json\/wp\/v2\/posts\/976331\/revisions"}],"wp:attachment":[{"href":"https:\/\/www.eldigitaldeasturias.com\/noticias\/wp-json\/wp\/v2\/media?parent=976331"}],"wp:term":[{"taxonomy":"category","embeddable":true,"href":"https:\/\/www.eldigitaldeasturias.com\/noticias\/wp-json\/wp\/v2\/categories?post=976331"},{"taxonomy":"post_tag","embeddable":true,"href":"https:\/\/www.eldigitaldeasturias.com\/noticias\/wp-json\/wp\/v2\/tags?post=976331"}],"curies":[{"name":"wp","href":"https:\/\/api.w.org\/{rel}","templated":true}]}}