{"id":976328,"date":"2018-04-17T00:29:24","date_gmt":"2018-04-17T00:29:24","guid":{"rendered":"http:\/\/www.eldigitaldeasturias.com\/noticias\/?p=976328"},"modified":"2018-04-17T00:29:24","modified_gmt":"2018-04-17T00:29:24","slug":"raul-castro-el-lider-pragmatico-que-intento-un-socialismo-sostenible","status":"publish","type":"post","link":"https:\/\/www.eldigitaldeasturias.com\/noticias\/raul-castro-el-lider-pragmatico-que-intento-un-socialismo-sostenible\/","title":{"rendered":"Ra\u00fal Castro, el l\u00edder pragm\u00e1tico que intent\u00f3 un socialismo sostenible"},"content":{"rendered":"<p><img loading=\"lazy\" decoding=\"async\" class=\"alignleft size-medium wp-image-976329\" src=\"https:\/\/www.eldigitaldeasturias.com\/noticias\/wp-content\/uploads\/2018\/04\/flag-2526259_960_720-360x270.jpg\" alt=\"\" width=\"360\" height=\"270\" \/>La Habana, 16 abr (dpa) &#8211; Ra\u00fal Castro estuvo durante d\u00e9cadas a la sombra pol\u00edtica de su hermano Fidel, como un eterno y leal escudero, quien tras asumir la Presidencia intent\u00f3 hacer un equilibrio con reformas econ\u00f3micas pero sin cambios pol\u00edticos.<\/p>\n<p>La enfermedad de su hermano Fidel le llev\u00f3 de manera interina a la presidencia en 2006, aunque en un primer momento mantuvo la l\u00ednea pol\u00edtica asegurando que las grandes decisiones se las consultaba al hist\u00f3rico l\u00edder guerrillero.<\/p>\n<p>En 2008, tras ser elegido para asumir su primer mandato, empez\u00f3 paulatinamente a imponer su estilo. El cambio m\u00e1s importante fue el cese en 2009 del vicepresidente Carlos Lage y el canciller Felipe P\u00e9rez Roque, considerados \u00abdelfines\u00bb de Fidel Castro y que fueron acusados de haberse cegado por \u00abla miel del poder\u00bb.<\/p>\n<p>Aquellos sonados cambios desviaron el foco de otro aspecto: Ra\u00fal Castro remodel\u00f3 m\u00e1s de la mitad de su gabinete ministerial colocando en primera l\u00ednea a funcionarios discretos que le hab\u00edan sido leales durante a\u00f1os de trabajo en puestos intermedios del Estado y el Partido Comunista de Cuba (PCC).<\/p>\n<p>Con fama de exigente en el trabajo y familiar en la intimidad, Ra\u00fal Castro era consciente de que no ten\u00eda el carisma de Fidel, por lo que prefiri\u00f3 el protagonismo de las instituciones sobre las personalidades a la hora de tomar decisiones.<\/p>\n<p>Sus primeras reformas permitieron a los cubanos tener una l\u00ednea de tel\u00e9fono m\u00f3vil, que hasta entonces solo era para empresas y extranjeros, comprar y vender casas y veh\u00edculos o alojarse en hoteles internacionales.<\/p>\n<p>En lo institucional reestructur\u00f3 ministerios, cre\u00f3 la Contralor\u00eda General de la Rep\u00fablica para auditar la Administraci\u00f3n del Estado y relanz\u00f3 la capacidad recaudadora de la Oficina Nacional de la Administraci\u00f3n Tributaria (ONAT).<\/p>\n<p>Alejado de los discursos maratonianos de Fidel Castro, \u00e9l prefiri\u00f3 tener pocas apariciones p\u00fablicas y ha sido entre bambalinas, con la delegaci\u00f3n de poder en los segundos espadas, donde mejor se ha desenvuelto su gesti\u00f3n presidencial.<\/p>\n<p>Entre sus logros quedar\u00e1 el restablecimiento de las relaciones diplom\u00e1ticas con el enemigo hist\u00f3rico Estados Unidos y la aprobaci\u00f3n de reformas econ\u00f3micas en la isla, aunque sin cuestionar nunca el modelo socialista.<\/p>\n<p>\u00abNo he sido elegido para reintroducir el capitalismo\u00bb, lleg\u00f3 a asegurar Ra\u00fal Castro en una de sus intervenciones ante el Parlamento.<\/p>\n<p>Impulsar las necesarias reformas econ\u00f3micas fue su mayor preocupaci\u00f3n pero siempre sin cuestionar los cimientos pol\u00edticos del sistema unipartidista.<\/p>\n<p>Despu\u00e9s de d\u00e9cadas con el Estado como \u00fanico empleador, ahora m\u00e1s de medio mill\u00f3n de cubanos engrosan las filas del trabajo aut\u00f3nomo. Sin embargo, solo ocupan sectores menores de la hosteler\u00eda, talleres de reparaci\u00f3n o peque\u00f1as tiendas de ropa, mientras el Estado mantiene el monopolio en los grandes sectores estrat\u00e9gicos y controla las importaciones y las exportaciones.<\/p>\n<p>En 2016, Cuba registr\u00f3 una contracci\u00f3n del producto interior bruto (PIB) del 0,9 por ciento, la primera recesi\u00f3n econ\u00f3mica en la isla en los \u00faltimos 20 a\u00f1os, en gran parte como consecuencia de la crisis pol\u00edtica que atraviesa su aliado venezolano.<\/p>\n<p>\u00abCualesquiera que sean sus m\u00e9ritos, una econom\u00eda sustentable no es uno de ellos\u00bb, reconoce a dpa el acad\u00e9mico cubano Arturo L\u00f3pez-Levy, profesor de la Universidad de Texas-Rio Grande Valley.<\/p>\n<p>El polit\u00f3logo L\u00f3pez-Levy se\u00f1ala como \u00ablas reformas han creado equilibrios parciales en los que las pol\u00edticas adecuadas, como la apertura al sector privado, carecen de adecuada complementariedad\u00bb.<\/p>\n<p>Para su sucesor quedan pendientes medidas que Ra\u00fal Castro intent\u00f3 pero no fue capaz de llevar adelante, como la necesaria unificaci\u00f3n de las dos monedas que circulan en la isla o consolidar el papel del sector privado en la econom\u00eda.<\/p>\n<p>Ra\u00fal Castro, de 86 a\u00f1os, deja la Presidencia de Cuba, pero se mantendr\u00e1 al frente del poderoso Partido Comunista hasta 2021, cuando se celebre el pr\u00f3ximo congreso de la agrupaci\u00f3n comunista, desde donde podr\u00e1 supervisar la transici\u00f3n generacional.<\/p>\n<p>Por Guillermo Nova (dpa)<\/p>\n","protected":false},"excerpt":{"rendered":"<p>La Habana, 16 abr (dpa) &#8211; Ra\u00fal Castro estuvo durante d\u00e9cadas a la sombra pol\u00edtica de su hermano Fidel, como un eterno y leal escudero, quien tras asumir la Presidencia intent\u00f3 hacer un equilibrio con reformas econ\u00f3micas pero sin cambios pol\u00edticos. La enfermedad de su hermano Fidel le llev\u00f3 de manera interina a la presidencia [&hellip;]<\/p>\n","protected":false},"author":1,"featured_media":976329,"comment_status":"closed","ping_status":"closed","sticky":false,"template":"","format":"standard","meta":{"footnotes":""},"categories":[1],"tags":[],"class_list":["post-976328","post","type-post","status-publish","format-standard","has-post-thumbnail","hentry","category-actualidad"],"aioseo_notices":[],"aioseo_head":"\n\t\t<!-- All in One SEO Pro 5.0.1 - aioseo.com -->\n\t<meta name=\"description\" content=\"La Habana, 16 abr (dpa) - Ra\u00fal Castro estuvo durante d\u00e9cadas a la sombra pol\u00edtica de su hermano Fidel, como un eterno y leal escudero, quien tras asumir la Presidencia intent\u00f3 hacer un equilibrio con reformas econ\u00f3micas pero sin cambios pol\u00edticos. La enfermedad de su hermano Fidel le llev\u00f3 de manera interina a la presidencia\" \/>\n\t<meta name=\"robots\" content=\"max-image-preview:large\" \/>\n\t<meta name=\"author\" content=\"El Digital de Asturias\"\/>\n\t<meta name=\"google-site-verification\" content=\"UA-38556648-1\" \/>\n\t<meta name=\"msvalidate.01\" content=\"7dfe9f3f1b24437ab69f4f2559babe99\" \/>\n\t<meta name=\"keywords\" content=\"actualidad\" \/>\n\t<link rel=\"canonical\" href=\"https:\/\/www.eldigitaldeasturias.com\/noticias\/raul-castro-el-lider-pragmatico-que-intento-un-socialismo-sostenible\/\" \/>\n\t<meta name=\"generator\" content=\"All in One SEO Pro (AIOSEO) 5.0.1\" \/>\n\t\t<meta property=\"og:locale\" content=\"es_ES\" \/>\n\t\t<meta property=\"og:site_name\" content=\"El Digital de Asturias\" \/>\n\t\t<meta property=\"og:type\" content=\"article\" \/>\n\t\t<meta property=\"og:title\" content=\"Ra\u00fal Castro, el l\u00edder pragm\u00e1tico que intent\u00f3 un socialismo sostenible - El Digital de Asturias\" \/>\n\t\t<meta property=\"og:description\" content=\"La Habana, 16 abr (dpa) - Ra\u00fal Castro estuvo durante d\u00e9cadas a la sombra pol\u00edtica de su hermano Fidel, como un eterno y leal escudero, quien tras asumir la Presidencia intent\u00f3 hacer un equilibrio con reformas econ\u00f3micas pero sin cambios pol\u00edticos. La enfermedad de su hermano Fidel le llev\u00f3 de manera interina a la presidencia\" \/>\n\t\t<meta property=\"og:url\" content=\"https:\/\/www.eldigitaldeasturias.com\/noticias\/raul-castro-el-lider-pragmatico-que-intento-un-socialismo-sostenible\/\" \/>\n\t\t<meta property=\"article:tag\" content=\"actualidad\" \/>\n\t\t<meta property=\"article:published_time\" content=\"2018-04-17T00:29:24+00:00\" \/>\n\t\t<meta property=\"article:modified_time\" content=\"2018-04-17T00:29:24+00:00\" \/>\n\t\t<meta property=\"article:publisher\" content=\"https:\/\/facebook.com\/eldigitaldeasturias\" \/>\n\t\t<meta name=\"twitter:card\" content=\"summary_large_image\" \/>\n\t\t<meta name=\"twitter:title\" content=\"Ra\u00fal Castro, el l\u00edder pragm\u00e1tico que intent\u00f3 un socialismo sostenible - El Digital de Asturias\" \/>\n\t\t<meta name=\"twitter:description\" content=\"La Habana, 16 abr (dpa) - Ra\u00fal Castro estuvo durante d\u00e9cadas a la sombra pol\u00edtica de su hermano Fidel, como un eterno y leal escudero, quien tras asumir la Presidencia intent\u00f3 hacer un equilibrio con reformas econ\u00f3micas pero sin cambios pol\u00edticos. La enfermedad de su hermano Fidel le llev\u00f3 de manera interina a la presidencia\" \/>\n\t\t<meta name=\"twitter:image\" content=\"https:\/\/www.eldigitaldeasturias.com\/noticias\/wp-content\/uploads\/2020\/12\/EDA-1.jpg\" \/>\n\t\t<meta name=\"twitter:label1\" content=\"Escrito por\" \/>\n\t\t<meta name=\"twitter:data1\" content=\"El Digital de Asturias\" \/>\n\t\t<meta name=\"twitter:label2\" content=\"Tiempo de lectura estimado\" \/>\n\t\t<meta name=\"twitter:data2\" content=\"3 minutos\" \/>\n\t\t<script type=\"application\/ld+json\" class=\"aioseo-schema\">\n\t\t\t{\"@context\":\"https:\\\/\\\/schema.org\",\"@graph\":[{\"@type\":\"BlogPosting\",\"@id\":\"https:\\\/\\\/www.eldigitaldeasturias.com\\\/noticias\\\/raul-castro-el-lider-pragmatico-que-intento-un-socialismo-sostenible\\\/#blogposting\",\"name\":\"Ra\\u00fal Castro, el l\\u00edder pragm\\u00e1tico que intent\\u00f3 un socialismo sostenible - El Digital de Asturias\",\"headline\":\"Ra\\u00fal Castro, el l\\u00edder pragm\\u00e1tico que intent\\u00f3 un socialismo sostenible\",\"author\":{\"@id\":\"https:\\\/\\\/www.eldigitaldeasturias.com\\\/noticias\\\/author\\\/admin\\\/#author\"},\"publisher\":{\"@id\":\"https:\\\/\\\/www.eldigitaldeasturias.com\\\/noticias\\\/#organization\"},\"image\":{\"@type\":\"ImageObject\",\"url\":976329},\"datePublished\":\"2018-04-17T00:29:24+02:00\",\"dateModified\":\"2018-04-17T00:29:24+02:00\",\"inLanguage\":\"es-ES\",\"mainEntityOfPage\":{\"@id\":\"https:\\\/\\\/www.eldigitaldeasturias.com\\\/noticias\\\/raul-castro-el-lider-pragmatico-que-intento-un-socialismo-sostenible\\\/#webpage\"},\"isPartOf\":{\"@id\":\"https:\\\/\\\/www.eldigitaldeasturias.com\\\/noticias\\\/raul-castro-el-lider-pragmatico-que-intento-un-socialismo-sostenible\\\/#webpage\"},\"articleSection\":\"Actualidad\"},{\"@type\":\"BreadcrumbList\",\"@id\":\"https:\\\/\\\/www.eldigitaldeasturias.com\\\/noticias\\\/raul-castro-el-lider-pragmatico-que-intento-un-socialismo-sostenible\\\/#breadcrumblist\",\"itemListElement\":[{\"@type\":\"ListItem\",\"@id\":\"https:\\\/\\\/www.eldigitaldeasturias.com\\\/noticias#listItem\",\"position\":1,\"name\":\"Home\",\"item\":\"https:\\\/\\\/www.eldigitaldeasturias.com\\\/noticias\",\"nextItem\":{\"@type\":\"ListItem\",\"@id\":\"https:\\\/\\\/www.eldigitaldeasturias.com\\\/noticias\\\/category\\\/actualidad\\\/#listItem\",\"name\":\"Actualidad\"}},{\"@type\":\"ListItem\",\"@id\":\"https:\\\/\\\/www.eldigitaldeasturias.com\\\/noticias\\\/category\\\/actualidad\\\/#listItem\",\"position\":2,\"name\":\"Actualidad\",\"item\":\"https:\\\/\\\/www.eldigitaldeasturias.com\\\/noticias\\\/category\\\/actualidad\\\/\",\"nextItem\":{\"@type\":\"ListItem\",\"@id\":\"https:\\\/\\\/www.eldigitaldeasturias.com\\\/noticias\\\/raul-castro-el-lider-pragmatico-que-intento-un-socialismo-sostenible\\\/#listItem\",\"name\":\"Ra\\u00fal Castro, el l\\u00edder pragm\\u00e1tico que intent\\u00f3 un socialismo sostenible\"},\"previousItem\":{\"@type\":\"ListItem\",\"@id\":\"https:\\\/\\\/www.eldigitaldeasturias.com\\\/noticias#listItem\",\"name\":\"Home\"}},{\"@type\":\"ListItem\",\"@id\":\"https:\\\/\\\/www.eldigitaldeasturias.com\\\/noticias\\\/raul-castro-el-lider-pragmatico-que-intento-un-socialismo-sostenible\\\/#listItem\",\"position\":3,\"name\":\"Ra\\u00fal Castro, el l\\u00edder pragm\\u00e1tico que intent\\u00f3 un socialismo sostenible\",\"previousItem\":{\"@type\":\"ListItem\",\"@id\":\"https:\\\/\\\/www.eldigitaldeasturias.com\\\/noticias\\\/category\\\/actualidad\\\/#listItem\",\"name\":\"Actualidad\"}}]},{\"@type\":\"Organization\",\"@id\":\"https:\\\/\\\/www.eldigitaldeasturias.com\\\/noticias\\\/#organization\",\"name\":\"El Digital de Asturias\",\"description\":\"Hemeroteca\",\"url\":\"https:\\\/\\\/www.eldigitaldeasturias.com\\\/noticias\\\/\",\"email\":\"info@eldigitaldeasturias.com\",\"telephone\":\"+34652131393\",\"logo\":{\"@type\":\"ImageObject\",\"url\":\"https:\\\/\\\/www.eldigitaldeasturias.com\\\/noticias\\\/wp-content\\\/uploads\\\/2020\\\/12\\\/EDA.jpg\",\"@id\":\"https:\\\/\\\/www.eldigitaldeasturias.com\\\/noticias\\\/raul-castro-el-lider-pragmatico-que-intento-un-socialismo-sostenible\\\/#organizationLogo\"},\"image\":{\"@id\":\"https:\\\/\\\/www.eldigitaldeasturias.com\\\/noticias\\\/raul-castro-el-lider-pragmatico-que-intento-un-socialismo-sostenible\\\/#organizationLogo\"},\"sameAs\":[\"https:\\\/\\\/facebook.com\\\/eldigitaldeasturias\",\"https:\\\/\\\/www.youtube.com\\\/channel\\\/UCZP-2wLEB9Rv6erhFmqVnvg\"],\"address\":{\"@id\":\"https:\\\/\\\/www.eldigitaldeasturias.com\\\/noticias\\\/#postaladdress\",\"@type\":\"PostalAddress\",\"streetAddress\":\"san antonio 4\",\"postalCode\":\"33430\",\"addressLocality\":\"Cand\\u00e1s\",\"addressRegion\":\"Asturias\",\"addressCountry\":\"ES\"}},{\"@type\":\"Person\",\"@id\":\"https:\\\/\\\/www.eldigitaldeasturias.com\\\/noticias\\\/author\\\/admin\\\/#author\",\"url\":\"https:\\\/\\\/www.eldigitaldeasturias.com\\\/noticias\\\/author\\\/admin\\\/\",\"name\":\"El Digital de Asturias\",\"image\":{\"@type\":\"ImageObject\",\"@id\":\"https:\\\/\\\/www.eldigitaldeasturias.com\\\/noticias\\\/raul-castro-el-lider-pragmatico-que-intento-un-socialismo-sostenible\\\/#authorImage\",\"url\":\"https:\\\/\\\/secure.gravatar.com\\\/avatar\\\/df2aeffc32bcd13f8d26072ef8a91b623d677766deac7f97ca815868cd41bf5e?s=96&d=mm&r=g\",\"width\":96,\"height\":96,\"caption\":\"El Digital de Asturias\"}},{\"@type\":\"WebPage\",\"@id\":\"https:\\\/\\\/www.eldigitaldeasturias.com\\\/noticias\\\/raul-castro-el-lider-pragmatico-que-intento-un-socialismo-sostenible\\\/#webpage\",\"url\":\"https:\\\/\\\/www.eldigitaldeasturias.com\\\/noticias\\\/raul-castro-el-lider-pragmatico-que-intento-un-socialismo-sostenible\\\/\",\"name\":\"Ra\\u00fal Castro, el l\\u00edder pragm\\u00e1tico que intent\\u00f3 un socialismo sostenible - El Digital de Asturias\",\"description\":\"La Habana, 16 abr (dpa) - Ra\\u00fal Castro estuvo durante d\\u00e9cadas a la sombra pol\\u00edtica de su hermano Fidel, como un eterno y leal escudero, quien tras asumir la Presidencia intent\\u00f3 hacer un equilibrio con reformas econ\\u00f3micas pero sin cambios pol\\u00edticos. La enfermedad de su hermano Fidel le llev\\u00f3 de manera interina a la presidencia\",\"inLanguage\":\"es-ES\",\"isPartOf\":{\"@id\":\"https:\\\/\\\/www.eldigitaldeasturias.com\\\/noticias\\\/#website\"},\"breadcrumb\":{\"@id\":\"https:\\\/\\\/www.eldigitaldeasturias.com\\\/noticias\\\/raul-castro-el-lider-pragmatico-que-intento-un-socialismo-sostenible\\\/#breadcrumblist\"},\"author\":{\"@id\":\"https:\\\/\\\/www.eldigitaldeasturias.com\\\/noticias\\\/author\\\/admin\\\/#author\"},\"creator\":{\"@id\":\"https:\\\/\\\/www.eldigitaldeasturias.com\\\/noticias\\\/author\\\/admin\\\/#author\"},\"image\":{\"@type\":\"ImageObject\",\"url\":976329,\"@id\":\"https:\\\/\\\/www.eldigitaldeasturias.com\\\/noticias\\\/raul-castro-el-lider-pragmatico-que-intento-un-socialismo-sostenible\\\/#mainImage\"},\"primaryImageOfPage\":{\"@id\":\"https:\\\/\\\/www.eldigitaldeasturias.com\\\/noticias\\\/raul-castro-el-lider-pragmatico-que-intento-un-socialismo-sostenible\\\/#mainImage\"},\"datePublished\":\"2018-04-17T00:29:24+02:00\",\"dateModified\":\"2018-04-17T00:29:24+02:00\"},{\"@type\":\"WebSite\",\"@id\":\"https:\\\/\\\/www.eldigitaldeasturias.com\\\/noticias\\\/#website\",\"url\":\"https:\\\/\\\/www.eldigitaldeasturias.com\\\/noticias\\\/\",\"name\":\"El Digital de Asturias - Diario de actualidad y noticias\",\"alternateName\":\"El Digital de Asturias - Diario de actualidad y noticias\",\"description\":\"Hemeroteca\",\"inLanguage\":\"es-ES\",\"publisher\":{\"@id\":\"https:\\\/\\\/www.eldigitaldeasturias.com\\\/noticias\\\/#organization\"}}]}\n\t\t<\/script>\n\t\t<!-- All in One SEO Pro -->\r\n\t\t<title>Ra\u00fal Castro, el l\u00edder pragm\u00e1tico que intent\u00f3 un socialismo sostenible - El Digital de Asturias<\/title>\n\n","aioseo_head_json":{"title":"Ra\u00fal Castro, el l\u00edder pragm\u00e1tico que intent\u00f3 un socialismo sostenible - El Digital de Asturias","description":"La Habana, 16 abr (dpa) - Ra\u00fal Castro estuvo durante d\u00e9cadas a la sombra pol\u00edtica de su hermano Fidel, como un eterno y leal escudero, quien tras asumir la Presidencia intent\u00f3 hacer un equilibrio con reformas econ\u00f3micas pero sin cambios pol\u00edticos. La enfermedad de su hermano Fidel le llev\u00f3 de manera interina a la presidencia","canonical_url":"https:\/\/www.eldigitaldeasturias.com\/noticias\/raul-castro-el-lider-pragmatico-que-intento-un-socialismo-sostenible\/","robots":"max-image-preview:large","keywords":"actualidad","webmasterTools":{"google-site-verification":"UA-38556648-1","msvalidate.01":"7dfe9f3f1b24437ab69f4f2559babe99","miscellaneous":""},"schema":{"@context":"https:\/\/schema.org","@graph":[{"@type":"BlogPosting","@id":"https:\/\/www.eldigitaldeasturias.com\/noticias\/raul-castro-el-lider-pragmatico-que-intento-un-socialismo-sostenible\/#blogposting","name":"Ra\u00fal Castro, el l\u00edder pragm\u00e1tico que intent\u00f3 un socialismo sostenible - El Digital de Asturias","headline":"Ra\u00fal Castro, el l\u00edder pragm\u00e1tico que intent\u00f3 un socialismo sostenible","author":{"@id":"https:\/\/www.eldigitaldeasturias.com\/noticias\/author\/admin\/#author"},"publisher":{"@id":"https:\/\/www.eldigitaldeasturias.com\/noticias\/#organization"},"image":{"@type":"ImageObject","url":976329},"datePublished":"2018-04-17T00:29:24+02:00","dateModified":"2018-04-17T00:29:24+02:00","inLanguage":"es-ES","mainEntityOfPage":{"@id":"https:\/\/www.eldigitaldeasturias.com\/noticias\/raul-castro-el-lider-pragmatico-que-intento-un-socialismo-sostenible\/#webpage"},"isPartOf":{"@id":"https:\/\/www.eldigitaldeasturias.com\/noticias\/raul-castro-el-lider-pragmatico-que-intento-un-socialismo-sostenible\/#webpage"},"articleSection":"Actualidad"},{"@type":"BreadcrumbList","@id":"https:\/\/www.eldigitaldeasturias.com\/noticias\/raul-castro-el-lider-pragmatico-que-intento-un-socialismo-sostenible\/#breadcrumblist","itemListElement":[{"@type":"ListItem","@id":"https:\/\/www.eldigitaldeasturias.com\/noticias#listItem","position":1,"name":"Home","item":"https:\/\/www.eldigitaldeasturias.com\/noticias","nextItem":{"@type":"ListItem","@id":"https:\/\/www.eldigitaldeasturias.com\/noticias\/category\/actualidad\/#listItem","name":"Actualidad"}},{"@type":"ListItem","@id":"https:\/\/www.eldigitaldeasturias.com\/noticias\/category\/actualidad\/#listItem","position":2,"name":"Actualidad","item":"https:\/\/www.eldigitaldeasturias.com\/noticias\/category\/actualidad\/","nextItem":{"@type":"ListItem","@id":"https:\/\/www.eldigitaldeasturias.com\/noticias\/raul-castro-el-lider-pragmatico-que-intento-un-socialismo-sostenible\/#listItem","name":"Ra\u00fal Castro, el l\u00edder pragm\u00e1tico que intent\u00f3 un socialismo sostenible"},"previousItem":{"@type":"ListItem","@id":"https:\/\/www.eldigitaldeasturias.com\/noticias#listItem","name":"Home"}},{"@type":"ListItem","@id":"https:\/\/www.eldigitaldeasturias.com\/noticias\/raul-castro-el-lider-pragmatico-que-intento-un-socialismo-sostenible\/#listItem","position":3,"name":"Ra\u00fal Castro, el l\u00edder pragm\u00e1tico que intent\u00f3 un socialismo sostenible","previousItem":{"@type":"ListItem","@id":"https:\/\/www.eldigitaldeasturias.com\/noticias\/category\/actualidad\/#listItem","name":"Actualidad"}}]},{"@type":"Organization","@id":"https:\/\/www.eldigitaldeasturias.com\/noticias\/#organization","name":"El Digital de Asturias","description":"Hemeroteca","url":"https:\/\/www.eldigitaldeasturias.com\/noticias\/","email":"info@eldigitaldeasturias.com","telephone":"+34652131393","logo":{"@type":"ImageObject","url":"https:\/\/www.eldigitaldeasturias.com\/noticias\/wp-content\/uploads\/2020\/12\/EDA.jpg","@id":"https:\/\/www.eldigitaldeasturias.com\/noticias\/raul-castro-el-lider-pragmatico-que-intento-un-socialismo-sostenible\/#organizationLogo"},"image":{"@id":"https:\/\/www.eldigitaldeasturias.com\/noticias\/raul-castro-el-lider-pragmatico-que-intento-un-socialismo-sostenible\/#organizationLogo"},"sameAs":["https:\/\/facebook.com\/eldigitaldeasturias","https:\/\/www.youtube.com\/channel\/UCZP-2wLEB9Rv6erhFmqVnvg"],"address":{"@id":"https:\/\/www.eldigitaldeasturias.com\/noticias\/#postaladdress","@type":"PostalAddress","streetAddress":"san antonio 4","postalCode":"33430","addressLocality":"Cand\u00e1s","addressRegion":"Asturias","addressCountry":"ES"}},{"@type":"Person","@id":"https:\/\/www.eldigitaldeasturias.com\/noticias\/author\/admin\/#author","url":"https:\/\/www.eldigitaldeasturias.com\/noticias\/author\/admin\/","name":"El Digital de Asturias","image":{"@type":"ImageObject","@id":"https:\/\/www.eldigitaldeasturias.com\/noticias\/raul-castro-el-lider-pragmatico-que-intento-un-socialismo-sostenible\/#authorImage","url":"https:\/\/secure.gravatar.com\/avatar\/df2aeffc32bcd13f8d26072ef8a91b623d677766deac7f97ca815868cd41bf5e?s=96&d=mm&r=g","width":96,"height":96,"caption":"El Digital de Asturias"}},{"@type":"WebPage","@id":"https:\/\/www.eldigitaldeasturias.com\/noticias\/raul-castro-el-lider-pragmatico-que-intento-un-socialismo-sostenible\/#webpage","url":"https:\/\/www.eldigitaldeasturias.com\/noticias\/raul-castro-el-lider-pragmatico-que-intento-un-socialismo-sostenible\/","name":"Ra\u00fal Castro, el l\u00edder pragm\u00e1tico que intent\u00f3 un socialismo sostenible - El Digital de Asturias","description":"La Habana, 16 abr (dpa) - Ra\u00fal Castro estuvo durante d\u00e9cadas a la sombra pol\u00edtica de su hermano Fidel, como un eterno y leal escudero, quien tras asumir la Presidencia intent\u00f3 hacer un equilibrio con reformas econ\u00f3micas pero sin cambios pol\u00edticos. La enfermedad de su hermano Fidel le llev\u00f3 de manera interina a la presidencia","inLanguage":"es-ES","isPartOf":{"@id":"https:\/\/www.eldigitaldeasturias.com\/noticias\/#website"},"breadcrumb":{"@id":"https:\/\/www.eldigitaldeasturias.com\/noticias\/raul-castro-el-lider-pragmatico-que-intento-un-socialismo-sostenible\/#breadcrumblist"},"author":{"@id":"https:\/\/www.eldigitaldeasturias.com\/noticias\/author\/admin\/#author"},"creator":{"@id":"https:\/\/www.eldigitaldeasturias.com\/noticias\/author\/admin\/#author"},"image":{"@type":"ImageObject","url":976329,"@id":"https:\/\/www.eldigitaldeasturias.com\/noticias\/raul-castro-el-lider-pragmatico-que-intento-un-socialismo-sostenible\/#mainImage"},"primaryImageOfPage":{"@id":"https:\/\/www.eldigitaldeasturias.com\/noticias\/raul-castro-el-lider-pragmatico-que-intento-un-socialismo-sostenible\/#mainImage"},"datePublished":"2018-04-17T00:29:24+02:00","dateModified":"2018-04-17T00:29:24+02:00"},{"@type":"WebSite","@id":"https:\/\/www.eldigitaldeasturias.com\/noticias\/#website","url":"https:\/\/www.eldigitaldeasturias.com\/noticias\/","name":"El Digital de Asturias - Diario de actualidad y noticias","alternateName":"El Digital de Asturias - Diario de actualidad y noticias","description":"Hemeroteca","inLanguage":"es-ES","publisher":{"@id":"https:\/\/www.eldigitaldeasturias.com\/noticias\/#organization"}}]},"og:locale":"es_ES","og:site_name":"El Digital de Asturias","og:type":"article","og:title":"Ra\u00fal Castro, el l\u00edder pragm\u00e1tico que intent\u00f3 un socialismo sostenible - El Digital de Asturias","og:description":"La Habana, 16 abr (dpa) - Ra\u00fal Castro estuvo durante d\u00e9cadas a la sombra pol\u00edtica de su hermano Fidel, como un eterno y leal escudero, quien tras asumir la Presidencia intent\u00f3 hacer un equilibrio con reformas econ\u00f3micas pero sin cambios pol\u00edticos. La enfermedad de su hermano Fidel le llev\u00f3 de manera interina a la presidencia","og:url":"https:\/\/www.eldigitaldeasturias.com\/noticias\/raul-castro-el-lider-pragmatico-que-intento-un-socialismo-sostenible\/","article:tag":["actualidad"],"article:published_time":"2018-04-17T00:29:24+00:00","article:modified_time":"2018-04-17T00:29:24+00:00","article:publisher":"https:\/\/facebook.com\/eldigitaldeasturias","twitter:card":"summary_large_image","twitter:title":"Ra\u00fal Castro, el l\u00edder pragm\u00e1tico que intent\u00f3 un socialismo sostenible - El Digital de Asturias","twitter:description":"La Habana, 16 abr (dpa) - Ra\u00fal Castro estuvo durante d\u00e9cadas a la sombra pol\u00edtica de su hermano Fidel, como un eterno y leal escudero, quien tras asumir la Presidencia intent\u00f3 hacer un equilibrio con reformas econ\u00f3micas pero sin cambios pol\u00edticos. La enfermedad de su hermano Fidel le llev\u00f3 de manera interina a la presidencia","twitter:image":"https:\/\/www.eldigitaldeasturias.com\/noticias\/wp-content\/uploads\/2020\/12\/EDA-1.jpg","twitter:label1":"Escrito por","twitter:data1":"El Digital de Asturias","twitter:label2":"Tiempo de lectura estimado","twitter:data2":"3 minutos"},"aioseo_meta_data":{"post_id":"976328","title":null,"description":null,"keywords":null,"keyphrases":null,"primary_term":null,"canonical_url":null,"og_title":null,"og_description":null,"og_object_type":"default","og_image_type":"default","og_image_url":null,"og_image_width":null,"og_image_height":null,"og_image_custom_url":null,"og_image_custom_fields":null,"og_video":null,"og_custom_url":null,"og_article_section":null,"og_article_tags":null,"twitter_use_og":false,"twitter_card":"default","twitter_image_type":"default","twitter_image_url":null,"twitter_image_custom_url":null,"twitter_image_custom_fields":null,"twitter_title":null,"twitter_description":null,"schema":{"blockGraphs":[],"customGraphs":[],"default":{"data":{"Article":[],"Course":[],"Dataset":[],"FAQPage":[],"Movie":[],"Person":[],"Product":[],"ProductReview":[],"Car":[],"Recipe":[],"Service":[],"SoftwareApplication":[],"WebPage":[]},"graphName":"","isEnabled":true},"graphs":[],"defaultGraph":"","defaultPostTypeGraph":""},"schema_type":null,"schema_type_options":null,"pillar_content":false,"robots_default":true,"robots_noindex":false,"robots_noarchive":false,"robots_nosnippet":false,"robots_nofollow":false,"robots_noimageindex":false,"robots_noodp":false,"robots_notranslate":false,"robots_max_snippet":null,"robots_max_videopreview":null,"robots_max_imagepreview":"large","priority":null,"frequency":null,"local_seo":null,"seo_analyzer_scan_date":"2025-10-08 03:28:07","breadcrumb_settings":null,"limit_modified_date":false,"open_ai":null,"ai":null,"created":"2020-12-21 12:08:36","updated":"2025-10-08 03:28:07","focus_keyword":null,"additional_keywords":null,"truseo_locale":null},"aioseo_breadcrumb":"<div class=\"aioseo-breadcrumbs\"><span class=\"aioseo-breadcrumb\">\n\t<a href=\"https:\/\/www.eldigitaldeasturias.com\/noticias\" title=\"Home\">Home<\/a>\n<\/span><span class=\"aioseo-breadcrumb-separator\">\u2013<\/span><span class=\"aioseo-breadcrumb\">\n\t<a href=\"https:\/\/www.eldigitaldeasturias.com\/noticias\/category\/actualidad\/\" title=\"Actualidad\">Actualidad<\/a>\n<\/span><span class=\"aioseo-breadcrumb-separator\">\u2013<\/span><span class=\"aioseo-breadcrumb\">\n\t<a href=\"https:\/\/www.eldigitaldeasturias.com\/noticias\/raul-castro-el-lider-pragmatico-que-intento-un-socialismo-sostenible\/\" title=\"Ra\u00fal Castro, el l\u00edder pragm\u00e1tico que intent\u00f3 un socialismo sostenible\">Ra\u00fal Castro, el l\u00edder pragm\u00e1tico que intent\u00f3 un socialismo sostenible<\/a>\n<\/span><\/div>","aioseo_breadcrumb_json":[{"label":"Home","link":"https:\/\/www.eldigitaldeasturias.com\/noticias"},{"label":"Actualidad","link":"https:\/\/www.eldigitaldeasturias.com\/noticias\/category\/actualidad\/"},{"label":"Ra\u00fal Castro, el l\u00edder pragm\u00e1tico que intent\u00f3 un socialismo sostenible","link":"https:\/\/www.eldigitaldeasturias.com\/noticias\/raul-castro-el-lider-pragmatico-que-intento-un-socialismo-sostenible\/"}],"_links":{"self":[{"href":"https:\/\/www.eldigitaldeasturias.com\/noticias\/wp-json\/wp\/v2\/posts\/976328","targetHints":{"allow":["GET"]}}],"collection":[{"href":"https:\/\/www.eldigitaldeasturias.com\/noticias\/wp-json\/wp\/v2\/posts"}],"about":[{"href":"https:\/\/www.eldigitaldeasturias.com\/noticias\/wp-json\/wp\/v2\/types\/post"}],"author":[{"embeddable":true,"href":"https:\/\/www.eldigitaldeasturias.com\/noticias\/wp-json\/wp\/v2\/users\/1"}],"replies":[{"embeddable":true,"href":"https:\/\/www.eldigitaldeasturias.com\/noticias\/wp-json\/wp\/v2\/comments?post=976328"}],"version-history":[{"count":0,"href":"https:\/\/www.eldigitaldeasturias.com\/noticias\/wp-json\/wp\/v2\/posts\/976328\/revisions"}],"wp:attachment":[{"href":"https:\/\/www.eldigitaldeasturias.com\/noticias\/wp-json\/wp\/v2\/media?parent=976328"}],"wp:term":[{"taxonomy":"category","embeddable":true,"href":"https:\/\/www.eldigitaldeasturias.com\/noticias\/wp-json\/wp\/v2\/categories?post=976328"},{"taxonomy":"post_tag","embeddable":true,"href":"https:\/\/www.eldigitaldeasturias.com\/noticias\/wp-json\/wp\/v2\/tags?post=976328"}],"curies":[{"name":"wp","href":"https:\/\/api.w.org\/{rel}","templated":true}]}}