{"id":976325,"date":"2018-04-17T00:26:58","date_gmt":"2018-04-17T00:26:58","guid":{"rendered":"http:\/\/www.eldigitaldeasturias.com\/noticias\/?p=976325"},"modified":"2018-04-17T00:26:58","modified_gmt":"2018-04-17T00:26:58","slug":"miguel-diaz-canel-el-sucesor-discreto-de-raul-castro","status":"publish","type":"post","link":"https:\/\/www.eldigitaldeasturias.com\/noticias\/miguel-diaz-canel-el-sucesor-discreto-de-raul-castro\/","title":{"rendered":"Miguel D\u00edaz-Canel: el sucesor discreto de Ra\u00fal Castro"},"content":{"rendered":"<p><img loading=\"lazy\" decoding=\"async\" class=\"alignleft size-medium wp-image-976326\" src=\"https:\/\/www.eldigitaldeasturias.com\/noticias\/wp-content\/uploads\/2018\/04\/cuban-flag-1911649_960_720-360x255.jpg\" alt=\"\" width=\"360\" height=\"255\" \/>La Habana, 16 abr (dpa) &#8211; Con paciencia y sin buscar protagonismo, Miguel D\u00edaz-Canel hizo una carrera pol\u00edtica de funcionario leal y eficiente, que ha sido premiada por Ra\u00fal Castro para ser su relevo en la presidencia.<\/p>\n<p>\u00abEl compa\u00f1ero D\u00edaz-Canel no es un novato ni un improvisado\u00bb, afirm\u00f3 Ra\u00fal Castro cuando en 2013 lo design\u00f3 vicepresidente primero del Gobierno Cubano.<\/p>\n<p>Castro anunciaba entonces que su mandato terminar\u00eda en 2018 y que no optar\u00eda a la reelecci\u00f3n, por lo que todos los ojos se posaron sobre el reci\u00e9n elegido D\u00edaz-Canel, que se convert\u00eda en su mano derecha en el Gobierno.<\/p>\n<p>A partir de este jueves, por primera vez desde el 1 de enero de 1959, la Revoluci\u00f3n cubana tendr\u00e1 un l\u00edder que no particip\u00f3 en la lucha contra la dictadura de Fulgencio Batista.<\/p>\n<p>Nacido el 20 de abril de 1960 en la provincia central de Villa Clara, D\u00edaz-Canel es un ingeniero que pas\u00f3 por todos los niveles de direcci\u00f3n del Partido Comunista de Cuba (PCC) y del Gobierno.<\/p>\n<p>Ejerci\u00f3 como jefe del Partido Comunista en dos de las provincias m\u00e1s importantes de Cuba. Primero en su natal Villa Clara, donde defendi\u00f3 proyectos tan irreverentes como \u00abEl Mejunje\u00bb, un bar que fue el epicentro del movimiento LGTB en Cuba.<\/p>\n<p>Despu\u00e9s dirigi\u00f3 la oriental provincia de Holgu\u00edn, donde nacieron Fidel y Ra\u00fal Castro. En ambos sitios, los lugare\u00f1os le recuerdan por su estilo desenfadado, vestido con viejas camisetas con la imagen del guerrillero Ernesto \u00abChe\u00bb Guevara o movi\u00e9ndose en bicicleta por la ciudad.<\/p>\n<p>En 2009, Ra\u00fal Castro lo nombr\u00f3 ministro de Educaci\u00f3n Superior y en 2013 vicepresidente primero, convirti\u00e9ndose D\u00edaz-Canel en el pol\u00edtico cubano nacido despu\u00e9s del triunfo de la Revoluci\u00f3n con m\u00e1s alto rango dentro del Gobierno.<\/p>\n<p>Como vicepresidente, su presencia a nivel internacional se reforz\u00f3 participando en tomas de posesi\u00f3n presidenciales, recibiendo a personalidades en La Habana o visitando Rusia y Venezuela, grandes aliados pol\u00edticos y econ\u00f3micos de La Habana.<\/p>\n<p>En sus viajes al exterior con frecuencia se le ha visto acompa\u00f1ado de su segunda esposa, Lis Cuesta, algo a lo que no estaban acostumbrados los cubanos porque no existe oficialmente la figura de primera dama en la isla.<\/p>\n<p>Desde que en 2013 fue elegido vicepresidente primero, todos los focos estuvieron puestos sobre \u00e9l como sucesor de Ra\u00fal Castro en la presidencia, pero el secretismo que acompa\u00f1a esta decisi\u00f3n tambi\u00e9n gener\u00f3 incertidumbres.<\/p>\n<p>\u00abHay sorpresas siempre, as\u00ed que, sorpresa, ya veremos\u00bb, afirm\u00f3 Mariela Castro, hija de Ra\u00fal Castro, durante una rueda de prensa en mayo de 2017, cuando se le pregunt\u00f3 qui\u00e9n ser\u00eda el futuro presidente.<\/p>\n<p>La elecci\u00f3n de D\u00edaz-Canel no significa una simple sucesi\u00f3n en el cargo de presidente, sino que representa una transici\u00f3n generacional dentro de la Revoluci\u00f3n cubana, una situaci\u00f3n que en algunos momentos lleg\u00f3 a ser traum\u00e1tica.<\/p>\n<p>Otros dirigentes de su generaci\u00f3n, como los cancilleres Roberto Robaina y Felipe P\u00e9rez Roque, y el vicepresidente Carlos Lage, tambi\u00e9n se vieron como posibles presidentes pero fueron defenestrados bajo la acusaci\u00f3n de ser \u00abtentados por las mieles del poder\u00bb.<\/p>\n<p>Pero D\u00edaz-Canel supo esperar a que llegase su momento. Siempre se mantuvo lejos del protagonismo, prefiri\u00f3 recorrer caminos m\u00e1s largos y complejos para llegar a la meta, pasando por todos los escalones, en contraposici\u00f3n al modelo de \u00abdirigentes-probetas\u00bb tan denostados por Ra\u00fal Castro.<\/p>\n<p>\u00abEscuchar a la gente y sensibilizarse con sus problemas\u00bb, aconsej\u00f3 D\u00edaz-Canel a los diputados cubanos que asum\u00edan su responsabilidad parlamentaria en 2013.<\/p>\n<p>La imagen de posible reformista se trunc\u00f3 para muchos cuando, en agosto de 2017, se filtr\u00f3 un video donde aparec\u00eda en una reuni\u00f3n pol\u00edtica acusando a varias embajadas acreditadas en La Habana de participar en actividades de \u00absubversi\u00f3n\u00bb y al medio estadounidense \u00abOnCuba\u00bb, acreditado legalmente en La Habana, de ejercer la \u00abguerra cultural\u00bb.<\/p>\n<p>\u00abOnCuba, en su plataforma digital es muy agresiva contra la revoluci\u00f3n. Se la vamos a cerrar\u00bb, a\u00f1adi\u00f3 el pol\u00edtico durante la reuni\u00f3n grabada y posteriormente filtrada a los medios, aunque nunca se realiz\u00f3 tal cierre.<\/p>\n<p>Las declaraciones de D\u00edaz-Canel se contradec\u00edan con las que hab\u00eda formulado en mayo de 2013 en un congreso sobre educaci\u00f3n, cuando asegur\u00f3 que \u00abcon el desarrollo de la inform\u00e1tica y de Internet, prohibir algo es casi una quimera imposible, no tiene sentido\u00bb.<\/p>\n<p>Ahora, como presidente le toca pasar de las expectativas a los hechos al frente del Gobierno cubano. Para ello cuenta con el respaldo de Ra\u00fal Castro, que se mantendr\u00e1 como primer secretario del PCC por lo menos hasta 2021.<\/p>\n<p>Por Guillermo Nova (dpa)<\/p>\n","protected":false},"excerpt":{"rendered":"<p>La Habana, 16 abr (dpa) &#8211; Con paciencia y sin buscar protagonismo, Miguel D\u00edaz-Canel hizo una carrera pol\u00edtica de funcionario leal y eficiente, que ha sido premiada por Ra\u00fal Castro para ser su relevo en la presidencia. \u00abEl compa\u00f1ero D\u00edaz-Canel no es un novato ni un improvisado\u00bb, afirm\u00f3 Ra\u00fal Castro cuando en 2013 lo design\u00f3 [&hellip;]<\/p>\n","protected":false},"author":1,"featured_media":976326,"comment_status":"closed","ping_status":"closed","sticky":false,"template":"","format":"standard","meta":{"footnotes":""},"categories":[1],"tags":[],"class_list":["post-976325","post","type-post","status-publish","format-standard","has-post-thumbnail","hentry","category-actualidad"],"aioseo_notices":[],"aioseo_head":"\n\t\t<!-- All in One SEO Pro 5.0.1 - aioseo.com -->\n\t<meta name=\"description\" content=\"La Habana, 16 abr (dpa) - Con paciencia y sin buscar protagonismo, Miguel D\u00edaz-Canel hizo una carrera pol\u00edtica de funcionario leal y eficiente, que ha sido premiada por Ra\u00fal Castro para ser su relevo en la presidencia. &quot;El compa\u00f1ero D\u00edaz-Canel no es un novato ni un improvisado&quot;, afirm\u00f3 Ra\u00fal Castro cuando en 2013 lo design\u00f3\" \/>\n\t<meta name=\"robots\" content=\"max-image-preview:large\" \/>\n\t<meta name=\"author\" content=\"El Digital de Asturias\"\/>\n\t<meta name=\"google-site-verification\" content=\"UA-38556648-1\" \/>\n\t<meta name=\"msvalidate.01\" content=\"7dfe9f3f1b24437ab69f4f2559babe99\" \/>\n\t<meta name=\"keywords\" content=\"actualidad\" \/>\n\t<link rel=\"canonical\" href=\"https:\/\/www.eldigitaldeasturias.com\/noticias\/miguel-diaz-canel-el-sucesor-discreto-de-raul-castro\/\" \/>\n\t<meta name=\"generator\" content=\"All in One SEO Pro (AIOSEO) 5.0.1\" \/>\n\t\t<meta property=\"og:locale\" content=\"es_ES\" \/>\n\t\t<meta property=\"og:site_name\" content=\"El Digital de Asturias\" \/>\n\t\t<meta property=\"og:type\" content=\"article\" \/>\n\t\t<meta property=\"og:title\" content=\"Miguel D\u00edaz-Canel: el sucesor discreto de Ra\u00fal Castro - El Digital de Asturias\" \/>\n\t\t<meta property=\"og:description\" content=\"La Habana, 16 abr (dpa) - Con paciencia y sin buscar protagonismo, Miguel D\u00edaz-Canel hizo una carrera pol\u00edtica de funcionario leal y eficiente, que ha sido premiada por Ra\u00fal Castro para ser su relevo en la presidencia. &quot;El compa\u00f1ero D\u00edaz-Canel no es un novato ni un improvisado&quot;, afirm\u00f3 Ra\u00fal Castro cuando en 2013 lo design\u00f3\" \/>\n\t\t<meta property=\"og:url\" content=\"https:\/\/www.eldigitaldeasturias.com\/noticias\/miguel-diaz-canel-el-sucesor-discreto-de-raul-castro\/\" \/>\n\t\t<meta property=\"article:tag\" content=\"actualidad\" \/>\n\t\t<meta property=\"article:published_time\" content=\"2018-04-17T00:26:58+00:00\" \/>\n\t\t<meta property=\"article:modified_time\" content=\"2018-04-17T00:26:58+00:00\" \/>\n\t\t<meta property=\"article:publisher\" content=\"https:\/\/facebook.com\/eldigitaldeasturias\" \/>\n\t\t<meta name=\"twitter:card\" content=\"summary_large_image\" \/>\n\t\t<meta name=\"twitter:title\" content=\"Miguel D\u00edaz-Canel: el sucesor discreto de Ra\u00fal Castro - El Digital de Asturias\" \/>\n\t\t<meta name=\"twitter:description\" content=\"La Habana, 16 abr (dpa) - Con paciencia y sin buscar protagonismo, Miguel D\u00edaz-Canel hizo una carrera pol\u00edtica de funcionario leal y eficiente, que ha sido premiada por Ra\u00fal Castro para ser su relevo en la presidencia. &quot;El compa\u00f1ero D\u00edaz-Canel no es un novato ni un improvisado&quot;, afirm\u00f3 Ra\u00fal Castro cuando en 2013 lo design\u00f3\" \/>\n\t\t<meta name=\"twitter:image\" content=\"https:\/\/www.eldigitaldeasturias.com\/noticias\/wp-content\/uploads\/2020\/12\/EDA-1.jpg\" \/>\n\t\t<meta name=\"twitter:label1\" content=\"Escrito por\" \/>\n\t\t<meta name=\"twitter:data1\" content=\"El Digital de Asturias\" \/>\n\t\t<meta name=\"twitter:label2\" content=\"Tiempo de lectura estimado\" \/>\n\t\t<meta name=\"twitter:data2\" content=\"4 minutos\" \/>\n\t\t<script type=\"application\/ld+json\" class=\"aioseo-schema\">\n\t\t\t{\"@context\":\"https:\\\/\\\/schema.org\",\"@graph\":[{\"@type\":\"BlogPosting\",\"@id\":\"https:\\\/\\\/www.eldigitaldeasturias.com\\\/noticias\\\/miguel-diaz-canel-el-sucesor-discreto-de-raul-castro\\\/#blogposting\",\"name\":\"Miguel D\\u00edaz-Canel: el sucesor discreto de Ra\\u00fal Castro - El Digital de Asturias\",\"headline\":\"Miguel D\\u00edaz-Canel: el sucesor discreto de Ra\\u00fal Castro\",\"author\":{\"@id\":\"https:\\\/\\\/www.eldigitaldeasturias.com\\\/noticias\\\/author\\\/admin\\\/#author\"},\"publisher\":{\"@id\":\"https:\\\/\\\/www.eldigitaldeasturias.com\\\/noticias\\\/#organization\"},\"image\":{\"@type\":\"ImageObject\",\"url\":976326},\"datePublished\":\"2018-04-17T00:26:58+02:00\",\"dateModified\":\"2018-04-17T00:26:58+02:00\",\"inLanguage\":\"es-ES\",\"mainEntityOfPage\":{\"@id\":\"https:\\\/\\\/www.eldigitaldeasturias.com\\\/noticias\\\/miguel-diaz-canel-el-sucesor-discreto-de-raul-castro\\\/#webpage\"},\"isPartOf\":{\"@id\":\"https:\\\/\\\/www.eldigitaldeasturias.com\\\/noticias\\\/miguel-diaz-canel-el-sucesor-discreto-de-raul-castro\\\/#webpage\"},\"articleSection\":\"Actualidad\"},{\"@type\":\"BreadcrumbList\",\"@id\":\"https:\\\/\\\/www.eldigitaldeasturias.com\\\/noticias\\\/miguel-diaz-canel-el-sucesor-discreto-de-raul-castro\\\/#breadcrumblist\",\"itemListElement\":[{\"@type\":\"ListItem\",\"@id\":\"https:\\\/\\\/www.eldigitaldeasturias.com\\\/noticias#listItem\",\"position\":1,\"name\":\"Home\",\"item\":\"https:\\\/\\\/www.eldigitaldeasturias.com\\\/noticias\",\"nextItem\":{\"@type\":\"ListItem\",\"@id\":\"https:\\\/\\\/www.eldigitaldeasturias.com\\\/noticias\\\/category\\\/actualidad\\\/#listItem\",\"name\":\"Actualidad\"}},{\"@type\":\"ListItem\",\"@id\":\"https:\\\/\\\/www.eldigitaldeasturias.com\\\/noticias\\\/category\\\/actualidad\\\/#listItem\",\"position\":2,\"name\":\"Actualidad\",\"item\":\"https:\\\/\\\/www.eldigitaldeasturias.com\\\/noticias\\\/category\\\/actualidad\\\/\",\"nextItem\":{\"@type\":\"ListItem\",\"@id\":\"https:\\\/\\\/www.eldigitaldeasturias.com\\\/noticias\\\/miguel-diaz-canel-el-sucesor-discreto-de-raul-castro\\\/#listItem\",\"name\":\"Miguel D\\u00edaz-Canel: el sucesor discreto de Ra\\u00fal Castro\"},\"previousItem\":{\"@type\":\"ListItem\",\"@id\":\"https:\\\/\\\/www.eldigitaldeasturias.com\\\/noticias#listItem\",\"name\":\"Home\"}},{\"@type\":\"ListItem\",\"@id\":\"https:\\\/\\\/www.eldigitaldeasturias.com\\\/noticias\\\/miguel-diaz-canel-el-sucesor-discreto-de-raul-castro\\\/#listItem\",\"position\":3,\"name\":\"Miguel D\\u00edaz-Canel: el sucesor discreto de Ra\\u00fal Castro\",\"previousItem\":{\"@type\":\"ListItem\",\"@id\":\"https:\\\/\\\/www.eldigitaldeasturias.com\\\/noticias\\\/category\\\/actualidad\\\/#listItem\",\"name\":\"Actualidad\"}}]},{\"@type\":\"Organization\",\"@id\":\"https:\\\/\\\/www.eldigitaldeasturias.com\\\/noticias\\\/#organization\",\"name\":\"El Digital de Asturias\",\"description\":\"Hemeroteca\",\"url\":\"https:\\\/\\\/www.eldigitaldeasturias.com\\\/noticias\\\/\",\"email\":\"info@eldigitaldeasturias.com\",\"telephone\":\"+34652131393\",\"logo\":{\"@type\":\"ImageObject\",\"url\":\"https:\\\/\\\/www.eldigitaldeasturias.com\\\/noticias\\\/wp-content\\\/uploads\\\/2020\\\/12\\\/EDA.jpg\",\"@id\":\"https:\\\/\\\/www.eldigitaldeasturias.com\\\/noticias\\\/miguel-diaz-canel-el-sucesor-discreto-de-raul-castro\\\/#organizationLogo\"},\"image\":{\"@id\":\"https:\\\/\\\/www.eldigitaldeasturias.com\\\/noticias\\\/miguel-diaz-canel-el-sucesor-discreto-de-raul-castro\\\/#organizationLogo\"},\"sameAs\":[\"https:\\\/\\\/facebook.com\\\/eldigitaldeasturias\",\"https:\\\/\\\/www.youtube.com\\\/channel\\\/UCZP-2wLEB9Rv6erhFmqVnvg\"],\"address\":{\"@id\":\"https:\\\/\\\/www.eldigitaldeasturias.com\\\/noticias\\\/#postaladdress\",\"@type\":\"PostalAddress\",\"streetAddress\":\"san antonio 4\",\"postalCode\":\"33430\",\"addressLocality\":\"Cand\\u00e1s\",\"addressRegion\":\"Asturias\",\"addressCountry\":\"ES\"}},{\"@type\":\"Person\",\"@id\":\"https:\\\/\\\/www.eldigitaldeasturias.com\\\/noticias\\\/author\\\/admin\\\/#author\",\"url\":\"https:\\\/\\\/www.eldigitaldeasturias.com\\\/noticias\\\/author\\\/admin\\\/\",\"name\":\"El Digital de Asturias\",\"image\":{\"@type\":\"ImageObject\",\"@id\":\"https:\\\/\\\/www.eldigitaldeasturias.com\\\/noticias\\\/miguel-diaz-canel-el-sucesor-discreto-de-raul-castro\\\/#authorImage\",\"url\":\"https:\\\/\\\/secure.gravatar.com\\\/avatar\\\/df2aeffc32bcd13f8d26072ef8a91b623d677766deac7f97ca815868cd41bf5e?s=96&d=mm&r=g\",\"width\":96,\"height\":96,\"caption\":\"El Digital de Asturias\"}},{\"@type\":\"WebPage\",\"@id\":\"https:\\\/\\\/www.eldigitaldeasturias.com\\\/noticias\\\/miguel-diaz-canel-el-sucesor-discreto-de-raul-castro\\\/#webpage\",\"url\":\"https:\\\/\\\/www.eldigitaldeasturias.com\\\/noticias\\\/miguel-diaz-canel-el-sucesor-discreto-de-raul-castro\\\/\",\"name\":\"Miguel D\\u00edaz-Canel: el sucesor discreto de Ra\\u00fal Castro - El Digital de Asturias\",\"description\":\"La Habana, 16 abr (dpa) - Con paciencia y sin buscar protagonismo, Miguel D\\u00edaz-Canel hizo una carrera pol\\u00edtica de funcionario leal y eficiente, que ha sido premiada por Ra\\u00fal Castro para ser su relevo en la presidencia. \\\"El compa\\u00f1ero D\\u00edaz-Canel no es un novato ni un improvisado\\\", afirm\\u00f3 Ra\\u00fal Castro cuando en 2013 lo design\\u00f3\",\"inLanguage\":\"es-ES\",\"isPartOf\":{\"@id\":\"https:\\\/\\\/www.eldigitaldeasturias.com\\\/noticias\\\/#website\"},\"breadcrumb\":{\"@id\":\"https:\\\/\\\/www.eldigitaldeasturias.com\\\/noticias\\\/miguel-diaz-canel-el-sucesor-discreto-de-raul-castro\\\/#breadcrumblist\"},\"author\":{\"@id\":\"https:\\\/\\\/www.eldigitaldeasturias.com\\\/noticias\\\/author\\\/admin\\\/#author\"},\"creator\":{\"@id\":\"https:\\\/\\\/www.eldigitaldeasturias.com\\\/noticias\\\/author\\\/admin\\\/#author\"},\"image\":{\"@type\":\"ImageObject\",\"url\":976326,\"@id\":\"https:\\\/\\\/www.eldigitaldeasturias.com\\\/noticias\\\/miguel-diaz-canel-el-sucesor-discreto-de-raul-castro\\\/#mainImage\"},\"primaryImageOfPage\":{\"@id\":\"https:\\\/\\\/www.eldigitaldeasturias.com\\\/noticias\\\/miguel-diaz-canel-el-sucesor-discreto-de-raul-castro\\\/#mainImage\"},\"datePublished\":\"2018-04-17T00:26:58+02:00\",\"dateModified\":\"2018-04-17T00:26:58+02:00\"},{\"@type\":\"WebSite\",\"@id\":\"https:\\\/\\\/www.eldigitaldeasturias.com\\\/noticias\\\/#website\",\"url\":\"https:\\\/\\\/www.eldigitaldeasturias.com\\\/noticias\\\/\",\"name\":\"El Digital de Asturias - Diario de actualidad y noticias\",\"alternateName\":\"El Digital de Asturias - Diario de actualidad y noticias\",\"description\":\"Hemeroteca\",\"inLanguage\":\"es-ES\",\"publisher\":{\"@id\":\"https:\\\/\\\/www.eldigitaldeasturias.com\\\/noticias\\\/#organization\"}}]}\n\t\t<\/script>\n\t\t<!-- All in One SEO Pro -->\r\n\t\t<title>Miguel D\u00edaz-Canel: el sucesor discreto de Ra\u00fal Castro - El Digital de Asturias<\/title>\n\n","aioseo_head_json":{"title":"Miguel D\u00edaz-Canel: el sucesor discreto de Ra\u00fal Castro - El Digital de Asturias","description":"La Habana, 16 abr (dpa) - Con paciencia y sin buscar protagonismo, Miguel D\u00edaz-Canel hizo una carrera pol\u00edtica de funcionario leal y eficiente, que ha sido premiada por Ra\u00fal Castro para ser su relevo en la presidencia. \"El compa\u00f1ero D\u00edaz-Canel no es un novato ni un improvisado\", afirm\u00f3 Ra\u00fal Castro cuando en 2013 lo design\u00f3","canonical_url":"https:\/\/www.eldigitaldeasturias.com\/noticias\/miguel-diaz-canel-el-sucesor-discreto-de-raul-castro\/","robots":"max-image-preview:large","keywords":"actualidad","webmasterTools":{"google-site-verification":"UA-38556648-1","msvalidate.01":"7dfe9f3f1b24437ab69f4f2559babe99","miscellaneous":""},"schema":{"@context":"https:\/\/schema.org","@graph":[{"@type":"BlogPosting","@id":"https:\/\/www.eldigitaldeasturias.com\/noticias\/miguel-diaz-canel-el-sucesor-discreto-de-raul-castro\/#blogposting","name":"Miguel D\u00edaz-Canel: el sucesor discreto de Ra\u00fal Castro - El Digital de Asturias","headline":"Miguel D\u00edaz-Canel: el sucesor discreto de Ra\u00fal Castro","author":{"@id":"https:\/\/www.eldigitaldeasturias.com\/noticias\/author\/admin\/#author"},"publisher":{"@id":"https:\/\/www.eldigitaldeasturias.com\/noticias\/#organization"},"image":{"@type":"ImageObject","url":976326},"datePublished":"2018-04-17T00:26:58+02:00","dateModified":"2018-04-17T00:26:58+02:00","inLanguage":"es-ES","mainEntityOfPage":{"@id":"https:\/\/www.eldigitaldeasturias.com\/noticias\/miguel-diaz-canel-el-sucesor-discreto-de-raul-castro\/#webpage"},"isPartOf":{"@id":"https:\/\/www.eldigitaldeasturias.com\/noticias\/miguel-diaz-canel-el-sucesor-discreto-de-raul-castro\/#webpage"},"articleSection":"Actualidad"},{"@type":"BreadcrumbList","@id":"https:\/\/www.eldigitaldeasturias.com\/noticias\/miguel-diaz-canel-el-sucesor-discreto-de-raul-castro\/#breadcrumblist","itemListElement":[{"@type":"ListItem","@id":"https:\/\/www.eldigitaldeasturias.com\/noticias#listItem","position":1,"name":"Home","item":"https:\/\/www.eldigitaldeasturias.com\/noticias","nextItem":{"@type":"ListItem","@id":"https:\/\/www.eldigitaldeasturias.com\/noticias\/category\/actualidad\/#listItem","name":"Actualidad"}},{"@type":"ListItem","@id":"https:\/\/www.eldigitaldeasturias.com\/noticias\/category\/actualidad\/#listItem","position":2,"name":"Actualidad","item":"https:\/\/www.eldigitaldeasturias.com\/noticias\/category\/actualidad\/","nextItem":{"@type":"ListItem","@id":"https:\/\/www.eldigitaldeasturias.com\/noticias\/miguel-diaz-canel-el-sucesor-discreto-de-raul-castro\/#listItem","name":"Miguel D\u00edaz-Canel: el sucesor discreto de Ra\u00fal Castro"},"previousItem":{"@type":"ListItem","@id":"https:\/\/www.eldigitaldeasturias.com\/noticias#listItem","name":"Home"}},{"@type":"ListItem","@id":"https:\/\/www.eldigitaldeasturias.com\/noticias\/miguel-diaz-canel-el-sucesor-discreto-de-raul-castro\/#listItem","position":3,"name":"Miguel D\u00edaz-Canel: el sucesor discreto de Ra\u00fal Castro","previousItem":{"@type":"ListItem","@id":"https:\/\/www.eldigitaldeasturias.com\/noticias\/category\/actualidad\/#listItem","name":"Actualidad"}}]},{"@type":"Organization","@id":"https:\/\/www.eldigitaldeasturias.com\/noticias\/#organization","name":"El Digital de Asturias","description":"Hemeroteca","url":"https:\/\/www.eldigitaldeasturias.com\/noticias\/","email":"info@eldigitaldeasturias.com","telephone":"+34652131393","logo":{"@type":"ImageObject","url":"https:\/\/www.eldigitaldeasturias.com\/noticias\/wp-content\/uploads\/2020\/12\/EDA.jpg","@id":"https:\/\/www.eldigitaldeasturias.com\/noticias\/miguel-diaz-canel-el-sucesor-discreto-de-raul-castro\/#organizationLogo"},"image":{"@id":"https:\/\/www.eldigitaldeasturias.com\/noticias\/miguel-diaz-canel-el-sucesor-discreto-de-raul-castro\/#organizationLogo"},"sameAs":["https:\/\/facebook.com\/eldigitaldeasturias","https:\/\/www.youtube.com\/channel\/UCZP-2wLEB9Rv6erhFmqVnvg"],"address":{"@id":"https:\/\/www.eldigitaldeasturias.com\/noticias\/#postaladdress","@type":"PostalAddress","streetAddress":"san antonio 4","postalCode":"33430","addressLocality":"Cand\u00e1s","addressRegion":"Asturias","addressCountry":"ES"}},{"@type":"Person","@id":"https:\/\/www.eldigitaldeasturias.com\/noticias\/author\/admin\/#author","url":"https:\/\/www.eldigitaldeasturias.com\/noticias\/author\/admin\/","name":"El Digital de Asturias","image":{"@type":"ImageObject","@id":"https:\/\/www.eldigitaldeasturias.com\/noticias\/miguel-diaz-canel-el-sucesor-discreto-de-raul-castro\/#authorImage","url":"https:\/\/secure.gravatar.com\/avatar\/df2aeffc32bcd13f8d26072ef8a91b623d677766deac7f97ca815868cd41bf5e?s=96&d=mm&r=g","width":96,"height":96,"caption":"El Digital de Asturias"}},{"@type":"WebPage","@id":"https:\/\/www.eldigitaldeasturias.com\/noticias\/miguel-diaz-canel-el-sucesor-discreto-de-raul-castro\/#webpage","url":"https:\/\/www.eldigitaldeasturias.com\/noticias\/miguel-diaz-canel-el-sucesor-discreto-de-raul-castro\/","name":"Miguel D\u00edaz-Canel: el sucesor discreto de Ra\u00fal Castro - El Digital de Asturias","description":"La Habana, 16 abr (dpa) - Con paciencia y sin buscar protagonismo, Miguel D\u00edaz-Canel hizo una carrera pol\u00edtica de funcionario leal y eficiente, que ha sido premiada por Ra\u00fal Castro para ser su relevo en la presidencia. \"El compa\u00f1ero D\u00edaz-Canel no es un novato ni un improvisado\", afirm\u00f3 Ra\u00fal Castro cuando en 2013 lo design\u00f3","inLanguage":"es-ES","isPartOf":{"@id":"https:\/\/www.eldigitaldeasturias.com\/noticias\/#website"},"breadcrumb":{"@id":"https:\/\/www.eldigitaldeasturias.com\/noticias\/miguel-diaz-canel-el-sucesor-discreto-de-raul-castro\/#breadcrumblist"},"author":{"@id":"https:\/\/www.eldigitaldeasturias.com\/noticias\/author\/admin\/#author"},"creator":{"@id":"https:\/\/www.eldigitaldeasturias.com\/noticias\/author\/admin\/#author"},"image":{"@type":"ImageObject","url":976326,"@id":"https:\/\/www.eldigitaldeasturias.com\/noticias\/miguel-diaz-canel-el-sucesor-discreto-de-raul-castro\/#mainImage"},"primaryImageOfPage":{"@id":"https:\/\/www.eldigitaldeasturias.com\/noticias\/miguel-diaz-canel-el-sucesor-discreto-de-raul-castro\/#mainImage"},"datePublished":"2018-04-17T00:26:58+02:00","dateModified":"2018-04-17T00:26:58+02:00"},{"@type":"WebSite","@id":"https:\/\/www.eldigitaldeasturias.com\/noticias\/#website","url":"https:\/\/www.eldigitaldeasturias.com\/noticias\/","name":"El Digital de Asturias - Diario de actualidad y noticias","alternateName":"El Digital de Asturias - Diario de actualidad y noticias","description":"Hemeroteca","inLanguage":"es-ES","publisher":{"@id":"https:\/\/www.eldigitaldeasturias.com\/noticias\/#organization"}}]},"og:locale":"es_ES","og:site_name":"El Digital de Asturias","og:type":"article","og:title":"Miguel D\u00edaz-Canel: el sucesor discreto de Ra\u00fal Castro - El Digital de Asturias","og:description":"La Habana, 16 abr (dpa) - Con paciencia y sin buscar protagonismo, Miguel D\u00edaz-Canel hizo una carrera pol\u00edtica de funcionario leal y eficiente, que ha sido premiada por Ra\u00fal Castro para ser su relevo en la presidencia. &quot;El compa\u00f1ero D\u00edaz-Canel no es un novato ni un improvisado&quot;, afirm\u00f3 Ra\u00fal Castro cuando en 2013 lo design\u00f3","og:url":"https:\/\/www.eldigitaldeasturias.com\/noticias\/miguel-diaz-canel-el-sucesor-discreto-de-raul-castro\/","article:tag":["actualidad"],"article:published_time":"2018-04-17T00:26:58+00:00","article:modified_time":"2018-04-17T00:26:58+00:00","article:publisher":"https:\/\/facebook.com\/eldigitaldeasturias","twitter:card":"summary_large_image","twitter:title":"Miguel D\u00edaz-Canel: el sucesor discreto de Ra\u00fal Castro - El Digital de Asturias","twitter:description":"La Habana, 16 abr (dpa) - Con paciencia y sin buscar protagonismo, Miguel D\u00edaz-Canel hizo una carrera pol\u00edtica de funcionario leal y eficiente, que ha sido premiada por Ra\u00fal Castro para ser su relevo en la presidencia. &quot;El compa\u00f1ero D\u00edaz-Canel no es un novato ni un improvisado&quot;, afirm\u00f3 Ra\u00fal Castro cuando en 2013 lo design\u00f3","twitter:image":"https:\/\/www.eldigitaldeasturias.com\/noticias\/wp-content\/uploads\/2020\/12\/EDA-1.jpg","twitter:label1":"Escrito por","twitter:data1":"El Digital de Asturias","twitter:label2":"Tiempo de lectura estimado","twitter:data2":"4 minutos"},"aioseo_meta_data":{"post_id":"976325","title":null,"description":null,"keywords":null,"keyphrases":null,"primary_term":null,"canonical_url":null,"og_title":null,"og_description":null,"og_object_type":"default","og_image_type":"default","og_image_url":null,"og_image_width":null,"og_image_height":null,"og_image_custom_url":null,"og_image_custom_fields":null,"og_video":null,"og_custom_url":null,"og_article_section":null,"og_article_tags":null,"twitter_use_og":false,"twitter_card":"default","twitter_image_type":"default","twitter_image_url":null,"twitter_image_custom_url":null,"twitter_image_custom_fields":null,"twitter_title":null,"twitter_description":null,"schema":{"blockGraphs":[],"customGraphs":[],"default":{"data":{"Article":[],"Course":[],"Dataset":[],"FAQPage":[],"Movie":[],"Person":[],"Product":[],"ProductReview":[],"Car":[],"Recipe":[],"Service":[],"SoftwareApplication":[],"WebPage":[]},"graphName":"","isEnabled":true},"graphs":[],"defaultGraph":"","defaultPostTypeGraph":""},"schema_type":null,"schema_type_options":null,"pillar_content":false,"robots_default":true,"robots_noindex":false,"robots_noarchive":false,"robots_nosnippet":false,"robots_nofollow":false,"robots_noimageindex":false,"robots_noodp":false,"robots_notranslate":false,"robots_max_snippet":null,"robots_max_videopreview":null,"robots_max_imagepreview":"large","priority":null,"frequency":null,"local_seo":null,"seo_analyzer_scan_date":"2025-10-08 03:28:06","breadcrumb_settings":null,"limit_modified_date":false,"open_ai":null,"ai":null,"created":"2020-12-21 12:08:36","updated":"2025-10-08 03:28:06","focus_keyword":null,"additional_keywords":null,"truseo_locale":null},"aioseo_breadcrumb":"<div class=\"aioseo-breadcrumbs\"><span class=\"aioseo-breadcrumb\">\n\t<a href=\"https:\/\/www.eldigitaldeasturias.com\/noticias\" title=\"Home\">Home<\/a>\n<\/span><span class=\"aioseo-breadcrumb-separator\">\u2013<\/span><span class=\"aioseo-breadcrumb\">\n\t<a href=\"https:\/\/www.eldigitaldeasturias.com\/noticias\/category\/actualidad\/\" title=\"Actualidad\">Actualidad<\/a>\n<\/span><span class=\"aioseo-breadcrumb-separator\">\u2013<\/span><span class=\"aioseo-breadcrumb\">\n\t<a href=\"https:\/\/www.eldigitaldeasturias.com\/noticias\/miguel-diaz-canel-el-sucesor-discreto-de-raul-castro\/\" title=\"Miguel D\u00edaz-Canel: el sucesor discreto de Ra\u00fal Castro\">Miguel D\u00edaz-Canel: el sucesor discreto de Ra\u00fal Castro<\/a>\n<\/span><\/div>","aioseo_breadcrumb_json":[{"label":"Home","link":"https:\/\/www.eldigitaldeasturias.com\/noticias"},{"label":"Actualidad","link":"https:\/\/www.eldigitaldeasturias.com\/noticias\/category\/actualidad\/"},{"label":"Miguel D\u00edaz-Canel: el sucesor discreto de Ra\u00fal Castro","link":"https:\/\/www.eldigitaldeasturias.com\/noticias\/miguel-diaz-canel-el-sucesor-discreto-de-raul-castro\/"}],"_links":{"self":[{"href":"https:\/\/www.eldigitaldeasturias.com\/noticias\/wp-json\/wp\/v2\/posts\/976325","targetHints":{"allow":["GET"]}}],"collection":[{"href":"https:\/\/www.eldigitaldeasturias.com\/noticias\/wp-json\/wp\/v2\/posts"}],"about":[{"href":"https:\/\/www.eldigitaldeasturias.com\/noticias\/wp-json\/wp\/v2\/types\/post"}],"author":[{"embeddable":true,"href":"https:\/\/www.eldigitaldeasturias.com\/noticias\/wp-json\/wp\/v2\/users\/1"}],"replies":[{"embeddable":true,"href":"https:\/\/www.eldigitaldeasturias.com\/noticias\/wp-json\/wp\/v2\/comments?post=976325"}],"version-history":[{"count":0,"href":"https:\/\/www.eldigitaldeasturias.com\/noticias\/wp-json\/wp\/v2\/posts\/976325\/revisions"}],"wp:attachment":[{"href":"https:\/\/www.eldigitaldeasturias.com\/noticias\/wp-json\/wp\/v2\/media?parent=976325"}],"wp:term":[{"taxonomy":"category","embeddable":true,"href":"https:\/\/www.eldigitaldeasturias.com\/noticias\/wp-json\/wp\/v2\/categories?post=976325"},{"taxonomy":"post_tag","embeddable":true,"href":"https:\/\/www.eldigitaldeasturias.com\/noticias\/wp-json\/wp\/v2\/tags?post=976325"}],"curies":[{"name":"wp","href":"https:\/\/api.w.org\/{rel}","templated":true}]}}