{"id":976322,"date":"2018-04-17T00:24:58","date_gmt":"2018-04-17T00:24:58","guid":{"rendered":"http:\/\/www.eldigitaldeasturias.com\/noticias\/?p=976322"},"modified":"2018-04-17T00:24:58","modified_gmt":"2018-04-17T00:24:58","slug":"los-diez-retos-del-nuevo-presidente-cubano","status":"publish","type":"post","link":"https:\/\/www.eldigitaldeasturias.com\/noticias\/los-diez-retos-del-nuevo-presidente-cubano\/","title":{"rendered":"Los diez retos del nuevo presidente cubano"},"content":{"rendered":"<p><img loading=\"lazy\" decoding=\"async\" class=\"alignleft size-medium wp-image-976323\" src=\"https:\/\/www.eldigitaldeasturias.com\/noticias\/wp-content\/uploads\/2018\/04\/city-3245250_960_720-360x240.jpg\" alt=\"\" width=\"360\" height=\"240\" \/>La Habana, 16 abr (dpa) \u2013 Ra\u00fal Castro comenz\u00f3 su mandato con reformas que abrieron la econom\u00eda cubana a peque\u00f1os sectores privados y con el restablecimiento de las relaciones con Estados Unidos, pero durante los \u00faltimos a\u00f1os el ritmo de apertura aminor\u00f3 y el deshielo con Washington se fren\u00f3, dejando al nuevo presidente algunas tareas pendientes.<\/p>\n<p>A continuaci\u00f3n, dpa destaca los temas principales que tendr\u00e1 que gestionar el nuevo mandatario cubano.<\/p>\n<p><span style=\"color: #ff6600;\"><strong>INVERSI\u00d3N EXTRANJERA<\/strong><\/span><\/p>\n<p>El Gobierno cubano reconoce que necesita atraer m\u00e1s de 2.500 millones de d\u00f3lares de inversi\u00f3n extranjera para que la econom\u00eda crezca. Para generar confianza entre los inversores, La Habana refinanci\u00f3 su hist\u00f3rica deuda con el Club de Par\u00eds y se comprometi\u00f3 a pagar los 2.600 millones de d\u00f3lares pendientes.<\/p>\n<p><span style=\"color: #ff6600;\"><strong>LAS RELACIONES CON ESTADOS UNIDOS<\/strong><\/span><\/p>\n<p>Uno de los grandes logros de la presidencia de Ra\u00fal Castro fue el hist\u00f3rico restablecimiento de las relaciones diplom\u00e1ticas con Estados Unidos despu\u00e9s de d\u00e9cadas de enfrentamiento. La etapa de acercamiento que vivi\u00f3 con el entonces presidente Barack Obama se vio frenada con la llegada del republicano Trump a la Casa Blanca. El nuevo presidente estadounidense ha recuperado el lenguaje de hostilidad hacia las autoridades cubanas y las relaciones se encuentran en un punto muerto con la reducci\u00f3n a m\u00ednimos de la embajada de Estados Unidos en La Habana.<\/p>\n<p><span style=\"color: #ff6600;\"><strong>UNIFICACI\u00d3N MONETARIA<\/strong><\/span><\/p>\n<p>Desde la d\u00e9cada de 1990, en la isla circulan dos monedas: el peso cubano CUP y el peso convertible CUC, que es equiparable al d\u00f3lar. El cambio es de 24 CUP por 1 CUC. En la primera moneda, el Estado paga los salarios y los cubanos abonan servicios b\u00e1sicos subsidiados como la luz y el agua, mientras que el CUC es para comprar en tiendas y la moneda usada por el turismo. Dos monedas para dos econom\u00edas y aunque varias veces se anunci\u00f3 su inminente unificaci\u00f3n, la fecha final nunca lleg\u00f3.<\/p>\n<p><span style=\"color: #ff6600;\"><strong>SOSTENIBILIDAD DE LOS SERVICIOS SOCIALES<\/strong><\/span><\/p>\n<p>La Revoluci\u00f3n cubana siempre se ha mostrado orgullosa de logros sociales como el acceso universal y gratuito a la educaci\u00f3n, la salud o el deporte. \u00abLa salud es gratis, pero cuesta\u00bb, son algunas frases que se empiezan a ver en murales de centros m\u00e9dicos o estampadas en las recetas para concienciar a la poblaci\u00f3n de la necesidad de hacer sostenible unos servicios que son gratuitos pero cuya financiaci\u00f3n implica un gran esfuerzo para el Estado cubano.<\/p>\n<p><span style=\"color: #ff6600;\"><strong>ENVEJECIMIENTO POBLACIONAL<\/strong><\/span><\/p>\n<p>Cuba tiene 11,2 millones de habitantes, de los que el 20 por ciento supera los 60 a\u00f1os de edad. En un pa\u00eds con una esperanza de vida que ronda los 80 a\u00f1os, muchos j\u00f3venes emigran buscando mejores oportunidades econ\u00f3micas. El desequilibrio empieza a preocupar al Gobierno cubano, que estima que en el per\u00edodo 2020-2025 Cuba ser\u00e1 el pa\u00eds m\u00e1s envejecido de Am\u00e9rica Latina y el Caribe.<\/p>\n<p><span style=\"color: #ff6600;\"><strong>SEPARACI\u00d3N DE FUNCIONES ENTRE EL ESTADO Y EL PARTIDO COMUNISTA<\/strong><\/span><\/p>\n<p>Durante d\u00e9cadas, el Partido Comunista y el Gobierno han estado dirigidos por la misma persona, primero Fidel Castro y luego su hermano Ra\u00fal Castro, pero ahora por primera vez tendr\u00e1n personas diferentes al frente. Hasta 2021, Ra\u00fal Castro se mantendr\u00e1 como Primer Secretario del PCC, que es considerado por la Constituci\u00f3n cubana como \u00abla fuerza dirigente superior de la sociedad\u00bb.<\/p>\n<p><span style=\"color: #ff6600;\"><strong>MANTENER EL CONSENSO SOCIAL EN TORNO A LA REVOLUCI\u00d3N<\/strong><\/span><\/p>\n<p>Desde que asumi\u00f3 el poder, la gran preocupaci\u00f3n de Ra\u00fal Castro ha sido la institucionalizaci\u00f3n de la Revoluci\u00f3n, m\u00e1s all\u00e1 de los liderazgos fuertes a los que estaban acostumbrados los cubanos. La legitimidad de pol\u00edticos que no combatieron contra el dictador Fulgencio Batista necesitar\u00e1 de una mayor participaci\u00f3n ciudadana.<\/p>\n<p><span style=\"color: #ff6600;\"><strong>CRECIMIENTO ECON\u00d3MICO<\/strong><\/span><\/p>\n<p>Hacer de Cuba un \u00abpa\u00eds pr\u00f3spero y sostenible\u00bb fue la mayor divisa de Ra\u00fal Castro, pero la econom\u00eda no termin\u00f3 de arrancar. La crisis pol\u00edtica que vive su aliado venezolano provoc\u00f3 que Cuba cerrase sus cuentas en 2016 con una recesi\u00f3n del 0,9 por ciento del PIB, la primera vez en los \u00faltimos 20 a\u00f1os. En 2017 creci\u00f3 un t\u00edmido 1,6 por ciento gracias al tir\u00f3n del turismo y la construcci\u00f3n de infraestructura hotelera.<\/p>\n<p><span style=\"color: #ff6600;\"><strong>EL PAPEL DEL SECTOR PRIVADO EN CUBA<\/strong><\/span><\/p>\n<p>La presidencia de <strong>Ra\u00fal Castro<\/strong> comenz\u00f3 con una apertura de la econom\u00eda al sector privado, pero centr\u00e1ndolo en servicios como la hosteler\u00eda y los peque\u00f1os oficios, mientras que el Estado manten\u00eda el monopolio en sectores estrat\u00e9gicos como la energ\u00eda y las comunicaciones. El \u00abboom\u00bb tur\u00edstico signific\u00f3 un crecimiento del sector privado y el Gobierno fren\u00f3 el a\u00f1o pasado la concesi\u00f3n de nuevas licencias generando incertidumbre sobre cu\u00e1l ser\u00e1 la ruta que elija el nuevo presidente.<\/p>\n<p><span style=\"color: #ff6600;\"><strong>RELACI\u00d3N CON LA EMIGRACI\u00d3N CUBANA<\/strong><\/span><\/p>\n<p>Sectores de la poblaci\u00f3n que no estaban de acuerdo con el rumbo socialista que tomaba <strong>Fidel Castro<\/strong> protagonizaron varias oleadas migratorias, que fueron muchas veces calificadas como \u00abcontrarevolucionarias\u00bb. Actualmente, la emigraci\u00f3n cubana tiene un car\u00e1cter m\u00e1s econ\u00f3mico, pero no puede invertir en la isla o tener propiedades. El Gobierno cubano necesita su apoyo para influir en la normalizaci\u00f3n con Estados Unidos en un momento en el que las relaciones con Donald Trump son tensas.<\/p>\n<p>Por Guillermo Nova (dpa)<\/p>\n","protected":false},"excerpt":{"rendered":"<p>La Habana, 16 abr (dpa) \u2013 Ra\u00fal Castro comenz\u00f3 su mandato con reformas que abrieron la econom\u00eda cubana a peque\u00f1os sectores privados y con el restablecimiento de las relaciones con Estados Unidos, pero durante los \u00faltimos a\u00f1os el ritmo de apertura aminor\u00f3 y el deshielo con Washington se fren\u00f3, dejando al nuevo presidente algunas tareas [&hellip;]<\/p>\n","protected":false},"author":1,"featured_media":976323,"comment_status":"closed","ping_status":"closed","sticky":false,"template":"","format":"standard","meta":{"footnotes":""},"categories":[1],"tags":[],"class_list":["post-976322","post","type-post","status-publish","format-standard","has-post-thumbnail","hentry","category-actualidad"],"aioseo_notices":[],"aioseo_head":"\n\t\t<!-- All in One SEO Pro 5.0.1 - aioseo.com -->\n\t<meta name=\"description\" content=\"La Habana, 16 abr (dpa) \u2013 Ra\u00fal Castro comenz\u00f3 su mandato con reformas que abrieron la econom\u00eda cubana a peque\u00f1os sectores privados y con el restablecimiento de las relaciones con Estados Unidos, pero durante los \u00faltimos a\u00f1os el ritmo de apertura aminor\u00f3 y el deshielo con Washington se fren\u00f3, dejando al nuevo presidente algunas tareas\" \/>\n\t<meta name=\"robots\" content=\"max-image-preview:large\" \/>\n\t<meta name=\"author\" content=\"El Digital de Asturias\"\/>\n\t<meta name=\"google-site-verification\" content=\"UA-38556648-1\" \/>\n\t<meta name=\"msvalidate.01\" content=\"7dfe9f3f1b24437ab69f4f2559babe99\" \/>\n\t<meta name=\"keywords\" content=\"actualidad\" \/>\n\t<link rel=\"canonical\" href=\"https:\/\/www.eldigitaldeasturias.com\/noticias\/los-diez-retos-del-nuevo-presidente-cubano\/\" \/>\n\t<meta name=\"generator\" content=\"All in One SEO Pro (AIOSEO) 5.0.1\" \/>\n\t\t<meta property=\"og:locale\" content=\"es_ES\" \/>\n\t\t<meta property=\"og:site_name\" content=\"El Digital de Asturias\" \/>\n\t\t<meta property=\"og:type\" content=\"article\" \/>\n\t\t<meta property=\"og:title\" content=\"Los diez retos del nuevo presidente cubano - El Digital de Asturias\" \/>\n\t\t<meta property=\"og:description\" content=\"La Habana, 16 abr (dpa) \u2013 Ra\u00fal Castro comenz\u00f3 su mandato con reformas que abrieron la econom\u00eda cubana a peque\u00f1os sectores privados y con el restablecimiento de las relaciones con Estados Unidos, pero durante los \u00faltimos a\u00f1os el ritmo de apertura aminor\u00f3 y el deshielo con Washington se fren\u00f3, dejando al nuevo presidente algunas tareas\" \/>\n\t\t<meta property=\"og:url\" content=\"https:\/\/www.eldigitaldeasturias.com\/noticias\/los-diez-retos-del-nuevo-presidente-cubano\/\" \/>\n\t\t<meta property=\"article:tag\" content=\"actualidad\" \/>\n\t\t<meta property=\"article:published_time\" content=\"2018-04-17T00:24:58+00:00\" \/>\n\t\t<meta property=\"article:modified_time\" content=\"2018-04-17T00:24:58+00:00\" \/>\n\t\t<meta property=\"article:publisher\" content=\"https:\/\/facebook.com\/eldigitaldeasturias\" \/>\n\t\t<meta name=\"twitter:card\" content=\"summary_large_image\" \/>\n\t\t<meta name=\"twitter:title\" content=\"Los diez retos del nuevo presidente cubano - El Digital de Asturias\" \/>\n\t\t<meta name=\"twitter:description\" content=\"La Habana, 16 abr (dpa) \u2013 Ra\u00fal Castro comenz\u00f3 su mandato con reformas que abrieron la econom\u00eda cubana a peque\u00f1os sectores privados y con el restablecimiento de las relaciones con Estados Unidos, pero durante los \u00faltimos a\u00f1os el ritmo de apertura aminor\u00f3 y el deshielo con Washington se fren\u00f3, dejando al nuevo presidente algunas tareas\" \/>\n\t\t<meta name=\"twitter:image\" content=\"https:\/\/www.eldigitaldeasturias.com\/noticias\/wp-content\/uploads\/2020\/12\/EDA-1.jpg\" \/>\n\t\t<meta name=\"twitter:label1\" content=\"Escrito por\" \/>\n\t\t<meta name=\"twitter:data1\" content=\"El Digital de Asturias\" \/>\n\t\t<meta name=\"twitter:label2\" content=\"Tiempo de lectura estimado\" \/>\n\t\t<meta name=\"twitter:data2\" content=\"4 minutos\" \/>\n\t\t<script type=\"application\/ld+json\" class=\"aioseo-schema\">\n\t\t\t{\"@context\":\"https:\\\/\\\/schema.org\",\"@graph\":[{\"@type\":\"BlogPosting\",\"@id\":\"https:\\\/\\\/www.eldigitaldeasturias.com\\\/noticias\\\/los-diez-retos-del-nuevo-presidente-cubano\\\/#blogposting\",\"name\":\"Los diez retos del nuevo presidente cubano - El Digital de Asturias\",\"headline\":\"Los diez retos del nuevo presidente cubano\",\"author\":{\"@id\":\"https:\\\/\\\/www.eldigitaldeasturias.com\\\/noticias\\\/author\\\/admin\\\/#author\"},\"publisher\":{\"@id\":\"https:\\\/\\\/www.eldigitaldeasturias.com\\\/noticias\\\/#organization\"},\"image\":{\"@type\":\"ImageObject\",\"url\":976323},\"datePublished\":\"2018-04-17T00:24:58+02:00\",\"dateModified\":\"2018-04-17T00:24:58+02:00\",\"inLanguage\":\"es-ES\",\"mainEntityOfPage\":{\"@id\":\"https:\\\/\\\/www.eldigitaldeasturias.com\\\/noticias\\\/los-diez-retos-del-nuevo-presidente-cubano\\\/#webpage\"},\"isPartOf\":{\"@id\":\"https:\\\/\\\/www.eldigitaldeasturias.com\\\/noticias\\\/los-diez-retos-del-nuevo-presidente-cubano\\\/#webpage\"},\"articleSection\":\"Actualidad\"},{\"@type\":\"BreadcrumbList\",\"@id\":\"https:\\\/\\\/www.eldigitaldeasturias.com\\\/noticias\\\/los-diez-retos-del-nuevo-presidente-cubano\\\/#breadcrumblist\",\"itemListElement\":[{\"@type\":\"ListItem\",\"@id\":\"https:\\\/\\\/www.eldigitaldeasturias.com\\\/noticias#listItem\",\"position\":1,\"name\":\"Home\",\"item\":\"https:\\\/\\\/www.eldigitaldeasturias.com\\\/noticias\",\"nextItem\":{\"@type\":\"ListItem\",\"@id\":\"https:\\\/\\\/www.eldigitaldeasturias.com\\\/noticias\\\/category\\\/actualidad\\\/#listItem\",\"name\":\"Actualidad\"}},{\"@type\":\"ListItem\",\"@id\":\"https:\\\/\\\/www.eldigitaldeasturias.com\\\/noticias\\\/category\\\/actualidad\\\/#listItem\",\"position\":2,\"name\":\"Actualidad\",\"item\":\"https:\\\/\\\/www.eldigitaldeasturias.com\\\/noticias\\\/category\\\/actualidad\\\/\",\"nextItem\":{\"@type\":\"ListItem\",\"@id\":\"https:\\\/\\\/www.eldigitaldeasturias.com\\\/noticias\\\/los-diez-retos-del-nuevo-presidente-cubano\\\/#listItem\",\"name\":\"Los diez retos del nuevo presidente cubano\"},\"previousItem\":{\"@type\":\"ListItem\",\"@id\":\"https:\\\/\\\/www.eldigitaldeasturias.com\\\/noticias#listItem\",\"name\":\"Home\"}},{\"@type\":\"ListItem\",\"@id\":\"https:\\\/\\\/www.eldigitaldeasturias.com\\\/noticias\\\/los-diez-retos-del-nuevo-presidente-cubano\\\/#listItem\",\"position\":3,\"name\":\"Los diez retos del nuevo presidente cubano\",\"previousItem\":{\"@type\":\"ListItem\",\"@id\":\"https:\\\/\\\/www.eldigitaldeasturias.com\\\/noticias\\\/category\\\/actualidad\\\/#listItem\",\"name\":\"Actualidad\"}}]},{\"@type\":\"Organization\",\"@id\":\"https:\\\/\\\/www.eldigitaldeasturias.com\\\/noticias\\\/#organization\",\"name\":\"El Digital de Asturias\",\"description\":\"Hemeroteca\",\"url\":\"https:\\\/\\\/www.eldigitaldeasturias.com\\\/noticias\\\/\",\"email\":\"info@eldigitaldeasturias.com\",\"telephone\":\"+34652131393\",\"logo\":{\"@type\":\"ImageObject\",\"url\":\"https:\\\/\\\/www.eldigitaldeasturias.com\\\/noticias\\\/wp-content\\\/uploads\\\/2020\\\/12\\\/EDA.jpg\",\"@id\":\"https:\\\/\\\/www.eldigitaldeasturias.com\\\/noticias\\\/los-diez-retos-del-nuevo-presidente-cubano\\\/#organizationLogo\"},\"image\":{\"@id\":\"https:\\\/\\\/www.eldigitaldeasturias.com\\\/noticias\\\/los-diez-retos-del-nuevo-presidente-cubano\\\/#organizationLogo\"},\"sameAs\":[\"https:\\\/\\\/facebook.com\\\/eldigitaldeasturias\",\"https:\\\/\\\/www.youtube.com\\\/channel\\\/UCZP-2wLEB9Rv6erhFmqVnvg\"],\"address\":{\"@id\":\"https:\\\/\\\/www.eldigitaldeasturias.com\\\/noticias\\\/#postaladdress\",\"@type\":\"PostalAddress\",\"streetAddress\":\"san antonio 4\",\"postalCode\":\"33430\",\"addressLocality\":\"Cand\\u00e1s\",\"addressRegion\":\"Asturias\",\"addressCountry\":\"ES\"}},{\"@type\":\"Person\",\"@id\":\"https:\\\/\\\/www.eldigitaldeasturias.com\\\/noticias\\\/author\\\/admin\\\/#author\",\"url\":\"https:\\\/\\\/www.eldigitaldeasturias.com\\\/noticias\\\/author\\\/admin\\\/\",\"name\":\"El Digital de Asturias\",\"image\":{\"@type\":\"ImageObject\",\"@id\":\"https:\\\/\\\/www.eldigitaldeasturias.com\\\/noticias\\\/los-diez-retos-del-nuevo-presidente-cubano\\\/#authorImage\",\"url\":\"https:\\\/\\\/secure.gravatar.com\\\/avatar\\\/df2aeffc32bcd13f8d26072ef8a91b623d677766deac7f97ca815868cd41bf5e?s=96&d=mm&r=g\",\"width\":96,\"height\":96,\"caption\":\"El Digital de Asturias\"}},{\"@type\":\"WebPage\",\"@id\":\"https:\\\/\\\/www.eldigitaldeasturias.com\\\/noticias\\\/los-diez-retos-del-nuevo-presidente-cubano\\\/#webpage\",\"url\":\"https:\\\/\\\/www.eldigitaldeasturias.com\\\/noticias\\\/los-diez-retos-del-nuevo-presidente-cubano\\\/\",\"name\":\"Los diez retos del nuevo presidente cubano - El Digital de Asturias\",\"description\":\"La Habana, 16 abr (dpa) \\u2013 Ra\\u00fal Castro comenz\\u00f3 su mandato con reformas que abrieron la econom\\u00eda cubana a peque\\u00f1os sectores privados y con el restablecimiento de las relaciones con Estados Unidos, pero durante los \\u00faltimos a\\u00f1os el ritmo de apertura aminor\\u00f3 y el deshielo con Washington se fren\\u00f3, dejando al nuevo presidente algunas tareas\",\"inLanguage\":\"es-ES\",\"isPartOf\":{\"@id\":\"https:\\\/\\\/www.eldigitaldeasturias.com\\\/noticias\\\/#website\"},\"breadcrumb\":{\"@id\":\"https:\\\/\\\/www.eldigitaldeasturias.com\\\/noticias\\\/los-diez-retos-del-nuevo-presidente-cubano\\\/#breadcrumblist\"},\"author\":{\"@id\":\"https:\\\/\\\/www.eldigitaldeasturias.com\\\/noticias\\\/author\\\/admin\\\/#author\"},\"creator\":{\"@id\":\"https:\\\/\\\/www.eldigitaldeasturias.com\\\/noticias\\\/author\\\/admin\\\/#author\"},\"image\":{\"@type\":\"ImageObject\",\"url\":976323,\"@id\":\"https:\\\/\\\/www.eldigitaldeasturias.com\\\/noticias\\\/los-diez-retos-del-nuevo-presidente-cubano\\\/#mainImage\"},\"primaryImageOfPage\":{\"@id\":\"https:\\\/\\\/www.eldigitaldeasturias.com\\\/noticias\\\/los-diez-retos-del-nuevo-presidente-cubano\\\/#mainImage\"},\"datePublished\":\"2018-04-17T00:24:58+02:00\",\"dateModified\":\"2018-04-17T00:24:58+02:00\"},{\"@type\":\"WebSite\",\"@id\":\"https:\\\/\\\/www.eldigitaldeasturias.com\\\/noticias\\\/#website\",\"url\":\"https:\\\/\\\/www.eldigitaldeasturias.com\\\/noticias\\\/\",\"name\":\"El Digital de Asturias - Diario de actualidad y noticias\",\"alternateName\":\"El Digital de Asturias - Diario de actualidad y noticias\",\"description\":\"Hemeroteca\",\"inLanguage\":\"es-ES\",\"publisher\":{\"@id\":\"https:\\\/\\\/www.eldigitaldeasturias.com\\\/noticias\\\/#organization\"}}]}\n\t\t<\/script>\n\t\t<!-- All in One SEO Pro -->\r\n\t\t<title>Los diez retos del nuevo presidente cubano - El Digital de Asturias<\/title>\n\n","aioseo_head_json":{"title":"Los diez retos del nuevo presidente cubano - El Digital de Asturias","description":"La Habana, 16 abr (dpa) \u2013 Ra\u00fal Castro comenz\u00f3 su mandato con reformas que abrieron la econom\u00eda cubana a peque\u00f1os sectores privados y con el restablecimiento de las relaciones con Estados Unidos, pero durante los \u00faltimos a\u00f1os el ritmo de apertura aminor\u00f3 y el deshielo con Washington se fren\u00f3, dejando al nuevo presidente algunas tareas","canonical_url":"https:\/\/www.eldigitaldeasturias.com\/noticias\/los-diez-retos-del-nuevo-presidente-cubano\/","robots":"max-image-preview:large","keywords":"actualidad","webmasterTools":{"google-site-verification":"UA-38556648-1","msvalidate.01":"7dfe9f3f1b24437ab69f4f2559babe99","miscellaneous":""},"schema":{"@context":"https:\/\/schema.org","@graph":[{"@type":"BlogPosting","@id":"https:\/\/www.eldigitaldeasturias.com\/noticias\/los-diez-retos-del-nuevo-presidente-cubano\/#blogposting","name":"Los diez retos del nuevo presidente cubano - El Digital de Asturias","headline":"Los diez retos del nuevo presidente cubano","author":{"@id":"https:\/\/www.eldigitaldeasturias.com\/noticias\/author\/admin\/#author"},"publisher":{"@id":"https:\/\/www.eldigitaldeasturias.com\/noticias\/#organization"},"image":{"@type":"ImageObject","url":976323},"datePublished":"2018-04-17T00:24:58+02:00","dateModified":"2018-04-17T00:24:58+02:00","inLanguage":"es-ES","mainEntityOfPage":{"@id":"https:\/\/www.eldigitaldeasturias.com\/noticias\/los-diez-retos-del-nuevo-presidente-cubano\/#webpage"},"isPartOf":{"@id":"https:\/\/www.eldigitaldeasturias.com\/noticias\/los-diez-retos-del-nuevo-presidente-cubano\/#webpage"},"articleSection":"Actualidad"},{"@type":"BreadcrumbList","@id":"https:\/\/www.eldigitaldeasturias.com\/noticias\/los-diez-retos-del-nuevo-presidente-cubano\/#breadcrumblist","itemListElement":[{"@type":"ListItem","@id":"https:\/\/www.eldigitaldeasturias.com\/noticias#listItem","position":1,"name":"Home","item":"https:\/\/www.eldigitaldeasturias.com\/noticias","nextItem":{"@type":"ListItem","@id":"https:\/\/www.eldigitaldeasturias.com\/noticias\/category\/actualidad\/#listItem","name":"Actualidad"}},{"@type":"ListItem","@id":"https:\/\/www.eldigitaldeasturias.com\/noticias\/category\/actualidad\/#listItem","position":2,"name":"Actualidad","item":"https:\/\/www.eldigitaldeasturias.com\/noticias\/category\/actualidad\/","nextItem":{"@type":"ListItem","@id":"https:\/\/www.eldigitaldeasturias.com\/noticias\/los-diez-retos-del-nuevo-presidente-cubano\/#listItem","name":"Los diez retos del nuevo presidente cubano"},"previousItem":{"@type":"ListItem","@id":"https:\/\/www.eldigitaldeasturias.com\/noticias#listItem","name":"Home"}},{"@type":"ListItem","@id":"https:\/\/www.eldigitaldeasturias.com\/noticias\/los-diez-retos-del-nuevo-presidente-cubano\/#listItem","position":3,"name":"Los diez retos del nuevo presidente cubano","previousItem":{"@type":"ListItem","@id":"https:\/\/www.eldigitaldeasturias.com\/noticias\/category\/actualidad\/#listItem","name":"Actualidad"}}]},{"@type":"Organization","@id":"https:\/\/www.eldigitaldeasturias.com\/noticias\/#organization","name":"El Digital de Asturias","description":"Hemeroteca","url":"https:\/\/www.eldigitaldeasturias.com\/noticias\/","email":"info@eldigitaldeasturias.com","telephone":"+34652131393","logo":{"@type":"ImageObject","url":"https:\/\/www.eldigitaldeasturias.com\/noticias\/wp-content\/uploads\/2020\/12\/EDA.jpg","@id":"https:\/\/www.eldigitaldeasturias.com\/noticias\/los-diez-retos-del-nuevo-presidente-cubano\/#organizationLogo"},"image":{"@id":"https:\/\/www.eldigitaldeasturias.com\/noticias\/los-diez-retos-del-nuevo-presidente-cubano\/#organizationLogo"},"sameAs":["https:\/\/facebook.com\/eldigitaldeasturias","https:\/\/www.youtube.com\/channel\/UCZP-2wLEB9Rv6erhFmqVnvg"],"address":{"@id":"https:\/\/www.eldigitaldeasturias.com\/noticias\/#postaladdress","@type":"PostalAddress","streetAddress":"san antonio 4","postalCode":"33430","addressLocality":"Cand\u00e1s","addressRegion":"Asturias","addressCountry":"ES"}},{"@type":"Person","@id":"https:\/\/www.eldigitaldeasturias.com\/noticias\/author\/admin\/#author","url":"https:\/\/www.eldigitaldeasturias.com\/noticias\/author\/admin\/","name":"El Digital de Asturias","image":{"@type":"ImageObject","@id":"https:\/\/www.eldigitaldeasturias.com\/noticias\/los-diez-retos-del-nuevo-presidente-cubano\/#authorImage","url":"https:\/\/secure.gravatar.com\/avatar\/df2aeffc32bcd13f8d26072ef8a91b623d677766deac7f97ca815868cd41bf5e?s=96&d=mm&r=g","width":96,"height":96,"caption":"El Digital de Asturias"}},{"@type":"WebPage","@id":"https:\/\/www.eldigitaldeasturias.com\/noticias\/los-diez-retos-del-nuevo-presidente-cubano\/#webpage","url":"https:\/\/www.eldigitaldeasturias.com\/noticias\/los-diez-retos-del-nuevo-presidente-cubano\/","name":"Los diez retos del nuevo presidente cubano - El Digital de Asturias","description":"La Habana, 16 abr (dpa) \u2013 Ra\u00fal Castro comenz\u00f3 su mandato con reformas que abrieron la econom\u00eda cubana a peque\u00f1os sectores privados y con el restablecimiento de las relaciones con Estados Unidos, pero durante los \u00faltimos a\u00f1os el ritmo de apertura aminor\u00f3 y el deshielo con Washington se fren\u00f3, dejando al nuevo presidente algunas tareas","inLanguage":"es-ES","isPartOf":{"@id":"https:\/\/www.eldigitaldeasturias.com\/noticias\/#website"},"breadcrumb":{"@id":"https:\/\/www.eldigitaldeasturias.com\/noticias\/los-diez-retos-del-nuevo-presidente-cubano\/#breadcrumblist"},"author":{"@id":"https:\/\/www.eldigitaldeasturias.com\/noticias\/author\/admin\/#author"},"creator":{"@id":"https:\/\/www.eldigitaldeasturias.com\/noticias\/author\/admin\/#author"},"image":{"@type":"ImageObject","url":976323,"@id":"https:\/\/www.eldigitaldeasturias.com\/noticias\/los-diez-retos-del-nuevo-presidente-cubano\/#mainImage"},"primaryImageOfPage":{"@id":"https:\/\/www.eldigitaldeasturias.com\/noticias\/los-diez-retos-del-nuevo-presidente-cubano\/#mainImage"},"datePublished":"2018-04-17T00:24:58+02:00","dateModified":"2018-04-17T00:24:58+02:00"},{"@type":"WebSite","@id":"https:\/\/www.eldigitaldeasturias.com\/noticias\/#website","url":"https:\/\/www.eldigitaldeasturias.com\/noticias\/","name":"El Digital de Asturias - Diario de actualidad y noticias","alternateName":"El Digital de Asturias - Diario de actualidad y noticias","description":"Hemeroteca","inLanguage":"es-ES","publisher":{"@id":"https:\/\/www.eldigitaldeasturias.com\/noticias\/#organization"}}]},"og:locale":"es_ES","og:site_name":"El Digital de Asturias","og:type":"article","og:title":"Los diez retos del nuevo presidente cubano - El Digital de Asturias","og:description":"La Habana, 16 abr (dpa) \u2013 Ra\u00fal Castro comenz\u00f3 su mandato con reformas que abrieron la econom\u00eda cubana a peque\u00f1os sectores privados y con el restablecimiento de las relaciones con Estados Unidos, pero durante los \u00faltimos a\u00f1os el ritmo de apertura aminor\u00f3 y el deshielo con Washington se fren\u00f3, dejando al nuevo presidente algunas tareas","og:url":"https:\/\/www.eldigitaldeasturias.com\/noticias\/los-diez-retos-del-nuevo-presidente-cubano\/","article:tag":["actualidad"],"article:published_time":"2018-04-17T00:24:58+00:00","article:modified_time":"2018-04-17T00:24:58+00:00","article:publisher":"https:\/\/facebook.com\/eldigitaldeasturias","twitter:card":"summary_large_image","twitter:title":"Los diez retos del nuevo presidente cubano - El Digital de Asturias","twitter:description":"La Habana, 16 abr (dpa) \u2013 Ra\u00fal Castro comenz\u00f3 su mandato con reformas que abrieron la econom\u00eda cubana a peque\u00f1os sectores privados y con el restablecimiento de las relaciones con Estados Unidos, pero durante los \u00faltimos a\u00f1os el ritmo de apertura aminor\u00f3 y el deshielo con Washington se fren\u00f3, dejando al nuevo presidente algunas tareas","twitter:image":"https:\/\/www.eldigitaldeasturias.com\/noticias\/wp-content\/uploads\/2020\/12\/EDA-1.jpg","twitter:label1":"Escrito por","twitter:data1":"El Digital de Asturias","twitter:label2":"Tiempo de lectura estimado","twitter:data2":"4 minutos"},"aioseo_meta_data":{"post_id":"976322","title":null,"description":null,"keywords":null,"keyphrases":null,"primary_term":null,"canonical_url":null,"og_title":null,"og_description":null,"og_object_type":"default","og_image_type":"default","og_image_url":null,"og_image_width":null,"og_image_height":null,"og_image_custom_url":null,"og_image_custom_fields":null,"og_video":null,"og_custom_url":null,"og_article_section":null,"og_article_tags":null,"twitter_use_og":false,"twitter_card":"default","twitter_image_type":"default","twitter_image_url":null,"twitter_image_custom_url":null,"twitter_image_custom_fields":null,"twitter_title":null,"twitter_description":null,"schema":{"blockGraphs":[],"customGraphs":[],"default":{"data":{"Article":[],"Course":[],"Dataset":[],"FAQPage":[],"Movie":[],"Person":[],"Product":[],"ProductReview":[],"Car":[],"Recipe":[],"Service":[],"SoftwareApplication":[],"WebPage":[]},"graphName":"","isEnabled":true},"graphs":[],"defaultGraph":"","defaultPostTypeGraph":""},"schema_type":null,"schema_type_options":null,"pillar_content":false,"robots_default":true,"robots_noindex":false,"robots_noarchive":false,"robots_nosnippet":false,"robots_nofollow":false,"robots_noimageindex":false,"robots_noodp":false,"robots_notranslate":false,"robots_max_snippet":null,"robots_max_videopreview":null,"robots_max_imagepreview":"large","priority":null,"frequency":null,"local_seo":null,"seo_analyzer_scan_date":"2025-10-08 03:28:06","breadcrumb_settings":null,"limit_modified_date":false,"open_ai":null,"ai":null,"created":"2020-12-21 12:08:36","updated":"2025-10-08 03:28:06","focus_keyword":null,"additional_keywords":null,"truseo_locale":null},"aioseo_breadcrumb":"<div class=\"aioseo-breadcrumbs\"><span class=\"aioseo-breadcrumb\">\n\t<a href=\"https:\/\/www.eldigitaldeasturias.com\/noticias\" title=\"Home\">Home<\/a>\n<\/span><span class=\"aioseo-breadcrumb-separator\">\u2013<\/span><span class=\"aioseo-breadcrumb\">\n\t<a href=\"https:\/\/www.eldigitaldeasturias.com\/noticias\/category\/actualidad\/\" title=\"Actualidad\">Actualidad<\/a>\n<\/span><span class=\"aioseo-breadcrumb-separator\">\u2013<\/span><span class=\"aioseo-breadcrumb\">\n\t<a href=\"https:\/\/www.eldigitaldeasturias.com\/noticias\/los-diez-retos-del-nuevo-presidente-cubano\/\" title=\"Los diez retos del nuevo presidente cubano\">Los diez retos del nuevo presidente cubano<\/a>\n<\/span><\/div>","aioseo_breadcrumb_json":[{"label":"Home","link":"https:\/\/www.eldigitaldeasturias.com\/noticias"},{"label":"Actualidad","link":"https:\/\/www.eldigitaldeasturias.com\/noticias\/category\/actualidad\/"},{"label":"Los diez retos del nuevo presidente cubano","link":"https:\/\/www.eldigitaldeasturias.com\/noticias\/los-diez-retos-del-nuevo-presidente-cubano\/"}],"_links":{"self":[{"href":"https:\/\/www.eldigitaldeasturias.com\/noticias\/wp-json\/wp\/v2\/posts\/976322","targetHints":{"allow":["GET"]}}],"collection":[{"href":"https:\/\/www.eldigitaldeasturias.com\/noticias\/wp-json\/wp\/v2\/posts"}],"about":[{"href":"https:\/\/www.eldigitaldeasturias.com\/noticias\/wp-json\/wp\/v2\/types\/post"}],"author":[{"embeddable":true,"href":"https:\/\/www.eldigitaldeasturias.com\/noticias\/wp-json\/wp\/v2\/users\/1"}],"replies":[{"embeddable":true,"href":"https:\/\/www.eldigitaldeasturias.com\/noticias\/wp-json\/wp\/v2\/comments?post=976322"}],"version-history":[{"count":0,"href":"https:\/\/www.eldigitaldeasturias.com\/noticias\/wp-json\/wp\/v2\/posts\/976322\/revisions"}],"wp:attachment":[{"href":"https:\/\/www.eldigitaldeasturias.com\/noticias\/wp-json\/wp\/v2\/media?parent=976322"}],"wp:term":[{"taxonomy":"category","embeddable":true,"href":"https:\/\/www.eldigitaldeasturias.com\/noticias\/wp-json\/wp\/v2\/categories?post=976322"},{"taxonomy":"post_tag","embeddable":true,"href":"https:\/\/www.eldigitaldeasturias.com\/noticias\/wp-json\/wp\/v2\/tags?post=976322"}],"curies":[{"name":"wp","href":"https:\/\/api.w.org\/{rel}","templated":true}]}}