{"id":976269,"date":"2018-04-16T16:29:17","date_gmt":"2018-04-16T16:29:17","guid":{"rendered":"http:\/\/www.eldigitaldeasturias.com\/noticias\/?p=976269"},"modified":"2018-04-16T16:29:17","modified_gmt":"2018-04-16T16:29:17","slug":"el-psoe-reclama-fecha-ya-para-el-debate-de-la-mocion-de-censura-en-madrid","status":"publish","type":"post","link":"https:\/\/www.eldigitaldeasturias.com\/noticias\/el-psoe-reclama-fecha-ya-para-el-debate-de-la-mocion-de-censura-en-madrid\/","title":{"rendered":"El PSOE reclama \u201cfecha ya\u201d para el debate de la moci\u00f3n de censura en Madrid"},"content":{"rendered":"<p><img loading=\"lazy\" decoding=\"async\" class=\"alignleft size-medium wp-image-976270\" src=\"https:\/\/www.eldigitaldeasturias.com\/noticias\/wp-content\/uploads\/2018\/04\/40601610035_bb6157e37b_z-360x223.jpg\" alt=\"\" width=\"360\" height=\"223\" \/>El PSOE ha reclamado esta ma\u00f1ana que se fije \u201cfecha ya\u201d para la celebraci\u00f3n del debate de la moci\u00f3n de censura contra Cifuentes, que registr\u00f3 \u201cen tiempo y forma\u201d hace once d\u00edas el Partido Socialista en la Asamblea de Madrid, y ha acusado a la presidenta del PP de \u201catrincherarse en el cargo con el consentimiento de Rajoy y la colaboraci\u00f3n inestimable de Ciudadanos\u201d.<\/p>\n<p>En rueda de prensa en Ferraz, la secretaria de Igualdad, Carmen Calvo, ha expresado el absoluto rechazo que provoca en los socialistas \u201cver como hay instituciones que se tuercen y se retuercen en funci\u00f3n de los tiempos y de los intereses de los partidos que las ocupan\u201d, como est\u00e1 ocurriendo en Madrid. \u201cEsta no es una manera procedente, ni legal ni leg\u00edtima, de sostener la democracia\u201d ha dicho Calvo, quien ha insistido en que \u201cno entendemos por qu\u00e9 no se est\u00e1 tramitando la moci\u00f3n\u201d, m\u00e1s a\u00fan cuando nos acercamos al d\u00eda de la Comunidad, el 2 de mayo, \u201ccon una situaci\u00f3n ignominiosa como esta\u201d.<\/p>\n<p>A su juicio, la moci\u00f3n de censura \u201cconstructiva\u201d planteada por el PSOE, con un candidato absolutamente \u201cid\u00f3neo\u201d como es \u00c1ngel Gabilondo, \u201ces la \u00fanica manera de dar salida a esta situaci\u00f3n y de regenerar la pol\u00edtica en Madrid\u201d, \u201cdonde hemos visto salir de manera poco digna, democr\u00e1ticamente hablando, a los anteriores presidentes y presidenta\u201d del PP.<\/p>\n<p>La presidencia de la CAM no se puede dirimir \u201cen funci\u00f3n de los tiempos y de las guerras internas\u201d del PP, o de \u201clas estrategias electorales\u201d de Ciudadanos, ha insistido la dirigente socialista, quien a\u00f1adi\u00f3 que \u201csi esa es la respuesta que le tienen que dar a los madrile\u00f1os que andan escandalizados y perplejos\u201d por todo lo que ha ocurrido, \u201cvamos mal\u201d.<\/p>\n<p><strong>Catalu\u00f1a<\/strong><\/p>\n<p>Respecto a la manifestaci\u00f3n celebrada ayer en Barcelona por la libertad de los pol\u00edticos independentistas detenidos, Calvo mostr\u00f3 el rechazo del PSOE a esta convocatoria, porque \u201cfue una manifestaci\u00f3n para decir que hab\u00eda presos pol\u00edticos en Espa\u00f1a y no los hay, y por eso es inentendible\u201d. Respecto al apoyo de UGT a esta convocatoria, se\u00f1al\u00f3 que el PSOE \u201cno tiene que decirle a los sindicatos lo que tienen que hacer\u201d y no entra en las decisiones que toman otras organizaciones.<\/p>\n<p>En cuanto a las \u00faltimas declaraciones de Puigdemont reclamando m\u00e1s tiempo para intentar evitar otras elecciones, la dirigente socialista se\u00f1al\u00f3 que \u201cPuigdemont no para de hablar en todos los medios, pero lo que tiene que hacer es hablar con Junqueras que ya dijo que hab\u00eda que formar gobierno viable, con un candidato viable jur\u00eddica y pol\u00edticamente hablando\u201d. \u201cQue hablen, porque lo que tiene que hacer el independentismo es poner en v\u00eda de normalidad las instituciones en Catalu\u00f1a\u201d y \u201cque pongan un candidato o candidata\u201d a\u00f1adi\u00f3.<\/p>\n<p><strong>Manifestaci\u00f3n Alsasua<\/strong><\/p>\n<p>Preguntada por la manifestaci\u00f3n en apoyo a los detenidos en Alsasua, celebrada ayer en Pamplona, Calvo se\u00f1al\u00f3 que \u201cno nos gustan gobiernos que apoyan manifestaciones para presionar al poder judicial, como ocurri\u00f3 ayer en Navarra\u201d. \u201cCuriosamente, gobiernos que no vimos apoyando a todas las mujeres de este pa\u00eds el 8 de marzo, o que no hemos visto apoyando a los hombres y mujeres mayores que est\u00e1n peleando en las calles por sus pensiones, peor que vimos ayer apoyando esta manifestaci\u00f3n\u201d.<\/p>\n<p>En este sentido, subray\u00f3 que \u201clos gobiernos y los parlamentos no est\u00e1n para el trabajo partidista de las siglas, sino que est\u00e1n dise\u00f1ados para defender los intereses de todos los ciudadanos y ciudadanas\u201d. \u201cA la Justicia no se la puede presionar; esperamos que la Justicia sabr\u00e1 calibrar lo que es justo y esperamos siempre justicia\u201d, a\u00f1adi\u00f3.<\/p>\n","protected":false},"excerpt":{"rendered":"<p>El PSOE ha reclamado esta ma\u00f1ana que se fije \u201cfecha ya\u201d para la celebraci\u00f3n del debate de la moci\u00f3n de censura contra Cifuentes, que registr\u00f3 \u201cen tiempo y forma\u201d hace once d\u00edas el Partido Socialista en la Asamblea de Madrid, y ha acusado a la presidenta del PP de \u201catrincherarse en el cargo con el [&hellip;]<\/p>\n","protected":false},"author":1,"featured_media":976270,"comment_status":"closed","ping_status":"closed","sticky":false,"template":"","format":"standard","meta":{"footnotes":""},"categories":[1],"tags":[],"class_list":["post-976269","post","type-post","status-publish","format-standard","has-post-thumbnail","hentry","category-actualidad"],"aioseo_notices":[],"aioseo_head":"\n\t\t<!-- All in One SEO Pro 5.0.1 - aioseo.com -->\n\t<meta name=\"description\" content=\"El PSOE ha reclamado esta ma\u00f1ana que se fije \u201cfecha ya\u201d para la celebraci\u00f3n del debate de la moci\u00f3n de censura contra Cifuentes, que registr\u00f3 \u201cen tiempo y forma\u201d hace once d\u00edas el Partido Socialista en la Asamblea de Madrid, y ha acusado a la presidenta del PP de \u201catrincherarse en el cargo con el\" \/>\n\t<meta name=\"robots\" content=\"max-image-preview:large\" \/>\n\t<meta name=\"author\" content=\"El Digital de Asturias\"\/>\n\t<meta name=\"google-site-verification\" content=\"UA-38556648-1\" \/>\n\t<meta name=\"msvalidate.01\" content=\"7dfe9f3f1b24437ab69f4f2559babe99\" \/>\n\t<meta name=\"keywords\" content=\"actualidad\" \/>\n\t<link rel=\"canonical\" href=\"https:\/\/www.eldigitaldeasturias.com\/noticias\/el-psoe-reclama-fecha-ya-para-el-debate-de-la-mocion-de-censura-en-madrid\/\" \/>\n\t<meta name=\"generator\" content=\"All in One SEO Pro (AIOSEO) 5.0.1\" \/>\n\t\t<meta property=\"og:locale\" content=\"es_ES\" \/>\n\t\t<meta property=\"og:site_name\" content=\"El Digital de Asturias\" \/>\n\t\t<meta property=\"og:type\" content=\"article\" \/>\n\t\t<meta property=\"og:title\" content=\"El PSOE reclama \u201cfecha ya\u201d para el debate de la moci\u00f3n de censura en Madrid - El Digital de Asturias\" \/>\n\t\t<meta property=\"og:description\" content=\"El PSOE ha reclamado esta ma\u00f1ana que se fije \u201cfecha ya\u201d para la celebraci\u00f3n del debate de la moci\u00f3n de censura contra Cifuentes, que registr\u00f3 \u201cen tiempo y forma\u201d hace once d\u00edas el Partido Socialista en la Asamblea de Madrid, y ha acusado a la presidenta del PP de \u201catrincherarse en el cargo con el\" \/>\n\t\t<meta property=\"og:url\" content=\"https:\/\/www.eldigitaldeasturias.com\/noticias\/el-psoe-reclama-fecha-ya-para-el-debate-de-la-mocion-de-censura-en-madrid\/\" \/>\n\t\t<meta property=\"article:tag\" content=\"actualidad\" \/>\n\t\t<meta property=\"article:published_time\" content=\"2018-04-16T16:29:17+00:00\" \/>\n\t\t<meta property=\"article:modified_time\" content=\"2018-04-16T16:29:17+00:00\" \/>\n\t\t<meta property=\"article:publisher\" content=\"https:\/\/facebook.com\/eldigitaldeasturias\" \/>\n\t\t<meta name=\"twitter:card\" content=\"summary_large_image\" \/>\n\t\t<meta name=\"twitter:title\" content=\"El PSOE reclama \u201cfecha ya\u201d para el debate de la moci\u00f3n de censura en Madrid - El Digital de Asturias\" \/>\n\t\t<meta name=\"twitter:description\" content=\"El PSOE ha reclamado esta ma\u00f1ana que se fije \u201cfecha ya\u201d para la celebraci\u00f3n del debate de la moci\u00f3n de censura contra Cifuentes, que registr\u00f3 \u201cen tiempo y forma\u201d hace once d\u00edas el Partido Socialista en la Asamblea de Madrid, y ha acusado a la presidenta del PP de \u201catrincherarse en el cargo con el\" \/>\n\t\t<meta name=\"twitter:image\" content=\"https:\/\/www.eldigitaldeasturias.com\/noticias\/wp-content\/uploads\/2020\/12\/EDA-1.jpg\" \/>\n\t\t<meta name=\"twitter:label1\" content=\"Escrito por\" \/>\n\t\t<meta name=\"twitter:data1\" content=\"El Digital de Asturias\" \/>\n\t\t<meta name=\"twitter:label2\" content=\"Tiempo de lectura estimado\" \/>\n\t\t<meta name=\"twitter:data2\" content=\"3 minutos\" \/>\n\t\t<script type=\"application\/ld+json\" class=\"aioseo-schema\">\n\t\t\t{\"@context\":\"https:\\\/\\\/schema.org\",\"@graph\":[{\"@type\":\"BlogPosting\",\"@id\":\"https:\\\/\\\/www.eldigitaldeasturias.com\\\/noticias\\\/el-psoe-reclama-fecha-ya-para-el-debate-de-la-mocion-de-censura-en-madrid\\\/#blogposting\",\"name\":\"El PSOE reclama \\u201cfecha ya\\u201d para el debate de la moci\\u00f3n de censura en Madrid - El Digital de Asturias\",\"headline\":\"El PSOE reclama \\u201cfecha ya\\u201d para el debate de la moci\\u00f3n de censura en Madrid\",\"author\":{\"@id\":\"https:\\\/\\\/www.eldigitaldeasturias.com\\\/noticias\\\/author\\\/admin\\\/#author\"},\"publisher\":{\"@id\":\"https:\\\/\\\/www.eldigitaldeasturias.com\\\/noticias\\\/#organization\"},\"image\":{\"@type\":\"ImageObject\",\"url\":976270},\"datePublished\":\"2018-04-16T16:29:17+02:00\",\"dateModified\":\"2018-04-16T16:29:17+02:00\",\"inLanguage\":\"es-ES\",\"mainEntityOfPage\":{\"@id\":\"https:\\\/\\\/www.eldigitaldeasturias.com\\\/noticias\\\/el-psoe-reclama-fecha-ya-para-el-debate-de-la-mocion-de-censura-en-madrid\\\/#webpage\"},\"isPartOf\":{\"@id\":\"https:\\\/\\\/www.eldigitaldeasturias.com\\\/noticias\\\/el-psoe-reclama-fecha-ya-para-el-debate-de-la-mocion-de-censura-en-madrid\\\/#webpage\"},\"articleSection\":\"Actualidad\"},{\"@type\":\"BreadcrumbList\",\"@id\":\"https:\\\/\\\/www.eldigitaldeasturias.com\\\/noticias\\\/el-psoe-reclama-fecha-ya-para-el-debate-de-la-mocion-de-censura-en-madrid\\\/#breadcrumblist\",\"itemListElement\":[{\"@type\":\"ListItem\",\"@id\":\"https:\\\/\\\/www.eldigitaldeasturias.com\\\/noticias#listItem\",\"position\":1,\"name\":\"Home\",\"item\":\"https:\\\/\\\/www.eldigitaldeasturias.com\\\/noticias\",\"nextItem\":{\"@type\":\"ListItem\",\"@id\":\"https:\\\/\\\/www.eldigitaldeasturias.com\\\/noticias\\\/category\\\/actualidad\\\/#listItem\",\"name\":\"Actualidad\"}},{\"@type\":\"ListItem\",\"@id\":\"https:\\\/\\\/www.eldigitaldeasturias.com\\\/noticias\\\/category\\\/actualidad\\\/#listItem\",\"position\":2,\"name\":\"Actualidad\",\"item\":\"https:\\\/\\\/www.eldigitaldeasturias.com\\\/noticias\\\/category\\\/actualidad\\\/\",\"nextItem\":{\"@type\":\"ListItem\",\"@id\":\"https:\\\/\\\/www.eldigitaldeasturias.com\\\/noticias\\\/el-psoe-reclama-fecha-ya-para-el-debate-de-la-mocion-de-censura-en-madrid\\\/#listItem\",\"name\":\"El PSOE reclama \\u201cfecha ya\\u201d para el debate de la moci\\u00f3n de censura en Madrid\"},\"previousItem\":{\"@type\":\"ListItem\",\"@id\":\"https:\\\/\\\/www.eldigitaldeasturias.com\\\/noticias#listItem\",\"name\":\"Home\"}},{\"@type\":\"ListItem\",\"@id\":\"https:\\\/\\\/www.eldigitaldeasturias.com\\\/noticias\\\/el-psoe-reclama-fecha-ya-para-el-debate-de-la-mocion-de-censura-en-madrid\\\/#listItem\",\"position\":3,\"name\":\"El PSOE reclama \\u201cfecha ya\\u201d para el debate de la moci\\u00f3n de censura en Madrid\",\"previousItem\":{\"@type\":\"ListItem\",\"@id\":\"https:\\\/\\\/www.eldigitaldeasturias.com\\\/noticias\\\/category\\\/actualidad\\\/#listItem\",\"name\":\"Actualidad\"}}]},{\"@type\":\"Organization\",\"@id\":\"https:\\\/\\\/www.eldigitaldeasturias.com\\\/noticias\\\/#organization\",\"name\":\"El Digital de Asturias\",\"description\":\"Hemeroteca\",\"url\":\"https:\\\/\\\/www.eldigitaldeasturias.com\\\/noticias\\\/\",\"email\":\"info@eldigitaldeasturias.com\",\"telephone\":\"+34652131393\",\"logo\":{\"@type\":\"ImageObject\",\"url\":\"https:\\\/\\\/www.eldigitaldeasturias.com\\\/noticias\\\/wp-content\\\/uploads\\\/2020\\\/12\\\/EDA.jpg\",\"@id\":\"https:\\\/\\\/www.eldigitaldeasturias.com\\\/noticias\\\/el-psoe-reclama-fecha-ya-para-el-debate-de-la-mocion-de-censura-en-madrid\\\/#organizationLogo\"},\"image\":{\"@id\":\"https:\\\/\\\/www.eldigitaldeasturias.com\\\/noticias\\\/el-psoe-reclama-fecha-ya-para-el-debate-de-la-mocion-de-censura-en-madrid\\\/#organizationLogo\"},\"sameAs\":[\"https:\\\/\\\/facebook.com\\\/eldigitaldeasturias\",\"https:\\\/\\\/www.youtube.com\\\/channel\\\/UCZP-2wLEB9Rv6erhFmqVnvg\"],\"address\":{\"@id\":\"https:\\\/\\\/www.eldigitaldeasturias.com\\\/noticias\\\/#postaladdress\",\"@type\":\"PostalAddress\",\"streetAddress\":\"san antonio 4\",\"postalCode\":\"33430\",\"addressLocality\":\"Cand\\u00e1s\",\"addressRegion\":\"Asturias\",\"addressCountry\":\"ES\"}},{\"@type\":\"Person\",\"@id\":\"https:\\\/\\\/www.eldigitaldeasturias.com\\\/noticias\\\/author\\\/admin\\\/#author\",\"url\":\"https:\\\/\\\/www.eldigitaldeasturias.com\\\/noticias\\\/author\\\/admin\\\/\",\"name\":\"El Digital de Asturias\",\"image\":{\"@type\":\"ImageObject\",\"@id\":\"https:\\\/\\\/www.eldigitaldeasturias.com\\\/noticias\\\/el-psoe-reclama-fecha-ya-para-el-debate-de-la-mocion-de-censura-en-madrid\\\/#authorImage\",\"url\":\"https:\\\/\\\/secure.gravatar.com\\\/avatar\\\/df2aeffc32bcd13f8d26072ef8a91b623d677766deac7f97ca815868cd41bf5e?s=96&d=mm&r=g\",\"width\":96,\"height\":96,\"caption\":\"El Digital de Asturias\"}},{\"@type\":\"WebPage\",\"@id\":\"https:\\\/\\\/www.eldigitaldeasturias.com\\\/noticias\\\/el-psoe-reclama-fecha-ya-para-el-debate-de-la-mocion-de-censura-en-madrid\\\/#webpage\",\"url\":\"https:\\\/\\\/www.eldigitaldeasturias.com\\\/noticias\\\/el-psoe-reclama-fecha-ya-para-el-debate-de-la-mocion-de-censura-en-madrid\\\/\",\"name\":\"El PSOE reclama \\u201cfecha ya\\u201d para el debate de la moci\\u00f3n de censura en Madrid - El Digital de Asturias\",\"description\":\"El PSOE ha reclamado esta ma\\u00f1ana que se fije \\u201cfecha ya\\u201d para la celebraci\\u00f3n del debate de la moci\\u00f3n de censura contra Cifuentes, que registr\\u00f3 \\u201cen tiempo y forma\\u201d hace once d\\u00edas el Partido Socialista en la Asamblea de Madrid, y ha acusado a la presidenta del PP de \\u201catrincherarse en el cargo con el\",\"inLanguage\":\"es-ES\",\"isPartOf\":{\"@id\":\"https:\\\/\\\/www.eldigitaldeasturias.com\\\/noticias\\\/#website\"},\"breadcrumb\":{\"@id\":\"https:\\\/\\\/www.eldigitaldeasturias.com\\\/noticias\\\/el-psoe-reclama-fecha-ya-para-el-debate-de-la-mocion-de-censura-en-madrid\\\/#breadcrumblist\"},\"author\":{\"@id\":\"https:\\\/\\\/www.eldigitaldeasturias.com\\\/noticias\\\/author\\\/admin\\\/#author\"},\"creator\":{\"@id\":\"https:\\\/\\\/www.eldigitaldeasturias.com\\\/noticias\\\/author\\\/admin\\\/#author\"},\"image\":{\"@type\":\"ImageObject\",\"url\":976270,\"@id\":\"https:\\\/\\\/www.eldigitaldeasturias.com\\\/noticias\\\/el-psoe-reclama-fecha-ya-para-el-debate-de-la-mocion-de-censura-en-madrid\\\/#mainImage\"},\"primaryImageOfPage\":{\"@id\":\"https:\\\/\\\/www.eldigitaldeasturias.com\\\/noticias\\\/el-psoe-reclama-fecha-ya-para-el-debate-de-la-mocion-de-censura-en-madrid\\\/#mainImage\"},\"datePublished\":\"2018-04-16T16:29:17+02:00\",\"dateModified\":\"2018-04-16T16:29:17+02:00\"},{\"@type\":\"WebSite\",\"@id\":\"https:\\\/\\\/www.eldigitaldeasturias.com\\\/noticias\\\/#website\",\"url\":\"https:\\\/\\\/www.eldigitaldeasturias.com\\\/noticias\\\/\",\"name\":\"El Digital de Asturias - Diario de actualidad y noticias\",\"alternateName\":\"El Digital de Asturias - Diario de actualidad y noticias\",\"description\":\"Hemeroteca\",\"inLanguage\":\"es-ES\",\"publisher\":{\"@id\":\"https:\\\/\\\/www.eldigitaldeasturias.com\\\/noticias\\\/#organization\"}}]}\n\t\t<\/script>\n\t\t<!-- All in One SEO Pro -->\r\n\t\t<title>El PSOE reclama \u201cfecha ya\u201d para el debate de la moci\u00f3n de censura en Madrid - El Digital de Asturias<\/title>\n\n","aioseo_head_json":{"title":"El PSOE reclama \u201cfecha ya\u201d para el debate de la moci\u00f3n de censura en Madrid - El Digital de Asturias","description":"El PSOE ha reclamado esta ma\u00f1ana que se fije \u201cfecha ya\u201d para la celebraci\u00f3n del debate de la moci\u00f3n de censura contra Cifuentes, que registr\u00f3 \u201cen tiempo y forma\u201d hace once d\u00edas el Partido Socialista en la Asamblea de Madrid, y ha acusado a la presidenta del PP de \u201catrincherarse en el cargo con el","canonical_url":"https:\/\/www.eldigitaldeasturias.com\/noticias\/el-psoe-reclama-fecha-ya-para-el-debate-de-la-mocion-de-censura-en-madrid\/","robots":"max-image-preview:large","keywords":"actualidad","webmasterTools":{"google-site-verification":"UA-38556648-1","msvalidate.01":"7dfe9f3f1b24437ab69f4f2559babe99","miscellaneous":""},"schema":{"@context":"https:\/\/schema.org","@graph":[{"@type":"BlogPosting","@id":"https:\/\/www.eldigitaldeasturias.com\/noticias\/el-psoe-reclama-fecha-ya-para-el-debate-de-la-mocion-de-censura-en-madrid\/#blogposting","name":"El PSOE reclama \u201cfecha ya\u201d para el debate de la moci\u00f3n de censura en Madrid - El Digital de Asturias","headline":"El PSOE reclama \u201cfecha ya\u201d para el debate de la moci\u00f3n de censura en Madrid","author":{"@id":"https:\/\/www.eldigitaldeasturias.com\/noticias\/author\/admin\/#author"},"publisher":{"@id":"https:\/\/www.eldigitaldeasturias.com\/noticias\/#organization"},"image":{"@type":"ImageObject","url":976270},"datePublished":"2018-04-16T16:29:17+02:00","dateModified":"2018-04-16T16:29:17+02:00","inLanguage":"es-ES","mainEntityOfPage":{"@id":"https:\/\/www.eldigitaldeasturias.com\/noticias\/el-psoe-reclama-fecha-ya-para-el-debate-de-la-mocion-de-censura-en-madrid\/#webpage"},"isPartOf":{"@id":"https:\/\/www.eldigitaldeasturias.com\/noticias\/el-psoe-reclama-fecha-ya-para-el-debate-de-la-mocion-de-censura-en-madrid\/#webpage"},"articleSection":"Actualidad"},{"@type":"BreadcrumbList","@id":"https:\/\/www.eldigitaldeasturias.com\/noticias\/el-psoe-reclama-fecha-ya-para-el-debate-de-la-mocion-de-censura-en-madrid\/#breadcrumblist","itemListElement":[{"@type":"ListItem","@id":"https:\/\/www.eldigitaldeasturias.com\/noticias#listItem","position":1,"name":"Home","item":"https:\/\/www.eldigitaldeasturias.com\/noticias","nextItem":{"@type":"ListItem","@id":"https:\/\/www.eldigitaldeasturias.com\/noticias\/category\/actualidad\/#listItem","name":"Actualidad"}},{"@type":"ListItem","@id":"https:\/\/www.eldigitaldeasturias.com\/noticias\/category\/actualidad\/#listItem","position":2,"name":"Actualidad","item":"https:\/\/www.eldigitaldeasturias.com\/noticias\/category\/actualidad\/","nextItem":{"@type":"ListItem","@id":"https:\/\/www.eldigitaldeasturias.com\/noticias\/el-psoe-reclama-fecha-ya-para-el-debate-de-la-mocion-de-censura-en-madrid\/#listItem","name":"El PSOE reclama \u201cfecha ya\u201d para el debate de la moci\u00f3n de censura en Madrid"},"previousItem":{"@type":"ListItem","@id":"https:\/\/www.eldigitaldeasturias.com\/noticias#listItem","name":"Home"}},{"@type":"ListItem","@id":"https:\/\/www.eldigitaldeasturias.com\/noticias\/el-psoe-reclama-fecha-ya-para-el-debate-de-la-mocion-de-censura-en-madrid\/#listItem","position":3,"name":"El PSOE reclama \u201cfecha ya\u201d para el debate de la moci\u00f3n de censura en Madrid","previousItem":{"@type":"ListItem","@id":"https:\/\/www.eldigitaldeasturias.com\/noticias\/category\/actualidad\/#listItem","name":"Actualidad"}}]},{"@type":"Organization","@id":"https:\/\/www.eldigitaldeasturias.com\/noticias\/#organization","name":"El Digital de Asturias","description":"Hemeroteca","url":"https:\/\/www.eldigitaldeasturias.com\/noticias\/","email":"info@eldigitaldeasturias.com","telephone":"+34652131393","logo":{"@type":"ImageObject","url":"https:\/\/www.eldigitaldeasturias.com\/noticias\/wp-content\/uploads\/2020\/12\/EDA.jpg","@id":"https:\/\/www.eldigitaldeasturias.com\/noticias\/el-psoe-reclama-fecha-ya-para-el-debate-de-la-mocion-de-censura-en-madrid\/#organizationLogo"},"image":{"@id":"https:\/\/www.eldigitaldeasturias.com\/noticias\/el-psoe-reclama-fecha-ya-para-el-debate-de-la-mocion-de-censura-en-madrid\/#organizationLogo"},"sameAs":["https:\/\/facebook.com\/eldigitaldeasturias","https:\/\/www.youtube.com\/channel\/UCZP-2wLEB9Rv6erhFmqVnvg"],"address":{"@id":"https:\/\/www.eldigitaldeasturias.com\/noticias\/#postaladdress","@type":"PostalAddress","streetAddress":"san antonio 4","postalCode":"33430","addressLocality":"Cand\u00e1s","addressRegion":"Asturias","addressCountry":"ES"}},{"@type":"Person","@id":"https:\/\/www.eldigitaldeasturias.com\/noticias\/author\/admin\/#author","url":"https:\/\/www.eldigitaldeasturias.com\/noticias\/author\/admin\/","name":"El Digital de Asturias","image":{"@type":"ImageObject","@id":"https:\/\/www.eldigitaldeasturias.com\/noticias\/el-psoe-reclama-fecha-ya-para-el-debate-de-la-mocion-de-censura-en-madrid\/#authorImage","url":"https:\/\/secure.gravatar.com\/avatar\/df2aeffc32bcd13f8d26072ef8a91b623d677766deac7f97ca815868cd41bf5e?s=96&d=mm&r=g","width":96,"height":96,"caption":"El Digital de Asturias"}},{"@type":"WebPage","@id":"https:\/\/www.eldigitaldeasturias.com\/noticias\/el-psoe-reclama-fecha-ya-para-el-debate-de-la-mocion-de-censura-en-madrid\/#webpage","url":"https:\/\/www.eldigitaldeasturias.com\/noticias\/el-psoe-reclama-fecha-ya-para-el-debate-de-la-mocion-de-censura-en-madrid\/","name":"El PSOE reclama \u201cfecha ya\u201d para el debate de la moci\u00f3n de censura en Madrid - El Digital de Asturias","description":"El PSOE ha reclamado esta ma\u00f1ana que se fije \u201cfecha ya\u201d para la celebraci\u00f3n del debate de la moci\u00f3n de censura contra Cifuentes, que registr\u00f3 \u201cen tiempo y forma\u201d hace once d\u00edas el Partido Socialista en la Asamblea de Madrid, y ha acusado a la presidenta del PP de \u201catrincherarse en el cargo con el","inLanguage":"es-ES","isPartOf":{"@id":"https:\/\/www.eldigitaldeasturias.com\/noticias\/#website"},"breadcrumb":{"@id":"https:\/\/www.eldigitaldeasturias.com\/noticias\/el-psoe-reclama-fecha-ya-para-el-debate-de-la-mocion-de-censura-en-madrid\/#breadcrumblist"},"author":{"@id":"https:\/\/www.eldigitaldeasturias.com\/noticias\/author\/admin\/#author"},"creator":{"@id":"https:\/\/www.eldigitaldeasturias.com\/noticias\/author\/admin\/#author"},"image":{"@type":"ImageObject","url":976270,"@id":"https:\/\/www.eldigitaldeasturias.com\/noticias\/el-psoe-reclama-fecha-ya-para-el-debate-de-la-mocion-de-censura-en-madrid\/#mainImage"},"primaryImageOfPage":{"@id":"https:\/\/www.eldigitaldeasturias.com\/noticias\/el-psoe-reclama-fecha-ya-para-el-debate-de-la-mocion-de-censura-en-madrid\/#mainImage"},"datePublished":"2018-04-16T16:29:17+02:00","dateModified":"2018-04-16T16:29:17+02:00"},{"@type":"WebSite","@id":"https:\/\/www.eldigitaldeasturias.com\/noticias\/#website","url":"https:\/\/www.eldigitaldeasturias.com\/noticias\/","name":"El Digital de Asturias - Diario de actualidad y noticias","alternateName":"El Digital de Asturias - Diario de actualidad y noticias","description":"Hemeroteca","inLanguage":"es-ES","publisher":{"@id":"https:\/\/www.eldigitaldeasturias.com\/noticias\/#organization"}}]},"og:locale":"es_ES","og:site_name":"El Digital de Asturias","og:type":"article","og:title":"El PSOE reclama \u201cfecha ya\u201d para el debate de la moci\u00f3n de censura en Madrid - El Digital de Asturias","og:description":"El PSOE ha reclamado esta ma\u00f1ana que se fije \u201cfecha ya\u201d para la celebraci\u00f3n del debate de la moci\u00f3n de censura contra Cifuentes, que registr\u00f3 \u201cen tiempo y forma\u201d hace once d\u00edas el Partido Socialista en la Asamblea de Madrid, y ha acusado a la presidenta del PP de \u201catrincherarse en el cargo con el","og:url":"https:\/\/www.eldigitaldeasturias.com\/noticias\/el-psoe-reclama-fecha-ya-para-el-debate-de-la-mocion-de-censura-en-madrid\/","article:tag":["actualidad"],"article:published_time":"2018-04-16T16:29:17+00:00","article:modified_time":"2018-04-16T16:29:17+00:00","article:publisher":"https:\/\/facebook.com\/eldigitaldeasturias","twitter:card":"summary_large_image","twitter:title":"El PSOE reclama \u201cfecha ya\u201d para el debate de la moci\u00f3n de censura en Madrid - El Digital de Asturias","twitter:description":"El PSOE ha reclamado esta ma\u00f1ana que se fije \u201cfecha ya\u201d para la celebraci\u00f3n del debate de la moci\u00f3n de censura contra Cifuentes, que registr\u00f3 \u201cen tiempo y forma\u201d hace once d\u00edas el Partido Socialista en la Asamblea de Madrid, y ha acusado a la presidenta del PP de \u201catrincherarse en el cargo con el","twitter:image":"https:\/\/www.eldigitaldeasturias.com\/noticias\/wp-content\/uploads\/2020\/12\/EDA-1.jpg","twitter:label1":"Escrito por","twitter:data1":"El Digital de Asturias","twitter:label2":"Tiempo de lectura estimado","twitter:data2":"3 minutos"},"aioseo_meta_data":{"post_id":"976269","title":null,"description":null,"keywords":null,"keyphrases":null,"primary_term":null,"canonical_url":null,"og_title":null,"og_description":null,"og_object_type":"default","og_image_type":"default","og_image_url":null,"og_image_width":null,"og_image_height":null,"og_image_custom_url":null,"og_image_custom_fields":null,"og_video":null,"og_custom_url":null,"og_article_section":null,"og_article_tags":null,"twitter_use_og":false,"twitter_card":"default","twitter_image_type":"default","twitter_image_url":null,"twitter_image_custom_url":null,"twitter_image_custom_fields":null,"twitter_title":null,"twitter_description":null,"schema":{"blockGraphs":[],"customGraphs":[],"default":{"data":{"Article":[],"Course":[],"Dataset":[],"FAQPage":[],"Movie":[],"Person":[],"Product":[],"ProductReview":[],"Car":[],"Recipe":[],"Service":[],"SoftwareApplication":[],"WebPage":[]},"graphName":"","isEnabled":true},"graphs":[],"defaultGraph":"","defaultPostTypeGraph":""},"schema_type":null,"schema_type_options":null,"pillar_content":false,"robots_default":true,"robots_noindex":false,"robots_noarchive":false,"robots_nosnippet":false,"robots_nofollow":false,"robots_noimageindex":false,"robots_noodp":false,"robots_notranslate":false,"robots_max_snippet":null,"robots_max_videopreview":null,"robots_max_imagepreview":"large","priority":null,"frequency":null,"local_seo":null,"seo_analyzer_scan_date":"2025-10-08 03:16:06","breadcrumb_settings":null,"limit_modified_date":false,"open_ai":null,"ai":null,"created":"2020-12-21 12:08:36","updated":"2025-10-08 03:16:06","focus_keyword":null,"additional_keywords":null,"truseo_locale":null},"aioseo_breadcrumb":"<div class=\"aioseo-breadcrumbs\"><span class=\"aioseo-breadcrumb\">\n\t<a href=\"https:\/\/www.eldigitaldeasturias.com\/noticias\" title=\"Home\">Home<\/a>\n<\/span><span class=\"aioseo-breadcrumb-separator\">\u2013<\/span><span class=\"aioseo-breadcrumb\">\n\t<a href=\"https:\/\/www.eldigitaldeasturias.com\/noticias\/category\/actualidad\/\" title=\"Actualidad\">Actualidad<\/a>\n<\/span><span class=\"aioseo-breadcrumb-separator\">\u2013<\/span><span class=\"aioseo-breadcrumb\">\n\t<a href=\"https:\/\/www.eldigitaldeasturias.com\/noticias\/el-psoe-reclama-fecha-ya-para-el-debate-de-la-mocion-de-censura-en-madrid\/\" title=\"El PSOE reclama \u201cfecha ya\u201d para el debate de la moci\u00f3n de censura en Madrid\">El PSOE reclama \u201cfecha ya\u201d para el debate de la moci\u00f3n de censura en Madrid<\/a>\n<\/span><\/div>","aioseo_breadcrumb_json":[{"label":"Home","link":"https:\/\/www.eldigitaldeasturias.com\/noticias"},{"label":"Actualidad","link":"https:\/\/www.eldigitaldeasturias.com\/noticias\/category\/actualidad\/"},{"label":"El PSOE reclama \u201cfecha ya\u201d para el debate de la moci\u00f3n de censura en Madrid","link":"https:\/\/www.eldigitaldeasturias.com\/noticias\/el-psoe-reclama-fecha-ya-para-el-debate-de-la-mocion-de-censura-en-madrid\/"}],"_links":{"self":[{"href":"https:\/\/www.eldigitaldeasturias.com\/noticias\/wp-json\/wp\/v2\/posts\/976269","targetHints":{"allow":["GET"]}}],"collection":[{"href":"https:\/\/www.eldigitaldeasturias.com\/noticias\/wp-json\/wp\/v2\/posts"}],"about":[{"href":"https:\/\/www.eldigitaldeasturias.com\/noticias\/wp-json\/wp\/v2\/types\/post"}],"author":[{"embeddable":true,"href":"https:\/\/www.eldigitaldeasturias.com\/noticias\/wp-json\/wp\/v2\/users\/1"}],"replies":[{"embeddable":true,"href":"https:\/\/www.eldigitaldeasturias.com\/noticias\/wp-json\/wp\/v2\/comments?post=976269"}],"version-history":[{"count":0,"href":"https:\/\/www.eldigitaldeasturias.com\/noticias\/wp-json\/wp\/v2\/posts\/976269\/revisions"}],"wp:attachment":[{"href":"https:\/\/www.eldigitaldeasturias.com\/noticias\/wp-json\/wp\/v2\/media?parent=976269"}],"wp:term":[{"taxonomy":"category","embeddable":true,"href":"https:\/\/www.eldigitaldeasturias.com\/noticias\/wp-json\/wp\/v2\/categories?post=976269"},{"taxonomy":"post_tag","embeddable":true,"href":"https:\/\/www.eldigitaldeasturias.com\/noticias\/wp-json\/wp\/v2\/tags?post=976269"}],"curies":[{"name":"wp","href":"https:\/\/api.w.org\/{rel}","templated":true}]}}