{"id":976238,"date":"2018-04-16T03:59:21","date_gmt":"2018-04-16T03:59:21","guid":{"rendered":"http:\/\/www.eldigitaldeasturias.com\/noticias\/?p=976238"},"modified":"2018-04-16T03:59:21","modified_gmt":"2018-04-16T03:59:21","slug":"grupos-anti-brexit-lanzan-la-campana-voto-del-pueblo","status":"publish","type":"post","link":"https:\/\/www.eldigitaldeasturias.com\/noticias\/grupos-anti-brexit-lanzan-la-campana-voto-del-pueblo\/","title":{"rendered":"Grupos anti \u00abBrexit\u00bb lanzan la campa\u00f1a \u00abVoto del Pueblo\u00bb"},"content":{"rendered":"<p><img loading=\"lazy\" decoding=\"async\" class=\"alignleft size-medium wp-image-893943\" src=\"https:\/\/www.eldigitaldeasturias.com\/noticias\/wp-content\/uploads\/2016\/06\/londres-360x240.jpg\" alt=\"\" width=\"360\" height=\"240\" \/>Londres, 15 abr (dpa) &#8211; Grupos anti \u00abBrexit\u00bb liderados por la organizaci\u00f3n brit\u00e1nica pro-europea Open Britain lanzaron hoy la campa\u00f1a \u00abVoto del Pueblo\u00bb, con el objetivo de votar el acuerdo final sobre la salida del Reino Unido de la Uni\u00f3n Europea (UE).<\/p>\n<p>Legisladores pro-europeos de diferentes tendencias -desde los conservadores de la primera ministra, Theresa May, hasta opositores laboristas, liberales y verdes- participaron hoy en el acto de lanzamiento de la iniciativa, al que asistieron cientos de personas.<\/p>\n<p>\u00abEl &#8216;Brexit&#8217; es un asunto grande, no un asunto hecho, y es demasiado importante como para que los pol\u00edticas decidan por s\u00ed solos, motivo por el cual hoy hemos lanzado la campa\u00f1a por un &#8216;Voto del Pueblo&#8217; en el acuerdo final del &#8216;Brexit'\u00bb, dijo el laborista Chuka Umunna, quien dijo que espera que su partido cambie su postura y respalde una nueva votaci\u00f3n.<\/p>\n<p>El actor Patrick Stewart fue una de las varias celebridades que asistieron al acto, mientras que el l\u00edder liberal dem\u00f3crata Vince Cable dijo que estaba \u00aborgulloso de apoyar\u00bb la campa\u00f1a. \u00abComo han dicho desde hace mucho los lib dems (liberales dem\u00f3cratas), debe ser el pueblo y no los pol\u00edticos quienes tengan la \u00faltima palabra en el acuerdo sobre el &#8216;Brexit'\u00bb, escribi\u00f3 en Twitter.<\/p>\n<p>May descart\u00f3 reiteradamente la posibilidad de un segundo refer\u00e9ndum sobre el \u00abBrexit\u00bb, pero ha prometido consultar al Parlamento sobre el acuerdo final sobre la salida del pa\u00eds del bloque.<\/p>\n","protected":false},"excerpt":{"rendered":"<p>Londres, 15 abr (dpa) &#8211; Grupos anti \u00abBrexit\u00bb liderados por la organizaci\u00f3n brit\u00e1nica pro-europea Open Britain lanzaron hoy la campa\u00f1a \u00abVoto del Pueblo\u00bb, con el objetivo de votar el acuerdo final sobre la salida del Reino Unido de la Uni\u00f3n Europea (UE). Legisladores pro-europeos de diferentes tendencias -desde los conservadores de la primera ministra, Theresa [&hellip;]<\/p>\n","protected":false},"author":1,"featured_media":893943,"comment_status":"closed","ping_status":"closed","sticky":false,"template":"","format":"standard","meta":{"footnotes":""},"categories":[1],"tags":[],"class_list":["post-976238","post","type-post","status-publish","format-standard","has-post-thumbnail","hentry","category-actualidad"],"aioseo_notices":[],"aioseo_head":"\n\t\t<!-- All in One SEO Pro 5.0.1 - aioseo.com -->\n\t<meta name=\"description\" content=\"Londres, 15 abr (dpa) - Grupos anti &quot;Brexit&quot; liderados por la organizaci\u00f3n brit\u00e1nica pro-europea Open Britain lanzaron hoy la campa\u00f1a &quot;Voto del Pueblo&quot;, con el objetivo de votar el acuerdo final sobre la salida del Reino Unido de la Uni\u00f3n Europea (UE). Legisladores pro-europeos de diferentes tendencias -desde los conservadores de la primera ministra, Theresa\" \/>\n\t<meta name=\"robots\" content=\"max-image-preview:large\" \/>\n\t<meta name=\"author\" content=\"El Digital de Asturias\"\/>\n\t<meta name=\"google-site-verification\" content=\"UA-38556648-1\" \/>\n\t<meta name=\"msvalidate.01\" content=\"7dfe9f3f1b24437ab69f4f2559babe99\" \/>\n\t<meta name=\"keywords\" content=\"actualidad\" \/>\n\t<link rel=\"canonical\" href=\"https:\/\/www.eldigitaldeasturias.com\/noticias\/grupos-anti-brexit-lanzan-la-campana-voto-del-pueblo\/\" \/>\n\t<meta name=\"generator\" content=\"All in One SEO Pro (AIOSEO) 5.0.1\" \/>\n\t\t<meta property=\"og:locale\" content=\"es_ES\" \/>\n\t\t<meta property=\"og:site_name\" content=\"El Digital de Asturias\" \/>\n\t\t<meta property=\"og:type\" content=\"article\" \/>\n\t\t<meta property=\"og:title\" content=\"Grupos anti \u00abBrexit\u00bb lanzan la campa\u00f1a \u00abVoto del Pueblo\u00bb - El Digital de Asturias\" \/>\n\t\t<meta property=\"og:description\" content=\"Londres, 15 abr (dpa) - Grupos anti &quot;Brexit&quot; liderados por la organizaci\u00f3n brit\u00e1nica pro-europea Open Britain lanzaron hoy la campa\u00f1a &quot;Voto del Pueblo&quot;, con el objetivo de votar el acuerdo final sobre la salida del Reino Unido de la Uni\u00f3n Europea (UE). Legisladores pro-europeos de diferentes tendencias -desde los conservadores de la primera ministra, Theresa\" \/>\n\t\t<meta property=\"og:url\" content=\"https:\/\/www.eldigitaldeasturias.com\/noticias\/grupos-anti-brexit-lanzan-la-campana-voto-del-pueblo\/\" \/>\n\t\t<meta property=\"article:tag\" content=\"actualidad\" \/>\n\t\t<meta property=\"article:published_time\" content=\"2018-04-16T03:59:21+00:00\" \/>\n\t\t<meta property=\"article:modified_time\" content=\"2018-04-16T03:59:21+00:00\" \/>\n\t\t<meta property=\"article:publisher\" content=\"https:\/\/facebook.com\/eldigitaldeasturias\" \/>\n\t\t<meta name=\"twitter:card\" content=\"summary_large_image\" \/>\n\t\t<meta name=\"twitter:title\" content=\"Grupos anti \u00abBrexit\u00bb lanzan la campa\u00f1a \u00abVoto del Pueblo\u00bb - El Digital de Asturias\" \/>\n\t\t<meta name=\"twitter:description\" content=\"Londres, 15 abr (dpa) - Grupos anti &quot;Brexit&quot; liderados por la organizaci\u00f3n brit\u00e1nica pro-europea Open Britain lanzaron hoy la campa\u00f1a &quot;Voto del Pueblo&quot;, con el objetivo de votar el acuerdo final sobre la salida del Reino Unido de la Uni\u00f3n Europea (UE). Legisladores pro-europeos de diferentes tendencias -desde los conservadores de la primera ministra, Theresa\" \/>\n\t\t<meta name=\"twitter:image\" content=\"https:\/\/www.eldigitaldeasturias.com\/noticias\/wp-content\/uploads\/2020\/12\/EDA-1.jpg\" \/>\n\t\t<meta name=\"twitter:label1\" content=\"Escrito por\" \/>\n\t\t<meta name=\"twitter:data1\" content=\"El Digital de Asturias\" \/>\n\t\t<meta name=\"twitter:label2\" content=\"Tiempo de lectura estimado\" \/>\n\t\t<meta name=\"twitter:data2\" content=\"1 minuto\" \/>\n\t\t<script type=\"application\/ld+json\" class=\"aioseo-schema\">\n\t\t\t{\"@context\":\"https:\\\/\\\/schema.org\",\"@graph\":[{\"@type\":\"BlogPosting\",\"@id\":\"https:\\\/\\\/www.eldigitaldeasturias.com\\\/noticias\\\/grupos-anti-brexit-lanzan-la-campana-voto-del-pueblo\\\/#blogposting\",\"name\":\"Grupos anti \\u00abBrexit\\u00bb lanzan la campa\\u00f1a \\u00abVoto del Pueblo\\u00bb - El Digital de Asturias\",\"headline\":\"Grupos anti \\u00abBrexit\\u00bb lanzan la campa\\u00f1a \\u00abVoto del Pueblo\\u00bb\",\"author\":{\"@id\":\"https:\\\/\\\/www.eldigitaldeasturias.com\\\/noticias\\\/author\\\/admin\\\/#author\"},\"publisher\":{\"@id\":\"https:\\\/\\\/www.eldigitaldeasturias.com\\\/noticias\\\/#organization\"},\"image\":{\"@type\":\"ImageObject\",\"url\":893943},\"datePublished\":\"2018-04-16T03:59:21+02:00\",\"dateModified\":\"2018-04-16T03:59:21+02:00\",\"inLanguage\":\"es-ES\",\"mainEntityOfPage\":{\"@id\":\"https:\\\/\\\/www.eldigitaldeasturias.com\\\/noticias\\\/grupos-anti-brexit-lanzan-la-campana-voto-del-pueblo\\\/#webpage\"},\"isPartOf\":{\"@id\":\"https:\\\/\\\/www.eldigitaldeasturias.com\\\/noticias\\\/grupos-anti-brexit-lanzan-la-campana-voto-del-pueblo\\\/#webpage\"},\"articleSection\":\"Actualidad\"},{\"@type\":\"BreadcrumbList\",\"@id\":\"https:\\\/\\\/www.eldigitaldeasturias.com\\\/noticias\\\/grupos-anti-brexit-lanzan-la-campana-voto-del-pueblo\\\/#breadcrumblist\",\"itemListElement\":[{\"@type\":\"ListItem\",\"@id\":\"https:\\\/\\\/www.eldigitaldeasturias.com\\\/noticias#listItem\",\"position\":1,\"name\":\"Home\",\"item\":\"https:\\\/\\\/www.eldigitaldeasturias.com\\\/noticias\",\"nextItem\":{\"@type\":\"ListItem\",\"@id\":\"https:\\\/\\\/www.eldigitaldeasturias.com\\\/noticias\\\/category\\\/actualidad\\\/#listItem\",\"name\":\"Actualidad\"}},{\"@type\":\"ListItem\",\"@id\":\"https:\\\/\\\/www.eldigitaldeasturias.com\\\/noticias\\\/category\\\/actualidad\\\/#listItem\",\"position\":2,\"name\":\"Actualidad\",\"item\":\"https:\\\/\\\/www.eldigitaldeasturias.com\\\/noticias\\\/category\\\/actualidad\\\/\",\"nextItem\":{\"@type\":\"ListItem\",\"@id\":\"https:\\\/\\\/www.eldigitaldeasturias.com\\\/noticias\\\/grupos-anti-brexit-lanzan-la-campana-voto-del-pueblo\\\/#listItem\",\"name\":\"Grupos anti \\u00abBrexit\\u00bb lanzan la campa\\u00f1a \\u00abVoto del Pueblo\\u00bb\"},\"previousItem\":{\"@type\":\"ListItem\",\"@id\":\"https:\\\/\\\/www.eldigitaldeasturias.com\\\/noticias#listItem\",\"name\":\"Home\"}},{\"@type\":\"ListItem\",\"@id\":\"https:\\\/\\\/www.eldigitaldeasturias.com\\\/noticias\\\/grupos-anti-brexit-lanzan-la-campana-voto-del-pueblo\\\/#listItem\",\"position\":3,\"name\":\"Grupos anti \\u00abBrexit\\u00bb lanzan la campa\\u00f1a \\u00abVoto del Pueblo\\u00bb\",\"previousItem\":{\"@type\":\"ListItem\",\"@id\":\"https:\\\/\\\/www.eldigitaldeasturias.com\\\/noticias\\\/category\\\/actualidad\\\/#listItem\",\"name\":\"Actualidad\"}}]},{\"@type\":\"Organization\",\"@id\":\"https:\\\/\\\/www.eldigitaldeasturias.com\\\/noticias\\\/#organization\",\"name\":\"El Digital de Asturias\",\"description\":\"Hemeroteca\",\"url\":\"https:\\\/\\\/www.eldigitaldeasturias.com\\\/noticias\\\/\",\"email\":\"info@eldigitaldeasturias.com\",\"telephone\":\"+34652131393\",\"logo\":{\"@type\":\"ImageObject\",\"url\":\"https:\\\/\\\/www.eldigitaldeasturias.com\\\/noticias\\\/wp-content\\\/uploads\\\/2020\\\/12\\\/EDA.jpg\",\"@id\":\"https:\\\/\\\/www.eldigitaldeasturias.com\\\/noticias\\\/grupos-anti-brexit-lanzan-la-campana-voto-del-pueblo\\\/#organizationLogo\"},\"image\":{\"@id\":\"https:\\\/\\\/www.eldigitaldeasturias.com\\\/noticias\\\/grupos-anti-brexit-lanzan-la-campana-voto-del-pueblo\\\/#organizationLogo\"},\"sameAs\":[\"https:\\\/\\\/facebook.com\\\/eldigitaldeasturias\",\"https:\\\/\\\/www.youtube.com\\\/channel\\\/UCZP-2wLEB9Rv6erhFmqVnvg\"],\"address\":{\"@id\":\"https:\\\/\\\/www.eldigitaldeasturias.com\\\/noticias\\\/#postaladdress\",\"@type\":\"PostalAddress\",\"streetAddress\":\"san antonio 4\",\"postalCode\":\"33430\",\"addressLocality\":\"Cand\\u00e1s\",\"addressRegion\":\"Asturias\",\"addressCountry\":\"ES\"}},{\"@type\":\"Person\",\"@id\":\"https:\\\/\\\/www.eldigitaldeasturias.com\\\/noticias\\\/author\\\/admin\\\/#author\",\"url\":\"https:\\\/\\\/www.eldigitaldeasturias.com\\\/noticias\\\/author\\\/admin\\\/\",\"name\":\"El Digital de Asturias\",\"image\":{\"@type\":\"ImageObject\",\"@id\":\"https:\\\/\\\/www.eldigitaldeasturias.com\\\/noticias\\\/grupos-anti-brexit-lanzan-la-campana-voto-del-pueblo\\\/#authorImage\",\"url\":\"https:\\\/\\\/secure.gravatar.com\\\/avatar\\\/df2aeffc32bcd13f8d26072ef8a91b623d677766deac7f97ca815868cd41bf5e?s=96&d=mm&r=g\",\"width\":96,\"height\":96,\"caption\":\"El Digital de Asturias\"}},{\"@type\":\"WebPage\",\"@id\":\"https:\\\/\\\/www.eldigitaldeasturias.com\\\/noticias\\\/grupos-anti-brexit-lanzan-la-campana-voto-del-pueblo\\\/#webpage\",\"url\":\"https:\\\/\\\/www.eldigitaldeasturias.com\\\/noticias\\\/grupos-anti-brexit-lanzan-la-campana-voto-del-pueblo\\\/\",\"name\":\"Grupos anti \\u00abBrexit\\u00bb lanzan la campa\\u00f1a \\u00abVoto del Pueblo\\u00bb - El Digital de Asturias\",\"description\":\"Londres, 15 abr (dpa) - Grupos anti \\\"Brexit\\\" liderados por la organizaci\\u00f3n brit\\u00e1nica pro-europea Open Britain lanzaron hoy la campa\\u00f1a \\\"Voto del Pueblo\\\", con el objetivo de votar el acuerdo final sobre la salida del Reino Unido de la Uni\\u00f3n Europea (UE). Legisladores pro-europeos de diferentes tendencias -desde los conservadores de la primera ministra, Theresa\",\"inLanguage\":\"es-ES\",\"isPartOf\":{\"@id\":\"https:\\\/\\\/www.eldigitaldeasturias.com\\\/noticias\\\/#website\"},\"breadcrumb\":{\"@id\":\"https:\\\/\\\/www.eldigitaldeasturias.com\\\/noticias\\\/grupos-anti-brexit-lanzan-la-campana-voto-del-pueblo\\\/#breadcrumblist\"},\"author\":{\"@id\":\"https:\\\/\\\/www.eldigitaldeasturias.com\\\/noticias\\\/author\\\/admin\\\/#author\"},\"creator\":{\"@id\":\"https:\\\/\\\/www.eldigitaldeasturias.com\\\/noticias\\\/author\\\/admin\\\/#author\"},\"image\":{\"@type\":\"ImageObject\",\"url\":893943,\"@id\":\"https:\\\/\\\/www.eldigitaldeasturias.com\\\/noticias\\\/grupos-anti-brexit-lanzan-la-campana-voto-del-pueblo\\\/#mainImage\"},\"primaryImageOfPage\":{\"@id\":\"https:\\\/\\\/www.eldigitaldeasturias.com\\\/noticias\\\/grupos-anti-brexit-lanzan-la-campana-voto-del-pueblo\\\/#mainImage\"},\"datePublished\":\"2018-04-16T03:59:21+02:00\",\"dateModified\":\"2018-04-16T03:59:21+02:00\"},{\"@type\":\"WebSite\",\"@id\":\"https:\\\/\\\/www.eldigitaldeasturias.com\\\/noticias\\\/#website\",\"url\":\"https:\\\/\\\/www.eldigitaldeasturias.com\\\/noticias\\\/\",\"name\":\"El Digital de Asturias - Diario de actualidad y noticias\",\"alternateName\":\"El Digital de Asturias - Diario de actualidad y noticias\",\"description\":\"Hemeroteca\",\"inLanguage\":\"es-ES\",\"publisher\":{\"@id\":\"https:\\\/\\\/www.eldigitaldeasturias.com\\\/noticias\\\/#organization\"}}]}\n\t\t<\/script>\n\t\t<!-- All in One SEO Pro -->\r\n\t\t<title>Grupos anti \u00abBrexit\u00bb lanzan la campa\u00f1a \u00abVoto del Pueblo\u00bb - El Digital de Asturias<\/title>\n\n","aioseo_head_json":{"title":"Grupos anti \u00abBrexit\u00bb lanzan la campa\u00f1a \u00abVoto del Pueblo\u00bb - El Digital de Asturias","description":"Londres, 15 abr (dpa) - Grupos anti \"Brexit\" liderados por la organizaci\u00f3n brit\u00e1nica pro-europea Open Britain lanzaron hoy la campa\u00f1a \"Voto del Pueblo\", con el objetivo de votar el acuerdo final sobre la salida del Reino Unido de la Uni\u00f3n Europea (UE). Legisladores pro-europeos de diferentes tendencias -desde los conservadores de la primera ministra, Theresa","canonical_url":"https:\/\/www.eldigitaldeasturias.com\/noticias\/grupos-anti-brexit-lanzan-la-campana-voto-del-pueblo\/","robots":"max-image-preview:large","keywords":"actualidad","webmasterTools":{"google-site-verification":"UA-38556648-1","msvalidate.01":"7dfe9f3f1b24437ab69f4f2559babe99","miscellaneous":""},"schema":{"@context":"https:\/\/schema.org","@graph":[{"@type":"BlogPosting","@id":"https:\/\/www.eldigitaldeasturias.com\/noticias\/grupos-anti-brexit-lanzan-la-campana-voto-del-pueblo\/#blogposting","name":"Grupos anti \u00abBrexit\u00bb lanzan la campa\u00f1a \u00abVoto del Pueblo\u00bb - El Digital de Asturias","headline":"Grupos anti \u00abBrexit\u00bb lanzan la campa\u00f1a \u00abVoto del Pueblo\u00bb","author":{"@id":"https:\/\/www.eldigitaldeasturias.com\/noticias\/author\/admin\/#author"},"publisher":{"@id":"https:\/\/www.eldigitaldeasturias.com\/noticias\/#organization"},"image":{"@type":"ImageObject","url":893943},"datePublished":"2018-04-16T03:59:21+02:00","dateModified":"2018-04-16T03:59:21+02:00","inLanguage":"es-ES","mainEntityOfPage":{"@id":"https:\/\/www.eldigitaldeasturias.com\/noticias\/grupos-anti-brexit-lanzan-la-campana-voto-del-pueblo\/#webpage"},"isPartOf":{"@id":"https:\/\/www.eldigitaldeasturias.com\/noticias\/grupos-anti-brexit-lanzan-la-campana-voto-del-pueblo\/#webpage"},"articleSection":"Actualidad"},{"@type":"BreadcrumbList","@id":"https:\/\/www.eldigitaldeasturias.com\/noticias\/grupos-anti-brexit-lanzan-la-campana-voto-del-pueblo\/#breadcrumblist","itemListElement":[{"@type":"ListItem","@id":"https:\/\/www.eldigitaldeasturias.com\/noticias#listItem","position":1,"name":"Home","item":"https:\/\/www.eldigitaldeasturias.com\/noticias","nextItem":{"@type":"ListItem","@id":"https:\/\/www.eldigitaldeasturias.com\/noticias\/category\/actualidad\/#listItem","name":"Actualidad"}},{"@type":"ListItem","@id":"https:\/\/www.eldigitaldeasturias.com\/noticias\/category\/actualidad\/#listItem","position":2,"name":"Actualidad","item":"https:\/\/www.eldigitaldeasturias.com\/noticias\/category\/actualidad\/","nextItem":{"@type":"ListItem","@id":"https:\/\/www.eldigitaldeasturias.com\/noticias\/grupos-anti-brexit-lanzan-la-campana-voto-del-pueblo\/#listItem","name":"Grupos anti \u00abBrexit\u00bb lanzan la campa\u00f1a \u00abVoto del Pueblo\u00bb"},"previousItem":{"@type":"ListItem","@id":"https:\/\/www.eldigitaldeasturias.com\/noticias#listItem","name":"Home"}},{"@type":"ListItem","@id":"https:\/\/www.eldigitaldeasturias.com\/noticias\/grupos-anti-brexit-lanzan-la-campana-voto-del-pueblo\/#listItem","position":3,"name":"Grupos anti \u00abBrexit\u00bb lanzan la campa\u00f1a \u00abVoto del Pueblo\u00bb","previousItem":{"@type":"ListItem","@id":"https:\/\/www.eldigitaldeasturias.com\/noticias\/category\/actualidad\/#listItem","name":"Actualidad"}}]},{"@type":"Organization","@id":"https:\/\/www.eldigitaldeasturias.com\/noticias\/#organization","name":"El Digital de Asturias","description":"Hemeroteca","url":"https:\/\/www.eldigitaldeasturias.com\/noticias\/","email":"info@eldigitaldeasturias.com","telephone":"+34652131393","logo":{"@type":"ImageObject","url":"https:\/\/www.eldigitaldeasturias.com\/noticias\/wp-content\/uploads\/2020\/12\/EDA.jpg","@id":"https:\/\/www.eldigitaldeasturias.com\/noticias\/grupos-anti-brexit-lanzan-la-campana-voto-del-pueblo\/#organizationLogo"},"image":{"@id":"https:\/\/www.eldigitaldeasturias.com\/noticias\/grupos-anti-brexit-lanzan-la-campana-voto-del-pueblo\/#organizationLogo"},"sameAs":["https:\/\/facebook.com\/eldigitaldeasturias","https:\/\/www.youtube.com\/channel\/UCZP-2wLEB9Rv6erhFmqVnvg"],"address":{"@id":"https:\/\/www.eldigitaldeasturias.com\/noticias\/#postaladdress","@type":"PostalAddress","streetAddress":"san antonio 4","postalCode":"33430","addressLocality":"Cand\u00e1s","addressRegion":"Asturias","addressCountry":"ES"}},{"@type":"Person","@id":"https:\/\/www.eldigitaldeasturias.com\/noticias\/author\/admin\/#author","url":"https:\/\/www.eldigitaldeasturias.com\/noticias\/author\/admin\/","name":"El Digital de Asturias","image":{"@type":"ImageObject","@id":"https:\/\/www.eldigitaldeasturias.com\/noticias\/grupos-anti-brexit-lanzan-la-campana-voto-del-pueblo\/#authorImage","url":"https:\/\/secure.gravatar.com\/avatar\/df2aeffc32bcd13f8d26072ef8a91b623d677766deac7f97ca815868cd41bf5e?s=96&d=mm&r=g","width":96,"height":96,"caption":"El Digital de Asturias"}},{"@type":"WebPage","@id":"https:\/\/www.eldigitaldeasturias.com\/noticias\/grupos-anti-brexit-lanzan-la-campana-voto-del-pueblo\/#webpage","url":"https:\/\/www.eldigitaldeasturias.com\/noticias\/grupos-anti-brexit-lanzan-la-campana-voto-del-pueblo\/","name":"Grupos anti \u00abBrexit\u00bb lanzan la campa\u00f1a \u00abVoto del Pueblo\u00bb - El Digital de Asturias","description":"Londres, 15 abr (dpa) - Grupos anti \"Brexit\" liderados por la organizaci\u00f3n brit\u00e1nica pro-europea Open Britain lanzaron hoy la campa\u00f1a \"Voto del Pueblo\", con el objetivo de votar el acuerdo final sobre la salida del Reino Unido de la Uni\u00f3n Europea (UE). Legisladores pro-europeos de diferentes tendencias -desde los conservadores de la primera ministra, Theresa","inLanguage":"es-ES","isPartOf":{"@id":"https:\/\/www.eldigitaldeasturias.com\/noticias\/#website"},"breadcrumb":{"@id":"https:\/\/www.eldigitaldeasturias.com\/noticias\/grupos-anti-brexit-lanzan-la-campana-voto-del-pueblo\/#breadcrumblist"},"author":{"@id":"https:\/\/www.eldigitaldeasturias.com\/noticias\/author\/admin\/#author"},"creator":{"@id":"https:\/\/www.eldigitaldeasturias.com\/noticias\/author\/admin\/#author"},"image":{"@type":"ImageObject","url":893943,"@id":"https:\/\/www.eldigitaldeasturias.com\/noticias\/grupos-anti-brexit-lanzan-la-campana-voto-del-pueblo\/#mainImage"},"primaryImageOfPage":{"@id":"https:\/\/www.eldigitaldeasturias.com\/noticias\/grupos-anti-brexit-lanzan-la-campana-voto-del-pueblo\/#mainImage"},"datePublished":"2018-04-16T03:59:21+02:00","dateModified":"2018-04-16T03:59:21+02:00"},{"@type":"WebSite","@id":"https:\/\/www.eldigitaldeasturias.com\/noticias\/#website","url":"https:\/\/www.eldigitaldeasturias.com\/noticias\/","name":"El Digital de Asturias - Diario de actualidad y noticias","alternateName":"El Digital de Asturias - Diario de actualidad y noticias","description":"Hemeroteca","inLanguage":"es-ES","publisher":{"@id":"https:\/\/www.eldigitaldeasturias.com\/noticias\/#organization"}}]},"og:locale":"es_ES","og:site_name":"El Digital de Asturias","og:type":"article","og:title":"Grupos anti \u00abBrexit\u00bb lanzan la campa\u00f1a \u00abVoto del Pueblo\u00bb - El Digital de Asturias","og:description":"Londres, 15 abr (dpa) - Grupos anti &quot;Brexit&quot; liderados por la organizaci\u00f3n brit\u00e1nica pro-europea Open Britain lanzaron hoy la campa\u00f1a &quot;Voto del Pueblo&quot;, con el objetivo de votar el acuerdo final sobre la salida del Reino Unido de la Uni\u00f3n Europea (UE). Legisladores pro-europeos de diferentes tendencias -desde los conservadores de la primera ministra, Theresa","og:url":"https:\/\/www.eldigitaldeasturias.com\/noticias\/grupos-anti-brexit-lanzan-la-campana-voto-del-pueblo\/","article:tag":["actualidad"],"article:published_time":"2018-04-16T03:59:21+00:00","article:modified_time":"2018-04-16T03:59:21+00:00","article:publisher":"https:\/\/facebook.com\/eldigitaldeasturias","twitter:card":"summary_large_image","twitter:title":"Grupos anti \u00abBrexit\u00bb lanzan la campa\u00f1a \u00abVoto del Pueblo\u00bb - El Digital de Asturias","twitter:description":"Londres, 15 abr (dpa) - Grupos anti &quot;Brexit&quot; liderados por la organizaci\u00f3n brit\u00e1nica pro-europea Open Britain lanzaron hoy la campa\u00f1a &quot;Voto del Pueblo&quot;, con el objetivo de votar el acuerdo final sobre la salida del Reino Unido de la Uni\u00f3n Europea (UE). Legisladores pro-europeos de diferentes tendencias -desde los conservadores de la primera ministra, Theresa","twitter:image":"https:\/\/www.eldigitaldeasturias.com\/noticias\/wp-content\/uploads\/2020\/12\/EDA-1.jpg","twitter:label1":"Escrito por","twitter:data1":"El Digital de Asturias","twitter:label2":"Tiempo de lectura estimado","twitter:data2":"1 minuto"},"aioseo_meta_data":{"post_id":"976238","title":null,"description":null,"keywords":null,"keyphrases":null,"primary_term":null,"canonical_url":null,"og_title":null,"og_description":null,"og_object_type":"default","og_image_type":"default","og_image_url":null,"og_image_width":null,"og_image_height":null,"og_image_custom_url":null,"og_image_custom_fields":null,"og_video":null,"og_custom_url":null,"og_article_section":null,"og_article_tags":null,"twitter_use_og":false,"twitter_card":"default","twitter_image_type":"default","twitter_image_url":null,"twitter_image_custom_url":null,"twitter_image_custom_fields":null,"twitter_title":null,"twitter_description":null,"schema":{"blockGraphs":[],"customGraphs":[],"default":{"data":{"Article":[],"Course":[],"Dataset":[],"FAQPage":[],"Movie":[],"Person":[],"Product":[],"ProductReview":[],"Car":[],"Recipe":[],"Service":[],"SoftwareApplication":[],"WebPage":[]},"graphName":"","isEnabled":true},"graphs":[],"defaultGraph":"","defaultPostTypeGraph":""},"schema_type":null,"schema_type_options":null,"pillar_content":false,"robots_default":true,"robots_noindex":false,"robots_noarchive":false,"robots_nosnippet":false,"robots_nofollow":false,"robots_noimageindex":false,"robots_noodp":false,"robots_notranslate":false,"robots_max_snippet":null,"robots_max_videopreview":null,"robots_max_imagepreview":"large","priority":null,"frequency":null,"local_seo":null,"seo_analyzer_scan_date":"2025-10-08 03:10:03","breadcrumb_settings":null,"limit_modified_date":false,"open_ai":null,"ai":null,"created":"2020-12-21 11:57:07","updated":"2025-10-08 03:10:03","focus_keyword":null,"additional_keywords":null,"truseo_locale":null},"aioseo_breadcrumb":"<div class=\"aioseo-breadcrumbs\"><span class=\"aioseo-breadcrumb\">\n\t<a href=\"https:\/\/www.eldigitaldeasturias.com\/noticias\" title=\"Home\">Home<\/a>\n<\/span><span class=\"aioseo-breadcrumb-separator\">\u2013<\/span><span class=\"aioseo-breadcrumb\">\n\t<a href=\"https:\/\/www.eldigitaldeasturias.com\/noticias\/category\/actualidad\/\" title=\"Actualidad\">Actualidad<\/a>\n<\/span><span class=\"aioseo-breadcrumb-separator\">\u2013<\/span><span class=\"aioseo-breadcrumb\">\n\t<a href=\"https:\/\/www.eldigitaldeasturias.com\/noticias\/grupos-anti-brexit-lanzan-la-campana-voto-del-pueblo\/\" title=\"Grupos anti \u00abBrexit\u00bb lanzan la campa\u00f1a \u00abVoto del Pueblo\u00bb\">Grupos anti \u00abBrexit\u00bb lanzan la campa\u00f1a \u00abVoto del Pueblo\u00bb<\/a>\n<\/span><\/div>","aioseo_breadcrumb_json":[{"label":"Home","link":"https:\/\/www.eldigitaldeasturias.com\/noticias"},{"label":"Actualidad","link":"https:\/\/www.eldigitaldeasturias.com\/noticias\/category\/actualidad\/"},{"label":"Grupos anti \u00abBrexit\u00bb lanzan la campa\u00f1a \u00abVoto del Pueblo\u00bb","link":"https:\/\/www.eldigitaldeasturias.com\/noticias\/grupos-anti-brexit-lanzan-la-campana-voto-del-pueblo\/"}],"_links":{"self":[{"href":"https:\/\/www.eldigitaldeasturias.com\/noticias\/wp-json\/wp\/v2\/posts\/976238","targetHints":{"allow":["GET"]}}],"collection":[{"href":"https:\/\/www.eldigitaldeasturias.com\/noticias\/wp-json\/wp\/v2\/posts"}],"about":[{"href":"https:\/\/www.eldigitaldeasturias.com\/noticias\/wp-json\/wp\/v2\/types\/post"}],"author":[{"embeddable":true,"href":"https:\/\/www.eldigitaldeasturias.com\/noticias\/wp-json\/wp\/v2\/users\/1"}],"replies":[{"embeddable":true,"href":"https:\/\/www.eldigitaldeasturias.com\/noticias\/wp-json\/wp\/v2\/comments?post=976238"}],"version-history":[{"count":0,"href":"https:\/\/www.eldigitaldeasturias.com\/noticias\/wp-json\/wp\/v2\/posts\/976238\/revisions"}],"wp:attachment":[{"href":"https:\/\/www.eldigitaldeasturias.com\/noticias\/wp-json\/wp\/v2\/media?parent=976238"}],"wp:term":[{"taxonomy":"category","embeddable":true,"href":"https:\/\/www.eldigitaldeasturias.com\/noticias\/wp-json\/wp\/v2\/categories?post=976238"},{"taxonomy":"post_tag","embeddable":true,"href":"https:\/\/www.eldigitaldeasturias.com\/noticias\/wp-json\/wp\/v2\/tags?post=976238"}],"curies":[{"name":"wp","href":"https:\/\/api.w.org\/{rel}","templated":true}]}}