{"id":976234,"date":"2018-04-16T03:55:24","date_gmt":"2018-04-16T03:55:24","guid":{"rendered":"http:\/\/www.eldigitaldeasturias.com\/noticias\/?p=976234"},"modified":"2018-04-16T03:55:24","modified_gmt":"2018-04-16T03:55:24","slug":"puigdemont-tenemos-que-buscar-formulas-para-que-no-haya-elecciones","status":"publish","type":"post","link":"https:\/\/www.eldigitaldeasturias.com\/noticias\/puigdemont-tenemos-que-buscar-formulas-para-que-no-haya-elecciones\/","title":{"rendered":"Puigdemont: \u00abTenemos que buscar f\u00f3rmulas para que no haya elecciones\u00bb"},"content":{"rendered":"<p><img loading=\"lazy\" decoding=\"async\" class=\"alignleft size-medium wp-image-973532\" src=\"https:\/\/www.eldigitaldeasturias.com\/noticias\/wp-content\/uploads\/2018\/03\/Puigdemont-360x202.jpg\" alt=\"\" width=\"360\" height=\"202\" \/>Barcelona, 15 abr (dpa) &#8211; El ex jefe del Ejecutivo catal\u00e1n Carles Puigdemont apost\u00f3 hoy por \u00abevitar nuevas elecciones\u00bb en Catalu\u00f1a buscando \u00absoluciones\u00bb que permitan formar Gobierno en la regi\u00f3n, pero no descart\u00f3 por completo que haya que convocar nuevos comicios.<\/p>\n<p>\u00abTenemos que buscar las f\u00f3rmulas para que no haya elecciones. Si no es posible Jordi S\u00e0nchez, debemos proponer otro candidato\u00bb, afirm\u00f3 Puigdemont en una entrevista concedida a TV3, la televisi\u00f3n p\u00fablica catalana, sin ofrecer nombres ni detallar su propuesta para desbloquear la investidura de un nuevo presidente de la Generalitat.<\/p>\n<p>\u00abTenemos hasta el d\u00eda 22 de mayo, es la fecha l\u00edmite. No har\u00e1 falta apurar hasta el final, pero dejemos trabajar un poco. Un poco de confianza, por favor. Tenemos tiempo para encontrar soluciones que, por un lado, respeten el mandato de la gente, y, por otro, evite ir a elecciones\u00bb, continu\u00f3 el l\u00edder independentista.<\/p>\n<p>\u00abNo queremos elecciones, pero es ingenuo pensar que hay riesgo cero. Hay otra parte que juega que es el Estado y tenemos que contemplar la posibilidad de que haya un inter\u00e9s de abocarnos a unas elecciones\u00bb, avis\u00f3 Puigdemont desde Berl\u00edn, donde reside actualmente.<\/p>\n<p>El ex presidente del Gobierno catal\u00e1n, destituido por el Ejecutivo de Madrid en octubre por encabezar el proceso independentista, se encuentra en Alemania a la espera de que la Justicia de ese pa\u00eds decida si lo entrega o no a Espa\u00f1a, donde fue procesado por delitos de rebeli\u00f3n y malversaci\u00f3n de fondos en relaci\u00f3n con el proceso separatista impulsado en la regi\u00f3n espa\u00f1ola.<\/p>\n<p>Puigdemont fue detenido en el pa\u00eds germano el 25 de marzo en virtud de una orden europea de arresto emitida por la Justicia espa\u00f1ola. Un tribunal alem\u00e1n decidi\u00f3 la semana pasada descartar el delito de rebeli\u00f3n en su caso y, tras 12 d\u00edas en la prisi\u00f3n de Neum\u00fcnster, liberar al pol\u00edtico catal\u00e1n a cambio de una fianza de 75.000 euros.<\/p>\n<p>\u00abEllos quieren un Gobierno de rodillas que no les podemos dar porque, entonces, la moci\u00f3n de censura ser\u00eda de la gente. Tenemos que formar un Gobierno que responda a los resultados del 21 de diciembre\u00bb, sostuvo Puigdemont en la primera entrevista tras su liberaci\u00f3n.<\/p>\n<p>Despu\u00e9s de las elecciones que se celebraron en Catalu\u00f1a el pasado 21 de diciembre convocadas por el Gobierno espa\u00f1ol, el ex jefe de la Generalitat fue el candidato que m\u00e1s apoyos obtuvo para formar nuevo Gobierno en la regi\u00f3n situada en el noreste de Espa\u00f1a. Pero no pudo ser investido al encontrarse pr\u00f3fugo de la Justicia espa\u00f1ola en B\u00e9lgica.<\/p>\n<p>Los posteriores intentos de investir a Jordi S\u00e0nchez y Jordi Turull, que integraron la misma lista que Puigdemont, tambi\u00e9n fracasaron al hallarse ambos en prisi\u00f3n preventiva acusados de delitos relacionados con el proceso independentista y despu\u00e9s de que el juez que instruye la causa no les permitiera acudir al pleno de investidura.<\/p>\n<p>\u00abEso es un fraude democr\u00e1tico\u00bb, asever\u00f3 Puigdemont tras asegurar que se sigue sintiendo \u00abel presidente leg\u00edtimo\u00bb de la Generalitat. \u00abLos 135 diputados del Parlamento catal\u00e1n tienen todo el derecho a ser elegidos presidente, a no ser que haya una condena firme. No puede haber diputados de primera y de segunda\u00bb.<\/p>\n<p>El ex jefe del Ejecutivo catal\u00e1n sostuvo que \u00abel Gobierno espa\u00f1ol no juega con cartas limpias\u00bb y que \u00abel Estado espa\u00f1ol se niega, una y otra vez, a aceptar lo que el Parlamento catal\u00e1n, que es el representante del pueblo, quiere\u00bb, circunstancia que calific\u00f3 de \u00abanomal\u00eda democr\u00e1tica\u00bb.<\/p>\n<p>Puigdemont asegur\u00f3 asimismo que el juez de la Audiencia Nacional espa\u00f1ola que instruye la causa contra los pol\u00edticos independentistas \u00abtraspas\u00f3 l\u00edneas rojas\u00bb y anim\u00f3 a los catalanes \u00aba no plegarse a su voluntad\u00bb.<\/p>\n<p>\u00abLa funci\u00f3n de un juez no es intervenir en el poder ejecutivo; esa es una l\u00ednea roja que no debemos permitir pasar. Por m\u00e1s que haya un juez que se ultrapase en sus competencias, no podemos plegarnos a su voluntad. El Parlamento hizo muy bien en presentar una querella contra \u00e9l\u00bb, concluy\u00f3 Puigdemont.<\/p>\n<p>La entrevista, que se prolong\u00f3 durante m\u00e1s de una hora, se emiti\u00f3 horas despu\u00e9s de que m\u00e1s de 300.000 catalanes marcharan en Barcelona convocados bajo el lema \u00abpor los derechos y las libertades, por la democracia y la cohesi\u00f3n\u00bb y para pedir la liberaci\u00f3n de los que los independentistas consideran \u00abpresos pol\u00edticos\u00bb.<\/p>\n<p>\u00abHoy hubo una nueva movilizaci\u00f3n masiva en Barcelona y la gente no se moviliza para dar apoyo a unos criminales golpistas sino porque se siente amenazada en sus derechos\u00bb, coment\u00f3 al respecto Puigdemont, antes de anunciar que, el pr\u00f3ximo septiembre, publicar\u00e1 un libro para una editorial belga.<\/p>\n<p>Seg\u00fan adelant\u00f3, en \u00e9l intentar\u00e1 explicar \u00abque en Catalu\u00f1a no hay un problema sino una oportunidad para Europa\u00bb, al tiempo que contar\u00e1 \u00abel fascinante y maravilloso\u00bb proceso de \u00abun pueblo que se autoorganiza para expresar de manera muy democr\u00e1tica su malestar\u00bb.<\/p>\n<p>Por Noelia Rom\u00e1n (dpa)<\/p>\n","protected":false},"excerpt":{"rendered":"<p>Barcelona, 15 abr (dpa) &#8211; El ex jefe del Ejecutivo catal\u00e1n Carles Puigdemont apost\u00f3 hoy por \u00abevitar nuevas elecciones\u00bb en Catalu\u00f1a buscando \u00absoluciones\u00bb que permitan formar Gobierno en la regi\u00f3n, pero no descart\u00f3 por completo que haya que convocar nuevos comicios. \u00abTenemos que buscar las f\u00f3rmulas para que no haya elecciones. Si no es posible [&hellip;]<\/p>\n","protected":false},"author":1,"featured_media":973532,"comment_status":"closed","ping_status":"closed","sticky":false,"template":"","format":"standard","meta":{"footnotes":""},"categories":[1],"tags":[],"class_list":["post-976234","post","type-post","status-publish","format-standard","has-post-thumbnail","hentry","category-actualidad"],"aioseo_notices":[],"aioseo_head":"\n\t\t<!-- All in One SEO Pro 5.0.1 - aioseo.com -->\n\t<meta name=\"description\" content=\"Barcelona, 15 abr (dpa) - El ex jefe del Ejecutivo catal\u00e1n Carles Puigdemont apost\u00f3 hoy por &quot;evitar nuevas elecciones&quot; en Catalu\u00f1a buscando &quot;soluciones&quot; que permitan formar Gobierno en la regi\u00f3n, pero no descart\u00f3 por completo que haya que convocar nuevos comicios. &quot;Tenemos que buscar las f\u00f3rmulas para que no haya elecciones. Si no es posible\" \/>\n\t<meta name=\"robots\" content=\"max-image-preview:large\" \/>\n\t<meta name=\"author\" content=\"El Digital de Asturias\"\/>\n\t<meta name=\"google-site-verification\" content=\"UA-38556648-1\" \/>\n\t<meta name=\"msvalidate.01\" content=\"7dfe9f3f1b24437ab69f4f2559babe99\" \/>\n\t<meta name=\"keywords\" content=\"actualidad\" \/>\n\t<link rel=\"canonical\" href=\"https:\/\/www.eldigitaldeasturias.com\/noticias\/puigdemont-tenemos-que-buscar-formulas-para-que-no-haya-elecciones\/\" \/>\n\t<meta name=\"generator\" content=\"All in One SEO Pro (AIOSEO) 5.0.1\" \/>\n\t\t<meta property=\"og:locale\" content=\"es_ES\" \/>\n\t\t<meta property=\"og:site_name\" content=\"El Digital de Asturias\" \/>\n\t\t<meta property=\"og:type\" content=\"article\" \/>\n\t\t<meta property=\"og:title\" content=\"Puigdemont: \u00abTenemos que buscar f\u00f3rmulas para que no haya elecciones\u00bb - El Digital de Asturias\" \/>\n\t\t<meta property=\"og:description\" content=\"Barcelona, 15 abr (dpa) - El ex jefe del Ejecutivo catal\u00e1n Carles Puigdemont apost\u00f3 hoy por &quot;evitar nuevas elecciones&quot; en Catalu\u00f1a buscando &quot;soluciones&quot; que permitan formar Gobierno en la regi\u00f3n, pero no descart\u00f3 por completo que haya que convocar nuevos comicios. &quot;Tenemos que buscar las f\u00f3rmulas para que no haya elecciones. Si no es posible\" \/>\n\t\t<meta property=\"og:url\" content=\"https:\/\/www.eldigitaldeasturias.com\/noticias\/puigdemont-tenemos-que-buscar-formulas-para-que-no-haya-elecciones\/\" \/>\n\t\t<meta property=\"article:tag\" content=\"actualidad\" \/>\n\t\t<meta property=\"article:published_time\" content=\"2018-04-16T03:55:24+00:00\" \/>\n\t\t<meta property=\"article:modified_time\" content=\"2018-04-16T03:55:24+00:00\" \/>\n\t\t<meta property=\"article:publisher\" content=\"https:\/\/facebook.com\/eldigitaldeasturias\" \/>\n\t\t<meta name=\"twitter:card\" content=\"summary_large_image\" \/>\n\t\t<meta name=\"twitter:title\" content=\"Puigdemont: \u00abTenemos que buscar f\u00f3rmulas para que no haya elecciones\u00bb - El Digital de Asturias\" \/>\n\t\t<meta name=\"twitter:description\" content=\"Barcelona, 15 abr (dpa) - El ex jefe del Ejecutivo catal\u00e1n Carles Puigdemont apost\u00f3 hoy por &quot;evitar nuevas elecciones&quot; en Catalu\u00f1a buscando &quot;soluciones&quot; que permitan formar Gobierno en la regi\u00f3n, pero no descart\u00f3 por completo que haya que convocar nuevos comicios. &quot;Tenemos que buscar las f\u00f3rmulas para que no haya elecciones. Si no es posible\" \/>\n\t\t<meta name=\"twitter:image\" content=\"https:\/\/www.eldigitaldeasturias.com\/noticias\/wp-content\/uploads\/2020\/12\/EDA-1.jpg\" \/>\n\t\t<meta name=\"twitter:label1\" content=\"Escrito por\" \/>\n\t\t<meta name=\"twitter:data1\" content=\"El Digital de Asturias\" \/>\n\t\t<meta name=\"twitter:label2\" content=\"Tiempo de lectura estimado\" \/>\n\t\t<meta name=\"twitter:data2\" content=\"4 minutos\" \/>\n\t\t<script type=\"application\/ld+json\" class=\"aioseo-schema\">\n\t\t\t{\"@context\":\"https:\\\/\\\/schema.org\",\"@graph\":[{\"@type\":\"BlogPosting\",\"@id\":\"https:\\\/\\\/www.eldigitaldeasturias.com\\\/noticias\\\/puigdemont-tenemos-que-buscar-formulas-para-que-no-haya-elecciones\\\/#blogposting\",\"name\":\"Puigdemont: \\u00abTenemos que buscar f\\u00f3rmulas para que no haya elecciones\\u00bb - El Digital de Asturias\",\"headline\":\"Puigdemont: \\u00abTenemos que buscar f\\u00f3rmulas para que no haya elecciones\\u00bb\",\"author\":{\"@id\":\"https:\\\/\\\/www.eldigitaldeasturias.com\\\/noticias\\\/author\\\/admin\\\/#author\"},\"publisher\":{\"@id\":\"https:\\\/\\\/www.eldigitaldeasturias.com\\\/noticias\\\/#organization\"},\"image\":{\"@type\":\"ImageObject\",\"url\":973532},\"datePublished\":\"2018-04-16T03:55:24+02:00\",\"dateModified\":\"2018-04-16T03:55:24+02:00\",\"inLanguage\":\"es-ES\",\"mainEntityOfPage\":{\"@id\":\"https:\\\/\\\/www.eldigitaldeasturias.com\\\/noticias\\\/puigdemont-tenemos-que-buscar-formulas-para-que-no-haya-elecciones\\\/#webpage\"},\"isPartOf\":{\"@id\":\"https:\\\/\\\/www.eldigitaldeasturias.com\\\/noticias\\\/puigdemont-tenemos-que-buscar-formulas-para-que-no-haya-elecciones\\\/#webpage\"},\"articleSection\":\"Actualidad\"},{\"@type\":\"BreadcrumbList\",\"@id\":\"https:\\\/\\\/www.eldigitaldeasturias.com\\\/noticias\\\/puigdemont-tenemos-que-buscar-formulas-para-que-no-haya-elecciones\\\/#breadcrumblist\",\"itemListElement\":[{\"@type\":\"ListItem\",\"@id\":\"https:\\\/\\\/www.eldigitaldeasturias.com\\\/noticias#listItem\",\"position\":1,\"name\":\"Home\",\"item\":\"https:\\\/\\\/www.eldigitaldeasturias.com\\\/noticias\",\"nextItem\":{\"@type\":\"ListItem\",\"@id\":\"https:\\\/\\\/www.eldigitaldeasturias.com\\\/noticias\\\/category\\\/actualidad\\\/#listItem\",\"name\":\"Actualidad\"}},{\"@type\":\"ListItem\",\"@id\":\"https:\\\/\\\/www.eldigitaldeasturias.com\\\/noticias\\\/category\\\/actualidad\\\/#listItem\",\"position\":2,\"name\":\"Actualidad\",\"item\":\"https:\\\/\\\/www.eldigitaldeasturias.com\\\/noticias\\\/category\\\/actualidad\\\/\",\"nextItem\":{\"@type\":\"ListItem\",\"@id\":\"https:\\\/\\\/www.eldigitaldeasturias.com\\\/noticias\\\/puigdemont-tenemos-que-buscar-formulas-para-que-no-haya-elecciones\\\/#listItem\",\"name\":\"Puigdemont: \\u00abTenemos que buscar f\\u00f3rmulas para que no haya elecciones\\u00bb\"},\"previousItem\":{\"@type\":\"ListItem\",\"@id\":\"https:\\\/\\\/www.eldigitaldeasturias.com\\\/noticias#listItem\",\"name\":\"Home\"}},{\"@type\":\"ListItem\",\"@id\":\"https:\\\/\\\/www.eldigitaldeasturias.com\\\/noticias\\\/puigdemont-tenemos-que-buscar-formulas-para-que-no-haya-elecciones\\\/#listItem\",\"position\":3,\"name\":\"Puigdemont: \\u00abTenemos que buscar f\\u00f3rmulas para que no haya elecciones\\u00bb\",\"previousItem\":{\"@type\":\"ListItem\",\"@id\":\"https:\\\/\\\/www.eldigitaldeasturias.com\\\/noticias\\\/category\\\/actualidad\\\/#listItem\",\"name\":\"Actualidad\"}}]},{\"@type\":\"Organization\",\"@id\":\"https:\\\/\\\/www.eldigitaldeasturias.com\\\/noticias\\\/#organization\",\"name\":\"El Digital de Asturias\",\"description\":\"Hemeroteca\",\"url\":\"https:\\\/\\\/www.eldigitaldeasturias.com\\\/noticias\\\/\",\"email\":\"info@eldigitaldeasturias.com\",\"telephone\":\"+34652131393\",\"logo\":{\"@type\":\"ImageObject\",\"url\":\"https:\\\/\\\/www.eldigitaldeasturias.com\\\/noticias\\\/wp-content\\\/uploads\\\/2020\\\/12\\\/EDA.jpg\",\"@id\":\"https:\\\/\\\/www.eldigitaldeasturias.com\\\/noticias\\\/puigdemont-tenemos-que-buscar-formulas-para-que-no-haya-elecciones\\\/#organizationLogo\"},\"image\":{\"@id\":\"https:\\\/\\\/www.eldigitaldeasturias.com\\\/noticias\\\/puigdemont-tenemos-que-buscar-formulas-para-que-no-haya-elecciones\\\/#organizationLogo\"},\"sameAs\":[\"https:\\\/\\\/facebook.com\\\/eldigitaldeasturias\",\"https:\\\/\\\/www.youtube.com\\\/channel\\\/UCZP-2wLEB9Rv6erhFmqVnvg\"],\"address\":{\"@id\":\"https:\\\/\\\/www.eldigitaldeasturias.com\\\/noticias\\\/#postaladdress\",\"@type\":\"PostalAddress\",\"streetAddress\":\"san antonio 4\",\"postalCode\":\"33430\",\"addressLocality\":\"Cand\\u00e1s\",\"addressRegion\":\"Asturias\",\"addressCountry\":\"ES\"}},{\"@type\":\"Person\",\"@id\":\"https:\\\/\\\/www.eldigitaldeasturias.com\\\/noticias\\\/author\\\/admin\\\/#author\",\"url\":\"https:\\\/\\\/www.eldigitaldeasturias.com\\\/noticias\\\/author\\\/admin\\\/\",\"name\":\"El Digital de Asturias\",\"image\":{\"@type\":\"ImageObject\",\"@id\":\"https:\\\/\\\/www.eldigitaldeasturias.com\\\/noticias\\\/puigdemont-tenemos-que-buscar-formulas-para-que-no-haya-elecciones\\\/#authorImage\",\"url\":\"https:\\\/\\\/secure.gravatar.com\\\/avatar\\\/df2aeffc32bcd13f8d26072ef8a91b623d677766deac7f97ca815868cd41bf5e?s=96&d=mm&r=g\",\"width\":96,\"height\":96,\"caption\":\"El Digital de Asturias\"}},{\"@type\":\"WebPage\",\"@id\":\"https:\\\/\\\/www.eldigitaldeasturias.com\\\/noticias\\\/puigdemont-tenemos-que-buscar-formulas-para-que-no-haya-elecciones\\\/#webpage\",\"url\":\"https:\\\/\\\/www.eldigitaldeasturias.com\\\/noticias\\\/puigdemont-tenemos-que-buscar-formulas-para-que-no-haya-elecciones\\\/\",\"name\":\"Puigdemont: \\u00abTenemos que buscar f\\u00f3rmulas para que no haya elecciones\\u00bb - El Digital de Asturias\",\"description\":\"Barcelona, 15 abr (dpa) - El ex jefe del Ejecutivo catal\\u00e1n Carles Puigdemont apost\\u00f3 hoy por \\\"evitar nuevas elecciones\\\" en Catalu\\u00f1a buscando \\\"soluciones\\\" que permitan formar Gobierno en la regi\\u00f3n, pero no descart\\u00f3 por completo que haya que convocar nuevos comicios. \\\"Tenemos que buscar las f\\u00f3rmulas para que no haya elecciones. Si no es posible\",\"inLanguage\":\"es-ES\",\"isPartOf\":{\"@id\":\"https:\\\/\\\/www.eldigitaldeasturias.com\\\/noticias\\\/#website\"},\"breadcrumb\":{\"@id\":\"https:\\\/\\\/www.eldigitaldeasturias.com\\\/noticias\\\/puigdemont-tenemos-que-buscar-formulas-para-que-no-haya-elecciones\\\/#breadcrumblist\"},\"author\":{\"@id\":\"https:\\\/\\\/www.eldigitaldeasturias.com\\\/noticias\\\/author\\\/admin\\\/#author\"},\"creator\":{\"@id\":\"https:\\\/\\\/www.eldigitaldeasturias.com\\\/noticias\\\/author\\\/admin\\\/#author\"},\"image\":{\"@type\":\"ImageObject\",\"url\":973532,\"@id\":\"https:\\\/\\\/www.eldigitaldeasturias.com\\\/noticias\\\/puigdemont-tenemos-que-buscar-formulas-para-que-no-haya-elecciones\\\/#mainImage\"},\"primaryImageOfPage\":{\"@id\":\"https:\\\/\\\/www.eldigitaldeasturias.com\\\/noticias\\\/puigdemont-tenemos-que-buscar-formulas-para-que-no-haya-elecciones\\\/#mainImage\"},\"datePublished\":\"2018-04-16T03:55:24+02:00\",\"dateModified\":\"2018-04-16T03:55:24+02:00\"},{\"@type\":\"WebSite\",\"@id\":\"https:\\\/\\\/www.eldigitaldeasturias.com\\\/noticias\\\/#website\",\"url\":\"https:\\\/\\\/www.eldigitaldeasturias.com\\\/noticias\\\/\",\"name\":\"El Digital de Asturias - Diario de actualidad y noticias\",\"alternateName\":\"El Digital de Asturias - Diario de actualidad y noticias\",\"description\":\"Hemeroteca\",\"inLanguage\":\"es-ES\",\"publisher\":{\"@id\":\"https:\\\/\\\/www.eldigitaldeasturias.com\\\/noticias\\\/#organization\"}}]}\n\t\t<\/script>\n\t\t<!-- All in One SEO Pro -->\r\n\t\t<title>Puigdemont: \u00abTenemos que buscar f\u00f3rmulas para que no haya elecciones\u00bb - El Digital de Asturias<\/title>\n\n","aioseo_head_json":{"title":"Puigdemont: \u00abTenemos que buscar f\u00f3rmulas para que no haya elecciones\u00bb - El Digital de Asturias","description":"Barcelona, 15 abr (dpa) - El ex jefe del Ejecutivo catal\u00e1n Carles Puigdemont apost\u00f3 hoy por \"evitar nuevas elecciones\" en Catalu\u00f1a buscando \"soluciones\" que permitan formar Gobierno en la regi\u00f3n, pero no descart\u00f3 por completo que haya que convocar nuevos comicios. \"Tenemos que buscar las f\u00f3rmulas para que no haya elecciones. Si no es posible","canonical_url":"https:\/\/www.eldigitaldeasturias.com\/noticias\/puigdemont-tenemos-que-buscar-formulas-para-que-no-haya-elecciones\/","robots":"max-image-preview:large","keywords":"actualidad","webmasterTools":{"google-site-verification":"UA-38556648-1","msvalidate.01":"7dfe9f3f1b24437ab69f4f2559babe99","miscellaneous":""},"schema":{"@context":"https:\/\/schema.org","@graph":[{"@type":"BlogPosting","@id":"https:\/\/www.eldigitaldeasturias.com\/noticias\/puigdemont-tenemos-que-buscar-formulas-para-que-no-haya-elecciones\/#blogposting","name":"Puigdemont: \u00abTenemos que buscar f\u00f3rmulas para que no haya elecciones\u00bb - El Digital de Asturias","headline":"Puigdemont: \u00abTenemos que buscar f\u00f3rmulas para que no haya elecciones\u00bb","author":{"@id":"https:\/\/www.eldigitaldeasturias.com\/noticias\/author\/admin\/#author"},"publisher":{"@id":"https:\/\/www.eldigitaldeasturias.com\/noticias\/#organization"},"image":{"@type":"ImageObject","url":973532},"datePublished":"2018-04-16T03:55:24+02:00","dateModified":"2018-04-16T03:55:24+02:00","inLanguage":"es-ES","mainEntityOfPage":{"@id":"https:\/\/www.eldigitaldeasturias.com\/noticias\/puigdemont-tenemos-que-buscar-formulas-para-que-no-haya-elecciones\/#webpage"},"isPartOf":{"@id":"https:\/\/www.eldigitaldeasturias.com\/noticias\/puigdemont-tenemos-que-buscar-formulas-para-que-no-haya-elecciones\/#webpage"},"articleSection":"Actualidad"},{"@type":"BreadcrumbList","@id":"https:\/\/www.eldigitaldeasturias.com\/noticias\/puigdemont-tenemos-que-buscar-formulas-para-que-no-haya-elecciones\/#breadcrumblist","itemListElement":[{"@type":"ListItem","@id":"https:\/\/www.eldigitaldeasturias.com\/noticias#listItem","position":1,"name":"Home","item":"https:\/\/www.eldigitaldeasturias.com\/noticias","nextItem":{"@type":"ListItem","@id":"https:\/\/www.eldigitaldeasturias.com\/noticias\/category\/actualidad\/#listItem","name":"Actualidad"}},{"@type":"ListItem","@id":"https:\/\/www.eldigitaldeasturias.com\/noticias\/category\/actualidad\/#listItem","position":2,"name":"Actualidad","item":"https:\/\/www.eldigitaldeasturias.com\/noticias\/category\/actualidad\/","nextItem":{"@type":"ListItem","@id":"https:\/\/www.eldigitaldeasturias.com\/noticias\/puigdemont-tenemos-que-buscar-formulas-para-que-no-haya-elecciones\/#listItem","name":"Puigdemont: \u00abTenemos que buscar f\u00f3rmulas para que no haya elecciones\u00bb"},"previousItem":{"@type":"ListItem","@id":"https:\/\/www.eldigitaldeasturias.com\/noticias#listItem","name":"Home"}},{"@type":"ListItem","@id":"https:\/\/www.eldigitaldeasturias.com\/noticias\/puigdemont-tenemos-que-buscar-formulas-para-que-no-haya-elecciones\/#listItem","position":3,"name":"Puigdemont: \u00abTenemos que buscar f\u00f3rmulas para que no haya elecciones\u00bb","previousItem":{"@type":"ListItem","@id":"https:\/\/www.eldigitaldeasturias.com\/noticias\/category\/actualidad\/#listItem","name":"Actualidad"}}]},{"@type":"Organization","@id":"https:\/\/www.eldigitaldeasturias.com\/noticias\/#organization","name":"El Digital de Asturias","description":"Hemeroteca","url":"https:\/\/www.eldigitaldeasturias.com\/noticias\/","email":"info@eldigitaldeasturias.com","telephone":"+34652131393","logo":{"@type":"ImageObject","url":"https:\/\/www.eldigitaldeasturias.com\/noticias\/wp-content\/uploads\/2020\/12\/EDA.jpg","@id":"https:\/\/www.eldigitaldeasturias.com\/noticias\/puigdemont-tenemos-que-buscar-formulas-para-que-no-haya-elecciones\/#organizationLogo"},"image":{"@id":"https:\/\/www.eldigitaldeasturias.com\/noticias\/puigdemont-tenemos-que-buscar-formulas-para-que-no-haya-elecciones\/#organizationLogo"},"sameAs":["https:\/\/facebook.com\/eldigitaldeasturias","https:\/\/www.youtube.com\/channel\/UCZP-2wLEB9Rv6erhFmqVnvg"],"address":{"@id":"https:\/\/www.eldigitaldeasturias.com\/noticias\/#postaladdress","@type":"PostalAddress","streetAddress":"san antonio 4","postalCode":"33430","addressLocality":"Cand\u00e1s","addressRegion":"Asturias","addressCountry":"ES"}},{"@type":"Person","@id":"https:\/\/www.eldigitaldeasturias.com\/noticias\/author\/admin\/#author","url":"https:\/\/www.eldigitaldeasturias.com\/noticias\/author\/admin\/","name":"El Digital de Asturias","image":{"@type":"ImageObject","@id":"https:\/\/www.eldigitaldeasturias.com\/noticias\/puigdemont-tenemos-que-buscar-formulas-para-que-no-haya-elecciones\/#authorImage","url":"https:\/\/secure.gravatar.com\/avatar\/df2aeffc32bcd13f8d26072ef8a91b623d677766deac7f97ca815868cd41bf5e?s=96&d=mm&r=g","width":96,"height":96,"caption":"El Digital de Asturias"}},{"@type":"WebPage","@id":"https:\/\/www.eldigitaldeasturias.com\/noticias\/puigdemont-tenemos-que-buscar-formulas-para-que-no-haya-elecciones\/#webpage","url":"https:\/\/www.eldigitaldeasturias.com\/noticias\/puigdemont-tenemos-que-buscar-formulas-para-que-no-haya-elecciones\/","name":"Puigdemont: \u00abTenemos que buscar f\u00f3rmulas para que no haya elecciones\u00bb - El Digital de Asturias","description":"Barcelona, 15 abr (dpa) - El ex jefe del Ejecutivo catal\u00e1n Carles Puigdemont apost\u00f3 hoy por \"evitar nuevas elecciones\" en Catalu\u00f1a buscando \"soluciones\" que permitan formar Gobierno en la regi\u00f3n, pero no descart\u00f3 por completo que haya que convocar nuevos comicios. \"Tenemos que buscar las f\u00f3rmulas para que no haya elecciones. Si no es posible","inLanguage":"es-ES","isPartOf":{"@id":"https:\/\/www.eldigitaldeasturias.com\/noticias\/#website"},"breadcrumb":{"@id":"https:\/\/www.eldigitaldeasturias.com\/noticias\/puigdemont-tenemos-que-buscar-formulas-para-que-no-haya-elecciones\/#breadcrumblist"},"author":{"@id":"https:\/\/www.eldigitaldeasturias.com\/noticias\/author\/admin\/#author"},"creator":{"@id":"https:\/\/www.eldigitaldeasturias.com\/noticias\/author\/admin\/#author"},"image":{"@type":"ImageObject","url":973532,"@id":"https:\/\/www.eldigitaldeasturias.com\/noticias\/puigdemont-tenemos-que-buscar-formulas-para-que-no-haya-elecciones\/#mainImage"},"primaryImageOfPage":{"@id":"https:\/\/www.eldigitaldeasturias.com\/noticias\/puigdemont-tenemos-que-buscar-formulas-para-que-no-haya-elecciones\/#mainImage"},"datePublished":"2018-04-16T03:55:24+02:00","dateModified":"2018-04-16T03:55:24+02:00"},{"@type":"WebSite","@id":"https:\/\/www.eldigitaldeasturias.com\/noticias\/#website","url":"https:\/\/www.eldigitaldeasturias.com\/noticias\/","name":"El Digital de Asturias - Diario de actualidad y noticias","alternateName":"El Digital de Asturias - Diario de actualidad y noticias","description":"Hemeroteca","inLanguage":"es-ES","publisher":{"@id":"https:\/\/www.eldigitaldeasturias.com\/noticias\/#organization"}}]},"og:locale":"es_ES","og:site_name":"El Digital de Asturias","og:type":"article","og:title":"Puigdemont: \u00abTenemos que buscar f\u00f3rmulas para que no haya elecciones\u00bb - El Digital de Asturias","og:description":"Barcelona, 15 abr (dpa) - El ex jefe del Ejecutivo catal\u00e1n Carles Puigdemont apost\u00f3 hoy por &quot;evitar nuevas elecciones&quot; en Catalu\u00f1a buscando &quot;soluciones&quot; que permitan formar Gobierno en la regi\u00f3n, pero no descart\u00f3 por completo que haya que convocar nuevos comicios. &quot;Tenemos que buscar las f\u00f3rmulas para que no haya elecciones. Si no es posible","og:url":"https:\/\/www.eldigitaldeasturias.com\/noticias\/puigdemont-tenemos-que-buscar-formulas-para-que-no-haya-elecciones\/","article:tag":["actualidad"],"article:published_time":"2018-04-16T03:55:24+00:00","article:modified_time":"2018-04-16T03:55:24+00:00","article:publisher":"https:\/\/facebook.com\/eldigitaldeasturias","twitter:card":"summary_large_image","twitter:title":"Puigdemont: \u00abTenemos que buscar f\u00f3rmulas para que no haya elecciones\u00bb - El Digital de Asturias","twitter:description":"Barcelona, 15 abr (dpa) - El ex jefe del Ejecutivo catal\u00e1n Carles Puigdemont apost\u00f3 hoy por &quot;evitar nuevas elecciones&quot; en Catalu\u00f1a buscando &quot;soluciones&quot; que permitan formar Gobierno en la regi\u00f3n, pero no descart\u00f3 por completo que haya que convocar nuevos comicios. &quot;Tenemos que buscar las f\u00f3rmulas para que no haya elecciones. Si no es posible","twitter:image":"https:\/\/www.eldigitaldeasturias.com\/noticias\/wp-content\/uploads\/2020\/12\/EDA-1.jpg","twitter:label1":"Escrito por","twitter:data1":"El Digital de Asturias","twitter:label2":"Tiempo de lectura estimado","twitter:data2":"4 minutos"},"aioseo_meta_data":{"post_id":"976234","title":null,"description":null,"keywords":null,"keyphrases":null,"primary_term":null,"canonical_url":null,"og_title":null,"og_description":null,"og_object_type":"default","og_image_type":"default","og_image_url":null,"og_image_width":null,"og_image_height":null,"og_image_custom_url":null,"og_image_custom_fields":null,"og_video":null,"og_custom_url":null,"og_article_section":null,"og_article_tags":null,"twitter_use_og":false,"twitter_card":"default","twitter_image_type":"default","twitter_image_url":null,"twitter_image_custom_url":null,"twitter_image_custom_fields":null,"twitter_title":null,"twitter_description":null,"schema":{"blockGraphs":[],"customGraphs":[],"default":{"data":{"Article":[],"Course":[],"Dataset":[],"FAQPage":[],"Movie":[],"Person":[],"Product":[],"ProductReview":[],"Car":[],"Recipe":[],"Service":[],"SoftwareApplication":[],"WebPage":[]},"graphName":"","isEnabled":true},"graphs":[],"defaultGraph":"","defaultPostTypeGraph":""},"schema_type":null,"schema_type_options":null,"pillar_content":false,"robots_default":true,"robots_noindex":false,"robots_noarchive":false,"robots_nosnippet":false,"robots_nofollow":false,"robots_noimageindex":false,"robots_noodp":false,"robots_notranslate":false,"robots_max_snippet":null,"robots_max_videopreview":null,"robots_max_imagepreview":"large","priority":null,"frequency":null,"local_seo":null,"seo_analyzer_scan_date":"2025-10-08 03:08:11","breadcrumb_settings":null,"limit_modified_date":false,"open_ai":null,"ai":null,"created":"2020-12-21 12:08:37","updated":"2025-10-08 03:08:11","focus_keyword":null,"additional_keywords":null,"truseo_locale":null},"aioseo_breadcrumb":"<div class=\"aioseo-breadcrumbs\"><span class=\"aioseo-breadcrumb\">\n\t<a href=\"https:\/\/www.eldigitaldeasturias.com\/noticias\" title=\"Home\">Home<\/a>\n<\/span><span class=\"aioseo-breadcrumb-separator\">\u2013<\/span><span class=\"aioseo-breadcrumb\">\n\t<a href=\"https:\/\/www.eldigitaldeasturias.com\/noticias\/category\/actualidad\/\" title=\"Actualidad\">Actualidad<\/a>\n<\/span><span class=\"aioseo-breadcrumb-separator\">\u2013<\/span><span class=\"aioseo-breadcrumb\">\n\t<a href=\"https:\/\/www.eldigitaldeasturias.com\/noticias\/puigdemont-tenemos-que-buscar-formulas-para-que-no-haya-elecciones\/\" title=\"Puigdemont: \u00abTenemos que buscar f\u00f3rmulas para que no haya elecciones\u00bb\">Puigdemont: \u00abTenemos que buscar f\u00f3rmulas para que no haya elecciones\u00bb<\/a>\n<\/span><\/div>","aioseo_breadcrumb_json":[{"label":"Home","link":"https:\/\/www.eldigitaldeasturias.com\/noticias"},{"label":"Actualidad","link":"https:\/\/www.eldigitaldeasturias.com\/noticias\/category\/actualidad\/"},{"label":"Puigdemont: \u00abTenemos que buscar f\u00f3rmulas para que no haya elecciones\u00bb","link":"https:\/\/www.eldigitaldeasturias.com\/noticias\/puigdemont-tenemos-que-buscar-formulas-para-que-no-haya-elecciones\/"}],"_links":{"self":[{"href":"https:\/\/www.eldigitaldeasturias.com\/noticias\/wp-json\/wp\/v2\/posts\/976234","targetHints":{"allow":["GET"]}}],"collection":[{"href":"https:\/\/www.eldigitaldeasturias.com\/noticias\/wp-json\/wp\/v2\/posts"}],"about":[{"href":"https:\/\/www.eldigitaldeasturias.com\/noticias\/wp-json\/wp\/v2\/types\/post"}],"author":[{"embeddable":true,"href":"https:\/\/www.eldigitaldeasturias.com\/noticias\/wp-json\/wp\/v2\/users\/1"}],"replies":[{"embeddable":true,"href":"https:\/\/www.eldigitaldeasturias.com\/noticias\/wp-json\/wp\/v2\/comments?post=976234"}],"version-history":[{"count":0,"href":"https:\/\/www.eldigitaldeasturias.com\/noticias\/wp-json\/wp\/v2\/posts\/976234\/revisions"}],"wp:attachment":[{"href":"https:\/\/www.eldigitaldeasturias.com\/noticias\/wp-json\/wp\/v2\/media?parent=976234"}],"wp:term":[{"taxonomy":"category","embeddable":true,"href":"https:\/\/www.eldigitaldeasturias.com\/noticias\/wp-json\/wp\/v2\/categories?post=976234"},{"taxonomy":"post_tag","embeddable":true,"href":"https:\/\/www.eldigitaldeasturias.com\/noticias\/wp-json\/wp\/v2\/tags?post=976234"}],"curies":[{"name":"wp","href":"https:\/\/api.w.org\/{rel}","templated":true}]}}