{"id":976232,"date":"2018-04-16T03:51:25","date_gmt":"2018-04-16T03:51:25","guid":{"rendered":"http:\/\/www.eldigitaldeasturias.com\/noticias\/?p=976232"},"modified":"2018-04-16T03:51:25","modified_gmt":"2018-04-16T03:51:25","slug":"conchita-wurst-revela-que-tiene-vih","status":"publish","type":"post","link":"https:\/\/www.eldigitaldeasturias.com\/noticias\/conchita-wurst-revela-que-tiene-vih\/","title":{"rendered":"Conchita Wurst revela que tiene VIH"},"content":{"rendered":"<p><img loading=\"lazy\" decoding=\"async\" class=\"alignleft size-medium wp-image-640557\" src=\"https:\/\/www.eldigitaldeasturias.com\/noticias\/wp-content\/uploads\/2014\/10\/6716819w-360x264.jpg\" alt=\"\" width=\"360\" height=\"264\" \/>Viena, 15 abr (dpa) &#8211; La ganadora austr\u00edaca de Eurovisi\u00f3n Conchita Wurst revel\u00f3 hoy por la noche que tiene VIH, a trav\u00e9s de un post en su cuenta de Instagram.<\/p>\n<p>\u00abDesde hace muchos a\u00f1os soy VIH positivo\u00bb, escribi\u00f3 Wurst. \u00abEsto actualmente es irrelevante para el p\u00fablico, pero un ex novio amenaz\u00f3 con convertir esta informaci\u00f3n privada en p\u00fablica y nunca le dar\u00e9 a nadie el derecho de atemorizarme ni de influir en mi vida\u00bb.<\/p>\n<p>Afirm\u00f3 que recibi\u00f3 tratamiento tras el diagn\u00f3stico y desde hace muchos a\u00f1os se encuentra bajo el umbral de detectabilidad, por lo que no puede transmitir el virus de inmunodeficiencia humana (VIH), que causa el sida.<\/p>\n<p>Wurst, personaje art\u00edstico creado por Thomas Neuwirth, se impuso en el Festival de Eurovisi\u00f3n en 2014 en Copenhague con la canci\u00f3n \u00abRise like a Phoenix\u00bb.<\/p>\n","protected":false},"excerpt":{"rendered":"<p>Viena, 15 abr (dpa) &#8211; La ganadora austr\u00edaca de Eurovisi\u00f3n Conchita Wurst revel\u00f3 hoy por la noche que tiene VIH, a trav\u00e9s de un post en su cuenta de Instagram. \u00abDesde hace muchos a\u00f1os soy VIH positivo\u00bb, escribi\u00f3 Wurst. \u00abEsto actualmente es irrelevante para el p\u00fablico, pero un ex novio amenaz\u00f3 con convertir esta informaci\u00f3n [&hellip;]<\/p>\n","protected":false},"author":1,"featured_media":640557,"comment_status":"closed","ping_status":"closed","sticky":false,"template":"","format":"standard","meta":{"footnotes":""},"categories":[1],"tags":[],"class_list":["post-976232","post","type-post","status-publish","format-standard","has-post-thumbnail","hentry","category-actualidad"],"aioseo_notices":[],"aioseo_head":"\n\t\t<!-- All in One SEO Pro 5.0.1 - aioseo.com -->\n\t<meta name=\"description\" content=\"Viena, 15 abr (dpa) - La ganadora austr\u00edaca de Eurovisi\u00f3n Conchita Wurst revel\u00f3 hoy por la noche que tiene VIH, a trav\u00e9s de un post en su cuenta de Instagram. &quot;Desde hace muchos a\u00f1os soy VIH positivo&quot;, escribi\u00f3 Wurst. &quot;Esto actualmente es irrelevante para el p\u00fablico, pero un ex novio amenaz\u00f3 con convertir esta informaci\u00f3n\" \/>\n\t<meta name=\"robots\" content=\"max-image-preview:large\" \/>\n\t<meta name=\"author\" content=\"El Digital de Asturias\"\/>\n\t<meta name=\"google-site-verification\" content=\"UA-38556648-1\" \/>\n\t<meta name=\"msvalidate.01\" content=\"7dfe9f3f1b24437ab69f4f2559babe99\" \/>\n\t<meta name=\"keywords\" content=\"actualidad\" \/>\n\t<link rel=\"canonical\" href=\"https:\/\/www.eldigitaldeasturias.com\/noticias\/conchita-wurst-revela-que-tiene-vih\/\" \/>\n\t<meta name=\"generator\" content=\"All in One SEO Pro (AIOSEO) 5.0.1\" \/>\n\t\t<meta property=\"og:locale\" content=\"es_ES\" \/>\n\t\t<meta property=\"og:site_name\" content=\"El Digital de Asturias\" \/>\n\t\t<meta property=\"og:type\" content=\"article\" \/>\n\t\t<meta property=\"og:title\" content=\"Conchita Wurst revela que tiene VIH - El Digital de Asturias\" \/>\n\t\t<meta property=\"og:description\" content=\"Viena, 15 abr (dpa) - La ganadora austr\u00edaca de Eurovisi\u00f3n Conchita Wurst revel\u00f3 hoy por la noche que tiene VIH, a trav\u00e9s de un post en su cuenta de Instagram. &quot;Desde hace muchos a\u00f1os soy VIH positivo&quot;, escribi\u00f3 Wurst. &quot;Esto actualmente es irrelevante para el p\u00fablico, pero un ex novio amenaz\u00f3 con convertir esta informaci\u00f3n\" \/>\n\t\t<meta property=\"og:url\" content=\"https:\/\/www.eldigitaldeasturias.com\/noticias\/conchita-wurst-revela-que-tiene-vih\/\" \/>\n\t\t<meta property=\"article:tag\" content=\"actualidad\" \/>\n\t\t<meta property=\"article:published_time\" content=\"2018-04-16T03:51:25+00:00\" \/>\n\t\t<meta property=\"article:modified_time\" content=\"2018-04-16T03:51:25+00:00\" \/>\n\t\t<meta property=\"article:publisher\" content=\"https:\/\/facebook.com\/eldigitaldeasturias\" \/>\n\t\t<meta name=\"twitter:card\" content=\"summary_large_image\" \/>\n\t\t<meta name=\"twitter:title\" content=\"Conchita Wurst revela que tiene VIH - El Digital de Asturias\" \/>\n\t\t<meta name=\"twitter:description\" content=\"Viena, 15 abr (dpa) - La ganadora austr\u00edaca de Eurovisi\u00f3n Conchita Wurst revel\u00f3 hoy por la noche que tiene VIH, a trav\u00e9s de un post en su cuenta de Instagram. &quot;Desde hace muchos a\u00f1os soy VIH positivo&quot;, escribi\u00f3 Wurst. &quot;Esto actualmente es irrelevante para el p\u00fablico, pero un ex novio amenaz\u00f3 con convertir esta informaci\u00f3n\" \/>\n\t\t<meta name=\"twitter:image\" content=\"https:\/\/www.eldigitaldeasturias.com\/noticias\/wp-content\/uploads\/2020\/12\/EDA-1.jpg\" \/>\n\t\t<meta name=\"twitter:label1\" content=\"Escrito por\" \/>\n\t\t<meta name=\"twitter:data1\" content=\"El Digital de Asturias\" \/>\n\t\t<meta name=\"twitter:label2\" content=\"Tiempo de lectura estimado\" \/>\n\t\t<meta name=\"twitter:data2\" content=\"1 minuto\" \/>\n\t\t<script type=\"application\/ld+json\" class=\"aioseo-schema\">\n\t\t\t{\"@context\":\"https:\\\/\\\/schema.org\",\"@graph\":[{\"@type\":\"BlogPosting\",\"@id\":\"https:\\\/\\\/www.eldigitaldeasturias.com\\\/noticias\\\/conchita-wurst-revela-que-tiene-vih\\\/#blogposting\",\"name\":\"Conchita Wurst revela que tiene VIH - El Digital de Asturias\",\"headline\":\"Conchita Wurst revela que tiene VIH\",\"author\":{\"@id\":\"https:\\\/\\\/www.eldigitaldeasturias.com\\\/noticias\\\/author\\\/admin\\\/#author\"},\"publisher\":{\"@id\":\"https:\\\/\\\/www.eldigitaldeasturias.com\\\/noticias\\\/#organization\"},\"image\":{\"@type\":\"ImageObject\",\"url\":640557},\"datePublished\":\"2018-04-16T03:51:25+02:00\",\"dateModified\":\"2018-04-16T03:51:25+02:00\",\"inLanguage\":\"es-ES\",\"mainEntityOfPage\":{\"@id\":\"https:\\\/\\\/www.eldigitaldeasturias.com\\\/noticias\\\/conchita-wurst-revela-que-tiene-vih\\\/#webpage\"},\"isPartOf\":{\"@id\":\"https:\\\/\\\/www.eldigitaldeasturias.com\\\/noticias\\\/conchita-wurst-revela-que-tiene-vih\\\/#webpage\"},\"articleSection\":\"Actualidad\"},{\"@type\":\"BreadcrumbList\",\"@id\":\"https:\\\/\\\/www.eldigitaldeasturias.com\\\/noticias\\\/conchita-wurst-revela-que-tiene-vih\\\/#breadcrumblist\",\"itemListElement\":[{\"@type\":\"ListItem\",\"@id\":\"https:\\\/\\\/www.eldigitaldeasturias.com\\\/noticias#listItem\",\"position\":1,\"name\":\"Home\",\"item\":\"https:\\\/\\\/www.eldigitaldeasturias.com\\\/noticias\",\"nextItem\":{\"@type\":\"ListItem\",\"@id\":\"https:\\\/\\\/www.eldigitaldeasturias.com\\\/noticias\\\/category\\\/actualidad\\\/#listItem\",\"name\":\"Actualidad\"}},{\"@type\":\"ListItem\",\"@id\":\"https:\\\/\\\/www.eldigitaldeasturias.com\\\/noticias\\\/category\\\/actualidad\\\/#listItem\",\"position\":2,\"name\":\"Actualidad\",\"item\":\"https:\\\/\\\/www.eldigitaldeasturias.com\\\/noticias\\\/category\\\/actualidad\\\/\",\"nextItem\":{\"@type\":\"ListItem\",\"@id\":\"https:\\\/\\\/www.eldigitaldeasturias.com\\\/noticias\\\/conchita-wurst-revela-que-tiene-vih\\\/#listItem\",\"name\":\"Conchita Wurst revela que tiene VIH\"},\"previousItem\":{\"@type\":\"ListItem\",\"@id\":\"https:\\\/\\\/www.eldigitaldeasturias.com\\\/noticias#listItem\",\"name\":\"Home\"}},{\"@type\":\"ListItem\",\"@id\":\"https:\\\/\\\/www.eldigitaldeasturias.com\\\/noticias\\\/conchita-wurst-revela-que-tiene-vih\\\/#listItem\",\"position\":3,\"name\":\"Conchita Wurst revela que tiene VIH\",\"previousItem\":{\"@type\":\"ListItem\",\"@id\":\"https:\\\/\\\/www.eldigitaldeasturias.com\\\/noticias\\\/category\\\/actualidad\\\/#listItem\",\"name\":\"Actualidad\"}}]},{\"@type\":\"Organization\",\"@id\":\"https:\\\/\\\/www.eldigitaldeasturias.com\\\/noticias\\\/#organization\",\"name\":\"El Digital de Asturias\",\"description\":\"Hemeroteca\",\"url\":\"https:\\\/\\\/www.eldigitaldeasturias.com\\\/noticias\\\/\",\"email\":\"info@eldigitaldeasturias.com\",\"telephone\":\"+34652131393\",\"logo\":{\"@type\":\"ImageObject\",\"url\":\"https:\\\/\\\/www.eldigitaldeasturias.com\\\/noticias\\\/wp-content\\\/uploads\\\/2020\\\/12\\\/EDA.jpg\",\"@id\":\"https:\\\/\\\/www.eldigitaldeasturias.com\\\/noticias\\\/conchita-wurst-revela-que-tiene-vih\\\/#organizationLogo\"},\"image\":{\"@id\":\"https:\\\/\\\/www.eldigitaldeasturias.com\\\/noticias\\\/conchita-wurst-revela-que-tiene-vih\\\/#organizationLogo\"},\"sameAs\":[\"https:\\\/\\\/facebook.com\\\/eldigitaldeasturias\",\"https:\\\/\\\/www.youtube.com\\\/channel\\\/UCZP-2wLEB9Rv6erhFmqVnvg\"],\"address\":{\"@id\":\"https:\\\/\\\/www.eldigitaldeasturias.com\\\/noticias\\\/#postaladdress\",\"@type\":\"PostalAddress\",\"streetAddress\":\"san antonio 4\",\"postalCode\":\"33430\",\"addressLocality\":\"Cand\\u00e1s\",\"addressRegion\":\"Asturias\",\"addressCountry\":\"ES\"}},{\"@type\":\"Person\",\"@id\":\"https:\\\/\\\/www.eldigitaldeasturias.com\\\/noticias\\\/author\\\/admin\\\/#author\",\"url\":\"https:\\\/\\\/www.eldigitaldeasturias.com\\\/noticias\\\/author\\\/admin\\\/\",\"name\":\"El Digital de Asturias\",\"image\":{\"@type\":\"ImageObject\",\"@id\":\"https:\\\/\\\/www.eldigitaldeasturias.com\\\/noticias\\\/conchita-wurst-revela-que-tiene-vih\\\/#authorImage\",\"url\":\"https:\\\/\\\/secure.gravatar.com\\\/avatar\\\/df2aeffc32bcd13f8d26072ef8a91b623d677766deac7f97ca815868cd41bf5e?s=96&d=mm&r=g\",\"width\":96,\"height\":96,\"caption\":\"El Digital de Asturias\"}},{\"@type\":\"WebPage\",\"@id\":\"https:\\\/\\\/www.eldigitaldeasturias.com\\\/noticias\\\/conchita-wurst-revela-que-tiene-vih\\\/#webpage\",\"url\":\"https:\\\/\\\/www.eldigitaldeasturias.com\\\/noticias\\\/conchita-wurst-revela-que-tiene-vih\\\/\",\"name\":\"Conchita Wurst revela que tiene VIH - El Digital de Asturias\",\"description\":\"Viena, 15 abr (dpa) - La ganadora austr\\u00edaca de Eurovisi\\u00f3n Conchita Wurst revel\\u00f3 hoy por la noche que tiene VIH, a trav\\u00e9s de un post en su cuenta de Instagram. \\\"Desde hace muchos a\\u00f1os soy VIH positivo\\\", escribi\\u00f3 Wurst. \\\"Esto actualmente es irrelevante para el p\\u00fablico, pero un ex novio amenaz\\u00f3 con convertir esta informaci\\u00f3n\",\"inLanguage\":\"es-ES\",\"isPartOf\":{\"@id\":\"https:\\\/\\\/www.eldigitaldeasturias.com\\\/noticias\\\/#website\"},\"breadcrumb\":{\"@id\":\"https:\\\/\\\/www.eldigitaldeasturias.com\\\/noticias\\\/conchita-wurst-revela-que-tiene-vih\\\/#breadcrumblist\"},\"author\":{\"@id\":\"https:\\\/\\\/www.eldigitaldeasturias.com\\\/noticias\\\/author\\\/admin\\\/#author\"},\"creator\":{\"@id\":\"https:\\\/\\\/www.eldigitaldeasturias.com\\\/noticias\\\/author\\\/admin\\\/#author\"},\"image\":{\"@type\":\"ImageObject\",\"url\":640557,\"@id\":\"https:\\\/\\\/www.eldigitaldeasturias.com\\\/noticias\\\/conchita-wurst-revela-que-tiene-vih\\\/#mainImage\"},\"primaryImageOfPage\":{\"@id\":\"https:\\\/\\\/www.eldigitaldeasturias.com\\\/noticias\\\/conchita-wurst-revela-que-tiene-vih\\\/#mainImage\"},\"datePublished\":\"2018-04-16T03:51:25+02:00\",\"dateModified\":\"2018-04-16T03:51:25+02:00\"},{\"@type\":\"WebSite\",\"@id\":\"https:\\\/\\\/www.eldigitaldeasturias.com\\\/noticias\\\/#website\",\"url\":\"https:\\\/\\\/www.eldigitaldeasturias.com\\\/noticias\\\/\",\"name\":\"El Digital de Asturias - Diario de actualidad y noticias\",\"alternateName\":\"El Digital de Asturias - Diario de actualidad y noticias\",\"description\":\"Hemeroteca\",\"inLanguage\":\"es-ES\",\"publisher\":{\"@id\":\"https:\\\/\\\/www.eldigitaldeasturias.com\\\/noticias\\\/#organization\"}}]}\n\t\t<\/script>\n\t\t<!-- All in One SEO Pro -->\r\n\t\t<title>Conchita Wurst revela que tiene VIH - El Digital de Asturias<\/title>\n\n","aioseo_head_json":{"title":"Conchita Wurst revela que tiene VIH - El Digital de Asturias","description":"Viena, 15 abr (dpa) - La ganadora austr\u00edaca de Eurovisi\u00f3n Conchita Wurst revel\u00f3 hoy por la noche que tiene VIH, a trav\u00e9s de un post en su cuenta de Instagram. \"Desde hace muchos a\u00f1os soy VIH positivo\", escribi\u00f3 Wurst. \"Esto actualmente es irrelevante para el p\u00fablico, pero un ex novio amenaz\u00f3 con convertir esta informaci\u00f3n","canonical_url":"https:\/\/www.eldigitaldeasturias.com\/noticias\/conchita-wurst-revela-que-tiene-vih\/","robots":"max-image-preview:large","keywords":"actualidad","webmasterTools":{"google-site-verification":"UA-38556648-1","msvalidate.01":"7dfe9f3f1b24437ab69f4f2559babe99","miscellaneous":""},"schema":{"@context":"https:\/\/schema.org","@graph":[{"@type":"BlogPosting","@id":"https:\/\/www.eldigitaldeasturias.com\/noticias\/conchita-wurst-revela-que-tiene-vih\/#blogposting","name":"Conchita Wurst revela que tiene VIH - El Digital de Asturias","headline":"Conchita Wurst revela que tiene VIH","author":{"@id":"https:\/\/www.eldigitaldeasturias.com\/noticias\/author\/admin\/#author"},"publisher":{"@id":"https:\/\/www.eldigitaldeasturias.com\/noticias\/#organization"},"image":{"@type":"ImageObject","url":640557},"datePublished":"2018-04-16T03:51:25+02:00","dateModified":"2018-04-16T03:51:25+02:00","inLanguage":"es-ES","mainEntityOfPage":{"@id":"https:\/\/www.eldigitaldeasturias.com\/noticias\/conchita-wurst-revela-que-tiene-vih\/#webpage"},"isPartOf":{"@id":"https:\/\/www.eldigitaldeasturias.com\/noticias\/conchita-wurst-revela-que-tiene-vih\/#webpage"},"articleSection":"Actualidad"},{"@type":"BreadcrumbList","@id":"https:\/\/www.eldigitaldeasturias.com\/noticias\/conchita-wurst-revela-que-tiene-vih\/#breadcrumblist","itemListElement":[{"@type":"ListItem","@id":"https:\/\/www.eldigitaldeasturias.com\/noticias#listItem","position":1,"name":"Home","item":"https:\/\/www.eldigitaldeasturias.com\/noticias","nextItem":{"@type":"ListItem","@id":"https:\/\/www.eldigitaldeasturias.com\/noticias\/category\/actualidad\/#listItem","name":"Actualidad"}},{"@type":"ListItem","@id":"https:\/\/www.eldigitaldeasturias.com\/noticias\/category\/actualidad\/#listItem","position":2,"name":"Actualidad","item":"https:\/\/www.eldigitaldeasturias.com\/noticias\/category\/actualidad\/","nextItem":{"@type":"ListItem","@id":"https:\/\/www.eldigitaldeasturias.com\/noticias\/conchita-wurst-revela-que-tiene-vih\/#listItem","name":"Conchita Wurst revela que tiene VIH"},"previousItem":{"@type":"ListItem","@id":"https:\/\/www.eldigitaldeasturias.com\/noticias#listItem","name":"Home"}},{"@type":"ListItem","@id":"https:\/\/www.eldigitaldeasturias.com\/noticias\/conchita-wurst-revela-que-tiene-vih\/#listItem","position":3,"name":"Conchita Wurst revela que tiene VIH","previousItem":{"@type":"ListItem","@id":"https:\/\/www.eldigitaldeasturias.com\/noticias\/category\/actualidad\/#listItem","name":"Actualidad"}}]},{"@type":"Organization","@id":"https:\/\/www.eldigitaldeasturias.com\/noticias\/#organization","name":"El Digital de Asturias","description":"Hemeroteca","url":"https:\/\/www.eldigitaldeasturias.com\/noticias\/","email":"info@eldigitaldeasturias.com","telephone":"+34652131393","logo":{"@type":"ImageObject","url":"https:\/\/www.eldigitaldeasturias.com\/noticias\/wp-content\/uploads\/2020\/12\/EDA.jpg","@id":"https:\/\/www.eldigitaldeasturias.com\/noticias\/conchita-wurst-revela-que-tiene-vih\/#organizationLogo"},"image":{"@id":"https:\/\/www.eldigitaldeasturias.com\/noticias\/conchita-wurst-revela-que-tiene-vih\/#organizationLogo"},"sameAs":["https:\/\/facebook.com\/eldigitaldeasturias","https:\/\/www.youtube.com\/channel\/UCZP-2wLEB9Rv6erhFmqVnvg"],"address":{"@id":"https:\/\/www.eldigitaldeasturias.com\/noticias\/#postaladdress","@type":"PostalAddress","streetAddress":"san antonio 4","postalCode":"33430","addressLocality":"Cand\u00e1s","addressRegion":"Asturias","addressCountry":"ES"}},{"@type":"Person","@id":"https:\/\/www.eldigitaldeasturias.com\/noticias\/author\/admin\/#author","url":"https:\/\/www.eldigitaldeasturias.com\/noticias\/author\/admin\/","name":"El Digital de Asturias","image":{"@type":"ImageObject","@id":"https:\/\/www.eldigitaldeasturias.com\/noticias\/conchita-wurst-revela-que-tiene-vih\/#authorImage","url":"https:\/\/secure.gravatar.com\/avatar\/df2aeffc32bcd13f8d26072ef8a91b623d677766deac7f97ca815868cd41bf5e?s=96&d=mm&r=g","width":96,"height":96,"caption":"El Digital de Asturias"}},{"@type":"WebPage","@id":"https:\/\/www.eldigitaldeasturias.com\/noticias\/conchita-wurst-revela-que-tiene-vih\/#webpage","url":"https:\/\/www.eldigitaldeasturias.com\/noticias\/conchita-wurst-revela-que-tiene-vih\/","name":"Conchita Wurst revela que tiene VIH - El Digital de Asturias","description":"Viena, 15 abr (dpa) - La ganadora austr\u00edaca de Eurovisi\u00f3n Conchita Wurst revel\u00f3 hoy por la noche que tiene VIH, a trav\u00e9s de un post en su cuenta de Instagram. \"Desde hace muchos a\u00f1os soy VIH positivo\", escribi\u00f3 Wurst. \"Esto actualmente es irrelevante para el p\u00fablico, pero un ex novio amenaz\u00f3 con convertir esta informaci\u00f3n","inLanguage":"es-ES","isPartOf":{"@id":"https:\/\/www.eldigitaldeasturias.com\/noticias\/#website"},"breadcrumb":{"@id":"https:\/\/www.eldigitaldeasturias.com\/noticias\/conchita-wurst-revela-que-tiene-vih\/#breadcrumblist"},"author":{"@id":"https:\/\/www.eldigitaldeasturias.com\/noticias\/author\/admin\/#author"},"creator":{"@id":"https:\/\/www.eldigitaldeasturias.com\/noticias\/author\/admin\/#author"},"image":{"@type":"ImageObject","url":640557,"@id":"https:\/\/www.eldigitaldeasturias.com\/noticias\/conchita-wurst-revela-que-tiene-vih\/#mainImage"},"primaryImageOfPage":{"@id":"https:\/\/www.eldigitaldeasturias.com\/noticias\/conchita-wurst-revela-que-tiene-vih\/#mainImage"},"datePublished":"2018-04-16T03:51:25+02:00","dateModified":"2018-04-16T03:51:25+02:00"},{"@type":"WebSite","@id":"https:\/\/www.eldigitaldeasturias.com\/noticias\/#website","url":"https:\/\/www.eldigitaldeasturias.com\/noticias\/","name":"El Digital de Asturias - Diario de actualidad y noticias","alternateName":"El Digital de Asturias - Diario de actualidad y noticias","description":"Hemeroteca","inLanguage":"es-ES","publisher":{"@id":"https:\/\/www.eldigitaldeasturias.com\/noticias\/#organization"}}]},"og:locale":"es_ES","og:site_name":"El Digital de Asturias","og:type":"article","og:title":"Conchita Wurst revela que tiene VIH - El Digital de Asturias","og:description":"Viena, 15 abr (dpa) - La ganadora austr\u00edaca de Eurovisi\u00f3n Conchita Wurst revel\u00f3 hoy por la noche que tiene VIH, a trav\u00e9s de un post en su cuenta de Instagram. &quot;Desde hace muchos a\u00f1os soy VIH positivo&quot;, escribi\u00f3 Wurst. &quot;Esto actualmente es irrelevante para el p\u00fablico, pero un ex novio amenaz\u00f3 con convertir esta informaci\u00f3n","og:url":"https:\/\/www.eldigitaldeasturias.com\/noticias\/conchita-wurst-revela-que-tiene-vih\/","article:tag":["actualidad"],"article:published_time":"2018-04-16T03:51:25+00:00","article:modified_time":"2018-04-16T03:51:25+00:00","article:publisher":"https:\/\/facebook.com\/eldigitaldeasturias","twitter:card":"summary_large_image","twitter:title":"Conchita Wurst revela que tiene VIH - El Digital de Asturias","twitter:description":"Viena, 15 abr (dpa) - La ganadora austr\u00edaca de Eurovisi\u00f3n Conchita Wurst revel\u00f3 hoy por la noche que tiene VIH, a trav\u00e9s de un post en su cuenta de Instagram. &quot;Desde hace muchos a\u00f1os soy VIH positivo&quot;, escribi\u00f3 Wurst. &quot;Esto actualmente es irrelevante para el p\u00fablico, pero un ex novio amenaz\u00f3 con convertir esta informaci\u00f3n","twitter:image":"https:\/\/www.eldigitaldeasturias.com\/noticias\/wp-content\/uploads\/2020\/12\/EDA-1.jpg","twitter:label1":"Escrito por","twitter:data1":"El Digital de Asturias","twitter:label2":"Tiempo de lectura estimado","twitter:data2":"1 minuto"},"aioseo_meta_data":{"post_id":"976232","title":null,"description":null,"keywords":null,"keyphrases":null,"primary_term":null,"canonical_url":null,"og_title":null,"og_description":null,"og_object_type":"default","og_image_type":"default","og_image_url":null,"og_image_width":null,"og_image_height":null,"og_image_custom_url":null,"og_image_custom_fields":null,"og_video":null,"og_custom_url":null,"og_article_section":null,"og_article_tags":null,"twitter_use_og":false,"twitter_card":"default","twitter_image_type":"default","twitter_image_url":null,"twitter_image_custom_url":null,"twitter_image_custom_fields":null,"twitter_title":null,"twitter_description":null,"schema":{"blockGraphs":[],"customGraphs":[],"default":{"data":{"Article":[],"Course":[],"Dataset":[],"FAQPage":[],"Movie":[],"Person":[],"Product":[],"ProductReview":[],"Car":[],"Recipe":[],"Service":[],"SoftwareApplication":[],"WebPage":[]},"graphName":"","isEnabled":true},"graphs":[],"defaultGraph":"","defaultPostTypeGraph":""},"schema_type":null,"schema_type_options":null,"pillar_content":false,"robots_default":true,"robots_noindex":false,"robots_noarchive":false,"robots_nosnippet":false,"robots_nofollow":false,"robots_noimageindex":false,"robots_noodp":false,"robots_notranslate":false,"robots_max_snippet":null,"robots_max_videopreview":null,"robots_max_imagepreview":"large","priority":null,"frequency":null,"local_seo":null,"seo_analyzer_scan_date":"2025-10-08 03:08:10","breadcrumb_settings":null,"limit_modified_date":false,"open_ai":null,"ai":null,"created":"2020-12-21 12:08:37","updated":"2025-10-08 03:08:10","focus_keyword":null,"additional_keywords":null,"truseo_locale":null},"aioseo_breadcrumb":"<div class=\"aioseo-breadcrumbs\"><span class=\"aioseo-breadcrumb\">\n\t<a href=\"https:\/\/www.eldigitaldeasturias.com\/noticias\" title=\"Home\">Home<\/a>\n<\/span><span class=\"aioseo-breadcrumb-separator\">\u2013<\/span><span class=\"aioseo-breadcrumb\">\n\t<a href=\"https:\/\/www.eldigitaldeasturias.com\/noticias\/category\/actualidad\/\" title=\"Actualidad\">Actualidad<\/a>\n<\/span><span class=\"aioseo-breadcrumb-separator\">\u2013<\/span><span class=\"aioseo-breadcrumb\">\n\t<a href=\"https:\/\/www.eldigitaldeasturias.com\/noticias\/conchita-wurst-revela-que-tiene-vih\/\" title=\"Conchita Wurst revela que tiene VIH\">Conchita Wurst revela que tiene VIH<\/a>\n<\/span><\/div>","aioseo_breadcrumb_json":[{"label":"Home","link":"https:\/\/www.eldigitaldeasturias.com\/noticias"},{"label":"Actualidad","link":"https:\/\/www.eldigitaldeasturias.com\/noticias\/category\/actualidad\/"},{"label":"Conchita Wurst revela que tiene VIH","link":"https:\/\/www.eldigitaldeasturias.com\/noticias\/conchita-wurst-revela-que-tiene-vih\/"}],"_links":{"self":[{"href":"https:\/\/www.eldigitaldeasturias.com\/noticias\/wp-json\/wp\/v2\/posts\/976232","targetHints":{"allow":["GET"]}}],"collection":[{"href":"https:\/\/www.eldigitaldeasturias.com\/noticias\/wp-json\/wp\/v2\/posts"}],"about":[{"href":"https:\/\/www.eldigitaldeasturias.com\/noticias\/wp-json\/wp\/v2\/types\/post"}],"author":[{"embeddable":true,"href":"https:\/\/www.eldigitaldeasturias.com\/noticias\/wp-json\/wp\/v2\/users\/1"}],"replies":[{"embeddable":true,"href":"https:\/\/www.eldigitaldeasturias.com\/noticias\/wp-json\/wp\/v2\/comments?post=976232"}],"version-history":[{"count":0,"href":"https:\/\/www.eldigitaldeasturias.com\/noticias\/wp-json\/wp\/v2\/posts\/976232\/revisions"}],"wp:attachment":[{"href":"https:\/\/www.eldigitaldeasturias.com\/noticias\/wp-json\/wp\/v2\/media?parent=976232"}],"wp:term":[{"taxonomy":"category","embeddable":true,"href":"https:\/\/www.eldigitaldeasturias.com\/noticias\/wp-json\/wp\/v2\/categories?post=976232"},{"taxonomy":"post_tag","embeddable":true,"href":"https:\/\/www.eldigitaldeasturias.com\/noticias\/wp-json\/wp\/v2\/tags?post=976232"}],"curies":[{"name":"wp","href":"https:\/\/api.w.org\/{rel}","templated":true}]}}