{"id":976227,"date":"2018-04-16T03:47:38","date_gmt":"2018-04-16T03:47:38","guid":{"rendered":"http:\/\/www.eldigitaldeasturias.com\/noticias\/?p=976227"},"modified":"2018-04-16T03:47:38","modified_gmt":"2018-04-16T03:47:38","slug":"siguen-sin-localizar-los-cuerpos-de-los-periodistas-ecuatorianos-asesinados","status":"publish","type":"post","link":"https:\/\/www.eldigitaldeasturias.com\/noticias\/siguen-sin-localizar-los-cuerpos-de-los-periodistas-ecuatorianos-asesinados\/","title":{"rendered":"Siguen sin localizar los cuerpos de los periodistas ecuatorianos asesinados"},"content":{"rendered":"<p><img loading=\"lazy\" decoding=\"async\" class=\"alignleft size-medium wp-image-951511\" src=\"https:\/\/www.eldigitaldeasturias.com\/noticias\/wp-content\/uploads\/2017\/08\/news-1729539_960_720-1-360x238.jpg\" alt=\"\" width=\"360\" height=\"238\" \/>Quito\/Bogot\u00e1, 15 abr (dpa) \u2013 El Gobierno de Ecuador inform\u00f3 hoy que sigue sin localizar los cuerpos de los dos periodistas ecuatorianos y su chofer asesinados tras su secuestro, pero informaci\u00f3n de inteligencia indica que los cad\u00e1veres estar\u00edan en territorio colombiano.<\/p>\n<p>\u00abSe est\u00e1n haciendo todos los esfuerzos en este momento con organismos internacionales que nos est\u00e1n ayudando en esto\u00bb, como el Comit\u00e9 Internacional de la Cruz Roja (CICR), dijo el ministro del Interior ecuatoriano, C\u00e9sar Navas.<\/p>\n<p>El funcionario indic\u00f3 que se ha establecido que los cad\u00e1veres se encuentran en territorio de Colombia, donde al parecer fueron asesinados a manos de un grupo disidente de las FARC (Fuerzas Armadas Revolucionarias de Colombia), liderado por el ex guerrillero conocido como alias \u201cGuacho\u00bb.<\/p>\n<p>El presidente colombiano, Juan Manuel Santos, corrobor\u00f3 la informaci\u00f3n indicando: \u201cEl ministro de Defensa me dijo que por fuentes de inteligencia los cuerpos estaban de lado colombiano y en ese sentido tiene uno que decir que fueron asesinados en Colombia\u201d.<\/p>\n<p>Agreg\u00f3 que se desconoce el paradero de los cuerpos y se buscan a trav\u00e9s de los protocolos correspondientes con la CICR.<\/p>\n<p>Durante un discurso ante medios de comunicaci\u00f3n, Santos orden\u00f3 a m\u00e1s milicias hacer presencia en el borde con Ecuador con el fin de capturar a \u201cGuacho\u201d. \u201cCaer\u00e1 vivo o muerto\u201d, asever\u00f3.<\/p>\n<p>Esta tarde las autoridades colombianas instalaron un equipo forense en el municipio de Tumaco, fronterizo con Ecuador, ante la posibilidad de que los cuerpos sean entregados en esa zona del pa\u00eds por las disidencias de las FARC.<\/p>\n<p>\u00ab(El equipo) estar\u00e1 disponible sin importar a qu\u00e9 lado de la frontera se encuentren los cuerpos\u00bb, indic\u00f3 el vicepresidente de Colombia, \u00d3scar Naranjo.<\/p>\n<p>De otro lado, el ministro Navas dio un balance de los operativos militares, en los que han sido detenidas nueve personas. Ocho de ellos est\u00e1n bajo investigaci\u00f3n y son miembros activos de la banda \u00abOliver Sinisterra\u201d, conformada por los guerrilleros disidentes.<\/p>\n<p>El jefe del Comando Conjunto de las Fuerzas Armadas ecuatorianas, C\u00e9sar Merizalde, desminti\u00f3 que en los operativos de los \u00faltimos tres d\u00edas se hayan registrado militares heridos. \u00abEso es falso\u00bb, coment\u00f3.<\/p>\n<p>Por su parte, el comandante general de Polic\u00eda ecuatoriana, Ramiro Mantilla, inform\u00f3 que hasta el momento hay 43 detenidos y procesados por la Fiscal\u00eda por delitos como asesinatos y atentados.<\/p>\n<p>El secretario de Comunicaci\u00f3n de Ecuador, Andr\u00e9s Michelena, llam\u00f3 a la unidad del pa\u00eds ante estos acontecimientos. \u00abLa intenci\u00f3n no es echar la culpa a nadie, si hubo errores sabremos reconocerlo. No es culpa de los periodistas, no es culpa del Estado, el enemigo est\u00e1 afuera\u00bb, expres\u00f3.<\/p>\n<p>Los dos periodistas del diario \u00abEl Comercio\u00bb y su chofer fueron secuestrados el 26 de marzo en los alrededores de la poblaci\u00f3n de Mataje, ubicada frente al r\u00edo del mismo nombre, accidente geogr\u00e1fico que marca la l\u00ednea de frontera entre Ecuador y Colombia.<\/p>\n<p>Los contactos iniciales para lograr su liberaci\u00f3n se mantuvieron hasta el siete de abril, cuando los secuestradores cortaron la comunicaci\u00f3n.<\/p>\n<p>El 12 de abril, en Colombia se revelaron fotograf\u00edas de cuerpos ajusticiados con disparos en la cabeza que, seg\u00fan analistas, coinciden con los rasgos de los secuestrados.<\/p>\n<p><i class=\"lang-es\"><span class=\" readonly\" title=\"\">Por Ramiro Carrillo y Giuseppe Palacino (dpa)<\/span><\/i><\/p>\n","protected":false},"excerpt":{"rendered":"<p>Quito\/Bogot\u00e1, 15 abr (dpa) \u2013 El Gobierno de Ecuador inform\u00f3 hoy que sigue sin localizar los cuerpos de los dos periodistas ecuatorianos y su chofer asesinados tras su secuestro, pero informaci\u00f3n de inteligencia indica que los cad\u00e1veres estar\u00edan en territorio colombiano. \u00abSe est\u00e1n haciendo todos los esfuerzos en este momento con organismos internacionales que nos [&hellip;]<\/p>\n","protected":false},"author":1,"featured_media":951511,"comment_status":"closed","ping_status":"closed","sticky":false,"template":"","format":"standard","meta":{"footnotes":""},"categories":[1],"tags":[],"class_list":["post-976227","post","type-post","status-publish","format-standard","has-post-thumbnail","hentry","category-actualidad"],"aioseo_notices":[],"aioseo_head":"\n\t\t<!-- All in One SEO Pro 5.0.1 - aioseo.com -->\n\t<meta name=\"description\" content=\"Quito\/Bogot\u00e1, 15 abr (dpa) \u2013 El Gobierno de Ecuador inform\u00f3 hoy que sigue sin localizar los cuerpos de los dos periodistas ecuatorianos y su chofer asesinados tras su secuestro, pero informaci\u00f3n de inteligencia indica que los cad\u00e1veres estar\u00edan en territorio colombiano. &quot;Se est\u00e1n haciendo todos los esfuerzos en este momento con organismos internacionales que nos\" \/>\n\t<meta name=\"robots\" content=\"max-image-preview:large\" \/>\n\t<meta name=\"author\" content=\"El Digital de Asturias\"\/>\n\t<meta name=\"google-site-verification\" content=\"UA-38556648-1\" \/>\n\t<meta name=\"msvalidate.01\" content=\"7dfe9f3f1b24437ab69f4f2559babe99\" \/>\n\t<meta name=\"keywords\" content=\"actualidad\" \/>\n\t<link rel=\"canonical\" href=\"https:\/\/www.eldigitaldeasturias.com\/noticias\/siguen-sin-localizar-los-cuerpos-de-los-periodistas-ecuatorianos-asesinados\/\" \/>\n\t<meta name=\"generator\" content=\"All in One SEO Pro (AIOSEO) 5.0.1\" \/>\n\t\t<meta property=\"og:locale\" content=\"es_ES\" \/>\n\t\t<meta property=\"og:site_name\" content=\"El Digital de Asturias\" \/>\n\t\t<meta property=\"og:type\" content=\"article\" \/>\n\t\t<meta property=\"og:title\" content=\"Siguen sin localizar los cuerpos de los periodistas ecuatorianos asesinados - El Digital de Asturias\" \/>\n\t\t<meta property=\"og:description\" content=\"Quito\/Bogot\u00e1, 15 abr (dpa) \u2013 El Gobierno de Ecuador inform\u00f3 hoy que sigue sin localizar los cuerpos de los dos periodistas ecuatorianos y su chofer asesinados tras su secuestro, pero informaci\u00f3n de inteligencia indica que los cad\u00e1veres estar\u00edan en territorio colombiano. &quot;Se est\u00e1n haciendo todos los esfuerzos en este momento con organismos internacionales que nos\" \/>\n\t\t<meta property=\"og:url\" content=\"https:\/\/www.eldigitaldeasturias.com\/noticias\/siguen-sin-localizar-los-cuerpos-de-los-periodistas-ecuatorianos-asesinados\/\" \/>\n\t\t<meta property=\"article:tag\" content=\"actualidad\" \/>\n\t\t<meta property=\"article:published_time\" content=\"2018-04-16T03:47:38+00:00\" \/>\n\t\t<meta property=\"article:modified_time\" content=\"2018-04-16T03:47:38+00:00\" \/>\n\t\t<meta property=\"article:publisher\" content=\"https:\/\/facebook.com\/eldigitaldeasturias\" \/>\n\t\t<meta name=\"twitter:card\" content=\"summary_large_image\" \/>\n\t\t<meta name=\"twitter:title\" content=\"Siguen sin localizar los cuerpos de los periodistas ecuatorianos asesinados - El Digital de Asturias\" \/>\n\t\t<meta name=\"twitter:description\" content=\"Quito\/Bogot\u00e1, 15 abr (dpa) \u2013 El Gobierno de Ecuador inform\u00f3 hoy que sigue sin localizar los cuerpos de los dos periodistas ecuatorianos y su chofer asesinados tras su secuestro, pero informaci\u00f3n de inteligencia indica que los cad\u00e1veres estar\u00edan en territorio colombiano. &quot;Se est\u00e1n haciendo todos los esfuerzos en este momento con organismos internacionales que nos\" \/>\n\t\t<meta name=\"twitter:image\" content=\"https:\/\/www.eldigitaldeasturias.com\/noticias\/wp-content\/uploads\/2020\/12\/EDA-1.jpg\" \/>\n\t\t<meta name=\"twitter:label1\" content=\"Escrito por\" \/>\n\t\t<meta name=\"twitter:data1\" content=\"El Digital de Asturias\" \/>\n\t\t<meta name=\"twitter:label2\" content=\"Tiempo de lectura estimado\" \/>\n\t\t<meta name=\"twitter:data2\" content=\"3 minutos\" \/>\n\t\t<script type=\"application\/ld+json\" class=\"aioseo-schema\">\n\t\t\t{\"@context\":\"https:\\\/\\\/schema.org\",\"@graph\":[{\"@type\":\"BlogPosting\",\"@id\":\"https:\\\/\\\/www.eldigitaldeasturias.com\\\/noticias\\\/siguen-sin-localizar-los-cuerpos-de-los-periodistas-ecuatorianos-asesinados\\\/#blogposting\",\"name\":\"Siguen sin localizar los cuerpos de los periodistas ecuatorianos asesinados - El Digital de Asturias\",\"headline\":\"Siguen sin localizar los cuerpos de los periodistas ecuatorianos asesinados\",\"author\":{\"@id\":\"https:\\\/\\\/www.eldigitaldeasturias.com\\\/noticias\\\/author\\\/admin\\\/#author\"},\"publisher\":{\"@id\":\"https:\\\/\\\/www.eldigitaldeasturias.com\\\/noticias\\\/#organization\"},\"image\":{\"@type\":\"ImageObject\",\"url\":951511},\"datePublished\":\"2018-04-16T03:47:38+02:00\",\"dateModified\":\"2018-04-16T03:47:38+02:00\",\"inLanguage\":\"es-ES\",\"mainEntityOfPage\":{\"@id\":\"https:\\\/\\\/www.eldigitaldeasturias.com\\\/noticias\\\/siguen-sin-localizar-los-cuerpos-de-los-periodistas-ecuatorianos-asesinados\\\/#webpage\"},\"isPartOf\":{\"@id\":\"https:\\\/\\\/www.eldigitaldeasturias.com\\\/noticias\\\/siguen-sin-localizar-los-cuerpos-de-los-periodistas-ecuatorianos-asesinados\\\/#webpage\"},\"articleSection\":\"Actualidad\"},{\"@type\":\"BreadcrumbList\",\"@id\":\"https:\\\/\\\/www.eldigitaldeasturias.com\\\/noticias\\\/siguen-sin-localizar-los-cuerpos-de-los-periodistas-ecuatorianos-asesinados\\\/#breadcrumblist\",\"itemListElement\":[{\"@type\":\"ListItem\",\"@id\":\"https:\\\/\\\/www.eldigitaldeasturias.com\\\/noticias#listItem\",\"position\":1,\"name\":\"Home\",\"item\":\"https:\\\/\\\/www.eldigitaldeasturias.com\\\/noticias\",\"nextItem\":{\"@type\":\"ListItem\",\"@id\":\"https:\\\/\\\/www.eldigitaldeasturias.com\\\/noticias\\\/category\\\/actualidad\\\/#listItem\",\"name\":\"Actualidad\"}},{\"@type\":\"ListItem\",\"@id\":\"https:\\\/\\\/www.eldigitaldeasturias.com\\\/noticias\\\/category\\\/actualidad\\\/#listItem\",\"position\":2,\"name\":\"Actualidad\",\"item\":\"https:\\\/\\\/www.eldigitaldeasturias.com\\\/noticias\\\/category\\\/actualidad\\\/\",\"nextItem\":{\"@type\":\"ListItem\",\"@id\":\"https:\\\/\\\/www.eldigitaldeasturias.com\\\/noticias\\\/siguen-sin-localizar-los-cuerpos-de-los-periodistas-ecuatorianos-asesinados\\\/#listItem\",\"name\":\"Siguen sin localizar los cuerpos de los periodistas ecuatorianos asesinados\"},\"previousItem\":{\"@type\":\"ListItem\",\"@id\":\"https:\\\/\\\/www.eldigitaldeasturias.com\\\/noticias#listItem\",\"name\":\"Home\"}},{\"@type\":\"ListItem\",\"@id\":\"https:\\\/\\\/www.eldigitaldeasturias.com\\\/noticias\\\/siguen-sin-localizar-los-cuerpos-de-los-periodistas-ecuatorianos-asesinados\\\/#listItem\",\"position\":3,\"name\":\"Siguen sin localizar los cuerpos de los periodistas ecuatorianos asesinados\",\"previousItem\":{\"@type\":\"ListItem\",\"@id\":\"https:\\\/\\\/www.eldigitaldeasturias.com\\\/noticias\\\/category\\\/actualidad\\\/#listItem\",\"name\":\"Actualidad\"}}]},{\"@type\":\"Organization\",\"@id\":\"https:\\\/\\\/www.eldigitaldeasturias.com\\\/noticias\\\/#organization\",\"name\":\"El Digital de Asturias\",\"description\":\"Hemeroteca\",\"url\":\"https:\\\/\\\/www.eldigitaldeasturias.com\\\/noticias\\\/\",\"email\":\"info@eldigitaldeasturias.com\",\"telephone\":\"+34652131393\",\"logo\":{\"@type\":\"ImageObject\",\"url\":\"https:\\\/\\\/www.eldigitaldeasturias.com\\\/noticias\\\/wp-content\\\/uploads\\\/2020\\\/12\\\/EDA.jpg\",\"@id\":\"https:\\\/\\\/www.eldigitaldeasturias.com\\\/noticias\\\/siguen-sin-localizar-los-cuerpos-de-los-periodistas-ecuatorianos-asesinados\\\/#organizationLogo\"},\"image\":{\"@id\":\"https:\\\/\\\/www.eldigitaldeasturias.com\\\/noticias\\\/siguen-sin-localizar-los-cuerpos-de-los-periodistas-ecuatorianos-asesinados\\\/#organizationLogo\"},\"sameAs\":[\"https:\\\/\\\/facebook.com\\\/eldigitaldeasturias\",\"https:\\\/\\\/www.youtube.com\\\/channel\\\/UCZP-2wLEB9Rv6erhFmqVnvg\"],\"address\":{\"@id\":\"https:\\\/\\\/www.eldigitaldeasturias.com\\\/noticias\\\/#postaladdress\",\"@type\":\"PostalAddress\",\"streetAddress\":\"san antonio 4\",\"postalCode\":\"33430\",\"addressLocality\":\"Cand\\u00e1s\",\"addressRegion\":\"Asturias\",\"addressCountry\":\"ES\"}},{\"@type\":\"Person\",\"@id\":\"https:\\\/\\\/www.eldigitaldeasturias.com\\\/noticias\\\/author\\\/admin\\\/#author\",\"url\":\"https:\\\/\\\/www.eldigitaldeasturias.com\\\/noticias\\\/author\\\/admin\\\/\",\"name\":\"El Digital de Asturias\",\"image\":{\"@type\":\"ImageObject\",\"@id\":\"https:\\\/\\\/www.eldigitaldeasturias.com\\\/noticias\\\/siguen-sin-localizar-los-cuerpos-de-los-periodistas-ecuatorianos-asesinados\\\/#authorImage\",\"url\":\"https:\\\/\\\/secure.gravatar.com\\\/avatar\\\/df2aeffc32bcd13f8d26072ef8a91b623d677766deac7f97ca815868cd41bf5e?s=96&d=mm&r=g\",\"width\":96,\"height\":96,\"caption\":\"El Digital de Asturias\"}},{\"@type\":\"WebPage\",\"@id\":\"https:\\\/\\\/www.eldigitaldeasturias.com\\\/noticias\\\/siguen-sin-localizar-los-cuerpos-de-los-periodistas-ecuatorianos-asesinados\\\/#webpage\",\"url\":\"https:\\\/\\\/www.eldigitaldeasturias.com\\\/noticias\\\/siguen-sin-localizar-los-cuerpos-de-los-periodistas-ecuatorianos-asesinados\\\/\",\"name\":\"Siguen sin localizar los cuerpos de los periodistas ecuatorianos asesinados - El Digital de Asturias\",\"description\":\"Quito\\\/Bogot\\u00e1, 15 abr (dpa) \\u2013 El Gobierno de Ecuador inform\\u00f3 hoy que sigue sin localizar los cuerpos de los dos periodistas ecuatorianos y su chofer asesinados tras su secuestro, pero informaci\\u00f3n de inteligencia indica que los cad\\u00e1veres estar\\u00edan en territorio colombiano. \\\"Se est\\u00e1n haciendo todos los esfuerzos en este momento con organismos internacionales que nos\",\"inLanguage\":\"es-ES\",\"isPartOf\":{\"@id\":\"https:\\\/\\\/www.eldigitaldeasturias.com\\\/noticias\\\/#website\"},\"breadcrumb\":{\"@id\":\"https:\\\/\\\/www.eldigitaldeasturias.com\\\/noticias\\\/siguen-sin-localizar-los-cuerpos-de-los-periodistas-ecuatorianos-asesinados\\\/#breadcrumblist\"},\"author\":{\"@id\":\"https:\\\/\\\/www.eldigitaldeasturias.com\\\/noticias\\\/author\\\/admin\\\/#author\"},\"creator\":{\"@id\":\"https:\\\/\\\/www.eldigitaldeasturias.com\\\/noticias\\\/author\\\/admin\\\/#author\"},\"image\":{\"@type\":\"ImageObject\",\"url\":951511,\"@id\":\"https:\\\/\\\/www.eldigitaldeasturias.com\\\/noticias\\\/siguen-sin-localizar-los-cuerpos-de-los-periodistas-ecuatorianos-asesinados\\\/#mainImage\"},\"primaryImageOfPage\":{\"@id\":\"https:\\\/\\\/www.eldigitaldeasturias.com\\\/noticias\\\/siguen-sin-localizar-los-cuerpos-de-los-periodistas-ecuatorianos-asesinados\\\/#mainImage\"},\"datePublished\":\"2018-04-16T03:47:38+02:00\",\"dateModified\":\"2018-04-16T03:47:38+02:00\"},{\"@type\":\"WebSite\",\"@id\":\"https:\\\/\\\/www.eldigitaldeasturias.com\\\/noticias\\\/#website\",\"url\":\"https:\\\/\\\/www.eldigitaldeasturias.com\\\/noticias\\\/\",\"name\":\"El Digital de Asturias - Diario de actualidad y noticias\",\"alternateName\":\"El Digital de Asturias - Diario de actualidad y noticias\",\"description\":\"Hemeroteca\",\"inLanguage\":\"es-ES\",\"publisher\":{\"@id\":\"https:\\\/\\\/www.eldigitaldeasturias.com\\\/noticias\\\/#organization\"}}]}\n\t\t<\/script>\n\t\t<!-- All in One SEO Pro -->\r\n\t\t<title>Siguen sin localizar los cuerpos de los periodistas ecuatorianos asesinados - El Digital de Asturias<\/title>\n\n","aioseo_head_json":{"title":"Siguen sin localizar los cuerpos de los periodistas ecuatorianos asesinados - El Digital de Asturias","description":"Quito\/Bogot\u00e1, 15 abr (dpa) \u2013 El Gobierno de Ecuador inform\u00f3 hoy que sigue sin localizar los cuerpos de los dos periodistas ecuatorianos y su chofer asesinados tras su secuestro, pero informaci\u00f3n de inteligencia indica que los cad\u00e1veres estar\u00edan en territorio colombiano. \"Se est\u00e1n haciendo todos los esfuerzos en este momento con organismos internacionales que nos","canonical_url":"https:\/\/www.eldigitaldeasturias.com\/noticias\/siguen-sin-localizar-los-cuerpos-de-los-periodistas-ecuatorianos-asesinados\/","robots":"max-image-preview:large","keywords":"actualidad","webmasterTools":{"google-site-verification":"UA-38556648-1","msvalidate.01":"7dfe9f3f1b24437ab69f4f2559babe99","miscellaneous":""},"schema":{"@context":"https:\/\/schema.org","@graph":[{"@type":"BlogPosting","@id":"https:\/\/www.eldigitaldeasturias.com\/noticias\/siguen-sin-localizar-los-cuerpos-de-los-periodistas-ecuatorianos-asesinados\/#blogposting","name":"Siguen sin localizar los cuerpos de los periodistas ecuatorianos asesinados - El Digital de Asturias","headline":"Siguen sin localizar los cuerpos de los periodistas ecuatorianos asesinados","author":{"@id":"https:\/\/www.eldigitaldeasturias.com\/noticias\/author\/admin\/#author"},"publisher":{"@id":"https:\/\/www.eldigitaldeasturias.com\/noticias\/#organization"},"image":{"@type":"ImageObject","url":951511},"datePublished":"2018-04-16T03:47:38+02:00","dateModified":"2018-04-16T03:47:38+02:00","inLanguage":"es-ES","mainEntityOfPage":{"@id":"https:\/\/www.eldigitaldeasturias.com\/noticias\/siguen-sin-localizar-los-cuerpos-de-los-periodistas-ecuatorianos-asesinados\/#webpage"},"isPartOf":{"@id":"https:\/\/www.eldigitaldeasturias.com\/noticias\/siguen-sin-localizar-los-cuerpos-de-los-periodistas-ecuatorianos-asesinados\/#webpage"},"articleSection":"Actualidad"},{"@type":"BreadcrumbList","@id":"https:\/\/www.eldigitaldeasturias.com\/noticias\/siguen-sin-localizar-los-cuerpos-de-los-periodistas-ecuatorianos-asesinados\/#breadcrumblist","itemListElement":[{"@type":"ListItem","@id":"https:\/\/www.eldigitaldeasturias.com\/noticias#listItem","position":1,"name":"Home","item":"https:\/\/www.eldigitaldeasturias.com\/noticias","nextItem":{"@type":"ListItem","@id":"https:\/\/www.eldigitaldeasturias.com\/noticias\/category\/actualidad\/#listItem","name":"Actualidad"}},{"@type":"ListItem","@id":"https:\/\/www.eldigitaldeasturias.com\/noticias\/category\/actualidad\/#listItem","position":2,"name":"Actualidad","item":"https:\/\/www.eldigitaldeasturias.com\/noticias\/category\/actualidad\/","nextItem":{"@type":"ListItem","@id":"https:\/\/www.eldigitaldeasturias.com\/noticias\/siguen-sin-localizar-los-cuerpos-de-los-periodistas-ecuatorianos-asesinados\/#listItem","name":"Siguen sin localizar los cuerpos de los periodistas ecuatorianos asesinados"},"previousItem":{"@type":"ListItem","@id":"https:\/\/www.eldigitaldeasturias.com\/noticias#listItem","name":"Home"}},{"@type":"ListItem","@id":"https:\/\/www.eldigitaldeasturias.com\/noticias\/siguen-sin-localizar-los-cuerpos-de-los-periodistas-ecuatorianos-asesinados\/#listItem","position":3,"name":"Siguen sin localizar los cuerpos de los periodistas ecuatorianos asesinados","previousItem":{"@type":"ListItem","@id":"https:\/\/www.eldigitaldeasturias.com\/noticias\/category\/actualidad\/#listItem","name":"Actualidad"}}]},{"@type":"Organization","@id":"https:\/\/www.eldigitaldeasturias.com\/noticias\/#organization","name":"El Digital de Asturias","description":"Hemeroteca","url":"https:\/\/www.eldigitaldeasturias.com\/noticias\/","email":"info@eldigitaldeasturias.com","telephone":"+34652131393","logo":{"@type":"ImageObject","url":"https:\/\/www.eldigitaldeasturias.com\/noticias\/wp-content\/uploads\/2020\/12\/EDA.jpg","@id":"https:\/\/www.eldigitaldeasturias.com\/noticias\/siguen-sin-localizar-los-cuerpos-de-los-periodistas-ecuatorianos-asesinados\/#organizationLogo"},"image":{"@id":"https:\/\/www.eldigitaldeasturias.com\/noticias\/siguen-sin-localizar-los-cuerpos-de-los-periodistas-ecuatorianos-asesinados\/#organizationLogo"},"sameAs":["https:\/\/facebook.com\/eldigitaldeasturias","https:\/\/www.youtube.com\/channel\/UCZP-2wLEB9Rv6erhFmqVnvg"],"address":{"@id":"https:\/\/www.eldigitaldeasturias.com\/noticias\/#postaladdress","@type":"PostalAddress","streetAddress":"san antonio 4","postalCode":"33430","addressLocality":"Cand\u00e1s","addressRegion":"Asturias","addressCountry":"ES"}},{"@type":"Person","@id":"https:\/\/www.eldigitaldeasturias.com\/noticias\/author\/admin\/#author","url":"https:\/\/www.eldigitaldeasturias.com\/noticias\/author\/admin\/","name":"El Digital de Asturias","image":{"@type":"ImageObject","@id":"https:\/\/www.eldigitaldeasturias.com\/noticias\/siguen-sin-localizar-los-cuerpos-de-los-periodistas-ecuatorianos-asesinados\/#authorImage","url":"https:\/\/secure.gravatar.com\/avatar\/df2aeffc32bcd13f8d26072ef8a91b623d677766deac7f97ca815868cd41bf5e?s=96&d=mm&r=g","width":96,"height":96,"caption":"El Digital de Asturias"}},{"@type":"WebPage","@id":"https:\/\/www.eldigitaldeasturias.com\/noticias\/siguen-sin-localizar-los-cuerpos-de-los-periodistas-ecuatorianos-asesinados\/#webpage","url":"https:\/\/www.eldigitaldeasturias.com\/noticias\/siguen-sin-localizar-los-cuerpos-de-los-periodistas-ecuatorianos-asesinados\/","name":"Siguen sin localizar los cuerpos de los periodistas ecuatorianos asesinados - El Digital de Asturias","description":"Quito\/Bogot\u00e1, 15 abr (dpa) \u2013 El Gobierno de Ecuador inform\u00f3 hoy que sigue sin localizar los cuerpos de los dos periodistas ecuatorianos y su chofer asesinados tras su secuestro, pero informaci\u00f3n de inteligencia indica que los cad\u00e1veres estar\u00edan en territorio colombiano. \"Se est\u00e1n haciendo todos los esfuerzos en este momento con organismos internacionales que nos","inLanguage":"es-ES","isPartOf":{"@id":"https:\/\/www.eldigitaldeasturias.com\/noticias\/#website"},"breadcrumb":{"@id":"https:\/\/www.eldigitaldeasturias.com\/noticias\/siguen-sin-localizar-los-cuerpos-de-los-periodistas-ecuatorianos-asesinados\/#breadcrumblist"},"author":{"@id":"https:\/\/www.eldigitaldeasturias.com\/noticias\/author\/admin\/#author"},"creator":{"@id":"https:\/\/www.eldigitaldeasturias.com\/noticias\/author\/admin\/#author"},"image":{"@type":"ImageObject","url":951511,"@id":"https:\/\/www.eldigitaldeasturias.com\/noticias\/siguen-sin-localizar-los-cuerpos-de-los-periodistas-ecuatorianos-asesinados\/#mainImage"},"primaryImageOfPage":{"@id":"https:\/\/www.eldigitaldeasturias.com\/noticias\/siguen-sin-localizar-los-cuerpos-de-los-periodistas-ecuatorianos-asesinados\/#mainImage"},"datePublished":"2018-04-16T03:47:38+02:00","dateModified":"2018-04-16T03:47:38+02:00"},{"@type":"WebSite","@id":"https:\/\/www.eldigitaldeasturias.com\/noticias\/#website","url":"https:\/\/www.eldigitaldeasturias.com\/noticias\/","name":"El Digital de Asturias - Diario de actualidad y noticias","alternateName":"El Digital de Asturias - Diario de actualidad y noticias","description":"Hemeroteca","inLanguage":"es-ES","publisher":{"@id":"https:\/\/www.eldigitaldeasturias.com\/noticias\/#organization"}}]},"og:locale":"es_ES","og:site_name":"El Digital de Asturias","og:type":"article","og:title":"Siguen sin localizar los cuerpos de los periodistas ecuatorianos asesinados - El Digital de Asturias","og:description":"Quito\/Bogot\u00e1, 15 abr (dpa) \u2013 El Gobierno de Ecuador inform\u00f3 hoy que sigue sin localizar los cuerpos de los dos periodistas ecuatorianos y su chofer asesinados tras su secuestro, pero informaci\u00f3n de inteligencia indica que los cad\u00e1veres estar\u00edan en territorio colombiano. &quot;Se est\u00e1n haciendo todos los esfuerzos en este momento con organismos internacionales que nos","og:url":"https:\/\/www.eldigitaldeasturias.com\/noticias\/siguen-sin-localizar-los-cuerpos-de-los-periodistas-ecuatorianos-asesinados\/","article:tag":["actualidad"],"article:published_time":"2018-04-16T03:47:38+00:00","article:modified_time":"2018-04-16T03:47:38+00:00","article:publisher":"https:\/\/facebook.com\/eldigitaldeasturias","twitter:card":"summary_large_image","twitter:title":"Siguen sin localizar los cuerpos de los periodistas ecuatorianos asesinados - El Digital de Asturias","twitter:description":"Quito\/Bogot\u00e1, 15 abr (dpa) \u2013 El Gobierno de Ecuador inform\u00f3 hoy que sigue sin localizar los cuerpos de los dos periodistas ecuatorianos y su chofer asesinados tras su secuestro, pero informaci\u00f3n de inteligencia indica que los cad\u00e1veres estar\u00edan en territorio colombiano. &quot;Se est\u00e1n haciendo todos los esfuerzos en este momento con organismos internacionales que nos","twitter:image":"https:\/\/www.eldigitaldeasturias.com\/noticias\/wp-content\/uploads\/2020\/12\/EDA-1.jpg","twitter:label1":"Escrito por","twitter:data1":"El Digital de Asturias","twitter:label2":"Tiempo de lectura estimado","twitter:data2":"3 minutos"},"aioseo_meta_data":{"post_id":"976227","title":null,"description":null,"keywords":null,"keyphrases":null,"primary_term":null,"canonical_url":null,"og_title":null,"og_description":null,"og_object_type":"default","og_image_type":"default","og_image_url":null,"og_image_width":null,"og_image_height":null,"og_image_custom_url":null,"og_image_custom_fields":null,"og_video":null,"og_custom_url":null,"og_article_section":null,"og_article_tags":null,"twitter_use_og":false,"twitter_card":"default","twitter_image_type":"default","twitter_image_url":null,"twitter_image_custom_url":null,"twitter_image_custom_fields":null,"twitter_title":null,"twitter_description":null,"schema":{"blockGraphs":[],"customGraphs":[],"default":{"data":{"Article":[],"Course":[],"Dataset":[],"FAQPage":[],"Movie":[],"Person":[],"Product":[],"ProductReview":[],"Car":[],"Recipe":[],"Service":[],"SoftwareApplication":[],"WebPage":[]},"graphName":"","isEnabled":true},"graphs":[],"defaultGraph":"","defaultPostTypeGraph":""},"schema_type":null,"schema_type_options":null,"pillar_content":false,"robots_default":true,"robots_noindex":false,"robots_noarchive":false,"robots_nosnippet":false,"robots_nofollow":false,"robots_noimageindex":false,"robots_noodp":false,"robots_notranslate":false,"robots_max_snippet":null,"robots_max_videopreview":null,"robots_max_imagepreview":"large","priority":null,"frequency":null,"local_seo":null,"seo_analyzer_scan_date":"2025-10-08 03:08:09","breadcrumb_settings":null,"limit_modified_date":false,"open_ai":null,"ai":null,"created":"2020-12-21 12:08:37","updated":"2025-10-08 03:08:09","focus_keyword":null,"additional_keywords":null,"truseo_locale":null},"aioseo_breadcrumb":"<div class=\"aioseo-breadcrumbs\"><span class=\"aioseo-breadcrumb\">\n\t<a href=\"https:\/\/www.eldigitaldeasturias.com\/noticias\" title=\"Home\">Home<\/a>\n<\/span><span class=\"aioseo-breadcrumb-separator\">\u2013<\/span><span class=\"aioseo-breadcrumb\">\n\t<a href=\"https:\/\/www.eldigitaldeasturias.com\/noticias\/category\/actualidad\/\" title=\"Actualidad\">Actualidad<\/a>\n<\/span><span class=\"aioseo-breadcrumb-separator\">\u2013<\/span><span class=\"aioseo-breadcrumb\">\n\t<a href=\"https:\/\/www.eldigitaldeasturias.com\/noticias\/siguen-sin-localizar-los-cuerpos-de-los-periodistas-ecuatorianos-asesinados\/\" title=\"Siguen sin localizar los cuerpos de los periodistas ecuatorianos asesinados\">Siguen sin localizar los cuerpos de los periodistas ecuatorianos asesinados<\/a>\n<\/span><\/div>","aioseo_breadcrumb_json":[{"label":"Home","link":"https:\/\/www.eldigitaldeasturias.com\/noticias"},{"label":"Actualidad","link":"https:\/\/www.eldigitaldeasturias.com\/noticias\/category\/actualidad\/"},{"label":"Siguen sin localizar los cuerpos de los periodistas ecuatorianos asesinados","link":"https:\/\/www.eldigitaldeasturias.com\/noticias\/siguen-sin-localizar-los-cuerpos-de-los-periodistas-ecuatorianos-asesinados\/"}],"_links":{"self":[{"href":"https:\/\/www.eldigitaldeasturias.com\/noticias\/wp-json\/wp\/v2\/posts\/976227","targetHints":{"allow":["GET"]}}],"collection":[{"href":"https:\/\/www.eldigitaldeasturias.com\/noticias\/wp-json\/wp\/v2\/posts"}],"about":[{"href":"https:\/\/www.eldigitaldeasturias.com\/noticias\/wp-json\/wp\/v2\/types\/post"}],"author":[{"embeddable":true,"href":"https:\/\/www.eldigitaldeasturias.com\/noticias\/wp-json\/wp\/v2\/users\/1"}],"replies":[{"embeddable":true,"href":"https:\/\/www.eldigitaldeasturias.com\/noticias\/wp-json\/wp\/v2\/comments?post=976227"}],"version-history":[{"count":0,"href":"https:\/\/www.eldigitaldeasturias.com\/noticias\/wp-json\/wp\/v2\/posts\/976227\/revisions"}],"wp:attachment":[{"href":"https:\/\/www.eldigitaldeasturias.com\/noticias\/wp-json\/wp\/v2\/media?parent=976227"}],"wp:term":[{"taxonomy":"category","embeddable":true,"href":"https:\/\/www.eldigitaldeasturias.com\/noticias\/wp-json\/wp\/v2\/categories?post=976227"},{"taxonomy":"post_tag","embeddable":true,"href":"https:\/\/www.eldigitaldeasturias.com\/noticias\/wp-json\/wp\/v2\/tags?post=976227"}],"curies":[{"name":"wp","href":"https:\/\/api.w.org\/{rel}","templated":true}]}}