{"id":976225,"date":"2018-04-16T03:45:58","date_gmt":"2018-04-16T03:45:58","guid":{"rendered":"http:\/\/www.eldigitaldeasturias.com\/noticias\/?p=976225"},"modified":"2018-04-16T03:45:58","modified_gmt":"2018-04-16T03:45:58","slug":"los-independentistas-salen-a-las-calles-para-pedir-la-libertad-de-sus-presos","status":"publish","type":"post","link":"https:\/\/www.eldigitaldeasturias.com\/noticias\/los-independentistas-salen-a-las-calles-para-pedir-la-libertad-de-sus-presos\/","title":{"rendered":"Los independentistas salen a las calles para pedir la libertad de sus presos"},"content":{"rendered":"<p><img loading=\"lazy\" decoding=\"async\" class=\"alignleft size-medium wp-image-973562\" src=\"https:\/\/www.eldigitaldeasturias.com\/noticias\/wp-content\/uploads\/2018\/03\/marcha1-360x240.jpg\" alt=\"\" width=\"360\" height=\"240\" \/>Barcelona, 15 abr (dpa) &#8211; Provistas de algunos cl\u00e1sicos de las manifestaciones independentistas como los lazos amarillos y las camisetas que reclaman la libertad de los que consideran \u00abpresos pol\u00edticos\u00bb y con novedades como los \u00abcastells\u00bb -torres humanas-, unas 315.000 personas marcharon hoy en Barcelona bajo el lema \u00abpor los derechos y las libertades, por la democracia y la cohesi\u00f3n\u00bb.<\/p>\n<p>\u00abYo vivo en Londres y retras\u00e9 mi regreso para poder venir a esta manifestaci\u00f3n. Me parec\u00eda importante estar aqu\u00ed porque esto es una cuesti\u00f3n de reclamar el derecho a la expresi\u00f3n y a la democracia\u00bb, se\u00f1al\u00f3 a dpa Bel\u00e9n, una artista de 45 a\u00f1os afincada en la capital brit\u00e1nica.<\/p>\n<p>La manifestaci\u00f3n de hoy fue una nueva muestra de fuerza del independentismo catal\u00e1n, visible y simb\u00f3licamente reforzado por los \u00faltimos pronunciamientos llegados desde el extranjero.<\/p>\n<p>La decisi\u00f3n de la Justicia alemana de no extraditar al ex jefe del Gobierno catal\u00e1n Carles Puigdemont por el delito de rebeli\u00f3n por el que se le reclama en Espa\u00f1a se not\u00f3 hoy en el jovial \u00e1nimo de los manifestantes, que llegaron a una soleada Barcelona desde todos los rincones de Catalu\u00f1a en m\u00e1s de 900 autocares.<\/p>\n<p>Tambi\u00e9n se dej\u00f3 sentir el llamamiento del Comit\u00e9 de Derechos Humanos de la ONU a que Espa\u00f1a tome \u00abtodas las medidas necesarias para garantizar que Jordi S\u00e0nchez pueda ejercer sus derechos pol\u00edticos\u00bb. S\u00e0nchez, uno de los principales l\u00edderes civiles del independentismo, se encuentra en prisi\u00f3n preventiva y por dos ocasiones la Justicia espa\u00f1ola no le permiti\u00f3 salir de la c\u00e1rcel para ser investido \u00abpresident\u00bb por el Parlamento catal\u00e1n.<\/p>\n<p>\u00abA los catalanes nos machacan cada 50 a\u00f1os, pero, por primera vez, no hemos tirado la toalla. Nos pisotearon y nos humillaron, pero remontamos y seguimos. El conflicto ya ha llegado a Europa y era muy importante abrir esa frontera\u00bb, dijo Bel\u00e9n, con la cara pintada de amarillo y su hijo de ocho meses enganchado a la panza.<\/p>\n<p>\u00abEs una buena causa de la que hacerlo part\u00edcipe, por eso lo traigo\u00bb, explic\u00f3 acomodando a la criatura que, como muchos ni\u00f1os y menores, marcharon alegremente junto a sus padres.<\/p>\n<p>En esta ocasi\u00f3n, los convocantes, el movimiento Espacio Democracia y Convivencia, que agrupa, entre otros, a \u00d2mnium Cultural y a la Assamblea Nacional Catalana (ANC), las principales entidades civiles independentistas, y a los sindicatos UGT y Comisiones Obreras, quisieron llevar la reivindicaci\u00f3n m\u00e1s all\u00e1 de la cuesti\u00f3n secesionista y denunciar tambi\u00e9n el recorte que, en su opini\u00f3n, est\u00e1n sufriendo los derechos civiles y democr\u00e1ticos en Espa\u00f1a.<\/p>\n<p>\u00abEsto es una cosa de sentido com\u00fan, de derechos y libertades; no entiendo c\u00f3mo toda Catalu\u00f1a no est\u00e1 aqu\u00ed manifest\u00e1ndose, es una cuesti\u00f3n de dignidad\u00bb, dijo a dpa Mont, una librera de 42 a\u00f1os.<\/p>\n<p>Y sin embargo, a un d\u00eda para que se cumplan seis meses desde el encarcelamiento de S\u00e0nchez y Jordi Cuixart, otro de los principales l\u00edderes civiles del independentismo catal\u00e1n, los c\u00e1nticos m\u00e1s repetidos continuaron reclamando \u00ab\u00a1Libertad presos pol\u00edticos!\u00bb y \u00ab\u00a1Os queremos en casa!\u00bb.<\/p>\n<p>El rostro del ex vicepresidente de la Generalitat Oriol Junqueras, en prisi\u00f3n preventiva desde el pasado noviembre, pudo verse estampado en algunas camisetas. El de sus 13 compa\u00f1eros del Ejecutivo y del Parlamento catal\u00e1n tambi\u00e9n encarcelados, en pancartas que exig\u00edan su liberaci\u00f3n. Muy cerca, otra m\u00e1s ir\u00f3nica y festiva, suger\u00eda: \u00abApliquemos el 69, seremos m\u00e1s felices\u00bb.<\/p>\n<p>\u00abLo que asusta no es lo que hicieron el 1 de octubre (cuando se celebr\u00f3 el refer\u00e9ndum de independencia declarado ilegal), sino lo que hicieron antes y despu\u00e9s. Ante eso, la \u00fanica soluci\u00f3n es no rendirse, salir a la calle y poder gritar\u00bb, a\u00f1adi\u00f3 Mont, sin s\u00edmbolos independentistas en su atuendo.<\/p>\n<p>Muy cerca de ella, una anciana en silla de ruedas agarraba una pancarta que dec\u00eda \u00abTodos somos CDR\u00bb, en referencia a los autoproclamados Comit\u00e9s de Defensa de la Rep\u00fablica, grupos que han cortado carreteras en Catalu\u00f1a y han retirado barreras de peaje en autopistas para reivindicar la proclamaci\u00f3n de una \u00abrep\u00fablica catalana\u00bb.<\/p>\n<p>Otra chica portaba una pancarta que proclamaba: \u00abUn rapero no es un terrorista\u00bb. Alud\u00eda as\u00ed a Pablo Hasel, Valtonyc y La Insurgencia, los tres raperos condenados por la Justicia espa\u00f1ola acusados de enaltecimiento del terrorismo, injurias a la Corona y amenazas.<\/p>\n<p>Los CDR estuvieron muy presentes en la festiva marcha, que discurri\u00f3 a lo largo de la Avenida Paralelo, una de las principales arterias de Barcelona, y colaps\u00f3 varias de las calles colindantes. Algunos de miembros de este movimiento fueron detenidos o investigados en los \u00faltimos d\u00edas acusados de haber cometido supuestos actos terroristas.<\/p>\n<p>\u00ab\u00bfUsted ve violencia aqu\u00ed? Espa\u00f1a es un pa\u00eds gobernado por los jueces al dictado del Gobierno\u00bb, asegur\u00f3 a dpa Emilio Jos\u00e9, un jubilado de 63 a\u00f1os, sin confianza alguna en la Justicia espa\u00f1ola.<\/p>\n<p>\u00abSus \u00f3rganos de poder y sus \u00e9lites econ\u00f3micas siguen siendo franquistas\u00bb, continu\u00f3 con indignaci\u00f3n, acompa\u00f1ado de dos amigos que, sin revelar sus nombres, tambi\u00e9n quisieron manifestar su opini\u00f3n.<\/p>\n<p>\u00abEstamos aqu\u00ed para reclamar los derechos fundamentales que no tenemos. Por eso queremos la rep\u00fablica catalana\u00bb, afirm\u00f3 uno de ellos, tocado con una barretina -el t\u00edpico gorro catal\u00e1n-, mientras ondeaba una gran estelada.<\/p>\n<p>\u00abSi damos un paso adelante, habr\u00e1 m\u00e1s presos, eso seguro. La \u00fanica soluci\u00f3n es que Europa le d\u00e9 un toque a Espa\u00f1a y la obligue a sentarse a una mesa para pactar un refer\u00e9ndum, que no creo que gan\u00e1ramos\u00bb, concluy\u00f3 el otro, menos optimista que sus compa\u00f1eros.<\/p>\n<p>Por Noelia Rom\u00e1n (dpa)<\/p>\n","protected":false},"excerpt":{"rendered":"<p>Barcelona, 15 abr (dpa) &#8211; Provistas de algunos cl\u00e1sicos de las manifestaciones independentistas como los lazos amarillos y las camisetas que reclaman la libertad de los que consideran \u00abpresos pol\u00edticos\u00bb y con novedades como los \u00abcastells\u00bb -torres humanas-, unas 315.000 personas marcharon hoy en Barcelona bajo el lema \u00abpor los derechos y las libertades, por [&hellip;]<\/p>\n","protected":false},"author":1,"featured_media":973562,"comment_status":"closed","ping_status":"closed","sticky":false,"template":"","format":"standard","meta":{"footnotes":""},"categories":[1],"tags":[],"class_list":["post-976225","post","type-post","status-publish","format-standard","has-post-thumbnail","hentry","category-actualidad"],"aioseo_notices":[],"aioseo_head":"\n\t\t<!-- All in One SEO Pro 5.0.1 - aioseo.com -->\n\t<meta name=\"description\" content=\"Barcelona, 15 abr (dpa) - Provistas de algunos cl\u00e1sicos de las manifestaciones independentistas como los lazos amarillos y las camisetas que reclaman la libertad de los que consideran &quot;presos pol\u00edticos&quot; y con novedades como los &quot;castells&quot; -torres humanas-, unas 315.000 personas marcharon hoy en Barcelona bajo el lema &quot;por los derechos y las libertades, por\" \/>\n\t<meta name=\"robots\" content=\"max-image-preview:large\" \/>\n\t<meta name=\"author\" content=\"El Digital de Asturias\"\/>\n\t<meta name=\"google-site-verification\" content=\"UA-38556648-1\" \/>\n\t<meta name=\"msvalidate.01\" content=\"7dfe9f3f1b24437ab69f4f2559babe99\" \/>\n\t<meta name=\"keywords\" content=\"actualidad\" \/>\n\t<link rel=\"canonical\" href=\"https:\/\/www.eldigitaldeasturias.com\/noticias\/los-independentistas-salen-a-las-calles-para-pedir-la-libertad-de-sus-presos\/\" \/>\n\t<meta name=\"generator\" content=\"All in One SEO Pro (AIOSEO) 5.0.1\" \/>\n\t\t<meta property=\"og:locale\" content=\"es_ES\" \/>\n\t\t<meta property=\"og:site_name\" content=\"El Digital de Asturias\" \/>\n\t\t<meta property=\"og:type\" content=\"article\" \/>\n\t\t<meta property=\"og:title\" content=\"Los independentistas salen a las calles para pedir la libertad de sus presos - El Digital de Asturias\" \/>\n\t\t<meta property=\"og:description\" content=\"Barcelona, 15 abr (dpa) - Provistas de algunos cl\u00e1sicos de las manifestaciones independentistas como los lazos amarillos y las camisetas que reclaman la libertad de los que consideran &quot;presos pol\u00edticos&quot; y con novedades como los &quot;castells&quot; -torres humanas-, unas 315.000 personas marcharon hoy en Barcelona bajo el lema &quot;por los derechos y las libertades, por\" \/>\n\t\t<meta property=\"og:url\" content=\"https:\/\/www.eldigitaldeasturias.com\/noticias\/los-independentistas-salen-a-las-calles-para-pedir-la-libertad-de-sus-presos\/\" \/>\n\t\t<meta property=\"article:tag\" content=\"actualidad\" \/>\n\t\t<meta property=\"article:published_time\" content=\"2018-04-16T03:45:58+00:00\" \/>\n\t\t<meta property=\"article:modified_time\" content=\"2018-04-16T03:45:58+00:00\" \/>\n\t\t<meta property=\"article:publisher\" content=\"https:\/\/facebook.com\/eldigitaldeasturias\" \/>\n\t\t<meta name=\"twitter:card\" content=\"summary_large_image\" \/>\n\t\t<meta name=\"twitter:title\" content=\"Los independentistas salen a las calles para pedir la libertad de sus presos - El Digital de Asturias\" \/>\n\t\t<meta name=\"twitter:description\" content=\"Barcelona, 15 abr (dpa) - Provistas de algunos cl\u00e1sicos de las manifestaciones independentistas como los lazos amarillos y las camisetas que reclaman la libertad de los que consideran &quot;presos pol\u00edticos&quot; y con novedades como los &quot;castells&quot; -torres humanas-, unas 315.000 personas marcharon hoy en Barcelona bajo el lema &quot;por los derechos y las libertades, por\" \/>\n\t\t<meta name=\"twitter:image\" content=\"https:\/\/www.eldigitaldeasturias.com\/noticias\/wp-content\/uploads\/2020\/12\/EDA-1.jpg\" \/>\n\t\t<meta name=\"twitter:label1\" content=\"Escrito por\" \/>\n\t\t<meta name=\"twitter:data1\" content=\"El Digital de Asturias\" \/>\n\t\t<meta name=\"twitter:label2\" content=\"Tiempo de lectura estimado\" \/>\n\t\t<meta name=\"twitter:data2\" content=\"5 minutos\" \/>\n\t\t<script type=\"application\/ld+json\" class=\"aioseo-schema\">\n\t\t\t{\"@context\":\"https:\\\/\\\/schema.org\",\"@graph\":[{\"@type\":\"BlogPosting\",\"@id\":\"https:\\\/\\\/www.eldigitaldeasturias.com\\\/noticias\\\/los-independentistas-salen-a-las-calles-para-pedir-la-libertad-de-sus-presos\\\/#blogposting\",\"name\":\"Los independentistas salen a las calles para pedir la libertad de sus presos - El Digital de Asturias\",\"headline\":\"Los independentistas salen a las calles para pedir la libertad de sus presos\",\"author\":{\"@id\":\"https:\\\/\\\/www.eldigitaldeasturias.com\\\/noticias\\\/author\\\/admin\\\/#author\"},\"publisher\":{\"@id\":\"https:\\\/\\\/www.eldigitaldeasturias.com\\\/noticias\\\/#organization\"},\"image\":{\"@type\":\"ImageObject\",\"url\":973562},\"datePublished\":\"2018-04-16T03:45:58+02:00\",\"dateModified\":\"2018-04-16T03:45:58+02:00\",\"inLanguage\":\"es-ES\",\"mainEntityOfPage\":{\"@id\":\"https:\\\/\\\/www.eldigitaldeasturias.com\\\/noticias\\\/los-independentistas-salen-a-las-calles-para-pedir-la-libertad-de-sus-presos\\\/#webpage\"},\"isPartOf\":{\"@id\":\"https:\\\/\\\/www.eldigitaldeasturias.com\\\/noticias\\\/los-independentistas-salen-a-las-calles-para-pedir-la-libertad-de-sus-presos\\\/#webpage\"},\"articleSection\":\"Actualidad\"},{\"@type\":\"BreadcrumbList\",\"@id\":\"https:\\\/\\\/www.eldigitaldeasturias.com\\\/noticias\\\/los-independentistas-salen-a-las-calles-para-pedir-la-libertad-de-sus-presos\\\/#breadcrumblist\",\"itemListElement\":[{\"@type\":\"ListItem\",\"@id\":\"https:\\\/\\\/www.eldigitaldeasturias.com\\\/noticias#listItem\",\"position\":1,\"name\":\"Home\",\"item\":\"https:\\\/\\\/www.eldigitaldeasturias.com\\\/noticias\",\"nextItem\":{\"@type\":\"ListItem\",\"@id\":\"https:\\\/\\\/www.eldigitaldeasturias.com\\\/noticias\\\/category\\\/actualidad\\\/#listItem\",\"name\":\"Actualidad\"}},{\"@type\":\"ListItem\",\"@id\":\"https:\\\/\\\/www.eldigitaldeasturias.com\\\/noticias\\\/category\\\/actualidad\\\/#listItem\",\"position\":2,\"name\":\"Actualidad\",\"item\":\"https:\\\/\\\/www.eldigitaldeasturias.com\\\/noticias\\\/category\\\/actualidad\\\/\",\"nextItem\":{\"@type\":\"ListItem\",\"@id\":\"https:\\\/\\\/www.eldigitaldeasturias.com\\\/noticias\\\/los-independentistas-salen-a-las-calles-para-pedir-la-libertad-de-sus-presos\\\/#listItem\",\"name\":\"Los independentistas salen a las calles para pedir la libertad de sus presos\"},\"previousItem\":{\"@type\":\"ListItem\",\"@id\":\"https:\\\/\\\/www.eldigitaldeasturias.com\\\/noticias#listItem\",\"name\":\"Home\"}},{\"@type\":\"ListItem\",\"@id\":\"https:\\\/\\\/www.eldigitaldeasturias.com\\\/noticias\\\/los-independentistas-salen-a-las-calles-para-pedir-la-libertad-de-sus-presos\\\/#listItem\",\"position\":3,\"name\":\"Los independentistas salen a las calles para pedir la libertad de sus presos\",\"previousItem\":{\"@type\":\"ListItem\",\"@id\":\"https:\\\/\\\/www.eldigitaldeasturias.com\\\/noticias\\\/category\\\/actualidad\\\/#listItem\",\"name\":\"Actualidad\"}}]},{\"@type\":\"Organization\",\"@id\":\"https:\\\/\\\/www.eldigitaldeasturias.com\\\/noticias\\\/#organization\",\"name\":\"El Digital de Asturias\",\"description\":\"Hemeroteca\",\"url\":\"https:\\\/\\\/www.eldigitaldeasturias.com\\\/noticias\\\/\",\"email\":\"info@eldigitaldeasturias.com\",\"telephone\":\"+34652131393\",\"logo\":{\"@type\":\"ImageObject\",\"url\":\"https:\\\/\\\/www.eldigitaldeasturias.com\\\/noticias\\\/wp-content\\\/uploads\\\/2020\\\/12\\\/EDA.jpg\",\"@id\":\"https:\\\/\\\/www.eldigitaldeasturias.com\\\/noticias\\\/los-independentistas-salen-a-las-calles-para-pedir-la-libertad-de-sus-presos\\\/#organizationLogo\"},\"image\":{\"@id\":\"https:\\\/\\\/www.eldigitaldeasturias.com\\\/noticias\\\/los-independentistas-salen-a-las-calles-para-pedir-la-libertad-de-sus-presos\\\/#organizationLogo\"},\"sameAs\":[\"https:\\\/\\\/facebook.com\\\/eldigitaldeasturias\",\"https:\\\/\\\/www.youtube.com\\\/channel\\\/UCZP-2wLEB9Rv6erhFmqVnvg\"],\"address\":{\"@id\":\"https:\\\/\\\/www.eldigitaldeasturias.com\\\/noticias\\\/#postaladdress\",\"@type\":\"PostalAddress\",\"streetAddress\":\"san antonio 4\",\"postalCode\":\"33430\",\"addressLocality\":\"Cand\\u00e1s\",\"addressRegion\":\"Asturias\",\"addressCountry\":\"ES\"}},{\"@type\":\"Person\",\"@id\":\"https:\\\/\\\/www.eldigitaldeasturias.com\\\/noticias\\\/author\\\/admin\\\/#author\",\"url\":\"https:\\\/\\\/www.eldigitaldeasturias.com\\\/noticias\\\/author\\\/admin\\\/\",\"name\":\"El Digital de Asturias\",\"image\":{\"@type\":\"ImageObject\",\"@id\":\"https:\\\/\\\/www.eldigitaldeasturias.com\\\/noticias\\\/los-independentistas-salen-a-las-calles-para-pedir-la-libertad-de-sus-presos\\\/#authorImage\",\"url\":\"https:\\\/\\\/secure.gravatar.com\\\/avatar\\\/df2aeffc32bcd13f8d26072ef8a91b623d677766deac7f97ca815868cd41bf5e?s=96&d=mm&r=g\",\"width\":96,\"height\":96,\"caption\":\"El Digital de Asturias\"}},{\"@type\":\"WebPage\",\"@id\":\"https:\\\/\\\/www.eldigitaldeasturias.com\\\/noticias\\\/los-independentistas-salen-a-las-calles-para-pedir-la-libertad-de-sus-presos\\\/#webpage\",\"url\":\"https:\\\/\\\/www.eldigitaldeasturias.com\\\/noticias\\\/los-independentistas-salen-a-las-calles-para-pedir-la-libertad-de-sus-presos\\\/\",\"name\":\"Los independentistas salen a las calles para pedir la libertad de sus presos - El Digital de Asturias\",\"description\":\"Barcelona, 15 abr (dpa) - Provistas de algunos cl\\u00e1sicos de las manifestaciones independentistas como los lazos amarillos y las camisetas que reclaman la libertad de los que consideran \\\"presos pol\\u00edticos\\\" y con novedades como los \\\"castells\\\" -torres humanas-, unas 315.000 personas marcharon hoy en Barcelona bajo el lema \\\"por los derechos y las libertades, por\",\"inLanguage\":\"es-ES\",\"isPartOf\":{\"@id\":\"https:\\\/\\\/www.eldigitaldeasturias.com\\\/noticias\\\/#website\"},\"breadcrumb\":{\"@id\":\"https:\\\/\\\/www.eldigitaldeasturias.com\\\/noticias\\\/los-independentistas-salen-a-las-calles-para-pedir-la-libertad-de-sus-presos\\\/#breadcrumblist\"},\"author\":{\"@id\":\"https:\\\/\\\/www.eldigitaldeasturias.com\\\/noticias\\\/author\\\/admin\\\/#author\"},\"creator\":{\"@id\":\"https:\\\/\\\/www.eldigitaldeasturias.com\\\/noticias\\\/author\\\/admin\\\/#author\"},\"image\":{\"@type\":\"ImageObject\",\"url\":973562,\"@id\":\"https:\\\/\\\/www.eldigitaldeasturias.com\\\/noticias\\\/los-independentistas-salen-a-las-calles-para-pedir-la-libertad-de-sus-presos\\\/#mainImage\"},\"primaryImageOfPage\":{\"@id\":\"https:\\\/\\\/www.eldigitaldeasturias.com\\\/noticias\\\/los-independentistas-salen-a-las-calles-para-pedir-la-libertad-de-sus-presos\\\/#mainImage\"},\"datePublished\":\"2018-04-16T03:45:58+02:00\",\"dateModified\":\"2018-04-16T03:45:58+02:00\"},{\"@type\":\"WebSite\",\"@id\":\"https:\\\/\\\/www.eldigitaldeasturias.com\\\/noticias\\\/#website\",\"url\":\"https:\\\/\\\/www.eldigitaldeasturias.com\\\/noticias\\\/\",\"name\":\"El Digital de Asturias - Diario de actualidad y noticias\",\"alternateName\":\"El Digital de Asturias - Diario de actualidad y noticias\",\"description\":\"Hemeroteca\",\"inLanguage\":\"es-ES\",\"publisher\":{\"@id\":\"https:\\\/\\\/www.eldigitaldeasturias.com\\\/noticias\\\/#organization\"}}]}\n\t\t<\/script>\n\t\t<!-- All in One SEO Pro -->\r\n\t\t<title>Los independentistas salen a las calles para pedir la libertad de sus presos - El Digital de Asturias<\/title>\n\n","aioseo_head_json":{"title":"Los independentistas salen a las calles para pedir la libertad de sus presos - El Digital de Asturias","description":"Barcelona, 15 abr (dpa) - Provistas de algunos cl\u00e1sicos de las manifestaciones independentistas como los lazos amarillos y las camisetas que reclaman la libertad de los que consideran \"presos pol\u00edticos\" y con novedades como los \"castells\" -torres humanas-, unas 315.000 personas marcharon hoy en Barcelona bajo el lema \"por los derechos y las libertades, por","canonical_url":"https:\/\/www.eldigitaldeasturias.com\/noticias\/los-independentistas-salen-a-las-calles-para-pedir-la-libertad-de-sus-presos\/","robots":"max-image-preview:large","keywords":"actualidad","webmasterTools":{"google-site-verification":"UA-38556648-1","msvalidate.01":"7dfe9f3f1b24437ab69f4f2559babe99","miscellaneous":""},"schema":{"@context":"https:\/\/schema.org","@graph":[{"@type":"BlogPosting","@id":"https:\/\/www.eldigitaldeasturias.com\/noticias\/los-independentistas-salen-a-las-calles-para-pedir-la-libertad-de-sus-presos\/#blogposting","name":"Los independentistas salen a las calles para pedir la libertad de sus presos - El Digital de Asturias","headline":"Los independentistas salen a las calles para pedir la libertad de sus presos","author":{"@id":"https:\/\/www.eldigitaldeasturias.com\/noticias\/author\/admin\/#author"},"publisher":{"@id":"https:\/\/www.eldigitaldeasturias.com\/noticias\/#organization"},"image":{"@type":"ImageObject","url":973562},"datePublished":"2018-04-16T03:45:58+02:00","dateModified":"2018-04-16T03:45:58+02:00","inLanguage":"es-ES","mainEntityOfPage":{"@id":"https:\/\/www.eldigitaldeasturias.com\/noticias\/los-independentistas-salen-a-las-calles-para-pedir-la-libertad-de-sus-presos\/#webpage"},"isPartOf":{"@id":"https:\/\/www.eldigitaldeasturias.com\/noticias\/los-independentistas-salen-a-las-calles-para-pedir-la-libertad-de-sus-presos\/#webpage"},"articleSection":"Actualidad"},{"@type":"BreadcrumbList","@id":"https:\/\/www.eldigitaldeasturias.com\/noticias\/los-independentistas-salen-a-las-calles-para-pedir-la-libertad-de-sus-presos\/#breadcrumblist","itemListElement":[{"@type":"ListItem","@id":"https:\/\/www.eldigitaldeasturias.com\/noticias#listItem","position":1,"name":"Home","item":"https:\/\/www.eldigitaldeasturias.com\/noticias","nextItem":{"@type":"ListItem","@id":"https:\/\/www.eldigitaldeasturias.com\/noticias\/category\/actualidad\/#listItem","name":"Actualidad"}},{"@type":"ListItem","@id":"https:\/\/www.eldigitaldeasturias.com\/noticias\/category\/actualidad\/#listItem","position":2,"name":"Actualidad","item":"https:\/\/www.eldigitaldeasturias.com\/noticias\/category\/actualidad\/","nextItem":{"@type":"ListItem","@id":"https:\/\/www.eldigitaldeasturias.com\/noticias\/los-independentistas-salen-a-las-calles-para-pedir-la-libertad-de-sus-presos\/#listItem","name":"Los independentistas salen a las calles para pedir la libertad de sus presos"},"previousItem":{"@type":"ListItem","@id":"https:\/\/www.eldigitaldeasturias.com\/noticias#listItem","name":"Home"}},{"@type":"ListItem","@id":"https:\/\/www.eldigitaldeasturias.com\/noticias\/los-independentistas-salen-a-las-calles-para-pedir-la-libertad-de-sus-presos\/#listItem","position":3,"name":"Los independentistas salen a las calles para pedir la libertad de sus presos","previousItem":{"@type":"ListItem","@id":"https:\/\/www.eldigitaldeasturias.com\/noticias\/category\/actualidad\/#listItem","name":"Actualidad"}}]},{"@type":"Organization","@id":"https:\/\/www.eldigitaldeasturias.com\/noticias\/#organization","name":"El Digital de Asturias","description":"Hemeroteca","url":"https:\/\/www.eldigitaldeasturias.com\/noticias\/","email":"info@eldigitaldeasturias.com","telephone":"+34652131393","logo":{"@type":"ImageObject","url":"https:\/\/www.eldigitaldeasturias.com\/noticias\/wp-content\/uploads\/2020\/12\/EDA.jpg","@id":"https:\/\/www.eldigitaldeasturias.com\/noticias\/los-independentistas-salen-a-las-calles-para-pedir-la-libertad-de-sus-presos\/#organizationLogo"},"image":{"@id":"https:\/\/www.eldigitaldeasturias.com\/noticias\/los-independentistas-salen-a-las-calles-para-pedir-la-libertad-de-sus-presos\/#organizationLogo"},"sameAs":["https:\/\/facebook.com\/eldigitaldeasturias","https:\/\/www.youtube.com\/channel\/UCZP-2wLEB9Rv6erhFmqVnvg"],"address":{"@id":"https:\/\/www.eldigitaldeasturias.com\/noticias\/#postaladdress","@type":"PostalAddress","streetAddress":"san antonio 4","postalCode":"33430","addressLocality":"Cand\u00e1s","addressRegion":"Asturias","addressCountry":"ES"}},{"@type":"Person","@id":"https:\/\/www.eldigitaldeasturias.com\/noticias\/author\/admin\/#author","url":"https:\/\/www.eldigitaldeasturias.com\/noticias\/author\/admin\/","name":"El Digital de Asturias","image":{"@type":"ImageObject","@id":"https:\/\/www.eldigitaldeasturias.com\/noticias\/los-independentistas-salen-a-las-calles-para-pedir-la-libertad-de-sus-presos\/#authorImage","url":"https:\/\/secure.gravatar.com\/avatar\/df2aeffc32bcd13f8d26072ef8a91b623d677766deac7f97ca815868cd41bf5e?s=96&d=mm&r=g","width":96,"height":96,"caption":"El Digital de Asturias"}},{"@type":"WebPage","@id":"https:\/\/www.eldigitaldeasturias.com\/noticias\/los-independentistas-salen-a-las-calles-para-pedir-la-libertad-de-sus-presos\/#webpage","url":"https:\/\/www.eldigitaldeasturias.com\/noticias\/los-independentistas-salen-a-las-calles-para-pedir-la-libertad-de-sus-presos\/","name":"Los independentistas salen a las calles para pedir la libertad de sus presos - El Digital de Asturias","description":"Barcelona, 15 abr (dpa) - Provistas de algunos cl\u00e1sicos de las manifestaciones independentistas como los lazos amarillos y las camisetas que reclaman la libertad de los que consideran \"presos pol\u00edticos\" y con novedades como los \"castells\" -torres humanas-, unas 315.000 personas marcharon hoy en Barcelona bajo el lema \"por los derechos y las libertades, por","inLanguage":"es-ES","isPartOf":{"@id":"https:\/\/www.eldigitaldeasturias.com\/noticias\/#website"},"breadcrumb":{"@id":"https:\/\/www.eldigitaldeasturias.com\/noticias\/los-independentistas-salen-a-las-calles-para-pedir-la-libertad-de-sus-presos\/#breadcrumblist"},"author":{"@id":"https:\/\/www.eldigitaldeasturias.com\/noticias\/author\/admin\/#author"},"creator":{"@id":"https:\/\/www.eldigitaldeasturias.com\/noticias\/author\/admin\/#author"},"image":{"@type":"ImageObject","url":973562,"@id":"https:\/\/www.eldigitaldeasturias.com\/noticias\/los-independentistas-salen-a-las-calles-para-pedir-la-libertad-de-sus-presos\/#mainImage"},"primaryImageOfPage":{"@id":"https:\/\/www.eldigitaldeasturias.com\/noticias\/los-independentistas-salen-a-las-calles-para-pedir-la-libertad-de-sus-presos\/#mainImage"},"datePublished":"2018-04-16T03:45:58+02:00","dateModified":"2018-04-16T03:45:58+02:00"},{"@type":"WebSite","@id":"https:\/\/www.eldigitaldeasturias.com\/noticias\/#website","url":"https:\/\/www.eldigitaldeasturias.com\/noticias\/","name":"El Digital de Asturias - Diario de actualidad y noticias","alternateName":"El Digital de Asturias - Diario de actualidad y noticias","description":"Hemeroteca","inLanguage":"es-ES","publisher":{"@id":"https:\/\/www.eldigitaldeasturias.com\/noticias\/#organization"}}]},"og:locale":"es_ES","og:site_name":"El Digital de Asturias","og:type":"article","og:title":"Los independentistas salen a las calles para pedir la libertad de sus presos - El Digital de Asturias","og:description":"Barcelona, 15 abr (dpa) - Provistas de algunos cl\u00e1sicos de las manifestaciones independentistas como los lazos amarillos y las camisetas que reclaman la libertad de los que consideran &quot;presos pol\u00edticos&quot; y con novedades como los &quot;castells&quot; -torres humanas-, unas 315.000 personas marcharon hoy en Barcelona bajo el lema &quot;por los derechos y las libertades, por","og:url":"https:\/\/www.eldigitaldeasturias.com\/noticias\/los-independentistas-salen-a-las-calles-para-pedir-la-libertad-de-sus-presos\/","article:tag":["actualidad"],"article:published_time":"2018-04-16T03:45:58+00:00","article:modified_time":"2018-04-16T03:45:58+00:00","article:publisher":"https:\/\/facebook.com\/eldigitaldeasturias","twitter:card":"summary_large_image","twitter:title":"Los independentistas salen a las calles para pedir la libertad de sus presos - El Digital de Asturias","twitter:description":"Barcelona, 15 abr (dpa) - Provistas de algunos cl\u00e1sicos de las manifestaciones independentistas como los lazos amarillos y las camisetas que reclaman la libertad de los que consideran &quot;presos pol\u00edticos&quot; y con novedades como los &quot;castells&quot; -torres humanas-, unas 315.000 personas marcharon hoy en Barcelona bajo el lema &quot;por los derechos y las libertades, por","twitter:image":"https:\/\/www.eldigitaldeasturias.com\/noticias\/wp-content\/uploads\/2020\/12\/EDA-1.jpg","twitter:label1":"Escrito por","twitter:data1":"El Digital de Asturias","twitter:label2":"Tiempo de lectura estimado","twitter:data2":"5 minutos"},"aioseo_meta_data":{"post_id":"976225","title":null,"description":null,"keywords":null,"keyphrases":null,"primary_term":null,"canonical_url":null,"og_title":null,"og_description":null,"og_object_type":"default","og_image_type":"default","og_image_url":null,"og_image_width":null,"og_image_height":null,"og_image_custom_url":null,"og_image_custom_fields":null,"og_video":null,"og_custom_url":null,"og_article_section":null,"og_article_tags":null,"twitter_use_og":false,"twitter_card":"default","twitter_image_type":"default","twitter_image_url":null,"twitter_image_custom_url":null,"twitter_image_custom_fields":null,"twitter_title":null,"twitter_description":null,"schema":{"blockGraphs":[],"customGraphs":[],"default":{"data":{"Article":[],"Course":[],"Dataset":[],"FAQPage":[],"Movie":[],"Person":[],"Product":[],"ProductReview":[],"Car":[],"Recipe":[],"Service":[],"SoftwareApplication":[],"WebPage":[]},"graphName":"","isEnabled":true},"graphs":[],"defaultGraph":"","defaultPostTypeGraph":""},"schema_type":null,"schema_type_options":null,"pillar_content":false,"robots_default":true,"robots_noindex":false,"robots_noarchive":false,"robots_nosnippet":false,"robots_nofollow":false,"robots_noimageindex":false,"robots_noodp":false,"robots_notranslate":false,"robots_max_snippet":null,"robots_max_videopreview":null,"robots_max_imagepreview":"large","priority":null,"frequency":null,"local_seo":null,"seo_analyzer_scan_date":"2025-10-08 03:06:08","breadcrumb_settings":null,"limit_modified_date":false,"open_ai":null,"ai":null,"created":"2020-12-21 12:08:37","updated":"2025-10-08 03:06:08","focus_keyword":null,"additional_keywords":null,"truseo_locale":null},"aioseo_breadcrumb":"<div class=\"aioseo-breadcrumbs\"><span class=\"aioseo-breadcrumb\">\n\t<a href=\"https:\/\/www.eldigitaldeasturias.com\/noticias\" title=\"Home\">Home<\/a>\n<\/span><span class=\"aioseo-breadcrumb-separator\">\u2013<\/span><span class=\"aioseo-breadcrumb\">\n\t<a href=\"https:\/\/www.eldigitaldeasturias.com\/noticias\/category\/actualidad\/\" title=\"Actualidad\">Actualidad<\/a>\n<\/span><span class=\"aioseo-breadcrumb-separator\">\u2013<\/span><span class=\"aioseo-breadcrumb\">\n\t<a href=\"https:\/\/www.eldigitaldeasturias.com\/noticias\/los-independentistas-salen-a-las-calles-para-pedir-la-libertad-de-sus-presos\/\" title=\"Los independentistas salen a las calles para pedir la libertad de sus presos\">Los independentistas salen a las calles para pedir la libertad de sus presos<\/a>\n<\/span><\/div>","aioseo_breadcrumb_json":[{"label":"Home","link":"https:\/\/www.eldigitaldeasturias.com\/noticias"},{"label":"Actualidad","link":"https:\/\/www.eldigitaldeasturias.com\/noticias\/category\/actualidad\/"},{"label":"Los independentistas salen a las calles para pedir la libertad de sus presos","link":"https:\/\/www.eldigitaldeasturias.com\/noticias\/los-independentistas-salen-a-las-calles-para-pedir-la-libertad-de-sus-presos\/"}],"_links":{"self":[{"href":"https:\/\/www.eldigitaldeasturias.com\/noticias\/wp-json\/wp\/v2\/posts\/976225","targetHints":{"allow":["GET"]}}],"collection":[{"href":"https:\/\/www.eldigitaldeasturias.com\/noticias\/wp-json\/wp\/v2\/posts"}],"about":[{"href":"https:\/\/www.eldigitaldeasturias.com\/noticias\/wp-json\/wp\/v2\/types\/post"}],"author":[{"embeddable":true,"href":"https:\/\/www.eldigitaldeasturias.com\/noticias\/wp-json\/wp\/v2\/users\/1"}],"replies":[{"embeddable":true,"href":"https:\/\/www.eldigitaldeasturias.com\/noticias\/wp-json\/wp\/v2\/comments?post=976225"}],"version-history":[{"count":0,"href":"https:\/\/www.eldigitaldeasturias.com\/noticias\/wp-json\/wp\/v2\/posts\/976225\/revisions"}],"wp:attachment":[{"href":"https:\/\/www.eldigitaldeasturias.com\/noticias\/wp-json\/wp\/v2\/media?parent=976225"}],"wp:term":[{"taxonomy":"category","embeddable":true,"href":"https:\/\/www.eldigitaldeasturias.com\/noticias\/wp-json\/wp\/v2\/categories?post=976225"},{"taxonomy":"post_tag","embeddable":true,"href":"https:\/\/www.eldigitaldeasturias.com\/noticias\/wp-json\/wp\/v2\/tags?post=976225"}],"curies":[{"name":"wp","href":"https:\/\/api.w.org\/{rel}","templated":true}]}}