{"id":976199,"date":"2018-04-15T19:20:09","date_gmt":"2018-04-15T19:20:09","guid":{"rendered":"http:\/\/www.eldigitaldeasturias.com\/noticias\/?p=976199"},"modified":"2018-04-15T19:20:09","modified_gmt":"2018-04-15T19:20:09","slug":"vox-asiste-a-la-historica-concentracion-en-defensa-de-la-caza","status":"publish","type":"post","link":"https:\/\/www.eldigitaldeasturias.com\/noticias\/vox-asiste-a-la-historica-concentracion-en-defensa-de-la-caza\/","title":{"rendered":"VOX asiste a la hist\u00f3rica concentraci\u00f3n en defensa de la caza"},"content":{"rendered":"<p>VOX ha asistido esta ma\u00f1ana a la hist\u00f3rica concentraci\u00f3n en defensa de la caza convocada por la Real Federaci\u00f3n Espa\u00f1ola de Caza (RFEC) en Madrid y en otros ciudades de Espa\u00f1a.<\/p>\n<p><iframe loading=\"lazy\" src=\"https:\/\/www.youtube.com\/embed\/PR4YIvPuWtE\" width=\"650\" height=\"315\" frameborder=\"0\" allowfullscreen=\"allowfullscreen\"><\/iframe><\/p>\n<p>En la concentraci\u00f3n de Madrid, frente al Ayuntamiento de la capital, han estado presentes Santiago Abascal, presidente de VOX, y Javier Ortega, secretario general de VOX.<\/p>\n<p>Santiago Abascal ha manifestado que VOX ha estado presente \u00abpara reivindicar la importancia del mundo rural\u00bb y advertir que \u00abhay un disentimiento cada vez m\u00e1s creciente, una situaci\u00f3n en la que el mundo urbano se pone de espaldas al mundo rural, deja de entender los problemas de los agricultores y cazadores\u00bb. Y ha afirmado que VOX defiende la caza porque \u00abes necesaria como actividad econ\u00f3mica y como un ejercicio de libertades. Deber\u00edamos estar agradecidos a las personas que est\u00e1n conservando nuestro medio rural y no andar cuestionandolas, atac\u00e1ndolas o insult\u00e1ndolas\u00bb.<\/p>\n","protected":false},"excerpt":{"rendered":"<p>VOX ha asistido esta ma\u00f1ana a la hist\u00f3rica concentraci\u00f3n en defensa de la caza convocada por la Real Federaci\u00f3n Espa\u00f1ola de Caza (RFEC) en Madrid y en otros ciudades de Espa\u00f1a. En la concentraci\u00f3n de Madrid, frente al Ayuntamiento de la capital, han estado presentes Santiago Abascal, presidente de VOX, y Javier Ortega, secretario general [&hellip;]<\/p>\n","protected":false},"author":1,"featured_media":955336,"comment_status":"closed","ping_status":"closed","sticky":false,"template":"","format":"standard","meta":{"footnotes":""},"categories":[1],"tags":[],"class_list":["post-976199","post","type-post","status-publish","format-standard","has-post-thumbnail","hentry","category-actualidad"],"aioseo_notices":[],"aioseo_head":"\n\t\t<!-- All in One SEO Pro 5.0.1 - aioseo.com -->\n\t<meta name=\"description\" content=\"VOX ha asistido esta ma\u00f1ana a la hist\u00f3rica concentraci\u00f3n en defensa de la caza convocada por la Real Federaci\u00f3n Espa\u00f1ola de Caza (RFEC) en Madrid y en otros ciudades de Espa\u00f1a. En la concentraci\u00f3n de Madrid, frente al Ayuntamiento de la capital, han estado presentes Santiago Abascal, presidente de VOX, y Javier Ortega, secretario general\" \/>\n\t<meta name=\"robots\" content=\"max-image-preview:large\" \/>\n\t<meta name=\"author\" content=\"El Digital de Asturias\"\/>\n\t<meta name=\"google-site-verification\" content=\"UA-38556648-1\" \/>\n\t<meta name=\"msvalidate.01\" content=\"7dfe9f3f1b24437ab69f4f2559babe99\" \/>\n\t<meta name=\"keywords\" content=\"actualidad\" \/>\n\t<link rel=\"canonical\" href=\"https:\/\/www.eldigitaldeasturias.com\/noticias\/vox-asiste-a-la-historica-concentracion-en-defensa-de-la-caza\/\" \/>\n\t<meta name=\"generator\" content=\"All in One SEO Pro (AIOSEO) 5.0.1\" \/>\n\t\t<meta property=\"og:locale\" content=\"es_ES\" \/>\n\t\t<meta property=\"og:site_name\" content=\"El Digital de Asturias\" \/>\n\t\t<meta property=\"og:type\" content=\"article\" \/>\n\t\t<meta property=\"og:title\" content=\"VOX asiste a la hist\u00f3rica concentraci\u00f3n en defensa de la caza - El Digital de Asturias\" \/>\n\t\t<meta property=\"og:description\" content=\"VOX ha asistido esta ma\u00f1ana a la hist\u00f3rica concentraci\u00f3n en defensa de la caza convocada por la Real Federaci\u00f3n Espa\u00f1ola de Caza (RFEC) en Madrid y en otros ciudades de Espa\u00f1a. En la concentraci\u00f3n de Madrid, frente al Ayuntamiento de la capital, han estado presentes Santiago Abascal, presidente de VOX, y Javier Ortega, secretario general\" \/>\n\t\t<meta property=\"og:url\" content=\"https:\/\/www.eldigitaldeasturias.com\/noticias\/vox-asiste-a-la-historica-concentracion-en-defensa-de-la-caza\/\" \/>\n\t\t<meta property=\"article:tag\" content=\"actualidad\" \/>\n\t\t<meta property=\"article:published_time\" content=\"2018-04-15T19:20:09+00:00\" \/>\n\t\t<meta property=\"article:modified_time\" content=\"2018-04-15T19:20:09+00:00\" \/>\n\t\t<meta property=\"article:publisher\" content=\"https:\/\/facebook.com\/eldigitaldeasturias\" \/>\n\t\t<meta name=\"twitter:card\" content=\"summary_large_image\" \/>\n\t\t<meta name=\"twitter:title\" content=\"VOX asiste a la hist\u00f3rica concentraci\u00f3n en defensa de la caza - El Digital de Asturias\" \/>\n\t\t<meta name=\"twitter:description\" content=\"VOX ha asistido esta ma\u00f1ana a la hist\u00f3rica concentraci\u00f3n en defensa de la caza convocada por la Real Federaci\u00f3n Espa\u00f1ola de Caza (RFEC) en Madrid y en otros ciudades de Espa\u00f1a. En la concentraci\u00f3n de Madrid, frente al Ayuntamiento de la capital, han estado presentes Santiago Abascal, presidente de VOX, y Javier Ortega, secretario general\" \/>\n\t\t<meta name=\"twitter:image\" content=\"https:\/\/www.eldigitaldeasturias.com\/noticias\/wp-content\/uploads\/2020\/12\/EDA-1.jpg\" \/>\n\t\t<meta name=\"twitter:label1\" content=\"Escrito por\" \/>\n\t\t<meta name=\"twitter:data1\" content=\"El Digital de Asturias\" \/>\n\t\t<meta name=\"twitter:label2\" content=\"Tiempo de lectura estimado\" \/>\n\t\t<meta name=\"twitter:data2\" content=\"1 minuto\" \/>\n\t\t<script type=\"application\/ld+json\" class=\"aioseo-schema\">\n\t\t\t{\"@context\":\"https:\\\/\\\/schema.org\",\"@graph\":[{\"@type\":\"BlogPosting\",\"@id\":\"https:\\\/\\\/www.eldigitaldeasturias.com\\\/noticias\\\/vox-asiste-a-la-historica-concentracion-en-defensa-de-la-caza\\\/#blogposting\",\"name\":\"VOX asiste a la hist\\u00f3rica concentraci\\u00f3n en defensa de la caza - El Digital de Asturias\",\"headline\":\"VOX asiste a la hist\\u00f3rica concentraci\\u00f3n en defensa de la caza\",\"author\":{\"@id\":\"https:\\\/\\\/www.eldigitaldeasturias.com\\\/noticias\\\/author\\\/admin\\\/#author\"},\"publisher\":{\"@id\":\"https:\\\/\\\/www.eldigitaldeasturias.com\\\/noticias\\\/#organization\"},\"image\":{\"@type\":\"ImageObject\",\"url\":955336},\"datePublished\":\"2018-04-15T19:20:09+02:00\",\"dateModified\":\"2018-04-15T19:20:09+02:00\",\"inLanguage\":\"es-ES\",\"mainEntityOfPage\":{\"@id\":\"https:\\\/\\\/www.eldigitaldeasturias.com\\\/noticias\\\/vox-asiste-a-la-historica-concentracion-en-defensa-de-la-caza\\\/#webpage\"},\"isPartOf\":{\"@id\":\"https:\\\/\\\/www.eldigitaldeasturias.com\\\/noticias\\\/vox-asiste-a-la-historica-concentracion-en-defensa-de-la-caza\\\/#webpage\"},\"articleSection\":\"Actualidad\"},{\"@type\":\"BreadcrumbList\",\"@id\":\"https:\\\/\\\/www.eldigitaldeasturias.com\\\/noticias\\\/vox-asiste-a-la-historica-concentracion-en-defensa-de-la-caza\\\/#breadcrumblist\",\"itemListElement\":[{\"@type\":\"ListItem\",\"@id\":\"https:\\\/\\\/www.eldigitaldeasturias.com\\\/noticias#listItem\",\"position\":1,\"name\":\"Home\",\"item\":\"https:\\\/\\\/www.eldigitaldeasturias.com\\\/noticias\",\"nextItem\":{\"@type\":\"ListItem\",\"@id\":\"https:\\\/\\\/www.eldigitaldeasturias.com\\\/noticias\\\/category\\\/actualidad\\\/#listItem\",\"name\":\"Actualidad\"}},{\"@type\":\"ListItem\",\"@id\":\"https:\\\/\\\/www.eldigitaldeasturias.com\\\/noticias\\\/category\\\/actualidad\\\/#listItem\",\"position\":2,\"name\":\"Actualidad\",\"item\":\"https:\\\/\\\/www.eldigitaldeasturias.com\\\/noticias\\\/category\\\/actualidad\\\/\",\"nextItem\":{\"@type\":\"ListItem\",\"@id\":\"https:\\\/\\\/www.eldigitaldeasturias.com\\\/noticias\\\/vox-asiste-a-la-historica-concentracion-en-defensa-de-la-caza\\\/#listItem\",\"name\":\"VOX asiste a la hist\\u00f3rica concentraci\\u00f3n en defensa de la caza\"},\"previousItem\":{\"@type\":\"ListItem\",\"@id\":\"https:\\\/\\\/www.eldigitaldeasturias.com\\\/noticias#listItem\",\"name\":\"Home\"}},{\"@type\":\"ListItem\",\"@id\":\"https:\\\/\\\/www.eldigitaldeasturias.com\\\/noticias\\\/vox-asiste-a-la-historica-concentracion-en-defensa-de-la-caza\\\/#listItem\",\"position\":3,\"name\":\"VOX asiste a la hist\\u00f3rica concentraci\\u00f3n en defensa de la caza\",\"previousItem\":{\"@type\":\"ListItem\",\"@id\":\"https:\\\/\\\/www.eldigitaldeasturias.com\\\/noticias\\\/category\\\/actualidad\\\/#listItem\",\"name\":\"Actualidad\"}}]},{\"@type\":\"Organization\",\"@id\":\"https:\\\/\\\/www.eldigitaldeasturias.com\\\/noticias\\\/#organization\",\"name\":\"El Digital de Asturias\",\"description\":\"Hemeroteca\",\"url\":\"https:\\\/\\\/www.eldigitaldeasturias.com\\\/noticias\\\/\",\"email\":\"info@eldigitaldeasturias.com\",\"telephone\":\"+34652131393\",\"logo\":{\"@type\":\"ImageObject\",\"url\":\"https:\\\/\\\/www.eldigitaldeasturias.com\\\/noticias\\\/wp-content\\\/uploads\\\/2020\\\/12\\\/EDA.jpg\",\"@id\":\"https:\\\/\\\/www.eldigitaldeasturias.com\\\/noticias\\\/vox-asiste-a-la-historica-concentracion-en-defensa-de-la-caza\\\/#organizationLogo\"},\"image\":{\"@id\":\"https:\\\/\\\/www.eldigitaldeasturias.com\\\/noticias\\\/vox-asiste-a-la-historica-concentracion-en-defensa-de-la-caza\\\/#organizationLogo\"},\"sameAs\":[\"https:\\\/\\\/facebook.com\\\/eldigitaldeasturias\",\"https:\\\/\\\/www.youtube.com\\\/channel\\\/UCZP-2wLEB9Rv6erhFmqVnvg\"],\"address\":{\"@id\":\"https:\\\/\\\/www.eldigitaldeasturias.com\\\/noticias\\\/#postaladdress\",\"@type\":\"PostalAddress\",\"streetAddress\":\"san antonio 4\",\"postalCode\":\"33430\",\"addressLocality\":\"Cand\\u00e1s\",\"addressRegion\":\"Asturias\",\"addressCountry\":\"ES\"}},{\"@type\":\"Person\",\"@id\":\"https:\\\/\\\/www.eldigitaldeasturias.com\\\/noticias\\\/author\\\/admin\\\/#author\",\"url\":\"https:\\\/\\\/www.eldigitaldeasturias.com\\\/noticias\\\/author\\\/admin\\\/\",\"name\":\"El Digital de Asturias\",\"image\":{\"@type\":\"ImageObject\",\"@id\":\"https:\\\/\\\/www.eldigitaldeasturias.com\\\/noticias\\\/vox-asiste-a-la-historica-concentracion-en-defensa-de-la-caza\\\/#authorImage\",\"url\":\"https:\\\/\\\/secure.gravatar.com\\\/avatar\\\/df2aeffc32bcd13f8d26072ef8a91b623d677766deac7f97ca815868cd41bf5e?s=96&d=mm&r=g\",\"width\":96,\"height\":96,\"caption\":\"El Digital de Asturias\"}},{\"@type\":\"WebPage\",\"@id\":\"https:\\\/\\\/www.eldigitaldeasturias.com\\\/noticias\\\/vox-asiste-a-la-historica-concentracion-en-defensa-de-la-caza\\\/#webpage\",\"url\":\"https:\\\/\\\/www.eldigitaldeasturias.com\\\/noticias\\\/vox-asiste-a-la-historica-concentracion-en-defensa-de-la-caza\\\/\",\"name\":\"VOX asiste a la hist\\u00f3rica concentraci\\u00f3n en defensa de la caza - El Digital de Asturias\",\"description\":\"VOX ha asistido esta ma\\u00f1ana a la hist\\u00f3rica concentraci\\u00f3n en defensa de la caza convocada por la Real Federaci\\u00f3n Espa\\u00f1ola de Caza (RFEC) en Madrid y en otros ciudades de Espa\\u00f1a. En la concentraci\\u00f3n de Madrid, frente al Ayuntamiento de la capital, han estado presentes Santiago Abascal, presidente de VOX, y Javier Ortega, secretario general\",\"inLanguage\":\"es-ES\",\"isPartOf\":{\"@id\":\"https:\\\/\\\/www.eldigitaldeasturias.com\\\/noticias\\\/#website\"},\"breadcrumb\":{\"@id\":\"https:\\\/\\\/www.eldigitaldeasturias.com\\\/noticias\\\/vox-asiste-a-la-historica-concentracion-en-defensa-de-la-caza\\\/#breadcrumblist\"},\"author\":{\"@id\":\"https:\\\/\\\/www.eldigitaldeasturias.com\\\/noticias\\\/author\\\/admin\\\/#author\"},\"creator\":{\"@id\":\"https:\\\/\\\/www.eldigitaldeasturias.com\\\/noticias\\\/author\\\/admin\\\/#author\"},\"image\":{\"@type\":\"ImageObject\",\"url\":955336,\"@id\":\"https:\\\/\\\/www.eldigitaldeasturias.com\\\/noticias\\\/vox-asiste-a-la-historica-concentracion-en-defensa-de-la-caza\\\/#mainImage\"},\"primaryImageOfPage\":{\"@id\":\"https:\\\/\\\/www.eldigitaldeasturias.com\\\/noticias\\\/vox-asiste-a-la-historica-concentracion-en-defensa-de-la-caza\\\/#mainImage\"},\"datePublished\":\"2018-04-15T19:20:09+02:00\",\"dateModified\":\"2018-04-15T19:20:09+02:00\"},{\"@type\":\"WebSite\",\"@id\":\"https:\\\/\\\/www.eldigitaldeasturias.com\\\/noticias\\\/#website\",\"url\":\"https:\\\/\\\/www.eldigitaldeasturias.com\\\/noticias\\\/\",\"name\":\"El Digital de Asturias - Diario de actualidad y noticias\",\"alternateName\":\"El Digital de Asturias - Diario de actualidad y noticias\",\"description\":\"Hemeroteca\",\"inLanguage\":\"es-ES\",\"publisher\":{\"@id\":\"https:\\\/\\\/www.eldigitaldeasturias.com\\\/noticias\\\/#organization\"}}]}\n\t\t<\/script>\n\t\t<!-- All in One SEO Pro -->\r\n\t\t<title>VOX asiste a la hist\u00f3rica concentraci\u00f3n en defensa de la caza - El Digital de Asturias<\/title>\n\n","aioseo_head_json":{"title":"VOX asiste a la hist\u00f3rica concentraci\u00f3n en defensa de la caza - El Digital de Asturias","description":"VOX ha asistido esta ma\u00f1ana a la hist\u00f3rica concentraci\u00f3n en defensa de la caza convocada por la Real Federaci\u00f3n Espa\u00f1ola de Caza (RFEC) en Madrid y en otros ciudades de Espa\u00f1a. En la concentraci\u00f3n de Madrid, frente al Ayuntamiento de la capital, han estado presentes Santiago Abascal, presidente de VOX, y Javier Ortega, secretario general","canonical_url":"https:\/\/www.eldigitaldeasturias.com\/noticias\/vox-asiste-a-la-historica-concentracion-en-defensa-de-la-caza\/","robots":"max-image-preview:large","keywords":"actualidad","webmasterTools":{"google-site-verification":"UA-38556648-1","msvalidate.01":"7dfe9f3f1b24437ab69f4f2559babe99","miscellaneous":""},"schema":{"@context":"https:\/\/schema.org","@graph":[{"@type":"BlogPosting","@id":"https:\/\/www.eldigitaldeasturias.com\/noticias\/vox-asiste-a-la-historica-concentracion-en-defensa-de-la-caza\/#blogposting","name":"VOX asiste a la hist\u00f3rica concentraci\u00f3n en defensa de la caza - El Digital de Asturias","headline":"VOX asiste a la hist\u00f3rica concentraci\u00f3n en defensa de la caza","author":{"@id":"https:\/\/www.eldigitaldeasturias.com\/noticias\/author\/admin\/#author"},"publisher":{"@id":"https:\/\/www.eldigitaldeasturias.com\/noticias\/#organization"},"image":{"@type":"ImageObject","url":955336},"datePublished":"2018-04-15T19:20:09+02:00","dateModified":"2018-04-15T19:20:09+02:00","inLanguage":"es-ES","mainEntityOfPage":{"@id":"https:\/\/www.eldigitaldeasturias.com\/noticias\/vox-asiste-a-la-historica-concentracion-en-defensa-de-la-caza\/#webpage"},"isPartOf":{"@id":"https:\/\/www.eldigitaldeasturias.com\/noticias\/vox-asiste-a-la-historica-concentracion-en-defensa-de-la-caza\/#webpage"},"articleSection":"Actualidad"},{"@type":"BreadcrumbList","@id":"https:\/\/www.eldigitaldeasturias.com\/noticias\/vox-asiste-a-la-historica-concentracion-en-defensa-de-la-caza\/#breadcrumblist","itemListElement":[{"@type":"ListItem","@id":"https:\/\/www.eldigitaldeasturias.com\/noticias#listItem","position":1,"name":"Home","item":"https:\/\/www.eldigitaldeasturias.com\/noticias","nextItem":{"@type":"ListItem","@id":"https:\/\/www.eldigitaldeasturias.com\/noticias\/category\/actualidad\/#listItem","name":"Actualidad"}},{"@type":"ListItem","@id":"https:\/\/www.eldigitaldeasturias.com\/noticias\/category\/actualidad\/#listItem","position":2,"name":"Actualidad","item":"https:\/\/www.eldigitaldeasturias.com\/noticias\/category\/actualidad\/","nextItem":{"@type":"ListItem","@id":"https:\/\/www.eldigitaldeasturias.com\/noticias\/vox-asiste-a-la-historica-concentracion-en-defensa-de-la-caza\/#listItem","name":"VOX asiste a la hist\u00f3rica concentraci\u00f3n en defensa de la caza"},"previousItem":{"@type":"ListItem","@id":"https:\/\/www.eldigitaldeasturias.com\/noticias#listItem","name":"Home"}},{"@type":"ListItem","@id":"https:\/\/www.eldigitaldeasturias.com\/noticias\/vox-asiste-a-la-historica-concentracion-en-defensa-de-la-caza\/#listItem","position":3,"name":"VOX asiste a la hist\u00f3rica concentraci\u00f3n en defensa de la caza","previousItem":{"@type":"ListItem","@id":"https:\/\/www.eldigitaldeasturias.com\/noticias\/category\/actualidad\/#listItem","name":"Actualidad"}}]},{"@type":"Organization","@id":"https:\/\/www.eldigitaldeasturias.com\/noticias\/#organization","name":"El Digital de Asturias","description":"Hemeroteca","url":"https:\/\/www.eldigitaldeasturias.com\/noticias\/","email":"info@eldigitaldeasturias.com","telephone":"+34652131393","logo":{"@type":"ImageObject","url":"https:\/\/www.eldigitaldeasturias.com\/noticias\/wp-content\/uploads\/2020\/12\/EDA.jpg","@id":"https:\/\/www.eldigitaldeasturias.com\/noticias\/vox-asiste-a-la-historica-concentracion-en-defensa-de-la-caza\/#organizationLogo"},"image":{"@id":"https:\/\/www.eldigitaldeasturias.com\/noticias\/vox-asiste-a-la-historica-concentracion-en-defensa-de-la-caza\/#organizationLogo"},"sameAs":["https:\/\/facebook.com\/eldigitaldeasturias","https:\/\/www.youtube.com\/channel\/UCZP-2wLEB9Rv6erhFmqVnvg"],"address":{"@id":"https:\/\/www.eldigitaldeasturias.com\/noticias\/#postaladdress","@type":"PostalAddress","streetAddress":"san antonio 4","postalCode":"33430","addressLocality":"Cand\u00e1s","addressRegion":"Asturias","addressCountry":"ES"}},{"@type":"Person","@id":"https:\/\/www.eldigitaldeasturias.com\/noticias\/author\/admin\/#author","url":"https:\/\/www.eldigitaldeasturias.com\/noticias\/author\/admin\/","name":"El Digital de Asturias","image":{"@type":"ImageObject","@id":"https:\/\/www.eldigitaldeasturias.com\/noticias\/vox-asiste-a-la-historica-concentracion-en-defensa-de-la-caza\/#authorImage","url":"https:\/\/secure.gravatar.com\/avatar\/df2aeffc32bcd13f8d26072ef8a91b623d677766deac7f97ca815868cd41bf5e?s=96&d=mm&r=g","width":96,"height":96,"caption":"El Digital de Asturias"}},{"@type":"WebPage","@id":"https:\/\/www.eldigitaldeasturias.com\/noticias\/vox-asiste-a-la-historica-concentracion-en-defensa-de-la-caza\/#webpage","url":"https:\/\/www.eldigitaldeasturias.com\/noticias\/vox-asiste-a-la-historica-concentracion-en-defensa-de-la-caza\/","name":"VOX asiste a la hist\u00f3rica concentraci\u00f3n en defensa de la caza - El Digital de Asturias","description":"VOX ha asistido esta ma\u00f1ana a la hist\u00f3rica concentraci\u00f3n en defensa de la caza convocada por la Real Federaci\u00f3n Espa\u00f1ola de Caza (RFEC) en Madrid y en otros ciudades de Espa\u00f1a. En la concentraci\u00f3n de Madrid, frente al Ayuntamiento de la capital, han estado presentes Santiago Abascal, presidente de VOX, y Javier Ortega, secretario general","inLanguage":"es-ES","isPartOf":{"@id":"https:\/\/www.eldigitaldeasturias.com\/noticias\/#website"},"breadcrumb":{"@id":"https:\/\/www.eldigitaldeasturias.com\/noticias\/vox-asiste-a-la-historica-concentracion-en-defensa-de-la-caza\/#breadcrumblist"},"author":{"@id":"https:\/\/www.eldigitaldeasturias.com\/noticias\/author\/admin\/#author"},"creator":{"@id":"https:\/\/www.eldigitaldeasturias.com\/noticias\/author\/admin\/#author"},"image":{"@type":"ImageObject","url":955336,"@id":"https:\/\/www.eldigitaldeasturias.com\/noticias\/vox-asiste-a-la-historica-concentracion-en-defensa-de-la-caza\/#mainImage"},"primaryImageOfPage":{"@id":"https:\/\/www.eldigitaldeasturias.com\/noticias\/vox-asiste-a-la-historica-concentracion-en-defensa-de-la-caza\/#mainImage"},"datePublished":"2018-04-15T19:20:09+02:00","dateModified":"2018-04-15T19:20:09+02:00"},{"@type":"WebSite","@id":"https:\/\/www.eldigitaldeasturias.com\/noticias\/#website","url":"https:\/\/www.eldigitaldeasturias.com\/noticias\/","name":"El Digital de Asturias - Diario de actualidad y noticias","alternateName":"El Digital de Asturias - Diario de actualidad y noticias","description":"Hemeroteca","inLanguage":"es-ES","publisher":{"@id":"https:\/\/www.eldigitaldeasturias.com\/noticias\/#organization"}}]},"og:locale":"es_ES","og:site_name":"El Digital de Asturias","og:type":"article","og:title":"VOX asiste a la hist\u00f3rica concentraci\u00f3n en defensa de la caza - El Digital de Asturias","og:description":"VOX ha asistido esta ma\u00f1ana a la hist\u00f3rica concentraci\u00f3n en defensa de la caza convocada por la Real Federaci\u00f3n Espa\u00f1ola de Caza (RFEC) en Madrid y en otros ciudades de Espa\u00f1a. En la concentraci\u00f3n de Madrid, frente al Ayuntamiento de la capital, han estado presentes Santiago Abascal, presidente de VOX, y Javier Ortega, secretario general","og:url":"https:\/\/www.eldigitaldeasturias.com\/noticias\/vox-asiste-a-la-historica-concentracion-en-defensa-de-la-caza\/","article:tag":["actualidad"],"article:published_time":"2018-04-15T19:20:09+00:00","article:modified_time":"2018-04-15T19:20:09+00:00","article:publisher":"https:\/\/facebook.com\/eldigitaldeasturias","twitter:card":"summary_large_image","twitter:title":"VOX asiste a la hist\u00f3rica concentraci\u00f3n en defensa de la caza - El Digital de Asturias","twitter:description":"VOX ha asistido esta ma\u00f1ana a la hist\u00f3rica concentraci\u00f3n en defensa de la caza convocada por la Real Federaci\u00f3n Espa\u00f1ola de Caza (RFEC) en Madrid y en otros ciudades de Espa\u00f1a. En la concentraci\u00f3n de Madrid, frente al Ayuntamiento de la capital, han estado presentes Santiago Abascal, presidente de VOX, y Javier Ortega, secretario general","twitter:image":"https:\/\/www.eldigitaldeasturias.com\/noticias\/wp-content\/uploads\/2020\/12\/EDA-1.jpg","twitter:label1":"Escrito por","twitter:data1":"El Digital de Asturias","twitter:label2":"Tiempo de lectura estimado","twitter:data2":"1 minuto"},"aioseo_meta_data":{"post_id":"976199","title":null,"description":null,"keywords":null,"keyphrases":null,"primary_term":null,"canonical_url":null,"og_title":null,"og_description":null,"og_object_type":"default","og_image_type":"default","og_image_url":null,"og_image_width":null,"og_image_height":null,"og_image_custom_url":null,"og_image_custom_fields":null,"og_video":null,"og_custom_url":null,"og_article_section":null,"og_article_tags":null,"twitter_use_og":false,"twitter_card":"default","twitter_image_type":"default","twitter_image_url":null,"twitter_image_custom_url":null,"twitter_image_custom_fields":null,"twitter_title":null,"twitter_description":null,"schema":{"blockGraphs":[],"customGraphs":[],"default":{"data":{"Article":[],"Course":[],"Dataset":[],"FAQPage":[],"Movie":[],"Person":[],"Product":[],"ProductReview":[],"Car":[],"Recipe":[],"Service":[],"SoftwareApplication":[],"WebPage":[]},"graphName":"","isEnabled":true},"graphs":[],"defaultGraph":"","defaultPostTypeGraph":""},"schema_type":null,"schema_type_options":null,"pillar_content":false,"robots_default":true,"robots_noindex":false,"robots_noarchive":false,"robots_nosnippet":false,"robots_nofollow":false,"robots_noimageindex":false,"robots_noodp":false,"robots_notranslate":false,"robots_max_snippet":null,"robots_max_videopreview":null,"robots_max_imagepreview":"large","priority":null,"frequency":null,"local_seo":null,"seo_analyzer_scan_date":"2025-10-08 03:02:34","breadcrumb_settings":null,"limit_modified_date":false,"open_ai":null,"ai":null,"created":"2020-12-21 12:08:37","updated":"2025-10-08 03:02:34","focus_keyword":null,"additional_keywords":null,"truseo_locale":null},"aioseo_breadcrumb":"<div class=\"aioseo-breadcrumbs\"><span class=\"aioseo-breadcrumb\">\n\t<a href=\"https:\/\/www.eldigitaldeasturias.com\/noticias\" title=\"Home\">Home<\/a>\n<\/span><span class=\"aioseo-breadcrumb-separator\">\u2013<\/span><span class=\"aioseo-breadcrumb\">\n\t<a href=\"https:\/\/www.eldigitaldeasturias.com\/noticias\/category\/actualidad\/\" title=\"Actualidad\">Actualidad<\/a>\n<\/span><span class=\"aioseo-breadcrumb-separator\">\u2013<\/span><span class=\"aioseo-breadcrumb\">\n\t<a href=\"https:\/\/www.eldigitaldeasturias.com\/noticias\/vox-asiste-a-la-historica-concentracion-en-defensa-de-la-caza\/\" title=\"VOX asiste a la hist\u00f3rica concentraci\u00f3n en defensa de la caza\">VOX asiste a la hist\u00f3rica concentraci\u00f3n en defensa de la caza<\/a>\n<\/span><\/div>","aioseo_breadcrumb_json":[{"label":"Home","link":"https:\/\/www.eldigitaldeasturias.com\/noticias"},{"label":"Actualidad","link":"https:\/\/www.eldigitaldeasturias.com\/noticias\/category\/actualidad\/"},{"label":"VOX asiste a la hist\u00f3rica concentraci\u00f3n en defensa de la caza","link":"https:\/\/www.eldigitaldeasturias.com\/noticias\/vox-asiste-a-la-historica-concentracion-en-defensa-de-la-caza\/"}],"_links":{"self":[{"href":"https:\/\/www.eldigitaldeasturias.com\/noticias\/wp-json\/wp\/v2\/posts\/976199","targetHints":{"allow":["GET"]}}],"collection":[{"href":"https:\/\/www.eldigitaldeasturias.com\/noticias\/wp-json\/wp\/v2\/posts"}],"about":[{"href":"https:\/\/www.eldigitaldeasturias.com\/noticias\/wp-json\/wp\/v2\/types\/post"}],"author":[{"embeddable":true,"href":"https:\/\/www.eldigitaldeasturias.com\/noticias\/wp-json\/wp\/v2\/users\/1"}],"replies":[{"embeddable":true,"href":"https:\/\/www.eldigitaldeasturias.com\/noticias\/wp-json\/wp\/v2\/comments?post=976199"}],"version-history":[{"count":0,"href":"https:\/\/www.eldigitaldeasturias.com\/noticias\/wp-json\/wp\/v2\/posts\/976199\/revisions"}],"wp:attachment":[{"href":"https:\/\/www.eldigitaldeasturias.com\/noticias\/wp-json\/wp\/v2\/media?parent=976199"}],"wp:term":[{"taxonomy":"category","embeddable":true,"href":"https:\/\/www.eldigitaldeasturias.com\/noticias\/wp-json\/wp\/v2\/categories?post=976199"},{"taxonomy":"post_tag","embeddable":true,"href":"https:\/\/www.eldigitaldeasturias.com\/noticias\/wp-json\/wp\/v2\/tags?post=976199"}],"curies":[{"name":"wp","href":"https:\/\/api.w.org\/{rel}","templated":true}]}}