{"id":976194,"date":"2018-04-15T19:13:39","date_gmt":"2018-04-15T19:13:39","guid":{"rendered":"http:\/\/www.eldigitaldeasturias.com\/noticias\/?p=976194"},"modified":"2018-04-15T19:13:39","modified_gmt":"2018-04-15T19:13:39","slug":"macron-y-su-papel-en-el-conflicto-sirio","status":"publish","type":"post","link":"https:\/\/www.eldigitaldeasturias.com\/noticias\/macron-y-su-papel-en-el-conflicto-sirio\/","title":{"rendered":"Macron y su papel en el conflicto sirio"},"content":{"rendered":"<p><img loading=\"lazy\" decoding=\"async\" class=\"alignleft size-medium wp-image-653067\" src=\"https:\/\/www.eldigitaldeasturias.com\/noticias\/wp-content\/uploads\/2014\/10\/6773324w-360x250.jpg\" alt=\"\" width=\"360\" height=\"250\" \/>Par\u00eds, 15 abr (dpa) &#8211; Hace tiempo que el presidente franc\u00e9s, Emmanuel Macron, no se calla nada respecto al conflicto sirio. Amenaz\u00f3 en numerosas ocasiones al presidente Bashar al Assad y el supuesto ataque qu\u00edmico en Duma, del que culpa al Gobierno sirio, supuso el traspaso de una \u00abl\u00ednea roja\u00bb para el Palacio del El\u00edseo.<\/p>\n<p>As\u00ed que Macron, que apenas lleva un a\u00f1o en el poder, dio al Ej\u00e9rcito franc\u00e9s la orden de atacar la madrugada del s\u00e1bado objetivos del Gobierno sirio junto a Estados Unidos y Reino Unido.<\/p>\n<p>Cercano Oriente es tradicionalmente uno de los escenarios de influencia de Francia, que combate all\u00ed desde hace a\u00f1os con la coalici\u00f3n internacional contra la milicia terrorista Estado Isl\u00e1mico (EI).<\/p>\n<p>\u00abNo queremos una escalada en la regi\u00f3n\u00bb, insisti\u00f3 Macron en varias ocasiones, pero debe respetarse el derecho internacional. El presidente, de 40 a\u00f1os, ya hab\u00eda afirmado el jueves en una entrevista que Francia ten\u00eda pruebas de que el Gobierno sirio fue responsable del ataque qu\u00edmico.<\/p>\n<p>En esta crisis, Macron cierra filas con Estados Unidos y con su hom\u00f3logo Donald Trump, con quien se reunir\u00e1 en Washington a final de mes. Ambos l\u00edderes tienen diferencias en cuestiones como el cambio clim\u00e1tico, pero aun as\u00ed mantienen una buena relaci\u00f3n personal. En la crisis siria el presidente franc\u00e9s evit\u00f3 una ret\u00f3rica b\u00e9lica y excesiva \u00aba lo Trump\u00bb, pero se manifest\u00f3 firme y decidido al respecto.<\/p>\n<p>Macron se destaca as\u00ed de Alemania, que debido a su historia mantiene tradicionalmente un perfil militar bajo, aunque la canciller Angela Merkel apoy\u00f3 la intervenci\u00f3n en Siria.<\/p>\n<p>Reino Unido actu\u00f3 en la crisis con m\u00e1s prudencia, aunque finalmente se uni\u00f3 a Estados Unidos y Francia para el ataque. \u00abEl mundo est\u00e1 unido en su indignaci\u00f3n por el uso de armas qu\u00edmicas, sobre todo contra civiles\u00bb, dijo el ministro de Exteriores brit\u00e1nico, Boris Johnson.<\/p>\n<p>La primera ministra brit\u00e1nica, Theresa May, se mostr\u00f3 convencida del \u00e9xito del ataque, que calific\u00f3 de \u00abcorrecto y legal\u00bb. Sin embargo, fue criticada por la oposici\u00f3n, entre otras cosas por no haber consultado primero al Parlamento.<\/p>\n<p>Tambi\u00e9n ha habido cr\u00edticas en Par\u00eds. El l\u00edder del partido conservador Los Republicanos, Laurent Wauquiez, critic\u00f3 los bombardeos. \u00abNo entiendo la utilidad ni el sentido de golpear por golpear para tener la sensaci\u00f3n de haber hecho algo, sin que haya ninguna estrategia detr\u00e1s\u00bb, afirm\u00f3.<\/p>\n<p>El pol\u00edtico de izquierdas Jean-Luc M\u00e9lenchon tambi\u00e9n conden\u00f3 lo que considera una \u00abacci\u00f3n totalmente irresponsable\u00bb, que no cuenta con un mandato de la ONU, ni con un acuerdo europeo o la aprobaci\u00f3n de la Asamblea Nacional francesa. Pero lo cierto es que una de las competencias del presidente franc\u00e9s es ordenar misiones en el extranjero. Tambi\u00e9n el arsenal at\u00f3mico franc\u00e9s est\u00e1 bajo su mando y s\u00f3lo necesita el permiso del Parlamento para misiones largas o declaraciones de guerra.<\/p>\n<p>Macron, que tuvo que superar muchos obst\u00e1culos para llegar a la presidencia, usa ahora las competencias que esta le otorga. En el Palacio del El\u00edseo se muestra firme y a la ofensiva, aunque a menudo parece por ello aislado y despegado de la realidad. \u00abHago lo que digo\u00bb, es su lema, y no deja que le afecten las cr\u00edticas a sus pol\u00edticas de reformas.<\/p>\n<p>Ahora mismo el presidente franc\u00e9s se enfrenta a fuertes protestas sociales: el s\u00e1bado volvi\u00f3 a haber huelga en el sector ferroviario, hay protestas en varias universidades y los pensionistas est\u00e1n indignados por la subida de los impuestos.<\/p>\n<p>Macron quiere diferenciarse por todos los medios de su predecesor, Fran\u00e7ois Hollande, que fracas\u00f3 ante los retos de la presidencia. Y eso se aplica tambi\u00e9n al conflicto sirio.<\/p>\n<p>Hace cinco a\u00f1os, Hollande se mostr\u00f3 dispuesto a lanzar ataques en Siria junto al entonces presidente estadounidense Barack Obama, tambi\u00e9n despu\u00e9s de denuncias de ataques qu\u00edmicos. Pero cuando los aviones de combate franceses ya estaban listos para la misi\u00f3n, Obama dio marcha atr\u00e1s. En Par\u00eds todav\u00eda no se ha olvidado aquello.<\/p>\n<p>Algunas de intervenciones militares de Francia en los \u00faltimos a\u00f1os fueron criticadas. En 2011, el Gobierno galo particip\u00f3 en la intervenci\u00f3n militar en Libia. El entonces presidente, Nicolas Sarkozy, sigue defendiendo la misi\u00f3n contra Muammar al Gadafi, pero sus cr\u00edticos consideran que desestabiliz\u00f3 toda la regi\u00f3n.<\/p>\n<p>Por Christian B\u00f6hmer y Silvia Kusidlo (dpa)<\/p>\n<p>&nbsp;<\/p>\n","protected":false},"excerpt":{"rendered":"<p>Par\u00eds, 15 abr (dpa) &#8211; Hace tiempo que el presidente franc\u00e9s, Emmanuel Macron, no se calla nada respecto al conflicto sirio. Amenaz\u00f3 en numerosas ocasiones al presidente Bashar al Assad y el supuesto ataque qu\u00edmico en Duma, del que culpa al Gobierno sirio, supuso el traspaso de una \u00abl\u00ednea roja\u00bb para el Palacio del El\u00edseo. [&hellip;]<\/p>\n","protected":false},"author":1,"featured_media":653067,"comment_status":"closed","ping_status":"closed","sticky":false,"template":"","format":"standard","meta":{"footnotes":""},"categories":[1],"tags":[],"class_list":["post-976194","post","type-post","status-publish","format-standard","has-post-thumbnail","hentry","category-actualidad"],"aioseo_notices":[],"aioseo_head":"\n\t\t<!-- All in One SEO Pro 5.0.1 - aioseo.com -->\n\t<meta name=\"description\" content=\"Par\u00eds, 15 abr (dpa) - Hace tiempo que el presidente franc\u00e9s, Emmanuel Macron, no se calla nada respecto al conflicto sirio. Amenaz\u00f3 en numerosas ocasiones al presidente Bashar al Assad y el supuesto ataque qu\u00edmico en Duma, del que culpa al Gobierno sirio, supuso el traspaso de una &quot;l\u00ednea roja&quot; para el Palacio del El\u00edseo.\" \/>\n\t<meta name=\"robots\" content=\"max-image-preview:large\" \/>\n\t<meta name=\"author\" content=\"El Digital de Asturias\"\/>\n\t<meta name=\"google-site-verification\" content=\"UA-38556648-1\" \/>\n\t<meta name=\"msvalidate.01\" content=\"7dfe9f3f1b24437ab69f4f2559babe99\" \/>\n\t<meta name=\"keywords\" content=\"actualidad\" \/>\n\t<link rel=\"canonical\" href=\"https:\/\/www.eldigitaldeasturias.com\/noticias\/macron-y-su-papel-en-el-conflicto-sirio\/\" \/>\n\t<meta name=\"generator\" content=\"All in One SEO Pro (AIOSEO) 5.0.1\" \/>\n\t\t<meta property=\"og:locale\" content=\"es_ES\" \/>\n\t\t<meta property=\"og:site_name\" content=\"El Digital de Asturias\" \/>\n\t\t<meta property=\"og:type\" content=\"article\" \/>\n\t\t<meta property=\"og:title\" content=\"Macron y su papel en el conflicto sirio - El Digital de Asturias\" \/>\n\t\t<meta property=\"og:description\" content=\"Par\u00eds, 15 abr (dpa) - Hace tiempo que el presidente franc\u00e9s, Emmanuel Macron, no se calla nada respecto al conflicto sirio. Amenaz\u00f3 en numerosas ocasiones al presidente Bashar al Assad y el supuesto ataque qu\u00edmico en Duma, del que culpa al Gobierno sirio, supuso el traspaso de una &quot;l\u00ednea roja&quot; para el Palacio del El\u00edseo.\" \/>\n\t\t<meta property=\"og:url\" content=\"https:\/\/www.eldigitaldeasturias.com\/noticias\/macron-y-su-papel-en-el-conflicto-sirio\/\" \/>\n\t\t<meta property=\"article:tag\" content=\"actualidad\" \/>\n\t\t<meta property=\"article:published_time\" content=\"2018-04-15T19:13:39+00:00\" \/>\n\t\t<meta property=\"article:modified_time\" content=\"2018-04-15T19:13:39+00:00\" \/>\n\t\t<meta property=\"article:publisher\" content=\"https:\/\/facebook.com\/eldigitaldeasturias\" \/>\n\t\t<meta name=\"twitter:card\" content=\"summary_large_image\" \/>\n\t\t<meta name=\"twitter:title\" content=\"Macron y su papel en el conflicto sirio - El Digital de Asturias\" \/>\n\t\t<meta name=\"twitter:description\" content=\"Par\u00eds, 15 abr (dpa) - Hace tiempo que el presidente franc\u00e9s, Emmanuel Macron, no se calla nada respecto al conflicto sirio. Amenaz\u00f3 en numerosas ocasiones al presidente Bashar al Assad y el supuesto ataque qu\u00edmico en Duma, del que culpa al Gobierno sirio, supuso el traspaso de una &quot;l\u00ednea roja&quot; para el Palacio del El\u00edseo.\" \/>\n\t\t<meta name=\"twitter:image\" content=\"https:\/\/www.eldigitaldeasturias.com\/noticias\/wp-content\/uploads\/2020\/12\/EDA-1.jpg\" \/>\n\t\t<meta name=\"twitter:label1\" content=\"Escrito por\" \/>\n\t\t<meta name=\"twitter:data1\" content=\"El Digital de Asturias\" \/>\n\t\t<meta name=\"twitter:label2\" content=\"Tiempo de lectura estimado\" \/>\n\t\t<meta name=\"twitter:data2\" content=\"4 minutos\" \/>\n\t\t<script type=\"application\/ld+json\" class=\"aioseo-schema\">\n\t\t\t{\"@context\":\"https:\\\/\\\/schema.org\",\"@graph\":[{\"@type\":\"BlogPosting\",\"@id\":\"https:\\\/\\\/www.eldigitaldeasturias.com\\\/noticias\\\/macron-y-su-papel-en-el-conflicto-sirio\\\/#blogposting\",\"name\":\"Macron y su papel en el conflicto sirio - El Digital de Asturias\",\"headline\":\"Macron y su papel en el conflicto sirio\",\"author\":{\"@id\":\"https:\\\/\\\/www.eldigitaldeasturias.com\\\/noticias\\\/author\\\/admin\\\/#author\"},\"publisher\":{\"@id\":\"https:\\\/\\\/www.eldigitaldeasturias.com\\\/noticias\\\/#organization\"},\"image\":{\"@type\":\"ImageObject\",\"url\":653067},\"datePublished\":\"2018-04-15T19:13:39+02:00\",\"dateModified\":\"2018-04-15T19:13:39+02:00\",\"inLanguage\":\"es-ES\",\"mainEntityOfPage\":{\"@id\":\"https:\\\/\\\/www.eldigitaldeasturias.com\\\/noticias\\\/macron-y-su-papel-en-el-conflicto-sirio\\\/#webpage\"},\"isPartOf\":{\"@id\":\"https:\\\/\\\/www.eldigitaldeasturias.com\\\/noticias\\\/macron-y-su-papel-en-el-conflicto-sirio\\\/#webpage\"},\"articleSection\":\"Actualidad\"},{\"@type\":\"BreadcrumbList\",\"@id\":\"https:\\\/\\\/www.eldigitaldeasturias.com\\\/noticias\\\/macron-y-su-papel-en-el-conflicto-sirio\\\/#breadcrumblist\",\"itemListElement\":[{\"@type\":\"ListItem\",\"@id\":\"https:\\\/\\\/www.eldigitaldeasturias.com\\\/noticias#listItem\",\"position\":1,\"name\":\"Home\",\"item\":\"https:\\\/\\\/www.eldigitaldeasturias.com\\\/noticias\",\"nextItem\":{\"@type\":\"ListItem\",\"@id\":\"https:\\\/\\\/www.eldigitaldeasturias.com\\\/noticias\\\/category\\\/actualidad\\\/#listItem\",\"name\":\"Actualidad\"}},{\"@type\":\"ListItem\",\"@id\":\"https:\\\/\\\/www.eldigitaldeasturias.com\\\/noticias\\\/category\\\/actualidad\\\/#listItem\",\"position\":2,\"name\":\"Actualidad\",\"item\":\"https:\\\/\\\/www.eldigitaldeasturias.com\\\/noticias\\\/category\\\/actualidad\\\/\",\"nextItem\":{\"@type\":\"ListItem\",\"@id\":\"https:\\\/\\\/www.eldigitaldeasturias.com\\\/noticias\\\/macron-y-su-papel-en-el-conflicto-sirio\\\/#listItem\",\"name\":\"Macron y su papel en el conflicto sirio\"},\"previousItem\":{\"@type\":\"ListItem\",\"@id\":\"https:\\\/\\\/www.eldigitaldeasturias.com\\\/noticias#listItem\",\"name\":\"Home\"}},{\"@type\":\"ListItem\",\"@id\":\"https:\\\/\\\/www.eldigitaldeasturias.com\\\/noticias\\\/macron-y-su-papel-en-el-conflicto-sirio\\\/#listItem\",\"position\":3,\"name\":\"Macron y su papel en el conflicto sirio\",\"previousItem\":{\"@type\":\"ListItem\",\"@id\":\"https:\\\/\\\/www.eldigitaldeasturias.com\\\/noticias\\\/category\\\/actualidad\\\/#listItem\",\"name\":\"Actualidad\"}}]},{\"@type\":\"Organization\",\"@id\":\"https:\\\/\\\/www.eldigitaldeasturias.com\\\/noticias\\\/#organization\",\"name\":\"El Digital de Asturias\",\"description\":\"Hemeroteca\",\"url\":\"https:\\\/\\\/www.eldigitaldeasturias.com\\\/noticias\\\/\",\"email\":\"info@eldigitaldeasturias.com\",\"telephone\":\"+34652131393\",\"logo\":{\"@type\":\"ImageObject\",\"url\":\"https:\\\/\\\/www.eldigitaldeasturias.com\\\/noticias\\\/wp-content\\\/uploads\\\/2020\\\/12\\\/EDA.jpg\",\"@id\":\"https:\\\/\\\/www.eldigitaldeasturias.com\\\/noticias\\\/macron-y-su-papel-en-el-conflicto-sirio\\\/#organizationLogo\"},\"image\":{\"@id\":\"https:\\\/\\\/www.eldigitaldeasturias.com\\\/noticias\\\/macron-y-su-papel-en-el-conflicto-sirio\\\/#organizationLogo\"},\"sameAs\":[\"https:\\\/\\\/facebook.com\\\/eldigitaldeasturias\",\"https:\\\/\\\/www.youtube.com\\\/channel\\\/UCZP-2wLEB9Rv6erhFmqVnvg\"],\"address\":{\"@id\":\"https:\\\/\\\/www.eldigitaldeasturias.com\\\/noticias\\\/#postaladdress\",\"@type\":\"PostalAddress\",\"streetAddress\":\"san antonio 4\",\"postalCode\":\"33430\",\"addressLocality\":\"Cand\\u00e1s\",\"addressRegion\":\"Asturias\",\"addressCountry\":\"ES\"}},{\"@type\":\"Person\",\"@id\":\"https:\\\/\\\/www.eldigitaldeasturias.com\\\/noticias\\\/author\\\/admin\\\/#author\",\"url\":\"https:\\\/\\\/www.eldigitaldeasturias.com\\\/noticias\\\/author\\\/admin\\\/\",\"name\":\"El Digital de Asturias\",\"image\":{\"@type\":\"ImageObject\",\"@id\":\"https:\\\/\\\/www.eldigitaldeasturias.com\\\/noticias\\\/macron-y-su-papel-en-el-conflicto-sirio\\\/#authorImage\",\"url\":\"https:\\\/\\\/secure.gravatar.com\\\/avatar\\\/df2aeffc32bcd13f8d26072ef8a91b623d677766deac7f97ca815868cd41bf5e?s=96&d=mm&r=g\",\"width\":96,\"height\":96,\"caption\":\"El Digital de Asturias\"}},{\"@type\":\"WebPage\",\"@id\":\"https:\\\/\\\/www.eldigitaldeasturias.com\\\/noticias\\\/macron-y-su-papel-en-el-conflicto-sirio\\\/#webpage\",\"url\":\"https:\\\/\\\/www.eldigitaldeasturias.com\\\/noticias\\\/macron-y-su-papel-en-el-conflicto-sirio\\\/\",\"name\":\"Macron y su papel en el conflicto sirio - El Digital de Asturias\",\"description\":\"Par\\u00eds, 15 abr (dpa) - Hace tiempo que el presidente franc\\u00e9s, Emmanuel Macron, no se calla nada respecto al conflicto sirio. Amenaz\\u00f3 en numerosas ocasiones al presidente Bashar al Assad y el supuesto ataque qu\\u00edmico en Duma, del que culpa al Gobierno sirio, supuso el traspaso de una \\\"l\\u00ednea roja\\\" para el Palacio del El\\u00edseo.\",\"inLanguage\":\"es-ES\",\"isPartOf\":{\"@id\":\"https:\\\/\\\/www.eldigitaldeasturias.com\\\/noticias\\\/#website\"},\"breadcrumb\":{\"@id\":\"https:\\\/\\\/www.eldigitaldeasturias.com\\\/noticias\\\/macron-y-su-papel-en-el-conflicto-sirio\\\/#breadcrumblist\"},\"author\":{\"@id\":\"https:\\\/\\\/www.eldigitaldeasturias.com\\\/noticias\\\/author\\\/admin\\\/#author\"},\"creator\":{\"@id\":\"https:\\\/\\\/www.eldigitaldeasturias.com\\\/noticias\\\/author\\\/admin\\\/#author\"},\"image\":{\"@type\":\"ImageObject\",\"url\":653067,\"@id\":\"https:\\\/\\\/www.eldigitaldeasturias.com\\\/noticias\\\/macron-y-su-papel-en-el-conflicto-sirio\\\/#mainImage\"},\"primaryImageOfPage\":{\"@id\":\"https:\\\/\\\/www.eldigitaldeasturias.com\\\/noticias\\\/macron-y-su-papel-en-el-conflicto-sirio\\\/#mainImage\"},\"datePublished\":\"2018-04-15T19:13:39+02:00\",\"dateModified\":\"2018-04-15T19:13:39+02:00\"},{\"@type\":\"WebSite\",\"@id\":\"https:\\\/\\\/www.eldigitaldeasturias.com\\\/noticias\\\/#website\",\"url\":\"https:\\\/\\\/www.eldigitaldeasturias.com\\\/noticias\\\/\",\"name\":\"El Digital de Asturias - Diario de actualidad y noticias\",\"alternateName\":\"El Digital de Asturias - Diario de actualidad y noticias\",\"description\":\"Hemeroteca\",\"inLanguage\":\"es-ES\",\"publisher\":{\"@id\":\"https:\\\/\\\/www.eldigitaldeasturias.com\\\/noticias\\\/#organization\"}}]}\n\t\t<\/script>\n\t\t<!-- All in One SEO Pro -->\r\n\t\t<title>Macron y su papel en el conflicto sirio - El Digital de Asturias<\/title>\n\n","aioseo_head_json":{"title":"Macron y su papel en el conflicto sirio - El Digital de Asturias","description":"Par\u00eds, 15 abr (dpa) - Hace tiempo que el presidente franc\u00e9s, Emmanuel Macron, no se calla nada respecto al conflicto sirio. Amenaz\u00f3 en numerosas ocasiones al presidente Bashar al Assad y el supuesto ataque qu\u00edmico en Duma, del que culpa al Gobierno sirio, supuso el traspaso de una \"l\u00ednea roja\" para el Palacio del El\u00edseo.","canonical_url":"https:\/\/www.eldigitaldeasturias.com\/noticias\/macron-y-su-papel-en-el-conflicto-sirio\/","robots":"max-image-preview:large","keywords":"actualidad","webmasterTools":{"google-site-verification":"UA-38556648-1","msvalidate.01":"7dfe9f3f1b24437ab69f4f2559babe99","miscellaneous":""},"schema":{"@context":"https:\/\/schema.org","@graph":[{"@type":"BlogPosting","@id":"https:\/\/www.eldigitaldeasturias.com\/noticias\/macron-y-su-papel-en-el-conflicto-sirio\/#blogposting","name":"Macron y su papel en el conflicto sirio - El Digital de Asturias","headline":"Macron y su papel en el conflicto sirio","author":{"@id":"https:\/\/www.eldigitaldeasturias.com\/noticias\/author\/admin\/#author"},"publisher":{"@id":"https:\/\/www.eldigitaldeasturias.com\/noticias\/#organization"},"image":{"@type":"ImageObject","url":653067},"datePublished":"2018-04-15T19:13:39+02:00","dateModified":"2018-04-15T19:13:39+02:00","inLanguage":"es-ES","mainEntityOfPage":{"@id":"https:\/\/www.eldigitaldeasturias.com\/noticias\/macron-y-su-papel-en-el-conflicto-sirio\/#webpage"},"isPartOf":{"@id":"https:\/\/www.eldigitaldeasturias.com\/noticias\/macron-y-su-papel-en-el-conflicto-sirio\/#webpage"},"articleSection":"Actualidad"},{"@type":"BreadcrumbList","@id":"https:\/\/www.eldigitaldeasturias.com\/noticias\/macron-y-su-papel-en-el-conflicto-sirio\/#breadcrumblist","itemListElement":[{"@type":"ListItem","@id":"https:\/\/www.eldigitaldeasturias.com\/noticias#listItem","position":1,"name":"Home","item":"https:\/\/www.eldigitaldeasturias.com\/noticias","nextItem":{"@type":"ListItem","@id":"https:\/\/www.eldigitaldeasturias.com\/noticias\/category\/actualidad\/#listItem","name":"Actualidad"}},{"@type":"ListItem","@id":"https:\/\/www.eldigitaldeasturias.com\/noticias\/category\/actualidad\/#listItem","position":2,"name":"Actualidad","item":"https:\/\/www.eldigitaldeasturias.com\/noticias\/category\/actualidad\/","nextItem":{"@type":"ListItem","@id":"https:\/\/www.eldigitaldeasturias.com\/noticias\/macron-y-su-papel-en-el-conflicto-sirio\/#listItem","name":"Macron y su papel en el conflicto sirio"},"previousItem":{"@type":"ListItem","@id":"https:\/\/www.eldigitaldeasturias.com\/noticias#listItem","name":"Home"}},{"@type":"ListItem","@id":"https:\/\/www.eldigitaldeasturias.com\/noticias\/macron-y-su-papel-en-el-conflicto-sirio\/#listItem","position":3,"name":"Macron y su papel en el conflicto sirio","previousItem":{"@type":"ListItem","@id":"https:\/\/www.eldigitaldeasturias.com\/noticias\/category\/actualidad\/#listItem","name":"Actualidad"}}]},{"@type":"Organization","@id":"https:\/\/www.eldigitaldeasturias.com\/noticias\/#organization","name":"El Digital de Asturias","description":"Hemeroteca","url":"https:\/\/www.eldigitaldeasturias.com\/noticias\/","email":"info@eldigitaldeasturias.com","telephone":"+34652131393","logo":{"@type":"ImageObject","url":"https:\/\/www.eldigitaldeasturias.com\/noticias\/wp-content\/uploads\/2020\/12\/EDA.jpg","@id":"https:\/\/www.eldigitaldeasturias.com\/noticias\/macron-y-su-papel-en-el-conflicto-sirio\/#organizationLogo"},"image":{"@id":"https:\/\/www.eldigitaldeasturias.com\/noticias\/macron-y-su-papel-en-el-conflicto-sirio\/#organizationLogo"},"sameAs":["https:\/\/facebook.com\/eldigitaldeasturias","https:\/\/www.youtube.com\/channel\/UCZP-2wLEB9Rv6erhFmqVnvg"],"address":{"@id":"https:\/\/www.eldigitaldeasturias.com\/noticias\/#postaladdress","@type":"PostalAddress","streetAddress":"san antonio 4","postalCode":"33430","addressLocality":"Cand\u00e1s","addressRegion":"Asturias","addressCountry":"ES"}},{"@type":"Person","@id":"https:\/\/www.eldigitaldeasturias.com\/noticias\/author\/admin\/#author","url":"https:\/\/www.eldigitaldeasturias.com\/noticias\/author\/admin\/","name":"El Digital de Asturias","image":{"@type":"ImageObject","@id":"https:\/\/www.eldigitaldeasturias.com\/noticias\/macron-y-su-papel-en-el-conflicto-sirio\/#authorImage","url":"https:\/\/secure.gravatar.com\/avatar\/df2aeffc32bcd13f8d26072ef8a91b623d677766deac7f97ca815868cd41bf5e?s=96&d=mm&r=g","width":96,"height":96,"caption":"El Digital de Asturias"}},{"@type":"WebPage","@id":"https:\/\/www.eldigitaldeasturias.com\/noticias\/macron-y-su-papel-en-el-conflicto-sirio\/#webpage","url":"https:\/\/www.eldigitaldeasturias.com\/noticias\/macron-y-su-papel-en-el-conflicto-sirio\/","name":"Macron y su papel en el conflicto sirio - El Digital de Asturias","description":"Par\u00eds, 15 abr (dpa) - Hace tiempo que el presidente franc\u00e9s, Emmanuel Macron, no se calla nada respecto al conflicto sirio. Amenaz\u00f3 en numerosas ocasiones al presidente Bashar al Assad y el supuesto ataque qu\u00edmico en Duma, del que culpa al Gobierno sirio, supuso el traspaso de una \"l\u00ednea roja\" para el Palacio del El\u00edseo.","inLanguage":"es-ES","isPartOf":{"@id":"https:\/\/www.eldigitaldeasturias.com\/noticias\/#website"},"breadcrumb":{"@id":"https:\/\/www.eldigitaldeasturias.com\/noticias\/macron-y-su-papel-en-el-conflicto-sirio\/#breadcrumblist"},"author":{"@id":"https:\/\/www.eldigitaldeasturias.com\/noticias\/author\/admin\/#author"},"creator":{"@id":"https:\/\/www.eldigitaldeasturias.com\/noticias\/author\/admin\/#author"},"image":{"@type":"ImageObject","url":653067,"@id":"https:\/\/www.eldigitaldeasturias.com\/noticias\/macron-y-su-papel-en-el-conflicto-sirio\/#mainImage"},"primaryImageOfPage":{"@id":"https:\/\/www.eldigitaldeasturias.com\/noticias\/macron-y-su-papel-en-el-conflicto-sirio\/#mainImage"},"datePublished":"2018-04-15T19:13:39+02:00","dateModified":"2018-04-15T19:13:39+02:00"},{"@type":"WebSite","@id":"https:\/\/www.eldigitaldeasturias.com\/noticias\/#website","url":"https:\/\/www.eldigitaldeasturias.com\/noticias\/","name":"El Digital de Asturias - Diario de actualidad y noticias","alternateName":"El Digital de Asturias - Diario de actualidad y noticias","description":"Hemeroteca","inLanguage":"es-ES","publisher":{"@id":"https:\/\/www.eldigitaldeasturias.com\/noticias\/#organization"}}]},"og:locale":"es_ES","og:site_name":"El Digital de Asturias","og:type":"article","og:title":"Macron y su papel en el conflicto sirio - El Digital de Asturias","og:description":"Par\u00eds, 15 abr (dpa) - Hace tiempo que el presidente franc\u00e9s, Emmanuel Macron, no se calla nada respecto al conflicto sirio. Amenaz\u00f3 en numerosas ocasiones al presidente Bashar al Assad y el supuesto ataque qu\u00edmico en Duma, del que culpa al Gobierno sirio, supuso el traspaso de una &quot;l\u00ednea roja&quot; para el Palacio del El\u00edseo.","og:url":"https:\/\/www.eldigitaldeasturias.com\/noticias\/macron-y-su-papel-en-el-conflicto-sirio\/","article:tag":["actualidad"],"article:published_time":"2018-04-15T19:13:39+00:00","article:modified_time":"2018-04-15T19:13:39+00:00","article:publisher":"https:\/\/facebook.com\/eldigitaldeasturias","twitter:card":"summary_large_image","twitter:title":"Macron y su papel en el conflicto sirio - El Digital de Asturias","twitter:description":"Par\u00eds, 15 abr (dpa) - Hace tiempo que el presidente franc\u00e9s, Emmanuel Macron, no se calla nada respecto al conflicto sirio. Amenaz\u00f3 en numerosas ocasiones al presidente Bashar al Assad y el supuesto ataque qu\u00edmico en Duma, del que culpa al Gobierno sirio, supuso el traspaso de una &quot;l\u00ednea roja&quot; para el Palacio del El\u00edseo.","twitter:image":"https:\/\/www.eldigitaldeasturias.com\/noticias\/wp-content\/uploads\/2020\/12\/EDA-1.jpg","twitter:label1":"Escrito por","twitter:data1":"El Digital de Asturias","twitter:label2":"Tiempo de lectura estimado","twitter:data2":"4 minutos"},"aioseo_meta_data":{"post_id":"976194","title":null,"description":null,"keywords":null,"keyphrases":null,"primary_term":null,"canonical_url":null,"og_title":null,"og_description":null,"og_object_type":"default","og_image_type":"default","og_image_url":null,"og_image_width":null,"og_image_height":null,"og_image_custom_url":null,"og_image_custom_fields":null,"og_video":null,"og_custom_url":null,"og_article_section":null,"og_article_tags":null,"twitter_use_og":false,"twitter_card":"default","twitter_image_type":"default","twitter_image_url":null,"twitter_image_custom_url":null,"twitter_image_custom_fields":null,"twitter_title":null,"twitter_description":null,"schema":{"blockGraphs":[],"customGraphs":[],"default":{"data":{"Article":[],"Course":[],"Dataset":[],"FAQPage":[],"Movie":[],"Person":[],"Product":[],"ProductReview":[],"Car":[],"Recipe":[],"Service":[],"SoftwareApplication":[],"WebPage":[]},"graphName":"","isEnabled":true},"graphs":[],"defaultGraph":"","defaultPostTypeGraph":""},"schema_type":null,"schema_type_options":null,"pillar_content":false,"robots_default":true,"robots_noindex":false,"robots_noarchive":false,"robots_nosnippet":false,"robots_nofollow":false,"robots_noimageindex":false,"robots_noodp":false,"robots_notranslate":false,"robots_max_snippet":null,"robots_max_videopreview":null,"robots_max_imagepreview":"large","priority":null,"frequency":null,"local_seo":null,"seo_analyzer_scan_date":"2025-10-08 03:02:32","breadcrumb_settings":null,"limit_modified_date":false,"open_ai":null,"ai":null,"created":"2020-12-21 12:08:37","updated":"2025-10-08 03:02:32","focus_keyword":null,"additional_keywords":null,"truseo_locale":null},"aioseo_breadcrumb":"<div class=\"aioseo-breadcrumbs\"><span class=\"aioseo-breadcrumb\">\n\t<a href=\"https:\/\/www.eldigitaldeasturias.com\/noticias\" title=\"Home\">Home<\/a>\n<\/span><span class=\"aioseo-breadcrumb-separator\">\u2013<\/span><span class=\"aioseo-breadcrumb\">\n\t<a href=\"https:\/\/www.eldigitaldeasturias.com\/noticias\/category\/actualidad\/\" title=\"Actualidad\">Actualidad<\/a>\n<\/span><span class=\"aioseo-breadcrumb-separator\">\u2013<\/span><span class=\"aioseo-breadcrumb\">\n\t<a href=\"https:\/\/www.eldigitaldeasturias.com\/noticias\/macron-y-su-papel-en-el-conflicto-sirio\/\" title=\"Macron y su papel en el conflicto sirio\">Macron y su papel en el conflicto sirio<\/a>\n<\/span><\/div>","aioseo_breadcrumb_json":[{"label":"Home","link":"https:\/\/www.eldigitaldeasturias.com\/noticias"},{"label":"Actualidad","link":"https:\/\/www.eldigitaldeasturias.com\/noticias\/category\/actualidad\/"},{"label":"Macron y su papel en el conflicto sirio","link":"https:\/\/www.eldigitaldeasturias.com\/noticias\/macron-y-su-papel-en-el-conflicto-sirio\/"}],"_links":{"self":[{"href":"https:\/\/www.eldigitaldeasturias.com\/noticias\/wp-json\/wp\/v2\/posts\/976194","targetHints":{"allow":["GET"]}}],"collection":[{"href":"https:\/\/www.eldigitaldeasturias.com\/noticias\/wp-json\/wp\/v2\/posts"}],"about":[{"href":"https:\/\/www.eldigitaldeasturias.com\/noticias\/wp-json\/wp\/v2\/types\/post"}],"author":[{"embeddable":true,"href":"https:\/\/www.eldigitaldeasturias.com\/noticias\/wp-json\/wp\/v2\/users\/1"}],"replies":[{"embeddable":true,"href":"https:\/\/www.eldigitaldeasturias.com\/noticias\/wp-json\/wp\/v2\/comments?post=976194"}],"version-history":[{"count":0,"href":"https:\/\/www.eldigitaldeasturias.com\/noticias\/wp-json\/wp\/v2\/posts\/976194\/revisions"}],"wp:attachment":[{"href":"https:\/\/www.eldigitaldeasturias.com\/noticias\/wp-json\/wp\/v2\/media?parent=976194"}],"wp:term":[{"taxonomy":"category","embeddable":true,"href":"https:\/\/www.eldigitaldeasturias.com\/noticias\/wp-json\/wp\/v2\/categories?post=976194"},{"taxonomy":"post_tag","embeddable":true,"href":"https:\/\/www.eldigitaldeasturias.com\/noticias\/wp-json\/wp\/v2\/tags?post=976194"}],"curies":[{"name":"wp","href":"https:\/\/api.w.org\/{rel}","templated":true}]}}