{"id":976191,"date":"2018-04-15T18:48:43","date_gmt":"2018-04-15T18:48:43","guid":{"rendered":"http:\/\/www.eldigitaldeasturias.com\/noticias\/?p=976191"},"modified":"2018-04-15T18:48:43","modified_gmt":"2018-04-15T18:48:43","slug":"vox-participa-en-la-marcha-en-defensa-de-la-vida-2018","status":"publish","type":"post","link":"https:\/\/www.eldigitaldeasturias.com\/noticias\/vox-participa-en-la-marcha-en-defensa-de-la-vida-2018\/","title":{"rendered":"VOX participa en la marcha en defensa de la vida 2018"},"content":{"rendered":"<p><img loading=\"lazy\" decoding=\"async\" class=\"alignleft size-medium wp-image-976192\" src=\"https:\/\/www.eldigitaldeasturias.com\/noticias\/wp-content\/uploads\/2018\/04\/21eaa923ac46-360x240.jpeg\" alt=\"\" width=\"360\" height=\"240\" \/>VOX ha participado esta ma\u00f1ana en la multitudinaria marcha en defensa de la vida celebrada en Madrid convocada por diversas plataformas provida. A la marcha han asistido Santiago Abascal, Presidente de VOX, Javier Ortega, Secretario General de VOX, y Rocio Monasterio, Presidenta de VOX Madrid<\/p>\n<p>Los dirigentes de VOX han acompa\u00f1ado, junto a miembros de equipos provinciales de VOX y afiliados, a los cientos de madrile\u00f1os que han exigido durante la marcha una protecci\u00f3n de la vida y han mostrado su rechazo a la \u00abcompra venta\u00bb de seres humanos a trav\u00e9s del llamado \u00abvientre de alquiler\u00bb, defendida por Ciudadanos y apoyada por el PP de Cristina Cifuentes en la Asamblea de Madrid en marzo de 2016.<\/p>\n<p>Rocio Monasterio ha declarado a los medios que \u00abVOX participa en esta marcha para reafirmar nuestro compromiso en la lucha por el derecho a la vida. Como en otros muchos asuntos, VOX se convierte en el \u00fanico partido que tiene como bandera defender algo que millones de espa\u00f1oles piensan: que el aborto no es un derecho, sino el fracaso de cualquier sociedad del siglo XXI\u00bb.<\/p>\n<p>Rocio Monasterio tambi\u00e9n ha explicado que VOX ha apoyado esta marcha \u00abporque consideramos que es fundamental proteger la vida, la maternidad, la paternidad y la familia\u00bb, y ha a\u00f1adido: \u00abNuestro apoyo estar\u00e1 siempre con los millones de espa\u00f1oles que creen que la obligaci\u00f3n de lo gobernantes es proteger la vida de sus ciudadanos, incluidos los que todav\u00eda no han nacido\u00bb.<\/p>\n<p>&nbsp;<\/p>\n","protected":false},"excerpt":{"rendered":"<p>VOX ha participado esta ma\u00f1ana en la multitudinaria marcha en defensa de la vida celebrada en Madrid convocada por diversas plataformas provida. A la marcha han asistido Santiago Abascal, Presidente de VOX, Javier Ortega, Secretario General de VOX, y Rocio Monasterio, Presidenta de VOX Madrid Los dirigentes de VOX han acompa\u00f1ado, junto a miembros de [&hellip;]<\/p>\n","protected":false},"author":1,"featured_media":976192,"comment_status":"closed","ping_status":"closed","sticky":false,"template":"","format":"standard","meta":{"footnotes":""},"categories":[1],"tags":[],"class_list":["post-976191","post","type-post","status-publish","format-standard","has-post-thumbnail","hentry","category-actualidad"],"aioseo_notices":[],"aioseo_head":"\n\t\t<!-- All in One SEO Pro 5.0.1 - aioseo.com -->\n\t<meta name=\"description\" content=\"VOX ha participado esta ma\u00f1ana en la multitudinaria marcha en defensa de la vida celebrada en Madrid convocada por diversas plataformas provida. A la marcha han asistido Santiago Abascal, Presidente de VOX, Javier Ortega, Secretario General de VOX, y Rocio Monasterio, Presidenta de VOX Madrid Los dirigentes de VOX han acompa\u00f1ado, junto a miembros de\" \/>\n\t<meta name=\"robots\" content=\"max-image-preview:large\" \/>\n\t<meta name=\"author\" content=\"El Digital de Asturias\"\/>\n\t<meta name=\"google-site-verification\" content=\"UA-38556648-1\" \/>\n\t<meta name=\"msvalidate.01\" content=\"7dfe9f3f1b24437ab69f4f2559babe99\" \/>\n\t<meta name=\"keywords\" content=\"actualidad\" \/>\n\t<link rel=\"canonical\" href=\"https:\/\/www.eldigitaldeasturias.com\/noticias\/vox-participa-en-la-marcha-en-defensa-de-la-vida-2018\/\" \/>\n\t<meta name=\"generator\" content=\"All in One SEO Pro (AIOSEO) 5.0.1\" \/>\n\t\t<meta property=\"og:locale\" content=\"es_ES\" \/>\n\t\t<meta property=\"og:site_name\" content=\"El Digital de Asturias\" \/>\n\t\t<meta property=\"og:type\" content=\"article\" \/>\n\t\t<meta property=\"og:title\" content=\"VOX participa en la marcha en defensa de la vida 2018 - El Digital de Asturias\" \/>\n\t\t<meta property=\"og:description\" content=\"VOX ha participado esta ma\u00f1ana en la multitudinaria marcha en defensa de la vida celebrada en Madrid convocada por diversas plataformas provida. A la marcha han asistido Santiago Abascal, Presidente de VOX, Javier Ortega, Secretario General de VOX, y Rocio Monasterio, Presidenta de VOX Madrid Los dirigentes de VOX han acompa\u00f1ado, junto a miembros de\" \/>\n\t\t<meta property=\"og:url\" content=\"https:\/\/www.eldigitaldeasturias.com\/noticias\/vox-participa-en-la-marcha-en-defensa-de-la-vida-2018\/\" \/>\n\t\t<meta property=\"article:tag\" content=\"actualidad\" \/>\n\t\t<meta property=\"article:published_time\" content=\"2018-04-15T18:48:43+00:00\" \/>\n\t\t<meta property=\"article:modified_time\" content=\"2018-04-15T18:48:43+00:00\" \/>\n\t\t<meta property=\"article:publisher\" content=\"https:\/\/facebook.com\/eldigitaldeasturias\" \/>\n\t\t<meta name=\"twitter:card\" content=\"summary_large_image\" \/>\n\t\t<meta name=\"twitter:title\" content=\"VOX participa en la marcha en defensa de la vida 2018 - El Digital de Asturias\" \/>\n\t\t<meta name=\"twitter:description\" content=\"VOX ha participado esta ma\u00f1ana en la multitudinaria marcha en defensa de la vida celebrada en Madrid convocada por diversas plataformas provida. A la marcha han asistido Santiago Abascal, Presidente de VOX, Javier Ortega, Secretario General de VOX, y Rocio Monasterio, Presidenta de VOX Madrid Los dirigentes de VOX han acompa\u00f1ado, junto a miembros de\" \/>\n\t\t<meta name=\"twitter:image\" content=\"https:\/\/www.eldigitaldeasturias.com\/noticias\/wp-content\/uploads\/2020\/12\/EDA-1.jpg\" \/>\n\t\t<meta name=\"twitter:label1\" content=\"Escrito por\" \/>\n\t\t<meta name=\"twitter:data1\" content=\"El Digital de Asturias\" \/>\n\t\t<meta name=\"twitter:label2\" content=\"Tiempo de lectura estimado\" \/>\n\t\t<meta name=\"twitter:data2\" content=\"1 minuto\" \/>\n\t\t<script type=\"application\/ld+json\" class=\"aioseo-schema\">\n\t\t\t{\"@context\":\"https:\\\/\\\/schema.org\",\"@graph\":[{\"@type\":\"BlogPosting\",\"@id\":\"https:\\\/\\\/www.eldigitaldeasturias.com\\\/noticias\\\/vox-participa-en-la-marcha-en-defensa-de-la-vida-2018\\\/#blogposting\",\"name\":\"VOX participa en la marcha en defensa de la vida 2018 - El Digital de Asturias\",\"headline\":\"VOX participa en la marcha en defensa de la vida 2018\",\"author\":{\"@id\":\"https:\\\/\\\/www.eldigitaldeasturias.com\\\/noticias\\\/author\\\/admin\\\/#author\"},\"publisher\":{\"@id\":\"https:\\\/\\\/www.eldigitaldeasturias.com\\\/noticias\\\/#organization\"},\"image\":{\"@type\":\"ImageObject\",\"url\":976192},\"datePublished\":\"2018-04-15T18:48:43+02:00\",\"dateModified\":\"2018-04-15T18:48:43+02:00\",\"inLanguage\":\"es-ES\",\"mainEntityOfPage\":{\"@id\":\"https:\\\/\\\/www.eldigitaldeasturias.com\\\/noticias\\\/vox-participa-en-la-marcha-en-defensa-de-la-vida-2018\\\/#webpage\"},\"isPartOf\":{\"@id\":\"https:\\\/\\\/www.eldigitaldeasturias.com\\\/noticias\\\/vox-participa-en-la-marcha-en-defensa-de-la-vida-2018\\\/#webpage\"},\"articleSection\":\"Actualidad\"},{\"@type\":\"BreadcrumbList\",\"@id\":\"https:\\\/\\\/www.eldigitaldeasturias.com\\\/noticias\\\/vox-participa-en-la-marcha-en-defensa-de-la-vida-2018\\\/#breadcrumblist\",\"itemListElement\":[{\"@type\":\"ListItem\",\"@id\":\"https:\\\/\\\/www.eldigitaldeasturias.com\\\/noticias#listItem\",\"position\":1,\"name\":\"Home\",\"item\":\"https:\\\/\\\/www.eldigitaldeasturias.com\\\/noticias\",\"nextItem\":{\"@type\":\"ListItem\",\"@id\":\"https:\\\/\\\/www.eldigitaldeasturias.com\\\/noticias\\\/category\\\/actualidad\\\/#listItem\",\"name\":\"Actualidad\"}},{\"@type\":\"ListItem\",\"@id\":\"https:\\\/\\\/www.eldigitaldeasturias.com\\\/noticias\\\/category\\\/actualidad\\\/#listItem\",\"position\":2,\"name\":\"Actualidad\",\"item\":\"https:\\\/\\\/www.eldigitaldeasturias.com\\\/noticias\\\/category\\\/actualidad\\\/\",\"nextItem\":{\"@type\":\"ListItem\",\"@id\":\"https:\\\/\\\/www.eldigitaldeasturias.com\\\/noticias\\\/vox-participa-en-la-marcha-en-defensa-de-la-vida-2018\\\/#listItem\",\"name\":\"VOX participa en la marcha en defensa de la vida 2018\"},\"previousItem\":{\"@type\":\"ListItem\",\"@id\":\"https:\\\/\\\/www.eldigitaldeasturias.com\\\/noticias#listItem\",\"name\":\"Home\"}},{\"@type\":\"ListItem\",\"@id\":\"https:\\\/\\\/www.eldigitaldeasturias.com\\\/noticias\\\/vox-participa-en-la-marcha-en-defensa-de-la-vida-2018\\\/#listItem\",\"position\":3,\"name\":\"VOX participa en la marcha en defensa de la vida 2018\",\"previousItem\":{\"@type\":\"ListItem\",\"@id\":\"https:\\\/\\\/www.eldigitaldeasturias.com\\\/noticias\\\/category\\\/actualidad\\\/#listItem\",\"name\":\"Actualidad\"}}]},{\"@type\":\"Organization\",\"@id\":\"https:\\\/\\\/www.eldigitaldeasturias.com\\\/noticias\\\/#organization\",\"name\":\"El Digital de Asturias\",\"description\":\"Hemeroteca\",\"url\":\"https:\\\/\\\/www.eldigitaldeasturias.com\\\/noticias\\\/\",\"email\":\"info@eldigitaldeasturias.com\",\"telephone\":\"+34652131393\",\"logo\":{\"@type\":\"ImageObject\",\"url\":\"https:\\\/\\\/www.eldigitaldeasturias.com\\\/noticias\\\/wp-content\\\/uploads\\\/2020\\\/12\\\/EDA.jpg\",\"@id\":\"https:\\\/\\\/www.eldigitaldeasturias.com\\\/noticias\\\/vox-participa-en-la-marcha-en-defensa-de-la-vida-2018\\\/#organizationLogo\"},\"image\":{\"@id\":\"https:\\\/\\\/www.eldigitaldeasturias.com\\\/noticias\\\/vox-participa-en-la-marcha-en-defensa-de-la-vida-2018\\\/#organizationLogo\"},\"sameAs\":[\"https:\\\/\\\/facebook.com\\\/eldigitaldeasturias\",\"https:\\\/\\\/www.youtube.com\\\/channel\\\/UCZP-2wLEB9Rv6erhFmqVnvg\"],\"address\":{\"@id\":\"https:\\\/\\\/www.eldigitaldeasturias.com\\\/noticias\\\/#postaladdress\",\"@type\":\"PostalAddress\",\"streetAddress\":\"san antonio 4\",\"postalCode\":\"33430\",\"addressLocality\":\"Cand\\u00e1s\",\"addressRegion\":\"Asturias\",\"addressCountry\":\"ES\"}},{\"@type\":\"Person\",\"@id\":\"https:\\\/\\\/www.eldigitaldeasturias.com\\\/noticias\\\/author\\\/admin\\\/#author\",\"url\":\"https:\\\/\\\/www.eldigitaldeasturias.com\\\/noticias\\\/author\\\/admin\\\/\",\"name\":\"El Digital de Asturias\",\"image\":{\"@type\":\"ImageObject\",\"@id\":\"https:\\\/\\\/www.eldigitaldeasturias.com\\\/noticias\\\/vox-participa-en-la-marcha-en-defensa-de-la-vida-2018\\\/#authorImage\",\"url\":\"https:\\\/\\\/secure.gravatar.com\\\/avatar\\\/df2aeffc32bcd13f8d26072ef8a91b623d677766deac7f97ca815868cd41bf5e?s=96&d=mm&r=g\",\"width\":96,\"height\":96,\"caption\":\"El Digital de Asturias\"}},{\"@type\":\"WebPage\",\"@id\":\"https:\\\/\\\/www.eldigitaldeasturias.com\\\/noticias\\\/vox-participa-en-la-marcha-en-defensa-de-la-vida-2018\\\/#webpage\",\"url\":\"https:\\\/\\\/www.eldigitaldeasturias.com\\\/noticias\\\/vox-participa-en-la-marcha-en-defensa-de-la-vida-2018\\\/\",\"name\":\"VOX participa en la marcha en defensa de la vida 2018 - El Digital de Asturias\",\"description\":\"VOX ha participado esta ma\\u00f1ana en la multitudinaria marcha en defensa de la vida celebrada en Madrid convocada por diversas plataformas provida. A la marcha han asistido Santiago Abascal, Presidente de VOX, Javier Ortega, Secretario General de VOX, y Rocio Monasterio, Presidenta de VOX Madrid Los dirigentes de VOX han acompa\\u00f1ado, junto a miembros de\",\"inLanguage\":\"es-ES\",\"isPartOf\":{\"@id\":\"https:\\\/\\\/www.eldigitaldeasturias.com\\\/noticias\\\/#website\"},\"breadcrumb\":{\"@id\":\"https:\\\/\\\/www.eldigitaldeasturias.com\\\/noticias\\\/vox-participa-en-la-marcha-en-defensa-de-la-vida-2018\\\/#breadcrumblist\"},\"author\":{\"@id\":\"https:\\\/\\\/www.eldigitaldeasturias.com\\\/noticias\\\/author\\\/admin\\\/#author\"},\"creator\":{\"@id\":\"https:\\\/\\\/www.eldigitaldeasturias.com\\\/noticias\\\/author\\\/admin\\\/#author\"},\"image\":{\"@type\":\"ImageObject\",\"url\":976192,\"@id\":\"https:\\\/\\\/www.eldigitaldeasturias.com\\\/noticias\\\/vox-participa-en-la-marcha-en-defensa-de-la-vida-2018\\\/#mainImage\"},\"primaryImageOfPage\":{\"@id\":\"https:\\\/\\\/www.eldigitaldeasturias.com\\\/noticias\\\/vox-participa-en-la-marcha-en-defensa-de-la-vida-2018\\\/#mainImage\"},\"datePublished\":\"2018-04-15T18:48:43+02:00\",\"dateModified\":\"2018-04-15T18:48:43+02:00\"},{\"@type\":\"WebSite\",\"@id\":\"https:\\\/\\\/www.eldigitaldeasturias.com\\\/noticias\\\/#website\",\"url\":\"https:\\\/\\\/www.eldigitaldeasturias.com\\\/noticias\\\/\",\"name\":\"El Digital de Asturias - Diario de actualidad y noticias\",\"alternateName\":\"El Digital de Asturias - Diario de actualidad y noticias\",\"description\":\"Hemeroteca\",\"inLanguage\":\"es-ES\",\"publisher\":{\"@id\":\"https:\\\/\\\/www.eldigitaldeasturias.com\\\/noticias\\\/#organization\"}}]}\n\t\t<\/script>\n\t\t<!-- All in One SEO Pro -->\r\n\t\t<title>VOX participa en la marcha en defensa de la vida 2018 - El Digital de Asturias<\/title>\n\n","aioseo_head_json":{"title":"VOX participa en la marcha en defensa de la vida 2018 - El Digital de Asturias","description":"VOX ha participado esta ma\u00f1ana en la multitudinaria marcha en defensa de la vida celebrada en Madrid convocada por diversas plataformas provida. A la marcha han asistido Santiago Abascal, Presidente de VOX, Javier Ortega, Secretario General de VOX, y Rocio Monasterio, Presidenta de VOX Madrid Los dirigentes de VOX han acompa\u00f1ado, junto a miembros de","canonical_url":"https:\/\/www.eldigitaldeasturias.com\/noticias\/vox-participa-en-la-marcha-en-defensa-de-la-vida-2018\/","robots":"max-image-preview:large","keywords":"actualidad","webmasterTools":{"google-site-verification":"UA-38556648-1","msvalidate.01":"7dfe9f3f1b24437ab69f4f2559babe99","miscellaneous":""},"schema":{"@context":"https:\/\/schema.org","@graph":[{"@type":"BlogPosting","@id":"https:\/\/www.eldigitaldeasturias.com\/noticias\/vox-participa-en-la-marcha-en-defensa-de-la-vida-2018\/#blogposting","name":"VOX participa en la marcha en defensa de la vida 2018 - El Digital de Asturias","headline":"VOX participa en la marcha en defensa de la vida 2018","author":{"@id":"https:\/\/www.eldigitaldeasturias.com\/noticias\/author\/admin\/#author"},"publisher":{"@id":"https:\/\/www.eldigitaldeasturias.com\/noticias\/#organization"},"image":{"@type":"ImageObject","url":976192},"datePublished":"2018-04-15T18:48:43+02:00","dateModified":"2018-04-15T18:48:43+02:00","inLanguage":"es-ES","mainEntityOfPage":{"@id":"https:\/\/www.eldigitaldeasturias.com\/noticias\/vox-participa-en-la-marcha-en-defensa-de-la-vida-2018\/#webpage"},"isPartOf":{"@id":"https:\/\/www.eldigitaldeasturias.com\/noticias\/vox-participa-en-la-marcha-en-defensa-de-la-vida-2018\/#webpage"},"articleSection":"Actualidad"},{"@type":"BreadcrumbList","@id":"https:\/\/www.eldigitaldeasturias.com\/noticias\/vox-participa-en-la-marcha-en-defensa-de-la-vida-2018\/#breadcrumblist","itemListElement":[{"@type":"ListItem","@id":"https:\/\/www.eldigitaldeasturias.com\/noticias#listItem","position":1,"name":"Home","item":"https:\/\/www.eldigitaldeasturias.com\/noticias","nextItem":{"@type":"ListItem","@id":"https:\/\/www.eldigitaldeasturias.com\/noticias\/category\/actualidad\/#listItem","name":"Actualidad"}},{"@type":"ListItem","@id":"https:\/\/www.eldigitaldeasturias.com\/noticias\/category\/actualidad\/#listItem","position":2,"name":"Actualidad","item":"https:\/\/www.eldigitaldeasturias.com\/noticias\/category\/actualidad\/","nextItem":{"@type":"ListItem","@id":"https:\/\/www.eldigitaldeasturias.com\/noticias\/vox-participa-en-la-marcha-en-defensa-de-la-vida-2018\/#listItem","name":"VOX participa en la marcha en defensa de la vida 2018"},"previousItem":{"@type":"ListItem","@id":"https:\/\/www.eldigitaldeasturias.com\/noticias#listItem","name":"Home"}},{"@type":"ListItem","@id":"https:\/\/www.eldigitaldeasturias.com\/noticias\/vox-participa-en-la-marcha-en-defensa-de-la-vida-2018\/#listItem","position":3,"name":"VOX participa en la marcha en defensa de la vida 2018","previousItem":{"@type":"ListItem","@id":"https:\/\/www.eldigitaldeasturias.com\/noticias\/category\/actualidad\/#listItem","name":"Actualidad"}}]},{"@type":"Organization","@id":"https:\/\/www.eldigitaldeasturias.com\/noticias\/#organization","name":"El Digital de Asturias","description":"Hemeroteca","url":"https:\/\/www.eldigitaldeasturias.com\/noticias\/","email":"info@eldigitaldeasturias.com","telephone":"+34652131393","logo":{"@type":"ImageObject","url":"https:\/\/www.eldigitaldeasturias.com\/noticias\/wp-content\/uploads\/2020\/12\/EDA.jpg","@id":"https:\/\/www.eldigitaldeasturias.com\/noticias\/vox-participa-en-la-marcha-en-defensa-de-la-vida-2018\/#organizationLogo"},"image":{"@id":"https:\/\/www.eldigitaldeasturias.com\/noticias\/vox-participa-en-la-marcha-en-defensa-de-la-vida-2018\/#organizationLogo"},"sameAs":["https:\/\/facebook.com\/eldigitaldeasturias","https:\/\/www.youtube.com\/channel\/UCZP-2wLEB9Rv6erhFmqVnvg"],"address":{"@id":"https:\/\/www.eldigitaldeasturias.com\/noticias\/#postaladdress","@type":"PostalAddress","streetAddress":"san antonio 4","postalCode":"33430","addressLocality":"Cand\u00e1s","addressRegion":"Asturias","addressCountry":"ES"}},{"@type":"Person","@id":"https:\/\/www.eldigitaldeasturias.com\/noticias\/author\/admin\/#author","url":"https:\/\/www.eldigitaldeasturias.com\/noticias\/author\/admin\/","name":"El Digital de Asturias","image":{"@type":"ImageObject","@id":"https:\/\/www.eldigitaldeasturias.com\/noticias\/vox-participa-en-la-marcha-en-defensa-de-la-vida-2018\/#authorImage","url":"https:\/\/secure.gravatar.com\/avatar\/df2aeffc32bcd13f8d26072ef8a91b623d677766deac7f97ca815868cd41bf5e?s=96&d=mm&r=g","width":96,"height":96,"caption":"El Digital de Asturias"}},{"@type":"WebPage","@id":"https:\/\/www.eldigitaldeasturias.com\/noticias\/vox-participa-en-la-marcha-en-defensa-de-la-vida-2018\/#webpage","url":"https:\/\/www.eldigitaldeasturias.com\/noticias\/vox-participa-en-la-marcha-en-defensa-de-la-vida-2018\/","name":"VOX participa en la marcha en defensa de la vida 2018 - El Digital de Asturias","description":"VOX ha participado esta ma\u00f1ana en la multitudinaria marcha en defensa de la vida celebrada en Madrid convocada por diversas plataformas provida. A la marcha han asistido Santiago Abascal, Presidente de VOX, Javier Ortega, Secretario General de VOX, y Rocio Monasterio, Presidenta de VOX Madrid Los dirigentes de VOX han acompa\u00f1ado, junto a miembros de","inLanguage":"es-ES","isPartOf":{"@id":"https:\/\/www.eldigitaldeasturias.com\/noticias\/#website"},"breadcrumb":{"@id":"https:\/\/www.eldigitaldeasturias.com\/noticias\/vox-participa-en-la-marcha-en-defensa-de-la-vida-2018\/#breadcrumblist"},"author":{"@id":"https:\/\/www.eldigitaldeasturias.com\/noticias\/author\/admin\/#author"},"creator":{"@id":"https:\/\/www.eldigitaldeasturias.com\/noticias\/author\/admin\/#author"},"image":{"@type":"ImageObject","url":976192,"@id":"https:\/\/www.eldigitaldeasturias.com\/noticias\/vox-participa-en-la-marcha-en-defensa-de-la-vida-2018\/#mainImage"},"primaryImageOfPage":{"@id":"https:\/\/www.eldigitaldeasturias.com\/noticias\/vox-participa-en-la-marcha-en-defensa-de-la-vida-2018\/#mainImage"},"datePublished":"2018-04-15T18:48:43+02:00","dateModified":"2018-04-15T18:48:43+02:00"},{"@type":"WebSite","@id":"https:\/\/www.eldigitaldeasturias.com\/noticias\/#website","url":"https:\/\/www.eldigitaldeasturias.com\/noticias\/","name":"El Digital de Asturias - Diario de actualidad y noticias","alternateName":"El Digital de Asturias - Diario de actualidad y noticias","description":"Hemeroteca","inLanguage":"es-ES","publisher":{"@id":"https:\/\/www.eldigitaldeasturias.com\/noticias\/#organization"}}]},"og:locale":"es_ES","og:site_name":"El Digital de Asturias","og:type":"article","og:title":"VOX participa en la marcha en defensa de la vida 2018 - El Digital de Asturias","og:description":"VOX ha participado esta ma\u00f1ana en la multitudinaria marcha en defensa de la vida celebrada en Madrid convocada por diversas plataformas provida. A la marcha han asistido Santiago Abascal, Presidente de VOX, Javier Ortega, Secretario General de VOX, y Rocio Monasterio, Presidenta de VOX Madrid Los dirigentes de VOX han acompa\u00f1ado, junto a miembros de","og:url":"https:\/\/www.eldigitaldeasturias.com\/noticias\/vox-participa-en-la-marcha-en-defensa-de-la-vida-2018\/","article:tag":["actualidad"],"article:published_time":"2018-04-15T18:48:43+00:00","article:modified_time":"2018-04-15T18:48:43+00:00","article:publisher":"https:\/\/facebook.com\/eldigitaldeasturias","twitter:card":"summary_large_image","twitter:title":"VOX participa en la marcha en defensa de la vida 2018 - El Digital de Asturias","twitter:description":"VOX ha participado esta ma\u00f1ana en la multitudinaria marcha en defensa de la vida celebrada en Madrid convocada por diversas plataformas provida. A la marcha han asistido Santiago Abascal, Presidente de VOX, Javier Ortega, Secretario General de VOX, y Rocio Monasterio, Presidenta de VOX Madrid Los dirigentes de VOX han acompa\u00f1ado, junto a miembros de","twitter:image":"https:\/\/www.eldigitaldeasturias.com\/noticias\/wp-content\/uploads\/2020\/12\/EDA-1.jpg","twitter:label1":"Escrito por","twitter:data1":"El Digital de Asturias","twitter:label2":"Tiempo de lectura estimado","twitter:data2":"1 minuto"},"aioseo_meta_data":{"post_id":"976191","title":null,"description":null,"keywords":null,"keyphrases":null,"primary_term":null,"canonical_url":null,"og_title":null,"og_description":null,"og_object_type":"default","og_image_type":"default","og_image_url":null,"og_image_width":null,"og_image_height":null,"og_image_custom_url":null,"og_image_custom_fields":null,"og_video":null,"og_custom_url":null,"og_article_section":null,"og_article_tags":null,"twitter_use_og":false,"twitter_card":"default","twitter_image_type":"default","twitter_image_url":null,"twitter_image_custom_url":null,"twitter_image_custom_fields":null,"twitter_title":null,"twitter_description":null,"schema":{"blockGraphs":[],"customGraphs":[],"default":{"data":{"Article":[],"Course":[],"Dataset":[],"FAQPage":[],"Movie":[],"Person":[],"Product":[],"ProductReview":[],"Car":[],"Recipe":[],"Service":[],"SoftwareApplication":[],"WebPage":[]},"graphName":"","isEnabled":true},"graphs":[],"defaultGraph":"","defaultPostTypeGraph":""},"schema_type":null,"schema_type_options":null,"pillar_content":false,"robots_default":true,"robots_noindex":false,"robots_noarchive":false,"robots_nosnippet":false,"robots_nofollow":false,"robots_noimageindex":false,"robots_noodp":false,"robots_notranslate":false,"robots_max_snippet":null,"robots_max_videopreview":null,"robots_max_imagepreview":"large","priority":null,"frequency":null,"local_seo":null,"seo_analyzer_scan_date":"2025-10-08 03:00:13","breadcrumb_settings":null,"limit_modified_date":false,"open_ai":null,"ai":null,"created":"2020-12-21 12:08:37","updated":"2025-10-08 03:00:13","focus_keyword":null,"additional_keywords":null,"truseo_locale":null},"aioseo_breadcrumb":"<div class=\"aioseo-breadcrumbs\"><span class=\"aioseo-breadcrumb\">\n\t<a href=\"https:\/\/www.eldigitaldeasturias.com\/noticias\" title=\"Home\">Home<\/a>\n<\/span><span class=\"aioseo-breadcrumb-separator\">\u2013<\/span><span class=\"aioseo-breadcrumb\">\n\t<a href=\"https:\/\/www.eldigitaldeasturias.com\/noticias\/category\/actualidad\/\" title=\"Actualidad\">Actualidad<\/a>\n<\/span><span class=\"aioseo-breadcrumb-separator\">\u2013<\/span><span class=\"aioseo-breadcrumb\">\n\t<a href=\"https:\/\/www.eldigitaldeasturias.com\/noticias\/vox-participa-en-la-marcha-en-defensa-de-la-vida-2018\/\" title=\"VOX participa en la marcha en defensa de la vida 2018\">VOX participa en la marcha en defensa de la vida 2018<\/a>\n<\/span><\/div>","aioseo_breadcrumb_json":[{"label":"Home","link":"https:\/\/www.eldigitaldeasturias.com\/noticias"},{"label":"Actualidad","link":"https:\/\/www.eldigitaldeasturias.com\/noticias\/category\/actualidad\/"},{"label":"VOX participa en la marcha en defensa de la vida 2018","link":"https:\/\/www.eldigitaldeasturias.com\/noticias\/vox-participa-en-la-marcha-en-defensa-de-la-vida-2018\/"}],"_links":{"self":[{"href":"https:\/\/www.eldigitaldeasturias.com\/noticias\/wp-json\/wp\/v2\/posts\/976191","targetHints":{"allow":["GET"]}}],"collection":[{"href":"https:\/\/www.eldigitaldeasturias.com\/noticias\/wp-json\/wp\/v2\/posts"}],"about":[{"href":"https:\/\/www.eldigitaldeasturias.com\/noticias\/wp-json\/wp\/v2\/types\/post"}],"author":[{"embeddable":true,"href":"https:\/\/www.eldigitaldeasturias.com\/noticias\/wp-json\/wp\/v2\/users\/1"}],"replies":[{"embeddable":true,"href":"https:\/\/www.eldigitaldeasturias.com\/noticias\/wp-json\/wp\/v2\/comments?post=976191"}],"version-history":[{"count":0,"href":"https:\/\/www.eldigitaldeasturias.com\/noticias\/wp-json\/wp\/v2\/posts\/976191\/revisions"}],"wp:attachment":[{"href":"https:\/\/www.eldigitaldeasturias.com\/noticias\/wp-json\/wp\/v2\/media?parent=976191"}],"wp:term":[{"taxonomy":"category","embeddable":true,"href":"https:\/\/www.eldigitaldeasturias.com\/noticias\/wp-json\/wp\/v2\/categories?post=976191"},{"taxonomy":"post_tag","embeddable":true,"href":"https:\/\/www.eldigitaldeasturias.com\/noticias\/wp-json\/wp\/v2\/tags?post=976191"}],"curies":[{"name":"wp","href":"https:\/\/api.w.org\/{rel}","templated":true}]}}