{"id":976158,"date":"2018-04-15T07:18:04","date_gmt":"2018-04-15T07:18:04","guid":{"rendered":"http:\/\/www.eldigitaldeasturias.com\/noticias\/?p=976158"},"modified":"2018-04-15T07:18:04","modified_gmt":"2018-04-15T07:18:04","slug":"posicion-del-gobierno-de-espana-sobre-los-bombardeos-en-siria","status":"publish","type":"post","link":"https:\/\/www.eldigitaldeasturias.com\/noticias\/posicion-del-gobierno-de-espana-sobre-los-bombardeos-en-siria\/","title":{"rendered":"Posici\u00f3n del Gobierno de Espa\u00f1a sobre los bombardeos en Siria"},"content":{"rendered":"<p><img loading=\"lazy\" decoding=\"async\" class=\"alignleft size-medium wp-image-954143\" src=\"https:\/\/www.eldigitaldeasturias.com\/noticias\/wp-content\/uploads\/2017\/09\/spain-379535_960_720-360x270.jpg\" alt=\"\" width=\"360\" height=\"270\" \/>La acci\u00f3n llevada a cabo por los Estados Unidos, Francia y el Reino Unido debe enmarcarse en la utilizaci\u00f3n, una vez m\u00e1s, de armas qu\u00edmicas por el r\u00e9gimen sirio contra la poblaci\u00f3n civil. Se trata de una acci\u00f3n limitada en su objetivo y medios y, por ello, es una respuesta leg\u00edtima y proporcionada.<\/p>\n<p>\u200bUn ataque con armas qu\u00edmicas es un crimen contra la humanidad. Los responsables de \u00e9ste y otros ataques previos deben ser sometidos a la justicia.<\/p>\n<p>Lamentamos la paralizaci\u00f3n del Consejo de Seguridad en esta cuesti\u00f3n. Preferimos siempre la acci\u00f3n concertada internacional a las acciones unilaterales. Cuando estas suceden, deben ser proporcionadas, como ha sido el caso en esta ocasi\u00f3n.<\/p>\n<p>Aquellos que apoyan al r\u00e9gimen sirio tienen que ejercer toda la presi\u00f3n necesaria para evitar los ataques contra la poblaci\u00f3n civil. No son aceptables las continuas violaciones del alto el fuego. Pero usar armas qu\u00edmicas es una cuesti\u00f3n cualitativamente diferente y de una gravedad extrema. Lamentablemente no es la primera vez, deseamos que sea la \u00faltima.<\/p>\n<p>Solo un proceso pol\u00edtico de transici\u00f3n, como se ha recogido en las resoluciones del Consejo de Seguridad, puede traer la paz definitiva a Siria. Es un proceso que debe estar encabezado por Naciones Unidas. Espa\u00f1a apoya completamente ese proceso como \u00fanica forma de acabar con im\u00e1genes como las que hemos visto estos d\u00edas de ni\u00f1os muriendo entre sufrimientos atroces. Nada justifica algo as\u00ed.<\/p>\n<p>&nbsp;<\/p>\n","protected":false},"excerpt":{"rendered":"<p>La acci\u00f3n llevada a cabo por los Estados Unidos, Francia y el Reino Unido debe enmarcarse en la utilizaci\u00f3n, una vez m\u00e1s, de armas qu\u00edmicas por el r\u00e9gimen sirio contra la poblaci\u00f3n civil. Se trata de una acci\u00f3n limitada en su objetivo y medios y, por ello, es una respuesta leg\u00edtima y proporcionada. \u200bUn ataque [&hellip;]<\/p>\n","protected":false},"author":1,"featured_media":954143,"comment_status":"closed","ping_status":"closed","sticky":false,"template":"","format":"standard","meta":{"footnotes":""},"categories":[1],"tags":[],"class_list":["post-976158","post","type-post","status-publish","format-standard","has-post-thumbnail","hentry","category-actualidad"],"aioseo_notices":[],"aioseo_head":"\n\t\t<!-- All in One SEO Pro 5.0.1 - aioseo.com -->\n\t<meta name=\"description\" content=\"La acci\u00f3n llevada a cabo por los Estados Unidos, Francia y el Reino Unido debe enmarcarse en la utilizaci\u00f3n, una vez m\u00e1s, de armas qu\u00edmicas por el r\u00e9gimen sirio contra la poblaci\u00f3n civil. Se trata de una acci\u00f3n limitada en su objetivo y medios y, por ello, es una respuesta leg\u00edtima y proporcionada. \u200bUn ataque\" \/>\n\t<meta name=\"robots\" content=\"max-image-preview:large\" \/>\n\t<meta name=\"author\" content=\"El Digital de Asturias\"\/>\n\t<meta name=\"google-site-verification\" content=\"UA-38556648-1\" \/>\n\t<meta name=\"msvalidate.01\" content=\"7dfe9f3f1b24437ab69f4f2559babe99\" \/>\n\t<meta name=\"keywords\" content=\"actualidad\" \/>\n\t<link rel=\"canonical\" href=\"https:\/\/www.eldigitaldeasturias.com\/noticias\/posicion-del-gobierno-de-espana-sobre-los-bombardeos-en-siria\/\" \/>\n\t<meta name=\"generator\" content=\"All in One SEO Pro (AIOSEO) 5.0.1\" \/>\n\t\t<meta property=\"og:locale\" content=\"es_ES\" \/>\n\t\t<meta property=\"og:site_name\" content=\"El Digital de Asturias\" \/>\n\t\t<meta property=\"og:type\" content=\"article\" \/>\n\t\t<meta property=\"og:title\" content=\"Posici\u00f3n del Gobierno de Espa\u00f1a sobre los bombardeos en Siria - El Digital de Asturias\" \/>\n\t\t<meta property=\"og:description\" content=\"La acci\u00f3n llevada a cabo por los Estados Unidos, Francia y el Reino Unido debe enmarcarse en la utilizaci\u00f3n, una vez m\u00e1s, de armas qu\u00edmicas por el r\u00e9gimen sirio contra la poblaci\u00f3n civil. Se trata de una acci\u00f3n limitada en su objetivo y medios y, por ello, es una respuesta leg\u00edtima y proporcionada. \u200bUn ataque\" \/>\n\t\t<meta property=\"og:url\" content=\"https:\/\/www.eldigitaldeasturias.com\/noticias\/posicion-del-gobierno-de-espana-sobre-los-bombardeos-en-siria\/\" \/>\n\t\t<meta property=\"article:tag\" content=\"actualidad\" \/>\n\t\t<meta property=\"article:published_time\" content=\"2018-04-15T07:18:04+00:00\" \/>\n\t\t<meta property=\"article:modified_time\" content=\"2018-04-15T07:18:04+00:00\" \/>\n\t\t<meta property=\"article:publisher\" content=\"https:\/\/facebook.com\/eldigitaldeasturias\" \/>\n\t\t<meta name=\"twitter:card\" content=\"summary_large_image\" \/>\n\t\t<meta name=\"twitter:title\" content=\"Posici\u00f3n del Gobierno de Espa\u00f1a sobre los bombardeos en Siria - El Digital de Asturias\" \/>\n\t\t<meta name=\"twitter:description\" content=\"La acci\u00f3n llevada a cabo por los Estados Unidos, Francia y el Reino Unido debe enmarcarse en la utilizaci\u00f3n, una vez m\u00e1s, de armas qu\u00edmicas por el r\u00e9gimen sirio contra la poblaci\u00f3n civil. Se trata de una acci\u00f3n limitada en su objetivo y medios y, por ello, es una respuesta leg\u00edtima y proporcionada. \u200bUn ataque\" \/>\n\t\t<meta name=\"twitter:image\" content=\"https:\/\/www.eldigitaldeasturias.com\/noticias\/wp-content\/uploads\/2020\/12\/EDA-1.jpg\" \/>\n\t\t<meta name=\"twitter:label1\" content=\"Escrito por\" \/>\n\t\t<meta name=\"twitter:data1\" content=\"El Digital de Asturias\" \/>\n\t\t<meta name=\"twitter:label2\" content=\"Tiempo de lectura estimado\" \/>\n\t\t<meta name=\"twitter:data2\" content=\"1 minuto\" \/>\n\t\t<script type=\"application\/ld+json\" class=\"aioseo-schema\">\n\t\t\t{\"@context\":\"https:\\\/\\\/schema.org\",\"@graph\":[{\"@type\":\"BlogPosting\",\"@id\":\"https:\\\/\\\/www.eldigitaldeasturias.com\\\/noticias\\\/posicion-del-gobierno-de-espana-sobre-los-bombardeos-en-siria\\\/#blogposting\",\"name\":\"Posici\\u00f3n del Gobierno de Espa\\u00f1a sobre los bombardeos en Siria - El Digital de Asturias\",\"headline\":\"Posici\\u00f3n del Gobierno de Espa\\u00f1a sobre los bombardeos en Siria\",\"author\":{\"@id\":\"https:\\\/\\\/www.eldigitaldeasturias.com\\\/noticias\\\/author\\\/admin\\\/#author\"},\"publisher\":{\"@id\":\"https:\\\/\\\/www.eldigitaldeasturias.com\\\/noticias\\\/#organization\"},\"image\":{\"@type\":\"ImageObject\",\"url\":954143},\"datePublished\":\"2018-04-15T07:18:04+02:00\",\"dateModified\":\"2018-04-15T07:18:04+02:00\",\"inLanguage\":\"es-ES\",\"mainEntityOfPage\":{\"@id\":\"https:\\\/\\\/www.eldigitaldeasturias.com\\\/noticias\\\/posicion-del-gobierno-de-espana-sobre-los-bombardeos-en-siria\\\/#webpage\"},\"isPartOf\":{\"@id\":\"https:\\\/\\\/www.eldigitaldeasturias.com\\\/noticias\\\/posicion-del-gobierno-de-espana-sobre-los-bombardeos-en-siria\\\/#webpage\"},\"articleSection\":\"Actualidad\"},{\"@type\":\"BreadcrumbList\",\"@id\":\"https:\\\/\\\/www.eldigitaldeasturias.com\\\/noticias\\\/posicion-del-gobierno-de-espana-sobre-los-bombardeos-en-siria\\\/#breadcrumblist\",\"itemListElement\":[{\"@type\":\"ListItem\",\"@id\":\"https:\\\/\\\/www.eldigitaldeasturias.com\\\/noticias#listItem\",\"position\":1,\"name\":\"Home\",\"item\":\"https:\\\/\\\/www.eldigitaldeasturias.com\\\/noticias\",\"nextItem\":{\"@type\":\"ListItem\",\"@id\":\"https:\\\/\\\/www.eldigitaldeasturias.com\\\/noticias\\\/category\\\/actualidad\\\/#listItem\",\"name\":\"Actualidad\"}},{\"@type\":\"ListItem\",\"@id\":\"https:\\\/\\\/www.eldigitaldeasturias.com\\\/noticias\\\/category\\\/actualidad\\\/#listItem\",\"position\":2,\"name\":\"Actualidad\",\"item\":\"https:\\\/\\\/www.eldigitaldeasturias.com\\\/noticias\\\/category\\\/actualidad\\\/\",\"nextItem\":{\"@type\":\"ListItem\",\"@id\":\"https:\\\/\\\/www.eldigitaldeasturias.com\\\/noticias\\\/posicion-del-gobierno-de-espana-sobre-los-bombardeos-en-siria\\\/#listItem\",\"name\":\"Posici\\u00f3n del Gobierno de Espa\\u00f1a sobre los bombardeos en Siria\"},\"previousItem\":{\"@type\":\"ListItem\",\"@id\":\"https:\\\/\\\/www.eldigitaldeasturias.com\\\/noticias#listItem\",\"name\":\"Home\"}},{\"@type\":\"ListItem\",\"@id\":\"https:\\\/\\\/www.eldigitaldeasturias.com\\\/noticias\\\/posicion-del-gobierno-de-espana-sobre-los-bombardeos-en-siria\\\/#listItem\",\"position\":3,\"name\":\"Posici\\u00f3n del Gobierno de Espa\\u00f1a sobre los bombardeos en Siria\",\"previousItem\":{\"@type\":\"ListItem\",\"@id\":\"https:\\\/\\\/www.eldigitaldeasturias.com\\\/noticias\\\/category\\\/actualidad\\\/#listItem\",\"name\":\"Actualidad\"}}]},{\"@type\":\"Organization\",\"@id\":\"https:\\\/\\\/www.eldigitaldeasturias.com\\\/noticias\\\/#organization\",\"name\":\"El Digital de Asturias\",\"description\":\"Hemeroteca\",\"url\":\"https:\\\/\\\/www.eldigitaldeasturias.com\\\/noticias\\\/\",\"email\":\"info@eldigitaldeasturias.com\",\"telephone\":\"+34652131393\",\"logo\":{\"@type\":\"ImageObject\",\"url\":\"https:\\\/\\\/www.eldigitaldeasturias.com\\\/noticias\\\/wp-content\\\/uploads\\\/2020\\\/12\\\/EDA.jpg\",\"@id\":\"https:\\\/\\\/www.eldigitaldeasturias.com\\\/noticias\\\/posicion-del-gobierno-de-espana-sobre-los-bombardeos-en-siria\\\/#organizationLogo\"},\"image\":{\"@id\":\"https:\\\/\\\/www.eldigitaldeasturias.com\\\/noticias\\\/posicion-del-gobierno-de-espana-sobre-los-bombardeos-en-siria\\\/#organizationLogo\"},\"sameAs\":[\"https:\\\/\\\/facebook.com\\\/eldigitaldeasturias\",\"https:\\\/\\\/www.youtube.com\\\/channel\\\/UCZP-2wLEB9Rv6erhFmqVnvg\"],\"address\":{\"@id\":\"https:\\\/\\\/www.eldigitaldeasturias.com\\\/noticias\\\/#postaladdress\",\"@type\":\"PostalAddress\",\"streetAddress\":\"san antonio 4\",\"postalCode\":\"33430\",\"addressLocality\":\"Cand\\u00e1s\",\"addressRegion\":\"Asturias\",\"addressCountry\":\"ES\"}},{\"@type\":\"Person\",\"@id\":\"https:\\\/\\\/www.eldigitaldeasturias.com\\\/noticias\\\/author\\\/admin\\\/#author\",\"url\":\"https:\\\/\\\/www.eldigitaldeasturias.com\\\/noticias\\\/author\\\/admin\\\/\",\"name\":\"El Digital de Asturias\",\"image\":{\"@type\":\"ImageObject\",\"@id\":\"https:\\\/\\\/www.eldigitaldeasturias.com\\\/noticias\\\/posicion-del-gobierno-de-espana-sobre-los-bombardeos-en-siria\\\/#authorImage\",\"url\":\"https:\\\/\\\/secure.gravatar.com\\\/avatar\\\/df2aeffc32bcd13f8d26072ef8a91b623d677766deac7f97ca815868cd41bf5e?s=96&d=mm&r=g\",\"width\":96,\"height\":96,\"caption\":\"El Digital de Asturias\"}},{\"@type\":\"WebPage\",\"@id\":\"https:\\\/\\\/www.eldigitaldeasturias.com\\\/noticias\\\/posicion-del-gobierno-de-espana-sobre-los-bombardeos-en-siria\\\/#webpage\",\"url\":\"https:\\\/\\\/www.eldigitaldeasturias.com\\\/noticias\\\/posicion-del-gobierno-de-espana-sobre-los-bombardeos-en-siria\\\/\",\"name\":\"Posici\\u00f3n del Gobierno de Espa\\u00f1a sobre los bombardeos en Siria - El Digital de Asturias\",\"description\":\"La acci\\u00f3n llevada a cabo por los Estados Unidos, Francia y el Reino Unido debe enmarcarse en la utilizaci\\u00f3n, una vez m\\u00e1s, de armas qu\\u00edmicas por el r\\u00e9gimen sirio contra la poblaci\\u00f3n civil. Se trata de una acci\\u00f3n limitada en su objetivo y medios y, por ello, es una respuesta leg\\u00edtima y proporcionada. \\u200bUn ataque\",\"inLanguage\":\"es-ES\",\"isPartOf\":{\"@id\":\"https:\\\/\\\/www.eldigitaldeasturias.com\\\/noticias\\\/#website\"},\"breadcrumb\":{\"@id\":\"https:\\\/\\\/www.eldigitaldeasturias.com\\\/noticias\\\/posicion-del-gobierno-de-espana-sobre-los-bombardeos-en-siria\\\/#breadcrumblist\"},\"author\":{\"@id\":\"https:\\\/\\\/www.eldigitaldeasturias.com\\\/noticias\\\/author\\\/admin\\\/#author\"},\"creator\":{\"@id\":\"https:\\\/\\\/www.eldigitaldeasturias.com\\\/noticias\\\/author\\\/admin\\\/#author\"},\"image\":{\"@type\":\"ImageObject\",\"url\":954143,\"@id\":\"https:\\\/\\\/www.eldigitaldeasturias.com\\\/noticias\\\/posicion-del-gobierno-de-espana-sobre-los-bombardeos-en-siria\\\/#mainImage\"},\"primaryImageOfPage\":{\"@id\":\"https:\\\/\\\/www.eldigitaldeasturias.com\\\/noticias\\\/posicion-del-gobierno-de-espana-sobre-los-bombardeos-en-siria\\\/#mainImage\"},\"datePublished\":\"2018-04-15T07:18:04+02:00\",\"dateModified\":\"2018-04-15T07:18:04+02:00\"},{\"@type\":\"WebSite\",\"@id\":\"https:\\\/\\\/www.eldigitaldeasturias.com\\\/noticias\\\/#website\",\"url\":\"https:\\\/\\\/www.eldigitaldeasturias.com\\\/noticias\\\/\",\"name\":\"El Digital de Asturias - Diario de actualidad y noticias\",\"alternateName\":\"El Digital de Asturias - Diario de actualidad y noticias\",\"description\":\"Hemeroteca\",\"inLanguage\":\"es-ES\",\"publisher\":{\"@id\":\"https:\\\/\\\/www.eldigitaldeasturias.com\\\/noticias\\\/#organization\"}}]}\n\t\t<\/script>\n\t\t<!-- All in One SEO Pro -->\r\n\t\t<title>Posici\u00f3n del Gobierno de Espa\u00f1a sobre los bombardeos en Siria - El Digital de Asturias<\/title>\n\n","aioseo_head_json":{"title":"Posici\u00f3n del Gobierno de Espa\u00f1a sobre los bombardeos en Siria - El Digital de Asturias","description":"La acci\u00f3n llevada a cabo por los Estados Unidos, Francia y el Reino Unido debe enmarcarse en la utilizaci\u00f3n, una vez m\u00e1s, de armas qu\u00edmicas por el r\u00e9gimen sirio contra la poblaci\u00f3n civil. Se trata de una acci\u00f3n limitada en su objetivo y medios y, por ello, es una respuesta leg\u00edtima y proporcionada. \u200bUn ataque","canonical_url":"https:\/\/www.eldigitaldeasturias.com\/noticias\/posicion-del-gobierno-de-espana-sobre-los-bombardeos-en-siria\/","robots":"max-image-preview:large","keywords":"actualidad","webmasterTools":{"google-site-verification":"UA-38556648-1","msvalidate.01":"7dfe9f3f1b24437ab69f4f2559babe99","miscellaneous":""},"schema":{"@context":"https:\/\/schema.org","@graph":[{"@type":"BlogPosting","@id":"https:\/\/www.eldigitaldeasturias.com\/noticias\/posicion-del-gobierno-de-espana-sobre-los-bombardeos-en-siria\/#blogposting","name":"Posici\u00f3n del Gobierno de Espa\u00f1a sobre los bombardeos en Siria - El Digital de Asturias","headline":"Posici\u00f3n del Gobierno de Espa\u00f1a sobre los bombardeos en Siria","author":{"@id":"https:\/\/www.eldigitaldeasturias.com\/noticias\/author\/admin\/#author"},"publisher":{"@id":"https:\/\/www.eldigitaldeasturias.com\/noticias\/#organization"},"image":{"@type":"ImageObject","url":954143},"datePublished":"2018-04-15T07:18:04+02:00","dateModified":"2018-04-15T07:18:04+02:00","inLanguage":"es-ES","mainEntityOfPage":{"@id":"https:\/\/www.eldigitaldeasturias.com\/noticias\/posicion-del-gobierno-de-espana-sobre-los-bombardeos-en-siria\/#webpage"},"isPartOf":{"@id":"https:\/\/www.eldigitaldeasturias.com\/noticias\/posicion-del-gobierno-de-espana-sobre-los-bombardeos-en-siria\/#webpage"},"articleSection":"Actualidad"},{"@type":"BreadcrumbList","@id":"https:\/\/www.eldigitaldeasturias.com\/noticias\/posicion-del-gobierno-de-espana-sobre-los-bombardeos-en-siria\/#breadcrumblist","itemListElement":[{"@type":"ListItem","@id":"https:\/\/www.eldigitaldeasturias.com\/noticias#listItem","position":1,"name":"Home","item":"https:\/\/www.eldigitaldeasturias.com\/noticias","nextItem":{"@type":"ListItem","@id":"https:\/\/www.eldigitaldeasturias.com\/noticias\/category\/actualidad\/#listItem","name":"Actualidad"}},{"@type":"ListItem","@id":"https:\/\/www.eldigitaldeasturias.com\/noticias\/category\/actualidad\/#listItem","position":2,"name":"Actualidad","item":"https:\/\/www.eldigitaldeasturias.com\/noticias\/category\/actualidad\/","nextItem":{"@type":"ListItem","@id":"https:\/\/www.eldigitaldeasturias.com\/noticias\/posicion-del-gobierno-de-espana-sobre-los-bombardeos-en-siria\/#listItem","name":"Posici\u00f3n del Gobierno de Espa\u00f1a sobre los bombardeos en Siria"},"previousItem":{"@type":"ListItem","@id":"https:\/\/www.eldigitaldeasturias.com\/noticias#listItem","name":"Home"}},{"@type":"ListItem","@id":"https:\/\/www.eldigitaldeasturias.com\/noticias\/posicion-del-gobierno-de-espana-sobre-los-bombardeos-en-siria\/#listItem","position":3,"name":"Posici\u00f3n del Gobierno de Espa\u00f1a sobre los bombardeos en Siria","previousItem":{"@type":"ListItem","@id":"https:\/\/www.eldigitaldeasturias.com\/noticias\/category\/actualidad\/#listItem","name":"Actualidad"}}]},{"@type":"Organization","@id":"https:\/\/www.eldigitaldeasturias.com\/noticias\/#organization","name":"El Digital de Asturias","description":"Hemeroteca","url":"https:\/\/www.eldigitaldeasturias.com\/noticias\/","email":"info@eldigitaldeasturias.com","telephone":"+34652131393","logo":{"@type":"ImageObject","url":"https:\/\/www.eldigitaldeasturias.com\/noticias\/wp-content\/uploads\/2020\/12\/EDA.jpg","@id":"https:\/\/www.eldigitaldeasturias.com\/noticias\/posicion-del-gobierno-de-espana-sobre-los-bombardeos-en-siria\/#organizationLogo"},"image":{"@id":"https:\/\/www.eldigitaldeasturias.com\/noticias\/posicion-del-gobierno-de-espana-sobre-los-bombardeos-en-siria\/#organizationLogo"},"sameAs":["https:\/\/facebook.com\/eldigitaldeasturias","https:\/\/www.youtube.com\/channel\/UCZP-2wLEB9Rv6erhFmqVnvg"],"address":{"@id":"https:\/\/www.eldigitaldeasturias.com\/noticias\/#postaladdress","@type":"PostalAddress","streetAddress":"san antonio 4","postalCode":"33430","addressLocality":"Cand\u00e1s","addressRegion":"Asturias","addressCountry":"ES"}},{"@type":"Person","@id":"https:\/\/www.eldigitaldeasturias.com\/noticias\/author\/admin\/#author","url":"https:\/\/www.eldigitaldeasturias.com\/noticias\/author\/admin\/","name":"El Digital de Asturias","image":{"@type":"ImageObject","@id":"https:\/\/www.eldigitaldeasturias.com\/noticias\/posicion-del-gobierno-de-espana-sobre-los-bombardeos-en-siria\/#authorImage","url":"https:\/\/secure.gravatar.com\/avatar\/df2aeffc32bcd13f8d26072ef8a91b623d677766deac7f97ca815868cd41bf5e?s=96&d=mm&r=g","width":96,"height":96,"caption":"El Digital de Asturias"}},{"@type":"WebPage","@id":"https:\/\/www.eldigitaldeasturias.com\/noticias\/posicion-del-gobierno-de-espana-sobre-los-bombardeos-en-siria\/#webpage","url":"https:\/\/www.eldigitaldeasturias.com\/noticias\/posicion-del-gobierno-de-espana-sobre-los-bombardeos-en-siria\/","name":"Posici\u00f3n del Gobierno de Espa\u00f1a sobre los bombardeos en Siria - El Digital de Asturias","description":"La acci\u00f3n llevada a cabo por los Estados Unidos, Francia y el Reino Unido debe enmarcarse en la utilizaci\u00f3n, una vez m\u00e1s, de armas qu\u00edmicas por el r\u00e9gimen sirio contra la poblaci\u00f3n civil. Se trata de una acci\u00f3n limitada en su objetivo y medios y, por ello, es una respuesta leg\u00edtima y proporcionada. \u200bUn ataque","inLanguage":"es-ES","isPartOf":{"@id":"https:\/\/www.eldigitaldeasturias.com\/noticias\/#website"},"breadcrumb":{"@id":"https:\/\/www.eldigitaldeasturias.com\/noticias\/posicion-del-gobierno-de-espana-sobre-los-bombardeos-en-siria\/#breadcrumblist"},"author":{"@id":"https:\/\/www.eldigitaldeasturias.com\/noticias\/author\/admin\/#author"},"creator":{"@id":"https:\/\/www.eldigitaldeasturias.com\/noticias\/author\/admin\/#author"},"image":{"@type":"ImageObject","url":954143,"@id":"https:\/\/www.eldigitaldeasturias.com\/noticias\/posicion-del-gobierno-de-espana-sobre-los-bombardeos-en-siria\/#mainImage"},"primaryImageOfPage":{"@id":"https:\/\/www.eldigitaldeasturias.com\/noticias\/posicion-del-gobierno-de-espana-sobre-los-bombardeos-en-siria\/#mainImage"},"datePublished":"2018-04-15T07:18:04+02:00","dateModified":"2018-04-15T07:18:04+02:00"},{"@type":"WebSite","@id":"https:\/\/www.eldigitaldeasturias.com\/noticias\/#website","url":"https:\/\/www.eldigitaldeasturias.com\/noticias\/","name":"El Digital de Asturias - Diario de actualidad y noticias","alternateName":"El Digital de Asturias - Diario de actualidad y noticias","description":"Hemeroteca","inLanguage":"es-ES","publisher":{"@id":"https:\/\/www.eldigitaldeasturias.com\/noticias\/#organization"}}]},"og:locale":"es_ES","og:site_name":"El Digital de Asturias","og:type":"article","og:title":"Posici\u00f3n del Gobierno de Espa\u00f1a sobre los bombardeos en Siria - El Digital de Asturias","og:description":"La acci\u00f3n llevada a cabo por los Estados Unidos, Francia y el Reino Unido debe enmarcarse en la utilizaci\u00f3n, una vez m\u00e1s, de armas qu\u00edmicas por el r\u00e9gimen sirio contra la poblaci\u00f3n civil. Se trata de una acci\u00f3n limitada en su objetivo y medios y, por ello, es una respuesta leg\u00edtima y proporcionada. \u200bUn ataque","og:url":"https:\/\/www.eldigitaldeasturias.com\/noticias\/posicion-del-gobierno-de-espana-sobre-los-bombardeos-en-siria\/","article:tag":["actualidad"],"article:published_time":"2018-04-15T07:18:04+00:00","article:modified_time":"2018-04-15T07:18:04+00:00","article:publisher":"https:\/\/facebook.com\/eldigitaldeasturias","twitter:card":"summary_large_image","twitter:title":"Posici\u00f3n del Gobierno de Espa\u00f1a sobre los bombardeos en Siria - El Digital de Asturias","twitter:description":"La acci\u00f3n llevada a cabo por los Estados Unidos, Francia y el Reino Unido debe enmarcarse en la utilizaci\u00f3n, una vez m\u00e1s, de armas qu\u00edmicas por el r\u00e9gimen sirio contra la poblaci\u00f3n civil. Se trata de una acci\u00f3n limitada en su objetivo y medios y, por ello, es una respuesta leg\u00edtima y proporcionada. \u200bUn ataque","twitter:image":"https:\/\/www.eldigitaldeasturias.com\/noticias\/wp-content\/uploads\/2020\/12\/EDA-1.jpg","twitter:label1":"Escrito por","twitter:data1":"El Digital de Asturias","twitter:label2":"Tiempo de lectura estimado","twitter:data2":"1 minuto"},"aioseo_meta_data":{"post_id":"976158","title":null,"description":null,"keywords":null,"keyphrases":null,"primary_term":null,"canonical_url":null,"og_title":null,"og_description":null,"og_object_type":"default","og_image_type":"default","og_image_url":null,"og_image_width":null,"og_image_height":null,"og_image_custom_url":null,"og_image_custom_fields":null,"og_video":null,"og_custom_url":null,"og_article_section":null,"og_article_tags":null,"twitter_use_og":false,"twitter_card":"default","twitter_image_type":"default","twitter_image_url":null,"twitter_image_custom_url":null,"twitter_image_custom_fields":null,"twitter_title":null,"twitter_description":null,"schema":{"blockGraphs":[],"customGraphs":[],"default":{"data":{"Article":[],"Course":[],"Dataset":[],"FAQPage":[],"Movie":[],"Person":[],"Product":[],"ProductReview":[],"Car":[],"Recipe":[],"Service":[],"SoftwareApplication":[],"WebPage":[]},"graphName":"","isEnabled":true},"graphs":[],"defaultGraph":"","defaultPostTypeGraph":""},"schema_type":null,"schema_type_options":null,"pillar_content":false,"robots_default":true,"robots_noindex":false,"robots_noarchive":false,"robots_nosnippet":false,"robots_nofollow":false,"robots_noimageindex":false,"robots_noodp":false,"robots_notranslate":false,"robots_max_snippet":null,"robots_max_videopreview":null,"robots_max_imagepreview":"large","priority":null,"frequency":null,"local_seo":null,"seo_analyzer_scan_date":"2025-10-08 02:53:44","breadcrumb_settings":null,"limit_modified_date":false,"open_ai":null,"ai":null,"created":"2020-12-21 12:08:37","updated":"2025-10-08 02:53:44","focus_keyword":null,"additional_keywords":null,"truseo_locale":null},"aioseo_breadcrumb":"<div class=\"aioseo-breadcrumbs\"><span class=\"aioseo-breadcrumb\">\n\t<a href=\"https:\/\/www.eldigitaldeasturias.com\/noticias\" title=\"Home\">Home<\/a>\n<\/span><span class=\"aioseo-breadcrumb-separator\">\u2013<\/span><span class=\"aioseo-breadcrumb\">\n\t<a href=\"https:\/\/www.eldigitaldeasturias.com\/noticias\/category\/actualidad\/\" title=\"Actualidad\">Actualidad<\/a>\n<\/span><span class=\"aioseo-breadcrumb-separator\">\u2013<\/span><span class=\"aioseo-breadcrumb\">\n\t<a href=\"https:\/\/www.eldigitaldeasturias.com\/noticias\/posicion-del-gobierno-de-espana-sobre-los-bombardeos-en-siria\/\" title=\"Posici\u00f3n del Gobierno de Espa\u00f1a sobre los bombardeos en Siria\">Posici\u00f3n del Gobierno de Espa\u00f1a sobre los bombardeos en Siria<\/a>\n<\/span><\/div>","aioseo_breadcrumb_json":[{"label":"Home","link":"https:\/\/www.eldigitaldeasturias.com\/noticias"},{"label":"Actualidad","link":"https:\/\/www.eldigitaldeasturias.com\/noticias\/category\/actualidad\/"},{"label":"Posici\u00f3n del Gobierno de Espa\u00f1a sobre los bombardeos en Siria","link":"https:\/\/www.eldigitaldeasturias.com\/noticias\/posicion-del-gobierno-de-espana-sobre-los-bombardeos-en-siria\/"}],"_links":{"self":[{"href":"https:\/\/www.eldigitaldeasturias.com\/noticias\/wp-json\/wp\/v2\/posts\/976158","targetHints":{"allow":["GET"]}}],"collection":[{"href":"https:\/\/www.eldigitaldeasturias.com\/noticias\/wp-json\/wp\/v2\/posts"}],"about":[{"href":"https:\/\/www.eldigitaldeasturias.com\/noticias\/wp-json\/wp\/v2\/types\/post"}],"author":[{"embeddable":true,"href":"https:\/\/www.eldigitaldeasturias.com\/noticias\/wp-json\/wp\/v2\/users\/1"}],"replies":[{"embeddable":true,"href":"https:\/\/www.eldigitaldeasturias.com\/noticias\/wp-json\/wp\/v2\/comments?post=976158"}],"version-history":[{"count":0,"href":"https:\/\/www.eldigitaldeasturias.com\/noticias\/wp-json\/wp\/v2\/posts\/976158\/revisions"}],"wp:attachment":[{"href":"https:\/\/www.eldigitaldeasturias.com\/noticias\/wp-json\/wp\/v2\/media?parent=976158"}],"wp:term":[{"taxonomy":"category","embeddable":true,"href":"https:\/\/www.eldigitaldeasturias.com\/noticias\/wp-json\/wp\/v2\/categories?post=976158"},{"taxonomy":"post_tag","embeddable":true,"href":"https:\/\/www.eldigitaldeasturias.com\/noticias\/wp-json\/wp\/v2\/tags?post=976158"}],"curies":[{"name":"wp","href":"https:\/\/api.w.org\/{rel}","templated":true}]}}