{"id":976153,"date":"2018-04-15T07:11:39","date_gmt":"2018-04-15T07:11:39","guid":{"rendered":"http:\/\/www.eldigitaldeasturias.com\/noticias\/?p=976153"},"modified":"2018-04-15T07:11:39","modified_gmt":"2018-04-15T07:11:39","slug":"zoido-desea-un-gran-consenso-para-la-nueva-ley-de-trafico","status":"publish","type":"post","link":"https:\/\/www.eldigitaldeasturias.com\/noticias\/zoido-desea-un-gran-consenso-para-la-nueva-ley-de-trafico\/","title":{"rendered":"Zoido desea un gran consenso para la nueva Ley de Tr\u00e1fico"},"content":{"rendered":"<p><img loading=\"lazy\" decoding=\"async\" class=\"alignleft size-medium wp-image-976154\" src=\"https:\/\/www.eldigitaldeasturias.com\/noticias\/wp-content\/uploads\/2018\/04\/120418ponlefreno-360x239.jpg\" alt=\"\" width=\"360\" height=\"239\" \/>El ministro del Interior, Juan Ignacio Zoido, ha abogado por sacar adelante un Pacto de Estado sobre Seguridad Vial y por lograr el \u00abm\u00e1ximo consenso\u00bb pol\u00edtico para aprobar la nueva Ley de Tr\u00e1fico que se est\u00e1 tramitando en el Congreso de los Diputados y que contempla, entre otras medidas, reducir la velocidad a 90 kil\u00f3metros por hora en las carreteras convencionales, donde se producen 8 de cada 10 accidentes.<\/p>\n<p>\u200bZoido se pronunci\u00f3 as\u00ed durante la 10\u00aa edici\u00f3n de entrega de los Premios \u00abPonle Freno\u00bb que concede el Grupo Atresmedia, y a los que acudi\u00f3 tambi\u00e9n la vicepresidenta del Gobierno, Soraya S\u00e1enz de Santamar\u00eda, y el presidente del Senado, P\u00edo Garc\u00eda Escudero.<\/p>\n<p>En su intervenci\u00f3n, el ministro resalt\u00f3 el papel que desempe\u00f1an los medios de comunicaci\u00f3n en la prevenci\u00f3n de accidentes de tr\u00e1fico al hacer llegar \u00ablos comportamientos positivos a los conductores y usuarios de las v\u00edas p\u00fablicas de una manera cercana y asequible\u00bb. En este contexto elogi\u00f3 el papel que ha realizado en estos a\u00f1os Ponle Freno \u00abcomo un gran ejemplo de que se pueden salvar vidas gracias al poder de la comunicaci\u00f3n\u00bb.<\/p>\n<p>Zoido dej\u00f3 claro que en este momento se necesita la aportaci\u00f3n y la implicaci\u00f3n de todos los sectores relacionados con la seguridad vial porque el aumento de la movilidad, el envejecimiento del parque automovil\u00edstico, la conducci\u00f3n bajo los efectos del alcohol y otras drogas, la velocidad inadecuada o las distracciones por el uso del m\u00f3vil complica el objetivo y el compromiso del Ministerio de reducir los accidentes.<\/p>\n<p>En este ejemplo de compromiso se\u00f1al\u00f3 que la DGT est\u00e1 elaborando convenios con las comunidades aut\u00f3nomas para fomentar la seguridad vial y se est\u00e1 ultimando, asimismo, un acuerdo-marco con la Federaci\u00f3n Espa\u00f1ola de Municipios y Provincias (FEMP). \u00abMientras siga habiendo una v\u00edctima no habremos conseguido nuestro objetivo. Reducir a cero los fallecidos es un reto por el que seguiremos trabajando. Y para ello hay que mejorar los comportamientos, luchar por un parque automovil\u00edstico m\u00e1s seguro, mantener nuestras v\u00edas en buen estado y concienciar sobre los principales factores de riesgo, agreg\u00f3.<\/p>\n<p>As\u00ed, afirm\u00f3 que su departamento apuesta por la innovaci\u00f3n y la tecnolog\u00eda al servicio de la seguridad con la adquisici\u00f3n de drones para el control del tr\u00e1fico, por reforzar la concienciaci\u00f3n y la educaci\u00f3n a trav\u00e9s de un Plan Integral de lucha contra el alcohol y las drogas, y el impulso de acciones de apoyo a las actividades de las asociaciones de v\u00edctimas.<\/p>\n","protected":false},"excerpt":{"rendered":"<p>El ministro del Interior, Juan Ignacio Zoido, ha abogado por sacar adelante un Pacto de Estado sobre Seguridad Vial y por lograr el \u00abm\u00e1ximo consenso\u00bb pol\u00edtico para aprobar la nueva Ley de Tr\u00e1fico que se est\u00e1 tramitando en el Congreso de los Diputados y que contempla, entre otras medidas, reducir la velocidad a 90 kil\u00f3metros [&hellip;]<\/p>\n","protected":false},"author":1,"featured_media":976154,"comment_status":"closed","ping_status":"closed","sticky":false,"template":"","format":"standard","meta":{"footnotes":""},"categories":[1],"tags":[],"class_list":["post-976153","post","type-post","status-publish","format-standard","has-post-thumbnail","hentry","category-actualidad"],"aioseo_notices":[],"aioseo_head":"\n\t\t<!-- All in One SEO Pro 5.0.1 - aioseo.com -->\n\t<meta name=\"description\" content=\"El ministro del Interior, Juan Ignacio Zoido, ha abogado por sacar adelante un Pacto de Estado sobre Seguridad Vial y por lograr el &quot;m\u00e1ximo consenso&quot; pol\u00edtico para aprobar la nueva Ley de Tr\u00e1fico que se est\u00e1 tramitando en el Congreso de los Diputados y que contempla, entre otras medidas, reducir la velocidad a 90 kil\u00f3metros\" \/>\n\t<meta name=\"robots\" content=\"max-image-preview:large\" \/>\n\t<meta name=\"author\" content=\"El Digital de Asturias\"\/>\n\t<meta name=\"google-site-verification\" content=\"UA-38556648-1\" \/>\n\t<meta name=\"msvalidate.01\" content=\"7dfe9f3f1b24437ab69f4f2559babe99\" \/>\n\t<meta name=\"keywords\" content=\"actualidad\" \/>\n\t<link rel=\"canonical\" href=\"https:\/\/www.eldigitaldeasturias.com\/noticias\/zoido-desea-un-gran-consenso-para-la-nueva-ley-de-trafico\/\" \/>\n\t<meta name=\"generator\" content=\"All in One SEO Pro (AIOSEO) 5.0.1\" \/>\n\t\t<meta property=\"og:locale\" content=\"es_ES\" \/>\n\t\t<meta property=\"og:site_name\" content=\"El Digital de Asturias\" \/>\n\t\t<meta property=\"og:type\" content=\"article\" \/>\n\t\t<meta property=\"og:title\" content=\"Zoido desea un gran consenso para la nueva Ley de Tr\u00e1fico - El Digital de Asturias\" \/>\n\t\t<meta property=\"og:description\" content=\"El ministro del Interior, Juan Ignacio Zoido, ha abogado por sacar adelante un Pacto de Estado sobre Seguridad Vial y por lograr el &quot;m\u00e1ximo consenso&quot; pol\u00edtico para aprobar la nueva Ley de Tr\u00e1fico que se est\u00e1 tramitando en el Congreso de los Diputados y que contempla, entre otras medidas, reducir la velocidad a 90 kil\u00f3metros\" \/>\n\t\t<meta property=\"og:url\" content=\"https:\/\/www.eldigitaldeasturias.com\/noticias\/zoido-desea-un-gran-consenso-para-la-nueva-ley-de-trafico\/\" \/>\n\t\t<meta property=\"article:tag\" content=\"actualidad\" \/>\n\t\t<meta property=\"article:published_time\" content=\"2018-04-15T07:11:39+00:00\" \/>\n\t\t<meta property=\"article:modified_time\" content=\"2018-04-15T07:11:39+00:00\" \/>\n\t\t<meta property=\"article:publisher\" content=\"https:\/\/facebook.com\/eldigitaldeasturias\" \/>\n\t\t<meta name=\"twitter:card\" content=\"summary_large_image\" \/>\n\t\t<meta name=\"twitter:title\" content=\"Zoido desea un gran consenso para la nueva Ley de Tr\u00e1fico - El Digital de Asturias\" \/>\n\t\t<meta name=\"twitter:description\" content=\"El ministro del Interior, Juan Ignacio Zoido, ha abogado por sacar adelante un Pacto de Estado sobre Seguridad Vial y por lograr el &quot;m\u00e1ximo consenso&quot; pol\u00edtico para aprobar la nueva Ley de Tr\u00e1fico que se est\u00e1 tramitando en el Congreso de los Diputados y que contempla, entre otras medidas, reducir la velocidad a 90 kil\u00f3metros\" \/>\n\t\t<meta name=\"twitter:image\" content=\"https:\/\/www.eldigitaldeasturias.com\/noticias\/wp-content\/uploads\/2020\/12\/EDA-1.jpg\" \/>\n\t\t<meta name=\"twitter:label1\" content=\"Escrito por\" \/>\n\t\t<meta name=\"twitter:data1\" content=\"El Digital de Asturias\" \/>\n\t\t<meta name=\"twitter:label2\" content=\"Tiempo de lectura estimado\" \/>\n\t\t<meta name=\"twitter:data2\" content=\"2 minutos\" \/>\n\t\t<script type=\"application\/ld+json\" class=\"aioseo-schema\">\n\t\t\t{\"@context\":\"https:\\\/\\\/schema.org\",\"@graph\":[{\"@type\":\"BlogPosting\",\"@id\":\"https:\\\/\\\/www.eldigitaldeasturias.com\\\/noticias\\\/zoido-desea-un-gran-consenso-para-la-nueva-ley-de-trafico\\\/#blogposting\",\"name\":\"Zoido desea un gran consenso para la nueva Ley de Tr\\u00e1fico - El Digital de Asturias\",\"headline\":\"Zoido desea un gran consenso para la nueva Ley de Tr\\u00e1fico\",\"author\":{\"@id\":\"https:\\\/\\\/www.eldigitaldeasturias.com\\\/noticias\\\/author\\\/admin\\\/#author\"},\"publisher\":{\"@id\":\"https:\\\/\\\/www.eldigitaldeasturias.com\\\/noticias\\\/#organization\"},\"image\":{\"@type\":\"ImageObject\",\"url\":976154},\"datePublished\":\"2018-04-15T07:11:39+02:00\",\"dateModified\":\"2018-04-15T07:11:39+02:00\",\"inLanguage\":\"es-ES\",\"mainEntityOfPage\":{\"@id\":\"https:\\\/\\\/www.eldigitaldeasturias.com\\\/noticias\\\/zoido-desea-un-gran-consenso-para-la-nueva-ley-de-trafico\\\/#webpage\"},\"isPartOf\":{\"@id\":\"https:\\\/\\\/www.eldigitaldeasturias.com\\\/noticias\\\/zoido-desea-un-gran-consenso-para-la-nueva-ley-de-trafico\\\/#webpage\"},\"articleSection\":\"Actualidad\"},{\"@type\":\"BreadcrumbList\",\"@id\":\"https:\\\/\\\/www.eldigitaldeasturias.com\\\/noticias\\\/zoido-desea-un-gran-consenso-para-la-nueva-ley-de-trafico\\\/#breadcrumblist\",\"itemListElement\":[{\"@type\":\"ListItem\",\"@id\":\"https:\\\/\\\/www.eldigitaldeasturias.com\\\/noticias#listItem\",\"position\":1,\"name\":\"Home\",\"item\":\"https:\\\/\\\/www.eldigitaldeasturias.com\\\/noticias\",\"nextItem\":{\"@type\":\"ListItem\",\"@id\":\"https:\\\/\\\/www.eldigitaldeasturias.com\\\/noticias\\\/category\\\/actualidad\\\/#listItem\",\"name\":\"Actualidad\"}},{\"@type\":\"ListItem\",\"@id\":\"https:\\\/\\\/www.eldigitaldeasturias.com\\\/noticias\\\/category\\\/actualidad\\\/#listItem\",\"position\":2,\"name\":\"Actualidad\",\"item\":\"https:\\\/\\\/www.eldigitaldeasturias.com\\\/noticias\\\/category\\\/actualidad\\\/\",\"nextItem\":{\"@type\":\"ListItem\",\"@id\":\"https:\\\/\\\/www.eldigitaldeasturias.com\\\/noticias\\\/zoido-desea-un-gran-consenso-para-la-nueva-ley-de-trafico\\\/#listItem\",\"name\":\"Zoido desea un gran consenso para la nueva Ley de Tr\\u00e1fico\"},\"previousItem\":{\"@type\":\"ListItem\",\"@id\":\"https:\\\/\\\/www.eldigitaldeasturias.com\\\/noticias#listItem\",\"name\":\"Home\"}},{\"@type\":\"ListItem\",\"@id\":\"https:\\\/\\\/www.eldigitaldeasturias.com\\\/noticias\\\/zoido-desea-un-gran-consenso-para-la-nueva-ley-de-trafico\\\/#listItem\",\"position\":3,\"name\":\"Zoido desea un gran consenso para la nueva Ley de Tr\\u00e1fico\",\"previousItem\":{\"@type\":\"ListItem\",\"@id\":\"https:\\\/\\\/www.eldigitaldeasturias.com\\\/noticias\\\/category\\\/actualidad\\\/#listItem\",\"name\":\"Actualidad\"}}]},{\"@type\":\"Organization\",\"@id\":\"https:\\\/\\\/www.eldigitaldeasturias.com\\\/noticias\\\/#organization\",\"name\":\"El Digital de Asturias\",\"description\":\"Hemeroteca\",\"url\":\"https:\\\/\\\/www.eldigitaldeasturias.com\\\/noticias\\\/\",\"email\":\"info@eldigitaldeasturias.com\",\"telephone\":\"+34652131393\",\"logo\":{\"@type\":\"ImageObject\",\"url\":\"https:\\\/\\\/www.eldigitaldeasturias.com\\\/noticias\\\/wp-content\\\/uploads\\\/2020\\\/12\\\/EDA.jpg\",\"@id\":\"https:\\\/\\\/www.eldigitaldeasturias.com\\\/noticias\\\/zoido-desea-un-gran-consenso-para-la-nueva-ley-de-trafico\\\/#organizationLogo\"},\"image\":{\"@id\":\"https:\\\/\\\/www.eldigitaldeasturias.com\\\/noticias\\\/zoido-desea-un-gran-consenso-para-la-nueva-ley-de-trafico\\\/#organizationLogo\"},\"sameAs\":[\"https:\\\/\\\/facebook.com\\\/eldigitaldeasturias\",\"https:\\\/\\\/www.youtube.com\\\/channel\\\/UCZP-2wLEB9Rv6erhFmqVnvg\"],\"address\":{\"@id\":\"https:\\\/\\\/www.eldigitaldeasturias.com\\\/noticias\\\/#postaladdress\",\"@type\":\"PostalAddress\",\"streetAddress\":\"san antonio 4\",\"postalCode\":\"33430\",\"addressLocality\":\"Cand\\u00e1s\",\"addressRegion\":\"Asturias\",\"addressCountry\":\"ES\"}},{\"@type\":\"Person\",\"@id\":\"https:\\\/\\\/www.eldigitaldeasturias.com\\\/noticias\\\/author\\\/admin\\\/#author\",\"url\":\"https:\\\/\\\/www.eldigitaldeasturias.com\\\/noticias\\\/author\\\/admin\\\/\",\"name\":\"El Digital de Asturias\",\"image\":{\"@type\":\"ImageObject\",\"@id\":\"https:\\\/\\\/www.eldigitaldeasturias.com\\\/noticias\\\/zoido-desea-un-gran-consenso-para-la-nueva-ley-de-trafico\\\/#authorImage\",\"url\":\"https:\\\/\\\/secure.gravatar.com\\\/avatar\\\/df2aeffc32bcd13f8d26072ef8a91b623d677766deac7f97ca815868cd41bf5e?s=96&d=mm&r=g\",\"width\":96,\"height\":96,\"caption\":\"El Digital de Asturias\"}},{\"@type\":\"WebPage\",\"@id\":\"https:\\\/\\\/www.eldigitaldeasturias.com\\\/noticias\\\/zoido-desea-un-gran-consenso-para-la-nueva-ley-de-trafico\\\/#webpage\",\"url\":\"https:\\\/\\\/www.eldigitaldeasturias.com\\\/noticias\\\/zoido-desea-un-gran-consenso-para-la-nueva-ley-de-trafico\\\/\",\"name\":\"Zoido desea un gran consenso para la nueva Ley de Tr\\u00e1fico - El Digital de Asturias\",\"description\":\"El ministro del Interior, Juan Ignacio Zoido, ha abogado por sacar adelante un Pacto de Estado sobre Seguridad Vial y por lograr el \\\"m\\u00e1ximo consenso\\\" pol\\u00edtico para aprobar la nueva Ley de Tr\\u00e1fico que se est\\u00e1 tramitando en el Congreso de los Diputados y que contempla, entre otras medidas, reducir la velocidad a 90 kil\\u00f3metros\",\"inLanguage\":\"es-ES\",\"isPartOf\":{\"@id\":\"https:\\\/\\\/www.eldigitaldeasturias.com\\\/noticias\\\/#website\"},\"breadcrumb\":{\"@id\":\"https:\\\/\\\/www.eldigitaldeasturias.com\\\/noticias\\\/zoido-desea-un-gran-consenso-para-la-nueva-ley-de-trafico\\\/#breadcrumblist\"},\"author\":{\"@id\":\"https:\\\/\\\/www.eldigitaldeasturias.com\\\/noticias\\\/author\\\/admin\\\/#author\"},\"creator\":{\"@id\":\"https:\\\/\\\/www.eldigitaldeasturias.com\\\/noticias\\\/author\\\/admin\\\/#author\"},\"image\":{\"@type\":\"ImageObject\",\"url\":976154,\"@id\":\"https:\\\/\\\/www.eldigitaldeasturias.com\\\/noticias\\\/zoido-desea-un-gran-consenso-para-la-nueva-ley-de-trafico\\\/#mainImage\"},\"primaryImageOfPage\":{\"@id\":\"https:\\\/\\\/www.eldigitaldeasturias.com\\\/noticias\\\/zoido-desea-un-gran-consenso-para-la-nueva-ley-de-trafico\\\/#mainImage\"},\"datePublished\":\"2018-04-15T07:11:39+02:00\",\"dateModified\":\"2018-04-15T07:11:39+02:00\"},{\"@type\":\"WebSite\",\"@id\":\"https:\\\/\\\/www.eldigitaldeasturias.com\\\/noticias\\\/#website\",\"url\":\"https:\\\/\\\/www.eldigitaldeasturias.com\\\/noticias\\\/\",\"name\":\"El Digital de Asturias - Diario de actualidad y noticias\",\"alternateName\":\"El Digital de Asturias - Diario de actualidad y noticias\",\"description\":\"Hemeroteca\",\"inLanguage\":\"es-ES\",\"publisher\":{\"@id\":\"https:\\\/\\\/www.eldigitaldeasturias.com\\\/noticias\\\/#organization\"}}]}\n\t\t<\/script>\n\t\t<!-- All in One SEO Pro -->\r\n\t\t<title>Zoido desea un gran consenso para la nueva Ley de Tr\u00e1fico - El Digital de Asturias<\/title>\n\n","aioseo_head_json":{"title":"Zoido desea un gran consenso para la nueva Ley de Tr\u00e1fico - El Digital de Asturias","description":"El ministro del Interior, Juan Ignacio Zoido, ha abogado por sacar adelante un Pacto de Estado sobre Seguridad Vial y por lograr el \"m\u00e1ximo consenso\" pol\u00edtico para aprobar la nueva Ley de Tr\u00e1fico que se est\u00e1 tramitando en el Congreso de los Diputados y que contempla, entre otras medidas, reducir la velocidad a 90 kil\u00f3metros","canonical_url":"https:\/\/www.eldigitaldeasturias.com\/noticias\/zoido-desea-un-gran-consenso-para-la-nueva-ley-de-trafico\/","robots":"max-image-preview:large","keywords":"actualidad","webmasterTools":{"google-site-verification":"UA-38556648-1","msvalidate.01":"7dfe9f3f1b24437ab69f4f2559babe99","miscellaneous":""},"schema":{"@context":"https:\/\/schema.org","@graph":[{"@type":"BlogPosting","@id":"https:\/\/www.eldigitaldeasturias.com\/noticias\/zoido-desea-un-gran-consenso-para-la-nueva-ley-de-trafico\/#blogposting","name":"Zoido desea un gran consenso para la nueva Ley de Tr\u00e1fico - El Digital de Asturias","headline":"Zoido desea un gran consenso para la nueva Ley de Tr\u00e1fico","author":{"@id":"https:\/\/www.eldigitaldeasturias.com\/noticias\/author\/admin\/#author"},"publisher":{"@id":"https:\/\/www.eldigitaldeasturias.com\/noticias\/#organization"},"image":{"@type":"ImageObject","url":976154},"datePublished":"2018-04-15T07:11:39+02:00","dateModified":"2018-04-15T07:11:39+02:00","inLanguage":"es-ES","mainEntityOfPage":{"@id":"https:\/\/www.eldigitaldeasturias.com\/noticias\/zoido-desea-un-gran-consenso-para-la-nueva-ley-de-trafico\/#webpage"},"isPartOf":{"@id":"https:\/\/www.eldigitaldeasturias.com\/noticias\/zoido-desea-un-gran-consenso-para-la-nueva-ley-de-trafico\/#webpage"},"articleSection":"Actualidad"},{"@type":"BreadcrumbList","@id":"https:\/\/www.eldigitaldeasturias.com\/noticias\/zoido-desea-un-gran-consenso-para-la-nueva-ley-de-trafico\/#breadcrumblist","itemListElement":[{"@type":"ListItem","@id":"https:\/\/www.eldigitaldeasturias.com\/noticias#listItem","position":1,"name":"Home","item":"https:\/\/www.eldigitaldeasturias.com\/noticias","nextItem":{"@type":"ListItem","@id":"https:\/\/www.eldigitaldeasturias.com\/noticias\/category\/actualidad\/#listItem","name":"Actualidad"}},{"@type":"ListItem","@id":"https:\/\/www.eldigitaldeasturias.com\/noticias\/category\/actualidad\/#listItem","position":2,"name":"Actualidad","item":"https:\/\/www.eldigitaldeasturias.com\/noticias\/category\/actualidad\/","nextItem":{"@type":"ListItem","@id":"https:\/\/www.eldigitaldeasturias.com\/noticias\/zoido-desea-un-gran-consenso-para-la-nueva-ley-de-trafico\/#listItem","name":"Zoido desea un gran consenso para la nueva Ley de Tr\u00e1fico"},"previousItem":{"@type":"ListItem","@id":"https:\/\/www.eldigitaldeasturias.com\/noticias#listItem","name":"Home"}},{"@type":"ListItem","@id":"https:\/\/www.eldigitaldeasturias.com\/noticias\/zoido-desea-un-gran-consenso-para-la-nueva-ley-de-trafico\/#listItem","position":3,"name":"Zoido desea un gran consenso para la nueva Ley de Tr\u00e1fico","previousItem":{"@type":"ListItem","@id":"https:\/\/www.eldigitaldeasturias.com\/noticias\/category\/actualidad\/#listItem","name":"Actualidad"}}]},{"@type":"Organization","@id":"https:\/\/www.eldigitaldeasturias.com\/noticias\/#organization","name":"El Digital de Asturias","description":"Hemeroteca","url":"https:\/\/www.eldigitaldeasturias.com\/noticias\/","email":"info@eldigitaldeasturias.com","telephone":"+34652131393","logo":{"@type":"ImageObject","url":"https:\/\/www.eldigitaldeasturias.com\/noticias\/wp-content\/uploads\/2020\/12\/EDA.jpg","@id":"https:\/\/www.eldigitaldeasturias.com\/noticias\/zoido-desea-un-gran-consenso-para-la-nueva-ley-de-trafico\/#organizationLogo"},"image":{"@id":"https:\/\/www.eldigitaldeasturias.com\/noticias\/zoido-desea-un-gran-consenso-para-la-nueva-ley-de-trafico\/#organizationLogo"},"sameAs":["https:\/\/facebook.com\/eldigitaldeasturias","https:\/\/www.youtube.com\/channel\/UCZP-2wLEB9Rv6erhFmqVnvg"],"address":{"@id":"https:\/\/www.eldigitaldeasturias.com\/noticias\/#postaladdress","@type":"PostalAddress","streetAddress":"san antonio 4","postalCode":"33430","addressLocality":"Cand\u00e1s","addressRegion":"Asturias","addressCountry":"ES"}},{"@type":"Person","@id":"https:\/\/www.eldigitaldeasturias.com\/noticias\/author\/admin\/#author","url":"https:\/\/www.eldigitaldeasturias.com\/noticias\/author\/admin\/","name":"El Digital de Asturias","image":{"@type":"ImageObject","@id":"https:\/\/www.eldigitaldeasturias.com\/noticias\/zoido-desea-un-gran-consenso-para-la-nueva-ley-de-trafico\/#authorImage","url":"https:\/\/secure.gravatar.com\/avatar\/df2aeffc32bcd13f8d26072ef8a91b623d677766deac7f97ca815868cd41bf5e?s=96&d=mm&r=g","width":96,"height":96,"caption":"El Digital de Asturias"}},{"@type":"WebPage","@id":"https:\/\/www.eldigitaldeasturias.com\/noticias\/zoido-desea-un-gran-consenso-para-la-nueva-ley-de-trafico\/#webpage","url":"https:\/\/www.eldigitaldeasturias.com\/noticias\/zoido-desea-un-gran-consenso-para-la-nueva-ley-de-trafico\/","name":"Zoido desea un gran consenso para la nueva Ley de Tr\u00e1fico - El Digital de Asturias","description":"El ministro del Interior, Juan Ignacio Zoido, ha abogado por sacar adelante un Pacto de Estado sobre Seguridad Vial y por lograr el \"m\u00e1ximo consenso\" pol\u00edtico para aprobar la nueva Ley de Tr\u00e1fico que se est\u00e1 tramitando en el Congreso de los Diputados y que contempla, entre otras medidas, reducir la velocidad a 90 kil\u00f3metros","inLanguage":"es-ES","isPartOf":{"@id":"https:\/\/www.eldigitaldeasturias.com\/noticias\/#website"},"breadcrumb":{"@id":"https:\/\/www.eldigitaldeasturias.com\/noticias\/zoido-desea-un-gran-consenso-para-la-nueva-ley-de-trafico\/#breadcrumblist"},"author":{"@id":"https:\/\/www.eldigitaldeasturias.com\/noticias\/author\/admin\/#author"},"creator":{"@id":"https:\/\/www.eldigitaldeasturias.com\/noticias\/author\/admin\/#author"},"image":{"@type":"ImageObject","url":976154,"@id":"https:\/\/www.eldigitaldeasturias.com\/noticias\/zoido-desea-un-gran-consenso-para-la-nueva-ley-de-trafico\/#mainImage"},"primaryImageOfPage":{"@id":"https:\/\/www.eldigitaldeasturias.com\/noticias\/zoido-desea-un-gran-consenso-para-la-nueva-ley-de-trafico\/#mainImage"},"datePublished":"2018-04-15T07:11:39+02:00","dateModified":"2018-04-15T07:11:39+02:00"},{"@type":"WebSite","@id":"https:\/\/www.eldigitaldeasturias.com\/noticias\/#website","url":"https:\/\/www.eldigitaldeasturias.com\/noticias\/","name":"El Digital de Asturias - Diario de actualidad y noticias","alternateName":"El Digital de Asturias - Diario de actualidad y noticias","description":"Hemeroteca","inLanguage":"es-ES","publisher":{"@id":"https:\/\/www.eldigitaldeasturias.com\/noticias\/#organization"}}]},"og:locale":"es_ES","og:site_name":"El Digital de Asturias","og:type":"article","og:title":"Zoido desea un gran consenso para la nueva Ley de Tr\u00e1fico - El Digital de Asturias","og:description":"El ministro del Interior, Juan Ignacio Zoido, ha abogado por sacar adelante un Pacto de Estado sobre Seguridad Vial y por lograr el &quot;m\u00e1ximo consenso&quot; pol\u00edtico para aprobar la nueva Ley de Tr\u00e1fico que se est\u00e1 tramitando en el Congreso de los Diputados y que contempla, entre otras medidas, reducir la velocidad a 90 kil\u00f3metros","og:url":"https:\/\/www.eldigitaldeasturias.com\/noticias\/zoido-desea-un-gran-consenso-para-la-nueva-ley-de-trafico\/","article:tag":["actualidad"],"article:published_time":"2018-04-15T07:11:39+00:00","article:modified_time":"2018-04-15T07:11:39+00:00","article:publisher":"https:\/\/facebook.com\/eldigitaldeasturias","twitter:card":"summary_large_image","twitter:title":"Zoido desea un gran consenso para la nueva Ley de Tr\u00e1fico - El Digital de Asturias","twitter:description":"El ministro del Interior, Juan Ignacio Zoido, ha abogado por sacar adelante un Pacto de Estado sobre Seguridad Vial y por lograr el &quot;m\u00e1ximo consenso&quot; pol\u00edtico para aprobar la nueva Ley de Tr\u00e1fico que se est\u00e1 tramitando en el Congreso de los Diputados y que contempla, entre otras medidas, reducir la velocidad a 90 kil\u00f3metros","twitter:image":"https:\/\/www.eldigitaldeasturias.com\/noticias\/wp-content\/uploads\/2020\/12\/EDA-1.jpg","twitter:label1":"Escrito por","twitter:data1":"El Digital de Asturias","twitter:label2":"Tiempo de lectura estimado","twitter:data2":"2 minutos"},"aioseo_meta_data":{"post_id":"976153","title":null,"description":null,"keywords":null,"keyphrases":null,"primary_term":null,"canonical_url":null,"og_title":null,"og_description":null,"og_object_type":"default","og_image_type":"default","og_image_url":null,"og_image_width":null,"og_image_height":null,"og_image_custom_url":null,"og_image_custom_fields":null,"og_video":null,"og_custom_url":null,"og_article_section":null,"og_article_tags":null,"twitter_use_og":false,"twitter_card":"default","twitter_image_type":"default","twitter_image_url":null,"twitter_image_custom_url":null,"twitter_image_custom_fields":null,"twitter_title":null,"twitter_description":null,"schema":{"blockGraphs":[],"customGraphs":[],"default":{"data":{"Article":[],"Course":[],"Dataset":[],"FAQPage":[],"Movie":[],"Person":[],"Product":[],"ProductReview":[],"Car":[],"Recipe":[],"Service":[],"SoftwareApplication":[],"WebPage":[]},"graphName":"","isEnabled":true},"graphs":[],"defaultGraph":"","defaultPostTypeGraph":""},"schema_type":null,"schema_type_options":null,"pillar_content":false,"robots_default":true,"robots_noindex":false,"robots_noarchive":false,"robots_nosnippet":false,"robots_nofollow":false,"robots_noimageindex":false,"robots_noodp":false,"robots_notranslate":false,"robots_max_snippet":null,"robots_max_videopreview":null,"robots_max_imagepreview":"large","priority":null,"frequency":null,"local_seo":null,"seo_analyzer_scan_date":"2025-10-08 02:51:08","breadcrumb_settings":null,"limit_modified_date":false,"open_ai":null,"ai":null,"created":"2020-12-21 12:08:37","updated":"2025-10-08 02:51:08","focus_keyword":null,"additional_keywords":null,"truseo_locale":null},"aioseo_breadcrumb":"<div class=\"aioseo-breadcrumbs\"><span class=\"aioseo-breadcrumb\">\n\t<a href=\"https:\/\/www.eldigitaldeasturias.com\/noticias\" title=\"Home\">Home<\/a>\n<\/span><span class=\"aioseo-breadcrumb-separator\">\u2013<\/span><span class=\"aioseo-breadcrumb\">\n\t<a href=\"https:\/\/www.eldigitaldeasturias.com\/noticias\/category\/actualidad\/\" title=\"Actualidad\">Actualidad<\/a>\n<\/span><span class=\"aioseo-breadcrumb-separator\">\u2013<\/span><span class=\"aioseo-breadcrumb\">\n\t<a href=\"https:\/\/www.eldigitaldeasturias.com\/noticias\/zoido-desea-un-gran-consenso-para-la-nueva-ley-de-trafico\/\" title=\"Zoido desea un gran consenso para la nueva Ley de Tr\u00e1fico\">Zoido desea un gran consenso para la nueva Ley de Tr\u00e1fico<\/a>\n<\/span><\/div>","aioseo_breadcrumb_json":[{"label":"Home","link":"https:\/\/www.eldigitaldeasturias.com\/noticias"},{"label":"Actualidad","link":"https:\/\/www.eldigitaldeasturias.com\/noticias\/category\/actualidad\/"},{"label":"Zoido desea un gran consenso para la nueva Ley de Tr\u00e1fico","link":"https:\/\/www.eldigitaldeasturias.com\/noticias\/zoido-desea-un-gran-consenso-para-la-nueva-ley-de-trafico\/"}],"_links":{"self":[{"href":"https:\/\/www.eldigitaldeasturias.com\/noticias\/wp-json\/wp\/v2\/posts\/976153","targetHints":{"allow":["GET"]}}],"collection":[{"href":"https:\/\/www.eldigitaldeasturias.com\/noticias\/wp-json\/wp\/v2\/posts"}],"about":[{"href":"https:\/\/www.eldigitaldeasturias.com\/noticias\/wp-json\/wp\/v2\/types\/post"}],"author":[{"embeddable":true,"href":"https:\/\/www.eldigitaldeasturias.com\/noticias\/wp-json\/wp\/v2\/users\/1"}],"replies":[{"embeddable":true,"href":"https:\/\/www.eldigitaldeasturias.com\/noticias\/wp-json\/wp\/v2\/comments?post=976153"}],"version-history":[{"count":0,"href":"https:\/\/www.eldigitaldeasturias.com\/noticias\/wp-json\/wp\/v2\/posts\/976153\/revisions"}],"wp:attachment":[{"href":"https:\/\/www.eldigitaldeasturias.com\/noticias\/wp-json\/wp\/v2\/media?parent=976153"}],"wp:term":[{"taxonomy":"category","embeddable":true,"href":"https:\/\/www.eldigitaldeasturias.com\/noticias\/wp-json\/wp\/v2\/categories?post=976153"},{"taxonomy":"post_tag","embeddable":true,"href":"https:\/\/www.eldigitaldeasturias.com\/noticias\/wp-json\/wp\/v2\/tags?post=976153"}],"curies":[{"name":"wp","href":"https:\/\/api.w.org\/{rel}","templated":true}]}}