{"id":976075,"date":"2018-04-15T04:29:08","date_gmt":"2018-04-15T04:29:08","guid":{"rendered":"http:\/\/www.eldigitaldeasturias.com\/noticias\/?p=976075"},"modified":"2018-04-15T04:29:08","modified_gmt":"2018-04-15T04:29:08","slug":"el-bombardeo-en-siria-divide-a-occidente-y-oriente","status":"publish","type":"post","link":"https:\/\/www.eldigitaldeasturias.com\/noticias\/el-bombardeo-en-siria-divide-a-occidente-y-oriente\/","title":{"rendered":"El bombardeo en Siria divide a Occidente y Oriente"},"content":{"rendered":"<p><img loading=\"lazy\" decoding=\"async\" class=\"alignleft size-medium wp-image-969687\" src=\"https:\/\/www.eldigitaldeasturias.com\/noticias\/wp-content\/uploads\/2018\/02\/putin-2847423_1280-360x238.jpg\" alt=\"\" width=\"360\" height=\"238\" \/>Washington\/Par\u00eds\/Bruselas\/Lima, 14 abr (dpa) &#8211; El bombardeo de Estados Unidos, Francia y Reino Unido contra objetivos en Siria esta madrugada en represalia por la supuesta utilizaci\u00f3n de armas qu\u00edmicas por parte del Gobierno sirio gener\u00f3 hoy reacciones diversas en todo el mundo. Aqu\u00ed, algunas de las m\u00e1s importantes:<\/p>\n<p>VLADIMIR PUTIN: El presidente ruso acus\u00f3 a Occidente de utilizar un ataque qu\u00edmico falso para justificar sus ataques. \u00abRusia condena con dureza el ataque contra Siria, donde soldados rusos ayudan al Gobierno leg\u00edtimo en la guerra contra el terrorismo\u00bb, dijo Putin. Se trata de una violaci\u00f3n del derecho internacional y de un acto de agresi\u00f3n contra un estado soberano, a\u00f1adi\u00f3.<\/p>\n<p>BENJAMIN NETANYAHU: El primer ministro de Israel expres\u00f3 su apoyo a los ataques liderados por Estados Unidos. \u00abHace un a\u00f1o, declar\u00e9 el apoyo total de Israel a la decisi\u00f3n del presidente (estadounidense Donald) Trump de oponerse al uso y difusi\u00f3n de armas qu\u00edmicas. La resoluci\u00f3n del presidente Trump y el apoyo de Israel siguen intactos\u00bb, indic\u00f3 en un comunicado.<\/p>\n<p>JENS STOLTENBERG: El secretario general de la Organizaci\u00f3n para el Tratado del Atl\u00e1ntico Norte (OTAN) apoy\u00f3 los ataques. \u00abLos aliados expresaron su completo apoyo a esta acci\u00f3n con el fin de degradar las capacidades de armas qu\u00edmicas del r\u00e9gimen sirio y evitar futuros ataques qu\u00edmicos contra el pueblo de Siria\u00bb, dijo. \u00abLas armas qu\u00edmicas no pueden ser usadas con impunidad o normalizarse\u00bb.<\/p>\n<p>HASSAN ROHANI: El presidente de Ir\u00e1n asegur\u00f3 que Teher\u00e1n seguir\u00e1 del lado del jefe de Estado sirio, Bashar al Assad. \u00abLos ataques iban dirigidos no solo contra Siria sino contra toda la regi\u00f3n\u00bb, dijo Rohani en una conversaci\u00f3n telef\u00f3nica con Al Assad. El presidente iran\u00ed se\u00f1al\u00f3 que ignorar la integridad territorial de Siria y la soberan\u00eda del Gobierno sirio no solo crea inseguridad en la regi\u00f3n, sino que tambi\u00e9n alienta a los terroristas en la regi\u00f3n.<\/p>\n<p>AYATOL\u00c1 ALI JAMENEI: El l\u00edder supremo iran\u00ed conden\u00f3 los ataques contra el Gobierno sirio y llam\u00f3 \u00abcriminales\u00bb a los l\u00edderes de los pa\u00edses que los llevaron a cabo: Estados Unidos, Francia y Reino Unido. \u00abEstoy diciendo abiertamente que los ataques fueron un crimen y que los tres l\u00edderes que participaron en los ataques son por lo tanto criminales\u00bb, dijo Jamenei.<\/p>\n<p>ANGELA MERKEL: La canciller alemana respald\u00f3 el ataque de Estados Unidos, Francia y Reino Unido en Siria, que calific\u00f3 de \u00abnecesario y razonable\u00bb. \u00abEl ataque militar fue necesario y razonable para defender la eficacia de la condena internacional a los ataques qu\u00edmicos y advertir al r\u00e9gimen sirio en contra de nuevas infracciones\u00bb, dijo la canciller.<\/p>\n<p>RECEP TAYYIP ERDOGAN: El presidente de Turqu\u00eda advirti\u00f3 sobre el peligro de que el conflicto en Siria siga escalando. En una conversaci\u00f3n telef\u00f3nica con la primera ministra brit\u00e1nica, Theresa May, Erdogan dijo que es importante que las tensiones no sigan creciendo. Solo una soluci\u00f3n pol\u00edtica puede llevar a una paz duradera en Siria, subray\u00f3 el mandatario turco.<\/p>\n<p>NICOL\u00c1S MADURO: El presidente de Venezuela critic\u00f3 el acto \u00abcriminal del imperialismo contra el pueblo de siria\u00bb por el bombardeo que, afirm\u00f3, viol\u00f3 el derecho internacional. \u00abVenezuela repudia el ataque imperialista contra el soberano pueblo de siria, un pueblo que conocemos bien\u00bb, dijo durante una concentraci\u00f3n en la casa de Gobierno.<\/p>\n<p>EVO MORALES: El presidente de Bolivia deplor\u00f3 hoy el ataque ejecutado en Siria en una serie de mensajes emitidos desde su cuenta en Twitter (@evoespueblo). \u00abCondenamos en\u00e9rgicamente el ataque desquiciado de Trump contra el hermano pueblo de Siria\u00bb, escribi\u00f3 en un primer mensaje emitido desde Lima.<\/p>\n<p>CUBA: El Gobierno cubano conden\u00f3 el bombardeo \u00abunilateral\u00bb de Estados Unidos a Siria y lo consider\u00f3 un \u00abatropello contra un Estado soberano\u00bb. \u00abEsta acci\u00f3n unilateral, al margen del Consejo de Seguridad de las Naciones Unidas, constituye una flagrante violaci\u00f3n de los principios del Derecho Internacional de la Carta de esa organizaci\u00f3n\u00bb, se\u00f1al\u00f3 un comunicado oficial del Gobierno cubano.<\/p>\n<p>JUSTIN TRUDEAU: El primer ministro de Canad\u00e1 reiter\u00f3 el apoyo de su pa\u00eds a los ataques y su condena al uso de armas qu\u00edmicas. \u00abCanad\u00e1 est\u00e1 con nuestros amigos en esta respuesta necesaria y condenamos en los t\u00e9rminos m\u00e1s duro el uso de armas qu\u00edmicas en Guta Oriental\u00bb, expres\u00f3 el canadiense desde la Cumbre de las Am\u00e9ricas en Lima.<\/p>\n<p>ENRIQUE PE\u00d1A NIETO: El presidente de M\u00e9xico aprovech\u00f3 su participaci\u00f3n en la Cumbre de las Am\u00e9ricas para condenar el uso de armas qu\u00edmicas. \u00abHacemos votos para que sea a trav\u00e9s del derecho internacional que se ponga fin al uso de este tipo de t\u00e9cnicas\u00bb, indic\u00f3.<\/p>\n<p>JUAN MANUEL SANTOS: El presidente de Colombia rechaz\u00f3 el uso de armas qu\u00edmicas y t\u00e1citamente apoy\u00f3 las acciones de Estados Unidos, el Reino Unido y Francia contra Siria durante la Cumbre de las Am\u00e9ricas. \u00abColombia siempre ha condenado y condenar\u00e1 el uso de armas qu\u00edmicas por parte de cualquier Estado y apoyamos las acciones para castigar su uso\u00bb, dijo Santos.<\/p>\n<p>Tambi\u00e9n condenaron desde la Cumbre de las Am\u00e9ricas en Lima el uso de armas qu\u00edmicas los presidentes de Chile, SEBASTI\u00c1N PI\u00d1ERA, y de Argentina, MAURICIO MACRI.<\/p>\n","protected":false},"excerpt":{"rendered":"<p>Washington\/Par\u00eds\/Bruselas\/Lima, 14 abr (dpa) &#8211; El bombardeo de Estados Unidos, Francia y Reino Unido contra objetivos en Siria esta madrugada en represalia por la supuesta utilizaci\u00f3n de armas qu\u00edmicas por parte del Gobierno sirio gener\u00f3 hoy reacciones diversas en todo el mundo. Aqu\u00ed, algunas de las m\u00e1s importantes: VLADIMIR PUTIN: El presidente ruso acus\u00f3 a [&hellip;]<\/p>\n","protected":false},"author":1,"featured_media":969687,"comment_status":"closed","ping_status":"closed","sticky":false,"template":"","format":"standard","meta":{"footnotes":""},"categories":[1],"tags":[],"class_list":["post-976075","post","type-post","status-publish","format-standard","has-post-thumbnail","hentry","category-actualidad"],"aioseo_notices":[],"aioseo_head":"\n\t\t<!-- All in One SEO Pro 5.0.1 - aioseo.com -->\n\t<meta name=\"description\" content=\"Washington\/Par\u00eds\/Bruselas\/Lima, 14 abr (dpa) - El bombardeo de Estados Unidos, Francia y Reino Unido contra objetivos en Siria esta madrugada en represalia por la supuesta utilizaci\u00f3n de armas qu\u00edmicas por parte del Gobierno sirio gener\u00f3 hoy reacciones diversas en todo el mundo. Aqu\u00ed, algunas de las m\u00e1s importantes: VLADIMIR PUTIN: El presidente ruso acus\u00f3 a\" \/>\n\t<meta name=\"robots\" content=\"max-image-preview:large\" \/>\n\t<meta name=\"author\" content=\"El Digital de Asturias\"\/>\n\t<meta name=\"google-site-verification\" content=\"UA-38556648-1\" \/>\n\t<meta name=\"msvalidate.01\" content=\"7dfe9f3f1b24437ab69f4f2559babe99\" \/>\n\t<meta name=\"keywords\" content=\"actualidad\" \/>\n\t<link rel=\"canonical\" href=\"https:\/\/www.eldigitaldeasturias.com\/noticias\/el-bombardeo-en-siria-divide-a-occidente-y-oriente\/\" \/>\n\t<meta name=\"generator\" content=\"All in One SEO Pro (AIOSEO) 5.0.1\" \/>\n\t\t<meta property=\"og:locale\" content=\"es_ES\" \/>\n\t\t<meta property=\"og:site_name\" content=\"El Digital de Asturias\" \/>\n\t\t<meta property=\"og:type\" content=\"article\" \/>\n\t\t<meta property=\"og:title\" content=\"El bombardeo en Siria divide a Occidente y Oriente - El Digital de Asturias\" \/>\n\t\t<meta property=\"og:description\" content=\"Washington\/Par\u00eds\/Bruselas\/Lima, 14 abr (dpa) - El bombardeo de Estados Unidos, Francia y Reino Unido contra objetivos en Siria esta madrugada en represalia por la supuesta utilizaci\u00f3n de armas qu\u00edmicas por parte del Gobierno sirio gener\u00f3 hoy reacciones diversas en todo el mundo. Aqu\u00ed, algunas de las m\u00e1s importantes: VLADIMIR PUTIN: El presidente ruso acus\u00f3 a\" \/>\n\t\t<meta property=\"og:url\" content=\"https:\/\/www.eldigitaldeasturias.com\/noticias\/el-bombardeo-en-siria-divide-a-occidente-y-oriente\/\" \/>\n\t\t<meta property=\"article:tag\" content=\"actualidad\" \/>\n\t\t<meta property=\"article:published_time\" content=\"2018-04-15T04:29:08+00:00\" \/>\n\t\t<meta property=\"article:modified_time\" content=\"2018-04-15T04:29:08+00:00\" \/>\n\t\t<meta property=\"article:publisher\" content=\"https:\/\/facebook.com\/eldigitaldeasturias\" \/>\n\t\t<meta name=\"twitter:card\" content=\"summary_large_image\" \/>\n\t\t<meta name=\"twitter:title\" content=\"El bombardeo en Siria divide a Occidente y Oriente - El Digital de Asturias\" \/>\n\t\t<meta name=\"twitter:description\" content=\"Washington\/Par\u00eds\/Bruselas\/Lima, 14 abr (dpa) - El bombardeo de Estados Unidos, Francia y Reino Unido contra objetivos en Siria esta madrugada en represalia por la supuesta utilizaci\u00f3n de armas qu\u00edmicas por parte del Gobierno sirio gener\u00f3 hoy reacciones diversas en todo el mundo. Aqu\u00ed, algunas de las m\u00e1s importantes: VLADIMIR PUTIN: El presidente ruso acus\u00f3 a\" \/>\n\t\t<meta name=\"twitter:image\" content=\"https:\/\/www.eldigitaldeasturias.com\/noticias\/wp-content\/uploads\/2020\/12\/EDA-1.jpg\" \/>\n\t\t<meta name=\"twitter:label1\" content=\"Escrito por\" \/>\n\t\t<meta name=\"twitter:data1\" content=\"El Digital de Asturias\" \/>\n\t\t<meta name=\"twitter:label2\" content=\"Tiempo de lectura estimado\" \/>\n\t\t<meta name=\"twitter:data2\" content=\"4 minutos\" \/>\n\t\t<script type=\"application\/ld+json\" class=\"aioseo-schema\">\n\t\t\t{\"@context\":\"https:\\\/\\\/schema.org\",\"@graph\":[{\"@type\":\"BlogPosting\",\"@id\":\"https:\\\/\\\/www.eldigitaldeasturias.com\\\/noticias\\\/el-bombardeo-en-siria-divide-a-occidente-y-oriente\\\/#blogposting\",\"name\":\"El bombardeo en Siria divide a Occidente y Oriente - El Digital de Asturias\",\"headline\":\"El bombardeo en Siria divide a Occidente y Oriente\",\"author\":{\"@id\":\"https:\\\/\\\/www.eldigitaldeasturias.com\\\/noticias\\\/author\\\/admin\\\/#author\"},\"publisher\":{\"@id\":\"https:\\\/\\\/www.eldigitaldeasturias.com\\\/noticias\\\/#organization\"},\"image\":{\"@type\":\"ImageObject\",\"url\":969687},\"datePublished\":\"2018-04-15T04:29:08+02:00\",\"dateModified\":\"2018-04-15T04:29:08+02:00\",\"inLanguage\":\"es-ES\",\"mainEntityOfPage\":{\"@id\":\"https:\\\/\\\/www.eldigitaldeasturias.com\\\/noticias\\\/el-bombardeo-en-siria-divide-a-occidente-y-oriente\\\/#webpage\"},\"isPartOf\":{\"@id\":\"https:\\\/\\\/www.eldigitaldeasturias.com\\\/noticias\\\/el-bombardeo-en-siria-divide-a-occidente-y-oriente\\\/#webpage\"},\"articleSection\":\"Actualidad\"},{\"@type\":\"BreadcrumbList\",\"@id\":\"https:\\\/\\\/www.eldigitaldeasturias.com\\\/noticias\\\/el-bombardeo-en-siria-divide-a-occidente-y-oriente\\\/#breadcrumblist\",\"itemListElement\":[{\"@type\":\"ListItem\",\"@id\":\"https:\\\/\\\/www.eldigitaldeasturias.com\\\/noticias#listItem\",\"position\":1,\"name\":\"Home\",\"item\":\"https:\\\/\\\/www.eldigitaldeasturias.com\\\/noticias\",\"nextItem\":{\"@type\":\"ListItem\",\"@id\":\"https:\\\/\\\/www.eldigitaldeasturias.com\\\/noticias\\\/category\\\/actualidad\\\/#listItem\",\"name\":\"Actualidad\"}},{\"@type\":\"ListItem\",\"@id\":\"https:\\\/\\\/www.eldigitaldeasturias.com\\\/noticias\\\/category\\\/actualidad\\\/#listItem\",\"position\":2,\"name\":\"Actualidad\",\"item\":\"https:\\\/\\\/www.eldigitaldeasturias.com\\\/noticias\\\/category\\\/actualidad\\\/\",\"nextItem\":{\"@type\":\"ListItem\",\"@id\":\"https:\\\/\\\/www.eldigitaldeasturias.com\\\/noticias\\\/el-bombardeo-en-siria-divide-a-occidente-y-oriente\\\/#listItem\",\"name\":\"El bombardeo en Siria divide a Occidente y Oriente\"},\"previousItem\":{\"@type\":\"ListItem\",\"@id\":\"https:\\\/\\\/www.eldigitaldeasturias.com\\\/noticias#listItem\",\"name\":\"Home\"}},{\"@type\":\"ListItem\",\"@id\":\"https:\\\/\\\/www.eldigitaldeasturias.com\\\/noticias\\\/el-bombardeo-en-siria-divide-a-occidente-y-oriente\\\/#listItem\",\"position\":3,\"name\":\"El bombardeo en Siria divide a Occidente y Oriente\",\"previousItem\":{\"@type\":\"ListItem\",\"@id\":\"https:\\\/\\\/www.eldigitaldeasturias.com\\\/noticias\\\/category\\\/actualidad\\\/#listItem\",\"name\":\"Actualidad\"}}]},{\"@type\":\"Organization\",\"@id\":\"https:\\\/\\\/www.eldigitaldeasturias.com\\\/noticias\\\/#organization\",\"name\":\"El Digital de Asturias\",\"description\":\"Hemeroteca\",\"url\":\"https:\\\/\\\/www.eldigitaldeasturias.com\\\/noticias\\\/\",\"email\":\"info@eldigitaldeasturias.com\",\"telephone\":\"+34652131393\",\"logo\":{\"@type\":\"ImageObject\",\"url\":\"https:\\\/\\\/www.eldigitaldeasturias.com\\\/noticias\\\/wp-content\\\/uploads\\\/2020\\\/12\\\/EDA.jpg\",\"@id\":\"https:\\\/\\\/www.eldigitaldeasturias.com\\\/noticias\\\/el-bombardeo-en-siria-divide-a-occidente-y-oriente\\\/#organizationLogo\"},\"image\":{\"@id\":\"https:\\\/\\\/www.eldigitaldeasturias.com\\\/noticias\\\/el-bombardeo-en-siria-divide-a-occidente-y-oriente\\\/#organizationLogo\"},\"sameAs\":[\"https:\\\/\\\/facebook.com\\\/eldigitaldeasturias\",\"https:\\\/\\\/www.youtube.com\\\/channel\\\/UCZP-2wLEB9Rv6erhFmqVnvg\"],\"address\":{\"@id\":\"https:\\\/\\\/www.eldigitaldeasturias.com\\\/noticias\\\/#postaladdress\",\"@type\":\"PostalAddress\",\"streetAddress\":\"san antonio 4\",\"postalCode\":\"33430\",\"addressLocality\":\"Cand\\u00e1s\",\"addressRegion\":\"Asturias\",\"addressCountry\":\"ES\"}},{\"@type\":\"Person\",\"@id\":\"https:\\\/\\\/www.eldigitaldeasturias.com\\\/noticias\\\/author\\\/admin\\\/#author\",\"url\":\"https:\\\/\\\/www.eldigitaldeasturias.com\\\/noticias\\\/author\\\/admin\\\/\",\"name\":\"El Digital de Asturias\",\"image\":{\"@type\":\"ImageObject\",\"@id\":\"https:\\\/\\\/www.eldigitaldeasturias.com\\\/noticias\\\/el-bombardeo-en-siria-divide-a-occidente-y-oriente\\\/#authorImage\",\"url\":\"https:\\\/\\\/secure.gravatar.com\\\/avatar\\\/df2aeffc32bcd13f8d26072ef8a91b623d677766deac7f97ca815868cd41bf5e?s=96&d=mm&r=g\",\"width\":96,\"height\":96,\"caption\":\"El Digital de Asturias\"}},{\"@type\":\"WebPage\",\"@id\":\"https:\\\/\\\/www.eldigitaldeasturias.com\\\/noticias\\\/el-bombardeo-en-siria-divide-a-occidente-y-oriente\\\/#webpage\",\"url\":\"https:\\\/\\\/www.eldigitaldeasturias.com\\\/noticias\\\/el-bombardeo-en-siria-divide-a-occidente-y-oriente\\\/\",\"name\":\"El bombardeo en Siria divide a Occidente y Oriente - El Digital de Asturias\",\"description\":\"Washington\\\/Par\\u00eds\\\/Bruselas\\\/Lima, 14 abr (dpa) - El bombardeo de Estados Unidos, Francia y Reino Unido contra objetivos en Siria esta madrugada en represalia por la supuesta utilizaci\\u00f3n de armas qu\\u00edmicas por parte del Gobierno sirio gener\\u00f3 hoy reacciones diversas en todo el mundo. Aqu\\u00ed, algunas de las m\\u00e1s importantes: VLADIMIR PUTIN: El presidente ruso acus\\u00f3 a\",\"inLanguage\":\"es-ES\",\"isPartOf\":{\"@id\":\"https:\\\/\\\/www.eldigitaldeasturias.com\\\/noticias\\\/#website\"},\"breadcrumb\":{\"@id\":\"https:\\\/\\\/www.eldigitaldeasturias.com\\\/noticias\\\/el-bombardeo-en-siria-divide-a-occidente-y-oriente\\\/#breadcrumblist\"},\"author\":{\"@id\":\"https:\\\/\\\/www.eldigitaldeasturias.com\\\/noticias\\\/author\\\/admin\\\/#author\"},\"creator\":{\"@id\":\"https:\\\/\\\/www.eldigitaldeasturias.com\\\/noticias\\\/author\\\/admin\\\/#author\"},\"image\":{\"@type\":\"ImageObject\",\"url\":969687,\"@id\":\"https:\\\/\\\/www.eldigitaldeasturias.com\\\/noticias\\\/el-bombardeo-en-siria-divide-a-occidente-y-oriente\\\/#mainImage\"},\"primaryImageOfPage\":{\"@id\":\"https:\\\/\\\/www.eldigitaldeasturias.com\\\/noticias\\\/el-bombardeo-en-siria-divide-a-occidente-y-oriente\\\/#mainImage\"},\"datePublished\":\"2018-04-15T04:29:08+02:00\",\"dateModified\":\"2018-04-15T04:29:08+02:00\"},{\"@type\":\"WebSite\",\"@id\":\"https:\\\/\\\/www.eldigitaldeasturias.com\\\/noticias\\\/#website\",\"url\":\"https:\\\/\\\/www.eldigitaldeasturias.com\\\/noticias\\\/\",\"name\":\"El Digital de Asturias - Diario de actualidad y noticias\",\"alternateName\":\"El Digital de Asturias - Diario de actualidad y noticias\",\"description\":\"Hemeroteca\",\"inLanguage\":\"es-ES\",\"publisher\":{\"@id\":\"https:\\\/\\\/www.eldigitaldeasturias.com\\\/noticias\\\/#organization\"}}]}\n\t\t<\/script>\n\t\t<!-- All in One SEO Pro -->\r\n\t\t<title>El bombardeo en Siria divide a Occidente y Oriente - El Digital de Asturias<\/title>\n\n","aioseo_head_json":{"title":"El bombardeo en Siria divide a Occidente y Oriente - El Digital de Asturias","description":"Washington\/Par\u00eds\/Bruselas\/Lima, 14 abr (dpa) - El bombardeo de Estados Unidos, Francia y Reino Unido contra objetivos en Siria esta madrugada en represalia por la supuesta utilizaci\u00f3n de armas qu\u00edmicas por parte del Gobierno sirio gener\u00f3 hoy reacciones diversas en todo el mundo. Aqu\u00ed, algunas de las m\u00e1s importantes: VLADIMIR PUTIN: El presidente ruso acus\u00f3 a","canonical_url":"https:\/\/www.eldigitaldeasturias.com\/noticias\/el-bombardeo-en-siria-divide-a-occidente-y-oriente\/","robots":"max-image-preview:large","keywords":"actualidad","webmasterTools":{"google-site-verification":"UA-38556648-1","msvalidate.01":"7dfe9f3f1b24437ab69f4f2559babe99","miscellaneous":""},"schema":{"@context":"https:\/\/schema.org","@graph":[{"@type":"BlogPosting","@id":"https:\/\/www.eldigitaldeasturias.com\/noticias\/el-bombardeo-en-siria-divide-a-occidente-y-oriente\/#blogposting","name":"El bombardeo en Siria divide a Occidente y Oriente - El Digital de Asturias","headline":"El bombardeo en Siria divide a Occidente y Oriente","author":{"@id":"https:\/\/www.eldigitaldeasturias.com\/noticias\/author\/admin\/#author"},"publisher":{"@id":"https:\/\/www.eldigitaldeasturias.com\/noticias\/#organization"},"image":{"@type":"ImageObject","url":969687},"datePublished":"2018-04-15T04:29:08+02:00","dateModified":"2018-04-15T04:29:08+02:00","inLanguage":"es-ES","mainEntityOfPage":{"@id":"https:\/\/www.eldigitaldeasturias.com\/noticias\/el-bombardeo-en-siria-divide-a-occidente-y-oriente\/#webpage"},"isPartOf":{"@id":"https:\/\/www.eldigitaldeasturias.com\/noticias\/el-bombardeo-en-siria-divide-a-occidente-y-oriente\/#webpage"},"articleSection":"Actualidad"},{"@type":"BreadcrumbList","@id":"https:\/\/www.eldigitaldeasturias.com\/noticias\/el-bombardeo-en-siria-divide-a-occidente-y-oriente\/#breadcrumblist","itemListElement":[{"@type":"ListItem","@id":"https:\/\/www.eldigitaldeasturias.com\/noticias#listItem","position":1,"name":"Home","item":"https:\/\/www.eldigitaldeasturias.com\/noticias","nextItem":{"@type":"ListItem","@id":"https:\/\/www.eldigitaldeasturias.com\/noticias\/category\/actualidad\/#listItem","name":"Actualidad"}},{"@type":"ListItem","@id":"https:\/\/www.eldigitaldeasturias.com\/noticias\/category\/actualidad\/#listItem","position":2,"name":"Actualidad","item":"https:\/\/www.eldigitaldeasturias.com\/noticias\/category\/actualidad\/","nextItem":{"@type":"ListItem","@id":"https:\/\/www.eldigitaldeasturias.com\/noticias\/el-bombardeo-en-siria-divide-a-occidente-y-oriente\/#listItem","name":"El bombardeo en Siria divide a Occidente y Oriente"},"previousItem":{"@type":"ListItem","@id":"https:\/\/www.eldigitaldeasturias.com\/noticias#listItem","name":"Home"}},{"@type":"ListItem","@id":"https:\/\/www.eldigitaldeasturias.com\/noticias\/el-bombardeo-en-siria-divide-a-occidente-y-oriente\/#listItem","position":3,"name":"El bombardeo en Siria divide a Occidente y Oriente","previousItem":{"@type":"ListItem","@id":"https:\/\/www.eldigitaldeasturias.com\/noticias\/category\/actualidad\/#listItem","name":"Actualidad"}}]},{"@type":"Organization","@id":"https:\/\/www.eldigitaldeasturias.com\/noticias\/#organization","name":"El Digital de Asturias","description":"Hemeroteca","url":"https:\/\/www.eldigitaldeasturias.com\/noticias\/","email":"info@eldigitaldeasturias.com","telephone":"+34652131393","logo":{"@type":"ImageObject","url":"https:\/\/www.eldigitaldeasturias.com\/noticias\/wp-content\/uploads\/2020\/12\/EDA.jpg","@id":"https:\/\/www.eldigitaldeasturias.com\/noticias\/el-bombardeo-en-siria-divide-a-occidente-y-oriente\/#organizationLogo"},"image":{"@id":"https:\/\/www.eldigitaldeasturias.com\/noticias\/el-bombardeo-en-siria-divide-a-occidente-y-oriente\/#organizationLogo"},"sameAs":["https:\/\/facebook.com\/eldigitaldeasturias","https:\/\/www.youtube.com\/channel\/UCZP-2wLEB9Rv6erhFmqVnvg"],"address":{"@id":"https:\/\/www.eldigitaldeasturias.com\/noticias\/#postaladdress","@type":"PostalAddress","streetAddress":"san antonio 4","postalCode":"33430","addressLocality":"Cand\u00e1s","addressRegion":"Asturias","addressCountry":"ES"}},{"@type":"Person","@id":"https:\/\/www.eldigitaldeasturias.com\/noticias\/author\/admin\/#author","url":"https:\/\/www.eldigitaldeasturias.com\/noticias\/author\/admin\/","name":"El Digital de Asturias","image":{"@type":"ImageObject","@id":"https:\/\/www.eldigitaldeasturias.com\/noticias\/el-bombardeo-en-siria-divide-a-occidente-y-oriente\/#authorImage","url":"https:\/\/secure.gravatar.com\/avatar\/df2aeffc32bcd13f8d26072ef8a91b623d677766deac7f97ca815868cd41bf5e?s=96&d=mm&r=g","width":96,"height":96,"caption":"El Digital de Asturias"}},{"@type":"WebPage","@id":"https:\/\/www.eldigitaldeasturias.com\/noticias\/el-bombardeo-en-siria-divide-a-occidente-y-oriente\/#webpage","url":"https:\/\/www.eldigitaldeasturias.com\/noticias\/el-bombardeo-en-siria-divide-a-occidente-y-oriente\/","name":"El bombardeo en Siria divide a Occidente y Oriente - El Digital de Asturias","description":"Washington\/Par\u00eds\/Bruselas\/Lima, 14 abr (dpa) - El bombardeo de Estados Unidos, Francia y Reino Unido contra objetivos en Siria esta madrugada en represalia por la supuesta utilizaci\u00f3n de armas qu\u00edmicas por parte del Gobierno sirio gener\u00f3 hoy reacciones diversas en todo el mundo. Aqu\u00ed, algunas de las m\u00e1s importantes: VLADIMIR PUTIN: El presidente ruso acus\u00f3 a","inLanguage":"es-ES","isPartOf":{"@id":"https:\/\/www.eldigitaldeasturias.com\/noticias\/#website"},"breadcrumb":{"@id":"https:\/\/www.eldigitaldeasturias.com\/noticias\/el-bombardeo-en-siria-divide-a-occidente-y-oriente\/#breadcrumblist"},"author":{"@id":"https:\/\/www.eldigitaldeasturias.com\/noticias\/author\/admin\/#author"},"creator":{"@id":"https:\/\/www.eldigitaldeasturias.com\/noticias\/author\/admin\/#author"},"image":{"@type":"ImageObject","url":969687,"@id":"https:\/\/www.eldigitaldeasturias.com\/noticias\/el-bombardeo-en-siria-divide-a-occidente-y-oriente\/#mainImage"},"primaryImageOfPage":{"@id":"https:\/\/www.eldigitaldeasturias.com\/noticias\/el-bombardeo-en-siria-divide-a-occidente-y-oriente\/#mainImage"},"datePublished":"2018-04-15T04:29:08+02:00","dateModified":"2018-04-15T04:29:08+02:00"},{"@type":"WebSite","@id":"https:\/\/www.eldigitaldeasturias.com\/noticias\/#website","url":"https:\/\/www.eldigitaldeasturias.com\/noticias\/","name":"El Digital de Asturias - Diario de actualidad y noticias","alternateName":"El Digital de Asturias - Diario de actualidad y noticias","description":"Hemeroteca","inLanguage":"es-ES","publisher":{"@id":"https:\/\/www.eldigitaldeasturias.com\/noticias\/#organization"}}]},"og:locale":"es_ES","og:site_name":"El Digital de Asturias","og:type":"article","og:title":"El bombardeo en Siria divide a Occidente y Oriente - El Digital de Asturias","og:description":"Washington\/Par\u00eds\/Bruselas\/Lima, 14 abr (dpa) - El bombardeo de Estados Unidos, Francia y Reino Unido contra objetivos en Siria esta madrugada en represalia por la supuesta utilizaci\u00f3n de armas qu\u00edmicas por parte del Gobierno sirio gener\u00f3 hoy reacciones diversas en todo el mundo. Aqu\u00ed, algunas de las m\u00e1s importantes: VLADIMIR PUTIN: El presidente ruso acus\u00f3 a","og:url":"https:\/\/www.eldigitaldeasturias.com\/noticias\/el-bombardeo-en-siria-divide-a-occidente-y-oriente\/","article:tag":["actualidad"],"article:published_time":"2018-04-15T04:29:08+00:00","article:modified_time":"2018-04-15T04:29:08+00:00","article:publisher":"https:\/\/facebook.com\/eldigitaldeasturias","twitter:card":"summary_large_image","twitter:title":"El bombardeo en Siria divide a Occidente y Oriente - El Digital de Asturias","twitter:description":"Washington\/Par\u00eds\/Bruselas\/Lima, 14 abr (dpa) - El bombardeo de Estados Unidos, Francia y Reino Unido contra objetivos en Siria esta madrugada en represalia por la supuesta utilizaci\u00f3n de armas qu\u00edmicas por parte del Gobierno sirio gener\u00f3 hoy reacciones diversas en todo el mundo. Aqu\u00ed, algunas de las m\u00e1s importantes: VLADIMIR PUTIN: El presidente ruso acus\u00f3 a","twitter:image":"https:\/\/www.eldigitaldeasturias.com\/noticias\/wp-content\/uploads\/2020\/12\/EDA-1.jpg","twitter:label1":"Escrito por","twitter:data1":"El Digital de Asturias","twitter:label2":"Tiempo de lectura estimado","twitter:data2":"4 minutos"},"aioseo_meta_data":{"post_id":"976075","title":null,"description":null,"keywords":null,"keyphrases":null,"primary_term":null,"canonical_url":null,"og_title":null,"og_description":null,"og_object_type":"default","og_image_type":"default","og_image_url":null,"og_image_width":null,"og_image_height":null,"og_image_custom_url":null,"og_image_custom_fields":null,"og_video":null,"og_custom_url":null,"og_article_section":null,"og_article_tags":null,"twitter_use_og":false,"twitter_card":"default","twitter_image_type":"default","twitter_image_url":null,"twitter_image_custom_url":null,"twitter_image_custom_fields":null,"twitter_title":null,"twitter_description":null,"schema":{"blockGraphs":[],"customGraphs":[],"default":{"data":{"Article":[],"Course":[],"Dataset":[],"FAQPage":[],"Movie":[],"Person":[],"Product":[],"ProductReview":[],"Car":[],"Recipe":[],"Service":[],"SoftwareApplication":[],"WebPage":[]},"graphName":"","isEnabled":true},"graphs":[],"defaultGraph":"","defaultPostTypeGraph":""},"schema_type":null,"schema_type_options":null,"pillar_content":false,"robots_default":true,"robots_noindex":false,"robots_noarchive":false,"robots_nosnippet":false,"robots_nofollow":false,"robots_noimageindex":false,"robots_noodp":false,"robots_notranslate":false,"robots_max_snippet":null,"robots_max_videopreview":null,"robots_max_imagepreview":"large","priority":null,"frequency":null,"local_seo":null,"seo_analyzer_scan_date":"2025-10-08 02:32:13","breadcrumb_settings":null,"limit_modified_date":false,"open_ai":null,"ai":null,"created":"2020-12-21 12:09:40","updated":"2025-10-08 02:32:13","focus_keyword":null,"additional_keywords":null,"truseo_locale":null},"aioseo_breadcrumb":"<div class=\"aioseo-breadcrumbs\"><span class=\"aioseo-breadcrumb\">\n\t<a href=\"https:\/\/www.eldigitaldeasturias.com\/noticias\" title=\"Home\">Home<\/a>\n<\/span><span class=\"aioseo-breadcrumb-separator\">\u2013<\/span><span class=\"aioseo-breadcrumb\">\n\t<a href=\"https:\/\/www.eldigitaldeasturias.com\/noticias\/category\/actualidad\/\" title=\"Actualidad\">Actualidad<\/a>\n<\/span><span class=\"aioseo-breadcrumb-separator\">\u2013<\/span><span class=\"aioseo-breadcrumb\">\n\t<a href=\"https:\/\/www.eldigitaldeasturias.com\/noticias\/el-bombardeo-en-siria-divide-a-occidente-y-oriente\/\" title=\"El bombardeo en Siria divide a Occidente y Oriente\">El bombardeo en Siria divide a Occidente y Oriente<\/a>\n<\/span><\/div>","aioseo_breadcrumb_json":[{"label":"Home","link":"https:\/\/www.eldigitaldeasturias.com\/noticias"},{"label":"Actualidad","link":"https:\/\/www.eldigitaldeasturias.com\/noticias\/category\/actualidad\/"},{"label":"El bombardeo en Siria divide a Occidente y Oriente","link":"https:\/\/www.eldigitaldeasturias.com\/noticias\/el-bombardeo-en-siria-divide-a-occidente-y-oriente\/"}],"_links":{"self":[{"href":"https:\/\/www.eldigitaldeasturias.com\/noticias\/wp-json\/wp\/v2\/posts\/976075","targetHints":{"allow":["GET"]}}],"collection":[{"href":"https:\/\/www.eldigitaldeasturias.com\/noticias\/wp-json\/wp\/v2\/posts"}],"about":[{"href":"https:\/\/www.eldigitaldeasturias.com\/noticias\/wp-json\/wp\/v2\/types\/post"}],"author":[{"embeddable":true,"href":"https:\/\/www.eldigitaldeasturias.com\/noticias\/wp-json\/wp\/v2\/users\/1"}],"replies":[{"embeddable":true,"href":"https:\/\/www.eldigitaldeasturias.com\/noticias\/wp-json\/wp\/v2\/comments?post=976075"}],"version-history":[{"count":0,"href":"https:\/\/www.eldigitaldeasturias.com\/noticias\/wp-json\/wp\/v2\/posts\/976075\/revisions"}],"wp:attachment":[{"href":"https:\/\/www.eldigitaldeasturias.com\/noticias\/wp-json\/wp\/v2\/media?parent=976075"}],"wp:term":[{"taxonomy":"category","embeddable":true,"href":"https:\/\/www.eldigitaldeasturias.com\/noticias\/wp-json\/wp\/v2\/categories?post=976075"},{"taxonomy":"post_tag","embeddable":true,"href":"https:\/\/www.eldigitaldeasturias.com\/noticias\/wp-json\/wp\/v2\/tags?post=976075"}],"curies":[{"name":"wp","href":"https:\/\/api.w.org\/{rel}","templated":true}]}}