{"id":976071,"date":"2018-04-15T04:24:30","date_gmt":"2018-04-15T04:24:30","guid":{"rendered":"http:\/\/www.eldigitaldeasturias.com\/noticias\/?p=976071"},"modified":"2018-04-15T04:24:30","modified_gmt":"2018-04-15T04:24:30","slug":"nicolas-maduro-la-cumbre-ha-sido-un-fracaso-total","status":"publish","type":"post","link":"https:\/\/www.eldigitaldeasturias.com\/noticias\/nicolas-maduro-la-cumbre-ha-sido-un-fracaso-total\/","title":{"rendered":"Nicol\u00e1s Maduro: \u201cLa cumbre ha sido un fracaso total\u00bb"},"content":{"rendered":"<p><img loading=\"lazy\" decoding=\"async\" class=\"alignleft size-medium wp-image-485917\" src=\"https:\/\/www.eldigitaldeasturias.com\/noticias\/wp-content\/uploads\/2014\/02\/5919099w-360x240.jpg\" alt=\"\" width=\"360\" height=\"240\" \/>Caracas, 14 abr (dpa) \u2013 El presidente de Venezuela, Nicol\u00e1s Maduro, proclam\u00f3 hoy el fracaso \u00abtotal\u00bb de la Cumbre de las Am\u00e9rica de Lima, en la que la crisis venezolana fue tema principal de debate.<\/p>\n<p>\u00abTodo el que se mete con Venezuela se seca, pretendieron excluirnos de la cumbre y lo que hicieron fue fracasar. La cumbre ha sido un fracaso total\u00bb, dijo en un discurso tras una marcha contra el imperialismo en Caracas.<\/p>\n<p>Se\u00f1al\u00f3 que en la cumbre solo hubo discursos huecos de algunos presidentes sin pueblo y \u00absicarios antipopulares, de rodillas al imperialismo\u00bb.<\/p>\n<p>\u00abYo me siento un presidente pueblo, lleno de amor por ustedes. Me siento un presidente amado, curtido en la lucha en todos los a\u00f1os que nos ha tocado, en la batalla diaria contra el imperialismo\u00bb, afirm\u00f3.<\/p>\n<p>Adem\u00e1s Maduro pidi\u00f3 apoyo de sus seguidores para las elecciones del 20 de mayo, cuando buscar\u00e1 una reelecci\u00f3n, en unos comicios cuestionados por la oposici\u00f3n.<\/p>\n<p>\u00abUno ve a un (presidente Mauricio) Macri, a un presidente no elegido Michel Temer de Brasil y a un Juan Manuel Santos de Colombia hablar de Venezuela y verdaderamente da verg\u00fcenza, pena. Por eso los felicito por haberse lanzado a la calle otra vez a decir aqu\u00ed estamos juntos, como siempre, aqu\u00ed estamos los valientes, los patriotas\u00bb, asever\u00f3.<\/p>\n<p>Agreg\u00f3 que los presidentes de la regi\u00f3n pretenden ver a los venezolanos \u00abpor encima del hombro\u00bb. \u00abEllos, con su prepotencia, siempre nos han subestimado\u00bb, a\u00f1adi\u00f3.<\/p>\n","protected":false},"excerpt":{"rendered":"<p>Caracas, 14 abr (dpa) \u2013 El presidente de Venezuela, Nicol\u00e1s Maduro, proclam\u00f3 hoy el fracaso \u00abtotal\u00bb de la Cumbre de las Am\u00e9rica de Lima, en la que la crisis venezolana fue tema principal de debate. \u00abTodo el que se mete con Venezuela se seca, pretendieron excluirnos de la cumbre y lo que hicieron fue fracasar. [&hellip;]<\/p>\n","protected":false},"author":1,"featured_media":485917,"comment_status":"closed","ping_status":"closed","sticky":false,"template":"","format":"standard","meta":{"footnotes":""},"categories":[1],"tags":[],"class_list":["post-976071","post","type-post","status-publish","format-standard","has-post-thumbnail","hentry","category-actualidad"],"aioseo_notices":[],"aioseo_head":"\n\t\t<!-- All in One SEO Pro 5.0.1 - aioseo.com -->\n\t<meta name=\"description\" content=\"Caracas, 14 abr (dpa) \u2013 El presidente de Venezuela, Nicol\u00e1s Maduro, proclam\u00f3 hoy el fracaso &quot;total&quot; de la Cumbre de las Am\u00e9rica de Lima, en la que la crisis venezolana fue tema principal de debate. &quot;Todo el que se mete con Venezuela se seca, pretendieron excluirnos de la cumbre y lo que hicieron fue fracasar.\" \/>\n\t<meta name=\"robots\" content=\"max-image-preview:large\" \/>\n\t<meta name=\"author\" content=\"El Digital de Asturias\"\/>\n\t<meta name=\"google-site-verification\" content=\"UA-38556648-1\" \/>\n\t<meta name=\"msvalidate.01\" content=\"7dfe9f3f1b24437ab69f4f2559babe99\" \/>\n\t<meta name=\"keywords\" content=\"actualidad\" \/>\n\t<link rel=\"canonical\" href=\"https:\/\/www.eldigitaldeasturias.com\/noticias\/nicolas-maduro-la-cumbre-ha-sido-un-fracaso-total\/\" \/>\n\t<meta name=\"generator\" content=\"All in One SEO Pro (AIOSEO) 5.0.1\" \/>\n\t\t<meta property=\"og:locale\" content=\"es_ES\" \/>\n\t\t<meta property=\"og:site_name\" content=\"El Digital de Asturias\" \/>\n\t\t<meta property=\"og:type\" content=\"article\" \/>\n\t\t<meta property=\"og:title\" content=\"Nicol\u00e1s Maduro: \u201cLa cumbre ha sido un fracaso total\u00bb - El Digital de Asturias\" \/>\n\t\t<meta property=\"og:description\" content=\"Caracas, 14 abr (dpa) \u2013 El presidente de Venezuela, Nicol\u00e1s Maduro, proclam\u00f3 hoy el fracaso &quot;total&quot; de la Cumbre de las Am\u00e9rica de Lima, en la que la crisis venezolana fue tema principal de debate. &quot;Todo el que se mete con Venezuela se seca, pretendieron excluirnos de la cumbre y lo que hicieron fue fracasar.\" \/>\n\t\t<meta property=\"og:url\" content=\"https:\/\/www.eldigitaldeasturias.com\/noticias\/nicolas-maduro-la-cumbre-ha-sido-un-fracaso-total\/\" \/>\n\t\t<meta property=\"article:tag\" content=\"actualidad\" \/>\n\t\t<meta property=\"article:published_time\" content=\"2018-04-15T04:24:30+00:00\" \/>\n\t\t<meta property=\"article:modified_time\" content=\"2018-04-15T04:24:30+00:00\" \/>\n\t\t<meta property=\"article:publisher\" content=\"https:\/\/facebook.com\/eldigitaldeasturias\" \/>\n\t\t<meta name=\"twitter:card\" content=\"summary_large_image\" \/>\n\t\t<meta name=\"twitter:title\" content=\"Nicol\u00e1s Maduro: \u201cLa cumbre ha sido un fracaso total\u00bb - El Digital de Asturias\" \/>\n\t\t<meta name=\"twitter:description\" content=\"Caracas, 14 abr (dpa) \u2013 El presidente de Venezuela, Nicol\u00e1s Maduro, proclam\u00f3 hoy el fracaso &quot;total&quot; de la Cumbre de las Am\u00e9rica de Lima, en la que la crisis venezolana fue tema principal de debate. &quot;Todo el que se mete con Venezuela se seca, pretendieron excluirnos de la cumbre y lo que hicieron fue fracasar.\" \/>\n\t\t<meta name=\"twitter:image\" content=\"https:\/\/www.eldigitaldeasturias.com\/noticias\/wp-content\/uploads\/2020\/12\/EDA-1.jpg\" \/>\n\t\t<meta name=\"twitter:label1\" content=\"Escrito por\" \/>\n\t\t<meta name=\"twitter:data1\" content=\"El Digital de Asturias\" \/>\n\t\t<meta name=\"twitter:label2\" content=\"Tiempo de lectura estimado\" \/>\n\t\t<meta name=\"twitter:data2\" content=\"1 minuto\" \/>\n\t\t<script type=\"application\/ld+json\" class=\"aioseo-schema\">\n\t\t\t{\"@context\":\"https:\\\/\\\/schema.org\",\"@graph\":[{\"@type\":\"BlogPosting\",\"@id\":\"https:\\\/\\\/www.eldigitaldeasturias.com\\\/noticias\\\/nicolas-maduro-la-cumbre-ha-sido-un-fracaso-total\\\/#blogposting\",\"name\":\"Nicol\\u00e1s Maduro: \\u201cLa cumbre ha sido un fracaso total\\u00bb - El Digital de Asturias\",\"headline\":\"Nicol\\u00e1s Maduro: \\u201cLa cumbre ha sido un fracaso total\\u00bb\",\"author\":{\"@id\":\"https:\\\/\\\/www.eldigitaldeasturias.com\\\/noticias\\\/author\\\/admin\\\/#author\"},\"publisher\":{\"@id\":\"https:\\\/\\\/www.eldigitaldeasturias.com\\\/noticias\\\/#organization\"},\"image\":{\"@type\":\"ImageObject\",\"url\":485917},\"datePublished\":\"2018-04-15T04:24:30+02:00\",\"dateModified\":\"2018-04-15T04:24:30+02:00\",\"inLanguage\":\"es-ES\",\"mainEntityOfPage\":{\"@id\":\"https:\\\/\\\/www.eldigitaldeasturias.com\\\/noticias\\\/nicolas-maduro-la-cumbre-ha-sido-un-fracaso-total\\\/#webpage\"},\"isPartOf\":{\"@id\":\"https:\\\/\\\/www.eldigitaldeasturias.com\\\/noticias\\\/nicolas-maduro-la-cumbre-ha-sido-un-fracaso-total\\\/#webpage\"},\"articleSection\":\"Actualidad\"},{\"@type\":\"BreadcrumbList\",\"@id\":\"https:\\\/\\\/www.eldigitaldeasturias.com\\\/noticias\\\/nicolas-maduro-la-cumbre-ha-sido-un-fracaso-total\\\/#breadcrumblist\",\"itemListElement\":[{\"@type\":\"ListItem\",\"@id\":\"https:\\\/\\\/www.eldigitaldeasturias.com\\\/noticias#listItem\",\"position\":1,\"name\":\"Home\",\"item\":\"https:\\\/\\\/www.eldigitaldeasturias.com\\\/noticias\",\"nextItem\":{\"@type\":\"ListItem\",\"@id\":\"https:\\\/\\\/www.eldigitaldeasturias.com\\\/noticias\\\/category\\\/actualidad\\\/#listItem\",\"name\":\"Actualidad\"}},{\"@type\":\"ListItem\",\"@id\":\"https:\\\/\\\/www.eldigitaldeasturias.com\\\/noticias\\\/category\\\/actualidad\\\/#listItem\",\"position\":2,\"name\":\"Actualidad\",\"item\":\"https:\\\/\\\/www.eldigitaldeasturias.com\\\/noticias\\\/category\\\/actualidad\\\/\",\"nextItem\":{\"@type\":\"ListItem\",\"@id\":\"https:\\\/\\\/www.eldigitaldeasturias.com\\\/noticias\\\/nicolas-maduro-la-cumbre-ha-sido-un-fracaso-total\\\/#listItem\",\"name\":\"Nicol\\u00e1s Maduro: \\u201cLa cumbre ha sido un fracaso total\\u00bb\"},\"previousItem\":{\"@type\":\"ListItem\",\"@id\":\"https:\\\/\\\/www.eldigitaldeasturias.com\\\/noticias#listItem\",\"name\":\"Home\"}},{\"@type\":\"ListItem\",\"@id\":\"https:\\\/\\\/www.eldigitaldeasturias.com\\\/noticias\\\/nicolas-maduro-la-cumbre-ha-sido-un-fracaso-total\\\/#listItem\",\"position\":3,\"name\":\"Nicol\\u00e1s Maduro: \\u201cLa cumbre ha sido un fracaso total\\u00bb\",\"previousItem\":{\"@type\":\"ListItem\",\"@id\":\"https:\\\/\\\/www.eldigitaldeasturias.com\\\/noticias\\\/category\\\/actualidad\\\/#listItem\",\"name\":\"Actualidad\"}}]},{\"@type\":\"Organization\",\"@id\":\"https:\\\/\\\/www.eldigitaldeasturias.com\\\/noticias\\\/#organization\",\"name\":\"El Digital de Asturias\",\"description\":\"Hemeroteca\",\"url\":\"https:\\\/\\\/www.eldigitaldeasturias.com\\\/noticias\\\/\",\"email\":\"info@eldigitaldeasturias.com\",\"telephone\":\"+34652131393\",\"logo\":{\"@type\":\"ImageObject\",\"url\":\"https:\\\/\\\/www.eldigitaldeasturias.com\\\/noticias\\\/wp-content\\\/uploads\\\/2020\\\/12\\\/EDA.jpg\",\"@id\":\"https:\\\/\\\/www.eldigitaldeasturias.com\\\/noticias\\\/nicolas-maduro-la-cumbre-ha-sido-un-fracaso-total\\\/#organizationLogo\"},\"image\":{\"@id\":\"https:\\\/\\\/www.eldigitaldeasturias.com\\\/noticias\\\/nicolas-maduro-la-cumbre-ha-sido-un-fracaso-total\\\/#organizationLogo\"},\"sameAs\":[\"https:\\\/\\\/facebook.com\\\/eldigitaldeasturias\",\"https:\\\/\\\/www.youtube.com\\\/channel\\\/UCZP-2wLEB9Rv6erhFmqVnvg\"],\"address\":{\"@id\":\"https:\\\/\\\/www.eldigitaldeasturias.com\\\/noticias\\\/#postaladdress\",\"@type\":\"PostalAddress\",\"streetAddress\":\"san antonio 4\",\"postalCode\":\"33430\",\"addressLocality\":\"Cand\\u00e1s\",\"addressRegion\":\"Asturias\",\"addressCountry\":\"ES\"}},{\"@type\":\"Person\",\"@id\":\"https:\\\/\\\/www.eldigitaldeasturias.com\\\/noticias\\\/author\\\/admin\\\/#author\",\"url\":\"https:\\\/\\\/www.eldigitaldeasturias.com\\\/noticias\\\/author\\\/admin\\\/\",\"name\":\"El Digital de Asturias\",\"image\":{\"@type\":\"ImageObject\",\"@id\":\"https:\\\/\\\/www.eldigitaldeasturias.com\\\/noticias\\\/nicolas-maduro-la-cumbre-ha-sido-un-fracaso-total\\\/#authorImage\",\"url\":\"https:\\\/\\\/secure.gravatar.com\\\/avatar\\\/df2aeffc32bcd13f8d26072ef8a91b623d677766deac7f97ca815868cd41bf5e?s=96&d=mm&r=g\",\"width\":96,\"height\":96,\"caption\":\"El Digital de Asturias\"}},{\"@type\":\"WebPage\",\"@id\":\"https:\\\/\\\/www.eldigitaldeasturias.com\\\/noticias\\\/nicolas-maduro-la-cumbre-ha-sido-un-fracaso-total\\\/#webpage\",\"url\":\"https:\\\/\\\/www.eldigitaldeasturias.com\\\/noticias\\\/nicolas-maduro-la-cumbre-ha-sido-un-fracaso-total\\\/\",\"name\":\"Nicol\\u00e1s Maduro: \\u201cLa cumbre ha sido un fracaso total\\u00bb - El Digital de Asturias\",\"description\":\"Caracas, 14 abr (dpa) \\u2013 El presidente de Venezuela, Nicol\\u00e1s Maduro, proclam\\u00f3 hoy el fracaso \\\"total\\\" de la Cumbre de las Am\\u00e9rica de Lima, en la que la crisis venezolana fue tema principal de debate. \\\"Todo el que se mete con Venezuela se seca, pretendieron excluirnos de la cumbre y lo que hicieron fue fracasar.\",\"inLanguage\":\"es-ES\",\"isPartOf\":{\"@id\":\"https:\\\/\\\/www.eldigitaldeasturias.com\\\/noticias\\\/#website\"},\"breadcrumb\":{\"@id\":\"https:\\\/\\\/www.eldigitaldeasturias.com\\\/noticias\\\/nicolas-maduro-la-cumbre-ha-sido-un-fracaso-total\\\/#breadcrumblist\"},\"author\":{\"@id\":\"https:\\\/\\\/www.eldigitaldeasturias.com\\\/noticias\\\/author\\\/admin\\\/#author\"},\"creator\":{\"@id\":\"https:\\\/\\\/www.eldigitaldeasturias.com\\\/noticias\\\/author\\\/admin\\\/#author\"},\"image\":{\"@type\":\"ImageObject\",\"url\":485917,\"@id\":\"https:\\\/\\\/www.eldigitaldeasturias.com\\\/noticias\\\/nicolas-maduro-la-cumbre-ha-sido-un-fracaso-total\\\/#mainImage\"},\"primaryImageOfPage\":{\"@id\":\"https:\\\/\\\/www.eldigitaldeasturias.com\\\/noticias\\\/nicolas-maduro-la-cumbre-ha-sido-un-fracaso-total\\\/#mainImage\"},\"datePublished\":\"2018-04-15T04:24:30+02:00\",\"dateModified\":\"2018-04-15T04:24:30+02:00\"},{\"@type\":\"WebSite\",\"@id\":\"https:\\\/\\\/www.eldigitaldeasturias.com\\\/noticias\\\/#website\",\"url\":\"https:\\\/\\\/www.eldigitaldeasturias.com\\\/noticias\\\/\",\"name\":\"El Digital de Asturias - Diario de actualidad y noticias\",\"alternateName\":\"El Digital de Asturias - Diario de actualidad y noticias\",\"description\":\"Hemeroteca\",\"inLanguage\":\"es-ES\",\"publisher\":{\"@id\":\"https:\\\/\\\/www.eldigitaldeasturias.com\\\/noticias\\\/#organization\"}}]}\n\t\t<\/script>\n\t\t<!-- All in One SEO Pro -->\r\n\t\t<title>Nicol\u00e1s Maduro: \u201cLa cumbre ha sido un fracaso total\u00bb - El Digital de Asturias<\/title>\n\n","aioseo_head_json":{"title":"Nicol\u00e1s Maduro: \u201cLa cumbre ha sido un fracaso total\u00bb - El Digital de Asturias","description":"Caracas, 14 abr (dpa) \u2013 El presidente de Venezuela, Nicol\u00e1s Maduro, proclam\u00f3 hoy el fracaso \"total\" de la Cumbre de las Am\u00e9rica de Lima, en la que la crisis venezolana fue tema principal de debate. \"Todo el que se mete con Venezuela se seca, pretendieron excluirnos de la cumbre y lo que hicieron fue fracasar.","canonical_url":"https:\/\/www.eldigitaldeasturias.com\/noticias\/nicolas-maduro-la-cumbre-ha-sido-un-fracaso-total\/","robots":"max-image-preview:large","keywords":"actualidad","webmasterTools":{"google-site-verification":"UA-38556648-1","msvalidate.01":"7dfe9f3f1b24437ab69f4f2559babe99","miscellaneous":""},"schema":{"@context":"https:\/\/schema.org","@graph":[{"@type":"BlogPosting","@id":"https:\/\/www.eldigitaldeasturias.com\/noticias\/nicolas-maduro-la-cumbre-ha-sido-un-fracaso-total\/#blogposting","name":"Nicol\u00e1s Maduro: \u201cLa cumbre ha sido un fracaso total\u00bb - El Digital de Asturias","headline":"Nicol\u00e1s Maduro: \u201cLa cumbre ha sido un fracaso total\u00bb","author":{"@id":"https:\/\/www.eldigitaldeasturias.com\/noticias\/author\/admin\/#author"},"publisher":{"@id":"https:\/\/www.eldigitaldeasturias.com\/noticias\/#organization"},"image":{"@type":"ImageObject","url":485917},"datePublished":"2018-04-15T04:24:30+02:00","dateModified":"2018-04-15T04:24:30+02:00","inLanguage":"es-ES","mainEntityOfPage":{"@id":"https:\/\/www.eldigitaldeasturias.com\/noticias\/nicolas-maduro-la-cumbre-ha-sido-un-fracaso-total\/#webpage"},"isPartOf":{"@id":"https:\/\/www.eldigitaldeasturias.com\/noticias\/nicolas-maduro-la-cumbre-ha-sido-un-fracaso-total\/#webpage"},"articleSection":"Actualidad"},{"@type":"BreadcrumbList","@id":"https:\/\/www.eldigitaldeasturias.com\/noticias\/nicolas-maduro-la-cumbre-ha-sido-un-fracaso-total\/#breadcrumblist","itemListElement":[{"@type":"ListItem","@id":"https:\/\/www.eldigitaldeasturias.com\/noticias#listItem","position":1,"name":"Home","item":"https:\/\/www.eldigitaldeasturias.com\/noticias","nextItem":{"@type":"ListItem","@id":"https:\/\/www.eldigitaldeasturias.com\/noticias\/category\/actualidad\/#listItem","name":"Actualidad"}},{"@type":"ListItem","@id":"https:\/\/www.eldigitaldeasturias.com\/noticias\/category\/actualidad\/#listItem","position":2,"name":"Actualidad","item":"https:\/\/www.eldigitaldeasturias.com\/noticias\/category\/actualidad\/","nextItem":{"@type":"ListItem","@id":"https:\/\/www.eldigitaldeasturias.com\/noticias\/nicolas-maduro-la-cumbre-ha-sido-un-fracaso-total\/#listItem","name":"Nicol\u00e1s Maduro: \u201cLa cumbre ha sido un fracaso total\u00bb"},"previousItem":{"@type":"ListItem","@id":"https:\/\/www.eldigitaldeasturias.com\/noticias#listItem","name":"Home"}},{"@type":"ListItem","@id":"https:\/\/www.eldigitaldeasturias.com\/noticias\/nicolas-maduro-la-cumbre-ha-sido-un-fracaso-total\/#listItem","position":3,"name":"Nicol\u00e1s Maduro: \u201cLa cumbre ha sido un fracaso total\u00bb","previousItem":{"@type":"ListItem","@id":"https:\/\/www.eldigitaldeasturias.com\/noticias\/category\/actualidad\/#listItem","name":"Actualidad"}}]},{"@type":"Organization","@id":"https:\/\/www.eldigitaldeasturias.com\/noticias\/#organization","name":"El Digital de Asturias","description":"Hemeroteca","url":"https:\/\/www.eldigitaldeasturias.com\/noticias\/","email":"info@eldigitaldeasturias.com","telephone":"+34652131393","logo":{"@type":"ImageObject","url":"https:\/\/www.eldigitaldeasturias.com\/noticias\/wp-content\/uploads\/2020\/12\/EDA.jpg","@id":"https:\/\/www.eldigitaldeasturias.com\/noticias\/nicolas-maduro-la-cumbre-ha-sido-un-fracaso-total\/#organizationLogo"},"image":{"@id":"https:\/\/www.eldigitaldeasturias.com\/noticias\/nicolas-maduro-la-cumbre-ha-sido-un-fracaso-total\/#organizationLogo"},"sameAs":["https:\/\/facebook.com\/eldigitaldeasturias","https:\/\/www.youtube.com\/channel\/UCZP-2wLEB9Rv6erhFmqVnvg"],"address":{"@id":"https:\/\/www.eldigitaldeasturias.com\/noticias\/#postaladdress","@type":"PostalAddress","streetAddress":"san antonio 4","postalCode":"33430","addressLocality":"Cand\u00e1s","addressRegion":"Asturias","addressCountry":"ES"}},{"@type":"Person","@id":"https:\/\/www.eldigitaldeasturias.com\/noticias\/author\/admin\/#author","url":"https:\/\/www.eldigitaldeasturias.com\/noticias\/author\/admin\/","name":"El Digital de Asturias","image":{"@type":"ImageObject","@id":"https:\/\/www.eldigitaldeasturias.com\/noticias\/nicolas-maduro-la-cumbre-ha-sido-un-fracaso-total\/#authorImage","url":"https:\/\/secure.gravatar.com\/avatar\/df2aeffc32bcd13f8d26072ef8a91b623d677766deac7f97ca815868cd41bf5e?s=96&d=mm&r=g","width":96,"height":96,"caption":"El Digital de Asturias"}},{"@type":"WebPage","@id":"https:\/\/www.eldigitaldeasturias.com\/noticias\/nicolas-maduro-la-cumbre-ha-sido-un-fracaso-total\/#webpage","url":"https:\/\/www.eldigitaldeasturias.com\/noticias\/nicolas-maduro-la-cumbre-ha-sido-un-fracaso-total\/","name":"Nicol\u00e1s Maduro: \u201cLa cumbre ha sido un fracaso total\u00bb - El Digital de Asturias","description":"Caracas, 14 abr (dpa) \u2013 El presidente de Venezuela, Nicol\u00e1s Maduro, proclam\u00f3 hoy el fracaso \"total\" de la Cumbre de las Am\u00e9rica de Lima, en la que la crisis venezolana fue tema principal de debate. \"Todo el que se mete con Venezuela se seca, pretendieron excluirnos de la cumbre y lo que hicieron fue fracasar.","inLanguage":"es-ES","isPartOf":{"@id":"https:\/\/www.eldigitaldeasturias.com\/noticias\/#website"},"breadcrumb":{"@id":"https:\/\/www.eldigitaldeasturias.com\/noticias\/nicolas-maduro-la-cumbre-ha-sido-un-fracaso-total\/#breadcrumblist"},"author":{"@id":"https:\/\/www.eldigitaldeasturias.com\/noticias\/author\/admin\/#author"},"creator":{"@id":"https:\/\/www.eldigitaldeasturias.com\/noticias\/author\/admin\/#author"},"image":{"@type":"ImageObject","url":485917,"@id":"https:\/\/www.eldigitaldeasturias.com\/noticias\/nicolas-maduro-la-cumbre-ha-sido-un-fracaso-total\/#mainImage"},"primaryImageOfPage":{"@id":"https:\/\/www.eldigitaldeasturias.com\/noticias\/nicolas-maduro-la-cumbre-ha-sido-un-fracaso-total\/#mainImage"},"datePublished":"2018-04-15T04:24:30+02:00","dateModified":"2018-04-15T04:24:30+02:00"},{"@type":"WebSite","@id":"https:\/\/www.eldigitaldeasturias.com\/noticias\/#website","url":"https:\/\/www.eldigitaldeasturias.com\/noticias\/","name":"El Digital de Asturias - Diario de actualidad y noticias","alternateName":"El Digital de Asturias - Diario de actualidad y noticias","description":"Hemeroteca","inLanguage":"es-ES","publisher":{"@id":"https:\/\/www.eldigitaldeasturias.com\/noticias\/#organization"}}]},"og:locale":"es_ES","og:site_name":"El Digital de Asturias","og:type":"article","og:title":"Nicol\u00e1s Maduro: \u201cLa cumbre ha sido un fracaso total\u00bb - El Digital de Asturias","og:description":"Caracas, 14 abr (dpa) \u2013 El presidente de Venezuela, Nicol\u00e1s Maduro, proclam\u00f3 hoy el fracaso &quot;total&quot; de la Cumbre de las Am\u00e9rica de Lima, en la que la crisis venezolana fue tema principal de debate. &quot;Todo el que se mete con Venezuela se seca, pretendieron excluirnos de la cumbre y lo que hicieron fue fracasar.","og:url":"https:\/\/www.eldigitaldeasturias.com\/noticias\/nicolas-maduro-la-cumbre-ha-sido-un-fracaso-total\/","article:tag":["actualidad"],"article:published_time":"2018-04-15T04:24:30+00:00","article:modified_time":"2018-04-15T04:24:30+00:00","article:publisher":"https:\/\/facebook.com\/eldigitaldeasturias","twitter:card":"summary_large_image","twitter:title":"Nicol\u00e1s Maduro: \u201cLa cumbre ha sido un fracaso total\u00bb - El Digital de Asturias","twitter:description":"Caracas, 14 abr (dpa) \u2013 El presidente de Venezuela, Nicol\u00e1s Maduro, proclam\u00f3 hoy el fracaso &quot;total&quot; de la Cumbre de las Am\u00e9rica de Lima, en la que la crisis venezolana fue tema principal de debate. &quot;Todo el que se mete con Venezuela se seca, pretendieron excluirnos de la cumbre y lo que hicieron fue fracasar.","twitter:image":"https:\/\/www.eldigitaldeasturias.com\/noticias\/wp-content\/uploads\/2020\/12\/EDA-1.jpg","twitter:label1":"Escrito por","twitter:data1":"El Digital de Asturias","twitter:label2":"Tiempo de lectura estimado","twitter:data2":"1 minuto"},"aioseo_meta_data":{"post_id":"976071","title":null,"description":null,"keywords":null,"keyphrases":null,"primary_term":null,"canonical_url":null,"og_title":null,"og_description":null,"og_object_type":"default","og_image_type":"default","og_image_url":null,"og_image_width":null,"og_image_height":null,"og_image_custom_url":null,"og_image_custom_fields":null,"og_video":null,"og_custom_url":null,"og_article_section":null,"og_article_tags":null,"twitter_use_og":false,"twitter_card":"default","twitter_image_type":"default","twitter_image_url":null,"twitter_image_custom_url":null,"twitter_image_custom_fields":null,"twitter_title":null,"twitter_description":null,"schema":{"blockGraphs":[],"customGraphs":[],"default":{"data":{"Article":[],"Course":[],"Dataset":[],"FAQPage":[],"Movie":[],"Person":[],"Product":[],"ProductReview":[],"Car":[],"Recipe":[],"Service":[],"SoftwareApplication":[],"WebPage":[]},"graphName":"","isEnabled":true},"graphs":[],"defaultGraph":"","defaultPostTypeGraph":""},"schema_type":null,"schema_type_options":null,"pillar_content":false,"robots_default":true,"robots_noindex":false,"robots_noarchive":false,"robots_nosnippet":false,"robots_nofollow":false,"robots_noimageindex":false,"robots_noodp":false,"robots_notranslate":false,"robots_max_snippet":null,"robots_max_videopreview":null,"robots_max_imagepreview":"large","priority":null,"frequency":null,"local_seo":null,"seo_analyzer_scan_date":"2025-10-08 02:30:09","breadcrumb_settings":null,"limit_modified_date":false,"open_ai":null,"ai":null,"created":"2020-12-21 12:09:40","updated":"2025-10-08 02:30:09","focus_keyword":null,"additional_keywords":null,"truseo_locale":null},"aioseo_breadcrumb":"<div class=\"aioseo-breadcrumbs\"><span class=\"aioseo-breadcrumb\">\n\t<a href=\"https:\/\/www.eldigitaldeasturias.com\/noticias\" title=\"Home\">Home<\/a>\n<\/span><span class=\"aioseo-breadcrumb-separator\">\u2013<\/span><span class=\"aioseo-breadcrumb\">\n\t<a href=\"https:\/\/www.eldigitaldeasturias.com\/noticias\/category\/actualidad\/\" title=\"Actualidad\">Actualidad<\/a>\n<\/span><span class=\"aioseo-breadcrumb-separator\">\u2013<\/span><span class=\"aioseo-breadcrumb\">\n\t<a href=\"https:\/\/www.eldigitaldeasturias.com\/noticias\/nicolas-maduro-la-cumbre-ha-sido-un-fracaso-total\/\" title=\"Nicol\u00e1s Maduro: \u201cLa cumbre ha sido un fracaso total\u00bb\">Nicol\u00e1s Maduro: \u201cLa cumbre ha sido un fracaso total\u00bb<\/a>\n<\/span><\/div>","aioseo_breadcrumb_json":[{"label":"Home","link":"https:\/\/www.eldigitaldeasturias.com\/noticias"},{"label":"Actualidad","link":"https:\/\/www.eldigitaldeasturias.com\/noticias\/category\/actualidad\/"},{"label":"Nicol\u00e1s Maduro: \u201cLa cumbre ha sido un fracaso total\u00bb","link":"https:\/\/www.eldigitaldeasturias.com\/noticias\/nicolas-maduro-la-cumbre-ha-sido-un-fracaso-total\/"}],"_links":{"self":[{"href":"https:\/\/www.eldigitaldeasturias.com\/noticias\/wp-json\/wp\/v2\/posts\/976071","targetHints":{"allow":["GET"]}}],"collection":[{"href":"https:\/\/www.eldigitaldeasturias.com\/noticias\/wp-json\/wp\/v2\/posts"}],"about":[{"href":"https:\/\/www.eldigitaldeasturias.com\/noticias\/wp-json\/wp\/v2\/types\/post"}],"author":[{"embeddable":true,"href":"https:\/\/www.eldigitaldeasturias.com\/noticias\/wp-json\/wp\/v2\/users\/1"}],"replies":[{"embeddable":true,"href":"https:\/\/www.eldigitaldeasturias.com\/noticias\/wp-json\/wp\/v2\/comments?post=976071"}],"version-history":[{"count":0,"href":"https:\/\/www.eldigitaldeasturias.com\/noticias\/wp-json\/wp\/v2\/posts\/976071\/revisions"}],"wp:attachment":[{"href":"https:\/\/www.eldigitaldeasturias.com\/noticias\/wp-json\/wp\/v2\/media?parent=976071"}],"wp:term":[{"taxonomy":"category","embeddable":true,"href":"https:\/\/www.eldigitaldeasturias.com\/noticias\/wp-json\/wp\/v2\/categories?post=976071"},{"taxonomy":"post_tag","embeddable":true,"href":"https:\/\/www.eldigitaldeasturias.com\/noticias\/wp-json\/wp\/v2\/tags?post=976071"}],"curies":[{"name":"wp","href":"https:\/\/api.w.org\/{rel}","templated":true}]}}