{"id":976069,"date":"2018-04-15T04:22:14","date_gmt":"2018-04-15T04:22:14","guid":{"rendered":"http:\/\/www.eldigitaldeasturias.com\/noticias\/?p=976069"},"modified":"2018-04-15T04:22:14","modified_gmt":"2018-04-15T04:22:14","slug":"cumbre-de-las-americas-maduro-en-boca-de-todos","status":"publish","type":"post","link":"https:\/\/www.eldigitaldeasturias.com\/noticias\/cumbre-de-las-americas-maduro-en-boca-de-todos\/","title":{"rendered":"Cumbre de las Am\u00e9ricas: Maduro en boca de todos"},"content":{"rendered":"<p><img loading=\"lazy\" decoding=\"async\" class=\"alignleft size-medium wp-image-485917\" src=\"https:\/\/www.eldigitaldeasturias.com\/noticias\/wp-content\/uploads\/2014\/02\/5919099w-360x240.jpg\" alt=\"\" width=\"360\" height=\"240\" \/>Lima, 14 abr (dpa) &#8211; La crisis en Venezuela marc\u00f3 hoy la sesi\u00f3n plenaria de la VIII Cumbre de las Am\u00e9ricas en Lima, donde varios jefes de Estado y gobernantes del continente condenaron la \u00abantidemocracia\u00bb en el pa\u00eds caribe\u00f1o y llamaron a desconocer sus elecciones adelantadas.<\/p>\n<p>Aunque en la cumbre no estaba previsto alg\u00fan consenso para tomar acciones contra el Gobierno del presidente de Venezuela, Nicol\u00e1s Maduro, las autoridades, con excepci\u00f3n de las de Bolivia y Cuba, coincidieron en pedir esfuerzos conjuntos para una \u00absalida democr\u00e1tica\u00bb.<\/p>\n<p>El m\u00e1s enf\u00e1tico en cuestionar a Venezuela fue el vicepresidente de Estados Unidos, Mike Pence, que pidi\u00f3 a \u00abcada naci\u00f3n libre tomar acciones fuertes para aislar al r\u00e9gimen de Maduro\u00bb.<\/p>\n<p>\u00abEstados Unidos no se va a quedar con los brazos cruzados si Venezuela colapsa. Nuestra administraci\u00f3n ha impuesto restricciones financieras y sanciones a funcionarios venezolanos\u00bb, record\u00f3 Pence, de quien ya se sab\u00eda que llevar\u00eda a la cumbre el mensaje anti-Maduro que lidera en la regi\u00f3n el presidente Donald Trump.<\/p>\n<p>Durante la sesi\u00f3n plenaria, encabezada por el presidente peruano Mart\u00edn Vizcarra, mandatarios como los de Argentina, Mauricio Macri; Chile, Sebasti\u00e1n Pi\u00f1era, y Colombia, Juan Manuel Santos, afirmaron abiertamente que no reconocer\u00e1n los resultados de las elecciones adelantadas que impulsa Maduro para revalidarse en el poder.<\/p>\n<p>\u00abNo podemos mirar hacia otro lado cuando se atropella el derecho de los venezolanos a elegir en libertad\u00bb, manifest\u00f3 Macri.<\/p>\n<p>\u00abVenezuela tiene un r\u00e9gimen opresor. La Asamblea Constituyente esp\u00farea fue el golpe de gracia a la poca democracia que exist\u00eda. Esas elecciones las tenemos que desconocer todos los presentes. No reconoceremos los resultados de unas elecciones para disfrazar una dictadura\u00bb, sentenci\u00f3 Santos.<\/p>\n<p>El primer ministro de Canad\u00e1, Justin Trudeau, se sum\u00f3 a los cuestionamientos y pidi\u00f3 trabajar por el \u00abrestablecimiento de la democracia\u00bb en el pa\u00eds caribe\u00f1o.<\/p>\n<p>\u00abLa violaci\u00f3n de derechos humanos y la falta de respeto al Estado de derecho por parte del Gobierno de Venezuela es completamente inaceptable. Cualquiera que sea un verdadero amigo de Venezuela debe poner por delante los intereses de ese pueblo en esta crisis humanitaria y pol\u00edtica\u00bb, sostuvo Trudeau.<\/p>\n<p>Entretanto, el presidente de Brasil, Michel Temer, pidi\u00f3 una salida democr\u00e1tica con el respaldo de la Organizaci\u00f3n de los Estados Americanos (OEA) y del Grupo de Lima, un bloque de 14 pa\u00edses creado para hacer seguimiento de la problem\u00e1tica social en Venezuela.<\/p>\n<p>En contraparte, los principales defensores a Maduro, excluido del foro por hacer cambios en el calendario electoral de Venezuela, fueron el presidente de Bolivia, Evo Morales, y el canciller de Cuba, Bruno Rodr\u00edguez.<\/p>\n<p>Morales rechaz\u00f3 la ausencia del \u00abhermano\u00bb Maduro \u00abpor imposici\u00f3n de Estados Unidos\u00bb, mientras que Rodr\u00edguez asever\u00f3 que su exclusi\u00f3n convierte a la cumbre en una que afrenta a todos los pueblos de Am\u00e9rica.<\/p>\n<p>\u00abComo voz de la hermana y heroica Venezuela estamos aqu\u00ed para defender su libre determinaci\u00f3n y para reiterar la solidaridad de Cuba. Deseamos \u00e9xitos a la pr\u00f3xima elecci\u00f3n presidencial en Venezuela\u00bb, dijo Rodr\u00edguez.<\/p>\n<p>En un tono m\u00e1s conciliador, la vicepresidenta de Ecuador, Mar\u00eda Alejandra Vicu\u00f1a, calific\u00f3 la ausencia de Maduro en la cumbre como \u00abuna l\u00e1stima\u00bb y afirm\u00f3 que la \u00fanica forma de solucionar la crisis en Venezuela de manera pac\u00edfica es a trav\u00e9s del di\u00e1logo.<\/p>\n<p>Maduro fue excluido de la cumbre por decisi\u00f3n del Gobierno peruano, anfitri\u00f3n del foro, que, al igual que sus socios del Grupo de Lima, considera que no est\u00e1n dadas las garant\u00edas democr\u00e1ticas en el proceso electoral de mayo, en el que no participa la mayor parte de la oposici\u00f3n.<\/p>\n<p>Las autoridades aprovecharon su intervenci\u00f3n para expresar condolencias a Ecuador por el asesinato del grupo period\u00edstico en la frontera con Colombia. Adem\u00e1s, condenaron el uso de armas qu\u00edmicas y abogaron por la paz en Siria. Solo Bolivia y Cuba cuestionaron directamente el ataque lanzado en la madrugada de este s\u00e1bado por Estados Unidos, Reino Unido y Francia.<\/p>\n<p>Por Rosmery Cueva S\u00e1enz (dpa)<\/p>\n<p>&nbsp;<\/p>\n","protected":false},"excerpt":{"rendered":"<p>Lima, 14 abr (dpa) &#8211; La crisis en Venezuela marc\u00f3 hoy la sesi\u00f3n plenaria de la VIII Cumbre de las Am\u00e9ricas en Lima, donde varios jefes de Estado y gobernantes del continente condenaron la \u00abantidemocracia\u00bb en el pa\u00eds caribe\u00f1o y llamaron a desconocer sus elecciones adelantadas. Aunque en la cumbre no estaba previsto alg\u00fan consenso [&hellip;]<\/p>\n","protected":false},"author":1,"featured_media":485917,"comment_status":"closed","ping_status":"closed","sticky":false,"template":"","format":"standard","meta":{"footnotes":""},"categories":[1],"tags":[],"class_list":["post-976069","post","type-post","status-publish","format-standard","has-post-thumbnail","hentry","category-actualidad"],"aioseo_notices":[],"aioseo_head":"\n\t\t<!-- All in One SEO Pro 5.0.1 - aioseo.com -->\n\t<meta name=\"description\" content=\"Lima, 14 abr (dpa) - La crisis en Venezuela marc\u00f3 hoy la sesi\u00f3n plenaria de la VIII Cumbre de las Am\u00e9ricas en Lima, donde varios jefes de Estado y gobernantes del continente condenaron la &quot;antidemocracia&quot; en el pa\u00eds caribe\u00f1o y llamaron a desconocer sus elecciones adelantadas. Aunque en la cumbre no estaba previsto alg\u00fan consenso\" \/>\n\t<meta name=\"robots\" content=\"max-image-preview:large\" \/>\n\t<meta name=\"author\" content=\"El Digital de Asturias\"\/>\n\t<meta name=\"google-site-verification\" content=\"UA-38556648-1\" \/>\n\t<meta name=\"msvalidate.01\" content=\"7dfe9f3f1b24437ab69f4f2559babe99\" \/>\n\t<meta name=\"keywords\" content=\"actualidad\" \/>\n\t<link rel=\"canonical\" href=\"https:\/\/www.eldigitaldeasturias.com\/noticias\/cumbre-de-las-americas-maduro-en-boca-de-todos\/\" \/>\n\t<meta name=\"generator\" content=\"All in One SEO Pro (AIOSEO) 5.0.1\" \/>\n\t\t<meta property=\"og:locale\" content=\"es_ES\" \/>\n\t\t<meta property=\"og:site_name\" content=\"El Digital de Asturias\" \/>\n\t\t<meta property=\"og:type\" content=\"article\" \/>\n\t\t<meta property=\"og:title\" content=\"Cumbre de las Am\u00e9ricas: Maduro en boca de todos - El Digital de Asturias\" \/>\n\t\t<meta property=\"og:description\" content=\"Lima, 14 abr (dpa) - La crisis en Venezuela marc\u00f3 hoy la sesi\u00f3n plenaria de la VIII Cumbre de las Am\u00e9ricas en Lima, donde varios jefes de Estado y gobernantes del continente condenaron la &quot;antidemocracia&quot; en el pa\u00eds caribe\u00f1o y llamaron a desconocer sus elecciones adelantadas. Aunque en la cumbre no estaba previsto alg\u00fan consenso\" \/>\n\t\t<meta property=\"og:url\" content=\"https:\/\/www.eldigitaldeasturias.com\/noticias\/cumbre-de-las-americas-maduro-en-boca-de-todos\/\" \/>\n\t\t<meta property=\"article:tag\" content=\"actualidad\" \/>\n\t\t<meta property=\"article:published_time\" content=\"2018-04-15T04:22:14+00:00\" \/>\n\t\t<meta property=\"article:modified_time\" content=\"2018-04-15T04:22:14+00:00\" \/>\n\t\t<meta property=\"article:publisher\" content=\"https:\/\/facebook.com\/eldigitaldeasturias\" \/>\n\t\t<meta name=\"twitter:card\" content=\"summary_large_image\" \/>\n\t\t<meta name=\"twitter:title\" content=\"Cumbre de las Am\u00e9ricas: Maduro en boca de todos - El Digital de Asturias\" \/>\n\t\t<meta name=\"twitter:description\" content=\"Lima, 14 abr (dpa) - La crisis en Venezuela marc\u00f3 hoy la sesi\u00f3n plenaria de la VIII Cumbre de las Am\u00e9ricas en Lima, donde varios jefes de Estado y gobernantes del continente condenaron la &quot;antidemocracia&quot; en el pa\u00eds caribe\u00f1o y llamaron a desconocer sus elecciones adelantadas. Aunque en la cumbre no estaba previsto alg\u00fan consenso\" \/>\n\t\t<meta name=\"twitter:image\" content=\"https:\/\/www.eldigitaldeasturias.com\/noticias\/wp-content\/uploads\/2020\/12\/EDA-1.jpg\" \/>\n\t\t<meta name=\"twitter:label1\" content=\"Escrito por\" \/>\n\t\t<meta name=\"twitter:data1\" content=\"El Digital de Asturias\" \/>\n\t\t<meta name=\"twitter:label2\" content=\"Tiempo de lectura estimado\" \/>\n\t\t<meta name=\"twitter:data2\" content=\"3 minutos\" \/>\n\t\t<script type=\"application\/ld+json\" class=\"aioseo-schema\">\n\t\t\t{\"@context\":\"https:\\\/\\\/schema.org\",\"@graph\":[{\"@type\":\"BlogPosting\",\"@id\":\"https:\\\/\\\/www.eldigitaldeasturias.com\\\/noticias\\\/cumbre-de-las-americas-maduro-en-boca-de-todos\\\/#blogposting\",\"name\":\"Cumbre de las Am\\u00e9ricas: Maduro en boca de todos - El Digital de Asturias\",\"headline\":\"Cumbre de las Am\\u00e9ricas: Maduro en boca de todos\",\"author\":{\"@id\":\"https:\\\/\\\/www.eldigitaldeasturias.com\\\/noticias\\\/author\\\/admin\\\/#author\"},\"publisher\":{\"@id\":\"https:\\\/\\\/www.eldigitaldeasturias.com\\\/noticias\\\/#organization\"},\"image\":{\"@type\":\"ImageObject\",\"url\":485917},\"datePublished\":\"2018-04-15T04:22:14+02:00\",\"dateModified\":\"2018-04-15T04:22:14+02:00\",\"inLanguage\":\"es-ES\",\"mainEntityOfPage\":{\"@id\":\"https:\\\/\\\/www.eldigitaldeasturias.com\\\/noticias\\\/cumbre-de-las-americas-maduro-en-boca-de-todos\\\/#webpage\"},\"isPartOf\":{\"@id\":\"https:\\\/\\\/www.eldigitaldeasturias.com\\\/noticias\\\/cumbre-de-las-americas-maduro-en-boca-de-todos\\\/#webpage\"},\"articleSection\":\"Actualidad\"},{\"@type\":\"BreadcrumbList\",\"@id\":\"https:\\\/\\\/www.eldigitaldeasturias.com\\\/noticias\\\/cumbre-de-las-americas-maduro-en-boca-de-todos\\\/#breadcrumblist\",\"itemListElement\":[{\"@type\":\"ListItem\",\"@id\":\"https:\\\/\\\/www.eldigitaldeasturias.com\\\/noticias#listItem\",\"position\":1,\"name\":\"Home\",\"item\":\"https:\\\/\\\/www.eldigitaldeasturias.com\\\/noticias\",\"nextItem\":{\"@type\":\"ListItem\",\"@id\":\"https:\\\/\\\/www.eldigitaldeasturias.com\\\/noticias\\\/category\\\/actualidad\\\/#listItem\",\"name\":\"Actualidad\"}},{\"@type\":\"ListItem\",\"@id\":\"https:\\\/\\\/www.eldigitaldeasturias.com\\\/noticias\\\/category\\\/actualidad\\\/#listItem\",\"position\":2,\"name\":\"Actualidad\",\"item\":\"https:\\\/\\\/www.eldigitaldeasturias.com\\\/noticias\\\/category\\\/actualidad\\\/\",\"nextItem\":{\"@type\":\"ListItem\",\"@id\":\"https:\\\/\\\/www.eldigitaldeasturias.com\\\/noticias\\\/cumbre-de-las-americas-maduro-en-boca-de-todos\\\/#listItem\",\"name\":\"Cumbre de las Am\\u00e9ricas: Maduro en boca de todos\"},\"previousItem\":{\"@type\":\"ListItem\",\"@id\":\"https:\\\/\\\/www.eldigitaldeasturias.com\\\/noticias#listItem\",\"name\":\"Home\"}},{\"@type\":\"ListItem\",\"@id\":\"https:\\\/\\\/www.eldigitaldeasturias.com\\\/noticias\\\/cumbre-de-las-americas-maduro-en-boca-de-todos\\\/#listItem\",\"position\":3,\"name\":\"Cumbre de las Am\\u00e9ricas: Maduro en boca de todos\",\"previousItem\":{\"@type\":\"ListItem\",\"@id\":\"https:\\\/\\\/www.eldigitaldeasturias.com\\\/noticias\\\/category\\\/actualidad\\\/#listItem\",\"name\":\"Actualidad\"}}]},{\"@type\":\"Organization\",\"@id\":\"https:\\\/\\\/www.eldigitaldeasturias.com\\\/noticias\\\/#organization\",\"name\":\"El Digital de Asturias\",\"description\":\"Hemeroteca\",\"url\":\"https:\\\/\\\/www.eldigitaldeasturias.com\\\/noticias\\\/\",\"email\":\"info@eldigitaldeasturias.com\",\"telephone\":\"+34652131393\",\"logo\":{\"@type\":\"ImageObject\",\"url\":\"https:\\\/\\\/www.eldigitaldeasturias.com\\\/noticias\\\/wp-content\\\/uploads\\\/2020\\\/12\\\/EDA.jpg\",\"@id\":\"https:\\\/\\\/www.eldigitaldeasturias.com\\\/noticias\\\/cumbre-de-las-americas-maduro-en-boca-de-todos\\\/#organizationLogo\"},\"image\":{\"@id\":\"https:\\\/\\\/www.eldigitaldeasturias.com\\\/noticias\\\/cumbre-de-las-americas-maduro-en-boca-de-todos\\\/#organizationLogo\"},\"sameAs\":[\"https:\\\/\\\/facebook.com\\\/eldigitaldeasturias\",\"https:\\\/\\\/www.youtube.com\\\/channel\\\/UCZP-2wLEB9Rv6erhFmqVnvg\"],\"address\":{\"@id\":\"https:\\\/\\\/www.eldigitaldeasturias.com\\\/noticias\\\/#postaladdress\",\"@type\":\"PostalAddress\",\"streetAddress\":\"san antonio 4\",\"postalCode\":\"33430\",\"addressLocality\":\"Cand\\u00e1s\",\"addressRegion\":\"Asturias\",\"addressCountry\":\"ES\"}},{\"@type\":\"Person\",\"@id\":\"https:\\\/\\\/www.eldigitaldeasturias.com\\\/noticias\\\/author\\\/admin\\\/#author\",\"url\":\"https:\\\/\\\/www.eldigitaldeasturias.com\\\/noticias\\\/author\\\/admin\\\/\",\"name\":\"El Digital de Asturias\",\"image\":{\"@type\":\"ImageObject\",\"@id\":\"https:\\\/\\\/www.eldigitaldeasturias.com\\\/noticias\\\/cumbre-de-las-americas-maduro-en-boca-de-todos\\\/#authorImage\",\"url\":\"https:\\\/\\\/secure.gravatar.com\\\/avatar\\\/df2aeffc32bcd13f8d26072ef8a91b623d677766deac7f97ca815868cd41bf5e?s=96&d=mm&r=g\",\"width\":96,\"height\":96,\"caption\":\"El Digital de Asturias\"}},{\"@type\":\"WebPage\",\"@id\":\"https:\\\/\\\/www.eldigitaldeasturias.com\\\/noticias\\\/cumbre-de-las-americas-maduro-en-boca-de-todos\\\/#webpage\",\"url\":\"https:\\\/\\\/www.eldigitaldeasturias.com\\\/noticias\\\/cumbre-de-las-americas-maduro-en-boca-de-todos\\\/\",\"name\":\"Cumbre de las Am\\u00e9ricas: Maduro en boca de todos - El Digital de Asturias\",\"description\":\"Lima, 14 abr (dpa) - La crisis en Venezuela marc\\u00f3 hoy la sesi\\u00f3n plenaria de la VIII Cumbre de las Am\\u00e9ricas en Lima, donde varios jefes de Estado y gobernantes del continente condenaron la \\\"antidemocracia\\\" en el pa\\u00eds caribe\\u00f1o y llamaron a desconocer sus elecciones adelantadas. Aunque en la cumbre no estaba previsto alg\\u00fan consenso\",\"inLanguage\":\"es-ES\",\"isPartOf\":{\"@id\":\"https:\\\/\\\/www.eldigitaldeasturias.com\\\/noticias\\\/#website\"},\"breadcrumb\":{\"@id\":\"https:\\\/\\\/www.eldigitaldeasturias.com\\\/noticias\\\/cumbre-de-las-americas-maduro-en-boca-de-todos\\\/#breadcrumblist\"},\"author\":{\"@id\":\"https:\\\/\\\/www.eldigitaldeasturias.com\\\/noticias\\\/author\\\/admin\\\/#author\"},\"creator\":{\"@id\":\"https:\\\/\\\/www.eldigitaldeasturias.com\\\/noticias\\\/author\\\/admin\\\/#author\"},\"image\":{\"@type\":\"ImageObject\",\"url\":485917,\"@id\":\"https:\\\/\\\/www.eldigitaldeasturias.com\\\/noticias\\\/cumbre-de-las-americas-maduro-en-boca-de-todos\\\/#mainImage\"},\"primaryImageOfPage\":{\"@id\":\"https:\\\/\\\/www.eldigitaldeasturias.com\\\/noticias\\\/cumbre-de-las-americas-maduro-en-boca-de-todos\\\/#mainImage\"},\"datePublished\":\"2018-04-15T04:22:14+02:00\",\"dateModified\":\"2018-04-15T04:22:14+02:00\"},{\"@type\":\"WebSite\",\"@id\":\"https:\\\/\\\/www.eldigitaldeasturias.com\\\/noticias\\\/#website\",\"url\":\"https:\\\/\\\/www.eldigitaldeasturias.com\\\/noticias\\\/\",\"name\":\"El Digital de Asturias - Diario de actualidad y noticias\",\"alternateName\":\"El Digital de Asturias - Diario de actualidad y noticias\",\"description\":\"Hemeroteca\",\"inLanguage\":\"es-ES\",\"publisher\":{\"@id\":\"https:\\\/\\\/www.eldigitaldeasturias.com\\\/noticias\\\/#organization\"}}]}\n\t\t<\/script>\n\t\t<!-- All in One SEO Pro -->\r\n\t\t<title>Cumbre de las Am\u00e9ricas: Maduro en boca de todos - El Digital de Asturias<\/title>\n\n","aioseo_head_json":{"title":"Cumbre de las Am\u00e9ricas: Maduro en boca de todos - El Digital de Asturias","description":"Lima, 14 abr (dpa) - La crisis en Venezuela marc\u00f3 hoy la sesi\u00f3n plenaria de la VIII Cumbre de las Am\u00e9ricas en Lima, donde varios jefes de Estado y gobernantes del continente condenaron la \"antidemocracia\" en el pa\u00eds caribe\u00f1o y llamaron a desconocer sus elecciones adelantadas. Aunque en la cumbre no estaba previsto alg\u00fan consenso","canonical_url":"https:\/\/www.eldigitaldeasturias.com\/noticias\/cumbre-de-las-americas-maduro-en-boca-de-todos\/","robots":"max-image-preview:large","keywords":"actualidad","webmasterTools":{"google-site-verification":"UA-38556648-1","msvalidate.01":"7dfe9f3f1b24437ab69f4f2559babe99","miscellaneous":""},"schema":{"@context":"https:\/\/schema.org","@graph":[{"@type":"BlogPosting","@id":"https:\/\/www.eldigitaldeasturias.com\/noticias\/cumbre-de-las-americas-maduro-en-boca-de-todos\/#blogposting","name":"Cumbre de las Am\u00e9ricas: Maduro en boca de todos - El Digital de Asturias","headline":"Cumbre de las Am\u00e9ricas: Maduro en boca de todos","author":{"@id":"https:\/\/www.eldigitaldeasturias.com\/noticias\/author\/admin\/#author"},"publisher":{"@id":"https:\/\/www.eldigitaldeasturias.com\/noticias\/#organization"},"image":{"@type":"ImageObject","url":485917},"datePublished":"2018-04-15T04:22:14+02:00","dateModified":"2018-04-15T04:22:14+02:00","inLanguage":"es-ES","mainEntityOfPage":{"@id":"https:\/\/www.eldigitaldeasturias.com\/noticias\/cumbre-de-las-americas-maduro-en-boca-de-todos\/#webpage"},"isPartOf":{"@id":"https:\/\/www.eldigitaldeasturias.com\/noticias\/cumbre-de-las-americas-maduro-en-boca-de-todos\/#webpage"},"articleSection":"Actualidad"},{"@type":"BreadcrumbList","@id":"https:\/\/www.eldigitaldeasturias.com\/noticias\/cumbre-de-las-americas-maduro-en-boca-de-todos\/#breadcrumblist","itemListElement":[{"@type":"ListItem","@id":"https:\/\/www.eldigitaldeasturias.com\/noticias#listItem","position":1,"name":"Home","item":"https:\/\/www.eldigitaldeasturias.com\/noticias","nextItem":{"@type":"ListItem","@id":"https:\/\/www.eldigitaldeasturias.com\/noticias\/category\/actualidad\/#listItem","name":"Actualidad"}},{"@type":"ListItem","@id":"https:\/\/www.eldigitaldeasturias.com\/noticias\/category\/actualidad\/#listItem","position":2,"name":"Actualidad","item":"https:\/\/www.eldigitaldeasturias.com\/noticias\/category\/actualidad\/","nextItem":{"@type":"ListItem","@id":"https:\/\/www.eldigitaldeasturias.com\/noticias\/cumbre-de-las-americas-maduro-en-boca-de-todos\/#listItem","name":"Cumbre de las Am\u00e9ricas: Maduro en boca de todos"},"previousItem":{"@type":"ListItem","@id":"https:\/\/www.eldigitaldeasturias.com\/noticias#listItem","name":"Home"}},{"@type":"ListItem","@id":"https:\/\/www.eldigitaldeasturias.com\/noticias\/cumbre-de-las-americas-maduro-en-boca-de-todos\/#listItem","position":3,"name":"Cumbre de las Am\u00e9ricas: Maduro en boca de todos","previousItem":{"@type":"ListItem","@id":"https:\/\/www.eldigitaldeasturias.com\/noticias\/category\/actualidad\/#listItem","name":"Actualidad"}}]},{"@type":"Organization","@id":"https:\/\/www.eldigitaldeasturias.com\/noticias\/#organization","name":"El Digital de Asturias","description":"Hemeroteca","url":"https:\/\/www.eldigitaldeasturias.com\/noticias\/","email":"info@eldigitaldeasturias.com","telephone":"+34652131393","logo":{"@type":"ImageObject","url":"https:\/\/www.eldigitaldeasturias.com\/noticias\/wp-content\/uploads\/2020\/12\/EDA.jpg","@id":"https:\/\/www.eldigitaldeasturias.com\/noticias\/cumbre-de-las-americas-maduro-en-boca-de-todos\/#organizationLogo"},"image":{"@id":"https:\/\/www.eldigitaldeasturias.com\/noticias\/cumbre-de-las-americas-maduro-en-boca-de-todos\/#organizationLogo"},"sameAs":["https:\/\/facebook.com\/eldigitaldeasturias","https:\/\/www.youtube.com\/channel\/UCZP-2wLEB9Rv6erhFmqVnvg"],"address":{"@id":"https:\/\/www.eldigitaldeasturias.com\/noticias\/#postaladdress","@type":"PostalAddress","streetAddress":"san antonio 4","postalCode":"33430","addressLocality":"Cand\u00e1s","addressRegion":"Asturias","addressCountry":"ES"}},{"@type":"Person","@id":"https:\/\/www.eldigitaldeasturias.com\/noticias\/author\/admin\/#author","url":"https:\/\/www.eldigitaldeasturias.com\/noticias\/author\/admin\/","name":"El Digital de Asturias","image":{"@type":"ImageObject","@id":"https:\/\/www.eldigitaldeasturias.com\/noticias\/cumbre-de-las-americas-maduro-en-boca-de-todos\/#authorImage","url":"https:\/\/secure.gravatar.com\/avatar\/df2aeffc32bcd13f8d26072ef8a91b623d677766deac7f97ca815868cd41bf5e?s=96&d=mm&r=g","width":96,"height":96,"caption":"El Digital de Asturias"}},{"@type":"WebPage","@id":"https:\/\/www.eldigitaldeasturias.com\/noticias\/cumbre-de-las-americas-maduro-en-boca-de-todos\/#webpage","url":"https:\/\/www.eldigitaldeasturias.com\/noticias\/cumbre-de-las-americas-maduro-en-boca-de-todos\/","name":"Cumbre de las Am\u00e9ricas: Maduro en boca de todos - El Digital de Asturias","description":"Lima, 14 abr (dpa) - La crisis en Venezuela marc\u00f3 hoy la sesi\u00f3n plenaria de la VIII Cumbre de las Am\u00e9ricas en Lima, donde varios jefes de Estado y gobernantes del continente condenaron la \"antidemocracia\" en el pa\u00eds caribe\u00f1o y llamaron a desconocer sus elecciones adelantadas. Aunque en la cumbre no estaba previsto alg\u00fan consenso","inLanguage":"es-ES","isPartOf":{"@id":"https:\/\/www.eldigitaldeasturias.com\/noticias\/#website"},"breadcrumb":{"@id":"https:\/\/www.eldigitaldeasturias.com\/noticias\/cumbre-de-las-americas-maduro-en-boca-de-todos\/#breadcrumblist"},"author":{"@id":"https:\/\/www.eldigitaldeasturias.com\/noticias\/author\/admin\/#author"},"creator":{"@id":"https:\/\/www.eldigitaldeasturias.com\/noticias\/author\/admin\/#author"},"image":{"@type":"ImageObject","url":485917,"@id":"https:\/\/www.eldigitaldeasturias.com\/noticias\/cumbre-de-las-americas-maduro-en-boca-de-todos\/#mainImage"},"primaryImageOfPage":{"@id":"https:\/\/www.eldigitaldeasturias.com\/noticias\/cumbre-de-las-americas-maduro-en-boca-de-todos\/#mainImage"},"datePublished":"2018-04-15T04:22:14+02:00","dateModified":"2018-04-15T04:22:14+02:00"},{"@type":"WebSite","@id":"https:\/\/www.eldigitaldeasturias.com\/noticias\/#website","url":"https:\/\/www.eldigitaldeasturias.com\/noticias\/","name":"El Digital de Asturias - Diario de actualidad y noticias","alternateName":"El Digital de Asturias - Diario de actualidad y noticias","description":"Hemeroteca","inLanguage":"es-ES","publisher":{"@id":"https:\/\/www.eldigitaldeasturias.com\/noticias\/#organization"}}]},"og:locale":"es_ES","og:site_name":"El Digital de Asturias","og:type":"article","og:title":"Cumbre de las Am\u00e9ricas: Maduro en boca de todos - El Digital de Asturias","og:description":"Lima, 14 abr (dpa) - La crisis en Venezuela marc\u00f3 hoy la sesi\u00f3n plenaria de la VIII Cumbre de las Am\u00e9ricas en Lima, donde varios jefes de Estado y gobernantes del continente condenaron la &quot;antidemocracia&quot; en el pa\u00eds caribe\u00f1o y llamaron a desconocer sus elecciones adelantadas. Aunque en la cumbre no estaba previsto alg\u00fan consenso","og:url":"https:\/\/www.eldigitaldeasturias.com\/noticias\/cumbre-de-las-americas-maduro-en-boca-de-todos\/","article:tag":["actualidad"],"article:published_time":"2018-04-15T04:22:14+00:00","article:modified_time":"2018-04-15T04:22:14+00:00","article:publisher":"https:\/\/facebook.com\/eldigitaldeasturias","twitter:card":"summary_large_image","twitter:title":"Cumbre de las Am\u00e9ricas: Maduro en boca de todos - El Digital de Asturias","twitter:description":"Lima, 14 abr (dpa) - La crisis en Venezuela marc\u00f3 hoy la sesi\u00f3n plenaria de la VIII Cumbre de las Am\u00e9ricas en Lima, donde varios jefes de Estado y gobernantes del continente condenaron la &quot;antidemocracia&quot; en el pa\u00eds caribe\u00f1o y llamaron a desconocer sus elecciones adelantadas. Aunque en la cumbre no estaba previsto alg\u00fan consenso","twitter:image":"https:\/\/www.eldigitaldeasturias.com\/noticias\/wp-content\/uploads\/2020\/12\/EDA-1.jpg","twitter:label1":"Escrito por","twitter:data1":"El Digital de Asturias","twitter:label2":"Tiempo de lectura estimado","twitter:data2":"3 minutos"},"aioseo_meta_data":{"post_id":"976069","title":null,"description":null,"keywords":null,"keyphrases":null,"primary_term":null,"canonical_url":null,"og_title":null,"og_description":null,"og_object_type":"default","og_image_type":"default","og_image_url":null,"og_image_width":null,"og_image_height":null,"og_image_custom_url":null,"og_image_custom_fields":null,"og_video":null,"og_custom_url":null,"og_article_section":null,"og_article_tags":null,"twitter_use_og":false,"twitter_card":"default","twitter_image_type":"default","twitter_image_url":null,"twitter_image_custom_url":null,"twitter_image_custom_fields":null,"twitter_title":null,"twitter_description":null,"schema":{"blockGraphs":[],"customGraphs":[],"default":{"data":{"Article":[],"Course":[],"Dataset":[],"FAQPage":[],"Movie":[],"Person":[],"Product":[],"ProductReview":[],"Car":[],"Recipe":[],"Service":[],"SoftwareApplication":[],"WebPage":[]},"graphName":"","isEnabled":true},"graphs":[],"defaultGraph":"","defaultPostTypeGraph":""},"schema_type":null,"schema_type_options":null,"pillar_content":false,"robots_default":true,"robots_noindex":false,"robots_noarchive":false,"robots_nosnippet":false,"robots_nofollow":false,"robots_noimageindex":false,"robots_noodp":false,"robots_notranslate":false,"robots_max_snippet":null,"robots_max_videopreview":null,"robots_max_imagepreview":"large","priority":null,"frequency":null,"local_seo":null,"seo_analyzer_scan_date":"2025-10-08 02:30:09","breadcrumb_settings":null,"limit_modified_date":false,"open_ai":null,"ai":null,"created":"2020-12-21 12:09:40","updated":"2025-10-08 02:30:09","focus_keyword":null,"additional_keywords":null,"truseo_locale":null},"aioseo_breadcrumb":"<div class=\"aioseo-breadcrumbs\"><span class=\"aioseo-breadcrumb\">\n\t<a href=\"https:\/\/www.eldigitaldeasturias.com\/noticias\" title=\"Home\">Home<\/a>\n<\/span><span class=\"aioseo-breadcrumb-separator\">\u2013<\/span><span class=\"aioseo-breadcrumb\">\n\t<a href=\"https:\/\/www.eldigitaldeasturias.com\/noticias\/category\/actualidad\/\" title=\"Actualidad\">Actualidad<\/a>\n<\/span><span class=\"aioseo-breadcrumb-separator\">\u2013<\/span><span class=\"aioseo-breadcrumb\">\n\t<a href=\"https:\/\/www.eldigitaldeasturias.com\/noticias\/cumbre-de-las-americas-maduro-en-boca-de-todos\/\" title=\"Cumbre de las Am\u00e9ricas: Maduro en boca de todos\">Cumbre de las Am\u00e9ricas: Maduro en boca de todos<\/a>\n<\/span><\/div>","aioseo_breadcrumb_json":[{"label":"Home","link":"https:\/\/www.eldigitaldeasturias.com\/noticias"},{"label":"Actualidad","link":"https:\/\/www.eldigitaldeasturias.com\/noticias\/category\/actualidad\/"},{"label":"Cumbre de las Am\u00e9ricas: Maduro en boca de todos","link":"https:\/\/www.eldigitaldeasturias.com\/noticias\/cumbre-de-las-americas-maduro-en-boca-de-todos\/"}],"_links":{"self":[{"href":"https:\/\/www.eldigitaldeasturias.com\/noticias\/wp-json\/wp\/v2\/posts\/976069","targetHints":{"allow":["GET"]}}],"collection":[{"href":"https:\/\/www.eldigitaldeasturias.com\/noticias\/wp-json\/wp\/v2\/posts"}],"about":[{"href":"https:\/\/www.eldigitaldeasturias.com\/noticias\/wp-json\/wp\/v2\/types\/post"}],"author":[{"embeddable":true,"href":"https:\/\/www.eldigitaldeasturias.com\/noticias\/wp-json\/wp\/v2\/users\/1"}],"replies":[{"embeddable":true,"href":"https:\/\/www.eldigitaldeasturias.com\/noticias\/wp-json\/wp\/v2\/comments?post=976069"}],"version-history":[{"count":0,"href":"https:\/\/www.eldigitaldeasturias.com\/noticias\/wp-json\/wp\/v2\/posts\/976069\/revisions"}],"wp:attachment":[{"href":"https:\/\/www.eldigitaldeasturias.com\/noticias\/wp-json\/wp\/v2\/media?parent=976069"}],"wp:term":[{"taxonomy":"category","embeddable":true,"href":"https:\/\/www.eldigitaldeasturias.com\/noticias\/wp-json\/wp\/v2\/categories?post=976069"},{"taxonomy":"post_tag","embeddable":true,"href":"https:\/\/www.eldigitaldeasturias.com\/noticias\/wp-json\/wp\/v2\/tags?post=976069"}],"curies":[{"name":"wp","href":"https:\/\/api.w.org\/{rel}","templated":true}]}}