{"id":976061,"date":"2018-04-15T04:09:08","date_gmt":"2018-04-15T04:09:08","guid":{"rendered":"http:\/\/www.eldigitaldeasturias.com\/noticias\/?p=976061"},"modified":"2018-04-15T04:09:08","modified_gmt":"2018-04-15T04:09:08","slug":"compromiso-de-lima-los-paises-de-america-suscriben-el-documento","status":"publish","type":"post","link":"https:\/\/www.eldigitaldeasturias.com\/noticias\/compromiso-de-lima-los-paises-de-america-suscriben-el-documento\/","title":{"rendered":"Compromiso de Lima: Los pa\u00edses de Am\u00e9rica suscriben el documento"},"content":{"rendered":"<p><img loading=\"lazy\" decoding=\"async\" class=\"alignleft size-medium wp-image-975583\" src=\"https:\/\/www.eldigitaldeasturias.com\/noticias\/wp-content\/uploads\/2018\/04\/lime-1191767_1280-360x205.jpg\" alt=\"\" width=\"360\" height=\"205\" \/>Lima, 14 abr (dpa) &#8211; Los pa\u00edses de Am\u00e9rica, con excepci\u00f3n de la no invitada Venezuela, suscribieron hoy por aclamaci\u00f3n un documento bautizado Compromiso de Lima contra la corrupci\u00f3n, que recoge medidas para enfrentar el flagelo, en el marco de la VIII Cumbre de las Am\u00e9ricas que se celebra en Lima.<\/p>\n<p>El documento de 57 p\u00e1ginas destaca que la prevenci\u00f3n y combate contra la corrupci\u00f3n \u00abson fundamentales para el fortalecimiento de la democracia y el Estado de Derecho y reafirma el compromiso con tratados como la Convenci\u00f3n de las Naciones Unidas Contra la Corrupci\u00f3n y la Convenci\u00f3n Interamericana de la Corrupci\u00f3n\u00bb.<\/p>\n<p>Los firmantes se comprometen a \u00abfortalecer las instituciones democr\u00e1ticas y la autonom\u00eda e independencia judicial, promover una iniciativa para articular esfuerzos de las organizaciones regionales e internacionales competentes, desarrollar una cultura de transparencia y prevenci\u00f3n ciudadana y reconocer las contribuciones positivas de los pueblos ind\u00edgenas y sus valores\u00bb.<\/p>\n<p>Asimismo, a promover la equidad de g\u00e9nero, incluir a grupos vulnerables en la definci\u00f3n de medidas, garantizar la igualdad de oportunidades, promover medidas contra el conflictos de intereses, promover c\u00f3digos de conducta para funcionarios p\u00fablicos e incentivar la participaci\u00f3n de privados en el combate a la pr\u00e1cticas ilegales.<\/p>\n<p>El Compromiso incluye el prop\u00f3sito de mejorar la participaci\u00f3n de la sociedad civil, promover planes nacionales, consolidar la autonom\u00eda de los \u00f3rganos de control, mejorar el acceso a la informaci\u00f3n p\u00fablica, promover las nuevas tecnolog\u00edas en el terreno, elaborar estad\u00edsticas e indicadores y establecer un Programaa Interamericano de Datos Abiertos.<\/p>\n<p>Otras medidas acordadas son la adopci\u00f3n de medidas legislativas, la protecci\u00f3n para los denunciantes, a los periodistas y a los investigadores de casos de corrupci\u00f3n, as\u00ed como para los servidores p\u00fablicos decididos a hacer cumplir la ley.<\/p>\n<p>Adem\u00e1s, el Compromiso asume la promoci\u00f3n del uso de sistemas electr\u00f3nicos para compras gubernamentales, la inclusi\u00f3n de cl\u00e1usulas anticorrupci\u00f3n en los contratos, el fomento a la transparencia en la gesti\u00f3n de la infraestructura y la disminuci\u00f3n de la burocracia.<\/p>\n<p>En otros puntos, se acord\u00f3 impulsar marcos legales para responsabilizar a personas jur\u00eddicas, considerar la presentaci\u00f3n de de asistencia \u00abcuando sea procedente y est\u00e9 de acuerdo con los ordenamientos jur\u00eddicos internos\u00bb, ampliar la cooperaci\u00f3n policial y promover un intecambio de informaci\u00f3n \u00e1gil.<\/p>\n<p>Tambi\u00e9n, promover la coperaci\u00f3n de instituciones financieras y fortalecer la lucha contra el lavado de activos y la evasi\u00f3n fiscal.<\/p>\n<p>Asimismo, el compromiso incluye fortalecer el Mecanismo de Seguimiento de la Implementaci\u00f3n de la Convenci\u00f3n Interamericana Contra la Corrupci\u00f3n y solicitar al Grupo de Trabajo Conjunto de las Cumbres apoyar el fortalecimiento de programas nacionales.<\/p>\n<p>Adem\u00e1s, los mandatarios o sus representantes dicen que \u00abtoman nota\u00bb de las recomendaciones de la sociedad civil, los j\u00f3venes, los ind\u00edgenas y el Di\u00e1logo Empresarial de las Am\u00e9ricas.<\/p>\n<p>El presidente anfitri\u00f3n, el peruano Mart\u00edn Vizcarra, resalt\u00f3 que el compromiso se acogiera por aclamaci\u00f3n. Otras veces, la redacci\u00f3n de documentos finales puede ser objeto de pol\u00e9micas hasta \u00fatima hora, pero esta vez el documento circul\u00f3 sin problemas cuando la Cumbre, destinada ala Gobernabilidad Democr\u00e1tica ante la Corrupci\u00f3n, a\u00fan continuaba en sesiones.<\/p>\n<p>La unanimidad en torno a compromisos contra la corrupci\u00f3n contrasta con temas que han generado divisiones en la Cumbre, como la situaci\u00f3n de Venezuela o el ataque militar encabezado por Estados Unidos contra Siria.<\/p>\n","protected":false},"excerpt":{"rendered":"<p>Lima, 14 abr (dpa) &#8211; Los pa\u00edses de Am\u00e9rica, con excepci\u00f3n de la no invitada Venezuela, suscribieron hoy por aclamaci\u00f3n un documento bautizado Compromiso de Lima contra la corrupci\u00f3n, que recoge medidas para enfrentar el flagelo, en el marco de la VIII Cumbre de las Am\u00e9ricas que se celebra en Lima. El documento de 57 [&hellip;]<\/p>\n","protected":false},"author":1,"featured_media":975583,"comment_status":"closed","ping_status":"closed","sticky":false,"template":"","format":"standard","meta":{"footnotes":""},"categories":[1],"tags":[],"class_list":["post-976061","post","type-post","status-publish","format-standard","has-post-thumbnail","hentry","category-actualidad"],"aioseo_notices":[],"aioseo_head":"\n\t\t<!-- All in One SEO Pro 5.0.1 - aioseo.com -->\n\t<meta name=\"description\" content=\"Lima, 14 abr (dpa) - Los pa\u00edses de Am\u00e9rica, con excepci\u00f3n de la no invitada Venezuela, suscribieron hoy por aclamaci\u00f3n un documento bautizado Compromiso de Lima contra la corrupci\u00f3n, que recoge medidas para enfrentar el flagelo, en el marco de la VIII Cumbre de las Am\u00e9ricas que se celebra en Lima. El documento de 57\" \/>\n\t<meta name=\"robots\" content=\"max-image-preview:large\" \/>\n\t<meta name=\"author\" content=\"El Digital de Asturias\"\/>\n\t<meta name=\"google-site-verification\" content=\"UA-38556648-1\" \/>\n\t<meta name=\"msvalidate.01\" content=\"7dfe9f3f1b24437ab69f4f2559babe99\" \/>\n\t<meta name=\"keywords\" content=\"actualidad\" \/>\n\t<link rel=\"canonical\" href=\"https:\/\/www.eldigitaldeasturias.com\/noticias\/compromiso-de-lima-los-paises-de-america-suscriben-el-documento\/\" \/>\n\t<meta name=\"generator\" content=\"All in One SEO Pro (AIOSEO) 5.0.1\" \/>\n\t\t<meta property=\"og:locale\" content=\"es_ES\" \/>\n\t\t<meta property=\"og:site_name\" content=\"El Digital de Asturias\" \/>\n\t\t<meta property=\"og:type\" content=\"article\" \/>\n\t\t<meta property=\"og:title\" content=\"Compromiso de Lima: Los pa\u00edses de Am\u00e9rica suscriben el documento - El Digital de Asturias\" \/>\n\t\t<meta property=\"og:description\" content=\"Lima, 14 abr (dpa) - Los pa\u00edses de Am\u00e9rica, con excepci\u00f3n de la no invitada Venezuela, suscribieron hoy por aclamaci\u00f3n un documento bautizado Compromiso de Lima contra la corrupci\u00f3n, que recoge medidas para enfrentar el flagelo, en el marco de la VIII Cumbre de las Am\u00e9ricas que se celebra en Lima. El documento de 57\" \/>\n\t\t<meta property=\"og:url\" content=\"https:\/\/www.eldigitaldeasturias.com\/noticias\/compromiso-de-lima-los-paises-de-america-suscriben-el-documento\/\" \/>\n\t\t<meta property=\"article:tag\" content=\"actualidad\" \/>\n\t\t<meta property=\"article:published_time\" content=\"2018-04-15T04:09:08+00:00\" \/>\n\t\t<meta property=\"article:modified_time\" content=\"2018-04-15T04:09:08+00:00\" \/>\n\t\t<meta property=\"article:publisher\" content=\"https:\/\/facebook.com\/eldigitaldeasturias\" \/>\n\t\t<meta name=\"twitter:card\" content=\"summary_large_image\" \/>\n\t\t<meta name=\"twitter:title\" content=\"Compromiso de Lima: Los pa\u00edses de Am\u00e9rica suscriben el documento - El Digital de Asturias\" \/>\n\t\t<meta name=\"twitter:description\" content=\"Lima, 14 abr (dpa) - Los pa\u00edses de Am\u00e9rica, con excepci\u00f3n de la no invitada Venezuela, suscribieron hoy por aclamaci\u00f3n un documento bautizado Compromiso de Lima contra la corrupci\u00f3n, que recoge medidas para enfrentar el flagelo, en el marco de la VIII Cumbre de las Am\u00e9ricas que se celebra en Lima. El documento de 57\" \/>\n\t\t<meta name=\"twitter:image\" content=\"https:\/\/www.eldigitaldeasturias.com\/noticias\/wp-content\/uploads\/2020\/12\/EDA-1.jpg\" \/>\n\t\t<meta name=\"twitter:label1\" content=\"Escrito por\" \/>\n\t\t<meta name=\"twitter:data1\" content=\"El Digital de Asturias\" \/>\n\t\t<meta name=\"twitter:label2\" content=\"Tiempo de lectura estimado\" \/>\n\t\t<meta name=\"twitter:data2\" content=\"3 minutos\" \/>\n\t\t<script type=\"application\/ld+json\" class=\"aioseo-schema\">\n\t\t\t{\"@context\":\"https:\\\/\\\/schema.org\",\"@graph\":[{\"@type\":\"BlogPosting\",\"@id\":\"https:\\\/\\\/www.eldigitaldeasturias.com\\\/noticias\\\/compromiso-de-lima-los-paises-de-america-suscriben-el-documento\\\/#blogposting\",\"name\":\"Compromiso de Lima: Los pa\\u00edses de Am\\u00e9rica suscriben el documento - El Digital de Asturias\",\"headline\":\"Compromiso de Lima: Los pa\\u00edses de Am\\u00e9rica suscriben el documento\",\"author\":{\"@id\":\"https:\\\/\\\/www.eldigitaldeasturias.com\\\/noticias\\\/author\\\/admin\\\/#author\"},\"publisher\":{\"@id\":\"https:\\\/\\\/www.eldigitaldeasturias.com\\\/noticias\\\/#organization\"},\"image\":{\"@type\":\"ImageObject\",\"url\":975583},\"datePublished\":\"2018-04-15T04:09:08+02:00\",\"dateModified\":\"2018-04-15T04:09:08+02:00\",\"inLanguage\":\"es-ES\",\"mainEntityOfPage\":{\"@id\":\"https:\\\/\\\/www.eldigitaldeasturias.com\\\/noticias\\\/compromiso-de-lima-los-paises-de-america-suscriben-el-documento\\\/#webpage\"},\"isPartOf\":{\"@id\":\"https:\\\/\\\/www.eldigitaldeasturias.com\\\/noticias\\\/compromiso-de-lima-los-paises-de-america-suscriben-el-documento\\\/#webpage\"},\"articleSection\":\"Actualidad\"},{\"@type\":\"BreadcrumbList\",\"@id\":\"https:\\\/\\\/www.eldigitaldeasturias.com\\\/noticias\\\/compromiso-de-lima-los-paises-de-america-suscriben-el-documento\\\/#breadcrumblist\",\"itemListElement\":[{\"@type\":\"ListItem\",\"@id\":\"https:\\\/\\\/www.eldigitaldeasturias.com\\\/noticias#listItem\",\"position\":1,\"name\":\"Home\",\"item\":\"https:\\\/\\\/www.eldigitaldeasturias.com\\\/noticias\",\"nextItem\":{\"@type\":\"ListItem\",\"@id\":\"https:\\\/\\\/www.eldigitaldeasturias.com\\\/noticias\\\/category\\\/actualidad\\\/#listItem\",\"name\":\"Actualidad\"}},{\"@type\":\"ListItem\",\"@id\":\"https:\\\/\\\/www.eldigitaldeasturias.com\\\/noticias\\\/category\\\/actualidad\\\/#listItem\",\"position\":2,\"name\":\"Actualidad\",\"item\":\"https:\\\/\\\/www.eldigitaldeasturias.com\\\/noticias\\\/category\\\/actualidad\\\/\",\"nextItem\":{\"@type\":\"ListItem\",\"@id\":\"https:\\\/\\\/www.eldigitaldeasturias.com\\\/noticias\\\/compromiso-de-lima-los-paises-de-america-suscriben-el-documento\\\/#listItem\",\"name\":\"Compromiso de Lima: Los pa\\u00edses de Am\\u00e9rica suscriben el documento\"},\"previousItem\":{\"@type\":\"ListItem\",\"@id\":\"https:\\\/\\\/www.eldigitaldeasturias.com\\\/noticias#listItem\",\"name\":\"Home\"}},{\"@type\":\"ListItem\",\"@id\":\"https:\\\/\\\/www.eldigitaldeasturias.com\\\/noticias\\\/compromiso-de-lima-los-paises-de-america-suscriben-el-documento\\\/#listItem\",\"position\":3,\"name\":\"Compromiso de Lima: Los pa\\u00edses de Am\\u00e9rica suscriben el documento\",\"previousItem\":{\"@type\":\"ListItem\",\"@id\":\"https:\\\/\\\/www.eldigitaldeasturias.com\\\/noticias\\\/category\\\/actualidad\\\/#listItem\",\"name\":\"Actualidad\"}}]},{\"@type\":\"Organization\",\"@id\":\"https:\\\/\\\/www.eldigitaldeasturias.com\\\/noticias\\\/#organization\",\"name\":\"El Digital de Asturias\",\"description\":\"Hemeroteca\",\"url\":\"https:\\\/\\\/www.eldigitaldeasturias.com\\\/noticias\\\/\",\"email\":\"info@eldigitaldeasturias.com\",\"telephone\":\"+34652131393\",\"logo\":{\"@type\":\"ImageObject\",\"url\":\"https:\\\/\\\/www.eldigitaldeasturias.com\\\/noticias\\\/wp-content\\\/uploads\\\/2020\\\/12\\\/EDA.jpg\",\"@id\":\"https:\\\/\\\/www.eldigitaldeasturias.com\\\/noticias\\\/compromiso-de-lima-los-paises-de-america-suscriben-el-documento\\\/#organizationLogo\"},\"image\":{\"@id\":\"https:\\\/\\\/www.eldigitaldeasturias.com\\\/noticias\\\/compromiso-de-lima-los-paises-de-america-suscriben-el-documento\\\/#organizationLogo\"},\"sameAs\":[\"https:\\\/\\\/facebook.com\\\/eldigitaldeasturias\",\"https:\\\/\\\/www.youtube.com\\\/channel\\\/UCZP-2wLEB9Rv6erhFmqVnvg\"],\"address\":{\"@id\":\"https:\\\/\\\/www.eldigitaldeasturias.com\\\/noticias\\\/#postaladdress\",\"@type\":\"PostalAddress\",\"streetAddress\":\"san antonio 4\",\"postalCode\":\"33430\",\"addressLocality\":\"Cand\\u00e1s\",\"addressRegion\":\"Asturias\",\"addressCountry\":\"ES\"}},{\"@type\":\"Person\",\"@id\":\"https:\\\/\\\/www.eldigitaldeasturias.com\\\/noticias\\\/author\\\/admin\\\/#author\",\"url\":\"https:\\\/\\\/www.eldigitaldeasturias.com\\\/noticias\\\/author\\\/admin\\\/\",\"name\":\"El Digital de Asturias\",\"image\":{\"@type\":\"ImageObject\",\"@id\":\"https:\\\/\\\/www.eldigitaldeasturias.com\\\/noticias\\\/compromiso-de-lima-los-paises-de-america-suscriben-el-documento\\\/#authorImage\",\"url\":\"https:\\\/\\\/secure.gravatar.com\\\/avatar\\\/df2aeffc32bcd13f8d26072ef8a91b623d677766deac7f97ca815868cd41bf5e?s=96&d=mm&r=g\",\"width\":96,\"height\":96,\"caption\":\"El Digital de Asturias\"}},{\"@type\":\"WebPage\",\"@id\":\"https:\\\/\\\/www.eldigitaldeasturias.com\\\/noticias\\\/compromiso-de-lima-los-paises-de-america-suscriben-el-documento\\\/#webpage\",\"url\":\"https:\\\/\\\/www.eldigitaldeasturias.com\\\/noticias\\\/compromiso-de-lima-los-paises-de-america-suscriben-el-documento\\\/\",\"name\":\"Compromiso de Lima: Los pa\\u00edses de Am\\u00e9rica suscriben el documento - El Digital de Asturias\",\"description\":\"Lima, 14 abr (dpa) - Los pa\\u00edses de Am\\u00e9rica, con excepci\\u00f3n de la no invitada Venezuela, suscribieron hoy por aclamaci\\u00f3n un documento bautizado Compromiso de Lima contra la corrupci\\u00f3n, que recoge medidas para enfrentar el flagelo, en el marco de la VIII Cumbre de las Am\\u00e9ricas que se celebra en Lima. El documento de 57\",\"inLanguage\":\"es-ES\",\"isPartOf\":{\"@id\":\"https:\\\/\\\/www.eldigitaldeasturias.com\\\/noticias\\\/#website\"},\"breadcrumb\":{\"@id\":\"https:\\\/\\\/www.eldigitaldeasturias.com\\\/noticias\\\/compromiso-de-lima-los-paises-de-america-suscriben-el-documento\\\/#breadcrumblist\"},\"author\":{\"@id\":\"https:\\\/\\\/www.eldigitaldeasturias.com\\\/noticias\\\/author\\\/admin\\\/#author\"},\"creator\":{\"@id\":\"https:\\\/\\\/www.eldigitaldeasturias.com\\\/noticias\\\/author\\\/admin\\\/#author\"},\"image\":{\"@type\":\"ImageObject\",\"url\":975583,\"@id\":\"https:\\\/\\\/www.eldigitaldeasturias.com\\\/noticias\\\/compromiso-de-lima-los-paises-de-america-suscriben-el-documento\\\/#mainImage\"},\"primaryImageOfPage\":{\"@id\":\"https:\\\/\\\/www.eldigitaldeasturias.com\\\/noticias\\\/compromiso-de-lima-los-paises-de-america-suscriben-el-documento\\\/#mainImage\"},\"datePublished\":\"2018-04-15T04:09:08+02:00\",\"dateModified\":\"2018-04-15T04:09:08+02:00\"},{\"@type\":\"WebSite\",\"@id\":\"https:\\\/\\\/www.eldigitaldeasturias.com\\\/noticias\\\/#website\",\"url\":\"https:\\\/\\\/www.eldigitaldeasturias.com\\\/noticias\\\/\",\"name\":\"El Digital de Asturias - Diario de actualidad y noticias\",\"alternateName\":\"El Digital de Asturias - Diario de actualidad y noticias\",\"description\":\"Hemeroteca\",\"inLanguage\":\"es-ES\",\"publisher\":{\"@id\":\"https:\\\/\\\/www.eldigitaldeasturias.com\\\/noticias\\\/#organization\"}}]}\n\t\t<\/script>\n\t\t<!-- All in One SEO Pro -->\r\n\t\t<title>Compromiso de Lima: Los pa\u00edses de Am\u00e9rica suscriben el documento - El Digital de Asturias<\/title>\n\n","aioseo_head_json":{"title":"Compromiso de Lima: Los pa\u00edses de Am\u00e9rica suscriben el documento - El Digital de Asturias","description":"Lima, 14 abr (dpa) - Los pa\u00edses de Am\u00e9rica, con excepci\u00f3n de la no invitada Venezuela, suscribieron hoy por aclamaci\u00f3n un documento bautizado Compromiso de Lima contra la corrupci\u00f3n, que recoge medidas para enfrentar el flagelo, en el marco de la VIII Cumbre de las Am\u00e9ricas que se celebra en Lima. El documento de 57","canonical_url":"https:\/\/www.eldigitaldeasturias.com\/noticias\/compromiso-de-lima-los-paises-de-america-suscriben-el-documento\/","robots":"max-image-preview:large","keywords":"actualidad","webmasterTools":{"google-site-verification":"UA-38556648-1","msvalidate.01":"7dfe9f3f1b24437ab69f4f2559babe99","miscellaneous":""},"schema":{"@context":"https:\/\/schema.org","@graph":[{"@type":"BlogPosting","@id":"https:\/\/www.eldigitaldeasturias.com\/noticias\/compromiso-de-lima-los-paises-de-america-suscriben-el-documento\/#blogposting","name":"Compromiso de Lima: Los pa\u00edses de Am\u00e9rica suscriben el documento - El Digital de Asturias","headline":"Compromiso de Lima: Los pa\u00edses de Am\u00e9rica suscriben el documento","author":{"@id":"https:\/\/www.eldigitaldeasturias.com\/noticias\/author\/admin\/#author"},"publisher":{"@id":"https:\/\/www.eldigitaldeasturias.com\/noticias\/#organization"},"image":{"@type":"ImageObject","url":975583},"datePublished":"2018-04-15T04:09:08+02:00","dateModified":"2018-04-15T04:09:08+02:00","inLanguage":"es-ES","mainEntityOfPage":{"@id":"https:\/\/www.eldigitaldeasturias.com\/noticias\/compromiso-de-lima-los-paises-de-america-suscriben-el-documento\/#webpage"},"isPartOf":{"@id":"https:\/\/www.eldigitaldeasturias.com\/noticias\/compromiso-de-lima-los-paises-de-america-suscriben-el-documento\/#webpage"},"articleSection":"Actualidad"},{"@type":"BreadcrumbList","@id":"https:\/\/www.eldigitaldeasturias.com\/noticias\/compromiso-de-lima-los-paises-de-america-suscriben-el-documento\/#breadcrumblist","itemListElement":[{"@type":"ListItem","@id":"https:\/\/www.eldigitaldeasturias.com\/noticias#listItem","position":1,"name":"Home","item":"https:\/\/www.eldigitaldeasturias.com\/noticias","nextItem":{"@type":"ListItem","@id":"https:\/\/www.eldigitaldeasturias.com\/noticias\/category\/actualidad\/#listItem","name":"Actualidad"}},{"@type":"ListItem","@id":"https:\/\/www.eldigitaldeasturias.com\/noticias\/category\/actualidad\/#listItem","position":2,"name":"Actualidad","item":"https:\/\/www.eldigitaldeasturias.com\/noticias\/category\/actualidad\/","nextItem":{"@type":"ListItem","@id":"https:\/\/www.eldigitaldeasturias.com\/noticias\/compromiso-de-lima-los-paises-de-america-suscriben-el-documento\/#listItem","name":"Compromiso de Lima: Los pa\u00edses de Am\u00e9rica suscriben el documento"},"previousItem":{"@type":"ListItem","@id":"https:\/\/www.eldigitaldeasturias.com\/noticias#listItem","name":"Home"}},{"@type":"ListItem","@id":"https:\/\/www.eldigitaldeasturias.com\/noticias\/compromiso-de-lima-los-paises-de-america-suscriben-el-documento\/#listItem","position":3,"name":"Compromiso de Lima: Los pa\u00edses de Am\u00e9rica suscriben el documento","previousItem":{"@type":"ListItem","@id":"https:\/\/www.eldigitaldeasturias.com\/noticias\/category\/actualidad\/#listItem","name":"Actualidad"}}]},{"@type":"Organization","@id":"https:\/\/www.eldigitaldeasturias.com\/noticias\/#organization","name":"El Digital de Asturias","description":"Hemeroteca","url":"https:\/\/www.eldigitaldeasturias.com\/noticias\/","email":"info@eldigitaldeasturias.com","telephone":"+34652131393","logo":{"@type":"ImageObject","url":"https:\/\/www.eldigitaldeasturias.com\/noticias\/wp-content\/uploads\/2020\/12\/EDA.jpg","@id":"https:\/\/www.eldigitaldeasturias.com\/noticias\/compromiso-de-lima-los-paises-de-america-suscriben-el-documento\/#organizationLogo"},"image":{"@id":"https:\/\/www.eldigitaldeasturias.com\/noticias\/compromiso-de-lima-los-paises-de-america-suscriben-el-documento\/#organizationLogo"},"sameAs":["https:\/\/facebook.com\/eldigitaldeasturias","https:\/\/www.youtube.com\/channel\/UCZP-2wLEB9Rv6erhFmqVnvg"],"address":{"@id":"https:\/\/www.eldigitaldeasturias.com\/noticias\/#postaladdress","@type":"PostalAddress","streetAddress":"san antonio 4","postalCode":"33430","addressLocality":"Cand\u00e1s","addressRegion":"Asturias","addressCountry":"ES"}},{"@type":"Person","@id":"https:\/\/www.eldigitaldeasturias.com\/noticias\/author\/admin\/#author","url":"https:\/\/www.eldigitaldeasturias.com\/noticias\/author\/admin\/","name":"El Digital de Asturias","image":{"@type":"ImageObject","@id":"https:\/\/www.eldigitaldeasturias.com\/noticias\/compromiso-de-lima-los-paises-de-america-suscriben-el-documento\/#authorImage","url":"https:\/\/secure.gravatar.com\/avatar\/df2aeffc32bcd13f8d26072ef8a91b623d677766deac7f97ca815868cd41bf5e?s=96&d=mm&r=g","width":96,"height":96,"caption":"El Digital de Asturias"}},{"@type":"WebPage","@id":"https:\/\/www.eldigitaldeasturias.com\/noticias\/compromiso-de-lima-los-paises-de-america-suscriben-el-documento\/#webpage","url":"https:\/\/www.eldigitaldeasturias.com\/noticias\/compromiso-de-lima-los-paises-de-america-suscriben-el-documento\/","name":"Compromiso de Lima: Los pa\u00edses de Am\u00e9rica suscriben el documento - El Digital de Asturias","description":"Lima, 14 abr (dpa) - Los pa\u00edses de Am\u00e9rica, con excepci\u00f3n de la no invitada Venezuela, suscribieron hoy por aclamaci\u00f3n un documento bautizado Compromiso de Lima contra la corrupci\u00f3n, que recoge medidas para enfrentar el flagelo, en el marco de la VIII Cumbre de las Am\u00e9ricas que se celebra en Lima. El documento de 57","inLanguage":"es-ES","isPartOf":{"@id":"https:\/\/www.eldigitaldeasturias.com\/noticias\/#website"},"breadcrumb":{"@id":"https:\/\/www.eldigitaldeasturias.com\/noticias\/compromiso-de-lima-los-paises-de-america-suscriben-el-documento\/#breadcrumblist"},"author":{"@id":"https:\/\/www.eldigitaldeasturias.com\/noticias\/author\/admin\/#author"},"creator":{"@id":"https:\/\/www.eldigitaldeasturias.com\/noticias\/author\/admin\/#author"},"image":{"@type":"ImageObject","url":975583,"@id":"https:\/\/www.eldigitaldeasturias.com\/noticias\/compromiso-de-lima-los-paises-de-america-suscriben-el-documento\/#mainImage"},"primaryImageOfPage":{"@id":"https:\/\/www.eldigitaldeasturias.com\/noticias\/compromiso-de-lima-los-paises-de-america-suscriben-el-documento\/#mainImage"},"datePublished":"2018-04-15T04:09:08+02:00","dateModified":"2018-04-15T04:09:08+02:00"},{"@type":"WebSite","@id":"https:\/\/www.eldigitaldeasturias.com\/noticias\/#website","url":"https:\/\/www.eldigitaldeasturias.com\/noticias\/","name":"El Digital de Asturias - Diario de actualidad y noticias","alternateName":"El Digital de Asturias - Diario de actualidad y noticias","description":"Hemeroteca","inLanguage":"es-ES","publisher":{"@id":"https:\/\/www.eldigitaldeasturias.com\/noticias\/#organization"}}]},"og:locale":"es_ES","og:site_name":"El Digital de Asturias","og:type":"article","og:title":"Compromiso de Lima: Los pa\u00edses de Am\u00e9rica suscriben el documento - El Digital de Asturias","og:description":"Lima, 14 abr (dpa) - Los pa\u00edses de Am\u00e9rica, con excepci\u00f3n de la no invitada Venezuela, suscribieron hoy por aclamaci\u00f3n un documento bautizado Compromiso de Lima contra la corrupci\u00f3n, que recoge medidas para enfrentar el flagelo, en el marco de la VIII Cumbre de las Am\u00e9ricas que se celebra en Lima. El documento de 57","og:url":"https:\/\/www.eldigitaldeasturias.com\/noticias\/compromiso-de-lima-los-paises-de-america-suscriben-el-documento\/","article:tag":["actualidad"],"article:published_time":"2018-04-15T04:09:08+00:00","article:modified_time":"2018-04-15T04:09:08+00:00","article:publisher":"https:\/\/facebook.com\/eldigitaldeasturias","twitter:card":"summary_large_image","twitter:title":"Compromiso de Lima: Los pa\u00edses de Am\u00e9rica suscriben el documento - El Digital de Asturias","twitter:description":"Lima, 14 abr (dpa) - Los pa\u00edses de Am\u00e9rica, con excepci\u00f3n de la no invitada Venezuela, suscribieron hoy por aclamaci\u00f3n un documento bautizado Compromiso de Lima contra la corrupci\u00f3n, que recoge medidas para enfrentar el flagelo, en el marco de la VIII Cumbre de las Am\u00e9ricas que se celebra en Lima. El documento de 57","twitter:image":"https:\/\/www.eldigitaldeasturias.com\/noticias\/wp-content\/uploads\/2020\/12\/EDA-1.jpg","twitter:label1":"Escrito por","twitter:data1":"El Digital de Asturias","twitter:label2":"Tiempo de lectura estimado","twitter:data2":"3 minutos"},"aioseo_meta_data":{"post_id":"976061","title":null,"description":null,"keywords":null,"keyphrases":null,"primary_term":null,"canonical_url":null,"og_title":null,"og_description":null,"og_object_type":"default","og_image_type":"default","og_image_url":null,"og_image_width":null,"og_image_height":null,"og_image_custom_url":null,"og_image_custom_fields":null,"og_video":null,"og_custom_url":null,"og_article_section":null,"og_article_tags":null,"twitter_use_og":false,"twitter_card":"default","twitter_image_type":"default","twitter_image_url":null,"twitter_image_custom_url":null,"twitter_image_custom_fields":null,"twitter_title":null,"twitter_description":null,"schema":{"blockGraphs":[],"customGraphs":[],"default":{"data":{"Article":[],"Course":[],"Dataset":[],"FAQPage":[],"Movie":[],"Person":[],"Product":[],"ProductReview":[],"Car":[],"Recipe":[],"Service":[],"SoftwareApplication":[],"WebPage":[]},"graphName":"","isEnabled":true},"graphs":[],"defaultGraph":"","defaultPostTypeGraph":""},"schema_type":null,"schema_type_options":null,"pillar_content":false,"robots_default":true,"robots_noindex":false,"robots_noarchive":false,"robots_nosnippet":false,"robots_nofollow":false,"robots_noimageindex":false,"robots_noodp":false,"robots_notranslate":false,"robots_max_snippet":null,"robots_max_videopreview":null,"robots_max_imagepreview":"large","priority":null,"frequency":null,"local_seo":null,"seo_analyzer_scan_date":"2025-10-08 02:28:17","breadcrumb_settings":null,"limit_modified_date":false,"open_ai":null,"ai":null,"created":"2020-12-21 12:09:40","updated":"2025-10-08 02:28:17","focus_keyword":null,"additional_keywords":null,"truseo_locale":null},"aioseo_breadcrumb":"<div class=\"aioseo-breadcrumbs\"><span class=\"aioseo-breadcrumb\">\n\t<a href=\"https:\/\/www.eldigitaldeasturias.com\/noticias\" title=\"Home\">Home<\/a>\n<\/span><span class=\"aioseo-breadcrumb-separator\">\u2013<\/span><span class=\"aioseo-breadcrumb\">\n\t<a href=\"https:\/\/www.eldigitaldeasturias.com\/noticias\/category\/actualidad\/\" title=\"Actualidad\">Actualidad<\/a>\n<\/span><span class=\"aioseo-breadcrumb-separator\">\u2013<\/span><span class=\"aioseo-breadcrumb\">\n\t<a href=\"https:\/\/www.eldigitaldeasturias.com\/noticias\/compromiso-de-lima-los-paises-de-america-suscriben-el-documento\/\" title=\"Compromiso de Lima: Los pa\u00edses de Am\u00e9rica suscriben el documento\">Compromiso de Lima: Los pa\u00edses de Am\u00e9rica suscriben el documento<\/a>\n<\/span><\/div>","aioseo_breadcrumb_json":[{"label":"Home","link":"https:\/\/www.eldigitaldeasturias.com\/noticias"},{"label":"Actualidad","link":"https:\/\/www.eldigitaldeasturias.com\/noticias\/category\/actualidad\/"},{"label":"Compromiso de Lima: Los pa\u00edses de Am\u00e9rica suscriben el documento","link":"https:\/\/www.eldigitaldeasturias.com\/noticias\/compromiso-de-lima-los-paises-de-america-suscriben-el-documento\/"}],"_links":{"self":[{"href":"https:\/\/www.eldigitaldeasturias.com\/noticias\/wp-json\/wp\/v2\/posts\/976061","targetHints":{"allow":["GET"]}}],"collection":[{"href":"https:\/\/www.eldigitaldeasturias.com\/noticias\/wp-json\/wp\/v2\/posts"}],"about":[{"href":"https:\/\/www.eldigitaldeasturias.com\/noticias\/wp-json\/wp\/v2\/types\/post"}],"author":[{"embeddable":true,"href":"https:\/\/www.eldigitaldeasturias.com\/noticias\/wp-json\/wp\/v2\/users\/1"}],"replies":[{"embeddable":true,"href":"https:\/\/www.eldigitaldeasturias.com\/noticias\/wp-json\/wp\/v2\/comments?post=976061"}],"version-history":[{"count":0,"href":"https:\/\/www.eldigitaldeasturias.com\/noticias\/wp-json\/wp\/v2\/posts\/976061\/revisions"}],"wp:attachment":[{"href":"https:\/\/www.eldigitaldeasturias.com\/noticias\/wp-json\/wp\/v2\/media?parent=976061"}],"wp:term":[{"taxonomy":"category","embeddable":true,"href":"https:\/\/www.eldigitaldeasturias.com\/noticias\/wp-json\/wp\/v2\/categories?post=976061"},{"taxonomy":"post_tag","embeddable":true,"href":"https:\/\/www.eldigitaldeasturias.com\/noticias\/wp-json\/wp\/v2\/tags?post=976061"}],"curies":[{"name":"wp","href":"https:\/\/api.w.org\/{rel}","templated":true}]}}