{"id":976051,"date":"2018-04-14T20:55:23","date_gmt":"2018-04-14T20:55:23","guid":{"rendered":"http:\/\/www.eldigitaldeasturias.com\/noticias\/?p=976051"},"modified":"2018-04-14T20:55:23","modified_gmt":"2018-04-14T20:55:23","slug":"volker-perthes-el-ataque-militar-no-ayuda-a-conseguir-la-paz-en-siria","status":"publish","type":"post","link":"https:\/\/www.eldigitaldeasturias.com\/noticias\/volker-perthes-el-ataque-militar-no-ayuda-a-conseguir-la-paz-en-siria\/","title":{"rendered":"Volker Perthes: \u00abEl ataque militar no ayuda a conseguir la paz en Siria\u00bb"},"content":{"rendered":"<p><img loading=\"lazy\" decoding=\"async\" class=\"alignleft size-medium wp-image-542657\" src=\"https:\/\/www.eldigitaldeasturias.com\/noticias\/wp-content\/uploads\/2014\/06\/6345789w-360x238.jpg\" alt=\"\" width=\"360\" height=\"238\" \/>Berl\u00edn, 14 abr (dpa) &#8211; El ataque militar de Occidente contra Siria no ha modificado la situaci\u00f3n estrat\u00e9gica en el pa\u00eds, opin\u00f3 hoy un experto alem\u00e1n consultado por dpa.<\/p>\n<p>\u00abNo estamos ni tan solo un paso m\u00e1s cerca del fin de la guerra ni mucho menos de una paz verdadera\u00bb, dijo Volker Perthes, director de la renombrada Fundaci\u00f3n de Ciencia y Pol\u00edtica.<\/p>\n<p>Perthes matiz\u00f3 que la ofensiva en respuesta a un ataque con armas qu\u00edmicas en Siria tampoco implica que se est\u00e9 m\u00e1s lejos de una soluci\u00f3n negociada.<\/p>\n<p>Seg\u00fan Perthes, el presidente sirio Bashar al-Assad y su Gobierno se afanar\u00e1n por mostrar en los pr\u00f3ximos d\u00edas y semanas que el ataque lanzado por fuerzas estadounidenses, francesas y brit\u00e1nicas no lo ha debilitado.<\/p>\n<p>\u00abY algunas de las facciones rebeldes que a\u00fan persisten en la lucha podr\u00edan verse alentadas a lanzar ataques aislados. Aunque no sea m\u00e1s que para mostrar que tampoco ellos est\u00e1n derrotados\u00bb, valor\u00f3, y advirti\u00f3 que esta situaci\u00f3n podr\u00eda derivar en una escalada de violencia.<\/p>\n<p>Siria necesita \u00abun verdadero cese de hostilidades in situ\u00bb, una protecci\u00f3n eficaz de los civiles y negociaciones para una soluci\u00f3n pol\u00edtica, opin\u00f3 el polit\u00f3logo.<\/p>\n<p>Advirti\u00f3, sin embargo, que existe \u00abel peligro muy real\u00bb de que las tensiones entre las potencias involucradas, en primer lugar Rusia, Ir\u00e1n, Turqu\u00eda y Estados Unidos, y una nueva escalada en los combates entre el Gobierno sirio y los rebeles puedan llevar al resurgimiento de la milicia terrorista del autodenominado Estado Isl\u00e1mico.<\/p>\n<p>Estados Unidos, Francia y Reino Unido atacaron a primera hora de hoy tres objetivos en Siria, en respuesta al presunto ataque con armas qu\u00edmicas de hace una semana en Duma, \u00faltimo enclave rebelde en Guta Oriental.<\/p>\n<p>Washington, Par\u00eds y Londres acusan de ese ataque al Gobierno sirio, pero este lo niega. Rusia afirm\u00f3 el viernes que el presunto ataque fue un montaje en el que intervino Reino Unido para provocar la intervenci\u00f3n militar de Estados<\/p>\n","protected":false},"excerpt":{"rendered":"<p>Berl\u00edn, 14 abr (dpa) &#8211; El ataque militar de Occidente contra Siria no ha modificado la situaci\u00f3n estrat\u00e9gica en el pa\u00eds, opin\u00f3 hoy un experto alem\u00e1n consultado por dpa. \u00abNo estamos ni tan solo un paso m\u00e1s cerca del fin de la guerra ni mucho menos de una paz verdadera\u00bb, dijo Volker Perthes, director de [&hellip;]<\/p>\n","protected":false},"author":1,"featured_media":542657,"comment_status":"closed","ping_status":"closed","sticky":false,"template":"","format":"standard","meta":{"footnotes":""},"categories":[1],"tags":[],"class_list":["post-976051","post","type-post","status-publish","format-standard","has-post-thumbnail","hentry","category-actualidad"],"aioseo_notices":[],"aioseo_head":"\n\t\t<!-- All in One SEO Pro 5.0.1 - aioseo.com -->\n\t<meta name=\"description\" content=\"Berl\u00edn, 14 abr (dpa) - El ataque militar de Occidente contra Siria no ha modificado la situaci\u00f3n estrat\u00e9gica en el pa\u00eds, opin\u00f3 hoy un experto alem\u00e1n consultado por dpa. &quot;No estamos ni tan solo un paso m\u00e1s cerca del fin de la guerra ni mucho menos de una paz verdadera&quot;, dijo Volker Perthes, director de\" \/>\n\t<meta name=\"robots\" content=\"max-image-preview:large\" \/>\n\t<meta name=\"author\" content=\"El Digital de Asturias\"\/>\n\t<meta name=\"google-site-verification\" content=\"UA-38556648-1\" \/>\n\t<meta name=\"msvalidate.01\" content=\"7dfe9f3f1b24437ab69f4f2559babe99\" \/>\n\t<meta name=\"keywords\" content=\"actualidad\" \/>\n\t<link rel=\"canonical\" href=\"https:\/\/www.eldigitaldeasturias.com\/noticias\/volker-perthes-el-ataque-militar-no-ayuda-a-conseguir-la-paz-en-siria\/\" \/>\n\t<meta name=\"generator\" content=\"All in One SEO Pro (AIOSEO) 5.0.1\" \/>\n\t\t<meta property=\"og:locale\" content=\"es_ES\" \/>\n\t\t<meta property=\"og:site_name\" content=\"El Digital de Asturias\" \/>\n\t\t<meta property=\"og:type\" content=\"article\" \/>\n\t\t<meta property=\"og:title\" content=\"Volker Perthes: \u00abEl ataque militar no ayuda a conseguir la paz en Siria\u00bb - El Digital de Asturias\" \/>\n\t\t<meta property=\"og:description\" content=\"Berl\u00edn, 14 abr (dpa) - El ataque militar de Occidente contra Siria no ha modificado la situaci\u00f3n estrat\u00e9gica en el pa\u00eds, opin\u00f3 hoy un experto alem\u00e1n consultado por dpa. &quot;No estamos ni tan solo un paso m\u00e1s cerca del fin de la guerra ni mucho menos de una paz verdadera&quot;, dijo Volker Perthes, director de\" \/>\n\t\t<meta property=\"og:url\" content=\"https:\/\/www.eldigitaldeasturias.com\/noticias\/volker-perthes-el-ataque-militar-no-ayuda-a-conseguir-la-paz-en-siria\/\" \/>\n\t\t<meta property=\"article:tag\" content=\"actualidad\" \/>\n\t\t<meta property=\"article:published_time\" content=\"2018-04-14T20:55:23+00:00\" \/>\n\t\t<meta property=\"article:modified_time\" content=\"2018-04-14T20:55:23+00:00\" \/>\n\t\t<meta property=\"article:publisher\" content=\"https:\/\/facebook.com\/eldigitaldeasturias\" \/>\n\t\t<meta name=\"twitter:card\" content=\"summary_large_image\" \/>\n\t\t<meta name=\"twitter:title\" content=\"Volker Perthes: \u00abEl ataque militar no ayuda a conseguir la paz en Siria\u00bb - El Digital de Asturias\" \/>\n\t\t<meta name=\"twitter:description\" content=\"Berl\u00edn, 14 abr (dpa) - El ataque militar de Occidente contra Siria no ha modificado la situaci\u00f3n estrat\u00e9gica en el pa\u00eds, opin\u00f3 hoy un experto alem\u00e1n consultado por dpa. &quot;No estamos ni tan solo un paso m\u00e1s cerca del fin de la guerra ni mucho menos de una paz verdadera&quot;, dijo Volker Perthes, director de\" \/>\n\t\t<meta name=\"twitter:image\" content=\"https:\/\/www.eldigitaldeasturias.com\/noticias\/wp-content\/uploads\/2020\/12\/EDA-1.jpg\" \/>\n\t\t<meta name=\"twitter:label1\" content=\"Escrito por\" \/>\n\t\t<meta name=\"twitter:data1\" content=\"El Digital de Asturias\" \/>\n\t\t<meta name=\"twitter:label2\" content=\"Tiempo de lectura estimado\" \/>\n\t\t<meta name=\"twitter:data2\" content=\"2 minutos\" \/>\n\t\t<script type=\"application\/ld+json\" class=\"aioseo-schema\">\n\t\t\t{\"@context\":\"https:\\\/\\\/schema.org\",\"@graph\":[{\"@type\":\"BlogPosting\",\"@id\":\"https:\\\/\\\/www.eldigitaldeasturias.com\\\/noticias\\\/volker-perthes-el-ataque-militar-no-ayuda-a-conseguir-la-paz-en-siria\\\/#blogposting\",\"name\":\"Volker Perthes: \\u00abEl ataque militar no ayuda a conseguir la paz en Siria\\u00bb - El Digital de Asturias\",\"headline\":\"Volker Perthes: \\u00abEl ataque militar no ayuda a conseguir la paz en Siria\\u00bb\",\"author\":{\"@id\":\"https:\\\/\\\/www.eldigitaldeasturias.com\\\/noticias\\\/author\\\/admin\\\/#author\"},\"publisher\":{\"@id\":\"https:\\\/\\\/www.eldigitaldeasturias.com\\\/noticias\\\/#organization\"},\"image\":{\"@type\":\"ImageObject\",\"url\":542657},\"datePublished\":\"2018-04-14T20:55:23+02:00\",\"dateModified\":\"2018-04-14T20:55:23+02:00\",\"inLanguage\":\"es-ES\",\"mainEntityOfPage\":{\"@id\":\"https:\\\/\\\/www.eldigitaldeasturias.com\\\/noticias\\\/volker-perthes-el-ataque-militar-no-ayuda-a-conseguir-la-paz-en-siria\\\/#webpage\"},\"isPartOf\":{\"@id\":\"https:\\\/\\\/www.eldigitaldeasturias.com\\\/noticias\\\/volker-perthes-el-ataque-militar-no-ayuda-a-conseguir-la-paz-en-siria\\\/#webpage\"},\"articleSection\":\"Actualidad\"},{\"@type\":\"BreadcrumbList\",\"@id\":\"https:\\\/\\\/www.eldigitaldeasturias.com\\\/noticias\\\/volker-perthes-el-ataque-militar-no-ayuda-a-conseguir-la-paz-en-siria\\\/#breadcrumblist\",\"itemListElement\":[{\"@type\":\"ListItem\",\"@id\":\"https:\\\/\\\/www.eldigitaldeasturias.com\\\/noticias#listItem\",\"position\":1,\"name\":\"Home\",\"item\":\"https:\\\/\\\/www.eldigitaldeasturias.com\\\/noticias\",\"nextItem\":{\"@type\":\"ListItem\",\"@id\":\"https:\\\/\\\/www.eldigitaldeasturias.com\\\/noticias\\\/category\\\/actualidad\\\/#listItem\",\"name\":\"Actualidad\"}},{\"@type\":\"ListItem\",\"@id\":\"https:\\\/\\\/www.eldigitaldeasturias.com\\\/noticias\\\/category\\\/actualidad\\\/#listItem\",\"position\":2,\"name\":\"Actualidad\",\"item\":\"https:\\\/\\\/www.eldigitaldeasturias.com\\\/noticias\\\/category\\\/actualidad\\\/\",\"nextItem\":{\"@type\":\"ListItem\",\"@id\":\"https:\\\/\\\/www.eldigitaldeasturias.com\\\/noticias\\\/volker-perthes-el-ataque-militar-no-ayuda-a-conseguir-la-paz-en-siria\\\/#listItem\",\"name\":\"Volker Perthes: \\u00abEl ataque militar no ayuda a conseguir la paz en Siria\\u00bb\"},\"previousItem\":{\"@type\":\"ListItem\",\"@id\":\"https:\\\/\\\/www.eldigitaldeasturias.com\\\/noticias#listItem\",\"name\":\"Home\"}},{\"@type\":\"ListItem\",\"@id\":\"https:\\\/\\\/www.eldigitaldeasturias.com\\\/noticias\\\/volker-perthes-el-ataque-militar-no-ayuda-a-conseguir-la-paz-en-siria\\\/#listItem\",\"position\":3,\"name\":\"Volker Perthes: \\u00abEl ataque militar no ayuda a conseguir la paz en Siria\\u00bb\",\"previousItem\":{\"@type\":\"ListItem\",\"@id\":\"https:\\\/\\\/www.eldigitaldeasturias.com\\\/noticias\\\/category\\\/actualidad\\\/#listItem\",\"name\":\"Actualidad\"}}]},{\"@type\":\"Organization\",\"@id\":\"https:\\\/\\\/www.eldigitaldeasturias.com\\\/noticias\\\/#organization\",\"name\":\"El Digital de Asturias\",\"description\":\"Hemeroteca\",\"url\":\"https:\\\/\\\/www.eldigitaldeasturias.com\\\/noticias\\\/\",\"email\":\"info@eldigitaldeasturias.com\",\"telephone\":\"+34652131393\",\"logo\":{\"@type\":\"ImageObject\",\"url\":\"https:\\\/\\\/www.eldigitaldeasturias.com\\\/noticias\\\/wp-content\\\/uploads\\\/2020\\\/12\\\/EDA.jpg\",\"@id\":\"https:\\\/\\\/www.eldigitaldeasturias.com\\\/noticias\\\/volker-perthes-el-ataque-militar-no-ayuda-a-conseguir-la-paz-en-siria\\\/#organizationLogo\"},\"image\":{\"@id\":\"https:\\\/\\\/www.eldigitaldeasturias.com\\\/noticias\\\/volker-perthes-el-ataque-militar-no-ayuda-a-conseguir-la-paz-en-siria\\\/#organizationLogo\"},\"sameAs\":[\"https:\\\/\\\/facebook.com\\\/eldigitaldeasturias\",\"https:\\\/\\\/www.youtube.com\\\/channel\\\/UCZP-2wLEB9Rv6erhFmqVnvg\"],\"address\":{\"@id\":\"https:\\\/\\\/www.eldigitaldeasturias.com\\\/noticias\\\/#postaladdress\",\"@type\":\"PostalAddress\",\"streetAddress\":\"san antonio 4\",\"postalCode\":\"33430\",\"addressLocality\":\"Cand\\u00e1s\",\"addressRegion\":\"Asturias\",\"addressCountry\":\"ES\"}},{\"@type\":\"Person\",\"@id\":\"https:\\\/\\\/www.eldigitaldeasturias.com\\\/noticias\\\/author\\\/admin\\\/#author\",\"url\":\"https:\\\/\\\/www.eldigitaldeasturias.com\\\/noticias\\\/author\\\/admin\\\/\",\"name\":\"El Digital de Asturias\",\"image\":{\"@type\":\"ImageObject\",\"@id\":\"https:\\\/\\\/www.eldigitaldeasturias.com\\\/noticias\\\/volker-perthes-el-ataque-militar-no-ayuda-a-conseguir-la-paz-en-siria\\\/#authorImage\",\"url\":\"https:\\\/\\\/secure.gravatar.com\\\/avatar\\\/df2aeffc32bcd13f8d26072ef8a91b623d677766deac7f97ca815868cd41bf5e?s=96&d=mm&r=g\",\"width\":96,\"height\":96,\"caption\":\"El Digital de Asturias\"}},{\"@type\":\"WebPage\",\"@id\":\"https:\\\/\\\/www.eldigitaldeasturias.com\\\/noticias\\\/volker-perthes-el-ataque-militar-no-ayuda-a-conseguir-la-paz-en-siria\\\/#webpage\",\"url\":\"https:\\\/\\\/www.eldigitaldeasturias.com\\\/noticias\\\/volker-perthes-el-ataque-militar-no-ayuda-a-conseguir-la-paz-en-siria\\\/\",\"name\":\"Volker Perthes: \\u00abEl ataque militar no ayuda a conseguir la paz en Siria\\u00bb - El Digital de Asturias\",\"description\":\"Berl\\u00edn, 14 abr (dpa) - El ataque militar de Occidente contra Siria no ha modificado la situaci\\u00f3n estrat\\u00e9gica en el pa\\u00eds, opin\\u00f3 hoy un experto alem\\u00e1n consultado por dpa. \\\"No estamos ni tan solo un paso m\\u00e1s cerca del fin de la guerra ni mucho menos de una paz verdadera\\\", dijo Volker Perthes, director de\",\"inLanguage\":\"es-ES\",\"isPartOf\":{\"@id\":\"https:\\\/\\\/www.eldigitaldeasturias.com\\\/noticias\\\/#website\"},\"breadcrumb\":{\"@id\":\"https:\\\/\\\/www.eldigitaldeasturias.com\\\/noticias\\\/volker-perthes-el-ataque-militar-no-ayuda-a-conseguir-la-paz-en-siria\\\/#breadcrumblist\"},\"author\":{\"@id\":\"https:\\\/\\\/www.eldigitaldeasturias.com\\\/noticias\\\/author\\\/admin\\\/#author\"},\"creator\":{\"@id\":\"https:\\\/\\\/www.eldigitaldeasturias.com\\\/noticias\\\/author\\\/admin\\\/#author\"},\"image\":{\"@type\":\"ImageObject\",\"url\":542657,\"@id\":\"https:\\\/\\\/www.eldigitaldeasturias.com\\\/noticias\\\/volker-perthes-el-ataque-militar-no-ayuda-a-conseguir-la-paz-en-siria\\\/#mainImage\"},\"primaryImageOfPage\":{\"@id\":\"https:\\\/\\\/www.eldigitaldeasturias.com\\\/noticias\\\/volker-perthes-el-ataque-militar-no-ayuda-a-conseguir-la-paz-en-siria\\\/#mainImage\"},\"datePublished\":\"2018-04-14T20:55:23+02:00\",\"dateModified\":\"2018-04-14T20:55:23+02:00\"},{\"@type\":\"WebSite\",\"@id\":\"https:\\\/\\\/www.eldigitaldeasturias.com\\\/noticias\\\/#website\",\"url\":\"https:\\\/\\\/www.eldigitaldeasturias.com\\\/noticias\\\/\",\"name\":\"El Digital de Asturias - Diario de actualidad y noticias\",\"alternateName\":\"El Digital de Asturias - Diario de actualidad y noticias\",\"description\":\"Hemeroteca\",\"inLanguage\":\"es-ES\",\"publisher\":{\"@id\":\"https:\\\/\\\/www.eldigitaldeasturias.com\\\/noticias\\\/#organization\"}}]}\n\t\t<\/script>\n\t\t<!-- All in One SEO Pro -->\r\n\t\t<title>Volker Perthes: \u00abEl ataque militar no ayuda a conseguir la paz en Siria\u00bb - El Digital de Asturias<\/title>\n\n","aioseo_head_json":{"title":"Volker Perthes: \u00abEl ataque militar no ayuda a conseguir la paz en Siria\u00bb - El Digital de Asturias","description":"Berl\u00edn, 14 abr (dpa) - El ataque militar de Occidente contra Siria no ha modificado la situaci\u00f3n estrat\u00e9gica en el pa\u00eds, opin\u00f3 hoy un experto alem\u00e1n consultado por dpa. \"No estamos ni tan solo un paso m\u00e1s cerca del fin de la guerra ni mucho menos de una paz verdadera\", dijo Volker Perthes, director de","canonical_url":"https:\/\/www.eldigitaldeasturias.com\/noticias\/volker-perthes-el-ataque-militar-no-ayuda-a-conseguir-la-paz-en-siria\/","robots":"max-image-preview:large","keywords":"actualidad","webmasterTools":{"google-site-verification":"UA-38556648-1","msvalidate.01":"7dfe9f3f1b24437ab69f4f2559babe99","miscellaneous":""},"schema":{"@context":"https:\/\/schema.org","@graph":[{"@type":"BlogPosting","@id":"https:\/\/www.eldigitaldeasturias.com\/noticias\/volker-perthes-el-ataque-militar-no-ayuda-a-conseguir-la-paz-en-siria\/#blogposting","name":"Volker Perthes: \u00abEl ataque militar no ayuda a conseguir la paz en Siria\u00bb - El Digital de Asturias","headline":"Volker Perthes: \u00abEl ataque militar no ayuda a conseguir la paz en Siria\u00bb","author":{"@id":"https:\/\/www.eldigitaldeasturias.com\/noticias\/author\/admin\/#author"},"publisher":{"@id":"https:\/\/www.eldigitaldeasturias.com\/noticias\/#organization"},"image":{"@type":"ImageObject","url":542657},"datePublished":"2018-04-14T20:55:23+02:00","dateModified":"2018-04-14T20:55:23+02:00","inLanguage":"es-ES","mainEntityOfPage":{"@id":"https:\/\/www.eldigitaldeasturias.com\/noticias\/volker-perthes-el-ataque-militar-no-ayuda-a-conseguir-la-paz-en-siria\/#webpage"},"isPartOf":{"@id":"https:\/\/www.eldigitaldeasturias.com\/noticias\/volker-perthes-el-ataque-militar-no-ayuda-a-conseguir-la-paz-en-siria\/#webpage"},"articleSection":"Actualidad"},{"@type":"BreadcrumbList","@id":"https:\/\/www.eldigitaldeasturias.com\/noticias\/volker-perthes-el-ataque-militar-no-ayuda-a-conseguir-la-paz-en-siria\/#breadcrumblist","itemListElement":[{"@type":"ListItem","@id":"https:\/\/www.eldigitaldeasturias.com\/noticias#listItem","position":1,"name":"Home","item":"https:\/\/www.eldigitaldeasturias.com\/noticias","nextItem":{"@type":"ListItem","@id":"https:\/\/www.eldigitaldeasturias.com\/noticias\/category\/actualidad\/#listItem","name":"Actualidad"}},{"@type":"ListItem","@id":"https:\/\/www.eldigitaldeasturias.com\/noticias\/category\/actualidad\/#listItem","position":2,"name":"Actualidad","item":"https:\/\/www.eldigitaldeasturias.com\/noticias\/category\/actualidad\/","nextItem":{"@type":"ListItem","@id":"https:\/\/www.eldigitaldeasturias.com\/noticias\/volker-perthes-el-ataque-militar-no-ayuda-a-conseguir-la-paz-en-siria\/#listItem","name":"Volker Perthes: \u00abEl ataque militar no ayuda a conseguir la paz en Siria\u00bb"},"previousItem":{"@type":"ListItem","@id":"https:\/\/www.eldigitaldeasturias.com\/noticias#listItem","name":"Home"}},{"@type":"ListItem","@id":"https:\/\/www.eldigitaldeasturias.com\/noticias\/volker-perthes-el-ataque-militar-no-ayuda-a-conseguir-la-paz-en-siria\/#listItem","position":3,"name":"Volker Perthes: \u00abEl ataque militar no ayuda a conseguir la paz en Siria\u00bb","previousItem":{"@type":"ListItem","@id":"https:\/\/www.eldigitaldeasturias.com\/noticias\/category\/actualidad\/#listItem","name":"Actualidad"}}]},{"@type":"Organization","@id":"https:\/\/www.eldigitaldeasturias.com\/noticias\/#organization","name":"El Digital de Asturias","description":"Hemeroteca","url":"https:\/\/www.eldigitaldeasturias.com\/noticias\/","email":"info@eldigitaldeasturias.com","telephone":"+34652131393","logo":{"@type":"ImageObject","url":"https:\/\/www.eldigitaldeasturias.com\/noticias\/wp-content\/uploads\/2020\/12\/EDA.jpg","@id":"https:\/\/www.eldigitaldeasturias.com\/noticias\/volker-perthes-el-ataque-militar-no-ayuda-a-conseguir-la-paz-en-siria\/#organizationLogo"},"image":{"@id":"https:\/\/www.eldigitaldeasturias.com\/noticias\/volker-perthes-el-ataque-militar-no-ayuda-a-conseguir-la-paz-en-siria\/#organizationLogo"},"sameAs":["https:\/\/facebook.com\/eldigitaldeasturias","https:\/\/www.youtube.com\/channel\/UCZP-2wLEB9Rv6erhFmqVnvg"],"address":{"@id":"https:\/\/www.eldigitaldeasturias.com\/noticias\/#postaladdress","@type":"PostalAddress","streetAddress":"san antonio 4","postalCode":"33430","addressLocality":"Cand\u00e1s","addressRegion":"Asturias","addressCountry":"ES"}},{"@type":"Person","@id":"https:\/\/www.eldigitaldeasturias.com\/noticias\/author\/admin\/#author","url":"https:\/\/www.eldigitaldeasturias.com\/noticias\/author\/admin\/","name":"El Digital de Asturias","image":{"@type":"ImageObject","@id":"https:\/\/www.eldigitaldeasturias.com\/noticias\/volker-perthes-el-ataque-militar-no-ayuda-a-conseguir-la-paz-en-siria\/#authorImage","url":"https:\/\/secure.gravatar.com\/avatar\/df2aeffc32bcd13f8d26072ef8a91b623d677766deac7f97ca815868cd41bf5e?s=96&d=mm&r=g","width":96,"height":96,"caption":"El Digital de Asturias"}},{"@type":"WebPage","@id":"https:\/\/www.eldigitaldeasturias.com\/noticias\/volker-perthes-el-ataque-militar-no-ayuda-a-conseguir-la-paz-en-siria\/#webpage","url":"https:\/\/www.eldigitaldeasturias.com\/noticias\/volker-perthes-el-ataque-militar-no-ayuda-a-conseguir-la-paz-en-siria\/","name":"Volker Perthes: \u00abEl ataque militar no ayuda a conseguir la paz en Siria\u00bb - El Digital de Asturias","description":"Berl\u00edn, 14 abr (dpa) - El ataque militar de Occidente contra Siria no ha modificado la situaci\u00f3n estrat\u00e9gica en el pa\u00eds, opin\u00f3 hoy un experto alem\u00e1n consultado por dpa. \"No estamos ni tan solo un paso m\u00e1s cerca del fin de la guerra ni mucho menos de una paz verdadera\", dijo Volker Perthes, director de","inLanguage":"es-ES","isPartOf":{"@id":"https:\/\/www.eldigitaldeasturias.com\/noticias\/#website"},"breadcrumb":{"@id":"https:\/\/www.eldigitaldeasturias.com\/noticias\/volker-perthes-el-ataque-militar-no-ayuda-a-conseguir-la-paz-en-siria\/#breadcrumblist"},"author":{"@id":"https:\/\/www.eldigitaldeasturias.com\/noticias\/author\/admin\/#author"},"creator":{"@id":"https:\/\/www.eldigitaldeasturias.com\/noticias\/author\/admin\/#author"},"image":{"@type":"ImageObject","url":542657,"@id":"https:\/\/www.eldigitaldeasturias.com\/noticias\/volker-perthes-el-ataque-militar-no-ayuda-a-conseguir-la-paz-en-siria\/#mainImage"},"primaryImageOfPage":{"@id":"https:\/\/www.eldigitaldeasturias.com\/noticias\/volker-perthes-el-ataque-militar-no-ayuda-a-conseguir-la-paz-en-siria\/#mainImage"},"datePublished":"2018-04-14T20:55:23+02:00","dateModified":"2018-04-14T20:55:23+02:00"},{"@type":"WebSite","@id":"https:\/\/www.eldigitaldeasturias.com\/noticias\/#website","url":"https:\/\/www.eldigitaldeasturias.com\/noticias\/","name":"El Digital de Asturias - Diario de actualidad y noticias","alternateName":"El Digital de Asturias - Diario de actualidad y noticias","description":"Hemeroteca","inLanguage":"es-ES","publisher":{"@id":"https:\/\/www.eldigitaldeasturias.com\/noticias\/#organization"}}]},"og:locale":"es_ES","og:site_name":"El Digital de Asturias","og:type":"article","og:title":"Volker Perthes: \u00abEl ataque militar no ayuda a conseguir la paz en Siria\u00bb - El Digital de Asturias","og:description":"Berl\u00edn, 14 abr (dpa) - El ataque militar de Occidente contra Siria no ha modificado la situaci\u00f3n estrat\u00e9gica en el pa\u00eds, opin\u00f3 hoy un experto alem\u00e1n consultado por dpa. &quot;No estamos ni tan solo un paso m\u00e1s cerca del fin de la guerra ni mucho menos de una paz verdadera&quot;, dijo Volker Perthes, director de","og:url":"https:\/\/www.eldigitaldeasturias.com\/noticias\/volker-perthes-el-ataque-militar-no-ayuda-a-conseguir-la-paz-en-siria\/","article:tag":["actualidad"],"article:published_time":"2018-04-14T20:55:23+00:00","article:modified_time":"2018-04-14T20:55:23+00:00","article:publisher":"https:\/\/facebook.com\/eldigitaldeasturias","twitter:card":"summary_large_image","twitter:title":"Volker Perthes: \u00abEl ataque militar no ayuda a conseguir la paz en Siria\u00bb - El Digital de Asturias","twitter:description":"Berl\u00edn, 14 abr (dpa) - El ataque militar de Occidente contra Siria no ha modificado la situaci\u00f3n estrat\u00e9gica en el pa\u00eds, opin\u00f3 hoy un experto alem\u00e1n consultado por dpa. &quot;No estamos ni tan solo un paso m\u00e1s cerca del fin de la guerra ni mucho menos de una paz verdadera&quot;, dijo Volker Perthes, director de","twitter:image":"https:\/\/www.eldigitaldeasturias.com\/noticias\/wp-content\/uploads\/2020\/12\/EDA-1.jpg","twitter:label1":"Escrito por","twitter:data1":"El Digital de Asturias","twitter:label2":"Tiempo de lectura estimado","twitter:data2":"2 minutos"},"aioseo_meta_data":{"post_id":"976051","title":null,"description":null,"keywords":null,"keyphrases":null,"primary_term":null,"canonical_url":null,"og_title":null,"og_description":null,"og_object_type":"default","og_image_type":"default","og_image_url":null,"og_image_width":null,"og_image_height":null,"og_image_custom_url":null,"og_image_custom_fields":null,"og_video":null,"og_custom_url":null,"og_article_section":null,"og_article_tags":null,"twitter_use_og":false,"twitter_card":"default","twitter_image_type":"default","twitter_image_url":null,"twitter_image_custom_url":null,"twitter_image_custom_fields":null,"twitter_title":null,"twitter_description":null,"schema":{"blockGraphs":[],"customGraphs":[],"default":{"data":{"Article":[],"Course":[],"Dataset":[],"FAQPage":[],"Movie":[],"Person":[],"Product":[],"ProductReview":[],"Car":[],"Recipe":[],"Service":[],"SoftwareApplication":[],"WebPage":[]},"graphName":"","isEnabled":true},"graphs":[],"defaultGraph":"","defaultPostTypeGraph":""},"schema_type":null,"schema_type_options":null,"pillar_content":false,"robots_default":true,"robots_noindex":false,"robots_noarchive":false,"robots_nosnippet":false,"robots_nofollow":false,"robots_noimageindex":false,"robots_noodp":false,"robots_notranslate":false,"robots_max_snippet":null,"robots_max_videopreview":null,"robots_max_imagepreview":"large","priority":null,"frequency":null,"local_seo":null,"seo_analyzer_scan_date":"2025-10-08 02:26:18","breadcrumb_settings":null,"limit_modified_date":false,"open_ai":null,"ai":null,"created":"2020-12-21 12:09:40","updated":"2025-10-08 02:26:18","focus_keyword":null,"additional_keywords":null,"truseo_locale":null},"aioseo_breadcrumb":"<div class=\"aioseo-breadcrumbs\"><span class=\"aioseo-breadcrumb\">\n\t<a href=\"https:\/\/www.eldigitaldeasturias.com\/noticias\" title=\"Home\">Home<\/a>\n<\/span><span class=\"aioseo-breadcrumb-separator\">\u2013<\/span><span class=\"aioseo-breadcrumb\">\n\t<a href=\"https:\/\/www.eldigitaldeasturias.com\/noticias\/category\/actualidad\/\" title=\"Actualidad\">Actualidad<\/a>\n<\/span><span class=\"aioseo-breadcrumb-separator\">\u2013<\/span><span class=\"aioseo-breadcrumb\">\n\t<a href=\"https:\/\/www.eldigitaldeasturias.com\/noticias\/volker-perthes-el-ataque-militar-no-ayuda-a-conseguir-la-paz-en-siria\/\" title=\"Volker Perthes: \u00abEl ataque militar no ayuda a conseguir la paz en Siria\u00bb\">Volker Perthes: \u00abEl ataque militar no ayuda a conseguir la paz en Siria\u00bb<\/a>\n<\/span><\/div>","aioseo_breadcrumb_json":[{"label":"Home","link":"https:\/\/www.eldigitaldeasturias.com\/noticias"},{"label":"Actualidad","link":"https:\/\/www.eldigitaldeasturias.com\/noticias\/category\/actualidad\/"},{"label":"Volker Perthes: \u00abEl ataque militar no ayuda a conseguir la paz en Siria\u00bb","link":"https:\/\/www.eldigitaldeasturias.com\/noticias\/volker-perthes-el-ataque-militar-no-ayuda-a-conseguir-la-paz-en-siria\/"}],"_links":{"self":[{"href":"https:\/\/www.eldigitaldeasturias.com\/noticias\/wp-json\/wp\/v2\/posts\/976051","targetHints":{"allow":["GET"]}}],"collection":[{"href":"https:\/\/www.eldigitaldeasturias.com\/noticias\/wp-json\/wp\/v2\/posts"}],"about":[{"href":"https:\/\/www.eldigitaldeasturias.com\/noticias\/wp-json\/wp\/v2\/types\/post"}],"author":[{"embeddable":true,"href":"https:\/\/www.eldigitaldeasturias.com\/noticias\/wp-json\/wp\/v2\/users\/1"}],"replies":[{"embeddable":true,"href":"https:\/\/www.eldigitaldeasturias.com\/noticias\/wp-json\/wp\/v2\/comments?post=976051"}],"version-history":[{"count":0,"href":"https:\/\/www.eldigitaldeasturias.com\/noticias\/wp-json\/wp\/v2\/posts\/976051\/revisions"}],"wp:attachment":[{"href":"https:\/\/www.eldigitaldeasturias.com\/noticias\/wp-json\/wp\/v2\/media?parent=976051"}],"wp:term":[{"taxonomy":"category","embeddable":true,"href":"https:\/\/www.eldigitaldeasturias.com\/noticias\/wp-json\/wp\/v2\/categories?post=976051"},{"taxonomy":"post_tag","embeddable":true,"href":"https:\/\/www.eldigitaldeasturias.com\/noticias\/wp-json\/wp\/v2\/tags?post=976051"}],"curies":[{"name":"wp","href":"https:\/\/api.w.org\/{rel}","templated":true}]}}