{"id":975985,"date":"2018-04-13T23:04:03","date_gmt":"2018-04-13T23:04:03","guid":{"rendered":"http:\/\/www.eldigitaldeasturias.com\/noticias\/?p=975985"},"modified":"2018-04-13T23:04:03","modified_gmt":"2018-04-13T23:04:03","slug":"un-palestino-muerto-y-900-heridos-en-la-franja-de-gaza","status":"publish","type":"post","link":"https:\/\/www.eldigitaldeasturias.com\/noticias\/un-palestino-muerto-y-900-heridos-en-la-franja-de-gaza\/","title":{"rendered":"Un palestino muerto y 900 heridos en la Franja de Gaza"},"content":{"rendered":"<p><img loading=\"lazy\" decoding=\"async\" class=\"alignleft size-medium wp-image-974234\" src=\"https:\/\/www.eldigitaldeasturias.com\/noticias\/wp-content\/uploads\/2018\/03\/gaza-678979_1280-360x240.jpg\" alt=\"\" width=\"360\" height=\"240\" \/>Tel Aviv, 13 abr (dpa) &#8211; Un palestino muri\u00f3 hoy por disparos de militares israel\u00edes y m\u00e1s de 900 resultaron heridos durante nuevas protestas en la frontera de la Franja de Gaza con Israel, inform\u00f3 el Ministerio de Salud palestino.<\/p>\n<p>El fallecido era un palestino de 28 a\u00f1os que fue herido de bala en el est\u00f3mago. Casi 200 de los heridos recibieron disparos y otros inhalaron gases lacrim\u00f3genos, comunic\u00f3 la misma fuente. Un puesto sanitario de campa\u00f1a fue alcanzado directamente por una granada de gas lacrim\u00f3geno, provocando dificultades respiratorias a 10 sanitarios.<\/p>\n<p>Cerca de 10.000 palestinos participaron en disturbios en cinco puntos a lo largo de la frontera, seg\u00fan el Ej\u00e9rcito israel\u00ed. Los manifestantes ondearon banderas palestinas y quemaron neum\u00e1ticos y ense\u00f1as israel\u00edes. Hubo varios intentos de da\u00f1ar o romper las instalaciones fronterizas y los palestinos lanzaron tambi\u00e9n bombas incendiarias, a\u00f1adi\u00f3.<\/p>\n<p>Hamas, que gobierna en la Franja de Gaza, envi\u00f3 a gente para demoler la valla fronteriza y una segunda oleada de activistas intent\u00f3 entonces entrar en Israel, dijo el portavoz del Ej\u00e9rcito israel\u00ed, Jonathan Conricus. Aunque se trata de que haya las menos v\u00edctimas posibles \u00abno podemos permitir que una horda de alborotadores entre en Israel\u00bb, a\u00f1adi\u00f3.<\/p>\n<p>Desde finales de marzo murieron 35 palestinos y resultaron heridos m\u00e1s de 3.000 en las protestas a lo largo de la Franja de Gaza. Un alto cargo militar israel\u00ed dijo hoy que la mayor\u00eda de los palestinos fallecidos eran \u00abterroristas\u00bb y que el fotoperiodista Jassir Murtadscha, que muri\u00f3 hace una semana, recib\u00eda un salario de Hamas. Estas acusaciones fueron desmentidas vehementemente por parte de los palestinos. La muerte del periodista caus\u00f3 indignaci\u00f3n a nivel mundial.<\/p>\n<p>Las organizaciones de derechos humanos acusan a Israel de una reacci\u00f3n desmesurada, algo que Israel niega. Seg\u00fan fuentes del Ej\u00e9rcito israel\u00ed, los soldados tienen indicaciones de disparar \u00fanicamente a las piernas de los palestinos en caso de que se da\u00f1e la valla fronteriza o los soldados est\u00e9n en peligro. Israel ha alertado una y otra vez a los manifestantes que se mantengan alejados de la valla.<\/p>\n<p>La \u00abMarcha del Retorno\u00bb es una convocatoria de Hamas para manifestarse durante seis semanas hasta el 15 de mayo, el d\u00eda despu\u00e9s de la fecha de la fundaci\u00f3n de Israel, conocido entre los palestinos como la \u00abNakba\u00bb o \u00abcat\u00e1strofe\u00bb. Los palestinos consideran la creaci\u00f3n del Estado jud\u00edo como un desastre porque en 1948 cientos de miles de ellos tuvieron que abandonar sus hogares o fueron expulsados. Por ello exigen el \u00abderecho al retorno\u00bb de sus descendientes, algo que Israel rechaza de plano.<\/p>\n<p>Ante las nuevas protestas, el ministro de Defensa israel\u00ed, Avigdor Lieberman, hab\u00eda llam\u00f3 a los habitantes de Gaza y a Hamas a un cambio de actitud. \u00abNunca nos doblegar\u00e1n\u00bb, les advirti\u00f3. \u00abDeber\u00edan empezar a dejar de pensar en como pueden destruir el Estado de Israel, y a pensar en como pueden coexistir con Israel, eso ser\u00eda mejor para los habitantes de Gaza, para Israel y para toda la regi\u00f3n\u00bb, dijo Liebermann.<\/p>\n<p>Cinco ex francotiradores israel\u00edes expresaron hoy en una carta p\u00fablica \u00abverg\u00fcenza y tristeza\u00bb por los acontecimientos en la Franja de Gaza. Los miembros de la organizaci\u00f3n israel\u00ed \u00abBreaking the Silence\u00bb (Rompiendo el silencio) criticaron \u00ablas \u00f3rdenes militares que permiten a los francotiradores disparar con fuego real contra manifestantes desarmados\u00bb. Adem\u00e1s, a\u00f1adieron que sienten \u00abverg\u00fcenza por las \u00f3rdenes, faltas de discernimiento moral y \u00e9tico, y tristeza por los j\u00f3venes soldados que -como bien sabemos por propia experiencia- llevar\u00e1n para siempre con ellos las escenas que vieron por el visor de sus fusiles\u00bb.<\/p>\n<p>Un alto cargo militar israel\u00ed rechaz\u00f3 esas acusaciones. \u00abS\u00f3lo disparamos cuando tenemos que disparar\u00bb, dijo, y se hace todo lo posible para evitar muertos y heridos.<\/p>\n<p>En tanto, en Cisjordania presuntos extresmistas jud\u00edos incendiaron la noche del jueves una mezquita. Seg\u00fan la polic\u00eda, los responsables incendiaron la puerta de entrada al templo en el pueblo de Akraba, cerca de Nablus. Adem\u00e1s, escribieron en hebrero la palabra \u00abvenganza\u00bb en la pared.<\/p>\n","protected":false},"excerpt":{"rendered":"<p>Tel Aviv, 13 abr (dpa) &#8211; Un palestino muri\u00f3 hoy por disparos de militares israel\u00edes y m\u00e1s de 900 resultaron heridos durante nuevas protestas en la frontera de la Franja de Gaza con Israel, inform\u00f3 el Ministerio de Salud palestino. El fallecido era un palestino de 28 a\u00f1os que fue herido de bala en el [&hellip;]<\/p>\n","protected":false},"author":1,"featured_media":974234,"comment_status":"closed","ping_status":"closed","sticky":false,"template":"","format":"standard","meta":{"footnotes":""},"categories":[1],"tags":[],"class_list":["post-975985","post","type-post","status-publish","format-standard","has-post-thumbnail","hentry","category-actualidad"],"aioseo_notices":[],"aioseo_head":"\n\t\t<!-- All in One SEO Pro 5.0.1 - aioseo.com -->\n\t<meta name=\"description\" content=\"Tel Aviv, 13 abr (dpa) - Un palestino muri\u00f3 hoy por disparos de militares israel\u00edes y m\u00e1s de 900 resultaron heridos durante nuevas protestas en la frontera de la Franja de Gaza con Israel, inform\u00f3 el Ministerio de Salud palestino. El fallecido era un palestino de 28 a\u00f1os que fue herido de bala en el\" \/>\n\t<meta name=\"robots\" content=\"max-image-preview:large\" \/>\n\t<meta name=\"author\" content=\"El Digital de Asturias\"\/>\n\t<meta name=\"google-site-verification\" content=\"UA-38556648-1\" \/>\n\t<meta name=\"msvalidate.01\" content=\"7dfe9f3f1b24437ab69f4f2559babe99\" \/>\n\t<meta name=\"keywords\" content=\"actualidad\" \/>\n\t<link rel=\"canonical\" href=\"https:\/\/www.eldigitaldeasturias.com\/noticias\/un-palestino-muerto-y-900-heridos-en-la-franja-de-gaza\/\" \/>\n\t<meta name=\"generator\" content=\"All in One SEO Pro (AIOSEO) 5.0.1\" \/>\n\t\t<meta property=\"og:locale\" content=\"es_ES\" \/>\n\t\t<meta property=\"og:site_name\" content=\"El Digital de Asturias\" \/>\n\t\t<meta property=\"og:type\" content=\"article\" \/>\n\t\t<meta property=\"og:title\" content=\"Un palestino muerto y 900 heridos en la Franja de Gaza - El Digital de Asturias\" \/>\n\t\t<meta property=\"og:description\" content=\"Tel Aviv, 13 abr (dpa) - Un palestino muri\u00f3 hoy por disparos de militares israel\u00edes y m\u00e1s de 900 resultaron heridos durante nuevas protestas en la frontera de la Franja de Gaza con Israel, inform\u00f3 el Ministerio de Salud palestino. El fallecido era un palestino de 28 a\u00f1os que fue herido de bala en el\" \/>\n\t\t<meta property=\"og:url\" content=\"https:\/\/www.eldigitaldeasturias.com\/noticias\/un-palestino-muerto-y-900-heridos-en-la-franja-de-gaza\/\" \/>\n\t\t<meta property=\"article:tag\" content=\"actualidad\" \/>\n\t\t<meta property=\"article:published_time\" content=\"2018-04-13T23:04:03+00:00\" \/>\n\t\t<meta property=\"article:modified_time\" content=\"2018-04-13T23:04:03+00:00\" \/>\n\t\t<meta property=\"article:publisher\" content=\"https:\/\/facebook.com\/eldigitaldeasturias\" \/>\n\t\t<meta name=\"twitter:card\" content=\"summary_large_image\" \/>\n\t\t<meta name=\"twitter:title\" content=\"Un palestino muerto y 900 heridos en la Franja de Gaza - El Digital de Asturias\" \/>\n\t\t<meta name=\"twitter:description\" content=\"Tel Aviv, 13 abr (dpa) - Un palestino muri\u00f3 hoy por disparos de militares israel\u00edes y m\u00e1s de 900 resultaron heridos durante nuevas protestas en la frontera de la Franja de Gaza con Israel, inform\u00f3 el Ministerio de Salud palestino. El fallecido era un palestino de 28 a\u00f1os que fue herido de bala en el\" \/>\n\t\t<meta name=\"twitter:image\" content=\"https:\/\/www.eldigitaldeasturias.com\/noticias\/wp-content\/uploads\/2020\/12\/EDA-1.jpg\" \/>\n\t\t<meta name=\"twitter:label1\" content=\"Escrito por\" \/>\n\t\t<meta name=\"twitter:data1\" content=\"El Digital de Asturias\" \/>\n\t\t<meta name=\"twitter:label2\" content=\"Tiempo de lectura estimado\" \/>\n\t\t<meta name=\"twitter:data2\" content=\"3 minutos\" \/>\n\t\t<script type=\"application\/ld+json\" class=\"aioseo-schema\">\n\t\t\t{\"@context\":\"https:\\\/\\\/schema.org\",\"@graph\":[{\"@type\":\"BlogPosting\",\"@id\":\"https:\\\/\\\/www.eldigitaldeasturias.com\\\/noticias\\\/un-palestino-muerto-y-900-heridos-en-la-franja-de-gaza\\\/#blogposting\",\"name\":\"Un palestino muerto y 900 heridos en la Franja de Gaza - El Digital de Asturias\",\"headline\":\"Un palestino muerto y 900 heridos en la Franja de Gaza\",\"author\":{\"@id\":\"https:\\\/\\\/www.eldigitaldeasturias.com\\\/noticias\\\/author\\\/admin\\\/#author\"},\"publisher\":{\"@id\":\"https:\\\/\\\/www.eldigitaldeasturias.com\\\/noticias\\\/#organization\"},\"image\":{\"@type\":\"ImageObject\",\"url\":974234},\"datePublished\":\"2018-04-13T23:04:03+02:00\",\"dateModified\":\"2018-04-13T23:04:03+02:00\",\"inLanguage\":\"es-ES\",\"mainEntityOfPage\":{\"@id\":\"https:\\\/\\\/www.eldigitaldeasturias.com\\\/noticias\\\/un-palestino-muerto-y-900-heridos-en-la-franja-de-gaza\\\/#webpage\"},\"isPartOf\":{\"@id\":\"https:\\\/\\\/www.eldigitaldeasturias.com\\\/noticias\\\/un-palestino-muerto-y-900-heridos-en-la-franja-de-gaza\\\/#webpage\"},\"articleSection\":\"Actualidad\"},{\"@type\":\"BreadcrumbList\",\"@id\":\"https:\\\/\\\/www.eldigitaldeasturias.com\\\/noticias\\\/un-palestino-muerto-y-900-heridos-en-la-franja-de-gaza\\\/#breadcrumblist\",\"itemListElement\":[{\"@type\":\"ListItem\",\"@id\":\"https:\\\/\\\/www.eldigitaldeasturias.com\\\/noticias#listItem\",\"position\":1,\"name\":\"Home\",\"item\":\"https:\\\/\\\/www.eldigitaldeasturias.com\\\/noticias\",\"nextItem\":{\"@type\":\"ListItem\",\"@id\":\"https:\\\/\\\/www.eldigitaldeasturias.com\\\/noticias\\\/category\\\/actualidad\\\/#listItem\",\"name\":\"Actualidad\"}},{\"@type\":\"ListItem\",\"@id\":\"https:\\\/\\\/www.eldigitaldeasturias.com\\\/noticias\\\/category\\\/actualidad\\\/#listItem\",\"position\":2,\"name\":\"Actualidad\",\"item\":\"https:\\\/\\\/www.eldigitaldeasturias.com\\\/noticias\\\/category\\\/actualidad\\\/\",\"nextItem\":{\"@type\":\"ListItem\",\"@id\":\"https:\\\/\\\/www.eldigitaldeasturias.com\\\/noticias\\\/un-palestino-muerto-y-900-heridos-en-la-franja-de-gaza\\\/#listItem\",\"name\":\"Un palestino muerto y 900 heridos en la Franja de Gaza\"},\"previousItem\":{\"@type\":\"ListItem\",\"@id\":\"https:\\\/\\\/www.eldigitaldeasturias.com\\\/noticias#listItem\",\"name\":\"Home\"}},{\"@type\":\"ListItem\",\"@id\":\"https:\\\/\\\/www.eldigitaldeasturias.com\\\/noticias\\\/un-palestino-muerto-y-900-heridos-en-la-franja-de-gaza\\\/#listItem\",\"position\":3,\"name\":\"Un palestino muerto y 900 heridos en la Franja de Gaza\",\"previousItem\":{\"@type\":\"ListItem\",\"@id\":\"https:\\\/\\\/www.eldigitaldeasturias.com\\\/noticias\\\/category\\\/actualidad\\\/#listItem\",\"name\":\"Actualidad\"}}]},{\"@type\":\"Organization\",\"@id\":\"https:\\\/\\\/www.eldigitaldeasturias.com\\\/noticias\\\/#organization\",\"name\":\"El Digital de Asturias\",\"description\":\"Hemeroteca\",\"url\":\"https:\\\/\\\/www.eldigitaldeasturias.com\\\/noticias\\\/\",\"email\":\"info@eldigitaldeasturias.com\",\"telephone\":\"+34652131393\",\"logo\":{\"@type\":\"ImageObject\",\"url\":\"https:\\\/\\\/www.eldigitaldeasturias.com\\\/noticias\\\/wp-content\\\/uploads\\\/2020\\\/12\\\/EDA.jpg\",\"@id\":\"https:\\\/\\\/www.eldigitaldeasturias.com\\\/noticias\\\/un-palestino-muerto-y-900-heridos-en-la-franja-de-gaza\\\/#organizationLogo\"},\"image\":{\"@id\":\"https:\\\/\\\/www.eldigitaldeasturias.com\\\/noticias\\\/un-palestino-muerto-y-900-heridos-en-la-franja-de-gaza\\\/#organizationLogo\"},\"sameAs\":[\"https:\\\/\\\/facebook.com\\\/eldigitaldeasturias\",\"https:\\\/\\\/www.youtube.com\\\/channel\\\/UCZP-2wLEB9Rv6erhFmqVnvg\"],\"address\":{\"@id\":\"https:\\\/\\\/www.eldigitaldeasturias.com\\\/noticias\\\/#postaladdress\",\"@type\":\"PostalAddress\",\"streetAddress\":\"san antonio 4\",\"postalCode\":\"33430\",\"addressLocality\":\"Cand\\u00e1s\",\"addressRegion\":\"Asturias\",\"addressCountry\":\"ES\"}},{\"@type\":\"Person\",\"@id\":\"https:\\\/\\\/www.eldigitaldeasturias.com\\\/noticias\\\/author\\\/admin\\\/#author\",\"url\":\"https:\\\/\\\/www.eldigitaldeasturias.com\\\/noticias\\\/author\\\/admin\\\/\",\"name\":\"El Digital de Asturias\",\"image\":{\"@type\":\"ImageObject\",\"@id\":\"https:\\\/\\\/www.eldigitaldeasturias.com\\\/noticias\\\/un-palestino-muerto-y-900-heridos-en-la-franja-de-gaza\\\/#authorImage\",\"url\":\"https:\\\/\\\/secure.gravatar.com\\\/avatar\\\/df2aeffc32bcd13f8d26072ef8a91b623d677766deac7f97ca815868cd41bf5e?s=96&d=mm&r=g\",\"width\":96,\"height\":96,\"caption\":\"El Digital de Asturias\"}},{\"@type\":\"WebPage\",\"@id\":\"https:\\\/\\\/www.eldigitaldeasturias.com\\\/noticias\\\/un-palestino-muerto-y-900-heridos-en-la-franja-de-gaza\\\/#webpage\",\"url\":\"https:\\\/\\\/www.eldigitaldeasturias.com\\\/noticias\\\/un-palestino-muerto-y-900-heridos-en-la-franja-de-gaza\\\/\",\"name\":\"Un palestino muerto y 900 heridos en la Franja de Gaza - El Digital de Asturias\",\"description\":\"Tel Aviv, 13 abr (dpa) - Un palestino muri\\u00f3 hoy por disparos de militares israel\\u00edes y m\\u00e1s de 900 resultaron heridos durante nuevas protestas en la frontera de la Franja de Gaza con Israel, inform\\u00f3 el Ministerio de Salud palestino. El fallecido era un palestino de 28 a\\u00f1os que fue herido de bala en el\",\"inLanguage\":\"es-ES\",\"isPartOf\":{\"@id\":\"https:\\\/\\\/www.eldigitaldeasturias.com\\\/noticias\\\/#website\"},\"breadcrumb\":{\"@id\":\"https:\\\/\\\/www.eldigitaldeasturias.com\\\/noticias\\\/un-palestino-muerto-y-900-heridos-en-la-franja-de-gaza\\\/#breadcrumblist\"},\"author\":{\"@id\":\"https:\\\/\\\/www.eldigitaldeasturias.com\\\/noticias\\\/author\\\/admin\\\/#author\"},\"creator\":{\"@id\":\"https:\\\/\\\/www.eldigitaldeasturias.com\\\/noticias\\\/author\\\/admin\\\/#author\"},\"image\":{\"@type\":\"ImageObject\",\"url\":974234,\"@id\":\"https:\\\/\\\/www.eldigitaldeasturias.com\\\/noticias\\\/un-palestino-muerto-y-900-heridos-en-la-franja-de-gaza\\\/#mainImage\"},\"primaryImageOfPage\":{\"@id\":\"https:\\\/\\\/www.eldigitaldeasturias.com\\\/noticias\\\/un-palestino-muerto-y-900-heridos-en-la-franja-de-gaza\\\/#mainImage\"},\"datePublished\":\"2018-04-13T23:04:03+02:00\",\"dateModified\":\"2018-04-13T23:04:03+02:00\"},{\"@type\":\"WebSite\",\"@id\":\"https:\\\/\\\/www.eldigitaldeasturias.com\\\/noticias\\\/#website\",\"url\":\"https:\\\/\\\/www.eldigitaldeasturias.com\\\/noticias\\\/\",\"name\":\"El Digital de Asturias - Diario de actualidad y noticias\",\"alternateName\":\"El Digital de Asturias - Diario de actualidad y noticias\",\"description\":\"Hemeroteca\",\"inLanguage\":\"es-ES\",\"publisher\":{\"@id\":\"https:\\\/\\\/www.eldigitaldeasturias.com\\\/noticias\\\/#organization\"}}]}\n\t\t<\/script>\n\t\t<!-- All in One SEO Pro -->\r\n\t\t<title>Un palestino muerto y 900 heridos en la Franja de Gaza - El Digital de Asturias<\/title>\n\n","aioseo_head_json":{"title":"Un palestino muerto y 900 heridos en la Franja de Gaza - El Digital de Asturias","description":"Tel Aviv, 13 abr (dpa) - Un palestino muri\u00f3 hoy por disparos de militares israel\u00edes y m\u00e1s de 900 resultaron heridos durante nuevas protestas en la frontera de la Franja de Gaza con Israel, inform\u00f3 el Ministerio de Salud palestino. El fallecido era un palestino de 28 a\u00f1os que fue herido de bala en el","canonical_url":"https:\/\/www.eldigitaldeasturias.com\/noticias\/un-palestino-muerto-y-900-heridos-en-la-franja-de-gaza\/","robots":"max-image-preview:large","keywords":"actualidad","webmasterTools":{"google-site-verification":"UA-38556648-1","msvalidate.01":"7dfe9f3f1b24437ab69f4f2559babe99","miscellaneous":""},"schema":{"@context":"https:\/\/schema.org","@graph":[{"@type":"BlogPosting","@id":"https:\/\/www.eldigitaldeasturias.com\/noticias\/un-palestino-muerto-y-900-heridos-en-la-franja-de-gaza\/#blogposting","name":"Un palestino muerto y 900 heridos en la Franja de Gaza - El Digital de Asturias","headline":"Un palestino muerto y 900 heridos en la Franja de Gaza","author":{"@id":"https:\/\/www.eldigitaldeasturias.com\/noticias\/author\/admin\/#author"},"publisher":{"@id":"https:\/\/www.eldigitaldeasturias.com\/noticias\/#organization"},"image":{"@type":"ImageObject","url":974234},"datePublished":"2018-04-13T23:04:03+02:00","dateModified":"2018-04-13T23:04:03+02:00","inLanguage":"es-ES","mainEntityOfPage":{"@id":"https:\/\/www.eldigitaldeasturias.com\/noticias\/un-palestino-muerto-y-900-heridos-en-la-franja-de-gaza\/#webpage"},"isPartOf":{"@id":"https:\/\/www.eldigitaldeasturias.com\/noticias\/un-palestino-muerto-y-900-heridos-en-la-franja-de-gaza\/#webpage"},"articleSection":"Actualidad"},{"@type":"BreadcrumbList","@id":"https:\/\/www.eldigitaldeasturias.com\/noticias\/un-palestino-muerto-y-900-heridos-en-la-franja-de-gaza\/#breadcrumblist","itemListElement":[{"@type":"ListItem","@id":"https:\/\/www.eldigitaldeasturias.com\/noticias#listItem","position":1,"name":"Home","item":"https:\/\/www.eldigitaldeasturias.com\/noticias","nextItem":{"@type":"ListItem","@id":"https:\/\/www.eldigitaldeasturias.com\/noticias\/category\/actualidad\/#listItem","name":"Actualidad"}},{"@type":"ListItem","@id":"https:\/\/www.eldigitaldeasturias.com\/noticias\/category\/actualidad\/#listItem","position":2,"name":"Actualidad","item":"https:\/\/www.eldigitaldeasturias.com\/noticias\/category\/actualidad\/","nextItem":{"@type":"ListItem","@id":"https:\/\/www.eldigitaldeasturias.com\/noticias\/un-palestino-muerto-y-900-heridos-en-la-franja-de-gaza\/#listItem","name":"Un palestino muerto y 900 heridos en la Franja de Gaza"},"previousItem":{"@type":"ListItem","@id":"https:\/\/www.eldigitaldeasturias.com\/noticias#listItem","name":"Home"}},{"@type":"ListItem","@id":"https:\/\/www.eldigitaldeasturias.com\/noticias\/un-palestino-muerto-y-900-heridos-en-la-franja-de-gaza\/#listItem","position":3,"name":"Un palestino muerto y 900 heridos en la Franja de Gaza","previousItem":{"@type":"ListItem","@id":"https:\/\/www.eldigitaldeasturias.com\/noticias\/category\/actualidad\/#listItem","name":"Actualidad"}}]},{"@type":"Organization","@id":"https:\/\/www.eldigitaldeasturias.com\/noticias\/#organization","name":"El Digital de Asturias","description":"Hemeroteca","url":"https:\/\/www.eldigitaldeasturias.com\/noticias\/","email":"info@eldigitaldeasturias.com","telephone":"+34652131393","logo":{"@type":"ImageObject","url":"https:\/\/www.eldigitaldeasturias.com\/noticias\/wp-content\/uploads\/2020\/12\/EDA.jpg","@id":"https:\/\/www.eldigitaldeasturias.com\/noticias\/un-palestino-muerto-y-900-heridos-en-la-franja-de-gaza\/#organizationLogo"},"image":{"@id":"https:\/\/www.eldigitaldeasturias.com\/noticias\/un-palestino-muerto-y-900-heridos-en-la-franja-de-gaza\/#organizationLogo"},"sameAs":["https:\/\/facebook.com\/eldigitaldeasturias","https:\/\/www.youtube.com\/channel\/UCZP-2wLEB9Rv6erhFmqVnvg"],"address":{"@id":"https:\/\/www.eldigitaldeasturias.com\/noticias\/#postaladdress","@type":"PostalAddress","streetAddress":"san antonio 4","postalCode":"33430","addressLocality":"Cand\u00e1s","addressRegion":"Asturias","addressCountry":"ES"}},{"@type":"Person","@id":"https:\/\/www.eldigitaldeasturias.com\/noticias\/author\/admin\/#author","url":"https:\/\/www.eldigitaldeasturias.com\/noticias\/author\/admin\/","name":"El Digital de Asturias","image":{"@type":"ImageObject","@id":"https:\/\/www.eldigitaldeasturias.com\/noticias\/un-palestino-muerto-y-900-heridos-en-la-franja-de-gaza\/#authorImage","url":"https:\/\/secure.gravatar.com\/avatar\/df2aeffc32bcd13f8d26072ef8a91b623d677766deac7f97ca815868cd41bf5e?s=96&d=mm&r=g","width":96,"height":96,"caption":"El Digital de Asturias"}},{"@type":"WebPage","@id":"https:\/\/www.eldigitaldeasturias.com\/noticias\/un-palestino-muerto-y-900-heridos-en-la-franja-de-gaza\/#webpage","url":"https:\/\/www.eldigitaldeasturias.com\/noticias\/un-palestino-muerto-y-900-heridos-en-la-franja-de-gaza\/","name":"Un palestino muerto y 900 heridos en la Franja de Gaza - El Digital de Asturias","description":"Tel Aviv, 13 abr (dpa) - Un palestino muri\u00f3 hoy por disparos de militares israel\u00edes y m\u00e1s de 900 resultaron heridos durante nuevas protestas en la frontera de la Franja de Gaza con Israel, inform\u00f3 el Ministerio de Salud palestino. El fallecido era un palestino de 28 a\u00f1os que fue herido de bala en el","inLanguage":"es-ES","isPartOf":{"@id":"https:\/\/www.eldigitaldeasturias.com\/noticias\/#website"},"breadcrumb":{"@id":"https:\/\/www.eldigitaldeasturias.com\/noticias\/un-palestino-muerto-y-900-heridos-en-la-franja-de-gaza\/#breadcrumblist"},"author":{"@id":"https:\/\/www.eldigitaldeasturias.com\/noticias\/author\/admin\/#author"},"creator":{"@id":"https:\/\/www.eldigitaldeasturias.com\/noticias\/author\/admin\/#author"},"image":{"@type":"ImageObject","url":974234,"@id":"https:\/\/www.eldigitaldeasturias.com\/noticias\/un-palestino-muerto-y-900-heridos-en-la-franja-de-gaza\/#mainImage"},"primaryImageOfPage":{"@id":"https:\/\/www.eldigitaldeasturias.com\/noticias\/un-palestino-muerto-y-900-heridos-en-la-franja-de-gaza\/#mainImage"},"datePublished":"2018-04-13T23:04:03+02:00","dateModified":"2018-04-13T23:04:03+02:00"},{"@type":"WebSite","@id":"https:\/\/www.eldigitaldeasturias.com\/noticias\/#website","url":"https:\/\/www.eldigitaldeasturias.com\/noticias\/","name":"El Digital de Asturias - Diario de actualidad y noticias","alternateName":"El Digital de Asturias - Diario de actualidad y noticias","description":"Hemeroteca","inLanguage":"es-ES","publisher":{"@id":"https:\/\/www.eldigitaldeasturias.com\/noticias\/#organization"}}]},"og:locale":"es_ES","og:site_name":"El Digital de Asturias","og:type":"article","og:title":"Un palestino muerto y 900 heridos en la Franja de Gaza - El Digital de Asturias","og:description":"Tel Aviv, 13 abr (dpa) - Un palestino muri\u00f3 hoy por disparos de militares israel\u00edes y m\u00e1s de 900 resultaron heridos durante nuevas protestas en la frontera de la Franja de Gaza con Israel, inform\u00f3 el Ministerio de Salud palestino. El fallecido era un palestino de 28 a\u00f1os que fue herido de bala en el","og:url":"https:\/\/www.eldigitaldeasturias.com\/noticias\/un-palestino-muerto-y-900-heridos-en-la-franja-de-gaza\/","article:tag":["actualidad"],"article:published_time":"2018-04-13T23:04:03+00:00","article:modified_time":"2018-04-13T23:04:03+00:00","article:publisher":"https:\/\/facebook.com\/eldigitaldeasturias","twitter:card":"summary_large_image","twitter:title":"Un palestino muerto y 900 heridos en la Franja de Gaza - El Digital de Asturias","twitter:description":"Tel Aviv, 13 abr (dpa) - Un palestino muri\u00f3 hoy por disparos de militares israel\u00edes y m\u00e1s de 900 resultaron heridos durante nuevas protestas en la frontera de la Franja de Gaza con Israel, inform\u00f3 el Ministerio de Salud palestino. El fallecido era un palestino de 28 a\u00f1os que fue herido de bala en el","twitter:image":"https:\/\/www.eldigitaldeasturias.com\/noticias\/wp-content\/uploads\/2020\/12\/EDA-1.jpg","twitter:label1":"Escrito por","twitter:data1":"El Digital de Asturias","twitter:label2":"Tiempo de lectura estimado","twitter:data2":"3 minutos"},"aioseo_meta_data":{"post_id":"975985","title":null,"description":null,"keywords":null,"keyphrases":null,"primary_term":null,"canonical_url":null,"og_title":null,"og_description":null,"og_object_type":"default","og_image_type":"default","og_image_url":null,"og_image_width":null,"og_image_height":null,"og_image_custom_url":null,"og_image_custom_fields":null,"og_video":null,"og_custom_url":null,"og_article_section":null,"og_article_tags":null,"twitter_use_og":false,"twitter_card":"default","twitter_image_type":"default","twitter_image_url":null,"twitter_image_custom_url":null,"twitter_image_custom_fields":null,"twitter_title":null,"twitter_description":null,"schema":{"blockGraphs":[],"customGraphs":[],"default":{"data":{"Article":[],"Course":[],"Dataset":[],"FAQPage":[],"Movie":[],"Person":[],"Product":[],"ProductReview":[],"Car":[],"Recipe":[],"Service":[],"SoftwareApplication":[],"WebPage":[]},"graphName":"","isEnabled":true},"graphs":[],"defaultGraph":"","defaultPostTypeGraph":""},"schema_type":null,"schema_type_options":null,"pillar_content":false,"robots_default":true,"robots_noindex":false,"robots_noarchive":false,"robots_nosnippet":false,"robots_nofollow":false,"robots_noimageindex":false,"robots_noodp":false,"robots_notranslate":false,"robots_max_snippet":null,"robots_max_videopreview":null,"robots_max_imagepreview":"large","priority":null,"frequency":null,"local_seo":null,"seo_analyzer_scan_date":"2025-10-08 02:01:17","breadcrumb_settings":null,"limit_modified_date":false,"open_ai":null,"ai":null,"created":"2020-12-21 12:09:40","updated":"2025-10-08 02:01:17","focus_keyword":null,"additional_keywords":null,"truseo_locale":null},"aioseo_breadcrumb":"<div class=\"aioseo-breadcrumbs\"><span class=\"aioseo-breadcrumb\">\n\t<a href=\"https:\/\/www.eldigitaldeasturias.com\/noticias\" title=\"Home\">Home<\/a>\n<\/span><span class=\"aioseo-breadcrumb-separator\">\u2013<\/span><span class=\"aioseo-breadcrumb\">\n\t<a href=\"https:\/\/www.eldigitaldeasturias.com\/noticias\/category\/actualidad\/\" title=\"Actualidad\">Actualidad<\/a>\n<\/span><span class=\"aioseo-breadcrumb-separator\">\u2013<\/span><span class=\"aioseo-breadcrumb\">\n\t<a href=\"https:\/\/www.eldigitaldeasturias.com\/noticias\/un-palestino-muerto-y-900-heridos-en-la-franja-de-gaza\/\" title=\"Un palestino muerto y 900 heridos en la Franja de Gaza\">Un palestino muerto y 900 heridos en la Franja de Gaza<\/a>\n<\/span><\/div>","aioseo_breadcrumb_json":[{"label":"Home","link":"https:\/\/www.eldigitaldeasturias.com\/noticias"},{"label":"Actualidad","link":"https:\/\/www.eldigitaldeasturias.com\/noticias\/category\/actualidad\/"},{"label":"Un palestino muerto y 900 heridos en la Franja de Gaza","link":"https:\/\/www.eldigitaldeasturias.com\/noticias\/un-palestino-muerto-y-900-heridos-en-la-franja-de-gaza\/"}],"_links":{"self":[{"href":"https:\/\/www.eldigitaldeasturias.com\/noticias\/wp-json\/wp\/v2\/posts\/975985","targetHints":{"allow":["GET"]}}],"collection":[{"href":"https:\/\/www.eldigitaldeasturias.com\/noticias\/wp-json\/wp\/v2\/posts"}],"about":[{"href":"https:\/\/www.eldigitaldeasturias.com\/noticias\/wp-json\/wp\/v2\/types\/post"}],"author":[{"embeddable":true,"href":"https:\/\/www.eldigitaldeasturias.com\/noticias\/wp-json\/wp\/v2\/users\/1"}],"replies":[{"embeddable":true,"href":"https:\/\/www.eldigitaldeasturias.com\/noticias\/wp-json\/wp\/v2\/comments?post=975985"}],"version-history":[{"count":0,"href":"https:\/\/www.eldigitaldeasturias.com\/noticias\/wp-json\/wp\/v2\/posts\/975985\/revisions"}],"wp:attachment":[{"href":"https:\/\/www.eldigitaldeasturias.com\/noticias\/wp-json\/wp\/v2\/media?parent=975985"}],"wp:term":[{"taxonomy":"category","embeddable":true,"href":"https:\/\/www.eldigitaldeasturias.com\/noticias\/wp-json\/wp\/v2\/categories?post=975985"},{"taxonomy":"post_tag","embeddable":true,"href":"https:\/\/www.eldigitaldeasturias.com\/noticias\/wp-json\/wp\/v2\/tags?post=975985"}],"curies":[{"name":"wp","href":"https:\/\/api.w.org\/{rel}","templated":true}]}}