{"id":975976,"date":"2018-04-13T22:44:38","date_gmt":"2018-04-13T22:44:38","guid":{"rendered":"http:\/\/www.eldigitaldeasturias.com\/noticias\/?p=975976"},"modified":"2018-04-13T22:44:38","modified_gmt":"2018-04-13T22:44:38","slug":"el-parlamento-catalan-presentara-una-querella-contra-llarena","status":"publish","type":"post","link":"https:\/\/www.eldigitaldeasturias.com\/noticias\/el-parlamento-catalan-presentara-una-querella-contra-llarena\/","title":{"rendered":"El Parlamento catal\u00e1n presentar\u00e1 una querella contra Llarena"},"content":{"rendered":"<p><img loading=\"lazy\" decoding=\"async\" class=\"alignleft size-medium wp-image-973562\" src=\"https:\/\/www.eldigitaldeasturias.com\/noticias\/wp-content\/uploads\/2018\/03\/marcha1-360x240.jpg\" alt=\"\" width=\"360\" height=\"240\" \/>Madrid, 13 abr (dpa) &#8211; El Parlamento regional de Catalu\u00f1a dio hoy luz verde a presentar una querella contra el juez del Tribunal Supremo espa\u00f1ol Pablo Llarena, quien investiga el proceso independentista en la regi\u00f3n y a sus l\u00edderes.<\/p>\n<p>La propuesta sali\u00f3 adelante en el \u00f3rgano de Gobierno de la C\u00e1mara gracias al apoyo de los partidos separatistas Junts per Catalunya (JxCAT) y Esquerra Republicana (ERC).<\/p>\n<p>\u00c9stos consideran que la decisi\u00f3n que tom\u00f3 el jueves el magistrado de no permitir salir de prisi\u00f3n al candidato a la presidencia del Gobierno catal\u00e1n Jordi S\u00e0nchez para someterse a una sesi\u00f3n de investidura podr\u00eda suponer un delito de prevaricaci\u00f3n.<\/p>\n<p>\u00abTenemos que lamentar los ataques que recibimos en el Parlament por parte de las instituciones del Estado que sistem\u00e1ticamente ha limado estos derechos y ante una regresi\u00f3n democr\u00e1tica evidente que no podemos permitir de ninguna manera\u00bb, dijo hoy en un acto p\u00fablico el presidente del \u00abParlament\u00bb, el independentista Roger Torrent.<\/p>\n<p>Seg\u00fan inform\u00f3 el portavoz del Gobierno espa\u00f1ol, \u00cd\u00f1igo M\u00e9ndez de Vigo, la decisi\u00f3n de presentar la querella contra Llarena se ha llevado a cabo \u00abcontra el parecer de los letrados\u00bb de la C\u00e1mara catalana.<\/p>\n<p>\u00abPuede significar malversaci\u00f3n de fondos p\u00fablicos, adem\u00e1s de otros delitos\u00bb, advirti\u00f3 el portavoz en rueda de prensa en Madrid.<\/p>\n<p>El Partido Popular (PP) de Rajoy alert\u00f3 tambi\u00e9n de que el \u00abParlament\u00bb podr\u00eda incurrir en una ilegalidad si destina recursos p\u00fablicos a defender \u00abel inter\u00e9s particular\u00bb de un diputado.<\/p>\n<p>La formaci\u00f3n antiindependentista Ciudadanos adelant\u00f3 que recurrir\u00e1 la decisi\u00f3n, mientras que el Partido Socialista de Catalu\u00f1a (PSC) lament\u00f3 que \u00e9sta avive \u00abel enfrentamiento institucional\u00bb.<\/p>\n","protected":false},"excerpt":{"rendered":"<p>Madrid, 13 abr (dpa) &#8211; El Parlamento regional de Catalu\u00f1a dio hoy luz verde a presentar una querella contra el juez del Tribunal Supremo espa\u00f1ol Pablo Llarena, quien investiga el proceso independentista en la regi\u00f3n y a sus l\u00edderes. La propuesta sali\u00f3 adelante en el \u00f3rgano de Gobierno de la C\u00e1mara gracias al apoyo de [&hellip;]<\/p>\n","protected":false},"author":1,"featured_media":973562,"comment_status":"closed","ping_status":"closed","sticky":false,"template":"","format":"standard","meta":{"footnotes":""},"categories":[1],"tags":[],"class_list":["post-975976","post","type-post","status-publish","format-standard","has-post-thumbnail","hentry","category-actualidad"],"aioseo_notices":[],"aioseo_head":"\n\t\t<!-- All in One SEO Pro 5.0.1 - aioseo.com -->\n\t<meta name=\"description\" content=\"Madrid, 13 abr (dpa) - El Parlamento regional de Catalu\u00f1a dio hoy luz verde a presentar una querella contra el juez del Tribunal Supremo espa\u00f1ol Pablo Llarena, quien investiga el proceso independentista en la regi\u00f3n y a sus l\u00edderes. La propuesta sali\u00f3 adelante en el \u00f3rgano de Gobierno de la C\u00e1mara gracias al apoyo de\" \/>\n\t<meta name=\"robots\" content=\"max-image-preview:large\" \/>\n\t<meta name=\"author\" content=\"El Digital de Asturias\"\/>\n\t<meta name=\"google-site-verification\" content=\"UA-38556648-1\" \/>\n\t<meta name=\"msvalidate.01\" content=\"7dfe9f3f1b24437ab69f4f2559babe99\" \/>\n\t<meta name=\"keywords\" content=\"actualidad\" \/>\n\t<link rel=\"canonical\" href=\"https:\/\/www.eldigitaldeasturias.com\/noticias\/el-parlamento-catalan-presentara-una-querella-contra-llarena\/\" \/>\n\t<meta name=\"generator\" content=\"All in One SEO Pro (AIOSEO) 5.0.1\" \/>\n\t\t<meta property=\"og:locale\" content=\"es_ES\" \/>\n\t\t<meta property=\"og:site_name\" content=\"El Digital de Asturias\" \/>\n\t\t<meta property=\"og:type\" content=\"article\" \/>\n\t\t<meta property=\"og:title\" content=\"El Parlamento catal\u00e1n presentar\u00e1 una querella contra Llarena - El Digital de Asturias\" \/>\n\t\t<meta property=\"og:description\" content=\"Madrid, 13 abr (dpa) - El Parlamento regional de Catalu\u00f1a dio hoy luz verde a presentar una querella contra el juez del Tribunal Supremo espa\u00f1ol Pablo Llarena, quien investiga el proceso independentista en la regi\u00f3n y a sus l\u00edderes. La propuesta sali\u00f3 adelante en el \u00f3rgano de Gobierno de la C\u00e1mara gracias al apoyo de\" \/>\n\t\t<meta property=\"og:url\" content=\"https:\/\/www.eldigitaldeasturias.com\/noticias\/el-parlamento-catalan-presentara-una-querella-contra-llarena\/\" \/>\n\t\t<meta property=\"article:tag\" content=\"actualidad\" \/>\n\t\t<meta property=\"article:published_time\" content=\"2018-04-13T22:44:38+00:00\" \/>\n\t\t<meta property=\"article:modified_time\" content=\"2018-04-13T22:44:38+00:00\" \/>\n\t\t<meta property=\"article:publisher\" content=\"https:\/\/facebook.com\/eldigitaldeasturias\" \/>\n\t\t<meta name=\"twitter:card\" content=\"summary_large_image\" \/>\n\t\t<meta name=\"twitter:title\" content=\"El Parlamento catal\u00e1n presentar\u00e1 una querella contra Llarena - El Digital de Asturias\" \/>\n\t\t<meta name=\"twitter:description\" content=\"Madrid, 13 abr (dpa) - El Parlamento regional de Catalu\u00f1a dio hoy luz verde a presentar una querella contra el juez del Tribunal Supremo espa\u00f1ol Pablo Llarena, quien investiga el proceso independentista en la regi\u00f3n y a sus l\u00edderes. La propuesta sali\u00f3 adelante en el \u00f3rgano de Gobierno de la C\u00e1mara gracias al apoyo de\" \/>\n\t\t<meta name=\"twitter:image\" content=\"https:\/\/www.eldigitaldeasturias.com\/noticias\/wp-content\/uploads\/2020\/12\/EDA-1.jpg\" \/>\n\t\t<meta name=\"twitter:label1\" content=\"Escrito por\" \/>\n\t\t<meta name=\"twitter:data1\" content=\"El Digital de Asturias\" \/>\n\t\t<meta name=\"twitter:label2\" content=\"Tiempo de lectura estimado\" \/>\n\t\t<meta name=\"twitter:data2\" content=\"1 minuto\" \/>\n\t\t<script type=\"application\/ld+json\" class=\"aioseo-schema\">\n\t\t\t{\"@context\":\"https:\\\/\\\/schema.org\",\"@graph\":[{\"@type\":\"BlogPosting\",\"@id\":\"https:\\\/\\\/www.eldigitaldeasturias.com\\\/noticias\\\/el-parlamento-catalan-presentara-una-querella-contra-llarena\\\/#blogposting\",\"name\":\"El Parlamento catal\\u00e1n presentar\\u00e1 una querella contra Llarena - El Digital de Asturias\",\"headline\":\"El Parlamento catal\\u00e1n presentar\\u00e1 una querella contra Llarena\",\"author\":{\"@id\":\"https:\\\/\\\/www.eldigitaldeasturias.com\\\/noticias\\\/author\\\/admin\\\/#author\"},\"publisher\":{\"@id\":\"https:\\\/\\\/www.eldigitaldeasturias.com\\\/noticias\\\/#organization\"},\"image\":{\"@type\":\"ImageObject\",\"url\":973562},\"datePublished\":\"2018-04-13T22:44:38+02:00\",\"dateModified\":\"2018-04-13T22:44:38+02:00\",\"inLanguage\":\"es-ES\",\"mainEntityOfPage\":{\"@id\":\"https:\\\/\\\/www.eldigitaldeasturias.com\\\/noticias\\\/el-parlamento-catalan-presentara-una-querella-contra-llarena\\\/#webpage\"},\"isPartOf\":{\"@id\":\"https:\\\/\\\/www.eldigitaldeasturias.com\\\/noticias\\\/el-parlamento-catalan-presentara-una-querella-contra-llarena\\\/#webpage\"},\"articleSection\":\"Actualidad\"},{\"@type\":\"BreadcrumbList\",\"@id\":\"https:\\\/\\\/www.eldigitaldeasturias.com\\\/noticias\\\/el-parlamento-catalan-presentara-una-querella-contra-llarena\\\/#breadcrumblist\",\"itemListElement\":[{\"@type\":\"ListItem\",\"@id\":\"https:\\\/\\\/www.eldigitaldeasturias.com\\\/noticias#listItem\",\"position\":1,\"name\":\"Home\",\"item\":\"https:\\\/\\\/www.eldigitaldeasturias.com\\\/noticias\",\"nextItem\":{\"@type\":\"ListItem\",\"@id\":\"https:\\\/\\\/www.eldigitaldeasturias.com\\\/noticias\\\/category\\\/actualidad\\\/#listItem\",\"name\":\"Actualidad\"}},{\"@type\":\"ListItem\",\"@id\":\"https:\\\/\\\/www.eldigitaldeasturias.com\\\/noticias\\\/category\\\/actualidad\\\/#listItem\",\"position\":2,\"name\":\"Actualidad\",\"item\":\"https:\\\/\\\/www.eldigitaldeasturias.com\\\/noticias\\\/category\\\/actualidad\\\/\",\"nextItem\":{\"@type\":\"ListItem\",\"@id\":\"https:\\\/\\\/www.eldigitaldeasturias.com\\\/noticias\\\/el-parlamento-catalan-presentara-una-querella-contra-llarena\\\/#listItem\",\"name\":\"El Parlamento catal\\u00e1n presentar\\u00e1 una querella contra Llarena\"},\"previousItem\":{\"@type\":\"ListItem\",\"@id\":\"https:\\\/\\\/www.eldigitaldeasturias.com\\\/noticias#listItem\",\"name\":\"Home\"}},{\"@type\":\"ListItem\",\"@id\":\"https:\\\/\\\/www.eldigitaldeasturias.com\\\/noticias\\\/el-parlamento-catalan-presentara-una-querella-contra-llarena\\\/#listItem\",\"position\":3,\"name\":\"El Parlamento catal\\u00e1n presentar\\u00e1 una querella contra Llarena\",\"previousItem\":{\"@type\":\"ListItem\",\"@id\":\"https:\\\/\\\/www.eldigitaldeasturias.com\\\/noticias\\\/category\\\/actualidad\\\/#listItem\",\"name\":\"Actualidad\"}}]},{\"@type\":\"Organization\",\"@id\":\"https:\\\/\\\/www.eldigitaldeasturias.com\\\/noticias\\\/#organization\",\"name\":\"El Digital de Asturias\",\"description\":\"Hemeroteca\",\"url\":\"https:\\\/\\\/www.eldigitaldeasturias.com\\\/noticias\\\/\",\"email\":\"info@eldigitaldeasturias.com\",\"telephone\":\"+34652131393\",\"logo\":{\"@type\":\"ImageObject\",\"url\":\"https:\\\/\\\/www.eldigitaldeasturias.com\\\/noticias\\\/wp-content\\\/uploads\\\/2020\\\/12\\\/EDA.jpg\",\"@id\":\"https:\\\/\\\/www.eldigitaldeasturias.com\\\/noticias\\\/el-parlamento-catalan-presentara-una-querella-contra-llarena\\\/#organizationLogo\"},\"image\":{\"@id\":\"https:\\\/\\\/www.eldigitaldeasturias.com\\\/noticias\\\/el-parlamento-catalan-presentara-una-querella-contra-llarena\\\/#organizationLogo\"},\"sameAs\":[\"https:\\\/\\\/facebook.com\\\/eldigitaldeasturias\",\"https:\\\/\\\/www.youtube.com\\\/channel\\\/UCZP-2wLEB9Rv6erhFmqVnvg\"],\"address\":{\"@id\":\"https:\\\/\\\/www.eldigitaldeasturias.com\\\/noticias\\\/#postaladdress\",\"@type\":\"PostalAddress\",\"streetAddress\":\"san antonio 4\",\"postalCode\":\"33430\",\"addressLocality\":\"Cand\\u00e1s\",\"addressRegion\":\"Asturias\",\"addressCountry\":\"ES\"}},{\"@type\":\"Person\",\"@id\":\"https:\\\/\\\/www.eldigitaldeasturias.com\\\/noticias\\\/author\\\/admin\\\/#author\",\"url\":\"https:\\\/\\\/www.eldigitaldeasturias.com\\\/noticias\\\/author\\\/admin\\\/\",\"name\":\"El Digital de Asturias\",\"image\":{\"@type\":\"ImageObject\",\"@id\":\"https:\\\/\\\/www.eldigitaldeasturias.com\\\/noticias\\\/el-parlamento-catalan-presentara-una-querella-contra-llarena\\\/#authorImage\",\"url\":\"https:\\\/\\\/secure.gravatar.com\\\/avatar\\\/df2aeffc32bcd13f8d26072ef8a91b623d677766deac7f97ca815868cd41bf5e?s=96&d=mm&r=g\",\"width\":96,\"height\":96,\"caption\":\"El Digital de Asturias\"}},{\"@type\":\"WebPage\",\"@id\":\"https:\\\/\\\/www.eldigitaldeasturias.com\\\/noticias\\\/el-parlamento-catalan-presentara-una-querella-contra-llarena\\\/#webpage\",\"url\":\"https:\\\/\\\/www.eldigitaldeasturias.com\\\/noticias\\\/el-parlamento-catalan-presentara-una-querella-contra-llarena\\\/\",\"name\":\"El Parlamento catal\\u00e1n presentar\\u00e1 una querella contra Llarena - El Digital de Asturias\",\"description\":\"Madrid, 13 abr (dpa) - El Parlamento regional de Catalu\\u00f1a dio hoy luz verde a presentar una querella contra el juez del Tribunal Supremo espa\\u00f1ol Pablo Llarena, quien investiga el proceso independentista en la regi\\u00f3n y a sus l\\u00edderes. La propuesta sali\\u00f3 adelante en el \\u00f3rgano de Gobierno de la C\\u00e1mara gracias al apoyo de\",\"inLanguage\":\"es-ES\",\"isPartOf\":{\"@id\":\"https:\\\/\\\/www.eldigitaldeasturias.com\\\/noticias\\\/#website\"},\"breadcrumb\":{\"@id\":\"https:\\\/\\\/www.eldigitaldeasturias.com\\\/noticias\\\/el-parlamento-catalan-presentara-una-querella-contra-llarena\\\/#breadcrumblist\"},\"author\":{\"@id\":\"https:\\\/\\\/www.eldigitaldeasturias.com\\\/noticias\\\/author\\\/admin\\\/#author\"},\"creator\":{\"@id\":\"https:\\\/\\\/www.eldigitaldeasturias.com\\\/noticias\\\/author\\\/admin\\\/#author\"},\"image\":{\"@type\":\"ImageObject\",\"url\":973562,\"@id\":\"https:\\\/\\\/www.eldigitaldeasturias.com\\\/noticias\\\/el-parlamento-catalan-presentara-una-querella-contra-llarena\\\/#mainImage\"},\"primaryImageOfPage\":{\"@id\":\"https:\\\/\\\/www.eldigitaldeasturias.com\\\/noticias\\\/el-parlamento-catalan-presentara-una-querella-contra-llarena\\\/#mainImage\"},\"datePublished\":\"2018-04-13T22:44:38+02:00\",\"dateModified\":\"2018-04-13T22:44:38+02:00\"},{\"@type\":\"WebSite\",\"@id\":\"https:\\\/\\\/www.eldigitaldeasturias.com\\\/noticias\\\/#website\",\"url\":\"https:\\\/\\\/www.eldigitaldeasturias.com\\\/noticias\\\/\",\"name\":\"El Digital de Asturias - Diario de actualidad y noticias\",\"alternateName\":\"El Digital de Asturias - Diario de actualidad y noticias\",\"description\":\"Hemeroteca\",\"inLanguage\":\"es-ES\",\"publisher\":{\"@id\":\"https:\\\/\\\/www.eldigitaldeasturias.com\\\/noticias\\\/#organization\"}}]}\n\t\t<\/script>\n\t\t<!-- All in One SEO Pro -->\r\n\t\t<title>El Parlamento catal\u00e1n presentar\u00e1 una querella contra Llarena - El Digital de Asturias<\/title>\n\n","aioseo_head_json":{"title":"El Parlamento catal\u00e1n presentar\u00e1 una querella contra Llarena - El Digital de Asturias","description":"Madrid, 13 abr (dpa) - El Parlamento regional de Catalu\u00f1a dio hoy luz verde a presentar una querella contra el juez del Tribunal Supremo espa\u00f1ol Pablo Llarena, quien investiga el proceso independentista en la regi\u00f3n y a sus l\u00edderes. La propuesta sali\u00f3 adelante en el \u00f3rgano de Gobierno de la C\u00e1mara gracias al apoyo de","canonical_url":"https:\/\/www.eldigitaldeasturias.com\/noticias\/el-parlamento-catalan-presentara-una-querella-contra-llarena\/","robots":"max-image-preview:large","keywords":"actualidad","webmasterTools":{"google-site-verification":"UA-38556648-1","msvalidate.01":"7dfe9f3f1b24437ab69f4f2559babe99","miscellaneous":""},"schema":{"@context":"https:\/\/schema.org","@graph":[{"@type":"BlogPosting","@id":"https:\/\/www.eldigitaldeasturias.com\/noticias\/el-parlamento-catalan-presentara-una-querella-contra-llarena\/#blogposting","name":"El Parlamento catal\u00e1n presentar\u00e1 una querella contra Llarena - El Digital de Asturias","headline":"El Parlamento catal\u00e1n presentar\u00e1 una querella contra Llarena","author":{"@id":"https:\/\/www.eldigitaldeasturias.com\/noticias\/author\/admin\/#author"},"publisher":{"@id":"https:\/\/www.eldigitaldeasturias.com\/noticias\/#organization"},"image":{"@type":"ImageObject","url":973562},"datePublished":"2018-04-13T22:44:38+02:00","dateModified":"2018-04-13T22:44:38+02:00","inLanguage":"es-ES","mainEntityOfPage":{"@id":"https:\/\/www.eldigitaldeasturias.com\/noticias\/el-parlamento-catalan-presentara-una-querella-contra-llarena\/#webpage"},"isPartOf":{"@id":"https:\/\/www.eldigitaldeasturias.com\/noticias\/el-parlamento-catalan-presentara-una-querella-contra-llarena\/#webpage"},"articleSection":"Actualidad"},{"@type":"BreadcrumbList","@id":"https:\/\/www.eldigitaldeasturias.com\/noticias\/el-parlamento-catalan-presentara-una-querella-contra-llarena\/#breadcrumblist","itemListElement":[{"@type":"ListItem","@id":"https:\/\/www.eldigitaldeasturias.com\/noticias#listItem","position":1,"name":"Home","item":"https:\/\/www.eldigitaldeasturias.com\/noticias","nextItem":{"@type":"ListItem","@id":"https:\/\/www.eldigitaldeasturias.com\/noticias\/category\/actualidad\/#listItem","name":"Actualidad"}},{"@type":"ListItem","@id":"https:\/\/www.eldigitaldeasturias.com\/noticias\/category\/actualidad\/#listItem","position":2,"name":"Actualidad","item":"https:\/\/www.eldigitaldeasturias.com\/noticias\/category\/actualidad\/","nextItem":{"@type":"ListItem","@id":"https:\/\/www.eldigitaldeasturias.com\/noticias\/el-parlamento-catalan-presentara-una-querella-contra-llarena\/#listItem","name":"El Parlamento catal\u00e1n presentar\u00e1 una querella contra Llarena"},"previousItem":{"@type":"ListItem","@id":"https:\/\/www.eldigitaldeasturias.com\/noticias#listItem","name":"Home"}},{"@type":"ListItem","@id":"https:\/\/www.eldigitaldeasturias.com\/noticias\/el-parlamento-catalan-presentara-una-querella-contra-llarena\/#listItem","position":3,"name":"El Parlamento catal\u00e1n presentar\u00e1 una querella contra Llarena","previousItem":{"@type":"ListItem","@id":"https:\/\/www.eldigitaldeasturias.com\/noticias\/category\/actualidad\/#listItem","name":"Actualidad"}}]},{"@type":"Organization","@id":"https:\/\/www.eldigitaldeasturias.com\/noticias\/#organization","name":"El Digital de Asturias","description":"Hemeroteca","url":"https:\/\/www.eldigitaldeasturias.com\/noticias\/","email":"info@eldigitaldeasturias.com","telephone":"+34652131393","logo":{"@type":"ImageObject","url":"https:\/\/www.eldigitaldeasturias.com\/noticias\/wp-content\/uploads\/2020\/12\/EDA.jpg","@id":"https:\/\/www.eldigitaldeasturias.com\/noticias\/el-parlamento-catalan-presentara-una-querella-contra-llarena\/#organizationLogo"},"image":{"@id":"https:\/\/www.eldigitaldeasturias.com\/noticias\/el-parlamento-catalan-presentara-una-querella-contra-llarena\/#organizationLogo"},"sameAs":["https:\/\/facebook.com\/eldigitaldeasturias","https:\/\/www.youtube.com\/channel\/UCZP-2wLEB9Rv6erhFmqVnvg"],"address":{"@id":"https:\/\/www.eldigitaldeasturias.com\/noticias\/#postaladdress","@type":"PostalAddress","streetAddress":"san antonio 4","postalCode":"33430","addressLocality":"Cand\u00e1s","addressRegion":"Asturias","addressCountry":"ES"}},{"@type":"Person","@id":"https:\/\/www.eldigitaldeasturias.com\/noticias\/author\/admin\/#author","url":"https:\/\/www.eldigitaldeasturias.com\/noticias\/author\/admin\/","name":"El Digital de Asturias","image":{"@type":"ImageObject","@id":"https:\/\/www.eldigitaldeasturias.com\/noticias\/el-parlamento-catalan-presentara-una-querella-contra-llarena\/#authorImage","url":"https:\/\/secure.gravatar.com\/avatar\/df2aeffc32bcd13f8d26072ef8a91b623d677766deac7f97ca815868cd41bf5e?s=96&d=mm&r=g","width":96,"height":96,"caption":"El Digital de Asturias"}},{"@type":"WebPage","@id":"https:\/\/www.eldigitaldeasturias.com\/noticias\/el-parlamento-catalan-presentara-una-querella-contra-llarena\/#webpage","url":"https:\/\/www.eldigitaldeasturias.com\/noticias\/el-parlamento-catalan-presentara-una-querella-contra-llarena\/","name":"El Parlamento catal\u00e1n presentar\u00e1 una querella contra Llarena - El Digital de Asturias","description":"Madrid, 13 abr (dpa) - El Parlamento regional de Catalu\u00f1a dio hoy luz verde a presentar una querella contra el juez del Tribunal Supremo espa\u00f1ol Pablo Llarena, quien investiga el proceso independentista en la regi\u00f3n y a sus l\u00edderes. La propuesta sali\u00f3 adelante en el \u00f3rgano de Gobierno de la C\u00e1mara gracias al apoyo de","inLanguage":"es-ES","isPartOf":{"@id":"https:\/\/www.eldigitaldeasturias.com\/noticias\/#website"},"breadcrumb":{"@id":"https:\/\/www.eldigitaldeasturias.com\/noticias\/el-parlamento-catalan-presentara-una-querella-contra-llarena\/#breadcrumblist"},"author":{"@id":"https:\/\/www.eldigitaldeasturias.com\/noticias\/author\/admin\/#author"},"creator":{"@id":"https:\/\/www.eldigitaldeasturias.com\/noticias\/author\/admin\/#author"},"image":{"@type":"ImageObject","url":973562,"@id":"https:\/\/www.eldigitaldeasturias.com\/noticias\/el-parlamento-catalan-presentara-una-querella-contra-llarena\/#mainImage"},"primaryImageOfPage":{"@id":"https:\/\/www.eldigitaldeasturias.com\/noticias\/el-parlamento-catalan-presentara-una-querella-contra-llarena\/#mainImage"},"datePublished":"2018-04-13T22:44:38+02:00","dateModified":"2018-04-13T22:44:38+02:00"},{"@type":"WebSite","@id":"https:\/\/www.eldigitaldeasturias.com\/noticias\/#website","url":"https:\/\/www.eldigitaldeasturias.com\/noticias\/","name":"El Digital de Asturias - Diario de actualidad y noticias","alternateName":"El Digital de Asturias - Diario de actualidad y noticias","description":"Hemeroteca","inLanguage":"es-ES","publisher":{"@id":"https:\/\/www.eldigitaldeasturias.com\/noticias\/#organization"}}]},"og:locale":"es_ES","og:site_name":"El Digital de Asturias","og:type":"article","og:title":"El Parlamento catal\u00e1n presentar\u00e1 una querella contra Llarena - El Digital de Asturias","og:description":"Madrid, 13 abr (dpa) - El Parlamento regional de Catalu\u00f1a dio hoy luz verde a presentar una querella contra el juez del Tribunal Supremo espa\u00f1ol Pablo Llarena, quien investiga el proceso independentista en la regi\u00f3n y a sus l\u00edderes. La propuesta sali\u00f3 adelante en el \u00f3rgano de Gobierno de la C\u00e1mara gracias al apoyo de","og:url":"https:\/\/www.eldigitaldeasturias.com\/noticias\/el-parlamento-catalan-presentara-una-querella-contra-llarena\/","article:tag":["actualidad"],"article:published_time":"2018-04-13T22:44:38+00:00","article:modified_time":"2018-04-13T22:44:38+00:00","article:publisher":"https:\/\/facebook.com\/eldigitaldeasturias","twitter:card":"summary_large_image","twitter:title":"El Parlamento catal\u00e1n presentar\u00e1 una querella contra Llarena - El Digital de Asturias","twitter:description":"Madrid, 13 abr (dpa) - El Parlamento regional de Catalu\u00f1a dio hoy luz verde a presentar una querella contra el juez del Tribunal Supremo espa\u00f1ol Pablo Llarena, quien investiga el proceso independentista en la regi\u00f3n y a sus l\u00edderes. La propuesta sali\u00f3 adelante en el \u00f3rgano de Gobierno de la C\u00e1mara gracias al apoyo de","twitter:image":"https:\/\/www.eldigitaldeasturias.com\/noticias\/wp-content\/uploads\/2020\/12\/EDA-1.jpg","twitter:label1":"Escrito por","twitter:data1":"El Digital de Asturias","twitter:label2":"Tiempo de lectura estimado","twitter:data2":"1 minuto"},"aioseo_meta_data":{"post_id":"975976","title":null,"description":null,"keywords":null,"keyphrases":null,"primary_term":null,"canonical_url":null,"og_title":null,"og_description":null,"og_object_type":"default","og_image_type":"default","og_image_url":null,"og_image_width":null,"og_image_height":null,"og_image_custom_url":null,"og_image_custom_fields":null,"og_video":null,"og_custom_url":null,"og_article_section":null,"og_article_tags":null,"twitter_use_og":false,"twitter_card":"default","twitter_image_type":"default","twitter_image_url":null,"twitter_image_custom_url":null,"twitter_image_custom_fields":null,"twitter_title":null,"twitter_description":null,"schema":{"blockGraphs":[],"customGraphs":[],"default":{"data":{"Article":[],"Course":[],"Dataset":[],"FAQPage":[],"Movie":[],"Person":[],"Product":[],"ProductReview":[],"Car":[],"Recipe":[],"Service":[],"SoftwareApplication":[],"WebPage":[]},"graphName":"","isEnabled":true},"graphs":[],"defaultGraph":"","defaultPostTypeGraph":""},"schema_type":null,"schema_type_options":null,"pillar_content":false,"robots_default":true,"robots_noindex":false,"robots_noarchive":false,"robots_nosnippet":false,"robots_nofollow":false,"robots_noimageindex":false,"robots_noodp":false,"robots_notranslate":false,"robots_max_snippet":null,"robots_max_videopreview":null,"robots_max_imagepreview":"large","priority":null,"frequency":null,"local_seo":null,"seo_analyzer_scan_date":"2025-10-08 01:58:03","breadcrumb_settings":null,"limit_modified_date":false,"open_ai":null,"ai":null,"created":"2020-12-21 12:09:40","updated":"2025-10-08 01:58:03","focus_keyword":null,"additional_keywords":null,"truseo_locale":null},"aioseo_breadcrumb":"<div class=\"aioseo-breadcrumbs\"><span class=\"aioseo-breadcrumb\">\n\t<a href=\"https:\/\/www.eldigitaldeasturias.com\/noticias\" title=\"Home\">Home<\/a>\n<\/span><span class=\"aioseo-breadcrumb-separator\">\u2013<\/span><span class=\"aioseo-breadcrumb\">\n\t<a href=\"https:\/\/www.eldigitaldeasturias.com\/noticias\/category\/actualidad\/\" title=\"Actualidad\">Actualidad<\/a>\n<\/span><span class=\"aioseo-breadcrumb-separator\">\u2013<\/span><span class=\"aioseo-breadcrumb\">\n\t<a href=\"https:\/\/www.eldigitaldeasturias.com\/noticias\/el-parlamento-catalan-presentara-una-querella-contra-llarena\/\" title=\"El Parlamento catal\u00e1n presentar\u00e1 una querella contra Llarena\">El Parlamento catal\u00e1n presentar\u00e1 una querella contra Llarena<\/a>\n<\/span><\/div>","aioseo_breadcrumb_json":[{"label":"Home","link":"https:\/\/www.eldigitaldeasturias.com\/noticias"},{"label":"Actualidad","link":"https:\/\/www.eldigitaldeasturias.com\/noticias\/category\/actualidad\/"},{"label":"El Parlamento catal\u00e1n presentar\u00e1 una querella contra Llarena","link":"https:\/\/www.eldigitaldeasturias.com\/noticias\/el-parlamento-catalan-presentara-una-querella-contra-llarena\/"}],"_links":{"self":[{"href":"https:\/\/www.eldigitaldeasturias.com\/noticias\/wp-json\/wp\/v2\/posts\/975976","targetHints":{"allow":["GET"]}}],"collection":[{"href":"https:\/\/www.eldigitaldeasturias.com\/noticias\/wp-json\/wp\/v2\/posts"}],"about":[{"href":"https:\/\/www.eldigitaldeasturias.com\/noticias\/wp-json\/wp\/v2\/types\/post"}],"author":[{"embeddable":true,"href":"https:\/\/www.eldigitaldeasturias.com\/noticias\/wp-json\/wp\/v2\/users\/1"}],"replies":[{"embeddable":true,"href":"https:\/\/www.eldigitaldeasturias.com\/noticias\/wp-json\/wp\/v2\/comments?post=975976"}],"version-history":[{"count":0,"href":"https:\/\/www.eldigitaldeasturias.com\/noticias\/wp-json\/wp\/v2\/posts\/975976\/revisions"}],"wp:attachment":[{"href":"https:\/\/www.eldigitaldeasturias.com\/noticias\/wp-json\/wp\/v2\/media?parent=975976"}],"wp:term":[{"taxonomy":"category","embeddable":true,"href":"https:\/\/www.eldigitaldeasturias.com\/noticias\/wp-json\/wp\/v2\/categories?post=975976"},{"taxonomy":"post_tag","embeddable":true,"href":"https:\/\/www.eldigitaldeasturias.com\/noticias\/wp-json\/wp\/v2\/tags?post=975976"}],"curies":[{"name":"wp","href":"https:\/\/api.w.org\/{rel}","templated":true}]}}