{"id":975958,"date":"2018-04-13T22:13:40","date_gmt":"2018-04-13T22:13:40","guid":{"rendered":"http:\/\/www.eldigitaldeasturias.com\/noticias\/?p=975958"},"modified":"2018-04-13T22:13:40","modified_gmt":"2018-04-13T22:13:40","slug":"carmen-calvo-no-podemos-aceptar-esta-mirada-sobre-espana","status":"publish","type":"post","link":"https:\/\/www.eldigitaldeasturias.com\/noticias\/carmen-calvo-no-podemos-aceptar-esta-mirada-sobre-espana\/","title":{"rendered":"Carmen Calvo: \u00abNo podemos aceptar esta mirada sobre Espa\u00f1a\u00bb"},"content":{"rendered":"<p>Carmen Calvo, secretaria de Igualdad, analizo hoy viernes la partida presupuestaria de su \u00e1rea que contiene el anteproyecto de Presupuestos Generales del Estado.<\/p>\n<p><iframe loading=\"lazy\" src=\"https:\/\/www.youtube.com\/embed\/CQ1bbWoTjYE\" width=\"650\" height=\"315\" frameborder=\"0\" allowfullscreen=\"allowfullscreen\"><span data-mce-type=\"bookmark\" style=\"display: inline-block; width: 0px; overflow: hidden; line-height: 0;\" class=\"mce_SELRES_start\">\ufeff<\/span><\/iframe><\/p>\n<p>Carmen Calvo, secretaria de Igualdad ha dicho que \u00abLa derecha incumple, de nuevo, el Pacto de Estado contra la violencia de g\u00e9nero e incumple con las comunidades aut\u00f3nomas y con los ayuntamientos, que son las instituciones m\u00e1s cercanas que ponen en marcha las pol\u00edticas de prevenci\u00f3n y de auxilio para las v\u00edctimas y para sus familiares\u00bb.<\/p>\n<p>Calvo lamenta que el gobierno de Rajoy destine 80 de los 200 millones comprometidos en el Pacto de Estado para poner en marcha las 26 medidas que pactaron los grupos parlamentarios y el ejecutivo. La dirigente socialista insiste en que faltan 120 millones.<\/p>\n<p>&nbsp;<\/p>\n","protected":false},"excerpt":{"rendered":"<p>Carmen Calvo, secretaria de Igualdad, analizo hoy viernes la partida presupuestaria de su \u00e1rea que contiene el anteproyecto de Presupuestos Generales del Estado. \ufeff Carmen Calvo, secretaria de Igualdad ha dicho que \u00abLa derecha incumple, de nuevo, el Pacto de Estado contra la violencia de g\u00e9nero e incumple con las comunidades aut\u00f3nomas y con los [&hellip;]<\/p>\n","protected":false},"author":1,"featured_media":975959,"comment_status":"closed","ping_status":"closed","sticky":false,"template":"","format":"standard","meta":{"footnotes":""},"categories":[1],"tags":[],"class_list":["post-975958","post","type-post","status-publish","format-standard","has-post-thumbnail","hentry","category-actualidad"],"aioseo_notices":[],"aioseo_head":"\n\t\t<!-- All in One SEO Pro 5.0.1 - aioseo.com -->\n\t<meta name=\"description\" content=\"Carmen Calvo, secretaria de Igualdad, analizo hoy viernes la partida presupuestaria de su \u00e1rea que contiene el anteproyecto de Presupuestos Generales del Estado. \ufeff Carmen Calvo, secretaria de Igualdad ha dicho que &quot;La derecha incumple, de nuevo, el Pacto de Estado contra la violencia de g\u00e9nero e incumple con las comunidades aut\u00f3nomas y con los\" \/>\n\t<meta name=\"robots\" content=\"max-image-preview:large\" \/>\n\t<meta name=\"author\" content=\"El Digital de Asturias\"\/>\n\t<meta name=\"google-site-verification\" content=\"UA-38556648-1\" \/>\n\t<meta name=\"msvalidate.01\" content=\"7dfe9f3f1b24437ab69f4f2559babe99\" \/>\n\t<meta name=\"keywords\" content=\"actualidad\" \/>\n\t<link rel=\"canonical\" href=\"https:\/\/www.eldigitaldeasturias.com\/noticias\/carmen-calvo-no-podemos-aceptar-esta-mirada-sobre-espana\/\" \/>\n\t<meta name=\"generator\" content=\"All in One SEO Pro (AIOSEO) 5.0.1\" \/>\n\t\t<meta property=\"og:locale\" content=\"es_ES\" \/>\n\t\t<meta property=\"og:site_name\" content=\"El Digital de Asturias\" \/>\n\t\t<meta property=\"og:type\" content=\"article\" \/>\n\t\t<meta property=\"og:title\" content=\"Carmen Calvo: \u00abNo podemos aceptar esta mirada sobre Espa\u00f1a\u00bb - El Digital de Asturias\" \/>\n\t\t<meta property=\"og:description\" content=\"Carmen Calvo, secretaria de Igualdad, analizo hoy viernes la partida presupuestaria de su \u00e1rea que contiene el anteproyecto de Presupuestos Generales del Estado. \ufeff Carmen Calvo, secretaria de Igualdad ha dicho que &quot;La derecha incumple, de nuevo, el Pacto de Estado contra la violencia de g\u00e9nero e incumple con las comunidades aut\u00f3nomas y con los\" \/>\n\t\t<meta property=\"og:url\" content=\"https:\/\/www.eldigitaldeasturias.com\/noticias\/carmen-calvo-no-podemos-aceptar-esta-mirada-sobre-espana\/\" \/>\n\t\t<meta property=\"article:tag\" content=\"actualidad\" \/>\n\t\t<meta property=\"article:published_time\" content=\"2018-04-13T22:13:40+00:00\" \/>\n\t\t<meta property=\"article:modified_time\" content=\"2018-04-13T22:13:40+00:00\" \/>\n\t\t<meta property=\"article:publisher\" content=\"https:\/\/facebook.com\/eldigitaldeasturias\" \/>\n\t\t<meta name=\"twitter:card\" content=\"summary_large_image\" \/>\n\t\t<meta name=\"twitter:title\" content=\"Carmen Calvo: \u00abNo podemos aceptar esta mirada sobre Espa\u00f1a\u00bb - El Digital de Asturias\" \/>\n\t\t<meta name=\"twitter:description\" content=\"Carmen Calvo, secretaria de Igualdad, analizo hoy viernes la partida presupuestaria de su \u00e1rea que contiene el anteproyecto de Presupuestos Generales del Estado. \ufeff Carmen Calvo, secretaria de Igualdad ha dicho que &quot;La derecha incumple, de nuevo, el Pacto de Estado contra la violencia de g\u00e9nero e incumple con las comunidades aut\u00f3nomas y con los\" \/>\n\t\t<meta name=\"twitter:image\" content=\"https:\/\/www.eldigitaldeasturias.com\/noticias\/wp-content\/uploads\/2020\/12\/EDA-1.jpg\" \/>\n\t\t<meta name=\"twitter:label1\" content=\"Escrito por\" \/>\n\t\t<meta name=\"twitter:data1\" content=\"El Digital de Asturias\" \/>\n\t\t<meta name=\"twitter:label2\" content=\"Tiempo de lectura estimado\" \/>\n\t\t<meta name=\"twitter:data2\" content=\"1 minuto\" \/>\n\t\t<script type=\"application\/ld+json\" class=\"aioseo-schema\">\n\t\t\t{\"@context\":\"https:\\\/\\\/schema.org\",\"@graph\":[{\"@type\":\"BlogPosting\",\"@id\":\"https:\\\/\\\/www.eldigitaldeasturias.com\\\/noticias\\\/carmen-calvo-no-podemos-aceptar-esta-mirada-sobre-espana\\\/#blogposting\",\"name\":\"Carmen Calvo: \\u00abNo podemos aceptar esta mirada sobre Espa\\u00f1a\\u00bb - El Digital de Asturias\",\"headline\":\"Carmen Calvo: \\u00abNo podemos aceptar esta mirada sobre Espa\\u00f1a\\u00bb\",\"author\":{\"@id\":\"https:\\\/\\\/www.eldigitaldeasturias.com\\\/noticias\\\/author\\\/admin\\\/#author\"},\"publisher\":{\"@id\":\"https:\\\/\\\/www.eldigitaldeasturias.com\\\/noticias\\\/#organization\"},\"image\":{\"@type\":\"ImageObject\",\"url\":975959},\"datePublished\":\"2018-04-13T22:13:40+02:00\",\"dateModified\":\"2018-04-13T22:13:40+02:00\",\"inLanguage\":\"es-ES\",\"mainEntityOfPage\":{\"@id\":\"https:\\\/\\\/www.eldigitaldeasturias.com\\\/noticias\\\/carmen-calvo-no-podemos-aceptar-esta-mirada-sobre-espana\\\/#webpage\"},\"isPartOf\":{\"@id\":\"https:\\\/\\\/www.eldigitaldeasturias.com\\\/noticias\\\/carmen-calvo-no-podemos-aceptar-esta-mirada-sobre-espana\\\/#webpage\"},\"articleSection\":\"Actualidad\"},{\"@type\":\"BreadcrumbList\",\"@id\":\"https:\\\/\\\/www.eldigitaldeasturias.com\\\/noticias\\\/carmen-calvo-no-podemos-aceptar-esta-mirada-sobre-espana\\\/#breadcrumblist\",\"itemListElement\":[{\"@type\":\"ListItem\",\"@id\":\"https:\\\/\\\/www.eldigitaldeasturias.com\\\/noticias#listItem\",\"position\":1,\"name\":\"Home\",\"item\":\"https:\\\/\\\/www.eldigitaldeasturias.com\\\/noticias\",\"nextItem\":{\"@type\":\"ListItem\",\"@id\":\"https:\\\/\\\/www.eldigitaldeasturias.com\\\/noticias\\\/category\\\/actualidad\\\/#listItem\",\"name\":\"Actualidad\"}},{\"@type\":\"ListItem\",\"@id\":\"https:\\\/\\\/www.eldigitaldeasturias.com\\\/noticias\\\/category\\\/actualidad\\\/#listItem\",\"position\":2,\"name\":\"Actualidad\",\"item\":\"https:\\\/\\\/www.eldigitaldeasturias.com\\\/noticias\\\/category\\\/actualidad\\\/\",\"nextItem\":{\"@type\":\"ListItem\",\"@id\":\"https:\\\/\\\/www.eldigitaldeasturias.com\\\/noticias\\\/carmen-calvo-no-podemos-aceptar-esta-mirada-sobre-espana\\\/#listItem\",\"name\":\"Carmen Calvo: \\u00abNo podemos aceptar esta mirada sobre Espa\\u00f1a\\u00bb\"},\"previousItem\":{\"@type\":\"ListItem\",\"@id\":\"https:\\\/\\\/www.eldigitaldeasturias.com\\\/noticias#listItem\",\"name\":\"Home\"}},{\"@type\":\"ListItem\",\"@id\":\"https:\\\/\\\/www.eldigitaldeasturias.com\\\/noticias\\\/carmen-calvo-no-podemos-aceptar-esta-mirada-sobre-espana\\\/#listItem\",\"position\":3,\"name\":\"Carmen Calvo: \\u00abNo podemos aceptar esta mirada sobre Espa\\u00f1a\\u00bb\",\"previousItem\":{\"@type\":\"ListItem\",\"@id\":\"https:\\\/\\\/www.eldigitaldeasturias.com\\\/noticias\\\/category\\\/actualidad\\\/#listItem\",\"name\":\"Actualidad\"}}]},{\"@type\":\"Organization\",\"@id\":\"https:\\\/\\\/www.eldigitaldeasturias.com\\\/noticias\\\/#organization\",\"name\":\"El Digital de Asturias\",\"description\":\"Hemeroteca\",\"url\":\"https:\\\/\\\/www.eldigitaldeasturias.com\\\/noticias\\\/\",\"email\":\"info@eldigitaldeasturias.com\",\"telephone\":\"+34652131393\",\"logo\":{\"@type\":\"ImageObject\",\"url\":\"https:\\\/\\\/www.eldigitaldeasturias.com\\\/noticias\\\/wp-content\\\/uploads\\\/2020\\\/12\\\/EDA.jpg\",\"@id\":\"https:\\\/\\\/www.eldigitaldeasturias.com\\\/noticias\\\/carmen-calvo-no-podemos-aceptar-esta-mirada-sobre-espana\\\/#organizationLogo\"},\"image\":{\"@id\":\"https:\\\/\\\/www.eldigitaldeasturias.com\\\/noticias\\\/carmen-calvo-no-podemos-aceptar-esta-mirada-sobre-espana\\\/#organizationLogo\"},\"sameAs\":[\"https:\\\/\\\/facebook.com\\\/eldigitaldeasturias\",\"https:\\\/\\\/www.youtube.com\\\/channel\\\/UCZP-2wLEB9Rv6erhFmqVnvg\"],\"address\":{\"@id\":\"https:\\\/\\\/www.eldigitaldeasturias.com\\\/noticias\\\/#postaladdress\",\"@type\":\"PostalAddress\",\"streetAddress\":\"san antonio 4\",\"postalCode\":\"33430\",\"addressLocality\":\"Cand\\u00e1s\",\"addressRegion\":\"Asturias\",\"addressCountry\":\"ES\"}},{\"@type\":\"Person\",\"@id\":\"https:\\\/\\\/www.eldigitaldeasturias.com\\\/noticias\\\/author\\\/admin\\\/#author\",\"url\":\"https:\\\/\\\/www.eldigitaldeasturias.com\\\/noticias\\\/author\\\/admin\\\/\",\"name\":\"El Digital de Asturias\",\"image\":{\"@type\":\"ImageObject\",\"@id\":\"https:\\\/\\\/www.eldigitaldeasturias.com\\\/noticias\\\/carmen-calvo-no-podemos-aceptar-esta-mirada-sobre-espana\\\/#authorImage\",\"url\":\"https:\\\/\\\/secure.gravatar.com\\\/avatar\\\/df2aeffc32bcd13f8d26072ef8a91b623d677766deac7f97ca815868cd41bf5e?s=96&d=mm&r=g\",\"width\":96,\"height\":96,\"caption\":\"El Digital de Asturias\"}},{\"@type\":\"WebPage\",\"@id\":\"https:\\\/\\\/www.eldigitaldeasturias.com\\\/noticias\\\/carmen-calvo-no-podemos-aceptar-esta-mirada-sobre-espana\\\/#webpage\",\"url\":\"https:\\\/\\\/www.eldigitaldeasturias.com\\\/noticias\\\/carmen-calvo-no-podemos-aceptar-esta-mirada-sobre-espana\\\/\",\"name\":\"Carmen Calvo: \\u00abNo podemos aceptar esta mirada sobre Espa\\u00f1a\\u00bb - El Digital de Asturias\",\"description\":\"Carmen Calvo, secretaria de Igualdad, analizo hoy viernes la partida presupuestaria de su \\u00e1rea que contiene el anteproyecto de Presupuestos Generales del Estado. \\ufeff Carmen Calvo, secretaria de Igualdad ha dicho que \\\"La derecha incumple, de nuevo, el Pacto de Estado contra la violencia de g\\u00e9nero e incumple con las comunidades aut\\u00f3nomas y con los\",\"inLanguage\":\"es-ES\",\"isPartOf\":{\"@id\":\"https:\\\/\\\/www.eldigitaldeasturias.com\\\/noticias\\\/#website\"},\"breadcrumb\":{\"@id\":\"https:\\\/\\\/www.eldigitaldeasturias.com\\\/noticias\\\/carmen-calvo-no-podemos-aceptar-esta-mirada-sobre-espana\\\/#breadcrumblist\"},\"author\":{\"@id\":\"https:\\\/\\\/www.eldigitaldeasturias.com\\\/noticias\\\/author\\\/admin\\\/#author\"},\"creator\":{\"@id\":\"https:\\\/\\\/www.eldigitaldeasturias.com\\\/noticias\\\/author\\\/admin\\\/#author\"},\"image\":{\"@type\":\"ImageObject\",\"url\":975959,\"@id\":\"https:\\\/\\\/www.eldigitaldeasturias.com\\\/noticias\\\/carmen-calvo-no-podemos-aceptar-esta-mirada-sobre-espana\\\/#mainImage\"},\"primaryImageOfPage\":{\"@id\":\"https:\\\/\\\/www.eldigitaldeasturias.com\\\/noticias\\\/carmen-calvo-no-podemos-aceptar-esta-mirada-sobre-espana\\\/#mainImage\"},\"datePublished\":\"2018-04-13T22:13:40+02:00\",\"dateModified\":\"2018-04-13T22:13:40+02:00\"},{\"@type\":\"WebSite\",\"@id\":\"https:\\\/\\\/www.eldigitaldeasturias.com\\\/noticias\\\/#website\",\"url\":\"https:\\\/\\\/www.eldigitaldeasturias.com\\\/noticias\\\/\",\"name\":\"El Digital de Asturias - Diario de actualidad y noticias\",\"alternateName\":\"El Digital de Asturias - Diario de actualidad y noticias\",\"description\":\"Hemeroteca\",\"inLanguage\":\"es-ES\",\"publisher\":{\"@id\":\"https:\\\/\\\/www.eldigitaldeasturias.com\\\/noticias\\\/#organization\"}}]}\n\t\t<\/script>\n\t\t<!-- All in One SEO Pro -->\r\n\t\t<title>Carmen Calvo: \u00abNo podemos aceptar esta mirada sobre Espa\u00f1a\u00bb - El Digital de Asturias<\/title>\n\n","aioseo_head_json":{"title":"Carmen Calvo: \u00abNo podemos aceptar esta mirada sobre Espa\u00f1a\u00bb - El Digital de Asturias","description":"Carmen Calvo, secretaria de Igualdad, analizo hoy viernes la partida presupuestaria de su \u00e1rea que contiene el anteproyecto de Presupuestos Generales del Estado. \ufeff Carmen Calvo, secretaria de Igualdad ha dicho que \"La derecha incumple, de nuevo, el Pacto de Estado contra la violencia de g\u00e9nero e incumple con las comunidades aut\u00f3nomas y con los","canonical_url":"https:\/\/www.eldigitaldeasturias.com\/noticias\/carmen-calvo-no-podemos-aceptar-esta-mirada-sobre-espana\/","robots":"max-image-preview:large","keywords":"actualidad","webmasterTools":{"google-site-verification":"UA-38556648-1","msvalidate.01":"7dfe9f3f1b24437ab69f4f2559babe99","miscellaneous":""},"schema":{"@context":"https:\/\/schema.org","@graph":[{"@type":"BlogPosting","@id":"https:\/\/www.eldigitaldeasturias.com\/noticias\/carmen-calvo-no-podemos-aceptar-esta-mirada-sobre-espana\/#blogposting","name":"Carmen Calvo: \u00abNo podemos aceptar esta mirada sobre Espa\u00f1a\u00bb - El Digital de Asturias","headline":"Carmen Calvo: \u00abNo podemos aceptar esta mirada sobre Espa\u00f1a\u00bb","author":{"@id":"https:\/\/www.eldigitaldeasturias.com\/noticias\/author\/admin\/#author"},"publisher":{"@id":"https:\/\/www.eldigitaldeasturias.com\/noticias\/#organization"},"image":{"@type":"ImageObject","url":975959},"datePublished":"2018-04-13T22:13:40+02:00","dateModified":"2018-04-13T22:13:40+02:00","inLanguage":"es-ES","mainEntityOfPage":{"@id":"https:\/\/www.eldigitaldeasturias.com\/noticias\/carmen-calvo-no-podemos-aceptar-esta-mirada-sobre-espana\/#webpage"},"isPartOf":{"@id":"https:\/\/www.eldigitaldeasturias.com\/noticias\/carmen-calvo-no-podemos-aceptar-esta-mirada-sobre-espana\/#webpage"},"articleSection":"Actualidad"},{"@type":"BreadcrumbList","@id":"https:\/\/www.eldigitaldeasturias.com\/noticias\/carmen-calvo-no-podemos-aceptar-esta-mirada-sobre-espana\/#breadcrumblist","itemListElement":[{"@type":"ListItem","@id":"https:\/\/www.eldigitaldeasturias.com\/noticias#listItem","position":1,"name":"Home","item":"https:\/\/www.eldigitaldeasturias.com\/noticias","nextItem":{"@type":"ListItem","@id":"https:\/\/www.eldigitaldeasturias.com\/noticias\/category\/actualidad\/#listItem","name":"Actualidad"}},{"@type":"ListItem","@id":"https:\/\/www.eldigitaldeasturias.com\/noticias\/category\/actualidad\/#listItem","position":2,"name":"Actualidad","item":"https:\/\/www.eldigitaldeasturias.com\/noticias\/category\/actualidad\/","nextItem":{"@type":"ListItem","@id":"https:\/\/www.eldigitaldeasturias.com\/noticias\/carmen-calvo-no-podemos-aceptar-esta-mirada-sobre-espana\/#listItem","name":"Carmen Calvo: \u00abNo podemos aceptar esta mirada sobre Espa\u00f1a\u00bb"},"previousItem":{"@type":"ListItem","@id":"https:\/\/www.eldigitaldeasturias.com\/noticias#listItem","name":"Home"}},{"@type":"ListItem","@id":"https:\/\/www.eldigitaldeasturias.com\/noticias\/carmen-calvo-no-podemos-aceptar-esta-mirada-sobre-espana\/#listItem","position":3,"name":"Carmen Calvo: \u00abNo podemos aceptar esta mirada sobre Espa\u00f1a\u00bb","previousItem":{"@type":"ListItem","@id":"https:\/\/www.eldigitaldeasturias.com\/noticias\/category\/actualidad\/#listItem","name":"Actualidad"}}]},{"@type":"Organization","@id":"https:\/\/www.eldigitaldeasturias.com\/noticias\/#organization","name":"El Digital de Asturias","description":"Hemeroteca","url":"https:\/\/www.eldigitaldeasturias.com\/noticias\/","email":"info@eldigitaldeasturias.com","telephone":"+34652131393","logo":{"@type":"ImageObject","url":"https:\/\/www.eldigitaldeasturias.com\/noticias\/wp-content\/uploads\/2020\/12\/EDA.jpg","@id":"https:\/\/www.eldigitaldeasturias.com\/noticias\/carmen-calvo-no-podemos-aceptar-esta-mirada-sobre-espana\/#organizationLogo"},"image":{"@id":"https:\/\/www.eldigitaldeasturias.com\/noticias\/carmen-calvo-no-podemos-aceptar-esta-mirada-sobre-espana\/#organizationLogo"},"sameAs":["https:\/\/facebook.com\/eldigitaldeasturias","https:\/\/www.youtube.com\/channel\/UCZP-2wLEB9Rv6erhFmqVnvg"],"address":{"@id":"https:\/\/www.eldigitaldeasturias.com\/noticias\/#postaladdress","@type":"PostalAddress","streetAddress":"san antonio 4","postalCode":"33430","addressLocality":"Cand\u00e1s","addressRegion":"Asturias","addressCountry":"ES"}},{"@type":"Person","@id":"https:\/\/www.eldigitaldeasturias.com\/noticias\/author\/admin\/#author","url":"https:\/\/www.eldigitaldeasturias.com\/noticias\/author\/admin\/","name":"El Digital de Asturias","image":{"@type":"ImageObject","@id":"https:\/\/www.eldigitaldeasturias.com\/noticias\/carmen-calvo-no-podemos-aceptar-esta-mirada-sobre-espana\/#authorImage","url":"https:\/\/secure.gravatar.com\/avatar\/df2aeffc32bcd13f8d26072ef8a91b623d677766deac7f97ca815868cd41bf5e?s=96&d=mm&r=g","width":96,"height":96,"caption":"El Digital de Asturias"}},{"@type":"WebPage","@id":"https:\/\/www.eldigitaldeasturias.com\/noticias\/carmen-calvo-no-podemos-aceptar-esta-mirada-sobre-espana\/#webpage","url":"https:\/\/www.eldigitaldeasturias.com\/noticias\/carmen-calvo-no-podemos-aceptar-esta-mirada-sobre-espana\/","name":"Carmen Calvo: \u00abNo podemos aceptar esta mirada sobre Espa\u00f1a\u00bb - El Digital de Asturias","description":"Carmen Calvo, secretaria de Igualdad, analizo hoy viernes la partida presupuestaria de su \u00e1rea que contiene el anteproyecto de Presupuestos Generales del Estado. \ufeff Carmen Calvo, secretaria de Igualdad ha dicho que \"La derecha incumple, de nuevo, el Pacto de Estado contra la violencia de g\u00e9nero e incumple con las comunidades aut\u00f3nomas y con los","inLanguage":"es-ES","isPartOf":{"@id":"https:\/\/www.eldigitaldeasturias.com\/noticias\/#website"},"breadcrumb":{"@id":"https:\/\/www.eldigitaldeasturias.com\/noticias\/carmen-calvo-no-podemos-aceptar-esta-mirada-sobre-espana\/#breadcrumblist"},"author":{"@id":"https:\/\/www.eldigitaldeasturias.com\/noticias\/author\/admin\/#author"},"creator":{"@id":"https:\/\/www.eldigitaldeasturias.com\/noticias\/author\/admin\/#author"},"image":{"@type":"ImageObject","url":975959,"@id":"https:\/\/www.eldigitaldeasturias.com\/noticias\/carmen-calvo-no-podemos-aceptar-esta-mirada-sobre-espana\/#mainImage"},"primaryImageOfPage":{"@id":"https:\/\/www.eldigitaldeasturias.com\/noticias\/carmen-calvo-no-podemos-aceptar-esta-mirada-sobre-espana\/#mainImage"},"datePublished":"2018-04-13T22:13:40+02:00","dateModified":"2018-04-13T22:13:40+02:00"},{"@type":"WebSite","@id":"https:\/\/www.eldigitaldeasturias.com\/noticias\/#website","url":"https:\/\/www.eldigitaldeasturias.com\/noticias\/","name":"El Digital de Asturias - Diario de actualidad y noticias","alternateName":"El Digital de Asturias - Diario de actualidad y noticias","description":"Hemeroteca","inLanguage":"es-ES","publisher":{"@id":"https:\/\/www.eldigitaldeasturias.com\/noticias\/#organization"}}]},"og:locale":"es_ES","og:site_name":"El Digital de Asturias","og:type":"article","og:title":"Carmen Calvo: \u00abNo podemos aceptar esta mirada sobre Espa\u00f1a\u00bb - El Digital de Asturias","og:description":"Carmen Calvo, secretaria de Igualdad, analizo hoy viernes la partida presupuestaria de su \u00e1rea que contiene el anteproyecto de Presupuestos Generales del Estado. \ufeff Carmen Calvo, secretaria de Igualdad ha dicho que &quot;La derecha incumple, de nuevo, el Pacto de Estado contra la violencia de g\u00e9nero e incumple con las comunidades aut\u00f3nomas y con los","og:url":"https:\/\/www.eldigitaldeasturias.com\/noticias\/carmen-calvo-no-podemos-aceptar-esta-mirada-sobre-espana\/","article:tag":["actualidad"],"article:published_time":"2018-04-13T22:13:40+00:00","article:modified_time":"2018-04-13T22:13:40+00:00","article:publisher":"https:\/\/facebook.com\/eldigitaldeasturias","twitter:card":"summary_large_image","twitter:title":"Carmen Calvo: \u00abNo podemos aceptar esta mirada sobre Espa\u00f1a\u00bb - El Digital de Asturias","twitter:description":"Carmen Calvo, secretaria de Igualdad, analizo hoy viernes la partida presupuestaria de su \u00e1rea que contiene el anteproyecto de Presupuestos Generales del Estado. \ufeff Carmen Calvo, secretaria de Igualdad ha dicho que &quot;La derecha incumple, de nuevo, el Pacto de Estado contra la violencia de g\u00e9nero e incumple con las comunidades aut\u00f3nomas y con los","twitter:image":"https:\/\/www.eldigitaldeasturias.com\/noticias\/wp-content\/uploads\/2020\/12\/EDA-1.jpg","twitter:label1":"Escrito por","twitter:data1":"El Digital de Asturias","twitter:label2":"Tiempo de lectura estimado","twitter:data2":"1 minuto"},"aioseo_meta_data":{"post_id":"975958","title":null,"description":null,"keywords":null,"keyphrases":null,"primary_term":null,"canonical_url":null,"og_title":null,"og_description":null,"og_object_type":"default","og_image_type":"default","og_image_url":null,"og_image_width":null,"og_image_height":null,"og_image_custom_url":null,"og_image_custom_fields":null,"og_video":null,"og_custom_url":null,"og_article_section":null,"og_article_tags":null,"twitter_use_og":false,"twitter_card":"default","twitter_image_type":"default","twitter_image_url":null,"twitter_image_custom_url":null,"twitter_image_custom_fields":null,"twitter_title":null,"twitter_description":null,"schema":{"blockGraphs":[],"customGraphs":[],"default":{"data":{"Article":[],"Course":[],"Dataset":[],"FAQPage":[],"Movie":[],"Person":[],"Product":[],"ProductReview":[],"Car":[],"Recipe":[],"Service":[],"SoftwareApplication":[],"WebPage":[]},"graphName":"","isEnabled":true},"graphs":[],"defaultGraph":"","defaultPostTypeGraph":""},"schema_type":null,"schema_type_options":null,"pillar_content":false,"robots_default":true,"robots_noindex":false,"robots_noarchive":false,"robots_nosnippet":false,"robots_nofollow":false,"robots_noimageindex":false,"robots_noodp":false,"robots_notranslate":false,"robots_max_snippet":null,"robots_max_videopreview":null,"robots_max_imagepreview":"large","priority":null,"frequency":null,"local_seo":null,"seo_analyzer_scan_date":"2025-10-08 01:52:13","breadcrumb_settings":null,"limit_modified_date":false,"open_ai":null,"ai":null,"created":"2020-12-21 12:09:40","updated":"2025-10-08 01:52:13","focus_keyword":null,"additional_keywords":null,"truseo_locale":null},"aioseo_breadcrumb":"<div class=\"aioseo-breadcrumbs\"><span class=\"aioseo-breadcrumb\">\n\t<a href=\"https:\/\/www.eldigitaldeasturias.com\/noticias\" title=\"Home\">Home<\/a>\n<\/span><span class=\"aioseo-breadcrumb-separator\">\u2013<\/span><span class=\"aioseo-breadcrumb\">\n\t<a href=\"https:\/\/www.eldigitaldeasturias.com\/noticias\/category\/actualidad\/\" title=\"Actualidad\">Actualidad<\/a>\n<\/span><span class=\"aioseo-breadcrumb-separator\">\u2013<\/span><span class=\"aioseo-breadcrumb\">\n\t<a href=\"https:\/\/www.eldigitaldeasturias.com\/noticias\/carmen-calvo-no-podemos-aceptar-esta-mirada-sobre-espana\/\" title=\"Carmen Calvo: \u00abNo podemos aceptar esta mirada sobre Espa\u00f1a\u00bb\">Carmen Calvo: \u00abNo podemos aceptar esta mirada sobre Espa\u00f1a\u00bb<\/a>\n<\/span><\/div>","aioseo_breadcrumb_json":[{"label":"Home","link":"https:\/\/www.eldigitaldeasturias.com\/noticias"},{"label":"Actualidad","link":"https:\/\/www.eldigitaldeasturias.com\/noticias\/category\/actualidad\/"},{"label":"Carmen Calvo: \u00abNo podemos aceptar esta mirada sobre Espa\u00f1a\u00bb","link":"https:\/\/www.eldigitaldeasturias.com\/noticias\/carmen-calvo-no-podemos-aceptar-esta-mirada-sobre-espana\/"}],"_links":{"self":[{"href":"https:\/\/www.eldigitaldeasturias.com\/noticias\/wp-json\/wp\/v2\/posts\/975958","targetHints":{"allow":["GET"]}}],"collection":[{"href":"https:\/\/www.eldigitaldeasturias.com\/noticias\/wp-json\/wp\/v2\/posts"}],"about":[{"href":"https:\/\/www.eldigitaldeasturias.com\/noticias\/wp-json\/wp\/v2\/types\/post"}],"author":[{"embeddable":true,"href":"https:\/\/www.eldigitaldeasturias.com\/noticias\/wp-json\/wp\/v2\/users\/1"}],"replies":[{"embeddable":true,"href":"https:\/\/www.eldigitaldeasturias.com\/noticias\/wp-json\/wp\/v2\/comments?post=975958"}],"version-history":[{"count":0,"href":"https:\/\/www.eldigitaldeasturias.com\/noticias\/wp-json\/wp\/v2\/posts\/975958\/revisions"}],"wp:attachment":[{"href":"https:\/\/www.eldigitaldeasturias.com\/noticias\/wp-json\/wp\/v2\/media?parent=975958"}],"wp:term":[{"taxonomy":"category","embeddable":true,"href":"https:\/\/www.eldigitaldeasturias.com\/noticias\/wp-json\/wp\/v2\/categories?post=975958"},{"taxonomy":"post_tag","embeddable":true,"href":"https:\/\/www.eldigitaldeasturias.com\/noticias\/wp-json\/wp\/v2\/tags?post=975958"}],"curies":[{"name":"wp","href":"https:\/\/api.w.org\/{rel}","templated":true}]}}