{"id":975947,"date":"2018-04-13T21:50:49","date_gmt":"2018-04-13T21:50:49","guid":{"rendered":"http:\/\/www.eldigitaldeasturias.com\/noticias\/?p=975947"},"modified":"2018-04-13T21:50:49","modified_gmt":"2018-04-13T21:50:49","slug":"jose-luis-abalos-pide-a-ciudadanos-un-voto-por-la-decencia","status":"publish","type":"post","link":"https:\/\/www.eldigitaldeasturias.com\/noticias\/jose-luis-abalos-pide-a-ciudadanos-un-voto-por-la-decencia\/","title":{"rendered":"Jos\u00e9 Luis \u00c1balos pide a Ciudadanos \u201cun voto por la decencia\u201d"},"content":{"rendered":"<p><img loading=\"lazy\" decoding=\"async\" class=\"alignleft size-medium wp-image-975948\" src=\"https:\/\/www.eldigitaldeasturias.com\/noticias\/wp-content\/uploads\/2018\/04\/\u00c4balos-rueda-prensa-1024x475-360x167.jpeg\" alt=\"\" width=\"360\" height=\"167\" \/>El secretario de Organizaci\u00f3n, <strong>Jos\u00e9 Luis \u00c1balos<\/strong>, apel\u00f3 hoy a Ciudadanos para que \u201capoye la moci\u00f3n de censura\u201d contra Cristina Cifuentes planteada por el Partido Socialista o, en cualquier caso, que Rivera \u201cd\u00e9 libertad de voto\u201d a sus diputados en la Asamblea de Madrid, \u201cporque har\u00eda falta solo que un diputado o diputada que no soporte esta indecencia aporte un voto al cambio higi\u00e9nico, regenerador y democr\u00e1tico en la Comunidad de Madrid\u201d.<\/p>\n<p>En rueda de prensa en Ferraz, \u00c1balos pidi\u00f3 a Ciudadanos que deje su posici\u00f3n \u201ctacticista\u201d y \u201cvacilante\u201d y le record\u00f3 que \u201chay momentos en que la \u00e9tica de la responsabilidad debe superar a las afinidades ideol\u00f3gicas y este es un caso de emergencia democr\u00e1tica en la Comunidad de Madrid\u201d.<\/p>\n<p>\u201cEl problema de Cifuentes es que vino a representar la hipot\u00e9tica regeneraci\u00f3n del PP\u201d, reconociendo que \u201cen el seno del PP en la Comunidad de Madrid hab\u00eda habido demasiada corrupci\u00f3n\u201d, pero \u201cha fracasado en ese prop\u00f3sito regenerador\u201d. A su juicio, ese fracaso de Cifuentes y del PP en Madrid para poner fin a la corrupci\u00f3n \u201ces tambi\u00e9n un fracaso de Ciudadanos, porque \u201cese era un prop\u00f3sito compartido\u201d como se recog\u00eda en su acuerdo de gobierno.<\/p>\n<p>As\u00ed, \u00c1balos se\u00f1al\u00f3 que la moci\u00f3n de censura planteada por los socialistas no se vincula exclusivamente al caso del m\u00e1ster, \u201cque pod\u00eda ser casi anecd\u00f3tico\u201d, sino que hay que encadenarlo a todo lo que ha sucedido en la Comunidad de Madrid desde el \u201cgolpe democr\u00e1tico de 2003\u201d y a partir de ah\u00ed con Aguirre, Ignacio Gonz\u00e1lez, o el caso Granados, mientras pasaban por esta comunidad todos los casos de corrupci\u00f3n conocidos: Lezo, P\u00fanica, G\u00fcrtel\u2026<\/p>\n<p>Asimismo, el dirigente socialista ha celebrado que \u201cpor fin alguien haya tomado decisiones\u201d, en relaci\u00f3n con la decisi\u00f3n de la Universidad Rey Juan Carlos de suspender de sus funciones al responsable del m\u00e1ster, abrir expediente administrativo a la funcionaria que supuestamente manipul\u00f3 las actas y encargar una auditor\u00eda sobre la gesti\u00f3n de estos t\u00edtulos.<\/p>\n<p><strong>Catalu\u00f1a<\/strong><\/p>\n<p>\u00c1balos se ha referido tambi\u00e9n a la querella contra el juez Llanera interpuesta por la Mesa del Parlament, y tras calificarla de \u201ctotalmente desafortunada\u201d, ha se\u00f1alado que los socialistas \u201cno vamos a plantear ninguna duda sobre el funcionamiento de la Justicia\u201d, \u201cni a participar en ning\u00fan chantaje al Estado de Derecho que puedan hacer los independentistas\u201d. En su opini\u00f3n, la propuesta de Torrent responde a su decisi\u00f3n de \u201cseguir jugando con la Justicia\u201d.<\/p>\n<p>El secretario de Organizaci\u00f3n ha lamentado \u201cla persistencia en plantear candidatos inviables\u201d por parte de sectores independentistas que \u201cno asumen la legalidad, ni la vuelta a la normalidad y a recuperar el autogobierno\u201d, con la intenci\u00f3n de \u201cgenerar un conflicto permanente con la cuesti\u00f3n territorial\u201d. \u201cUna l\u00ednea que es la que se va imponiendo\u201d -en detrimento de otra defensora de una salida \u201crealista\u201d o \u201cviable\u201d- y \u201ces la que defiende Puigdemont, cuya estrategia es ir a nuevas elecciones\u201d; un escenario al que \u201clamentablemente nos estamos viendo abocados\u201d.<\/p>\n<p>A continuaci\u00f3n, \u00c1balos ha criticado \u201cla colaboraci\u00f3n, aunque sea pasiva\u201d, por un lado del Gobierno, que \u201cha abandonado toda iniciativa pol\u00edtica y carece de toda interlocuci\u00f3n\u201d con los independentistas, y por otro de Ciudadanos, \u201cel partido que gan\u00f3 las elecciones, que concentr\u00f3 un buen apoyo para que el independentismo tuviera una respuesta\u201d, pero que \u201cno se sabe qu\u00e9 ha hecho con toda esa expectativa, ni qu\u00e9 ha liderado, pues ha estado en permanente silencio\u201d. En este punto, ha apelado a la \u201cresponsabilidad\u201d de la formaci\u00f3n naranja que a su juicio \u201cdeber\u00eda haber intentado liderar\u201d al \u201cbloque legalista\u201d, por lo que, \u201cal final, quienes han ganado las elecciones en Catalu\u00f1a no ha hecho sino decepcionar\u201d.<\/p>\n<p><strong>PSPV<\/strong><\/p>\n<p>Preguntado por la supuesta financiaci\u00f3n irregular del PSPV, \u00c1balos remarc\u00f3 que el PSOE conf\u00eda en que la comisi\u00f3n de investigaci\u00f3n que han abierto los socialistas valencianos aclare los hechos y, por lo tanto, est\u00e1n a la espera de sus conclusiones.<\/p>\n<p>Respecto al auto del Juzgado de Instrucci\u00f3n de Valencia que se ha hecho p\u00fablico hoy, asegur\u00f3 que este auto\u00b7 \u201cdesmiente\u201d una supuesta financiaci\u00f3n irregular del PSPV, porque dice claramente que \u201cno ve vinculaci\u00f3n entre unos casos y otros, y porque la propia inhibici\u00f3n del juzgado son sede en Valencia determina que no la hay, ya que si la hubiera ser\u00eda competente el juzgado de Valencia, porque la sede del PSPV est\u00e1 en Valencia\u201d.<\/p>\n<p>\u201cLo que hace este auto es que parece que no hay trama, porque los hechos no est\u00e1n concatenados y que no hay financiaci\u00f3n ilegal, bien porque en ese momento no exist\u00eda esta figura o bien por el mero transcurso del tiempo\u201d.<\/p>\n<p>&nbsp;<\/p>\n","protected":false},"excerpt":{"rendered":"<p>El secretario de Organizaci\u00f3n, Jos\u00e9 Luis \u00c1balos, apel\u00f3 hoy a Ciudadanos para que \u201capoye la moci\u00f3n de censura\u201d contra Cristina Cifuentes planteada por el Partido Socialista o, en cualquier caso, que Rivera \u201cd\u00e9 libertad de voto\u201d a sus diputados en la Asamblea de Madrid, \u201cporque har\u00eda falta solo que un diputado o diputada que no [&hellip;]<\/p>\n","protected":false},"author":1,"featured_media":975948,"comment_status":"closed","ping_status":"closed","sticky":false,"template":"","format":"standard","meta":{"footnotes":""},"categories":[1],"tags":[],"class_list":["post-975947","post","type-post","status-publish","format-standard","has-post-thumbnail","hentry","category-actualidad"],"aioseo_notices":[],"aioseo_head":"\n\t\t<!-- All in One SEO Pro 5.0.1 - aioseo.com -->\n\t<meta name=\"description\" content=\"El secretario de Organizaci\u00f3n, Jos\u00e9 Luis \u00c1balos, apel\u00f3 hoy a Ciudadanos para que \u201capoye la moci\u00f3n de censura\u201d contra Cristina Cifuentes planteada por el Partido Socialista o, en cualquier caso, que Rivera \u201cd\u00e9 libertad de voto\u201d a sus diputados en la Asamblea de Madrid, \u201cporque har\u00eda falta solo que un diputado o diputada que no\" \/>\n\t<meta name=\"robots\" content=\"max-image-preview:large\" \/>\n\t<meta name=\"author\" content=\"El Digital de Asturias\"\/>\n\t<meta name=\"google-site-verification\" content=\"UA-38556648-1\" \/>\n\t<meta name=\"msvalidate.01\" content=\"7dfe9f3f1b24437ab69f4f2559babe99\" \/>\n\t<meta name=\"keywords\" content=\"actualidad\" \/>\n\t<link rel=\"canonical\" href=\"https:\/\/www.eldigitaldeasturias.com\/noticias\/jose-luis-abalos-pide-a-ciudadanos-un-voto-por-la-decencia\/\" \/>\n\t<meta name=\"generator\" content=\"All in One SEO Pro (AIOSEO) 5.0.1\" \/>\n\t\t<meta property=\"og:locale\" content=\"es_ES\" \/>\n\t\t<meta property=\"og:site_name\" content=\"El Digital de Asturias\" \/>\n\t\t<meta property=\"og:type\" content=\"article\" \/>\n\t\t<meta property=\"og:title\" content=\"Jos\u00e9 Luis \u00c1balos pide a Ciudadanos \u201cun voto por la decencia\u201d - El Digital de Asturias\" \/>\n\t\t<meta property=\"og:description\" content=\"El secretario de Organizaci\u00f3n, Jos\u00e9 Luis \u00c1balos, apel\u00f3 hoy a Ciudadanos para que \u201capoye la moci\u00f3n de censura\u201d contra Cristina Cifuentes planteada por el Partido Socialista o, en cualquier caso, que Rivera \u201cd\u00e9 libertad de voto\u201d a sus diputados en la Asamblea de Madrid, \u201cporque har\u00eda falta solo que un diputado o diputada que no\" \/>\n\t\t<meta property=\"og:url\" content=\"https:\/\/www.eldigitaldeasturias.com\/noticias\/jose-luis-abalos-pide-a-ciudadanos-un-voto-por-la-decencia\/\" \/>\n\t\t<meta property=\"article:tag\" content=\"actualidad\" \/>\n\t\t<meta property=\"article:published_time\" content=\"2018-04-13T21:50:49+00:00\" \/>\n\t\t<meta property=\"article:modified_time\" content=\"2018-04-13T21:50:49+00:00\" \/>\n\t\t<meta property=\"article:publisher\" content=\"https:\/\/facebook.com\/eldigitaldeasturias\" \/>\n\t\t<meta name=\"twitter:card\" content=\"summary_large_image\" \/>\n\t\t<meta name=\"twitter:title\" content=\"Jos\u00e9 Luis \u00c1balos pide a Ciudadanos \u201cun voto por la decencia\u201d - El Digital de Asturias\" \/>\n\t\t<meta name=\"twitter:description\" content=\"El secretario de Organizaci\u00f3n, Jos\u00e9 Luis \u00c1balos, apel\u00f3 hoy a Ciudadanos para que \u201capoye la moci\u00f3n de censura\u201d contra Cristina Cifuentes planteada por el Partido Socialista o, en cualquier caso, que Rivera \u201cd\u00e9 libertad de voto\u201d a sus diputados en la Asamblea de Madrid, \u201cporque har\u00eda falta solo que un diputado o diputada que no\" \/>\n\t\t<meta name=\"twitter:image\" content=\"https:\/\/www.eldigitaldeasturias.com\/noticias\/wp-content\/uploads\/2020\/12\/EDA-1.jpg\" \/>\n\t\t<meta name=\"twitter:label1\" content=\"Escrito por\" \/>\n\t\t<meta name=\"twitter:data1\" content=\"El Digital de Asturias\" \/>\n\t\t<meta name=\"twitter:label2\" content=\"Tiempo de lectura estimado\" \/>\n\t\t<meta name=\"twitter:data2\" content=\"4 minutos\" \/>\n\t\t<script type=\"application\/ld+json\" class=\"aioseo-schema\">\n\t\t\t{\"@context\":\"https:\\\/\\\/schema.org\",\"@graph\":[{\"@type\":\"BlogPosting\",\"@id\":\"https:\\\/\\\/www.eldigitaldeasturias.com\\\/noticias\\\/jose-luis-abalos-pide-a-ciudadanos-un-voto-por-la-decencia\\\/#blogposting\",\"name\":\"Jos\\u00e9 Luis \\u00c1balos pide a Ciudadanos \\u201cun voto por la decencia\\u201d - El Digital de Asturias\",\"headline\":\"Jos\\u00e9 Luis \\u00c1balos pide a Ciudadanos \\u201cun voto por la decencia\\u201d\",\"author\":{\"@id\":\"https:\\\/\\\/www.eldigitaldeasturias.com\\\/noticias\\\/author\\\/admin\\\/#author\"},\"publisher\":{\"@id\":\"https:\\\/\\\/www.eldigitaldeasturias.com\\\/noticias\\\/#organization\"},\"image\":{\"@type\":\"ImageObject\",\"url\":975948},\"datePublished\":\"2018-04-13T21:50:49+02:00\",\"dateModified\":\"2018-04-13T21:50:49+02:00\",\"inLanguage\":\"es-ES\",\"mainEntityOfPage\":{\"@id\":\"https:\\\/\\\/www.eldigitaldeasturias.com\\\/noticias\\\/jose-luis-abalos-pide-a-ciudadanos-un-voto-por-la-decencia\\\/#webpage\"},\"isPartOf\":{\"@id\":\"https:\\\/\\\/www.eldigitaldeasturias.com\\\/noticias\\\/jose-luis-abalos-pide-a-ciudadanos-un-voto-por-la-decencia\\\/#webpage\"},\"articleSection\":\"Actualidad\"},{\"@type\":\"BreadcrumbList\",\"@id\":\"https:\\\/\\\/www.eldigitaldeasturias.com\\\/noticias\\\/jose-luis-abalos-pide-a-ciudadanos-un-voto-por-la-decencia\\\/#breadcrumblist\",\"itemListElement\":[{\"@type\":\"ListItem\",\"@id\":\"https:\\\/\\\/www.eldigitaldeasturias.com\\\/noticias#listItem\",\"position\":1,\"name\":\"Home\",\"item\":\"https:\\\/\\\/www.eldigitaldeasturias.com\\\/noticias\",\"nextItem\":{\"@type\":\"ListItem\",\"@id\":\"https:\\\/\\\/www.eldigitaldeasturias.com\\\/noticias\\\/category\\\/actualidad\\\/#listItem\",\"name\":\"Actualidad\"}},{\"@type\":\"ListItem\",\"@id\":\"https:\\\/\\\/www.eldigitaldeasturias.com\\\/noticias\\\/category\\\/actualidad\\\/#listItem\",\"position\":2,\"name\":\"Actualidad\",\"item\":\"https:\\\/\\\/www.eldigitaldeasturias.com\\\/noticias\\\/category\\\/actualidad\\\/\",\"nextItem\":{\"@type\":\"ListItem\",\"@id\":\"https:\\\/\\\/www.eldigitaldeasturias.com\\\/noticias\\\/jose-luis-abalos-pide-a-ciudadanos-un-voto-por-la-decencia\\\/#listItem\",\"name\":\"Jos\\u00e9 Luis \\u00c1balos pide a Ciudadanos \\u201cun voto por la decencia\\u201d\"},\"previousItem\":{\"@type\":\"ListItem\",\"@id\":\"https:\\\/\\\/www.eldigitaldeasturias.com\\\/noticias#listItem\",\"name\":\"Home\"}},{\"@type\":\"ListItem\",\"@id\":\"https:\\\/\\\/www.eldigitaldeasturias.com\\\/noticias\\\/jose-luis-abalos-pide-a-ciudadanos-un-voto-por-la-decencia\\\/#listItem\",\"position\":3,\"name\":\"Jos\\u00e9 Luis \\u00c1balos pide a Ciudadanos \\u201cun voto por la decencia\\u201d\",\"previousItem\":{\"@type\":\"ListItem\",\"@id\":\"https:\\\/\\\/www.eldigitaldeasturias.com\\\/noticias\\\/category\\\/actualidad\\\/#listItem\",\"name\":\"Actualidad\"}}]},{\"@type\":\"Organization\",\"@id\":\"https:\\\/\\\/www.eldigitaldeasturias.com\\\/noticias\\\/#organization\",\"name\":\"El Digital de Asturias\",\"description\":\"Hemeroteca\",\"url\":\"https:\\\/\\\/www.eldigitaldeasturias.com\\\/noticias\\\/\",\"email\":\"info@eldigitaldeasturias.com\",\"telephone\":\"+34652131393\",\"logo\":{\"@type\":\"ImageObject\",\"url\":\"https:\\\/\\\/www.eldigitaldeasturias.com\\\/noticias\\\/wp-content\\\/uploads\\\/2020\\\/12\\\/EDA.jpg\",\"@id\":\"https:\\\/\\\/www.eldigitaldeasturias.com\\\/noticias\\\/jose-luis-abalos-pide-a-ciudadanos-un-voto-por-la-decencia\\\/#organizationLogo\"},\"image\":{\"@id\":\"https:\\\/\\\/www.eldigitaldeasturias.com\\\/noticias\\\/jose-luis-abalos-pide-a-ciudadanos-un-voto-por-la-decencia\\\/#organizationLogo\"},\"sameAs\":[\"https:\\\/\\\/facebook.com\\\/eldigitaldeasturias\",\"https:\\\/\\\/www.youtube.com\\\/channel\\\/UCZP-2wLEB9Rv6erhFmqVnvg\"],\"address\":{\"@id\":\"https:\\\/\\\/www.eldigitaldeasturias.com\\\/noticias\\\/#postaladdress\",\"@type\":\"PostalAddress\",\"streetAddress\":\"san antonio 4\",\"postalCode\":\"33430\",\"addressLocality\":\"Cand\\u00e1s\",\"addressRegion\":\"Asturias\",\"addressCountry\":\"ES\"}},{\"@type\":\"Person\",\"@id\":\"https:\\\/\\\/www.eldigitaldeasturias.com\\\/noticias\\\/author\\\/admin\\\/#author\",\"url\":\"https:\\\/\\\/www.eldigitaldeasturias.com\\\/noticias\\\/author\\\/admin\\\/\",\"name\":\"El Digital de Asturias\",\"image\":{\"@type\":\"ImageObject\",\"@id\":\"https:\\\/\\\/www.eldigitaldeasturias.com\\\/noticias\\\/jose-luis-abalos-pide-a-ciudadanos-un-voto-por-la-decencia\\\/#authorImage\",\"url\":\"https:\\\/\\\/secure.gravatar.com\\\/avatar\\\/df2aeffc32bcd13f8d26072ef8a91b623d677766deac7f97ca815868cd41bf5e?s=96&d=mm&r=g\",\"width\":96,\"height\":96,\"caption\":\"El Digital de Asturias\"}},{\"@type\":\"WebPage\",\"@id\":\"https:\\\/\\\/www.eldigitaldeasturias.com\\\/noticias\\\/jose-luis-abalos-pide-a-ciudadanos-un-voto-por-la-decencia\\\/#webpage\",\"url\":\"https:\\\/\\\/www.eldigitaldeasturias.com\\\/noticias\\\/jose-luis-abalos-pide-a-ciudadanos-un-voto-por-la-decencia\\\/\",\"name\":\"Jos\\u00e9 Luis \\u00c1balos pide a Ciudadanos \\u201cun voto por la decencia\\u201d - El Digital de Asturias\",\"description\":\"El secretario de Organizaci\\u00f3n, Jos\\u00e9 Luis \\u00c1balos, apel\\u00f3 hoy a Ciudadanos para que \\u201capoye la moci\\u00f3n de censura\\u201d contra Cristina Cifuentes planteada por el Partido Socialista o, en cualquier caso, que Rivera \\u201cd\\u00e9 libertad de voto\\u201d a sus diputados en la Asamblea de Madrid, \\u201cporque har\\u00eda falta solo que un diputado o diputada que no\",\"inLanguage\":\"es-ES\",\"isPartOf\":{\"@id\":\"https:\\\/\\\/www.eldigitaldeasturias.com\\\/noticias\\\/#website\"},\"breadcrumb\":{\"@id\":\"https:\\\/\\\/www.eldigitaldeasturias.com\\\/noticias\\\/jose-luis-abalos-pide-a-ciudadanos-un-voto-por-la-decencia\\\/#breadcrumblist\"},\"author\":{\"@id\":\"https:\\\/\\\/www.eldigitaldeasturias.com\\\/noticias\\\/author\\\/admin\\\/#author\"},\"creator\":{\"@id\":\"https:\\\/\\\/www.eldigitaldeasturias.com\\\/noticias\\\/author\\\/admin\\\/#author\"},\"image\":{\"@type\":\"ImageObject\",\"url\":975948,\"@id\":\"https:\\\/\\\/www.eldigitaldeasturias.com\\\/noticias\\\/jose-luis-abalos-pide-a-ciudadanos-un-voto-por-la-decencia\\\/#mainImage\"},\"primaryImageOfPage\":{\"@id\":\"https:\\\/\\\/www.eldigitaldeasturias.com\\\/noticias\\\/jose-luis-abalos-pide-a-ciudadanos-un-voto-por-la-decencia\\\/#mainImage\"},\"datePublished\":\"2018-04-13T21:50:49+02:00\",\"dateModified\":\"2018-04-13T21:50:49+02:00\"},{\"@type\":\"WebSite\",\"@id\":\"https:\\\/\\\/www.eldigitaldeasturias.com\\\/noticias\\\/#website\",\"url\":\"https:\\\/\\\/www.eldigitaldeasturias.com\\\/noticias\\\/\",\"name\":\"El Digital de Asturias - Diario de actualidad y noticias\",\"alternateName\":\"El Digital de Asturias - Diario de actualidad y noticias\",\"description\":\"Hemeroteca\",\"inLanguage\":\"es-ES\",\"publisher\":{\"@id\":\"https:\\\/\\\/www.eldigitaldeasturias.com\\\/noticias\\\/#organization\"}}]}\n\t\t<\/script>\n\t\t<!-- All in One SEO Pro -->\r\n\t\t<title>Jos\u00e9 Luis \u00c1balos pide a Ciudadanos \u201cun voto por la decencia\u201d - El Digital de Asturias<\/title>\n\n","aioseo_head_json":{"title":"Jos\u00e9 Luis \u00c1balos pide a Ciudadanos \u201cun voto por la decencia\u201d - El Digital de Asturias","description":"El secretario de Organizaci\u00f3n, Jos\u00e9 Luis \u00c1balos, apel\u00f3 hoy a Ciudadanos para que \u201capoye la moci\u00f3n de censura\u201d contra Cristina Cifuentes planteada por el Partido Socialista o, en cualquier caso, que Rivera \u201cd\u00e9 libertad de voto\u201d a sus diputados en la Asamblea de Madrid, \u201cporque har\u00eda falta solo que un diputado o diputada que no","canonical_url":"https:\/\/www.eldigitaldeasturias.com\/noticias\/jose-luis-abalos-pide-a-ciudadanos-un-voto-por-la-decencia\/","robots":"max-image-preview:large","keywords":"actualidad","webmasterTools":{"google-site-verification":"UA-38556648-1","msvalidate.01":"7dfe9f3f1b24437ab69f4f2559babe99","miscellaneous":""},"schema":{"@context":"https:\/\/schema.org","@graph":[{"@type":"BlogPosting","@id":"https:\/\/www.eldigitaldeasturias.com\/noticias\/jose-luis-abalos-pide-a-ciudadanos-un-voto-por-la-decencia\/#blogposting","name":"Jos\u00e9 Luis \u00c1balos pide a Ciudadanos \u201cun voto por la decencia\u201d - El Digital de Asturias","headline":"Jos\u00e9 Luis \u00c1balos pide a Ciudadanos \u201cun voto por la decencia\u201d","author":{"@id":"https:\/\/www.eldigitaldeasturias.com\/noticias\/author\/admin\/#author"},"publisher":{"@id":"https:\/\/www.eldigitaldeasturias.com\/noticias\/#organization"},"image":{"@type":"ImageObject","url":975948},"datePublished":"2018-04-13T21:50:49+02:00","dateModified":"2018-04-13T21:50:49+02:00","inLanguage":"es-ES","mainEntityOfPage":{"@id":"https:\/\/www.eldigitaldeasturias.com\/noticias\/jose-luis-abalos-pide-a-ciudadanos-un-voto-por-la-decencia\/#webpage"},"isPartOf":{"@id":"https:\/\/www.eldigitaldeasturias.com\/noticias\/jose-luis-abalos-pide-a-ciudadanos-un-voto-por-la-decencia\/#webpage"},"articleSection":"Actualidad"},{"@type":"BreadcrumbList","@id":"https:\/\/www.eldigitaldeasturias.com\/noticias\/jose-luis-abalos-pide-a-ciudadanos-un-voto-por-la-decencia\/#breadcrumblist","itemListElement":[{"@type":"ListItem","@id":"https:\/\/www.eldigitaldeasturias.com\/noticias#listItem","position":1,"name":"Home","item":"https:\/\/www.eldigitaldeasturias.com\/noticias","nextItem":{"@type":"ListItem","@id":"https:\/\/www.eldigitaldeasturias.com\/noticias\/category\/actualidad\/#listItem","name":"Actualidad"}},{"@type":"ListItem","@id":"https:\/\/www.eldigitaldeasturias.com\/noticias\/category\/actualidad\/#listItem","position":2,"name":"Actualidad","item":"https:\/\/www.eldigitaldeasturias.com\/noticias\/category\/actualidad\/","nextItem":{"@type":"ListItem","@id":"https:\/\/www.eldigitaldeasturias.com\/noticias\/jose-luis-abalos-pide-a-ciudadanos-un-voto-por-la-decencia\/#listItem","name":"Jos\u00e9 Luis \u00c1balos pide a Ciudadanos \u201cun voto por la decencia\u201d"},"previousItem":{"@type":"ListItem","@id":"https:\/\/www.eldigitaldeasturias.com\/noticias#listItem","name":"Home"}},{"@type":"ListItem","@id":"https:\/\/www.eldigitaldeasturias.com\/noticias\/jose-luis-abalos-pide-a-ciudadanos-un-voto-por-la-decencia\/#listItem","position":3,"name":"Jos\u00e9 Luis \u00c1balos pide a Ciudadanos \u201cun voto por la decencia\u201d","previousItem":{"@type":"ListItem","@id":"https:\/\/www.eldigitaldeasturias.com\/noticias\/category\/actualidad\/#listItem","name":"Actualidad"}}]},{"@type":"Organization","@id":"https:\/\/www.eldigitaldeasturias.com\/noticias\/#organization","name":"El Digital de Asturias","description":"Hemeroteca","url":"https:\/\/www.eldigitaldeasturias.com\/noticias\/","email":"info@eldigitaldeasturias.com","telephone":"+34652131393","logo":{"@type":"ImageObject","url":"https:\/\/www.eldigitaldeasturias.com\/noticias\/wp-content\/uploads\/2020\/12\/EDA.jpg","@id":"https:\/\/www.eldigitaldeasturias.com\/noticias\/jose-luis-abalos-pide-a-ciudadanos-un-voto-por-la-decencia\/#organizationLogo"},"image":{"@id":"https:\/\/www.eldigitaldeasturias.com\/noticias\/jose-luis-abalos-pide-a-ciudadanos-un-voto-por-la-decencia\/#organizationLogo"},"sameAs":["https:\/\/facebook.com\/eldigitaldeasturias","https:\/\/www.youtube.com\/channel\/UCZP-2wLEB9Rv6erhFmqVnvg"],"address":{"@id":"https:\/\/www.eldigitaldeasturias.com\/noticias\/#postaladdress","@type":"PostalAddress","streetAddress":"san antonio 4","postalCode":"33430","addressLocality":"Cand\u00e1s","addressRegion":"Asturias","addressCountry":"ES"}},{"@type":"Person","@id":"https:\/\/www.eldigitaldeasturias.com\/noticias\/author\/admin\/#author","url":"https:\/\/www.eldigitaldeasturias.com\/noticias\/author\/admin\/","name":"El Digital de Asturias","image":{"@type":"ImageObject","@id":"https:\/\/www.eldigitaldeasturias.com\/noticias\/jose-luis-abalos-pide-a-ciudadanos-un-voto-por-la-decencia\/#authorImage","url":"https:\/\/secure.gravatar.com\/avatar\/df2aeffc32bcd13f8d26072ef8a91b623d677766deac7f97ca815868cd41bf5e?s=96&d=mm&r=g","width":96,"height":96,"caption":"El Digital de Asturias"}},{"@type":"WebPage","@id":"https:\/\/www.eldigitaldeasturias.com\/noticias\/jose-luis-abalos-pide-a-ciudadanos-un-voto-por-la-decencia\/#webpage","url":"https:\/\/www.eldigitaldeasturias.com\/noticias\/jose-luis-abalos-pide-a-ciudadanos-un-voto-por-la-decencia\/","name":"Jos\u00e9 Luis \u00c1balos pide a Ciudadanos \u201cun voto por la decencia\u201d - El Digital de Asturias","description":"El secretario de Organizaci\u00f3n, Jos\u00e9 Luis \u00c1balos, apel\u00f3 hoy a Ciudadanos para que \u201capoye la moci\u00f3n de censura\u201d contra Cristina Cifuentes planteada por el Partido Socialista o, en cualquier caso, que Rivera \u201cd\u00e9 libertad de voto\u201d a sus diputados en la Asamblea de Madrid, \u201cporque har\u00eda falta solo que un diputado o diputada que no","inLanguage":"es-ES","isPartOf":{"@id":"https:\/\/www.eldigitaldeasturias.com\/noticias\/#website"},"breadcrumb":{"@id":"https:\/\/www.eldigitaldeasturias.com\/noticias\/jose-luis-abalos-pide-a-ciudadanos-un-voto-por-la-decencia\/#breadcrumblist"},"author":{"@id":"https:\/\/www.eldigitaldeasturias.com\/noticias\/author\/admin\/#author"},"creator":{"@id":"https:\/\/www.eldigitaldeasturias.com\/noticias\/author\/admin\/#author"},"image":{"@type":"ImageObject","url":975948,"@id":"https:\/\/www.eldigitaldeasturias.com\/noticias\/jose-luis-abalos-pide-a-ciudadanos-un-voto-por-la-decencia\/#mainImage"},"primaryImageOfPage":{"@id":"https:\/\/www.eldigitaldeasturias.com\/noticias\/jose-luis-abalos-pide-a-ciudadanos-un-voto-por-la-decencia\/#mainImage"},"datePublished":"2018-04-13T21:50:49+02:00","dateModified":"2018-04-13T21:50:49+02:00"},{"@type":"WebSite","@id":"https:\/\/www.eldigitaldeasturias.com\/noticias\/#website","url":"https:\/\/www.eldigitaldeasturias.com\/noticias\/","name":"El Digital de Asturias - Diario de actualidad y noticias","alternateName":"El Digital de Asturias - Diario de actualidad y noticias","description":"Hemeroteca","inLanguage":"es-ES","publisher":{"@id":"https:\/\/www.eldigitaldeasturias.com\/noticias\/#organization"}}]},"og:locale":"es_ES","og:site_name":"El Digital de Asturias","og:type":"article","og:title":"Jos\u00e9 Luis \u00c1balos pide a Ciudadanos \u201cun voto por la decencia\u201d - El Digital de Asturias","og:description":"El secretario de Organizaci\u00f3n, Jos\u00e9 Luis \u00c1balos, apel\u00f3 hoy a Ciudadanos para que \u201capoye la moci\u00f3n de censura\u201d contra Cristina Cifuentes planteada por el Partido Socialista o, en cualquier caso, que Rivera \u201cd\u00e9 libertad de voto\u201d a sus diputados en la Asamblea de Madrid, \u201cporque har\u00eda falta solo que un diputado o diputada que no","og:url":"https:\/\/www.eldigitaldeasturias.com\/noticias\/jose-luis-abalos-pide-a-ciudadanos-un-voto-por-la-decencia\/","article:tag":["actualidad"],"article:published_time":"2018-04-13T21:50:49+00:00","article:modified_time":"2018-04-13T21:50:49+00:00","article:publisher":"https:\/\/facebook.com\/eldigitaldeasturias","twitter:card":"summary_large_image","twitter:title":"Jos\u00e9 Luis \u00c1balos pide a Ciudadanos \u201cun voto por la decencia\u201d - El Digital de Asturias","twitter:description":"El secretario de Organizaci\u00f3n, Jos\u00e9 Luis \u00c1balos, apel\u00f3 hoy a Ciudadanos para que \u201capoye la moci\u00f3n de censura\u201d contra Cristina Cifuentes planteada por el Partido Socialista o, en cualquier caso, que Rivera \u201cd\u00e9 libertad de voto\u201d a sus diputados en la Asamblea de Madrid, \u201cporque har\u00eda falta solo que un diputado o diputada que no","twitter:image":"https:\/\/www.eldigitaldeasturias.com\/noticias\/wp-content\/uploads\/2020\/12\/EDA-1.jpg","twitter:label1":"Escrito por","twitter:data1":"El Digital de Asturias","twitter:label2":"Tiempo de lectura estimado","twitter:data2":"4 minutos"},"aioseo_meta_data":{"post_id":"975947","title":null,"description":null,"keywords":null,"keyphrases":null,"primary_term":null,"canonical_url":null,"og_title":null,"og_description":null,"og_object_type":"default","og_image_type":"default","og_image_url":null,"og_image_width":null,"og_image_height":null,"og_image_custom_url":null,"og_image_custom_fields":null,"og_video":null,"og_custom_url":null,"og_article_section":null,"og_article_tags":null,"twitter_use_og":false,"twitter_card":"default","twitter_image_type":"default","twitter_image_url":null,"twitter_image_custom_url":null,"twitter_image_custom_fields":null,"twitter_title":null,"twitter_description":null,"schema":{"blockGraphs":[],"customGraphs":[],"default":{"data":{"Article":[],"Course":[],"Dataset":[],"FAQPage":[],"Movie":[],"Person":[],"Product":[],"ProductReview":[],"Car":[],"Recipe":[],"Service":[],"SoftwareApplication":[],"WebPage":[]},"graphName":"","isEnabled":true},"graphs":[],"defaultGraph":"","defaultPostTypeGraph":""},"schema_type":null,"schema_type_options":null,"pillar_content":false,"robots_default":true,"robots_noindex":false,"robots_noarchive":false,"robots_nosnippet":false,"robots_nofollow":false,"robots_noimageindex":false,"robots_noodp":false,"robots_notranslate":false,"robots_max_snippet":null,"robots_max_videopreview":null,"robots_max_imagepreview":"large","priority":null,"frequency":null,"local_seo":null,"seo_analyzer_scan_date":"2025-10-08 01:50:24","breadcrumb_settings":null,"limit_modified_date":false,"open_ai":null,"ai":null,"created":"2020-12-21 12:09:40","updated":"2025-10-08 01:50:24","focus_keyword":null,"additional_keywords":null,"truseo_locale":null},"aioseo_breadcrumb":"<div class=\"aioseo-breadcrumbs\"><span class=\"aioseo-breadcrumb\">\n\t<a href=\"https:\/\/www.eldigitaldeasturias.com\/noticias\" title=\"Home\">Home<\/a>\n<\/span><span class=\"aioseo-breadcrumb-separator\">\u2013<\/span><span class=\"aioseo-breadcrumb\">\n\t<a href=\"https:\/\/www.eldigitaldeasturias.com\/noticias\/category\/actualidad\/\" title=\"Actualidad\">Actualidad<\/a>\n<\/span><span class=\"aioseo-breadcrumb-separator\">\u2013<\/span><span class=\"aioseo-breadcrumb\">\n\t<a href=\"https:\/\/www.eldigitaldeasturias.com\/noticias\/jose-luis-abalos-pide-a-ciudadanos-un-voto-por-la-decencia\/\" title=\"Jos\u00e9 Luis \u00c1balos pide a Ciudadanos \u201cun voto por la decencia\u201d\">Jos\u00e9 Luis \u00c1balos pide a Ciudadanos \u201cun voto por la decencia\u201d<\/a>\n<\/span><\/div>","aioseo_breadcrumb_json":[{"label":"Home","link":"https:\/\/www.eldigitaldeasturias.com\/noticias"},{"label":"Actualidad","link":"https:\/\/www.eldigitaldeasturias.com\/noticias\/category\/actualidad\/"},{"label":"Jos\u00e9 Luis \u00c1balos pide a Ciudadanos \u201cun voto por la decencia\u201d","link":"https:\/\/www.eldigitaldeasturias.com\/noticias\/jose-luis-abalos-pide-a-ciudadanos-un-voto-por-la-decencia\/"}],"_links":{"self":[{"href":"https:\/\/www.eldigitaldeasturias.com\/noticias\/wp-json\/wp\/v2\/posts\/975947","targetHints":{"allow":["GET"]}}],"collection":[{"href":"https:\/\/www.eldigitaldeasturias.com\/noticias\/wp-json\/wp\/v2\/posts"}],"about":[{"href":"https:\/\/www.eldigitaldeasturias.com\/noticias\/wp-json\/wp\/v2\/types\/post"}],"author":[{"embeddable":true,"href":"https:\/\/www.eldigitaldeasturias.com\/noticias\/wp-json\/wp\/v2\/users\/1"}],"replies":[{"embeddable":true,"href":"https:\/\/www.eldigitaldeasturias.com\/noticias\/wp-json\/wp\/v2\/comments?post=975947"}],"version-history":[{"count":0,"href":"https:\/\/www.eldigitaldeasturias.com\/noticias\/wp-json\/wp\/v2\/posts\/975947\/revisions"}],"wp:attachment":[{"href":"https:\/\/www.eldigitaldeasturias.com\/noticias\/wp-json\/wp\/v2\/media?parent=975947"}],"wp:term":[{"taxonomy":"category","embeddable":true,"href":"https:\/\/www.eldigitaldeasturias.com\/noticias\/wp-json\/wp\/v2\/categories?post=975947"},{"taxonomy":"post_tag","embeddable":true,"href":"https:\/\/www.eldigitaldeasturias.com\/noticias\/wp-json\/wp\/v2\/tags?post=975947"}],"curies":[{"name":"wp","href":"https:\/\/api.w.org\/{rel}","templated":true}]}}