{"id":975861,"date":"2018-04-13T04:07:14","date_gmt":"2018-04-13T04:07:14","guid":{"rendered":"http:\/\/www.eldigitaldeasturias.com\/noticias\/?p=975861"},"modified":"2018-04-13T04:07:14","modified_gmt":"2018-04-13T04:07:14","slug":"pedro-sanchez-blindar-en-la-constitucion-la-sanidad-como-un-derecho-fundamental","status":"publish","type":"post","link":"https:\/\/www.eldigitaldeasturias.com\/noticias\/pedro-sanchez-blindar-en-la-constitucion-la-sanidad-como-un-derecho-fundamental\/","title":{"rendered":"Pedro S\u00e1nchez: \u201cBlindar en la Constituci\u00f3n la sanidad como un derecho fundamental\u201d"},"content":{"rendered":"<p><img loading=\"lazy\" decoding=\"async\" class=\"alignleft size-medium wp-image-793321\" src=\"https:\/\/www.eldigitaldeasturias.com\/noticias\/wp-content\/uploads\/2015\/07\/pedro-sanchez-360x240.jpg\" alt=\"\" width=\"360\" height=\"240\" \/>El secretario general, Pedro S\u00e1nchez, ha denunciado que \u201calgunos se empe\u00f1an en sacar m\u00e1steres de corrupci\u00f3n y de enga\u00f1o, pero suspenden precisamente las asignaturas que son importantes para los ciudadanos, como son la sanidad p\u00fablica, la educaci\u00f3n p\u00fablica, las pensiones dignas o la igualdad entre hombres y mujeres\u201d, porque \u201cdefienden a los suyos y a lo suyo y no lo de todos\u201d, que es el estado del bienestar.<\/p>\n<p>En un acto en Alzira, donde el Gobierno de Ximo Puig ha recuperado la gesti\u00f3n p\u00fablica de su hospital, S\u00e1nchez ha asegurado que esta ciudad valenciana es \u201cejemplo del compromiso socialista con la sanidad p\u00fablica\u201d, que pasa por \u201cblindar en la Constituci\u00f3n la sanidad como un derecho fundamental\u201d para que \u201cnunca m\u00e1s se vuelva a recortar un derecho que es fundamental para la dignidad de millones de espa\u00f1oles y espa\u00f1olas, sobre todo, de aquellos que menos tienen\u201d.<\/p>\n<p>Tambi\u00e9n se\u00f1al\u00f3 que otro de los compromisos fundamentales del PSOE para \u201crecuperar la gratuidad y la universalidad del sistema de sanidad p\u00fablica\u201d es la derogaci\u00f3n del Real Decreto aprobado por la mayor\u00eda absoluta del PP en 2012, porque \u201csupuso un recorte de la Sanidad P\u00fablica y expuls\u00f3 a 900.000 ciudadanos de la cobertura sanitaria y a 30.000 trabajadores de la Sanidad P\u00fablica y abri\u00f3 las puertas de par en par al copago farmac\u00e9utico de much\u00edsimos medicamentos\u201d.<\/p>\n<p>Durante su intervenci\u00f3n, S\u00e1nchez destac\u00f3 tambi\u00e9n que Alzira es ejemplo del \u201ccompromiso de renovaci\u00f3n del sistema de financiaci\u00f3n auton\u00f3mica\u201d y, en este sentido, se\u00f1al\u00f3 que a lo mejor este Gobierno no quiere dar m\u00e1s recursos a la Comunidad Valenciana a trav\u00e9s del sistema de financiaci\u00f3n auton\u00f3mica \u201cpara evitar que se reviertan muchos hospitales que ahora mismo est\u00e1n en manos privadas al car\u00e1cter p\u00fablico\u201d.<\/p>\n<p>En el acto tambi\u00e9n ha tomado la palabra el presidente de la Generalitat Valenciana, Ximo Puig, y la secretaria general de Alzira, Isabel Aguilar. Por parte de la Comisi\u00f3n Ejecutiva Federal, han asistido el secretario de Organizaci\u00f3n, Jos\u00e9 Luis \u00c1balos, la secretaria de Sanidad y Consumo, Luisa Carcedo, y el secretario de Justicia y Nuevos Derechos, Andr\u00e9s Perell\u00f3.<\/p>\n","protected":false},"excerpt":{"rendered":"<p>El secretario general, Pedro S\u00e1nchez, ha denunciado que \u201calgunos se empe\u00f1an en sacar m\u00e1steres de corrupci\u00f3n y de enga\u00f1o, pero suspenden precisamente las asignaturas que son importantes para los ciudadanos, como son la sanidad p\u00fablica, la educaci\u00f3n p\u00fablica, las pensiones dignas o la igualdad entre hombres y mujeres\u201d, porque \u201cdefienden a los suyos y a [&hellip;]<\/p>\n","protected":false},"author":1,"featured_media":793321,"comment_status":"closed","ping_status":"closed","sticky":false,"template":"","format":"standard","meta":{"footnotes":""},"categories":[1],"tags":[],"class_list":["post-975861","post","type-post","status-publish","format-standard","has-post-thumbnail","hentry","category-actualidad"],"aioseo_notices":[],"aioseo_head":"\n\t\t<!-- All in One SEO Pro 5.0.1 - aioseo.com -->\n\t<meta name=\"description\" content=\"El secretario general, Pedro S\u00e1nchez, ha denunciado que \u201calgunos se empe\u00f1an en sacar m\u00e1steres de corrupci\u00f3n y de enga\u00f1o, pero suspenden precisamente las asignaturas que son importantes para los ciudadanos, como son la sanidad p\u00fablica, la educaci\u00f3n p\u00fablica, las pensiones dignas o la igualdad entre hombres y mujeres\u201d, porque \u201cdefienden a los suyos y a\" \/>\n\t<meta name=\"robots\" content=\"max-image-preview:large\" \/>\n\t<meta name=\"author\" content=\"El Digital de Asturias\"\/>\n\t<meta name=\"google-site-verification\" content=\"UA-38556648-1\" \/>\n\t<meta name=\"msvalidate.01\" content=\"7dfe9f3f1b24437ab69f4f2559babe99\" \/>\n\t<meta name=\"keywords\" content=\"actualidad\" \/>\n\t<link rel=\"canonical\" href=\"https:\/\/www.eldigitaldeasturias.com\/noticias\/pedro-sanchez-blindar-en-la-constitucion-la-sanidad-como-un-derecho-fundamental\/\" \/>\n\t<meta name=\"generator\" content=\"All in One SEO Pro (AIOSEO) 5.0.1\" \/>\n\t\t<meta property=\"og:locale\" content=\"es_ES\" \/>\n\t\t<meta property=\"og:site_name\" content=\"El Digital de Asturias\" \/>\n\t\t<meta property=\"og:type\" content=\"article\" \/>\n\t\t<meta property=\"og:title\" content=\"Pedro S\u00e1nchez: \u201cBlindar en la Constituci\u00f3n la sanidad como un derecho fundamental\u201d - El Digital de Asturias\" \/>\n\t\t<meta property=\"og:description\" content=\"El secretario general, Pedro S\u00e1nchez, ha denunciado que \u201calgunos se empe\u00f1an en sacar m\u00e1steres de corrupci\u00f3n y de enga\u00f1o, pero suspenden precisamente las asignaturas que son importantes para los ciudadanos, como son la sanidad p\u00fablica, la educaci\u00f3n p\u00fablica, las pensiones dignas o la igualdad entre hombres y mujeres\u201d, porque \u201cdefienden a los suyos y a\" \/>\n\t\t<meta property=\"og:url\" content=\"https:\/\/www.eldigitaldeasturias.com\/noticias\/pedro-sanchez-blindar-en-la-constitucion-la-sanidad-como-un-derecho-fundamental\/\" \/>\n\t\t<meta property=\"article:tag\" content=\"actualidad\" \/>\n\t\t<meta property=\"article:published_time\" content=\"2018-04-13T04:07:14+00:00\" \/>\n\t\t<meta property=\"article:modified_time\" content=\"2018-04-13T04:07:14+00:00\" \/>\n\t\t<meta property=\"article:publisher\" content=\"https:\/\/facebook.com\/eldigitaldeasturias\" \/>\n\t\t<meta name=\"twitter:card\" content=\"summary_large_image\" \/>\n\t\t<meta name=\"twitter:title\" content=\"Pedro S\u00e1nchez: \u201cBlindar en la Constituci\u00f3n la sanidad como un derecho fundamental\u201d - El Digital de Asturias\" \/>\n\t\t<meta name=\"twitter:description\" content=\"El secretario general, Pedro S\u00e1nchez, ha denunciado que \u201calgunos se empe\u00f1an en sacar m\u00e1steres de corrupci\u00f3n y de enga\u00f1o, pero suspenden precisamente las asignaturas que son importantes para los ciudadanos, como son la sanidad p\u00fablica, la educaci\u00f3n p\u00fablica, las pensiones dignas o la igualdad entre hombres y mujeres\u201d, porque \u201cdefienden a los suyos y a\" \/>\n\t\t<meta name=\"twitter:image\" content=\"https:\/\/www.eldigitaldeasturias.com\/noticias\/wp-content\/uploads\/2020\/12\/EDA-1.jpg\" \/>\n\t\t<meta name=\"twitter:label1\" content=\"Escrito por\" \/>\n\t\t<meta name=\"twitter:data1\" content=\"El Digital de Asturias\" \/>\n\t\t<meta name=\"twitter:label2\" content=\"Tiempo de lectura estimado\" \/>\n\t\t<meta name=\"twitter:data2\" content=\"2 minutos\" \/>\n\t\t<script type=\"application\/ld+json\" class=\"aioseo-schema\">\n\t\t\t{\"@context\":\"https:\\\/\\\/schema.org\",\"@graph\":[{\"@type\":\"BlogPosting\",\"@id\":\"https:\\\/\\\/www.eldigitaldeasturias.com\\\/noticias\\\/pedro-sanchez-blindar-en-la-constitucion-la-sanidad-como-un-derecho-fundamental\\\/#blogposting\",\"name\":\"Pedro S\\u00e1nchez: \\u201cBlindar en la Constituci\\u00f3n la sanidad como un derecho fundamental\\u201d - El Digital de Asturias\",\"headline\":\"Pedro S\\u00e1nchez: \\u201cBlindar en la Constituci\\u00f3n la sanidad como un derecho fundamental\\u201d\",\"author\":{\"@id\":\"https:\\\/\\\/www.eldigitaldeasturias.com\\\/noticias\\\/author\\\/admin\\\/#author\"},\"publisher\":{\"@id\":\"https:\\\/\\\/www.eldigitaldeasturias.com\\\/noticias\\\/#organization\"},\"image\":{\"@type\":\"ImageObject\",\"url\":793321},\"datePublished\":\"2018-04-13T04:07:14+02:00\",\"dateModified\":\"2018-04-13T04:07:14+02:00\",\"inLanguage\":\"es-ES\",\"mainEntityOfPage\":{\"@id\":\"https:\\\/\\\/www.eldigitaldeasturias.com\\\/noticias\\\/pedro-sanchez-blindar-en-la-constitucion-la-sanidad-como-un-derecho-fundamental\\\/#webpage\"},\"isPartOf\":{\"@id\":\"https:\\\/\\\/www.eldigitaldeasturias.com\\\/noticias\\\/pedro-sanchez-blindar-en-la-constitucion-la-sanidad-como-un-derecho-fundamental\\\/#webpage\"},\"articleSection\":\"Actualidad\"},{\"@type\":\"BreadcrumbList\",\"@id\":\"https:\\\/\\\/www.eldigitaldeasturias.com\\\/noticias\\\/pedro-sanchez-blindar-en-la-constitucion-la-sanidad-como-un-derecho-fundamental\\\/#breadcrumblist\",\"itemListElement\":[{\"@type\":\"ListItem\",\"@id\":\"https:\\\/\\\/www.eldigitaldeasturias.com\\\/noticias#listItem\",\"position\":1,\"name\":\"Home\",\"item\":\"https:\\\/\\\/www.eldigitaldeasturias.com\\\/noticias\",\"nextItem\":{\"@type\":\"ListItem\",\"@id\":\"https:\\\/\\\/www.eldigitaldeasturias.com\\\/noticias\\\/category\\\/actualidad\\\/#listItem\",\"name\":\"Actualidad\"}},{\"@type\":\"ListItem\",\"@id\":\"https:\\\/\\\/www.eldigitaldeasturias.com\\\/noticias\\\/category\\\/actualidad\\\/#listItem\",\"position\":2,\"name\":\"Actualidad\",\"item\":\"https:\\\/\\\/www.eldigitaldeasturias.com\\\/noticias\\\/category\\\/actualidad\\\/\",\"nextItem\":{\"@type\":\"ListItem\",\"@id\":\"https:\\\/\\\/www.eldigitaldeasturias.com\\\/noticias\\\/pedro-sanchez-blindar-en-la-constitucion-la-sanidad-como-un-derecho-fundamental\\\/#listItem\",\"name\":\"Pedro S\\u00e1nchez: \\u201cBlindar en la Constituci\\u00f3n la sanidad como un derecho fundamental\\u201d\"},\"previousItem\":{\"@type\":\"ListItem\",\"@id\":\"https:\\\/\\\/www.eldigitaldeasturias.com\\\/noticias#listItem\",\"name\":\"Home\"}},{\"@type\":\"ListItem\",\"@id\":\"https:\\\/\\\/www.eldigitaldeasturias.com\\\/noticias\\\/pedro-sanchez-blindar-en-la-constitucion-la-sanidad-como-un-derecho-fundamental\\\/#listItem\",\"position\":3,\"name\":\"Pedro S\\u00e1nchez: \\u201cBlindar en la Constituci\\u00f3n la sanidad como un derecho fundamental\\u201d\",\"previousItem\":{\"@type\":\"ListItem\",\"@id\":\"https:\\\/\\\/www.eldigitaldeasturias.com\\\/noticias\\\/category\\\/actualidad\\\/#listItem\",\"name\":\"Actualidad\"}}]},{\"@type\":\"Organization\",\"@id\":\"https:\\\/\\\/www.eldigitaldeasturias.com\\\/noticias\\\/#organization\",\"name\":\"El Digital de Asturias\",\"description\":\"Hemeroteca\",\"url\":\"https:\\\/\\\/www.eldigitaldeasturias.com\\\/noticias\\\/\",\"email\":\"info@eldigitaldeasturias.com\",\"telephone\":\"+34652131393\",\"logo\":{\"@type\":\"ImageObject\",\"url\":\"https:\\\/\\\/www.eldigitaldeasturias.com\\\/noticias\\\/wp-content\\\/uploads\\\/2020\\\/12\\\/EDA.jpg\",\"@id\":\"https:\\\/\\\/www.eldigitaldeasturias.com\\\/noticias\\\/pedro-sanchez-blindar-en-la-constitucion-la-sanidad-como-un-derecho-fundamental\\\/#organizationLogo\"},\"image\":{\"@id\":\"https:\\\/\\\/www.eldigitaldeasturias.com\\\/noticias\\\/pedro-sanchez-blindar-en-la-constitucion-la-sanidad-como-un-derecho-fundamental\\\/#organizationLogo\"},\"sameAs\":[\"https:\\\/\\\/facebook.com\\\/eldigitaldeasturias\",\"https:\\\/\\\/www.youtube.com\\\/channel\\\/UCZP-2wLEB9Rv6erhFmqVnvg\"],\"address\":{\"@id\":\"https:\\\/\\\/www.eldigitaldeasturias.com\\\/noticias\\\/#postaladdress\",\"@type\":\"PostalAddress\",\"streetAddress\":\"san antonio 4\",\"postalCode\":\"33430\",\"addressLocality\":\"Cand\\u00e1s\",\"addressRegion\":\"Asturias\",\"addressCountry\":\"ES\"}},{\"@type\":\"Person\",\"@id\":\"https:\\\/\\\/www.eldigitaldeasturias.com\\\/noticias\\\/author\\\/admin\\\/#author\",\"url\":\"https:\\\/\\\/www.eldigitaldeasturias.com\\\/noticias\\\/author\\\/admin\\\/\",\"name\":\"El Digital de Asturias\",\"image\":{\"@type\":\"ImageObject\",\"@id\":\"https:\\\/\\\/www.eldigitaldeasturias.com\\\/noticias\\\/pedro-sanchez-blindar-en-la-constitucion-la-sanidad-como-un-derecho-fundamental\\\/#authorImage\",\"url\":\"https:\\\/\\\/secure.gravatar.com\\\/avatar\\\/df2aeffc32bcd13f8d26072ef8a91b623d677766deac7f97ca815868cd41bf5e?s=96&d=mm&r=g\",\"width\":96,\"height\":96,\"caption\":\"El Digital de Asturias\"}},{\"@type\":\"WebPage\",\"@id\":\"https:\\\/\\\/www.eldigitaldeasturias.com\\\/noticias\\\/pedro-sanchez-blindar-en-la-constitucion-la-sanidad-como-un-derecho-fundamental\\\/#webpage\",\"url\":\"https:\\\/\\\/www.eldigitaldeasturias.com\\\/noticias\\\/pedro-sanchez-blindar-en-la-constitucion-la-sanidad-como-un-derecho-fundamental\\\/\",\"name\":\"Pedro S\\u00e1nchez: \\u201cBlindar en la Constituci\\u00f3n la sanidad como un derecho fundamental\\u201d - El Digital de Asturias\",\"description\":\"El secretario general, Pedro S\\u00e1nchez, ha denunciado que \\u201calgunos se empe\\u00f1an en sacar m\\u00e1steres de corrupci\\u00f3n y de enga\\u00f1o, pero suspenden precisamente las asignaturas que son importantes para los ciudadanos, como son la sanidad p\\u00fablica, la educaci\\u00f3n p\\u00fablica, las pensiones dignas o la igualdad entre hombres y mujeres\\u201d, porque \\u201cdefienden a los suyos y a\",\"inLanguage\":\"es-ES\",\"isPartOf\":{\"@id\":\"https:\\\/\\\/www.eldigitaldeasturias.com\\\/noticias\\\/#website\"},\"breadcrumb\":{\"@id\":\"https:\\\/\\\/www.eldigitaldeasturias.com\\\/noticias\\\/pedro-sanchez-blindar-en-la-constitucion-la-sanidad-como-un-derecho-fundamental\\\/#breadcrumblist\"},\"author\":{\"@id\":\"https:\\\/\\\/www.eldigitaldeasturias.com\\\/noticias\\\/author\\\/admin\\\/#author\"},\"creator\":{\"@id\":\"https:\\\/\\\/www.eldigitaldeasturias.com\\\/noticias\\\/author\\\/admin\\\/#author\"},\"image\":{\"@type\":\"ImageObject\",\"url\":793321,\"@id\":\"https:\\\/\\\/www.eldigitaldeasturias.com\\\/noticias\\\/pedro-sanchez-blindar-en-la-constitucion-la-sanidad-como-un-derecho-fundamental\\\/#mainImage\"},\"primaryImageOfPage\":{\"@id\":\"https:\\\/\\\/www.eldigitaldeasturias.com\\\/noticias\\\/pedro-sanchez-blindar-en-la-constitucion-la-sanidad-como-un-derecho-fundamental\\\/#mainImage\"},\"datePublished\":\"2018-04-13T04:07:14+02:00\",\"dateModified\":\"2018-04-13T04:07:14+02:00\"},{\"@type\":\"WebSite\",\"@id\":\"https:\\\/\\\/www.eldigitaldeasturias.com\\\/noticias\\\/#website\",\"url\":\"https:\\\/\\\/www.eldigitaldeasturias.com\\\/noticias\\\/\",\"name\":\"El Digital de Asturias - Diario de actualidad y noticias\",\"alternateName\":\"El Digital de Asturias - Diario de actualidad y noticias\",\"description\":\"Hemeroteca\",\"inLanguage\":\"es-ES\",\"publisher\":{\"@id\":\"https:\\\/\\\/www.eldigitaldeasturias.com\\\/noticias\\\/#organization\"}}]}\n\t\t<\/script>\n\t\t<!-- All in One SEO Pro -->\r\n\t\t<title>Pedro S\u00e1nchez: \u201cBlindar en la Constituci\u00f3n la sanidad como un derecho fundamental\u201d - El Digital de Asturias<\/title>\n\n","aioseo_head_json":{"title":"Pedro S\u00e1nchez: \u201cBlindar en la Constituci\u00f3n la sanidad como un derecho fundamental\u201d - El Digital de Asturias","description":"El secretario general, Pedro S\u00e1nchez, ha denunciado que \u201calgunos se empe\u00f1an en sacar m\u00e1steres de corrupci\u00f3n y de enga\u00f1o, pero suspenden precisamente las asignaturas que son importantes para los ciudadanos, como son la sanidad p\u00fablica, la educaci\u00f3n p\u00fablica, las pensiones dignas o la igualdad entre hombres y mujeres\u201d, porque \u201cdefienden a los suyos y a","canonical_url":"https:\/\/www.eldigitaldeasturias.com\/noticias\/pedro-sanchez-blindar-en-la-constitucion-la-sanidad-como-un-derecho-fundamental\/","robots":"max-image-preview:large","keywords":"actualidad","webmasterTools":{"google-site-verification":"UA-38556648-1","msvalidate.01":"7dfe9f3f1b24437ab69f4f2559babe99","miscellaneous":""},"schema":{"@context":"https:\/\/schema.org","@graph":[{"@type":"BlogPosting","@id":"https:\/\/www.eldigitaldeasturias.com\/noticias\/pedro-sanchez-blindar-en-la-constitucion-la-sanidad-como-un-derecho-fundamental\/#blogposting","name":"Pedro S\u00e1nchez: \u201cBlindar en la Constituci\u00f3n la sanidad como un derecho fundamental\u201d - El Digital de Asturias","headline":"Pedro S\u00e1nchez: \u201cBlindar en la Constituci\u00f3n la sanidad como un derecho fundamental\u201d","author":{"@id":"https:\/\/www.eldigitaldeasturias.com\/noticias\/author\/admin\/#author"},"publisher":{"@id":"https:\/\/www.eldigitaldeasturias.com\/noticias\/#organization"},"image":{"@type":"ImageObject","url":793321},"datePublished":"2018-04-13T04:07:14+02:00","dateModified":"2018-04-13T04:07:14+02:00","inLanguage":"es-ES","mainEntityOfPage":{"@id":"https:\/\/www.eldigitaldeasturias.com\/noticias\/pedro-sanchez-blindar-en-la-constitucion-la-sanidad-como-un-derecho-fundamental\/#webpage"},"isPartOf":{"@id":"https:\/\/www.eldigitaldeasturias.com\/noticias\/pedro-sanchez-blindar-en-la-constitucion-la-sanidad-como-un-derecho-fundamental\/#webpage"},"articleSection":"Actualidad"},{"@type":"BreadcrumbList","@id":"https:\/\/www.eldigitaldeasturias.com\/noticias\/pedro-sanchez-blindar-en-la-constitucion-la-sanidad-como-un-derecho-fundamental\/#breadcrumblist","itemListElement":[{"@type":"ListItem","@id":"https:\/\/www.eldigitaldeasturias.com\/noticias#listItem","position":1,"name":"Home","item":"https:\/\/www.eldigitaldeasturias.com\/noticias","nextItem":{"@type":"ListItem","@id":"https:\/\/www.eldigitaldeasturias.com\/noticias\/category\/actualidad\/#listItem","name":"Actualidad"}},{"@type":"ListItem","@id":"https:\/\/www.eldigitaldeasturias.com\/noticias\/category\/actualidad\/#listItem","position":2,"name":"Actualidad","item":"https:\/\/www.eldigitaldeasturias.com\/noticias\/category\/actualidad\/","nextItem":{"@type":"ListItem","@id":"https:\/\/www.eldigitaldeasturias.com\/noticias\/pedro-sanchez-blindar-en-la-constitucion-la-sanidad-como-un-derecho-fundamental\/#listItem","name":"Pedro S\u00e1nchez: \u201cBlindar en la Constituci\u00f3n la sanidad como un derecho fundamental\u201d"},"previousItem":{"@type":"ListItem","@id":"https:\/\/www.eldigitaldeasturias.com\/noticias#listItem","name":"Home"}},{"@type":"ListItem","@id":"https:\/\/www.eldigitaldeasturias.com\/noticias\/pedro-sanchez-blindar-en-la-constitucion-la-sanidad-como-un-derecho-fundamental\/#listItem","position":3,"name":"Pedro S\u00e1nchez: \u201cBlindar en la Constituci\u00f3n la sanidad como un derecho fundamental\u201d","previousItem":{"@type":"ListItem","@id":"https:\/\/www.eldigitaldeasturias.com\/noticias\/category\/actualidad\/#listItem","name":"Actualidad"}}]},{"@type":"Organization","@id":"https:\/\/www.eldigitaldeasturias.com\/noticias\/#organization","name":"El Digital de Asturias","description":"Hemeroteca","url":"https:\/\/www.eldigitaldeasturias.com\/noticias\/","email":"info@eldigitaldeasturias.com","telephone":"+34652131393","logo":{"@type":"ImageObject","url":"https:\/\/www.eldigitaldeasturias.com\/noticias\/wp-content\/uploads\/2020\/12\/EDA.jpg","@id":"https:\/\/www.eldigitaldeasturias.com\/noticias\/pedro-sanchez-blindar-en-la-constitucion-la-sanidad-como-un-derecho-fundamental\/#organizationLogo"},"image":{"@id":"https:\/\/www.eldigitaldeasturias.com\/noticias\/pedro-sanchez-blindar-en-la-constitucion-la-sanidad-como-un-derecho-fundamental\/#organizationLogo"},"sameAs":["https:\/\/facebook.com\/eldigitaldeasturias","https:\/\/www.youtube.com\/channel\/UCZP-2wLEB9Rv6erhFmqVnvg"],"address":{"@id":"https:\/\/www.eldigitaldeasturias.com\/noticias\/#postaladdress","@type":"PostalAddress","streetAddress":"san antonio 4","postalCode":"33430","addressLocality":"Cand\u00e1s","addressRegion":"Asturias","addressCountry":"ES"}},{"@type":"Person","@id":"https:\/\/www.eldigitaldeasturias.com\/noticias\/author\/admin\/#author","url":"https:\/\/www.eldigitaldeasturias.com\/noticias\/author\/admin\/","name":"El Digital de Asturias","image":{"@type":"ImageObject","@id":"https:\/\/www.eldigitaldeasturias.com\/noticias\/pedro-sanchez-blindar-en-la-constitucion-la-sanidad-como-un-derecho-fundamental\/#authorImage","url":"https:\/\/secure.gravatar.com\/avatar\/df2aeffc32bcd13f8d26072ef8a91b623d677766deac7f97ca815868cd41bf5e?s=96&d=mm&r=g","width":96,"height":96,"caption":"El Digital de Asturias"}},{"@type":"WebPage","@id":"https:\/\/www.eldigitaldeasturias.com\/noticias\/pedro-sanchez-blindar-en-la-constitucion-la-sanidad-como-un-derecho-fundamental\/#webpage","url":"https:\/\/www.eldigitaldeasturias.com\/noticias\/pedro-sanchez-blindar-en-la-constitucion-la-sanidad-como-un-derecho-fundamental\/","name":"Pedro S\u00e1nchez: \u201cBlindar en la Constituci\u00f3n la sanidad como un derecho fundamental\u201d - El Digital de Asturias","description":"El secretario general, Pedro S\u00e1nchez, ha denunciado que \u201calgunos se empe\u00f1an en sacar m\u00e1steres de corrupci\u00f3n y de enga\u00f1o, pero suspenden precisamente las asignaturas que son importantes para los ciudadanos, como son la sanidad p\u00fablica, la educaci\u00f3n p\u00fablica, las pensiones dignas o la igualdad entre hombres y mujeres\u201d, porque \u201cdefienden a los suyos y a","inLanguage":"es-ES","isPartOf":{"@id":"https:\/\/www.eldigitaldeasturias.com\/noticias\/#website"},"breadcrumb":{"@id":"https:\/\/www.eldigitaldeasturias.com\/noticias\/pedro-sanchez-blindar-en-la-constitucion-la-sanidad-como-un-derecho-fundamental\/#breadcrumblist"},"author":{"@id":"https:\/\/www.eldigitaldeasturias.com\/noticias\/author\/admin\/#author"},"creator":{"@id":"https:\/\/www.eldigitaldeasturias.com\/noticias\/author\/admin\/#author"},"image":{"@type":"ImageObject","url":793321,"@id":"https:\/\/www.eldigitaldeasturias.com\/noticias\/pedro-sanchez-blindar-en-la-constitucion-la-sanidad-como-un-derecho-fundamental\/#mainImage"},"primaryImageOfPage":{"@id":"https:\/\/www.eldigitaldeasturias.com\/noticias\/pedro-sanchez-blindar-en-la-constitucion-la-sanidad-como-un-derecho-fundamental\/#mainImage"},"datePublished":"2018-04-13T04:07:14+02:00","dateModified":"2018-04-13T04:07:14+02:00"},{"@type":"WebSite","@id":"https:\/\/www.eldigitaldeasturias.com\/noticias\/#website","url":"https:\/\/www.eldigitaldeasturias.com\/noticias\/","name":"El Digital de Asturias - Diario de actualidad y noticias","alternateName":"El Digital de Asturias - Diario de actualidad y noticias","description":"Hemeroteca","inLanguage":"es-ES","publisher":{"@id":"https:\/\/www.eldigitaldeasturias.com\/noticias\/#organization"}}]},"og:locale":"es_ES","og:site_name":"El Digital de Asturias","og:type":"article","og:title":"Pedro S\u00e1nchez: \u201cBlindar en la Constituci\u00f3n la sanidad como un derecho fundamental\u201d - El Digital de Asturias","og:description":"El secretario general, Pedro S\u00e1nchez, ha denunciado que \u201calgunos se empe\u00f1an en sacar m\u00e1steres de corrupci\u00f3n y de enga\u00f1o, pero suspenden precisamente las asignaturas que son importantes para los ciudadanos, como son la sanidad p\u00fablica, la educaci\u00f3n p\u00fablica, las pensiones dignas o la igualdad entre hombres y mujeres\u201d, porque \u201cdefienden a los suyos y a","og:url":"https:\/\/www.eldigitaldeasturias.com\/noticias\/pedro-sanchez-blindar-en-la-constitucion-la-sanidad-como-un-derecho-fundamental\/","article:tag":["actualidad"],"article:published_time":"2018-04-13T04:07:14+00:00","article:modified_time":"2018-04-13T04:07:14+00:00","article:publisher":"https:\/\/facebook.com\/eldigitaldeasturias","twitter:card":"summary_large_image","twitter:title":"Pedro S\u00e1nchez: \u201cBlindar en la Constituci\u00f3n la sanidad como un derecho fundamental\u201d - El Digital de Asturias","twitter:description":"El secretario general, Pedro S\u00e1nchez, ha denunciado que \u201calgunos se empe\u00f1an en sacar m\u00e1steres de corrupci\u00f3n y de enga\u00f1o, pero suspenden precisamente las asignaturas que son importantes para los ciudadanos, como son la sanidad p\u00fablica, la educaci\u00f3n p\u00fablica, las pensiones dignas o la igualdad entre hombres y mujeres\u201d, porque \u201cdefienden a los suyos y a","twitter:image":"https:\/\/www.eldigitaldeasturias.com\/noticias\/wp-content\/uploads\/2020\/12\/EDA-1.jpg","twitter:label1":"Escrito por","twitter:data1":"El Digital de Asturias","twitter:label2":"Tiempo de lectura estimado","twitter:data2":"2 minutos"},"aioseo_meta_data":{"post_id":"975861","title":null,"description":null,"keywords":null,"keyphrases":null,"primary_term":null,"canonical_url":null,"og_title":null,"og_description":null,"og_object_type":"default","og_image_type":"default","og_image_url":null,"og_image_width":null,"og_image_height":null,"og_image_custom_url":null,"og_image_custom_fields":null,"og_video":null,"og_custom_url":null,"og_article_section":null,"og_article_tags":null,"twitter_use_og":false,"twitter_card":"default","twitter_image_type":"default","twitter_image_url":null,"twitter_image_custom_url":null,"twitter_image_custom_fields":null,"twitter_title":null,"twitter_description":null,"schema":{"blockGraphs":[],"customGraphs":[],"default":{"data":{"Article":[],"Course":[],"Dataset":[],"FAQPage":[],"Movie":[],"Person":[],"Product":[],"ProductReview":[],"Car":[],"Recipe":[],"Service":[],"SoftwareApplication":[],"WebPage":[]},"graphName":"","isEnabled":true},"graphs":[],"defaultGraph":"","defaultPostTypeGraph":""},"schema_type":null,"schema_type_options":null,"pillar_content":false,"robots_default":true,"robots_noindex":false,"robots_noarchive":false,"robots_nosnippet":false,"robots_nofollow":false,"robots_noimageindex":false,"robots_noodp":false,"robots_notranslate":false,"robots_max_snippet":null,"robots_max_videopreview":null,"robots_max_imagepreview":"large","priority":null,"frequency":null,"local_seo":null,"seo_analyzer_scan_date":"2025-10-08 01:28:04","breadcrumb_settings":null,"limit_modified_date":false,"open_ai":null,"ai":null,"created":"2020-12-21 12:09:41","updated":"2025-10-08 01:28:04","focus_keyword":null,"additional_keywords":null,"truseo_locale":null},"aioseo_breadcrumb":"<div class=\"aioseo-breadcrumbs\"><span class=\"aioseo-breadcrumb\">\n\t<a href=\"https:\/\/www.eldigitaldeasturias.com\/noticias\" title=\"Home\">Home<\/a>\n<\/span><span class=\"aioseo-breadcrumb-separator\">\u2013<\/span><span class=\"aioseo-breadcrumb\">\n\t<a href=\"https:\/\/www.eldigitaldeasturias.com\/noticias\/category\/actualidad\/\" title=\"Actualidad\">Actualidad<\/a>\n<\/span><span class=\"aioseo-breadcrumb-separator\">\u2013<\/span><span class=\"aioseo-breadcrumb\">\n\t<a href=\"https:\/\/www.eldigitaldeasturias.com\/noticias\/pedro-sanchez-blindar-en-la-constitucion-la-sanidad-como-un-derecho-fundamental\/\" title=\"Pedro S\u00e1nchez: \u201cBlindar en la Constituci\u00f3n la sanidad como un derecho fundamental\u201d\">Pedro S\u00e1nchez: \u201cBlindar en la Constituci\u00f3n la sanidad como un derecho fundamental\u201d<\/a>\n<\/span><\/div>","aioseo_breadcrumb_json":[{"label":"Home","link":"https:\/\/www.eldigitaldeasturias.com\/noticias"},{"label":"Actualidad","link":"https:\/\/www.eldigitaldeasturias.com\/noticias\/category\/actualidad\/"},{"label":"Pedro S\u00e1nchez: \u201cBlindar en la Constituci\u00f3n la sanidad como un derecho fundamental\u201d","link":"https:\/\/www.eldigitaldeasturias.com\/noticias\/pedro-sanchez-blindar-en-la-constitucion-la-sanidad-como-un-derecho-fundamental\/"}],"_links":{"self":[{"href":"https:\/\/www.eldigitaldeasturias.com\/noticias\/wp-json\/wp\/v2\/posts\/975861","targetHints":{"allow":["GET"]}}],"collection":[{"href":"https:\/\/www.eldigitaldeasturias.com\/noticias\/wp-json\/wp\/v2\/posts"}],"about":[{"href":"https:\/\/www.eldigitaldeasturias.com\/noticias\/wp-json\/wp\/v2\/types\/post"}],"author":[{"embeddable":true,"href":"https:\/\/www.eldigitaldeasturias.com\/noticias\/wp-json\/wp\/v2\/users\/1"}],"replies":[{"embeddable":true,"href":"https:\/\/www.eldigitaldeasturias.com\/noticias\/wp-json\/wp\/v2\/comments?post=975861"}],"version-history":[{"count":0,"href":"https:\/\/www.eldigitaldeasturias.com\/noticias\/wp-json\/wp\/v2\/posts\/975861\/revisions"}],"wp:attachment":[{"href":"https:\/\/www.eldigitaldeasturias.com\/noticias\/wp-json\/wp\/v2\/media?parent=975861"}],"wp:term":[{"taxonomy":"category","embeddable":true,"href":"https:\/\/www.eldigitaldeasturias.com\/noticias\/wp-json\/wp\/v2\/categories?post=975861"},{"taxonomy":"post_tag","embeddable":true,"href":"https:\/\/www.eldigitaldeasturias.com\/noticias\/wp-json\/wp\/v2\/tags?post=975861"}],"curies":[{"name":"wp","href":"https:\/\/api.w.org\/{rel}","templated":true}]}}