{"id":975854,"date":"2018-04-13T03:56:51","date_gmt":"2018-04-13T03:56:51","guid":{"rendered":"http:\/\/www.eldigitaldeasturias.com\/noticias\/?p=975854"},"modified":"2018-04-13T03:56:51","modified_gmt":"2018-04-13T03:56:51","slug":"cataluna-sigue-sin-gobierno-aplazada-una-nueva-sesion-de-investidura","status":"publish","type":"post","link":"https:\/\/www.eldigitaldeasturias.com\/noticias\/cataluna-sigue-sin-gobierno-aplazada-una-nueva-sesion-de-investidura\/","title":{"rendered":"Catalu\u00f1a sigue sin Gobierno: aplazada una nueva sesi\u00f3n de investidura"},"content":{"rendered":"<p><img loading=\"lazy\" decoding=\"async\" class=\"alignleft size-medium wp-image-973562\" src=\"https:\/\/www.eldigitaldeasturias.com\/noticias\/wp-content\/uploads\/2018\/03\/marcha1-360x240.jpg\" alt=\"\" width=\"360\" height=\"240\" \/>Madrid\/Barcelona, 12 abr (dpa) &#8211; A poco m\u00e1s de un mes de que expire el plazo para formar Gobierno en Catalu\u00f1a, el Parlamento de la regi\u00f3n decidi\u00f3 hoy aplazar \u00absine die\u00bb la sesi\u00f3n convocada para investir \u00abpresident\u00bb este viernes al separatista Jordi S\u00e0nchez, despu\u00e9s de que la Justicia espa\u00f1ola rechazara su salida de prisi\u00f3n.<\/p>\n<p>El candidato, encarcelado de forma provisional desde octubre y procesado por un delito de rebeli\u00f3n, hab\u00eda solicitado al juez que lo investiga un permiso para acudir al pleno del \u00abParlament\u00bb o para poder ser investido jefe del Gobierno regional de forma telem\u00e1tica.<\/p>\n<p>El magistrado del Tribunal Supremo Pablo Llarena rechaz\u00f3 hoy ambas solicitudes bajo el argumento de riesgo de reiteraci\u00f3n delicitiva, impidiendo as\u00ed \u00abde facto\u00bb su nombramiento, que debe ser presencial.<\/p>\n<p>Tras la decisi\u00f3n judicial, el jefe del Parlamento catal\u00e1n, el separatista Roger Torrent, decidi\u00f3 aplazar la sesi\u00f3n de investidura y propuso dar una respuesta a lo que consider\u00f3 una \u00abvulneraci\u00f3n\u00bb de los derechos del diputado del partido Junts per Catalunya (JxCAT).<\/p>\n<p>Para decidir los siguientes pasos, la formaci\u00f3n separatista se reunir\u00e1 en los pr\u00f3ximos d\u00edas en Berl\u00edn con su l\u00edder, el ex jefe del Gobierno catal\u00e1n Carles Puigdemont, quien se encuentra en Alemania a la espera de que la Justicia de este pa\u00eds decida sobre su posible entrega a Espa\u00f1a, donde fue procesado por rebeli\u00f3n y malversaci\u00f3n.<\/p>\n<p>Algunas voces apuntan a que el propio Puigdemont podr\u00eda ser candidato a la investidura, aunque su situaci\u00f3n judicial es delicada.<\/p>\n<p>El de ahora es el cuarto intento fallido de los independentistas para formar Gobierno en Catalu\u00f1a desde las elecciones celebradas el 21 de diciembre y el segundo para hacer \u00abpresident\u00bb a S\u00e0nchez, de 53 a\u00f1os.<\/p>\n<p>Antes, fracas\u00f3 tambi\u00e9n la investidura de Puigdemont y la del diputado Jordi Turull, quien fue enviado a prisi\u00f3n en Espa\u00f1a.<\/p>\n<p>El plazo para formar Gobierno en Catalu\u00f1a expira el 22 de mayo. Si ese d\u00eda no hay un presidente, se convocar\u00e1n comicios de forma autom\u00e1tica para el mes de julio, seg\u00fan marcan los plazos legales.<\/p>\n<p>La regi\u00f3n, de 7,5 millones de habitantes, permanece intervenida administrativamente por Madrid desde final de octubre, cuando el Gobierno de Mariano Rajoy actu\u00f3 para frenar el plan independentista.<\/p>\n<p>Tras la investidura fallida de Turull a final de marzo, fue Puigdemont quien propuso un nuevo intento para nombrar a Jordi S\u00e0nchez tras una resoluci\u00f3n del Consejo de Derechos Humanos de la ONU que ped\u00eda respetar los derechos pol\u00edticos del diputado separatista.<\/p>\n<p>Pero el juez Pablo Llarena volvi\u00f3 a negarle hoy el permiso para salir de prisi\u00f3n y rechaz\u00f3 tambi\u00e9n una posible investidura telem\u00e1tica.<\/p>\n<p>En su auto, el magistrado sostiene que hay elementos para considerar que un eventual mandato del candidato podr\u00eda \u00aborientarse hacia el quebranto de un orden constitucional\u00bb por lo que considera conveniente \u00absobreponer la protecci\u00f3n de unos derechos pol\u00edticos colectivos sobre un liderazgo que, por su ejercicio delictivo, suponga una restricci\u00f3n parcial del derecho reconocido al procesado\u00bb.<\/p>\n<p>Seg\u00fan el juez, las restricciones vigentes sobre S\u00e0nchez \u00abresultan plenamente justificadas dadas las graves consecuencias que tendr\u00eda su reincidencia respecto de los principios y derechos constitucionales y pol\u00edticos (&#8230;) as\u00ed como la marcada probabilidad de que esta reiteraci\u00f3n sobrevenga en la eventualidad de que se le llegaran a atribuir las funciones ejecutivas para las que se postula\u00bb.<\/p>\n<p>S\u00e0nchez, de 53 a\u00f1os y diputado del partido Junts per Catalunya (JxCAT), fue de 2015 a final de 2017 l\u00edder de una de las principales organizaciones separatistas de Catalu\u00f1a, la Asamblea Nacional Catalana (ANC), y moviliz\u00f3 al independentismo en la calle.<\/p>\n<p>Por Ana L\u00e1zaro Verde (dpa)<\/p>\n","protected":false},"excerpt":{"rendered":"<p>Madrid\/Barcelona, 12 abr (dpa) &#8211; A poco m\u00e1s de un mes de que expire el plazo para formar Gobierno en Catalu\u00f1a, el Parlamento de la regi\u00f3n decidi\u00f3 hoy aplazar \u00absine die\u00bb la sesi\u00f3n convocada para investir \u00abpresident\u00bb este viernes al separatista Jordi S\u00e0nchez, despu\u00e9s de que la Justicia espa\u00f1ola rechazara su salida de prisi\u00f3n. El [&hellip;]<\/p>\n","protected":false},"author":1,"featured_media":973562,"comment_status":"closed","ping_status":"closed","sticky":false,"template":"","format":"standard","meta":{"footnotes":""},"categories":[1],"tags":[],"class_list":["post-975854","post","type-post","status-publish","format-standard","has-post-thumbnail","hentry","category-actualidad"],"aioseo_notices":[],"aioseo_head":"\n\t\t<!-- All in One SEO Pro 5.0.1 - aioseo.com -->\n\t<meta name=\"description\" content=\"Madrid\/Barcelona, 12 abr (dpa) - A poco m\u00e1s de un mes de que expire el plazo para formar Gobierno en Catalu\u00f1a, el Parlamento de la regi\u00f3n decidi\u00f3 hoy aplazar &quot;sine die&quot; la sesi\u00f3n convocada para investir &quot;president&quot; este viernes al separatista Jordi S\u00e0nchez, despu\u00e9s de que la Justicia espa\u00f1ola rechazara su salida de prisi\u00f3n. El\" \/>\n\t<meta name=\"robots\" content=\"max-image-preview:large\" \/>\n\t<meta name=\"author\" content=\"El Digital de Asturias\"\/>\n\t<meta name=\"google-site-verification\" content=\"UA-38556648-1\" \/>\n\t<meta name=\"msvalidate.01\" content=\"7dfe9f3f1b24437ab69f4f2559babe99\" \/>\n\t<meta name=\"keywords\" content=\"actualidad\" \/>\n\t<link rel=\"canonical\" href=\"https:\/\/www.eldigitaldeasturias.com\/noticias\/cataluna-sigue-sin-gobierno-aplazada-una-nueva-sesion-de-investidura\/\" \/>\n\t<meta name=\"generator\" content=\"All in One SEO Pro (AIOSEO) 5.0.1\" \/>\n\t\t<meta property=\"og:locale\" content=\"es_ES\" \/>\n\t\t<meta property=\"og:site_name\" content=\"El Digital de Asturias\" \/>\n\t\t<meta property=\"og:type\" content=\"article\" \/>\n\t\t<meta property=\"og:title\" content=\"Catalu\u00f1a sigue sin Gobierno: aplazada una nueva sesi\u00f3n de investidura - El Digital de Asturias\" \/>\n\t\t<meta property=\"og:description\" content=\"Madrid\/Barcelona, 12 abr (dpa) - A poco m\u00e1s de un mes de que expire el plazo para formar Gobierno en Catalu\u00f1a, el Parlamento de la regi\u00f3n decidi\u00f3 hoy aplazar &quot;sine die&quot; la sesi\u00f3n convocada para investir &quot;president&quot; este viernes al separatista Jordi S\u00e0nchez, despu\u00e9s de que la Justicia espa\u00f1ola rechazara su salida de prisi\u00f3n. El\" \/>\n\t\t<meta property=\"og:url\" content=\"https:\/\/www.eldigitaldeasturias.com\/noticias\/cataluna-sigue-sin-gobierno-aplazada-una-nueva-sesion-de-investidura\/\" \/>\n\t\t<meta property=\"article:tag\" content=\"actualidad\" \/>\n\t\t<meta property=\"article:published_time\" content=\"2018-04-13T03:56:51+00:00\" \/>\n\t\t<meta property=\"article:modified_time\" content=\"2018-04-13T03:56:51+00:00\" \/>\n\t\t<meta property=\"article:publisher\" content=\"https:\/\/facebook.com\/eldigitaldeasturias\" \/>\n\t\t<meta name=\"twitter:card\" content=\"summary_large_image\" \/>\n\t\t<meta name=\"twitter:title\" content=\"Catalu\u00f1a sigue sin Gobierno: aplazada una nueva sesi\u00f3n de investidura - El Digital de Asturias\" \/>\n\t\t<meta name=\"twitter:description\" content=\"Madrid\/Barcelona, 12 abr (dpa) - A poco m\u00e1s de un mes de que expire el plazo para formar Gobierno en Catalu\u00f1a, el Parlamento de la regi\u00f3n decidi\u00f3 hoy aplazar &quot;sine die&quot; la sesi\u00f3n convocada para investir &quot;president&quot; este viernes al separatista Jordi S\u00e0nchez, despu\u00e9s de que la Justicia espa\u00f1ola rechazara su salida de prisi\u00f3n. El\" \/>\n\t\t<meta name=\"twitter:image\" content=\"https:\/\/www.eldigitaldeasturias.com\/noticias\/wp-content\/uploads\/2020\/12\/EDA-1.jpg\" \/>\n\t\t<meta name=\"twitter:label1\" content=\"Escrito por\" \/>\n\t\t<meta name=\"twitter:data1\" content=\"El Digital de Asturias\" \/>\n\t\t<meta name=\"twitter:label2\" content=\"Tiempo de lectura estimado\" \/>\n\t\t<meta name=\"twitter:data2\" content=\"3 minutos\" \/>\n\t\t<script type=\"application\/ld+json\" class=\"aioseo-schema\">\n\t\t\t{\"@context\":\"https:\\\/\\\/schema.org\",\"@graph\":[{\"@type\":\"BlogPosting\",\"@id\":\"https:\\\/\\\/www.eldigitaldeasturias.com\\\/noticias\\\/cataluna-sigue-sin-gobierno-aplazada-una-nueva-sesion-de-investidura\\\/#blogposting\",\"name\":\"Catalu\\u00f1a sigue sin Gobierno: aplazada una nueva sesi\\u00f3n de investidura - El Digital de Asturias\",\"headline\":\"Catalu\\u00f1a sigue sin Gobierno: aplazada una nueva sesi\\u00f3n de investidura\",\"author\":{\"@id\":\"https:\\\/\\\/www.eldigitaldeasturias.com\\\/noticias\\\/author\\\/admin\\\/#author\"},\"publisher\":{\"@id\":\"https:\\\/\\\/www.eldigitaldeasturias.com\\\/noticias\\\/#organization\"},\"image\":{\"@type\":\"ImageObject\",\"url\":973562},\"datePublished\":\"2018-04-13T03:56:51+02:00\",\"dateModified\":\"2018-04-13T03:56:51+02:00\",\"inLanguage\":\"es-ES\",\"mainEntityOfPage\":{\"@id\":\"https:\\\/\\\/www.eldigitaldeasturias.com\\\/noticias\\\/cataluna-sigue-sin-gobierno-aplazada-una-nueva-sesion-de-investidura\\\/#webpage\"},\"isPartOf\":{\"@id\":\"https:\\\/\\\/www.eldigitaldeasturias.com\\\/noticias\\\/cataluna-sigue-sin-gobierno-aplazada-una-nueva-sesion-de-investidura\\\/#webpage\"},\"articleSection\":\"Actualidad\"},{\"@type\":\"BreadcrumbList\",\"@id\":\"https:\\\/\\\/www.eldigitaldeasturias.com\\\/noticias\\\/cataluna-sigue-sin-gobierno-aplazada-una-nueva-sesion-de-investidura\\\/#breadcrumblist\",\"itemListElement\":[{\"@type\":\"ListItem\",\"@id\":\"https:\\\/\\\/www.eldigitaldeasturias.com\\\/noticias#listItem\",\"position\":1,\"name\":\"Home\",\"item\":\"https:\\\/\\\/www.eldigitaldeasturias.com\\\/noticias\",\"nextItem\":{\"@type\":\"ListItem\",\"@id\":\"https:\\\/\\\/www.eldigitaldeasturias.com\\\/noticias\\\/category\\\/actualidad\\\/#listItem\",\"name\":\"Actualidad\"}},{\"@type\":\"ListItem\",\"@id\":\"https:\\\/\\\/www.eldigitaldeasturias.com\\\/noticias\\\/category\\\/actualidad\\\/#listItem\",\"position\":2,\"name\":\"Actualidad\",\"item\":\"https:\\\/\\\/www.eldigitaldeasturias.com\\\/noticias\\\/category\\\/actualidad\\\/\",\"nextItem\":{\"@type\":\"ListItem\",\"@id\":\"https:\\\/\\\/www.eldigitaldeasturias.com\\\/noticias\\\/cataluna-sigue-sin-gobierno-aplazada-una-nueva-sesion-de-investidura\\\/#listItem\",\"name\":\"Catalu\\u00f1a sigue sin Gobierno: aplazada una nueva sesi\\u00f3n de investidura\"},\"previousItem\":{\"@type\":\"ListItem\",\"@id\":\"https:\\\/\\\/www.eldigitaldeasturias.com\\\/noticias#listItem\",\"name\":\"Home\"}},{\"@type\":\"ListItem\",\"@id\":\"https:\\\/\\\/www.eldigitaldeasturias.com\\\/noticias\\\/cataluna-sigue-sin-gobierno-aplazada-una-nueva-sesion-de-investidura\\\/#listItem\",\"position\":3,\"name\":\"Catalu\\u00f1a sigue sin Gobierno: aplazada una nueva sesi\\u00f3n de investidura\",\"previousItem\":{\"@type\":\"ListItem\",\"@id\":\"https:\\\/\\\/www.eldigitaldeasturias.com\\\/noticias\\\/category\\\/actualidad\\\/#listItem\",\"name\":\"Actualidad\"}}]},{\"@type\":\"Organization\",\"@id\":\"https:\\\/\\\/www.eldigitaldeasturias.com\\\/noticias\\\/#organization\",\"name\":\"El Digital de Asturias\",\"description\":\"Hemeroteca\",\"url\":\"https:\\\/\\\/www.eldigitaldeasturias.com\\\/noticias\\\/\",\"email\":\"info@eldigitaldeasturias.com\",\"telephone\":\"+34652131393\",\"logo\":{\"@type\":\"ImageObject\",\"url\":\"https:\\\/\\\/www.eldigitaldeasturias.com\\\/noticias\\\/wp-content\\\/uploads\\\/2020\\\/12\\\/EDA.jpg\",\"@id\":\"https:\\\/\\\/www.eldigitaldeasturias.com\\\/noticias\\\/cataluna-sigue-sin-gobierno-aplazada-una-nueva-sesion-de-investidura\\\/#organizationLogo\"},\"image\":{\"@id\":\"https:\\\/\\\/www.eldigitaldeasturias.com\\\/noticias\\\/cataluna-sigue-sin-gobierno-aplazada-una-nueva-sesion-de-investidura\\\/#organizationLogo\"},\"sameAs\":[\"https:\\\/\\\/facebook.com\\\/eldigitaldeasturias\",\"https:\\\/\\\/www.youtube.com\\\/channel\\\/UCZP-2wLEB9Rv6erhFmqVnvg\"],\"address\":{\"@id\":\"https:\\\/\\\/www.eldigitaldeasturias.com\\\/noticias\\\/#postaladdress\",\"@type\":\"PostalAddress\",\"streetAddress\":\"san antonio 4\",\"postalCode\":\"33430\",\"addressLocality\":\"Cand\\u00e1s\",\"addressRegion\":\"Asturias\",\"addressCountry\":\"ES\"}},{\"@type\":\"Person\",\"@id\":\"https:\\\/\\\/www.eldigitaldeasturias.com\\\/noticias\\\/author\\\/admin\\\/#author\",\"url\":\"https:\\\/\\\/www.eldigitaldeasturias.com\\\/noticias\\\/author\\\/admin\\\/\",\"name\":\"El Digital de Asturias\",\"image\":{\"@type\":\"ImageObject\",\"@id\":\"https:\\\/\\\/www.eldigitaldeasturias.com\\\/noticias\\\/cataluna-sigue-sin-gobierno-aplazada-una-nueva-sesion-de-investidura\\\/#authorImage\",\"url\":\"https:\\\/\\\/secure.gravatar.com\\\/avatar\\\/df2aeffc32bcd13f8d26072ef8a91b623d677766deac7f97ca815868cd41bf5e?s=96&d=mm&r=g\",\"width\":96,\"height\":96,\"caption\":\"El Digital de Asturias\"}},{\"@type\":\"WebPage\",\"@id\":\"https:\\\/\\\/www.eldigitaldeasturias.com\\\/noticias\\\/cataluna-sigue-sin-gobierno-aplazada-una-nueva-sesion-de-investidura\\\/#webpage\",\"url\":\"https:\\\/\\\/www.eldigitaldeasturias.com\\\/noticias\\\/cataluna-sigue-sin-gobierno-aplazada-una-nueva-sesion-de-investidura\\\/\",\"name\":\"Catalu\\u00f1a sigue sin Gobierno: aplazada una nueva sesi\\u00f3n de investidura - El Digital de Asturias\",\"description\":\"Madrid\\\/Barcelona, 12 abr (dpa) - A poco m\\u00e1s de un mes de que expire el plazo para formar Gobierno en Catalu\\u00f1a, el Parlamento de la regi\\u00f3n decidi\\u00f3 hoy aplazar \\\"sine die\\\" la sesi\\u00f3n convocada para investir \\\"president\\\" este viernes al separatista Jordi S\\u00e0nchez, despu\\u00e9s de que la Justicia espa\\u00f1ola rechazara su salida de prisi\\u00f3n. El\",\"inLanguage\":\"es-ES\",\"isPartOf\":{\"@id\":\"https:\\\/\\\/www.eldigitaldeasturias.com\\\/noticias\\\/#website\"},\"breadcrumb\":{\"@id\":\"https:\\\/\\\/www.eldigitaldeasturias.com\\\/noticias\\\/cataluna-sigue-sin-gobierno-aplazada-una-nueva-sesion-de-investidura\\\/#breadcrumblist\"},\"author\":{\"@id\":\"https:\\\/\\\/www.eldigitaldeasturias.com\\\/noticias\\\/author\\\/admin\\\/#author\"},\"creator\":{\"@id\":\"https:\\\/\\\/www.eldigitaldeasturias.com\\\/noticias\\\/author\\\/admin\\\/#author\"},\"image\":{\"@type\":\"ImageObject\",\"url\":973562,\"@id\":\"https:\\\/\\\/www.eldigitaldeasturias.com\\\/noticias\\\/cataluna-sigue-sin-gobierno-aplazada-una-nueva-sesion-de-investidura\\\/#mainImage\"},\"primaryImageOfPage\":{\"@id\":\"https:\\\/\\\/www.eldigitaldeasturias.com\\\/noticias\\\/cataluna-sigue-sin-gobierno-aplazada-una-nueva-sesion-de-investidura\\\/#mainImage\"},\"datePublished\":\"2018-04-13T03:56:51+02:00\",\"dateModified\":\"2018-04-13T03:56:51+02:00\"},{\"@type\":\"WebSite\",\"@id\":\"https:\\\/\\\/www.eldigitaldeasturias.com\\\/noticias\\\/#website\",\"url\":\"https:\\\/\\\/www.eldigitaldeasturias.com\\\/noticias\\\/\",\"name\":\"El Digital de Asturias - Diario de actualidad y noticias\",\"alternateName\":\"El Digital de Asturias - Diario de actualidad y noticias\",\"description\":\"Hemeroteca\",\"inLanguage\":\"es-ES\",\"publisher\":{\"@id\":\"https:\\\/\\\/www.eldigitaldeasturias.com\\\/noticias\\\/#organization\"}}]}\n\t\t<\/script>\n\t\t<!-- All in One SEO Pro -->\r\n\t\t<title>Catalu\u00f1a sigue sin Gobierno: aplazada una nueva sesi\u00f3n de investidura - El Digital de Asturias<\/title>\n\n","aioseo_head_json":{"title":"Catalu\u00f1a sigue sin Gobierno: aplazada una nueva sesi\u00f3n de investidura - El Digital de Asturias","description":"Madrid\/Barcelona, 12 abr (dpa) - A poco m\u00e1s de un mes de que expire el plazo para formar Gobierno en Catalu\u00f1a, el Parlamento de la regi\u00f3n decidi\u00f3 hoy aplazar \"sine die\" la sesi\u00f3n convocada para investir \"president\" este viernes al separatista Jordi S\u00e0nchez, despu\u00e9s de que la Justicia espa\u00f1ola rechazara su salida de prisi\u00f3n. El","canonical_url":"https:\/\/www.eldigitaldeasturias.com\/noticias\/cataluna-sigue-sin-gobierno-aplazada-una-nueva-sesion-de-investidura\/","robots":"max-image-preview:large","keywords":"actualidad","webmasterTools":{"google-site-verification":"UA-38556648-1","msvalidate.01":"7dfe9f3f1b24437ab69f4f2559babe99","miscellaneous":""},"schema":{"@context":"https:\/\/schema.org","@graph":[{"@type":"BlogPosting","@id":"https:\/\/www.eldigitaldeasturias.com\/noticias\/cataluna-sigue-sin-gobierno-aplazada-una-nueva-sesion-de-investidura\/#blogposting","name":"Catalu\u00f1a sigue sin Gobierno: aplazada una nueva sesi\u00f3n de investidura - El Digital de Asturias","headline":"Catalu\u00f1a sigue sin Gobierno: aplazada una nueva sesi\u00f3n de investidura","author":{"@id":"https:\/\/www.eldigitaldeasturias.com\/noticias\/author\/admin\/#author"},"publisher":{"@id":"https:\/\/www.eldigitaldeasturias.com\/noticias\/#organization"},"image":{"@type":"ImageObject","url":973562},"datePublished":"2018-04-13T03:56:51+02:00","dateModified":"2018-04-13T03:56:51+02:00","inLanguage":"es-ES","mainEntityOfPage":{"@id":"https:\/\/www.eldigitaldeasturias.com\/noticias\/cataluna-sigue-sin-gobierno-aplazada-una-nueva-sesion-de-investidura\/#webpage"},"isPartOf":{"@id":"https:\/\/www.eldigitaldeasturias.com\/noticias\/cataluna-sigue-sin-gobierno-aplazada-una-nueva-sesion-de-investidura\/#webpage"},"articleSection":"Actualidad"},{"@type":"BreadcrumbList","@id":"https:\/\/www.eldigitaldeasturias.com\/noticias\/cataluna-sigue-sin-gobierno-aplazada-una-nueva-sesion-de-investidura\/#breadcrumblist","itemListElement":[{"@type":"ListItem","@id":"https:\/\/www.eldigitaldeasturias.com\/noticias#listItem","position":1,"name":"Home","item":"https:\/\/www.eldigitaldeasturias.com\/noticias","nextItem":{"@type":"ListItem","@id":"https:\/\/www.eldigitaldeasturias.com\/noticias\/category\/actualidad\/#listItem","name":"Actualidad"}},{"@type":"ListItem","@id":"https:\/\/www.eldigitaldeasturias.com\/noticias\/category\/actualidad\/#listItem","position":2,"name":"Actualidad","item":"https:\/\/www.eldigitaldeasturias.com\/noticias\/category\/actualidad\/","nextItem":{"@type":"ListItem","@id":"https:\/\/www.eldigitaldeasturias.com\/noticias\/cataluna-sigue-sin-gobierno-aplazada-una-nueva-sesion-de-investidura\/#listItem","name":"Catalu\u00f1a sigue sin Gobierno: aplazada una nueva sesi\u00f3n de investidura"},"previousItem":{"@type":"ListItem","@id":"https:\/\/www.eldigitaldeasturias.com\/noticias#listItem","name":"Home"}},{"@type":"ListItem","@id":"https:\/\/www.eldigitaldeasturias.com\/noticias\/cataluna-sigue-sin-gobierno-aplazada-una-nueva-sesion-de-investidura\/#listItem","position":3,"name":"Catalu\u00f1a sigue sin Gobierno: aplazada una nueva sesi\u00f3n de investidura","previousItem":{"@type":"ListItem","@id":"https:\/\/www.eldigitaldeasturias.com\/noticias\/category\/actualidad\/#listItem","name":"Actualidad"}}]},{"@type":"Organization","@id":"https:\/\/www.eldigitaldeasturias.com\/noticias\/#organization","name":"El Digital de Asturias","description":"Hemeroteca","url":"https:\/\/www.eldigitaldeasturias.com\/noticias\/","email":"info@eldigitaldeasturias.com","telephone":"+34652131393","logo":{"@type":"ImageObject","url":"https:\/\/www.eldigitaldeasturias.com\/noticias\/wp-content\/uploads\/2020\/12\/EDA.jpg","@id":"https:\/\/www.eldigitaldeasturias.com\/noticias\/cataluna-sigue-sin-gobierno-aplazada-una-nueva-sesion-de-investidura\/#organizationLogo"},"image":{"@id":"https:\/\/www.eldigitaldeasturias.com\/noticias\/cataluna-sigue-sin-gobierno-aplazada-una-nueva-sesion-de-investidura\/#organizationLogo"},"sameAs":["https:\/\/facebook.com\/eldigitaldeasturias","https:\/\/www.youtube.com\/channel\/UCZP-2wLEB9Rv6erhFmqVnvg"],"address":{"@id":"https:\/\/www.eldigitaldeasturias.com\/noticias\/#postaladdress","@type":"PostalAddress","streetAddress":"san antonio 4","postalCode":"33430","addressLocality":"Cand\u00e1s","addressRegion":"Asturias","addressCountry":"ES"}},{"@type":"Person","@id":"https:\/\/www.eldigitaldeasturias.com\/noticias\/author\/admin\/#author","url":"https:\/\/www.eldigitaldeasturias.com\/noticias\/author\/admin\/","name":"El Digital de Asturias","image":{"@type":"ImageObject","@id":"https:\/\/www.eldigitaldeasturias.com\/noticias\/cataluna-sigue-sin-gobierno-aplazada-una-nueva-sesion-de-investidura\/#authorImage","url":"https:\/\/secure.gravatar.com\/avatar\/df2aeffc32bcd13f8d26072ef8a91b623d677766deac7f97ca815868cd41bf5e?s=96&d=mm&r=g","width":96,"height":96,"caption":"El Digital de Asturias"}},{"@type":"WebPage","@id":"https:\/\/www.eldigitaldeasturias.com\/noticias\/cataluna-sigue-sin-gobierno-aplazada-una-nueva-sesion-de-investidura\/#webpage","url":"https:\/\/www.eldigitaldeasturias.com\/noticias\/cataluna-sigue-sin-gobierno-aplazada-una-nueva-sesion-de-investidura\/","name":"Catalu\u00f1a sigue sin Gobierno: aplazada una nueva sesi\u00f3n de investidura - El Digital de Asturias","description":"Madrid\/Barcelona, 12 abr (dpa) - A poco m\u00e1s de un mes de que expire el plazo para formar Gobierno en Catalu\u00f1a, el Parlamento de la regi\u00f3n decidi\u00f3 hoy aplazar \"sine die\" la sesi\u00f3n convocada para investir \"president\" este viernes al separatista Jordi S\u00e0nchez, despu\u00e9s de que la Justicia espa\u00f1ola rechazara su salida de prisi\u00f3n. El","inLanguage":"es-ES","isPartOf":{"@id":"https:\/\/www.eldigitaldeasturias.com\/noticias\/#website"},"breadcrumb":{"@id":"https:\/\/www.eldigitaldeasturias.com\/noticias\/cataluna-sigue-sin-gobierno-aplazada-una-nueva-sesion-de-investidura\/#breadcrumblist"},"author":{"@id":"https:\/\/www.eldigitaldeasturias.com\/noticias\/author\/admin\/#author"},"creator":{"@id":"https:\/\/www.eldigitaldeasturias.com\/noticias\/author\/admin\/#author"},"image":{"@type":"ImageObject","url":973562,"@id":"https:\/\/www.eldigitaldeasturias.com\/noticias\/cataluna-sigue-sin-gobierno-aplazada-una-nueva-sesion-de-investidura\/#mainImage"},"primaryImageOfPage":{"@id":"https:\/\/www.eldigitaldeasturias.com\/noticias\/cataluna-sigue-sin-gobierno-aplazada-una-nueva-sesion-de-investidura\/#mainImage"},"datePublished":"2018-04-13T03:56:51+02:00","dateModified":"2018-04-13T03:56:51+02:00"},{"@type":"WebSite","@id":"https:\/\/www.eldigitaldeasturias.com\/noticias\/#website","url":"https:\/\/www.eldigitaldeasturias.com\/noticias\/","name":"El Digital de Asturias - Diario de actualidad y noticias","alternateName":"El Digital de Asturias - Diario de actualidad y noticias","description":"Hemeroteca","inLanguage":"es-ES","publisher":{"@id":"https:\/\/www.eldigitaldeasturias.com\/noticias\/#organization"}}]},"og:locale":"es_ES","og:site_name":"El Digital de Asturias","og:type":"article","og:title":"Catalu\u00f1a sigue sin Gobierno: aplazada una nueva sesi\u00f3n de investidura - El Digital de Asturias","og:description":"Madrid\/Barcelona, 12 abr (dpa) - A poco m\u00e1s de un mes de que expire el plazo para formar Gobierno en Catalu\u00f1a, el Parlamento de la regi\u00f3n decidi\u00f3 hoy aplazar &quot;sine die&quot; la sesi\u00f3n convocada para investir &quot;president&quot; este viernes al separatista Jordi S\u00e0nchez, despu\u00e9s de que la Justicia espa\u00f1ola rechazara su salida de prisi\u00f3n. El","og:url":"https:\/\/www.eldigitaldeasturias.com\/noticias\/cataluna-sigue-sin-gobierno-aplazada-una-nueva-sesion-de-investidura\/","article:tag":["actualidad"],"article:published_time":"2018-04-13T03:56:51+00:00","article:modified_time":"2018-04-13T03:56:51+00:00","article:publisher":"https:\/\/facebook.com\/eldigitaldeasturias","twitter:card":"summary_large_image","twitter:title":"Catalu\u00f1a sigue sin Gobierno: aplazada una nueva sesi\u00f3n de investidura - El Digital de Asturias","twitter:description":"Madrid\/Barcelona, 12 abr (dpa) - A poco m\u00e1s de un mes de que expire el plazo para formar Gobierno en Catalu\u00f1a, el Parlamento de la regi\u00f3n decidi\u00f3 hoy aplazar &quot;sine die&quot; la sesi\u00f3n convocada para investir &quot;president&quot; este viernes al separatista Jordi S\u00e0nchez, despu\u00e9s de que la Justicia espa\u00f1ola rechazara su salida de prisi\u00f3n. El","twitter:image":"https:\/\/www.eldigitaldeasturias.com\/noticias\/wp-content\/uploads\/2020\/12\/EDA-1.jpg","twitter:label1":"Escrito por","twitter:data1":"El Digital de Asturias","twitter:label2":"Tiempo de lectura estimado","twitter:data2":"3 minutos"},"aioseo_meta_data":{"post_id":"975854","title":null,"description":null,"keywords":null,"keyphrases":null,"primary_term":null,"canonical_url":null,"og_title":null,"og_description":null,"og_object_type":"default","og_image_type":"default","og_image_url":null,"og_image_width":null,"og_image_height":null,"og_image_custom_url":null,"og_image_custom_fields":null,"og_video":null,"og_custom_url":null,"og_article_section":null,"og_article_tags":null,"twitter_use_og":false,"twitter_card":"default","twitter_image_type":"default","twitter_image_url":null,"twitter_image_custom_url":null,"twitter_image_custom_fields":null,"twitter_title":null,"twitter_description":null,"schema":{"blockGraphs":[],"customGraphs":[],"default":{"data":{"Article":[],"Course":[],"Dataset":[],"FAQPage":[],"Movie":[],"Person":[],"Product":[],"ProductReview":[],"Car":[],"Recipe":[],"Service":[],"SoftwareApplication":[],"WebPage":[]},"graphName":"","isEnabled":true},"graphs":[],"defaultGraph":"","defaultPostTypeGraph":""},"schema_type":null,"schema_type_options":null,"pillar_content":false,"robots_default":true,"robots_noindex":false,"robots_noarchive":false,"robots_nosnippet":false,"robots_nofollow":false,"robots_noimageindex":false,"robots_noodp":false,"robots_notranslate":false,"robots_max_snippet":null,"robots_max_videopreview":null,"robots_max_imagepreview":"large","priority":null,"frequency":null,"local_seo":null,"seo_analyzer_scan_date":"2025-10-08 01:26:23","breadcrumb_settings":null,"limit_modified_date":false,"open_ai":null,"ai":null,"created":"2020-12-21 12:09:41","updated":"2025-10-08 01:26:23","focus_keyword":null,"additional_keywords":null,"truseo_locale":null},"aioseo_breadcrumb":"<div class=\"aioseo-breadcrumbs\"><span class=\"aioseo-breadcrumb\">\n\t<a href=\"https:\/\/www.eldigitaldeasturias.com\/noticias\" title=\"Home\">Home<\/a>\n<\/span><span class=\"aioseo-breadcrumb-separator\">\u2013<\/span><span class=\"aioseo-breadcrumb\">\n\t<a href=\"https:\/\/www.eldigitaldeasturias.com\/noticias\/category\/actualidad\/\" title=\"Actualidad\">Actualidad<\/a>\n<\/span><span class=\"aioseo-breadcrumb-separator\">\u2013<\/span><span class=\"aioseo-breadcrumb\">\n\t<a href=\"https:\/\/www.eldigitaldeasturias.com\/noticias\/cataluna-sigue-sin-gobierno-aplazada-una-nueva-sesion-de-investidura\/\" title=\"Catalu\u00f1a sigue sin Gobierno: aplazada una nueva sesi\u00f3n de investidura\">Catalu\u00f1a sigue sin Gobierno: aplazada una nueva sesi\u00f3n de investidura<\/a>\n<\/span><\/div>","aioseo_breadcrumb_json":[{"label":"Home","link":"https:\/\/www.eldigitaldeasturias.com\/noticias"},{"label":"Actualidad","link":"https:\/\/www.eldigitaldeasturias.com\/noticias\/category\/actualidad\/"},{"label":"Catalu\u00f1a sigue sin Gobierno: aplazada una nueva sesi\u00f3n de investidura","link":"https:\/\/www.eldigitaldeasturias.com\/noticias\/cataluna-sigue-sin-gobierno-aplazada-una-nueva-sesion-de-investidura\/"}],"_links":{"self":[{"href":"https:\/\/www.eldigitaldeasturias.com\/noticias\/wp-json\/wp\/v2\/posts\/975854","targetHints":{"allow":["GET"]}}],"collection":[{"href":"https:\/\/www.eldigitaldeasturias.com\/noticias\/wp-json\/wp\/v2\/posts"}],"about":[{"href":"https:\/\/www.eldigitaldeasturias.com\/noticias\/wp-json\/wp\/v2\/types\/post"}],"author":[{"embeddable":true,"href":"https:\/\/www.eldigitaldeasturias.com\/noticias\/wp-json\/wp\/v2\/users\/1"}],"replies":[{"embeddable":true,"href":"https:\/\/www.eldigitaldeasturias.com\/noticias\/wp-json\/wp\/v2\/comments?post=975854"}],"version-history":[{"count":0,"href":"https:\/\/www.eldigitaldeasturias.com\/noticias\/wp-json\/wp\/v2\/posts\/975854\/revisions"}],"wp:attachment":[{"href":"https:\/\/www.eldigitaldeasturias.com\/noticias\/wp-json\/wp\/v2\/media?parent=975854"}],"wp:term":[{"taxonomy":"category","embeddable":true,"href":"https:\/\/www.eldigitaldeasturias.com\/noticias\/wp-json\/wp\/v2\/categories?post=975854"},{"taxonomy":"post_tag","embeddable":true,"href":"https:\/\/www.eldigitaldeasturias.com\/noticias\/wp-json\/wp\/v2\/tags?post=975854"}],"curies":[{"name":"wp","href":"https:\/\/api.w.org\/{rel}","templated":true}]}}