{"id":975824,"date":"2018-04-13T03:04:16","date_gmt":"2018-04-13T03:04:16","guid":{"rendered":"http:\/\/www.eldigitaldeasturias.com\/noticias\/?p=975824"},"modified":"2018-04-13T03:04:16","modified_gmt":"2018-04-13T03:04:16","slug":"la-mineria-genera-mas-de-20-000-empleos-en-andalucia","status":"publish","type":"post","link":"https:\/\/www.eldigitaldeasturias.com\/noticias\/la-mineria-genera-mas-de-20-000-empleos-en-andalucia\/","title":{"rendered":"La miner\u00eda genera m\u00e1s de 20.000 empleos en Andaluc\u00eda"},"content":{"rendered":"<p><img loading=\"lazy\" decoding=\"async\" class=\"alignleft size-medium wp-image-975825\" src=\"https:\/\/www.eldigitaldeasturias.com\/noticias\/wp-content\/uploads\/2018\/04\/1523356882631-360x212.jpg\" alt=\"\" width=\"360\" height=\"212\" \/>El consejero de Empleo, Empresa y Comercio, Javier Carnero, ha destacado la transcendencia que el sector de la miner\u00eda tendr\u00e1 en la transformaci\u00f3n del modelo productivo andaluz, ya que factura m\u00e1s de 1.200 millones anuales, genera m\u00e1s de 20.000 empleos y ha invertido hasta el momento m\u00e1s de 3.000 millones, seg\u00fan los datos aportados por la patronal AMINER.<\/p>\n<p>Javier Carnero, que ha asistido en Sevilla a la inauguraci\u00f3n del XIV Congreso Internacional de Energ\u00eda y Recursos Minerales, ha subrayado adem\u00e1s que los datos recientes indican que \u00aben los \u00faltimos cinco a\u00f1os Andaluc\u00eda triplic\u00f3 las exportaciones mineras, gener\u00e1ndose ventas en el exterior por valor de 5.552 millones de euros, cifra que equivale al 21% del total nacional y que nos coloca en el liderazgo espa\u00f1ol por comunidades\u00bb.<\/p>\n<p>Asimismo, el consejero ha afirmado que los proyectos que existen en cartera permiten confiar en la pervivencia a largo plazo de esta actividad econ\u00f3mica. Y es que, seg\u00fan ha explicado en su intervenci\u00f3n, desde la entrada en producci\u00f3n de los yacimientos de Cobre Las Cruces y Aguas Te\u00f1idas, en 2009, la miner\u00eda met\u00e1lica \u00abha pasado de ser un sector casi residual, anticuado y en horas bajas, a convertirse en una actividad din\u00e1mica, innovadora, generadora de empleo y de riqueza, y capaz de dar respuestas a las necesidades de materias primas de la econom\u00eda internacional\u00bb.<\/p>\n<p>Javier Carnero ha hecho estas declaraciones durante la apertura del XIV Congreso Internacional de Energ\u00eda y Recursos Minerales y 2018 International Symposium in Slope Stability in Open Pit Mining, que bajo el lema &#8216;Sosteniendo el futuro&#8217; se celebra en Sevilla. Organizado por el Consejo Superior de Colegios de Ingenieros de Minas y por el Colegio de Ingenieros de Minas del Sur, cuenta con la asistencia confirmada de m\u00e1s de 700 congresistas de todo el mundo procedentes de \u00e1mbitos tan diversos como la investigaci\u00f3n, el desarrollo tecnol\u00f3gico aplicado a la miner\u00eda, la gesti\u00f3n medioambiental, la RSC o la explotaci\u00f3n de recursos minerales, entre otros.<\/p>\n<p>Durante el acto de inauguraci\u00f3n, el consejero ha expresado su satisfacci\u00f3n por que entre octubre de 2017 y abril de 2018 Andaluc\u00eda haya contado con dos congresos mineros de primera magnitud, como son el Metallic Mining Hall y este XIV Congreso Internacional de Energ\u00eda y Recursos Minerales, lo que ha vinculado \u00aba que el compromiso de Andaluc\u00eda con el sector minero, y el del sector con el territorio, carecen de un precedente mejor que la \u00faltima d\u00e9cada\u00bb.<\/p>\n<p><strong>Posici\u00f3n de liderazgo<\/strong><\/p>\n<p>Carnero ha resaltado as\u00ed que, al igual que sucedi\u00f3 antes con las energ\u00edas renovables, la actividad extractiva ha contribuido \u00aba que Andaluc\u00eda ocupe una posici\u00f3n de liderazgo y reconocimiento internacional en un sector econ\u00f3mico de relevancia que se sustenta en los recursos de nuestra tierra\u00bb.<\/p>\n<p>A su juicio, las claves de este logro residen en la combinaci\u00f3n de tres factores concretos: el primero ser\u00eda la apuesta permanente por la investigaci\u00f3n, \u00abpues tanto mis predecesores como yo hemos mostrado siempre nuestro convencimiento de que el mejor yacimiento es el que est\u00e1 a\u00fan por llegar\u00bb, y ha recordado que durante los \u00faltimos cinco a\u00f1os se han sacado a concurso \u00abunos 1.140 derechos mineros distribuidos por una superficie superior a las 730.000 hect\u00e1reas de todas las provincias andaluzas\u00bb.<\/p>\n<p>De este modo, pudieron reactivarse yacimientos hist\u00f3ricos como Aznalc\u00f3llar en Sevilla o Riotinto y Sotiel en Huelva, y tambi\u00e9n poner en marcha el yacimiento &#8216;greenfield&#8217; (o nueva planta) de Mina Magdalena, \u00abque no s\u00f3lo garantizan decenas de puestos de trabajo directos e indirectos para los pr\u00f3ximos a\u00f1os, sino que tambi\u00e9n ser\u00e1n capaces de originar sinergias para establecer un gran cl\u00faster minero en el norte de la provincia de Huelva\u00bb, ha se\u00f1alado el consejero.<\/p>\n<p>Un segundo factor de relevancia para explicar la fortaleza actual de la miner\u00eda met\u00e1lica reside, seg\u00fan Carnero, en el compromiso del sector, \u00abque demuestra con hechos, y no con palabras, que la miner\u00eda del siglo XXI s\u00f3lo puede ser una actividad comprometida e innovadora\u00bb.<\/p>\n<p>Finalmente, en tercer lugar, Javier Carnero ha destacado la modernizaci\u00f3n de la propia administraci\u00f3n auton\u00f3mica y se ha referido \u00aba la participaci\u00f3n y el consenso para definir el futuro de la miner\u00eda que queremos desarrollar en Andaluc\u00eda\u00bb, as\u00ed como a la puesta en marcha del Portal Andaluz de la Miner\u00eda y a la actualizaci\u00f3n y modernizaci\u00f3n de los recursos cartogr\u00e1ficos disponibles a trav\u00e9s de convenios con el Instituto Geol\u00f3gico y Minero de Espa\u00f1a (IGME).<\/p>\n","protected":false},"excerpt":{"rendered":"<p>El consejero de Empleo, Empresa y Comercio, Javier Carnero, ha destacado la transcendencia que el sector de la miner\u00eda tendr\u00e1 en la transformaci\u00f3n del modelo productivo andaluz, ya que factura m\u00e1s de 1.200 millones anuales, genera m\u00e1s de 20.000 empleos y ha invertido hasta el momento m\u00e1s de 3.000 millones, seg\u00fan los datos aportados por [&hellip;]<\/p>\n","protected":false},"author":1,"featured_media":975825,"comment_status":"closed","ping_status":"closed","sticky":false,"template":"","format":"standard","meta":{"footnotes":""},"categories":[1],"tags":[],"class_list":["post-975824","post","type-post","status-publish","format-standard","has-post-thumbnail","hentry","category-actualidad"],"aioseo_notices":[],"aioseo_head":"\n\t\t<!-- All in One SEO Pro 5.0.1 - aioseo.com -->\n\t<meta name=\"description\" content=\"El consejero de Empleo, Empresa y Comercio, Javier Carnero, ha destacado la transcendencia que el sector de la miner\u00eda tendr\u00e1 en la transformaci\u00f3n del modelo productivo andaluz, ya que factura m\u00e1s de 1.200 millones anuales, genera m\u00e1s de 20.000 empleos y ha invertido hasta el momento m\u00e1s de 3.000 millones, seg\u00fan los datos aportados por\" \/>\n\t<meta name=\"robots\" content=\"max-image-preview:large\" \/>\n\t<meta name=\"author\" content=\"El Digital de Asturias\"\/>\n\t<meta name=\"google-site-verification\" content=\"UA-38556648-1\" \/>\n\t<meta name=\"msvalidate.01\" content=\"7dfe9f3f1b24437ab69f4f2559babe99\" \/>\n\t<meta name=\"keywords\" content=\"actualidad\" \/>\n\t<link rel=\"canonical\" href=\"https:\/\/www.eldigitaldeasturias.com\/noticias\/la-mineria-genera-mas-de-20-000-empleos-en-andalucia\/\" \/>\n\t<meta name=\"generator\" content=\"All in One SEO Pro (AIOSEO) 5.0.1\" \/>\n\t\t<meta property=\"og:locale\" content=\"es_ES\" \/>\n\t\t<meta property=\"og:site_name\" content=\"El Digital de Asturias\" \/>\n\t\t<meta property=\"og:type\" content=\"article\" \/>\n\t\t<meta property=\"og:title\" content=\"La miner\u00eda genera m\u00e1s de 20.000 empleos en Andaluc\u00eda - El Digital de Asturias\" \/>\n\t\t<meta property=\"og:description\" content=\"El consejero de Empleo, Empresa y Comercio, Javier Carnero, ha destacado la transcendencia que el sector de la miner\u00eda tendr\u00e1 en la transformaci\u00f3n del modelo productivo andaluz, ya que factura m\u00e1s de 1.200 millones anuales, genera m\u00e1s de 20.000 empleos y ha invertido hasta el momento m\u00e1s de 3.000 millones, seg\u00fan los datos aportados por\" \/>\n\t\t<meta property=\"og:url\" content=\"https:\/\/www.eldigitaldeasturias.com\/noticias\/la-mineria-genera-mas-de-20-000-empleos-en-andalucia\/\" \/>\n\t\t<meta property=\"article:tag\" content=\"actualidad\" \/>\n\t\t<meta property=\"article:published_time\" content=\"2018-04-13T03:04:16+00:00\" \/>\n\t\t<meta property=\"article:modified_time\" content=\"2018-04-13T03:04:16+00:00\" \/>\n\t\t<meta property=\"article:publisher\" content=\"https:\/\/facebook.com\/eldigitaldeasturias\" \/>\n\t\t<meta name=\"twitter:card\" content=\"summary_large_image\" \/>\n\t\t<meta name=\"twitter:title\" content=\"La miner\u00eda genera m\u00e1s de 20.000 empleos en Andaluc\u00eda - El Digital de Asturias\" \/>\n\t\t<meta name=\"twitter:description\" content=\"El consejero de Empleo, Empresa y Comercio, Javier Carnero, ha destacado la transcendencia que el sector de la miner\u00eda tendr\u00e1 en la transformaci\u00f3n del modelo productivo andaluz, ya que factura m\u00e1s de 1.200 millones anuales, genera m\u00e1s de 20.000 empleos y ha invertido hasta el momento m\u00e1s de 3.000 millones, seg\u00fan los datos aportados por\" \/>\n\t\t<meta name=\"twitter:image\" content=\"https:\/\/www.eldigitaldeasturias.com\/noticias\/wp-content\/uploads\/2020\/12\/EDA-1.jpg\" \/>\n\t\t<meta name=\"twitter:label1\" content=\"Escrito por\" \/>\n\t\t<meta name=\"twitter:data1\" content=\"El Digital de Asturias\" \/>\n\t\t<meta name=\"twitter:label2\" content=\"Tiempo de lectura estimado\" \/>\n\t\t<meta name=\"twitter:data2\" content=\"4 minutos\" \/>\n\t\t<script type=\"application\/ld+json\" class=\"aioseo-schema\">\n\t\t\t{\"@context\":\"https:\\\/\\\/schema.org\",\"@graph\":[{\"@type\":\"BlogPosting\",\"@id\":\"https:\\\/\\\/www.eldigitaldeasturias.com\\\/noticias\\\/la-mineria-genera-mas-de-20-000-empleos-en-andalucia\\\/#blogposting\",\"name\":\"La miner\\u00eda genera m\\u00e1s de 20.000 empleos en Andaluc\\u00eda - El Digital de Asturias\",\"headline\":\"La miner\\u00eda genera m\\u00e1s de 20.000 empleos en Andaluc\\u00eda\",\"author\":{\"@id\":\"https:\\\/\\\/www.eldigitaldeasturias.com\\\/noticias\\\/author\\\/admin\\\/#author\"},\"publisher\":{\"@id\":\"https:\\\/\\\/www.eldigitaldeasturias.com\\\/noticias\\\/#organization\"},\"image\":{\"@type\":\"ImageObject\",\"url\":975825},\"datePublished\":\"2018-04-13T03:04:16+02:00\",\"dateModified\":\"2018-04-13T03:04:16+02:00\",\"inLanguage\":\"es-ES\",\"mainEntityOfPage\":{\"@id\":\"https:\\\/\\\/www.eldigitaldeasturias.com\\\/noticias\\\/la-mineria-genera-mas-de-20-000-empleos-en-andalucia\\\/#webpage\"},\"isPartOf\":{\"@id\":\"https:\\\/\\\/www.eldigitaldeasturias.com\\\/noticias\\\/la-mineria-genera-mas-de-20-000-empleos-en-andalucia\\\/#webpage\"},\"articleSection\":\"Actualidad\"},{\"@type\":\"BreadcrumbList\",\"@id\":\"https:\\\/\\\/www.eldigitaldeasturias.com\\\/noticias\\\/la-mineria-genera-mas-de-20-000-empleos-en-andalucia\\\/#breadcrumblist\",\"itemListElement\":[{\"@type\":\"ListItem\",\"@id\":\"https:\\\/\\\/www.eldigitaldeasturias.com\\\/noticias#listItem\",\"position\":1,\"name\":\"Home\",\"item\":\"https:\\\/\\\/www.eldigitaldeasturias.com\\\/noticias\",\"nextItem\":{\"@type\":\"ListItem\",\"@id\":\"https:\\\/\\\/www.eldigitaldeasturias.com\\\/noticias\\\/category\\\/actualidad\\\/#listItem\",\"name\":\"Actualidad\"}},{\"@type\":\"ListItem\",\"@id\":\"https:\\\/\\\/www.eldigitaldeasturias.com\\\/noticias\\\/category\\\/actualidad\\\/#listItem\",\"position\":2,\"name\":\"Actualidad\",\"item\":\"https:\\\/\\\/www.eldigitaldeasturias.com\\\/noticias\\\/category\\\/actualidad\\\/\",\"nextItem\":{\"@type\":\"ListItem\",\"@id\":\"https:\\\/\\\/www.eldigitaldeasturias.com\\\/noticias\\\/la-mineria-genera-mas-de-20-000-empleos-en-andalucia\\\/#listItem\",\"name\":\"La miner\\u00eda genera m\\u00e1s de 20.000 empleos en Andaluc\\u00eda\"},\"previousItem\":{\"@type\":\"ListItem\",\"@id\":\"https:\\\/\\\/www.eldigitaldeasturias.com\\\/noticias#listItem\",\"name\":\"Home\"}},{\"@type\":\"ListItem\",\"@id\":\"https:\\\/\\\/www.eldigitaldeasturias.com\\\/noticias\\\/la-mineria-genera-mas-de-20-000-empleos-en-andalucia\\\/#listItem\",\"position\":3,\"name\":\"La miner\\u00eda genera m\\u00e1s de 20.000 empleos en Andaluc\\u00eda\",\"previousItem\":{\"@type\":\"ListItem\",\"@id\":\"https:\\\/\\\/www.eldigitaldeasturias.com\\\/noticias\\\/category\\\/actualidad\\\/#listItem\",\"name\":\"Actualidad\"}}]},{\"@type\":\"Organization\",\"@id\":\"https:\\\/\\\/www.eldigitaldeasturias.com\\\/noticias\\\/#organization\",\"name\":\"El Digital de Asturias\",\"description\":\"Hemeroteca\",\"url\":\"https:\\\/\\\/www.eldigitaldeasturias.com\\\/noticias\\\/\",\"email\":\"info@eldigitaldeasturias.com\",\"telephone\":\"+34652131393\",\"logo\":{\"@type\":\"ImageObject\",\"url\":\"https:\\\/\\\/www.eldigitaldeasturias.com\\\/noticias\\\/wp-content\\\/uploads\\\/2020\\\/12\\\/EDA.jpg\",\"@id\":\"https:\\\/\\\/www.eldigitaldeasturias.com\\\/noticias\\\/la-mineria-genera-mas-de-20-000-empleos-en-andalucia\\\/#organizationLogo\"},\"image\":{\"@id\":\"https:\\\/\\\/www.eldigitaldeasturias.com\\\/noticias\\\/la-mineria-genera-mas-de-20-000-empleos-en-andalucia\\\/#organizationLogo\"},\"sameAs\":[\"https:\\\/\\\/facebook.com\\\/eldigitaldeasturias\",\"https:\\\/\\\/www.youtube.com\\\/channel\\\/UCZP-2wLEB9Rv6erhFmqVnvg\"],\"address\":{\"@id\":\"https:\\\/\\\/www.eldigitaldeasturias.com\\\/noticias\\\/#postaladdress\",\"@type\":\"PostalAddress\",\"streetAddress\":\"san antonio 4\",\"postalCode\":\"33430\",\"addressLocality\":\"Cand\\u00e1s\",\"addressRegion\":\"Asturias\",\"addressCountry\":\"ES\"}},{\"@type\":\"Person\",\"@id\":\"https:\\\/\\\/www.eldigitaldeasturias.com\\\/noticias\\\/author\\\/admin\\\/#author\",\"url\":\"https:\\\/\\\/www.eldigitaldeasturias.com\\\/noticias\\\/author\\\/admin\\\/\",\"name\":\"El Digital de Asturias\",\"image\":{\"@type\":\"ImageObject\",\"@id\":\"https:\\\/\\\/www.eldigitaldeasturias.com\\\/noticias\\\/la-mineria-genera-mas-de-20-000-empleos-en-andalucia\\\/#authorImage\",\"url\":\"https:\\\/\\\/secure.gravatar.com\\\/avatar\\\/df2aeffc32bcd13f8d26072ef8a91b623d677766deac7f97ca815868cd41bf5e?s=96&d=mm&r=g\",\"width\":96,\"height\":96,\"caption\":\"El Digital de Asturias\"}},{\"@type\":\"WebPage\",\"@id\":\"https:\\\/\\\/www.eldigitaldeasturias.com\\\/noticias\\\/la-mineria-genera-mas-de-20-000-empleos-en-andalucia\\\/#webpage\",\"url\":\"https:\\\/\\\/www.eldigitaldeasturias.com\\\/noticias\\\/la-mineria-genera-mas-de-20-000-empleos-en-andalucia\\\/\",\"name\":\"La miner\\u00eda genera m\\u00e1s de 20.000 empleos en Andaluc\\u00eda - El Digital de Asturias\",\"description\":\"El consejero de Empleo, Empresa y Comercio, Javier Carnero, ha destacado la transcendencia que el sector de la miner\\u00eda tendr\\u00e1 en la transformaci\\u00f3n del modelo productivo andaluz, ya que factura m\\u00e1s de 1.200 millones anuales, genera m\\u00e1s de 20.000 empleos y ha invertido hasta el momento m\\u00e1s de 3.000 millones, seg\\u00fan los datos aportados por\",\"inLanguage\":\"es-ES\",\"isPartOf\":{\"@id\":\"https:\\\/\\\/www.eldigitaldeasturias.com\\\/noticias\\\/#website\"},\"breadcrumb\":{\"@id\":\"https:\\\/\\\/www.eldigitaldeasturias.com\\\/noticias\\\/la-mineria-genera-mas-de-20-000-empleos-en-andalucia\\\/#breadcrumblist\"},\"author\":{\"@id\":\"https:\\\/\\\/www.eldigitaldeasturias.com\\\/noticias\\\/author\\\/admin\\\/#author\"},\"creator\":{\"@id\":\"https:\\\/\\\/www.eldigitaldeasturias.com\\\/noticias\\\/author\\\/admin\\\/#author\"},\"image\":{\"@type\":\"ImageObject\",\"url\":975825,\"@id\":\"https:\\\/\\\/www.eldigitaldeasturias.com\\\/noticias\\\/la-mineria-genera-mas-de-20-000-empleos-en-andalucia\\\/#mainImage\"},\"primaryImageOfPage\":{\"@id\":\"https:\\\/\\\/www.eldigitaldeasturias.com\\\/noticias\\\/la-mineria-genera-mas-de-20-000-empleos-en-andalucia\\\/#mainImage\"},\"datePublished\":\"2018-04-13T03:04:16+02:00\",\"dateModified\":\"2018-04-13T03:04:16+02:00\"},{\"@type\":\"WebSite\",\"@id\":\"https:\\\/\\\/www.eldigitaldeasturias.com\\\/noticias\\\/#website\",\"url\":\"https:\\\/\\\/www.eldigitaldeasturias.com\\\/noticias\\\/\",\"name\":\"El Digital de Asturias - Diario de actualidad y noticias\",\"alternateName\":\"El Digital de Asturias - Diario de actualidad y noticias\",\"description\":\"Hemeroteca\",\"inLanguage\":\"es-ES\",\"publisher\":{\"@id\":\"https:\\\/\\\/www.eldigitaldeasturias.com\\\/noticias\\\/#organization\"}}]}\n\t\t<\/script>\n\t\t<!-- All in One SEO Pro -->\r\n\t\t<title>La miner\u00eda genera m\u00e1s de 20.000 empleos en Andaluc\u00eda - El Digital de Asturias<\/title>\n\n","aioseo_head_json":{"title":"La miner\u00eda genera m\u00e1s de 20.000 empleos en Andaluc\u00eda - El Digital de Asturias","description":"El consejero de Empleo, Empresa y Comercio, Javier Carnero, ha destacado la transcendencia que el sector de la miner\u00eda tendr\u00e1 en la transformaci\u00f3n del modelo productivo andaluz, ya que factura m\u00e1s de 1.200 millones anuales, genera m\u00e1s de 20.000 empleos y ha invertido hasta el momento m\u00e1s de 3.000 millones, seg\u00fan los datos aportados por","canonical_url":"https:\/\/www.eldigitaldeasturias.com\/noticias\/la-mineria-genera-mas-de-20-000-empleos-en-andalucia\/","robots":"max-image-preview:large","keywords":"actualidad","webmasterTools":{"google-site-verification":"UA-38556648-1","msvalidate.01":"7dfe9f3f1b24437ab69f4f2559babe99","miscellaneous":""},"schema":{"@context":"https:\/\/schema.org","@graph":[{"@type":"BlogPosting","@id":"https:\/\/www.eldigitaldeasturias.com\/noticias\/la-mineria-genera-mas-de-20-000-empleos-en-andalucia\/#blogposting","name":"La miner\u00eda genera m\u00e1s de 20.000 empleos en Andaluc\u00eda - El Digital de Asturias","headline":"La miner\u00eda genera m\u00e1s de 20.000 empleos en Andaluc\u00eda","author":{"@id":"https:\/\/www.eldigitaldeasturias.com\/noticias\/author\/admin\/#author"},"publisher":{"@id":"https:\/\/www.eldigitaldeasturias.com\/noticias\/#organization"},"image":{"@type":"ImageObject","url":975825},"datePublished":"2018-04-13T03:04:16+02:00","dateModified":"2018-04-13T03:04:16+02:00","inLanguage":"es-ES","mainEntityOfPage":{"@id":"https:\/\/www.eldigitaldeasturias.com\/noticias\/la-mineria-genera-mas-de-20-000-empleos-en-andalucia\/#webpage"},"isPartOf":{"@id":"https:\/\/www.eldigitaldeasturias.com\/noticias\/la-mineria-genera-mas-de-20-000-empleos-en-andalucia\/#webpage"},"articleSection":"Actualidad"},{"@type":"BreadcrumbList","@id":"https:\/\/www.eldigitaldeasturias.com\/noticias\/la-mineria-genera-mas-de-20-000-empleos-en-andalucia\/#breadcrumblist","itemListElement":[{"@type":"ListItem","@id":"https:\/\/www.eldigitaldeasturias.com\/noticias#listItem","position":1,"name":"Home","item":"https:\/\/www.eldigitaldeasturias.com\/noticias","nextItem":{"@type":"ListItem","@id":"https:\/\/www.eldigitaldeasturias.com\/noticias\/category\/actualidad\/#listItem","name":"Actualidad"}},{"@type":"ListItem","@id":"https:\/\/www.eldigitaldeasturias.com\/noticias\/category\/actualidad\/#listItem","position":2,"name":"Actualidad","item":"https:\/\/www.eldigitaldeasturias.com\/noticias\/category\/actualidad\/","nextItem":{"@type":"ListItem","@id":"https:\/\/www.eldigitaldeasturias.com\/noticias\/la-mineria-genera-mas-de-20-000-empleos-en-andalucia\/#listItem","name":"La miner\u00eda genera m\u00e1s de 20.000 empleos en Andaluc\u00eda"},"previousItem":{"@type":"ListItem","@id":"https:\/\/www.eldigitaldeasturias.com\/noticias#listItem","name":"Home"}},{"@type":"ListItem","@id":"https:\/\/www.eldigitaldeasturias.com\/noticias\/la-mineria-genera-mas-de-20-000-empleos-en-andalucia\/#listItem","position":3,"name":"La miner\u00eda genera m\u00e1s de 20.000 empleos en Andaluc\u00eda","previousItem":{"@type":"ListItem","@id":"https:\/\/www.eldigitaldeasturias.com\/noticias\/category\/actualidad\/#listItem","name":"Actualidad"}}]},{"@type":"Organization","@id":"https:\/\/www.eldigitaldeasturias.com\/noticias\/#organization","name":"El Digital de Asturias","description":"Hemeroteca","url":"https:\/\/www.eldigitaldeasturias.com\/noticias\/","email":"info@eldigitaldeasturias.com","telephone":"+34652131393","logo":{"@type":"ImageObject","url":"https:\/\/www.eldigitaldeasturias.com\/noticias\/wp-content\/uploads\/2020\/12\/EDA.jpg","@id":"https:\/\/www.eldigitaldeasturias.com\/noticias\/la-mineria-genera-mas-de-20-000-empleos-en-andalucia\/#organizationLogo"},"image":{"@id":"https:\/\/www.eldigitaldeasturias.com\/noticias\/la-mineria-genera-mas-de-20-000-empleos-en-andalucia\/#organizationLogo"},"sameAs":["https:\/\/facebook.com\/eldigitaldeasturias","https:\/\/www.youtube.com\/channel\/UCZP-2wLEB9Rv6erhFmqVnvg"],"address":{"@id":"https:\/\/www.eldigitaldeasturias.com\/noticias\/#postaladdress","@type":"PostalAddress","streetAddress":"san antonio 4","postalCode":"33430","addressLocality":"Cand\u00e1s","addressRegion":"Asturias","addressCountry":"ES"}},{"@type":"Person","@id":"https:\/\/www.eldigitaldeasturias.com\/noticias\/author\/admin\/#author","url":"https:\/\/www.eldigitaldeasturias.com\/noticias\/author\/admin\/","name":"El Digital de Asturias","image":{"@type":"ImageObject","@id":"https:\/\/www.eldigitaldeasturias.com\/noticias\/la-mineria-genera-mas-de-20-000-empleos-en-andalucia\/#authorImage","url":"https:\/\/secure.gravatar.com\/avatar\/df2aeffc32bcd13f8d26072ef8a91b623d677766deac7f97ca815868cd41bf5e?s=96&d=mm&r=g","width":96,"height":96,"caption":"El Digital de Asturias"}},{"@type":"WebPage","@id":"https:\/\/www.eldigitaldeasturias.com\/noticias\/la-mineria-genera-mas-de-20-000-empleos-en-andalucia\/#webpage","url":"https:\/\/www.eldigitaldeasturias.com\/noticias\/la-mineria-genera-mas-de-20-000-empleos-en-andalucia\/","name":"La miner\u00eda genera m\u00e1s de 20.000 empleos en Andaluc\u00eda - El Digital de Asturias","description":"El consejero de Empleo, Empresa y Comercio, Javier Carnero, ha destacado la transcendencia que el sector de la miner\u00eda tendr\u00e1 en la transformaci\u00f3n del modelo productivo andaluz, ya que factura m\u00e1s de 1.200 millones anuales, genera m\u00e1s de 20.000 empleos y ha invertido hasta el momento m\u00e1s de 3.000 millones, seg\u00fan los datos aportados por","inLanguage":"es-ES","isPartOf":{"@id":"https:\/\/www.eldigitaldeasturias.com\/noticias\/#website"},"breadcrumb":{"@id":"https:\/\/www.eldigitaldeasturias.com\/noticias\/la-mineria-genera-mas-de-20-000-empleos-en-andalucia\/#breadcrumblist"},"author":{"@id":"https:\/\/www.eldigitaldeasturias.com\/noticias\/author\/admin\/#author"},"creator":{"@id":"https:\/\/www.eldigitaldeasturias.com\/noticias\/author\/admin\/#author"},"image":{"@type":"ImageObject","url":975825,"@id":"https:\/\/www.eldigitaldeasturias.com\/noticias\/la-mineria-genera-mas-de-20-000-empleos-en-andalucia\/#mainImage"},"primaryImageOfPage":{"@id":"https:\/\/www.eldigitaldeasturias.com\/noticias\/la-mineria-genera-mas-de-20-000-empleos-en-andalucia\/#mainImage"},"datePublished":"2018-04-13T03:04:16+02:00","dateModified":"2018-04-13T03:04:16+02:00"},{"@type":"WebSite","@id":"https:\/\/www.eldigitaldeasturias.com\/noticias\/#website","url":"https:\/\/www.eldigitaldeasturias.com\/noticias\/","name":"El Digital de Asturias - Diario de actualidad y noticias","alternateName":"El Digital de Asturias - Diario de actualidad y noticias","description":"Hemeroteca","inLanguage":"es-ES","publisher":{"@id":"https:\/\/www.eldigitaldeasturias.com\/noticias\/#organization"}}]},"og:locale":"es_ES","og:site_name":"El Digital de Asturias","og:type":"article","og:title":"La miner\u00eda genera m\u00e1s de 20.000 empleos en Andaluc\u00eda - El Digital de Asturias","og:description":"El consejero de Empleo, Empresa y Comercio, Javier Carnero, ha destacado la transcendencia que el sector de la miner\u00eda tendr\u00e1 en la transformaci\u00f3n del modelo productivo andaluz, ya que factura m\u00e1s de 1.200 millones anuales, genera m\u00e1s de 20.000 empleos y ha invertido hasta el momento m\u00e1s de 3.000 millones, seg\u00fan los datos aportados por","og:url":"https:\/\/www.eldigitaldeasturias.com\/noticias\/la-mineria-genera-mas-de-20-000-empleos-en-andalucia\/","article:tag":["actualidad"],"article:published_time":"2018-04-13T03:04:16+00:00","article:modified_time":"2018-04-13T03:04:16+00:00","article:publisher":"https:\/\/facebook.com\/eldigitaldeasturias","twitter:card":"summary_large_image","twitter:title":"La miner\u00eda genera m\u00e1s de 20.000 empleos en Andaluc\u00eda - El Digital de Asturias","twitter:description":"El consejero de Empleo, Empresa y Comercio, Javier Carnero, ha destacado la transcendencia que el sector de la miner\u00eda tendr\u00e1 en la transformaci\u00f3n del modelo productivo andaluz, ya que factura m\u00e1s de 1.200 millones anuales, genera m\u00e1s de 20.000 empleos y ha invertido hasta el momento m\u00e1s de 3.000 millones, seg\u00fan los datos aportados por","twitter:image":"https:\/\/www.eldigitaldeasturias.com\/noticias\/wp-content\/uploads\/2020\/12\/EDA-1.jpg","twitter:label1":"Escrito por","twitter:data1":"El Digital de Asturias","twitter:label2":"Tiempo de lectura estimado","twitter:data2":"4 minutos"},"aioseo_meta_data":{"post_id":"975824","title":null,"description":null,"keywords":null,"keyphrases":null,"primary_term":null,"canonical_url":null,"og_title":null,"og_description":null,"og_object_type":"default","og_image_type":"default","og_image_url":null,"og_image_width":null,"og_image_height":null,"og_image_custom_url":null,"og_image_custom_fields":null,"og_video":null,"og_custom_url":null,"og_article_section":null,"og_article_tags":null,"twitter_use_og":false,"twitter_card":"default","twitter_image_type":"default","twitter_image_url":null,"twitter_image_custom_url":null,"twitter_image_custom_fields":null,"twitter_title":null,"twitter_description":null,"schema":{"blockGraphs":[],"customGraphs":[],"default":{"data":{"Article":[],"Course":[],"Dataset":[],"FAQPage":[],"Movie":[],"Person":[],"Product":[],"ProductReview":[],"Car":[],"Recipe":[],"Service":[],"SoftwareApplication":[],"WebPage":[]},"graphName":"","isEnabled":true},"graphs":[],"defaultGraph":"","defaultPostTypeGraph":""},"schema_type":null,"schema_type_options":null,"pillar_content":false,"robots_default":true,"robots_noindex":false,"robots_noarchive":false,"robots_nosnippet":false,"robots_nofollow":false,"robots_noimageindex":false,"robots_noodp":false,"robots_notranslate":false,"robots_max_snippet":null,"robots_max_videopreview":null,"robots_max_imagepreview":"large","priority":null,"frequency":null,"local_seo":null,"seo_analyzer_scan_date":"2025-10-08 01:20:06","breadcrumb_settings":null,"limit_modified_date":false,"open_ai":null,"ai":null,"created":"2020-12-21 12:09:41","updated":"2025-10-08 01:20:06","focus_keyword":null,"additional_keywords":null,"truseo_locale":null},"aioseo_breadcrumb":"<div class=\"aioseo-breadcrumbs\"><span class=\"aioseo-breadcrumb\">\n\t<a href=\"https:\/\/www.eldigitaldeasturias.com\/noticias\" title=\"Home\">Home<\/a>\n<\/span><span class=\"aioseo-breadcrumb-separator\">\u2013<\/span><span class=\"aioseo-breadcrumb\">\n\t<a href=\"https:\/\/www.eldigitaldeasturias.com\/noticias\/category\/actualidad\/\" title=\"Actualidad\">Actualidad<\/a>\n<\/span><span class=\"aioseo-breadcrumb-separator\">\u2013<\/span><span class=\"aioseo-breadcrumb\">\n\t<a href=\"https:\/\/www.eldigitaldeasturias.com\/noticias\/la-mineria-genera-mas-de-20-000-empleos-en-andalucia\/\" title=\"La miner\u00eda genera m\u00e1s de 20.000 empleos en Andaluc\u00eda\">La miner\u00eda genera m\u00e1s de 20.000 empleos en Andaluc\u00eda<\/a>\n<\/span><\/div>","aioseo_breadcrumb_json":[{"label":"Home","link":"https:\/\/www.eldigitaldeasturias.com\/noticias"},{"label":"Actualidad","link":"https:\/\/www.eldigitaldeasturias.com\/noticias\/category\/actualidad\/"},{"label":"La miner\u00eda genera m\u00e1s de 20.000 empleos en Andaluc\u00eda","link":"https:\/\/www.eldigitaldeasturias.com\/noticias\/la-mineria-genera-mas-de-20-000-empleos-en-andalucia\/"}],"_links":{"self":[{"href":"https:\/\/www.eldigitaldeasturias.com\/noticias\/wp-json\/wp\/v2\/posts\/975824","targetHints":{"allow":["GET"]}}],"collection":[{"href":"https:\/\/www.eldigitaldeasturias.com\/noticias\/wp-json\/wp\/v2\/posts"}],"about":[{"href":"https:\/\/www.eldigitaldeasturias.com\/noticias\/wp-json\/wp\/v2\/types\/post"}],"author":[{"embeddable":true,"href":"https:\/\/www.eldigitaldeasturias.com\/noticias\/wp-json\/wp\/v2\/users\/1"}],"replies":[{"embeddable":true,"href":"https:\/\/www.eldigitaldeasturias.com\/noticias\/wp-json\/wp\/v2\/comments?post=975824"}],"version-history":[{"count":0,"href":"https:\/\/www.eldigitaldeasturias.com\/noticias\/wp-json\/wp\/v2\/posts\/975824\/revisions"}],"wp:attachment":[{"href":"https:\/\/www.eldigitaldeasturias.com\/noticias\/wp-json\/wp\/v2\/media?parent=975824"}],"wp:term":[{"taxonomy":"category","embeddable":true,"href":"https:\/\/www.eldigitaldeasturias.com\/noticias\/wp-json\/wp\/v2\/categories?post=975824"},{"taxonomy":"post_tag","embeddable":true,"href":"https:\/\/www.eldigitaldeasturias.com\/noticias\/wp-json\/wp\/v2\/tags?post=975824"}],"curies":[{"name":"wp","href":"https:\/\/api.w.org\/{rel}","templated":true}]}}