{"id":975821,"date":"2018-04-13T03:02:28","date_gmt":"2018-04-13T03:02:28","guid":{"rendered":"http:\/\/www.eldigitaldeasturias.com\/noticias\/?p=975821"},"modified":"2018-04-13T03:02:28","modified_gmt":"2018-04-13T03:02:28","slug":"susana-diaz-visita-con-la-reina-letizia-el-andaluciaskills","status":"publish","type":"post","link":"https:\/\/www.eldigitaldeasturias.com\/noticias\/susana-diaz-visita-con-la-reina-letizia-el-andaluciaskills\/","title":{"rendered":"Susana D\u00edaz visita con la Reina Letizia el Andaluc\u00edaSkills"},"content":{"rendered":"<p><img loading=\"lazy\" decoding=\"async\" class=\"alignleft size-medium wp-image-975822\" src=\"https:\/\/www.eldigitaldeasturias.com\/noticias\/wp-content\/uploads\/2018\/04\/1523446944213-360x212.jpg\" alt=\"\" width=\"360\" height=\"212\" \/>La presidenta de la Junta, Susana D\u00edaz, ha asistido en Huelva, junto a la Reina Letizia, a los actos del V Campeonato de Formaci\u00f3n Profesional Andaluc\u00edaSkills que se celebra en el campus universitario El Carmen, con la participaci\u00f3n de un total de 109 centros docentes de FP de las ocho provincias andaluzas.<\/p>\n<p>Este encuentro, que se celebra cada dos a\u00f1os, est\u00e1 organizado por la Consejer\u00eda de Educaci\u00f3n y tiene como objetivo, adem\u00e1s de dar visibilidad a la FP, ser un lugar de encuentro para empresarios, alumnado, profesorado y expertos para potenciar las relaciones entre el sistema educativo y el tejido empresarial.<\/p>\n<p>El Campeonato Auton\u00f3mico de FP se desarrolla como una competici\u00f3n donde se ponen a prueba las habilidades y capacidades de los candidatos en un total de 25 especialidades profesionales. Las pruebas, que sucesivamente deben resolver los participantes, se plantean como situaciones reales que se pueden producir dentro de un entorno profesional. Las competiciones se celebrar\u00e1n hasta el 12 de abril en un espacio de 10.000 metros cuadrados cedido por la Universidad de Huelva.<\/p>\n<p>Susana D\u00edaz ha acompa\u00f1ado a la Reina Letizia en su visita al pabell\u00f3n, las carpas y la zona exterior en la que compite el alumnado de las distintas especialidades.<\/p>\n<p>En esta edici\u00f3n participan en los campeonatos 196 estudiantes andaluces que ir\u00e1n acompa\u00f1ados por 188 docentes tutores y 25 profesorado experto. Tambi\u00e9n se contar\u00e1 con la colaboraci\u00f3n de alumnado de distintas familias profesionales.<\/p>\n<p>Las especialidades profesionales en las que compiten son: Mecatr\u00f3nica, CNC Fresado-Torneado, Soldadura, Fontaner\u00eda y Calefacci\u00f3n, Electr\u00f3nica, Desarrollo Web, Instalaciones El\u00e9ctricas, Control Industrial, Rob\u00f3tica M\u00f3vil, Ebanister\u00eda, Carpinter\u00eda, Florister\u00eda, Peluquer\u00eda, Est\u00e9tica, Tecnolog\u00eda de la Moda, Tecnolog\u00eda del Autom\u00f3vil, Cocina, Servicios de Restauraci\u00f3n y Bar, Pintura del Autom\u00f3vil, Jardiner\u00eda Paisaj\u00edstica, Refrigeraci\u00f3n, Administraci\u00f3n de Sistemas en Red, Cuidados Auxiliares de Enfermer\u00eda y Atenci\u00f3n Sociosanitaria, Recepci\u00f3n hotelera y Panader\u00eda-Pasteler\u00eda.<\/p>\n<p>Asimismo, Educaci\u00f3n contar\u00e1 con la colaboraci\u00f3n de m\u00e1s 50 empresas de diferentes sectores productivos que aportar\u00e1n recursos y equipamientos para el desarrollo de las olimpiadas.<\/p>\n<p>Por otra parte, la Consejer\u00eda, con la idea de fomentar y dar a conocer el trabajo que se realiza en las aulas y talleres de los centros de FP, cuenta tambi\u00e9n con la colaboraci\u00f3n del profesorado y alumnado de distintas familias profesionales. As\u00ed, dise\u00f1an la se\u00f1al\u00e9tica y la rotulaci\u00f3n de los espacios; realizan la decoraci\u00f3n floral del recinto, o desarrollan labores de azafatos o azafatas durante el evento.<\/p>\n<p>Los ganadores del campeonato participar\u00e1n en las olimpiadas nacionales &#8216;Spainskills 2019&#8217; que se celebrar\u00e1 en Madrid. Tras el encuentro en la capital, los j\u00f3venes finalistas participar\u00e1n sucesivamente en Euroskills y Worldskills, convocatorias que tambi\u00e9n se celebran cada dos a\u00f1os y que re\u00fanen a los alumnos de Formaci\u00f3n Profesional que mejor han demostrado sus habilidades profesionales en los campeonatos nacionales de sus respectivos pa\u00edses.<\/p>\n<p>En la pasada edici\u00f3n de las &#8216;Spainskills&#8217;, Andaluc\u00eda obtuvo un total de nueve medallas, tres de oro, cinco de plata y una de bronce entre las 19 modalidades donde compet\u00edan los 21 participantes andaluces.<\/p>\n","protected":false},"excerpt":{"rendered":"<p>La presidenta de la Junta, Susana D\u00edaz, ha asistido en Huelva, junto a la Reina Letizia, a los actos del V Campeonato de Formaci\u00f3n Profesional Andaluc\u00edaSkills que se celebra en el campus universitario El Carmen, con la participaci\u00f3n de un total de 109 centros docentes de FP de las ocho provincias andaluzas. Este encuentro, que [&hellip;]<\/p>\n","protected":false},"author":1,"featured_media":975822,"comment_status":"closed","ping_status":"closed","sticky":false,"template":"","format":"standard","meta":{"footnotes":""},"categories":[1],"tags":[],"class_list":["post-975821","post","type-post","status-publish","format-standard","has-post-thumbnail","hentry","category-actualidad"],"aioseo_notices":[],"aioseo_head":"\n\t\t<!-- All in One SEO Pro 5.0.1 - aioseo.com -->\n\t<meta name=\"description\" content=\"La presidenta de la Junta, Susana D\u00edaz, ha asistido en Huelva, junto a la Reina Letizia, a los actos del V Campeonato de Formaci\u00f3n Profesional Andaluc\u00edaSkills que se celebra en el campus universitario El Carmen, con la participaci\u00f3n de un total de 109 centros docentes de FP de las ocho provincias andaluzas. Este encuentro, que\" \/>\n\t<meta name=\"robots\" content=\"max-image-preview:large\" \/>\n\t<meta name=\"author\" content=\"El Digital de Asturias\"\/>\n\t<meta name=\"google-site-verification\" content=\"UA-38556648-1\" \/>\n\t<meta name=\"msvalidate.01\" content=\"7dfe9f3f1b24437ab69f4f2559babe99\" \/>\n\t<meta name=\"keywords\" content=\"actualidad\" \/>\n\t<link rel=\"canonical\" href=\"https:\/\/www.eldigitaldeasturias.com\/noticias\/susana-diaz-visita-con-la-reina-letizia-el-andaluciaskills\/\" \/>\n\t<meta name=\"generator\" content=\"All in One SEO Pro (AIOSEO) 5.0.1\" \/>\n\t\t<meta property=\"og:locale\" content=\"es_ES\" \/>\n\t\t<meta property=\"og:site_name\" content=\"El Digital de Asturias\" \/>\n\t\t<meta property=\"og:type\" content=\"article\" \/>\n\t\t<meta property=\"og:title\" content=\"Susana D\u00edaz visita con la Reina Letizia el Andaluc\u00edaSkills - El Digital de Asturias\" \/>\n\t\t<meta property=\"og:description\" content=\"La presidenta de la Junta, Susana D\u00edaz, ha asistido en Huelva, junto a la Reina Letizia, a los actos del V Campeonato de Formaci\u00f3n Profesional Andaluc\u00edaSkills que se celebra en el campus universitario El Carmen, con la participaci\u00f3n de un total de 109 centros docentes de FP de las ocho provincias andaluzas. Este encuentro, que\" \/>\n\t\t<meta property=\"og:url\" content=\"https:\/\/www.eldigitaldeasturias.com\/noticias\/susana-diaz-visita-con-la-reina-letizia-el-andaluciaskills\/\" \/>\n\t\t<meta property=\"article:tag\" content=\"actualidad\" \/>\n\t\t<meta property=\"article:published_time\" content=\"2018-04-13T03:02:28+00:00\" \/>\n\t\t<meta property=\"article:modified_time\" content=\"2018-04-13T03:02:28+00:00\" \/>\n\t\t<meta property=\"article:publisher\" content=\"https:\/\/facebook.com\/eldigitaldeasturias\" \/>\n\t\t<meta name=\"twitter:card\" content=\"summary_large_image\" \/>\n\t\t<meta name=\"twitter:title\" content=\"Susana D\u00edaz visita con la Reina Letizia el Andaluc\u00edaSkills - El Digital de Asturias\" \/>\n\t\t<meta name=\"twitter:description\" content=\"La presidenta de la Junta, Susana D\u00edaz, ha asistido en Huelva, junto a la Reina Letizia, a los actos del V Campeonato de Formaci\u00f3n Profesional Andaluc\u00edaSkills que se celebra en el campus universitario El Carmen, con la participaci\u00f3n de un total de 109 centros docentes de FP de las ocho provincias andaluzas. Este encuentro, que\" \/>\n\t\t<meta name=\"twitter:image\" content=\"https:\/\/www.eldigitaldeasturias.com\/noticias\/wp-content\/uploads\/2020\/12\/EDA-1.jpg\" \/>\n\t\t<meta name=\"twitter:label1\" content=\"Escrito por\" \/>\n\t\t<meta name=\"twitter:data1\" content=\"El Digital de Asturias\" \/>\n\t\t<meta name=\"twitter:label2\" content=\"Tiempo de lectura estimado\" \/>\n\t\t<meta name=\"twitter:data2\" content=\"3 minutos\" \/>\n\t\t<script type=\"application\/ld+json\" class=\"aioseo-schema\">\n\t\t\t{\"@context\":\"https:\\\/\\\/schema.org\",\"@graph\":[{\"@type\":\"BlogPosting\",\"@id\":\"https:\\\/\\\/www.eldigitaldeasturias.com\\\/noticias\\\/susana-diaz-visita-con-la-reina-letizia-el-andaluciaskills\\\/#blogposting\",\"name\":\"Susana D\\u00edaz visita con la Reina Letizia el Andaluc\\u00edaSkills - El Digital de Asturias\",\"headline\":\"Susana D\\u00edaz visita con la Reina Letizia el Andaluc\\u00edaSkills\",\"author\":{\"@id\":\"https:\\\/\\\/www.eldigitaldeasturias.com\\\/noticias\\\/author\\\/admin\\\/#author\"},\"publisher\":{\"@id\":\"https:\\\/\\\/www.eldigitaldeasturias.com\\\/noticias\\\/#organization\"},\"image\":{\"@type\":\"ImageObject\",\"url\":975822},\"datePublished\":\"2018-04-13T03:02:28+02:00\",\"dateModified\":\"2018-04-13T03:02:28+02:00\",\"inLanguage\":\"es-ES\",\"mainEntityOfPage\":{\"@id\":\"https:\\\/\\\/www.eldigitaldeasturias.com\\\/noticias\\\/susana-diaz-visita-con-la-reina-letizia-el-andaluciaskills\\\/#webpage\"},\"isPartOf\":{\"@id\":\"https:\\\/\\\/www.eldigitaldeasturias.com\\\/noticias\\\/susana-diaz-visita-con-la-reina-letizia-el-andaluciaskills\\\/#webpage\"},\"articleSection\":\"Actualidad\"},{\"@type\":\"BreadcrumbList\",\"@id\":\"https:\\\/\\\/www.eldigitaldeasturias.com\\\/noticias\\\/susana-diaz-visita-con-la-reina-letizia-el-andaluciaskills\\\/#breadcrumblist\",\"itemListElement\":[{\"@type\":\"ListItem\",\"@id\":\"https:\\\/\\\/www.eldigitaldeasturias.com\\\/noticias#listItem\",\"position\":1,\"name\":\"Home\",\"item\":\"https:\\\/\\\/www.eldigitaldeasturias.com\\\/noticias\",\"nextItem\":{\"@type\":\"ListItem\",\"@id\":\"https:\\\/\\\/www.eldigitaldeasturias.com\\\/noticias\\\/category\\\/actualidad\\\/#listItem\",\"name\":\"Actualidad\"}},{\"@type\":\"ListItem\",\"@id\":\"https:\\\/\\\/www.eldigitaldeasturias.com\\\/noticias\\\/category\\\/actualidad\\\/#listItem\",\"position\":2,\"name\":\"Actualidad\",\"item\":\"https:\\\/\\\/www.eldigitaldeasturias.com\\\/noticias\\\/category\\\/actualidad\\\/\",\"nextItem\":{\"@type\":\"ListItem\",\"@id\":\"https:\\\/\\\/www.eldigitaldeasturias.com\\\/noticias\\\/susana-diaz-visita-con-la-reina-letizia-el-andaluciaskills\\\/#listItem\",\"name\":\"Susana D\\u00edaz visita con la Reina Letizia el Andaluc\\u00edaSkills\"},\"previousItem\":{\"@type\":\"ListItem\",\"@id\":\"https:\\\/\\\/www.eldigitaldeasturias.com\\\/noticias#listItem\",\"name\":\"Home\"}},{\"@type\":\"ListItem\",\"@id\":\"https:\\\/\\\/www.eldigitaldeasturias.com\\\/noticias\\\/susana-diaz-visita-con-la-reina-letizia-el-andaluciaskills\\\/#listItem\",\"position\":3,\"name\":\"Susana D\\u00edaz visita con la Reina Letizia el Andaluc\\u00edaSkills\",\"previousItem\":{\"@type\":\"ListItem\",\"@id\":\"https:\\\/\\\/www.eldigitaldeasturias.com\\\/noticias\\\/category\\\/actualidad\\\/#listItem\",\"name\":\"Actualidad\"}}]},{\"@type\":\"Organization\",\"@id\":\"https:\\\/\\\/www.eldigitaldeasturias.com\\\/noticias\\\/#organization\",\"name\":\"El Digital de Asturias\",\"description\":\"Hemeroteca\",\"url\":\"https:\\\/\\\/www.eldigitaldeasturias.com\\\/noticias\\\/\",\"email\":\"info@eldigitaldeasturias.com\",\"telephone\":\"+34652131393\",\"logo\":{\"@type\":\"ImageObject\",\"url\":\"https:\\\/\\\/www.eldigitaldeasturias.com\\\/noticias\\\/wp-content\\\/uploads\\\/2020\\\/12\\\/EDA.jpg\",\"@id\":\"https:\\\/\\\/www.eldigitaldeasturias.com\\\/noticias\\\/susana-diaz-visita-con-la-reina-letizia-el-andaluciaskills\\\/#organizationLogo\"},\"image\":{\"@id\":\"https:\\\/\\\/www.eldigitaldeasturias.com\\\/noticias\\\/susana-diaz-visita-con-la-reina-letizia-el-andaluciaskills\\\/#organizationLogo\"},\"sameAs\":[\"https:\\\/\\\/facebook.com\\\/eldigitaldeasturias\",\"https:\\\/\\\/www.youtube.com\\\/channel\\\/UCZP-2wLEB9Rv6erhFmqVnvg\"],\"address\":{\"@id\":\"https:\\\/\\\/www.eldigitaldeasturias.com\\\/noticias\\\/#postaladdress\",\"@type\":\"PostalAddress\",\"streetAddress\":\"san antonio 4\",\"postalCode\":\"33430\",\"addressLocality\":\"Cand\\u00e1s\",\"addressRegion\":\"Asturias\",\"addressCountry\":\"ES\"}},{\"@type\":\"Person\",\"@id\":\"https:\\\/\\\/www.eldigitaldeasturias.com\\\/noticias\\\/author\\\/admin\\\/#author\",\"url\":\"https:\\\/\\\/www.eldigitaldeasturias.com\\\/noticias\\\/author\\\/admin\\\/\",\"name\":\"El Digital de Asturias\",\"image\":{\"@type\":\"ImageObject\",\"@id\":\"https:\\\/\\\/www.eldigitaldeasturias.com\\\/noticias\\\/susana-diaz-visita-con-la-reina-letizia-el-andaluciaskills\\\/#authorImage\",\"url\":\"https:\\\/\\\/secure.gravatar.com\\\/avatar\\\/df2aeffc32bcd13f8d26072ef8a91b623d677766deac7f97ca815868cd41bf5e?s=96&d=mm&r=g\",\"width\":96,\"height\":96,\"caption\":\"El Digital de Asturias\"}},{\"@type\":\"WebPage\",\"@id\":\"https:\\\/\\\/www.eldigitaldeasturias.com\\\/noticias\\\/susana-diaz-visita-con-la-reina-letizia-el-andaluciaskills\\\/#webpage\",\"url\":\"https:\\\/\\\/www.eldigitaldeasturias.com\\\/noticias\\\/susana-diaz-visita-con-la-reina-letizia-el-andaluciaskills\\\/\",\"name\":\"Susana D\\u00edaz visita con la Reina Letizia el Andaluc\\u00edaSkills - El Digital de Asturias\",\"description\":\"La presidenta de la Junta, Susana D\\u00edaz, ha asistido en Huelva, junto a la Reina Letizia, a los actos del V Campeonato de Formaci\\u00f3n Profesional Andaluc\\u00edaSkills que se celebra en el campus universitario El Carmen, con la participaci\\u00f3n de un total de 109 centros docentes de FP de las ocho provincias andaluzas. Este encuentro, que\",\"inLanguage\":\"es-ES\",\"isPartOf\":{\"@id\":\"https:\\\/\\\/www.eldigitaldeasturias.com\\\/noticias\\\/#website\"},\"breadcrumb\":{\"@id\":\"https:\\\/\\\/www.eldigitaldeasturias.com\\\/noticias\\\/susana-diaz-visita-con-la-reina-letizia-el-andaluciaskills\\\/#breadcrumblist\"},\"author\":{\"@id\":\"https:\\\/\\\/www.eldigitaldeasturias.com\\\/noticias\\\/author\\\/admin\\\/#author\"},\"creator\":{\"@id\":\"https:\\\/\\\/www.eldigitaldeasturias.com\\\/noticias\\\/author\\\/admin\\\/#author\"},\"image\":{\"@type\":\"ImageObject\",\"url\":975822,\"@id\":\"https:\\\/\\\/www.eldigitaldeasturias.com\\\/noticias\\\/susana-diaz-visita-con-la-reina-letizia-el-andaluciaskills\\\/#mainImage\"},\"primaryImageOfPage\":{\"@id\":\"https:\\\/\\\/www.eldigitaldeasturias.com\\\/noticias\\\/susana-diaz-visita-con-la-reina-letizia-el-andaluciaskills\\\/#mainImage\"},\"datePublished\":\"2018-04-13T03:02:28+02:00\",\"dateModified\":\"2018-04-13T03:02:28+02:00\"},{\"@type\":\"WebSite\",\"@id\":\"https:\\\/\\\/www.eldigitaldeasturias.com\\\/noticias\\\/#website\",\"url\":\"https:\\\/\\\/www.eldigitaldeasturias.com\\\/noticias\\\/\",\"name\":\"El Digital de Asturias - Diario de actualidad y noticias\",\"alternateName\":\"El Digital de Asturias - Diario de actualidad y noticias\",\"description\":\"Hemeroteca\",\"inLanguage\":\"es-ES\",\"publisher\":{\"@id\":\"https:\\\/\\\/www.eldigitaldeasturias.com\\\/noticias\\\/#organization\"}}]}\n\t\t<\/script>\n\t\t<!-- All in One SEO Pro -->\r\n\t\t<title>Susana D\u00edaz visita con la Reina Letizia el Andaluc\u00edaSkills - El Digital de Asturias<\/title>\n\n","aioseo_head_json":{"title":"Susana D\u00edaz visita con la Reina Letizia el Andaluc\u00edaSkills - El Digital de Asturias","description":"La presidenta de la Junta, Susana D\u00edaz, ha asistido en Huelva, junto a la Reina Letizia, a los actos del V Campeonato de Formaci\u00f3n Profesional Andaluc\u00edaSkills que se celebra en el campus universitario El Carmen, con la participaci\u00f3n de un total de 109 centros docentes de FP de las ocho provincias andaluzas. Este encuentro, que","canonical_url":"https:\/\/www.eldigitaldeasturias.com\/noticias\/susana-diaz-visita-con-la-reina-letizia-el-andaluciaskills\/","robots":"max-image-preview:large","keywords":"actualidad","webmasterTools":{"google-site-verification":"UA-38556648-1","msvalidate.01":"7dfe9f3f1b24437ab69f4f2559babe99","miscellaneous":""},"schema":{"@context":"https:\/\/schema.org","@graph":[{"@type":"BlogPosting","@id":"https:\/\/www.eldigitaldeasturias.com\/noticias\/susana-diaz-visita-con-la-reina-letizia-el-andaluciaskills\/#blogposting","name":"Susana D\u00edaz visita con la Reina Letizia el Andaluc\u00edaSkills - El Digital de Asturias","headline":"Susana D\u00edaz visita con la Reina Letizia el Andaluc\u00edaSkills","author":{"@id":"https:\/\/www.eldigitaldeasturias.com\/noticias\/author\/admin\/#author"},"publisher":{"@id":"https:\/\/www.eldigitaldeasturias.com\/noticias\/#organization"},"image":{"@type":"ImageObject","url":975822},"datePublished":"2018-04-13T03:02:28+02:00","dateModified":"2018-04-13T03:02:28+02:00","inLanguage":"es-ES","mainEntityOfPage":{"@id":"https:\/\/www.eldigitaldeasturias.com\/noticias\/susana-diaz-visita-con-la-reina-letizia-el-andaluciaskills\/#webpage"},"isPartOf":{"@id":"https:\/\/www.eldigitaldeasturias.com\/noticias\/susana-diaz-visita-con-la-reina-letizia-el-andaluciaskills\/#webpage"},"articleSection":"Actualidad"},{"@type":"BreadcrumbList","@id":"https:\/\/www.eldigitaldeasturias.com\/noticias\/susana-diaz-visita-con-la-reina-letizia-el-andaluciaskills\/#breadcrumblist","itemListElement":[{"@type":"ListItem","@id":"https:\/\/www.eldigitaldeasturias.com\/noticias#listItem","position":1,"name":"Home","item":"https:\/\/www.eldigitaldeasturias.com\/noticias","nextItem":{"@type":"ListItem","@id":"https:\/\/www.eldigitaldeasturias.com\/noticias\/category\/actualidad\/#listItem","name":"Actualidad"}},{"@type":"ListItem","@id":"https:\/\/www.eldigitaldeasturias.com\/noticias\/category\/actualidad\/#listItem","position":2,"name":"Actualidad","item":"https:\/\/www.eldigitaldeasturias.com\/noticias\/category\/actualidad\/","nextItem":{"@type":"ListItem","@id":"https:\/\/www.eldigitaldeasturias.com\/noticias\/susana-diaz-visita-con-la-reina-letizia-el-andaluciaskills\/#listItem","name":"Susana D\u00edaz visita con la Reina Letizia el Andaluc\u00edaSkills"},"previousItem":{"@type":"ListItem","@id":"https:\/\/www.eldigitaldeasturias.com\/noticias#listItem","name":"Home"}},{"@type":"ListItem","@id":"https:\/\/www.eldigitaldeasturias.com\/noticias\/susana-diaz-visita-con-la-reina-letizia-el-andaluciaskills\/#listItem","position":3,"name":"Susana D\u00edaz visita con la Reina Letizia el Andaluc\u00edaSkills","previousItem":{"@type":"ListItem","@id":"https:\/\/www.eldigitaldeasturias.com\/noticias\/category\/actualidad\/#listItem","name":"Actualidad"}}]},{"@type":"Organization","@id":"https:\/\/www.eldigitaldeasturias.com\/noticias\/#organization","name":"El Digital de Asturias","description":"Hemeroteca","url":"https:\/\/www.eldigitaldeasturias.com\/noticias\/","email":"info@eldigitaldeasturias.com","telephone":"+34652131393","logo":{"@type":"ImageObject","url":"https:\/\/www.eldigitaldeasturias.com\/noticias\/wp-content\/uploads\/2020\/12\/EDA.jpg","@id":"https:\/\/www.eldigitaldeasturias.com\/noticias\/susana-diaz-visita-con-la-reina-letizia-el-andaluciaskills\/#organizationLogo"},"image":{"@id":"https:\/\/www.eldigitaldeasturias.com\/noticias\/susana-diaz-visita-con-la-reina-letizia-el-andaluciaskills\/#organizationLogo"},"sameAs":["https:\/\/facebook.com\/eldigitaldeasturias","https:\/\/www.youtube.com\/channel\/UCZP-2wLEB9Rv6erhFmqVnvg"],"address":{"@id":"https:\/\/www.eldigitaldeasturias.com\/noticias\/#postaladdress","@type":"PostalAddress","streetAddress":"san antonio 4","postalCode":"33430","addressLocality":"Cand\u00e1s","addressRegion":"Asturias","addressCountry":"ES"}},{"@type":"Person","@id":"https:\/\/www.eldigitaldeasturias.com\/noticias\/author\/admin\/#author","url":"https:\/\/www.eldigitaldeasturias.com\/noticias\/author\/admin\/","name":"El Digital de Asturias","image":{"@type":"ImageObject","@id":"https:\/\/www.eldigitaldeasturias.com\/noticias\/susana-diaz-visita-con-la-reina-letizia-el-andaluciaskills\/#authorImage","url":"https:\/\/secure.gravatar.com\/avatar\/df2aeffc32bcd13f8d26072ef8a91b623d677766deac7f97ca815868cd41bf5e?s=96&d=mm&r=g","width":96,"height":96,"caption":"El Digital de Asturias"}},{"@type":"WebPage","@id":"https:\/\/www.eldigitaldeasturias.com\/noticias\/susana-diaz-visita-con-la-reina-letizia-el-andaluciaskills\/#webpage","url":"https:\/\/www.eldigitaldeasturias.com\/noticias\/susana-diaz-visita-con-la-reina-letizia-el-andaluciaskills\/","name":"Susana D\u00edaz visita con la Reina Letizia el Andaluc\u00edaSkills - El Digital de Asturias","description":"La presidenta de la Junta, Susana D\u00edaz, ha asistido en Huelva, junto a la Reina Letizia, a los actos del V Campeonato de Formaci\u00f3n Profesional Andaluc\u00edaSkills que se celebra en el campus universitario El Carmen, con la participaci\u00f3n de un total de 109 centros docentes de FP de las ocho provincias andaluzas. Este encuentro, que","inLanguage":"es-ES","isPartOf":{"@id":"https:\/\/www.eldigitaldeasturias.com\/noticias\/#website"},"breadcrumb":{"@id":"https:\/\/www.eldigitaldeasturias.com\/noticias\/susana-diaz-visita-con-la-reina-letizia-el-andaluciaskills\/#breadcrumblist"},"author":{"@id":"https:\/\/www.eldigitaldeasturias.com\/noticias\/author\/admin\/#author"},"creator":{"@id":"https:\/\/www.eldigitaldeasturias.com\/noticias\/author\/admin\/#author"},"image":{"@type":"ImageObject","url":975822,"@id":"https:\/\/www.eldigitaldeasturias.com\/noticias\/susana-diaz-visita-con-la-reina-letizia-el-andaluciaskills\/#mainImage"},"primaryImageOfPage":{"@id":"https:\/\/www.eldigitaldeasturias.com\/noticias\/susana-diaz-visita-con-la-reina-letizia-el-andaluciaskills\/#mainImage"},"datePublished":"2018-04-13T03:02:28+02:00","dateModified":"2018-04-13T03:02:28+02:00"},{"@type":"WebSite","@id":"https:\/\/www.eldigitaldeasturias.com\/noticias\/#website","url":"https:\/\/www.eldigitaldeasturias.com\/noticias\/","name":"El Digital de Asturias - Diario de actualidad y noticias","alternateName":"El Digital de Asturias - Diario de actualidad y noticias","description":"Hemeroteca","inLanguage":"es-ES","publisher":{"@id":"https:\/\/www.eldigitaldeasturias.com\/noticias\/#organization"}}]},"og:locale":"es_ES","og:site_name":"El Digital de Asturias","og:type":"article","og:title":"Susana D\u00edaz visita con la Reina Letizia el Andaluc\u00edaSkills - El Digital de Asturias","og:description":"La presidenta de la Junta, Susana D\u00edaz, ha asistido en Huelva, junto a la Reina Letizia, a los actos del V Campeonato de Formaci\u00f3n Profesional Andaluc\u00edaSkills que se celebra en el campus universitario El Carmen, con la participaci\u00f3n de un total de 109 centros docentes de FP de las ocho provincias andaluzas. Este encuentro, que","og:url":"https:\/\/www.eldigitaldeasturias.com\/noticias\/susana-diaz-visita-con-la-reina-letizia-el-andaluciaskills\/","article:tag":["actualidad"],"article:published_time":"2018-04-13T03:02:28+00:00","article:modified_time":"2018-04-13T03:02:28+00:00","article:publisher":"https:\/\/facebook.com\/eldigitaldeasturias","twitter:card":"summary_large_image","twitter:title":"Susana D\u00edaz visita con la Reina Letizia el Andaluc\u00edaSkills - El Digital de Asturias","twitter:description":"La presidenta de la Junta, Susana D\u00edaz, ha asistido en Huelva, junto a la Reina Letizia, a los actos del V Campeonato de Formaci\u00f3n Profesional Andaluc\u00edaSkills que se celebra en el campus universitario El Carmen, con la participaci\u00f3n de un total de 109 centros docentes de FP de las ocho provincias andaluzas. Este encuentro, que","twitter:image":"https:\/\/www.eldigitaldeasturias.com\/noticias\/wp-content\/uploads\/2020\/12\/EDA-1.jpg","twitter:label1":"Escrito por","twitter:data1":"El Digital de Asturias","twitter:label2":"Tiempo de lectura estimado","twitter:data2":"3 minutos"},"aioseo_meta_data":{"post_id":"975821","title":null,"description":null,"keywords":null,"keyphrases":null,"primary_term":null,"canonical_url":null,"og_title":null,"og_description":null,"og_object_type":"default","og_image_type":"default","og_image_url":null,"og_image_width":null,"og_image_height":null,"og_image_custom_url":null,"og_image_custom_fields":null,"og_video":null,"og_custom_url":null,"og_article_section":null,"og_article_tags":null,"twitter_use_og":false,"twitter_card":"default","twitter_image_type":"default","twitter_image_url":null,"twitter_image_custom_url":null,"twitter_image_custom_fields":null,"twitter_title":null,"twitter_description":null,"schema":{"blockGraphs":[],"customGraphs":[],"default":{"data":{"Article":[],"Course":[],"Dataset":[],"FAQPage":[],"Movie":[],"Person":[],"Product":[],"ProductReview":[],"Car":[],"Recipe":[],"Service":[],"SoftwareApplication":[],"WebPage":[]},"graphName":"","isEnabled":true},"graphs":[],"defaultGraph":"","defaultPostTypeGraph":""},"schema_type":null,"schema_type_options":null,"pillar_content":false,"robots_default":true,"robots_noindex":false,"robots_noarchive":false,"robots_nosnippet":false,"robots_nofollow":false,"robots_noimageindex":false,"robots_noodp":false,"robots_notranslate":false,"robots_max_snippet":null,"robots_max_videopreview":null,"robots_max_imagepreview":"large","priority":null,"frequency":null,"local_seo":null,"seo_analyzer_scan_date":"2025-10-08 01:20:05","breadcrumb_settings":null,"limit_modified_date":false,"open_ai":null,"ai":null,"created":"2020-12-21 12:09:41","updated":"2025-10-08 01:20:05","focus_keyword":null,"additional_keywords":null,"truseo_locale":null},"aioseo_breadcrumb":"<div class=\"aioseo-breadcrumbs\"><span class=\"aioseo-breadcrumb\">\n\t<a href=\"https:\/\/www.eldigitaldeasturias.com\/noticias\" title=\"Home\">Home<\/a>\n<\/span><span class=\"aioseo-breadcrumb-separator\">\u2013<\/span><span class=\"aioseo-breadcrumb\">\n\t<a href=\"https:\/\/www.eldigitaldeasturias.com\/noticias\/category\/actualidad\/\" title=\"Actualidad\">Actualidad<\/a>\n<\/span><span class=\"aioseo-breadcrumb-separator\">\u2013<\/span><span class=\"aioseo-breadcrumb\">\n\t<a href=\"https:\/\/www.eldigitaldeasturias.com\/noticias\/susana-diaz-visita-con-la-reina-letizia-el-andaluciaskills\/\" title=\"Susana D\u00edaz visita con la Reina Letizia el Andaluc\u00edaSkills\">Susana D\u00edaz visita con la Reina Letizia el Andaluc\u00edaSkills<\/a>\n<\/span><\/div>","aioseo_breadcrumb_json":[{"label":"Home","link":"https:\/\/www.eldigitaldeasturias.com\/noticias"},{"label":"Actualidad","link":"https:\/\/www.eldigitaldeasturias.com\/noticias\/category\/actualidad\/"},{"label":"Susana D\u00edaz visita con la Reina Letizia el Andaluc\u00edaSkills","link":"https:\/\/www.eldigitaldeasturias.com\/noticias\/susana-diaz-visita-con-la-reina-letizia-el-andaluciaskills\/"}],"_links":{"self":[{"href":"https:\/\/www.eldigitaldeasturias.com\/noticias\/wp-json\/wp\/v2\/posts\/975821","targetHints":{"allow":["GET"]}}],"collection":[{"href":"https:\/\/www.eldigitaldeasturias.com\/noticias\/wp-json\/wp\/v2\/posts"}],"about":[{"href":"https:\/\/www.eldigitaldeasturias.com\/noticias\/wp-json\/wp\/v2\/types\/post"}],"author":[{"embeddable":true,"href":"https:\/\/www.eldigitaldeasturias.com\/noticias\/wp-json\/wp\/v2\/users\/1"}],"replies":[{"embeddable":true,"href":"https:\/\/www.eldigitaldeasturias.com\/noticias\/wp-json\/wp\/v2\/comments?post=975821"}],"version-history":[{"count":0,"href":"https:\/\/www.eldigitaldeasturias.com\/noticias\/wp-json\/wp\/v2\/posts\/975821\/revisions"}],"wp:attachment":[{"href":"https:\/\/www.eldigitaldeasturias.com\/noticias\/wp-json\/wp\/v2\/media?parent=975821"}],"wp:term":[{"taxonomy":"category","embeddable":true,"href":"https:\/\/www.eldigitaldeasturias.com\/noticias\/wp-json\/wp\/v2\/categories?post=975821"},{"taxonomy":"post_tag","embeddable":true,"href":"https:\/\/www.eldigitaldeasturias.com\/noticias\/wp-json\/wp\/v2\/tags?post=975821"}],"curies":[{"name":"wp","href":"https:\/\/api.w.org\/{rel}","templated":true}]}}