{"id":975815,"date":"2018-04-13T02:58:36","date_gmt":"2018-04-13T02:58:36","guid":{"rendered":"http:\/\/www.eldigitaldeasturias.com\/noticias\/?p=975815"},"modified":"2018-04-13T02:58:36","modified_gmt":"2018-04-13T02:58:36","slug":"andalucia-refuerza-la-lucha-contra-la-seca-en-las-dehesas","status":"publish","type":"post","link":"https:\/\/www.eldigitaldeasturias.com\/noticias\/andalucia-refuerza-la-lucha-contra-la-seca-en-las-dehesas\/","title":{"rendered":"Andaluc\u00eda refuerza la lucha contra la seca en las dehesas"},"content":{"rendered":"<p><img loading=\"lazy\" decoding=\"async\" class=\"alignleft size-medium wp-image-975816\" src=\"https:\/\/www.eldigitaldeasturias.com\/noticias\/wp-content\/uploads\/2018\/04\/1523356979552encinassecaestandardn-360x212.jpg\" alt=\"\" width=\"360\" height=\"212\" \/>Las consejer\u00edas de Agricultura, Pesca y Desarrollo Rural y de Medio Ambiente y Ordenaci\u00f3n del Territorio han presentado al Consejo de Gobierno el nuevo Cat\u00e1logo de Acciones contra la Seca de los Quercus, que reforzar\u00e1 las medidas contra una de las principales amenazas para la supervivencia de las dehesas y los alcornocales de la comunidad. Esta afecci\u00f3n dificulta el desarrollo y provoca la desecaci\u00f3n de las encinas, alcornoques y otros \u00e1rboles similares de estos agrosistemas, que en la comunidad aut\u00f3noma cuentan con 1,3 millones de hect\u00e1reas distribuidas por m\u00e1s de 14.000 explotaciones agr\u00edcolas y ganaderas de un centenar de municipios.<\/p>\n<p>El programa se financiar\u00e1 con los m\u00e1s de 32,5 millones de euros hasta 2020 que tiene presupuestados la Junta para la mejora y regeneraci\u00f3n de formaciones adehesadas y alcornocales, procedentes tanto de recursos propios como del Fondo Europeo Agrario de Desarrollo Rural. Asimismo desarrollar\u00e1 las previsiones recogidas en el Plan Director de las Dehesas de Andaluc\u00eda para hacer frente a este problema, que tambi\u00e9n se extiende a todo el suroeste espa\u00f1ol y a Portugal.<\/p>\n<p>Los objetivos prioritarios se dirigen a fortalecer el estado de salud de los sistemas afectados, promover el registro de materias activas contra los agentes nocivos de los Quercus y la certificaci\u00f3n sanitaria de plantas de vivero libres de los mismos e impulsar avances en la obtenci\u00f3n de variedades resistentes y bioestimulantes. La seca puede ser causada tanto por agentes nocivos, principalmente el pat\u00f3geno &#8216;Phytophthora cinnamomi&#8217;, que provoca la denominada podredumbre radical, como por factores ambientales generales (el decaimiento forestal vinculado al cambio clim\u00e1tico).<\/p>\n<p>Entre las novedades incluidas en el cat\u00e1logo, destaca la creaci\u00f3n del Servicio de Diagn\u00f3stico de la Seca, que identificar\u00e1 los agentes y factores causantes para actuar sobre ellos y establecer medidas de prevenci\u00f3n, evitando la propagaci\u00f3n y reduciendo el efecto de los focos existentes. Tambi\u00e9n prestar\u00e1 asesoramiento y apoyo con recomendaciones de manejo y buenas pr\u00e1cticas, as\u00ed como con transferencia de conocimiento al sector.<\/p>\n<p>El servicio, ya en funcionamiento con car\u00e1cter experimental, est\u00e1 dotado con 1,3 millones de euros y cuenta con personal de las consejer\u00edas promotoras; el apoyo t\u00e9cnico de las agencias de Medio Ambiente y Agua y de Gesti\u00f3n Agraria y Pesquera de Andaluc\u00eda; el Ifapa (Instituto de Investigaci\u00f3n y Formaci\u00f3n Agraria y Pesquera), y el conocimiento aportado por las universidades andaluzas y el CSIC (Consejo Superior de Investigaciones Cient\u00edficas). La previsi\u00f3n es que se ponga en marcha plenamente en oto\u00f1o.<\/p>\n<p>Otras actuaciones previstas son el seguimiento y evaluaci\u00f3n de explosi\u00f3n de poblaciones de agentes causantes de seca, y el impulso de la cooperaci\u00f3n para el desarrollo de proyectos innovadores, estudios de afecci\u00f3n de la seca y actividades econ\u00f3micas de las explotaciones. A ello se a\u00f1aden las ayudas para la mejora del arbolado de las dehesas previstas en el Programa de Desarrollo Rural de Andaluc\u00eda, con m\u00e1s de 30,5 millones de euros hasta 2020.<\/p>\n<p><strong>Investigaci\u00f3n<\/strong><\/p>\n<p>La Junta lleva trabajando desde los a\u00f1os 90 en diferentes proyectos para prevenir y luchar contra la mortandad del arbolado en formaciones adehesadas y alcornocales. La Consejer\u00eda de Agricultura, Pesca y Desarrollo Rural, a trav\u00e9s del Ifapa, participa desde hace a\u00f1os en varios proyectos de investigaci\u00f3n, transferencia y formaci\u00f3n, centrados fundamentalmente en el control del pat\u00f3geno &#8216;Phytophthora cinnamomi&#8217;. En 2010 puso en marcha el proyecto de transferencia y formaci\u00f3n &#8216;Transforma. Mejora integral de los sistemas adehesados andaluces&#8217;.<\/p>\n<p>Por otra parte, un proyecto de investigaci\u00f3n coordinado por el Centro de Investigaciones Cient\u00edficas y Tecnol\u00f3gicas de Extremadura (Cicytex), con la participaci\u00f3n del Ifapa, el grupo estatal Tragsa y las universidades de C\u00f3rdoba y Extremadura, analiza las posibilidades de la biofumigaci\u00f3n como estrategia de control de esta enfermedad y eval\u00faa su vinculaci\u00f3n con la sequ\u00eda.<\/p>\n<p>Destaca tambi\u00e9n el proyecto &#8216;Life Biodehesa&#8217;, liderado por la Consejer\u00eda de Medio Ambiente y Ordenaci\u00f3n del Territorio con la participaci\u00f3n de la de Agricultura, el Ifapa, Amaya, Agapa, la Universidad de C\u00f3rdoba y las principales organizaciones agrarias (Aproca, Asaja, Encinal, COAG, Cooperativas Agroalimentarias de Andaluc\u00eda y UPA). En el marco de esta iniciativa se realizan actuaciones preventivas en diversas fincas andaluzas pertenecientes a la Red de Dehesas Demostrativas del proyecto.<\/p>\n<p>El Ifapa se integra, adem\u00e1s, en la red de trabajo multidisciplinar hispano-portuguesa que se ha creado para abordar este problema que afecta a la dehesa, con la participaci\u00f3n del Instituto Nacional de Investigaci\u00f3n Agraria y Agroalimentaria (INIA), el Cicytex y el Instituto Portugu\u00e9s de Investigaci\u00f3n Agraria y Veterinaria (Iniav).<\/p>\n","protected":false},"excerpt":{"rendered":"<p>Las consejer\u00edas de Agricultura, Pesca y Desarrollo Rural y de Medio Ambiente y Ordenaci\u00f3n del Territorio han presentado al Consejo de Gobierno el nuevo Cat\u00e1logo de Acciones contra la Seca de los Quercus, que reforzar\u00e1 las medidas contra una de las principales amenazas para la supervivencia de las dehesas y los alcornocales de la comunidad. [&hellip;]<\/p>\n","protected":false},"author":1,"featured_media":975816,"comment_status":"closed","ping_status":"closed","sticky":false,"template":"","format":"standard","meta":{"footnotes":""},"categories":[1],"tags":[],"class_list":["post-975815","post","type-post","status-publish","format-standard","has-post-thumbnail","hentry","category-actualidad"],"aioseo_notices":[],"aioseo_head":"\n\t\t<!-- All in One SEO Pro 5.0.1 - aioseo.com -->\n\t<meta name=\"description\" content=\"Las consejer\u00edas de Agricultura, Pesca y Desarrollo Rural y de Medio Ambiente y Ordenaci\u00f3n del Territorio han presentado al Consejo de Gobierno el nuevo Cat\u00e1logo de Acciones contra la Seca de los Quercus, que reforzar\u00e1 las medidas contra una de las principales amenazas para la supervivencia de las dehesas y los alcornocales de la comunidad.\" \/>\n\t<meta name=\"robots\" content=\"max-image-preview:large\" \/>\n\t<meta name=\"author\" content=\"El Digital de Asturias\"\/>\n\t<meta name=\"google-site-verification\" content=\"UA-38556648-1\" \/>\n\t<meta name=\"msvalidate.01\" content=\"7dfe9f3f1b24437ab69f4f2559babe99\" \/>\n\t<meta name=\"keywords\" content=\"actualidad\" \/>\n\t<link rel=\"canonical\" href=\"https:\/\/www.eldigitaldeasturias.com\/noticias\/andalucia-refuerza-la-lucha-contra-la-seca-en-las-dehesas\/\" \/>\n\t<meta name=\"generator\" content=\"All in One SEO Pro (AIOSEO) 5.0.1\" \/>\n\t\t<meta property=\"og:locale\" content=\"es_ES\" \/>\n\t\t<meta property=\"og:site_name\" content=\"El Digital de Asturias\" \/>\n\t\t<meta property=\"og:type\" content=\"article\" \/>\n\t\t<meta property=\"og:title\" content=\"Andaluc\u00eda refuerza la lucha contra la seca en las dehesas - El Digital de Asturias\" \/>\n\t\t<meta property=\"og:description\" content=\"Las consejer\u00edas de Agricultura, Pesca y Desarrollo Rural y de Medio Ambiente y Ordenaci\u00f3n del Territorio han presentado al Consejo de Gobierno el nuevo Cat\u00e1logo de Acciones contra la Seca de los Quercus, que reforzar\u00e1 las medidas contra una de las principales amenazas para la supervivencia de las dehesas y los alcornocales de la comunidad.\" \/>\n\t\t<meta property=\"og:url\" content=\"https:\/\/www.eldigitaldeasturias.com\/noticias\/andalucia-refuerza-la-lucha-contra-la-seca-en-las-dehesas\/\" \/>\n\t\t<meta property=\"article:tag\" content=\"actualidad\" \/>\n\t\t<meta property=\"article:published_time\" content=\"2018-04-13T02:58:36+00:00\" \/>\n\t\t<meta property=\"article:modified_time\" content=\"2018-04-13T02:58:36+00:00\" \/>\n\t\t<meta property=\"article:publisher\" content=\"https:\/\/facebook.com\/eldigitaldeasturias\" \/>\n\t\t<meta name=\"twitter:card\" content=\"summary_large_image\" \/>\n\t\t<meta name=\"twitter:title\" content=\"Andaluc\u00eda refuerza la lucha contra la seca en las dehesas - El Digital de Asturias\" \/>\n\t\t<meta name=\"twitter:description\" content=\"Las consejer\u00edas de Agricultura, Pesca y Desarrollo Rural y de Medio Ambiente y Ordenaci\u00f3n del Territorio han presentado al Consejo de Gobierno el nuevo Cat\u00e1logo de Acciones contra la Seca de los Quercus, que reforzar\u00e1 las medidas contra una de las principales amenazas para la supervivencia de las dehesas y los alcornocales de la comunidad.\" \/>\n\t\t<meta name=\"twitter:image\" content=\"https:\/\/www.eldigitaldeasturias.com\/noticias\/wp-content\/uploads\/2020\/12\/EDA-1.jpg\" \/>\n\t\t<meta name=\"twitter:label1\" content=\"Escrito por\" \/>\n\t\t<meta name=\"twitter:data1\" content=\"El Digital de Asturias\" \/>\n\t\t<meta name=\"twitter:label2\" content=\"Tiempo de lectura estimado\" \/>\n\t\t<meta name=\"twitter:data2\" content=\"4 minutos\" \/>\n\t\t<script type=\"application\/ld+json\" class=\"aioseo-schema\">\n\t\t\t{\"@context\":\"https:\\\/\\\/schema.org\",\"@graph\":[{\"@type\":\"BlogPosting\",\"@id\":\"https:\\\/\\\/www.eldigitaldeasturias.com\\\/noticias\\\/andalucia-refuerza-la-lucha-contra-la-seca-en-las-dehesas\\\/#blogposting\",\"name\":\"Andaluc\\u00eda refuerza la lucha contra la seca en las dehesas - El Digital de Asturias\",\"headline\":\"Andaluc\\u00eda refuerza la lucha contra la seca en las dehesas\",\"author\":{\"@id\":\"https:\\\/\\\/www.eldigitaldeasturias.com\\\/noticias\\\/author\\\/admin\\\/#author\"},\"publisher\":{\"@id\":\"https:\\\/\\\/www.eldigitaldeasturias.com\\\/noticias\\\/#organization\"},\"image\":{\"@type\":\"ImageObject\",\"url\":975816},\"datePublished\":\"2018-04-13T02:58:36+02:00\",\"dateModified\":\"2018-04-13T02:58:36+02:00\",\"inLanguage\":\"es-ES\",\"mainEntityOfPage\":{\"@id\":\"https:\\\/\\\/www.eldigitaldeasturias.com\\\/noticias\\\/andalucia-refuerza-la-lucha-contra-la-seca-en-las-dehesas\\\/#webpage\"},\"isPartOf\":{\"@id\":\"https:\\\/\\\/www.eldigitaldeasturias.com\\\/noticias\\\/andalucia-refuerza-la-lucha-contra-la-seca-en-las-dehesas\\\/#webpage\"},\"articleSection\":\"Actualidad\"},{\"@type\":\"BreadcrumbList\",\"@id\":\"https:\\\/\\\/www.eldigitaldeasturias.com\\\/noticias\\\/andalucia-refuerza-la-lucha-contra-la-seca-en-las-dehesas\\\/#breadcrumblist\",\"itemListElement\":[{\"@type\":\"ListItem\",\"@id\":\"https:\\\/\\\/www.eldigitaldeasturias.com\\\/noticias#listItem\",\"position\":1,\"name\":\"Home\",\"item\":\"https:\\\/\\\/www.eldigitaldeasturias.com\\\/noticias\",\"nextItem\":{\"@type\":\"ListItem\",\"@id\":\"https:\\\/\\\/www.eldigitaldeasturias.com\\\/noticias\\\/category\\\/actualidad\\\/#listItem\",\"name\":\"Actualidad\"}},{\"@type\":\"ListItem\",\"@id\":\"https:\\\/\\\/www.eldigitaldeasturias.com\\\/noticias\\\/category\\\/actualidad\\\/#listItem\",\"position\":2,\"name\":\"Actualidad\",\"item\":\"https:\\\/\\\/www.eldigitaldeasturias.com\\\/noticias\\\/category\\\/actualidad\\\/\",\"nextItem\":{\"@type\":\"ListItem\",\"@id\":\"https:\\\/\\\/www.eldigitaldeasturias.com\\\/noticias\\\/andalucia-refuerza-la-lucha-contra-la-seca-en-las-dehesas\\\/#listItem\",\"name\":\"Andaluc\\u00eda refuerza la lucha contra la seca en las dehesas\"},\"previousItem\":{\"@type\":\"ListItem\",\"@id\":\"https:\\\/\\\/www.eldigitaldeasturias.com\\\/noticias#listItem\",\"name\":\"Home\"}},{\"@type\":\"ListItem\",\"@id\":\"https:\\\/\\\/www.eldigitaldeasturias.com\\\/noticias\\\/andalucia-refuerza-la-lucha-contra-la-seca-en-las-dehesas\\\/#listItem\",\"position\":3,\"name\":\"Andaluc\\u00eda refuerza la lucha contra la seca en las dehesas\",\"previousItem\":{\"@type\":\"ListItem\",\"@id\":\"https:\\\/\\\/www.eldigitaldeasturias.com\\\/noticias\\\/category\\\/actualidad\\\/#listItem\",\"name\":\"Actualidad\"}}]},{\"@type\":\"Organization\",\"@id\":\"https:\\\/\\\/www.eldigitaldeasturias.com\\\/noticias\\\/#organization\",\"name\":\"El Digital de Asturias\",\"description\":\"Hemeroteca\",\"url\":\"https:\\\/\\\/www.eldigitaldeasturias.com\\\/noticias\\\/\",\"email\":\"info@eldigitaldeasturias.com\",\"telephone\":\"+34652131393\",\"logo\":{\"@type\":\"ImageObject\",\"url\":\"https:\\\/\\\/www.eldigitaldeasturias.com\\\/noticias\\\/wp-content\\\/uploads\\\/2020\\\/12\\\/EDA.jpg\",\"@id\":\"https:\\\/\\\/www.eldigitaldeasturias.com\\\/noticias\\\/andalucia-refuerza-la-lucha-contra-la-seca-en-las-dehesas\\\/#organizationLogo\"},\"image\":{\"@id\":\"https:\\\/\\\/www.eldigitaldeasturias.com\\\/noticias\\\/andalucia-refuerza-la-lucha-contra-la-seca-en-las-dehesas\\\/#organizationLogo\"},\"sameAs\":[\"https:\\\/\\\/facebook.com\\\/eldigitaldeasturias\",\"https:\\\/\\\/www.youtube.com\\\/channel\\\/UCZP-2wLEB9Rv6erhFmqVnvg\"],\"address\":{\"@id\":\"https:\\\/\\\/www.eldigitaldeasturias.com\\\/noticias\\\/#postaladdress\",\"@type\":\"PostalAddress\",\"streetAddress\":\"san antonio 4\",\"postalCode\":\"33430\",\"addressLocality\":\"Cand\\u00e1s\",\"addressRegion\":\"Asturias\",\"addressCountry\":\"ES\"}},{\"@type\":\"Person\",\"@id\":\"https:\\\/\\\/www.eldigitaldeasturias.com\\\/noticias\\\/author\\\/admin\\\/#author\",\"url\":\"https:\\\/\\\/www.eldigitaldeasturias.com\\\/noticias\\\/author\\\/admin\\\/\",\"name\":\"El Digital de Asturias\",\"image\":{\"@type\":\"ImageObject\",\"@id\":\"https:\\\/\\\/www.eldigitaldeasturias.com\\\/noticias\\\/andalucia-refuerza-la-lucha-contra-la-seca-en-las-dehesas\\\/#authorImage\",\"url\":\"https:\\\/\\\/secure.gravatar.com\\\/avatar\\\/df2aeffc32bcd13f8d26072ef8a91b623d677766deac7f97ca815868cd41bf5e?s=96&d=mm&r=g\",\"width\":96,\"height\":96,\"caption\":\"El Digital de Asturias\"}},{\"@type\":\"WebPage\",\"@id\":\"https:\\\/\\\/www.eldigitaldeasturias.com\\\/noticias\\\/andalucia-refuerza-la-lucha-contra-la-seca-en-las-dehesas\\\/#webpage\",\"url\":\"https:\\\/\\\/www.eldigitaldeasturias.com\\\/noticias\\\/andalucia-refuerza-la-lucha-contra-la-seca-en-las-dehesas\\\/\",\"name\":\"Andaluc\\u00eda refuerza la lucha contra la seca en las dehesas - El Digital de Asturias\",\"description\":\"Las consejer\\u00edas de Agricultura, Pesca y Desarrollo Rural y de Medio Ambiente y Ordenaci\\u00f3n del Territorio han presentado al Consejo de Gobierno el nuevo Cat\\u00e1logo de Acciones contra la Seca de los Quercus, que reforzar\\u00e1 las medidas contra una de las principales amenazas para la supervivencia de las dehesas y los alcornocales de la comunidad.\",\"inLanguage\":\"es-ES\",\"isPartOf\":{\"@id\":\"https:\\\/\\\/www.eldigitaldeasturias.com\\\/noticias\\\/#website\"},\"breadcrumb\":{\"@id\":\"https:\\\/\\\/www.eldigitaldeasturias.com\\\/noticias\\\/andalucia-refuerza-la-lucha-contra-la-seca-en-las-dehesas\\\/#breadcrumblist\"},\"author\":{\"@id\":\"https:\\\/\\\/www.eldigitaldeasturias.com\\\/noticias\\\/author\\\/admin\\\/#author\"},\"creator\":{\"@id\":\"https:\\\/\\\/www.eldigitaldeasturias.com\\\/noticias\\\/author\\\/admin\\\/#author\"},\"image\":{\"@type\":\"ImageObject\",\"url\":975816,\"@id\":\"https:\\\/\\\/www.eldigitaldeasturias.com\\\/noticias\\\/andalucia-refuerza-la-lucha-contra-la-seca-en-las-dehesas\\\/#mainImage\"},\"primaryImageOfPage\":{\"@id\":\"https:\\\/\\\/www.eldigitaldeasturias.com\\\/noticias\\\/andalucia-refuerza-la-lucha-contra-la-seca-en-las-dehesas\\\/#mainImage\"},\"datePublished\":\"2018-04-13T02:58:36+02:00\",\"dateModified\":\"2018-04-13T02:58:36+02:00\"},{\"@type\":\"WebSite\",\"@id\":\"https:\\\/\\\/www.eldigitaldeasturias.com\\\/noticias\\\/#website\",\"url\":\"https:\\\/\\\/www.eldigitaldeasturias.com\\\/noticias\\\/\",\"name\":\"El Digital de Asturias - Diario de actualidad y noticias\",\"alternateName\":\"El Digital de Asturias - Diario de actualidad y noticias\",\"description\":\"Hemeroteca\",\"inLanguage\":\"es-ES\",\"publisher\":{\"@id\":\"https:\\\/\\\/www.eldigitaldeasturias.com\\\/noticias\\\/#organization\"}}]}\n\t\t<\/script>\n\t\t<!-- All in One SEO Pro -->\r\n\t\t<title>Andaluc\u00eda refuerza la lucha contra la seca en las dehesas - El Digital de Asturias<\/title>\n\n","aioseo_head_json":{"title":"Andaluc\u00eda refuerza la lucha contra la seca en las dehesas - El Digital de Asturias","description":"Las consejer\u00edas de Agricultura, Pesca y Desarrollo Rural y de Medio Ambiente y Ordenaci\u00f3n del Territorio han presentado al Consejo de Gobierno el nuevo Cat\u00e1logo de Acciones contra la Seca de los Quercus, que reforzar\u00e1 las medidas contra una de las principales amenazas para la supervivencia de las dehesas y los alcornocales de la comunidad.","canonical_url":"https:\/\/www.eldigitaldeasturias.com\/noticias\/andalucia-refuerza-la-lucha-contra-la-seca-en-las-dehesas\/","robots":"max-image-preview:large","keywords":"actualidad","webmasterTools":{"google-site-verification":"UA-38556648-1","msvalidate.01":"7dfe9f3f1b24437ab69f4f2559babe99","miscellaneous":""},"schema":{"@context":"https:\/\/schema.org","@graph":[{"@type":"BlogPosting","@id":"https:\/\/www.eldigitaldeasturias.com\/noticias\/andalucia-refuerza-la-lucha-contra-la-seca-en-las-dehesas\/#blogposting","name":"Andaluc\u00eda refuerza la lucha contra la seca en las dehesas - El Digital de Asturias","headline":"Andaluc\u00eda refuerza la lucha contra la seca en las dehesas","author":{"@id":"https:\/\/www.eldigitaldeasturias.com\/noticias\/author\/admin\/#author"},"publisher":{"@id":"https:\/\/www.eldigitaldeasturias.com\/noticias\/#organization"},"image":{"@type":"ImageObject","url":975816},"datePublished":"2018-04-13T02:58:36+02:00","dateModified":"2018-04-13T02:58:36+02:00","inLanguage":"es-ES","mainEntityOfPage":{"@id":"https:\/\/www.eldigitaldeasturias.com\/noticias\/andalucia-refuerza-la-lucha-contra-la-seca-en-las-dehesas\/#webpage"},"isPartOf":{"@id":"https:\/\/www.eldigitaldeasturias.com\/noticias\/andalucia-refuerza-la-lucha-contra-la-seca-en-las-dehesas\/#webpage"},"articleSection":"Actualidad"},{"@type":"BreadcrumbList","@id":"https:\/\/www.eldigitaldeasturias.com\/noticias\/andalucia-refuerza-la-lucha-contra-la-seca-en-las-dehesas\/#breadcrumblist","itemListElement":[{"@type":"ListItem","@id":"https:\/\/www.eldigitaldeasturias.com\/noticias#listItem","position":1,"name":"Home","item":"https:\/\/www.eldigitaldeasturias.com\/noticias","nextItem":{"@type":"ListItem","@id":"https:\/\/www.eldigitaldeasturias.com\/noticias\/category\/actualidad\/#listItem","name":"Actualidad"}},{"@type":"ListItem","@id":"https:\/\/www.eldigitaldeasturias.com\/noticias\/category\/actualidad\/#listItem","position":2,"name":"Actualidad","item":"https:\/\/www.eldigitaldeasturias.com\/noticias\/category\/actualidad\/","nextItem":{"@type":"ListItem","@id":"https:\/\/www.eldigitaldeasturias.com\/noticias\/andalucia-refuerza-la-lucha-contra-la-seca-en-las-dehesas\/#listItem","name":"Andaluc\u00eda refuerza la lucha contra la seca en las dehesas"},"previousItem":{"@type":"ListItem","@id":"https:\/\/www.eldigitaldeasturias.com\/noticias#listItem","name":"Home"}},{"@type":"ListItem","@id":"https:\/\/www.eldigitaldeasturias.com\/noticias\/andalucia-refuerza-la-lucha-contra-la-seca-en-las-dehesas\/#listItem","position":3,"name":"Andaluc\u00eda refuerza la lucha contra la seca en las dehesas","previousItem":{"@type":"ListItem","@id":"https:\/\/www.eldigitaldeasturias.com\/noticias\/category\/actualidad\/#listItem","name":"Actualidad"}}]},{"@type":"Organization","@id":"https:\/\/www.eldigitaldeasturias.com\/noticias\/#organization","name":"El Digital de Asturias","description":"Hemeroteca","url":"https:\/\/www.eldigitaldeasturias.com\/noticias\/","email":"info@eldigitaldeasturias.com","telephone":"+34652131393","logo":{"@type":"ImageObject","url":"https:\/\/www.eldigitaldeasturias.com\/noticias\/wp-content\/uploads\/2020\/12\/EDA.jpg","@id":"https:\/\/www.eldigitaldeasturias.com\/noticias\/andalucia-refuerza-la-lucha-contra-la-seca-en-las-dehesas\/#organizationLogo"},"image":{"@id":"https:\/\/www.eldigitaldeasturias.com\/noticias\/andalucia-refuerza-la-lucha-contra-la-seca-en-las-dehesas\/#organizationLogo"},"sameAs":["https:\/\/facebook.com\/eldigitaldeasturias","https:\/\/www.youtube.com\/channel\/UCZP-2wLEB9Rv6erhFmqVnvg"],"address":{"@id":"https:\/\/www.eldigitaldeasturias.com\/noticias\/#postaladdress","@type":"PostalAddress","streetAddress":"san antonio 4","postalCode":"33430","addressLocality":"Cand\u00e1s","addressRegion":"Asturias","addressCountry":"ES"}},{"@type":"Person","@id":"https:\/\/www.eldigitaldeasturias.com\/noticias\/author\/admin\/#author","url":"https:\/\/www.eldigitaldeasturias.com\/noticias\/author\/admin\/","name":"El Digital de Asturias","image":{"@type":"ImageObject","@id":"https:\/\/www.eldigitaldeasturias.com\/noticias\/andalucia-refuerza-la-lucha-contra-la-seca-en-las-dehesas\/#authorImage","url":"https:\/\/secure.gravatar.com\/avatar\/df2aeffc32bcd13f8d26072ef8a91b623d677766deac7f97ca815868cd41bf5e?s=96&d=mm&r=g","width":96,"height":96,"caption":"El Digital de Asturias"}},{"@type":"WebPage","@id":"https:\/\/www.eldigitaldeasturias.com\/noticias\/andalucia-refuerza-la-lucha-contra-la-seca-en-las-dehesas\/#webpage","url":"https:\/\/www.eldigitaldeasturias.com\/noticias\/andalucia-refuerza-la-lucha-contra-la-seca-en-las-dehesas\/","name":"Andaluc\u00eda refuerza la lucha contra la seca en las dehesas - El Digital de Asturias","description":"Las consejer\u00edas de Agricultura, Pesca y Desarrollo Rural y de Medio Ambiente y Ordenaci\u00f3n del Territorio han presentado al Consejo de Gobierno el nuevo Cat\u00e1logo de Acciones contra la Seca de los Quercus, que reforzar\u00e1 las medidas contra una de las principales amenazas para la supervivencia de las dehesas y los alcornocales de la comunidad.","inLanguage":"es-ES","isPartOf":{"@id":"https:\/\/www.eldigitaldeasturias.com\/noticias\/#website"},"breadcrumb":{"@id":"https:\/\/www.eldigitaldeasturias.com\/noticias\/andalucia-refuerza-la-lucha-contra-la-seca-en-las-dehesas\/#breadcrumblist"},"author":{"@id":"https:\/\/www.eldigitaldeasturias.com\/noticias\/author\/admin\/#author"},"creator":{"@id":"https:\/\/www.eldigitaldeasturias.com\/noticias\/author\/admin\/#author"},"image":{"@type":"ImageObject","url":975816,"@id":"https:\/\/www.eldigitaldeasturias.com\/noticias\/andalucia-refuerza-la-lucha-contra-la-seca-en-las-dehesas\/#mainImage"},"primaryImageOfPage":{"@id":"https:\/\/www.eldigitaldeasturias.com\/noticias\/andalucia-refuerza-la-lucha-contra-la-seca-en-las-dehesas\/#mainImage"},"datePublished":"2018-04-13T02:58:36+02:00","dateModified":"2018-04-13T02:58:36+02:00"},{"@type":"WebSite","@id":"https:\/\/www.eldigitaldeasturias.com\/noticias\/#website","url":"https:\/\/www.eldigitaldeasturias.com\/noticias\/","name":"El Digital de Asturias - Diario de actualidad y noticias","alternateName":"El Digital de Asturias - Diario de actualidad y noticias","description":"Hemeroteca","inLanguage":"es-ES","publisher":{"@id":"https:\/\/www.eldigitaldeasturias.com\/noticias\/#organization"}}]},"og:locale":"es_ES","og:site_name":"El Digital de Asturias","og:type":"article","og:title":"Andaluc\u00eda refuerza la lucha contra la seca en las dehesas - El Digital de Asturias","og:description":"Las consejer\u00edas de Agricultura, Pesca y Desarrollo Rural y de Medio Ambiente y Ordenaci\u00f3n del Territorio han presentado al Consejo de Gobierno el nuevo Cat\u00e1logo de Acciones contra la Seca de los Quercus, que reforzar\u00e1 las medidas contra una de las principales amenazas para la supervivencia de las dehesas y los alcornocales de la comunidad.","og:url":"https:\/\/www.eldigitaldeasturias.com\/noticias\/andalucia-refuerza-la-lucha-contra-la-seca-en-las-dehesas\/","article:tag":["actualidad"],"article:published_time":"2018-04-13T02:58:36+00:00","article:modified_time":"2018-04-13T02:58:36+00:00","article:publisher":"https:\/\/facebook.com\/eldigitaldeasturias","twitter:card":"summary_large_image","twitter:title":"Andaluc\u00eda refuerza la lucha contra la seca en las dehesas - El Digital de Asturias","twitter:description":"Las consejer\u00edas de Agricultura, Pesca y Desarrollo Rural y de Medio Ambiente y Ordenaci\u00f3n del Territorio han presentado al Consejo de Gobierno el nuevo Cat\u00e1logo de Acciones contra la Seca de los Quercus, que reforzar\u00e1 las medidas contra una de las principales amenazas para la supervivencia de las dehesas y los alcornocales de la comunidad.","twitter:image":"https:\/\/www.eldigitaldeasturias.com\/noticias\/wp-content\/uploads\/2020\/12\/EDA-1.jpg","twitter:label1":"Escrito por","twitter:data1":"El Digital de Asturias","twitter:label2":"Tiempo de lectura estimado","twitter:data2":"4 minutos"},"aioseo_meta_data":{"post_id":"975815","title":null,"description":null,"keywords":null,"keyphrases":null,"primary_term":null,"canonical_url":null,"og_title":null,"og_description":null,"og_object_type":"default","og_image_type":"default","og_image_url":null,"og_image_width":null,"og_image_height":null,"og_image_custom_url":null,"og_image_custom_fields":null,"og_video":null,"og_custom_url":null,"og_article_section":null,"og_article_tags":null,"twitter_use_og":false,"twitter_card":"default","twitter_image_type":"default","twitter_image_url":null,"twitter_image_custom_url":null,"twitter_image_custom_fields":null,"twitter_title":null,"twitter_description":null,"schema":{"blockGraphs":[],"customGraphs":[],"default":{"data":{"Article":[],"Course":[],"Dataset":[],"FAQPage":[],"Movie":[],"Person":[],"Product":[],"ProductReview":[],"Car":[],"Recipe":[],"Service":[],"SoftwareApplication":[],"WebPage":[]},"graphName":"","isEnabled":true},"graphs":[],"defaultGraph":"","defaultPostTypeGraph":""},"schema_type":null,"schema_type_options":null,"pillar_content":false,"robots_default":true,"robots_noindex":false,"robots_noarchive":false,"robots_nosnippet":false,"robots_nofollow":false,"robots_noimageindex":false,"robots_noodp":false,"robots_notranslate":false,"robots_max_snippet":null,"robots_max_videopreview":null,"robots_max_imagepreview":"large","priority":null,"frequency":null,"local_seo":null,"seo_analyzer_scan_date":"2025-10-08 01:18:08","breadcrumb_settings":null,"limit_modified_date":false,"open_ai":null,"ai":null,"created":"2020-12-21 12:09:41","updated":"2025-10-08 01:18:08","focus_keyword":null,"additional_keywords":null,"truseo_locale":null},"aioseo_breadcrumb":"<div class=\"aioseo-breadcrumbs\"><span class=\"aioseo-breadcrumb\">\n\t<a href=\"https:\/\/www.eldigitaldeasturias.com\/noticias\" title=\"Home\">Home<\/a>\n<\/span><span class=\"aioseo-breadcrumb-separator\">\u2013<\/span><span class=\"aioseo-breadcrumb\">\n\t<a href=\"https:\/\/www.eldigitaldeasturias.com\/noticias\/category\/actualidad\/\" title=\"Actualidad\">Actualidad<\/a>\n<\/span><span class=\"aioseo-breadcrumb-separator\">\u2013<\/span><span class=\"aioseo-breadcrumb\">\n\t<a href=\"https:\/\/www.eldigitaldeasturias.com\/noticias\/andalucia-refuerza-la-lucha-contra-la-seca-en-las-dehesas\/\" title=\"Andaluc\u00eda refuerza la lucha contra la seca en las dehesas\">Andaluc\u00eda refuerza la lucha contra la seca en las dehesas<\/a>\n<\/span><\/div>","aioseo_breadcrumb_json":[{"label":"Home","link":"https:\/\/www.eldigitaldeasturias.com\/noticias"},{"label":"Actualidad","link":"https:\/\/www.eldigitaldeasturias.com\/noticias\/category\/actualidad\/"},{"label":"Andaluc\u00eda refuerza la lucha contra la seca en las dehesas","link":"https:\/\/www.eldigitaldeasturias.com\/noticias\/andalucia-refuerza-la-lucha-contra-la-seca-en-las-dehesas\/"}],"_links":{"self":[{"href":"https:\/\/www.eldigitaldeasturias.com\/noticias\/wp-json\/wp\/v2\/posts\/975815","targetHints":{"allow":["GET"]}}],"collection":[{"href":"https:\/\/www.eldigitaldeasturias.com\/noticias\/wp-json\/wp\/v2\/posts"}],"about":[{"href":"https:\/\/www.eldigitaldeasturias.com\/noticias\/wp-json\/wp\/v2\/types\/post"}],"author":[{"embeddable":true,"href":"https:\/\/www.eldigitaldeasturias.com\/noticias\/wp-json\/wp\/v2\/users\/1"}],"replies":[{"embeddable":true,"href":"https:\/\/www.eldigitaldeasturias.com\/noticias\/wp-json\/wp\/v2\/comments?post=975815"}],"version-history":[{"count":0,"href":"https:\/\/www.eldigitaldeasturias.com\/noticias\/wp-json\/wp\/v2\/posts\/975815\/revisions"}],"wp:attachment":[{"href":"https:\/\/www.eldigitaldeasturias.com\/noticias\/wp-json\/wp\/v2\/media?parent=975815"}],"wp:term":[{"taxonomy":"category","embeddable":true,"href":"https:\/\/www.eldigitaldeasturias.com\/noticias\/wp-json\/wp\/v2\/categories?post=975815"},{"taxonomy":"post_tag","embeddable":true,"href":"https:\/\/www.eldigitaldeasturias.com\/noticias\/wp-json\/wp\/v2\/tags?post=975815"}],"curies":[{"name":"wp","href":"https:\/\/api.w.org\/{rel}","templated":true}]}}