{"id":975804,"date":"2018-04-13T02:10:08","date_gmt":"2018-04-13T02:10:08","guid":{"rendered":"http:\/\/www.eldigitaldeasturias.com\/noticias\/?p=975804"},"modified":"2018-04-13T02:10:08","modified_gmt":"2018-04-13T02:10:08","slug":"adriana-lastra-hoy-empezamos-a-construir-una-democracia-plena","status":"publish","type":"post","link":"https:\/\/www.eldigitaldeasturias.com\/noticias\/adriana-lastra-hoy-empezamos-a-construir-una-democracia-plena\/","title":{"rendered":"Adriana Lastra: \u201cHoy empezamos a construir una democracia plena\u00bb"},"content":{"rendered":"<p><img loading=\"lazy\" decoding=\"async\" class=\"alignleft size-medium wp-image-791625\" src=\"https:\/\/www.eldigitaldeasturias.com\/noticias\/wp-content\/uploads\/2015\/06\/congreso-360x240.jpg\" alt=\"\" width=\"360\" height=\"240\" \/>La vicesecretaria general y portavoz adjunta del Grupo Socialista, Adriana Lastra, y la responsable de Movimientos Sociales y Diversidad del PSOE, M\u00f3nica Silvana Gonzalez, han expresado hoy su satisfacci\u00f3n por la aceptaci\u00f3n a tr\u00e1mite en el Congreso, por unanimidad, de la iniciativa legislativa socialista sobre Igualdad de Trato y No Discriminaci\u00f3n; una ley \u201cesencial e indispensable\u201d cuyo proceso de negociaci\u00f3n comenzar\u00e1 ahora en la C\u00e1mara Baja.<\/p>\n<p>\u201cHoy empezamos a construir una democracia plena que pasa por crear los mecanismos necesarios para combatir la discriminaci\u00f3n y fomentar la igualdad en el trato; un objetivo vital para cualquier sociedad\u201d, ha se\u00f1alado Lastra, quien ha recordado que el PSOE lleva mucho tiempo promoviendo esta iniciativa fruto del \u201ccompromiso con la igualdad y con el pleno respeto a los Derechos Humanos que los socialistas recogimos en los \u00faltimos programas electorales, as\u00ed como en las Resoluciones del 39 Congreso, y que forma parte de los \u201910 Acuerdos de pa\u00eds\u2019 impulsados por Pedro S\u00e1nchez\u201d.<\/p>\n<p>Por su parte, Monica Silvana Gonzalez ha se\u00f1alado que \u201cla ley tiene la vocaci\u00f3n de convertirse en el m\u00ednimo com\u00fan que contenga las definiciones fundamentales del derecho antidiscriminatorio espa\u00f1ol y, al mismo tiempo, albergue sus garant\u00edas b\u00e1sicas, pues la dificultad de la lucha no se halla tanto en el reconocimiento del problema, como en la protecci\u00f3n real y efectiva de las v\u00edctimas\u201d. Adem\u00e1s, \u201cconstituir\u00e1 el paquete normativo para combatir la discriminaci\u00f3n y los delitos de odio, junto a la Ley Integral contra Delitos de Odio, la Ley LGTBI, y la Ley de Transexualidad\u201d.<\/p>\n<p>Igualmente \u201cposibilitaremos que Espa\u00f1a no sea un excepci\u00f3n en la UE sobre medidas de igualdad de trato y no discriminaci\u00f3n\u201d ya que permitir\u00e1 incorporar al marco jur\u00eddico espa\u00f1ol las directrices europeas sobre el desarrollo de los art\u00edculos 1, 10, 21 y 47 de la Carta de los Derechos Fundamentales de la UE que garantizan, respectivamente, el derecho a la dignidad humana, a la libertad de pensamiento, de conciencia y de religi\u00f3n, a la no discriminaci\u00f3n y a la tutela judicial efectiva y a un juez imparcial.<\/p>\n","protected":false},"excerpt":{"rendered":"<p>La vicesecretaria general y portavoz adjunta del Grupo Socialista, Adriana Lastra, y la responsable de Movimientos Sociales y Diversidad del PSOE, M\u00f3nica Silvana Gonzalez, han expresado hoy su satisfacci\u00f3n por la aceptaci\u00f3n a tr\u00e1mite en el Congreso, por unanimidad, de la iniciativa legislativa socialista sobre Igualdad de Trato y No Discriminaci\u00f3n; una ley \u201cesencial e [&hellip;]<\/p>\n","protected":false},"author":1,"featured_media":791625,"comment_status":"closed","ping_status":"closed","sticky":false,"template":"","format":"standard","meta":{"footnotes":""},"categories":[1],"tags":[],"class_list":["post-975804","post","type-post","status-publish","format-standard","has-post-thumbnail","hentry","category-actualidad"],"aioseo_notices":[],"aioseo_head":"\n\t\t<!-- All in One SEO Pro 5.0.1 - aioseo.com -->\n\t<meta name=\"description\" content=\"La vicesecretaria general y portavoz adjunta del Grupo Socialista, Adriana Lastra, y la responsable de Movimientos Sociales y Diversidad del PSOE, M\u00f3nica Silvana Gonzalez, han expresado hoy su satisfacci\u00f3n por la aceptaci\u00f3n a tr\u00e1mite en el Congreso, por unanimidad, de la iniciativa legislativa socialista sobre Igualdad de Trato y No Discriminaci\u00f3n; una ley \u201cesencial e\" \/>\n\t<meta name=\"robots\" content=\"max-image-preview:large\" \/>\n\t<meta name=\"author\" content=\"El Digital de Asturias\"\/>\n\t<meta name=\"google-site-verification\" content=\"UA-38556648-1\" \/>\n\t<meta name=\"msvalidate.01\" content=\"7dfe9f3f1b24437ab69f4f2559babe99\" \/>\n\t<meta name=\"keywords\" content=\"actualidad\" \/>\n\t<link rel=\"canonical\" href=\"https:\/\/www.eldigitaldeasturias.com\/noticias\/adriana-lastra-hoy-empezamos-a-construir-una-democracia-plena\/\" \/>\n\t<meta name=\"generator\" content=\"All in One SEO Pro (AIOSEO) 5.0.1\" \/>\n\t\t<meta property=\"og:locale\" content=\"es_ES\" \/>\n\t\t<meta property=\"og:site_name\" content=\"El Digital de Asturias\" \/>\n\t\t<meta property=\"og:type\" content=\"article\" \/>\n\t\t<meta property=\"og:title\" content=\"Adriana Lastra: \u201cHoy empezamos a construir una democracia plena\u00bb - El Digital de Asturias\" \/>\n\t\t<meta property=\"og:description\" content=\"La vicesecretaria general y portavoz adjunta del Grupo Socialista, Adriana Lastra, y la responsable de Movimientos Sociales y Diversidad del PSOE, M\u00f3nica Silvana Gonzalez, han expresado hoy su satisfacci\u00f3n por la aceptaci\u00f3n a tr\u00e1mite en el Congreso, por unanimidad, de la iniciativa legislativa socialista sobre Igualdad de Trato y No Discriminaci\u00f3n; una ley \u201cesencial e\" \/>\n\t\t<meta property=\"og:url\" content=\"https:\/\/www.eldigitaldeasturias.com\/noticias\/adriana-lastra-hoy-empezamos-a-construir-una-democracia-plena\/\" \/>\n\t\t<meta property=\"article:tag\" content=\"actualidad\" \/>\n\t\t<meta property=\"article:published_time\" content=\"2018-04-13T02:10:08+00:00\" \/>\n\t\t<meta property=\"article:modified_time\" content=\"2018-04-13T02:10:08+00:00\" \/>\n\t\t<meta property=\"article:publisher\" content=\"https:\/\/facebook.com\/eldigitaldeasturias\" \/>\n\t\t<meta name=\"twitter:card\" content=\"summary_large_image\" \/>\n\t\t<meta name=\"twitter:title\" content=\"Adriana Lastra: \u201cHoy empezamos a construir una democracia plena\u00bb - El Digital de Asturias\" \/>\n\t\t<meta name=\"twitter:description\" content=\"La vicesecretaria general y portavoz adjunta del Grupo Socialista, Adriana Lastra, y la responsable de Movimientos Sociales y Diversidad del PSOE, M\u00f3nica Silvana Gonzalez, han expresado hoy su satisfacci\u00f3n por la aceptaci\u00f3n a tr\u00e1mite en el Congreso, por unanimidad, de la iniciativa legislativa socialista sobre Igualdad de Trato y No Discriminaci\u00f3n; una ley \u201cesencial e\" \/>\n\t\t<meta name=\"twitter:image\" content=\"https:\/\/www.eldigitaldeasturias.com\/noticias\/wp-content\/uploads\/2020\/12\/EDA-1.jpg\" \/>\n\t\t<meta name=\"twitter:label1\" content=\"Escrito por\" \/>\n\t\t<meta name=\"twitter:data1\" content=\"El Digital de Asturias\" \/>\n\t\t<meta name=\"twitter:label2\" content=\"Tiempo de lectura estimado\" \/>\n\t\t<meta name=\"twitter:data2\" content=\"2 minutos\" \/>\n\t\t<script type=\"application\/ld+json\" class=\"aioseo-schema\">\n\t\t\t{\"@context\":\"https:\\\/\\\/schema.org\",\"@graph\":[{\"@type\":\"BlogPosting\",\"@id\":\"https:\\\/\\\/www.eldigitaldeasturias.com\\\/noticias\\\/adriana-lastra-hoy-empezamos-a-construir-una-democracia-plena\\\/#blogposting\",\"name\":\"Adriana Lastra: \\u201cHoy empezamos a construir una democracia plena\\u00bb - El Digital de Asturias\",\"headline\":\"Adriana Lastra: \\u201cHoy empezamos a construir una democracia plena\\u00bb\",\"author\":{\"@id\":\"https:\\\/\\\/www.eldigitaldeasturias.com\\\/noticias\\\/author\\\/admin\\\/#author\"},\"publisher\":{\"@id\":\"https:\\\/\\\/www.eldigitaldeasturias.com\\\/noticias\\\/#organization\"},\"image\":{\"@type\":\"ImageObject\",\"url\":791625},\"datePublished\":\"2018-04-13T02:10:08+02:00\",\"dateModified\":\"2018-04-13T02:10:08+02:00\",\"inLanguage\":\"es-ES\",\"mainEntityOfPage\":{\"@id\":\"https:\\\/\\\/www.eldigitaldeasturias.com\\\/noticias\\\/adriana-lastra-hoy-empezamos-a-construir-una-democracia-plena\\\/#webpage\"},\"isPartOf\":{\"@id\":\"https:\\\/\\\/www.eldigitaldeasturias.com\\\/noticias\\\/adriana-lastra-hoy-empezamos-a-construir-una-democracia-plena\\\/#webpage\"},\"articleSection\":\"Actualidad\"},{\"@type\":\"BreadcrumbList\",\"@id\":\"https:\\\/\\\/www.eldigitaldeasturias.com\\\/noticias\\\/adriana-lastra-hoy-empezamos-a-construir-una-democracia-plena\\\/#breadcrumblist\",\"itemListElement\":[{\"@type\":\"ListItem\",\"@id\":\"https:\\\/\\\/www.eldigitaldeasturias.com\\\/noticias#listItem\",\"position\":1,\"name\":\"Home\",\"item\":\"https:\\\/\\\/www.eldigitaldeasturias.com\\\/noticias\",\"nextItem\":{\"@type\":\"ListItem\",\"@id\":\"https:\\\/\\\/www.eldigitaldeasturias.com\\\/noticias\\\/category\\\/actualidad\\\/#listItem\",\"name\":\"Actualidad\"}},{\"@type\":\"ListItem\",\"@id\":\"https:\\\/\\\/www.eldigitaldeasturias.com\\\/noticias\\\/category\\\/actualidad\\\/#listItem\",\"position\":2,\"name\":\"Actualidad\",\"item\":\"https:\\\/\\\/www.eldigitaldeasturias.com\\\/noticias\\\/category\\\/actualidad\\\/\",\"nextItem\":{\"@type\":\"ListItem\",\"@id\":\"https:\\\/\\\/www.eldigitaldeasturias.com\\\/noticias\\\/adriana-lastra-hoy-empezamos-a-construir-una-democracia-plena\\\/#listItem\",\"name\":\"Adriana Lastra: \\u201cHoy empezamos a construir una democracia plena\\u00bb\"},\"previousItem\":{\"@type\":\"ListItem\",\"@id\":\"https:\\\/\\\/www.eldigitaldeasturias.com\\\/noticias#listItem\",\"name\":\"Home\"}},{\"@type\":\"ListItem\",\"@id\":\"https:\\\/\\\/www.eldigitaldeasturias.com\\\/noticias\\\/adriana-lastra-hoy-empezamos-a-construir-una-democracia-plena\\\/#listItem\",\"position\":3,\"name\":\"Adriana Lastra: \\u201cHoy empezamos a construir una democracia plena\\u00bb\",\"previousItem\":{\"@type\":\"ListItem\",\"@id\":\"https:\\\/\\\/www.eldigitaldeasturias.com\\\/noticias\\\/category\\\/actualidad\\\/#listItem\",\"name\":\"Actualidad\"}}]},{\"@type\":\"Organization\",\"@id\":\"https:\\\/\\\/www.eldigitaldeasturias.com\\\/noticias\\\/#organization\",\"name\":\"El Digital de Asturias\",\"description\":\"Hemeroteca\",\"url\":\"https:\\\/\\\/www.eldigitaldeasturias.com\\\/noticias\\\/\",\"email\":\"info@eldigitaldeasturias.com\",\"telephone\":\"+34652131393\",\"logo\":{\"@type\":\"ImageObject\",\"url\":\"https:\\\/\\\/www.eldigitaldeasturias.com\\\/noticias\\\/wp-content\\\/uploads\\\/2020\\\/12\\\/EDA.jpg\",\"@id\":\"https:\\\/\\\/www.eldigitaldeasturias.com\\\/noticias\\\/adriana-lastra-hoy-empezamos-a-construir-una-democracia-plena\\\/#organizationLogo\"},\"image\":{\"@id\":\"https:\\\/\\\/www.eldigitaldeasturias.com\\\/noticias\\\/adriana-lastra-hoy-empezamos-a-construir-una-democracia-plena\\\/#organizationLogo\"},\"sameAs\":[\"https:\\\/\\\/facebook.com\\\/eldigitaldeasturias\",\"https:\\\/\\\/www.youtube.com\\\/channel\\\/UCZP-2wLEB9Rv6erhFmqVnvg\"],\"address\":{\"@id\":\"https:\\\/\\\/www.eldigitaldeasturias.com\\\/noticias\\\/#postaladdress\",\"@type\":\"PostalAddress\",\"streetAddress\":\"san antonio 4\",\"postalCode\":\"33430\",\"addressLocality\":\"Cand\\u00e1s\",\"addressRegion\":\"Asturias\",\"addressCountry\":\"ES\"}},{\"@type\":\"Person\",\"@id\":\"https:\\\/\\\/www.eldigitaldeasturias.com\\\/noticias\\\/author\\\/admin\\\/#author\",\"url\":\"https:\\\/\\\/www.eldigitaldeasturias.com\\\/noticias\\\/author\\\/admin\\\/\",\"name\":\"El Digital de Asturias\",\"image\":{\"@type\":\"ImageObject\",\"@id\":\"https:\\\/\\\/www.eldigitaldeasturias.com\\\/noticias\\\/adriana-lastra-hoy-empezamos-a-construir-una-democracia-plena\\\/#authorImage\",\"url\":\"https:\\\/\\\/secure.gravatar.com\\\/avatar\\\/df2aeffc32bcd13f8d26072ef8a91b623d677766deac7f97ca815868cd41bf5e?s=96&d=mm&r=g\",\"width\":96,\"height\":96,\"caption\":\"El Digital de Asturias\"}},{\"@type\":\"WebPage\",\"@id\":\"https:\\\/\\\/www.eldigitaldeasturias.com\\\/noticias\\\/adriana-lastra-hoy-empezamos-a-construir-una-democracia-plena\\\/#webpage\",\"url\":\"https:\\\/\\\/www.eldigitaldeasturias.com\\\/noticias\\\/adriana-lastra-hoy-empezamos-a-construir-una-democracia-plena\\\/\",\"name\":\"Adriana Lastra: \\u201cHoy empezamos a construir una democracia plena\\u00bb - El Digital de Asturias\",\"description\":\"La vicesecretaria general y portavoz adjunta del Grupo Socialista, Adriana Lastra, y la responsable de Movimientos Sociales y Diversidad del PSOE, M\\u00f3nica Silvana Gonzalez, han expresado hoy su satisfacci\\u00f3n por la aceptaci\\u00f3n a tr\\u00e1mite en el Congreso, por unanimidad, de la iniciativa legislativa socialista sobre Igualdad de Trato y No Discriminaci\\u00f3n; una ley \\u201cesencial e\",\"inLanguage\":\"es-ES\",\"isPartOf\":{\"@id\":\"https:\\\/\\\/www.eldigitaldeasturias.com\\\/noticias\\\/#website\"},\"breadcrumb\":{\"@id\":\"https:\\\/\\\/www.eldigitaldeasturias.com\\\/noticias\\\/adriana-lastra-hoy-empezamos-a-construir-una-democracia-plena\\\/#breadcrumblist\"},\"author\":{\"@id\":\"https:\\\/\\\/www.eldigitaldeasturias.com\\\/noticias\\\/author\\\/admin\\\/#author\"},\"creator\":{\"@id\":\"https:\\\/\\\/www.eldigitaldeasturias.com\\\/noticias\\\/author\\\/admin\\\/#author\"},\"image\":{\"@type\":\"ImageObject\",\"url\":791625,\"@id\":\"https:\\\/\\\/www.eldigitaldeasturias.com\\\/noticias\\\/adriana-lastra-hoy-empezamos-a-construir-una-democracia-plena\\\/#mainImage\"},\"primaryImageOfPage\":{\"@id\":\"https:\\\/\\\/www.eldigitaldeasturias.com\\\/noticias\\\/adriana-lastra-hoy-empezamos-a-construir-una-democracia-plena\\\/#mainImage\"},\"datePublished\":\"2018-04-13T02:10:08+02:00\",\"dateModified\":\"2018-04-13T02:10:08+02:00\"},{\"@type\":\"WebSite\",\"@id\":\"https:\\\/\\\/www.eldigitaldeasturias.com\\\/noticias\\\/#website\",\"url\":\"https:\\\/\\\/www.eldigitaldeasturias.com\\\/noticias\\\/\",\"name\":\"El Digital de Asturias - Diario de actualidad y noticias\",\"alternateName\":\"El Digital de Asturias - Diario de actualidad y noticias\",\"description\":\"Hemeroteca\",\"inLanguage\":\"es-ES\",\"publisher\":{\"@id\":\"https:\\\/\\\/www.eldigitaldeasturias.com\\\/noticias\\\/#organization\"}}]}\n\t\t<\/script>\n\t\t<!-- All in One SEO Pro -->\r\n\t\t<title>Adriana Lastra: \u201cHoy empezamos a construir una democracia plena\u00bb - El Digital de Asturias<\/title>\n\n","aioseo_head_json":{"title":"Adriana Lastra: \u201cHoy empezamos a construir una democracia plena\u00bb - El Digital de Asturias","description":"La vicesecretaria general y portavoz adjunta del Grupo Socialista, Adriana Lastra, y la responsable de Movimientos Sociales y Diversidad del PSOE, M\u00f3nica Silvana Gonzalez, han expresado hoy su satisfacci\u00f3n por la aceptaci\u00f3n a tr\u00e1mite en el Congreso, por unanimidad, de la iniciativa legislativa socialista sobre Igualdad de Trato y No Discriminaci\u00f3n; una ley \u201cesencial e","canonical_url":"https:\/\/www.eldigitaldeasturias.com\/noticias\/adriana-lastra-hoy-empezamos-a-construir-una-democracia-plena\/","robots":"max-image-preview:large","keywords":"actualidad","webmasterTools":{"google-site-verification":"UA-38556648-1","msvalidate.01":"7dfe9f3f1b24437ab69f4f2559babe99","miscellaneous":""},"schema":{"@context":"https:\/\/schema.org","@graph":[{"@type":"BlogPosting","@id":"https:\/\/www.eldigitaldeasturias.com\/noticias\/adriana-lastra-hoy-empezamos-a-construir-una-democracia-plena\/#blogposting","name":"Adriana Lastra: \u201cHoy empezamos a construir una democracia plena\u00bb - El Digital de Asturias","headline":"Adriana Lastra: \u201cHoy empezamos a construir una democracia plena\u00bb","author":{"@id":"https:\/\/www.eldigitaldeasturias.com\/noticias\/author\/admin\/#author"},"publisher":{"@id":"https:\/\/www.eldigitaldeasturias.com\/noticias\/#organization"},"image":{"@type":"ImageObject","url":791625},"datePublished":"2018-04-13T02:10:08+02:00","dateModified":"2018-04-13T02:10:08+02:00","inLanguage":"es-ES","mainEntityOfPage":{"@id":"https:\/\/www.eldigitaldeasturias.com\/noticias\/adriana-lastra-hoy-empezamos-a-construir-una-democracia-plena\/#webpage"},"isPartOf":{"@id":"https:\/\/www.eldigitaldeasturias.com\/noticias\/adriana-lastra-hoy-empezamos-a-construir-una-democracia-plena\/#webpage"},"articleSection":"Actualidad"},{"@type":"BreadcrumbList","@id":"https:\/\/www.eldigitaldeasturias.com\/noticias\/adriana-lastra-hoy-empezamos-a-construir-una-democracia-plena\/#breadcrumblist","itemListElement":[{"@type":"ListItem","@id":"https:\/\/www.eldigitaldeasturias.com\/noticias#listItem","position":1,"name":"Home","item":"https:\/\/www.eldigitaldeasturias.com\/noticias","nextItem":{"@type":"ListItem","@id":"https:\/\/www.eldigitaldeasturias.com\/noticias\/category\/actualidad\/#listItem","name":"Actualidad"}},{"@type":"ListItem","@id":"https:\/\/www.eldigitaldeasturias.com\/noticias\/category\/actualidad\/#listItem","position":2,"name":"Actualidad","item":"https:\/\/www.eldigitaldeasturias.com\/noticias\/category\/actualidad\/","nextItem":{"@type":"ListItem","@id":"https:\/\/www.eldigitaldeasturias.com\/noticias\/adriana-lastra-hoy-empezamos-a-construir-una-democracia-plena\/#listItem","name":"Adriana Lastra: \u201cHoy empezamos a construir una democracia plena\u00bb"},"previousItem":{"@type":"ListItem","@id":"https:\/\/www.eldigitaldeasturias.com\/noticias#listItem","name":"Home"}},{"@type":"ListItem","@id":"https:\/\/www.eldigitaldeasturias.com\/noticias\/adriana-lastra-hoy-empezamos-a-construir-una-democracia-plena\/#listItem","position":3,"name":"Adriana Lastra: \u201cHoy empezamos a construir una democracia plena\u00bb","previousItem":{"@type":"ListItem","@id":"https:\/\/www.eldigitaldeasturias.com\/noticias\/category\/actualidad\/#listItem","name":"Actualidad"}}]},{"@type":"Organization","@id":"https:\/\/www.eldigitaldeasturias.com\/noticias\/#organization","name":"El Digital de Asturias","description":"Hemeroteca","url":"https:\/\/www.eldigitaldeasturias.com\/noticias\/","email":"info@eldigitaldeasturias.com","telephone":"+34652131393","logo":{"@type":"ImageObject","url":"https:\/\/www.eldigitaldeasturias.com\/noticias\/wp-content\/uploads\/2020\/12\/EDA.jpg","@id":"https:\/\/www.eldigitaldeasturias.com\/noticias\/adriana-lastra-hoy-empezamos-a-construir-una-democracia-plena\/#organizationLogo"},"image":{"@id":"https:\/\/www.eldigitaldeasturias.com\/noticias\/adriana-lastra-hoy-empezamos-a-construir-una-democracia-plena\/#organizationLogo"},"sameAs":["https:\/\/facebook.com\/eldigitaldeasturias","https:\/\/www.youtube.com\/channel\/UCZP-2wLEB9Rv6erhFmqVnvg"],"address":{"@id":"https:\/\/www.eldigitaldeasturias.com\/noticias\/#postaladdress","@type":"PostalAddress","streetAddress":"san antonio 4","postalCode":"33430","addressLocality":"Cand\u00e1s","addressRegion":"Asturias","addressCountry":"ES"}},{"@type":"Person","@id":"https:\/\/www.eldigitaldeasturias.com\/noticias\/author\/admin\/#author","url":"https:\/\/www.eldigitaldeasturias.com\/noticias\/author\/admin\/","name":"El Digital de Asturias","image":{"@type":"ImageObject","@id":"https:\/\/www.eldigitaldeasturias.com\/noticias\/adriana-lastra-hoy-empezamos-a-construir-una-democracia-plena\/#authorImage","url":"https:\/\/secure.gravatar.com\/avatar\/df2aeffc32bcd13f8d26072ef8a91b623d677766deac7f97ca815868cd41bf5e?s=96&d=mm&r=g","width":96,"height":96,"caption":"El Digital de Asturias"}},{"@type":"WebPage","@id":"https:\/\/www.eldigitaldeasturias.com\/noticias\/adriana-lastra-hoy-empezamos-a-construir-una-democracia-plena\/#webpage","url":"https:\/\/www.eldigitaldeasturias.com\/noticias\/adriana-lastra-hoy-empezamos-a-construir-una-democracia-plena\/","name":"Adriana Lastra: \u201cHoy empezamos a construir una democracia plena\u00bb - El Digital de Asturias","description":"La vicesecretaria general y portavoz adjunta del Grupo Socialista, Adriana Lastra, y la responsable de Movimientos Sociales y Diversidad del PSOE, M\u00f3nica Silvana Gonzalez, han expresado hoy su satisfacci\u00f3n por la aceptaci\u00f3n a tr\u00e1mite en el Congreso, por unanimidad, de la iniciativa legislativa socialista sobre Igualdad de Trato y No Discriminaci\u00f3n; una ley \u201cesencial e","inLanguage":"es-ES","isPartOf":{"@id":"https:\/\/www.eldigitaldeasturias.com\/noticias\/#website"},"breadcrumb":{"@id":"https:\/\/www.eldigitaldeasturias.com\/noticias\/adriana-lastra-hoy-empezamos-a-construir-una-democracia-plena\/#breadcrumblist"},"author":{"@id":"https:\/\/www.eldigitaldeasturias.com\/noticias\/author\/admin\/#author"},"creator":{"@id":"https:\/\/www.eldigitaldeasturias.com\/noticias\/author\/admin\/#author"},"image":{"@type":"ImageObject","url":791625,"@id":"https:\/\/www.eldigitaldeasturias.com\/noticias\/adriana-lastra-hoy-empezamos-a-construir-una-democracia-plena\/#mainImage"},"primaryImageOfPage":{"@id":"https:\/\/www.eldigitaldeasturias.com\/noticias\/adriana-lastra-hoy-empezamos-a-construir-una-democracia-plena\/#mainImage"},"datePublished":"2018-04-13T02:10:08+02:00","dateModified":"2018-04-13T02:10:08+02:00"},{"@type":"WebSite","@id":"https:\/\/www.eldigitaldeasturias.com\/noticias\/#website","url":"https:\/\/www.eldigitaldeasturias.com\/noticias\/","name":"El Digital de Asturias - Diario de actualidad y noticias","alternateName":"El Digital de Asturias - Diario de actualidad y noticias","description":"Hemeroteca","inLanguage":"es-ES","publisher":{"@id":"https:\/\/www.eldigitaldeasturias.com\/noticias\/#organization"}}]},"og:locale":"es_ES","og:site_name":"El Digital de Asturias","og:type":"article","og:title":"Adriana Lastra: \u201cHoy empezamos a construir una democracia plena\u00bb - El Digital de Asturias","og:description":"La vicesecretaria general y portavoz adjunta del Grupo Socialista, Adriana Lastra, y la responsable de Movimientos Sociales y Diversidad del PSOE, M\u00f3nica Silvana Gonzalez, han expresado hoy su satisfacci\u00f3n por la aceptaci\u00f3n a tr\u00e1mite en el Congreso, por unanimidad, de la iniciativa legislativa socialista sobre Igualdad de Trato y No Discriminaci\u00f3n; una ley \u201cesencial e","og:url":"https:\/\/www.eldigitaldeasturias.com\/noticias\/adriana-lastra-hoy-empezamos-a-construir-una-democracia-plena\/","article:tag":["actualidad"],"article:published_time":"2018-04-13T02:10:08+00:00","article:modified_time":"2018-04-13T02:10:08+00:00","article:publisher":"https:\/\/facebook.com\/eldigitaldeasturias","twitter:card":"summary_large_image","twitter:title":"Adriana Lastra: \u201cHoy empezamos a construir una democracia plena\u00bb - El Digital de Asturias","twitter:description":"La vicesecretaria general y portavoz adjunta del Grupo Socialista, Adriana Lastra, y la responsable de Movimientos Sociales y Diversidad del PSOE, M\u00f3nica Silvana Gonzalez, han expresado hoy su satisfacci\u00f3n por la aceptaci\u00f3n a tr\u00e1mite en el Congreso, por unanimidad, de la iniciativa legislativa socialista sobre Igualdad de Trato y No Discriminaci\u00f3n; una ley \u201cesencial e","twitter:image":"https:\/\/www.eldigitaldeasturias.com\/noticias\/wp-content\/uploads\/2020\/12\/EDA-1.jpg","twitter:label1":"Escrito por","twitter:data1":"El Digital de Asturias","twitter:label2":"Tiempo de lectura estimado","twitter:data2":"2 minutos"},"aioseo_meta_data":{"post_id":"975804","title":null,"description":null,"keywords":null,"keyphrases":null,"primary_term":null,"canonical_url":null,"og_title":null,"og_description":null,"og_object_type":"default","og_image_type":"default","og_image_url":null,"og_image_width":null,"og_image_height":null,"og_image_custom_url":null,"og_image_custom_fields":null,"og_video":null,"og_custom_url":null,"og_article_section":null,"og_article_tags":null,"twitter_use_og":false,"twitter_card":"default","twitter_image_type":"default","twitter_image_url":null,"twitter_image_custom_url":null,"twitter_image_custom_fields":null,"twitter_title":null,"twitter_description":null,"schema":{"blockGraphs":[],"customGraphs":[],"default":{"data":{"Article":[],"Course":[],"Dataset":[],"FAQPage":[],"Movie":[],"Person":[],"Product":[],"ProductReview":[],"Car":[],"Recipe":[],"Service":[],"SoftwareApplication":[],"WebPage":[]},"graphName":"","isEnabled":true},"graphs":[],"defaultGraph":"","defaultPostTypeGraph":""},"schema_type":null,"schema_type_options":null,"pillar_content":false,"robots_default":true,"robots_noindex":false,"robots_noarchive":false,"robots_nosnippet":false,"robots_nofollow":false,"robots_noimageindex":false,"robots_noodp":false,"robots_notranslate":false,"robots_max_snippet":null,"robots_max_videopreview":null,"robots_max_imagepreview":"large","priority":null,"frequency":null,"local_seo":null,"seo_analyzer_scan_date":"2025-10-08 01:16:07","breadcrumb_settings":null,"limit_modified_date":false,"open_ai":null,"ai":null,"created":"2020-12-21 12:09:41","updated":"2025-10-08 01:16:07","focus_keyword":null,"additional_keywords":null,"truseo_locale":null},"aioseo_breadcrumb":"<div class=\"aioseo-breadcrumbs\"><span class=\"aioseo-breadcrumb\">\n\t<a href=\"https:\/\/www.eldigitaldeasturias.com\/noticias\" title=\"Home\">Home<\/a>\n<\/span><span class=\"aioseo-breadcrumb-separator\">\u2013<\/span><span class=\"aioseo-breadcrumb\">\n\t<a href=\"https:\/\/www.eldigitaldeasturias.com\/noticias\/category\/actualidad\/\" title=\"Actualidad\">Actualidad<\/a>\n<\/span><span class=\"aioseo-breadcrumb-separator\">\u2013<\/span><span class=\"aioseo-breadcrumb\">\n\t<a href=\"https:\/\/www.eldigitaldeasturias.com\/noticias\/adriana-lastra-hoy-empezamos-a-construir-una-democracia-plena\/\" title=\"Adriana Lastra: \u201cHoy empezamos a construir una democracia plena\u00bb\">Adriana Lastra: \u201cHoy empezamos a construir una democracia plena\u00bb<\/a>\n<\/span><\/div>","aioseo_breadcrumb_json":[{"label":"Home","link":"https:\/\/www.eldigitaldeasturias.com\/noticias"},{"label":"Actualidad","link":"https:\/\/www.eldigitaldeasturias.com\/noticias\/category\/actualidad\/"},{"label":"Adriana Lastra: \u201cHoy empezamos a construir una democracia plena\u00bb","link":"https:\/\/www.eldigitaldeasturias.com\/noticias\/adriana-lastra-hoy-empezamos-a-construir-una-democracia-plena\/"}],"_links":{"self":[{"href":"https:\/\/www.eldigitaldeasturias.com\/noticias\/wp-json\/wp\/v2\/posts\/975804","targetHints":{"allow":["GET"]}}],"collection":[{"href":"https:\/\/www.eldigitaldeasturias.com\/noticias\/wp-json\/wp\/v2\/posts"}],"about":[{"href":"https:\/\/www.eldigitaldeasturias.com\/noticias\/wp-json\/wp\/v2\/types\/post"}],"author":[{"embeddable":true,"href":"https:\/\/www.eldigitaldeasturias.com\/noticias\/wp-json\/wp\/v2\/users\/1"}],"replies":[{"embeddable":true,"href":"https:\/\/www.eldigitaldeasturias.com\/noticias\/wp-json\/wp\/v2\/comments?post=975804"}],"version-history":[{"count":0,"href":"https:\/\/www.eldigitaldeasturias.com\/noticias\/wp-json\/wp\/v2\/posts\/975804\/revisions"}],"wp:attachment":[{"href":"https:\/\/www.eldigitaldeasturias.com\/noticias\/wp-json\/wp\/v2\/media?parent=975804"}],"wp:term":[{"taxonomy":"category","embeddable":true,"href":"https:\/\/www.eldigitaldeasturias.com\/noticias\/wp-json\/wp\/v2\/categories?post=975804"},{"taxonomy":"post_tag","embeddable":true,"href":"https:\/\/www.eldigitaldeasturias.com\/noticias\/wp-json\/wp\/v2\/tags?post=975804"}],"curies":[{"name":"wp","href":"https:\/\/api.w.org\/{rel}","templated":true}]}}