{"id":975699,"date":"2018-04-12T00:47:43","date_gmt":"2018-04-12T00:47:43","guid":{"rendered":"http:\/\/www.eldigitaldeasturias.com\/noticias\/?p=975699"},"modified":"2018-04-12T00:47:43","modified_gmt":"2018-04-12T00:47:43","slug":"venezuela-y-la-debilidad-de-la-izquierda-para-la-cumbre-de-lima","status":"publish","type":"post","link":"https:\/\/www.eldigitaldeasturias.com\/noticias\/venezuela-y-la-debilidad-de-la-izquierda-para-la-cumbre-de-lima\/","title":{"rendered":"Venezuela y la debilidad de la izquierda para la Cumbre de Lima"},"content":{"rendered":"<p><img loading=\"lazy\" decoding=\"async\" class=\"alignleft size-medium wp-image-975583\" src=\"https:\/\/www.eldigitaldeasturias.com\/noticias\/wp-content\/uploads\/2018\/04\/lime-1191767_1280-360x205.jpg\" alt=\"\" width=\"360\" height=\"205\" \/>Lima, 11 abr (dpa) &#8211; \u00abALCA, \u00a1al carajo!\u00bb. La legendaria frase del fallecido presidente venezolano Hugo Ch\u00e1vez para rechazar un tratado de libre comercio con Estados Unidos mostraba en 2005 la fortaleza de la izquierda en Am\u00e9rica Latina, pero los tiempos han cambiado en la regi\u00f3n.<\/p>\n<p>Las im\u00e1genes de los disturbios con manifestantes que protestaban por la visita del estadounidense George W. Bush en noviembre de 2005 a Argentina o los encendidos discursos de Ch\u00e1vez fueron algunos de los recuerdos que dej\u00f3 entonces la Cumbre de las Am\u00e9ricas de Mar del Plata.<\/p>\n<p>All\u00ed empez\u00f3 a vislumbrarse el quiebre del eje en torno a Estados Unidos con las naciones con Gobiernos de centroizquierda. Unos a\u00f1os despu\u00e9s, \u00e9stas amenazaron incluso con boicotear las cumbres si no se inclu\u00eda a Cuba.<\/p>\n<p>Tras el deshielo con Estados Unidos y despu\u00e9s de 21 a\u00f1os de exclusi\u00f3n, Cuba finalmente tuvo presencia en la cita regional de 2015 en Panam\u00e1, donde se vio incluso al estadounidense Barack Obama darle la mano a Ra\u00fal Castro.<\/p>\n<p>Para la cumbre de esta semana en Lima, sin embargo, el contexto es bastante diferente. Venezuela, m\u00e1s que nunca, est\u00e1 en el centro de la atenci\u00f3n. Ya no es Ch\u00e1vez el que est\u00e1 en el poder, sino su sucesor Nicol\u00e1s Maduro, y en medio de una crisis econ\u00f3mica, social y pol\u00edtica.<\/p>\n<p>Pero adem\u00e1s la regi\u00f3n tampoco es la misma. En los \u00faltimos a\u00f1os se fue dando un viraje a la derecha: en 2015 lleg\u00f3 Mauricio Macri a la presidencia de Argentina y marc\u00f3 el fin de los 12 a\u00f1os de la centroizquierda del kirchnerismo. Al a\u00f1o siguiente, Dilma Rousseff fue destituida en un controvertido proceso en Brasil y la reemplaz\u00f3 el conservador Michel Temer.<\/p>\n<p>En 2017 el ecuatoriano Rafael Correa entreg\u00f3 el mando a Len\u00edn Moreno, que poco despu\u00e9s de asumir se despeg\u00f3 de la l\u00ednea de su antecesor, pese a que pertenec\u00edan al mismo partido, mientras que en Chile termin\u00f3 el Gobierno de centroizquierda de Michelle Bachelet y gan\u00f3 el derechista Sebasti\u00e1n Pi\u00f1era.<\/p>\n<p>Y en Estados Unidos lleg\u00f3 Donald Trump al poder. El republicano se embarc\u00f3 en una fuerte disputa con la Venezuela de Maduro, contra la que aplic\u00f3 una serie de sanciones por considerar que el pa\u00eds debe regresar a la \u00absenda constitucional y dem\u00f3cratica\u00bb.<\/p>\n<p>El mandatario finalmente cancel\u00f3 su viaje a Lima por la crisis en Siria, pero funcionarios de la Casa Blanca anticiparon que la intenci\u00f3n de Washington es mostrar liderazgo en relaci\u00f3n a Venezuela. \u00abVenezuela es el problema m\u00e1s apremiante en este momento en el hemisferio\u00bb, manifest\u00f3 un alto funcionario del Departamento de Estado.<\/p>\n<p>Trump fue uno de los primeros en respaldar al nuevo presidente peruano, Mart\u00edn Vizcarra, que asumi\u00f3 hace s\u00f3lo unas semanas, despu\u00e9s de que Pedro Pablo Kuczynski renunciara en medio de un proceso de destituci\u00f3n por sus v\u00ednculos con la constructora Odebrecht, involucrada en un esc\u00e1ndalo de corrupci\u00f3n.<\/p>\n<p>Antes de dejar el cargo, Kuczynski decidi\u00f3 dejar a Venezuela afuera de la cumbre ante el adelanto de las elecciones por parte de Maduro y recibi\u00f3 el respaldo de Washington, que no quiere desaprovechar la oportunidad para buscar una respuesta regional a la crisis venezolana.<\/p>\n<p>Ser\u00e1 tambi\u00e9n una oportunidad para presionar a Caracas para el Grupo de Lima, formado por varios pa\u00edses de la regi\u00f3n a instancias de Estados Unidos tras el fracaso de una respuesta coordinada en el marco de la OEA. Muchas de estas naciones se ven adem\u00e1s directamente afectadas por el flujo de migrantes venezolanos que llegan a sus territorios.<\/p>\n<p>Maduro, que en principio dijo que ir\u00eda \u00abllueve o truene\u00bb a Lima, finalmente desisti\u00f3 del viaje al considerar que la cumbre no estaba en su lista de prioridades y que era \u00abuna p\u00e9rdida de tiempo\u00bb.<\/p>\n<p>El boliviano Evo Morales es uno de sus principales y pocos defensores y abogaba por la presencia de Venezuela en la cumbre, as\u00ed como el nicarag\u00fcense Daniel Ortega y el Gobierno de centroizquierda uruguayo de Tabar\u00e9 V\u00e1zquez.<\/p>\n<p>Y aunque en la previa tambi\u00e9n se sum\u00f3 al grupo de respaldo a Maduro, se desconoce a\u00fan si Ra\u00fal Castro ir\u00e1 a la cumbre, que ser\u00eda la \u00faltima ya que dejar\u00e1 el cargo el 19 de abril. Mientras tanto, el brasile\u00f1o Luiz In\u00e1cio Lula da Silva, el emblem\u00e1tico \u00edcono de la izquierda latinoamericana, se encuentra en prisi\u00f3n por una condena de 12 a\u00f1os por corrupci\u00f3n.<\/p>\n<p>Por Cecilia Becar\u00eda (dpa)<\/p>\n","protected":false},"excerpt":{"rendered":"<p>Lima, 11 abr (dpa) &#8211; \u00abALCA, \u00a1al carajo!\u00bb. La legendaria frase del fallecido presidente venezolano Hugo Ch\u00e1vez para rechazar un tratado de libre comercio con Estados Unidos mostraba en 2005 la fortaleza de la izquierda en Am\u00e9rica Latina, pero los tiempos han cambiado en la regi\u00f3n. Las im\u00e1genes de los disturbios con manifestantes que protestaban [&hellip;]<\/p>\n","protected":false},"author":1,"featured_media":975583,"comment_status":"closed","ping_status":"closed","sticky":false,"template":"","format":"standard","meta":{"footnotes":""},"categories":[1],"tags":[],"class_list":["post-975699","post","type-post","status-publish","format-standard","has-post-thumbnail","hentry","category-actualidad"],"aioseo_notices":[],"aioseo_head":"\n\t\t<!-- All in One SEO Pro 5.0.1 - aioseo.com -->\n\t<meta name=\"description\" content=\"Lima, 11 abr (dpa) - &quot;ALCA, \u00a1al carajo!&quot;. La legendaria frase del fallecido presidente venezolano Hugo Ch\u00e1vez para rechazar un tratado de libre comercio con Estados Unidos mostraba en 2005 la fortaleza de la izquierda en Am\u00e9rica Latina, pero los tiempos han cambiado en la regi\u00f3n. Las im\u00e1genes de los disturbios con manifestantes que protestaban\" \/>\n\t<meta name=\"robots\" content=\"max-image-preview:large\" \/>\n\t<meta name=\"author\" content=\"El Digital de Asturias\"\/>\n\t<meta name=\"google-site-verification\" content=\"UA-38556648-1\" \/>\n\t<meta name=\"msvalidate.01\" content=\"7dfe9f3f1b24437ab69f4f2559babe99\" \/>\n\t<meta name=\"keywords\" content=\"actualidad\" \/>\n\t<link rel=\"canonical\" href=\"https:\/\/www.eldigitaldeasturias.com\/noticias\/venezuela-y-la-debilidad-de-la-izquierda-para-la-cumbre-de-lima\/\" \/>\n\t<meta name=\"generator\" content=\"All in One SEO Pro (AIOSEO) 5.0.1\" \/>\n\t\t<meta property=\"og:locale\" content=\"es_ES\" \/>\n\t\t<meta property=\"og:site_name\" content=\"El Digital de Asturias\" \/>\n\t\t<meta property=\"og:type\" content=\"article\" \/>\n\t\t<meta property=\"og:title\" content=\"Venezuela y la debilidad de la izquierda para la Cumbre de Lima - El Digital de Asturias\" \/>\n\t\t<meta property=\"og:description\" content=\"Lima, 11 abr (dpa) - &quot;ALCA, \u00a1al carajo!&quot;. La legendaria frase del fallecido presidente venezolano Hugo Ch\u00e1vez para rechazar un tratado de libre comercio con Estados Unidos mostraba en 2005 la fortaleza de la izquierda en Am\u00e9rica Latina, pero los tiempos han cambiado en la regi\u00f3n. Las im\u00e1genes de los disturbios con manifestantes que protestaban\" \/>\n\t\t<meta property=\"og:url\" content=\"https:\/\/www.eldigitaldeasturias.com\/noticias\/venezuela-y-la-debilidad-de-la-izquierda-para-la-cumbre-de-lima\/\" \/>\n\t\t<meta property=\"article:tag\" content=\"actualidad\" \/>\n\t\t<meta property=\"article:published_time\" content=\"2018-04-12T00:47:43+00:00\" \/>\n\t\t<meta property=\"article:modified_time\" content=\"2018-04-12T00:47:43+00:00\" \/>\n\t\t<meta property=\"article:publisher\" content=\"https:\/\/facebook.com\/eldigitaldeasturias\" \/>\n\t\t<meta name=\"twitter:card\" content=\"summary_large_image\" \/>\n\t\t<meta name=\"twitter:title\" content=\"Venezuela y la debilidad de la izquierda para la Cumbre de Lima - El Digital de Asturias\" \/>\n\t\t<meta name=\"twitter:description\" content=\"Lima, 11 abr (dpa) - &quot;ALCA, \u00a1al carajo!&quot;. La legendaria frase del fallecido presidente venezolano Hugo Ch\u00e1vez para rechazar un tratado de libre comercio con Estados Unidos mostraba en 2005 la fortaleza de la izquierda en Am\u00e9rica Latina, pero los tiempos han cambiado en la regi\u00f3n. Las im\u00e1genes de los disturbios con manifestantes que protestaban\" \/>\n\t\t<meta name=\"twitter:image\" content=\"https:\/\/www.eldigitaldeasturias.com\/noticias\/wp-content\/uploads\/2020\/12\/EDA-1.jpg\" \/>\n\t\t<meta name=\"twitter:label1\" content=\"Escrito por\" \/>\n\t\t<meta name=\"twitter:data1\" content=\"El Digital de Asturias\" \/>\n\t\t<meta name=\"twitter:label2\" content=\"Tiempo de lectura estimado\" \/>\n\t\t<meta name=\"twitter:data2\" content=\"4 minutos\" \/>\n\t\t<script type=\"application\/ld+json\" class=\"aioseo-schema\">\n\t\t\t{\"@context\":\"https:\\\/\\\/schema.org\",\"@graph\":[{\"@type\":\"BlogPosting\",\"@id\":\"https:\\\/\\\/www.eldigitaldeasturias.com\\\/noticias\\\/venezuela-y-la-debilidad-de-la-izquierda-para-la-cumbre-de-lima\\\/#blogposting\",\"name\":\"Venezuela y la debilidad de la izquierda para la Cumbre de Lima - El Digital de Asturias\",\"headline\":\"Venezuela y la debilidad de la izquierda para la Cumbre de Lima\",\"author\":{\"@id\":\"https:\\\/\\\/www.eldigitaldeasturias.com\\\/noticias\\\/author\\\/admin\\\/#author\"},\"publisher\":{\"@id\":\"https:\\\/\\\/www.eldigitaldeasturias.com\\\/noticias\\\/#organization\"},\"image\":{\"@type\":\"ImageObject\",\"url\":975583},\"datePublished\":\"2018-04-12T00:47:43+02:00\",\"dateModified\":\"2018-04-12T00:47:43+02:00\",\"inLanguage\":\"es-ES\",\"mainEntityOfPage\":{\"@id\":\"https:\\\/\\\/www.eldigitaldeasturias.com\\\/noticias\\\/venezuela-y-la-debilidad-de-la-izquierda-para-la-cumbre-de-lima\\\/#webpage\"},\"isPartOf\":{\"@id\":\"https:\\\/\\\/www.eldigitaldeasturias.com\\\/noticias\\\/venezuela-y-la-debilidad-de-la-izquierda-para-la-cumbre-de-lima\\\/#webpage\"},\"articleSection\":\"Actualidad\"},{\"@type\":\"BreadcrumbList\",\"@id\":\"https:\\\/\\\/www.eldigitaldeasturias.com\\\/noticias\\\/venezuela-y-la-debilidad-de-la-izquierda-para-la-cumbre-de-lima\\\/#breadcrumblist\",\"itemListElement\":[{\"@type\":\"ListItem\",\"@id\":\"https:\\\/\\\/www.eldigitaldeasturias.com\\\/noticias#listItem\",\"position\":1,\"name\":\"Home\",\"item\":\"https:\\\/\\\/www.eldigitaldeasturias.com\\\/noticias\",\"nextItem\":{\"@type\":\"ListItem\",\"@id\":\"https:\\\/\\\/www.eldigitaldeasturias.com\\\/noticias\\\/category\\\/actualidad\\\/#listItem\",\"name\":\"Actualidad\"}},{\"@type\":\"ListItem\",\"@id\":\"https:\\\/\\\/www.eldigitaldeasturias.com\\\/noticias\\\/category\\\/actualidad\\\/#listItem\",\"position\":2,\"name\":\"Actualidad\",\"item\":\"https:\\\/\\\/www.eldigitaldeasturias.com\\\/noticias\\\/category\\\/actualidad\\\/\",\"nextItem\":{\"@type\":\"ListItem\",\"@id\":\"https:\\\/\\\/www.eldigitaldeasturias.com\\\/noticias\\\/venezuela-y-la-debilidad-de-la-izquierda-para-la-cumbre-de-lima\\\/#listItem\",\"name\":\"Venezuela y la debilidad de la izquierda para la Cumbre de Lima\"},\"previousItem\":{\"@type\":\"ListItem\",\"@id\":\"https:\\\/\\\/www.eldigitaldeasturias.com\\\/noticias#listItem\",\"name\":\"Home\"}},{\"@type\":\"ListItem\",\"@id\":\"https:\\\/\\\/www.eldigitaldeasturias.com\\\/noticias\\\/venezuela-y-la-debilidad-de-la-izquierda-para-la-cumbre-de-lima\\\/#listItem\",\"position\":3,\"name\":\"Venezuela y la debilidad de la izquierda para la Cumbre de Lima\",\"previousItem\":{\"@type\":\"ListItem\",\"@id\":\"https:\\\/\\\/www.eldigitaldeasturias.com\\\/noticias\\\/category\\\/actualidad\\\/#listItem\",\"name\":\"Actualidad\"}}]},{\"@type\":\"Organization\",\"@id\":\"https:\\\/\\\/www.eldigitaldeasturias.com\\\/noticias\\\/#organization\",\"name\":\"El Digital de Asturias\",\"description\":\"Hemeroteca\",\"url\":\"https:\\\/\\\/www.eldigitaldeasturias.com\\\/noticias\\\/\",\"email\":\"info@eldigitaldeasturias.com\",\"telephone\":\"+34652131393\",\"logo\":{\"@type\":\"ImageObject\",\"url\":\"https:\\\/\\\/www.eldigitaldeasturias.com\\\/noticias\\\/wp-content\\\/uploads\\\/2020\\\/12\\\/EDA.jpg\",\"@id\":\"https:\\\/\\\/www.eldigitaldeasturias.com\\\/noticias\\\/venezuela-y-la-debilidad-de-la-izquierda-para-la-cumbre-de-lima\\\/#organizationLogo\"},\"image\":{\"@id\":\"https:\\\/\\\/www.eldigitaldeasturias.com\\\/noticias\\\/venezuela-y-la-debilidad-de-la-izquierda-para-la-cumbre-de-lima\\\/#organizationLogo\"},\"sameAs\":[\"https:\\\/\\\/facebook.com\\\/eldigitaldeasturias\",\"https:\\\/\\\/www.youtube.com\\\/channel\\\/UCZP-2wLEB9Rv6erhFmqVnvg\"],\"address\":{\"@id\":\"https:\\\/\\\/www.eldigitaldeasturias.com\\\/noticias\\\/#postaladdress\",\"@type\":\"PostalAddress\",\"streetAddress\":\"san antonio 4\",\"postalCode\":\"33430\",\"addressLocality\":\"Cand\\u00e1s\",\"addressRegion\":\"Asturias\",\"addressCountry\":\"ES\"}},{\"@type\":\"Person\",\"@id\":\"https:\\\/\\\/www.eldigitaldeasturias.com\\\/noticias\\\/author\\\/admin\\\/#author\",\"url\":\"https:\\\/\\\/www.eldigitaldeasturias.com\\\/noticias\\\/author\\\/admin\\\/\",\"name\":\"El Digital de Asturias\",\"image\":{\"@type\":\"ImageObject\",\"@id\":\"https:\\\/\\\/www.eldigitaldeasturias.com\\\/noticias\\\/venezuela-y-la-debilidad-de-la-izquierda-para-la-cumbre-de-lima\\\/#authorImage\",\"url\":\"https:\\\/\\\/secure.gravatar.com\\\/avatar\\\/df2aeffc32bcd13f8d26072ef8a91b623d677766deac7f97ca815868cd41bf5e?s=96&d=mm&r=g\",\"width\":96,\"height\":96,\"caption\":\"El Digital de Asturias\"}},{\"@type\":\"WebPage\",\"@id\":\"https:\\\/\\\/www.eldigitaldeasturias.com\\\/noticias\\\/venezuela-y-la-debilidad-de-la-izquierda-para-la-cumbre-de-lima\\\/#webpage\",\"url\":\"https:\\\/\\\/www.eldigitaldeasturias.com\\\/noticias\\\/venezuela-y-la-debilidad-de-la-izquierda-para-la-cumbre-de-lima\\\/\",\"name\":\"Venezuela y la debilidad de la izquierda para la Cumbre de Lima - El Digital de Asturias\",\"description\":\"Lima, 11 abr (dpa) - \\\"ALCA, \\u00a1al carajo!\\\". La legendaria frase del fallecido presidente venezolano Hugo Ch\\u00e1vez para rechazar un tratado de libre comercio con Estados Unidos mostraba en 2005 la fortaleza de la izquierda en Am\\u00e9rica Latina, pero los tiempos han cambiado en la regi\\u00f3n. Las im\\u00e1genes de los disturbios con manifestantes que protestaban\",\"inLanguage\":\"es-ES\",\"isPartOf\":{\"@id\":\"https:\\\/\\\/www.eldigitaldeasturias.com\\\/noticias\\\/#website\"},\"breadcrumb\":{\"@id\":\"https:\\\/\\\/www.eldigitaldeasturias.com\\\/noticias\\\/venezuela-y-la-debilidad-de-la-izquierda-para-la-cumbre-de-lima\\\/#breadcrumblist\"},\"author\":{\"@id\":\"https:\\\/\\\/www.eldigitaldeasturias.com\\\/noticias\\\/author\\\/admin\\\/#author\"},\"creator\":{\"@id\":\"https:\\\/\\\/www.eldigitaldeasturias.com\\\/noticias\\\/author\\\/admin\\\/#author\"},\"image\":{\"@type\":\"ImageObject\",\"url\":975583,\"@id\":\"https:\\\/\\\/www.eldigitaldeasturias.com\\\/noticias\\\/venezuela-y-la-debilidad-de-la-izquierda-para-la-cumbre-de-lima\\\/#mainImage\"},\"primaryImageOfPage\":{\"@id\":\"https:\\\/\\\/www.eldigitaldeasturias.com\\\/noticias\\\/venezuela-y-la-debilidad-de-la-izquierda-para-la-cumbre-de-lima\\\/#mainImage\"},\"datePublished\":\"2018-04-12T00:47:43+02:00\",\"dateModified\":\"2018-04-12T00:47:43+02:00\"},{\"@type\":\"WebSite\",\"@id\":\"https:\\\/\\\/www.eldigitaldeasturias.com\\\/noticias\\\/#website\",\"url\":\"https:\\\/\\\/www.eldigitaldeasturias.com\\\/noticias\\\/\",\"name\":\"El Digital de Asturias - Diario de actualidad y noticias\",\"alternateName\":\"El Digital de Asturias - Diario de actualidad y noticias\",\"description\":\"Hemeroteca\",\"inLanguage\":\"es-ES\",\"publisher\":{\"@id\":\"https:\\\/\\\/www.eldigitaldeasturias.com\\\/noticias\\\/#organization\"}}]}\n\t\t<\/script>\n\t\t<!-- All in One SEO Pro -->\r\n\t\t<title>Venezuela y la debilidad de la izquierda para la Cumbre de Lima - El Digital de Asturias<\/title>\n\n","aioseo_head_json":{"title":"Venezuela y la debilidad de la izquierda para la Cumbre de Lima - El Digital de Asturias","description":"Lima, 11 abr (dpa) - \"ALCA, \u00a1al carajo!\". La legendaria frase del fallecido presidente venezolano Hugo Ch\u00e1vez para rechazar un tratado de libre comercio con Estados Unidos mostraba en 2005 la fortaleza de la izquierda en Am\u00e9rica Latina, pero los tiempos han cambiado en la regi\u00f3n. Las im\u00e1genes de los disturbios con manifestantes que protestaban","canonical_url":"https:\/\/www.eldigitaldeasturias.com\/noticias\/venezuela-y-la-debilidad-de-la-izquierda-para-la-cumbre-de-lima\/","robots":"max-image-preview:large","keywords":"actualidad","webmasterTools":{"google-site-verification":"UA-38556648-1","msvalidate.01":"7dfe9f3f1b24437ab69f4f2559babe99","miscellaneous":""},"schema":{"@context":"https:\/\/schema.org","@graph":[{"@type":"BlogPosting","@id":"https:\/\/www.eldigitaldeasturias.com\/noticias\/venezuela-y-la-debilidad-de-la-izquierda-para-la-cumbre-de-lima\/#blogposting","name":"Venezuela y la debilidad de la izquierda para la Cumbre de Lima - El Digital de Asturias","headline":"Venezuela y la debilidad de la izquierda para la Cumbre de Lima","author":{"@id":"https:\/\/www.eldigitaldeasturias.com\/noticias\/author\/admin\/#author"},"publisher":{"@id":"https:\/\/www.eldigitaldeasturias.com\/noticias\/#organization"},"image":{"@type":"ImageObject","url":975583},"datePublished":"2018-04-12T00:47:43+02:00","dateModified":"2018-04-12T00:47:43+02:00","inLanguage":"es-ES","mainEntityOfPage":{"@id":"https:\/\/www.eldigitaldeasturias.com\/noticias\/venezuela-y-la-debilidad-de-la-izquierda-para-la-cumbre-de-lima\/#webpage"},"isPartOf":{"@id":"https:\/\/www.eldigitaldeasturias.com\/noticias\/venezuela-y-la-debilidad-de-la-izquierda-para-la-cumbre-de-lima\/#webpage"},"articleSection":"Actualidad"},{"@type":"BreadcrumbList","@id":"https:\/\/www.eldigitaldeasturias.com\/noticias\/venezuela-y-la-debilidad-de-la-izquierda-para-la-cumbre-de-lima\/#breadcrumblist","itemListElement":[{"@type":"ListItem","@id":"https:\/\/www.eldigitaldeasturias.com\/noticias#listItem","position":1,"name":"Home","item":"https:\/\/www.eldigitaldeasturias.com\/noticias","nextItem":{"@type":"ListItem","@id":"https:\/\/www.eldigitaldeasturias.com\/noticias\/category\/actualidad\/#listItem","name":"Actualidad"}},{"@type":"ListItem","@id":"https:\/\/www.eldigitaldeasturias.com\/noticias\/category\/actualidad\/#listItem","position":2,"name":"Actualidad","item":"https:\/\/www.eldigitaldeasturias.com\/noticias\/category\/actualidad\/","nextItem":{"@type":"ListItem","@id":"https:\/\/www.eldigitaldeasturias.com\/noticias\/venezuela-y-la-debilidad-de-la-izquierda-para-la-cumbre-de-lima\/#listItem","name":"Venezuela y la debilidad de la izquierda para la Cumbre de Lima"},"previousItem":{"@type":"ListItem","@id":"https:\/\/www.eldigitaldeasturias.com\/noticias#listItem","name":"Home"}},{"@type":"ListItem","@id":"https:\/\/www.eldigitaldeasturias.com\/noticias\/venezuela-y-la-debilidad-de-la-izquierda-para-la-cumbre-de-lima\/#listItem","position":3,"name":"Venezuela y la debilidad de la izquierda para la Cumbre de Lima","previousItem":{"@type":"ListItem","@id":"https:\/\/www.eldigitaldeasturias.com\/noticias\/category\/actualidad\/#listItem","name":"Actualidad"}}]},{"@type":"Organization","@id":"https:\/\/www.eldigitaldeasturias.com\/noticias\/#organization","name":"El Digital de Asturias","description":"Hemeroteca","url":"https:\/\/www.eldigitaldeasturias.com\/noticias\/","email":"info@eldigitaldeasturias.com","telephone":"+34652131393","logo":{"@type":"ImageObject","url":"https:\/\/www.eldigitaldeasturias.com\/noticias\/wp-content\/uploads\/2020\/12\/EDA.jpg","@id":"https:\/\/www.eldigitaldeasturias.com\/noticias\/venezuela-y-la-debilidad-de-la-izquierda-para-la-cumbre-de-lima\/#organizationLogo"},"image":{"@id":"https:\/\/www.eldigitaldeasturias.com\/noticias\/venezuela-y-la-debilidad-de-la-izquierda-para-la-cumbre-de-lima\/#organizationLogo"},"sameAs":["https:\/\/facebook.com\/eldigitaldeasturias","https:\/\/www.youtube.com\/channel\/UCZP-2wLEB9Rv6erhFmqVnvg"],"address":{"@id":"https:\/\/www.eldigitaldeasturias.com\/noticias\/#postaladdress","@type":"PostalAddress","streetAddress":"san antonio 4","postalCode":"33430","addressLocality":"Cand\u00e1s","addressRegion":"Asturias","addressCountry":"ES"}},{"@type":"Person","@id":"https:\/\/www.eldigitaldeasturias.com\/noticias\/author\/admin\/#author","url":"https:\/\/www.eldigitaldeasturias.com\/noticias\/author\/admin\/","name":"El Digital de Asturias","image":{"@type":"ImageObject","@id":"https:\/\/www.eldigitaldeasturias.com\/noticias\/venezuela-y-la-debilidad-de-la-izquierda-para-la-cumbre-de-lima\/#authorImage","url":"https:\/\/secure.gravatar.com\/avatar\/df2aeffc32bcd13f8d26072ef8a91b623d677766deac7f97ca815868cd41bf5e?s=96&d=mm&r=g","width":96,"height":96,"caption":"El Digital de Asturias"}},{"@type":"WebPage","@id":"https:\/\/www.eldigitaldeasturias.com\/noticias\/venezuela-y-la-debilidad-de-la-izquierda-para-la-cumbre-de-lima\/#webpage","url":"https:\/\/www.eldigitaldeasturias.com\/noticias\/venezuela-y-la-debilidad-de-la-izquierda-para-la-cumbre-de-lima\/","name":"Venezuela y la debilidad de la izquierda para la Cumbre de Lima - El Digital de Asturias","description":"Lima, 11 abr (dpa) - \"ALCA, \u00a1al carajo!\". La legendaria frase del fallecido presidente venezolano Hugo Ch\u00e1vez para rechazar un tratado de libre comercio con Estados Unidos mostraba en 2005 la fortaleza de la izquierda en Am\u00e9rica Latina, pero los tiempos han cambiado en la regi\u00f3n. Las im\u00e1genes de los disturbios con manifestantes que protestaban","inLanguage":"es-ES","isPartOf":{"@id":"https:\/\/www.eldigitaldeasturias.com\/noticias\/#website"},"breadcrumb":{"@id":"https:\/\/www.eldigitaldeasturias.com\/noticias\/venezuela-y-la-debilidad-de-la-izquierda-para-la-cumbre-de-lima\/#breadcrumblist"},"author":{"@id":"https:\/\/www.eldigitaldeasturias.com\/noticias\/author\/admin\/#author"},"creator":{"@id":"https:\/\/www.eldigitaldeasturias.com\/noticias\/author\/admin\/#author"},"image":{"@type":"ImageObject","url":975583,"@id":"https:\/\/www.eldigitaldeasturias.com\/noticias\/venezuela-y-la-debilidad-de-la-izquierda-para-la-cumbre-de-lima\/#mainImage"},"primaryImageOfPage":{"@id":"https:\/\/www.eldigitaldeasturias.com\/noticias\/venezuela-y-la-debilidad-de-la-izquierda-para-la-cumbre-de-lima\/#mainImage"},"datePublished":"2018-04-12T00:47:43+02:00","dateModified":"2018-04-12T00:47:43+02:00"},{"@type":"WebSite","@id":"https:\/\/www.eldigitaldeasturias.com\/noticias\/#website","url":"https:\/\/www.eldigitaldeasturias.com\/noticias\/","name":"El Digital de Asturias - Diario de actualidad y noticias","alternateName":"El Digital de Asturias - Diario de actualidad y noticias","description":"Hemeroteca","inLanguage":"es-ES","publisher":{"@id":"https:\/\/www.eldigitaldeasturias.com\/noticias\/#organization"}}]},"og:locale":"es_ES","og:site_name":"El Digital de Asturias","og:type":"article","og:title":"Venezuela y la debilidad de la izquierda para la Cumbre de Lima - El Digital de Asturias","og:description":"Lima, 11 abr (dpa) - &quot;ALCA, \u00a1al carajo!&quot;. La legendaria frase del fallecido presidente venezolano Hugo Ch\u00e1vez para rechazar un tratado de libre comercio con Estados Unidos mostraba en 2005 la fortaleza de la izquierda en Am\u00e9rica Latina, pero los tiempos han cambiado en la regi\u00f3n. Las im\u00e1genes de los disturbios con manifestantes que protestaban","og:url":"https:\/\/www.eldigitaldeasturias.com\/noticias\/venezuela-y-la-debilidad-de-la-izquierda-para-la-cumbre-de-lima\/","article:tag":["actualidad"],"article:published_time":"2018-04-12T00:47:43+00:00","article:modified_time":"2018-04-12T00:47:43+00:00","article:publisher":"https:\/\/facebook.com\/eldigitaldeasturias","twitter:card":"summary_large_image","twitter:title":"Venezuela y la debilidad de la izquierda para la Cumbre de Lima - El Digital de Asturias","twitter:description":"Lima, 11 abr (dpa) - &quot;ALCA, \u00a1al carajo!&quot;. La legendaria frase del fallecido presidente venezolano Hugo Ch\u00e1vez para rechazar un tratado de libre comercio con Estados Unidos mostraba en 2005 la fortaleza de la izquierda en Am\u00e9rica Latina, pero los tiempos han cambiado en la regi\u00f3n. Las im\u00e1genes de los disturbios con manifestantes que protestaban","twitter:image":"https:\/\/www.eldigitaldeasturias.com\/noticias\/wp-content\/uploads\/2020\/12\/EDA-1.jpg","twitter:label1":"Escrito por","twitter:data1":"El Digital de Asturias","twitter:label2":"Tiempo de lectura estimado","twitter:data2":"4 minutos"},"aioseo_meta_data":{"post_id":"975699","title":null,"description":null,"keywords":null,"keyphrases":null,"primary_term":null,"canonical_url":null,"og_title":null,"og_description":null,"og_object_type":"default","og_image_type":"default","og_image_url":null,"og_image_width":null,"og_image_height":null,"og_image_custom_url":null,"og_image_custom_fields":null,"og_video":null,"og_custom_url":null,"og_article_section":null,"og_article_tags":null,"twitter_use_og":false,"twitter_card":"default","twitter_image_type":"default","twitter_image_url":null,"twitter_image_custom_url":null,"twitter_image_custom_fields":null,"twitter_title":null,"twitter_description":null,"schema":{"blockGraphs":[],"customGraphs":[],"default":{"data":{"Article":[],"Course":[],"Dataset":[],"FAQPage":[],"Movie":[],"Person":[],"Product":[],"ProductReview":[],"Car":[],"Recipe":[],"Service":[],"SoftwareApplication":[],"WebPage":[]},"graphName":"","isEnabled":true},"graphs":[],"defaultGraph":"","defaultPostTypeGraph":""},"schema_type":null,"schema_type_options":null,"pillar_content":false,"robots_default":true,"robots_noindex":false,"robots_noarchive":false,"robots_nosnippet":false,"robots_nofollow":false,"robots_noimageindex":false,"robots_noodp":false,"robots_notranslate":false,"robots_max_snippet":null,"robots_max_videopreview":null,"robots_max_imagepreview":"large","priority":null,"frequency":null,"local_seo":null,"seo_analyzer_scan_date":"2025-10-08 00:56:08","breadcrumb_settings":null,"limit_modified_date":false,"open_ai":null,"ai":null,"created":"2020-12-21 12:10:40","updated":"2025-10-08 00:56:08","focus_keyword":null,"additional_keywords":null,"truseo_locale":null},"aioseo_breadcrumb":"<div class=\"aioseo-breadcrumbs\"><span class=\"aioseo-breadcrumb\">\n\t<a href=\"https:\/\/www.eldigitaldeasturias.com\/noticias\" title=\"Home\">Home<\/a>\n<\/span><span class=\"aioseo-breadcrumb-separator\">\u2013<\/span><span class=\"aioseo-breadcrumb\">\n\t<a href=\"https:\/\/www.eldigitaldeasturias.com\/noticias\/category\/actualidad\/\" title=\"Actualidad\">Actualidad<\/a>\n<\/span><span class=\"aioseo-breadcrumb-separator\">\u2013<\/span><span class=\"aioseo-breadcrumb\">\n\t<a href=\"https:\/\/www.eldigitaldeasturias.com\/noticias\/venezuela-y-la-debilidad-de-la-izquierda-para-la-cumbre-de-lima\/\" title=\"Venezuela y la debilidad de la izquierda para la Cumbre de Lima\">Venezuela y la debilidad de la izquierda para la Cumbre de Lima<\/a>\n<\/span><\/div>","aioseo_breadcrumb_json":[{"label":"Home","link":"https:\/\/www.eldigitaldeasturias.com\/noticias"},{"label":"Actualidad","link":"https:\/\/www.eldigitaldeasturias.com\/noticias\/category\/actualidad\/"},{"label":"Venezuela y la debilidad de la izquierda para la Cumbre de Lima","link":"https:\/\/www.eldigitaldeasturias.com\/noticias\/venezuela-y-la-debilidad-de-la-izquierda-para-la-cumbre-de-lima\/"}],"_links":{"self":[{"href":"https:\/\/www.eldigitaldeasturias.com\/noticias\/wp-json\/wp\/v2\/posts\/975699","targetHints":{"allow":["GET"]}}],"collection":[{"href":"https:\/\/www.eldigitaldeasturias.com\/noticias\/wp-json\/wp\/v2\/posts"}],"about":[{"href":"https:\/\/www.eldigitaldeasturias.com\/noticias\/wp-json\/wp\/v2\/types\/post"}],"author":[{"embeddable":true,"href":"https:\/\/www.eldigitaldeasturias.com\/noticias\/wp-json\/wp\/v2\/users\/1"}],"replies":[{"embeddable":true,"href":"https:\/\/www.eldigitaldeasturias.com\/noticias\/wp-json\/wp\/v2\/comments?post=975699"}],"version-history":[{"count":0,"href":"https:\/\/www.eldigitaldeasturias.com\/noticias\/wp-json\/wp\/v2\/posts\/975699\/revisions"}],"wp:attachment":[{"href":"https:\/\/www.eldigitaldeasturias.com\/noticias\/wp-json\/wp\/v2\/media?parent=975699"}],"wp:term":[{"taxonomy":"category","embeddable":true,"href":"https:\/\/www.eldigitaldeasturias.com\/noticias\/wp-json\/wp\/v2\/categories?post=975699"},{"taxonomy":"post_tag","embeddable":true,"href":"https:\/\/www.eldigitaldeasturias.com\/noticias\/wp-json\/wp\/v2\/tags?post=975699"}],"curies":[{"name":"wp","href":"https:\/\/api.w.org\/{rel}","templated":true}]}}