{"id":975616,"date":"2018-04-11T13:48:25","date_gmt":"2018-04-11T13:48:25","guid":{"rendered":"http:\/\/www.eldigitaldeasturias.com\/noticias\/?p=975616"},"modified":"2018-04-11T13:48:25","modified_gmt":"2018-04-11T13:48:25","slug":"vi-edicion-de-formentor-sunset-classics","status":"publish","type":"post","link":"https:\/\/www.eldigitaldeasturias.com\/noticias\/vi-edicion-de-formentor-sunset-classics\/","title":{"rendered":"VI Edici\u00f3n de Formentor Sunset Classics"},"content":{"rendered":"<p><img loading=\"lazy\" decoding=\"async\" class=\"alignleft size-medium wp-image-975617\" src=\"https:\/\/www.eldigitaldeasturias.com\/noticias\/wp-content\/uploads\/2018\/04\/714-360x239.jpg\" alt=\"\" width=\"360\" height=\"239\" \/>El pr\u00f3ximo 26 de mayo la Bah\u00eda de Formentor volver\u00e1 a impregnarse de m\u00fasica con la llegada de la VI Edici\u00f3n de Formentor Sunset Classics. Este para\u00edso natural, ubicado a orillas del Mediterr\u00e1neo, albergar\u00e1 una vez m\u00e1s este concepto \u00fanico de Barcel\u00f3 Hotel Group, que este a\u00f1o re\u00fane figuras de renombre internacional como Lang Lang, Anna Netrebko y Yusif Eyvazov, o Leticia Moreno.<\/p>\n<p>Una edici\u00f3n en la que el festival renovar\u00e1 su acuerdo con el Teatro Real de Madrid para volver a traspasar las fronteras de Mallorca y traer a la capital a uno de los grandes fen\u00f3menos de la historia del piano, que re\u00fane en su interpretaci\u00f3n juventud, \u00edmpetu, una brillante t\u00e9cnica y especial originalidad: el pianista chino Lang Lang.<\/p>\n<p>Formentor Sunset Classics reunir\u00e1, una vez m\u00e1s, tanto a grandes figuras consagradas, como a artistas emergentes con gran proyecci\u00f3n internacional en su privilegiado entorno, los jardines del ic\u00f3nico hotel Formentor, a Royal Hideaway Hotel, y por segunda vez en Madrid.<\/p>\n<p><strong>Conciertos de temporada<\/strong><\/p>\n<p>Esta VI Edici\u00f3n arrancar\u00e1 el 26 de mayo de 2018 con la actuaci\u00f3n de Leticia Moreno, una de las violinistas m\u00e1s destacadas de su generaci\u00f3n, quien inaugurar\u00e1 los Conciertos de Temporada junto al Quinteto \u00abProyecto Tango Nuevo\u00bb, conformado por figuras de talla internacional, y acompa\u00f1ados por primera vez por la Formentor Chamber Orchestra, un ensamble compuesto por algunos de los m\u00fasicos m\u00e1s importantes del \u00e1mbito cl\u00e1sico espa\u00f1ol. M\u00e1s de treinta m\u00fasicos en escena que formar\u00e1n una combinaci\u00f3n \u00fanica para dar vida a un recorrido musical en torno al tango, en el que destacar\u00e1n legendarias figuras de todos los tiempos: Bach, Vivaldi, Bartok, Ginastera y Piazzolla.<\/p>\n<p>La programaci\u00f3n de los Conciertos de Temporada continuar\u00e1 el 1 de septiembre de 2018 con Anna Netrebko, consagrada recientemente por la prensa internacional como la mayor soprano del siglo XXI, en una gala de \u00f3pera junto con el tenor Yusif Eyvazov. El dueto interpretar\u00e1 arias y duetos de compositores como Verdi, Puccini y Mascagni de la mano de la Orquesta Sinf\u00f3nica de Baleares, dirigida por Michelangelo Mazza.<\/p>\n<p>El broche de oro a esta edici\u00f3n lo pondr\u00e1 el pianista chino Lang Lang el 22 de marzo de 2019 junto con la Orquesta Titular del Teatro Real (Orquesta Sinf\u00f3nica de Madrid). En esta nueva ocasi\u00f3n, en la que el festival vuelve al legendario escenario oper\u00edstico de la capital, escucharemos Beethoven, entre otros compositores.<\/p>\n<p><strong>Ciclo de C\u00e1mara<\/strong><\/p>\n<p>El pr\u00f3ximo 27 de julio de 2018, el festival incluir\u00e1 de nuevo en su programaci\u00f3n a Juan Perez Florist\u00e1n, uno de los pianistas j\u00f3venes m\u00e1s relevantes del panorama espa\u00f1ol y europeo, quien actuar\u00e1 en recital de c\u00e1mara con el Tr\u00edo VibrArt . Esta agrupaci\u00f3n ofrecer\u00e1 un programa variado y din\u00e1mico, con obras que abarcan desde el romanticismo europeo hasta el tango argentino.<\/p>\n<p>Por su parte, Isabel Villanueva y Fran\u00e7ois Dumont subir\u00e1n al escenario de Formentor Sunset Classics el 10 de agosto de 2018. El d\u00fao de viola y piano cerrar\u00e1n el Ciclo de C\u00e1mara con un programa dedicado al romanticismo franc\u00e9s, as\u00ed como al repertorio iberoamericano.<\/p>\n<p><strong>Apoyo a los j\u00f3venes talentos<\/strong><\/p>\n<p>El 25 de abril el Grupo Barcel\u00f3 y la Fundaci\u00f3n Alb\u00e9niz reforzar\u00e1n el acuerdo de colaboraci\u00f3n que mantienen desde 2014 a favor de la formaci\u00f3n musical de j\u00f3venes talentos de la Escuela Superior de M\u00fasica Reina Sof\u00eda. El mismo se materializar\u00e1 con un concierto que el violinista onubense Rub\u00e9n Mendoza ofrecer\u00e1 junto al pianista Vadim Gladkov en el hotel Barcel\u00f3 Torre de Madrid, tras haber completado su segundo a\u00f1o consecutivo como beneficiario de la Beca Grupo Barcel\u00f3, que facilita la formaci\u00f3n de excelencia de un estudiante y la difusi\u00f3n de j\u00f3venes valores en el marco del Formentor Sunset Classics.<\/p>\n<p><strong>El evento cultural m\u00e1s exclusivo del mediterr\u00e1neo<\/strong><\/p>\n<p>Formentor Sunset Classics es un concepto \u00fanico de Barcel\u00f3 Hotel Group, dise\u00f1ado para que el p\u00fablico disfrute de un evento musical exclusivo en uno de los parajes naturales m\u00e1s bellos de nuestra geograf\u00eda: la bah\u00eda de Formentor, en Mallorca.<\/p>\n<p>En este contexto, el p\u00fablico puede disfrutar de una experiencia musical completa gracias a las Cenas Maestro que se celebran tras los conciertos. En ellas, los asistentes tienen la posibilidad de conocer al artista y disfrutar de la velada de una forma mucho m\u00e1s \u00edntima. Adem\u00e1s, el hotel ofrece a sus hu\u00e9spedes talleres de apreciaci\u00f3n musical impartidos por Felipe Aguirre, Director Art\u00edstico del festival.<\/p>\n<p>Formentor Sunset Classics naci\u00f3 en 2013 y se ha convertido en una de las citas ineludibles del verano mallorqu\u00edn gracias a la presencia de figuras como Daniel Barenboim, Lang Lang, Ainhoa Arteta, Hilary Hahn, Kiri Te Kanawa, Zubin Mehta, Roberto Alagna, Olga Peretyatko o Gustavo Dudamel.<\/p>\n","protected":false},"excerpt":{"rendered":"<p>El pr\u00f3ximo 26 de mayo la Bah\u00eda de Formentor volver\u00e1 a impregnarse de m\u00fasica con la llegada de la VI Edici\u00f3n de Formentor Sunset Classics. Este para\u00edso natural, ubicado a orillas del Mediterr\u00e1neo, albergar\u00e1 una vez m\u00e1s este concepto \u00fanico de Barcel\u00f3 Hotel Group, que este a\u00f1o re\u00fane figuras de renombre internacional como Lang Lang, [&hellip;]<\/p>\n","protected":false},"author":1,"featured_media":975617,"comment_status":"closed","ping_status":"closed","sticky":false,"template":"","format":"standard","meta":{"footnotes":""},"categories":[1],"tags":[],"class_list":["post-975616","post","type-post","status-publish","format-standard","has-post-thumbnail","hentry","category-actualidad"],"aioseo_notices":[],"aioseo_head":"\n\t\t<!-- All in One SEO Pro 5.0.1 - aioseo.com -->\n\t<meta name=\"description\" content=\"El pr\u00f3ximo 26 de mayo la Bah\u00eda de Formentor volver\u00e1 a impregnarse de m\u00fasica con la llegada de la VI Edici\u00f3n de Formentor Sunset Classics. Este para\u00edso natural, ubicado a orillas del Mediterr\u00e1neo, albergar\u00e1 una vez m\u00e1s este concepto \u00fanico de Barcel\u00f3 Hotel Group, que este a\u00f1o re\u00fane figuras de renombre internacional como Lang Lang,\" \/>\n\t<meta name=\"robots\" content=\"max-image-preview:large\" \/>\n\t<meta name=\"author\" content=\"El Digital de Asturias\"\/>\n\t<meta name=\"google-site-verification\" content=\"UA-38556648-1\" \/>\n\t<meta name=\"msvalidate.01\" content=\"7dfe9f3f1b24437ab69f4f2559babe99\" \/>\n\t<meta name=\"keywords\" content=\"actualidad\" \/>\n\t<link rel=\"canonical\" href=\"https:\/\/www.eldigitaldeasturias.com\/noticias\/vi-edicion-de-formentor-sunset-classics\/\" \/>\n\t<meta name=\"generator\" content=\"All in One SEO Pro (AIOSEO) 5.0.1\" \/>\n\t\t<meta property=\"og:locale\" content=\"es_ES\" \/>\n\t\t<meta property=\"og:site_name\" content=\"El Digital de Asturias\" \/>\n\t\t<meta property=\"og:type\" content=\"article\" \/>\n\t\t<meta property=\"og:title\" content=\"VI Edici\u00f3n de Formentor Sunset Classics - El Digital de Asturias\" \/>\n\t\t<meta property=\"og:description\" content=\"El pr\u00f3ximo 26 de mayo la Bah\u00eda de Formentor volver\u00e1 a impregnarse de m\u00fasica con la llegada de la VI Edici\u00f3n de Formentor Sunset Classics. Este para\u00edso natural, ubicado a orillas del Mediterr\u00e1neo, albergar\u00e1 una vez m\u00e1s este concepto \u00fanico de Barcel\u00f3 Hotel Group, que este a\u00f1o re\u00fane figuras de renombre internacional como Lang Lang,\" \/>\n\t\t<meta property=\"og:url\" content=\"https:\/\/www.eldigitaldeasturias.com\/noticias\/vi-edicion-de-formentor-sunset-classics\/\" \/>\n\t\t<meta property=\"article:tag\" content=\"actualidad\" \/>\n\t\t<meta property=\"article:published_time\" content=\"2018-04-11T13:48:25+00:00\" \/>\n\t\t<meta property=\"article:modified_time\" content=\"2018-04-11T13:48:25+00:00\" \/>\n\t\t<meta property=\"article:publisher\" content=\"https:\/\/facebook.com\/eldigitaldeasturias\" \/>\n\t\t<meta name=\"twitter:card\" content=\"summary_large_image\" \/>\n\t\t<meta name=\"twitter:title\" content=\"VI Edici\u00f3n de Formentor Sunset Classics - El Digital de Asturias\" \/>\n\t\t<meta name=\"twitter:description\" content=\"El pr\u00f3ximo 26 de mayo la Bah\u00eda de Formentor volver\u00e1 a impregnarse de m\u00fasica con la llegada de la VI Edici\u00f3n de Formentor Sunset Classics. Este para\u00edso natural, ubicado a orillas del Mediterr\u00e1neo, albergar\u00e1 una vez m\u00e1s este concepto \u00fanico de Barcel\u00f3 Hotel Group, que este a\u00f1o re\u00fane figuras de renombre internacional como Lang Lang,\" \/>\n\t\t<meta name=\"twitter:image\" content=\"https:\/\/www.eldigitaldeasturias.com\/noticias\/wp-content\/uploads\/2020\/12\/EDA-1.jpg\" \/>\n\t\t<meta name=\"twitter:label1\" content=\"Escrito por\" \/>\n\t\t<meta name=\"twitter:data1\" content=\"El Digital de Asturias\" \/>\n\t\t<meta name=\"twitter:label2\" content=\"Tiempo de lectura estimado\" \/>\n\t\t<meta name=\"twitter:data2\" content=\"4 minutos\" \/>\n\t\t<script type=\"application\/ld+json\" class=\"aioseo-schema\">\n\t\t\t{\"@context\":\"https:\\\/\\\/schema.org\",\"@graph\":[{\"@type\":\"BlogPosting\",\"@id\":\"https:\\\/\\\/www.eldigitaldeasturias.com\\\/noticias\\\/vi-edicion-de-formentor-sunset-classics\\\/#blogposting\",\"name\":\"VI Edici\\u00f3n de Formentor Sunset Classics - El Digital de Asturias\",\"headline\":\"VI Edici\\u00f3n de Formentor Sunset Classics\",\"author\":{\"@id\":\"https:\\\/\\\/www.eldigitaldeasturias.com\\\/noticias\\\/author\\\/admin\\\/#author\"},\"publisher\":{\"@id\":\"https:\\\/\\\/www.eldigitaldeasturias.com\\\/noticias\\\/#organization\"},\"image\":{\"@type\":\"ImageObject\",\"url\":975617},\"datePublished\":\"2018-04-11T13:48:25+02:00\",\"dateModified\":\"2018-04-11T13:48:25+02:00\",\"inLanguage\":\"es-ES\",\"mainEntityOfPage\":{\"@id\":\"https:\\\/\\\/www.eldigitaldeasturias.com\\\/noticias\\\/vi-edicion-de-formentor-sunset-classics\\\/#webpage\"},\"isPartOf\":{\"@id\":\"https:\\\/\\\/www.eldigitaldeasturias.com\\\/noticias\\\/vi-edicion-de-formentor-sunset-classics\\\/#webpage\"},\"articleSection\":\"Actualidad\"},{\"@type\":\"BreadcrumbList\",\"@id\":\"https:\\\/\\\/www.eldigitaldeasturias.com\\\/noticias\\\/vi-edicion-de-formentor-sunset-classics\\\/#breadcrumblist\",\"itemListElement\":[{\"@type\":\"ListItem\",\"@id\":\"https:\\\/\\\/www.eldigitaldeasturias.com\\\/noticias#listItem\",\"position\":1,\"name\":\"Home\",\"item\":\"https:\\\/\\\/www.eldigitaldeasturias.com\\\/noticias\",\"nextItem\":{\"@type\":\"ListItem\",\"@id\":\"https:\\\/\\\/www.eldigitaldeasturias.com\\\/noticias\\\/category\\\/actualidad\\\/#listItem\",\"name\":\"Actualidad\"}},{\"@type\":\"ListItem\",\"@id\":\"https:\\\/\\\/www.eldigitaldeasturias.com\\\/noticias\\\/category\\\/actualidad\\\/#listItem\",\"position\":2,\"name\":\"Actualidad\",\"item\":\"https:\\\/\\\/www.eldigitaldeasturias.com\\\/noticias\\\/category\\\/actualidad\\\/\",\"nextItem\":{\"@type\":\"ListItem\",\"@id\":\"https:\\\/\\\/www.eldigitaldeasturias.com\\\/noticias\\\/vi-edicion-de-formentor-sunset-classics\\\/#listItem\",\"name\":\"VI Edici\\u00f3n de Formentor Sunset Classics\"},\"previousItem\":{\"@type\":\"ListItem\",\"@id\":\"https:\\\/\\\/www.eldigitaldeasturias.com\\\/noticias#listItem\",\"name\":\"Home\"}},{\"@type\":\"ListItem\",\"@id\":\"https:\\\/\\\/www.eldigitaldeasturias.com\\\/noticias\\\/vi-edicion-de-formentor-sunset-classics\\\/#listItem\",\"position\":3,\"name\":\"VI Edici\\u00f3n de Formentor Sunset Classics\",\"previousItem\":{\"@type\":\"ListItem\",\"@id\":\"https:\\\/\\\/www.eldigitaldeasturias.com\\\/noticias\\\/category\\\/actualidad\\\/#listItem\",\"name\":\"Actualidad\"}}]},{\"@type\":\"Organization\",\"@id\":\"https:\\\/\\\/www.eldigitaldeasturias.com\\\/noticias\\\/#organization\",\"name\":\"El Digital de Asturias\",\"description\":\"Hemeroteca\",\"url\":\"https:\\\/\\\/www.eldigitaldeasturias.com\\\/noticias\\\/\",\"email\":\"info@eldigitaldeasturias.com\",\"telephone\":\"+34652131393\",\"logo\":{\"@type\":\"ImageObject\",\"url\":\"https:\\\/\\\/www.eldigitaldeasturias.com\\\/noticias\\\/wp-content\\\/uploads\\\/2020\\\/12\\\/EDA.jpg\",\"@id\":\"https:\\\/\\\/www.eldigitaldeasturias.com\\\/noticias\\\/vi-edicion-de-formentor-sunset-classics\\\/#organizationLogo\"},\"image\":{\"@id\":\"https:\\\/\\\/www.eldigitaldeasturias.com\\\/noticias\\\/vi-edicion-de-formentor-sunset-classics\\\/#organizationLogo\"},\"sameAs\":[\"https:\\\/\\\/facebook.com\\\/eldigitaldeasturias\",\"https:\\\/\\\/www.youtube.com\\\/channel\\\/UCZP-2wLEB9Rv6erhFmqVnvg\"],\"address\":{\"@id\":\"https:\\\/\\\/www.eldigitaldeasturias.com\\\/noticias\\\/#postaladdress\",\"@type\":\"PostalAddress\",\"streetAddress\":\"san antonio 4\",\"postalCode\":\"33430\",\"addressLocality\":\"Cand\\u00e1s\",\"addressRegion\":\"Asturias\",\"addressCountry\":\"ES\"}},{\"@type\":\"Person\",\"@id\":\"https:\\\/\\\/www.eldigitaldeasturias.com\\\/noticias\\\/author\\\/admin\\\/#author\",\"url\":\"https:\\\/\\\/www.eldigitaldeasturias.com\\\/noticias\\\/author\\\/admin\\\/\",\"name\":\"El Digital de Asturias\",\"image\":{\"@type\":\"ImageObject\",\"@id\":\"https:\\\/\\\/www.eldigitaldeasturias.com\\\/noticias\\\/vi-edicion-de-formentor-sunset-classics\\\/#authorImage\",\"url\":\"https:\\\/\\\/secure.gravatar.com\\\/avatar\\\/df2aeffc32bcd13f8d26072ef8a91b623d677766deac7f97ca815868cd41bf5e?s=96&d=mm&r=g\",\"width\":96,\"height\":96,\"caption\":\"El Digital de Asturias\"}},{\"@type\":\"WebPage\",\"@id\":\"https:\\\/\\\/www.eldigitaldeasturias.com\\\/noticias\\\/vi-edicion-de-formentor-sunset-classics\\\/#webpage\",\"url\":\"https:\\\/\\\/www.eldigitaldeasturias.com\\\/noticias\\\/vi-edicion-de-formentor-sunset-classics\\\/\",\"name\":\"VI Edici\\u00f3n de Formentor Sunset Classics - El Digital de Asturias\",\"description\":\"El pr\\u00f3ximo 26 de mayo la Bah\\u00eda de Formentor volver\\u00e1 a impregnarse de m\\u00fasica con la llegada de la VI Edici\\u00f3n de Formentor Sunset Classics. Este para\\u00edso natural, ubicado a orillas del Mediterr\\u00e1neo, albergar\\u00e1 una vez m\\u00e1s este concepto \\u00fanico de Barcel\\u00f3 Hotel Group, que este a\\u00f1o re\\u00fane figuras de renombre internacional como Lang Lang,\",\"inLanguage\":\"es-ES\",\"isPartOf\":{\"@id\":\"https:\\\/\\\/www.eldigitaldeasturias.com\\\/noticias\\\/#website\"},\"breadcrumb\":{\"@id\":\"https:\\\/\\\/www.eldigitaldeasturias.com\\\/noticias\\\/vi-edicion-de-formentor-sunset-classics\\\/#breadcrumblist\"},\"author\":{\"@id\":\"https:\\\/\\\/www.eldigitaldeasturias.com\\\/noticias\\\/author\\\/admin\\\/#author\"},\"creator\":{\"@id\":\"https:\\\/\\\/www.eldigitaldeasturias.com\\\/noticias\\\/author\\\/admin\\\/#author\"},\"image\":{\"@type\":\"ImageObject\",\"url\":975617,\"@id\":\"https:\\\/\\\/www.eldigitaldeasturias.com\\\/noticias\\\/vi-edicion-de-formentor-sunset-classics\\\/#mainImage\"},\"primaryImageOfPage\":{\"@id\":\"https:\\\/\\\/www.eldigitaldeasturias.com\\\/noticias\\\/vi-edicion-de-formentor-sunset-classics\\\/#mainImage\"},\"datePublished\":\"2018-04-11T13:48:25+02:00\",\"dateModified\":\"2018-04-11T13:48:25+02:00\"},{\"@type\":\"WebSite\",\"@id\":\"https:\\\/\\\/www.eldigitaldeasturias.com\\\/noticias\\\/#website\",\"url\":\"https:\\\/\\\/www.eldigitaldeasturias.com\\\/noticias\\\/\",\"name\":\"El Digital de Asturias - Diario de actualidad y noticias\",\"alternateName\":\"El Digital de Asturias - Diario de actualidad y noticias\",\"description\":\"Hemeroteca\",\"inLanguage\":\"es-ES\",\"publisher\":{\"@id\":\"https:\\\/\\\/www.eldigitaldeasturias.com\\\/noticias\\\/#organization\"}}]}\n\t\t<\/script>\n\t\t<!-- All in One SEO Pro -->\r\n\t\t<title>VI Edici\u00f3n de Formentor Sunset Classics - El Digital de Asturias<\/title>\n\n","aioseo_head_json":{"title":"VI Edici\u00f3n de Formentor Sunset Classics - El Digital de Asturias","description":"El pr\u00f3ximo 26 de mayo la Bah\u00eda de Formentor volver\u00e1 a impregnarse de m\u00fasica con la llegada de la VI Edici\u00f3n de Formentor Sunset Classics. Este para\u00edso natural, ubicado a orillas del Mediterr\u00e1neo, albergar\u00e1 una vez m\u00e1s este concepto \u00fanico de Barcel\u00f3 Hotel Group, que este a\u00f1o re\u00fane figuras de renombre internacional como Lang Lang,","canonical_url":"https:\/\/www.eldigitaldeasturias.com\/noticias\/vi-edicion-de-formentor-sunset-classics\/","robots":"max-image-preview:large","keywords":"actualidad","webmasterTools":{"google-site-verification":"UA-38556648-1","msvalidate.01":"7dfe9f3f1b24437ab69f4f2559babe99","miscellaneous":""},"schema":{"@context":"https:\/\/schema.org","@graph":[{"@type":"BlogPosting","@id":"https:\/\/www.eldigitaldeasturias.com\/noticias\/vi-edicion-de-formentor-sunset-classics\/#blogposting","name":"VI Edici\u00f3n de Formentor Sunset Classics - El Digital de Asturias","headline":"VI Edici\u00f3n de Formentor Sunset Classics","author":{"@id":"https:\/\/www.eldigitaldeasturias.com\/noticias\/author\/admin\/#author"},"publisher":{"@id":"https:\/\/www.eldigitaldeasturias.com\/noticias\/#organization"},"image":{"@type":"ImageObject","url":975617},"datePublished":"2018-04-11T13:48:25+02:00","dateModified":"2018-04-11T13:48:25+02:00","inLanguage":"es-ES","mainEntityOfPage":{"@id":"https:\/\/www.eldigitaldeasturias.com\/noticias\/vi-edicion-de-formentor-sunset-classics\/#webpage"},"isPartOf":{"@id":"https:\/\/www.eldigitaldeasturias.com\/noticias\/vi-edicion-de-formentor-sunset-classics\/#webpage"},"articleSection":"Actualidad"},{"@type":"BreadcrumbList","@id":"https:\/\/www.eldigitaldeasturias.com\/noticias\/vi-edicion-de-formentor-sunset-classics\/#breadcrumblist","itemListElement":[{"@type":"ListItem","@id":"https:\/\/www.eldigitaldeasturias.com\/noticias#listItem","position":1,"name":"Home","item":"https:\/\/www.eldigitaldeasturias.com\/noticias","nextItem":{"@type":"ListItem","@id":"https:\/\/www.eldigitaldeasturias.com\/noticias\/category\/actualidad\/#listItem","name":"Actualidad"}},{"@type":"ListItem","@id":"https:\/\/www.eldigitaldeasturias.com\/noticias\/category\/actualidad\/#listItem","position":2,"name":"Actualidad","item":"https:\/\/www.eldigitaldeasturias.com\/noticias\/category\/actualidad\/","nextItem":{"@type":"ListItem","@id":"https:\/\/www.eldigitaldeasturias.com\/noticias\/vi-edicion-de-formentor-sunset-classics\/#listItem","name":"VI Edici\u00f3n de Formentor Sunset Classics"},"previousItem":{"@type":"ListItem","@id":"https:\/\/www.eldigitaldeasturias.com\/noticias#listItem","name":"Home"}},{"@type":"ListItem","@id":"https:\/\/www.eldigitaldeasturias.com\/noticias\/vi-edicion-de-formentor-sunset-classics\/#listItem","position":3,"name":"VI Edici\u00f3n de Formentor Sunset Classics","previousItem":{"@type":"ListItem","@id":"https:\/\/www.eldigitaldeasturias.com\/noticias\/category\/actualidad\/#listItem","name":"Actualidad"}}]},{"@type":"Organization","@id":"https:\/\/www.eldigitaldeasturias.com\/noticias\/#organization","name":"El Digital de Asturias","description":"Hemeroteca","url":"https:\/\/www.eldigitaldeasturias.com\/noticias\/","email":"info@eldigitaldeasturias.com","telephone":"+34652131393","logo":{"@type":"ImageObject","url":"https:\/\/www.eldigitaldeasturias.com\/noticias\/wp-content\/uploads\/2020\/12\/EDA.jpg","@id":"https:\/\/www.eldigitaldeasturias.com\/noticias\/vi-edicion-de-formentor-sunset-classics\/#organizationLogo"},"image":{"@id":"https:\/\/www.eldigitaldeasturias.com\/noticias\/vi-edicion-de-formentor-sunset-classics\/#organizationLogo"},"sameAs":["https:\/\/facebook.com\/eldigitaldeasturias","https:\/\/www.youtube.com\/channel\/UCZP-2wLEB9Rv6erhFmqVnvg"],"address":{"@id":"https:\/\/www.eldigitaldeasturias.com\/noticias\/#postaladdress","@type":"PostalAddress","streetAddress":"san antonio 4","postalCode":"33430","addressLocality":"Cand\u00e1s","addressRegion":"Asturias","addressCountry":"ES"}},{"@type":"Person","@id":"https:\/\/www.eldigitaldeasturias.com\/noticias\/author\/admin\/#author","url":"https:\/\/www.eldigitaldeasturias.com\/noticias\/author\/admin\/","name":"El Digital de Asturias","image":{"@type":"ImageObject","@id":"https:\/\/www.eldigitaldeasturias.com\/noticias\/vi-edicion-de-formentor-sunset-classics\/#authorImage","url":"https:\/\/secure.gravatar.com\/avatar\/df2aeffc32bcd13f8d26072ef8a91b623d677766deac7f97ca815868cd41bf5e?s=96&d=mm&r=g","width":96,"height":96,"caption":"El Digital de Asturias"}},{"@type":"WebPage","@id":"https:\/\/www.eldigitaldeasturias.com\/noticias\/vi-edicion-de-formentor-sunset-classics\/#webpage","url":"https:\/\/www.eldigitaldeasturias.com\/noticias\/vi-edicion-de-formentor-sunset-classics\/","name":"VI Edici\u00f3n de Formentor Sunset Classics - El Digital de Asturias","description":"El pr\u00f3ximo 26 de mayo la Bah\u00eda de Formentor volver\u00e1 a impregnarse de m\u00fasica con la llegada de la VI Edici\u00f3n de Formentor Sunset Classics. Este para\u00edso natural, ubicado a orillas del Mediterr\u00e1neo, albergar\u00e1 una vez m\u00e1s este concepto \u00fanico de Barcel\u00f3 Hotel Group, que este a\u00f1o re\u00fane figuras de renombre internacional como Lang Lang,","inLanguage":"es-ES","isPartOf":{"@id":"https:\/\/www.eldigitaldeasturias.com\/noticias\/#website"},"breadcrumb":{"@id":"https:\/\/www.eldigitaldeasturias.com\/noticias\/vi-edicion-de-formentor-sunset-classics\/#breadcrumblist"},"author":{"@id":"https:\/\/www.eldigitaldeasturias.com\/noticias\/author\/admin\/#author"},"creator":{"@id":"https:\/\/www.eldigitaldeasturias.com\/noticias\/author\/admin\/#author"},"image":{"@type":"ImageObject","url":975617,"@id":"https:\/\/www.eldigitaldeasturias.com\/noticias\/vi-edicion-de-formentor-sunset-classics\/#mainImage"},"primaryImageOfPage":{"@id":"https:\/\/www.eldigitaldeasturias.com\/noticias\/vi-edicion-de-formentor-sunset-classics\/#mainImage"},"datePublished":"2018-04-11T13:48:25+02:00","dateModified":"2018-04-11T13:48:25+02:00"},{"@type":"WebSite","@id":"https:\/\/www.eldigitaldeasturias.com\/noticias\/#website","url":"https:\/\/www.eldigitaldeasturias.com\/noticias\/","name":"El Digital de Asturias - Diario de actualidad y noticias","alternateName":"El Digital de Asturias - Diario de actualidad y noticias","description":"Hemeroteca","inLanguage":"es-ES","publisher":{"@id":"https:\/\/www.eldigitaldeasturias.com\/noticias\/#organization"}}]},"og:locale":"es_ES","og:site_name":"El Digital de Asturias","og:type":"article","og:title":"VI Edici\u00f3n de Formentor Sunset Classics - El Digital de Asturias","og:description":"El pr\u00f3ximo 26 de mayo la Bah\u00eda de Formentor volver\u00e1 a impregnarse de m\u00fasica con la llegada de la VI Edici\u00f3n de Formentor Sunset Classics. Este para\u00edso natural, ubicado a orillas del Mediterr\u00e1neo, albergar\u00e1 una vez m\u00e1s este concepto \u00fanico de Barcel\u00f3 Hotel Group, que este a\u00f1o re\u00fane figuras de renombre internacional como Lang Lang,","og:url":"https:\/\/www.eldigitaldeasturias.com\/noticias\/vi-edicion-de-formentor-sunset-classics\/","article:tag":["actualidad"],"article:published_time":"2018-04-11T13:48:25+00:00","article:modified_time":"2018-04-11T13:48:25+00:00","article:publisher":"https:\/\/facebook.com\/eldigitaldeasturias","twitter:card":"summary_large_image","twitter:title":"VI Edici\u00f3n de Formentor Sunset Classics - El Digital de Asturias","twitter:description":"El pr\u00f3ximo 26 de mayo la Bah\u00eda de Formentor volver\u00e1 a impregnarse de m\u00fasica con la llegada de la VI Edici\u00f3n de Formentor Sunset Classics. Este para\u00edso natural, ubicado a orillas del Mediterr\u00e1neo, albergar\u00e1 una vez m\u00e1s este concepto \u00fanico de Barcel\u00f3 Hotel Group, que este a\u00f1o re\u00fane figuras de renombre internacional como Lang Lang,","twitter:image":"https:\/\/www.eldigitaldeasturias.com\/noticias\/wp-content\/uploads\/2020\/12\/EDA-1.jpg","twitter:label1":"Escrito por","twitter:data1":"El Digital de Asturias","twitter:label2":"Tiempo de lectura estimado","twitter:data2":"4 minutos"},"aioseo_meta_data":{"post_id":"975616","title":null,"description":null,"keywords":null,"keyphrases":null,"primary_term":null,"canonical_url":null,"og_title":null,"og_description":null,"og_object_type":"default","og_image_type":"default","og_image_url":null,"og_image_width":null,"og_image_height":null,"og_image_custom_url":null,"og_image_custom_fields":null,"og_video":null,"og_custom_url":null,"og_article_section":null,"og_article_tags":null,"twitter_use_og":false,"twitter_card":"default","twitter_image_type":"default","twitter_image_url":null,"twitter_image_custom_url":null,"twitter_image_custom_fields":null,"twitter_title":null,"twitter_description":null,"schema":{"blockGraphs":[],"customGraphs":[],"default":{"data":{"Article":[],"Course":[],"Dataset":[],"FAQPage":[],"Movie":[],"Person":[],"Product":[],"ProductReview":[],"Car":[],"Recipe":[],"Service":[],"SoftwareApplication":[],"WebPage":[]},"graphName":"","isEnabled":true},"graphs":[],"defaultGraph":"","defaultPostTypeGraph":""},"schema_type":null,"schema_type_options":null,"pillar_content":false,"robots_default":true,"robots_noindex":false,"robots_noarchive":false,"robots_nosnippet":false,"robots_nofollow":false,"robots_noimageindex":false,"robots_noodp":false,"robots_notranslate":false,"robots_max_snippet":null,"robots_max_videopreview":null,"robots_max_imagepreview":"large","priority":null,"frequency":null,"local_seo":null,"seo_analyzer_scan_date":"2025-10-08 00:35:54","breadcrumb_settings":null,"limit_modified_date":false,"open_ai":null,"ai":null,"created":"2020-12-21 12:10:40","updated":"2025-10-08 00:35:54","focus_keyword":null,"additional_keywords":null,"truseo_locale":null},"aioseo_breadcrumb":"<div class=\"aioseo-breadcrumbs\"><span class=\"aioseo-breadcrumb\">\n\t<a href=\"https:\/\/www.eldigitaldeasturias.com\/noticias\" title=\"Home\">Home<\/a>\n<\/span><span class=\"aioseo-breadcrumb-separator\">\u2013<\/span><span class=\"aioseo-breadcrumb\">\n\t<a href=\"https:\/\/www.eldigitaldeasturias.com\/noticias\/category\/actualidad\/\" title=\"Actualidad\">Actualidad<\/a>\n<\/span><span class=\"aioseo-breadcrumb-separator\">\u2013<\/span><span class=\"aioseo-breadcrumb\">\n\t<a href=\"https:\/\/www.eldigitaldeasturias.com\/noticias\/vi-edicion-de-formentor-sunset-classics\/\" title=\"VI Edici\u00f3n de Formentor Sunset Classics\">VI Edici\u00f3n de Formentor Sunset Classics<\/a>\n<\/span><\/div>","aioseo_breadcrumb_json":[{"label":"Home","link":"https:\/\/www.eldigitaldeasturias.com\/noticias"},{"label":"Actualidad","link":"https:\/\/www.eldigitaldeasturias.com\/noticias\/category\/actualidad\/"},{"label":"VI Edici\u00f3n de Formentor Sunset Classics","link":"https:\/\/www.eldigitaldeasturias.com\/noticias\/vi-edicion-de-formentor-sunset-classics\/"}],"_links":{"self":[{"href":"https:\/\/www.eldigitaldeasturias.com\/noticias\/wp-json\/wp\/v2\/posts\/975616","targetHints":{"allow":["GET"]}}],"collection":[{"href":"https:\/\/www.eldigitaldeasturias.com\/noticias\/wp-json\/wp\/v2\/posts"}],"about":[{"href":"https:\/\/www.eldigitaldeasturias.com\/noticias\/wp-json\/wp\/v2\/types\/post"}],"author":[{"embeddable":true,"href":"https:\/\/www.eldigitaldeasturias.com\/noticias\/wp-json\/wp\/v2\/users\/1"}],"replies":[{"embeddable":true,"href":"https:\/\/www.eldigitaldeasturias.com\/noticias\/wp-json\/wp\/v2\/comments?post=975616"}],"version-history":[{"count":0,"href":"https:\/\/www.eldigitaldeasturias.com\/noticias\/wp-json\/wp\/v2\/posts\/975616\/revisions"}],"wp:attachment":[{"href":"https:\/\/www.eldigitaldeasturias.com\/noticias\/wp-json\/wp\/v2\/media?parent=975616"}],"wp:term":[{"taxonomy":"category","embeddable":true,"href":"https:\/\/www.eldigitaldeasturias.com\/noticias\/wp-json\/wp\/v2\/categories?post=975616"},{"taxonomy":"post_tag","embeddable":true,"href":"https:\/\/www.eldigitaldeasturias.com\/noticias\/wp-json\/wp\/v2\/tags?post=975616"}],"curies":[{"name":"wp","href":"https:\/\/api.w.org\/{rel}","templated":true}]}}