{"id":975593,"date":"2018-04-11T01:59:38","date_gmt":"2018-04-11T01:59:38","guid":{"rendered":"http:\/\/www.eldigitaldeasturias.com\/noticias\/?p=975593"},"modified":"2018-04-11T01:59:38","modified_gmt":"2018-04-11T01:59:38","slug":"maduro-confirma-que-no-ira-a-la-cumbre-de-las-americas","status":"publish","type":"post","link":"https:\/\/www.eldigitaldeasturias.com\/noticias\/maduro-confirma-que-no-ira-a-la-cumbre-de-las-americas\/","title":{"rendered":"Maduro confirma que no ir\u00e1 a la Cumbre de las Am\u00e9ricas"},"content":{"rendered":"<p><img loading=\"lazy\" decoding=\"async\" class=\"alignleft size-medium wp-image-485917\" src=\"https:\/\/www.eldigitaldeasturias.com\/noticias\/wp-content\/uploads\/2014\/02\/5919099w-360x240.jpg\" alt=\"\" width=\"360\" height=\"240\" \/>Caracas, 10 abr (dpa) \u2013 El presidente de Venezuela, Nicol\u00e1s Maduro, confirm\u00f3 hoy que no asistir\u00e1 a la cumbre de las Am\u00e9ricas en Lima, porque seg\u00fan dijo no est\u00e1 entre sus prioridades y para \u00e9l es una p\u00e9rdida de tiempo.<\/p>\n<p>\u00abLa verdad es que la cumbre no est\u00e1 entre las prioridades, ah\u00ed no hay nada que se vaya a decidir, es una p\u00e9rdida de tiempo. Adem\u00e1s, el Gobierno de Per\u00fa retir\u00f3 la seguridad m\u00ednima que necesita un presidente para ir. Por eso decid\u00ed que no voy a ir a la cumbre en Lima\u00bb, dijo en un encuentro con sindicalistas del sector de la educaci\u00f3n.<\/p>\n<p>Se\u00f1al\u00f3 que prefiere conmemorar los d\u00edas 11 y 13 de abril la \u00abderrota del golpe de Estado fascista\u00bb de 2002 contra el entonces presidente Hugo Ch\u00e1vez.<\/p>\n<p>Maduro hab\u00eda dicho que Per\u00fa no tiene derecho a retirarle la invitaci\u00f3n y que llegar\u00eda a Lima \u00abllueve, truene o relampaguee\u00bb. Per\u00fa le retir\u00f3 la invitaci\u00f3n cuestionando su desempe\u00f1o democr\u00e1tico.<\/p>\n<p>Adem\u00e1s, se\u00f1al\u00f3 que al anunciar que no asistir\u00e1 a Lima para atender \u00abtemas globales\u00bb, el presidente de Estados Unidos, Donald Trump, muestra su desprecio hacia los l\u00edderes latinoamericanos.<\/p>\n<p>\u00ab(Trump) no se quiere sentar con (el presidente mexicano Enrique) Pe\u00f1a Nieto, con (el argentino Mauricio) Macri porque le huele mal, con (Juan Manuel) Santos porque los desprecia, los usa y los desusa. Venezuela no, Venezuela tiene dignidad, as\u00ed que estar\u00e9 con ustedes en las calles y de coraz\u00f3n estar\u00e9 en la cumbre de los pueblos de Lima\u00bb, asever\u00f3.<\/p>\n<p>Maduro dijo que la cumbre de las Am\u00e9ricas fue retomada en 1994 por el presidente estadounidense Bill Clinton como un proyecto de colonizaci\u00f3n econ\u00f3mica, comercial y financiera.<\/p>\n<p>Record\u00f3 adem\u00e1s la de Lima iba a ser la primera en la que iba a participar Trump, y ahora la representaci\u00f3n por Estados Unidos la asume el vicepresidente, Mike Pence.<\/p>\n<p>\u00abHace poco envi\u00f3 al secretario de Estado Rex Tillerson a varios pa\u00edses gobernados por la derecha, a M\u00e9xico, Argentina, Per\u00fa y Colombia y el \u00fanico objetivo era que los gobiernos de derecha declararan que Nicol\u00e1s Maduro no iba a la cumbre de las Am\u00e9ricas, lo cual es ilegal porque Venezuela tiene derecho de estar ah\u00ed y en todas las cumbres\u00bb, indic\u00f3.<\/p>\n<p>Agreg\u00f3 que luego Tillerson se\u00f1al\u00f3 que Venezuela no deber\u00eda ir a la cumbre y todos los gobiernos salieron a declarar eso mismo.<\/p>\n<p>Maduro dijo que una vez que el destituido presidente peruano Pedro Pablo Kuczynski prest\u00f3 la casa para la cumbre, no ten\u00eda que determinar qui\u00e9n iba o no iba.<\/p>\n<p>\u00abYo les dije: vamos a ver qui\u00e9n no va a la cumbre. Y pasaron los d\u00edas y un d\u00eda amanecimos con la noticia de que botaron a Tillerson, que ya no es canciller de Estados Unidos. Entonces Tillerson se sec\u00f3, como dicen, Tillerson se fue. Y luego Kuczynski, que empez\u00f3 a declarar todos los d\u00edas que Maduro no va, un d\u00eda se fue, lo sacaron de la presidencia de Per\u00fa por corrupci\u00f3n, por bandido de cuatro suelas. Quien se mete con Venezuela se seca\u00bb, recalc\u00f3.<\/p>\n<p>Ante este panorama, dijo que comenz\u00f3 a considerar declinar su intenci\u00f3n de ir a la cumbre de Lima, se\u00f1alando que el nuevo presidente peruano Mart\u00edn Vizcarra hered\u00f3 esta situaci\u00f3n.<\/p>\n<p>Explic\u00f3 que envi\u00f3 a un vicecanciller a Lima para revisar la situaci\u00f3n, previendo que llegar\u00eda a Per\u00fa de cualquier manera.<\/p>\n","protected":false},"excerpt":{"rendered":"<p>Caracas, 10 abr (dpa) \u2013 El presidente de Venezuela, Nicol\u00e1s Maduro, confirm\u00f3 hoy que no asistir\u00e1 a la cumbre de las Am\u00e9ricas en Lima, porque seg\u00fan dijo no est\u00e1 entre sus prioridades y para \u00e9l es una p\u00e9rdida de tiempo. \u00abLa verdad es que la cumbre no est\u00e1 entre las prioridades, ah\u00ed no hay nada [&hellip;]<\/p>\n","protected":false},"author":1,"featured_media":485917,"comment_status":"closed","ping_status":"closed","sticky":false,"template":"","format":"standard","meta":{"footnotes":""},"categories":[1],"tags":[],"class_list":["post-975593","post","type-post","status-publish","format-standard","has-post-thumbnail","hentry","category-actualidad"],"aioseo_notices":[],"aioseo_head":"\n\t\t<!-- All in One SEO Pro 5.0.1 - aioseo.com -->\n\t<meta name=\"description\" content=\"Caracas, 10 abr (dpa) \u2013 El presidente de Venezuela, Nicol\u00e1s Maduro, confirm\u00f3 hoy que no asistir\u00e1 a la cumbre de las Am\u00e9ricas en Lima, porque seg\u00fan dijo no est\u00e1 entre sus prioridades y para \u00e9l es una p\u00e9rdida de tiempo. &quot;La verdad es que la cumbre no est\u00e1 entre las prioridades, ah\u00ed no hay nada\" \/>\n\t<meta name=\"robots\" content=\"max-image-preview:large\" \/>\n\t<meta name=\"author\" content=\"El Digital de Asturias\"\/>\n\t<meta name=\"google-site-verification\" content=\"UA-38556648-1\" \/>\n\t<meta name=\"msvalidate.01\" content=\"7dfe9f3f1b24437ab69f4f2559babe99\" \/>\n\t<meta name=\"keywords\" content=\"actualidad\" \/>\n\t<link rel=\"canonical\" href=\"https:\/\/www.eldigitaldeasturias.com\/noticias\/maduro-confirma-que-no-ira-a-la-cumbre-de-las-americas\/\" \/>\n\t<meta name=\"generator\" content=\"All in One SEO Pro (AIOSEO) 5.0.1\" \/>\n\t\t<meta property=\"og:locale\" content=\"es_ES\" \/>\n\t\t<meta property=\"og:site_name\" content=\"El Digital de Asturias\" \/>\n\t\t<meta property=\"og:type\" content=\"article\" \/>\n\t\t<meta property=\"og:title\" content=\"Maduro confirma que no ir\u00e1 a la Cumbre de las Am\u00e9ricas - El Digital de Asturias\" \/>\n\t\t<meta property=\"og:description\" content=\"Caracas, 10 abr (dpa) \u2013 El presidente de Venezuela, Nicol\u00e1s Maduro, confirm\u00f3 hoy que no asistir\u00e1 a la cumbre de las Am\u00e9ricas en Lima, porque seg\u00fan dijo no est\u00e1 entre sus prioridades y para \u00e9l es una p\u00e9rdida de tiempo. &quot;La verdad es que la cumbre no est\u00e1 entre las prioridades, ah\u00ed no hay nada\" \/>\n\t\t<meta property=\"og:url\" content=\"https:\/\/www.eldigitaldeasturias.com\/noticias\/maduro-confirma-que-no-ira-a-la-cumbre-de-las-americas\/\" \/>\n\t\t<meta property=\"article:tag\" content=\"actualidad\" \/>\n\t\t<meta property=\"article:published_time\" content=\"2018-04-11T01:59:38+00:00\" \/>\n\t\t<meta property=\"article:modified_time\" content=\"2018-04-11T01:59:38+00:00\" \/>\n\t\t<meta property=\"article:publisher\" content=\"https:\/\/facebook.com\/eldigitaldeasturias\" \/>\n\t\t<meta name=\"twitter:card\" content=\"summary_large_image\" \/>\n\t\t<meta name=\"twitter:title\" content=\"Maduro confirma que no ir\u00e1 a la Cumbre de las Am\u00e9ricas - El Digital de Asturias\" \/>\n\t\t<meta name=\"twitter:description\" content=\"Caracas, 10 abr (dpa) \u2013 El presidente de Venezuela, Nicol\u00e1s Maduro, confirm\u00f3 hoy que no asistir\u00e1 a la cumbre de las Am\u00e9ricas en Lima, porque seg\u00fan dijo no est\u00e1 entre sus prioridades y para \u00e9l es una p\u00e9rdida de tiempo. &quot;La verdad es que la cumbre no est\u00e1 entre las prioridades, ah\u00ed no hay nada\" \/>\n\t\t<meta name=\"twitter:image\" content=\"https:\/\/www.eldigitaldeasturias.com\/noticias\/wp-content\/uploads\/2020\/12\/EDA-1.jpg\" \/>\n\t\t<meta name=\"twitter:label1\" content=\"Escrito por\" \/>\n\t\t<meta name=\"twitter:data1\" content=\"El Digital de Asturias\" \/>\n\t\t<meta name=\"twitter:label2\" content=\"Tiempo de lectura estimado\" \/>\n\t\t<meta name=\"twitter:data2\" content=\"3 minutos\" \/>\n\t\t<script type=\"application\/ld+json\" class=\"aioseo-schema\">\n\t\t\t{\"@context\":\"https:\\\/\\\/schema.org\",\"@graph\":[{\"@type\":\"BlogPosting\",\"@id\":\"https:\\\/\\\/www.eldigitaldeasturias.com\\\/noticias\\\/maduro-confirma-que-no-ira-a-la-cumbre-de-las-americas\\\/#blogposting\",\"name\":\"Maduro confirma que no ir\\u00e1 a la Cumbre de las Am\\u00e9ricas - El Digital de Asturias\",\"headline\":\"Maduro confirma que no ir\\u00e1 a la Cumbre de las Am\\u00e9ricas\",\"author\":{\"@id\":\"https:\\\/\\\/www.eldigitaldeasturias.com\\\/noticias\\\/author\\\/admin\\\/#author\"},\"publisher\":{\"@id\":\"https:\\\/\\\/www.eldigitaldeasturias.com\\\/noticias\\\/#organization\"},\"image\":{\"@type\":\"ImageObject\",\"url\":485917},\"datePublished\":\"2018-04-11T01:59:38+02:00\",\"dateModified\":\"2018-04-11T01:59:38+02:00\",\"inLanguage\":\"es-ES\",\"mainEntityOfPage\":{\"@id\":\"https:\\\/\\\/www.eldigitaldeasturias.com\\\/noticias\\\/maduro-confirma-que-no-ira-a-la-cumbre-de-las-americas\\\/#webpage\"},\"isPartOf\":{\"@id\":\"https:\\\/\\\/www.eldigitaldeasturias.com\\\/noticias\\\/maduro-confirma-que-no-ira-a-la-cumbre-de-las-americas\\\/#webpage\"},\"articleSection\":\"Actualidad\"},{\"@type\":\"BreadcrumbList\",\"@id\":\"https:\\\/\\\/www.eldigitaldeasturias.com\\\/noticias\\\/maduro-confirma-que-no-ira-a-la-cumbre-de-las-americas\\\/#breadcrumblist\",\"itemListElement\":[{\"@type\":\"ListItem\",\"@id\":\"https:\\\/\\\/www.eldigitaldeasturias.com\\\/noticias#listItem\",\"position\":1,\"name\":\"Home\",\"item\":\"https:\\\/\\\/www.eldigitaldeasturias.com\\\/noticias\",\"nextItem\":{\"@type\":\"ListItem\",\"@id\":\"https:\\\/\\\/www.eldigitaldeasturias.com\\\/noticias\\\/category\\\/actualidad\\\/#listItem\",\"name\":\"Actualidad\"}},{\"@type\":\"ListItem\",\"@id\":\"https:\\\/\\\/www.eldigitaldeasturias.com\\\/noticias\\\/category\\\/actualidad\\\/#listItem\",\"position\":2,\"name\":\"Actualidad\",\"item\":\"https:\\\/\\\/www.eldigitaldeasturias.com\\\/noticias\\\/category\\\/actualidad\\\/\",\"nextItem\":{\"@type\":\"ListItem\",\"@id\":\"https:\\\/\\\/www.eldigitaldeasturias.com\\\/noticias\\\/maduro-confirma-que-no-ira-a-la-cumbre-de-las-americas\\\/#listItem\",\"name\":\"Maduro confirma que no ir\\u00e1 a la Cumbre de las Am\\u00e9ricas\"},\"previousItem\":{\"@type\":\"ListItem\",\"@id\":\"https:\\\/\\\/www.eldigitaldeasturias.com\\\/noticias#listItem\",\"name\":\"Home\"}},{\"@type\":\"ListItem\",\"@id\":\"https:\\\/\\\/www.eldigitaldeasturias.com\\\/noticias\\\/maduro-confirma-que-no-ira-a-la-cumbre-de-las-americas\\\/#listItem\",\"position\":3,\"name\":\"Maduro confirma que no ir\\u00e1 a la Cumbre de las Am\\u00e9ricas\",\"previousItem\":{\"@type\":\"ListItem\",\"@id\":\"https:\\\/\\\/www.eldigitaldeasturias.com\\\/noticias\\\/category\\\/actualidad\\\/#listItem\",\"name\":\"Actualidad\"}}]},{\"@type\":\"Organization\",\"@id\":\"https:\\\/\\\/www.eldigitaldeasturias.com\\\/noticias\\\/#organization\",\"name\":\"El Digital de Asturias\",\"description\":\"Hemeroteca\",\"url\":\"https:\\\/\\\/www.eldigitaldeasturias.com\\\/noticias\\\/\",\"email\":\"info@eldigitaldeasturias.com\",\"telephone\":\"+34652131393\",\"logo\":{\"@type\":\"ImageObject\",\"url\":\"https:\\\/\\\/www.eldigitaldeasturias.com\\\/noticias\\\/wp-content\\\/uploads\\\/2020\\\/12\\\/EDA.jpg\",\"@id\":\"https:\\\/\\\/www.eldigitaldeasturias.com\\\/noticias\\\/maduro-confirma-que-no-ira-a-la-cumbre-de-las-americas\\\/#organizationLogo\"},\"image\":{\"@id\":\"https:\\\/\\\/www.eldigitaldeasturias.com\\\/noticias\\\/maduro-confirma-que-no-ira-a-la-cumbre-de-las-americas\\\/#organizationLogo\"},\"sameAs\":[\"https:\\\/\\\/facebook.com\\\/eldigitaldeasturias\",\"https:\\\/\\\/www.youtube.com\\\/channel\\\/UCZP-2wLEB9Rv6erhFmqVnvg\"],\"address\":{\"@id\":\"https:\\\/\\\/www.eldigitaldeasturias.com\\\/noticias\\\/#postaladdress\",\"@type\":\"PostalAddress\",\"streetAddress\":\"san antonio 4\",\"postalCode\":\"33430\",\"addressLocality\":\"Cand\\u00e1s\",\"addressRegion\":\"Asturias\",\"addressCountry\":\"ES\"}},{\"@type\":\"Person\",\"@id\":\"https:\\\/\\\/www.eldigitaldeasturias.com\\\/noticias\\\/author\\\/admin\\\/#author\",\"url\":\"https:\\\/\\\/www.eldigitaldeasturias.com\\\/noticias\\\/author\\\/admin\\\/\",\"name\":\"El Digital de Asturias\",\"image\":{\"@type\":\"ImageObject\",\"@id\":\"https:\\\/\\\/www.eldigitaldeasturias.com\\\/noticias\\\/maduro-confirma-que-no-ira-a-la-cumbre-de-las-americas\\\/#authorImage\",\"url\":\"https:\\\/\\\/secure.gravatar.com\\\/avatar\\\/df2aeffc32bcd13f8d26072ef8a91b623d677766deac7f97ca815868cd41bf5e?s=96&d=mm&r=g\",\"width\":96,\"height\":96,\"caption\":\"El Digital de Asturias\"}},{\"@type\":\"WebPage\",\"@id\":\"https:\\\/\\\/www.eldigitaldeasturias.com\\\/noticias\\\/maduro-confirma-que-no-ira-a-la-cumbre-de-las-americas\\\/#webpage\",\"url\":\"https:\\\/\\\/www.eldigitaldeasturias.com\\\/noticias\\\/maduro-confirma-que-no-ira-a-la-cumbre-de-las-americas\\\/\",\"name\":\"Maduro confirma que no ir\\u00e1 a la Cumbre de las Am\\u00e9ricas - El Digital de Asturias\",\"description\":\"Caracas, 10 abr (dpa) \\u2013 El presidente de Venezuela, Nicol\\u00e1s Maduro, confirm\\u00f3 hoy que no asistir\\u00e1 a la cumbre de las Am\\u00e9ricas en Lima, porque seg\\u00fan dijo no est\\u00e1 entre sus prioridades y para \\u00e9l es una p\\u00e9rdida de tiempo. \\\"La verdad es que la cumbre no est\\u00e1 entre las prioridades, ah\\u00ed no hay nada\",\"inLanguage\":\"es-ES\",\"isPartOf\":{\"@id\":\"https:\\\/\\\/www.eldigitaldeasturias.com\\\/noticias\\\/#website\"},\"breadcrumb\":{\"@id\":\"https:\\\/\\\/www.eldigitaldeasturias.com\\\/noticias\\\/maduro-confirma-que-no-ira-a-la-cumbre-de-las-americas\\\/#breadcrumblist\"},\"author\":{\"@id\":\"https:\\\/\\\/www.eldigitaldeasturias.com\\\/noticias\\\/author\\\/admin\\\/#author\"},\"creator\":{\"@id\":\"https:\\\/\\\/www.eldigitaldeasturias.com\\\/noticias\\\/author\\\/admin\\\/#author\"},\"image\":{\"@type\":\"ImageObject\",\"url\":485917,\"@id\":\"https:\\\/\\\/www.eldigitaldeasturias.com\\\/noticias\\\/maduro-confirma-que-no-ira-a-la-cumbre-de-las-americas\\\/#mainImage\"},\"primaryImageOfPage\":{\"@id\":\"https:\\\/\\\/www.eldigitaldeasturias.com\\\/noticias\\\/maduro-confirma-que-no-ira-a-la-cumbre-de-las-americas\\\/#mainImage\"},\"datePublished\":\"2018-04-11T01:59:38+02:00\",\"dateModified\":\"2018-04-11T01:59:38+02:00\"},{\"@type\":\"WebSite\",\"@id\":\"https:\\\/\\\/www.eldigitaldeasturias.com\\\/noticias\\\/#website\",\"url\":\"https:\\\/\\\/www.eldigitaldeasturias.com\\\/noticias\\\/\",\"name\":\"El Digital de Asturias - Diario de actualidad y noticias\",\"alternateName\":\"El Digital de Asturias - Diario de actualidad y noticias\",\"description\":\"Hemeroteca\",\"inLanguage\":\"es-ES\",\"publisher\":{\"@id\":\"https:\\\/\\\/www.eldigitaldeasturias.com\\\/noticias\\\/#organization\"}}]}\n\t\t<\/script>\n\t\t<!-- All in One SEO Pro -->\r\n\t\t<title>Maduro confirma que no ir\u00e1 a la Cumbre de las Am\u00e9ricas - El Digital de Asturias<\/title>\n\n","aioseo_head_json":{"title":"Maduro confirma que no ir\u00e1 a la Cumbre de las Am\u00e9ricas - El Digital de Asturias","description":"Caracas, 10 abr (dpa) \u2013 El presidente de Venezuela, Nicol\u00e1s Maduro, confirm\u00f3 hoy que no asistir\u00e1 a la cumbre de las Am\u00e9ricas en Lima, porque seg\u00fan dijo no est\u00e1 entre sus prioridades y para \u00e9l es una p\u00e9rdida de tiempo. \"La verdad es que la cumbre no est\u00e1 entre las prioridades, ah\u00ed no hay nada","canonical_url":"https:\/\/www.eldigitaldeasturias.com\/noticias\/maduro-confirma-que-no-ira-a-la-cumbre-de-las-americas\/","robots":"max-image-preview:large","keywords":"actualidad","webmasterTools":{"google-site-verification":"UA-38556648-1","msvalidate.01":"7dfe9f3f1b24437ab69f4f2559babe99","miscellaneous":""},"schema":{"@context":"https:\/\/schema.org","@graph":[{"@type":"BlogPosting","@id":"https:\/\/www.eldigitaldeasturias.com\/noticias\/maduro-confirma-que-no-ira-a-la-cumbre-de-las-americas\/#blogposting","name":"Maduro confirma que no ir\u00e1 a la Cumbre de las Am\u00e9ricas - El Digital de Asturias","headline":"Maduro confirma que no ir\u00e1 a la Cumbre de las Am\u00e9ricas","author":{"@id":"https:\/\/www.eldigitaldeasturias.com\/noticias\/author\/admin\/#author"},"publisher":{"@id":"https:\/\/www.eldigitaldeasturias.com\/noticias\/#organization"},"image":{"@type":"ImageObject","url":485917},"datePublished":"2018-04-11T01:59:38+02:00","dateModified":"2018-04-11T01:59:38+02:00","inLanguage":"es-ES","mainEntityOfPage":{"@id":"https:\/\/www.eldigitaldeasturias.com\/noticias\/maduro-confirma-que-no-ira-a-la-cumbre-de-las-americas\/#webpage"},"isPartOf":{"@id":"https:\/\/www.eldigitaldeasturias.com\/noticias\/maduro-confirma-que-no-ira-a-la-cumbre-de-las-americas\/#webpage"},"articleSection":"Actualidad"},{"@type":"BreadcrumbList","@id":"https:\/\/www.eldigitaldeasturias.com\/noticias\/maduro-confirma-que-no-ira-a-la-cumbre-de-las-americas\/#breadcrumblist","itemListElement":[{"@type":"ListItem","@id":"https:\/\/www.eldigitaldeasturias.com\/noticias#listItem","position":1,"name":"Home","item":"https:\/\/www.eldigitaldeasturias.com\/noticias","nextItem":{"@type":"ListItem","@id":"https:\/\/www.eldigitaldeasturias.com\/noticias\/category\/actualidad\/#listItem","name":"Actualidad"}},{"@type":"ListItem","@id":"https:\/\/www.eldigitaldeasturias.com\/noticias\/category\/actualidad\/#listItem","position":2,"name":"Actualidad","item":"https:\/\/www.eldigitaldeasturias.com\/noticias\/category\/actualidad\/","nextItem":{"@type":"ListItem","@id":"https:\/\/www.eldigitaldeasturias.com\/noticias\/maduro-confirma-que-no-ira-a-la-cumbre-de-las-americas\/#listItem","name":"Maduro confirma que no ir\u00e1 a la Cumbre de las Am\u00e9ricas"},"previousItem":{"@type":"ListItem","@id":"https:\/\/www.eldigitaldeasturias.com\/noticias#listItem","name":"Home"}},{"@type":"ListItem","@id":"https:\/\/www.eldigitaldeasturias.com\/noticias\/maduro-confirma-que-no-ira-a-la-cumbre-de-las-americas\/#listItem","position":3,"name":"Maduro confirma que no ir\u00e1 a la Cumbre de las Am\u00e9ricas","previousItem":{"@type":"ListItem","@id":"https:\/\/www.eldigitaldeasturias.com\/noticias\/category\/actualidad\/#listItem","name":"Actualidad"}}]},{"@type":"Organization","@id":"https:\/\/www.eldigitaldeasturias.com\/noticias\/#organization","name":"El Digital de Asturias","description":"Hemeroteca","url":"https:\/\/www.eldigitaldeasturias.com\/noticias\/","email":"info@eldigitaldeasturias.com","telephone":"+34652131393","logo":{"@type":"ImageObject","url":"https:\/\/www.eldigitaldeasturias.com\/noticias\/wp-content\/uploads\/2020\/12\/EDA.jpg","@id":"https:\/\/www.eldigitaldeasturias.com\/noticias\/maduro-confirma-que-no-ira-a-la-cumbre-de-las-americas\/#organizationLogo"},"image":{"@id":"https:\/\/www.eldigitaldeasturias.com\/noticias\/maduro-confirma-que-no-ira-a-la-cumbre-de-las-americas\/#organizationLogo"},"sameAs":["https:\/\/facebook.com\/eldigitaldeasturias","https:\/\/www.youtube.com\/channel\/UCZP-2wLEB9Rv6erhFmqVnvg"],"address":{"@id":"https:\/\/www.eldigitaldeasturias.com\/noticias\/#postaladdress","@type":"PostalAddress","streetAddress":"san antonio 4","postalCode":"33430","addressLocality":"Cand\u00e1s","addressRegion":"Asturias","addressCountry":"ES"}},{"@type":"Person","@id":"https:\/\/www.eldigitaldeasturias.com\/noticias\/author\/admin\/#author","url":"https:\/\/www.eldigitaldeasturias.com\/noticias\/author\/admin\/","name":"El Digital de Asturias","image":{"@type":"ImageObject","@id":"https:\/\/www.eldigitaldeasturias.com\/noticias\/maduro-confirma-que-no-ira-a-la-cumbre-de-las-americas\/#authorImage","url":"https:\/\/secure.gravatar.com\/avatar\/df2aeffc32bcd13f8d26072ef8a91b623d677766deac7f97ca815868cd41bf5e?s=96&d=mm&r=g","width":96,"height":96,"caption":"El Digital de Asturias"}},{"@type":"WebPage","@id":"https:\/\/www.eldigitaldeasturias.com\/noticias\/maduro-confirma-que-no-ira-a-la-cumbre-de-las-americas\/#webpage","url":"https:\/\/www.eldigitaldeasturias.com\/noticias\/maduro-confirma-que-no-ira-a-la-cumbre-de-las-americas\/","name":"Maduro confirma que no ir\u00e1 a la Cumbre de las Am\u00e9ricas - El Digital de Asturias","description":"Caracas, 10 abr (dpa) \u2013 El presidente de Venezuela, Nicol\u00e1s Maduro, confirm\u00f3 hoy que no asistir\u00e1 a la cumbre de las Am\u00e9ricas en Lima, porque seg\u00fan dijo no est\u00e1 entre sus prioridades y para \u00e9l es una p\u00e9rdida de tiempo. \"La verdad es que la cumbre no est\u00e1 entre las prioridades, ah\u00ed no hay nada","inLanguage":"es-ES","isPartOf":{"@id":"https:\/\/www.eldigitaldeasturias.com\/noticias\/#website"},"breadcrumb":{"@id":"https:\/\/www.eldigitaldeasturias.com\/noticias\/maduro-confirma-que-no-ira-a-la-cumbre-de-las-americas\/#breadcrumblist"},"author":{"@id":"https:\/\/www.eldigitaldeasturias.com\/noticias\/author\/admin\/#author"},"creator":{"@id":"https:\/\/www.eldigitaldeasturias.com\/noticias\/author\/admin\/#author"},"image":{"@type":"ImageObject","url":485917,"@id":"https:\/\/www.eldigitaldeasturias.com\/noticias\/maduro-confirma-que-no-ira-a-la-cumbre-de-las-americas\/#mainImage"},"primaryImageOfPage":{"@id":"https:\/\/www.eldigitaldeasturias.com\/noticias\/maduro-confirma-que-no-ira-a-la-cumbre-de-las-americas\/#mainImage"},"datePublished":"2018-04-11T01:59:38+02:00","dateModified":"2018-04-11T01:59:38+02:00"},{"@type":"WebSite","@id":"https:\/\/www.eldigitaldeasturias.com\/noticias\/#website","url":"https:\/\/www.eldigitaldeasturias.com\/noticias\/","name":"El Digital de Asturias - Diario de actualidad y noticias","alternateName":"El Digital de Asturias - Diario de actualidad y noticias","description":"Hemeroteca","inLanguage":"es-ES","publisher":{"@id":"https:\/\/www.eldigitaldeasturias.com\/noticias\/#organization"}}]},"og:locale":"es_ES","og:site_name":"El Digital de Asturias","og:type":"article","og:title":"Maduro confirma que no ir\u00e1 a la Cumbre de las Am\u00e9ricas - El Digital de Asturias","og:description":"Caracas, 10 abr (dpa) \u2013 El presidente de Venezuela, Nicol\u00e1s Maduro, confirm\u00f3 hoy que no asistir\u00e1 a la cumbre de las Am\u00e9ricas en Lima, porque seg\u00fan dijo no est\u00e1 entre sus prioridades y para \u00e9l es una p\u00e9rdida de tiempo. &quot;La verdad es que la cumbre no est\u00e1 entre las prioridades, ah\u00ed no hay nada","og:url":"https:\/\/www.eldigitaldeasturias.com\/noticias\/maduro-confirma-que-no-ira-a-la-cumbre-de-las-americas\/","article:tag":["actualidad"],"article:published_time":"2018-04-11T01:59:38+00:00","article:modified_time":"2018-04-11T01:59:38+00:00","article:publisher":"https:\/\/facebook.com\/eldigitaldeasturias","twitter:card":"summary_large_image","twitter:title":"Maduro confirma que no ir\u00e1 a la Cumbre de las Am\u00e9ricas - El Digital de Asturias","twitter:description":"Caracas, 10 abr (dpa) \u2013 El presidente de Venezuela, Nicol\u00e1s Maduro, confirm\u00f3 hoy que no asistir\u00e1 a la cumbre de las Am\u00e9ricas en Lima, porque seg\u00fan dijo no est\u00e1 entre sus prioridades y para \u00e9l es una p\u00e9rdida de tiempo. &quot;La verdad es que la cumbre no est\u00e1 entre las prioridades, ah\u00ed no hay nada","twitter:image":"https:\/\/www.eldigitaldeasturias.com\/noticias\/wp-content\/uploads\/2020\/12\/EDA-1.jpg","twitter:label1":"Escrito por","twitter:data1":"El Digital de Asturias","twitter:label2":"Tiempo de lectura estimado","twitter:data2":"3 minutos"},"aioseo_meta_data":{"post_id":"975593","title":null,"description":null,"keywords":null,"keyphrases":null,"primary_term":null,"canonical_url":null,"og_title":null,"og_description":null,"og_object_type":"default","og_image_type":"default","og_image_url":null,"og_image_width":null,"og_image_height":null,"og_image_custom_url":null,"og_image_custom_fields":null,"og_video":null,"og_custom_url":null,"og_article_section":null,"og_article_tags":null,"twitter_use_og":false,"twitter_card":"default","twitter_image_type":"default","twitter_image_url":null,"twitter_image_custom_url":null,"twitter_image_custom_fields":null,"twitter_title":null,"twitter_description":null,"schema":{"blockGraphs":[],"customGraphs":[],"default":{"data":{"Article":[],"Course":[],"Dataset":[],"FAQPage":[],"Movie":[],"Person":[],"Product":[],"ProductReview":[],"Car":[],"Recipe":[],"Service":[],"SoftwareApplication":[],"WebPage":[]},"graphName":"","isEnabled":true},"graphs":[],"defaultGraph":"","defaultPostTypeGraph":""},"schema_type":null,"schema_type_options":null,"pillar_content":false,"robots_default":true,"robots_noindex":false,"robots_noarchive":false,"robots_nosnippet":false,"robots_nofollow":false,"robots_noimageindex":false,"robots_noodp":false,"robots_notranslate":false,"robots_max_snippet":null,"robots_max_videopreview":null,"robots_max_imagepreview":"large","priority":null,"frequency":null,"local_seo":null,"seo_analyzer_scan_date":"2025-10-08 00:31:10","breadcrumb_settings":null,"limit_modified_date":false,"open_ai":null,"ai":null,"created":"2020-12-21 12:10:40","updated":"2025-10-08 00:31:10","focus_keyword":null,"additional_keywords":null,"truseo_locale":null},"aioseo_breadcrumb":"<div class=\"aioseo-breadcrumbs\"><span class=\"aioseo-breadcrumb\">\n\t<a href=\"https:\/\/www.eldigitaldeasturias.com\/noticias\" title=\"Home\">Home<\/a>\n<\/span><span class=\"aioseo-breadcrumb-separator\">\u2013<\/span><span class=\"aioseo-breadcrumb\">\n\t<a href=\"https:\/\/www.eldigitaldeasturias.com\/noticias\/category\/actualidad\/\" title=\"Actualidad\">Actualidad<\/a>\n<\/span><span class=\"aioseo-breadcrumb-separator\">\u2013<\/span><span class=\"aioseo-breadcrumb\">\n\t<a href=\"https:\/\/www.eldigitaldeasturias.com\/noticias\/maduro-confirma-que-no-ira-a-la-cumbre-de-las-americas\/\" title=\"Maduro confirma que no ir\u00e1 a la Cumbre de las Am\u00e9ricas\">Maduro confirma que no ir\u00e1 a la Cumbre de las Am\u00e9ricas<\/a>\n<\/span><\/div>","aioseo_breadcrumb_json":[{"label":"Home","link":"https:\/\/www.eldigitaldeasturias.com\/noticias"},{"label":"Actualidad","link":"https:\/\/www.eldigitaldeasturias.com\/noticias\/category\/actualidad\/"},{"label":"Maduro confirma que no ir\u00e1 a la Cumbre de las Am\u00e9ricas","link":"https:\/\/www.eldigitaldeasturias.com\/noticias\/maduro-confirma-que-no-ira-a-la-cumbre-de-las-americas\/"}],"_links":{"self":[{"href":"https:\/\/www.eldigitaldeasturias.com\/noticias\/wp-json\/wp\/v2\/posts\/975593","targetHints":{"allow":["GET"]}}],"collection":[{"href":"https:\/\/www.eldigitaldeasturias.com\/noticias\/wp-json\/wp\/v2\/posts"}],"about":[{"href":"https:\/\/www.eldigitaldeasturias.com\/noticias\/wp-json\/wp\/v2\/types\/post"}],"author":[{"embeddable":true,"href":"https:\/\/www.eldigitaldeasturias.com\/noticias\/wp-json\/wp\/v2\/users\/1"}],"replies":[{"embeddable":true,"href":"https:\/\/www.eldigitaldeasturias.com\/noticias\/wp-json\/wp\/v2\/comments?post=975593"}],"version-history":[{"count":0,"href":"https:\/\/www.eldigitaldeasturias.com\/noticias\/wp-json\/wp\/v2\/posts\/975593\/revisions"}],"wp:attachment":[{"href":"https:\/\/www.eldigitaldeasturias.com\/noticias\/wp-json\/wp\/v2\/media?parent=975593"}],"wp:term":[{"taxonomy":"category","embeddable":true,"href":"https:\/\/www.eldigitaldeasturias.com\/noticias\/wp-json\/wp\/v2\/categories?post=975593"},{"taxonomy":"post_tag","embeddable":true,"href":"https:\/\/www.eldigitaldeasturias.com\/noticias\/wp-json\/wp\/v2\/tags?post=975593"}],"curies":[{"name":"wp","href":"https:\/\/api.w.org\/{rel}","templated":true}]}}