{"id":975587,"date":"2018-04-11T01:42:53","date_gmt":"2018-04-11T01:42:53","guid":{"rendered":"http:\/\/www.eldigitaldeasturias.com\/noticias\/?p=975587"},"modified":"2018-04-11T01:42:53","modified_gmt":"2018-04-11T01:42:53","slug":"trump-cancela-su-primer-viaje-a-america-latina-por-la-crisis-en-siria","status":"publish","type":"post","link":"https:\/\/www.eldigitaldeasturias.com\/noticias\/trump-cancela-su-primer-viaje-a-america-latina-por-la-crisis-en-siria\/","title":{"rendered":"Trump cancela su primer viaje a Am\u00e9rica Latina por la crisis en Siria"},"content":{"rendered":"<p><img loading=\"lazy\" decoding=\"async\" class=\"alignleft size-medium wp-image-875869\" src=\"https:\/\/www.eldigitaldeasturias.com\/noticias\/wp-content\/uploads\/2016\/04\/Trump-360x198.jpg\" alt=\"\" width=\"360\" height=\"198\" \/>Washington, 10 abr (dpa) &#8211; El presidente de Estados Unidos, Donald Trump, cancel\u00f3 hoy su primer viaje a Am\u00e9rica Latina, donde iba a participar en la Cumbre de las Am\u00e9ricas en Per\u00fa y a viajar posteriormente a Colombia, bajo el argumento de la crisis en Siria.<\/p>\n<p>La portavoz de la Casa Blanca, Sarah Sanders, hizo el anuncio en un breve comunicado a primera hora de la ma\u00f1ana de Washington. El vicepresidente, Mike Pence, sustituir\u00e1 a Trump en Lima, pero no viajar\u00e1 despu\u00e9s a Colombia, donde ya estuvo en agosto.<\/p>\n<p>La cancelaci\u00f3n del primer viaje de Trump a Am\u00e9rica Latina se produce despu\u00e9s de que el FBI registrara el lunes la oficina y una habitaci\u00f3n de hotel del abogado personal del presidente, Michael Cohen. El mandatario calific\u00f3 esas acciones de \u00abataque\u00bb al pa\u00eds. Hoy a\u00f1adi\u00f3 en un tuit que se trata de una \u00abcaza de brujas\u00bb.<\/p>\n<p>\u00abA petici\u00f3n del presidente, el vicepresidente viajar\u00e1 en su lugar\u00bb, indic\u00f3 la portavoz de la Casa Blanca en el comunicado en el que anunci\u00f3 la cancelaci\u00f3n de Trump. \u00abEl presidente se quedar\u00e1 en Estados Unidos para supervisar la respuesta estadounidense a Siria y seguir los acontecimientos en el mundo\u00bb.<\/p>\n<p>Trump anunci\u00f3 el lunes que Estados Unidos responder\u00e1 antes del mi\u00e9rcoles con \u00abuna importante decisi\u00f3n\u00bb al ataque presuntamente con armas qu\u00edmimas del pasado s\u00e1bado contra la ciudad siria de Duma, del que el mandatario responsabiliza al presidente Bashar al Assad.<\/p>\n<p>Medios estadounidenses vinculan, no obstante, tambi\u00e9n la cancelaci\u00f3n del viaje a lo sucedido con su abogado. Los agentes del FBI se incautaron de documentos relacionados con varios temas, incluidos pagos a la actriz porno Stormy Daniels, seg\u00fan \u00abThe New York Times\u00bb.<\/p>\n<p>Cohen admiti\u00f3 que pag\u00f3 a Daniels 130.000 d\u00f3lares antes de las elecciones de 2016. Ella asegura que fue para silenciarla tras haber mantenido relaciones sexuales con Trump en 2006.<\/p>\n<p>El registro de la oficina y la habitaci\u00f3n de Cohen no parece estar directamente relacionado con la investigaci\u00f3n del fiscal especial Robert Mueller sobre la presunta injerencia rusa en los comicios, pero seg\u00fan el rotativo, es probable que se derive de informaci\u00f3n que ha obtenido en ella y ha transmitido a los fiscales federales.<\/p>\n<p>Trump ten\u00eda previsto partir el viernes hacia Per\u00fa, donde ese d\u00eda arranca la octava Cumbre de las Am\u00e9ricas, la \u00fanica cita que re\u00fane a todos los jefes de Estado del continente. El lunes, no obstante, a\u00fan no se hab\u00edan anunciado las reuniones bilaterales que iba a mantener con otros jefes de Estado.<\/p>\n<p>La Cumbre de las Am\u00e9ricas se celebra cada tres a\u00f1os desde 1994 e iba a servirle a Trump, un a\u00f1o y tres meses despu\u00e9s de llegar a la Casa Blanca, como estreno en una regi\u00f3n latinoamericana en la que su popularidad est\u00e1 por los suelos. Seg\u00fan una encuesta de Gallup, es de tan solo el 16 por ciento tras su primer a\u00f1o en la presidencia.<\/p>\n<p>Trump, que lanz\u00f3 su carrera hacia el cargo llamando narcotraficantes y violadores a los mexicanos y prometiendo construir un muro en la frontera con M\u00e9xico, ha maltratado a la regi\u00f3n con su ret\u00f3rica y su pol\u00edtica antiinmigrantes y sus acciones proteccionistas en el terreno comercial.<\/p>\n<p>La tensi\u00f3n con M\u00e9xico se ha elevado adem\u00e1s en los \u00faltimos d\u00edas, despu\u00e9s de que anunciara el env\u00edo a la frontera com\u00fan de hasta 4.000 efectivos de la Guardia Nacional mientras se construye el pol\u00e9mico muro con el que asegura que frenar\u00e1 la entrada de inmigraci\u00f3n ilegal y de drogas en Estados Unidos.<\/p>\n<p>Seg\u00fan hab\u00eda indicado la Casa Blanca, el mandatario pretend\u00eda afianzar en la cumbre de Lima el liderazgo que ha asumido su Administraci\u00f3n frente a la Venezuela de Nicol\u00e1s Maduro, tema en el que ha centrado su pol\u00edtica regional y donde, tras varias rondas de sanciones al entorno del presidente venezolano, tiene sobre la mesa la posibilidad de un embargo petrolero.<\/p>\n<p>Trump pretend\u00eda adem\u00e1s instar a sus socios latinoamericanos a tener a Estados Unidos como \u00absocio preferencial\u00bb en materia econ\u00f3mica, en un intento por contrarrestar la importancia que est\u00e1 adquiriendo China, con la que el mandatario ha abierto una guerra comercial.<\/p>\n<p>Se espera que Pence asuma esos mensajes ante los l\u00edderes de la regi\u00f3n.<\/p>\n<p>\u00abEst\u00e1 deseando promover una pol\u00edtica que conduzca a una econom\u00eda estadounidense a\u00fan m\u00e1s fuerte y trabajar con nuestros aliados cercanos en Am\u00e9rica Latina para, colectivamente, exigir responsabilidades por sus acciones a actores antidemocr\u00e1ticos en la regi\u00f3n\u00bb, dijo hoy su vicejefe de gabinete en un comunicado.<\/p>\n<p>En \u00e9l anunci\u00f3 adem\u00e1s que Pence viajar\u00e1 el mes que viene a Brasil, pa\u00eds en el que hasta ahora no ha estado ning\u00fan miembro del gabinete de Trump.<\/p>\n<p>Pence fue el primero en viajar a Am\u00e9rica Latina. Lo hizo en agosto del a\u00f1o pasado, cuando vist\u00f3 Colombia, Argentina, Chile y Panam\u00e1. Aquella gira estuvo ya marcada por el tema venezolano.<\/p>\n<p>En enero visit\u00f3 la regi\u00f3n el entonces secretario de Estado, Rex Tillerson, quien estuvo en M\u00e9xico, Argentina, Per\u00fa y Colombia, con parada final en Jamaica. Tillerson allan\u00f3 en aquel viaje el terreno para un posible embargo petrolero a Venezuela.<\/p>\n<p><i class=\"lang-es\"><span class=\" readonly\" title=\"\">Por Sara Barderas (dpa)<\/span><\/i><\/p>\n","protected":false},"excerpt":{"rendered":"<p>Washington, 10 abr (dpa) &#8211; El presidente de Estados Unidos, Donald Trump, cancel\u00f3 hoy su primer viaje a Am\u00e9rica Latina, donde iba a participar en la Cumbre de las Am\u00e9ricas en Per\u00fa y a viajar posteriormente a Colombia, bajo el argumento de la crisis en Siria. La portavoz de la Casa Blanca, Sarah Sanders, hizo [&hellip;]<\/p>\n","protected":false},"author":1,"featured_media":875869,"comment_status":"closed","ping_status":"closed","sticky":false,"template":"","format":"standard","meta":{"footnotes":""},"categories":[1],"tags":[],"class_list":["post-975587","post","type-post","status-publish","format-standard","has-post-thumbnail","hentry","category-actualidad"],"aioseo_notices":[],"aioseo_head":"\n\t\t<!-- All in One SEO Pro 5.0.1 - aioseo.com -->\n\t<meta name=\"description\" content=\"Washington, 10 abr (dpa) - El presidente de Estados Unidos, Donald Trump, cancel\u00f3 hoy su primer viaje a Am\u00e9rica Latina, donde iba a participar en la Cumbre de las Am\u00e9ricas en Per\u00fa y a viajar posteriormente a Colombia, bajo el argumento de la crisis en Siria. La portavoz de la Casa Blanca, Sarah Sanders, hizo\" \/>\n\t<meta name=\"robots\" content=\"max-image-preview:large\" \/>\n\t<meta name=\"author\" content=\"El Digital de Asturias\"\/>\n\t<meta name=\"google-site-verification\" content=\"UA-38556648-1\" \/>\n\t<meta name=\"msvalidate.01\" content=\"7dfe9f3f1b24437ab69f4f2559babe99\" \/>\n\t<meta name=\"keywords\" content=\"actualidad\" \/>\n\t<link rel=\"canonical\" href=\"https:\/\/www.eldigitaldeasturias.com\/noticias\/trump-cancela-su-primer-viaje-a-america-latina-por-la-crisis-en-siria\/\" \/>\n\t<meta name=\"generator\" content=\"All in One SEO Pro (AIOSEO) 5.0.1\" \/>\n\t\t<meta property=\"og:locale\" content=\"es_ES\" \/>\n\t\t<meta property=\"og:site_name\" content=\"El Digital de Asturias\" \/>\n\t\t<meta property=\"og:type\" content=\"article\" \/>\n\t\t<meta property=\"og:title\" content=\"Trump cancela su primer viaje a Am\u00e9rica Latina por la crisis en Siria - El Digital de Asturias\" \/>\n\t\t<meta property=\"og:description\" content=\"Washington, 10 abr (dpa) - El presidente de Estados Unidos, Donald Trump, cancel\u00f3 hoy su primer viaje a Am\u00e9rica Latina, donde iba a participar en la Cumbre de las Am\u00e9ricas en Per\u00fa y a viajar posteriormente a Colombia, bajo el argumento de la crisis en Siria. La portavoz de la Casa Blanca, Sarah Sanders, hizo\" \/>\n\t\t<meta property=\"og:url\" content=\"https:\/\/www.eldigitaldeasturias.com\/noticias\/trump-cancela-su-primer-viaje-a-america-latina-por-la-crisis-en-siria\/\" \/>\n\t\t<meta property=\"article:tag\" content=\"actualidad\" \/>\n\t\t<meta property=\"article:published_time\" content=\"2018-04-11T01:42:53+00:00\" \/>\n\t\t<meta property=\"article:modified_time\" content=\"2018-04-11T01:42:53+00:00\" \/>\n\t\t<meta property=\"article:publisher\" content=\"https:\/\/facebook.com\/eldigitaldeasturias\" \/>\n\t\t<meta name=\"twitter:card\" content=\"summary_large_image\" \/>\n\t\t<meta name=\"twitter:title\" content=\"Trump cancela su primer viaje a Am\u00e9rica Latina por la crisis en Siria - El Digital de Asturias\" \/>\n\t\t<meta name=\"twitter:description\" content=\"Washington, 10 abr (dpa) - El presidente de Estados Unidos, Donald Trump, cancel\u00f3 hoy su primer viaje a Am\u00e9rica Latina, donde iba a participar en la Cumbre de las Am\u00e9ricas en Per\u00fa y a viajar posteriormente a Colombia, bajo el argumento de la crisis en Siria. La portavoz de la Casa Blanca, Sarah Sanders, hizo\" \/>\n\t\t<meta name=\"twitter:image\" content=\"https:\/\/www.eldigitaldeasturias.com\/noticias\/wp-content\/uploads\/2020\/12\/EDA-1.jpg\" \/>\n\t\t<meta name=\"twitter:label1\" content=\"Escrito por\" \/>\n\t\t<meta name=\"twitter:data1\" content=\"El Digital de Asturias\" \/>\n\t\t<meta name=\"twitter:label2\" content=\"Tiempo de lectura estimado\" \/>\n\t\t<meta name=\"twitter:data2\" content=\"5 minutos\" \/>\n\t\t<script type=\"application\/ld+json\" class=\"aioseo-schema\">\n\t\t\t{\"@context\":\"https:\\\/\\\/schema.org\",\"@graph\":[{\"@type\":\"BlogPosting\",\"@id\":\"https:\\\/\\\/www.eldigitaldeasturias.com\\\/noticias\\\/trump-cancela-su-primer-viaje-a-america-latina-por-la-crisis-en-siria\\\/#blogposting\",\"name\":\"Trump cancela su primer viaje a Am\\u00e9rica Latina por la crisis en Siria - El Digital de Asturias\",\"headline\":\"Trump cancela su primer viaje a Am\\u00e9rica Latina por la crisis en Siria\",\"author\":{\"@id\":\"https:\\\/\\\/www.eldigitaldeasturias.com\\\/noticias\\\/author\\\/admin\\\/#author\"},\"publisher\":{\"@id\":\"https:\\\/\\\/www.eldigitaldeasturias.com\\\/noticias\\\/#organization\"},\"image\":{\"@type\":\"ImageObject\",\"url\":875869},\"datePublished\":\"2018-04-11T01:42:53+02:00\",\"dateModified\":\"2018-04-11T01:42:53+02:00\",\"inLanguage\":\"es-ES\",\"mainEntityOfPage\":{\"@id\":\"https:\\\/\\\/www.eldigitaldeasturias.com\\\/noticias\\\/trump-cancela-su-primer-viaje-a-america-latina-por-la-crisis-en-siria\\\/#webpage\"},\"isPartOf\":{\"@id\":\"https:\\\/\\\/www.eldigitaldeasturias.com\\\/noticias\\\/trump-cancela-su-primer-viaje-a-america-latina-por-la-crisis-en-siria\\\/#webpage\"},\"articleSection\":\"Actualidad\"},{\"@type\":\"BreadcrumbList\",\"@id\":\"https:\\\/\\\/www.eldigitaldeasturias.com\\\/noticias\\\/trump-cancela-su-primer-viaje-a-america-latina-por-la-crisis-en-siria\\\/#breadcrumblist\",\"itemListElement\":[{\"@type\":\"ListItem\",\"@id\":\"https:\\\/\\\/www.eldigitaldeasturias.com\\\/noticias#listItem\",\"position\":1,\"name\":\"Home\",\"item\":\"https:\\\/\\\/www.eldigitaldeasturias.com\\\/noticias\",\"nextItem\":{\"@type\":\"ListItem\",\"@id\":\"https:\\\/\\\/www.eldigitaldeasturias.com\\\/noticias\\\/category\\\/actualidad\\\/#listItem\",\"name\":\"Actualidad\"}},{\"@type\":\"ListItem\",\"@id\":\"https:\\\/\\\/www.eldigitaldeasturias.com\\\/noticias\\\/category\\\/actualidad\\\/#listItem\",\"position\":2,\"name\":\"Actualidad\",\"item\":\"https:\\\/\\\/www.eldigitaldeasturias.com\\\/noticias\\\/category\\\/actualidad\\\/\",\"nextItem\":{\"@type\":\"ListItem\",\"@id\":\"https:\\\/\\\/www.eldigitaldeasturias.com\\\/noticias\\\/trump-cancela-su-primer-viaje-a-america-latina-por-la-crisis-en-siria\\\/#listItem\",\"name\":\"Trump cancela su primer viaje a Am\\u00e9rica Latina por la crisis en Siria\"},\"previousItem\":{\"@type\":\"ListItem\",\"@id\":\"https:\\\/\\\/www.eldigitaldeasturias.com\\\/noticias#listItem\",\"name\":\"Home\"}},{\"@type\":\"ListItem\",\"@id\":\"https:\\\/\\\/www.eldigitaldeasturias.com\\\/noticias\\\/trump-cancela-su-primer-viaje-a-america-latina-por-la-crisis-en-siria\\\/#listItem\",\"position\":3,\"name\":\"Trump cancela su primer viaje a Am\\u00e9rica Latina por la crisis en Siria\",\"previousItem\":{\"@type\":\"ListItem\",\"@id\":\"https:\\\/\\\/www.eldigitaldeasturias.com\\\/noticias\\\/category\\\/actualidad\\\/#listItem\",\"name\":\"Actualidad\"}}]},{\"@type\":\"Organization\",\"@id\":\"https:\\\/\\\/www.eldigitaldeasturias.com\\\/noticias\\\/#organization\",\"name\":\"El Digital de Asturias\",\"description\":\"Hemeroteca\",\"url\":\"https:\\\/\\\/www.eldigitaldeasturias.com\\\/noticias\\\/\",\"email\":\"info@eldigitaldeasturias.com\",\"telephone\":\"+34652131393\",\"logo\":{\"@type\":\"ImageObject\",\"url\":\"https:\\\/\\\/www.eldigitaldeasturias.com\\\/noticias\\\/wp-content\\\/uploads\\\/2020\\\/12\\\/EDA.jpg\",\"@id\":\"https:\\\/\\\/www.eldigitaldeasturias.com\\\/noticias\\\/trump-cancela-su-primer-viaje-a-america-latina-por-la-crisis-en-siria\\\/#organizationLogo\"},\"image\":{\"@id\":\"https:\\\/\\\/www.eldigitaldeasturias.com\\\/noticias\\\/trump-cancela-su-primer-viaje-a-america-latina-por-la-crisis-en-siria\\\/#organizationLogo\"},\"sameAs\":[\"https:\\\/\\\/facebook.com\\\/eldigitaldeasturias\",\"https:\\\/\\\/www.youtube.com\\\/channel\\\/UCZP-2wLEB9Rv6erhFmqVnvg\"],\"address\":{\"@id\":\"https:\\\/\\\/www.eldigitaldeasturias.com\\\/noticias\\\/#postaladdress\",\"@type\":\"PostalAddress\",\"streetAddress\":\"san antonio 4\",\"postalCode\":\"33430\",\"addressLocality\":\"Cand\\u00e1s\",\"addressRegion\":\"Asturias\",\"addressCountry\":\"ES\"}},{\"@type\":\"Person\",\"@id\":\"https:\\\/\\\/www.eldigitaldeasturias.com\\\/noticias\\\/author\\\/admin\\\/#author\",\"url\":\"https:\\\/\\\/www.eldigitaldeasturias.com\\\/noticias\\\/author\\\/admin\\\/\",\"name\":\"El Digital de Asturias\",\"image\":{\"@type\":\"ImageObject\",\"@id\":\"https:\\\/\\\/www.eldigitaldeasturias.com\\\/noticias\\\/trump-cancela-su-primer-viaje-a-america-latina-por-la-crisis-en-siria\\\/#authorImage\",\"url\":\"https:\\\/\\\/secure.gravatar.com\\\/avatar\\\/df2aeffc32bcd13f8d26072ef8a91b623d677766deac7f97ca815868cd41bf5e?s=96&d=mm&r=g\",\"width\":96,\"height\":96,\"caption\":\"El Digital de Asturias\"}},{\"@type\":\"WebPage\",\"@id\":\"https:\\\/\\\/www.eldigitaldeasturias.com\\\/noticias\\\/trump-cancela-su-primer-viaje-a-america-latina-por-la-crisis-en-siria\\\/#webpage\",\"url\":\"https:\\\/\\\/www.eldigitaldeasturias.com\\\/noticias\\\/trump-cancela-su-primer-viaje-a-america-latina-por-la-crisis-en-siria\\\/\",\"name\":\"Trump cancela su primer viaje a Am\\u00e9rica Latina por la crisis en Siria - El Digital de Asturias\",\"description\":\"Washington, 10 abr (dpa) - El presidente de Estados Unidos, Donald Trump, cancel\\u00f3 hoy su primer viaje a Am\\u00e9rica Latina, donde iba a participar en la Cumbre de las Am\\u00e9ricas en Per\\u00fa y a viajar posteriormente a Colombia, bajo el argumento de la crisis en Siria. La portavoz de la Casa Blanca, Sarah Sanders, hizo\",\"inLanguage\":\"es-ES\",\"isPartOf\":{\"@id\":\"https:\\\/\\\/www.eldigitaldeasturias.com\\\/noticias\\\/#website\"},\"breadcrumb\":{\"@id\":\"https:\\\/\\\/www.eldigitaldeasturias.com\\\/noticias\\\/trump-cancela-su-primer-viaje-a-america-latina-por-la-crisis-en-siria\\\/#breadcrumblist\"},\"author\":{\"@id\":\"https:\\\/\\\/www.eldigitaldeasturias.com\\\/noticias\\\/author\\\/admin\\\/#author\"},\"creator\":{\"@id\":\"https:\\\/\\\/www.eldigitaldeasturias.com\\\/noticias\\\/author\\\/admin\\\/#author\"},\"image\":{\"@type\":\"ImageObject\",\"url\":875869,\"@id\":\"https:\\\/\\\/www.eldigitaldeasturias.com\\\/noticias\\\/trump-cancela-su-primer-viaje-a-america-latina-por-la-crisis-en-siria\\\/#mainImage\"},\"primaryImageOfPage\":{\"@id\":\"https:\\\/\\\/www.eldigitaldeasturias.com\\\/noticias\\\/trump-cancela-su-primer-viaje-a-america-latina-por-la-crisis-en-siria\\\/#mainImage\"},\"datePublished\":\"2018-04-11T01:42:53+02:00\",\"dateModified\":\"2018-04-11T01:42:53+02:00\"},{\"@type\":\"WebSite\",\"@id\":\"https:\\\/\\\/www.eldigitaldeasturias.com\\\/noticias\\\/#website\",\"url\":\"https:\\\/\\\/www.eldigitaldeasturias.com\\\/noticias\\\/\",\"name\":\"El Digital de Asturias - Diario de actualidad y noticias\",\"alternateName\":\"El Digital de Asturias - Diario de actualidad y noticias\",\"description\":\"Hemeroteca\",\"inLanguage\":\"es-ES\",\"publisher\":{\"@id\":\"https:\\\/\\\/www.eldigitaldeasturias.com\\\/noticias\\\/#organization\"}}]}\n\t\t<\/script>\n\t\t<!-- All in One SEO Pro -->\r\n\t\t<title>Trump cancela su primer viaje a Am\u00e9rica Latina por la crisis en Siria - El Digital de Asturias<\/title>\n\n","aioseo_head_json":{"title":"Trump cancela su primer viaje a Am\u00e9rica Latina por la crisis en Siria - El Digital de Asturias","description":"Washington, 10 abr (dpa) - El presidente de Estados Unidos, Donald Trump, cancel\u00f3 hoy su primer viaje a Am\u00e9rica Latina, donde iba a participar en la Cumbre de las Am\u00e9ricas en Per\u00fa y a viajar posteriormente a Colombia, bajo el argumento de la crisis en Siria. La portavoz de la Casa Blanca, Sarah Sanders, hizo","canonical_url":"https:\/\/www.eldigitaldeasturias.com\/noticias\/trump-cancela-su-primer-viaje-a-america-latina-por-la-crisis-en-siria\/","robots":"max-image-preview:large","keywords":"actualidad","webmasterTools":{"google-site-verification":"UA-38556648-1","msvalidate.01":"7dfe9f3f1b24437ab69f4f2559babe99","miscellaneous":""},"schema":{"@context":"https:\/\/schema.org","@graph":[{"@type":"BlogPosting","@id":"https:\/\/www.eldigitaldeasturias.com\/noticias\/trump-cancela-su-primer-viaje-a-america-latina-por-la-crisis-en-siria\/#blogposting","name":"Trump cancela su primer viaje a Am\u00e9rica Latina por la crisis en Siria - El Digital de Asturias","headline":"Trump cancela su primer viaje a Am\u00e9rica Latina por la crisis en Siria","author":{"@id":"https:\/\/www.eldigitaldeasturias.com\/noticias\/author\/admin\/#author"},"publisher":{"@id":"https:\/\/www.eldigitaldeasturias.com\/noticias\/#organization"},"image":{"@type":"ImageObject","url":875869},"datePublished":"2018-04-11T01:42:53+02:00","dateModified":"2018-04-11T01:42:53+02:00","inLanguage":"es-ES","mainEntityOfPage":{"@id":"https:\/\/www.eldigitaldeasturias.com\/noticias\/trump-cancela-su-primer-viaje-a-america-latina-por-la-crisis-en-siria\/#webpage"},"isPartOf":{"@id":"https:\/\/www.eldigitaldeasturias.com\/noticias\/trump-cancela-su-primer-viaje-a-america-latina-por-la-crisis-en-siria\/#webpage"},"articleSection":"Actualidad"},{"@type":"BreadcrumbList","@id":"https:\/\/www.eldigitaldeasturias.com\/noticias\/trump-cancela-su-primer-viaje-a-america-latina-por-la-crisis-en-siria\/#breadcrumblist","itemListElement":[{"@type":"ListItem","@id":"https:\/\/www.eldigitaldeasturias.com\/noticias#listItem","position":1,"name":"Home","item":"https:\/\/www.eldigitaldeasturias.com\/noticias","nextItem":{"@type":"ListItem","@id":"https:\/\/www.eldigitaldeasturias.com\/noticias\/category\/actualidad\/#listItem","name":"Actualidad"}},{"@type":"ListItem","@id":"https:\/\/www.eldigitaldeasturias.com\/noticias\/category\/actualidad\/#listItem","position":2,"name":"Actualidad","item":"https:\/\/www.eldigitaldeasturias.com\/noticias\/category\/actualidad\/","nextItem":{"@type":"ListItem","@id":"https:\/\/www.eldigitaldeasturias.com\/noticias\/trump-cancela-su-primer-viaje-a-america-latina-por-la-crisis-en-siria\/#listItem","name":"Trump cancela su primer viaje a Am\u00e9rica Latina por la crisis en Siria"},"previousItem":{"@type":"ListItem","@id":"https:\/\/www.eldigitaldeasturias.com\/noticias#listItem","name":"Home"}},{"@type":"ListItem","@id":"https:\/\/www.eldigitaldeasturias.com\/noticias\/trump-cancela-su-primer-viaje-a-america-latina-por-la-crisis-en-siria\/#listItem","position":3,"name":"Trump cancela su primer viaje a Am\u00e9rica Latina por la crisis en Siria","previousItem":{"@type":"ListItem","@id":"https:\/\/www.eldigitaldeasturias.com\/noticias\/category\/actualidad\/#listItem","name":"Actualidad"}}]},{"@type":"Organization","@id":"https:\/\/www.eldigitaldeasturias.com\/noticias\/#organization","name":"El Digital de Asturias","description":"Hemeroteca","url":"https:\/\/www.eldigitaldeasturias.com\/noticias\/","email":"info@eldigitaldeasturias.com","telephone":"+34652131393","logo":{"@type":"ImageObject","url":"https:\/\/www.eldigitaldeasturias.com\/noticias\/wp-content\/uploads\/2020\/12\/EDA.jpg","@id":"https:\/\/www.eldigitaldeasturias.com\/noticias\/trump-cancela-su-primer-viaje-a-america-latina-por-la-crisis-en-siria\/#organizationLogo"},"image":{"@id":"https:\/\/www.eldigitaldeasturias.com\/noticias\/trump-cancela-su-primer-viaje-a-america-latina-por-la-crisis-en-siria\/#organizationLogo"},"sameAs":["https:\/\/facebook.com\/eldigitaldeasturias","https:\/\/www.youtube.com\/channel\/UCZP-2wLEB9Rv6erhFmqVnvg"],"address":{"@id":"https:\/\/www.eldigitaldeasturias.com\/noticias\/#postaladdress","@type":"PostalAddress","streetAddress":"san antonio 4","postalCode":"33430","addressLocality":"Cand\u00e1s","addressRegion":"Asturias","addressCountry":"ES"}},{"@type":"Person","@id":"https:\/\/www.eldigitaldeasturias.com\/noticias\/author\/admin\/#author","url":"https:\/\/www.eldigitaldeasturias.com\/noticias\/author\/admin\/","name":"El Digital de Asturias","image":{"@type":"ImageObject","@id":"https:\/\/www.eldigitaldeasturias.com\/noticias\/trump-cancela-su-primer-viaje-a-america-latina-por-la-crisis-en-siria\/#authorImage","url":"https:\/\/secure.gravatar.com\/avatar\/df2aeffc32bcd13f8d26072ef8a91b623d677766deac7f97ca815868cd41bf5e?s=96&d=mm&r=g","width":96,"height":96,"caption":"El Digital de Asturias"}},{"@type":"WebPage","@id":"https:\/\/www.eldigitaldeasturias.com\/noticias\/trump-cancela-su-primer-viaje-a-america-latina-por-la-crisis-en-siria\/#webpage","url":"https:\/\/www.eldigitaldeasturias.com\/noticias\/trump-cancela-su-primer-viaje-a-america-latina-por-la-crisis-en-siria\/","name":"Trump cancela su primer viaje a Am\u00e9rica Latina por la crisis en Siria - El Digital de Asturias","description":"Washington, 10 abr (dpa) - El presidente de Estados Unidos, Donald Trump, cancel\u00f3 hoy su primer viaje a Am\u00e9rica Latina, donde iba a participar en la Cumbre de las Am\u00e9ricas en Per\u00fa y a viajar posteriormente a Colombia, bajo el argumento de la crisis en Siria. La portavoz de la Casa Blanca, Sarah Sanders, hizo","inLanguage":"es-ES","isPartOf":{"@id":"https:\/\/www.eldigitaldeasturias.com\/noticias\/#website"},"breadcrumb":{"@id":"https:\/\/www.eldigitaldeasturias.com\/noticias\/trump-cancela-su-primer-viaje-a-america-latina-por-la-crisis-en-siria\/#breadcrumblist"},"author":{"@id":"https:\/\/www.eldigitaldeasturias.com\/noticias\/author\/admin\/#author"},"creator":{"@id":"https:\/\/www.eldigitaldeasturias.com\/noticias\/author\/admin\/#author"},"image":{"@type":"ImageObject","url":875869,"@id":"https:\/\/www.eldigitaldeasturias.com\/noticias\/trump-cancela-su-primer-viaje-a-america-latina-por-la-crisis-en-siria\/#mainImage"},"primaryImageOfPage":{"@id":"https:\/\/www.eldigitaldeasturias.com\/noticias\/trump-cancela-su-primer-viaje-a-america-latina-por-la-crisis-en-siria\/#mainImage"},"datePublished":"2018-04-11T01:42:53+02:00","dateModified":"2018-04-11T01:42:53+02:00"},{"@type":"WebSite","@id":"https:\/\/www.eldigitaldeasturias.com\/noticias\/#website","url":"https:\/\/www.eldigitaldeasturias.com\/noticias\/","name":"El Digital de Asturias - Diario de actualidad y noticias","alternateName":"El Digital de Asturias - Diario de actualidad y noticias","description":"Hemeroteca","inLanguage":"es-ES","publisher":{"@id":"https:\/\/www.eldigitaldeasturias.com\/noticias\/#organization"}}]},"og:locale":"es_ES","og:site_name":"El Digital de Asturias","og:type":"article","og:title":"Trump cancela su primer viaje a Am\u00e9rica Latina por la crisis en Siria - El Digital de Asturias","og:description":"Washington, 10 abr (dpa) - El presidente de Estados Unidos, Donald Trump, cancel\u00f3 hoy su primer viaje a Am\u00e9rica Latina, donde iba a participar en la Cumbre de las Am\u00e9ricas en Per\u00fa y a viajar posteriormente a Colombia, bajo el argumento de la crisis en Siria. La portavoz de la Casa Blanca, Sarah Sanders, hizo","og:url":"https:\/\/www.eldigitaldeasturias.com\/noticias\/trump-cancela-su-primer-viaje-a-america-latina-por-la-crisis-en-siria\/","article:tag":["actualidad"],"article:published_time":"2018-04-11T01:42:53+00:00","article:modified_time":"2018-04-11T01:42:53+00:00","article:publisher":"https:\/\/facebook.com\/eldigitaldeasturias","twitter:card":"summary_large_image","twitter:title":"Trump cancela su primer viaje a Am\u00e9rica Latina por la crisis en Siria - El Digital de Asturias","twitter:description":"Washington, 10 abr (dpa) - El presidente de Estados Unidos, Donald Trump, cancel\u00f3 hoy su primer viaje a Am\u00e9rica Latina, donde iba a participar en la Cumbre de las Am\u00e9ricas en Per\u00fa y a viajar posteriormente a Colombia, bajo el argumento de la crisis en Siria. La portavoz de la Casa Blanca, Sarah Sanders, hizo","twitter:image":"https:\/\/www.eldigitaldeasturias.com\/noticias\/wp-content\/uploads\/2020\/12\/EDA-1.jpg","twitter:label1":"Escrito por","twitter:data1":"El Digital de Asturias","twitter:label2":"Tiempo de lectura estimado","twitter:data2":"5 minutos"},"aioseo_meta_data":{"post_id":"975587","title":null,"description":null,"keywords":null,"keyphrases":null,"primary_term":null,"canonical_url":null,"og_title":null,"og_description":null,"og_object_type":"default","og_image_type":"default","og_image_url":null,"og_image_width":null,"og_image_height":null,"og_image_custom_url":null,"og_image_custom_fields":null,"og_video":null,"og_custom_url":null,"og_article_section":null,"og_article_tags":null,"twitter_use_og":false,"twitter_card":"default","twitter_image_type":"default","twitter_image_url":null,"twitter_image_custom_url":null,"twitter_image_custom_fields":null,"twitter_title":null,"twitter_description":null,"schema":{"blockGraphs":[],"customGraphs":[],"default":{"data":{"Article":[],"Course":[],"Dataset":[],"FAQPage":[],"Movie":[],"Person":[],"Product":[],"ProductReview":[],"Car":[],"Recipe":[],"Service":[],"SoftwareApplication":[],"WebPage":[]},"graphName":"","isEnabled":true},"graphs":[],"defaultGraph":"","defaultPostTypeGraph":""},"schema_type":null,"schema_type_options":null,"pillar_content":false,"robots_default":true,"robots_noindex":false,"robots_noarchive":false,"robots_nosnippet":false,"robots_nofollow":false,"robots_noimageindex":false,"robots_noodp":false,"robots_notranslate":false,"robots_max_snippet":null,"robots_max_videopreview":null,"robots_max_imagepreview":"large","priority":null,"frequency":null,"local_seo":null,"seo_analyzer_scan_date":"2025-10-08 00:29:41","breadcrumb_settings":null,"limit_modified_date":false,"open_ai":null,"ai":null,"created":"2020-12-21 12:10:40","updated":"2025-10-08 00:29:41","focus_keyword":null,"additional_keywords":null,"truseo_locale":null},"aioseo_breadcrumb":"<div class=\"aioseo-breadcrumbs\"><span class=\"aioseo-breadcrumb\">\n\t<a href=\"https:\/\/www.eldigitaldeasturias.com\/noticias\" title=\"Home\">Home<\/a>\n<\/span><span class=\"aioseo-breadcrumb-separator\">\u2013<\/span><span class=\"aioseo-breadcrumb\">\n\t<a href=\"https:\/\/www.eldigitaldeasturias.com\/noticias\/category\/actualidad\/\" title=\"Actualidad\">Actualidad<\/a>\n<\/span><span class=\"aioseo-breadcrumb-separator\">\u2013<\/span><span class=\"aioseo-breadcrumb\">\n\t<a href=\"https:\/\/www.eldigitaldeasturias.com\/noticias\/trump-cancela-su-primer-viaje-a-america-latina-por-la-crisis-en-siria\/\" title=\"Trump cancela su primer viaje a Am\u00e9rica Latina por la crisis en Siria\">Trump cancela su primer viaje a Am\u00e9rica Latina por la crisis en Siria<\/a>\n<\/span><\/div>","aioseo_breadcrumb_json":[{"label":"Home","link":"https:\/\/www.eldigitaldeasturias.com\/noticias"},{"label":"Actualidad","link":"https:\/\/www.eldigitaldeasturias.com\/noticias\/category\/actualidad\/"},{"label":"Trump cancela su primer viaje a Am\u00e9rica Latina por la crisis en Siria","link":"https:\/\/www.eldigitaldeasturias.com\/noticias\/trump-cancela-su-primer-viaje-a-america-latina-por-la-crisis-en-siria\/"}],"_links":{"self":[{"href":"https:\/\/www.eldigitaldeasturias.com\/noticias\/wp-json\/wp\/v2\/posts\/975587","targetHints":{"allow":["GET"]}}],"collection":[{"href":"https:\/\/www.eldigitaldeasturias.com\/noticias\/wp-json\/wp\/v2\/posts"}],"about":[{"href":"https:\/\/www.eldigitaldeasturias.com\/noticias\/wp-json\/wp\/v2\/types\/post"}],"author":[{"embeddable":true,"href":"https:\/\/www.eldigitaldeasturias.com\/noticias\/wp-json\/wp\/v2\/users\/1"}],"replies":[{"embeddable":true,"href":"https:\/\/www.eldigitaldeasturias.com\/noticias\/wp-json\/wp\/v2\/comments?post=975587"}],"version-history":[{"count":0,"href":"https:\/\/www.eldigitaldeasturias.com\/noticias\/wp-json\/wp\/v2\/posts\/975587\/revisions"}],"wp:attachment":[{"href":"https:\/\/www.eldigitaldeasturias.com\/noticias\/wp-json\/wp\/v2\/media?parent=975587"}],"wp:term":[{"taxonomy":"category","embeddable":true,"href":"https:\/\/www.eldigitaldeasturias.com\/noticias\/wp-json\/wp\/v2\/categories?post=975587"},{"taxonomy":"post_tag","embeddable":true,"href":"https:\/\/www.eldigitaldeasturias.com\/noticias\/wp-json\/wp\/v2\/tags?post=975587"}],"curies":[{"name":"wp","href":"https:\/\/api.w.org\/{rel}","templated":true}]}}