{"id":975582,"date":"2018-04-11T01:37:47","date_gmt":"2018-04-11T01:37:47","guid":{"rendered":"http:\/\/www.eldigitaldeasturias.com\/noticias\/?p=975582"},"modified":"2018-04-11T01:37:47","modified_gmt":"2018-04-11T01:37:47","slug":"la-cumbre-de-las-americas-un-foro-que-reune-al-continente","status":"publish","type":"post","link":"https:\/\/www.eldigitaldeasturias.com\/noticias\/la-cumbre-de-las-americas-un-foro-que-reune-al-continente\/","title":{"rendered":"La Cumbre de las Am\u00e9ricas, un foro que re\u00fane al continente"},"content":{"rendered":"<p><img loading=\"lazy\" decoding=\"async\" class=\"alignleft size-medium wp-image-975583\" src=\"https:\/\/www.eldigitaldeasturias.com\/noticias\/wp-content\/uploads\/2018\/04\/lime-1191767_1280-360x205.jpg\" alt=\"\" width=\"360\" height=\"205\" \/>Lima, 10 abr (dpa) &#8211; La Cumbre de las Am\u00e9ricas, mecanismo de concertaci\u00f3n y de di\u00e1logo pol\u00edtico que naci\u00f3 en 1994, volver\u00e1 a reunir a presidentes y representantes de la mayor\u00eda de los 35 pa\u00edses del continente, esta vez en Lima, el 13 y 14 de abril.<\/p>\n<p>La VIII Cumbre iba a estar marcada por la presencia del presidente de Estados Unidos, Donald Trump, cr\u00edtico de la inmigraci\u00f3n latinoamericana hacia su pa\u00eds y a quien se considera poco amigable con el bloque, pero a \u00faltima hora anunci\u00f3 hoy que no vendr\u00eda por la crisis siria.<\/p>\n<p>La otra ausencia forzada ser\u00e1 la del mandatario de Venezuela, Nicol\u00e1s Maduro, \u00abdesinvitado\u00bb por su supuesto manejo unilateral del proceso democr\u00e1tico.<\/p>\n<p>La cumbre surgi\u00f3 con el objetivo de buscar la unidad de la regi\u00f3n en un contexto de globalizaci\u00f3n, con una agenda basada en la defensa de la democracia, el libre comercio y el desarrollo sostenible. En la primera reuni\u00f3n en Estados Unidos surgi\u00f3 la idea de crear un \u00c1rea del Libre Comercio de las Am\u00e9ricas (ALCA).<\/p>\n<p>Sin embargo, ese prop\u00f3sito inicial fue abandonado en la IV Cumbre en 2005, en medio de desacuerdos, fundamentalmente con los pa\u00edses liderados por el presidente venezolano, Hugo Ch\u00e1vez.<\/p>\n<p>No obstante, el foro avanz\u00f3 por otros caminos, como por ejemplo la adopci\u00f3n de una cl\u00e1usula democr\u00e1tica que exclu\u00eda a gobiernos que violaran los t\u00e9rminos constitucionales y que se convirti\u00f3 en la Carta Democr\u00e1tica de la Organizaci\u00f3n de Estados Americanos (OEA) hoy vigente.<\/p>\n<p>La cumbre tambi\u00e9n sirvi\u00f3 de tel\u00f3n de fondo para un descongelamiento de las relaciones entre Estados Unidos y Cuba, emblemas de la Guerra Fr\u00eda en Am\u00e9rica durante 50 a\u00f1os.<\/p>\n<p>En Trinidad y Tobago, la presencia del nuevo gobernante de Estados Unidos, Barack Obama, se sum\u00f3 a una ola de solidaridad de Am\u00e9rica Latina por la inclusi\u00f3n de Cuba -separada de la OEA-, para crear un ambiente que se concret\u00f3 en ciudad de Panam\u00e1 en 2015.<\/p>\n<p>En esa ocasi\u00f3n, el presidente de Cuba, Ra\u00fal Castro, en la primera presencia de su pa\u00eds, estrech\u00f3 las manos con Obama.<\/p>\n<p>Sin embargo, las diferencias no quedaron cerradas y prueba de ello es la ausencia en esta ocasi\u00f3n de Venezuela, principal estandarte del denominado \u00absocialismo del siglo XXI\u00bb.<\/p>\n<p>Maduro no estar\u00e1 porque as\u00ed lo dispuso el Gobierno peruano de Pedro Pablo Kuczynski -ca\u00eddo luego por supuesta corrupci\u00f3n y sustituido por el de Mart\u00edn Vizcarra- con apoyo de Estados Unidos y de pa\u00edses que forman el Grupo de Lima (que hace seguimiento a la crisis venezolana).<\/p>\n<p>Aunque Maduro prometi\u00f3 llegar a Lima \u00abllueva, truene o relampaguee\u00bb, desisti\u00f3 al final. Parad\u00f3jicamente, tampoco estar\u00e1 Kuczynski, pues se vio obligado a renunciar cuando era inminente que el Congreso lo destituyera por sus v\u00ednculos con la empresa brasile\u00f1a Odebrecht, acusada de corrupci\u00f3n.<\/p>\n<p>En las cumbres se suele hablar tambi\u00e9n de temas sociales y de cooperaci\u00f3n, aunque en estos casos la mayor\u00eda de analistas son esc\u00e9pticos y creen que todo queda en pronunciamientos de papel que no se llevan a la realidad.<\/p>\n","protected":false},"excerpt":{"rendered":"<p>Lima, 10 abr (dpa) &#8211; La Cumbre de las Am\u00e9ricas, mecanismo de concertaci\u00f3n y de di\u00e1logo pol\u00edtico que naci\u00f3 en 1994, volver\u00e1 a reunir a presidentes y representantes de la mayor\u00eda de los 35 pa\u00edses del continente, esta vez en Lima, el 13 y 14 de abril. La VIII Cumbre iba a estar marcada por [&hellip;]<\/p>\n","protected":false},"author":1,"featured_media":975583,"comment_status":"closed","ping_status":"closed","sticky":false,"template":"","format":"standard","meta":{"footnotes":""},"categories":[1],"tags":[],"class_list":["post-975582","post","type-post","status-publish","format-standard","has-post-thumbnail","hentry","category-actualidad"],"aioseo_notices":[],"aioseo_head":"\n\t\t<!-- All in One SEO Pro 5.0.1 - aioseo.com -->\n\t<meta name=\"description\" content=\"Lima, 10 abr (dpa) - La Cumbre de las Am\u00e9ricas, mecanismo de concertaci\u00f3n y de di\u00e1logo pol\u00edtico que naci\u00f3 en 1994, volver\u00e1 a reunir a presidentes y representantes de la mayor\u00eda de los 35 pa\u00edses del continente, esta vez en Lima, el 13 y 14 de abril. La VIII Cumbre iba a estar marcada por\" \/>\n\t<meta name=\"robots\" content=\"max-image-preview:large\" \/>\n\t<meta name=\"author\" content=\"El Digital de Asturias\"\/>\n\t<meta name=\"google-site-verification\" content=\"UA-38556648-1\" \/>\n\t<meta name=\"msvalidate.01\" content=\"7dfe9f3f1b24437ab69f4f2559babe99\" \/>\n\t<meta name=\"keywords\" content=\"actualidad\" \/>\n\t<link rel=\"canonical\" href=\"https:\/\/www.eldigitaldeasturias.com\/noticias\/la-cumbre-de-las-americas-un-foro-que-reune-al-continente\/\" \/>\n\t<meta name=\"generator\" content=\"All in One SEO Pro (AIOSEO) 5.0.1\" \/>\n\t\t<meta property=\"og:locale\" content=\"es_ES\" \/>\n\t\t<meta property=\"og:site_name\" content=\"El Digital de Asturias\" \/>\n\t\t<meta property=\"og:type\" content=\"article\" \/>\n\t\t<meta property=\"og:title\" content=\"La Cumbre de las Am\u00e9ricas, un foro que re\u00fane al continente - El Digital de Asturias\" \/>\n\t\t<meta property=\"og:description\" content=\"Lima, 10 abr (dpa) - La Cumbre de las Am\u00e9ricas, mecanismo de concertaci\u00f3n y de di\u00e1logo pol\u00edtico que naci\u00f3 en 1994, volver\u00e1 a reunir a presidentes y representantes de la mayor\u00eda de los 35 pa\u00edses del continente, esta vez en Lima, el 13 y 14 de abril. La VIII Cumbre iba a estar marcada por\" \/>\n\t\t<meta property=\"og:url\" content=\"https:\/\/www.eldigitaldeasturias.com\/noticias\/la-cumbre-de-las-americas-un-foro-que-reune-al-continente\/\" \/>\n\t\t<meta property=\"article:tag\" content=\"actualidad\" \/>\n\t\t<meta property=\"article:published_time\" content=\"2018-04-11T01:37:47+00:00\" \/>\n\t\t<meta property=\"article:modified_time\" content=\"2018-04-11T01:37:47+00:00\" \/>\n\t\t<meta property=\"article:publisher\" content=\"https:\/\/facebook.com\/eldigitaldeasturias\" \/>\n\t\t<meta name=\"twitter:card\" content=\"summary_large_image\" \/>\n\t\t<meta name=\"twitter:title\" content=\"La Cumbre de las Am\u00e9ricas, un foro que re\u00fane al continente - El Digital de Asturias\" \/>\n\t\t<meta name=\"twitter:description\" content=\"Lima, 10 abr (dpa) - La Cumbre de las Am\u00e9ricas, mecanismo de concertaci\u00f3n y de di\u00e1logo pol\u00edtico que naci\u00f3 en 1994, volver\u00e1 a reunir a presidentes y representantes de la mayor\u00eda de los 35 pa\u00edses del continente, esta vez en Lima, el 13 y 14 de abril. La VIII Cumbre iba a estar marcada por\" \/>\n\t\t<meta name=\"twitter:image\" content=\"https:\/\/www.eldigitaldeasturias.com\/noticias\/wp-content\/uploads\/2020\/12\/EDA-1.jpg\" \/>\n\t\t<meta name=\"twitter:label1\" content=\"Escrito por\" \/>\n\t\t<meta name=\"twitter:data1\" content=\"El Digital de Asturias\" \/>\n\t\t<meta name=\"twitter:label2\" content=\"Tiempo de lectura estimado\" \/>\n\t\t<meta name=\"twitter:data2\" content=\"3 minutos\" \/>\n\t\t<script type=\"application\/ld+json\" class=\"aioseo-schema\">\n\t\t\t{\"@context\":\"https:\\\/\\\/schema.org\",\"@graph\":[{\"@type\":\"BlogPosting\",\"@id\":\"https:\\\/\\\/www.eldigitaldeasturias.com\\\/noticias\\\/la-cumbre-de-las-americas-un-foro-que-reune-al-continente\\\/#blogposting\",\"name\":\"La Cumbre de las Am\\u00e9ricas, un foro que re\\u00fane al continente - El Digital de Asturias\",\"headline\":\"La Cumbre de las Am\\u00e9ricas, un foro que re\\u00fane al continente\",\"author\":{\"@id\":\"https:\\\/\\\/www.eldigitaldeasturias.com\\\/noticias\\\/author\\\/admin\\\/#author\"},\"publisher\":{\"@id\":\"https:\\\/\\\/www.eldigitaldeasturias.com\\\/noticias\\\/#organization\"},\"image\":{\"@type\":\"ImageObject\",\"url\":975583},\"datePublished\":\"2018-04-11T01:37:47+02:00\",\"dateModified\":\"2018-04-11T01:37:47+02:00\",\"inLanguage\":\"es-ES\",\"mainEntityOfPage\":{\"@id\":\"https:\\\/\\\/www.eldigitaldeasturias.com\\\/noticias\\\/la-cumbre-de-las-americas-un-foro-que-reune-al-continente\\\/#webpage\"},\"isPartOf\":{\"@id\":\"https:\\\/\\\/www.eldigitaldeasturias.com\\\/noticias\\\/la-cumbre-de-las-americas-un-foro-que-reune-al-continente\\\/#webpage\"},\"articleSection\":\"Actualidad\"},{\"@type\":\"BreadcrumbList\",\"@id\":\"https:\\\/\\\/www.eldigitaldeasturias.com\\\/noticias\\\/la-cumbre-de-las-americas-un-foro-que-reune-al-continente\\\/#breadcrumblist\",\"itemListElement\":[{\"@type\":\"ListItem\",\"@id\":\"https:\\\/\\\/www.eldigitaldeasturias.com\\\/noticias#listItem\",\"position\":1,\"name\":\"Home\",\"item\":\"https:\\\/\\\/www.eldigitaldeasturias.com\\\/noticias\",\"nextItem\":{\"@type\":\"ListItem\",\"@id\":\"https:\\\/\\\/www.eldigitaldeasturias.com\\\/noticias\\\/category\\\/actualidad\\\/#listItem\",\"name\":\"Actualidad\"}},{\"@type\":\"ListItem\",\"@id\":\"https:\\\/\\\/www.eldigitaldeasturias.com\\\/noticias\\\/category\\\/actualidad\\\/#listItem\",\"position\":2,\"name\":\"Actualidad\",\"item\":\"https:\\\/\\\/www.eldigitaldeasturias.com\\\/noticias\\\/category\\\/actualidad\\\/\",\"nextItem\":{\"@type\":\"ListItem\",\"@id\":\"https:\\\/\\\/www.eldigitaldeasturias.com\\\/noticias\\\/la-cumbre-de-las-americas-un-foro-que-reune-al-continente\\\/#listItem\",\"name\":\"La Cumbre de las Am\\u00e9ricas, un foro que re\\u00fane al continente\"},\"previousItem\":{\"@type\":\"ListItem\",\"@id\":\"https:\\\/\\\/www.eldigitaldeasturias.com\\\/noticias#listItem\",\"name\":\"Home\"}},{\"@type\":\"ListItem\",\"@id\":\"https:\\\/\\\/www.eldigitaldeasturias.com\\\/noticias\\\/la-cumbre-de-las-americas-un-foro-que-reune-al-continente\\\/#listItem\",\"position\":3,\"name\":\"La Cumbre de las Am\\u00e9ricas, un foro que re\\u00fane al continente\",\"previousItem\":{\"@type\":\"ListItem\",\"@id\":\"https:\\\/\\\/www.eldigitaldeasturias.com\\\/noticias\\\/category\\\/actualidad\\\/#listItem\",\"name\":\"Actualidad\"}}]},{\"@type\":\"Organization\",\"@id\":\"https:\\\/\\\/www.eldigitaldeasturias.com\\\/noticias\\\/#organization\",\"name\":\"El Digital de Asturias\",\"description\":\"Hemeroteca\",\"url\":\"https:\\\/\\\/www.eldigitaldeasturias.com\\\/noticias\\\/\",\"email\":\"info@eldigitaldeasturias.com\",\"telephone\":\"+34652131393\",\"logo\":{\"@type\":\"ImageObject\",\"url\":\"https:\\\/\\\/www.eldigitaldeasturias.com\\\/noticias\\\/wp-content\\\/uploads\\\/2020\\\/12\\\/EDA.jpg\",\"@id\":\"https:\\\/\\\/www.eldigitaldeasturias.com\\\/noticias\\\/la-cumbre-de-las-americas-un-foro-que-reune-al-continente\\\/#organizationLogo\"},\"image\":{\"@id\":\"https:\\\/\\\/www.eldigitaldeasturias.com\\\/noticias\\\/la-cumbre-de-las-americas-un-foro-que-reune-al-continente\\\/#organizationLogo\"},\"sameAs\":[\"https:\\\/\\\/facebook.com\\\/eldigitaldeasturias\",\"https:\\\/\\\/www.youtube.com\\\/channel\\\/UCZP-2wLEB9Rv6erhFmqVnvg\"],\"address\":{\"@id\":\"https:\\\/\\\/www.eldigitaldeasturias.com\\\/noticias\\\/#postaladdress\",\"@type\":\"PostalAddress\",\"streetAddress\":\"san antonio 4\",\"postalCode\":\"33430\",\"addressLocality\":\"Cand\\u00e1s\",\"addressRegion\":\"Asturias\",\"addressCountry\":\"ES\"}},{\"@type\":\"Person\",\"@id\":\"https:\\\/\\\/www.eldigitaldeasturias.com\\\/noticias\\\/author\\\/admin\\\/#author\",\"url\":\"https:\\\/\\\/www.eldigitaldeasturias.com\\\/noticias\\\/author\\\/admin\\\/\",\"name\":\"El Digital de Asturias\",\"image\":{\"@type\":\"ImageObject\",\"@id\":\"https:\\\/\\\/www.eldigitaldeasturias.com\\\/noticias\\\/la-cumbre-de-las-americas-un-foro-que-reune-al-continente\\\/#authorImage\",\"url\":\"https:\\\/\\\/secure.gravatar.com\\\/avatar\\\/df2aeffc32bcd13f8d26072ef8a91b623d677766deac7f97ca815868cd41bf5e?s=96&d=mm&r=g\",\"width\":96,\"height\":96,\"caption\":\"El Digital de Asturias\"}},{\"@type\":\"WebPage\",\"@id\":\"https:\\\/\\\/www.eldigitaldeasturias.com\\\/noticias\\\/la-cumbre-de-las-americas-un-foro-que-reune-al-continente\\\/#webpage\",\"url\":\"https:\\\/\\\/www.eldigitaldeasturias.com\\\/noticias\\\/la-cumbre-de-las-americas-un-foro-que-reune-al-continente\\\/\",\"name\":\"La Cumbre de las Am\\u00e9ricas, un foro que re\\u00fane al continente - El Digital de Asturias\",\"description\":\"Lima, 10 abr (dpa) - La Cumbre de las Am\\u00e9ricas, mecanismo de concertaci\\u00f3n y de di\\u00e1logo pol\\u00edtico que naci\\u00f3 en 1994, volver\\u00e1 a reunir a presidentes y representantes de la mayor\\u00eda de los 35 pa\\u00edses del continente, esta vez en Lima, el 13 y 14 de abril. La VIII Cumbre iba a estar marcada por\",\"inLanguage\":\"es-ES\",\"isPartOf\":{\"@id\":\"https:\\\/\\\/www.eldigitaldeasturias.com\\\/noticias\\\/#website\"},\"breadcrumb\":{\"@id\":\"https:\\\/\\\/www.eldigitaldeasturias.com\\\/noticias\\\/la-cumbre-de-las-americas-un-foro-que-reune-al-continente\\\/#breadcrumblist\"},\"author\":{\"@id\":\"https:\\\/\\\/www.eldigitaldeasturias.com\\\/noticias\\\/author\\\/admin\\\/#author\"},\"creator\":{\"@id\":\"https:\\\/\\\/www.eldigitaldeasturias.com\\\/noticias\\\/author\\\/admin\\\/#author\"},\"image\":{\"@type\":\"ImageObject\",\"url\":975583,\"@id\":\"https:\\\/\\\/www.eldigitaldeasturias.com\\\/noticias\\\/la-cumbre-de-las-americas-un-foro-que-reune-al-continente\\\/#mainImage\"},\"primaryImageOfPage\":{\"@id\":\"https:\\\/\\\/www.eldigitaldeasturias.com\\\/noticias\\\/la-cumbre-de-las-americas-un-foro-que-reune-al-continente\\\/#mainImage\"},\"datePublished\":\"2018-04-11T01:37:47+02:00\",\"dateModified\":\"2018-04-11T01:37:47+02:00\"},{\"@type\":\"WebSite\",\"@id\":\"https:\\\/\\\/www.eldigitaldeasturias.com\\\/noticias\\\/#website\",\"url\":\"https:\\\/\\\/www.eldigitaldeasturias.com\\\/noticias\\\/\",\"name\":\"El Digital de Asturias - Diario de actualidad y noticias\",\"alternateName\":\"El Digital de Asturias - Diario de actualidad y noticias\",\"description\":\"Hemeroteca\",\"inLanguage\":\"es-ES\",\"publisher\":{\"@id\":\"https:\\\/\\\/www.eldigitaldeasturias.com\\\/noticias\\\/#organization\"}}]}\n\t\t<\/script>\n\t\t<!-- All in One SEO Pro -->\r\n\t\t<title>La Cumbre de las Am\u00e9ricas, un foro que re\u00fane al continente - El Digital de Asturias<\/title>\n\n","aioseo_head_json":{"title":"La Cumbre de las Am\u00e9ricas, un foro que re\u00fane al continente - El Digital de Asturias","description":"Lima, 10 abr (dpa) - La Cumbre de las Am\u00e9ricas, mecanismo de concertaci\u00f3n y de di\u00e1logo pol\u00edtico que naci\u00f3 en 1994, volver\u00e1 a reunir a presidentes y representantes de la mayor\u00eda de los 35 pa\u00edses del continente, esta vez en Lima, el 13 y 14 de abril. La VIII Cumbre iba a estar marcada por","canonical_url":"https:\/\/www.eldigitaldeasturias.com\/noticias\/la-cumbre-de-las-americas-un-foro-que-reune-al-continente\/","robots":"max-image-preview:large","keywords":"actualidad","webmasterTools":{"google-site-verification":"UA-38556648-1","msvalidate.01":"7dfe9f3f1b24437ab69f4f2559babe99","miscellaneous":""},"schema":{"@context":"https:\/\/schema.org","@graph":[{"@type":"BlogPosting","@id":"https:\/\/www.eldigitaldeasturias.com\/noticias\/la-cumbre-de-las-americas-un-foro-que-reune-al-continente\/#blogposting","name":"La Cumbre de las Am\u00e9ricas, un foro que re\u00fane al continente - El Digital de Asturias","headline":"La Cumbre de las Am\u00e9ricas, un foro que re\u00fane al continente","author":{"@id":"https:\/\/www.eldigitaldeasturias.com\/noticias\/author\/admin\/#author"},"publisher":{"@id":"https:\/\/www.eldigitaldeasturias.com\/noticias\/#organization"},"image":{"@type":"ImageObject","url":975583},"datePublished":"2018-04-11T01:37:47+02:00","dateModified":"2018-04-11T01:37:47+02:00","inLanguage":"es-ES","mainEntityOfPage":{"@id":"https:\/\/www.eldigitaldeasturias.com\/noticias\/la-cumbre-de-las-americas-un-foro-que-reune-al-continente\/#webpage"},"isPartOf":{"@id":"https:\/\/www.eldigitaldeasturias.com\/noticias\/la-cumbre-de-las-americas-un-foro-que-reune-al-continente\/#webpage"},"articleSection":"Actualidad"},{"@type":"BreadcrumbList","@id":"https:\/\/www.eldigitaldeasturias.com\/noticias\/la-cumbre-de-las-americas-un-foro-que-reune-al-continente\/#breadcrumblist","itemListElement":[{"@type":"ListItem","@id":"https:\/\/www.eldigitaldeasturias.com\/noticias#listItem","position":1,"name":"Home","item":"https:\/\/www.eldigitaldeasturias.com\/noticias","nextItem":{"@type":"ListItem","@id":"https:\/\/www.eldigitaldeasturias.com\/noticias\/category\/actualidad\/#listItem","name":"Actualidad"}},{"@type":"ListItem","@id":"https:\/\/www.eldigitaldeasturias.com\/noticias\/category\/actualidad\/#listItem","position":2,"name":"Actualidad","item":"https:\/\/www.eldigitaldeasturias.com\/noticias\/category\/actualidad\/","nextItem":{"@type":"ListItem","@id":"https:\/\/www.eldigitaldeasturias.com\/noticias\/la-cumbre-de-las-americas-un-foro-que-reune-al-continente\/#listItem","name":"La Cumbre de las Am\u00e9ricas, un foro que re\u00fane al continente"},"previousItem":{"@type":"ListItem","@id":"https:\/\/www.eldigitaldeasturias.com\/noticias#listItem","name":"Home"}},{"@type":"ListItem","@id":"https:\/\/www.eldigitaldeasturias.com\/noticias\/la-cumbre-de-las-americas-un-foro-que-reune-al-continente\/#listItem","position":3,"name":"La Cumbre de las Am\u00e9ricas, un foro que re\u00fane al continente","previousItem":{"@type":"ListItem","@id":"https:\/\/www.eldigitaldeasturias.com\/noticias\/category\/actualidad\/#listItem","name":"Actualidad"}}]},{"@type":"Organization","@id":"https:\/\/www.eldigitaldeasturias.com\/noticias\/#organization","name":"El Digital de Asturias","description":"Hemeroteca","url":"https:\/\/www.eldigitaldeasturias.com\/noticias\/","email":"info@eldigitaldeasturias.com","telephone":"+34652131393","logo":{"@type":"ImageObject","url":"https:\/\/www.eldigitaldeasturias.com\/noticias\/wp-content\/uploads\/2020\/12\/EDA.jpg","@id":"https:\/\/www.eldigitaldeasturias.com\/noticias\/la-cumbre-de-las-americas-un-foro-que-reune-al-continente\/#organizationLogo"},"image":{"@id":"https:\/\/www.eldigitaldeasturias.com\/noticias\/la-cumbre-de-las-americas-un-foro-que-reune-al-continente\/#organizationLogo"},"sameAs":["https:\/\/facebook.com\/eldigitaldeasturias","https:\/\/www.youtube.com\/channel\/UCZP-2wLEB9Rv6erhFmqVnvg"],"address":{"@id":"https:\/\/www.eldigitaldeasturias.com\/noticias\/#postaladdress","@type":"PostalAddress","streetAddress":"san antonio 4","postalCode":"33430","addressLocality":"Cand\u00e1s","addressRegion":"Asturias","addressCountry":"ES"}},{"@type":"Person","@id":"https:\/\/www.eldigitaldeasturias.com\/noticias\/author\/admin\/#author","url":"https:\/\/www.eldigitaldeasturias.com\/noticias\/author\/admin\/","name":"El Digital de Asturias","image":{"@type":"ImageObject","@id":"https:\/\/www.eldigitaldeasturias.com\/noticias\/la-cumbre-de-las-americas-un-foro-que-reune-al-continente\/#authorImage","url":"https:\/\/secure.gravatar.com\/avatar\/df2aeffc32bcd13f8d26072ef8a91b623d677766deac7f97ca815868cd41bf5e?s=96&d=mm&r=g","width":96,"height":96,"caption":"El Digital de Asturias"}},{"@type":"WebPage","@id":"https:\/\/www.eldigitaldeasturias.com\/noticias\/la-cumbre-de-las-americas-un-foro-que-reune-al-continente\/#webpage","url":"https:\/\/www.eldigitaldeasturias.com\/noticias\/la-cumbre-de-las-americas-un-foro-que-reune-al-continente\/","name":"La Cumbre de las Am\u00e9ricas, un foro que re\u00fane al continente - El Digital de Asturias","description":"Lima, 10 abr (dpa) - La Cumbre de las Am\u00e9ricas, mecanismo de concertaci\u00f3n y de di\u00e1logo pol\u00edtico que naci\u00f3 en 1994, volver\u00e1 a reunir a presidentes y representantes de la mayor\u00eda de los 35 pa\u00edses del continente, esta vez en Lima, el 13 y 14 de abril. La VIII Cumbre iba a estar marcada por","inLanguage":"es-ES","isPartOf":{"@id":"https:\/\/www.eldigitaldeasturias.com\/noticias\/#website"},"breadcrumb":{"@id":"https:\/\/www.eldigitaldeasturias.com\/noticias\/la-cumbre-de-las-americas-un-foro-que-reune-al-continente\/#breadcrumblist"},"author":{"@id":"https:\/\/www.eldigitaldeasturias.com\/noticias\/author\/admin\/#author"},"creator":{"@id":"https:\/\/www.eldigitaldeasturias.com\/noticias\/author\/admin\/#author"},"image":{"@type":"ImageObject","url":975583,"@id":"https:\/\/www.eldigitaldeasturias.com\/noticias\/la-cumbre-de-las-americas-un-foro-que-reune-al-continente\/#mainImage"},"primaryImageOfPage":{"@id":"https:\/\/www.eldigitaldeasturias.com\/noticias\/la-cumbre-de-las-americas-un-foro-que-reune-al-continente\/#mainImage"},"datePublished":"2018-04-11T01:37:47+02:00","dateModified":"2018-04-11T01:37:47+02:00"},{"@type":"WebSite","@id":"https:\/\/www.eldigitaldeasturias.com\/noticias\/#website","url":"https:\/\/www.eldigitaldeasturias.com\/noticias\/","name":"El Digital de Asturias - Diario de actualidad y noticias","alternateName":"El Digital de Asturias - Diario de actualidad y noticias","description":"Hemeroteca","inLanguage":"es-ES","publisher":{"@id":"https:\/\/www.eldigitaldeasturias.com\/noticias\/#organization"}}]},"og:locale":"es_ES","og:site_name":"El Digital de Asturias","og:type":"article","og:title":"La Cumbre de las Am\u00e9ricas, un foro que re\u00fane al continente - El Digital de Asturias","og:description":"Lima, 10 abr (dpa) - La Cumbre de las Am\u00e9ricas, mecanismo de concertaci\u00f3n y de di\u00e1logo pol\u00edtico que naci\u00f3 en 1994, volver\u00e1 a reunir a presidentes y representantes de la mayor\u00eda de los 35 pa\u00edses del continente, esta vez en Lima, el 13 y 14 de abril. La VIII Cumbre iba a estar marcada por","og:url":"https:\/\/www.eldigitaldeasturias.com\/noticias\/la-cumbre-de-las-americas-un-foro-que-reune-al-continente\/","article:tag":["actualidad"],"article:published_time":"2018-04-11T01:37:47+00:00","article:modified_time":"2018-04-11T01:37:47+00:00","article:publisher":"https:\/\/facebook.com\/eldigitaldeasturias","twitter:card":"summary_large_image","twitter:title":"La Cumbre de las Am\u00e9ricas, un foro que re\u00fane al continente - El Digital de Asturias","twitter:description":"Lima, 10 abr (dpa) - La Cumbre de las Am\u00e9ricas, mecanismo de concertaci\u00f3n y de di\u00e1logo pol\u00edtico que naci\u00f3 en 1994, volver\u00e1 a reunir a presidentes y representantes de la mayor\u00eda de los 35 pa\u00edses del continente, esta vez en Lima, el 13 y 14 de abril. La VIII Cumbre iba a estar marcada por","twitter:image":"https:\/\/www.eldigitaldeasturias.com\/noticias\/wp-content\/uploads\/2020\/12\/EDA-1.jpg","twitter:label1":"Escrito por","twitter:data1":"El Digital de Asturias","twitter:label2":"Tiempo de lectura estimado","twitter:data2":"3 minutos"},"aioseo_meta_data":{"post_id":"975582","title":null,"description":null,"keywords":null,"keyphrases":null,"primary_term":null,"canonical_url":null,"og_title":null,"og_description":null,"og_object_type":"default","og_image_type":"default","og_image_url":null,"og_image_width":null,"og_image_height":null,"og_image_custom_url":null,"og_image_custom_fields":null,"og_video":null,"og_custom_url":null,"og_article_section":null,"og_article_tags":null,"twitter_use_og":false,"twitter_card":"default","twitter_image_type":"default","twitter_image_url":null,"twitter_image_custom_url":null,"twitter_image_custom_fields":null,"twitter_title":null,"twitter_description":null,"schema":{"blockGraphs":[],"customGraphs":[],"default":{"data":{"Article":[],"Course":[],"Dataset":[],"FAQPage":[],"Movie":[],"Person":[],"Product":[],"ProductReview":[],"Car":[],"Recipe":[],"Service":[],"SoftwareApplication":[],"WebPage":[]},"graphName":"","isEnabled":true},"graphs":[],"defaultGraph":"","defaultPostTypeGraph":""},"schema_type":null,"schema_type_options":null,"pillar_content":false,"robots_default":true,"robots_noindex":false,"robots_noarchive":false,"robots_nosnippet":false,"robots_nofollow":false,"robots_noimageindex":false,"robots_noodp":false,"robots_notranslate":false,"robots_max_snippet":null,"robots_max_videopreview":null,"robots_max_imagepreview":"large","priority":null,"frequency":null,"local_seo":null,"seo_analyzer_scan_date":"2025-10-08 00:29:40","breadcrumb_settings":null,"limit_modified_date":false,"open_ai":null,"ai":null,"created":"2020-12-21 12:10:40","updated":"2025-10-08 00:29:40","focus_keyword":null,"additional_keywords":null,"truseo_locale":null},"aioseo_breadcrumb":"<div class=\"aioseo-breadcrumbs\"><span class=\"aioseo-breadcrumb\">\n\t<a href=\"https:\/\/www.eldigitaldeasturias.com\/noticias\" title=\"Home\">Home<\/a>\n<\/span><span class=\"aioseo-breadcrumb-separator\">\u2013<\/span><span class=\"aioseo-breadcrumb\">\n\t<a href=\"https:\/\/www.eldigitaldeasturias.com\/noticias\/category\/actualidad\/\" title=\"Actualidad\">Actualidad<\/a>\n<\/span><span class=\"aioseo-breadcrumb-separator\">\u2013<\/span><span class=\"aioseo-breadcrumb\">\n\t<a href=\"https:\/\/www.eldigitaldeasturias.com\/noticias\/la-cumbre-de-las-americas-un-foro-que-reune-al-continente\/\" title=\"La Cumbre de las Am\u00e9ricas, un foro que re\u00fane al continente\">La Cumbre de las Am\u00e9ricas, un foro que re\u00fane al continente<\/a>\n<\/span><\/div>","aioseo_breadcrumb_json":[{"label":"Home","link":"https:\/\/www.eldigitaldeasturias.com\/noticias"},{"label":"Actualidad","link":"https:\/\/www.eldigitaldeasturias.com\/noticias\/category\/actualidad\/"},{"label":"La Cumbre de las Am\u00e9ricas, un foro que re\u00fane al continente","link":"https:\/\/www.eldigitaldeasturias.com\/noticias\/la-cumbre-de-las-americas-un-foro-que-reune-al-continente\/"}],"_links":{"self":[{"href":"https:\/\/www.eldigitaldeasturias.com\/noticias\/wp-json\/wp\/v2\/posts\/975582","targetHints":{"allow":["GET"]}}],"collection":[{"href":"https:\/\/www.eldigitaldeasturias.com\/noticias\/wp-json\/wp\/v2\/posts"}],"about":[{"href":"https:\/\/www.eldigitaldeasturias.com\/noticias\/wp-json\/wp\/v2\/types\/post"}],"author":[{"embeddable":true,"href":"https:\/\/www.eldigitaldeasturias.com\/noticias\/wp-json\/wp\/v2\/users\/1"}],"replies":[{"embeddable":true,"href":"https:\/\/www.eldigitaldeasturias.com\/noticias\/wp-json\/wp\/v2\/comments?post=975582"}],"version-history":[{"count":0,"href":"https:\/\/www.eldigitaldeasturias.com\/noticias\/wp-json\/wp\/v2\/posts\/975582\/revisions"}],"wp:attachment":[{"href":"https:\/\/www.eldigitaldeasturias.com\/noticias\/wp-json\/wp\/v2\/media?parent=975582"}],"wp:term":[{"taxonomy":"category","embeddable":true,"href":"https:\/\/www.eldigitaldeasturias.com\/noticias\/wp-json\/wp\/v2\/categories?post=975582"},{"taxonomy":"post_tag","embeddable":true,"href":"https:\/\/www.eldigitaldeasturias.com\/noticias\/wp-json\/wp\/v2\/tags?post=975582"}],"curies":[{"name":"wp","href":"https:\/\/api.w.org\/{rel}","templated":true}]}}