{"id":975577,"date":"2018-04-11T01:18:16","date_gmt":"2018-04-11T01:18:16","guid":{"rendered":"http:\/\/www.eldigitaldeasturias.com\/noticias\/?p=975577"},"modified":"2018-04-11T01:18:16","modified_gmt":"2018-04-11T01:18:16","slug":"la-cumbre-entre-rajoy-y-macri-muestra-una-buena-sintonia-entre-ambos","status":"publish","type":"post","link":"https:\/\/www.eldigitaldeasturias.com\/noticias\/la-cumbre-entre-rajoy-y-macri-muestra-una-buena-sintonia-entre-ambos\/","title":{"rendered":"La cumbre entre Rajoy y Macri muestra una buena \u201csinton\u00eda\u201d entre ambos"},"content":{"rendered":"<p><img loading=\"lazy\" decoding=\"async\" class=\"alignleft size-medium wp-image-950154\" src=\"https:\/\/www.eldigitaldeasturias.com\/noticias\/wp-content\/uploads\/2017\/08\/rajoy-360x281.jpg\" alt=\"\" width=\"360\" height=\"281\" \/>Buenos Aires, 10 abr (dpa) &#8211; El presidente del Gobierno espa\u00f1ol, Mariano Rajoy, expres\u00f3 hoy en Buenos Aires un fuerte apoyo a las reformas econ\u00f3micas que implementa el centroderechista Mauricio Macri en Argentina y llam\u00f3 a incrementar las inversiones espa\u00f1olas en el pa\u00eds sudamericano.<\/p>\n<p>\u00abEstamos en una nueva etapa, probablemente la mejor en much\u00edsimo tiempo, que debemos aprovechar para intensificar nuestras relaciones econ\u00f3micas bilaterales\u00bb, expres\u00f3 Rajoy en el inicio de su primera visita oficial a Buenos Aires de dos d\u00edas.<\/p>\n<p>El presidente del Gobierno espa\u00f1ol destac\u00f3 la \u00abplena y excelente sinton\u00eda\u00bb que existe entre ambos pa\u00edses en la actualidad, luego de la tensi\u00f3n que marc\u00f3 la relaci\u00f3n bilateral durante los dos mandatos de la peronista Cristina Fern\u00e1ndez de Kirchner (2007-2015).<\/p>\n<p>Macri y Rajoy inauguraron hoy el Encuentro Empresarial Espa\u00f1a-Argentina en un lujoso hotel del barrio de Puerto Madero y luego se reunieron en la Casa Rosada, donde posteriormente el anfitri\u00f3n homenaje\u00f3 al mandatario espa\u00f1ol con un almuerzo.<\/p>\n<p>El presidente del Gobierno espa\u00f1ol destac\u00f3 las reformas que implementa Macri y asegur\u00f3 que \u00abes el camino correcto\u00bb. En ese sentido, afirm\u00f3 que Argentina es \u00abun destino de gran inter\u00e9s para las empresas espa\u00f1olas\u00bb.<\/p>\n<p>El comercio bilateral ascendi\u00f3 en 2017 a 2.872 millones de euros (unos 3.548 millones de d\u00f3lares), casi un 20 por ciento m\u00e1s que el a\u00f1o anterior. Espa\u00f1a es adem\u00e1s el segundo inversor extranjero en Argentina, con un stock de inversiones que en 2015 alcanz\u00f3 los 5.800 millones de euros en los sectores de energ\u00eda, transporte, infraestructura, agua y tecnolog\u00eda de la comunicaci\u00f3n, entre otros, que generaron 90.000 puestos de trabajo en el pa\u00eds sudamericano.<\/p>\n<p>\u00abExiste potencial para seguir profundizando estas relaciones ya que Argentina es el quinto socio de Espa\u00f1a en Latinoam\u00e9rica, por detr\u00e1s de econom\u00edas de menor tama\u00f1o. La transformaci\u00f3n que est\u00e1 viviendo hoy Argentina se convierte en un est\u00edmulo para que cada vez m\u00e1s empresas se interesen en el mercado argentino\u00bb, sostuvo Rajoy.<\/p>\n<p>El presidente espa\u00f1ol lleg\u00f3 a Buenos Aires acompa\u00f1ado por una nutrida delegaci\u00f3n de empresarios de casi 80 compa\u00f1\u00edas, en su mayor\u00eda peque\u00f1as y medianas empresas interesadas en analizar la oportunidad de negocios en el pa\u00eds.<\/p>\n<p>Macri inst\u00f3 a invertir en agroindustria, log\u00edstica, industria automotriz, energ\u00eda, hidrocarburos convencionales y no convencionales, miner\u00eda sustentable y responsable, telecomunicaciones y turismo, el \u00abgran as bajo la manga\u00bb de Argentina.<\/p>\n<p>Inst\u00f3 asimismo a los empresarios espa\u00f1oles a participar en las licitaciones en curso y las pr\u00f3ximas por m\u00e1s de 30 billones de d\u00f3lares bajo la modalidad de participaci\u00f3n p\u00fablica y privada.<\/p>\n<p>\u00abEspa\u00f1a es el ejemplo a seguir\u00bb, afirm\u00f3 el presidente argentino, que reconoci\u00f3 sin embargo que hay algunas preocupaciones entre los empresarios espa\u00f1oles a la hora de concretar las inversiones en el pa\u00eds sudamericano, principalmente la inflaci\u00f3n.<\/p>\n<p>Argentina registr\u00f3 el a\u00f1o pasado una inflaci\u00f3n de casi 25 por ciento y planific\u00f3 para 2018 una reducci\u00f3n a 15 por ciento, pero los analistas ya prev\u00e9n que ser\u00e1 varios puntos mayor.<\/p>\n<p>Seg\u00fan indicaron fuentes empresarias citadas por el diario \u00abClar\u00edn\u00bb, Macri y Rajoy se reunieron esta ma\u00f1ana fuera de agenda con directivos de importantes compa\u00f1\u00edas espa\u00f1olas que en medio de \u00abun clima cordial\u00bb le expresaron sus inquietudes por el alto nivel de inflaci\u00f3n y reclamaron un avance en las reformas laborales e impositivas.<\/p>\n<p>En otro orden, ambos presidentes abogaron hoy por una pronta firma del acuerdo de libre comercio entre la Uni\u00f3n Europea y el Mercosur, el bloque que integran Argentina, Brasil, Paraguay y Uruguay. Venezuela, el quinto socio, est\u00e1 suspendido.<\/p>\n<p>Rajoy urgi\u00f3 a hacer \u00abconcesiones puntuales\u00bb para acelerar las negociaciones, trabadas por diferencias en algunos sectores sensibles, como el agropecuario. \u00abLa experiencia demuestra que los beneficios superan con creces a los costes en t\u00e9rminos de crecimiento y creaci\u00f3n de empleo\u00bb, sostuvo.<\/p>\n<p>Macri coincidi\u00f3: \u00abNo hay un v\u00ednculo m\u00e1s natural que el de la Uni\u00f3n Europea y el Mercosur\u00bb. \u00abLa historia lo marca, nuestras relaciones lo marcan, estamos poniendo todo de nuestra parte y tengo un fundado optimismo en que vamos a conseguir ese acuerdo\u00bb, destac\u00f3.<\/p>\n<p>Agradeci\u00f3 tambi\u00e9n el apoyo de Espa\u00f1a a la candidatura de Argentina para ingresar a la Organizaci\u00f3n para la Cooperaci\u00f3n y el Desarrollo Econ\u00f3micos (OCDE).<\/p>\n<p>Ambos mandatarios dedicaron en tanto varios p\u00e1rrafos a la situaci\u00f3n en Venezuela y renovaron su demanda de una salida democr\u00e1tica a la crisis. Macri anticip\u00f3 que no reconocer\u00e1 los resultados de las elecciones presidenciales del 20 de mayo.<\/p>\n<p>La primera jornada de Rajoy en Buenos Aires cerrar\u00e1 con un encuentro con la comunidad espa\u00f1ola. Ma\u00f1ana ser\u00e1 distinguido como hu\u00e9sped ilustre de la capital argentina, luego brindar\u00e1 una conferencia en un hotel porte\u00f1o y visitar\u00e1 el Parque de la Memoria en homenaje a las v\u00edctimas de la \u00faltima dictadura militar en Argentina (1976-1983). El cierre de su visita ser\u00e1 en el Congreso, donde se reunir\u00e1 con legisladores.<\/p>\n<p>Esta es la primera visita oficial de Rajoy a la Argentina y la primera de un presidente del Gobierno espa\u00f1ol en m\u00e1s de diez a\u00f1os. Las relaciones entre ambos pa\u00edses tuvieron momentos de gran turbulencia con la expropiaci\u00f3n de la petrolera espa\u00f1ola Repsol en 2012. De hecho, hace 11 a\u00f1os que un jefe de Gobierno espa\u00f1ol no visita Buenos Aires.<\/p>\n<p>Sin embargo, la llegada al poder de Macri en diciembre de 2015 y su buena sinton\u00eda con Rajoy, al que define como amigo personal, revirtieron el proceso.<\/p>\n<p><i class=\"lang-es\"><span class=\" readonly\" title=\"\">Por Cecilia Caminos (dpa)<\/span><\/i><\/p>\n","protected":false},"excerpt":{"rendered":"<p>Buenos Aires, 10 abr (dpa) &#8211; El presidente del Gobierno espa\u00f1ol, Mariano Rajoy, expres\u00f3 hoy en Buenos Aires un fuerte apoyo a las reformas econ\u00f3micas que implementa el centroderechista Mauricio Macri en Argentina y llam\u00f3 a incrementar las inversiones espa\u00f1olas en el pa\u00eds sudamericano. \u00abEstamos en una nueva etapa, probablemente la mejor en much\u00edsimo tiempo, [&hellip;]<\/p>\n","protected":false},"author":1,"featured_media":950154,"comment_status":"closed","ping_status":"closed","sticky":false,"template":"","format":"standard","meta":{"footnotes":""},"categories":[1],"tags":[],"class_list":["post-975577","post","type-post","status-publish","format-standard","has-post-thumbnail","hentry","category-actualidad"],"aioseo_notices":[],"aioseo_head":"\n\t\t<!-- All in One SEO Pro 5.0.1 - aioseo.com -->\n\t<meta name=\"description\" content=\"Buenos Aires, 10 abr (dpa) - El presidente del Gobierno espa\u00f1ol, Mariano Rajoy, expres\u00f3 hoy en Buenos Aires un fuerte apoyo a las reformas econ\u00f3micas que implementa el centroderechista Mauricio Macri en Argentina y llam\u00f3 a incrementar las inversiones espa\u00f1olas en el pa\u00eds sudamericano. &quot;Estamos en una nueva etapa, probablemente la mejor en much\u00edsimo tiempo,\" \/>\n\t<meta name=\"robots\" content=\"max-image-preview:large\" \/>\n\t<meta name=\"author\" content=\"El Digital de Asturias\"\/>\n\t<meta name=\"google-site-verification\" content=\"UA-38556648-1\" \/>\n\t<meta name=\"msvalidate.01\" content=\"7dfe9f3f1b24437ab69f4f2559babe99\" \/>\n\t<meta name=\"keywords\" content=\"actualidad\" \/>\n\t<link rel=\"canonical\" href=\"https:\/\/www.eldigitaldeasturias.com\/noticias\/la-cumbre-entre-rajoy-y-macri-muestra-una-buena-sintonia-entre-ambos\/\" \/>\n\t<meta name=\"generator\" content=\"All in One SEO Pro (AIOSEO) 5.0.1\" \/>\n\t\t<meta property=\"og:locale\" content=\"es_ES\" \/>\n\t\t<meta property=\"og:site_name\" content=\"El Digital de Asturias\" \/>\n\t\t<meta property=\"og:type\" content=\"article\" \/>\n\t\t<meta property=\"og:title\" content=\"La cumbre entre Rajoy y Macri muestra una buena \u201csinton\u00eda\u201d entre ambos - El Digital de Asturias\" \/>\n\t\t<meta property=\"og:description\" content=\"Buenos Aires, 10 abr (dpa) - El presidente del Gobierno espa\u00f1ol, Mariano Rajoy, expres\u00f3 hoy en Buenos Aires un fuerte apoyo a las reformas econ\u00f3micas que implementa el centroderechista Mauricio Macri en Argentina y llam\u00f3 a incrementar las inversiones espa\u00f1olas en el pa\u00eds sudamericano. &quot;Estamos en una nueva etapa, probablemente la mejor en much\u00edsimo tiempo,\" \/>\n\t\t<meta property=\"og:url\" content=\"https:\/\/www.eldigitaldeasturias.com\/noticias\/la-cumbre-entre-rajoy-y-macri-muestra-una-buena-sintonia-entre-ambos\/\" \/>\n\t\t<meta property=\"article:tag\" content=\"actualidad\" \/>\n\t\t<meta property=\"article:published_time\" content=\"2018-04-11T01:18:16+00:00\" \/>\n\t\t<meta property=\"article:modified_time\" content=\"2018-04-11T01:18:16+00:00\" \/>\n\t\t<meta property=\"article:publisher\" content=\"https:\/\/facebook.com\/eldigitaldeasturias\" \/>\n\t\t<meta name=\"twitter:card\" content=\"summary_large_image\" \/>\n\t\t<meta name=\"twitter:title\" content=\"La cumbre entre Rajoy y Macri muestra una buena \u201csinton\u00eda\u201d entre ambos - El Digital de Asturias\" \/>\n\t\t<meta name=\"twitter:description\" content=\"Buenos Aires, 10 abr (dpa) - El presidente del Gobierno espa\u00f1ol, Mariano Rajoy, expres\u00f3 hoy en Buenos Aires un fuerte apoyo a las reformas econ\u00f3micas que implementa el centroderechista Mauricio Macri en Argentina y llam\u00f3 a incrementar las inversiones espa\u00f1olas en el pa\u00eds sudamericano. &quot;Estamos en una nueva etapa, probablemente la mejor en much\u00edsimo tiempo,\" \/>\n\t\t<meta name=\"twitter:image\" content=\"https:\/\/www.eldigitaldeasturias.com\/noticias\/wp-content\/uploads\/2020\/12\/EDA-1.jpg\" \/>\n\t\t<meta name=\"twitter:label1\" content=\"Escrito por\" \/>\n\t\t<meta name=\"twitter:data1\" content=\"El Digital de Asturias\" \/>\n\t\t<meta name=\"twitter:label2\" content=\"Tiempo de lectura estimado\" \/>\n\t\t<meta name=\"twitter:data2\" content=\"5 minutos\" \/>\n\t\t<script type=\"application\/ld+json\" class=\"aioseo-schema\">\n\t\t\t{\"@context\":\"https:\\\/\\\/schema.org\",\"@graph\":[{\"@type\":\"BlogPosting\",\"@id\":\"https:\\\/\\\/www.eldigitaldeasturias.com\\\/noticias\\\/la-cumbre-entre-rajoy-y-macri-muestra-una-buena-sintonia-entre-ambos\\\/#blogposting\",\"name\":\"La cumbre entre Rajoy y Macri muestra una buena \\u201csinton\\u00eda\\u201d entre ambos - El Digital de Asturias\",\"headline\":\"La cumbre entre Rajoy y Macri muestra una buena \\u201csinton\\u00eda\\u201d entre ambos\",\"author\":{\"@id\":\"https:\\\/\\\/www.eldigitaldeasturias.com\\\/noticias\\\/author\\\/admin\\\/#author\"},\"publisher\":{\"@id\":\"https:\\\/\\\/www.eldigitaldeasturias.com\\\/noticias\\\/#organization\"},\"image\":{\"@type\":\"ImageObject\",\"url\":950154},\"datePublished\":\"2018-04-11T01:18:16+02:00\",\"dateModified\":\"2018-04-11T01:18:16+02:00\",\"inLanguage\":\"es-ES\",\"mainEntityOfPage\":{\"@id\":\"https:\\\/\\\/www.eldigitaldeasturias.com\\\/noticias\\\/la-cumbre-entre-rajoy-y-macri-muestra-una-buena-sintonia-entre-ambos\\\/#webpage\"},\"isPartOf\":{\"@id\":\"https:\\\/\\\/www.eldigitaldeasturias.com\\\/noticias\\\/la-cumbre-entre-rajoy-y-macri-muestra-una-buena-sintonia-entre-ambos\\\/#webpage\"},\"articleSection\":\"Actualidad\"},{\"@type\":\"BreadcrumbList\",\"@id\":\"https:\\\/\\\/www.eldigitaldeasturias.com\\\/noticias\\\/la-cumbre-entre-rajoy-y-macri-muestra-una-buena-sintonia-entre-ambos\\\/#breadcrumblist\",\"itemListElement\":[{\"@type\":\"ListItem\",\"@id\":\"https:\\\/\\\/www.eldigitaldeasturias.com\\\/noticias#listItem\",\"position\":1,\"name\":\"Home\",\"item\":\"https:\\\/\\\/www.eldigitaldeasturias.com\\\/noticias\",\"nextItem\":{\"@type\":\"ListItem\",\"@id\":\"https:\\\/\\\/www.eldigitaldeasturias.com\\\/noticias\\\/category\\\/actualidad\\\/#listItem\",\"name\":\"Actualidad\"}},{\"@type\":\"ListItem\",\"@id\":\"https:\\\/\\\/www.eldigitaldeasturias.com\\\/noticias\\\/category\\\/actualidad\\\/#listItem\",\"position\":2,\"name\":\"Actualidad\",\"item\":\"https:\\\/\\\/www.eldigitaldeasturias.com\\\/noticias\\\/category\\\/actualidad\\\/\",\"nextItem\":{\"@type\":\"ListItem\",\"@id\":\"https:\\\/\\\/www.eldigitaldeasturias.com\\\/noticias\\\/la-cumbre-entre-rajoy-y-macri-muestra-una-buena-sintonia-entre-ambos\\\/#listItem\",\"name\":\"La cumbre entre Rajoy y Macri muestra una buena \\u201csinton\\u00eda\\u201d entre ambos\"},\"previousItem\":{\"@type\":\"ListItem\",\"@id\":\"https:\\\/\\\/www.eldigitaldeasturias.com\\\/noticias#listItem\",\"name\":\"Home\"}},{\"@type\":\"ListItem\",\"@id\":\"https:\\\/\\\/www.eldigitaldeasturias.com\\\/noticias\\\/la-cumbre-entre-rajoy-y-macri-muestra-una-buena-sintonia-entre-ambos\\\/#listItem\",\"position\":3,\"name\":\"La cumbre entre Rajoy y Macri muestra una buena \\u201csinton\\u00eda\\u201d entre ambos\",\"previousItem\":{\"@type\":\"ListItem\",\"@id\":\"https:\\\/\\\/www.eldigitaldeasturias.com\\\/noticias\\\/category\\\/actualidad\\\/#listItem\",\"name\":\"Actualidad\"}}]},{\"@type\":\"Organization\",\"@id\":\"https:\\\/\\\/www.eldigitaldeasturias.com\\\/noticias\\\/#organization\",\"name\":\"El Digital de Asturias\",\"description\":\"Hemeroteca\",\"url\":\"https:\\\/\\\/www.eldigitaldeasturias.com\\\/noticias\\\/\",\"email\":\"info@eldigitaldeasturias.com\",\"telephone\":\"+34652131393\",\"logo\":{\"@type\":\"ImageObject\",\"url\":\"https:\\\/\\\/www.eldigitaldeasturias.com\\\/noticias\\\/wp-content\\\/uploads\\\/2020\\\/12\\\/EDA.jpg\",\"@id\":\"https:\\\/\\\/www.eldigitaldeasturias.com\\\/noticias\\\/la-cumbre-entre-rajoy-y-macri-muestra-una-buena-sintonia-entre-ambos\\\/#organizationLogo\"},\"image\":{\"@id\":\"https:\\\/\\\/www.eldigitaldeasturias.com\\\/noticias\\\/la-cumbre-entre-rajoy-y-macri-muestra-una-buena-sintonia-entre-ambos\\\/#organizationLogo\"},\"sameAs\":[\"https:\\\/\\\/facebook.com\\\/eldigitaldeasturias\",\"https:\\\/\\\/www.youtube.com\\\/channel\\\/UCZP-2wLEB9Rv6erhFmqVnvg\"],\"address\":{\"@id\":\"https:\\\/\\\/www.eldigitaldeasturias.com\\\/noticias\\\/#postaladdress\",\"@type\":\"PostalAddress\",\"streetAddress\":\"san antonio 4\",\"postalCode\":\"33430\",\"addressLocality\":\"Cand\\u00e1s\",\"addressRegion\":\"Asturias\",\"addressCountry\":\"ES\"}},{\"@type\":\"Person\",\"@id\":\"https:\\\/\\\/www.eldigitaldeasturias.com\\\/noticias\\\/author\\\/admin\\\/#author\",\"url\":\"https:\\\/\\\/www.eldigitaldeasturias.com\\\/noticias\\\/author\\\/admin\\\/\",\"name\":\"El Digital de Asturias\",\"image\":{\"@type\":\"ImageObject\",\"@id\":\"https:\\\/\\\/www.eldigitaldeasturias.com\\\/noticias\\\/la-cumbre-entre-rajoy-y-macri-muestra-una-buena-sintonia-entre-ambos\\\/#authorImage\",\"url\":\"https:\\\/\\\/secure.gravatar.com\\\/avatar\\\/df2aeffc32bcd13f8d26072ef8a91b623d677766deac7f97ca815868cd41bf5e?s=96&d=mm&r=g\",\"width\":96,\"height\":96,\"caption\":\"El Digital de Asturias\"}},{\"@type\":\"WebPage\",\"@id\":\"https:\\\/\\\/www.eldigitaldeasturias.com\\\/noticias\\\/la-cumbre-entre-rajoy-y-macri-muestra-una-buena-sintonia-entre-ambos\\\/#webpage\",\"url\":\"https:\\\/\\\/www.eldigitaldeasturias.com\\\/noticias\\\/la-cumbre-entre-rajoy-y-macri-muestra-una-buena-sintonia-entre-ambos\\\/\",\"name\":\"La cumbre entre Rajoy y Macri muestra una buena \\u201csinton\\u00eda\\u201d entre ambos - El Digital de Asturias\",\"description\":\"Buenos Aires, 10 abr (dpa) - El presidente del Gobierno espa\\u00f1ol, Mariano Rajoy, expres\\u00f3 hoy en Buenos Aires un fuerte apoyo a las reformas econ\\u00f3micas que implementa el centroderechista Mauricio Macri en Argentina y llam\\u00f3 a incrementar las inversiones espa\\u00f1olas en el pa\\u00eds sudamericano. \\\"Estamos en una nueva etapa, probablemente la mejor en much\\u00edsimo tiempo,\",\"inLanguage\":\"es-ES\",\"isPartOf\":{\"@id\":\"https:\\\/\\\/www.eldigitaldeasturias.com\\\/noticias\\\/#website\"},\"breadcrumb\":{\"@id\":\"https:\\\/\\\/www.eldigitaldeasturias.com\\\/noticias\\\/la-cumbre-entre-rajoy-y-macri-muestra-una-buena-sintonia-entre-ambos\\\/#breadcrumblist\"},\"author\":{\"@id\":\"https:\\\/\\\/www.eldigitaldeasturias.com\\\/noticias\\\/author\\\/admin\\\/#author\"},\"creator\":{\"@id\":\"https:\\\/\\\/www.eldigitaldeasturias.com\\\/noticias\\\/author\\\/admin\\\/#author\"},\"image\":{\"@type\":\"ImageObject\",\"url\":950154,\"@id\":\"https:\\\/\\\/www.eldigitaldeasturias.com\\\/noticias\\\/la-cumbre-entre-rajoy-y-macri-muestra-una-buena-sintonia-entre-ambos\\\/#mainImage\"},\"primaryImageOfPage\":{\"@id\":\"https:\\\/\\\/www.eldigitaldeasturias.com\\\/noticias\\\/la-cumbre-entre-rajoy-y-macri-muestra-una-buena-sintonia-entre-ambos\\\/#mainImage\"},\"datePublished\":\"2018-04-11T01:18:16+02:00\",\"dateModified\":\"2018-04-11T01:18:16+02:00\"},{\"@type\":\"WebSite\",\"@id\":\"https:\\\/\\\/www.eldigitaldeasturias.com\\\/noticias\\\/#website\",\"url\":\"https:\\\/\\\/www.eldigitaldeasturias.com\\\/noticias\\\/\",\"name\":\"El Digital de Asturias - Diario de actualidad y noticias\",\"alternateName\":\"El Digital de Asturias - Diario de actualidad y noticias\",\"description\":\"Hemeroteca\",\"inLanguage\":\"es-ES\",\"publisher\":{\"@id\":\"https:\\\/\\\/www.eldigitaldeasturias.com\\\/noticias\\\/#organization\"}}]}\n\t\t<\/script>\n\t\t<!-- All in One SEO Pro -->\r\n\t\t<title>La cumbre entre Rajoy y Macri muestra una buena \u201csinton\u00eda\u201d entre ambos - El Digital de Asturias<\/title>\n\n","aioseo_head_json":{"title":"La cumbre entre Rajoy y Macri muestra una buena \u201csinton\u00eda\u201d entre ambos - El Digital de Asturias","description":"Buenos Aires, 10 abr (dpa) - El presidente del Gobierno espa\u00f1ol, Mariano Rajoy, expres\u00f3 hoy en Buenos Aires un fuerte apoyo a las reformas econ\u00f3micas que implementa el centroderechista Mauricio Macri en Argentina y llam\u00f3 a incrementar las inversiones espa\u00f1olas en el pa\u00eds sudamericano. \"Estamos en una nueva etapa, probablemente la mejor en much\u00edsimo tiempo,","canonical_url":"https:\/\/www.eldigitaldeasturias.com\/noticias\/la-cumbre-entre-rajoy-y-macri-muestra-una-buena-sintonia-entre-ambos\/","robots":"max-image-preview:large","keywords":"actualidad","webmasterTools":{"google-site-verification":"UA-38556648-1","msvalidate.01":"7dfe9f3f1b24437ab69f4f2559babe99","miscellaneous":""},"schema":{"@context":"https:\/\/schema.org","@graph":[{"@type":"BlogPosting","@id":"https:\/\/www.eldigitaldeasturias.com\/noticias\/la-cumbre-entre-rajoy-y-macri-muestra-una-buena-sintonia-entre-ambos\/#blogposting","name":"La cumbre entre Rajoy y Macri muestra una buena \u201csinton\u00eda\u201d entre ambos - El Digital de Asturias","headline":"La cumbre entre Rajoy y Macri muestra una buena \u201csinton\u00eda\u201d entre ambos","author":{"@id":"https:\/\/www.eldigitaldeasturias.com\/noticias\/author\/admin\/#author"},"publisher":{"@id":"https:\/\/www.eldigitaldeasturias.com\/noticias\/#organization"},"image":{"@type":"ImageObject","url":950154},"datePublished":"2018-04-11T01:18:16+02:00","dateModified":"2018-04-11T01:18:16+02:00","inLanguage":"es-ES","mainEntityOfPage":{"@id":"https:\/\/www.eldigitaldeasturias.com\/noticias\/la-cumbre-entre-rajoy-y-macri-muestra-una-buena-sintonia-entre-ambos\/#webpage"},"isPartOf":{"@id":"https:\/\/www.eldigitaldeasturias.com\/noticias\/la-cumbre-entre-rajoy-y-macri-muestra-una-buena-sintonia-entre-ambos\/#webpage"},"articleSection":"Actualidad"},{"@type":"BreadcrumbList","@id":"https:\/\/www.eldigitaldeasturias.com\/noticias\/la-cumbre-entre-rajoy-y-macri-muestra-una-buena-sintonia-entre-ambos\/#breadcrumblist","itemListElement":[{"@type":"ListItem","@id":"https:\/\/www.eldigitaldeasturias.com\/noticias#listItem","position":1,"name":"Home","item":"https:\/\/www.eldigitaldeasturias.com\/noticias","nextItem":{"@type":"ListItem","@id":"https:\/\/www.eldigitaldeasturias.com\/noticias\/category\/actualidad\/#listItem","name":"Actualidad"}},{"@type":"ListItem","@id":"https:\/\/www.eldigitaldeasturias.com\/noticias\/category\/actualidad\/#listItem","position":2,"name":"Actualidad","item":"https:\/\/www.eldigitaldeasturias.com\/noticias\/category\/actualidad\/","nextItem":{"@type":"ListItem","@id":"https:\/\/www.eldigitaldeasturias.com\/noticias\/la-cumbre-entre-rajoy-y-macri-muestra-una-buena-sintonia-entre-ambos\/#listItem","name":"La cumbre entre Rajoy y Macri muestra una buena \u201csinton\u00eda\u201d entre ambos"},"previousItem":{"@type":"ListItem","@id":"https:\/\/www.eldigitaldeasturias.com\/noticias#listItem","name":"Home"}},{"@type":"ListItem","@id":"https:\/\/www.eldigitaldeasturias.com\/noticias\/la-cumbre-entre-rajoy-y-macri-muestra-una-buena-sintonia-entre-ambos\/#listItem","position":3,"name":"La cumbre entre Rajoy y Macri muestra una buena \u201csinton\u00eda\u201d entre ambos","previousItem":{"@type":"ListItem","@id":"https:\/\/www.eldigitaldeasturias.com\/noticias\/category\/actualidad\/#listItem","name":"Actualidad"}}]},{"@type":"Organization","@id":"https:\/\/www.eldigitaldeasturias.com\/noticias\/#organization","name":"El Digital de Asturias","description":"Hemeroteca","url":"https:\/\/www.eldigitaldeasturias.com\/noticias\/","email":"info@eldigitaldeasturias.com","telephone":"+34652131393","logo":{"@type":"ImageObject","url":"https:\/\/www.eldigitaldeasturias.com\/noticias\/wp-content\/uploads\/2020\/12\/EDA.jpg","@id":"https:\/\/www.eldigitaldeasturias.com\/noticias\/la-cumbre-entre-rajoy-y-macri-muestra-una-buena-sintonia-entre-ambos\/#organizationLogo"},"image":{"@id":"https:\/\/www.eldigitaldeasturias.com\/noticias\/la-cumbre-entre-rajoy-y-macri-muestra-una-buena-sintonia-entre-ambos\/#organizationLogo"},"sameAs":["https:\/\/facebook.com\/eldigitaldeasturias","https:\/\/www.youtube.com\/channel\/UCZP-2wLEB9Rv6erhFmqVnvg"],"address":{"@id":"https:\/\/www.eldigitaldeasturias.com\/noticias\/#postaladdress","@type":"PostalAddress","streetAddress":"san antonio 4","postalCode":"33430","addressLocality":"Cand\u00e1s","addressRegion":"Asturias","addressCountry":"ES"}},{"@type":"Person","@id":"https:\/\/www.eldigitaldeasturias.com\/noticias\/author\/admin\/#author","url":"https:\/\/www.eldigitaldeasturias.com\/noticias\/author\/admin\/","name":"El Digital de Asturias","image":{"@type":"ImageObject","@id":"https:\/\/www.eldigitaldeasturias.com\/noticias\/la-cumbre-entre-rajoy-y-macri-muestra-una-buena-sintonia-entre-ambos\/#authorImage","url":"https:\/\/secure.gravatar.com\/avatar\/df2aeffc32bcd13f8d26072ef8a91b623d677766deac7f97ca815868cd41bf5e?s=96&d=mm&r=g","width":96,"height":96,"caption":"El Digital de Asturias"}},{"@type":"WebPage","@id":"https:\/\/www.eldigitaldeasturias.com\/noticias\/la-cumbre-entre-rajoy-y-macri-muestra-una-buena-sintonia-entre-ambos\/#webpage","url":"https:\/\/www.eldigitaldeasturias.com\/noticias\/la-cumbre-entre-rajoy-y-macri-muestra-una-buena-sintonia-entre-ambos\/","name":"La cumbre entre Rajoy y Macri muestra una buena \u201csinton\u00eda\u201d entre ambos - El Digital de Asturias","description":"Buenos Aires, 10 abr (dpa) - El presidente del Gobierno espa\u00f1ol, Mariano Rajoy, expres\u00f3 hoy en Buenos Aires un fuerte apoyo a las reformas econ\u00f3micas que implementa el centroderechista Mauricio Macri en Argentina y llam\u00f3 a incrementar las inversiones espa\u00f1olas en el pa\u00eds sudamericano. \"Estamos en una nueva etapa, probablemente la mejor en much\u00edsimo tiempo,","inLanguage":"es-ES","isPartOf":{"@id":"https:\/\/www.eldigitaldeasturias.com\/noticias\/#website"},"breadcrumb":{"@id":"https:\/\/www.eldigitaldeasturias.com\/noticias\/la-cumbre-entre-rajoy-y-macri-muestra-una-buena-sintonia-entre-ambos\/#breadcrumblist"},"author":{"@id":"https:\/\/www.eldigitaldeasturias.com\/noticias\/author\/admin\/#author"},"creator":{"@id":"https:\/\/www.eldigitaldeasturias.com\/noticias\/author\/admin\/#author"},"image":{"@type":"ImageObject","url":950154,"@id":"https:\/\/www.eldigitaldeasturias.com\/noticias\/la-cumbre-entre-rajoy-y-macri-muestra-una-buena-sintonia-entre-ambos\/#mainImage"},"primaryImageOfPage":{"@id":"https:\/\/www.eldigitaldeasturias.com\/noticias\/la-cumbre-entre-rajoy-y-macri-muestra-una-buena-sintonia-entre-ambos\/#mainImage"},"datePublished":"2018-04-11T01:18:16+02:00","dateModified":"2018-04-11T01:18:16+02:00"},{"@type":"WebSite","@id":"https:\/\/www.eldigitaldeasturias.com\/noticias\/#website","url":"https:\/\/www.eldigitaldeasturias.com\/noticias\/","name":"El Digital de Asturias - Diario de actualidad y noticias","alternateName":"El Digital de Asturias - Diario de actualidad y noticias","description":"Hemeroteca","inLanguage":"es-ES","publisher":{"@id":"https:\/\/www.eldigitaldeasturias.com\/noticias\/#organization"}}]},"og:locale":"es_ES","og:site_name":"El Digital de Asturias","og:type":"article","og:title":"La cumbre entre Rajoy y Macri muestra una buena \u201csinton\u00eda\u201d entre ambos - El Digital de Asturias","og:description":"Buenos Aires, 10 abr (dpa) - El presidente del Gobierno espa\u00f1ol, Mariano Rajoy, expres\u00f3 hoy en Buenos Aires un fuerte apoyo a las reformas econ\u00f3micas que implementa el centroderechista Mauricio Macri en Argentina y llam\u00f3 a incrementar las inversiones espa\u00f1olas en el pa\u00eds sudamericano. &quot;Estamos en una nueva etapa, probablemente la mejor en much\u00edsimo tiempo,","og:url":"https:\/\/www.eldigitaldeasturias.com\/noticias\/la-cumbre-entre-rajoy-y-macri-muestra-una-buena-sintonia-entre-ambos\/","article:tag":["actualidad"],"article:published_time":"2018-04-11T01:18:16+00:00","article:modified_time":"2018-04-11T01:18:16+00:00","article:publisher":"https:\/\/facebook.com\/eldigitaldeasturias","twitter:card":"summary_large_image","twitter:title":"La cumbre entre Rajoy y Macri muestra una buena \u201csinton\u00eda\u201d entre ambos - El Digital de Asturias","twitter:description":"Buenos Aires, 10 abr (dpa) - El presidente del Gobierno espa\u00f1ol, Mariano Rajoy, expres\u00f3 hoy en Buenos Aires un fuerte apoyo a las reformas econ\u00f3micas que implementa el centroderechista Mauricio Macri en Argentina y llam\u00f3 a incrementar las inversiones espa\u00f1olas en el pa\u00eds sudamericano. &quot;Estamos en una nueva etapa, probablemente la mejor en much\u00edsimo tiempo,","twitter:image":"https:\/\/www.eldigitaldeasturias.com\/noticias\/wp-content\/uploads\/2020\/12\/EDA-1.jpg","twitter:label1":"Escrito por","twitter:data1":"El Digital de Asturias","twitter:label2":"Tiempo de lectura estimado","twitter:data2":"5 minutos"},"aioseo_meta_data":{"post_id":"975577","title":null,"description":null,"keywords":null,"keyphrases":null,"primary_term":null,"canonical_url":null,"og_title":null,"og_description":null,"og_object_type":"default","og_image_type":"default","og_image_url":null,"og_image_width":null,"og_image_height":null,"og_image_custom_url":null,"og_image_custom_fields":null,"og_video":null,"og_custom_url":null,"og_article_section":null,"og_article_tags":null,"twitter_use_og":false,"twitter_card":"default","twitter_image_type":"default","twitter_image_url":null,"twitter_image_custom_url":null,"twitter_image_custom_fields":null,"twitter_title":null,"twitter_description":null,"schema":{"blockGraphs":[],"customGraphs":[],"default":{"data":{"Article":[],"Course":[],"Dataset":[],"FAQPage":[],"Movie":[],"Person":[],"Product":[],"ProductReview":[],"Car":[],"Recipe":[],"Service":[],"SoftwareApplication":[],"WebPage":[]},"graphName":"","isEnabled":true},"graphs":[],"defaultGraph":"","defaultPostTypeGraph":""},"schema_type":null,"schema_type_options":null,"pillar_content":false,"robots_default":true,"robots_noindex":false,"robots_noarchive":false,"robots_nosnippet":false,"robots_nofollow":false,"robots_noimageindex":false,"robots_noodp":false,"robots_notranslate":false,"robots_max_snippet":null,"robots_max_videopreview":null,"robots_max_imagepreview":"large","priority":null,"frequency":null,"local_seo":null,"seo_analyzer_scan_date":"2025-10-08 00:27:10","breadcrumb_settings":null,"limit_modified_date":false,"open_ai":null,"ai":null,"created":"2020-12-21 12:10:40","updated":"2025-10-08 00:27:10","focus_keyword":null,"additional_keywords":null,"truseo_locale":null},"aioseo_breadcrumb":"<div class=\"aioseo-breadcrumbs\"><span class=\"aioseo-breadcrumb\">\n\t<a href=\"https:\/\/www.eldigitaldeasturias.com\/noticias\" title=\"Home\">Home<\/a>\n<\/span><span class=\"aioseo-breadcrumb-separator\">\u2013<\/span><span class=\"aioseo-breadcrumb\">\n\t<a href=\"https:\/\/www.eldigitaldeasturias.com\/noticias\/category\/actualidad\/\" title=\"Actualidad\">Actualidad<\/a>\n<\/span><span class=\"aioseo-breadcrumb-separator\">\u2013<\/span><span class=\"aioseo-breadcrumb\">\n\t<a href=\"https:\/\/www.eldigitaldeasturias.com\/noticias\/la-cumbre-entre-rajoy-y-macri-muestra-una-buena-sintonia-entre-ambos\/\" title=\"La cumbre entre Rajoy y Macri muestra una buena \u201csinton\u00eda\u201d entre ambos\">La cumbre entre Rajoy y Macri muestra una buena \u201csinton\u00eda\u201d entre ambos<\/a>\n<\/span><\/div>","aioseo_breadcrumb_json":[{"label":"Home","link":"https:\/\/www.eldigitaldeasturias.com\/noticias"},{"label":"Actualidad","link":"https:\/\/www.eldigitaldeasturias.com\/noticias\/category\/actualidad\/"},{"label":"La cumbre entre Rajoy y Macri muestra una buena \u201csinton\u00eda\u201d entre ambos","link":"https:\/\/www.eldigitaldeasturias.com\/noticias\/la-cumbre-entre-rajoy-y-macri-muestra-una-buena-sintonia-entre-ambos\/"}],"_links":{"self":[{"href":"https:\/\/www.eldigitaldeasturias.com\/noticias\/wp-json\/wp\/v2\/posts\/975577","targetHints":{"allow":["GET"]}}],"collection":[{"href":"https:\/\/www.eldigitaldeasturias.com\/noticias\/wp-json\/wp\/v2\/posts"}],"about":[{"href":"https:\/\/www.eldigitaldeasturias.com\/noticias\/wp-json\/wp\/v2\/types\/post"}],"author":[{"embeddable":true,"href":"https:\/\/www.eldigitaldeasturias.com\/noticias\/wp-json\/wp\/v2\/users\/1"}],"replies":[{"embeddable":true,"href":"https:\/\/www.eldigitaldeasturias.com\/noticias\/wp-json\/wp\/v2\/comments?post=975577"}],"version-history":[{"count":0,"href":"https:\/\/www.eldigitaldeasturias.com\/noticias\/wp-json\/wp\/v2\/posts\/975577\/revisions"}],"wp:attachment":[{"href":"https:\/\/www.eldigitaldeasturias.com\/noticias\/wp-json\/wp\/v2\/media?parent=975577"}],"wp:term":[{"taxonomy":"category","embeddable":true,"href":"https:\/\/www.eldigitaldeasturias.com\/noticias\/wp-json\/wp\/v2\/categories?post=975577"},{"taxonomy":"post_tag","embeddable":true,"href":"https:\/\/www.eldigitaldeasturias.com\/noticias\/wp-json\/wp\/v2\/tags?post=975577"}],"curies":[{"name":"wp","href":"https:\/\/api.w.org\/{rel}","templated":true}]}}