{"id":975553,"date":"2018-04-11T00:00:01","date_gmt":"2018-04-11T00:00:01","guid":{"rendered":"http:\/\/www.eldigitaldeasturias.com\/noticias\/?p=975553"},"modified":"2018-04-11T00:00:01","modified_gmt":"2018-04-11T00:00:01","slug":"personalidades-de-todos-los-ambitos-recogen-firmas-con-la-merp","status":"publish","type":"post","link":"https:\/\/www.eldigitaldeasturias.com\/noticias\/personalidades-de-todos-los-ambitos-recogen-firmas-con-la-merp\/","title":{"rendered":"Personalidades de todos los \u00e1mbitos recogen firmas con la MERP"},"content":{"rendered":"<p><img loading=\"lazy\" decoding=\"async\" class=\"alignleft size-medium wp-image-975554\" src=\"https:\/\/www.eldigitaldeasturias.com\/noticias\/wp-content\/uploads\/2018\/04\/Mar\u00eda-Botto-360x209.jpg\" alt=\"\" width=\"360\" height=\"209\" \/>La campa\u00f1a se ha iniciado con una mesa en la Plaza Callao a la que han acudido representantes de 20 organizaciones de la MERP, y promotores de la plataforma como el fundador de la Organizaci\u00f3n Nacional de Trasplantes, Rafael Matesanz, Fernando Colomo, Agust\u00edn D\u00edaz Yanes, Ferm\u00edn Cabal, Manuel Rico, Julieta Serrano o Mar\u00eda Botto. Tanto las personalidades asistentes como los representantes de las distintas organizaciones han recogido firmas bajo la lluvia, paraguas en mano. En las primeras 2 horas ya se hab\u00edan recogido m\u00e1s de mil firmas. Ante la convocatoria de la MERP a trav\u00e9s de los medios, han acudido ciudadanos de todos los rincones de la comunidad madrile\u00f1a.<\/p>\n<p>Simult\u00e1neamente se pon\u00edan en marcha mesas en Vigo, Santiago de Compostela, Gij\u00f3n, Oviedo, Bilbao, Barcelona, Zaragoza, Murcia, Valencia, Santa Cruz de Tenerife, Las Palmas, Sevilla, M\u00e1laga, Ja\u00e9n\u2026 70 poblaciones y las plantillas de m\u00e1s de 50 empresas han participado hoy en la recogida de firmas.<\/p>\n<p>Hoy martes, segundo d\u00eda de la campa\u00f1a, a las mesas que buena parte de las 250 organizaciones de la MERP est\u00e1n montando por todo el pa\u00eds, se sumar\u00e1 adem\u00e1s una mesa frente al Congreso, que desde las 11 de la ma\u00f1ana invitar\u00e1 a los diputados a acercarse y firmar, a t\u00edtulo personal, por el blindaje constitucional de las pensiones, as\u00ed como a los trabajadores de Parlamento. En esa mesa, y a partir de las 12 de la ma\u00f1ana estar\u00e1 el diputado y portavoz de Comprom\u00eds, Joan Baldov\u00ed, que es firmante del manifiesto de la MERP y el primer diputado que ha defendido el blindaje constitucional de las pensiones desde la tribuna del Congreso.<\/p>\n<p>Hoy mismo, tendr\u00e1n lugar tambi\u00e9n dos mesas de los pensionistas del futuro. En Zaragoza y Valencia se reunir\u00e1n casi 20 j\u00f3venes menores de 25 a\u00f1os, en sendas mesas de recogida de firmas junto a la Universidad de Zaragoza, y el IES Lluis Vives de Valencia.<\/p>\n<p>En la tercera jornada, tendr\u00e1 lugar una mesa organizada en el madrile\u00f1o barrio de Lavapi\u00e9s por la Fundaci\u00f3n 26 de diciembre, en defensa de los derechos de los pensionistas del movimiento LGTBI, la participaci\u00f3n de organizaciones del movimiento feminista, representando a las mujeres que son quienes peores condiciones sufren entre los pensionistas, y la participaci\u00f3n del mayor n\u00famero de mesas de esta campa\u00f1a. Solo en el primer d\u00eda, la MERP ha recibido decenas de peticiones de todo el pa\u00eds para montar mesas de recogida de firmas en muchas poblaciones m\u00e1s de las 400 previstas<\/p>\n","protected":false},"excerpt":{"rendered":"<p>La campa\u00f1a se ha iniciado con una mesa en la Plaza Callao a la que han acudido representantes de 20 organizaciones de la MERP, y promotores de la plataforma como el fundador de la Organizaci\u00f3n Nacional de Trasplantes, Rafael Matesanz, Fernando Colomo, Agust\u00edn D\u00edaz Yanes, Ferm\u00edn Cabal, Manuel Rico, Julieta Serrano o Mar\u00eda Botto. Tanto [&hellip;]<\/p>\n","protected":false},"author":1,"featured_media":975554,"comment_status":"closed","ping_status":"closed","sticky":false,"template":"","format":"standard","meta":{"footnotes":""},"categories":[1],"tags":[],"class_list":["post-975553","post","type-post","status-publish","format-standard","has-post-thumbnail","hentry","category-actualidad"],"aioseo_notices":[],"aioseo_head":"\n\t\t<!-- All in One SEO Pro 5.0.1 - aioseo.com -->\n\t<meta name=\"description\" content=\"La campa\u00f1a se ha iniciado con una mesa en la Plaza Callao a la que han acudido representantes de 20 organizaciones de la MERP, y promotores de la plataforma como el fundador de la Organizaci\u00f3n Nacional de Trasplantes, Rafael Matesanz, Fernando Colomo, Agust\u00edn D\u00edaz Yanes, Ferm\u00edn Cabal, Manuel Rico, Julieta Serrano o Mar\u00eda Botto. Tanto\" \/>\n\t<meta name=\"robots\" content=\"max-image-preview:large\" \/>\n\t<meta name=\"author\" content=\"El Digital de Asturias\"\/>\n\t<meta name=\"google-site-verification\" content=\"UA-38556648-1\" \/>\n\t<meta name=\"msvalidate.01\" content=\"7dfe9f3f1b24437ab69f4f2559babe99\" \/>\n\t<meta name=\"keywords\" content=\"actualidad\" \/>\n\t<link rel=\"canonical\" href=\"https:\/\/www.eldigitaldeasturias.com\/noticias\/personalidades-de-todos-los-ambitos-recogen-firmas-con-la-merp\/\" \/>\n\t<meta name=\"generator\" content=\"All in One SEO Pro (AIOSEO) 5.0.1\" \/>\n\t\t<meta property=\"og:locale\" content=\"es_ES\" \/>\n\t\t<meta property=\"og:site_name\" content=\"El Digital de Asturias\" \/>\n\t\t<meta property=\"og:type\" content=\"article\" \/>\n\t\t<meta property=\"og:title\" content=\"Personalidades de todos los \u00e1mbitos recogen firmas con la MERP - El Digital de Asturias\" \/>\n\t\t<meta property=\"og:description\" content=\"La campa\u00f1a se ha iniciado con una mesa en la Plaza Callao a la que han acudido representantes de 20 organizaciones de la MERP, y promotores de la plataforma como el fundador de la Organizaci\u00f3n Nacional de Trasplantes, Rafael Matesanz, Fernando Colomo, Agust\u00edn D\u00edaz Yanes, Ferm\u00edn Cabal, Manuel Rico, Julieta Serrano o Mar\u00eda Botto. Tanto\" \/>\n\t\t<meta property=\"og:url\" content=\"https:\/\/www.eldigitaldeasturias.com\/noticias\/personalidades-de-todos-los-ambitos-recogen-firmas-con-la-merp\/\" \/>\n\t\t<meta property=\"article:tag\" content=\"actualidad\" \/>\n\t\t<meta property=\"article:published_time\" content=\"2018-04-11T00:00:01+00:00\" \/>\n\t\t<meta property=\"article:modified_time\" content=\"2018-04-11T00:00:01+00:00\" \/>\n\t\t<meta property=\"article:publisher\" content=\"https:\/\/facebook.com\/eldigitaldeasturias\" \/>\n\t\t<meta name=\"twitter:card\" content=\"summary_large_image\" \/>\n\t\t<meta name=\"twitter:title\" content=\"Personalidades de todos los \u00e1mbitos recogen firmas con la MERP - El Digital de Asturias\" \/>\n\t\t<meta name=\"twitter:description\" content=\"La campa\u00f1a se ha iniciado con una mesa en la Plaza Callao a la que han acudido representantes de 20 organizaciones de la MERP, y promotores de la plataforma como el fundador de la Organizaci\u00f3n Nacional de Trasplantes, Rafael Matesanz, Fernando Colomo, Agust\u00edn D\u00edaz Yanes, Ferm\u00edn Cabal, Manuel Rico, Julieta Serrano o Mar\u00eda Botto. Tanto\" \/>\n\t\t<meta name=\"twitter:image\" content=\"https:\/\/www.eldigitaldeasturias.com\/noticias\/wp-content\/uploads\/2020\/12\/EDA-1.jpg\" \/>\n\t\t<meta name=\"twitter:label1\" content=\"Escrito por\" \/>\n\t\t<meta name=\"twitter:data1\" content=\"El Digital de Asturias\" \/>\n\t\t<meta name=\"twitter:label2\" content=\"Tiempo de lectura estimado\" \/>\n\t\t<meta name=\"twitter:data2\" content=\"2 minutos\" \/>\n\t\t<script type=\"application\/ld+json\" class=\"aioseo-schema\">\n\t\t\t{\"@context\":\"https:\\\/\\\/schema.org\",\"@graph\":[{\"@type\":\"BlogPosting\",\"@id\":\"https:\\\/\\\/www.eldigitaldeasturias.com\\\/noticias\\\/personalidades-de-todos-los-ambitos-recogen-firmas-con-la-merp\\\/#blogposting\",\"name\":\"Personalidades de todos los \\u00e1mbitos recogen firmas con la MERP - El Digital de Asturias\",\"headline\":\"Personalidades de todos los \\u00e1mbitos recogen firmas con la MERP\",\"author\":{\"@id\":\"https:\\\/\\\/www.eldigitaldeasturias.com\\\/noticias\\\/author\\\/admin\\\/#author\"},\"publisher\":{\"@id\":\"https:\\\/\\\/www.eldigitaldeasturias.com\\\/noticias\\\/#organization\"},\"image\":{\"@type\":\"ImageObject\",\"url\":975554},\"datePublished\":\"2018-04-11T00:00:01+02:00\",\"dateModified\":\"2018-04-11T00:00:01+02:00\",\"inLanguage\":\"es-ES\",\"mainEntityOfPage\":{\"@id\":\"https:\\\/\\\/www.eldigitaldeasturias.com\\\/noticias\\\/personalidades-de-todos-los-ambitos-recogen-firmas-con-la-merp\\\/#webpage\"},\"isPartOf\":{\"@id\":\"https:\\\/\\\/www.eldigitaldeasturias.com\\\/noticias\\\/personalidades-de-todos-los-ambitos-recogen-firmas-con-la-merp\\\/#webpage\"},\"articleSection\":\"Actualidad\"},{\"@type\":\"BreadcrumbList\",\"@id\":\"https:\\\/\\\/www.eldigitaldeasturias.com\\\/noticias\\\/personalidades-de-todos-los-ambitos-recogen-firmas-con-la-merp\\\/#breadcrumblist\",\"itemListElement\":[{\"@type\":\"ListItem\",\"@id\":\"https:\\\/\\\/www.eldigitaldeasturias.com\\\/noticias#listItem\",\"position\":1,\"name\":\"Home\",\"item\":\"https:\\\/\\\/www.eldigitaldeasturias.com\\\/noticias\",\"nextItem\":{\"@type\":\"ListItem\",\"@id\":\"https:\\\/\\\/www.eldigitaldeasturias.com\\\/noticias\\\/category\\\/actualidad\\\/#listItem\",\"name\":\"Actualidad\"}},{\"@type\":\"ListItem\",\"@id\":\"https:\\\/\\\/www.eldigitaldeasturias.com\\\/noticias\\\/category\\\/actualidad\\\/#listItem\",\"position\":2,\"name\":\"Actualidad\",\"item\":\"https:\\\/\\\/www.eldigitaldeasturias.com\\\/noticias\\\/category\\\/actualidad\\\/\",\"nextItem\":{\"@type\":\"ListItem\",\"@id\":\"https:\\\/\\\/www.eldigitaldeasturias.com\\\/noticias\\\/personalidades-de-todos-los-ambitos-recogen-firmas-con-la-merp\\\/#listItem\",\"name\":\"Personalidades de todos los \\u00e1mbitos recogen firmas con la MERP\"},\"previousItem\":{\"@type\":\"ListItem\",\"@id\":\"https:\\\/\\\/www.eldigitaldeasturias.com\\\/noticias#listItem\",\"name\":\"Home\"}},{\"@type\":\"ListItem\",\"@id\":\"https:\\\/\\\/www.eldigitaldeasturias.com\\\/noticias\\\/personalidades-de-todos-los-ambitos-recogen-firmas-con-la-merp\\\/#listItem\",\"position\":3,\"name\":\"Personalidades de todos los \\u00e1mbitos recogen firmas con la MERP\",\"previousItem\":{\"@type\":\"ListItem\",\"@id\":\"https:\\\/\\\/www.eldigitaldeasturias.com\\\/noticias\\\/category\\\/actualidad\\\/#listItem\",\"name\":\"Actualidad\"}}]},{\"@type\":\"Organization\",\"@id\":\"https:\\\/\\\/www.eldigitaldeasturias.com\\\/noticias\\\/#organization\",\"name\":\"El Digital de Asturias\",\"description\":\"Hemeroteca\",\"url\":\"https:\\\/\\\/www.eldigitaldeasturias.com\\\/noticias\\\/\",\"email\":\"info@eldigitaldeasturias.com\",\"telephone\":\"+34652131393\",\"logo\":{\"@type\":\"ImageObject\",\"url\":\"https:\\\/\\\/www.eldigitaldeasturias.com\\\/noticias\\\/wp-content\\\/uploads\\\/2020\\\/12\\\/EDA.jpg\",\"@id\":\"https:\\\/\\\/www.eldigitaldeasturias.com\\\/noticias\\\/personalidades-de-todos-los-ambitos-recogen-firmas-con-la-merp\\\/#organizationLogo\"},\"image\":{\"@id\":\"https:\\\/\\\/www.eldigitaldeasturias.com\\\/noticias\\\/personalidades-de-todos-los-ambitos-recogen-firmas-con-la-merp\\\/#organizationLogo\"},\"sameAs\":[\"https:\\\/\\\/facebook.com\\\/eldigitaldeasturias\",\"https:\\\/\\\/www.youtube.com\\\/channel\\\/UCZP-2wLEB9Rv6erhFmqVnvg\"],\"address\":{\"@id\":\"https:\\\/\\\/www.eldigitaldeasturias.com\\\/noticias\\\/#postaladdress\",\"@type\":\"PostalAddress\",\"streetAddress\":\"san antonio 4\",\"postalCode\":\"33430\",\"addressLocality\":\"Cand\\u00e1s\",\"addressRegion\":\"Asturias\",\"addressCountry\":\"ES\"}},{\"@type\":\"Person\",\"@id\":\"https:\\\/\\\/www.eldigitaldeasturias.com\\\/noticias\\\/author\\\/admin\\\/#author\",\"url\":\"https:\\\/\\\/www.eldigitaldeasturias.com\\\/noticias\\\/author\\\/admin\\\/\",\"name\":\"El Digital de Asturias\",\"image\":{\"@type\":\"ImageObject\",\"@id\":\"https:\\\/\\\/www.eldigitaldeasturias.com\\\/noticias\\\/personalidades-de-todos-los-ambitos-recogen-firmas-con-la-merp\\\/#authorImage\",\"url\":\"https:\\\/\\\/secure.gravatar.com\\\/avatar\\\/df2aeffc32bcd13f8d26072ef8a91b623d677766deac7f97ca815868cd41bf5e?s=96&d=mm&r=g\",\"width\":96,\"height\":96,\"caption\":\"El Digital de Asturias\"}},{\"@type\":\"WebPage\",\"@id\":\"https:\\\/\\\/www.eldigitaldeasturias.com\\\/noticias\\\/personalidades-de-todos-los-ambitos-recogen-firmas-con-la-merp\\\/#webpage\",\"url\":\"https:\\\/\\\/www.eldigitaldeasturias.com\\\/noticias\\\/personalidades-de-todos-los-ambitos-recogen-firmas-con-la-merp\\\/\",\"name\":\"Personalidades de todos los \\u00e1mbitos recogen firmas con la MERP - El Digital de Asturias\",\"description\":\"La campa\\u00f1a se ha iniciado con una mesa en la Plaza Callao a la que han acudido representantes de 20 organizaciones de la MERP, y promotores de la plataforma como el fundador de la Organizaci\\u00f3n Nacional de Trasplantes, Rafael Matesanz, Fernando Colomo, Agust\\u00edn D\\u00edaz Yanes, Ferm\\u00edn Cabal, Manuel Rico, Julieta Serrano o Mar\\u00eda Botto. Tanto\",\"inLanguage\":\"es-ES\",\"isPartOf\":{\"@id\":\"https:\\\/\\\/www.eldigitaldeasturias.com\\\/noticias\\\/#website\"},\"breadcrumb\":{\"@id\":\"https:\\\/\\\/www.eldigitaldeasturias.com\\\/noticias\\\/personalidades-de-todos-los-ambitos-recogen-firmas-con-la-merp\\\/#breadcrumblist\"},\"author\":{\"@id\":\"https:\\\/\\\/www.eldigitaldeasturias.com\\\/noticias\\\/author\\\/admin\\\/#author\"},\"creator\":{\"@id\":\"https:\\\/\\\/www.eldigitaldeasturias.com\\\/noticias\\\/author\\\/admin\\\/#author\"},\"image\":{\"@type\":\"ImageObject\",\"url\":975554,\"@id\":\"https:\\\/\\\/www.eldigitaldeasturias.com\\\/noticias\\\/personalidades-de-todos-los-ambitos-recogen-firmas-con-la-merp\\\/#mainImage\"},\"primaryImageOfPage\":{\"@id\":\"https:\\\/\\\/www.eldigitaldeasturias.com\\\/noticias\\\/personalidades-de-todos-los-ambitos-recogen-firmas-con-la-merp\\\/#mainImage\"},\"datePublished\":\"2018-04-11T00:00:01+02:00\",\"dateModified\":\"2018-04-11T00:00:01+02:00\"},{\"@type\":\"WebSite\",\"@id\":\"https:\\\/\\\/www.eldigitaldeasturias.com\\\/noticias\\\/#website\",\"url\":\"https:\\\/\\\/www.eldigitaldeasturias.com\\\/noticias\\\/\",\"name\":\"El Digital de Asturias - Diario de actualidad y noticias\",\"alternateName\":\"El Digital de Asturias - Diario de actualidad y noticias\",\"description\":\"Hemeroteca\",\"inLanguage\":\"es-ES\",\"publisher\":{\"@id\":\"https:\\\/\\\/www.eldigitaldeasturias.com\\\/noticias\\\/#organization\"}}]}\n\t\t<\/script>\n\t\t<!-- All in One SEO Pro -->\r\n\t\t<title>Personalidades de todos los \u00e1mbitos recogen firmas con la MERP - El Digital de Asturias<\/title>\n\n","aioseo_head_json":{"title":"Personalidades de todos los \u00e1mbitos recogen firmas con la MERP - El Digital de Asturias","description":"La campa\u00f1a se ha iniciado con una mesa en la Plaza Callao a la que han acudido representantes de 20 organizaciones de la MERP, y promotores de la plataforma como el fundador de la Organizaci\u00f3n Nacional de Trasplantes, Rafael Matesanz, Fernando Colomo, Agust\u00edn D\u00edaz Yanes, Ferm\u00edn Cabal, Manuel Rico, Julieta Serrano o Mar\u00eda Botto. Tanto","canonical_url":"https:\/\/www.eldigitaldeasturias.com\/noticias\/personalidades-de-todos-los-ambitos-recogen-firmas-con-la-merp\/","robots":"max-image-preview:large","keywords":"actualidad","webmasterTools":{"google-site-verification":"UA-38556648-1","msvalidate.01":"7dfe9f3f1b24437ab69f4f2559babe99","miscellaneous":""},"schema":{"@context":"https:\/\/schema.org","@graph":[{"@type":"BlogPosting","@id":"https:\/\/www.eldigitaldeasturias.com\/noticias\/personalidades-de-todos-los-ambitos-recogen-firmas-con-la-merp\/#blogposting","name":"Personalidades de todos los \u00e1mbitos recogen firmas con la MERP - El Digital de Asturias","headline":"Personalidades de todos los \u00e1mbitos recogen firmas con la MERP","author":{"@id":"https:\/\/www.eldigitaldeasturias.com\/noticias\/author\/admin\/#author"},"publisher":{"@id":"https:\/\/www.eldigitaldeasturias.com\/noticias\/#organization"},"image":{"@type":"ImageObject","url":975554},"datePublished":"2018-04-11T00:00:01+02:00","dateModified":"2018-04-11T00:00:01+02:00","inLanguage":"es-ES","mainEntityOfPage":{"@id":"https:\/\/www.eldigitaldeasturias.com\/noticias\/personalidades-de-todos-los-ambitos-recogen-firmas-con-la-merp\/#webpage"},"isPartOf":{"@id":"https:\/\/www.eldigitaldeasturias.com\/noticias\/personalidades-de-todos-los-ambitos-recogen-firmas-con-la-merp\/#webpage"},"articleSection":"Actualidad"},{"@type":"BreadcrumbList","@id":"https:\/\/www.eldigitaldeasturias.com\/noticias\/personalidades-de-todos-los-ambitos-recogen-firmas-con-la-merp\/#breadcrumblist","itemListElement":[{"@type":"ListItem","@id":"https:\/\/www.eldigitaldeasturias.com\/noticias#listItem","position":1,"name":"Home","item":"https:\/\/www.eldigitaldeasturias.com\/noticias","nextItem":{"@type":"ListItem","@id":"https:\/\/www.eldigitaldeasturias.com\/noticias\/category\/actualidad\/#listItem","name":"Actualidad"}},{"@type":"ListItem","@id":"https:\/\/www.eldigitaldeasturias.com\/noticias\/category\/actualidad\/#listItem","position":2,"name":"Actualidad","item":"https:\/\/www.eldigitaldeasturias.com\/noticias\/category\/actualidad\/","nextItem":{"@type":"ListItem","@id":"https:\/\/www.eldigitaldeasturias.com\/noticias\/personalidades-de-todos-los-ambitos-recogen-firmas-con-la-merp\/#listItem","name":"Personalidades de todos los \u00e1mbitos recogen firmas con la MERP"},"previousItem":{"@type":"ListItem","@id":"https:\/\/www.eldigitaldeasturias.com\/noticias#listItem","name":"Home"}},{"@type":"ListItem","@id":"https:\/\/www.eldigitaldeasturias.com\/noticias\/personalidades-de-todos-los-ambitos-recogen-firmas-con-la-merp\/#listItem","position":3,"name":"Personalidades de todos los \u00e1mbitos recogen firmas con la MERP","previousItem":{"@type":"ListItem","@id":"https:\/\/www.eldigitaldeasturias.com\/noticias\/category\/actualidad\/#listItem","name":"Actualidad"}}]},{"@type":"Organization","@id":"https:\/\/www.eldigitaldeasturias.com\/noticias\/#organization","name":"El Digital de Asturias","description":"Hemeroteca","url":"https:\/\/www.eldigitaldeasturias.com\/noticias\/","email":"info@eldigitaldeasturias.com","telephone":"+34652131393","logo":{"@type":"ImageObject","url":"https:\/\/www.eldigitaldeasturias.com\/noticias\/wp-content\/uploads\/2020\/12\/EDA.jpg","@id":"https:\/\/www.eldigitaldeasturias.com\/noticias\/personalidades-de-todos-los-ambitos-recogen-firmas-con-la-merp\/#organizationLogo"},"image":{"@id":"https:\/\/www.eldigitaldeasturias.com\/noticias\/personalidades-de-todos-los-ambitos-recogen-firmas-con-la-merp\/#organizationLogo"},"sameAs":["https:\/\/facebook.com\/eldigitaldeasturias","https:\/\/www.youtube.com\/channel\/UCZP-2wLEB9Rv6erhFmqVnvg"],"address":{"@id":"https:\/\/www.eldigitaldeasturias.com\/noticias\/#postaladdress","@type":"PostalAddress","streetAddress":"san antonio 4","postalCode":"33430","addressLocality":"Cand\u00e1s","addressRegion":"Asturias","addressCountry":"ES"}},{"@type":"Person","@id":"https:\/\/www.eldigitaldeasturias.com\/noticias\/author\/admin\/#author","url":"https:\/\/www.eldigitaldeasturias.com\/noticias\/author\/admin\/","name":"El Digital de Asturias","image":{"@type":"ImageObject","@id":"https:\/\/www.eldigitaldeasturias.com\/noticias\/personalidades-de-todos-los-ambitos-recogen-firmas-con-la-merp\/#authorImage","url":"https:\/\/secure.gravatar.com\/avatar\/df2aeffc32bcd13f8d26072ef8a91b623d677766deac7f97ca815868cd41bf5e?s=96&d=mm&r=g","width":96,"height":96,"caption":"El Digital de Asturias"}},{"@type":"WebPage","@id":"https:\/\/www.eldigitaldeasturias.com\/noticias\/personalidades-de-todos-los-ambitos-recogen-firmas-con-la-merp\/#webpage","url":"https:\/\/www.eldigitaldeasturias.com\/noticias\/personalidades-de-todos-los-ambitos-recogen-firmas-con-la-merp\/","name":"Personalidades de todos los \u00e1mbitos recogen firmas con la MERP - El Digital de Asturias","description":"La campa\u00f1a se ha iniciado con una mesa en la Plaza Callao a la que han acudido representantes de 20 organizaciones de la MERP, y promotores de la plataforma como el fundador de la Organizaci\u00f3n Nacional de Trasplantes, Rafael Matesanz, Fernando Colomo, Agust\u00edn D\u00edaz Yanes, Ferm\u00edn Cabal, Manuel Rico, Julieta Serrano o Mar\u00eda Botto. Tanto","inLanguage":"es-ES","isPartOf":{"@id":"https:\/\/www.eldigitaldeasturias.com\/noticias\/#website"},"breadcrumb":{"@id":"https:\/\/www.eldigitaldeasturias.com\/noticias\/personalidades-de-todos-los-ambitos-recogen-firmas-con-la-merp\/#breadcrumblist"},"author":{"@id":"https:\/\/www.eldigitaldeasturias.com\/noticias\/author\/admin\/#author"},"creator":{"@id":"https:\/\/www.eldigitaldeasturias.com\/noticias\/author\/admin\/#author"},"image":{"@type":"ImageObject","url":975554,"@id":"https:\/\/www.eldigitaldeasturias.com\/noticias\/personalidades-de-todos-los-ambitos-recogen-firmas-con-la-merp\/#mainImage"},"primaryImageOfPage":{"@id":"https:\/\/www.eldigitaldeasturias.com\/noticias\/personalidades-de-todos-los-ambitos-recogen-firmas-con-la-merp\/#mainImage"},"datePublished":"2018-04-11T00:00:01+02:00","dateModified":"2018-04-11T00:00:01+02:00"},{"@type":"WebSite","@id":"https:\/\/www.eldigitaldeasturias.com\/noticias\/#website","url":"https:\/\/www.eldigitaldeasturias.com\/noticias\/","name":"El Digital de Asturias - Diario de actualidad y noticias","alternateName":"El Digital de Asturias - Diario de actualidad y noticias","description":"Hemeroteca","inLanguage":"es-ES","publisher":{"@id":"https:\/\/www.eldigitaldeasturias.com\/noticias\/#organization"}}]},"og:locale":"es_ES","og:site_name":"El Digital de Asturias","og:type":"article","og:title":"Personalidades de todos los \u00e1mbitos recogen firmas con la MERP - El Digital de Asturias","og:description":"La campa\u00f1a se ha iniciado con una mesa en la Plaza Callao a la que han acudido representantes de 20 organizaciones de la MERP, y promotores de la plataforma como el fundador de la Organizaci\u00f3n Nacional de Trasplantes, Rafael Matesanz, Fernando Colomo, Agust\u00edn D\u00edaz Yanes, Ferm\u00edn Cabal, Manuel Rico, Julieta Serrano o Mar\u00eda Botto. Tanto","og:url":"https:\/\/www.eldigitaldeasturias.com\/noticias\/personalidades-de-todos-los-ambitos-recogen-firmas-con-la-merp\/","article:tag":["actualidad"],"article:published_time":"2018-04-11T00:00:01+00:00","article:modified_time":"2018-04-11T00:00:01+00:00","article:publisher":"https:\/\/facebook.com\/eldigitaldeasturias","twitter:card":"summary_large_image","twitter:title":"Personalidades de todos los \u00e1mbitos recogen firmas con la MERP - El Digital de Asturias","twitter:description":"La campa\u00f1a se ha iniciado con una mesa en la Plaza Callao a la que han acudido representantes de 20 organizaciones de la MERP, y promotores de la plataforma como el fundador de la Organizaci\u00f3n Nacional de Trasplantes, Rafael Matesanz, Fernando Colomo, Agust\u00edn D\u00edaz Yanes, Ferm\u00edn Cabal, Manuel Rico, Julieta Serrano o Mar\u00eda Botto. Tanto","twitter:image":"https:\/\/www.eldigitaldeasturias.com\/noticias\/wp-content\/uploads\/2020\/12\/EDA-1.jpg","twitter:label1":"Escrito por","twitter:data1":"El Digital de Asturias","twitter:label2":"Tiempo de lectura estimado","twitter:data2":"2 minutos"},"aioseo_meta_data":{"post_id":"975553","title":null,"description":null,"keywords":null,"keyphrases":null,"primary_term":null,"canonical_url":null,"og_title":null,"og_description":null,"og_object_type":"default","og_image_type":"default","og_image_url":null,"og_image_width":null,"og_image_height":null,"og_image_custom_url":null,"og_image_custom_fields":null,"og_video":null,"og_custom_url":null,"og_article_section":null,"og_article_tags":null,"twitter_use_og":false,"twitter_card":"default","twitter_image_type":"default","twitter_image_url":null,"twitter_image_custom_url":null,"twitter_image_custom_fields":null,"twitter_title":null,"twitter_description":null,"schema":{"blockGraphs":[],"customGraphs":[],"default":{"data":{"Article":[],"Course":[],"Dataset":[],"FAQPage":[],"Movie":[],"Person":[],"Product":[],"ProductReview":[],"Car":[],"Recipe":[],"Service":[],"SoftwareApplication":[],"WebPage":[]},"graphName":"","isEnabled":true},"graphs":[],"defaultGraph":"","defaultPostTypeGraph":""},"schema_type":null,"schema_type_options":null,"pillar_content":false,"robots_default":true,"robots_noindex":false,"robots_noarchive":false,"robots_nosnippet":false,"robots_nofollow":false,"robots_noimageindex":false,"robots_noodp":false,"robots_notranslate":false,"robots_max_snippet":null,"robots_max_videopreview":null,"robots_max_imagepreview":"large","priority":null,"frequency":null,"local_seo":null,"seo_analyzer_scan_date":"2025-10-08 00:22:56","breadcrumb_settings":null,"limit_modified_date":false,"open_ai":null,"ai":null,"created":"2020-12-21 12:10:40","updated":"2025-10-08 00:22:56","focus_keyword":null,"additional_keywords":null,"truseo_locale":null},"aioseo_breadcrumb":"<div class=\"aioseo-breadcrumbs\"><span class=\"aioseo-breadcrumb\">\n\t<a href=\"https:\/\/www.eldigitaldeasturias.com\/noticias\" title=\"Home\">Home<\/a>\n<\/span><span class=\"aioseo-breadcrumb-separator\">\u2013<\/span><span class=\"aioseo-breadcrumb\">\n\t<a href=\"https:\/\/www.eldigitaldeasturias.com\/noticias\/category\/actualidad\/\" title=\"Actualidad\">Actualidad<\/a>\n<\/span><span class=\"aioseo-breadcrumb-separator\">\u2013<\/span><span class=\"aioseo-breadcrumb\">\n\t<a href=\"https:\/\/www.eldigitaldeasturias.com\/noticias\/personalidades-de-todos-los-ambitos-recogen-firmas-con-la-merp\/\" title=\"Personalidades de todos los \u00e1mbitos recogen firmas con la MERP\">Personalidades de todos los \u00e1mbitos recogen firmas con la MERP<\/a>\n<\/span><\/div>","aioseo_breadcrumb_json":[{"label":"Home","link":"https:\/\/www.eldigitaldeasturias.com\/noticias"},{"label":"Actualidad","link":"https:\/\/www.eldigitaldeasturias.com\/noticias\/category\/actualidad\/"},{"label":"Personalidades de todos los \u00e1mbitos recogen firmas con la MERP","link":"https:\/\/www.eldigitaldeasturias.com\/noticias\/personalidades-de-todos-los-ambitos-recogen-firmas-con-la-merp\/"}],"_links":{"self":[{"href":"https:\/\/www.eldigitaldeasturias.com\/noticias\/wp-json\/wp\/v2\/posts\/975553","targetHints":{"allow":["GET"]}}],"collection":[{"href":"https:\/\/www.eldigitaldeasturias.com\/noticias\/wp-json\/wp\/v2\/posts"}],"about":[{"href":"https:\/\/www.eldigitaldeasturias.com\/noticias\/wp-json\/wp\/v2\/types\/post"}],"author":[{"embeddable":true,"href":"https:\/\/www.eldigitaldeasturias.com\/noticias\/wp-json\/wp\/v2\/users\/1"}],"replies":[{"embeddable":true,"href":"https:\/\/www.eldigitaldeasturias.com\/noticias\/wp-json\/wp\/v2\/comments?post=975553"}],"version-history":[{"count":0,"href":"https:\/\/www.eldigitaldeasturias.com\/noticias\/wp-json\/wp\/v2\/posts\/975553\/revisions"}],"wp:attachment":[{"href":"https:\/\/www.eldigitaldeasturias.com\/noticias\/wp-json\/wp\/v2\/media?parent=975553"}],"wp:term":[{"taxonomy":"category","embeddable":true,"href":"https:\/\/www.eldigitaldeasturias.com\/noticias\/wp-json\/wp\/v2\/categories?post=975553"},{"taxonomy":"post_tag","embeddable":true,"href":"https:\/\/www.eldigitaldeasturias.com\/noticias\/wp-json\/wp\/v2\/tags?post=975553"}],"curies":[{"name":"wp","href":"https:\/\/api.w.org\/{rel}","templated":true}]}}