{"id":975478,"date":"2018-04-10T13:27:52","date_gmt":"2018-04-10T13:27:52","guid":{"rendered":"http:\/\/www.eldigitaldeasturias.com\/noticias\/?p=975478"},"modified":"2018-04-10T13:27:52","modified_gmt":"2018-04-10T13:27:52","slug":"hugo-moran-este-gobierno-se-ha-olvidado-del-mundo-rural","status":"publish","type":"post","link":"https:\/\/www.eldigitaldeasturias.com\/noticias\/hugo-moran-este-gobierno-se-ha-olvidado-del-mundo-rural\/","title":{"rendered":"Hugo Mor\u00e1n: \u00abEste Gobierno se ha olvidado del mundo rural\u201d"},"content":{"rendered":"<p><img loading=\"lazy\" decoding=\"async\" class=\"alignleft size-medium wp-image-943779\" src=\"https:\/\/www.eldigitaldeasturias.com\/noticias\/wp-content\/uploads\/2017\/06\/olivar-360x240.jpg\" alt=\"\" width=\"360\" height=\"240\" \/>Los responsables del \u00c1rea para la Transici\u00f3n Ecol\u00f3gica de la Econom\u00eda del PSOE, Hugo Mor\u00e1n, Concepci\u00f3n Andr\u00e9u y Francisco Boya han mantenido un encuentro con el Foro de Acci\u00f3n Rural, una plataforma abierta compuesta por 15 asociaciones y organizaciones que trabajan por un desarrollo sostenible en diferentes \u00e1mbitos de actividad como son el territorial, socioecon\u00f3mico, agrario, forestal, ambiental, sindical, mujeres y j\u00f3venes<\/p>\n<p>Los portavoces de este importante Foro han presentado a los socialistas sus objetivos generales y espec\u00edficos, as\u00ed como las propuestas que materialicen la importancia del 90% del territorio entre las que figuran entre otras la defensa de los ayuntamientos y entidades locales con servicios p\u00fablicos garantizados y competencias esenciales, la promoci\u00f3n de medidas de mitigaci\u00f3n y adaptaci\u00f3n al cambio clim\u00e1tico con inversiones en el incremento y mantenimiento de las masas forestales y el fomento de un sector agrario y una agricultura familiar sostenible.<\/p>\n<p>Hugo Mor\u00e1n ha se\u00f1alado que \u201cqueda poco tiempo para reorientar la capacidad de intervenci\u00f3n en sectores fundamentales para la supervivencia del medio rural. Este gobierno desgraciadamente se ha olvidado del mundo rural\u201d, denunci\u00f3.<\/p>\n<p>Para Concha Andr\u00e9u, \u201cel territorio es un recurso de inter\u00e9s general y todos somos corresponsable de su custodia. Estamos obligados a prestigiar el mundo rural desde la educaci\u00f3n\u201d.<\/p>\n<p>Por su parte Francisco Boya ha incidido en impulsar un cambio cultural desde la sociedad. \u201cNo podemos permitir que nuestros j\u00f3venes siguen abandonando el mundo rural por falta de atractivo para desarrollar un proyecto vital que les permita cumplir con sus leg\u00edtimas expectativas\u201d.<\/p>\n<p>Por \u00faltimo, tanto el Foro de Acci\u00f3n Rural como los socialistas han coincidido en la necesaria recuperaci\u00f3n y actualizaci\u00f3n de la Ley de Desarrollo Sostenible del Medio Rural que puso en marcha un gobierno socialista, que un a\u00f1o m\u00e1s vuelve a quedarse sin dotaci\u00f3n presupuestaria en el proyecto presentado por el Gobierno y que cuenta con el apoyo de Ciudadanos.<\/p>\n","protected":false},"excerpt":{"rendered":"<p>Los responsables del \u00c1rea para la Transici\u00f3n Ecol\u00f3gica de la Econom\u00eda del PSOE, Hugo Mor\u00e1n, Concepci\u00f3n Andr\u00e9u y Francisco Boya han mantenido un encuentro con el Foro de Acci\u00f3n Rural, una plataforma abierta compuesta por 15 asociaciones y organizaciones que trabajan por un desarrollo sostenible en diferentes \u00e1mbitos de actividad como son el territorial, socioecon\u00f3mico, [&hellip;]<\/p>\n","protected":false},"author":1,"featured_media":943779,"comment_status":"closed","ping_status":"closed","sticky":false,"template":"","format":"standard","meta":{"footnotes":""},"categories":[1],"tags":[],"class_list":["post-975478","post","type-post","status-publish","format-standard","has-post-thumbnail","hentry","category-actualidad"],"aioseo_notices":[],"aioseo_head":"\n\t\t<!-- All in One SEO Pro 5.0.1 - aioseo.com -->\n\t<meta name=\"description\" content=\"Los responsables del \u00c1rea para la Transici\u00f3n Ecol\u00f3gica de la Econom\u00eda del PSOE, Hugo Mor\u00e1n, Concepci\u00f3n Andr\u00e9u y Francisco Boya han mantenido un encuentro con el Foro de Acci\u00f3n Rural, una plataforma abierta compuesta por 15 asociaciones y organizaciones que trabajan por un desarrollo sostenible en diferentes \u00e1mbitos de actividad como son el territorial, socioecon\u00f3mico,\" \/>\n\t<meta name=\"robots\" content=\"max-image-preview:large\" \/>\n\t<meta name=\"author\" content=\"El Digital de Asturias\"\/>\n\t<meta name=\"google-site-verification\" content=\"UA-38556648-1\" \/>\n\t<meta name=\"msvalidate.01\" content=\"7dfe9f3f1b24437ab69f4f2559babe99\" \/>\n\t<meta name=\"keywords\" content=\"actualidad\" \/>\n\t<link rel=\"canonical\" href=\"https:\/\/www.eldigitaldeasturias.com\/noticias\/hugo-moran-este-gobierno-se-ha-olvidado-del-mundo-rural\/\" \/>\n\t<meta name=\"generator\" content=\"All in One SEO Pro (AIOSEO) 5.0.1\" \/>\n\t\t<meta property=\"og:locale\" content=\"es_ES\" \/>\n\t\t<meta property=\"og:site_name\" content=\"El Digital de Asturias\" \/>\n\t\t<meta property=\"og:type\" content=\"article\" \/>\n\t\t<meta property=\"og:title\" content=\"Hugo Mor\u00e1n: \u00abEste Gobierno se ha olvidado del mundo rural\u201d - El Digital de Asturias\" \/>\n\t\t<meta property=\"og:description\" content=\"Los responsables del \u00c1rea para la Transici\u00f3n Ecol\u00f3gica de la Econom\u00eda del PSOE, Hugo Mor\u00e1n, Concepci\u00f3n Andr\u00e9u y Francisco Boya han mantenido un encuentro con el Foro de Acci\u00f3n Rural, una plataforma abierta compuesta por 15 asociaciones y organizaciones que trabajan por un desarrollo sostenible en diferentes \u00e1mbitos de actividad como son el territorial, socioecon\u00f3mico,\" \/>\n\t\t<meta property=\"og:url\" content=\"https:\/\/www.eldigitaldeasturias.com\/noticias\/hugo-moran-este-gobierno-se-ha-olvidado-del-mundo-rural\/\" \/>\n\t\t<meta property=\"article:tag\" content=\"actualidad\" \/>\n\t\t<meta property=\"article:published_time\" content=\"2018-04-10T13:27:52+00:00\" \/>\n\t\t<meta property=\"article:modified_time\" content=\"2018-04-10T13:27:52+00:00\" \/>\n\t\t<meta property=\"article:publisher\" content=\"https:\/\/facebook.com\/eldigitaldeasturias\" \/>\n\t\t<meta name=\"twitter:card\" content=\"summary_large_image\" \/>\n\t\t<meta name=\"twitter:title\" content=\"Hugo Mor\u00e1n: \u00abEste Gobierno se ha olvidado del mundo rural\u201d - El Digital de Asturias\" \/>\n\t\t<meta name=\"twitter:description\" content=\"Los responsables del \u00c1rea para la Transici\u00f3n Ecol\u00f3gica de la Econom\u00eda del PSOE, Hugo Mor\u00e1n, Concepci\u00f3n Andr\u00e9u y Francisco Boya han mantenido un encuentro con el Foro de Acci\u00f3n Rural, una plataforma abierta compuesta por 15 asociaciones y organizaciones que trabajan por un desarrollo sostenible en diferentes \u00e1mbitos de actividad como son el territorial, socioecon\u00f3mico,\" \/>\n\t\t<meta name=\"twitter:image\" content=\"https:\/\/www.eldigitaldeasturias.com\/noticias\/wp-content\/uploads\/2020\/12\/EDA-1.jpg\" \/>\n\t\t<meta name=\"twitter:label1\" content=\"Escrito por\" \/>\n\t\t<meta name=\"twitter:data1\" content=\"El Digital de Asturias\" \/>\n\t\t<meta name=\"twitter:label2\" content=\"Tiempo de lectura estimado\" \/>\n\t\t<meta name=\"twitter:data2\" content=\"2 minutos\" \/>\n\t\t<script type=\"application\/ld+json\" class=\"aioseo-schema\">\n\t\t\t{\"@context\":\"https:\\\/\\\/schema.org\",\"@graph\":[{\"@type\":\"BlogPosting\",\"@id\":\"https:\\\/\\\/www.eldigitaldeasturias.com\\\/noticias\\\/hugo-moran-este-gobierno-se-ha-olvidado-del-mundo-rural\\\/#blogposting\",\"name\":\"Hugo Mor\\u00e1n: \\u00abEste Gobierno se ha olvidado del mundo rural\\u201d - El Digital de Asturias\",\"headline\":\"Hugo Mor\\u00e1n: \\u00abEste Gobierno se ha olvidado del mundo rural\\u201d\",\"author\":{\"@id\":\"https:\\\/\\\/www.eldigitaldeasturias.com\\\/noticias\\\/author\\\/admin\\\/#author\"},\"publisher\":{\"@id\":\"https:\\\/\\\/www.eldigitaldeasturias.com\\\/noticias\\\/#organization\"},\"image\":{\"@type\":\"ImageObject\",\"url\":943779},\"datePublished\":\"2018-04-10T13:27:52+02:00\",\"dateModified\":\"2018-04-10T13:27:52+02:00\",\"inLanguage\":\"es-ES\",\"mainEntityOfPage\":{\"@id\":\"https:\\\/\\\/www.eldigitaldeasturias.com\\\/noticias\\\/hugo-moran-este-gobierno-se-ha-olvidado-del-mundo-rural\\\/#webpage\"},\"isPartOf\":{\"@id\":\"https:\\\/\\\/www.eldigitaldeasturias.com\\\/noticias\\\/hugo-moran-este-gobierno-se-ha-olvidado-del-mundo-rural\\\/#webpage\"},\"articleSection\":\"Actualidad\"},{\"@type\":\"BreadcrumbList\",\"@id\":\"https:\\\/\\\/www.eldigitaldeasturias.com\\\/noticias\\\/hugo-moran-este-gobierno-se-ha-olvidado-del-mundo-rural\\\/#breadcrumblist\",\"itemListElement\":[{\"@type\":\"ListItem\",\"@id\":\"https:\\\/\\\/www.eldigitaldeasturias.com\\\/noticias#listItem\",\"position\":1,\"name\":\"Home\",\"item\":\"https:\\\/\\\/www.eldigitaldeasturias.com\\\/noticias\",\"nextItem\":{\"@type\":\"ListItem\",\"@id\":\"https:\\\/\\\/www.eldigitaldeasturias.com\\\/noticias\\\/category\\\/actualidad\\\/#listItem\",\"name\":\"Actualidad\"}},{\"@type\":\"ListItem\",\"@id\":\"https:\\\/\\\/www.eldigitaldeasturias.com\\\/noticias\\\/category\\\/actualidad\\\/#listItem\",\"position\":2,\"name\":\"Actualidad\",\"item\":\"https:\\\/\\\/www.eldigitaldeasturias.com\\\/noticias\\\/category\\\/actualidad\\\/\",\"nextItem\":{\"@type\":\"ListItem\",\"@id\":\"https:\\\/\\\/www.eldigitaldeasturias.com\\\/noticias\\\/hugo-moran-este-gobierno-se-ha-olvidado-del-mundo-rural\\\/#listItem\",\"name\":\"Hugo Mor\\u00e1n: \\u00abEste Gobierno se ha olvidado del mundo rural\\u201d\"},\"previousItem\":{\"@type\":\"ListItem\",\"@id\":\"https:\\\/\\\/www.eldigitaldeasturias.com\\\/noticias#listItem\",\"name\":\"Home\"}},{\"@type\":\"ListItem\",\"@id\":\"https:\\\/\\\/www.eldigitaldeasturias.com\\\/noticias\\\/hugo-moran-este-gobierno-se-ha-olvidado-del-mundo-rural\\\/#listItem\",\"position\":3,\"name\":\"Hugo Mor\\u00e1n: \\u00abEste Gobierno se ha olvidado del mundo rural\\u201d\",\"previousItem\":{\"@type\":\"ListItem\",\"@id\":\"https:\\\/\\\/www.eldigitaldeasturias.com\\\/noticias\\\/category\\\/actualidad\\\/#listItem\",\"name\":\"Actualidad\"}}]},{\"@type\":\"Organization\",\"@id\":\"https:\\\/\\\/www.eldigitaldeasturias.com\\\/noticias\\\/#organization\",\"name\":\"El Digital de Asturias\",\"description\":\"Hemeroteca\",\"url\":\"https:\\\/\\\/www.eldigitaldeasturias.com\\\/noticias\\\/\",\"email\":\"info@eldigitaldeasturias.com\",\"telephone\":\"+34652131393\",\"logo\":{\"@type\":\"ImageObject\",\"url\":\"https:\\\/\\\/www.eldigitaldeasturias.com\\\/noticias\\\/wp-content\\\/uploads\\\/2020\\\/12\\\/EDA.jpg\",\"@id\":\"https:\\\/\\\/www.eldigitaldeasturias.com\\\/noticias\\\/hugo-moran-este-gobierno-se-ha-olvidado-del-mundo-rural\\\/#organizationLogo\"},\"image\":{\"@id\":\"https:\\\/\\\/www.eldigitaldeasturias.com\\\/noticias\\\/hugo-moran-este-gobierno-se-ha-olvidado-del-mundo-rural\\\/#organizationLogo\"},\"sameAs\":[\"https:\\\/\\\/facebook.com\\\/eldigitaldeasturias\",\"https:\\\/\\\/www.youtube.com\\\/channel\\\/UCZP-2wLEB9Rv6erhFmqVnvg\"],\"address\":{\"@id\":\"https:\\\/\\\/www.eldigitaldeasturias.com\\\/noticias\\\/#postaladdress\",\"@type\":\"PostalAddress\",\"streetAddress\":\"san antonio 4\",\"postalCode\":\"33430\",\"addressLocality\":\"Cand\\u00e1s\",\"addressRegion\":\"Asturias\",\"addressCountry\":\"ES\"}},{\"@type\":\"Person\",\"@id\":\"https:\\\/\\\/www.eldigitaldeasturias.com\\\/noticias\\\/author\\\/admin\\\/#author\",\"url\":\"https:\\\/\\\/www.eldigitaldeasturias.com\\\/noticias\\\/author\\\/admin\\\/\",\"name\":\"El Digital de Asturias\",\"image\":{\"@type\":\"ImageObject\",\"@id\":\"https:\\\/\\\/www.eldigitaldeasturias.com\\\/noticias\\\/hugo-moran-este-gobierno-se-ha-olvidado-del-mundo-rural\\\/#authorImage\",\"url\":\"https:\\\/\\\/secure.gravatar.com\\\/avatar\\\/df2aeffc32bcd13f8d26072ef8a91b623d677766deac7f97ca815868cd41bf5e?s=96&d=mm&r=g\",\"width\":96,\"height\":96,\"caption\":\"El Digital de Asturias\"}},{\"@type\":\"WebPage\",\"@id\":\"https:\\\/\\\/www.eldigitaldeasturias.com\\\/noticias\\\/hugo-moran-este-gobierno-se-ha-olvidado-del-mundo-rural\\\/#webpage\",\"url\":\"https:\\\/\\\/www.eldigitaldeasturias.com\\\/noticias\\\/hugo-moran-este-gobierno-se-ha-olvidado-del-mundo-rural\\\/\",\"name\":\"Hugo Mor\\u00e1n: \\u00abEste Gobierno se ha olvidado del mundo rural\\u201d - El Digital de Asturias\",\"description\":\"Los responsables del \\u00c1rea para la Transici\\u00f3n Ecol\\u00f3gica de la Econom\\u00eda del PSOE, Hugo Mor\\u00e1n, Concepci\\u00f3n Andr\\u00e9u y Francisco Boya han mantenido un encuentro con el Foro de Acci\\u00f3n Rural, una plataforma abierta compuesta por 15 asociaciones y organizaciones que trabajan por un desarrollo sostenible en diferentes \\u00e1mbitos de actividad como son el territorial, socioecon\\u00f3mico,\",\"inLanguage\":\"es-ES\",\"isPartOf\":{\"@id\":\"https:\\\/\\\/www.eldigitaldeasturias.com\\\/noticias\\\/#website\"},\"breadcrumb\":{\"@id\":\"https:\\\/\\\/www.eldigitaldeasturias.com\\\/noticias\\\/hugo-moran-este-gobierno-se-ha-olvidado-del-mundo-rural\\\/#breadcrumblist\"},\"author\":{\"@id\":\"https:\\\/\\\/www.eldigitaldeasturias.com\\\/noticias\\\/author\\\/admin\\\/#author\"},\"creator\":{\"@id\":\"https:\\\/\\\/www.eldigitaldeasturias.com\\\/noticias\\\/author\\\/admin\\\/#author\"},\"image\":{\"@type\":\"ImageObject\",\"url\":943779,\"@id\":\"https:\\\/\\\/www.eldigitaldeasturias.com\\\/noticias\\\/hugo-moran-este-gobierno-se-ha-olvidado-del-mundo-rural\\\/#mainImage\"},\"primaryImageOfPage\":{\"@id\":\"https:\\\/\\\/www.eldigitaldeasturias.com\\\/noticias\\\/hugo-moran-este-gobierno-se-ha-olvidado-del-mundo-rural\\\/#mainImage\"},\"datePublished\":\"2018-04-10T13:27:52+02:00\",\"dateModified\":\"2018-04-10T13:27:52+02:00\"},{\"@type\":\"WebSite\",\"@id\":\"https:\\\/\\\/www.eldigitaldeasturias.com\\\/noticias\\\/#website\",\"url\":\"https:\\\/\\\/www.eldigitaldeasturias.com\\\/noticias\\\/\",\"name\":\"El Digital de Asturias - Diario de actualidad y noticias\",\"alternateName\":\"El Digital de Asturias - Diario de actualidad y noticias\",\"description\":\"Hemeroteca\",\"inLanguage\":\"es-ES\",\"publisher\":{\"@id\":\"https:\\\/\\\/www.eldigitaldeasturias.com\\\/noticias\\\/#organization\"}}]}\n\t\t<\/script>\n\t\t<!-- All in One SEO Pro -->\r\n\t\t<title>Hugo Mor\u00e1n: \u00abEste Gobierno se ha olvidado del mundo rural\u201d - El Digital de Asturias<\/title>\n\n","aioseo_head_json":{"title":"Hugo Mor\u00e1n: \u00abEste Gobierno se ha olvidado del mundo rural\u201d - El Digital de Asturias","description":"Los responsables del \u00c1rea para la Transici\u00f3n Ecol\u00f3gica de la Econom\u00eda del PSOE, Hugo Mor\u00e1n, Concepci\u00f3n Andr\u00e9u y Francisco Boya han mantenido un encuentro con el Foro de Acci\u00f3n Rural, una plataforma abierta compuesta por 15 asociaciones y organizaciones que trabajan por un desarrollo sostenible en diferentes \u00e1mbitos de actividad como son el territorial, socioecon\u00f3mico,","canonical_url":"https:\/\/www.eldigitaldeasturias.com\/noticias\/hugo-moran-este-gobierno-se-ha-olvidado-del-mundo-rural\/","robots":"max-image-preview:large","keywords":"actualidad","webmasterTools":{"google-site-verification":"UA-38556648-1","msvalidate.01":"7dfe9f3f1b24437ab69f4f2559babe99","miscellaneous":""},"schema":{"@context":"https:\/\/schema.org","@graph":[{"@type":"BlogPosting","@id":"https:\/\/www.eldigitaldeasturias.com\/noticias\/hugo-moran-este-gobierno-se-ha-olvidado-del-mundo-rural\/#blogposting","name":"Hugo Mor\u00e1n: \u00abEste Gobierno se ha olvidado del mundo rural\u201d - El Digital de Asturias","headline":"Hugo Mor\u00e1n: \u00abEste Gobierno se ha olvidado del mundo rural\u201d","author":{"@id":"https:\/\/www.eldigitaldeasturias.com\/noticias\/author\/admin\/#author"},"publisher":{"@id":"https:\/\/www.eldigitaldeasturias.com\/noticias\/#organization"},"image":{"@type":"ImageObject","url":943779},"datePublished":"2018-04-10T13:27:52+02:00","dateModified":"2018-04-10T13:27:52+02:00","inLanguage":"es-ES","mainEntityOfPage":{"@id":"https:\/\/www.eldigitaldeasturias.com\/noticias\/hugo-moran-este-gobierno-se-ha-olvidado-del-mundo-rural\/#webpage"},"isPartOf":{"@id":"https:\/\/www.eldigitaldeasturias.com\/noticias\/hugo-moran-este-gobierno-se-ha-olvidado-del-mundo-rural\/#webpage"},"articleSection":"Actualidad"},{"@type":"BreadcrumbList","@id":"https:\/\/www.eldigitaldeasturias.com\/noticias\/hugo-moran-este-gobierno-se-ha-olvidado-del-mundo-rural\/#breadcrumblist","itemListElement":[{"@type":"ListItem","@id":"https:\/\/www.eldigitaldeasturias.com\/noticias#listItem","position":1,"name":"Home","item":"https:\/\/www.eldigitaldeasturias.com\/noticias","nextItem":{"@type":"ListItem","@id":"https:\/\/www.eldigitaldeasturias.com\/noticias\/category\/actualidad\/#listItem","name":"Actualidad"}},{"@type":"ListItem","@id":"https:\/\/www.eldigitaldeasturias.com\/noticias\/category\/actualidad\/#listItem","position":2,"name":"Actualidad","item":"https:\/\/www.eldigitaldeasturias.com\/noticias\/category\/actualidad\/","nextItem":{"@type":"ListItem","@id":"https:\/\/www.eldigitaldeasturias.com\/noticias\/hugo-moran-este-gobierno-se-ha-olvidado-del-mundo-rural\/#listItem","name":"Hugo Mor\u00e1n: \u00abEste Gobierno se ha olvidado del mundo rural\u201d"},"previousItem":{"@type":"ListItem","@id":"https:\/\/www.eldigitaldeasturias.com\/noticias#listItem","name":"Home"}},{"@type":"ListItem","@id":"https:\/\/www.eldigitaldeasturias.com\/noticias\/hugo-moran-este-gobierno-se-ha-olvidado-del-mundo-rural\/#listItem","position":3,"name":"Hugo Mor\u00e1n: \u00abEste Gobierno se ha olvidado del mundo rural\u201d","previousItem":{"@type":"ListItem","@id":"https:\/\/www.eldigitaldeasturias.com\/noticias\/category\/actualidad\/#listItem","name":"Actualidad"}}]},{"@type":"Organization","@id":"https:\/\/www.eldigitaldeasturias.com\/noticias\/#organization","name":"El Digital de Asturias","description":"Hemeroteca","url":"https:\/\/www.eldigitaldeasturias.com\/noticias\/","email":"info@eldigitaldeasturias.com","telephone":"+34652131393","logo":{"@type":"ImageObject","url":"https:\/\/www.eldigitaldeasturias.com\/noticias\/wp-content\/uploads\/2020\/12\/EDA.jpg","@id":"https:\/\/www.eldigitaldeasturias.com\/noticias\/hugo-moran-este-gobierno-se-ha-olvidado-del-mundo-rural\/#organizationLogo"},"image":{"@id":"https:\/\/www.eldigitaldeasturias.com\/noticias\/hugo-moran-este-gobierno-se-ha-olvidado-del-mundo-rural\/#organizationLogo"},"sameAs":["https:\/\/facebook.com\/eldigitaldeasturias","https:\/\/www.youtube.com\/channel\/UCZP-2wLEB9Rv6erhFmqVnvg"],"address":{"@id":"https:\/\/www.eldigitaldeasturias.com\/noticias\/#postaladdress","@type":"PostalAddress","streetAddress":"san antonio 4","postalCode":"33430","addressLocality":"Cand\u00e1s","addressRegion":"Asturias","addressCountry":"ES"}},{"@type":"Person","@id":"https:\/\/www.eldigitaldeasturias.com\/noticias\/author\/admin\/#author","url":"https:\/\/www.eldigitaldeasturias.com\/noticias\/author\/admin\/","name":"El Digital de Asturias","image":{"@type":"ImageObject","@id":"https:\/\/www.eldigitaldeasturias.com\/noticias\/hugo-moran-este-gobierno-se-ha-olvidado-del-mundo-rural\/#authorImage","url":"https:\/\/secure.gravatar.com\/avatar\/df2aeffc32bcd13f8d26072ef8a91b623d677766deac7f97ca815868cd41bf5e?s=96&d=mm&r=g","width":96,"height":96,"caption":"El Digital de Asturias"}},{"@type":"WebPage","@id":"https:\/\/www.eldigitaldeasturias.com\/noticias\/hugo-moran-este-gobierno-se-ha-olvidado-del-mundo-rural\/#webpage","url":"https:\/\/www.eldigitaldeasturias.com\/noticias\/hugo-moran-este-gobierno-se-ha-olvidado-del-mundo-rural\/","name":"Hugo Mor\u00e1n: \u00abEste Gobierno se ha olvidado del mundo rural\u201d - El Digital de Asturias","description":"Los responsables del \u00c1rea para la Transici\u00f3n Ecol\u00f3gica de la Econom\u00eda del PSOE, Hugo Mor\u00e1n, Concepci\u00f3n Andr\u00e9u y Francisco Boya han mantenido un encuentro con el Foro de Acci\u00f3n Rural, una plataforma abierta compuesta por 15 asociaciones y organizaciones que trabajan por un desarrollo sostenible en diferentes \u00e1mbitos de actividad como son el territorial, socioecon\u00f3mico,","inLanguage":"es-ES","isPartOf":{"@id":"https:\/\/www.eldigitaldeasturias.com\/noticias\/#website"},"breadcrumb":{"@id":"https:\/\/www.eldigitaldeasturias.com\/noticias\/hugo-moran-este-gobierno-se-ha-olvidado-del-mundo-rural\/#breadcrumblist"},"author":{"@id":"https:\/\/www.eldigitaldeasturias.com\/noticias\/author\/admin\/#author"},"creator":{"@id":"https:\/\/www.eldigitaldeasturias.com\/noticias\/author\/admin\/#author"},"image":{"@type":"ImageObject","url":943779,"@id":"https:\/\/www.eldigitaldeasturias.com\/noticias\/hugo-moran-este-gobierno-se-ha-olvidado-del-mundo-rural\/#mainImage"},"primaryImageOfPage":{"@id":"https:\/\/www.eldigitaldeasturias.com\/noticias\/hugo-moran-este-gobierno-se-ha-olvidado-del-mundo-rural\/#mainImage"},"datePublished":"2018-04-10T13:27:52+02:00","dateModified":"2018-04-10T13:27:52+02:00"},{"@type":"WebSite","@id":"https:\/\/www.eldigitaldeasturias.com\/noticias\/#website","url":"https:\/\/www.eldigitaldeasturias.com\/noticias\/","name":"El Digital de Asturias - Diario de actualidad y noticias","alternateName":"El Digital de Asturias - Diario de actualidad y noticias","description":"Hemeroteca","inLanguage":"es-ES","publisher":{"@id":"https:\/\/www.eldigitaldeasturias.com\/noticias\/#organization"}}]},"og:locale":"es_ES","og:site_name":"El Digital de Asturias","og:type":"article","og:title":"Hugo Mor\u00e1n: \u00abEste Gobierno se ha olvidado del mundo rural\u201d - El Digital de Asturias","og:description":"Los responsables del \u00c1rea para la Transici\u00f3n Ecol\u00f3gica de la Econom\u00eda del PSOE, Hugo Mor\u00e1n, Concepci\u00f3n Andr\u00e9u y Francisco Boya han mantenido un encuentro con el Foro de Acci\u00f3n Rural, una plataforma abierta compuesta por 15 asociaciones y organizaciones que trabajan por un desarrollo sostenible en diferentes \u00e1mbitos de actividad como son el territorial, socioecon\u00f3mico,","og:url":"https:\/\/www.eldigitaldeasturias.com\/noticias\/hugo-moran-este-gobierno-se-ha-olvidado-del-mundo-rural\/","article:tag":["actualidad"],"article:published_time":"2018-04-10T13:27:52+00:00","article:modified_time":"2018-04-10T13:27:52+00:00","article:publisher":"https:\/\/facebook.com\/eldigitaldeasturias","twitter:card":"summary_large_image","twitter:title":"Hugo Mor\u00e1n: \u00abEste Gobierno se ha olvidado del mundo rural\u201d - El Digital de Asturias","twitter:description":"Los responsables del \u00c1rea para la Transici\u00f3n Ecol\u00f3gica de la Econom\u00eda del PSOE, Hugo Mor\u00e1n, Concepci\u00f3n Andr\u00e9u y Francisco Boya han mantenido un encuentro con el Foro de Acci\u00f3n Rural, una plataforma abierta compuesta por 15 asociaciones y organizaciones que trabajan por un desarrollo sostenible en diferentes \u00e1mbitos de actividad como son el territorial, socioecon\u00f3mico,","twitter:image":"https:\/\/www.eldigitaldeasturias.com\/noticias\/wp-content\/uploads\/2020\/12\/EDA-1.jpg","twitter:label1":"Escrito por","twitter:data1":"El Digital de Asturias","twitter:label2":"Tiempo de lectura estimado","twitter:data2":"2 minutos"},"aioseo_meta_data":{"post_id":"975478","title":null,"description":null,"keywords":null,"keyphrases":null,"primary_term":null,"canonical_url":null,"og_title":null,"og_description":null,"og_object_type":"default","og_image_type":"default","og_image_url":null,"og_image_width":null,"og_image_height":null,"og_image_custom_url":null,"og_image_custom_fields":null,"og_video":null,"og_custom_url":null,"og_article_section":null,"og_article_tags":null,"twitter_use_og":false,"twitter_card":"default","twitter_image_type":"default","twitter_image_url":null,"twitter_image_custom_url":null,"twitter_image_custom_fields":null,"twitter_title":null,"twitter_description":null,"schema":{"blockGraphs":[],"customGraphs":[],"default":{"data":{"Article":[],"Course":[],"Dataset":[],"FAQPage":[],"Movie":[],"Person":[],"Product":[],"ProductReview":[],"Car":[],"Recipe":[],"Service":[],"SoftwareApplication":[],"WebPage":[]},"graphName":"","isEnabled":true},"graphs":[],"defaultGraph":"","defaultPostTypeGraph":""},"schema_type":null,"schema_type_options":null,"pillar_content":false,"robots_default":true,"robots_noindex":false,"robots_noarchive":false,"robots_nosnippet":false,"robots_nofollow":false,"robots_noimageindex":false,"robots_noodp":false,"robots_notranslate":false,"robots_max_snippet":null,"robots_max_videopreview":null,"robots_max_imagepreview":"large","priority":null,"frequency":null,"local_seo":null,"seo_analyzer_scan_date":"2025-10-08 00:04:13","breadcrumb_settings":null,"limit_modified_date":false,"open_ai":null,"ai":null,"created":"2020-12-21 12:10:41","updated":"2025-10-08 00:04:13","focus_keyword":null,"additional_keywords":null,"truseo_locale":null},"aioseo_breadcrumb":"<div class=\"aioseo-breadcrumbs\"><span class=\"aioseo-breadcrumb\">\n\t<a href=\"https:\/\/www.eldigitaldeasturias.com\/noticias\" title=\"Home\">Home<\/a>\n<\/span><span class=\"aioseo-breadcrumb-separator\">\u2013<\/span><span class=\"aioseo-breadcrumb\">\n\t<a href=\"https:\/\/www.eldigitaldeasturias.com\/noticias\/category\/actualidad\/\" title=\"Actualidad\">Actualidad<\/a>\n<\/span><span class=\"aioseo-breadcrumb-separator\">\u2013<\/span><span class=\"aioseo-breadcrumb\">\n\t<a href=\"https:\/\/www.eldigitaldeasturias.com\/noticias\/hugo-moran-este-gobierno-se-ha-olvidado-del-mundo-rural\/\" title=\"Hugo Mor\u00e1n: \u00abEste Gobierno se ha olvidado del mundo rural\u201d\">Hugo Mor\u00e1n: \u00abEste Gobierno se ha olvidado del mundo rural\u201d<\/a>\n<\/span><\/div>","aioseo_breadcrumb_json":[{"label":"Home","link":"https:\/\/www.eldigitaldeasturias.com\/noticias"},{"label":"Actualidad","link":"https:\/\/www.eldigitaldeasturias.com\/noticias\/category\/actualidad\/"},{"label":"Hugo Mor\u00e1n: \u00abEste Gobierno se ha olvidado del mundo rural\u201d","link":"https:\/\/www.eldigitaldeasturias.com\/noticias\/hugo-moran-este-gobierno-se-ha-olvidado-del-mundo-rural\/"}],"_links":{"self":[{"href":"https:\/\/www.eldigitaldeasturias.com\/noticias\/wp-json\/wp\/v2\/posts\/975478","targetHints":{"allow":["GET"]}}],"collection":[{"href":"https:\/\/www.eldigitaldeasturias.com\/noticias\/wp-json\/wp\/v2\/posts"}],"about":[{"href":"https:\/\/www.eldigitaldeasturias.com\/noticias\/wp-json\/wp\/v2\/types\/post"}],"author":[{"embeddable":true,"href":"https:\/\/www.eldigitaldeasturias.com\/noticias\/wp-json\/wp\/v2\/users\/1"}],"replies":[{"embeddable":true,"href":"https:\/\/www.eldigitaldeasturias.com\/noticias\/wp-json\/wp\/v2\/comments?post=975478"}],"version-history":[{"count":0,"href":"https:\/\/www.eldigitaldeasturias.com\/noticias\/wp-json\/wp\/v2\/posts\/975478\/revisions"}],"wp:attachment":[{"href":"https:\/\/www.eldigitaldeasturias.com\/noticias\/wp-json\/wp\/v2\/media?parent=975478"}],"wp:term":[{"taxonomy":"category","embeddable":true,"href":"https:\/\/www.eldigitaldeasturias.com\/noticias\/wp-json\/wp\/v2\/categories?post=975478"},{"taxonomy":"post_tag","embeddable":true,"href":"https:\/\/www.eldigitaldeasturias.com\/noticias\/wp-json\/wp\/v2\/tags?post=975478"}],"curies":[{"name":"wp","href":"https:\/\/api.w.org\/{rel}","templated":true}]}}