{"id":975476,"date":"2018-04-10T13:25:30","date_gmt":"2018-04-10T13:25:30","guid":{"rendered":"http:\/\/www.eldigitaldeasturias.com\/noticias\/?p=975476"},"modified":"2018-04-10T13:25:30","modified_gmt":"2018-04-10T13:25:30","slug":"el-pp-pide-en-el-congreso-medidas-para-erradicar-el-plumero-de-la-pampa-en-asturias","status":"publish","type":"post","link":"https:\/\/www.eldigitaldeasturias.com\/noticias\/el-pp-pide-en-el-congreso-medidas-para-erradicar-el-plumero-de-la-pampa-en-asturias\/","title":{"rendered":"El PP pide en el Congreso medidas para erradicar el Plumero de la Pampa en Asturias"},"content":{"rendered":"<p><img loading=\"lazy\" decoding=\"async\" class=\"alignleft size-medium wp-image-791625\" src=\"https:\/\/www.eldigitaldeasturias.com\/noticias\/wp-content\/uploads\/2015\/06\/congreso-360x240.jpg\" alt=\"\" width=\"360\" height=\"240\" \/>El Congreso de los Diputados aprob\u00f3 hoy una iniciativa del Partido Popular en la que se insta al Gobierno a elaborar una estrategia de gesti\u00f3n, control y erradicaci\u00f3n del Plumero de la Pampa, en colaboraci\u00f3n con las comunidades aut\u00f3nomas afectadas, entre ellas Asturias, y los ayuntamientos.<\/p>\n<p>La diputada por Asturias del Partido Popular, Susana L\u00f3pez Ares, fue la encargada de defender la iniciativa en la Comisi\u00f3n de Agricultura y Medio Ambiente del Parlamento, que no cont\u00f3 con el apoyo de Podemos.<\/p>\n<p>L\u00f3pez Ares se\u00f1al\u00f3 que se pide la adopci\u00f3n de actuaciones urgentes y tambi\u00e9n programas de prevenci\u00f3n contra esta especie invasora, en colaboraci\u00f3n con los \u00f3rganos de investigaci\u00f3n y entidades, p\u00fablico y privadas, interesadas en los estudios sobre el Plumero de la Pampa, para establecer actuaciones eficaces de erradicaci\u00f3n.<\/p>\n<p>Asimismo, tambi\u00e9n se plantea establecer mecanismos de coordinaci\u00f3n internacional con los pa\u00edses donde la especie tiene un car\u00e1cter invasor.<\/p>\n<p>&nbsp;<\/p>\n","protected":false},"excerpt":{"rendered":"<p>El Congreso de los Diputados aprob\u00f3 hoy una iniciativa del Partido Popular en la que se insta al Gobierno a elaborar una estrategia de gesti\u00f3n, control y erradicaci\u00f3n del Plumero de la Pampa, en colaboraci\u00f3n con las comunidades aut\u00f3nomas afectadas, entre ellas Asturias, y los ayuntamientos. La diputada por Asturias del Partido Popular, Susana L\u00f3pez [&hellip;]<\/p>\n","protected":false},"author":1,"featured_media":791625,"comment_status":"closed","ping_status":"closed","sticky":false,"template":"","format":"standard","meta":{"footnotes":""},"categories":[1,12],"tags":[],"class_list":["post-975476","post","type-post","status-publish","format-standard","has-post-thumbnail","hentry","category-actualidad","category-actualidad-asturias"],"aioseo_notices":[],"aioseo_head":"\n\t\t<!-- All in One SEO Pro 5.0.1 - aioseo.com -->\n\t<meta name=\"description\" content=\"El Congreso de los Diputados aprob\u00f3 hoy una iniciativa del Partido Popular en la que se insta al Gobierno a elaborar una estrategia de gesti\u00f3n, control y erradicaci\u00f3n del Plumero de la Pampa, en colaboraci\u00f3n con las comunidades aut\u00f3nomas afectadas, entre ellas Asturias, y los ayuntamientos. La diputada por Asturias del Partido Popular, Susana L\u00f3pez\" \/>\n\t<meta name=\"robots\" content=\"max-image-preview:large\" \/>\n\t<meta name=\"author\" content=\"El Digital de Asturias\"\/>\n\t<meta name=\"google-site-verification\" content=\"UA-38556648-1\" \/>\n\t<meta name=\"msvalidate.01\" content=\"7dfe9f3f1b24437ab69f4f2559babe99\" \/>\n\t<meta name=\"keywords\" content=\"actualidad,actualidad asturias\" \/>\n\t<link rel=\"canonical\" href=\"https:\/\/www.eldigitaldeasturias.com\/noticias\/el-pp-pide-en-el-congreso-medidas-para-erradicar-el-plumero-de-la-pampa-en-asturias\/\" \/>\n\t<meta name=\"generator\" content=\"All in One SEO Pro (AIOSEO) 5.0.1\" \/>\n\t\t<meta property=\"og:locale\" content=\"es_ES\" \/>\n\t\t<meta property=\"og:site_name\" content=\"El Digital de Asturias\" \/>\n\t\t<meta property=\"og:type\" content=\"article\" \/>\n\t\t<meta property=\"og:title\" content=\"El PP pide en el Congreso medidas para erradicar el Plumero de la Pampa en Asturias - El Digital de Asturias\" \/>\n\t\t<meta property=\"og:description\" content=\"El Congreso de los Diputados aprob\u00f3 hoy una iniciativa del Partido Popular en la que se insta al Gobierno a elaborar una estrategia de gesti\u00f3n, control y erradicaci\u00f3n del Plumero de la Pampa, en colaboraci\u00f3n con las comunidades aut\u00f3nomas afectadas, entre ellas Asturias, y los ayuntamientos. La diputada por Asturias del Partido Popular, Susana L\u00f3pez\" \/>\n\t\t<meta property=\"og:url\" content=\"https:\/\/www.eldigitaldeasturias.com\/noticias\/el-pp-pide-en-el-congreso-medidas-para-erradicar-el-plumero-de-la-pampa-en-asturias\/\" \/>\n\t\t<meta property=\"article:tag\" content=\"actualidad\" \/>\n\t\t<meta property=\"article:tag\" content=\"actualidad asturias\" \/>\n\t\t<meta property=\"article:published_time\" content=\"2018-04-10T13:25:30+00:00\" \/>\n\t\t<meta property=\"article:modified_time\" content=\"2018-04-10T13:25:30+00:00\" \/>\n\t\t<meta property=\"article:publisher\" content=\"https:\/\/facebook.com\/eldigitaldeasturias\" \/>\n\t\t<meta name=\"twitter:card\" content=\"summary_large_image\" \/>\n\t\t<meta name=\"twitter:title\" content=\"El PP pide en el Congreso medidas para erradicar el Plumero de la Pampa en Asturias - El Digital de Asturias\" \/>\n\t\t<meta name=\"twitter:description\" content=\"El Congreso de los Diputados aprob\u00f3 hoy una iniciativa del Partido Popular en la que se insta al Gobierno a elaborar una estrategia de gesti\u00f3n, control y erradicaci\u00f3n del Plumero de la Pampa, en colaboraci\u00f3n con las comunidades aut\u00f3nomas afectadas, entre ellas Asturias, y los ayuntamientos. La diputada por Asturias del Partido Popular, Susana L\u00f3pez\" \/>\n\t\t<meta name=\"twitter:image\" content=\"https:\/\/www.eldigitaldeasturias.com\/noticias\/wp-content\/uploads\/2020\/12\/EDA-1.jpg\" \/>\n\t\t<meta name=\"twitter:label1\" content=\"Escrito por\" \/>\n\t\t<meta name=\"twitter:data1\" content=\"El Digital de Asturias\" \/>\n\t\t<meta name=\"twitter:label2\" content=\"Tiempo de lectura estimado\" \/>\n\t\t<meta name=\"twitter:data2\" content=\"1 minuto\" \/>\n\t\t<script type=\"application\/ld+json\" class=\"aioseo-schema\">\n\t\t\t{\"@context\":\"https:\\\/\\\/schema.org\",\"@graph\":[{\"@type\":\"BlogPosting\",\"@id\":\"https:\\\/\\\/www.eldigitaldeasturias.com\\\/noticias\\\/el-pp-pide-en-el-congreso-medidas-para-erradicar-el-plumero-de-la-pampa-en-asturias\\\/#blogposting\",\"name\":\"El PP pide en el Congreso medidas para erradicar el Plumero de la Pampa en Asturias - El Digital de Asturias\",\"headline\":\"El PP pide en el Congreso medidas para erradicar el Plumero de la Pampa en Asturias\",\"author\":{\"@id\":\"https:\\\/\\\/www.eldigitaldeasturias.com\\\/noticias\\\/author\\\/admin\\\/#author\"},\"publisher\":{\"@id\":\"https:\\\/\\\/www.eldigitaldeasturias.com\\\/noticias\\\/#organization\"},\"image\":{\"@type\":\"ImageObject\",\"url\":791625},\"datePublished\":\"2018-04-10T13:25:30+02:00\",\"dateModified\":\"2018-04-10T13:25:30+02:00\",\"inLanguage\":\"es-ES\",\"mainEntityOfPage\":{\"@id\":\"https:\\\/\\\/www.eldigitaldeasturias.com\\\/noticias\\\/el-pp-pide-en-el-congreso-medidas-para-erradicar-el-plumero-de-la-pampa-en-asturias\\\/#webpage\"},\"isPartOf\":{\"@id\":\"https:\\\/\\\/www.eldigitaldeasturias.com\\\/noticias\\\/el-pp-pide-en-el-congreso-medidas-para-erradicar-el-plumero-de-la-pampa-en-asturias\\\/#webpage\"},\"articleSection\":\"Actualidad, Actualidad Asturias\"},{\"@type\":\"BreadcrumbList\",\"@id\":\"https:\\\/\\\/www.eldigitaldeasturias.com\\\/noticias\\\/el-pp-pide-en-el-congreso-medidas-para-erradicar-el-plumero-de-la-pampa-en-asturias\\\/#breadcrumblist\",\"itemListElement\":[{\"@type\":\"ListItem\",\"@id\":\"https:\\\/\\\/www.eldigitaldeasturias.com\\\/noticias#listItem\",\"position\":1,\"name\":\"Home\",\"item\":\"https:\\\/\\\/www.eldigitaldeasturias.com\\\/noticias\",\"nextItem\":{\"@type\":\"ListItem\",\"@id\":\"https:\\\/\\\/www.eldigitaldeasturias.com\\\/noticias\\\/category\\\/actualidad\\\/#listItem\",\"name\":\"Actualidad\"}},{\"@type\":\"ListItem\",\"@id\":\"https:\\\/\\\/www.eldigitaldeasturias.com\\\/noticias\\\/category\\\/actualidad\\\/#listItem\",\"position\":2,\"name\":\"Actualidad\",\"item\":\"https:\\\/\\\/www.eldigitaldeasturias.com\\\/noticias\\\/category\\\/actualidad\\\/\",\"nextItem\":{\"@type\":\"ListItem\",\"@id\":\"https:\\\/\\\/www.eldigitaldeasturias.com\\\/noticias\\\/el-pp-pide-en-el-congreso-medidas-para-erradicar-el-plumero-de-la-pampa-en-asturias\\\/#listItem\",\"name\":\"El PP pide en el Congreso medidas para erradicar el Plumero de la Pampa en Asturias\"},\"previousItem\":{\"@type\":\"ListItem\",\"@id\":\"https:\\\/\\\/www.eldigitaldeasturias.com\\\/noticias#listItem\",\"name\":\"Home\"}},{\"@type\":\"ListItem\",\"@id\":\"https:\\\/\\\/www.eldigitaldeasturias.com\\\/noticias\\\/el-pp-pide-en-el-congreso-medidas-para-erradicar-el-plumero-de-la-pampa-en-asturias\\\/#listItem\",\"position\":3,\"name\":\"El PP pide en el Congreso medidas para erradicar el Plumero de la Pampa en Asturias\",\"previousItem\":{\"@type\":\"ListItem\",\"@id\":\"https:\\\/\\\/www.eldigitaldeasturias.com\\\/noticias\\\/category\\\/actualidad\\\/#listItem\",\"name\":\"Actualidad\"}}]},{\"@type\":\"Organization\",\"@id\":\"https:\\\/\\\/www.eldigitaldeasturias.com\\\/noticias\\\/#organization\",\"name\":\"El Digital de Asturias\",\"description\":\"Hemeroteca\",\"url\":\"https:\\\/\\\/www.eldigitaldeasturias.com\\\/noticias\\\/\",\"email\":\"info@eldigitaldeasturias.com\",\"telephone\":\"+34652131393\",\"logo\":{\"@type\":\"ImageObject\",\"url\":\"https:\\\/\\\/www.eldigitaldeasturias.com\\\/noticias\\\/wp-content\\\/uploads\\\/2020\\\/12\\\/EDA.jpg\",\"@id\":\"https:\\\/\\\/www.eldigitaldeasturias.com\\\/noticias\\\/el-pp-pide-en-el-congreso-medidas-para-erradicar-el-plumero-de-la-pampa-en-asturias\\\/#organizationLogo\"},\"image\":{\"@id\":\"https:\\\/\\\/www.eldigitaldeasturias.com\\\/noticias\\\/el-pp-pide-en-el-congreso-medidas-para-erradicar-el-plumero-de-la-pampa-en-asturias\\\/#organizationLogo\"},\"sameAs\":[\"https:\\\/\\\/facebook.com\\\/eldigitaldeasturias\",\"https:\\\/\\\/www.youtube.com\\\/channel\\\/UCZP-2wLEB9Rv6erhFmqVnvg\"],\"address\":{\"@id\":\"https:\\\/\\\/www.eldigitaldeasturias.com\\\/noticias\\\/#postaladdress\",\"@type\":\"PostalAddress\",\"streetAddress\":\"san antonio 4\",\"postalCode\":\"33430\",\"addressLocality\":\"Cand\\u00e1s\",\"addressRegion\":\"Asturias\",\"addressCountry\":\"ES\"}},{\"@type\":\"Person\",\"@id\":\"https:\\\/\\\/www.eldigitaldeasturias.com\\\/noticias\\\/author\\\/admin\\\/#author\",\"url\":\"https:\\\/\\\/www.eldigitaldeasturias.com\\\/noticias\\\/author\\\/admin\\\/\",\"name\":\"El Digital de Asturias\",\"image\":{\"@type\":\"ImageObject\",\"@id\":\"https:\\\/\\\/www.eldigitaldeasturias.com\\\/noticias\\\/el-pp-pide-en-el-congreso-medidas-para-erradicar-el-plumero-de-la-pampa-en-asturias\\\/#authorImage\",\"url\":\"https:\\\/\\\/secure.gravatar.com\\\/avatar\\\/df2aeffc32bcd13f8d26072ef8a91b623d677766deac7f97ca815868cd41bf5e?s=96&d=mm&r=g\",\"width\":96,\"height\":96,\"caption\":\"El Digital de Asturias\"}},{\"@type\":\"WebPage\",\"@id\":\"https:\\\/\\\/www.eldigitaldeasturias.com\\\/noticias\\\/el-pp-pide-en-el-congreso-medidas-para-erradicar-el-plumero-de-la-pampa-en-asturias\\\/#webpage\",\"url\":\"https:\\\/\\\/www.eldigitaldeasturias.com\\\/noticias\\\/el-pp-pide-en-el-congreso-medidas-para-erradicar-el-plumero-de-la-pampa-en-asturias\\\/\",\"name\":\"El PP pide en el Congreso medidas para erradicar el Plumero de la Pampa en Asturias - El Digital de Asturias\",\"description\":\"El Congreso de los Diputados aprob\\u00f3 hoy una iniciativa del Partido Popular en la que se insta al Gobierno a elaborar una estrategia de gesti\\u00f3n, control y erradicaci\\u00f3n del Plumero de la Pampa, en colaboraci\\u00f3n con las comunidades aut\\u00f3nomas afectadas, entre ellas Asturias, y los ayuntamientos. La diputada por Asturias del Partido Popular, Susana L\\u00f3pez\",\"inLanguage\":\"es-ES\",\"isPartOf\":{\"@id\":\"https:\\\/\\\/www.eldigitaldeasturias.com\\\/noticias\\\/#website\"},\"breadcrumb\":{\"@id\":\"https:\\\/\\\/www.eldigitaldeasturias.com\\\/noticias\\\/el-pp-pide-en-el-congreso-medidas-para-erradicar-el-plumero-de-la-pampa-en-asturias\\\/#breadcrumblist\"},\"author\":{\"@id\":\"https:\\\/\\\/www.eldigitaldeasturias.com\\\/noticias\\\/author\\\/admin\\\/#author\"},\"creator\":{\"@id\":\"https:\\\/\\\/www.eldigitaldeasturias.com\\\/noticias\\\/author\\\/admin\\\/#author\"},\"image\":{\"@type\":\"ImageObject\",\"url\":791625,\"@id\":\"https:\\\/\\\/www.eldigitaldeasturias.com\\\/noticias\\\/el-pp-pide-en-el-congreso-medidas-para-erradicar-el-plumero-de-la-pampa-en-asturias\\\/#mainImage\"},\"primaryImageOfPage\":{\"@id\":\"https:\\\/\\\/www.eldigitaldeasturias.com\\\/noticias\\\/el-pp-pide-en-el-congreso-medidas-para-erradicar-el-plumero-de-la-pampa-en-asturias\\\/#mainImage\"},\"datePublished\":\"2018-04-10T13:25:30+02:00\",\"dateModified\":\"2018-04-10T13:25:30+02:00\"},{\"@type\":\"WebSite\",\"@id\":\"https:\\\/\\\/www.eldigitaldeasturias.com\\\/noticias\\\/#website\",\"url\":\"https:\\\/\\\/www.eldigitaldeasturias.com\\\/noticias\\\/\",\"name\":\"El Digital de Asturias - Diario de actualidad y noticias\",\"alternateName\":\"El Digital de Asturias - Diario de actualidad y noticias\",\"description\":\"Hemeroteca\",\"inLanguage\":\"es-ES\",\"publisher\":{\"@id\":\"https:\\\/\\\/www.eldigitaldeasturias.com\\\/noticias\\\/#organization\"}}]}\n\t\t<\/script>\n\t\t<!-- All in One SEO Pro -->\r\n\t\t<title>El PP pide en el Congreso medidas para erradicar el Plumero de la Pampa en Asturias - El Digital de Asturias<\/title>\n\n","aioseo_head_json":{"title":"El PP pide en el Congreso medidas para erradicar el Plumero de la Pampa en Asturias - El Digital de Asturias","description":"El Congreso de los Diputados aprob\u00f3 hoy una iniciativa del Partido Popular en la que se insta al Gobierno a elaborar una estrategia de gesti\u00f3n, control y erradicaci\u00f3n del Plumero de la Pampa, en colaboraci\u00f3n con las comunidades aut\u00f3nomas afectadas, entre ellas Asturias, y los ayuntamientos. La diputada por Asturias del Partido Popular, Susana L\u00f3pez","canonical_url":"https:\/\/www.eldigitaldeasturias.com\/noticias\/el-pp-pide-en-el-congreso-medidas-para-erradicar-el-plumero-de-la-pampa-en-asturias\/","robots":"max-image-preview:large","keywords":"actualidad,actualidad asturias","webmasterTools":{"google-site-verification":"UA-38556648-1","msvalidate.01":"7dfe9f3f1b24437ab69f4f2559babe99","miscellaneous":""},"schema":{"@context":"https:\/\/schema.org","@graph":[{"@type":"BlogPosting","@id":"https:\/\/www.eldigitaldeasturias.com\/noticias\/el-pp-pide-en-el-congreso-medidas-para-erradicar-el-plumero-de-la-pampa-en-asturias\/#blogposting","name":"El PP pide en el Congreso medidas para erradicar el Plumero de la Pampa en Asturias - El Digital de Asturias","headline":"El PP pide en el Congreso medidas para erradicar el Plumero de la Pampa en Asturias","author":{"@id":"https:\/\/www.eldigitaldeasturias.com\/noticias\/author\/admin\/#author"},"publisher":{"@id":"https:\/\/www.eldigitaldeasturias.com\/noticias\/#organization"},"image":{"@type":"ImageObject","url":791625},"datePublished":"2018-04-10T13:25:30+02:00","dateModified":"2018-04-10T13:25:30+02:00","inLanguage":"es-ES","mainEntityOfPage":{"@id":"https:\/\/www.eldigitaldeasturias.com\/noticias\/el-pp-pide-en-el-congreso-medidas-para-erradicar-el-plumero-de-la-pampa-en-asturias\/#webpage"},"isPartOf":{"@id":"https:\/\/www.eldigitaldeasturias.com\/noticias\/el-pp-pide-en-el-congreso-medidas-para-erradicar-el-plumero-de-la-pampa-en-asturias\/#webpage"},"articleSection":"Actualidad, Actualidad Asturias"},{"@type":"BreadcrumbList","@id":"https:\/\/www.eldigitaldeasturias.com\/noticias\/el-pp-pide-en-el-congreso-medidas-para-erradicar-el-plumero-de-la-pampa-en-asturias\/#breadcrumblist","itemListElement":[{"@type":"ListItem","@id":"https:\/\/www.eldigitaldeasturias.com\/noticias#listItem","position":1,"name":"Home","item":"https:\/\/www.eldigitaldeasturias.com\/noticias","nextItem":{"@type":"ListItem","@id":"https:\/\/www.eldigitaldeasturias.com\/noticias\/category\/actualidad\/#listItem","name":"Actualidad"}},{"@type":"ListItem","@id":"https:\/\/www.eldigitaldeasturias.com\/noticias\/category\/actualidad\/#listItem","position":2,"name":"Actualidad","item":"https:\/\/www.eldigitaldeasturias.com\/noticias\/category\/actualidad\/","nextItem":{"@type":"ListItem","@id":"https:\/\/www.eldigitaldeasturias.com\/noticias\/el-pp-pide-en-el-congreso-medidas-para-erradicar-el-plumero-de-la-pampa-en-asturias\/#listItem","name":"El PP pide en el Congreso medidas para erradicar el Plumero de la Pampa en Asturias"},"previousItem":{"@type":"ListItem","@id":"https:\/\/www.eldigitaldeasturias.com\/noticias#listItem","name":"Home"}},{"@type":"ListItem","@id":"https:\/\/www.eldigitaldeasturias.com\/noticias\/el-pp-pide-en-el-congreso-medidas-para-erradicar-el-plumero-de-la-pampa-en-asturias\/#listItem","position":3,"name":"El PP pide en el Congreso medidas para erradicar el Plumero de la Pampa en Asturias","previousItem":{"@type":"ListItem","@id":"https:\/\/www.eldigitaldeasturias.com\/noticias\/category\/actualidad\/#listItem","name":"Actualidad"}}]},{"@type":"Organization","@id":"https:\/\/www.eldigitaldeasturias.com\/noticias\/#organization","name":"El Digital de Asturias","description":"Hemeroteca","url":"https:\/\/www.eldigitaldeasturias.com\/noticias\/","email":"info@eldigitaldeasturias.com","telephone":"+34652131393","logo":{"@type":"ImageObject","url":"https:\/\/www.eldigitaldeasturias.com\/noticias\/wp-content\/uploads\/2020\/12\/EDA.jpg","@id":"https:\/\/www.eldigitaldeasturias.com\/noticias\/el-pp-pide-en-el-congreso-medidas-para-erradicar-el-plumero-de-la-pampa-en-asturias\/#organizationLogo"},"image":{"@id":"https:\/\/www.eldigitaldeasturias.com\/noticias\/el-pp-pide-en-el-congreso-medidas-para-erradicar-el-plumero-de-la-pampa-en-asturias\/#organizationLogo"},"sameAs":["https:\/\/facebook.com\/eldigitaldeasturias","https:\/\/www.youtube.com\/channel\/UCZP-2wLEB9Rv6erhFmqVnvg"],"address":{"@id":"https:\/\/www.eldigitaldeasturias.com\/noticias\/#postaladdress","@type":"PostalAddress","streetAddress":"san antonio 4","postalCode":"33430","addressLocality":"Cand\u00e1s","addressRegion":"Asturias","addressCountry":"ES"}},{"@type":"Person","@id":"https:\/\/www.eldigitaldeasturias.com\/noticias\/author\/admin\/#author","url":"https:\/\/www.eldigitaldeasturias.com\/noticias\/author\/admin\/","name":"El Digital de Asturias","image":{"@type":"ImageObject","@id":"https:\/\/www.eldigitaldeasturias.com\/noticias\/el-pp-pide-en-el-congreso-medidas-para-erradicar-el-plumero-de-la-pampa-en-asturias\/#authorImage","url":"https:\/\/secure.gravatar.com\/avatar\/df2aeffc32bcd13f8d26072ef8a91b623d677766deac7f97ca815868cd41bf5e?s=96&d=mm&r=g","width":96,"height":96,"caption":"El Digital de Asturias"}},{"@type":"WebPage","@id":"https:\/\/www.eldigitaldeasturias.com\/noticias\/el-pp-pide-en-el-congreso-medidas-para-erradicar-el-plumero-de-la-pampa-en-asturias\/#webpage","url":"https:\/\/www.eldigitaldeasturias.com\/noticias\/el-pp-pide-en-el-congreso-medidas-para-erradicar-el-plumero-de-la-pampa-en-asturias\/","name":"El PP pide en el Congreso medidas para erradicar el Plumero de la Pampa en Asturias - El Digital de Asturias","description":"El Congreso de los Diputados aprob\u00f3 hoy una iniciativa del Partido Popular en la que se insta al Gobierno a elaborar una estrategia de gesti\u00f3n, control y erradicaci\u00f3n del Plumero de la Pampa, en colaboraci\u00f3n con las comunidades aut\u00f3nomas afectadas, entre ellas Asturias, y los ayuntamientos. La diputada por Asturias del Partido Popular, Susana L\u00f3pez","inLanguage":"es-ES","isPartOf":{"@id":"https:\/\/www.eldigitaldeasturias.com\/noticias\/#website"},"breadcrumb":{"@id":"https:\/\/www.eldigitaldeasturias.com\/noticias\/el-pp-pide-en-el-congreso-medidas-para-erradicar-el-plumero-de-la-pampa-en-asturias\/#breadcrumblist"},"author":{"@id":"https:\/\/www.eldigitaldeasturias.com\/noticias\/author\/admin\/#author"},"creator":{"@id":"https:\/\/www.eldigitaldeasturias.com\/noticias\/author\/admin\/#author"},"image":{"@type":"ImageObject","url":791625,"@id":"https:\/\/www.eldigitaldeasturias.com\/noticias\/el-pp-pide-en-el-congreso-medidas-para-erradicar-el-plumero-de-la-pampa-en-asturias\/#mainImage"},"primaryImageOfPage":{"@id":"https:\/\/www.eldigitaldeasturias.com\/noticias\/el-pp-pide-en-el-congreso-medidas-para-erradicar-el-plumero-de-la-pampa-en-asturias\/#mainImage"},"datePublished":"2018-04-10T13:25:30+02:00","dateModified":"2018-04-10T13:25:30+02:00"},{"@type":"WebSite","@id":"https:\/\/www.eldigitaldeasturias.com\/noticias\/#website","url":"https:\/\/www.eldigitaldeasturias.com\/noticias\/","name":"El Digital de Asturias - Diario de actualidad y noticias","alternateName":"El Digital de Asturias - Diario de actualidad y noticias","description":"Hemeroteca","inLanguage":"es-ES","publisher":{"@id":"https:\/\/www.eldigitaldeasturias.com\/noticias\/#organization"}}]},"og:locale":"es_ES","og:site_name":"El Digital de Asturias","og:type":"article","og:title":"El PP pide en el Congreso medidas para erradicar el Plumero de la Pampa en Asturias - El Digital de Asturias","og:description":"El Congreso de los Diputados aprob\u00f3 hoy una iniciativa del Partido Popular en la que se insta al Gobierno a elaborar una estrategia de gesti\u00f3n, control y erradicaci\u00f3n del Plumero de la Pampa, en colaboraci\u00f3n con las comunidades aut\u00f3nomas afectadas, entre ellas Asturias, y los ayuntamientos. La diputada por Asturias del Partido Popular, Susana L\u00f3pez","og:url":"https:\/\/www.eldigitaldeasturias.com\/noticias\/el-pp-pide-en-el-congreso-medidas-para-erradicar-el-plumero-de-la-pampa-en-asturias\/","article:tag":["actualidad","actualidad asturias"],"article:published_time":"2018-04-10T13:25:30+00:00","article:modified_time":"2018-04-10T13:25:30+00:00","article:publisher":"https:\/\/facebook.com\/eldigitaldeasturias","twitter:card":"summary_large_image","twitter:title":"El PP pide en el Congreso medidas para erradicar el Plumero de la Pampa en Asturias - El Digital de Asturias","twitter:description":"El Congreso de los Diputados aprob\u00f3 hoy una iniciativa del Partido Popular en la que se insta al Gobierno a elaborar una estrategia de gesti\u00f3n, control y erradicaci\u00f3n del Plumero de la Pampa, en colaboraci\u00f3n con las comunidades aut\u00f3nomas afectadas, entre ellas Asturias, y los ayuntamientos. La diputada por Asturias del Partido Popular, Susana L\u00f3pez","twitter:image":"https:\/\/www.eldigitaldeasturias.com\/noticias\/wp-content\/uploads\/2020\/12\/EDA-1.jpg","twitter:label1":"Escrito por","twitter:data1":"El Digital de Asturias","twitter:label2":"Tiempo de lectura estimado","twitter:data2":"1 minuto"},"aioseo_meta_data":{"post_id":"975476","title":null,"description":null,"keywords":null,"keyphrases":null,"primary_term":null,"canonical_url":null,"og_title":null,"og_description":null,"og_object_type":"default","og_image_type":"default","og_image_url":null,"og_image_width":null,"og_image_height":null,"og_image_custom_url":null,"og_image_custom_fields":null,"og_video":null,"og_custom_url":null,"og_article_section":null,"og_article_tags":null,"twitter_use_og":false,"twitter_card":"default","twitter_image_type":"default","twitter_image_url":null,"twitter_image_custom_url":null,"twitter_image_custom_fields":null,"twitter_title":null,"twitter_description":null,"schema":{"blockGraphs":[],"customGraphs":[],"default":{"data":{"Article":[],"Course":[],"Dataset":[],"FAQPage":[],"Movie":[],"Person":[],"Product":[],"ProductReview":[],"Car":[],"Recipe":[],"Service":[],"SoftwareApplication":[],"WebPage":[]},"graphName":"","isEnabled":true},"graphs":[],"defaultGraph":"","defaultPostTypeGraph":""},"schema_type":null,"schema_type_options":null,"pillar_content":false,"robots_default":true,"robots_noindex":false,"robots_noarchive":false,"robots_nosnippet":false,"robots_nofollow":false,"robots_noimageindex":false,"robots_noodp":false,"robots_notranslate":false,"robots_max_snippet":null,"robots_max_videopreview":null,"robots_max_imagepreview":"large","priority":null,"frequency":null,"local_seo":null,"seo_analyzer_scan_date":"2025-10-08 00:04:12","breadcrumb_settings":null,"limit_modified_date":false,"open_ai":null,"ai":null,"created":"2020-12-21 12:10:41","updated":"2025-10-08 00:04:12","focus_keyword":null,"additional_keywords":null,"truseo_locale":null},"aioseo_breadcrumb":"<div class=\"aioseo-breadcrumbs\"><span class=\"aioseo-breadcrumb\">\n\t<a href=\"https:\/\/www.eldigitaldeasturias.com\/noticias\" title=\"Home\">Home<\/a>\n<\/span><span class=\"aioseo-breadcrumb-separator\">\u2013<\/span><span class=\"aioseo-breadcrumb\">\n\t<a href=\"https:\/\/www.eldigitaldeasturias.com\/noticias\/category\/actualidad\/\" title=\"Actualidad\">Actualidad<\/a>\n<\/span><span class=\"aioseo-breadcrumb-separator\">\u2013<\/span><span class=\"aioseo-breadcrumb\">\n\t<a href=\"https:\/\/www.eldigitaldeasturias.com\/noticias\/el-pp-pide-en-el-congreso-medidas-para-erradicar-el-plumero-de-la-pampa-en-asturias\/\" title=\"El PP pide en el Congreso medidas para erradicar el Plumero de la Pampa en Asturias\">El PP pide en el Congreso medidas para erradicar el Plumero de la Pampa en Asturias<\/a>\n<\/span><\/div>","aioseo_breadcrumb_json":[{"label":"Home","link":"https:\/\/www.eldigitaldeasturias.com\/noticias"},{"label":"Actualidad","link":"https:\/\/www.eldigitaldeasturias.com\/noticias\/category\/actualidad\/"},{"label":"El PP pide en el Congreso medidas para erradicar el Plumero de la Pampa en Asturias","link":"https:\/\/www.eldigitaldeasturias.com\/noticias\/el-pp-pide-en-el-congreso-medidas-para-erradicar-el-plumero-de-la-pampa-en-asturias\/"}],"_links":{"self":[{"href":"https:\/\/www.eldigitaldeasturias.com\/noticias\/wp-json\/wp\/v2\/posts\/975476","targetHints":{"allow":["GET"]}}],"collection":[{"href":"https:\/\/www.eldigitaldeasturias.com\/noticias\/wp-json\/wp\/v2\/posts"}],"about":[{"href":"https:\/\/www.eldigitaldeasturias.com\/noticias\/wp-json\/wp\/v2\/types\/post"}],"author":[{"embeddable":true,"href":"https:\/\/www.eldigitaldeasturias.com\/noticias\/wp-json\/wp\/v2\/users\/1"}],"replies":[{"embeddable":true,"href":"https:\/\/www.eldigitaldeasturias.com\/noticias\/wp-json\/wp\/v2\/comments?post=975476"}],"version-history":[{"count":0,"href":"https:\/\/www.eldigitaldeasturias.com\/noticias\/wp-json\/wp\/v2\/posts\/975476\/revisions"}],"wp:attachment":[{"href":"https:\/\/www.eldigitaldeasturias.com\/noticias\/wp-json\/wp\/v2\/media?parent=975476"}],"wp:term":[{"taxonomy":"category","embeddable":true,"href":"https:\/\/www.eldigitaldeasturias.com\/noticias\/wp-json\/wp\/v2\/categories?post=975476"},{"taxonomy":"post_tag","embeddable":true,"href":"https:\/\/www.eldigitaldeasturias.com\/noticias\/wp-json\/wp\/v2\/tags?post=975476"}],"curies":[{"name":"wp","href":"https:\/\/api.w.org\/{rel}","templated":true}]}}