{"id":975432,"date":"2018-04-09T18:33:29","date_gmt":"2018-04-09T18:33:29","guid":{"rendered":"http:\/\/www.eldigitaldeasturias.com\/noticias\/?p=975432"},"modified":"2018-04-09T18:33:29","modified_gmt":"2018-04-09T18:33:29","slug":"la-extrema-derecha-europea-celebra-la-victoria-de-orban","status":"publish","type":"post","link":"https:\/\/www.eldigitaldeasturias.com\/noticias\/la-extrema-derecha-europea-celebra-la-victoria-de-orban\/","title":{"rendered":"La extrema derecha europea celebra la victoria de Orban"},"content":{"rendered":"<p><img loading=\"lazy\" decoding=\"async\" class=\"alignleft size-medium wp-image-583110\" src=\"https:\/\/www.eldigitaldeasturias.com\/noticias\/wp-content\/uploads\/2014\/08\/6560500w-336x320.jpg\" alt=\"\" width=\"336\" height=\"320\" \/>Berl\u00edn, 9 abr (dpa) &#8211; Los l\u00edderes de los partidos europeos de extrema derecha festejaron hoy la victoria del primer ministro de Hungr\u00eda, Viktor Orban, un pol\u00edtico euroesc\u00e9ptico y antiimigraci\u00f3n, en las elecciones celebradas el domingo en su pa\u00eds.<\/p>\n<p>La presidenta del partido franc\u00e9s Frente Nacional, Marine Le Pen, calific\u00f3 el resultado de las elecciones h\u00fangaras como una \u00abgran victoria clara\u00bb.<\/p>\n<p>\u00abLos desquiciados valores y la masiva inmigraci\u00f3n que predica la UE (Uni\u00f3n Europea) una vez m\u00e1s han sido rechazados. \u00a1Los nacionalistas pueden lograr una mayor\u00eda en Europa en las elecciones europeas de 2019!\u00bb, escribi\u00f3 Le Pen en Twitter.<\/p>\n<p>Por su parte, el l\u00edder del partido ultraderechista italiano Liga, Matteo Salvini, dijo en Twitter: \u00abHungr\u00eda ha votado con el coraz\u00f3n y la mente ignorando a Bruselas. Buena suerte para el presidente Orban. Espero reunirme pronto con usted como primer ministro de Italia\u00bb.<\/p>\n<p>El l\u00edder populista de derechas de Holanda Geert Wilders calific\u00f3 los resultados electorales en Hungr\u00eda de \u00abexcelentes y muy merecidos\u00bb.<\/p>\n<p>El l\u00edder del Partido de la Libertad de Austria en el Parlamento Europeo, Harald Vilimsky, escribi\u00f3 en Facebook: \u00ab\u00a1Fant\u00e1stico! Mis m\u00e1s sinceras felicitaciones\u00bb.<\/p>\n<p>&nbsp;<\/p>\n","protected":false},"excerpt":{"rendered":"<p>Berl\u00edn, 9 abr (dpa) &#8211; Los l\u00edderes de los partidos europeos de extrema derecha festejaron hoy la victoria del primer ministro de Hungr\u00eda, Viktor Orban, un pol\u00edtico euroesc\u00e9ptico y antiimigraci\u00f3n, en las elecciones celebradas el domingo en su pa\u00eds. La presidenta del partido franc\u00e9s Frente Nacional, Marine Le Pen, calific\u00f3 el resultado de las elecciones [&hellip;]<\/p>\n","protected":false},"author":1,"featured_media":583110,"comment_status":"closed","ping_status":"closed","sticky":false,"template":"","format":"standard","meta":{"footnotes":""},"categories":[1],"tags":[],"class_list":["post-975432","post","type-post","status-publish","format-standard","has-post-thumbnail","hentry","category-actualidad"],"aioseo_notices":[],"aioseo_head":"\n\t\t<!-- All in One SEO Pro 5.0.1 - aioseo.com -->\n\t<meta name=\"description\" content=\"Berl\u00edn, 9 abr (dpa) - Los l\u00edderes de los partidos europeos de extrema derecha festejaron hoy la victoria del primer ministro de Hungr\u00eda, Viktor Orban, un pol\u00edtico euroesc\u00e9ptico y antiimigraci\u00f3n, en las elecciones celebradas el domingo en su pa\u00eds. La presidenta del partido franc\u00e9s Frente Nacional, Marine Le Pen, calific\u00f3 el resultado de las elecciones\" \/>\n\t<meta name=\"robots\" content=\"max-image-preview:large\" \/>\n\t<meta name=\"author\" content=\"El Digital de Asturias\"\/>\n\t<meta name=\"google-site-verification\" content=\"UA-38556648-1\" \/>\n\t<meta name=\"msvalidate.01\" content=\"7dfe9f3f1b24437ab69f4f2559babe99\" \/>\n\t<meta name=\"keywords\" content=\"actualidad\" \/>\n\t<link rel=\"canonical\" href=\"https:\/\/www.eldigitaldeasturias.com\/noticias\/la-extrema-derecha-europea-celebra-la-victoria-de-orban\/\" \/>\n\t<meta name=\"generator\" content=\"All in One SEO Pro (AIOSEO) 5.0.1\" \/>\n\t\t<meta property=\"og:locale\" content=\"es_ES\" \/>\n\t\t<meta property=\"og:site_name\" content=\"El Digital de Asturias\" \/>\n\t\t<meta property=\"og:type\" content=\"article\" \/>\n\t\t<meta property=\"og:title\" content=\"La extrema derecha europea celebra la victoria de Orban - El Digital de Asturias\" \/>\n\t\t<meta property=\"og:description\" content=\"Berl\u00edn, 9 abr (dpa) - Los l\u00edderes de los partidos europeos de extrema derecha festejaron hoy la victoria del primer ministro de Hungr\u00eda, Viktor Orban, un pol\u00edtico euroesc\u00e9ptico y antiimigraci\u00f3n, en las elecciones celebradas el domingo en su pa\u00eds. La presidenta del partido franc\u00e9s Frente Nacional, Marine Le Pen, calific\u00f3 el resultado de las elecciones\" \/>\n\t\t<meta property=\"og:url\" content=\"https:\/\/www.eldigitaldeasturias.com\/noticias\/la-extrema-derecha-europea-celebra-la-victoria-de-orban\/\" \/>\n\t\t<meta property=\"article:tag\" content=\"actualidad\" \/>\n\t\t<meta property=\"article:published_time\" content=\"2018-04-09T18:33:29+00:00\" \/>\n\t\t<meta property=\"article:modified_time\" content=\"2018-04-09T18:33:29+00:00\" \/>\n\t\t<meta property=\"article:publisher\" content=\"https:\/\/facebook.com\/eldigitaldeasturias\" \/>\n\t\t<meta name=\"twitter:card\" content=\"summary_large_image\" \/>\n\t\t<meta name=\"twitter:title\" content=\"La extrema derecha europea celebra la victoria de Orban - El Digital de Asturias\" \/>\n\t\t<meta name=\"twitter:description\" content=\"Berl\u00edn, 9 abr (dpa) - Los l\u00edderes de los partidos europeos de extrema derecha festejaron hoy la victoria del primer ministro de Hungr\u00eda, Viktor Orban, un pol\u00edtico euroesc\u00e9ptico y antiimigraci\u00f3n, en las elecciones celebradas el domingo en su pa\u00eds. La presidenta del partido franc\u00e9s Frente Nacional, Marine Le Pen, calific\u00f3 el resultado de las elecciones\" \/>\n\t\t<meta name=\"twitter:image\" content=\"https:\/\/www.eldigitaldeasturias.com\/noticias\/wp-content\/uploads\/2020\/12\/EDA-1.jpg\" \/>\n\t\t<meta name=\"twitter:label1\" content=\"Escrito por\" \/>\n\t\t<meta name=\"twitter:data1\" content=\"El Digital de Asturias\" \/>\n\t\t<meta name=\"twitter:label2\" content=\"Tiempo de lectura estimado\" \/>\n\t\t<meta name=\"twitter:data2\" content=\"1 minuto\" \/>\n\t\t<script type=\"application\/ld+json\" class=\"aioseo-schema\">\n\t\t\t{\"@context\":\"https:\\\/\\\/schema.org\",\"@graph\":[{\"@type\":\"BlogPosting\",\"@id\":\"https:\\\/\\\/www.eldigitaldeasturias.com\\\/noticias\\\/la-extrema-derecha-europea-celebra-la-victoria-de-orban\\\/#blogposting\",\"name\":\"La extrema derecha europea celebra la victoria de Orban - El Digital de Asturias\",\"headline\":\"La extrema derecha europea celebra la victoria de Orban\",\"author\":{\"@id\":\"https:\\\/\\\/www.eldigitaldeasturias.com\\\/noticias\\\/author\\\/admin\\\/#author\"},\"publisher\":{\"@id\":\"https:\\\/\\\/www.eldigitaldeasturias.com\\\/noticias\\\/#organization\"},\"image\":{\"@type\":\"ImageObject\",\"url\":583110},\"datePublished\":\"2018-04-09T18:33:29+02:00\",\"dateModified\":\"2018-04-09T18:33:29+02:00\",\"inLanguage\":\"es-ES\",\"mainEntityOfPage\":{\"@id\":\"https:\\\/\\\/www.eldigitaldeasturias.com\\\/noticias\\\/la-extrema-derecha-europea-celebra-la-victoria-de-orban\\\/#webpage\"},\"isPartOf\":{\"@id\":\"https:\\\/\\\/www.eldigitaldeasturias.com\\\/noticias\\\/la-extrema-derecha-europea-celebra-la-victoria-de-orban\\\/#webpage\"},\"articleSection\":\"Actualidad\"},{\"@type\":\"BreadcrumbList\",\"@id\":\"https:\\\/\\\/www.eldigitaldeasturias.com\\\/noticias\\\/la-extrema-derecha-europea-celebra-la-victoria-de-orban\\\/#breadcrumblist\",\"itemListElement\":[{\"@type\":\"ListItem\",\"@id\":\"https:\\\/\\\/www.eldigitaldeasturias.com\\\/noticias#listItem\",\"position\":1,\"name\":\"Home\",\"item\":\"https:\\\/\\\/www.eldigitaldeasturias.com\\\/noticias\",\"nextItem\":{\"@type\":\"ListItem\",\"@id\":\"https:\\\/\\\/www.eldigitaldeasturias.com\\\/noticias\\\/category\\\/actualidad\\\/#listItem\",\"name\":\"Actualidad\"}},{\"@type\":\"ListItem\",\"@id\":\"https:\\\/\\\/www.eldigitaldeasturias.com\\\/noticias\\\/category\\\/actualidad\\\/#listItem\",\"position\":2,\"name\":\"Actualidad\",\"item\":\"https:\\\/\\\/www.eldigitaldeasturias.com\\\/noticias\\\/category\\\/actualidad\\\/\",\"nextItem\":{\"@type\":\"ListItem\",\"@id\":\"https:\\\/\\\/www.eldigitaldeasturias.com\\\/noticias\\\/la-extrema-derecha-europea-celebra-la-victoria-de-orban\\\/#listItem\",\"name\":\"La extrema derecha europea celebra la victoria de Orban\"},\"previousItem\":{\"@type\":\"ListItem\",\"@id\":\"https:\\\/\\\/www.eldigitaldeasturias.com\\\/noticias#listItem\",\"name\":\"Home\"}},{\"@type\":\"ListItem\",\"@id\":\"https:\\\/\\\/www.eldigitaldeasturias.com\\\/noticias\\\/la-extrema-derecha-europea-celebra-la-victoria-de-orban\\\/#listItem\",\"position\":3,\"name\":\"La extrema derecha europea celebra la victoria de Orban\",\"previousItem\":{\"@type\":\"ListItem\",\"@id\":\"https:\\\/\\\/www.eldigitaldeasturias.com\\\/noticias\\\/category\\\/actualidad\\\/#listItem\",\"name\":\"Actualidad\"}}]},{\"@type\":\"Organization\",\"@id\":\"https:\\\/\\\/www.eldigitaldeasturias.com\\\/noticias\\\/#organization\",\"name\":\"El Digital de Asturias\",\"description\":\"Hemeroteca\",\"url\":\"https:\\\/\\\/www.eldigitaldeasturias.com\\\/noticias\\\/\",\"email\":\"info@eldigitaldeasturias.com\",\"telephone\":\"+34652131393\",\"logo\":{\"@type\":\"ImageObject\",\"url\":\"https:\\\/\\\/www.eldigitaldeasturias.com\\\/noticias\\\/wp-content\\\/uploads\\\/2020\\\/12\\\/EDA.jpg\",\"@id\":\"https:\\\/\\\/www.eldigitaldeasturias.com\\\/noticias\\\/la-extrema-derecha-europea-celebra-la-victoria-de-orban\\\/#organizationLogo\"},\"image\":{\"@id\":\"https:\\\/\\\/www.eldigitaldeasturias.com\\\/noticias\\\/la-extrema-derecha-europea-celebra-la-victoria-de-orban\\\/#organizationLogo\"},\"sameAs\":[\"https:\\\/\\\/facebook.com\\\/eldigitaldeasturias\",\"https:\\\/\\\/www.youtube.com\\\/channel\\\/UCZP-2wLEB9Rv6erhFmqVnvg\"],\"address\":{\"@id\":\"https:\\\/\\\/www.eldigitaldeasturias.com\\\/noticias\\\/#postaladdress\",\"@type\":\"PostalAddress\",\"streetAddress\":\"san antonio 4\",\"postalCode\":\"33430\",\"addressLocality\":\"Cand\\u00e1s\",\"addressRegion\":\"Asturias\",\"addressCountry\":\"ES\"}},{\"@type\":\"Person\",\"@id\":\"https:\\\/\\\/www.eldigitaldeasturias.com\\\/noticias\\\/author\\\/admin\\\/#author\",\"url\":\"https:\\\/\\\/www.eldigitaldeasturias.com\\\/noticias\\\/author\\\/admin\\\/\",\"name\":\"El Digital de Asturias\",\"image\":{\"@type\":\"ImageObject\",\"@id\":\"https:\\\/\\\/www.eldigitaldeasturias.com\\\/noticias\\\/la-extrema-derecha-europea-celebra-la-victoria-de-orban\\\/#authorImage\",\"url\":\"https:\\\/\\\/secure.gravatar.com\\\/avatar\\\/df2aeffc32bcd13f8d26072ef8a91b623d677766deac7f97ca815868cd41bf5e?s=96&d=mm&r=g\",\"width\":96,\"height\":96,\"caption\":\"El Digital de Asturias\"}},{\"@type\":\"WebPage\",\"@id\":\"https:\\\/\\\/www.eldigitaldeasturias.com\\\/noticias\\\/la-extrema-derecha-europea-celebra-la-victoria-de-orban\\\/#webpage\",\"url\":\"https:\\\/\\\/www.eldigitaldeasturias.com\\\/noticias\\\/la-extrema-derecha-europea-celebra-la-victoria-de-orban\\\/\",\"name\":\"La extrema derecha europea celebra la victoria de Orban - El Digital de Asturias\",\"description\":\"Berl\\u00edn, 9 abr (dpa) - Los l\\u00edderes de los partidos europeos de extrema derecha festejaron hoy la victoria del primer ministro de Hungr\\u00eda, Viktor Orban, un pol\\u00edtico euroesc\\u00e9ptico y antiimigraci\\u00f3n, en las elecciones celebradas el domingo en su pa\\u00eds. La presidenta del partido franc\\u00e9s Frente Nacional, Marine Le Pen, calific\\u00f3 el resultado de las elecciones\",\"inLanguage\":\"es-ES\",\"isPartOf\":{\"@id\":\"https:\\\/\\\/www.eldigitaldeasturias.com\\\/noticias\\\/#website\"},\"breadcrumb\":{\"@id\":\"https:\\\/\\\/www.eldigitaldeasturias.com\\\/noticias\\\/la-extrema-derecha-europea-celebra-la-victoria-de-orban\\\/#breadcrumblist\"},\"author\":{\"@id\":\"https:\\\/\\\/www.eldigitaldeasturias.com\\\/noticias\\\/author\\\/admin\\\/#author\"},\"creator\":{\"@id\":\"https:\\\/\\\/www.eldigitaldeasturias.com\\\/noticias\\\/author\\\/admin\\\/#author\"},\"image\":{\"@type\":\"ImageObject\",\"url\":583110,\"@id\":\"https:\\\/\\\/www.eldigitaldeasturias.com\\\/noticias\\\/la-extrema-derecha-europea-celebra-la-victoria-de-orban\\\/#mainImage\"},\"primaryImageOfPage\":{\"@id\":\"https:\\\/\\\/www.eldigitaldeasturias.com\\\/noticias\\\/la-extrema-derecha-europea-celebra-la-victoria-de-orban\\\/#mainImage\"},\"datePublished\":\"2018-04-09T18:33:29+02:00\",\"dateModified\":\"2018-04-09T18:33:29+02:00\"},{\"@type\":\"WebSite\",\"@id\":\"https:\\\/\\\/www.eldigitaldeasturias.com\\\/noticias\\\/#website\",\"url\":\"https:\\\/\\\/www.eldigitaldeasturias.com\\\/noticias\\\/\",\"name\":\"El Digital de Asturias - Diario de actualidad y noticias\",\"alternateName\":\"El Digital de Asturias - Diario de actualidad y noticias\",\"description\":\"Hemeroteca\",\"inLanguage\":\"es-ES\",\"publisher\":{\"@id\":\"https:\\\/\\\/www.eldigitaldeasturias.com\\\/noticias\\\/#organization\"}}]}\n\t\t<\/script>\n\t\t<!-- All in One SEO Pro -->\r\n\t\t<title>La extrema derecha europea celebra la victoria de Orban - El Digital de Asturias<\/title>\n\n","aioseo_head_json":{"title":"La extrema derecha europea celebra la victoria de Orban - El Digital de Asturias","description":"Berl\u00edn, 9 abr (dpa) - Los l\u00edderes de los partidos europeos de extrema derecha festejaron hoy la victoria del primer ministro de Hungr\u00eda, Viktor Orban, un pol\u00edtico euroesc\u00e9ptico y antiimigraci\u00f3n, en las elecciones celebradas el domingo en su pa\u00eds. La presidenta del partido franc\u00e9s Frente Nacional, Marine Le Pen, calific\u00f3 el resultado de las elecciones","canonical_url":"https:\/\/www.eldigitaldeasturias.com\/noticias\/la-extrema-derecha-europea-celebra-la-victoria-de-orban\/","robots":"max-image-preview:large","keywords":"actualidad","webmasterTools":{"google-site-verification":"UA-38556648-1","msvalidate.01":"7dfe9f3f1b24437ab69f4f2559babe99","miscellaneous":""},"schema":{"@context":"https:\/\/schema.org","@graph":[{"@type":"BlogPosting","@id":"https:\/\/www.eldigitaldeasturias.com\/noticias\/la-extrema-derecha-europea-celebra-la-victoria-de-orban\/#blogposting","name":"La extrema derecha europea celebra la victoria de Orban - El Digital de Asturias","headline":"La extrema derecha europea celebra la victoria de Orban","author":{"@id":"https:\/\/www.eldigitaldeasturias.com\/noticias\/author\/admin\/#author"},"publisher":{"@id":"https:\/\/www.eldigitaldeasturias.com\/noticias\/#organization"},"image":{"@type":"ImageObject","url":583110},"datePublished":"2018-04-09T18:33:29+02:00","dateModified":"2018-04-09T18:33:29+02:00","inLanguage":"es-ES","mainEntityOfPage":{"@id":"https:\/\/www.eldigitaldeasturias.com\/noticias\/la-extrema-derecha-europea-celebra-la-victoria-de-orban\/#webpage"},"isPartOf":{"@id":"https:\/\/www.eldigitaldeasturias.com\/noticias\/la-extrema-derecha-europea-celebra-la-victoria-de-orban\/#webpage"},"articleSection":"Actualidad"},{"@type":"BreadcrumbList","@id":"https:\/\/www.eldigitaldeasturias.com\/noticias\/la-extrema-derecha-europea-celebra-la-victoria-de-orban\/#breadcrumblist","itemListElement":[{"@type":"ListItem","@id":"https:\/\/www.eldigitaldeasturias.com\/noticias#listItem","position":1,"name":"Home","item":"https:\/\/www.eldigitaldeasturias.com\/noticias","nextItem":{"@type":"ListItem","@id":"https:\/\/www.eldigitaldeasturias.com\/noticias\/category\/actualidad\/#listItem","name":"Actualidad"}},{"@type":"ListItem","@id":"https:\/\/www.eldigitaldeasturias.com\/noticias\/category\/actualidad\/#listItem","position":2,"name":"Actualidad","item":"https:\/\/www.eldigitaldeasturias.com\/noticias\/category\/actualidad\/","nextItem":{"@type":"ListItem","@id":"https:\/\/www.eldigitaldeasturias.com\/noticias\/la-extrema-derecha-europea-celebra-la-victoria-de-orban\/#listItem","name":"La extrema derecha europea celebra la victoria de Orban"},"previousItem":{"@type":"ListItem","@id":"https:\/\/www.eldigitaldeasturias.com\/noticias#listItem","name":"Home"}},{"@type":"ListItem","@id":"https:\/\/www.eldigitaldeasturias.com\/noticias\/la-extrema-derecha-europea-celebra-la-victoria-de-orban\/#listItem","position":3,"name":"La extrema derecha europea celebra la victoria de Orban","previousItem":{"@type":"ListItem","@id":"https:\/\/www.eldigitaldeasturias.com\/noticias\/category\/actualidad\/#listItem","name":"Actualidad"}}]},{"@type":"Organization","@id":"https:\/\/www.eldigitaldeasturias.com\/noticias\/#organization","name":"El Digital de Asturias","description":"Hemeroteca","url":"https:\/\/www.eldigitaldeasturias.com\/noticias\/","email":"info@eldigitaldeasturias.com","telephone":"+34652131393","logo":{"@type":"ImageObject","url":"https:\/\/www.eldigitaldeasturias.com\/noticias\/wp-content\/uploads\/2020\/12\/EDA.jpg","@id":"https:\/\/www.eldigitaldeasturias.com\/noticias\/la-extrema-derecha-europea-celebra-la-victoria-de-orban\/#organizationLogo"},"image":{"@id":"https:\/\/www.eldigitaldeasturias.com\/noticias\/la-extrema-derecha-europea-celebra-la-victoria-de-orban\/#organizationLogo"},"sameAs":["https:\/\/facebook.com\/eldigitaldeasturias","https:\/\/www.youtube.com\/channel\/UCZP-2wLEB9Rv6erhFmqVnvg"],"address":{"@id":"https:\/\/www.eldigitaldeasturias.com\/noticias\/#postaladdress","@type":"PostalAddress","streetAddress":"san antonio 4","postalCode":"33430","addressLocality":"Cand\u00e1s","addressRegion":"Asturias","addressCountry":"ES"}},{"@type":"Person","@id":"https:\/\/www.eldigitaldeasturias.com\/noticias\/author\/admin\/#author","url":"https:\/\/www.eldigitaldeasturias.com\/noticias\/author\/admin\/","name":"El Digital de Asturias","image":{"@type":"ImageObject","@id":"https:\/\/www.eldigitaldeasturias.com\/noticias\/la-extrema-derecha-europea-celebra-la-victoria-de-orban\/#authorImage","url":"https:\/\/secure.gravatar.com\/avatar\/df2aeffc32bcd13f8d26072ef8a91b623d677766deac7f97ca815868cd41bf5e?s=96&d=mm&r=g","width":96,"height":96,"caption":"El Digital de Asturias"}},{"@type":"WebPage","@id":"https:\/\/www.eldigitaldeasturias.com\/noticias\/la-extrema-derecha-europea-celebra-la-victoria-de-orban\/#webpage","url":"https:\/\/www.eldigitaldeasturias.com\/noticias\/la-extrema-derecha-europea-celebra-la-victoria-de-orban\/","name":"La extrema derecha europea celebra la victoria de Orban - El Digital de Asturias","description":"Berl\u00edn, 9 abr (dpa) - Los l\u00edderes de los partidos europeos de extrema derecha festejaron hoy la victoria del primer ministro de Hungr\u00eda, Viktor Orban, un pol\u00edtico euroesc\u00e9ptico y antiimigraci\u00f3n, en las elecciones celebradas el domingo en su pa\u00eds. La presidenta del partido franc\u00e9s Frente Nacional, Marine Le Pen, calific\u00f3 el resultado de las elecciones","inLanguage":"es-ES","isPartOf":{"@id":"https:\/\/www.eldigitaldeasturias.com\/noticias\/#website"},"breadcrumb":{"@id":"https:\/\/www.eldigitaldeasturias.com\/noticias\/la-extrema-derecha-europea-celebra-la-victoria-de-orban\/#breadcrumblist"},"author":{"@id":"https:\/\/www.eldigitaldeasturias.com\/noticias\/author\/admin\/#author"},"creator":{"@id":"https:\/\/www.eldigitaldeasturias.com\/noticias\/author\/admin\/#author"},"image":{"@type":"ImageObject","url":583110,"@id":"https:\/\/www.eldigitaldeasturias.com\/noticias\/la-extrema-derecha-europea-celebra-la-victoria-de-orban\/#mainImage"},"primaryImageOfPage":{"@id":"https:\/\/www.eldigitaldeasturias.com\/noticias\/la-extrema-derecha-europea-celebra-la-victoria-de-orban\/#mainImage"},"datePublished":"2018-04-09T18:33:29+02:00","dateModified":"2018-04-09T18:33:29+02:00"},{"@type":"WebSite","@id":"https:\/\/www.eldigitaldeasturias.com\/noticias\/#website","url":"https:\/\/www.eldigitaldeasturias.com\/noticias\/","name":"El Digital de Asturias - Diario de actualidad y noticias","alternateName":"El Digital de Asturias - Diario de actualidad y noticias","description":"Hemeroteca","inLanguage":"es-ES","publisher":{"@id":"https:\/\/www.eldigitaldeasturias.com\/noticias\/#organization"}}]},"og:locale":"es_ES","og:site_name":"El Digital de Asturias","og:type":"article","og:title":"La extrema derecha europea celebra la victoria de Orban - El Digital de Asturias","og:description":"Berl\u00edn, 9 abr (dpa) - Los l\u00edderes de los partidos europeos de extrema derecha festejaron hoy la victoria del primer ministro de Hungr\u00eda, Viktor Orban, un pol\u00edtico euroesc\u00e9ptico y antiimigraci\u00f3n, en las elecciones celebradas el domingo en su pa\u00eds. La presidenta del partido franc\u00e9s Frente Nacional, Marine Le Pen, calific\u00f3 el resultado de las elecciones","og:url":"https:\/\/www.eldigitaldeasturias.com\/noticias\/la-extrema-derecha-europea-celebra-la-victoria-de-orban\/","article:tag":["actualidad"],"article:published_time":"2018-04-09T18:33:29+00:00","article:modified_time":"2018-04-09T18:33:29+00:00","article:publisher":"https:\/\/facebook.com\/eldigitaldeasturias","twitter:card":"summary_large_image","twitter:title":"La extrema derecha europea celebra la victoria de Orban - El Digital de Asturias","twitter:description":"Berl\u00edn, 9 abr (dpa) - Los l\u00edderes de los partidos europeos de extrema derecha festejaron hoy la victoria del primer ministro de Hungr\u00eda, Viktor Orban, un pol\u00edtico euroesc\u00e9ptico y antiimigraci\u00f3n, en las elecciones celebradas el domingo en su pa\u00eds. La presidenta del partido franc\u00e9s Frente Nacional, Marine Le Pen, calific\u00f3 el resultado de las elecciones","twitter:image":"https:\/\/www.eldigitaldeasturias.com\/noticias\/wp-content\/uploads\/2020\/12\/EDA-1.jpg","twitter:label1":"Escrito por","twitter:data1":"El Digital de Asturias","twitter:label2":"Tiempo de lectura estimado","twitter:data2":"1 minuto"},"aioseo_meta_data":{"post_id":"975432","title":null,"description":null,"keywords":null,"keyphrases":null,"primary_term":null,"canonical_url":null,"og_title":null,"og_description":null,"og_object_type":"default","og_image_type":"default","og_image_url":null,"og_image_width":null,"og_image_height":null,"og_image_custom_url":null,"og_image_custom_fields":null,"og_video":null,"og_custom_url":null,"og_article_section":null,"og_article_tags":null,"twitter_use_og":false,"twitter_card":"default","twitter_image_type":"default","twitter_image_url":null,"twitter_image_custom_url":null,"twitter_image_custom_fields":null,"twitter_title":null,"twitter_description":null,"schema":{"blockGraphs":[],"customGraphs":[],"default":{"data":{"Article":[],"Course":[],"Dataset":[],"FAQPage":[],"Movie":[],"Person":[],"Product":[],"ProductReview":[],"Car":[],"Recipe":[],"Service":[],"SoftwareApplication":[],"WebPage":[]},"graphName":"","isEnabled":true},"graphs":[],"defaultGraph":"","defaultPostTypeGraph":""},"schema_type":null,"schema_type_options":null,"pillar_content":false,"robots_default":true,"robots_noindex":false,"robots_noarchive":false,"robots_nosnippet":false,"robots_nofollow":false,"robots_noimageindex":false,"robots_noodp":false,"robots_notranslate":false,"robots_max_snippet":null,"robots_max_videopreview":null,"robots_max_imagepreview":"large","priority":null,"frequency":null,"local_seo":null,"seo_analyzer_scan_date":"2025-10-07 23:54:16","breadcrumb_settings":null,"limit_modified_date":false,"open_ai":null,"ai":null,"created":"2020-12-21 12:10:41","updated":"2025-10-07 23:54:16","focus_keyword":null,"additional_keywords":null,"truseo_locale":null},"aioseo_breadcrumb":"<div class=\"aioseo-breadcrumbs\"><span class=\"aioseo-breadcrumb\">\n\t<a href=\"https:\/\/www.eldigitaldeasturias.com\/noticias\" title=\"Home\">Home<\/a>\n<\/span><span class=\"aioseo-breadcrumb-separator\">\u2013<\/span><span class=\"aioseo-breadcrumb\">\n\t<a href=\"https:\/\/www.eldigitaldeasturias.com\/noticias\/category\/actualidad\/\" title=\"Actualidad\">Actualidad<\/a>\n<\/span><span class=\"aioseo-breadcrumb-separator\">\u2013<\/span><span class=\"aioseo-breadcrumb\">\n\t<a href=\"https:\/\/www.eldigitaldeasturias.com\/noticias\/la-extrema-derecha-europea-celebra-la-victoria-de-orban\/\" title=\"La extrema derecha europea celebra la victoria de Orban\">La extrema derecha europea celebra la victoria de Orban<\/a>\n<\/span><\/div>","aioseo_breadcrumb_json":[{"label":"Home","link":"https:\/\/www.eldigitaldeasturias.com\/noticias"},{"label":"Actualidad","link":"https:\/\/www.eldigitaldeasturias.com\/noticias\/category\/actualidad\/"},{"label":"La extrema derecha europea celebra la victoria de Orban","link":"https:\/\/www.eldigitaldeasturias.com\/noticias\/la-extrema-derecha-europea-celebra-la-victoria-de-orban\/"}],"_links":{"self":[{"href":"https:\/\/www.eldigitaldeasturias.com\/noticias\/wp-json\/wp\/v2\/posts\/975432","targetHints":{"allow":["GET"]}}],"collection":[{"href":"https:\/\/www.eldigitaldeasturias.com\/noticias\/wp-json\/wp\/v2\/posts"}],"about":[{"href":"https:\/\/www.eldigitaldeasturias.com\/noticias\/wp-json\/wp\/v2\/types\/post"}],"author":[{"embeddable":true,"href":"https:\/\/www.eldigitaldeasturias.com\/noticias\/wp-json\/wp\/v2\/users\/1"}],"replies":[{"embeddable":true,"href":"https:\/\/www.eldigitaldeasturias.com\/noticias\/wp-json\/wp\/v2\/comments?post=975432"}],"version-history":[{"count":0,"href":"https:\/\/www.eldigitaldeasturias.com\/noticias\/wp-json\/wp\/v2\/posts\/975432\/revisions"}],"wp:attachment":[{"href":"https:\/\/www.eldigitaldeasturias.com\/noticias\/wp-json\/wp\/v2\/media?parent=975432"}],"wp:term":[{"taxonomy":"category","embeddable":true,"href":"https:\/\/www.eldigitaldeasturias.com\/noticias\/wp-json\/wp\/v2\/categories?post=975432"},{"taxonomy":"post_tag","embeddable":true,"href":"https:\/\/www.eldigitaldeasturias.com\/noticias\/wp-json\/wp\/v2\/tags?post=975432"}],"curies":[{"name":"wp","href":"https:\/\/api.w.org\/{rel}","templated":true}]}}