{"id":975407,"date":"2018-04-09T14:41:29","date_gmt":"2018-04-09T14:41:29","guid":{"rendered":"http:\/\/www.eldigitaldeasturias.com\/noticias\/?p=975407"},"modified":"2018-04-09T14:41:29","modified_gmt":"2018-04-09T14:41:29","slug":"pedro-sanchez-cifuentes-mintio-y-la-mentira-no-puede-presidir-la-comunidad-de-madrid","status":"publish","type":"post","link":"https:\/\/www.eldigitaldeasturias.com\/noticias\/pedro-sanchez-cifuentes-mintio-y-la-mentira-no-puede-presidir-la-comunidad-de-madrid\/","title":{"rendered":"Pedro S\u00e1nchez: \u201cCifuentes minti\u00f3 y la mentira no puede presidir la Comunidad de Madrid\u201d"},"content":{"rendered":"<p><img loading=\"lazy\" decoding=\"async\" class=\"alignleft size-medium wp-image-793321\" src=\"https:\/\/www.eldigitaldeasturias.com\/noticias\/wp-content\/uploads\/2015\/07\/pedro-sanchez-360x240.jpg\" alt=\"\" width=\"360\" height=\"240\" \/>El secretario general, Pedro S\u00e1nchez, pidi\u00f3 hoy al presidente de Ciudadanos, Albert Rivera, que ya que ha tomado la decisi\u00f3n de pedir la dimisi\u00f3n de Cifuentes \u201cque la tome con todas las consecuencias y que abra un nuevo tiempo en la Comunidad de Madrid\u201d apoyando la moci\u00f3n de censura que han planteado los socialistas.<\/p>\n<p>\u201cEl PSOE ha presentado su moci\u00f3n y ah\u00ed Ciudadanos tendr\u00e1 una buena oportunidad de cambiar de verdad las cosas en Madrid, porque no se trata solo de cambiar a Cifuentes, se trata de cambiar una forma de hacer pol\u00edtica\u201d, a\u00f1adi\u00f3. En este sentido, S\u00e1nchez record\u00f3 que \u201cest\u00e1 en la mano\u201d de Rivera que la moci\u00f3n de censura contra la presidenta de la Comunidad de Madrid salga adelante, ya que \u201cse necesita un solo diputado o diputada\u201d y \u201cah\u00ed se sustanciar\u00e1 si Ciudadanos quiere o no quiere esa regeneraci\u00f3n\u201d.<\/p>\n<p>En rueda de prensa en Coslada, junto al secretario general del PSOEM, Jos\u00e9 Manuel Franco, tras la reuni\u00f3n de las delegaciones de ambas ejecutivas, S\u00e1nchez asegur\u00f3 que la intenci\u00f3n de Ciudadanos de dejar paso a otro candidato del PP es \u201cintentar aparentar que todo cambia para que nada cambie, algo en lo que Ciudadanos es bastante experto\u201d.<\/p>\n<p>A juicio de S\u00e1nchez, \u201clo que era inconsistente era escuchar al portavoz de Ciudadanos decir que era evidente que Cifuentes estaba pol\u00edticamente acabada, que hab\u00eda mentido y no hab\u00eda cursado el master y, al mismo tiempo, solicitar una Comisi\u00f3n de Investigaci\u00f3n\u201d. \u201cSe han dado cuenta un poco tarde, pero bienvenidos\u201d, apunt\u00f3.<\/p>\n<p>El l\u00edder socialista insisti\u00f3 en que \u201cCifuentes minti\u00f3 y la mentira no puede presidir la Comunidad de Madrid\u201d, denunci\u00f3 S\u00e1nchez, y por ello mostr\u00f3 el respaldo del PSOE a la moci\u00f3n presentada por los socialistas madrile\u00f1os, que es una moci\u00f3n \u201cpor la decencia y la dignidad en la Comunidad de Madrid\u201d.<\/p>\n<p>Por su parte, Jos\u00e9 Manuel Franco, asegur\u00f3 que con la petici\u00f3n de dimisi\u00f3n de Cifuentes por parte de Ciudadanos, lo que pretende la formaci\u00f3n naranja es \u201cno retratarse ante una hipot\u00e9tica moci\u00f3n de censura de los socialistas\u201d, porque parece que pretenden dar paso a la propuesta de otro candidato o candidata del PP. \u201cSi esto significa obviar la moci\u00f3n de censura, que representa cambiar a un gobierno desgastado por la corrupci\u00f3n por un gobierno decente, ah\u00ed Ciudadanos tendr\u00e1 que decidir qu\u00e9 es lo que quiere\u201d, a\u00f1adi\u00f3.<\/p>\n","protected":false},"excerpt":{"rendered":"<p>El secretario general, Pedro S\u00e1nchez, pidi\u00f3 hoy al presidente de Ciudadanos, Albert Rivera, que ya que ha tomado la decisi\u00f3n de pedir la dimisi\u00f3n de Cifuentes \u201cque la tome con todas las consecuencias y que abra un nuevo tiempo en la Comunidad de Madrid\u201d apoyando la moci\u00f3n de censura que han planteado los socialistas. \u201cEl [&hellip;]<\/p>\n","protected":false},"author":1,"featured_media":974887,"comment_status":"closed","ping_status":"closed","sticky":false,"template":"","format":"standard","meta":{"footnotes":""},"categories":[1],"tags":[],"class_list":["post-975407","post","type-post","status-publish","format-standard","has-post-thumbnail","hentry","category-actualidad"],"aioseo_notices":[],"aioseo_head":"\n\t\t<!-- All in One SEO Pro 5.0.1 - aioseo.com -->\n\t<meta name=\"description\" content=\"El secretario general, Pedro S\u00e1nchez, pidi\u00f3 hoy al presidente de Ciudadanos, Albert Rivera, que ya que ha tomado la decisi\u00f3n de pedir la dimisi\u00f3n de Cifuentes \u201cque la tome con todas las consecuencias y que abra un nuevo tiempo en la Comunidad de Madrid\u201d apoyando la moci\u00f3n de censura que han planteado los socialistas. \u201cEl\" \/>\n\t<meta name=\"robots\" content=\"max-image-preview:large\" \/>\n\t<meta name=\"author\" content=\"El Digital de Asturias\"\/>\n\t<meta name=\"google-site-verification\" content=\"UA-38556648-1\" \/>\n\t<meta name=\"msvalidate.01\" content=\"7dfe9f3f1b24437ab69f4f2559babe99\" \/>\n\t<meta name=\"keywords\" content=\"actualidad\" \/>\n\t<link rel=\"canonical\" href=\"https:\/\/www.eldigitaldeasturias.com\/noticias\/pedro-sanchez-cifuentes-mintio-y-la-mentira-no-puede-presidir-la-comunidad-de-madrid\/\" \/>\n\t<meta name=\"generator\" content=\"All in One SEO Pro (AIOSEO) 5.0.1\" \/>\n\t\t<meta property=\"og:locale\" content=\"es_ES\" \/>\n\t\t<meta property=\"og:site_name\" content=\"El Digital de Asturias\" \/>\n\t\t<meta property=\"og:type\" content=\"article\" \/>\n\t\t<meta property=\"og:title\" content=\"Pedro S\u00e1nchez: \u201cCifuentes minti\u00f3 y la mentira no puede presidir la Comunidad de Madrid\u201d - El Digital de Asturias\" \/>\n\t\t<meta property=\"og:description\" content=\"El secretario general, Pedro S\u00e1nchez, pidi\u00f3 hoy al presidente de Ciudadanos, Albert Rivera, que ya que ha tomado la decisi\u00f3n de pedir la dimisi\u00f3n de Cifuentes \u201cque la tome con todas las consecuencias y que abra un nuevo tiempo en la Comunidad de Madrid\u201d apoyando la moci\u00f3n de censura que han planteado los socialistas. \u201cEl\" \/>\n\t\t<meta property=\"og:url\" content=\"https:\/\/www.eldigitaldeasturias.com\/noticias\/pedro-sanchez-cifuentes-mintio-y-la-mentira-no-puede-presidir-la-comunidad-de-madrid\/\" \/>\n\t\t<meta property=\"article:tag\" content=\"actualidad\" \/>\n\t\t<meta property=\"article:published_time\" content=\"2018-04-09T14:41:29+00:00\" \/>\n\t\t<meta property=\"article:modified_time\" content=\"2018-04-09T14:41:29+00:00\" \/>\n\t\t<meta property=\"article:publisher\" content=\"https:\/\/facebook.com\/eldigitaldeasturias\" \/>\n\t\t<meta name=\"twitter:card\" content=\"summary_large_image\" \/>\n\t\t<meta name=\"twitter:title\" content=\"Pedro S\u00e1nchez: \u201cCifuentes minti\u00f3 y la mentira no puede presidir la Comunidad de Madrid\u201d - El Digital de Asturias\" \/>\n\t\t<meta name=\"twitter:description\" content=\"El secretario general, Pedro S\u00e1nchez, pidi\u00f3 hoy al presidente de Ciudadanos, Albert Rivera, que ya que ha tomado la decisi\u00f3n de pedir la dimisi\u00f3n de Cifuentes \u201cque la tome con todas las consecuencias y que abra un nuevo tiempo en la Comunidad de Madrid\u201d apoyando la moci\u00f3n de censura que han planteado los socialistas. \u201cEl\" \/>\n\t\t<meta name=\"twitter:image\" content=\"https:\/\/www.eldigitaldeasturias.com\/noticias\/wp-content\/uploads\/2020\/12\/EDA-1.jpg\" \/>\n\t\t<meta name=\"twitter:label1\" content=\"Escrito por\" \/>\n\t\t<meta name=\"twitter:data1\" content=\"El Digital de Asturias\" \/>\n\t\t<meta name=\"twitter:label2\" content=\"Tiempo de lectura estimado\" \/>\n\t\t<meta name=\"twitter:data2\" content=\"2 minutos\" \/>\n\t\t<script type=\"application\/ld+json\" class=\"aioseo-schema\">\n\t\t\t{\"@context\":\"https:\\\/\\\/schema.org\",\"@graph\":[{\"@type\":\"BlogPosting\",\"@id\":\"https:\\\/\\\/www.eldigitaldeasturias.com\\\/noticias\\\/pedro-sanchez-cifuentes-mintio-y-la-mentira-no-puede-presidir-la-comunidad-de-madrid\\\/#blogposting\",\"name\":\"Pedro S\\u00e1nchez: \\u201cCifuentes minti\\u00f3 y la mentira no puede presidir la Comunidad de Madrid\\u201d - El Digital de Asturias\",\"headline\":\"Pedro S\\u00e1nchez: \\u201cCifuentes minti\\u00f3 y la mentira no puede presidir la Comunidad de Madrid\\u201d\",\"author\":{\"@id\":\"https:\\\/\\\/www.eldigitaldeasturias.com\\\/noticias\\\/author\\\/admin\\\/#author\"},\"publisher\":{\"@id\":\"https:\\\/\\\/www.eldigitaldeasturias.com\\\/noticias\\\/#organization\"},\"image\":{\"@type\":\"ImageObject\",\"url\":974887},\"datePublished\":\"2018-04-09T14:41:29+02:00\",\"dateModified\":\"2018-04-09T14:41:29+02:00\",\"inLanguage\":\"es-ES\",\"mainEntityOfPage\":{\"@id\":\"https:\\\/\\\/www.eldigitaldeasturias.com\\\/noticias\\\/pedro-sanchez-cifuentes-mintio-y-la-mentira-no-puede-presidir-la-comunidad-de-madrid\\\/#webpage\"},\"isPartOf\":{\"@id\":\"https:\\\/\\\/www.eldigitaldeasturias.com\\\/noticias\\\/pedro-sanchez-cifuentes-mintio-y-la-mentira-no-puede-presidir-la-comunidad-de-madrid\\\/#webpage\"},\"articleSection\":\"Actualidad\"},{\"@type\":\"BreadcrumbList\",\"@id\":\"https:\\\/\\\/www.eldigitaldeasturias.com\\\/noticias\\\/pedro-sanchez-cifuentes-mintio-y-la-mentira-no-puede-presidir-la-comunidad-de-madrid\\\/#breadcrumblist\",\"itemListElement\":[{\"@type\":\"ListItem\",\"@id\":\"https:\\\/\\\/www.eldigitaldeasturias.com\\\/noticias#listItem\",\"position\":1,\"name\":\"Home\",\"item\":\"https:\\\/\\\/www.eldigitaldeasturias.com\\\/noticias\",\"nextItem\":{\"@type\":\"ListItem\",\"@id\":\"https:\\\/\\\/www.eldigitaldeasturias.com\\\/noticias\\\/category\\\/actualidad\\\/#listItem\",\"name\":\"Actualidad\"}},{\"@type\":\"ListItem\",\"@id\":\"https:\\\/\\\/www.eldigitaldeasturias.com\\\/noticias\\\/category\\\/actualidad\\\/#listItem\",\"position\":2,\"name\":\"Actualidad\",\"item\":\"https:\\\/\\\/www.eldigitaldeasturias.com\\\/noticias\\\/category\\\/actualidad\\\/\",\"nextItem\":{\"@type\":\"ListItem\",\"@id\":\"https:\\\/\\\/www.eldigitaldeasturias.com\\\/noticias\\\/pedro-sanchez-cifuentes-mintio-y-la-mentira-no-puede-presidir-la-comunidad-de-madrid\\\/#listItem\",\"name\":\"Pedro S\\u00e1nchez: \\u201cCifuentes minti\\u00f3 y la mentira no puede presidir la Comunidad de Madrid\\u201d\"},\"previousItem\":{\"@type\":\"ListItem\",\"@id\":\"https:\\\/\\\/www.eldigitaldeasturias.com\\\/noticias#listItem\",\"name\":\"Home\"}},{\"@type\":\"ListItem\",\"@id\":\"https:\\\/\\\/www.eldigitaldeasturias.com\\\/noticias\\\/pedro-sanchez-cifuentes-mintio-y-la-mentira-no-puede-presidir-la-comunidad-de-madrid\\\/#listItem\",\"position\":3,\"name\":\"Pedro S\\u00e1nchez: \\u201cCifuentes minti\\u00f3 y la mentira no puede presidir la Comunidad de Madrid\\u201d\",\"previousItem\":{\"@type\":\"ListItem\",\"@id\":\"https:\\\/\\\/www.eldigitaldeasturias.com\\\/noticias\\\/category\\\/actualidad\\\/#listItem\",\"name\":\"Actualidad\"}}]},{\"@type\":\"Organization\",\"@id\":\"https:\\\/\\\/www.eldigitaldeasturias.com\\\/noticias\\\/#organization\",\"name\":\"El Digital de Asturias\",\"description\":\"Hemeroteca\",\"url\":\"https:\\\/\\\/www.eldigitaldeasturias.com\\\/noticias\\\/\",\"email\":\"info@eldigitaldeasturias.com\",\"telephone\":\"+34652131393\",\"logo\":{\"@type\":\"ImageObject\",\"url\":\"https:\\\/\\\/www.eldigitaldeasturias.com\\\/noticias\\\/wp-content\\\/uploads\\\/2020\\\/12\\\/EDA.jpg\",\"@id\":\"https:\\\/\\\/www.eldigitaldeasturias.com\\\/noticias\\\/pedro-sanchez-cifuentes-mintio-y-la-mentira-no-puede-presidir-la-comunidad-de-madrid\\\/#organizationLogo\"},\"image\":{\"@id\":\"https:\\\/\\\/www.eldigitaldeasturias.com\\\/noticias\\\/pedro-sanchez-cifuentes-mintio-y-la-mentira-no-puede-presidir-la-comunidad-de-madrid\\\/#organizationLogo\"},\"sameAs\":[\"https:\\\/\\\/facebook.com\\\/eldigitaldeasturias\",\"https:\\\/\\\/www.youtube.com\\\/channel\\\/UCZP-2wLEB9Rv6erhFmqVnvg\"],\"address\":{\"@id\":\"https:\\\/\\\/www.eldigitaldeasturias.com\\\/noticias\\\/#postaladdress\",\"@type\":\"PostalAddress\",\"streetAddress\":\"san antonio 4\",\"postalCode\":\"33430\",\"addressLocality\":\"Cand\\u00e1s\",\"addressRegion\":\"Asturias\",\"addressCountry\":\"ES\"}},{\"@type\":\"Person\",\"@id\":\"https:\\\/\\\/www.eldigitaldeasturias.com\\\/noticias\\\/author\\\/admin\\\/#author\",\"url\":\"https:\\\/\\\/www.eldigitaldeasturias.com\\\/noticias\\\/author\\\/admin\\\/\",\"name\":\"El Digital de Asturias\",\"image\":{\"@type\":\"ImageObject\",\"@id\":\"https:\\\/\\\/www.eldigitaldeasturias.com\\\/noticias\\\/pedro-sanchez-cifuentes-mintio-y-la-mentira-no-puede-presidir-la-comunidad-de-madrid\\\/#authorImage\",\"url\":\"https:\\\/\\\/secure.gravatar.com\\\/avatar\\\/df2aeffc32bcd13f8d26072ef8a91b623d677766deac7f97ca815868cd41bf5e?s=96&d=mm&r=g\",\"width\":96,\"height\":96,\"caption\":\"El Digital de Asturias\"}},{\"@type\":\"WebPage\",\"@id\":\"https:\\\/\\\/www.eldigitaldeasturias.com\\\/noticias\\\/pedro-sanchez-cifuentes-mintio-y-la-mentira-no-puede-presidir-la-comunidad-de-madrid\\\/#webpage\",\"url\":\"https:\\\/\\\/www.eldigitaldeasturias.com\\\/noticias\\\/pedro-sanchez-cifuentes-mintio-y-la-mentira-no-puede-presidir-la-comunidad-de-madrid\\\/\",\"name\":\"Pedro S\\u00e1nchez: \\u201cCifuentes minti\\u00f3 y la mentira no puede presidir la Comunidad de Madrid\\u201d - El Digital de Asturias\",\"description\":\"El secretario general, Pedro S\\u00e1nchez, pidi\\u00f3 hoy al presidente de Ciudadanos, Albert Rivera, que ya que ha tomado la decisi\\u00f3n de pedir la dimisi\\u00f3n de Cifuentes \\u201cque la tome con todas las consecuencias y que abra un nuevo tiempo en la Comunidad de Madrid\\u201d apoyando la moci\\u00f3n de censura que han planteado los socialistas. \\u201cEl\",\"inLanguage\":\"es-ES\",\"isPartOf\":{\"@id\":\"https:\\\/\\\/www.eldigitaldeasturias.com\\\/noticias\\\/#website\"},\"breadcrumb\":{\"@id\":\"https:\\\/\\\/www.eldigitaldeasturias.com\\\/noticias\\\/pedro-sanchez-cifuentes-mintio-y-la-mentira-no-puede-presidir-la-comunidad-de-madrid\\\/#breadcrumblist\"},\"author\":{\"@id\":\"https:\\\/\\\/www.eldigitaldeasturias.com\\\/noticias\\\/author\\\/admin\\\/#author\"},\"creator\":{\"@id\":\"https:\\\/\\\/www.eldigitaldeasturias.com\\\/noticias\\\/author\\\/admin\\\/#author\"},\"image\":{\"@type\":\"ImageObject\",\"url\":974887,\"@id\":\"https:\\\/\\\/www.eldigitaldeasturias.com\\\/noticias\\\/pedro-sanchez-cifuentes-mintio-y-la-mentira-no-puede-presidir-la-comunidad-de-madrid\\\/#mainImage\"},\"primaryImageOfPage\":{\"@id\":\"https:\\\/\\\/www.eldigitaldeasturias.com\\\/noticias\\\/pedro-sanchez-cifuentes-mintio-y-la-mentira-no-puede-presidir-la-comunidad-de-madrid\\\/#mainImage\"},\"datePublished\":\"2018-04-09T14:41:29+02:00\",\"dateModified\":\"2018-04-09T14:41:29+02:00\"},{\"@type\":\"WebSite\",\"@id\":\"https:\\\/\\\/www.eldigitaldeasturias.com\\\/noticias\\\/#website\",\"url\":\"https:\\\/\\\/www.eldigitaldeasturias.com\\\/noticias\\\/\",\"name\":\"El Digital de Asturias - Diario de actualidad y noticias\",\"alternateName\":\"El Digital de Asturias - Diario de actualidad y noticias\",\"description\":\"Hemeroteca\",\"inLanguage\":\"es-ES\",\"publisher\":{\"@id\":\"https:\\\/\\\/www.eldigitaldeasturias.com\\\/noticias\\\/#organization\"}}]}\n\t\t<\/script>\n\t\t<!-- All in One SEO Pro -->\r\n\t\t<title>Pedro S\u00e1nchez: \u201cCifuentes minti\u00f3 y la mentira no puede presidir la Comunidad de Madrid\u201d - El Digital de Asturias<\/title>\n\n","aioseo_head_json":{"title":"Pedro S\u00e1nchez: \u201cCifuentes minti\u00f3 y la mentira no puede presidir la Comunidad de Madrid\u201d - El Digital de Asturias","description":"El secretario general, Pedro S\u00e1nchez, pidi\u00f3 hoy al presidente de Ciudadanos, Albert Rivera, que ya que ha tomado la decisi\u00f3n de pedir la dimisi\u00f3n de Cifuentes \u201cque la tome con todas las consecuencias y que abra un nuevo tiempo en la Comunidad de Madrid\u201d apoyando la moci\u00f3n de censura que han planteado los socialistas. \u201cEl","canonical_url":"https:\/\/www.eldigitaldeasturias.com\/noticias\/pedro-sanchez-cifuentes-mintio-y-la-mentira-no-puede-presidir-la-comunidad-de-madrid\/","robots":"max-image-preview:large","keywords":"actualidad","webmasterTools":{"google-site-verification":"UA-38556648-1","msvalidate.01":"7dfe9f3f1b24437ab69f4f2559babe99","miscellaneous":""},"schema":{"@context":"https:\/\/schema.org","@graph":[{"@type":"BlogPosting","@id":"https:\/\/www.eldigitaldeasturias.com\/noticias\/pedro-sanchez-cifuentes-mintio-y-la-mentira-no-puede-presidir-la-comunidad-de-madrid\/#blogposting","name":"Pedro S\u00e1nchez: \u201cCifuentes minti\u00f3 y la mentira no puede presidir la Comunidad de Madrid\u201d - El Digital de Asturias","headline":"Pedro S\u00e1nchez: \u201cCifuentes minti\u00f3 y la mentira no puede presidir la Comunidad de Madrid\u201d","author":{"@id":"https:\/\/www.eldigitaldeasturias.com\/noticias\/author\/admin\/#author"},"publisher":{"@id":"https:\/\/www.eldigitaldeasturias.com\/noticias\/#organization"},"image":{"@type":"ImageObject","url":974887},"datePublished":"2018-04-09T14:41:29+02:00","dateModified":"2018-04-09T14:41:29+02:00","inLanguage":"es-ES","mainEntityOfPage":{"@id":"https:\/\/www.eldigitaldeasturias.com\/noticias\/pedro-sanchez-cifuentes-mintio-y-la-mentira-no-puede-presidir-la-comunidad-de-madrid\/#webpage"},"isPartOf":{"@id":"https:\/\/www.eldigitaldeasturias.com\/noticias\/pedro-sanchez-cifuentes-mintio-y-la-mentira-no-puede-presidir-la-comunidad-de-madrid\/#webpage"},"articleSection":"Actualidad"},{"@type":"BreadcrumbList","@id":"https:\/\/www.eldigitaldeasturias.com\/noticias\/pedro-sanchez-cifuentes-mintio-y-la-mentira-no-puede-presidir-la-comunidad-de-madrid\/#breadcrumblist","itemListElement":[{"@type":"ListItem","@id":"https:\/\/www.eldigitaldeasturias.com\/noticias#listItem","position":1,"name":"Home","item":"https:\/\/www.eldigitaldeasturias.com\/noticias","nextItem":{"@type":"ListItem","@id":"https:\/\/www.eldigitaldeasturias.com\/noticias\/category\/actualidad\/#listItem","name":"Actualidad"}},{"@type":"ListItem","@id":"https:\/\/www.eldigitaldeasturias.com\/noticias\/category\/actualidad\/#listItem","position":2,"name":"Actualidad","item":"https:\/\/www.eldigitaldeasturias.com\/noticias\/category\/actualidad\/","nextItem":{"@type":"ListItem","@id":"https:\/\/www.eldigitaldeasturias.com\/noticias\/pedro-sanchez-cifuentes-mintio-y-la-mentira-no-puede-presidir-la-comunidad-de-madrid\/#listItem","name":"Pedro S\u00e1nchez: \u201cCifuentes minti\u00f3 y la mentira no puede presidir la Comunidad de Madrid\u201d"},"previousItem":{"@type":"ListItem","@id":"https:\/\/www.eldigitaldeasturias.com\/noticias#listItem","name":"Home"}},{"@type":"ListItem","@id":"https:\/\/www.eldigitaldeasturias.com\/noticias\/pedro-sanchez-cifuentes-mintio-y-la-mentira-no-puede-presidir-la-comunidad-de-madrid\/#listItem","position":3,"name":"Pedro S\u00e1nchez: \u201cCifuentes minti\u00f3 y la mentira no puede presidir la Comunidad de Madrid\u201d","previousItem":{"@type":"ListItem","@id":"https:\/\/www.eldigitaldeasturias.com\/noticias\/category\/actualidad\/#listItem","name":"Actualidad"}}]},{"@type":"Organization","@id":"https:\/\/www.eldigitaldeasturias.com\/noticias\/#organization","name":"El Digital de Asturias","description":"Hemeroteca","url":"https:\/\/www.eldigitaldeasturias.com\/noticias\/","email":"info@eldigitaldeasturias.com","telephone":"+34652131393","logo":{"@type":"ImageObject","url":"https:\/\/www.eldigitaldeasturias.com\/noticias\/wp-content\/uploads\/2020\/12\/EDA.jpg","@id":"https:\/\/www.eldigitaldeasturias.com\/noticias\/pedro-sanchez-cifuentes-mintio-y-la-mentira-no-puede-presidir-la-comunidad-de-madrid\/#organizationLogo"},"image":{"@id":"https:\/\/www.eldigitaldeasturias.com\/noticias\/pedro-sanchez-cifuentes-mintio-y-la-mentira-no-puede-presidir-la-comunidad-de-madrid\/#organizationLogo"},"sameAs":["https:\/\/facebook.com\/eldigitaldeasturias","https:\/\/www.youtube.com\/channel\/UCZP-2wLEB9Rv6erhFmqVnvg"],"address":{"@id":"https:\/\/www.eldigitaldeasturias.com\/noticias\/#postaladdress","@type":"PostalAddress","streetAddress":"san antonio 4","postalCode":"33430","addressLocality":"Cand\u00e1s","addressRegion":"Asturias","addressCountry":"ES"}},{"@type":"Person","@id":"https:\/\/www.eldigitaldeasturias.com\/noticias\/author\/admin\/#author","url":"https:\/\/www.eldigitaldeasturias.com\/noticias\/author\/admin\/","name":"El Digital de Asturias","image":{"@type":"ImageObject","@id":"https:\/\/www.eldigitaldeasturias.com\/noticias\/pedro-sanchez-cifuentes-mintio-y-la-mentira-no-puede-presidir-la-comunidad-de-madrid\/#authorImage","url":"https:\/\/secure.gravatar.com\/avatar\/df2aeffc32bcd13f8d26072ef8a91b623d677766deac7f97ca815868cd41bf5e?s=96&d=mm&r=g","width":96,"height":96,"caption":"El Digital de Asturias"}},{"@type":"WebPage","@id":"https:\/\/www.eldigitaldeasturias.com\/noticias\/pedro-sanchez-cifuentes-mintio-y-la-mentira-no-puede-presidir-la-comunidad-de-madrid\/#webpage","url":"https:\/\/www.eldigitaldeasturias.com\/noticias\/pedro-sanchez-cifuentes-mintio-y-la-mentira-no-puede-presidir-la-comunidad-de-madrid\/","name":"Pedro S\u00e1nchez: \u201cCifuentes minti\u00f3 y la mentira no puede presidir la Comunidad de Madrid\u201d - El Digital de Asturias","description":"El secretario general, Pedro S\u00e1nchez, pidi\u00f3 hoy al presidente de Ciudadanos, Albert Rivera, que ya que ha tomado la decisi\u00f3n de pedir la dimisi\u00f3n de Cifuentes \u201cque la tome con todas las consecuencias y que abra un nuevo tiempo en la Comunidad de Madrid\u201d apoyando la moci\u00f3n de censura que han planteado los socialistas. \u201cEl","inLanguage":"es-ES","isPartOf":{"@id":"https:\/\/www.eldigitaldeasturias.com\/noticias\/#website"},"breadcrumb":{"@id":"https:\/\/www.eldigitaldeasturias.com\/noticias\/pedro-sanchez-cifuentes-mintio-y-la-mentira-no-puede-presidir-la-comunidad-de-madrid\/#breadcrumblist"},"author":{"@id":"https:\/\/www.eldigitaldeasturias.com\/noticias\/author\/admin\/#author"},"creator":{"@id":"https:\/\/www.eldigitaldeasturias.com\/noticias\/author\/admin\/#author"},"image":{"@type":"ImageObject","url":974887,"@id":"https:\/\/www.eldigitaldeasturias.com\/noticias\/pedro-sanchez-cifuentes-mintio-y-la-mentira-no-puede-presidir-la-comunidad-de-madrid\/#mainImage"},"primaryImageOfPage":{"@id":"https:\/\/www.eldigitaldeasturias.com\/noticias\/pedro-sanchez-cifuentes-mintio-y-la-mentira-no-puede-presidir-la-comunidad-de-madrid\/#mainImage"},"datePublished":"2018-04-09T14:41:29+02:00","dateModified":"2018-04-09T14:41:29+02:00"},{"@type":"WebSite","@id":"https:\/\/www.eldigitaldeasturias.com\/noticias\/#website","url":"https:\/\/www.eldigitaldeasturias.com\/noticias\/","name":"El Digital de Asturias - Diario de actualidad y noticias","alternateName":"El Digital de Asturias - Diario de actualidad y noticias","description":"Hemeroteca","inLanguage":"es-ES","publisher":{"@id":"https:\/\/www.eldigitaldeasturias.com\/noticias\/#organization"}}]},"og:locale":"es_ES","og:site_name":"El Digital de Asturias","og:type":"article","og:title":"Pedro S\u00e1nchez: \u201cCifuentes minti\u00f3 y la mentira no puede presidir la Comunidad de Madrid\u201d - El Digital de Asturias","og:description":"El secretario general, Pedro S\u00e1nchez, pidi\u00f3 hoy al presidente de Ciudadanos, Albert Rivera, que ya que ha tomado la decisi\u00f3n de pedir la dimisi\u00f3n de Cifuentes \u201cque la tome con todas las consecuencias y que abra un nuevo tiempo en la Comunidad de Madrid\u201d apoyando la moci\u00f3n de censura que han planteado los socialistas. \u201cEl","og:url":"https:\/\/www.eldigitaldeasturias.com\/noticias\/pedro-sanchez-cifuentes-mintio-y-la-mentira-no-puede-presidir-la-comunidad-de-madrid\/","article:tag":["actualidad"],"article:published_time":"2018-04-09T14:41:29+00:00","article:modified_time":"2018-04-09T14:41:29+00:00","article:publisher":"https:\/\/facebook.com\/eldigitaldeasturias","twitter:card":"summary_large_image","twitter:title":"Pedro S\u00e1nchez: \u201cCifuentes minti\u00f3 y la mentira no puede presidir la Comunidad de Madrid\u201d - El Digital de Asturias","twitter:description":"El secretario general, Pedro S\u00e1nchez, pidi\u00f3 hoy al presidente de Ciudadanos, Albert Rivera, que ya que ha tomado la decisi\u00f3n de pedir la dimisi\u00f3n de Cifuentes \u201cque la tome con todas las consecuencias y que abra un nuevo tiempo en la Comunidad de Madrid\u201d apoyando la moci\u00f3n de censura que han planteado los socialistas. \u201cEl","twitter:image":"https:\/\/www.eldigitaldeasturias.com\/noticias\/wp-content\/uploads\/2020\/12\/EDA-1.jpg","twitter:label1":"Escrito por","twitter:data1":"El Digital de Asturias","twitter:label2":"Tiempo de lectura estimado","twitter:data2":"2 minutos"},"aioseo_meta_data":{"post_id":"975407","title":null,"description":null,"keywords":null,"keyphrases":null,"primary_term":null,"canonical_url":null,"og_title":null,"og_description":null,"og_object_type":"default","og_image_type":"default","og_image_url":null,"og_image_width":null,"og_image_height":null,"og_image_custom_url":null,"og_image_custom_fields":null,"og_video":null,"og_custom_url":null,"og_article_section":null,"og_article_tags":null,"twitter_use_og":false,"twitter_card":"default","twitter_image_type":"default","twitter_image_url":null,"twitter_image_custom_url":null,"twitter_image_custom_fields":null,"twitter_title":null,"twitter_description":null,"schema":{"blockGraphs":[],"customGraphs":[],"default":{"data":{"Article":[],"Course":[],"Dataset":[],"FAQPage":[],"Movie":[],"Person":[],"Product":[],"ProductReview":[],"Car":[],"Recipe":[],"Service":[],"SoftwareApplication":[],"WebPage":[]},"graphName":"","isEnabled":true},"graphs":[],"defaultGraph":"","defaultPostTypeGraph":""},"schema_type":null,"schema_type_options":null,"pillar_content":false,"robots_default":true,"robots_noindex":false,"robots_noarchive":false,"robots_nosnippet":false,"robots_nofollow":false,"robots_noimageindex":false,"robots_noodp":false,"robots_notranslate":false,"robots_max_snippet":null,"robots_max_videopreview":null,"robots_max_imagepreview":"large","priority":null,"frequency":null,"local_seo":null,"seo_analyzer_scan_date":"2025-10-07 23:48:14","breadcrumb_settings":null,"limit_modified_date":false,"open_ai":null,"ai":null,"created":"2020-12-21 12:10:41","updated":"2025-10-07 23:48:14","focus_keyword":null,"additional_keywords":null,"truseo_locale":null},"aioseo_breadcrumb":"<div class=\"aioseo-breadcrumbs\"><span class=\"aioseo-breadcrumb\">\n\t<a href=\"https:\/\/www.eldigitaldeasturias.com\/noticias\" title=\"Home\">Home<\/a>\n<\/span><span class=\"aioseo-breadcrumb-separator\">\u2013<\/span><span class=\"aioseo-breadcrumb\">\n\t<a href=\"https:\/\/www.eldigitaldeasturias.com\/noticias\/category\/actualidad\/\" title=\"Actualidad\">Actualidad<\/a>\n<\/span><span class=\"aioseo-breadcrumb-separator\">\u2013<\/span><span class=\"aioseo-breadcrumb\">\n\t<a href=\"https:\/\/www.eldigitaldeasturias.com\/noticias\/pedro-sanchez-cifuentes-mintio-y-la-mentira-no-puede-presidir-la-comunidad-de-madrid\/\" title=\"Pedro S\u00e1nchez: \u201cCifuentes minti\u00f3 y la mentira no puede presidir la Comunidad de Madrid\u201d\">Pedro S\u00e1nchez: \u201cCifuentes minti\u00f3 y la mentira no puede presidir la Comunidad de Madrid\u201d<\/a>\n<\/span><\/div>","aioseo_breadcrumb_json":[{"label":"Home","link":"https:\/\/www.eldigitaldeasturias.com\/noticias"},{"label":"Actualidad","link":"https:\/\/www.eldigitaldeasturias.com\/noticias\/category\/actualidad\/"},{"label":"Pedro S\u00e1nchez: \u201cCifuentes minti\u00f3 y la mentira no puede presidir la Comunidad de Madrid\u201d","link":"https:\/\/www.eldigitaldeasturias.com\/noticias\/pedro-sanchez-cifuentes-mintio-y-la-mentira-no-puede-presidir-la-comunidad-de-madrid\/"}],"_links":{"self":[{"href":"https:\/\/www.eldigitaldeasturias.com\/noticias\/wp-json\/wp\/v2\/posts\/975407","targetHints":{"allow":["GET"]}}],"collection":[{"href":"https:\/\/www.eldigitaldeasturias.com\/noticias\/wp-json\/wp\/v2\/posts"}],"about":[{"href":"https:\/\/www.eldigitaldeasturias.com\/noticias\/wp-json\/wp\/v2\/types\/post"}],"author":[{"embeddable":true,"href":"https:\/\/www.eldigitaldeasturias.com\/noticias\/wp-json\/wp\/v2\/users\/1"}],"replies":[{"embeddable":true,"href":"https:\/\/www.eldigitaldeasturias.com\/noticias\/wp-json\/wp\/v2\/comments?post=975407"}],"version-history":[{"count":0,"href":"https:\/\/www.eldigitaldeasturias.com\/noticias\/wp-json\/wp\/v2\/posts\/975407\/revisions"}],"wp:attachment":[{"href":"https:\/\/www.eldigitaldeasturias.com\/noticias\/wp-json\/wp\/v2\/media?parent=975407"}],"wp:term":[{"taxonomy":"category","embeddable":true,"href":"https:\/\/www.eldigitaldeasturias.com\/noticias\/wp-json\/wp\/v2\/categories?post=975407"},{"taxonomy":"post_tag","embeddable":true,"href":"https:\/\/www.eldigitaldeasturias.com\/noticias\/wp-json\/wp\/v2\/tags?post=975407"}],"curies":[{"name":"wp","href":"https:\/\/api.w.org\/{rel}","templated":true}]}}