{"id":975368,"date":"2018-04-09T12:47:12","date_gmt":"2018-04-09T12:47:12","guid":{"rendered":"http:\/\/www.eldigitaldeasturias.com\/noticias\/?p=975368"},"modified":"2018-04-09T12:47:12","modified_gmt":"2018-04-09T12:47:12","slug":"espana-condena-el-bombardeo-de-la-ciudad-siria-de-douma","status":"publish","type":"post","link":"https:\/\/www.eldigitaldeasturias.com\/noticias\/espana-condena-el-bombardeo-de-la-ciudad-siria-de-douma\/","title":{"rendered":"Espa\u00f1a condena el bombardeo de la ciudad siria de Douma"},"content":{"rendered":"<p><img loading=\"lazy\" decoding=\"async\" class=\"alignleft size-medium wp-image-958670\" src=\"https:\/\/www.eldigitaldeasturias.com\/noticias\/wp-content\/uploads\/2017\/11\/Exteriores2_Interior-360x239.jpg\" alt=\"\" width=\"360\" height=\"239\" \/>Espa\u00f1a expresa su consternaci\u00f3n, repulsa y condena por el bombardeo, el 7 de abril, de la ciudad siria de Douma, sometida al asedio de las fuerzas del r\u00e9gimen sirio, y donde se habr\u00eda vuelto a producir, seg\u00fan todos los indicios, el empleo de agentes qu\u00edmicos.<\/p>\n<p>El ataque ha causado v\u00edctimas mortales, que podr\u00edan alcanzar el centenar, adem\u00e1s de numerosos heridos y da\u00f1os materiales. Ante la gravedad de estos hechos, Espa\u00f1a reitera que el empleo de armas qu\u00edmicas por cualquier actor, y en cualquier tiempo y lugar, constituye una flagrante violaci\u00f3n de la legalidad internacional y un crimen contra la humanidad.<\/p>\n<p>La Comunidad internacional no puede quedarse de brazos cruzados ante la impunidad en el empleo de estas armas execrables. Espa\u00f1a lamenta, una vez m\u00e1s, la no prolongaci\u00f3n en el tiempo del mecanismo conjunto entre la Organizaci\u00f3n para la Prohibici\u00f3n de las Armas Qu\u00edmicas y el Consejo de Seguridad de Naciones Unidas (JIM) consagrado a la investigaci\u00f3n y atribuci\u00f3n de responsabilidades por los casos de empleo armas qu\u00edmicas en Siria.<\/p>\n<p>Espa\u00f1a est\u00e1 dispuesta a trabajar por la pronta renovaci\u00f3n de estos mecanismos, esenciales para que los autores de las masacres como esta de Douma, o como la de Khan Seikhoun -cuyo primer aniversario se ha cumplido precisamente en estas fechas- respondan por sus cr\u00edmenes.<\/p>\n","protected":false},"excerpt":{"rendered":"<p>Espa\u00f1a expresa su consternaci\u00f3n, repulsa y condena por el bombardeo, el 7 de abril, de la ciudad siria de Douma, sometida al asedio de las fuerzas del r\u00e9gimen sirio, y donde se habr\u00eda vuelto a producir, seg\u00fan todos los indicios, el empleo de agentes qu\u00edmicos. El ataque ha causado v\u00edctimas mortales, que podr\u00edan alcanzar el [&hellip;]<\/p>\n","protected":false},"author":1,"featured_media":958670,"comment_status":"closed","ping_status":"closed","sticky":false,"template":"","format":"standard","meta":{"footnotes":""},"categories":[1],"tags":[],"class_list":["post-975368","post","type-post","status-publish","format-standard","has-post-thumbnail","hentry","category-actualidad"],"aioseo_notices":[],"aioseo_head":"\n\t\t<!-- All in One SEO Pro 5.0.1 - aioseo.com -->\n\t<meta name=\"description\" content=\"Espa\u00f1a expresa su consternaci\u00f3n, repulsa y condena por el bombardeo, el 7 de abril, de la ciudad siria de Douma, sometida al asedio de las fuerzas del r\u00e9gimen sirio, y donde se habr\u00eda vuelto a producir, seg\u00fan todos los indicios, el empleo de agentes qu\u00edmicos. El ataque ha causado v\u00edctimas mortales, que podr\u00edan alcanzar el\" \/>\n\t<meta name=\"robots\" content=\"max-image-preview:large\" \/>\n\t<meta name=\"author\" content=\"El Digital de Asturias\"\/>\n\t<meta name=\"google-site-verification\" content=\"UA-38556648-1\" \/>\n\t<meta name=\"msvalidate.01\" content=\"7dfe9f3f1b24437ab69f4f2559babe99\" \/>\n\t<meta name=\"keywords\" content=\"actualidad\" \/>\n\t<link rel=\"canonical\" href=\"https:\/\/www.eldigitaldeasturias.com\/noticias\/espana-condena-el-bombardeo-de-la-ciudad-siria-de-douma\/\" \/>\n\t<meta name=\"generator\" content=\"All in One SEO Pro (AIOSEO) 5.0.1\" \/>\n\t\t<meta property=\"og:locale\" content=\"es_ES\" \/>\n\t\t<meta property=\"og:site_name\" content=\"El Digital de Asturias\" \/>\n\t\t<meta property=\"og:type\" content=\"article\" \/>\n\t\t<meta property=\"og:title\" content=\"Espa\u00f1a condena el bombardeo de la ciudad siria de Douma - El Digital de Asturias\" \/>\n\t\t<meta property=\"og:description\" content=\"Espa\u00f1a expresa su consternaci\u00f3n, repulsa y condena por el bombardeo, el 7 de abril, de la ciudad siria de Douma, sometida al asedio de las fuerzas del r\u00e9gimen sirio, y donde se habr\u00eda vuelto a producir, seg\u00fan todos los indicios, el empleo de agentes qu\u00edmicos. El ataque ha causado v\u00edctimas mortales, que podr\u00edan alcanzar el\" \/>\n\t\t<meta property=\"og:url\" content=\"https:\/\/www.eldigitaldeasturias.com\/noticias\/espana-condena-el-bombardeo-de-la-ciudad-siria-de-douma\/\" \/>\n\t\t<meta property=\"article:tag\" content=\"actualidad\" \/>\n\t\t<meta property=\"article:published_time\" content=\"2018-04-09T12:47:12+00:00\" \/>\n\t\t<meta property=\"article:modified_time\" content=\"2018-04-09T12:47:12+00:00\" \/>\n\t\t<meta property=\"article:publisher\" content=\"https:\/\/facebook.com\/eldigitaldeasturias\" \/>\n\t\t<meta name=\"twitter:card\" content=\"summary_large_image\" \/>\n\t\t<meta name=\"twitter:title\" content=\"Espa\u00f1a condena el bombardeo de la ciudad siria de Douma - El Digital de Asturias\" \/>\n\t\t<meta name=\"twitter:description\" content=\"Espa\u00f1a expresa su consternaci\u00f3n, repulsa y condena por el bombardeo, el 7 de abril, de la ciudad siria de Douma, sometida al asedio de las fuerzas del r\u00e9gimen sirio, y donde se habr\u00eda vuelto a producir, seg\u00fan todos los indicios, el empleo de agentes qu\u00edmicos. El ataque ha causado v\u00edctimas mortales, que podr\u00edan alcanzar el\" \/>\n\t\t<meta name=\"twitter:image\" content=\"https:\/\/www.eldigitaldeasturias.com\/noticias\/wp-content\/uploads\/2020\/12\/EDA-1.jpg\" \/>\n\t\t<meta name=\"twitter:label1\" content=\"Escrito por\" \/>\n\t\t<meta name=\"twitter:data1\" content=\"El Digital de Asturias\" \/>\n\t\t<meta name=\"twitter:label2\" content=\"Tiempo de lectura estimado\" \/>\n\t\t<meta name=\"twitter:data2\" content=\"1 minuto\" \/>\n\t\t<script type=\"application\/ld+json\" class=\"aioseo-schema\">\n\t\t\t{\"@context\":\"https:\\\/\\\/schema.org\",\"@graph\":[{\"@type\":\"BlogPosting\",\"@id\":\"https:\\\/\\\/www.eldigitaldeasturias.com\\\/noticias\\\/espana-condena-el-bombardeo-de-la-ciudad-siria-de-douma\\\/#blogposting\",\"name\":\"Espa\\u00f1a condena el bombardeo de la ciudad siria de Douma - El Digital de Asturias\",\"headline\":\"Espa\\u00f1a condena el bombardeo de la ciudad siria de Douma\",\"author\":{\"@id\":\"https:\\\/\\\/www.eldigitaldeasturias.com\\\/noticias\\\/author\\\/admin\\\/#author\"},\"publisher\":{\"@id\":\"https:\\\/\\\/www.eldigitaldeasturias.com\\\/noticias\\\/#organization\"},\"image\":{\"@type\":\"ImageObject\",\"url\":958670},\"datePublished\":\"2018-04-09T12:47:12+02:00\",\"dateModified\":\"2018-04-09T12:47:12+02:00\",\"inLanguage\":\"es-ES\",\"mainEntityOfPage\":{\"@id\":\"https:\\\/\\\/www.eldigitaldeasturias.com\\\/noticias\\\/espana-condena-el-bombardeo-de-la-ciudad-siria-de-douma\\\/#webpage\"},\"isPartOf\":{\"@id\":\"https:\\\/\\\/www.eldigitaldeasturias.com\\\/noticias\\\/espana-condena-el-bombardeo-de-la-ciudad-siria-de-douma\\\/#webpage\"},\"articleSection\":\"Actualidad\"},{\"@type\":\"BreadcrumbList\",\"@id\":\"https:\\\/\\\/www.eldigitaldeasturias.com\\\/noticias\\\/espana-condena-el-bombardeo-de-la-ciudad-siria-de-douma\\\/#breadcrumblist\",\"itemListElement\":[{\"@type\":\"ListItem\",\"@id\":\"https:\\\/\\\/www.eldigitaldeasturias.com\\\/noticias#listItem\",\"position\":1,\"name\":\"Home\",\"item\":\"https:\\\/\\\/www.eldigitaldeasturias.com\\\/noticias\",\"nextItem\":{\"@type\":\"ListItem\",\"@id\":\"https:\\\/\\\/www.eldigitaldeasturias.com\\\/noticias\\\/category\\\/actualidad\\\/#listItem\",\"name\":\"Actualidad\"}},{\"@type\":\"ListItem\",\"@id\":\"https:\\\/\\\/www.eldigitaldeasturias.com\\\/noticias\\\/category\\\/actualidad\\\/#listItem\",\"position\":2,\"name\":\"Actualidad\",\"item\":\"https:\\\/\\\/www.eldigitaldeasturias.com\\\/noticias\\\/category\\\/actualidad\\\/\",\"nextItem\":{\"@type\":\"ListItem\",\"@id\":\"https:\\\/\\\/www.eldigitaldeasturias.com\\\/noticias\\\/espana-condena-el-bombardeo-de-la-ciudad-siria-de-douma\\\/#listItem\",\"name\":\"Espa\\u00f1a condena el bombardeo de la ciudad siria de Douma\"},\"previousItem\":{\"@type\":\"ListItem\",\"@id\":\"https:\\\/\\\/www.eldigitaldeasturias.com\\\/noticias#listItem\",\"name\":\"Home\"}},{\"@type\":\"ListItem\",\"@id\":\"https:\\\/\\\/www.eldigitaldeasturias.com\\\/noticias\\\/espana-condena-el-bombardeo-de-la-ciudad-siria-de-douma\\\/#listItem\",\"position\":3,\"name\":\"Espa\\u00f1a condena el bombardeo de la ciudad siria de Douma\",\"previousItem\":{\"@type\":\"ListItem\",\"@id\":\"https:\\\/\\\/www.eldigitaldeasturias.com\\\/noticias\\\/category\\\/actualidad\\\/#listItem\",\"name\":\"Actualidad\"}}]},{\"@type\":\"Organization\",\"@id\":\"https:\\\/\\\/www.eldigitaldeasturias.com\\\/noticias\\\/#organization\",\"name\":\"El Digital de Asturias\",\"description\":\"Hemeroteca\",\"url\":\"https:\\\/\\\/www.eldigitaldeasturias.com\\\/noticias\\\/\",\"email\":\"info@eldigitaldeasturias.com\",\"telephone\":\"+34652131393\",\"logo\":{\"@type\":\"ImageObject\",\"url\":\"https:\\\/\\\/www.eldigitaldeasturias.com\\\/noticias\\\/wp-content\\\/uploads\\\/2020\\\/12\\\/EDA.jpg\",\"@id\":\"https:\\\/\\\/www.eldigitaldeasturias.com\\\/noticias\\\/espana-condena-el-bombardeo-de-la-ciudad-siria-de-douma\\\/#organizationLogo\"},\"image\":{\"@id\":\"https:\\\/\\\/www.eldigitaldeasturias.com\\\/noticias\\\/espana-condena-el-bombardeo-de-la-ciudad-siria-de-douma\\\/#organizationLogo\"},\"sameAs\":[\"https:\\\/\\\/facebook.com\\\/eldigitaldeasturias\",\"https:\\\/\\\/www.youtube.com\\\/channel\\\/UCZP-2wLEB9Rv6erhFmqVnvg\"],\"address\":{\"@id\":\"https:\\\/\\\/www.eldigitaldeasturias.com\\\/noticias\\\/#postaladdress\",\"@type\":\"PostalAddress\",\"streetAddress\":\"san antonio 4\",\"postalCode\":\"33430\",\"addressLocality\":\"Cand\\u00e1s\",\"addressRegion\":\"Asturias\",\"addressCountry\":\"ES\"}},{\"@type\":\"Person\",\"@id\":\"https:\\\/\\\/www.eldigitaldeasturias.com\\\/noticias\\\/author\\\/admin\\\/#author\",\"url\":\"https:\\\/\\\/www.eldigitaldeasturias.com\\\/noticias\\\/author\\\/admin\\\/\",\"name\":\"El Digital de Asturias\",\"image\":{\"@type\":\"ImageObject\",\"@id\":\"https:\\\/\\\/www.eldigitaldeasturias.com\\\/noticias\\\/espana-condena-el-bombardeo-de-la-ciudad-siria-de-douma\\\/#authorImage\",\"url\":\"https:\\\/\\\/secure.gravatar.com\\\/avatar\\\/df2aeffc32bcd13f8d26072ef8a91b623d677766deac7f97ca815868cd41bf5e?s=96&d=mm&r=g\",\"width\":96,\"height\":96,\"caption\":\"El Digital de Asturias\"}},{\"@type\":\"WebPage\",\"@id\":\"https:\\\/\\\/www.eldigitaldeasturias.com\\\/noticias\\\/espana-condena-el-bombardeo-de-la-ciudad-siria-de-douma\\\/#webpage\",\"url\":\"https:\\\/\\\/www.eldigitaldeasturias.com\\\/noticias\\\/espana-condena-el-bombardeo-de-la-ciudad-siria-de-douma\\\/\",\"name\":\"Espa\\u00f1a condena el bombardeo de la ciudad siria de Douma - El Digital de Asturias\",\"description\":\"Espa\\u00f1a expresa su consternaci\\u00f3n, repulsa y condena por el bombardeo, el 7 de abril, de la ciudad siria de Douma, sometida al asedio de las fuerzas del r\\u00e9gimen sirio, y donde se habr\\u00eda vuelto a producir, seg\\u00fan todos los indicios, el empleo de agentes qu\\u00edmicos. El ataque ha causado v\\u00edctimas mortales, que podr\\u00edan alcanzar el\",\"inLanguage\":\"es-ES\",\"isPartOf\":{\"@id\":\"https:\\\/\\\/www.eldigitaldeasturias.com\\\/noticias\\\/#website\"},\"breadcrumb\":{\"@id\":\"https:\\\/\\\/www.eldigitaldeasturias.com\\\/noticias\\\/espana-condena-el-bombardeo-de-la-ciudad-siria-de-douma\\\/#breadcrumblist\"},\"author\":{\"@id\":\"https:\\\/\\\/www.eldigitaldeasturias.com\\\/noticias\\\/author\\\/admin\\\/#author\"},\"creator\":{\"@id\":\"https:\\\/\\\/www.eldigitaldeasturias.com\\\/noticias\\\/author\\\/admin\\\/#author\"},\"image\":{\"@type\":\"ImageObject\",\"url\":958670,\"@id\":\"https:\\\/\\\/www.eldigitaldeasturias.com\\\/noticias\\\/espana-condena-el-bombardeo-de-la-ciudad-siria-de-douma\\\/#mainImage\"},\"primaryImageOfPage\":{\"@id\":\"https:\\\/\\\/www.eldigitaldeasturias.com\\\/noticias\\\/espana-condena-el-bombardeo-de-la-ciudad-siria-de-douma\\\/#mainImage\"},\"datePublished\":\"2018-04-09T12:47:12+02:00\",\"dateModified\":\"2018-04-09T12:47:12+02:00\"},{\"@type\":\"WebSite\",\"@id\":\"https:\\\/\\\/www.eldigitaldeasturias.com\\\/noticias\\\/#website\",\"url\":\"https:\\\/\\\/www.eldigitaldeasturias.com\\\/noticias\\\/\",\"name\":\"El Digital de Asturias - Diario de actualidad y noticias\",\"alternateName\":\"El Digital de Asturias - Diario de actualidad y noticias\",\"description\":\"Hemeroteca\",\"inLanguage\":\"es-ES\",\"publisher\":{\"@id\":\"https:\\\/\\\/www.eldigitaldeasturias.com\\\/noticias\\\/#organization\"}}]}\n\t\t<\/script>\n\t\t<!-- All in One SEO Pro -->\r\n\t\t<title>Espa\u00f1a condena el bombardeo de la ciudad siria de Douma - El Digital de Asturias<\/title>\n\n","aioseo_head_json":{"title":"Espa\u00f1a condena el bombardeo de la ciudad siria de Douma - El Digital de Asturias","description":"Espa\u00f1a expresa su consternaci\u00f3n, repulsa y condena por el bombardeo, el 7 de abril, de la ciudad siria de Douma, sometida al asedio de las fuerzas del r\u00e9gimen sirio, y donde se habr\u00eda vuelto a producir, seg\u00fan todos los indicios, el empleo de agentes qu\u00edmicos. El ataque ha causado v\u00edctimas mortales, que podr\u00edan alcanzar el","canonical_url":"https:\/\/www.eldigitaldeasturias.com\/noticias\/espana-condena-el-bombardeo-de-la-ciudad-siria-de-douma\/","robots":"max-image-preview:large","keywords":"actualidad","webmasterTools":{"google-site-verification":"UA-38556648-1","msvalidate.01":"7dfe9f3f1b24437ab69f4f2559babe99","miscellaneous":""},"schema":{"@context":"https:\/\/schema.org","@graph":[{"@type":"BlogPosting","@id":"https:\/\/www.eldigitaldeasturias.com\/noticias\/espana-condena-el-bombardeo-de-la-ciudad-siria-de-douma\/#blogposting","name":"Espa\u00f1a condena el bombardeo de la ciudad siria de Douma - El Digital de Asturias","headline":"Espa\u00f1a condena el bombardeo de la ciudad siria de Douma","author":{"@id":"https:\/\/www.eldigitaldeasturias.com\/noticias\/author\/admin\/#author"},"publisher":{"@id":"https:\/\/www.eldigitaldeasturias.com\/noticias\/#organization"},"image":{"@type":"ImageObject","url":958670},"datePublished":"2018-04-09T12:47:12+02:00","dateModified":"2018-04-09T12:47:12+02:00","inLanguage":"es-ES","mainEntityOfPage":{"@id":"https:\/\/www.eldigitaldeasturias.com\/noticias\/espana-condena-el-bombardeo-de-la-ciudad-siria-de-douma\/#webpage"},"isPartOf":{"@id":"https:\/\/www.eldigitaldeasturias.com\/noticias\/espana-condena-el-bombardeo-de-la-ciudad-siria-de-douma\/#webpage"},"articleSection":"Actualidad"},{"@type":"BreadcrumbList","@id":"https:\/\/www.eldigitaldeasturias.com\/noticias\/espana-condena-el-bombardeo-de-la-ciudad-siria-de-douma\/#breadcrumblist","itemListElement":[{"@type":"ListItem","@id":"https:\/\/www.eldigitaldeasturias.com\/noticias#listItem","position":1,"name":"Home","item":"https:\/\/www.eldigitaldeasturias.com\/noticias","nextItem":{"@type":"ListItem","@id":"https:\/\/www.eldigitaldeasturias.com\/noticias\/category\/actualidad\/#listItem","name":"Actualidad"}},{"@type":"ListItem","@id":"https:\/\/www.eldigitaldeasturias.com\/noticias\/category\/actualidad\/#listItem","position":2,"name":"Actualidad","item":"https:\/\/www.eldigitaldeasturias.com\/noticias\/category\/actualidad\/","nextItem":{"@type":"ListItem","@id":"https:\/\/www.eldigitaldeasturias.com\/noticias\/espana-condena-el-bombardeo-de-la-ciudad-siria-de-douma\/#listItem","name":"Espa\u00f1a condena el bombardeo de la ciudad siria de Douma"},"previousItem":{"@type":"ListItem","@id":"https:\/\/www.eldigitaldeasturias.com\/noticias#listItem","name":"Home"}},{"@type":"ListItem","@id":"https:\/\/www.eldigitaldeasturias.com\/noticias\/espana-condena-el-bombardeo-de-la-ciudad-siria-de-douma\/#listItem","position":3,"name":"Espa\u00f1a condena el bombardeo de la ciudad siria de Douma","previousItem":{"@type":"ListItem","@id":"https:\/\/www.eldigitaldeasturias.com\/noticias\/category\/actualidad\/#listItem","name":"Actualidad"}}]},{"@type":"Organization","@id":"https:\/\/www.eldigitaldeasturias.com\/noticias\/#organization","name":"El Digital de Asturias","description":"Hemeroteca","url":"https:\/\/www.eldigitaldeasturias.com\/noticias\/","email":"info@eldigitaldeasturias.com","telephone":"+34652131393","logo":{"@type":"ImageObject","url":"https:\/\/www.eldigitaldeasturias.com\/noticias\/wp-content\/uploads\/2020\/12\/EDA.jpg","@id":"https:\/\/www.eldigitaldeasturias.com\/noticias\/espana-condena-el-bombardeo-de-la-ciudad-siria-de-douma\/#organizationLogo"},"image":{"@id":"https:\/\/www.eldigitaldeasturias.com\/noticias\/espana-condena-el-bombardeo-de-la-ciudad-siria-de-douma\/#organizationLogo"},"sameAs":["https:\/\/facebook.com\/eldigitaldeasturias","https:\/\/www.youtube.com\/channel\/UCZP-2wLEB9Rv6erhFmqVnvg"],"address":{"@id":"https:\/\/www.eldigitaldeasturias.com\/noticias\/#postaladdress","@type":"PostalAddress","streetAddress":"san antonio 4","postalCode":"33430","addressLocality":"Cand\u00e1s","addressRegion":"Asturias","addressCountry":"ES"}},{"@type":"Person","@id":"https:\/\/www.eldigitaldeasturias.com\/noticias\/author\/admin\/#author","url":"https:\/\/www.eldigitaldeasturias.com\/noticias\/author\/admin\/","name":"El Digital de Asturias","image":{"@type":"ImageObject","@id":"https:\/\/www.eldigitaldeasturias.com\/noticias\/espana-condena-el-bombardeo-de-la-ciudad-siria-de-douma\/#authorImage","url":"https:\/\/secure.gravatar.com\/avatar\/df2aeffc32bcd13f8d26072ef8a91b623d677766deac7f97ca815868cd41bf5e?s=96&d=mm&r=g","width":96,"height":96,"caption":"El Digital de Asturias"}},{"@type":"WebPage","@id":"https:\/\/www.eldigitaldeasturias.com\/noticias\/espana-condena-el-bombardeo-de-la-ciudad-siria-de-douma\/#webpage","url":"https:\/\/www.eldigitaldeasturias.com\/noticias\/espana-condena-el-bombardeo-de-la-ciudad-siria-de-douma\/","name":"Espa\u00f1a condena el bombardeo de la ciudad siria de Douma - El Digital de Asturias","description":"Espa\u00f1a expresa su consternaci\u00f3n, repulsa y condena por el bombardeo, el 7 de abril, de la ciudad siria de Douma, sometida al asedio de las fuerzas del r\u00e9gimen sirio, y donde se habr\u00eda vuelto a producir, seg\u00fan todos los indicios, el empleo de agentes qu\u00edmicos. El ataque ha causado v\u00edctimas mortales, que podr\u00edan alcanzar el","inLanguage":"es-ES","isPartOf":{"@id":"https:\/\/www.eldigitaldeasturias.com\/noticias\/#website"},"breadcrumb":{"@id":"https:\/\/www.eldigitaldeasturias.com\/noticias\/espana-condena-el-bombardeo-de-la-ciudad-siria-de-douma\/#breadcrumblist"},"author":{"@id":"https:\/\/www.eldigitaldeasturias.com\/noticias\/author\/admin\/#author"},"creator":{"@id":"https:\/\/www.eldigitaldeasturias.com\/noticias\/author\/admin\/#author"},"image":{"@type":"ImageObject","url":958670,"@id":"https:\/\/www.eldigitaldeasturias.com\/noticias\/espana-condena-el-bombardeo-de-la-ciudad-siria-de-douma\/#mainImage"},"primaryImageOfPage":{"@id":"https:\/\/www.eldigitaldeasturias.com\/noticias\/espana-condena-el-bombardeo-de-la-ciudad-siria-de-douma\/#mainImage"},"datePublished":"2018-04-09T12:47:12+02:00","dateModified":"2018-04-09T12:47:12+02:00"},{"@type":"WebSite","@id":"https:\/\/www.eldigitaldeasturias.com\/noticias\/#website","url":"https:\/\/www.eldigitaldeasturias.com\/noticias\/","name":"El Digital de Asturias - Diario de actualidad y noticias","alternateName":"El Digital de Asturias - Diario de actualidad y noticias","description":"Hemeroteca","inLanguage":"es-ES","publisher":{"@id":"https:\/\/www.eldigitaldeasturias.com\/noticias\/#organization"}}]},"og:locale":"es_ES","og:site_name":"El Digital de Asturias","og:type":"article","og:title":"Espa\u00f1a condena el bombardeo de la ciudad siria de Douma - El Digital de Asturias","og:description":"Espa\u00f1a expresa su consternaci\u00f3n, repulsa y condena por el bombardeo, el 7 de abril, de la ciudad siria de Douma, sometida al asedio de las fuerzas del r\u00e9gimen sirio, y donde se habr\u00eda vuelto a producir, seg\u00fan todos los indicios, el empleo de agentes qu\u00edmicos. El ataque ha causado v\u00edctimas mortales, que podr\u00edan alcanzar el","og:url":"https:\/\/www.eldigitaldeasturias.com\/noticias\/espana-condena-el-bombardeo-de-la-ciudad-siria-de-douma\/","article:tag":["actualidad"],"article:published_time":"2018-04-09T12:47:12+00:00","article:modified_time":"2018-04-09T12:47:12+00:00","article:publisher":"https:\/\/facebook.com\/eldigitaldeasturias","twitter:card":"summary_large_image","twitter:title":"Espa\u00f1a condena el bombardeo de la ciudad siria de Douma - El Digital de Asturias","twitter:description":"Espa\u00f1a expresa su consternaci\u00f3n, repulsa y condena por el bombardeo, el 7 de abril, de la ciudad siria de Douma, sometida al asedio de las fuerzas del r\u00e9gimen sirio, y donde se habr\u00eda vuelto a producir, seg\u00fan todos los indicios, el empleo de agentes qu\u00edmicos. El ataque ha causado v\u00edctimas mortales, que podr\u00edan alcanzar el","twitter:image":"https:\/\/www.eldigitaldeasturias.com\/noticias\/wp-content\/uploads\/2020\/12\/EDA-1.jpg","twitter:label1":"Escrito por","twitter:data1":"El Digital de Asturias","twitter:label2":"Tiempo de lectura estimado","twitter:data2":"1 minuto"},"aioseo_meta_data":{"post_id":"975368","title":null,"description":null,"keywords":null,"keyphrases":null,"primary_term":null,"canonical_url":null,"og_title":null,"og_description":null,"og_object_type":"default","og_image_type":"default","og_image_url":null,"og_image_width":null,"og_image_height":null,"og_image_custom_url":null,"og_image_custom_fields":null,"og_video":null,"og_custom_url":null,"og_article_section":null,"og_article_tags":null,"twitter_use_og":false,"twitter_card":"default","twitter_image_type":"default","twitter_image_url":null,"twitter_image_custom_url":null,"twitter_image_custom_fields":null,"twitter_title":null,"twitter_description":null,"schema":{"blockGraphs":[],"customGraphs":[],"default":{"data":{"Article":[],"Course":[],"Dataset":[],"FAQPage":[],"Movie":[],"Person":[],"Product":[],"ProductReview":[],"Car":[],"Recipe":[],"Service":[],"SoftwareApplication":[],"WebPage":[]},"graphName":"","isEnabled":true},"graphs":[],"defaultGraph":"","defaultPostTypeGraph":""},"schema_type":null,"schema_type_options":null,"pillar_content":false,"robots_default":true,"robots_noindex":false,"robots_noarchive":false,"robots_nosnippet":false,"robots_nofollow":false,"robots_noimageindex":false,"robots_noodp":false,"robots_notranslate":false,"robots_max_snippet":null,"robots_max_videopreview":null,"robots_max_imagepreview":"large","priority":null,"frequency":null,"local_seo":null,"seo_analyzer_scan_date":"2025-10-07 23:40:03","breadcrumb_settings":null,"limit_modified_date":false,"open_ai":null,"ai":null,"created":"2020-12-21 12:10:41","updated":"2025-10-07 23:40:03","focus_keyword":null,"additional_keywords":null,"truseo_locale":null},"aioseo_breadcrumb":"<div class=\"aioseo-breadcrumbs\"><span class=\"aioseo-breadcrumb\">\n\t<a href=\"https:\/\/www.eldigitaldeasturias.com\/noticias\" title=\"Home\">Home<\/a>\n<\/span><span class=\"aioseo-breadcrumb-separator\">\u2013<\/span><span class=\"aioseo-breadcrumb\">\n\t<a href=\"https:\/\/www.eldigitaldeasturias.com\/noticias\/category\/actualidad\/\" title=\"Actualidad\">Actualidad<\/a>\n<\/span><span class=\"aioseo-breadcrumb-separator\">\u2013<\/span><span class=\"aioseo-breadcrumb\">\n\t<a href=\"https:\/\/www.eldigitaldeasturias.com\/noticias\/espana-condena-el-bombardeo-de-la-ciudad-siria-de-douma\/\" title=\"Espa\u00f1a condena el bombardeo de la ciudad siria de Douma\">Espa\u00f1a condena el bombardeo de la ciudad siria de Douma<\/a>\n<\/span><\/div>","aioseo_breadcrumb_json":[{"label":"Home","link":"https:\/\/www.eldigitaldeasturias.com\/noticias"},{"label":"Actualidad","link":"https:\/\/www.eldigitaldeasturias.com\/noticias\/category\/actualidad\/"},{"label":"Espa\u00f1a condena el bombardeo de la ciudad siria de Douma","link":"https:\/\/www.eldigitaldeasturias.com\/noticias\/espana-condena-el-bombardeo-de-la-ciudad-siria-de-douma\/"}],"_links":{"self":[{"href":"https:\/\/www.eldigitaldeasturias.com\/noticias\/wp-json\/wp\/v2\/posts\/975368","targetHints":{"allow":["GET"]}}],"collection":[{"href":"https:\/\/www.eldigitaldeasturias.com\/noticias\/wp-json\/wp\/v2\/posts"}],"about":[{"href":"https:\/\/www.eldigitaldeasturias.com\/noticias\/wp-json\/wp\/v2\/types\/post"}],"author":[{"embeddable":true,"href":"https:\/\/www.eldigitaldeasturias.com\/noticias\/wp-json\/wp\/v2\/users\/1"}],"replies":[{"embeddable":true,"href":"https:\/\/www.eldigitaldeasturias.com\/noticias\/wp-json\/wp\/v2\/comments?post=975368"}],"version-history":[{"count":0,"href":"https:\/\/www.eldigitaldeasturias.com\/noticias\/wp-json\/wp\/v2\/posts\/975368\/revisions"}],"wp:attachment":[{"href":"https:\/\/www.eldigitaldeasturias.com\/noticias\/wp-json\/wp\/v2\/media?parent=975368"}],"wp:term":[{"taxonomy":"category","embeddable":true,"href":"https:\/\/www.eldigitaldeasturias.com\/noticias\/wp-json\/wp\/v2\/categories?post=975368"},{"taxonomy":"post_tag","embeddable":true,"href":"https:\/\/www.eldigitaldeasturias.com\/noticias\/wp-json\/wp\/v2\/tags?post=975368"}],"curies":[{"name":"wp","href":"https:\/\/api.w.org\/{rel}","templated":true}]}}