{"id":975365,"date":"2018-04-09T12:40:03","date_gmt":"2018-04-09T12:40:03","guid":{"rendered":"http:\/\/www.eldigitaldeasturias.com\/noticias\/?p=975365"},"modified":"2018-04-09T12:40:03","modified_gmt":"2018-04-09T12:40:03","slug":"inigo-mendez-de-vigo-lamenta-el-fallecimiento-del-rejoneador-angel-peralta","status":"publish","type":"post","link":"https:\/\/www.eldigitaldeasturias.com\/noticias\/inigo-mendez-de-vigo-lamenta-el-fallecimiento-del-rejoneador-angel-peralta\/","title":{"rendered":"\u00cd\u00f1igo M\u00e9ndez de Vigo lamenta el fallecimiento del rejoneador \u00c1ngel Peralta"},"content":{"rendered":"<p><img loading=\"lazy\" decoding=\"async\" class=\"alignleft size-medium wp-image-975366\" src=\"https:\/\/www.eldigitaldeasturias.com\/noticias\/wp-content\/uploads\/2018\/04\/2301216-vigo-360x239.jpg\" alt=\"\" width=\"360\" height=\"239\" \/>El ministro de Educaci\u00f3n, Cultura y Deporte, \u00cd\u00f1igo M\u00e9ndez de Vigo, ha expresado sus condolencias al conocer el fallecimiento del rejoneador \u00c1ngel Peralta, a quien en 2013 el Gobierno concedi\u00f3 la Medalla de Oro de las Bellas Artes.<\/p>\n<p>\u200b\u00bbCon la muerte de \u00c1ngel Peralta desaparece una figura de la tauromaquia espa\u00f1ola, que cosech\u00f3 numerosos \u00e9xitos a lo largo de su carrera, encabezando en el pasado siglo el escalaf\u00f3n de rejoneadores en plaza durante muchas temporadas\u00bb, ha declarado el ministro.<\/p>\n<p>\u00ab\u00c1ngel Peralta ha sido tambi\u00e9n un hombre polifac\u00e9tico que dio muestras de su creatividad a trav\u00e9s de la novela, la poes\u00eda y como divulgador del arte del rejoneo\u00bb.<\/p>\n<p>\u00abAdem\u00e1s\u00bb, ha a\u00f1adido M\u00e9ndez de Vigo, \u00abjunto con su hermano Rafael, \u00c1ngel Peralta dedic\u00f3 toda su vida a la cr\u00eda de caballos, tanto el Pura Raza Espa\u00f1ol, como el caballo de deporte para rejoneo y para competici\u00f3n\u00bb.<\/p>\n<p>&nbsp;<\/p>\n","protected":false},"excerpt":{"rendered":"<p>El ministro de Educaci\u00f3n, Cultura y Deporte, \u00cd\u00f1igo M\u00e9ndez de Vigo, ha expresado sus condolencias al conocer el fallecimiento del rejoneador \u00c1ngel Peralta, a quien en 2013 el Gobierno concedi\u00f3 la Medalla de Oro de las Bellas Artes. \u200b\u00bbCon la muerte de \u00c1ngel Peralta desaparece una figura de la tauromaquia espa\u00f1ola, que cosech\u00f3 numerosos \u00e9xitos [&hellip;]<\/p>\n","protected":false},"author":1,"featured_media":975366,"comment_status":"closed","ping_status":"closed","sticky":false,"template":"","format":"standard","meta":{"footnotes":""},"categories":[1],"tags":[],"class_list":["post-975365","post","type-post","status-publish","format-standard","has-post-thumbnail","hentry","category-actualidad"],"aioseo_notices":[],"aioseo_head":"\n\t\t<!-- All in One SEO Pro 5.0.1 - aioseo.com -->\n\t<meta name=\"description\" content=\"El ministro de Educaci\u00f3n, Cultura y Deporte, \u00cd\u00f1igo M\u00e9ndez de Vigo, ha expresado sus condolencias al conocer el fallecimiento del rejoneador \u00c1ngel Peralta, a quien en 2013 el Gobierno concedi\u00f3 la Medalla de Oro de las Bellas Artes. \u200b&quot;Con la muerte de \u00c1ngel Peralta desaparece una figura de la tauromaquia espa\u00f1ola, que cosech\u00f3 numerosos \u00e9xitos\" \/>\n\t<meta name=\"robots\" content=\"max-image-preview:large\" \/>\n\t<meta name=\"author\" content=\"El Digital de Asturias\"\/>\n\t<meta name=\"google-site-verification\" content=\"UA-38556648-1\" \/>\n\t<meta name=\"msvalidate.01\" content=\"7dfe9f3f1b24437ab69f4f2559babe99\" \/>\n\t<meta name=\"keywords\" content=\"actualidad\" \/>\n\t<link rel=\"canonical\" href=\"https:\/\/www.eldigitaldeasturias.com\/noticias\/inigo-mendez-de-vigo-lamenta-el-fallecimiento-del-rejoneador-angel-peralta\/\" \/>\n\t<meta name=\"generator\" content=\"All in One SEO Pro (AIOSEO) 5.0.1\" \/>\n\t\t<meta property=\"og:locale\" content=\"es_ES\" \/>\n\t\t<meta property=\"og:site_name\" content=\"El Digital de Asturias\" \/>\n\t\t<meta property=\"og:type\" content=\"article\" \/>\n\t\t<meta property=\"og:title\" content=\"\u00cd\u00f1igo M\u00e9ndez de Vigo lamenta el fallecimiento del rejoneador \u00c1ngel Peralta - El Digital de Asturias\" \/>\n\t\t<meta property=\"og:description\" content=\"El ministro de Educaci\u00f3n, Cultura y Deporte, \u00cd\u00f1igo M\u00e9ndez de Vigo, ha expresado sus condolencias al conocer el fallecimiento del rejoneador \u00c1ngel Peralta, a quien en 2013 el Gobierno concedi\u00f3 la Medalla de Oro de las Bellas Artes. \u200b&quot;Con la muerte de \u00c1ngel Peralta desaparece una figura de la tauromaquia espa\u00f1ola, que cosech\u00f3 numerosos \u00e9xitos\" \/>\n\t\t<meta property=\"og:url\" content=\"https:\/\/www.eldigitaldeasturias.com\/noticias\/inigo-mendez-de-vigo-lamenta-el-fallecimiento-del-rejoneador-angel-peralta\/\" \/>\n\t\t<meta property=\"article:tag\" content=\"actualidad\" \/>\n\t\t<meta property=\"article:published_time\" content=\"2018-04-09T12:40:03+00:00\" \/>\n\t\t<meta property=\"article:modified_time\" content=\"2018-04-09T12:40:03+00:00\" \/>\n\t\t<meta property=\"article:publisher\" content=\"https:\/\/facebook.com\/eldigitaldeasturias\" \/>\n\t\t<meta name=\"twitter:card\" content=\"summary_large_image\" \/>\n\t\t<meta name=\"twitter:title\" content=\"\u00cd\u00f1igo M\u00e9ndez de Vigo lamenta el fallecimiento del rejoneador \u00c1ngel Peralta - El Digital de Asturias\" \/>\n\t\t<meta name=\"twitter:description\" content=\"El ministro de Educaci\u00f3n, Cultura y Deporte, \u00cd\u00f1igo M\u00e9ndez de Vigo, ha expresado sus condolencias al conocer el fallecimiento del rejoneador \u00c1ngel Peralta, a quien en 2013 el Gobierno concedi\u00f3 la Medalla de Oro de las Bellas Artes. \u200b&quot;Con la muerte de \u00c1ngel Peralta desaparece una figura de la tauromaquia espa\u00f1ola, que cosech\u00f3 numerosos \u00e9xitos\" \/>\n\t\t<meta name=\"twitter:image\" content=\"https:\/\/www.eldigitaldeasturias.com\/noticias\/wp-content\/uploads\/2020\/12\/EDA-1.jpg\" \/>\n\t\t<meta name=\"twitter:label1\" content=\"Escrito por\" \/>\n\t\t<meta name=\"twitter:data1\" content=\"El Digital de Asturias\" \/>\n\t\t<meta name=\"twitter:label2\" content=\"Tiempo de lectura estimado\" \/>\n\t\t<meta name=\"twitter:data2\" content=\"1 minuto\" \/>\n\t\t<script type=\"application\/ld+json\" class=\"aioseo-schema\">\n\t\t\t{\"@context\":\"https:\\\/\\\/schema.org\",\"@graph\":[{\"@type\":\"BlogPosting\",\"@id\":\"https:\\\/\\\/www.eldigitaldeasturias.com\\\/noticias\\\/inigo-mendez-de-vigo-lamenta-el-fallecimiento-del-rejoneador-angel-peralta\\\/#blogposting\",\"name\":\"\\u00cd\\u00f1igo M\\u00e9ndez de Vigo lamenta el fallecimiento del rejoneador \\u00c1ngel Peralta - El Digital de Asturias\",\"headline\":\"\\u00cd\\u00f1igo M\\u00e9ndez de Vigo lamenta el fallecimiento del rejoneador \\u00c1ngel Peralta\",\"author\":{\"@id\":\"https:\\\/\\\/www.eldigitaldeasturias.com\\\/noticias\\\/author\\\/admin\\\/#author\"},\"publisher\":{\"@id\":\"https:\\\/\\\/www.eldigitaldeasturias.com\\\/noticias\\\/#organization\"},\"image\":{\"@type\":\"ImageObject\",\"url\":975366},\"datePublished\":\"2018-04-09T12:40:03+02:00\",\"dateModified\":\"2018-04-09T12:40:03+02:00\",\"inLanguage\":\"es-ES\",\"mainEntityOfPage\":{\"@id\":\"https:\\\/\\\/www.eldigitaldeasturias.com\\\/noticias\\\/inigo-mendez-de-vigo-lamenta-el-fallecimiento-del-rejoneador-angel-peralta\\\/#webpage\"},\"isPartOf\":{\"@id\":\"https:\\\/\\\/www.eldigitaldeasturias.com\\\/noticias\\\/inigo-mendez-de-vigo-lamenta-el-fallecimiento-del-rejoneador-angel-peralta\\\/#webpage\"},\"articleSection\":\"Actualidad\"},{\"@type\":\"BreadcrumbList\",\"@id\":\"https:\\\/\\\/www.eldigitaldeasturias.com\\\/noticias\\\/inigo-mendez-de-vigo-lamenta-el-fallecimiento-del-rejoneador-angel-peralta\\\/#breadcrumblist\",\"itemListElement\":[{\"@type\":\"ListItem\",\"@id\":\"https:\\\/\\\/www.eldigitaldeasturias.com\\\/noticias#listItem\",\"position\":1,\"name\":\"Home\",\"item\":\"https:\\\/\\\/www.eldigitaldeasturias.com\\\/noticias\",\"nextItem\":{\"@type\":\"ListItem\",\"@id\":\"https:\\\/\\\/www.eldigitaldeasturias.com\\\/noticias\\\/category\\\/actualidad\\\/#listItem\",\"name\":\"Actualidad\"}},{\"@type\":\"ListItem\",\"@id\":\"https:\\\/\\\/www.eldigitaldeasturias.com\\\/noticias\\\/category\\\/actualidad\\\/#listItem\",\"position\":2,\"name\":\"Actualidad\",\"item\":\"https:\\\/\\\/www.eldigitaldeasturias.com\\\/noticias\\\/category\\\/actualidad\\\/\",\"nextItem\":{\"@type\":\"ListItem\",\"@id\":\"https:\\\/\\\/www.eldigitaldeasturias.com\\\/noticias\\\/inigo-mendez-de-vigo-lamenta-el-fallecimiento-del-rejoneador-angel-peralta\\\/#listItem\",\"name\":\"\\u00cd\\u00f1igo M\\u00e9ndez de Vigo lamenta el fallecimiento del rejoneador \\u00c1ngel Peralta\"},\"previousItem\":{\"@type\":\"ListItem\",\"@id\":\"https:\\\/\\\/www.eldigitaldeasturias.com\\\/noticias#listItem\",\"name\":\"Home\"}},{\"@type\":\"ListItem\",\"@id\":\"https:\\\/\\\/www.eldigitaldeasturias.com\\\/noticias\\\/inigo-mendez-de-vigo-lamenta-el-fallecimiento-del-rejoneador-angel-peralta\\\/#listItem\",\"position\":3,\"name\":\"\\u00cd\\u00f1igo M\\u00e9ndez de Vigo lamenta el fallecimiento del rejoneador \\u00c1ngel Peralta\",\"previousItem\":{\"@type\":\"ListItem\",\"@id\":\"https:\\\/\\\/www.eldigitaldeasturias.com\\\/noticias\\\/category\\\/actualidad\\\/#listItem\",\"name\":\"Actualidad\"}}]},{\"@type\":\"Organization\",\"@id\":\"https:\\\/\\\/www.eldigitaldeasturias.com\\\/noticias\\\/#organization\",\"name\":\"El Digital de Asturias\",\"description\":\"Hemeroteca\",\"url\":\"https:\\\/\\\/www.eldigitaldeasturias.com\\\/noticias\\\/\",\"email\":\"info@eldigitaldeasturias.com\",\"telephone\":\"+34652131393\",\"logo\":{\"@type\":\"ImageObject\",\"url\":\"https:\\\/\\\/www.eldigitaldeasturias.com\\\/noticias\\\/wp-content\\\/uploads\\\/2020\\\/12\\\/EDA.jpg\",\"@id\":\"https:\\\/\\\/www.eldigitaldeasturias.com\\\/noticias\\\/inigo-mendez-de-vigo-lamenta-el-fallecimiento-del-rejoneador-angel-peralta\\\/#organizationLogo\"},\"image\":{\"@id\":\"https:\\\/\\\/www.eldigitaldeasturias.com\\\/noticias\\\/inigo-mendez-de-vigo-lamenta-el-fallecimiento-del-rejoneador-angel-peralta\\\/#organizationLogo\"},\"sameAs\":[\"https:\\\/\\\/facebook.com\\\/eldigitaldeasturias\",\"https:\\\/\\\/www.youtube.com\\\/channel\\\/UCZP-2wLEB9Rv6erhFmqVnvg\"],\"address\":{\"@id\":\"https:\\\/\\\/www.eldigitaldeasturias.com\\\/noticias\\\/#postaladdress\",\"@type\":\"PostalAddress\",\"streetAddress\":\"san antonio 4\",\"postalCode\":\"33430\",\"addressLocality\":\"Cand\\u00e1s\",\"addressRegion\":\"Asturias\",\"addressCountry\":\"ES\"}},{\"@type\":\"Person\",\"@id\":\"https:\\\/\\\/www.eldigitaldeasturias.com\\\/noticias\\\/author\\\/admin\\\/#author\",\"url\":\"https:\\\/\\\/www.eldigitaldeasturias.com\\\/noticias\\\/author\\\/admin\\\/\",\"name\":\"El Digital de Asturias\",\"image\":{\"@type\":\"ImageObject\",\"@id\":\"https:\\\/\\\/www.eldigitaldeasturias.com\\\/noticias\\\/inigo-mendez-de-vigo-lamenta-el-fallecimiento-del-rejoneador-angel-peralta\\\/#authorImage\",\"url\":\"https:\\\/\\\/secure.gravatar.com\\\/avatar\\\/df2aeffc32bcd13f8d26072ef8a91b623d677766deac7f97ca815868cd41bf5e?s=96&d=mm&r=g\",\"width\":96,\"height\":96,\"caption\":\"El Digital de Asturias\"}},{\"@type\":\"WebPage\",\"@id\":\"https:\\\/\\\/www.eldigitaldeasturias.com\\\/noticias\\\/inigo-mendez-de-vigo-lamenta-el-fallecimiento-del-rejoneador-angel-peralta\\\/#webpage\",\"url\":\"https:\\\/\\\/www.eldigitaldeasturias.com\\\/noticias\\\/inigo-mendez-de-vigo-lamenta-el-fallecimiento-del-rejoneador-angel-peralta\\\/\",\"name\":\"\\u00cd\\u00f1igo M\\u00e9ndez de Vigo lamenta el fallecimiento del rejoneador \\u00c1ngel Peralta - El Digital de Asturias\",\"description\":\"El ministro de Educaci\\u00f3n, Cultura y Deporte, \\u00cd\\u00f1igo M\\u00e9ndez de Vigo, ha expresado sus condolencias al conocer el fallecimiento del rejoneador \\u00c1ngel Peralta, a quien en 2013 el Gobierno concedi\\u00f3 la Medalla de Oro de las Bellas Artes. \\u200b\\\"Con la muerte de \\u00c1ngel Peralta desaparece una figura de la tauromaquia espa\\u00f1ola, que cosech\\u00f3 numerosos \\u00e9xitos\",\"inLanguage\":\"es-ES\",\"isPartOf\":{\"@id\":\"https:\\\/\\\/www.eldigitaldeasturias.com\\\/noticias\\\/#website\"},\"breadcrumb\":{\"@id\":\"https:\\\/\\\/www.eldigitaldeasturias.com\\\/noticias\\\/inigo-mendez-de-vigo-lamenta-el-fallecimiento-del-rejoneador-angel-peralta\\\/#breadcrumblist\"},\"author\":{\"@id\":\"https:\\\/\\\/www.eldigitaldeasturias.com\\\/noticias\\\/author\\\/admin\\\/#author\"},\"creator\":{\"@id\":\"https:\\\/\\\/www.eldigitaldeasturias.com\\\/noticias\\\/author\\\/admin\\\/#author\"},\"image\":{\"@type\":\"ImageObject\",\"url\":975366,\"@id\":\"https:\\\/\\\/www.eldigitaldeasturias.com\\\/noticias\\\/inigo-mendez-de-vigo-lamenta-el-fallecimiento-del-rejoneador-angel-peralta\\\/#mainImage\"},\"primaryImageOfPage\":{\"@id\":\"https:\\\/\\\/www.eldigitaldeasturias.com\\\/noticias\\\/inigo-mendez-de-vigo-lamenta-el-fallecimiento-del-rejoneador-angel-peralta\\\/#mainImage\"},\"datePublished\":\"2018-04-09T12:40:03+02:00\",\"dateModified\":\"2018-04-09T12:40:03+02:00\"},{\"@type\":\"WebSite\",\"@id\":\"https:\\\/\\\/www.eldigitaldeasturias.com\\\/noticias\\\/#website\",\"url\":\"https:\\\/\\\/www.eldigitaldeasturias.com\\\/noticias\\\/\",\"name\":\"El Digital de Asturias - Diario de actualidad y noticias\",\"alternateName\":\"El Digital de Asturias - Diario de actualidad y noticias\",\"description\":\"Hemeroteca\",\"inLanguage\":\"es-ES\",\"publisher\":{\"@id\":\"https:\\\/\\\/www.eldigitaldeasturias.com\\\/noticias\\\/#organization\"}}]}\n\t\t<\/script>\n\t\t<!-- All in One SEO Pro -->\r\n\t\t<title>\u00cd\u00f1igo M\u00e9ndez de Vigo lamenta el fallecimiento del rejoneador \u00c1ngel Peralta - El Digital de Asturias<\/title>\n\n","aioseo_head_json":{"title":"\u00cd\u00f1igo M\u00e9ndez de Vigo lamenta el fallecimiento del rejoneador \u00c1ngel Peralta - El Digital de Asturias","description":"El ministro de Educaci\u00f3n, Cultura y Deporte, \u00cd\u00f1igo M\u00e9ndez de Vigo, ha expresado sus condolencias al conocer el fallecimiento del rejoneador \u00c1ngel Peralta, a quien en 2013 el Gobierno concedi\u00f3 la Medalla de Oro de las Bellas Artes. \u200b\"Con la muerte de \u00c1ngel Peralta desaparece una figura de la tauromaquia espa\u00f1ola, que cosech\u00f3 numerosos \u00e9xitos","canonical_url":"https:\/\/www.eldigitaldeasturias.com\/noticias\/inigo-mendez-de-vigo-lamenta-el-fallecimiento-del-rejoneador-angel-peralta\/","robots":"max-image-preview:large","keywords":"actualidad","webmasterTools":{"google-site-verification":"UA-38556648-1","msvalidate.01":"7dfe9f3f1b24437ab69f4f2559babe99","miscellaneous":""},"schema":{"@context":"https:\/\/schema.org","@graph":[{"@type":"BlogPosting","@id":"https:\/\/www.eldigitaldeasturias.com\/noticias\/inigo-mendez-de-vigo-lamenta-el-fallecimiento-del-rejoneador-angel-peralta\/#blogposting","name":"\u00cd\u00f1igo M\u00e9ndez de Vigo lamenta el fallecimiento del rejoneador \u00c1ngel Peralta - El Digital de Asturias","headline":"\u00cd\u00f1igo M\u00e9ndez de Vigo lamenta el fallecimiento del rejoneador \u00c1ngel Peralta","author":{"@id":"https:\/\/www.eldigitaldeasturias.com\/noticias\/author\/admin\/#author"},"publisher":{"@id":"https:\/\/www.eldigitaldeasturias.com\/noticias\/#organization"},"image":{"@type":"ImageObject","url":975366},"datePublished":"2018-04-09T12:40:03+02:00","dateModified":"2018-04-09T12:40:03+02:00","inLanguage":"es-ES","mainEntityOfPage":{"@id":"https:\/\/www.eldigitaldeasturias.com\/noticias\/inigo-mendez-de-vigo-lamenta-el-fallecimiento-del-rejoneador-angel-peralta\/#webpage"},"isPartOf":{"@id":"https:\/\/www.eldigitaldeasturias.com\/noticias\/inigo-mendez-de-vigo-lamenta-el-fallecimiento-del-rejoneador-angel-peralta\/#webpage"},"articleSection":"Actualidad"},{"@type":"BreadcrumbList","@id":"https:\/\/www.eldigitaldeasturias.com\/noticias\/inigo-mendez-de-vigo-lamenta-el-fallecimiento-del-rejoneador-angel-peralta\/#breadcrumblist","itemListElement":[{"@type":"ListItem","@id":"https:\/\/www.eldigitaldeasturias.com\/noticias#listItem","position":1,"name":"Home","item":"https:\/\/www.eldigitaldeasturias.com\/noticias","nextItem":{"@type":"ListItem","@id":"https:\/\/www.eldigitaldeasturias.com\/noticias\/category\/actualidad\/#listItem","name":"Actualidad"}},{"@type":"ListItem","@id":"https:\/\/www.eldigitaldeasturias.com\/noticias\/category\/actualidad\/#listItem","position":2,"name":"Actualidad","item":"https:\/\/www.eldigitaldeasturias.com\/noticias\/category\/actualidad\/","nextItem":{"@type":"ListItem","@id":"https:\/\/www.eldigitaldeasturias.com\/noticias\/inigo-mendez-de-vigo-lamenta-el-fallecimiento-del-rejoneador-angel-peralta\/#listItem","name":"\u00cd\u00f1igo M\u00e9ndez de Vigo lamenta el fallecimiento del rejoneador \u00c1ngel Peralta"},"previousItem":{"@type":"ListItem","@id":"https:\/\/www.eldigitaldeasturias.com\/noticias#listItem","name":"Home"}},{"@type":"ListItem","@id":"https:\/\/www.eldigitaldeasturias.com\/noticias\/inigo-mendez-de-vigo-lamenta-el-fallecimiento-del-rejoneador-angel-peralta\/#listItem","position":3,"name":"\u00cd\u00f1igo M\u00e9ndez de Vigo lamenta el fallecimiento del rejoneador \u00c1ngel Peralta","previousItem":{"@type":"ListItem","@id":"https:\/\/www.eldigitaldeasturias.com\/noticias\/category\/actualidad\/#listItem","name":"Actualidad"}}]},{"@type":"Organization","@id":"https:\/\/www.eldigitaldeasturias.com\/noticias\/#organization","name":"El Digital de Asturias","description":"Hemeroteca","url":"https:\/\/www.eldigitaldeasturias.com\/noticias\/","email":"info@eldigitaldeasturias.com","telephone":"+34652131393","logo":{"@type":"ImageObject","url":"https:\/\/www.eldigitaldeasturias.com\/noticias\/wp-content\/uploads\/2020\/12\/EDA.jpg","@id":"https:\/\/www.eldigitaldeasturias.com\/noticias\/inigo-mendez-de-vigo-lamenta-el-fallecimiento-del-rejoneador-angel-peralta\/#organizationLogo"},"image":{"@id":"https:\/\/www.eldigitaldeasturias.com\/noticias\/inigo-mendez-de-vigo-lamenta-el-fallecimiento-del-rejoneador-angel-peralta\/#organizationLogo"},"sameAs":["https:\/\/facebook.com\/eldigitaldeasturias","https:\/\/www.youtube.com\/channel\/UCZP-2wLEB9Rv6erhFmqVnvg"],"address":{"@id":"https:\/\/www.eldigitaldeasturias.com\/noticias\/#postaladdress","@type":"PostalAddress","streetAddress":"san antonio 4","postalCode":"33430","addressLocality":"Cand\u00e1s","addressRegion":"Asturias","addressCountry":"ES"}},{"@type":"Person","@id":"https:\/\/www.eldigitaldeasturias.com\/noticias\/author\/admin\/#author","url":"https:\/\/www.eldigitaldeasturias.com\/noticias\/author\/admin\/","name":"El Digital de Asturias","image":{"@type":"ImageObject","@id":"https:\/\/www.eldigitaldeasturias.com\/noticias\/inigo-mendez-de-vigo-lamenta-el-fallecimiento-del-rejoneador-angel-peralta\/#authorImage","url":"https:\/\/secure.gravatar.com\/avatar\/df2aeffc32bcd13f8d26072ef8a91b623d677766deac7f97ca815868cd41bf5e?s=96&d=mm&r=g","width":96,"height":96,"caption":"El Digital de Asturias"}},{"@type":"WebPage","@id":"https:\/\/www.eldigitaldeasturias.com\/noticias\/inigo-mendez-de-vigo-lamenta-el-fallecimiento-del-rejoneador-angel-peralta\/#webpage","url":"https:\/\/www.eldigitaldeasturias.com\/noticias\/inigo-mendez-de-vigo-lamenta-el-fallecimiento-del-rejoneador-angel-peralta\/","name":"\u00cd\u00f1igo M\u00e9ndez de Vigo lamenta el fallecimiento del rejoneador \u00c1ngel Peralta - El Digital de Asturias","description":"El ministro de Educaci\u00f3n, Cultura y Deporte, \u00cd\u00f1igo M\u00e9ndez de Vigo, ha expresado sus condolencias al conocer el fallecimiento del rejoneador \u00c1ngel Peralta, a quien en 2013 el Gobierno concedi\u00f3 la Medalla de Oro de las Bellas Artes. \u200b\"Con la muerte de \u00c1ngel Peralta desaparece una figura de la tauromaquia espa\u00f1ola, que cosech\u00f3 numerosos \u00e9xitos","inLanguage":"es-ES","isPartOf":{"@id":"https:\/\/www.eldigitaldeasturias.com\/noticias\/#website"},"breadcrumb":{"@id":"https:\/\/www.eldigitaldeasturias.com\/noticias\/inigo-mendez-de-vigo-lamenta-el-fallecimiento-del-rejoneador-angel-peralta\/#breadcrumblist"},"author":{"@id":"https:\/\/www.eldigitaldeasturias.com\/noticias\/author\/admin\/#author"},"creator":{"@id":"https:\/\/www.eldigitaldeasturias.com\/noticias\/author\/admin\/#author"},"image":{"@type":"ImageObject","url":975366,"@id":"https:\/\/www.eldigitaldeasturias.com\/noticias\/inigo-mendez-de-vigo-lamenta-el-fallecimiento-del-rejoneador-angel-peralta\/#mainImage"},"primaryImageOfPage":{"@id":"https:\/\/www.eldigitaldeasturias.com\/noticias\/inigo-mendez-de-vigo-lamenta-el-fallecimiento-del-rejoneador-angel-peralta\/#mainImage"},"datePublished":"2018-04-09T12:40:03+02:00","dateModified":"2018-04-09T12:40:03+02:00"},{"@type":"WebSite","@id":"https:\/\/www.eldigitaldeasturias.com\/noticias\/#website","url":"https:\/\/www.eldigitaldeasturias.com\/noticias\/","name":"El Digital de Asturias - Diario de actualidad y noticias","alternateName":"El Digital de Asturias - Diario de actualidad y noticias","description":"Hemeroteca","inLanguage":"es-ES","publisher":{"@id":"https:\/\/www.eldigitaldeasturias.com\/noticias\/#organization"}}]},"og:locale":"es_ES","og:site_name":"El Digital de Asturias","og:type":"article","og:title":"\u00cd\u00f1igo M\u00e9ndez de Vigo lamenta el fallecimiento del rejoneador \u00c1ngel Peralta - El Digital de Asturias","og:description":"El ministro de Educaci\u00f3n, Cultura y Deporte, \u00cd\u00f1igo M\u00e9ndez de Vigo, ha expresado sus condolencias al conocer el fallecimiento del rejoneador \u00c1ngel Peralta, a quien en 2013 el Gobierno concedi\u00f3 la Medalla de Oro de las Bellas Artes. \u200b&quot;Con la muerte de \u00c1ngel Peralta desaparece una figura de la tauromaquia espa\u00f1ola, que cosech\u00f3 numerosos \u00e9xitos","og:url":"https:\/\/www.eldigitaldeasturias.com\/noticias\/inigo-mendez-de-vigo-lamenta-el-fallecimiento-del-rejoneador-angel-peralta\/","article:tag":["actualidad"],"article:published_time":"2018-04-09T12:40:03+00:00","article:modified_time":"2018-04-09T12:40:03+00:00","article:publisher":"https:\/\/facebook.com\/eldigitaldeasturias","twitter:card":"summary_large_image","twitter:title":"\u00cd\u00f1igo M\u00e9ndez de Vigo lamenta el fallecimiento del rejoneador \u00c1ngel Peralta - El Digital de Asturias","twitter:description":"El ministro de Educaci\u00f3n, Cultura y Deporte, \u00cd\u00f1igo M\u00e9ndez de Vigo, ha expresado sus condolencias al conocer el fallecimiento del rejoneador \u00c1ngel Peralta, a quien en 2013 el Gobierno concedi\u00f3 la Medalla de Oro de las Bellas Artes. \u200b&quot;Con la muerte de \u00c1ngel Peralta desaparece una figura de la tauromaquia espa\u00f1ola, que cosech\u00f3 numerosos \u00e9xitos","twitter:image":"https:\/\/www.eldigitaldeasturias.com\/noticias\/wp-content\/uploads\/2020\/12\/EDA-1.jpg","twitter:label1":"Escrito por","twitter:data1":"El Digital de Asturias","twitter:label2":"Tiempo de lectura estimado","twitter:data2":"1 minuto"},"aioseo_meta_data":{"post_id":"975365","title":null,"description":null,"keywords":null,"keyphrases":null,"primary_term":null,"canonical_url":null,"og_title":null,"og_description":null,"og_object_type":"default","og_image_type":"default","og_image_url":null,"og_image_width":null,"og_image_height":null,"og_image_custom_url":null,"og_image_custom_fields":null,"og_video":null,"og_custom_url":null,"og_article_section":null,"og_article_tags":null,"twitter_use_og":false,"twitter_card":"default","twitter_image_type":"default","twitter_image_url":null,"twitter_image_custom_url":null,"twitter_image_custom_fields":null,"twitter_title":null,"twitter_description":null,"schema":{"blockGraphs":[],"customGraphs":[],"default":{"data":{"Article":[],"Course":[],"Dataset":[],"FAQPage":[],"Movie":[],"Person":[],"Product":[],"ProductReview":[],"Car":[],"Recipe":[],"Service":[],"SoftwareApplication":[],"WebPage":[]},"graphName":"","isEnabled":true},"graphs":[],"defaultGraph":"","defaultPostTypeGraph":""},"schema_type":null,"schema_type_options":null,"pillar_content":false,"robots_default":true,"robots_noindex":false,"robots_noarchive":false,"robots_nosnippet":false,"robots_nofollow":false,"robots_noimageindex":false,"robots_noodp":false,"robots_notranslate":false,"robots_max_snippet":null,"robots_max_videopreview":null,"robots_max_imagepreview":"large","priority":null,"frequency":null,"local_seo":null,"seo_analyzer_scan_date":"2025-10-07 23:40:03","breadcrumb_settings":null,"limit_modified_date":false,"open_ai":null,"ai":null,"created":"2020-12-21 12:10:41","updated":"2025-10-07 23:40:03","focus_keyword":null,"additional_keywords":null,"truseo_locale":null},"aioseo_breadcrumb":"<div class=\"aioseo-breadcrumbs\"><span class=\"aioseo-breadcrumb\">\n\t<a href=\"https:\/\/www.eldigitaldeasturias.com\/noticias\" title=\"Home\">Home<\/a>\n<\/span><span class=\"aioseo-breadcrumb-separator\">\u2013<\/span><span class=\"aioseo-breadcrumb\">\n\t<a href=\"https:\/\/www.eldigitaldeasturias.com\/noticias\/category\/actualidad\/\" title=\"Actualidad\">Actualidad<\/a>\n<\/span><span class=\"aioseo-breadcrumb-separator\">\u2013<\/span><span class=\"aioseo-breadcrumb\">\n\t<a href=\"https:\/\/www.eldigitaldeasturias.com\/noticias\/inigo-mendez-de-vigo-lamenta-el-fallecimiento-del-rejoneador-angel-peralta\/\" title=\"\u00cd\u00f1igo M\u00e9ndez de Vigo lamenta el fallecimiento del rejoneador \u00c1ngel Peralta\">\u00cd\u00f1igo M\u00e9ndez de Vigo lamenta el fallecimiento del rejoneador \u00c1ngel Peralta<\/a>\n<\/span><\/div>","aioseo_breadcrumb_json":[{"label":"Home","link":"https:\/\/www.eldigitaldeasturias.com\/noticias"},{"label":"Actualidad","link":"https:\/\/www.eldigitaldeasturias.com\/noticias\/category\/actualidad\/"},{"label":"\u00cd\u00f1igo M\u00e9ndez de Vigo lamenta el fallecimiento del rejoneador \u00c1ngel Peralta","link":"https:\/\/www.eldigitaldeasturias.com\/noticias\/inigo-mendez-de-vigo-lamenta-el-fallecimiento-del-rejoneador-angel-peralta\/"}],"_links":{"self":[{"href":"https:\/\/www.eldigitaldeasturias.com\/noticias\/wp-json\/wp\/v2\/posts\/975365","targetHints":{"allow":["GET"]}}],"collection":[{"href":"https:\/\/www.eldigitaldeasturias.com\/noticias\/wp-json\/wp\/v2\/posts"}],"about":[{"href":"https:\/\/www.eldigitaldeasturias.com\/noticias\/wp-json\/wp\/v2\/types\/post"}],"author":[{"embeddable":true,"href":"https:\/\/www.eldigitaldeasturias.com\/noticias\/wp-json\/wp\/v2\/users\/1"}],"replies":[{"embeddable":true,"href":"https:\/\/www.eldigitaldeasturias.com\/noticias\/wp-json\/wp\/v2\/comments?post=975365"}],"version-history":[{"count":0,"href":"https:\/\/www.eldigitaldeasturias.com\/noticias\/wp-json\/wp\/v2\/posts\/975365\/revisions"}],"wp:attachment":[{"href":"https:\/\/www.eldigitaldeasturias.com\/noticias\/wp-json\/wp\/v2\/media?parent=975365"}],"wp:term":[{"taxonomy":"category","embeddable":true,"href":"https:\/\/www.eldigitaldeasturias.com\/noticias\/wp-json\/wp\/v2\/categories?post=975365"},{"taxonomy":"post_tag","embeddable":true,"href":"https:\/\/www.eldigitaldeasturias.com\/noticias\/wp-json\/wp\/v2\/tags?post=975365"}],"curies":[{"name":"wp","href":"https:\/\/api.w.org\/{rel}","templated":true}]}}