{"id":975356,"date":"2018-04-09T03:50:53","date_gmt":"2018-04-09T03:50:53","guid":{"rendered":"http:\/\/www.eldigitaldeasturias.com\/noticias\/?p=975356"},"modified":"2018-04-09T03:50:53","modified_gmt":"2018-04-09T03:50:53","slug":"venezuela-dice-que-lula-es-victima-de-una-inquisicion-judicial","status":"publish","type":"post","link":"https:\/\/www.eldigitaldeasturias.com\/noticias\/venezuela-dice-que-lula-es-victima-de-una-inquisicion-judicial\/","title":{"rendered":"Venezuela dice que Lula es v\u00edctima de una inquisici\u00f3n judicial"},"content":{"rendered":"<p><img loading=\"lazy\" decoding=\"async\" class=\"alignleft size-medium wp-image-485917\" src=\"https:\/\/www.eldigitaldeasturias.com\/noticias\/wp-content\/uploads\/2014\/02\/5919099w-360x240.jpg\" alt=\"\" width=\"360\" height=\"240\" \/>Caracas, 8 abr (dpa) \u2013 El Gobierno de Venezuela reiter\u00f3 hoy su solidaridad con el ex presidente brasile\u00f1o Luiz In\u00e1cio Lula da Silva, despu\u00e9s que \u00e9ste ingresara a una c\u00e1rcel para cumplir una condena por corrupci\u00f3n, afirmando que es v\u00edctima de una inquisici\u00f3n judicial.<\/p>\n<p>El Gobierno se\u00f1al\u00f3 en una declaraci\u00f3n que la acci\u00f3n contra Lula ha sido instrumentalizada a trav\u00e9s de un golpe de Estado que desde 2016, con la destituci\u00f3n de la presidenta Dilma Rousseff, destruye la estabilidad pol\u00edtica y social de Brasil.<\/p>\n<p>Agrega que se trata de una estrategia de ofensiva imperial mayor, que se extiende contra los pueblos de Am\u00e9rica Latina y el Caribe.<\/p>\n<p>Adem\u00e1s, afirma que Lula es el mayor dirigente popular en la historia pol\u00edtica de la naci\u00f3n suramericana.<\/p>\n<p>\u00abAguerridamente luch\u00f3 con fuerza y determinaci\u00f3n contra la dictadura, consolid\u00e1ndose como liderazgo pol\u00edtico en la construcci\u00f3n de la democracia brasilera a partir de la constituci\u00f3n de 1988. Junto con su esposa do\u00f1a Marisa Let\u00edcia y otros destacados compa\u00f1eros fund\u00f3 el Partido de los Trabajadores del Brasil (PT) logrando cuatro victorias electorales consecutivas a partir del a\u00f1o 2002 protagonizando la m\u00e1s profunda etapa de conquistas sociales para el pueblo brasile\u00f1o\u00bb, indica.<\/p>\n<p>Sostiene que debido a esto la derecha brasile\u00f1a e internacional, en componenda con al imperialismo, pretende impedir que su pueblo lo elija nuevamente como presidente constitucional en el pr\u00f3ximo proceso electoral, pautado para octubre de este a\u00f1o.<\/p>\n<p>\u00abEl pueblo de Venezuela y sus movimientos sociales seguir\u00e1n acompa\u00f1ando la lucha del Brasil por la restituci\u00f3n de la democracia\u00bb, finaliza.<\/p>\n<p>Lula fue un aliado cercano del fallecido mandatario Hugo Ch\u00e1vez y de su continuador Nicol\u00e1s Maduro.<\/p>\n","protected":false},"excerpt":{"rendered":"<p>Caracas, 8 abr (dpa) \u2013 El Gobierno de Venezuela reiter\u00f3 hoy su solidaridad con el ex presidente brasile\u00f1o Luiz In\u00e1cio Lula da Silva, despu\u00e9s que \u00e9ste ingresara a una c\u00e1rcel para cumplir una condena por corrupci\u00f3n, afirmando que es v\u00edctima de una inquisici\u00f3n judicial. El Gobierno se\u00f1al\u00f3 en una declaraci\u00f3n que la acci\u00f3n contra Lula [&hellip;]<\/p>\n","protected":false},"author":1,"featured_media":485917,"comment_status":"closed","ping_status":"closed","sticky":false,"template":"","format":"standard","meta":{"footnotes":""},"categories":[1],"tags":[],"class_list":["post-975356","post","type-post","status-publish","format-standard","has-post-thumbnail","hentry","category-actualidad"],"aioseo_notices":[],"aioseo_head":"\n\t\t<!-- All in One SEO Pro 5.0.1 - aioseo.com -->\n\t<meta name=\"description\" content=\"Caracas, 8 abr (dpa) \u2013 El Gobierno de Venezuela reiter\u00f3 hoy su solidaridad con el ex presidente brasile\u00f1o Luiz In\u00e1cio Lula da Silva, despu\u00e9s que \u00e9ste ingresara a una c\u00e1rcel para cumplir una condena por corrupci\u00f3n, afirmando que es v\u00edctima de una inquisici\u00f3n judicial. El Gobierno se\u00f1al\u00f3 en una declaraci\u00f3n que la acci\u00f3n contra Lula\" \/>\n\t<meta name=\"robots\" content=\"max-image-preview:large\" \/>\n\t<meta name=\"author\" content=\"El Digital de Asturias\"\/>\n\t<meta name=\"google-site-verification\" content=\"UA-38556648-1\" \/>\n\t<meta name=\"msvalidate.01\" content=\"7dfe9f3f1b24437ab69f4f2559babe99\" \/>\n\t<meta name=\"keywords\" content=\"actualidad\" \/>\n\t<link rel=\"canonical\" href=\"https:\/\/www.eldigitaldeasturias.com\/noticias\/venezuela-dice-que-lula-es-victima-de-una-inquisicion-judicial\/\" \/>\n\t<meta name=\"generator\" content=\"All in One SEO Pro (AIOSEO) 5.0.1\" \/>\n\t\t<meta property=\"og:locale\" content=\"es_ES\" \/>\n\t\t<meta property=\"og:site_name\" content=\"El Digital de Asturias\" \/>\n\t\t<meta property=\"og:type\" content=\"article\" \/>\n\t\t<meta property=\"og:title\" content=\"Venezuela dice que Lula es v\u00edctima de una inquisici\u00f3n judicial - El Digital de Asturias\" \/>\n\t\t<meta property=\"og:description\" content=\"Caracas, 8 abr (dpa) \u2013 El Gobierno de Venezuela reiter\u00f3 hoy su solidaridad con el ex presidente brasile\u00f1o Luiz In\u00e1cio Lula da Silva, despu\u00e9s que \u00e9ste ingresara a una c\u00e1rcel para cumplir una condena por corrupci\u00f3n, afirmando que es v\u00edctima de una inquisici\u00f3n judicial. El Gobierno se\u00f1al\u00f3 en una declaraci\u00f3n que la acci\u00f3n contra Lula\" \/>\n\t\t<meta property=\"og:url\" content=\"https:\/\/www.eldigitaldeasturias.com\/noticias\/venezuela-dice-que-lula-es-victima-de-una-inquisicion-judicial\/\" \/>\n\t\t<meta property=\"article:tag\" content=\"actualidad\" \/>\n\t\t<meta property=\"article:published_time\" content=\"2018-04-09T03:50:53+00:00\" \/>\n\t\t<meta property=\"article:modified_time\" content=\"2018-04-09T03:50:53+00:00\" \/>\n\t\t<meta property=\"article:publisher\" content=\"https:\/\/facebook.com\/eldigitaldeasturias\" \/>\n\t\t<meta name=\"twitter:card\" content=\"summary_large_image\" \/>\n\t\t<meta name=\"twitter:title\" content=\"Venezuela dice que Lula es v\u00edctima de una inquisici\u00f3n judicial - El Digital de Asturias\" \/>\n\t\t<meta name=\"twitter:description\" content=\"Caracas, 8 abr (dpa) \u2013 El Gobierno de Venezuela reiter\u00f3 hoy su solidaridad con el ex presidente brasile\u00f1o Luiz In\u00e1cio Lula da Silva, despu\u00e9s que \u00e9ste ingresara a una c\u00e1rcel para cumplir una condena por corrupci\u00f3n, afirmando que es v\u00edctima de una inquisici\u00f3n judicial. El Gobierno se\u00f1al\u00f3 en una declaraci\u00f3n que la acci\u00f3n contra Lula\" \/>\n\t\t<meta name=\"twitter:image\" content=\"https:\/\/www.eldigitaldeasturias.com\/noticias\/wp-content\/uploads\/2020\/12\/EDA-1.jpg\" \/>\n\t\t<meta name=\"twitter:label1\" content=\"Escrito por\" \/>\n\t\t<meta name=\"twitter:data1\" content=\"El Digital de Asturias\" \/>\n\t\t<meta name=\"twitter:label2\" content=\"Tiempo de lectura estimado\" \/>\n\t\t<meta name=\"twitter:data2\" content=\"1 minuto\" \/>\n\t\t<script type=\"application\/ld+json\" class=\"aioseo-schema\">\n\t\t\t{\"@context\":\"https:\\\/\\\/schema.org\",\"@graph\":[{\"@type\":\"BlogPosting\",\"@id\":\"https:\\\/\\\/www.eldigitaldeasturias.com\\\/noticias\\\/venezuela-dice-que-lula-es-victima-de-una-inquisicion-judicial\\\/#blogposting\",\"name\":\"Venezuela dice que Lula es v\\u00edctima de una inquisici\\u00f3n judicial - El Digital de Asturias\",\"headline\":\"Venezuela dice que Lula es v\\u00edctima de una inquisici\\u00f3n judicial\",\"author\":{\"@id\":\"https:\\\/\\\/www.eldigitaldeasturias.com\\\/noticias\\\/author\\\/admin\\\/#author\"},\"publisher\":{\"@id\":\"https:\\\/\\\/www.eldigitaldeasturias.com\\\/noticias\\\/#organization\"},\"image\":{\"@type\":\"ImageObject\",\"url\":485917},\"datePublished\":\"2018-04-09T03:50:53+02:00\",\"dateModified\":\"2018-04-09T03:50:53+02:00\",\"inLanguage\":\"es-ES\",\"mainEntityOfPage\":{\"@id\":\"https:\\\/\\\/www.eldigitaldeasturias.com\\\/noticias\\\/venezuela-dice-que-lula-es-victima-de-una-inquisicion-judicial\\\/#webpage\"},\"isPartOf\":{\"@id\":\"https:\\\/\\\/www.eldigitaldeasturias.com\\\/noticias\\\/venezuela-dice-que-lula-es-victima-de-una-inquisicion-judicial\\\/#webpage\"},\"articleSection\":\"Actualidad\"},{\"@type\":\"BreadcrumbList\",\"@id\":\"https:\\\/\\\/www.eldigitaldeasturias.com\\\/noticias\\\/venezuela-dice-que-lula-es-victima-de-una-inquisicion-judicial\\\/#breadcrumblist\",\"itemListElement\":[{\"@type\":\"ListItem\",\"@id\":\"https:\\\/\\\/www.eldigitaldeasturias.com\\\/noticias#listItem\",\"position\":1,\"name\":\"Home\",\"item\":\"https:\\\/\\\/www.eldigitaldeasturias.com\\\/noticias\",\"nextItem\":{\"@type\":\"ListItem\",\"@id\":\"https:\\\/\\\/www.eldigitaldeasturias.com\\\/noticias\\\/category\\\/actualidad\\\/#listItem\",\"name\":\"Actualidad\"}},{\"@type\":\"ListItem\",\"@id\":\"https:\\\/\\\/www.eldigitaldeasturias.com\\\/noticias\\\/category\\\/actualidad\\\/#listItem\",\"position\":2,\"name\":\"Actualidad\",\"item\":\"https:\\\/\\\/www.eldigitaldeasturias.com\\\/noticias\\\/category\\\/actualidad\\\/\",\"nextItem\":{\"@type\":\"ListItem\",\"@id\":\"https:\\\/\\\/www.eldigitaldeasturias.com\\\/noticias\\\/venezuela-dice-que-lula-es-victima-de-una-inquisicion-judicial\\\/#listItem\",\"name\":\"Venezuela dice que Lula es v\\u00edctima de una inquisici\\u00f3n judicial\"},\"previousItem\":{\"@type\":\"ListItem\",\"@id\":\"https:\\\/\\\/www.eldigitaldeasturias.com\\\/noticias#listItem\",\"name\":\"Home\"}},{\"@type\":\"ListItem\",\"@id\":\"https:\\\/\\\/www.eldigitaldeasturias.com\\\/noticias\\\/venezuela-dice-que-lula-es-victima-de-una-inquisicion-judicial\\\/#listItem\",\"position\":3,\"name\":\"Venezuela dice que Lula es v\\u00edctima de una inquisici\\u00f3n judicial\",\"previousItem\":{\"@type\":\"ListItem\",\"@id\":\"https:\\\/\\\/www.eldigitaldeasturias.com\\\/noticias\\\/category\\\/actualidad\\\/#listItem\",\"name\":\"Actualidad\"}}]},{\"@type\":\"Organization\",\"@id\":\"https:\\\/\\\/www.eldigitaldeasturias.com\\\/noticias\\\/#organization\",\"name\":\"El Digital de Asturias\",\"description\":\"Hemeroteca\",\"url\":\"https:\\\/\\\/www.eldigitaldeasturias.com\\\/noticias\\\/\",\"email\":\"info@eldigitaldeasturias.com\",\"telephone\":\"+34652131393\",\"logo\":{\"@type\":\"ImageObject\",\"url\":\"https:\\\/\\\/www.eldigitaldeasturias.com\\\/noticias\\\/wp-content\\\/uploads\\\/2020\\\/12\\\/EDA.jpg\",\"@id\":\"https:\\\/\\\/www.eldigitaldeasturias.com\\\/noticias\\\/venezuela-dice-que-lula-es-victima-de-una-inquisicion-judicial\\\/#organizationLogo\"},\"image\":{\"@id\":\"https:\\\/\\\/www.eldigitaldeasturias.com\\\/noticias\\\/venezuela-dice-que-lula-es-victima-de-una-inquisicion-judicial\\\/#organizationLogo\"},\"sameAs\":[\"https:\\\/\\\/facebook.com\\\/eldigitaldeasturias\",\"https:\\\/\\\/www.youtube.com\\\/channel\\\/UCZP-2wLEB9Rv6erhFmqVnvg\"],\"address\":{\"@id\":\"https:\\\/\\\/www.eldigitaldeasturias.com\\\/noticias\\\/#postaladdress\",\"@type\":\"PostalAddress\",\"streetAddress\":\"san antonio 4\",\"postalCode\":\"33430\",\"addressLocality\":\"Cand\\u00e1s\",\"addressRegion\":\"Asturias\",\"addressCountry\":\"ES\"}},{\"@type\":\"Person\",\"@id\":\"https:\\\/\\\/www.eldigitaldeasturias.com\\\/noticias\\\/author\\\/admin\\\/#author\",\"url\":\"https:\\\/\\\/www.eldigitaldeasturias.com\\\/noticias\\\/author\\\/admin\\\/\",\"name\":\"El Digital de Asturias\",\"image\":{\"@type\":\"ImageObject\",\"@id\":\"https:\\\/\\\/www.eldigitaldeasturias.com\\\/noticias\\\/venezuela-dice-que-lula-es-victima-de-una-inquisicion-judicial\\\/#authorImage\",\"url\":\"https:\\\/\\\/secure.gravatar.com\\\/avatar\\\/df2aeffc32bcd13f8d26072ef8a91b623d677766deac7f97ca815868cd41bf5e?s=96&d=mm&r=g\",\"width\":96,\"height\":96,\"caption\":\"El Digital de Asturias\"}},{\"@type\":\"WebPage\",\"@id\":\"https:\\\/\\\/www.eldigitaldeasturias.com\\\/noticias\\\/venezuela-dice-que-lula-es-victima-de-una-inquisicion-judicial\\\/#webpage\",\"url\":\"https:\\\/\\\/www.eldigitaldeasturias.com\\\/noticias\\\/venezuela-dice-que-lula-es-victima-de-una-inquisicion-judicial\\\/\",\"name\":\"Venezuela dice que Lula es v\\u00edctima de una inquisici\\u00f3n judicial - El Digital de Asturias\",\"description\":\"Caracas, 8 abr (dpa) \\u2013 El Gobierno de Venezuela reiter\\u00f3 hoy su solidaridad con el ex presidente brasile\\u00f1o Luiz In\\u00e1cio Lula da Silva, despu\\u00e9s que \\u00e9ste ingresara a una c\\u00e1rcel para cumplir una condena por corrupci\\u00f3n, afirmando que es v\\u00edctima de una inquisici\\u00f3n judicial. El Gobierno se\\u00f1al\\u00f3 en una declaraci\\u00f3n que la acci\\u00f3n contra Lula\",\"inLanguage\":\"es-ES\",\"isPartOf\":{\"@id\":\"https:\\\/\\\/www.eldigitaldeasturias.com\\\/noticias\\\/#website\"},\"breadcrumb\":{\"@id\":\"https:\\\/\\\/www.eldigitaldeasturias.com\\\/noticias\\\/venezuela-dice-que-lula-es-victima-de-una-inquisicion-judicial\\\/#breadcrumblist\"},\"author\":{\"@id\":\"https:\\\/\\\/www.eldigitaldeasturias.com\\\/noticias\\\/author\\\/admin\\\/#author\"},\"creator\":{\"@id\":\"https:\\\/\\\/www.eldigitaldeasturias.com\\\/noticias\\\/author\\\/admin\\\/#author\"},\"image\":{\"@type\":\"ImageObject\",\"url\":485917,\"@id\":\"https:\\\/\\\/www.eldigitaldeasturias.com\\\/noticias\\\/venezuela-dice-que-lula-es-victima-de-una-inquisicion-judicial\\\/#mainImage\"},\"primaryImageOfPage\":{\"@id\":\"https:\\\/\\\/www.eldigitaldeasturias.com\\\/noticias\\\/venezuela-dice-que-lula-es-victima-de-una-inquisicion-judicial\\\/#mainImage\"},\"datePublished\":\"2018-04-09T03:50:53+02:00\",\"dateModified\":\"2018-04-09T03:50:53+02:00\"},{\"@type\":\"WebSite\",\"@id\":\"https:\\\/\\\/www.eldigitaldeasturias.com\\\/noticias\\\/#website\",\"url\":\"https:\\\/\\\/www.eldigitaldeasturias.com\\\/noticias\\\/\",\"name\":\"El Digital de Asturias - Diario de actualidad y noticias\",\"alternateName\":\"El Digital de Asturias - Diario de actualidad y noticias\",\"description\":\"Hemeroteca\",\"inLanguage\":\"es-ES\",\"publisher\":{\"@id\":\"https:\\\/\\\/www.eldigitaldeasturias.com\\\/noticias\\\/#organization\"}}]}\n\t\t<\/script>\n\t\t<!-- All in One SEO Pro -->\r\n\t\t<title>Venezuela dice que Lula es v\u00edctima de una inquisici\u00f3n judicial - El Digital de Asturias<\/title>\n\n","aioseo_head_json":{"title":"Venezuela dice que Lula es v\u00edctima de una inquisici\u00f3n judicial - El Digital de Asturias","description":"Caracas, 8 abr (dpa) \u2013 El Gobierno de Venezuela reiter\u00f3 hoy su solidaridad con el ex presidente brasile\u00f1o Luiz In\u00e1cio Lula da Silva, despu\u00e9s que \u00e9ste ingresara a una c\u00e1rcel para cumplir una condena por corrupci\u00f3n, afirmando que es v\u00edctima de una inquisici\u00f3n judicial. El Gobierno se\u00f1al\u00f3 en una declaraci\u00f3n que la acci\u00f3n contra Lula","canonical_url":"https:\/\/www.eldigitaldeasturias.com\/noticias\/venezuela-dice-que-lula-es-victima-de-una-inquisicion-judicial\/","robots":"max-image-preview:large","keywords":"actualidad","webmasterTools":{"google-site-verification":"UA-38556648-1","msvalidate.01":"7dfe9f3f1b24437ab69f4f2559babe99","miscellaneous":""},"schema":{"@context":"https:\/\/schema.org","@graph":[{"@type":"BlogPosting","@id":"https:\/\/www.eldigitaldeasturias.com\/noticias\/venezuela-dice-que-lula-es-victima-de-una-inquisicion-judicial\/#blogposting","name":"Venezuela dice que Lula es v\u00edctima de una inquisici\u00f3n judicial - El Digital de Asturias","headline":"Venezuela dice que Lula es v\u00edctima de una inquisici\u00f3n judicial","author":{"@id":"https:\/\/www.eldigitaldeasturias.com\/noticias\/author\/admin\/#author"},"publisher":{"@id":"https:\/\/www.eldigitaldeasturias.com\/noticias\/#organization"},"image":{"@type":"ImageObject","url":485917},"datePublished":"2018-04-09T03:50:53+02:00","dateModified":"2018-04-09T03:50:53+02:00","inLanguage":"es-ES","mainEntityOfPage":{"@id":"https:\/\/www.eldigitaldeasturias.com\/noticias\/venezuela-dice-que-lula-es-victima-de-una-inquisicion-judicial\/#webpage"},"isPartOf":{"@id":"https:\/\/www.eldigitaldeasturias.com\/noticias\/venezuela-dice-que-lula-es-victima-de-una-inquisicion-judicial\/#webpage"},"articleSection":"Actualidad"},{"@type":"BreadcrumbList","@id":"https:\/\/www.eldigitaldeasturias.com\/noticias\/venezuela-dice-que-lula-es-victima-de-una-inquisicion-judicial\/#breadcrumblist","itemListElement":[{"@type":"ListItem","@id":"https:\/\/www.eldigitaldeasturias.com\/noticias#listItem","position":1,"name":"Home","item":"https:\/\/www.eldigitaldeasturias.com\/noticias","nextItem":{"@type":"ListItem","@id":"https:\/\/www.eldigitaldeasturias.com\/noticias\/category\/actualidad\/#listItem","name":"Actualidad"}},{"@type":"ListItem","@id":"https:\/\/www.eldigitaldeasturias.com\/noticias\/category\/actualidad\/#listItem","position":2,"name":"Actualidad","item":"https:\/\/www.eldigitaldeasturias.com\/noticias\/category\/actualidad\/","nextItem":{"@type":"ListItem","@id":"https:\/\/www.eldigitaldeasturias.com\/noticias\/venezuela-dice-que-lula-es-victima-de-una-inquisicion-judicial\/#listItem","name":"Venezuela dice que Lula es v\u00edctima de una inquisici\u00f3n judicial"},"previousItem":{"@type":"ListItem","@id":"https:\/\/www.eldigitaldeasturias.com\/noticias#listItem","name":"Home"}},{"@type":"ListItem","@id":"https:\/\/www.eldigitaldeasturias.com\/noticias\/venezuela-dice-que-lula-es-victima-de-una-inquisicion-judicial\/#listItem","position":3,"name":"Venezuela dice que Lula es v\u00edctima de una inquisici\u00f3n judicial","previousItem":{"@type":"ListItem","@id":"https:\/\/www.eldigitaldeasturias.com\/noticias\/category\/actualidad\/#listItem","name":"Actualidad"}}]},{"@type":"Organization","@id":"https:\/\/www.eldigitaldeasturias.com\/noticias\/#organization","name":"El Digital de Asturias","description":"Hemeroteca","url":"https:\/\/www.eldigitaldeasturias.com\/noticias\/","email":"info@eldigitaldeasturias.com","telephone":"+34652131393","logo":{"@type":"ImageObject","url":"https:\/\/www.eldigitaldeasturias.com\/noticias\/wp-content\/uploads\/2020\/12\/EDA.jpg","@id":"https:\/\/www.eldigitaldeasturias.com\/noticias\/venezuela-dice-que-lula-es-victima-de-una-inquisicion-judicial\/#organizationLogo"},"image":{"@id":"https:\/\/www.eldigitaldeasturias.com\/noticias\/venezuela-dice-que-lula-es-victima-de-una-inquisicion-judicial\/#organizationLogo"},"sameAs":["https:\/\/facebook.com\/eldigitaldeasturias","https:\/\/www.youtube.com\/channel\/UCZP-2wLEB9Rv6erhFmqVnvg"],"address":{"@id":"https:\/\/www.eldigitaldeasturias.com\/noticias\/#postaladdress","@type":"PostalAddress","streetAddress":"san antonio 4","postalCode":"33430","addressLocality":"Cand\u00e1s","addressRegion":"Asturias","addressCountry":"ES"}},{"@type":"Person","@id":"https:\/\/www.eldigitaldeasturias.com\/noticias\/author\/admin\/#author","url":"https:\/\/www.eldigitaldeasturias.com\/noticias\/author\/admin\/","name":"El Digital de Asturias","image":{"@type":"ImageObject","@id":"https:\/\/www.eldigitaldeasturias.com\/noticias\/venezuela-dice-que-lula-es-victima-de-una-inquisicion-judicial\/#authorImage","url":"https:\/\/secure.gravatar.com\/avatar\/df2aeffc32bcd13f8d26072ef8a91b623d677766deac7f97ca815868cd41bf5e?s=96&d=mm&r=g","width":96,"height":96,"caption":"El Digital de Asturias"}},{"@type":"WebPage","@id":"https:\/\/www.eldigitaldeasturias.com\/noticias\/venezuela-dice-que-lula-es-victima-de-una-inquisicion-judicial\/#webpage","url":"https:\/\/www.eldigitaldeasturias.com\/noticias\/venezuela-dice-que-lula-es-victima-de-una-inquisicion-judicial\/","name":"Venezuela dice que Lula es v\u00edctima de una inquisici\u00f3n judicial - El Digital de Asturias","description":"Caracas, 8 abr (dpa) \u2013 El Gobierno de Venezuela reiter\u00f3 hoy su solidaridad con el ex presidente brasile\u00f1o Luiz In\u00e1cio Lula da Silva, despu\u00e9s que \u00e9ste ingresara a una c\u00e1rcel para cumplir una condena por corrupci\u00f3n, afirmando que es v\u00edctima de una inquisici\u00f3n judicial. El Gobierno se\u00f1al\u00f3 en una declaraci\u00f3n que la acci\u00f3n contra Lula","inLanguage":"es-ES","isPartOf":{"@id":"https:\/\/www.eldigitaldeasturias.com\/noticias\/#website"},"breadcrumb":{"@id":"https:\/\/www.eldigitaldeasturias.com\/noticias\/venezuela-dice-que-lula-es-victima-de-una-inquisicion-judicial\/#breadcrumblist"},"author":{"@id":"https:\/\/www.eldigitaldeasturias.com\/noticias\/author\/admin\/#author"},"creator":{"@id":"https:\/\/www.eldigitaldeasturias.com\/noticias\/author\/admin\/#author"},"image":{"@type":"ImageObject","url":485917,"@id":"https:\/\/www.eldigitaldeasturias.com\/noticias\/venezuela-dice-que-lula-es-victima-de-una-inquisicion-judicial\/#mainImage"},"primaryImageOfPage":{"@id":"https:\/\/www.eldigitaldeasturias.com\/noticias\/venezuela-dice-que-lula-es-victima-de-una-inquisicion-judicial\/#mainImage"},"datePublished":"2018-04-09T03:50:53+02:00","dateModified":"2018-04-09T03:50:53+02:00"},{"@type":"WebSite","@id":"https:\/\/www.eldigitaldeasturias.com\/noticias\/#website","url":"https:\/\/www.eldigitaldeasturias.com\/noticias\/","name":"El Digital de Asturias - Diario de actualidad y noticias","alternateName":"El Digital de Asturias - Diario de actualidad y noticias","description":"Hemeroteca","inLanguage":"es-ES","publisher":{"@id":"https:\/\/www.eldigitaldeasturias.com\/noticias\/#organization"}}]},"og:locale":"es_ES","og:site_name":"El Digital de Asturias","og:type":"article","og:title":"Venezuela dice que Lula es v\u00edctima de una inquisici\u00f3n judicial - El Digital de Asturias","og:description":"Caracas, 8 abr (dpa) \u2013 El Gobierno de Venezuela reiter\u00f3 hoy su solidaridad con el ex presidente brasile\u00f1o Luiz In\u00e1cio Lula da Silva, despu\u00e9s que \u00e9ste ingresara a una c\u00e1rcel para cumplir una condena por corrupci\u00f3n, afirmando que es v\u00edctima de una inquisici\u00f3n judicial. El Gobierno se\u00f1al\u00f3 en una declaraci\u00f3n que la acci\u00f3n contra Lula","og:url":"https:\/\/www.eldigitaldeasturias.com\/noticias\/venezuela-dice-que-lula-es-victima-de-una-inquisicion-judicial\/","article:tag":["actualidad"],"article:published_time":"2018-04-09T03:50:53+00:00","article:modified_time":"2018-04-09T03:50:53+00:00","article:publisher":"https:\/\/facebook.com\/eldigitaldeasturias","twitter:card":"summary_large_image","twitter:title":"Venezuela dice que Lula es v\u00edctima de una inquisici\u00f3n judicial - El Digital de Asturias","twitter:description":"Caracas, 8 abr (dpa) \u2013 El Gobierno de Venezuela reiter\u00f3 hoy su solidaridad con el ex presidente brasile\u00f1o Luiz In\u00e1cio Lula da Silva, despu\u00e9s que \u00e9ste ingresara a una c\u00e1rcel para cumplir una condena por corrupci\u00f3n, afirmando que es v\u00edctima de una inquisici\u00f3n judicial. El Gobierno se\u00f1al\u00f3 en una declaraci\u00f3n que la acci\u00f3n contra Lula","twitter:image":"https:\/\/www.eldigitaldeasturias.com\/noticias\/wp-content\/uploads\/2020\/12\/EDA-1.jpg","twitter:label1":"Escrito por","twitter:data1":"El Digital de Asturias","twitter:label2":"Tiempo de lectura estimado","twitter:data2":"1 minuto"},"aioseo_meta_data":{"post_id":"975356","title":null,"description":null,"keywords":null,"keyphrases":null,"primary_term":null,"canonical_url":null,"og_title":null,"og_description":null,"og_object_type":"default","og_image_type":"default","og_image_url":null,"og_image_width":null,"og_image_height":null,"og_image_custom_url":null,"og_image_custom_fields":null,"og_video":null,"og_custom_url":null,"og_article_section":null,"og_article_tags":null,"twitter_use_og":false,"twitter_card":"default","twitter_image_type":"default","twitter_image_url":null,"twitter_image_custom_url":null,"twitter_image_custom_fields":null,"twitter_title":null,"twitter_description":null,"schema":{"blockGraphs":[],"customGraphs":[],"default":{"data":{"Article":[],"Course":[],"Dataset":[],"FAQPage":[],"Movie":[],"Person":[],"Product":[],"ProductReview":[],"Car":[],"Recipe":[],"Service":[],"SoftwareApplication":[],"WebPage":[]},"graphName":"","isEnabled":true},"graphs":[],"defaultGraph":"","defaultPostTypeGraph":""},"schema_type":null,"schema_type_options":null,"pillar_content":false,"robots_default":true,"robots_noindex":false,"robots_noarchive":false,"robots_nosnippet":false,"robots_nofollow":false,"robots_noimageindex":false,"robots_noodp":false,"robots_notranslate":false,"robots_max_snippet":null,"robots_max_videopreview":null,"robots_max_imagepreview":"large","priority":null,"frequency":null,"local_seo":null,"seo_analyzer_scan_date":"2025-10-07 23:38:00","breadcrumb_settings":null,"limit_modified_date":false,"open_ai":null,"ai":null,"created":"2020-12-21 12:10:41","updated":"2025-10-07 23:38:00","focus_keyword":null,"additional_keywords":null,"truseo_locale":null},"aioseo_breadcrumb":"<div class=\"aioseo-breadcrumbs\"><span class=\"aioseo-breadcrumb\">\n\t<a href=\"https:\/\/www.eldigitaldeasturias.com\/noticias\" title=\"Home\">Home<\/a>\n<\/span><span class=\"aioseo-breadcrumb-separator\">\u2013<\/span><span class=\"aioseo-breadcrumb\">\n\t<a href=\"https:\/\/www.eldigitaldeasturias.com\/noticias\/category\/actualidad\/\" title=\"Actualidad\">Actualidad<\/a>\n<\/span><span class=\"aioseo-breadcrumb-separator\">\u2013<\/span><span class=\"aioseo-breadcrumb\">\n\t<a href=\"https:\/\/www.eldigitaldeasturias.com\/noticias\/venezuela-dice-que-lula-es-victima-de-una-inquisicion-judicial\/\" title=\"Venezuela dice que Lula es v\u00edctima de una inquisici\u00f3n judicial\">Venezuela dice que Lula es v\u00edctima de una inquisici\u00f3n judicial<\/a>\n<\/span><\/div>","aioseo_breadcrumb_json":[{"label":"Home","link":"https:\/\/www.eldigitaldeasturias.com\/noticias"},{"label":"Actualidad","link":"https:\/\/www.eldigitaldeasturias.com\/noticias\/category\/actualidad\/"},{"label":"Venezuela dice que Lula es v\u00edctima de una inquisici\u00f3n judicial","link":"https:\/\/www.eldigitaldeasturias.com\/noticias\/venezuela-dice-que-lula-es-victima-de-una-inquisicion-judicial\/"}],"_links":{"self":[{"href":"https:\/\/www.eldigitaldeasturias.com\/noticias\/wp-json\/wp\/v2\/posts\/975356","targetHints":{"allow":["GET"]}}],"collection":[{"href":"https:\/\/www.eldigitaldeasturias.com\/noticias\/wp-json\/wp\/v2\/posts"}],"about":[{"href":"https:\/\/www.eldigitaldeasturias.com\/noticias\/wp-json\/wp\/v2\/types\/post"}],"author":[{"embeddable":true,"href":"https:\/\/www.eldigitaldeasturias.com\/noticias\/wp-json\/wp\/v2\/users\/1"}],"replies":[{"embeddable":true,"href":"https:\/\/www.eldigitaldeasturias.com\/noticias\/wp-json\/wp\/v2\/comments?post=975356"}],"version-history":[{"count":0,"href":"https:\/\/www.eldigitaldeasturias.com\/noticias\/wp-json\/wp\/v2\/posts\/975356\/revisions"}],"wp:attachment":[{"href":"https:\/\/www.eldigitaldeasturias.com\/noticias\/wp-json\/wp\/v2\/media?parent=975356"}],"wp:term":[{"taxonomy":"category","embeddable":true,"href":"https:\/\/www.eldigitaldeasturias.com\/noticias\/wp-json\/wp\/v2\/categories?post=975356"},{"taxonomy":"post_tag","embeddable":true,"href":"https:\/\/www.eldigitaldeasturias.com\/noticias\/wp-json\/wp\/v2\/tags?post=975356"}],"curies":[{"name":"wp","href":"https:\/\/api.w.org\/{rel}","templated":true}]}}