{"id":975312,"date":"2018-04-08T19:17:55","date_gmt":"2018-04-08T19:17:55","guid":{"rendered":"http:\/\/www.eldigitaldeasturias.com\/noticias\/?p=975312"},"modified":"2018-04-08T19:17:55","modified_gmt":"2018-04-08T19:17:55","slug":"un-complejo-escenario-y-si-lula-preso-se-presentara-a-elecciones","status":"publish","type":"post","link":"https:\/\/www.eldigitaldeasturias.com\/noticias\/un-complejo-escenario-y-si-lula-preso-se-presentara-a-elecciones\/","title":{"rendered":"Un complejo escenario: \u00bfY si Lula, preso, se presentara a elecciones?"},"content":{"rendered":"<p><img loading=\"lazy\" decoding=\"async\" class=\"alignleft size-medium wp-image-868078\" src=\"https:\/\/www.eldigitaldeasturias.com\/noticias\/wp-content\/uploads\/2016\/03\/fotonoticia_20160321102713_800-360x240.jpg\" alt=\"\" width=\"360\" height=\"240\" \/>R\u00edo de Janeiro, 8 abr (dpa) &#8211; El ex presidente brasile\u00f1o Luiz In\u00e1cio Lula da Silva fue arrestado este s\u00e1bado y ya cumple su condena de 12 a\u00f1os de prisi\u00f3n. Sin embargo, pese a estar encarcelado, todav\u00eda mantiene su candidatura para las elecciones del 7 de octubre.<\/p>\n<p>En el caso de que el l\u00edder del Partido de los Trabajadores (PT) decida seguir formando parte de la contienda electoral, la situaci\u00f3n se tornar\u00eda muy compleja y la Justicia brasile\u00f1a ingresar\u00eda en un limbo pocas veces visto que incluso podr\u00eda terminar por anular los resultados de la votaci\u00f3n.<\/p>\n<p>A pesar de haber sido condenado en enero por corrupci\u00f3n, las encuestas nunca dejaron de sonre\u00edrle a Lula. En los \u00faltimos sondeos, el ex mandatario orillaba el 40% de los apoyos en todos los escenarios, casi el doble de lo que ten\u00eda el segundo favorito, el diputado ultraderechista y ex militar Ja\u00edr Bolsonaro.<\/p>\n<p>Los pr\u00f3ximos sondeos revelar\u00e1n si la prisi\u00f3n de Lula modific\u00f3 el escenario y c\u00f3mo eso afecta al izquierdista PT y al resto de los partidos. Lo cierto es que, por m\u00e1s que se presuma imposible hacer campa\u00f1a tras las rejas, no existe una ley que lo impida y no son pocos los que creen que el ex l\u00edder sindical mantendr\u00e1 su candidatura hasta las \u00faltimas consecuencias.<\/p>\n<p>La \u00abLey de expediente limpio\u00bb fue promulgada en 2010, durante el Gobierno de Lula, y proh\u00edbe que una persona con condena en firme sea candidato a un cargo p\u00fablico. Si bien la ley imposibilitar\u00eda, en principio, una candidatura del l\u00edder del PT, las diferentes instancias de apelaci\u00f3n que existen en la Justicia brasile\u00f1a podr\u00edan jugar a favor del ex presidente.<\/p>\n<p>El 15 de agosto es la fecha l\u00edmite que los partidos tienen para oficializar sus candidatos ante el Tribunal Superior Electoral (TSE). Ese \u00f3rgano colegiado es el \u00fanico que puede decidir si una candidatura es v\u00e1lida o no.<\/p>\n<p>Si, como se presume, el TSE invalida la candidatura de Lula, a partir de la aplicaci\u00f3n del \u00abexpediente limpio\u00bb, la defensa del pol\u00edtico todav\u00eda podr\u00e1 entrar con un recurso al Supremo Tribunal de Justicia (STJ), la segunda corte del pa\u00eds. En el caso de que el TSJ rechace el pedido, la siguiente instancia ser\u00eda el Supremo Tribunal Federal (STF), la m\u00e1xima instancia judicial.<\/p>\n<p>La medida cautelar con la que la defensa podr\u00eda entrar a ambos tribunales se asienta en que, incluso arrestado, Lula a\u00fan no agot\u00f3 sus recursos de apelaci\u00f3n ante el STJ y el STF para probar su inocencia. Es decir, existir\u00eda la posibilidad de pedir un efecto suspensivo en la inelegibilidad del ex mandatario hasta que eso finalmente suceda.<\/p>\n<p>En el caso de que alguno de los dos tribunales aceptara suspender la decisi\u00f3n del TSE, y mientras no exista una decisi\u00f3n de \u00faltima instancia sobre su eventual ineligibilidad, Lula podr\u00eda hacer campa\u00f1a (desde la c\u00e1rcel), participar en la elecci\u00f3n y, por supuesto, tener posibilidades de ganar.<\/p>\n<p>Si eso finalmente sucediese, Brasil entrar\u00eda en una situaci\u00f3n casi surreal: para que los votos de Lula se validen, el registro de su candidatura deber\u00eda ser aceptado. En caso contrario, la elecci\u00f3n podr\u00eda ser anulada, lo que generar\u00eda un esc\u00e1ndalo in\u00e9dito y may\u00fasculo a nivel mundial.<\/p>\n<p>\u00abHasta 2015, era necesario que m\u00e1s de la mitad de los votos fuesen considerados nulos para anular una elecci\u00f3n, pero ahora, si el vencedor por votaci\u00f3n mayoritaria tiene sus votos anulados, ya sea por suspensi\u00f3n de registro, p\u00e9rdida de mandato o anulaci\u00f3n de diploma electoral, la elecci\u00f3n tambi\u00e9n es nula\u00bb, explic\u00f3 el profesor de derecho electoral Joao Paulo Oliveira al diario \u00abEstado de Minas\u00bb.<\/p>\n<p>El sistema judicial brasile\u00f1o es tan complejo y posee tantos recovecos, \u00abletras chicas\u00bb y posibles interpretaciones que, se estima, en el caso de que Lula decidiese ir hasta lo \u00faltimo con su candidatura, se podr\u00edan tomar medidas extraordinarias debido a la importancia del caso y para evitar una crisis de gran envergadura.<\/p>\n<p>Por ejemplo, si el ex presidente decide apelar a la esperada negativa del TSE, las cortes del pa\u00eds podr\u00edan apresurar sus procedimientos para tener una respuesta r\u00e1pida. En el caso de que una candidatura fuese invalidada, los partidos tienen tiempo hasta el 17 de septiembre, 20 d\u00edas antes de la elecci\u00f3n, para cambiar de candidato.<\/p>\n<p>Si Lula saliese de prisi\u00f3n, gracias a alg\u00fan recurso presentado por su defensa, el procedimiento ser\u00eda exactamente el mismo, con la \u00fanica diferencia de que, para la opini\u00f3n p\u00fablica, no ser\u00e1 lo mismo un candidato libre que arrestado, por m\u00e1s que la condena siga en firme.<\/p>\n<p>Otra opci\u00f3n ser\u00eda que el propio Lula decidiese bajarse de la candidatura. En ese caso, quienes parecen \u00abpicar en punta\u00bb para representar al PT en la contienda son Fernando Haddad, ex alcalde de la ciudad de Sao Paulo, y Jacques Wagner, gobernador del estado de Bah\u00eda de 2007 a 2014.<\/p>\n<p>Por Fernando Duclos (dpa)<\/p>\n","protected":false},"excerpt":{"rendered":"<p>R\u00edo de Janeiro, 8 abr (dpa) &#8211; El ex presidente brasile\u00f1o Luiz In\u00e1cio Lula da Silva fue arrestado este s\u00e1bado y ya cumple su condena de 12 a\u00f1os de prisi\u00f3n. Sin embargo, pese a estar encarcelado, todav\u00eda mantiene su candidatura para las elecciones del 7 de octubre. En el caso de que el l\u00edder del [&hellip;]<\/p>\n","protected":false},"author":1,"featured_media":868078,"comment_status":"closed","ping_status":"closed","sticky":false,"template":"","format":"standard","meta":{"footnotes":""},"categories":[1],"tags":[],"class_list":["post-975312","post","type-post","status-publish","format-standard","has-post-thumbnail","hentry","category-actualidad"],"aioseo_notices":[],"aioseo_head":"\n\t\t<!-- All in One SEO Pro 5.0.1 - aioseo.com -->\n\t<meta name=\"description\" content=\"R\u00edo de Janeiro, 8 abr (dpa) - El ex presidente brasile\u00f1o Luiz In\u00e1cio Lula da Silva fue arrestado este s\u00e1bado y ya cumple su condena de 12 a\u00f1os de prisi\u00f3n. Sin embargo, pese a estar encarcelado, todav\u00eda mantiene su candidatura para las elecciones del 7 de octubre. En el caso de que el l\u00edder del\" \/>\n\t<meta name=\"robots\" content=\"max-image-preview:large\" \/>\n\t<meta name=\"author\" content=\"El Digital de Asturias\"\/>\n\t<meta name=\"google-site-verification\" content=\"UA-38556648-1\" \/>\n\t<meta name=\"msvalidate.01\" content=\"7dfe9f3f1b24437ab69f4f2559babe99\" \/>\n\t<meta name=\"keywords\" content=\"actualidad\" \/>\n\t<link rel=\"canonical\" href=\"https:\/\/www.eldigitaldeasturias.com\/noticias\/un-complejo-escenario-y-si-lula-preso-se-presentara-a-elecciones\/\" \/>\n\t<meta name=\"generator\" content=\"All in One SEO Pro (AIOSEO) 5.0.1\" \/>\n\t\t<meta property=\"og:locale\" content=\"es_ES\" \/>\n\t\t<meta property=\"og:site_name\" content=\"El Digital de Asturias\" \/>\n\t\t<meta property=\"og:type\" content=\"article\" \/>\n\t\t<meta property=\"og:title\" content=\"Un complejo escenario: \u00bfY si Lula, preso, se presentara a elecciones? - El Digital de Asturias\" \/>\n\t\t<meta property=\"og:description\" content=\"R\u00edo de Janeiro, 8 abr (dpa) - El ex presidente brasile\u00f1o Luiz In\u00e1cio Lula da Silva fue arrestado este s\u00e1bado y ya cumple su condena de 12 a\u00f1os de prisi\u00f3n. Sin embargo, pese a estar encarcelado, todav\u00eda mantiene su candidatura para las elecciones del 7 de octubre. En el caso de que el l\u00edder del\" \/>\n\t\t<meta property=\"og:url\" content=\"https:\/\/www.eldigitaldeasturias.com\/noticias\/un-complejo-escenario-y-si-lula-preso-se-presentara-a-elecciones\/\" \/>\n\t\t<meta property=\"article:tag\" content=\"actualidad\" \/>\n\t\t<meta property=\"article:published_time\" content=\"2018-04-08T19:17:55+00:00\" \/>\n\t\t<meta property=\"article:modified_time\" content=\"2018-04-08T19:17:55+00:00\" \/>\n\t\t<meta property=\"article:publisher\" content=\"https:\/\/facebook.com\/eldigitaldeasturias\" \/>\n\t\t<meta name=\"twitter:card\" content=\"summary_large_image\" \/>\n\t\t<meta name=\"twitter:title\" content=\"Un complejo escenario: \u00bfY si Lula, preso, se presentara a elecciones? - El Digital de Asturias\" \/>\n\t\t<meta name=\"twitter:description\" content=\"R\u00edo de Janeiro, 8 abr (dpa) - El ex presidente brasile\u00f1o Luiz In\u00e1cio Lula da Silva fue arrestado este s\u00e1bado y ya cumple su condena de 12 a\u00f1os de prisi\u00f3n. Sin embargo, pese a estar encarcelado, todav\u00eda mantiene su candidatura para las elecciones del 7 de octubre. En el caso de que el l\u00edder del\" \/>\n\t\t<meta name=\"twitter:image\" content=\"https:\/\/www.eldigitaldeasturias.com\/noticias\/wp-content\/uploads\/2020\/12\/EDA-1.jpg\" \/>\n\t\t<meta name=\"twitter:label1\" content=\"Escrito por\" \/>\n\t\t<meta name=\"twitter:data1\" content=\"El Digital de Asturias\" \/>\n\t\t<meta name=\"twitter:label2\" content=\"Tiempo de lectura estimado\" \/>\n\t\t<meta name=\"twitter:data2\" content=\"4 minutos\" \/>\n\t\t<script type=\"application\/ld+json\" class=\"aioseo-schema\">\n\t\t\t{\"@context\":\"https:\\\/\\\/schema.org\",\"@graph\":[{\"@type\":\"BlogPosting\",\"@id\":\"https:\\\/\\\/www.eldigitaldeasturias.com\\\/noticias\\\/un-complejo-escenario-y-si-lula-preso-se-presentara-a-elecciones\\\/#blogposting\",\"name\":\"Un complejo escenario: \\u00bfY si Lula, preso, se presentara a elecciones? - El Digital de Asturias\",\"headline\":\"Un complejo escenario: \\u00bfY si Lula, preso, se presentara a elecciones?\",\"author\":{\"@id\":\"https:\\\/\\\/www.eldigitaldeasturias.com\\\/noticias\\\/author\\\/admin\\\/#author\"},\"publisher\":{\"@id\":\"https:\\\/\\\/www.eldigitaldeasturias.com\\\/noticias\\\/#organization\"},\"image\":{\"@type\":\"ImageObject\",\"url\":868078},\"datePublished\":\"2018-04-08T19:17:55+02:00\",\"dateModified\":\"2018-04-08T19:17:55+02:00\",\"inLanguage\":\"es-ES\",\"mainEntityOfPage\":{\"@id\":\"https:\\\/\\\/www.eldigitaldeasturias.com\\\/noticias\\\/un-complejo-escenario-y-si-lula-preso-se-presentara-a-elecciones\\\/#webpage\"},\"isPartOf\":{\"@id\":\"https:\\\/\\\/www.eldigitaldeasturias.com\\\/noticias\\\/un-complejo-escenario-y-si-lula-preso-se-presentara-a-elecciones\\\/#webpage\"},\"articleSection\":\"Actualidad\"},{\"@type\":\"BreadcrumbList\",\"@id\":\"https:\\\/\\\/www.eldigitaldeasturias.com\\\/noticias\\\/un-complejo-escenario-y-si-lula-preso-se-presentara-a-elecciones\\\/#breadcrumblist\",\"itemListElement\":[{\"@type\":\"ListItem\",\"@id\":\"https:\\\/\\\/www.eldigitaldeasturias.com\\\/noticias#listItem\",\"position\":1,\"name\":\"Home\",\"item\":\"https:\\\/\\\/www.eldigitaldeasturias.com\\\/noticias\",\"nextItem\":{\"@type\":\"ListItem\",\"@id\":\"https:\\\/\\\/www.eldigitaldeasturias.com\\\/noticias\\\/category\\\/actualidad\\\/#listItem\",\"name\":\"Actualidad\"}},{\"@type\":\"ListItem\",\"@id\":\"https:\\\/\\\/www.eldigitaldeasturias.com\\\/noticias\\\/category\\\/actualidad\\\/#listItem\",\"position\":2,\"name\":\"Actualidad\",\"item\":\"https:\\\/\\\/www.eldigitaldeasturias.com\\\/noticias\\\/category\\\/actualidad\\\/\",\"nextItem\":{\"@type\":\"ListItem\",\"@id\":\"https:\\\/\\\/www.eldigitaldeasturias.com\\\/noticias\\\/un-complejo-escenario-y-si-lula-preso-se-presentara-a-elecciones\\\/#listItem\",\"name\":\"Un complejo escenario: \\u00bfY si Lula, preso, se presentara a elecciones?\"},\"previousItem\":{\"@type\":\"ListItem\",\"@id\":\"https:\\\/\\\/www.eldigitaldeasturias.com\\\/noticias#listItem\",\"name\":\"Home\"}},{\"@type\":\"ListItem\",\"@id\":\"https:\\\/\\\/www.eldigitaldeasturias.com\\\/noticias\\\/un-complejo-escenario-y-si-lula-preso-se-presentara-a-elecciones\\\/#listItem\",\"position\":3,\"name\":\"Un complejo escenario: \\u00bfY si Lula, preso, se presentara a elecciones?\",\"previousItem\":{\"@type\":\"ListItem\",\"@id\":\"https:\\\/\\\/www.eldigitaldeasturias.com\\\/noticias\\\/category\\\/actualidad\\\/#listItem\",\"name\":\"Actualidad\"}}]},{\"@type\":\"Organization\",\"@id\":\"https:\\\/\\\/www.eldigitaldeasturias.com\\\/noticias\\\/#organization\",\"name\":\"El Digital de Asturias\",\"description\":\"Hemeroteca\",\"url\":\"https:\\\/\\\/www.eldigitaldeasturias.com\\\/noticias\\\/\",\"email\":\"info@eldigitaldeasturias.com\",\"telephone\":\"+34652131393\",\"logo\":{\"@type\":\"ImageObject\",\"url\":\"https:\\\/\\\/www.eldigitaldeasturias.com\\\/noticias\\\/wp-content\\\/uploads\\\/2020\\\/12\\\/EDA.jpg\",\"@id\":\"https:\\\/\\\/www.eldigitaldeasturias.com\\\/noticias\\\/un-complejo-escenario-y-si-lula-preso-se-presentara-a-elecciones\\\/#organizationLogo\"},\"image\":{\"@id\":\"https:\\\/\\\/www.eldigitaldeasturias.com\\\/noticias\\\/un-complejo-escenario-y-si-lula-preso-se-presentara-a-elecciones\\\/#organizationLogo\"},\"sameAs\":[\"https:\\\/\\\/facebook.com\\\/eldigitaldeasturias\",\"https:\\\/\\\/www.youtube.com\\\/channel\\\/UCZP-2wLEB9Rv6erhFmqVnvg\"],\"address\":{\"@id\":\"https:\\\/\\\/www.eldigitaldeasturias.com\\\/noticias\\\/#postaladdress\",\"@type\":\"PostalAddress\",\"streetAddress\":\"san antonio 4\",\"postalCode\":\"33430\",\"addressLocality\":\"Cand\\u00e1s\",\"addressRegion\":\"Asturias\",\"addressCountry\":\"ES\"}},{\"@type\":\"Person\",\"@id\":\"https:\\\/\\\/www.eldigitaldeasturias.com\\\/noticias\\\/author\\\/admin\\\/#author\",\"url\":\"https:\\\/\\\/www.eldigitaldeasturias.com\\\/noticias\\\/author\\\/admin\\\/\",\"name\":\"El Digital de Asturias\",\"image\":{\"@type\":\"ImageObject\",\"@id\":\"https:\\\/\\\/www.eldigitaldeasturias.com\\\/noticias\\\/un-complejo-escenario-y-si-lula-preso-se-presentara-a-elecciones\\\/#authorImage\",\"url\":\"https:\\\/\\\/secure.gravatar.com\\\/avatar\\\/df2aeffc32bcd13f8d26072ef8a91b623d677766deac7f97ca815868cd41bf5e?s=96&d=mm&r=g\",\"width\":96,\"height\":96,\"caption\":\"El Digital de Asturias\"}},{\"@type\":\"WebPage\",\"@id\":\"https:\\\/\\\/www.eldigitaldeasturias.com\\\/noticias\\\/un-complejo-escenario-y-si-lula-preso-se-presentara-a-elecciones\\\/#webpage\",\"url\":\"https:\\\/\\\/www.eldigitaldeasturias.com\\\/noticias\\\/un-complejo-escenario-y-si-lula-preso-se-presentara-a-elecciones\\\/\",\"name\":\"Un complejo escenario: \\u00bfY si Lula, preso, se presentara a elecciones? - El Digital de Asturias\",\"description\":\"R\\u00edo de Janeiro, 8 abr (dpa) - El ex presidente brasile\\u00f1o Luiz In\\u00e1cio Lula da Silva fue arrestado este s\\u00e1bado y ya cumple su condena de 12 a\\u00f1os de prisi\\u00f3n. Sin embargo, pese a estar encarcelado, todav\\u00eda mantiene su candidatura para las elecciones del 7 de octubre. En el caso de que el l\\u00edder del\",\"inLanguage\":\"es-ES\",\"isPartOf\":{\"@id\":\"https:\\\/\\\/www.eldigitaldeasturias.com\\\/noticias\\\/#website\"},\"breadcrumb\":{\"@id\":\"https:\\\/\\\/www.eldigitaldeasturias.com\\\/noticias\\\/un-complejo-escenario-y-si-lula-preso-se-presentara-a-elecciones\\\/#breadcrumblist\"},\"author\":{\"@id\":\"https:\\\/\\\/www.eldigitaldeasturias.com\\\/noticias\\\/author\\\/admin\\\/#author\"},\"creator\":{\"@id\":\"https:\\\/\\\/www.eldigitaldeasturias.com\\\/noticias\\\/author\\\/admin\\\/#author\"},\"image\":{\"@type\":\"ImageObject\",\"url\":868078,\"@id\":\"https:\\\/\\\/www.eldigitaldeasturias.com\\\/noticias\\\/un-complejo-escenario-y-si-lula-preso-se-presentara-a-elecciones\\\/#mainImage\"},\"primaryImageOfPage\":{\"@id\":\"https:\\\/\\\/www.eldigitaldeasturias.com\\\/noticias\\\/un-complejo-escenario-y-si-lula-preso-se-presentara-a-elecciones\\\/#mainImage\"},\"datePublished\":\"2018-04-08T19:17:55+02:00\",\"dateModified\":\"2018-04-08T19:17:55+02:00\"},{\"@type\":\"WebSite\",\"@id\":\"https:\\\/\\\/www.eldigitaldeasturias.com\\\/noticias\\\/#website\",\"url\":\"https:\\\/\\\/www.eldigitaldeasturias.com\\\/noticias\\\/\",\"name\":\"El Digital de Asturias - Diario de actualidad y noticias\",\"alternateName\":\"El Digital de Asturias - Diario de actualidad y noticias\",\"description\":\"Hemeroteca\",\"inLanguage\":\"es-ES\",\"publisher\":{\"@id\":\"https:\\\/\\\/www.eldigitaldeasturias.com\\\/noticias\\\/#organization\"}}]}\n\t\t<\/script>\n\t\t<!-- All in One SEO Pro -->\r\n\t\t<title>Un complejo escenario: \u00bfY si Lula, preso, se presentara a elecciones? - El Digital de Asturias<\/title>\n\n","aioseo_head_json":{"title":"Un complejo escenario: \u00bfY si Lula, preso, se presentara a elecciones? - El Digital de Asturias","description":"R\u00edo de Janeiro, 8 abr (dpa) - El ex presidente brasile\u00f1o Luiz In\u00e1cio Lula da Silva fue arrestado este s\u00e1bado y ya cumple su condena de 12 a\u00f1os de prisi\u00f3n. Sin embargo, pese a estar encarcelado, todav\u00eda mantiene su candidatura para las elecciones del 7 de octubre. En el caso de que el l\u00edder del","canonical_url":"https:\/\/www.eldigitaldeasturias.com\/noticias\/un-complejo-escenario-y-si-lula-preso-se-presentara-a-elecciones\/","robots":"max-image-preview:large","keywords":"actualidad","webmasterTools":{"google-site-verification":"UA-38556648-1","msvalidate.01":"7dfe9f3f1b24437ab69f4f2559babe99","miscellaneous":""},"schema":{"@context":"https:\/\/schema.org","@graph":[{"@type":"BlogPosting","@id":"https:\/\/www.eldigitaldeasturias.com\/noticias\/un-complejo-escenario-y-si-lula-preso-se-presentara-a-elecciones\/#blogposting","name":"Un complejo escenario: \u00bfY si Lula, preso, se presentara a elecciones? - El Digital de Asturias","headline":"Un complejo escenario: \u00bfY si Lula, preso, se presentara a elecciones?","author":{"@id":"https:\/\/www.eldigitaldeasturias.com\/noticias\/author\/admin\/#author"},"publisher":{"@id":"https:\/\/www.eldigitaldeasturias.com\/noticias\/#organization"},"image":{"@type":"ImageObject","url":868078},"datePublished":"2018-04-08T19:17:55+02:00","dateModified":"2018-04-08T19:17:55+02:00","inLanguage":"es-ES","mainEntityOfPage":{"@id":"https:\/\/www.eldigitaldeasturias.com\/noticias\/un-complejo-escenario-y-si-lula-preso-se-presentara-a-elecciones\/#webpage"},"isPartOf":{"@id":"https:\/\/www.eldigitaldeasturias.com\/noticias\/un-complejo-escenario-y-si-lula-preso-se-presentara-a-elecciones\/#webpage"},"articleSection":"Actualidad"},{"@type":"BreadcrumbList","@id":"https:\/\/www.eldigitaldeasturias.com\/noticias\/un-complejo-escenario-y-si-lula-preso-se-presentara-a-elecciones\/#breadcrumblist","itemListElement":[{"@type":"ListItem","@id":"https:\/\/www.eldigitaldeasturias.com\/noticias#listItem","position":1,"name":"Home","item":"https:\/\/www.eldigitaldeasturias.com\/noticias","nextItem":{"@type":"ListItem","@id":"https:\/\/www.eldigitaldeasturias.com\/noticias\/category\/actualidad\/#listItem","name":"Actualidad"}},{"@type":"ListItem","@id":"https:\/\/www.eldigitaldeasturias.com\/noticias\/category\/actualidad\/#listItem","position":2,"name":"Actualidad","item":"https:\/\/www.eldigitaldeasturias.com\/noticias\/category\/actualidad\/","nextItem":{"@type":"ListItem","@id":"https:\/\/www.eldigitaldeasturias.com\/noticias\/un-complejo-escenario-y-si-lula-preso-se-presentara-a-elecciones\/#listItem","name":"Un complejo escenario: \u00bfY si Lula, preso, se presentara a elecciones?"},"previousItem":{"@type":"ListItem","@id":"https:\/\/www.eldigitaldeasturias.com\/noticias#listItem","name":"Home"}},{"@type":"ListItem","@id":"https:\/\/www.eldigitaldeasturias.com\/noticias\/un-complejo-escenario-y-si-lula-preso-se-presentara-a-elecciones\/#listItem","position":3,"name":"Un complejo escenario: \u00bfY si Lula, preso, se presentara a elecciones?","previousItem":{"@type":"ListItem","@id":"https:\/\/www.eldigitaldeasturias.com\/noticias\/category\/actualidad\/#listItem","name":"Actualidad"}}]},{"@type":"Organization","@id":"https:\/\/www.eldigitaldeasturias.com\/noticias\/#organization","name":"El Digital de Asturias","description":"Hemeroteca","url":"https:\/\/www.eldigitaldeasturias.com\/noticias\/","email":"info@eldigitaldeasturias.com","telephone":"+34652131393","logo":{"@type":"ImageObject","url":"https:\/\/www.eldigitaldeasturias.com\/noticias\/wp-content\/uploads\/2020\/12\/EDA.jpg","@id":"https:\/\/www.eldigitaldeasturias.com\/noticias\/un-complejo-escenario-y-si-lula-preso-se-presentara-a-elecciones\/#organizationLogo"},"image":{"@id":"https:\/\/www.eldigitaldeasturias.com\/noticias\/un-complejo-escenario-y-si-lula-preso-se-presentara-a-elecciones\/#organizationLogo"},"sameAs":["https:\/\/facebook.com\/eldigitaldeasturias","https:\/\/www.youtube.com\/channel\/UCZP-2wLEB9Rv6erhFmqVnvg"],"address":{"@id":"https:\/\/www.eldigitaldeasturias.com\/noticias\/#postaladdress","@type":"PostalAddress","streetAddress":"san antonio 4","postalCode":"33430","addressLocality":"Cand\u00e1s","addressRegion":"Asturias","addressCountry":"ES"}},{"@type":"Person","@id":"https:\/\/www.eldigitaldeasturias.com\/noticias\/author\/admin\/#author","url":"https:\/\/www.eldigitaldeasturias.com\/noticias\/author\/admin\/","name":"El Digital de Asturias","image":{"@type":"ImageObject","@id":"https:\/\/www.eldigitaldeasturias.com\/noticias\/un-complejo-escenario-y-si-lula-preso-se-presentara-a-elecciones\/#authorImage","url":"https:\/\/secure.gravatar.com\/avatar\/df2aeffc32bcd13f8d26072ef8a91b623d677766deac7f97ca815868cd41bf5e?s=96&d=mm&r=g","width":96,"height":96,"caption":"El Digital de Asturias"}},{"@type":"WebPage","@id":"https:\/\/www.eldigitaldeasturias.com\/noticias\/un-complejo-escenario-y-si-lula-preso-se-presentara-a-elecciones\/#webpage","url":"https:\/\/www.eldigitaldeasturias.com\/noticias\/un-complejo-escenario-y-si-lula-preso-se-presentara-a-elecciones\/","name":"Un complejo escenario: \u00bfY si Lula, preso, se presentara a elecciones? - El Digital de Asturias","description":"R\u00edo de Janeiro, 8 abr (dpa) - El ex presidente brasile\u00f1o Luiz In\u00e1cio Lula da Silva fue arrestado este s\u00e1bado y ya cumple su condena de 12 a\u00f1os de prisi\u00f3n. Sin embargo, pese a estar encarcelado, todav\u00eda mantiene su candidatura para las elecciones del 7 de octubre. En el caso de que el l\u00edder del","inLanguage":"es-ES","isPartOf":{"@id":"https:\/\/www.eldigitaldeasturias.com\/noticias\/#website"},"breadcrumb":{"@id":"https:\/\/www.eldigitaldeasturias.com\/noticias\/un-complejo-escenario-y-si-lula-preso-se-presentara-a-elecciones\/#breadcrumblist"},"author":{"@id":"https:\/\/www.eldigitaldeasturias.com\/noticias\/author\/admin\/#author"},"creator":{"@id":"https:\/\/www.eldigitaldeasturias.com\/noticias\/author\/admin\/#author"},"image":{"@type":"ImageObject","url":868078,"@id":"https:\/\/www.eldigitaldeasturias.com\/noticias\/un-complejo-escenario-y-si-lula-preso-se-presentara-a-elecciones\/#mainImage"},"primaryImageOfPage":{"@id":"https:\/\/www.eldigitaldeasturias.com\/noticias\/un-complejo-escenario-y-si-lula-preso-se-presentara-a-elecciones\/#mainImage"},"datePublished":"2018-04-08T19:17:55+02:00","dateModified":"2018-04-08T19:17:55+02:00"},{"@type":"WebSite","@id":"https:\/\/www.eldigitaldeasturias.com\/noticias\/#website","url":"https:\/\/www.eldigitaldeasturias.com\/noticias\/","name":"El Digital de Asturias - Diario de actualidad y noticias","alternateName":"El Digital de Asturias - Diario de actualidad y noticias","description":"Hemeroteca","inLanguage":"es-ES","publisher":{"@id":"https:\/\/www.eldigitaldeasturias.com\/noticias\/#organization"}}]},"og:locale":"es_ES","og:site_name":"El Digital de Asturias","og:type":"article","og:title":"Un complejo escenario: \u00bfY si Lula, preso, se presentara a elecciones? - El Digital de Asturias","og:description":"R\u00edo de Janeiro, 8 abr (dpa) - El ex presidente brasile\u00f1o Luiz In\u00e1cio Lula da Silva fue arrestado este s\u00e1bado y ya cumple su condena de 12 a\u00f1os de prisi\u00f3n. Sin embargo, pese a estar encarcelado, todav\u00eda mantiene su candidatura para las elecciones del 7 de octubre. En el caso de que el l\u00edder del","og:url":"https:\/\/www.eldigitaldeasturias.com\/noticias\/un-complejo-escenario-y-si-lula-preso-se-presentara-a-elecciones\/","article:tag":["actualidad"],"article:published_time":"2018-04-08T19:17:55+00:00","article:modified_time":"2018-04-08T19:17:55+00:00","article:publisher":"https:\/\/facebook.com\/eldigitaldeasturias","twitter:card":"summary_large_image","twitter:title":"Un complejo escenario: \u00bfY si Lula, preso, se presentara a elecciones? - El Digital de Asturias","twitter:description":"R\u00edo de Janeiro, 8 abr (dpa) - El ex presidente brasile\u00f1o Luiz In\u00e1cio Lula da Silva fue arrestado este s\u00e1bado y ya cumple su condena de 12 a\u00f1os de prisi\u00f3n. Sin embargo, pese a estar encarcelado, todav\u00eda mantiene su candidatura para las elecciones del 7 de octubre. En el caso de que el l\u00edder del","twitter:image":"https:\/\/www.eldigitaldeasturias.com\/noticias\/wp-content\/uploads\/2020\/12\/EDA-1.jpg","twitter:label1":"Escrito por","twitter:data1":"El Digital de Asturias","twitter:label2":"Tiempo de lectura estimado","twitter:data2":"4 minutos"},"aioseo_meta_data":{"post_id":"975312","title":null,"description":null,"keywords":null,"keyphrases":null,"primary_term":null,"canonical_url":null,"og_title":null,"og_description":null,"og_object_type":"default","og_image_type":"default","og_image_url":null,"og_image_width":null,"og_image_height":null,"og_image_custom_url":null,"og_image_custom_fields":null,"og_video":null,"og_custom_url":null,"og_article_section":null,"og_article_tags":null,"twitter_use_og":false,"twitter_card":"default","twitter_image_type":"default","twitter_image_url":null,"twitter_image_custom_url":null,"twitter_image_custom_fields":null,"twitter_title":null,"twitter_description":null,"schema":{"blockGraphs":[],"customGraphs":[],"default":{"data":{"Article":[],"Course":[],"Dataset":[],"FAQPage":[],"Movie":[],"Person":[],"Product":[],"ProductReview":[],"Car":[],"Recipe":[],"Service":[],"SoftwareApplication":[],"WebPage":[]},"graphName":"","isEnabled":true},"graphs":[],"defaultGraph":"","defaultPostTypeGraph":""},"schema_type":null,"schema_type_options":null,"pillar_content":false,"robots_default":true,"robots_noindex":false,"robots_noarchive":false,"robots_nosnippet":false,"robots_nofollow":false,"robots_noimageindex":false,"robots_noodp":false,"robots_notranslate":false,"robots_max_snippet":null,"robots_max_videopreview":null,"robots_max_imagepreview":"large","priority":null,"frequency":null,"local_seo":null,"seo_analyzer_scan_date":"2025-10-07 23:28:03","breadcrumb_settings":null,"limit_modified_date":false,"open_ai":null,"ai":null,"created":"2020-12-21 12:11:38","updated":"2025-10-07 23:28:03","focus_keyword":null,"additional_keywords":null,"truseo_locale":null},"aioseo_breadcrumb":"<div class=\"aioseo-breadcrumbs\"><span class=\"aioseo-breadcrumb\">\n\t<a href=\"https:\/\/www.eldigitaldeasturias.com\/noticias\" title=\"Home\">Home<\/a>\n<\/span><span class=\"aioseo-breadcrumb-separator\">\u2013<\/span><span class=\"aioseo-breadcrumb\">\n\t<a href=\"https:\/\/www.eldigitaldeasturias.com\/noticias\/category\/actualidad\/\" title=\"Actualidad\">Actualidad<\/a>\n<\/span><span class=\"aioseo-breadcrumb-separator\">\u2013<\/span><span class=\"aioseo-breadcrumb\">\n\t<a href=\"https:\/\/www.eldigitaldeasturias.com\/noticias\/un-complejo-escenario-y-si-lula-preso-se-presentara-a-elecciones\/\" title=\"Un complejo escenario: \u00bfY si Lula, preso, se presentara a elecciones?\">Un complejo escenario: \u00bfY si Lula, preso, se presentara a elecciones?<\/a>\n<\/span><\/div>","aioseo_breadcrumb_json":[{"label":"Home","link":"https:\/\/www.eldigitaldeasturias.com\/noticias"},{"label":"Actualidad","link":"https:\/\/www.eldigitaldeasturias.com\/noticias\/category\/actualidad\/"},{"label":"Un complejo escenario: \u00bfY si Lula, preso, se presentara a elecciones?","link":"https:\/\/www.eldigitaldeasturias.com\/noticias\/un-complejo-escenario-y-si-lula-preso-se-presentara-a-elecciones\/"}],"_links":{"self":[{"href":"https:\/\/www.eldigitaldeasturias.com\/noticias\/wp-json\/wp\/v2\/posts\/975312","targetHints":{"allow":["GET"]}}],"collection":[{"href":"https:\/\/www.eldigitaldeasturias.com\/noticias\/wp-json\/wp\/v2\/posts"}],"about":[{"href":"https:\/\/www.eldigitaldeasturias.com\/noticias\/wp-json\/wp\/v2\/types\/post"}],"author":[{"embeddable":true,"href":"https:\/\/www.eldigitaldeasturias.com\/noticias\/wp-json\/wp\/v2\/users\/1"}],"replies":[{"embeddable":true,"href":"https:\/\/www.eldigitaldeasturias.com\/noticias\/wp-json\/wp\/v2\/comments?post=975312"}],"version-history":[{"count":0,"href":"https:\/\/www.eldigitaldeasturias.com\/noticias\/wp-json\/wp\/v2\/posts\/975312\/revisions"}],"wp:attachment":[{"href":"https:\/\/www.eldigitaldeasturias.com\/noticias\/wp-json\/wp\/v2\/media?parent=975312"}],"wp:term":[{"taxonomy":"category","embeddable":true,"href":"https:\/\/www.eldigitaldeasturias.com\/noticias\/wp-json\/wp\/v2\/categories?post=975312"},{"taxonomy":"post_tag","embeddable":true,"href":"https:\/\/www.eldigitaldeasturias.com\/noticias\/wp-json\/wp\/v2\/tags?post=975312"}],"curies":[{"name":"wp","href":"https:\/\/api.w.org\/{rel}","templated":true}]}}