{"id":975310,"date":"2018-04-08T19:15:53","date_gmt":"2018-04-08T19:15:53","guid":{"rendered":"http:\/\/www.eldigitaldeasturias.com\/noticias\/?p=975310"},"modified":"2018-04-08T19:15:53","modified_gmt":"2018-04-08T19:15:53","slug":"hrw-acusa-a-las-tropas-sirias-de-impedir-la-huida-de-los-civiles-de-afrin","status":"publish","type":"post","link":"https:\/\/www.eldigitaldeasturias.com\/noticias\/hrw-acusa-a-las-tropas-sirias-de-impedir-la-huida-de-los-civiles-de-afrin\/","title":{"rendered":"HRW acusa a las tropas sirias de impedir la huida de los civiles de Afrin"},"content":{"rendered":"<p><img loading=\"lazy\" decoding=\"async\" class=\"alignleft size-medium wp-image-542657\" src=\"https:\/\/www.eldigitaldeasturias.com\/noticias\/wp-content\/uploads\/2014\/06\/6345789w-360x238.jpg\" alt=\"\" width=\"360\" height=\"238\" \/>Damasco, 8 abr (dpa) &#8211; La organizaci\u00f3n defensora de los derechos humanos Human Rights Watch (HRW) acus\u00f3 hoy al Ej\u00e9rcito gubernamental sirio y sus aliados de impedir la huida de civiles de la ciudad de Afrin, en el noroeste de Siria, que fue tomada por tropas de Turqu\u00eda y milicias aliadas.<\/p>\n<p>Adem\u00e1s, HRW denunci\u00f3 que las fuerzas aliadas al Ej\u00e9rcito turco han saqueado o destruido propiedades de los civiles.<\/p>\n<p>La subdirectora de la organizaci\u00f3n para Cercano Oriente, Lama Fakih, calific\u00f3 de grave la situaci\u00f3n humanitaria de la gente que ha huido de los enfrentamientos en Afrin y especialmente de aquellos a los que se les ha denegado el acceso a zonas bajo control del Gobierno y cuyas propiedades est\u00e1n siendo saqueadas.<\/p>\n<p>Seg\u00fan HRW, a los civiles que huyen de Afrin se les exige en retenes callejeros el pago de hasta 1.000 d\u00f3lares para poder entrar en zonas controladas por las fuerzas gubernamentales. Adem\u00e1s, varios grupos armados que junto con el Ej\u00e9rcito turco hab\u00edan conquistado Afrin habr\u00edan amenazado y desvalijado a los civiles.<\/p>\n<p>Hace poco m\u00e1s de dos semanas, el Ej\u00e9rcito turco hab\u00eda tomado el control de la regi\u00f3n de Afrin, que antes estaba en manos de la milicia kurda Unidades de Protecci\u00f3n Popular (YPG), que Ankara considera como filial siria del Partido de los Trabajadores del Kurdist\u00e1n (PKK), proscrito y catalogado como organizaci\u00f3n terrorista en Turqu\u00eda.<\/p>\n","protected":false},"excerpt":{"rendered":"<p>Damasco, 8 abr (dpa) &#8211; La organizaci\u00f3n defensora de los derechos humanos Human Rights Watch (HRW) acus\u00f3 hoy al Ej\u00e9rcito gubernamental sirio y sus aliados de impedir la huida de civiles de la ciudad de Afrin, en el noroeste de Siria, que fue tomada por tropas de Turqu\u00eda y milicias aliadas. Adem\u00e1s, HRW denunci\u00f3 que [&hellip;]<\/p>\n","protected":false},"author":1,"featured_media":453154,"comment_status":"closed","ping_status":"closed","sticky":false,"template":"","format":"standard","meta":{"footnotes":""},"categories":[1],"tags":[],"class_list":["post-975310","post","type-post","status-publish","format-standard","has-post-thumbnail","hentry","category-actualidad"],"aioseo_notices":[],"aioseo_head":"\n\t\t<!-- All in One SEO Pro 5.0.1 - aioseo.com -->\n\t<meta name=\"description\" content=\"Damasco, 8 abr (dpa) - La organizaci\u00f3n defensora de los derechos humanos Human Rights Watch (HRW) acus\u00f3 hoy al Ej\u00e9rcito gubernamental sirio y sus aliados de impedir la huida de civiles de la ciudad de Afrin, en el noroeste de Siria, que fue tomada por tropas de Turqu\u00eda y milicias aliadas. Adem\u00e1s, HRW denunci\u00f3 que\" \/>\n\t<meta name=\"robots\" content=\"max-image-preview:large\" \/>\n\t<meta name=\"author\" content=\"El Digital de Asturias\"\/>\n\t<meta name=\"google-site-verification\" content=\"UA-38556648-1\" \/>\n\t<meta name=\"msvalidate.01\" content=\"7dfe9f3f1b24437ab69f4f2559babe99\" \/>\n\t<meta name=\"keywords\" content=\"actualidad\" \/>\n\t<link rel=\"canonical\" href=\"https:\/\/www.eldigitaldeasturias.com\/noticias\/hrw-acusa-a-las-tropas-sirias-de-impedir-la-huida-de-los-civiles-de-afrin\/\" \/>\n\t<meta name=\"generator\" content=\"All in One SEO Pro (AIOSEO) 5.0.1\" \/>\n\t\t<meta property=\"og:locale\" content=\"es_ES\" \/>\n\t\t<meta property=\"og:site_name\" content=\"El Digital de Asturias\" \/>\n\t\t<meta property=\"og:type\" content=\"article\" \/>\n\t\t<meta property=\"og:title\" content=\"HRW acusa a las tropas sirias de impedir la huida de los civiles de Afrin - El Digital de Asturias\" \/>\n\t\t<meta property=\"og:description\" content=\"Damasco, 8 abr (dpa) - La organizaci\u00f3n defensora de los derechos humanos Human Rights Watch (HRW) acus\u00f3 hoy al Ej\u00e9rcito gubernamental sirio y sus aliados de impedir la huida de civiles de la ciudad de Afrin, en el noroeste de Siria, que fue tomada por tropas de Turqu\u00eda y milicias aliadas. Adem\u00e1s, HRW denunci\u00f3 que\" \/>\n\t\t<meta property=\"og:url\" content=\"https:\/\/www.eldigitaldeasturias.com\/noticias\/hrw-acusa-a-las-tropas-sirias-de-impedir-la-huida-de-los-civiles-de-afrin\/\" \/>\n\t\t<meta property=\"article:tag\" content=\"actualidad\" \/>\n\t\t<meta property=\"article:published_time\" content=\"2018-04-08T19:15:53+00:00\" \/>\n\t\t<meta property=\"article:modified_time\" content=\"2018-04-08T19:15:53+00:00\" \/>\n\t\t<meta property=\"article:publisher\" content=\"https:\/\/facebook.com\/eldigitaldeasturias\" \/>\n\t\t<meta name=\"twitter:card\" content=\"summary_large_image\" \/>\n\t\t<meta name=\"twitter:title\" content=\"HRW acusa a las tropas sirias de impedir la huida de los civiles de Afrin - El Digital de Asturias\" \/>\n\t\t<meta name=\"twitter:description\" content=\"Damasco, 8 abr (dpa) - La organizaci\u00f3n defensora de los derechos humanos Human Rights Watch (HRW) acus\u00f3 hoy al Ej\u00e9rcito gubernamental sirio y sus aliados de impedir la huida de civiles de la ciudad de Afrin, en el noroeste de Siria, que fue tomada por tropas de Turqu\u00eda y milicias aliadas. Adem\u00e1s, HRW denunci\u00f3 que\" \/>\n\t\t<meta name=\"twitter:image\" content=\"https:\/\/www.eldigitaldeasturias.com\/noticias\/wp-content\/uploads\/2020\/12\/EDA-1.jpg\" \/>\n\t\t<meta name=\"twitter:label1\" content=\"Escrito por\" \/>\n\t\t<meta name=\"twitter:data1\" content=\"El Digital de Asturias\" \/>\n\t\t<meta name=\"twitter:label2\" content=\"Tiempo de lectura estimado\" \/>\n\t\t<meta name=\"twitter:data2\" content=\"1 minuto\" \/>\n\t\t<script type=\"application\/ld+json\" class=\"aioseo-schema\">\n\t\t\t{\"@context\":\"https:\\\/\\\/schema.org\",\"@graph\":[{\"@type\":\"BlogPosting\",\"@id\":\"https:\\\/\\\/www.eldigitaldeasturias.com\\\/noticias\\\/hrw-acusa-a-las-tropas-sirias-de-impedir-la-huida-de-los-civiles-de-afrin\\\/#blogposting\",\"name\":\"HRW acusa a las tropas sirias de impedir la huida de los civiles de Afrin - El Digital de Asturias\",\"headline\":\"HRW acusa a las tropas sirias de impedir la huida de los civiles de Afrin\",\"author\":{\"@id\":\"https:\\\/\\\/www.eldigitaldeasturias.com\\\/noticias\\\/author\\\/admin\\\/#author\"},\"publisher\":{\"@id\":\"https:\\\/\\\/www.eldigitaldeasturias.com\\\/noticias\\\/#organization\"},\"image\":{\"@type\":\"ImageObject\",\"url\":453154},\"datePublished\":\"2018-04-08T19:15:53+02:00\",\"dateModified\":\"2018-04-08T19:15:53+02:00\",\"inLanguage\":\"es-ES\",\"mainEntityOfPage\":{\"@id\":\"https:\\\/\\\/www.eldigitaldeasturias.com\\\/noticias\\\/hrw-acusa-a-las-tropas-sirias-de-impedir-la-huida-de-los-civiles-de-afrin\\\/#webpage\"},\"isPartOf\":{\"@id\":\"https:\\\/\\\/www.eldigitaldeasturias.com\\\/noticias\\\/hrw-acusa-a-las-tropas-sirias-de-impedir-la-huida-de-los-civiles-de-afrin\\\/#webpage\"},\"articleSection\":\"Actualidad\"},{\"@type\":\"BreadcrumbList\",\"@id\":\"https:\\\/\\\/www.eldigitaldeasturias.com\\\/noticias\\\/hrw-acusa-a-las-tropas-sirias-de-impedir-la-huida-de-los-civiles-de-afrin\\\/#breadcrumblist\",\"itemListElement\":[{\"@type\":\"ListItem\",\"@id\":\"https:\\\/\\\/www.eldigitaldeasturias.com\\\/noticias#listItem\",\"position\":1,\"name\":\"Home\",\"item\":\"https:\\\/\\\/www.eldigitaldeasturias.com\\\/noticias\",\"nextItem\":{\"@type\":\"ListItem\",\"@id\":\"https:\\\/\\\/www.eldigitaldeasturias.com\\\/noticias\\\/category\\\/actualidad\\\/#listItem\",\"name\":\"Actualidad\"}},{\"@type\":\"ListItem\",\"@id\":\"https:\\\/\\\/www.eldigitaldeasturias.com\\\/noticias\\\/category\\\/actualidad\\\/#listItem\",\"position\":2,\"name\":\"Actualidad\",\"item\":\"https:\\\/\\\/www.eldigitaldeasturias.com\\\/noticias\\\/category\\\/actualidad\\\/\",\"nextItem\":{\"@type\":\"ListItem\",\"@id\":\"https:\\\/\\\/www.eldigitaldeasturias.com\\\/noticias\\\/hrw-acusa-a-las-tropas-sirias-de-impedir-la-huida-de-los-civiles-de-afrin\\\/#listItem\",\"name\":\"HRW acusa a las tropas sirias de impedir la huida de los civiles de Afrin\"},\"previousItem\":{\"@type\":\"ListItem\",\"@id\":\"https:\\\/\\\/www.eldigitaldeasturias.com\\\/noticias#listItem\",\"name\":\"Home\"}},{\"@type\":\"ListItem\",\"@id\":\"https:\\\/\\\/www.eldigitaldeasturias.com\\\/noticias\\\/hrw-acusa-a-las-tropas-sirias-de-impedir-la-huida-de-los-civiles-de-afrin\\\/#listItem\",\"position\":3,\"name\":\"HRW acusa a las tropas sirias de impedir la huida de los civiles de Afrin\",\"previousItem\":{\"@type\":\"ListItem\",\"@id\":\"https:\\\/\\\/www.eldigitaldeasturias.com\\\/noticias\\\/category\\\/actualidad\\\/#listItem\",\"name\":\"Actualidad\"}}]},{\"@type\":\"Organization\",\"@id\":\"https:\\\/\\\/www.eldigitaldeasturias.com\\\/noticias\\\/#organization\",\"name\":\"El Digital de Asturias\",\"description\":\"Hemeroteca\",\"url\":\"https:\\\/\\\/www.eldigitaldeasturias.com\\\/noticias\\\/\",\"email\":\"info@eldigitaldeasturias.com\",\"telephone\":\"+34652131393\",\"logo\":{\"@type\":\"ImageObject\",\"url\":\"https:\\\/\\\/www.eldigitaldeasturias.com\\\/noticias\\\/wp-content\\\/uploads\\\/2020\\\/12\\\/EDA.jpg\",\"@id\":\"https:\\\/\\\/www.eldigitaldeasturias.com\\\/noticias\\\/hrw-acusa-a-las-tropas-sirias-de-impedir-la-huida-de-los-civiles-de-afrin\\\/#organizationLogo\"},\"image\":{\"@id\":\"https:\\\/\\\/www.eldigitaldeasturias.com\\\/noticias\\\/hrw-acusa-a-las-tropas-sirias-de-impedir-la-huida-de-los-civiles-de-afrin\\\/#organizationLogo\"},\"sameAs\":[\"https:\\\/\\\/facebook.com\\\/eldigitaldeasturias\",\"https:\\\/\\\/www.youtube.com\\\/channel\\\/UCZP-2wLEB9Rv6erhFmqVnvg\"],\"address\":{\"@id\":\"https:\\\/\\\/www.eldigitaldeasturias.com\\\/noticias\\\/#postaladdress\",\"@type\":\"PostalAddress\",\"streetAddress\":\"san antonio 4\",\"postalCode\":\"33430\",\"addressLocality\":\"Cand\\u00e1s\",\"addressRegion\":\"Asturias\",\"addressCountry\":\"ES\"}},{\"@type\":\"Person\",\"@id\":\"https:\\\/\\\/www.eldigitaldeasturias.com\\\/noticias\\\/author\\\/admin\\\/#author\",\"url\":\"https:\\\/\\\/www.eldigitaldeasturias.com\\\/noticias\\\/author\\\/admin\\\/\",\"name\":\"El Digital de Asturias\",\"image\":{\"@type\":\"ImageObject\",\"@id\":\"https:\\\/\\\/www.eldigitaldeasturias.com\\\/noticias\\\/hrw-acusa-a-las-tropas-sirias-de-impedir-la-huida-de-los-civiles-de-afrin\\\/#authorImage\",\"url\":\"https:\\\/\\\/secure.gravatar.com\\\/avatar\\\/df2aeffc32bcd13f8d26072ef8a91b623d677766deac7f97ca815868cd41bf5e?s=96&d=mm&r=g\",\"width\":96,\"height\":96,\"caption\":\"El Digital de Asturias\"}},{\"@type\":\"WebPage\",\"@id\":\"https:\\\/\\\/www.eldigitaldeasturias.com\\\/noticias\\\/hrw-acusa-a-las-tropas-sirias-de-impedir-la-huida-de-los-civiles-de-afrin\\\/#webpage\",\"url\":\"https:\\\/\\\/www.eldigitaldeasturias.com\\\/noticias\\\/hrw-acusa-a-las-tropas-sirias-de-impedir-la-huida-de-los-civiles-de-afrin\\\/\",\"name\":\"HRW acusa a las tropas sirias de impedir la huida de los civiles de Afrin - El Digital de Asturias\",\"description\":\"Damasco, 8 abr (dpa) - La organizaci\\u00f3n defensora de los derechos humanos Human Rights Watch (HRW) acus\\u00f3 hoy al Ej\\u00e9rcito gubernamental sirio y sus aliados de impedir la huida de civiles de la ciudad de Afrin, en el noroeste de Siria, que fue tomada por tropas de Turqu\\u00eda y milicias aliadas. Adem\\u00e1s, HRW denunci\\u00f3 que\",\"inLanguage\":\"es-ES\",\"isPartOf\":{\"@id\":\"https:\\\/\\\/www.eldigitaldeasturias.com\\\/noticias\\\/#website\"},\"breadcrumb\":{\"@id\":\"https:\\\/\\\/www.eldigitaldeasturias.com\\\/noticias\\\/hrw-acusa-a-las-tropas-sirias-de-impedir-la-huida-de-los-civiles-de-afrin\\\/#breadcrumblist\"},\"author\":{\"@id\":\"https:\\\/\\\/www.eldigitaldeasturias.com\\\/noticias\\\/author\\\/admin\\\/#author\"},\"creator\":{\"@id\":\"https:\\\/\\\/www.eldigitaldeasturias.com\\\/noticias\\\/author\\\/admin\\\/#author\"},\"image\":{\"@type\":\"ImageObject\",\"url\":453154,\"@id\":\"https:\\\/\\\/www.eldigitaldeasturias.com\\\/noticias\\\/hrw-acusa-a-las-tropas-sirias-de-impedir-la-huida-de-los-civiles-de-afrin\\\/#mainImage\"},\"primaryImageOfPage\":{\"@id\":\"https:\\\/\\\/www.eldigitaldeasturias.com\\\/noticias\\\/hrw-acusa-a-las-tropas-sirias-de-impedir-la-huida-de-los-civiles-de-afrin\\\/#mainImage\"},\"datePublished\":\"2018-04-08T19:15:53+02:00\",\"dateModified\":\"2018-04-08T19:15:53+02:00\"},{\"@type\":\"WebSite\",\"@id\":\"https:\\\/\\\/www.eldigitaldeasturias.com\\\/noticias\\\/#website\",\"url\":\"https:\\\/\\\/www.eldigitaldeasturias.com\\\/noticias\\\/\",\"name\":\"El Digital de Asturias - Diario de actualidad y noticias\",\"alternateName\":\"El Digital de Asturias - Diario de actualidad y noticias\",\"description\":\"Hemeroteca\",\"inLanguage\":\"es-ES\",\"publisher\":{\"@id\":\"https:\\\/\\\/www.eldigitaldeasturias.com\\\/noticias\\\/#organization\"}}]}\n\t\t<\/script>\n\t\t<!-- All in One SEO Pro -->\r\n\t\t<title>HRW acusa a las tropas sirias de impedir la huida de los civiles de Afrin - El Digital de Asturias<\/title>\n\n","aioseo_head_json":{"title":"HRW acusa a las tropas sirias de impedir la huida de los civiles de Afrin - El Digital de Asturias","description":"Damasco, 8 abr (dpa) - La organizaci\u00f3n defensora de los derechos humanos Human Rights Watch (HRW) acus\u00f3 hoy al Ej\u00e9rcito gubernamental sirio y sus aliados de impedir la huida de civiles de la ciudad de Afrin, en el noroeste de Siria, que fue tomada por tropas de Turqu\u00eda y milicias aliadas. Adem\u00e1s, HRW denunci\u00f3 que","canonical_url":"https:\/\/www.eldigitaldeasturias.com\/noticias\/hrw-acusa-a-las-tropas-sirias-de-impedir-la-huida-de-los-civiles-de-afrin\/","robots":"max-image-preview:large","keywords":"actualidad","webmasterTools":{"google-site-verification":"UA-38556648-1","msvalidate.01":"7dfe9f3f1b24437ab69f4f2559babe99","miscellaneous":""},"schema":{"@context":"https:\/\/schema.org","@graph":[{"@type":"BlogPosting","@id":"https:\/\/www.eldigitaldeasturias.com\/noticias\/hrw-acusa-a-las-tropas-sirias-de-impedir-la-huida-de-los-civiles-de-afrin\/#blogposting","name":"HRW acusa a las tropas sirias de impedir la huida de los civiles de Afrin - El Digital de Asturias","headline":"HRW acusa a las tropas sirias de impedir la huida de los civiles de Afrin","author":{"@id":"https:\/\/www.eldigitaldeasturias.com\/noticias\/author\/admin\/#author"},"publisher":{"@id":"https:\/\/www.eldigitaldeasturias.com\/noticias\/#organization"},"image":{"@type":"ImageObject","url":453154},"datePublished":"2018-04-08T19:15:53+02:00","dateModified":"2018-04-08T19:15:53+02:00","inLanguage":"es-ES","mainEntityOfPage":{"@id":"https:\/\/www.eldigitaldeasturias.com\/noticias\/hrw-acusa-a-las-tropas-sirias-de-impedir-la-huida-de-los-civiles-de-afrin\/#webpage"},"isPartOf":{"@id":"https:\/\/www.eldigitaldeasturias.com\/noticias\/hrw-acusa-a-las-tropas-sirias-de-impedir-la-huida-de-los-civiles-de-afrin\/#webpage"},"articleSection":"Actualidad"},{"@type":"BreadcrumbList","@id":"https:\/\/www.eldigitaldeasturias.com\/noticias\/hrw-acusa-a-las-tropas-sirias-de-impedir-la-huida-de-los-civiles-de-afrin\/#breadcrumblist","itemListElement":[{"@type":"ListItem","@id":"https:\/\/www.eldigitaldeasturias.com\/noticias#listItem","position":1,"name":"Home","item":"https:\/\/www.eldigitaldeasturias.com\/noticias","nextItem":{"@type":"ListItem","@id":"https:\/\/www.eldigitaldeasturias.com\/noticias\/category\/actualidad\/#listItem","name":"Actualidad"}},{"@type":"ListItem","@id":"https:\/\/www.eldigitaldeasturias.com\/noticias\/category\/actualidad\/#listItem","position":2,"name":"Actualidad","item":"https:\/\/www.eldigitaldeasturias.com\/noticias\/category\/actualidad\/","nextItem":{"@type":"ListItem","@id":"https:\/\/www.eldigitaldeasturias.com\/noticias\/hrw-acusa-a-las-tropas-sirias-de-impedir-la-huida-de-los-civiles-de-afrin\/#listItem","name":"HRW acusa a las tropas sirias de impedir la huida de los civiles de Afrin"},"previousItem":{"@type":"ListItem","@id":"https:\/\/www.eldigitaldeasturias.com\/noticias#listItem","name":"Home"}},{"@type":"ListItem","@id":"https:\/\/www.eldigitaldeasturias.com\/noticias\/hrw-acusa-a-las-tropas-sirias-de-impedir-la-huida-de-los-civiles-de-afrin\/#listItem","position":3,"name":"HRW acusa a las tropas sirias de impedir la huida de los civiles de Afrin","previousItem":{"@type":"ListItem","@id":"https:\/\/www.eldigitaldeasturias.com\/noticias\/category\/actualidad\/#listItem","name":"Actualidad"}}]},{"@type":"Organization","@id":"https:\/\/www.eldigitaldeasturias.com\/noticias\/#organization","name":"El Digital de Asturias","description":"Hemeroteca","url":"https:\/\/www.eldigitaldeasturias.com\/noticias\/","email":"info@eldigitaldeasturias.com","telephone":"+34652131393","logo":{"@type":"ImageObject","url":"https:\/\/www.eldigitaldeasturias.com\/noticias\/wp-content\/uploads\/2020\/12\/EDA.jpg","@id":"https:\/\/www.eldigitaldeasturias.com\/noticias\/hrw-acusa-a-las-tropas-sirias-de-impedir-la-huida-de-los-civiles-de-afrin\/#organizationLogo"},"image":{"@id":"https:\/\/www.eldigitaldeasturias.com\/noticias\/hrw-acusa-a-las-tropas-sirias-de-impedir-la-huida-de-los-civiles-de-afrin\/#organizationLogo"},"sameAs":["https:\/\/facebook.com\/eldigitaldeasturias","https:\/\/www.youtube.com\/channel\/UCZP-2wLEB9Rv6erhFmqVnvg"],"address":{"@id":"https:\/\/www.eldigitaldeasturias.com\/noticias\/#postaladdress","@type":"PostalAddress","streetAddress":"san antonio 4","postalCode":"33430","addressLocality":"Cand\u00e1s","addressRegion":"Asturias","addressCountry":"ES"}},{"@type":"Person","@id":"https:\/\/www.eldigitaldeasturias.com\/noticias\/author\/admin\/#author","url":"https:\/\/www.eldigitaldeasturias.com\/noticias\/author\/admin\/","name":"El Digital de Asturias","image":{"@type":"ImageObject","@id":"https:\/\/www.eldigitaldeasturias.com\/noticias\/hrw-acusa-a-las-tropas-sirias-de-impedir-la-huida-de-los-civiles-de-afrin\/#authorImage","url":"https:\/\/secure.gravatar.com\/avatar\/df2aeffc32bcd13f8d26072ef8a91b623d677766deac7f97ca815868cd41bf5e?s=96&d=mm&r=g","width":96,"height":96,"caption":"El Digital de Asturias"}},{"@type":"WebPage","@id":"https:\/\/www.eldigitaldeasturias.com\/noticias\/hrw-acusa-a-las-tropas-sirias-de-impedir-la-huida-de-los-civiles-de-afrin\/#webpage","url":"https:\/\/www.eldigitaldeasturias.com\/noticias\/hrw-acusa-a-las-tropas-sirias-de-impedir-la-huida-de-los-civiles-de-afrin\/","name":"HRW acusa a las tropas sirias de impedir la huida de los civiles de Afrin - El Digital de Asturias","description":"Damasco, 8 abr (dpa) - La organizaci\u00f3n defensora de los derechos humanos Human Rights Watch (HRW) acus\u00f3 hoy al Ej\u00e9rcito gubernamental sirio y sus aliados de impedir la huida de civiles de la ciudad de Afrin, en el noroeste de Siria, que fue tomada por tropas de Turqu\u00eda y milicias aliadas. Adem\u00e1s, HRW denunci\u00f3 que","inLanguage":"es-ES","isPartOf":{"@id":"https:\/\/www.eldigitaldeasturias.com\/noticias\/#website"},"breadcrumb":{"@id":"https:\/\/www.eldigitaldeasturias.com\/noticias\/hrw-acusa-a-las-tropas-sirias-de-impedir-la-huida-de-los-civiles-de-afrin\/#breadcrumblist"},"author":{"@id":"https:\/\/www.eldigitaldeasturias.com\/noticias\/author\/admin\/#author"},"creator":{"@id":"https:\/\/www.eldigitaldeasturias.com\/noticias\/author\/admin\/#author"},"image":{"@type":"ImageObject","url":453154,"@id":"https:\/\/www.eldigitaldeasturias.com\/noticias\/hrw-acusa-a-las-tropas-sirias-de-impedir-la-huida-de-los-civiles-de-afrin\/#mainImage"},"primaryImageOfPage":{"@id":"https:\/\/www.eldigitaldeasturias.com\/noticias\/hrw-acusa-a-las-tropas-sirias-de-impedir-la-huida-de-los-civiles-de-afrin\/#mainImage"},"datePublished":"2018-04-08T19:15:53+02:00","dateModified":"2018-04-08T19:15:53+02:00"},{"@type":"WebSite","@id":"https:\/\/www.eldigitaldeasturias.com\/noticias\/#website","url":"https:\/\/www.eldigitaldeasturias.com\/noticias\/","name":"El Digital de Asturias - Diario de actualidad y noticias","alternateName":"El Digital de Asturias - Diario de actualidad y noticias","description":"Hemeroteca","inLanguage":"es-ES","publisher":{"@id":"https:\/\/www.eldigitaldeasturias.com\/noticias\/#organization"}}]},"og:locale":"es_ES","og:site_name":"El Digital de Asturias","og:type":"article","og:title":"HRW acusa a las tropas sirias de impedir la huida de los civiles de Afrin - El Digital de Asturias","og:description":"Damasco, 8 abr (dpa) - La organizaci\u00f3n defensora de los derechos humanos Human Rights Watch (HRW) acus\u00f3 hoy al Ej\u00e9rcito gubernamental sirio y sus aliados de impedir la huida de civiles de la ciudad de Afrin, en el noroeste de Siria, que fue tomada por tropas de Turqu\u00eda y milicias aliadas. Adem\u00e1s, HRW denunci\u00f3 que","og:url":"https:\/\/www.eldigitaldeasturias.com\/noticias\/hrw-acusa-a-las-tropas-sirias-de-impedir-la-huida-de-los-civiles-de-afrin\/","article:tag":["actualidad"],"article:published_time":"2018-04-08T19:15:53+00:00","article:modified_time":"2018-04-08T19:15:53+00:00","article:publisher":"https:\/\/facebook.com\/eldigitaldeasturias","twitter:card":"summary_large_image","twitter:title":"HRW acusa a las tropas sirias de impedir la huida de los civiles de Afrin - El Digital de Asturias","twitter:description":"Damasco, 8 abr (dpa) - La organizaci\u00f3n defensora de los derechos humanos Human Rights Watch (HRW) acus\u00f3 hoy al Ej\u00e9rcito gubernamental sirio y sus aliados de impedir la huida de civiles de la ciudad de Afrin, en el noroeste de Siria, que fue tomada por tropas de Turqu\u00eda y milicias aliadas. Adem\u00e1s, HRW denunci\u00f3 que","twitter:image":"https:\/\/www.eldigitaldeasturias.com\/noticias\/wp-content\/uploads\/2020\/12\/EDA-1.jpg","twitter:label1":"Escrito por","twitter:data1":"El Digital de Asturias","twitter:label2":"Tiempo de lectura estimado","twitter:data2":"1 minuto"},"aioseo_meta_data":{"post_id":"975310","title":null,"description":null,"keywords":null,"keyphrases":null,"primary_term":null,"canonical_url":null,"og_title":null,"og_description":null,"og_object_type":"default","og_image_type":"default","og_image_url":null,"og_image_width":null,"og_image_height":null,"og_image_custom_url":null,"og_image_custom_fields":null,"og_video":null,"og_custom_url":null,"og_article_section":null,"og_article_tags":null,"twitter_use_og":false,"twitter_card":"default","twitter_image_type":"default","twitter_image_url":null,"twitter_image_custom_url":null,"twitter_image_custom_fields":null,"twitter_title":null,"twitter_description":null,"schema":{"blockGraphs":[],"customGraphs":[],"default":{"data":{"Article":[],"Course":[],"Dataset":[],"FAQPage":[],"Movie":[],"Person":[],"Product":[],"ProductReview":[],"Car":[],"Recipe":[],"Service":[],"SoftwareApplication":[],"WebPage":[]},"graphName":"","isEnabled":true},"graphs":[],"defaultGraph":"","defaultPostTypeGraph":""},"schema_type":null,"schema_type_options":null,"pillar_content":false,"robots_default":true,"robots_noindex":false,"robots_noarchive":false,"robots_nosnippet":false,"robots_nofollow":false,"robots_noimageindex":false,"robots_noodp":false,"robots_notranslate":false,"robots_max_snippet":null,"robots_max_videopreview":null,"robots_max_imagepreview":"large","priority":null,"frequency":null,"local_seo":null,"seo_analyzer_scan_date":"2025-10-07 23:26:05","breadcrumb_settings":null,"limit_modified_date":false,"open_ai":null,"ai":null,"created":"2020-12-21 12:11:38","updated":"2025-10-07 23:26:05","focus_keyword":null,"additional_keywords":null,"truseo_locale":null},"aioseo_breadcrumb":"<div class=\"aioseo-breadcrumbs\"><span class=\"aioseo-breadcrumb\">\n\t<a href=\"https:\/\/www.eldigitaldeasturias.com\/noticias\" title=\"Home\">Home<\/a>\n<\/span><span class=\"aioseo-breadcrumb-separator\">\u2013<\/span><span class=\"aioseo-breadcrumb\">\n\t<a href=\"https:\/\/www.eldigitaldeasturias.com\/noticias\/category\/actualidad\/\" title=\"Actualidad\">Actualidad<\/a>\n<\/span><span class=\"aioseo-breadcrumb-separator\">\u2013<\/span><span class=\"aioseo-breadcrumb\">\n\t<a href=\"https:\/\/www.eldigitaldeasturias.com\/noticias\/hrw-acusa-a-las-tropas-sirias-de-impedir-la-huida-de-los-civiles-de-afrin\/\" title=\"HRW acusa a las tropas sirias de impedir la huida de los civiles de Afrin\">HRW acusa a las tropas sirias de impedir la huida de los civiles de Afrin<\/a>\n<\/span><\/div>","aioseo_breadcrumb_json":[{"label":"Home","link":"https:\/\/www.eldigitaldeasturias.com\/noticias"},{"label":"Actualidad","link":"https:\/\/www.eldigitaldeasturias.com\/noticias\/category\/actualidad\/"},{"label":"HRW acusa a las tropas sirias de impedir la huida de los civiles de Afrin","link":"https:\/\/www.eldigitaldeasturias.com\/noticias\/hrw-acusa-a-las-tropas-sirias-de-impedir-la-huida-de-los-civiles-de-afrin\/"}],"_links":{"self":[{"href":"https:\/\/www.eldigitaldeasturias.com\/noticias\/wp-json\/wp\/v2\/posts\/975310","targetHints":{"allow":["GET"]}}],"collection":[{"href":"https:\/\/www.eldigitaldeasturias.com\/noticias\/wp-json\/wp\/v2\/posts"}],"about":[{"href":"https:\/\/www.eldigitaldeasturias.com\/noticias\/wp-json\/wp\/v2\/types\/post"}],"author":[{"embeddable":true,"href":"https:\/\/www.eldigitaldeasturias.com\/noticias\/wp-json\/wp\/v2\/users\/1"}],"replies":[{"embeddable":true,"href":"https:\/\/www.eldigitaldeasturias.com\/noticias\/wp-json\/wp\/v2\/comments?post=975310"}],"version-history":[{"count":0,"href":"https:\/\/www.eldigitaldeasturias.com\/noticias\/wp-json\/wp\/v2\/posts\/975310\/revisions"}],"wp:attachment":[{"href":"https:\/\/www.eldigitaldeasturias.com\/noticias\/wp-json\/wp\/v2\/media?parent=975310"}],"wp:term":[{"taxonomy":"category","embeddable":true,"href":"https:\/\/www.eldigitaldeasturias.com\/noticias\/wp-json\/wp\/v2\/categories?post=975310"},{"taxonomy":"post_tag","embeddable":true,"href":"https:\/\/www.eldigitaldeasturias.com\/noticias\/wp-json\/wp\/v2\/tags?post=975310"}],"curies":[{"name":"wp","href":"https:\/\/api.w.org\/{rel}","templated":true}]}}