{"id":975308,"date":"2018-04-08T19:12:57","date_gmt":"2018-04-08T19:12:57","guid":{"rendered":"http:\/\/www.eldigitaldeasturias.com\/noticias\/?p=975308"},"modified":"2018-04-08T19:12:57","modified_gmt":"2018-04-08T19:12:57","slug":"lula-da-silva-la-caida-de-un-mito-de-la-izquierda-latinoamericana","status":"publish","type":"post","link":"https:\/\/www.eldigitaldeasturias.com\/noticias\/lula-da-silva-la-caida-de-un-mito-de-la-izquierda-latinoamericana\/","title":{"rendered":"Lula da Silva, la ca\u00edda de un mito de la izquierda latinoamericana"},"content":{"rendered":"<p><img loading=\"lazy\" decoding=\"async\" class=\"alignleft size-medium wp-image-868078\" src=\"https:\/\/www.eldigitaldeasturias.com\/noticias\/wp-content\/uploads\/2016\/03\/fotonoticia_20160321102713_800-360x240.jpg\" alt=\"\" width=\"360\" height=\"240\" \/>R\u00edo de Janeiro, 8 abr (dpa) &#8211; Lustrabotas, obrero, presidente, estadista de fama mundial y presidiario: el ascenso y la ca\u00edda del brasile\u00f1o Luiz In\u00e1cio Lula da Silva representa una de las m\u00e1s grandes tragedias pol\u00edticas de Am\u00e9rica Latina en las \u00faltimas d\u00e9cadas.<\/p>\n<p>Lula, de 72 a\u00f1os, es uno de los mitos de la izquierda latinoamericana, celebrado por sacar a millones de personas de la pobreza durante sus dos Gobiernos (2003-2010) y por impulsar el milagro econ\u00f3mico que puso a Brasil entre las potencias mundiales a comienzos de siglo.<\/p>\n<p>\u00abEs el pol\u00edtico m\u00e1s popular de la Tierra\u00bb, lo celebraba su colega estadounidense Barack Obama en 2009.<\/p>\n<p>El ex presidente, sin embargo, podr\u00eda pasar ahora varios a\u00f1os preso tras entrar el s\u00e1bado en prisi\u00f3n por cargos de que particip\u00f3 en una trama fraudulenta para saquear las arcas de la estatal Petrobras.<\/p>\n<p>\u00abLula es el comandante m\u00e1ximo de los delitos de corrupci\u00f3n de Petrobras\u00bb, lo acus\u00f3 el fiscal brasile\u00f1o Deltan Dallagnol cuando present\u00f3 cargos por la megacausa \u00abLava Jato\u00bb (\u00abLavado de autos\u00bb).<\/p>\n<p>Entonces, en septiembre de 2016, la estrella del antes intocable ex mandatario ya se empezaba a hundir por la enorme investigaci\u00f3n sobre corrupci\u00f3n pol\u00edtica dada a conocer en 2014.<\/p>\n<p>Lula naci\u00f3 en octubre de 1945 en la localidad de Caet\u00e9s, en Pernambuco, en el \u00e1rido noreste, una de las regiones m\u00e1s simb\u00f3licas del imaginario nacional brasile\u00f1o. Su familia emigr\u00f3 a buscarse la vida en la metr\u00f3poli industrial Sao Paulo cuando \u00e9l era muy joven.<\/p>\n<p>S\u00e9ptimo de ocho hermanos e hijo de campesinos analfabetos, Lula empez\u00f3 a trabajar desde ni\u00f1o vendiendo frutas y las t\u00edpicas tortillas brasile\u00f1as de yuca \u00abtapiocas\u00bb, o como lustrabotas.<\/p>\n<p>M\u00e1s tarde se convirti\u00f3 en tornero y obrero metal\u00fargico en una f\u00e1brica, donde perdi\u00f3 un dedo durante un accidente laboral. En esa \u00e9poca empez\u00f3 una carrera pol\u00edtica que lo llev\u00f3 a liderar el pujante movimiento sindical que plant\u00f3 cara a la dictadura militar brasile\u00f1a (1964-1985).<\/p>\n<p>En 1980 fue uno de los fundadores del Partido de los Trabajadores (PT), que habr\u00eda de convertirse en las d\u00e9cadas siguientes en el partido de izquierda m\u00e1s grande de Am\u00e9rica Latina.<\/p>\n<p>Tras ser elegido diputado por Sao Paulo, Lula fue tres veces candidato presidencial (1990, 1994 y 1998) antes de llegar al poder al cuarto intento en las elecciones de 2002. El 1 de enero de 2003 jurament\u00f3 como el primer presidente de origen obrero de Brasil.<\/p>\n<p>El l\u00edder del PT, curtido en las virulentas luchas sindicalistas, sorprendi\u00f3 a todos al tender la mano al empresariado para impulsar el crecimiento econ\u00f3mico. Al mismo tiempo, cre\u00f3 programas sociales como el emblem\u00e1tico \u00abBolsa Fam\u00edlia\u00bb para auxiliar a los m\u00e1s pobres.<\/p>\n<p>Gracias a los altos precios del petr\u00f3leo, Brasil vivi\u00f3 un \u00abboom\u00bb econ\u00f3mico sin precedentes durante los a\u00f1os de Lula, con un crecimiento r\u00e9cord del 7,5 por ciento en 2010. Seg\u00fan estimaciones, unos 20 millones de brasile\u00f1os pudieron salir de la pobreza a lo largo de los mandatos del ex l\u00edder obrero.<\/p>\n<p>Lula consigui\u00f3 afianzar a Brasil en el G20 como una de las principales naciones industrializadas del mundo y pas\u00f3 a formar parte del BRICS, el foro de los cinco pa\u00edses emergentes m\u00e1s importantes.<\/p>\n<p>Como s\u00edmbolo del ascenso del \u00abpa\u00eds del futuro\u00bb, como lo llamaba el escritor austriaco Stefan Zweig, el Brasil de Lula obtuvo la organizaci\u00f3n del Mundial de f\u00fatbol de 2014 y los Juegos Ol\u00edmpicos 2016, dos eventos que pusieron al pa\u00eds en los focos mundiales.<\/p>\n<p>En Am\u00e9rica Latina, el \u00ablulismo\u00bb gan\u00f3 apoyos como una mejor alternativa a modelos de izquierda populistas como el liderado por Hugo Ch\u00e1vez en Venezuela.<\/p>\n<p>Lula cultiv\u00f3 siempre un perfil de hombre dialogante, forjador de compromisos antes que polarizador. Se acerc\u00f3 a las \u00e9lites econ\u00f3micas que tem\u00edan una deriva populista con su llegada al poder para tejer pactos que le permitieron sacar adelante su agenda progresista. Un maestro de la \u00abrealpolitik\u00bb para sus simpatizantes.<\/p>\n<p>Esos pactos, sin embargo, condujeron en ojos de sus detractores finalmente al contubernio y las redes corruptas. \u00abLula se corrompi\u00f3 y corrompi\u00f3 a la sociedad brasile\u00f1a\u00bb, lo acus\u00f3 en 2015 H\u00e9lio Bicudo, un cofundador del PT que se distanci\u00f3 del partido.<\/p>\n<p>El pol\u00edtico conciliador, que lleg\u00f3 a tener un 80 por ciento de popularidad al dejar el cargo seg\u00fan algunas encuestas, divide ahora al pa\u00eds. Un 36 por ciento de sus compatriotas, sobre todo los m\u00e1s pobres, votar\u00edan por \u00e9l para presidente, mientras un 40 por ciento lo rechaza.<\/p>\n<p>Tambi\u00e9n su juicio genera opiniones divididas, no s\u00f3lo entre sus seguidores, que ven una farsa en su condena a 12 a\u00f1os de prisi\u00f3n.<\/p>\n<p>\u00abEl proceso contra Lula da Silva es un proceso pol\u00edtico. Est\u00e1 vestido de garant\u00edas judiciales, pero (&#8230;) yo creo que no ha habido garant\u00edas suficientes\u00bb, dice el ex juez espa\u00f1ol Baltasar Garz\u00f3n, conocido por haber llevado ante la Justicia al fallecido dictador chileno Augusto Pinochet.<\/p>\n<p>El representante de Transparencia Internacional en Brasil, Bruno Brandao, considera en cambio que el proceso es un hito porque somete a la Justicia a alguien poderoso.<\/p>\n<p>\u00abUn an\u00e1lisis desapasionado y cuidadoso de los autos y los procedimientos del juicio echa por tierra la gran mayor\u00eda de las cr\u00edticas\u00bb, dijo Brandao a la agencia dpa.<\/p>\n<p>Lula sigue defendiendo su inocencia y acusa a sus adversarios de querer alejarlo de esa manera del Palacio de Planalto, tras haber sacado en 2016 al PT del poder con la controvertida destituci\u00f3n de su sucesora, Dilma Rousseff. \u00abNo perdonan que un obrero haya llegado al poder\u00bb, sostiene.<\/p>\n<p><i class=\"lang-es\"><span class=\" readonly\" title=\"\">Por Isaac Risco (dpa)<\/span><\/i><\/p>\n","protected":false},"excerpt":{"rendered":"<p>R\u00edo de Janeiro, 8 abr (dpa) &#8211; Lustrabotas, obrero, presidente, estadista de fama mundial y presidiario: el ascenso y la ca\u00edda del brasile\u00f1o Luiz In\u00e1cio Lula da Silva representa una de las m\u00e1s grandes tragedias pol\u00edticas de Am\u00e9rica Latina en las \u00faltimas d\u00e9cadas. Lula, de 72 a\u00f1os, es uno de los mitos de la izquierda [&hellip;]<\/p>\n","protected":false},"author":1,"featured_media":868078,"comment_status":"closed","ping_status":"closed","sticky":false,"template":"","format":"standard","meta":{"footnotes":""},"categories":[1],"tags":[],"class_list":["post-975308","post","type-post","status-publish","format-standard","has-post-thumbnail","hentry","category-actualidad"],"aioseo_notices":[],"aioseo_head":"\n\t\t<!-- All in One SEO Pro 5.0.1 - aioseo.com -->\n\t<meta name=\"description\" content=\"R\u00edo de Janeiro, 8 abr (dpa) - Lustrabotas, obrero, presidente, estadista de fama mundial y presidiario: el ascenso y la ca\u00edda del brasile\u00f1o Luiz In\u00e1cio Lula da Silva representa una de las m\u00e1s grandes tragedias pol\u00edticas de Am\u00e9rica Latina en las \u00faltimas d\u00e9cadas. Lula, de 72 a\u00f1os, es uno de los mitos de la izquierda\" \/>\n\t<meta name=\"robots\" content=\"max-image-preview:large\" \/>\n\t<meta name=\"author\" content=\"El Digital de Asturias\"\/>\n\t<meta name=\"google-site-verification\" content=\"UA-38556648-1\" \/>\n\t<meta name=\"msvalidate.01\" content=\"7dfe9f3f1b24437ab69f4f2559babe99\" \/>\n\t<meta name=\"keywords\" content=\"actualidad\" \/>\n\t<link rel=\"canonical\" href=\"https:\/\/www.eldigitaldeasturias.com\/noticias\/lula-da-silva-la-caida-de-un-mito-de-la-izquierda-latinoamericana\/\" \/>\n\t<meta name=\"generator\" content=\"All in One SEO Pro (AIOSEO) 5.0.1\" \/>\n\t\t<meta property=\"og:locale\" content=\"es_ES\" \/>\n\t\t<meta property=\"og:site_name\" content=\"El Digital de Asturias\" \/>\n\t\t<meta property=\"og:type\" content=\"article\" \/>\n\t\t<meta property=\"og:title\" content=\"Lula da Silva, la ca\u00edda de un mito de la izquierda latinoamericana - El Digital de Asturias\" \/>\n\t\t<meta property=\"og:description\" content=\"R\u00edo de Janeiro, 8 abr (dpa) - Lustrabotas, obrero, presidente, estadista de fama mundial y presidiario: el ascenso y la ca\u00edda del brasile\u00f1o Luiz In\u00e1cio Lula da Silva representa una de las m\u00e1s grandes tragedias pol\u00edticas de Am\u00e9rica Latina en las \u00faltimas d\u00e9cadas. Lula, de 72 a\u00f1os, es uno de los mitos de la izquierda\" \/>\n\t\t<meta property=\"og:url\" content=\"https:\/\/www.eldigitaldeasturias.com\/noticias\/lula-da-silva-la-caida-de-un-mito-de-la-izquierda-latinoamericana\/\" \/>\n\t\t<meta property=\"article:tag\" content=\"actualidad\" \/>\n\t\t<meta property=\"article:published_time\" content=\"2018-04-08T19:12:57+00:00\" \/>\n\t\t<meta property=\"article:modified_time\" content=\"2018-04-08T19:12:57+00:00\" \/>\n\t\t<meta property=\"article:publisher\" content=\"https:\/\/facebook.com\/eldigitaldeasturias\" \/>\n\t\t<meta name=\"twitter:card\" content=\"summary_large_image\" \/>\n\t\t<meta name=\"twitter:title\" content=\"Lula da Silva, la ca\u00edda de un mito de la izquierda latinoamericana - El Digital de Asturias\" \/>\n\t\t<meta name=\"twitter:description\" content=\"R\u00edo de Janeiro, 8 abr (dpa) - Lustrabotas, obrero, presidente, estadista de fama mundial y presidiario: el ascenso y la ca\u00edda del brasile\u00f1o Luiz In\u00e1cio Lula da Silva representa una de las m\u00e1s grandes tragedias pol\u00edticas de Am\u00e9rica Latina en las \u00faltimas d\u00e9cadas. Lula, de 72 a\u00f1os, es uno de los mitos de la izquierda\" \/>\n\t\t<meta name=\"twitter:image\" content=\"https:\/\/www.eldigitaldeasturias.com\/noticias\/wp-content\/uploads\/2020\/12\/EDA-1.jpg\" \/>\n\t\t<meta name=\"twitter:label1\" content=\"Escrito por\" \/>\n\t\t<meta name=\"twitter:data1\" content=\"El Digital de Asturias\" \/>\n\t\t<meta name=\"twitter:label2\" content=\"Tiempo de lectura estimado\" \/>\n\t\t<meta name=\"twitter:data2\" content=\"5 minutos\" \/>\n\t\t<script type=\"application\/ld+json\" class=\"aioseo-schema\">\n\t\t\t{\"@context\":\"https:\\\/\\\/schema.org\",\"@graph\":[{\"@type\":\"BlogPosting\",\"@id\":\"https:\\\/\\\/www.eldigitaldeasturias.com\\\/noticias\\\/lula-da-silva-la-caida-de-un-mito-de-la-izquierda-latinoamericana\\\/#blogposting\",\"name\":\"Lula da Silva, la ca\\u00edda de un mito de la izquierda latinoamericana - El Digital de Asturias\",\"headline\":\"Lula da Silva, la ca\\u00edda de un mito de la izquierda latinoamericana\",\"author\":{\"@id\":\"https:\\\/\\\/www.eldigitaldeasturias.com\\\/noticias\\\/author\\\/admin\\\/#author\"},\"publisher\":{\"@id\":\"https:\\\/\\\/www.eldigitaldeasturias.com\\\/noticias\\\/#organization\"},\"image\":{\"@type\":\"ImageObject\",\"url\":868078},\"datePublished\":\"2018-04-08T19:12:57+02:00\",\"dateModified\":\"2018-04-08T19:12:57+02:00\",\"inLanguage\":\"es-ES\",\"mainEntityOfPage\":{\"@id\":\"https:\\\/\\\/www.eldigitaldeasturias.com\\\/noticias\\\/lula-da-silva-la-caida-de-un-mito-de-la-izquierda-latinoamericana\\\/#webpage\"},\"isPartOf\":{\"@id\":\"https:\\\/\\\/www.eldigitaldeasturias.com\\\/noticias\\\/lula-da-silva-la-caida-de-un-mito-de-la-izquierda-latinoamericana\\\/#webpage\"},\"articleSection\":\"Actualidad\"},{\"@type\":\"BreadcrumbList\",\"@id\":\"https:\\\/\\\/www.eldigitaldeasturias.com\\\/noticias\\\/lula-da-silva-la-caida-de-un-mito-de-la-izquierda-latinoamericana\\\/#breadcrumblist\",\"itemListElement\":[{\"@type\":\"ListItem\",\"@id\":\"https:\\\/\\\/www.eldigitaldeasturias.com\\\/noticias#listItem\",\"position\":1,\"name\":\"Home\",\"item\":\"https:\\\/\\\/www.eldigitaldeasturias.com\\\/noticias\",\"nextItem\":{\"@type\":\"ListItem\",\"@id\":\"https:\\\/\\\/www.eldigitaldeasturias.com\\\/noticias\\\/category\\\/actualidad\\\/#listItem\",\"name\":\"Actualidad\"}},{\"@type\":\"ListItem\",\"@id\":\"https:\\\/\\\/www.eldigitaldeasturias.com\\\/noticias\\\/category\\\/actualidad\\\/#listItem\",\"position\":2,\"name\":\"Actualidad\",\"item\":\"https:\\\/\\\/www.eldigitaldeasturias.com\\\/noticias\\\/category\\\/actualidad\\\/\",\"nextItem\":{\"@type\":\"ListItem\",\"@id\":\"https:\\\/\\\/www.eldigitaldeasturias.com\\\/noticias\\\/lula-da-silva-la-caida-de-un-mito-de-la-izquierda-latinoamericana\\\/#listItem\",\"name\":\"Lula da Silva, la ca\\u00edda de un mito de la izquierda latinoamericana\"},\"previousItem\":{\"@type\":\"ListItem\",\"@id\":\"https:\\\/\\\/www.eldigitaldeasturias.com\\\/noticias#listItem\",\"name\":\"Home\"}},{\"@type\":\"ListItem\",\"@id\":\"https:\\\/\\\/www.eldigitaldeasturias.com\\\/noticias\\\/lula-da-silva-la-caida-de-un-mito-de-la-izquierda-latinoamericana\\\/#listItem\",\"position\":3,\"name\":\"Lula da Silva, la ca\\u00edda de un mito de la izquierda latinoamericana\",\"previousItem\":{\"@type\":\"ListItem\",\"@id\":\"https:\\\/\\\/www.eldigitaldeasturias.com\\\/noticias\\\/category\\\/actualidad\\\/#listItem\",\"name\":\"Actualidad\"}}]},{\"@type\":\"Organization\",\"@id\":\"https:\\\/\\\/www.eldigitaldeasturias.com\\\/noticias\\\/#organization\",\"name\":\"El Digital de Asturias\",\"description\":\"Hemeroteca\",\"url\":\"https:\\\/\\\/www.eldigitaldeasturias.com\\\/noticias\\\/\",\"email\":\"info@eldigitaldeasturias.com\",\"telephone\":\"+34652131393\",\"logo\":{\"@type\":\"ImageObject\",\"url\":\"https:\\\/\\\/www.eldigitaldeasturias.com\\\/noticias\\\/wp-content\\\/uploads\\\/2020\\\/12\\\/EDA.jpg\",\"@id\":\"https:\\\/\\\/www.eldigitaldeasturias.com\\\/noticias\\\/lula-da-silva-la-caida-de-un-mito-de-la-izquierda-latinoamericana\\\/#organizationLogo\"},\"image\":{\"@id\":\"https:\\\/\\\/www.eldigitaldeasturias.com\\\/noticias\\\/lula-da-silva-la-caida-de-un-mito-de-la-izquierda-latinoamericana\\\/#organizationLogo\"},\"sameAs\":[\"https:\\\/\\\/facebook.com\\\/eldigitaldeasturias\",\"https:\\\/\\\/www.youtube.com\\\/channel\\\/UCZP-2wLEB9Rv6erhFmqVnvg\"],\"address\":{\"@id\":\"https:\\\/\\\/www.eldigitaldeasturias.com\\\/noticias\\\/#postaladdress\",\"@type\":\"PostalAddress\",\"streetAddress\":\"san antonio 4\",\"postalCode\":\"33430\",\"addressLocality\":\"Cand\\u00e1s\",\"addressRegion\":\"Asturias\",\"addressCountry\":\"ES\"}},{\"@type\":\"Person\",\"@id\":\"https:\\\/\\\/www.eldigitaldeasturias.com\\\/noticias\\\/author\\\/admin\\\/#author\",\"url\":\"https:\\\/\\\/www.eldigitaldeasturias.com\\\/noticias\\\/author\\\/admin\\\/\",\"name\":\"El Digital de Asturias\",\"image\":{\"@type\":\"ImageObject\",\"@id\":\"https:\\\/\\\/www.eldigitaldeasturias.com\\\/noticias\\\/lula-da-silva-la-caida-de-un-mito-de-la-izquierda-latinoamericana\\\/#authorImage\",\"url\":\"https:\\\/\\\/secure.gravatar.com\\\/avatar\\\/df2aeffc32bcd13f8d26072ef8a91b623d677766deac7f97ca815868cd41bf5e?s=96&d=mm&r=g\",\"width\":96,\"height\":96,\"caption\":\"El Digital de Asturias\"}},{\"@type\":\"WebPage\",\"@id\":\"https:\\\/\\\/www.eldigitaldeasturias.com\\\/noticias\\\/lula-da-silva-la-caida-de-un-mito-de-la-izquierda-latinoamericana\\\/#webpage\",\"url\":\"https:\\\/\\\/www.eldigitaldeasturias.com\\\/noticias\\\/lula-da-silva-la-caida-de-un-mito-de-la-izquierda-latinoamericana\\\/\",\"name\":\"Lula da Silva, la ca\\u00edda de un mito de la izquierda latinoamericana - El Digital de Asturias\",\"description\":\"R\\u00edo de Janeiro, 8 abr (dpa) - Lustrabotas, obrero, presidente, estadista de fama mundial y presidiario: el ascenso y la ca\\u00edda del brasile\\u00f1o Luiz In\\u00e1cio Lula da Silva representa una de las m\\u00e1s grandes tragedias pol\\u00edticas de Am\\u00e9rica Latina en las \\u00faltimas d\\u00e9cadas. Lula, de 72 a\\u00f1os, es uno de los mitos de la izquierda\",\"inLanguage\":\"es-ES\",\"isPartOf\":{\"@id\":\"https:\\\/\\\/www.eldigitaldeasturias.com\\\/noticias\\\/#website\"},\"breadcrumb\":{\"@id\":\"https:\\\/\\\/www.eldigitaldeasturias.com\\\/noticias\\\/lula-da-silva-la-caida-de-un-mito-de-la-izquierda-latinoamericana\\\/#breadcrumblist\"},\"author\":{\"@id\":\"https:\\\/\\\/www.eldigitaldeasturias.com\\\/noticias\\\/author\\\/admin\\\/#author\"},\"creator\":{\"@id\":\"https:\\\/\\\/www.eldigitaldeasturias.com\\\/noticias\\\/author\\\/admin\\\/#author\"},\"image\":{\"@type\":\"ImageObject\",\"url\":868078,\"@id\":\"https:\\\/\\\/www.eldigitaldeasturias.com\\\/noticias\\\/lula-da-silva-la-caida-de-un-mito-de-la-izquierda-latinoamericana\\\/#mainImage\"},\"primaryImageOfPage\":{\"@id\":\"https:\\\/\\\/www.eldigitaldeasturias.com\\\/noticias\\\/lula-da-silva-la-caida-de-un-mito-de-la-izquierda-latinoamericana\\\/#mainImage\"},\"datePublished\":\"2018-04-08T19:12:57+02:00\",\"dateModified\":\"2018-04-08T19:12:57+02:00\"},{\"@type\":\"WebSite\",\"@id\":\"https:\\\/\\\/www.eldigitaldeasturias.com\\\/noticias\\\/#website\",\"url\":\"https:\\\/\\\/www.eldigitaldeasturias.com\\\/noticias\\\/\",\"name\":\"El Digital de Asturias - Diario de actualidad y noticias\",\"alternateName\":\"El Digital de Asturias - Diario de actualidad y noticias\",\"description\":\"Hemeroteca\",\"inLanguage\":\"es-ES\",\"publisher\":{\"@id\":\"https:\\\/\\\/www.eldigitaldeasturias.com\\\/noticias\\\/#organization\"}}]}\n\t\t<\/script>\n\t\t<!-- All in One SEO Pro -->\r\n\t\t<title>Lula da Silva, la ca\u00edda de un mito de la izquierda latinoamericana - El Digital de Asturias<\/title>\n\n","aioseo_head_json":{"title":"Lula da Silva, la ca\u00edda de un mito de la izquierda latinoamericana - El Digital de Asturias","description":"R\u00edo de Janeiro, 8 abr (dpa) - Lustrabotas, obrero, presidente, estadista de fama mundial y presidiario: el ascenso y la ca\u00edda del brasile\u00f1o Luiz In\u00e1cio Lula da Silva representa una de las m\u00e1s grandes tragedias pol\u00edticas de Am\u00e9rica Latina en las \u00faltimas d\u00e9cadas. Lula, de 72 a\u00f1os, es uno de los mitos de la izquierda","canonical_url":"https:\/\/www.eldigitaldeasturias.com\/noticias\/lula-da-silva-la-caida-de-un-mito-de-la-izquierda-latinoamericana\/","robots":"max-image-preview:large","keywords":"actualidad","webmasterTools":{"google-site-verification":"UA-38556648-1","msvalidate.01":"7dfe9f3f1b24437ab69f4f2559babe99","miscellaneous":""},"schema":{"@context":"https:\/\/schema.org","@graph":[{"@type":"BlogPosting","@id":"https:\/\/www.eldigitaldeasturias.com\/noticias\/lula-da-silva-la-caida-de-un-mito-de-la-izquierda-latinoamericana\/#blogposting","name":"Lula da Silva, la ca\u00edda de un mito de la izquierda latinoamericana - El Digital de Asturias","headline":"Lula da Silva, la ca\u00edda de un mito de la izquierda latinoamericana","author":{"@id":"https:\/\/www.eldigitaldeasturias.com\/noticias\/author\/admin\/#author"},"publisher":{"@id":"https:\/\/www.eldigitaldeasturias.com\/noticias\/#organization"},"image":{"@type":"ImageObject","url":868078},"datePublished":"2018-04-08T19:12:57+02:00","dateModified":"2018-04-08T19:12:57+02:00","inLanguage":"es-ES","mainEntityOfPage":{"@id":"https:\/\/www.eldigitaldeasturias.com\/noticias\/lula-da-silva-la-caida-de-un-mito-de-la-izquierda-latinoamericana\/#webpage"},"isPartOf":{"@id":"https:\/\/www.eldigitaldeasturias.com\/noticias\/lula-da-silva-la-caida-de-un-mito-de-la-izquierda-latinoamericana\/#webpage"},"articleSection":"Actualidad"},{"@type":"BreadcrumbList","@id":"https:\/\/www.eldigitaldeasturias.com\/noticias\/lula-da-silva-la-caida-de-un-mito-de-la-izquierda-latinoamericana\/#breadcrumblist","itemListElement":[{"@type":"ListItem","@id":"https:\/\/www.eldigitaldeasturias.com\/noticias#listItem","position":1,"name":"Home","item":"https:\/\/www.eldigitaldeasturias.com\/noticias","nextItem":{"@type":"ListItem","@id":"https:\/\/www.eldigitaldeasturias.com\/noticias\/category\/actualidad\/#listItem","name":"Actualidad"}},{"@type":"ListItem","@id":"https:\/\/www.eldigitaldeasturias.com\/noticias\/category\/actualidad\/#listItem","position":2,"name":"Actualidad","item":"https:\/\/www.eldigitaldeasturias.com\/noticias\/category\/actualidad\/","nextItem":{"@type":"ListItem","@id":"https:\/\/www.eldigitaldeasturias.com\/noticias\/lula-da-silva-la-caida-de-un-mito-de-la-izquierda-latinoamericana\/#listItem","name":"Lula da Silva, la ca\u00edda de un mito de la izquierda latinoamericana"},"previousItem":{"@type":"ListItem","@id":"https:\/\/www.eldigitaldeasturias.com\/noticias#listItem","name":"Home"}},{"@type":"ListItem","@id":"https:\/\/www.eldigitaldeasturias.com\/noticias\/lula-da-silva-la-caida-de-un-mito-de-la-izquierda-latinoamericana\/#listItem","position":3,"name":"Lula da Silva, la ca\u00edda de un mito de la izquierda latinoamericana","previousItem":{"@type":"ListItem","@id":"https:\/\/www.eldigitaldeasturias.com\/noticias\/category\/actualidad\/#listItem","name":"Actualidad"}}]},{"@type":"Organization","@id":"https:\/\/www.eldigitaldeasturias.com\/noticias\/#organization","name":"El Digital de Asturias","description":"Hemeroteca","url":"https:\/\/www.eldigitaldeasturias.com\/noticias\/","email":"info@eldigitaldeasturias.com","telephone":"+34652131393","logo":{"@type":"ImageObject","url":"https:\/\/www.eldigitaldeasturias.com\/noticias\/wp-content\/uploads\/2020\/12\/EDA.jpg","@id":"https:\/\/www.eldigitaldeasturias.com\/noticias\/lula-da-silva-la-caida-de-un-mito-de-la-izquierda-latinoamericana\/#organizationLogo"},"image":{"@id":"https:\/\/www.eldigitaldeasturias.com\/noticias\/lula-da-silva-la-caida-de-un-mito-de-la-izquierda-latinoamericana\/#organizationLogo"},"sameAs":["https:\/\/facebook.com\/eldigitaldeasturias","https:\/\/www.youtube.com\/channel\/UCZP-2wLEB9Rv6erhFmqVnvg"],"address":{"@id":"https:\/\/www.eldigitaldeasturias.com\/noticias\/#postaladdress","@type":"PostalAddress","streetAddress":"san antonio 4","postalCode":"33430","addressLocality":"Cand\u00e1s","addressRegion":"Asturias","addressCountry":"ES"}},{"@type":"Person","@id":"https:\/\/www.eldigitaldeasturias.com\/noticias\/author\/admin\/#author","url":"https:\/\/www.eldigitaldeasturias.com\/noticias\/author\/admin\/","name":"El Digital de Asturias","image":{"@type":"ImageObject","@id":"https:\/\/www.eldigitaldeasturias.com\/noticias\/lula-da-silva-la-caida-de-un-mito-de-la-izquierda-latinoamericana\/#authorImage","url":"https:\/\/secure.gravatar.com\/avatar\/df2aeffc32bcd13f8d26072ef8a91b623d677766deac7f97ca815868cd41bf5e?s=96&d=mm&r=g","width":96,"height":96,"caption":"El Digital de Asturias"}},{"@type":"WebPage","@id":"https:\/\/www.eldigitaldeasturias.com\/noticias\/lula-da-silva-la-caida-de-un-mito-de-la-izquierda-latinoamericana\/#webpage","url":"https:\/\/www.eldigitaldeasturias.com\/noticias\/lula-da-silva-la-caida-de-un-mito-de-la-izquierda-latinoamericana\/","name":"Lula da Silva, la ca\u00edda de un mito de la izquierda latinoamericana - El Digital de Asturias","description":"R\u00edo de Janeiro, 8 abr (dpa) - Lustrabotas, obrero, presidente, estadista de fama mundial y presidiario: el ascenso y la ca\u00edda del brasile\u00f1o Luiz In\u00e1cio Lula da Silva representa una de las m\u00e1s grandes tragedias pol\u00edticas de Am\u00e9rica Latina en las \u00faltimas d\u00e9cadas. Lula, de 72 a\u00f1os, es uno de los mitos de la izquierda","inLanguage":"es-ES","isPartOf":{"@id":"https:\/\/www.eldigitaldeasturias.com\/noticias\/#website"},"breadcrumb":{"@id":"https:\/\/www.eldigitaldeasturias.com\/noticias\/lula-da-silva-la-caida-de-un-mito-de-la-izquierda-latinoamericana\/#breadcrumblist"},"author":{"@id":"https:\/\/www.eldigitaldeasturias.com\/noticias\/author\/admin\/#author"},"creator":{"@id":"https:\/\/www.eldigitaldeasturias.com\/noticias\/author\/admin\/#author"},"image":{"@type":"ImageObject","url":868078,"@id":"https:\/\/www.eldigitaldeasturias.com\/noticias\/lula-da-silva-la-caida-de-un-mito-de-la-izquierda-latinoamericana\/#mainImage"},"primaryImageOfPage":{"@id":"https:\/\/www.eldigitaldeasturias.com\/noticias\/lula-da-silva-la-caida-de-un-mito-de-la-izquierda-latinoamericana\/#mainImage"},"datePublished":"2018-04-08T19:12:57+02:00","dateModified":"2018-04-08T19:12:57+02:00"},{"@type":"WebSite","@id":"https:\/\/www.eldigitaldeasturias.com\/noticias\/#website","url":"https:\/\/www.eldigitaldeasturias.com\/noticias\/","name":"El Digital de Asturias - Diario de actualidad y noticias","alternateName":"El Digital de Asturias - Diario de actualidad y noticias","description":"Hemeroteca","inLanguage":"es-ES","publisher":{"@id":"https:\/\/www.eldigitaldeasturias.com\/noticias\/#organization"}}]},"og:locale":"es_ES","og:site_name":"El Digital de Asturias","og:type":"article","og:title":"Lula da Silva, la ca\u00edda de un mito de la izquierda latinoamericana - El Digital de Asturias","og:description":"R\u00edo de Janeiro, 8 abr (dpa) - Lustrabotas, obrero, presidente, estadista de fama mundial y presidiario: el ascenso y la ca\u00edda del brasile\u00f1o Luiz In\u00e1cio Lula da Silva representa una de las m\u00e1s grandes tragedias pol\u00edticas de Am\u00e9rica Latina en las \u00faltimas d\u00e9cadas. Lula, de 72 a\u00f1os, es uno de los mitos de la izquierda","og:url":"https:\/\/www.eldigitaldeasturias.com\/noticias\/lula-da-silva-la-caida-de-un-mito-de-la-izquierda-latinoamericana\/","article:tag":["actualidad"],"article:published_time":"2018-04-08T19:12:57+00:00","article:modified_time":"2018-04-08T19:12:57+00:00","article:publisher":"https:\/\/facebook.com\/eldigitaldeasturias","twitter:card":"summary_large_image","twitter:title":"Lula da Silva, la ca\u00edda de un mito de la izquierda latinoamericana - El Digital de Asturias","twitter:description":"R\u00edo de Janeiro, 8 abr (dpa) - Lustrabotas, obrero, presidente, estadista de fama mundial y presidiario: el ascenso y la ca\u00edda del brasile\u00f1o Luiz In\u00e1cio Lula da Silva representa una de las m\u00e1s grandes tragedias pol\u00edticas de Am\u00e9rica Latina en las \u00faltimas d\u00e9cadas. Lula, de 72 a\u00f1os, es uno de los mitos de la izquierda","twitter:image":"https:\/\/www.eldigitaldeasturias.com\/noticias\/wp-content\/uploads\/2020\/12\/EDA-1.jpg","twitter:label1":"Escrito por","twitter:data1":"El Digital de Asturias","twitter:label2":"Tiempo de lectura estimado","twitter:data2":"5 minutos"},"aioseo_meta_data":{"post_id":"975308","title":null,"description":null,"keywords":null,"keyphrases":null,"primary_term":null,"canonical_url":null,"og_title":null,"og_description":null,"og_object_type":"default","og_image_type":"default","og_image_url":null,"og_image_width":null,"og_image_height":null,"og_image_custom_url":null,"og_image_custom_fields":null,"og_video":null,"og_custom_url":null,"og_article_section":null,"og_article_tags":null,"twitter_use_og":false,"twitter_card":"default","twitter_image_type":"default","twitter_image_url":null,"twitter_image_custom_url":null,"twitter_image_custom_fields":null,"twitter_title":null,"twitter_description":null,"schema":{"blockGraphs":[],"customGraphs":[],"default":{"data":{"Article":[],"Course":[],"Dataset":[],"FAQPage":[],"Movie":[],"Person":[],"Product":[],"ProductReview":[],"Car":[],"Recipe":[],"Service":[],"SoftwareApplication":[],"WebPage":[]},"graphName":"","isEnabled":true},"graphs":[],"defaultGraph":"","defaultPostTypeGraph":""},"schema_type":null,"schema_type_options":null,"pillar_content":false,"robots_default":true,"robots_noindex":false,"robots_noarchive":false,"robots_nosnippet":false,"robots_nofollow":false,"robots_noimageindex":false,"robots_noodp":false,"robots_notranslate":false,"robots_max_snippet":null,"robots_max_videopreview":null,"robots_max_imagepreview":"large","priority":null,"frequency":null,"local_seo":null,"seo_analyzer_scan_date":"2025-10-07 23:26:04","breadcrumb_settings":null,"limit_modified_date":false,"open_ai":null,"ai":null,"created":"2020-12-21 11:32:04","updated":"2025-10-07 23:26:04","focus_keyword":null,"additional_keywords":null,"truseo_locale":null},"aioseo_breadcrumb":"<div class=\"aioseo-breadcrumbs\"><span class=\"aioseo-breadcrumb\">\n\t<a href=\"https:\/\/www.eldigitaldeasturias.com\/noticias\" title=\"Home\">Home<\/a>\n<\/span><span class=\"aioseo-breadcrumb-separator\">\u2013<\/span><span class=\"aioseo-breadcrumb\">\n\t<a href=\"https:\/\/www.eldigitaldeasturias.com\/noticias\/category\/actualidad\/\" title=\"Actualidad\">Actualidad<\/a>\n<\/span><span class=\"aioseo-breadcrumb-separator\">\u2013<\/span><span class=\"aioseo-breadcrumb\">\n\t<a href=\"https:\/\/www.eldigitaldeasturias.com\/noticias\/lula-da-silva-la-caida-de-un-mito-de-la-izquierda-latinoamericana\/\" title=\"Lula da Silva, la ca\u00edda de un mito de la izquierda latinoamericana\">Lula da Silva, la ca\u00edda de un mito de la izquierda latinoamericana<\/a>\n<\/span><\/div>","aioseo_breadcrumb_json":[{"label":"Home","link":"https:\/\/www.eldigitaldeasturias.com\/noticias"},{"label":"Actualidad","link":"https:\/\/www.eldigitaldeasturias.com\/noticias\/category\/actualidad\/"},{"label":"Lula da Silva, la ca\u00edda de un mito de la izquierda latinoamericana","link":"https:\/\/www.eldigitaldeasturias.com\/noticias\/lula-da-silva-la-caida-de-un-mito-de-la-izquierda-latinoamericana\/"}],"_links":{"self":[{"href":"https:\/\/www.eldigitaldeasturias.com\/noticias\/wp-json\/wp\/v2\/posts\/975308","targetHints":{"allow":["GET"]}}],"collection":[{"href":"https:\/\/www.eldigitaldeasturias.com\/noticias\/wp-json\/wp\/v2\/posts"}],"about":[{"href":"https:\/\/www.eldigitaldeasturias.com\/noticias\/wp-json\/wp\/v2\/types\/post"}],"author":[{"embeddable":true,"href":"https:\/\/www.eldigitaldeasturias.com\/noticias\/wp-json\/wp\/v2\/users\/1"}],"replies":[{"embeddable":true,"href":"https:\/\/www.eldigitaldeasturias.com\/noticias\/wp-json\/wp\/v2\/comments?post=975308"}],"version-history":[{"count":0,"href":"https:\/\/www.eldigitaldeasturias.com\/noticias\/wp-json\/wp\/v2\/posts\/975308\/revisions"}],"wp:attachment":[{"href":"https:\/\/www.eldigitaldeasturias.com\/noticias\/wp-json\/wp\/v2\/media?parent=975308"}],"wp:term":[{"taxonomy":"category","embeddable":true,"href":"https:\/\/www.eldigitaldeasturias.com\/noticias\/wp-json\/wp\/v2\/categories?post=975308"},{"taxonomy":"post_tag","embeddable":true,"href":"https:\/\/www.eldigitaldeasturias.com\/noticias\/wp-json\/wp\/v2\/tags?post=975308"}],"curies":[{"name":"wp","href":"https:\/\/api.w.org\/{rel}","templated":true}]}}