{"id":975298,"date":"2018-04-08T16:53:46","date_gmt":"2018-04-08T16:53:46","guid":{"rendered":"http:\/\/www.eldigitaldeasturias.com\/noticias\/?p=975298"},"modified":"2018-04-08T16:53:46","modified_gmt":"2018-04-08T16:53:46","slug":"la-merp-monta-mesas-de-recogida-de-firmas-en-mas-de-400-poblaciones","status":"publish","type":"post","link":"https:\/\/www.eldigitaldeasturias.com\/noticias\/la-merp-monta-mesas-de-recogida-de-firmas-en-mas-de-400-poblaciones\/","title":{"rendered":"La MERP monta mesas de recogida de firmas en m\u00e1s de 400 poblaciones"},"content":{"rendered":"<p>El pr\u00f3ximo lunes 9 de abril, a las 11 de la ma\u00f1ana en la Plaza Callao, la Mesa Estatal por el Blindaje de las Pensiones (MERP) dar\u00e1 una rueda de prensa presentando las tres jornadas (9, 10 y 11 de abril) en las que se desplegar\u00e1n mesas de recogida de firmas en m\u00e1s de 400 poblaciones de todo el pa\u00eds, en las 17 comunidades aut\u00f3nomas<\/p>\n<p><img loading=\"lazy\" decoding=\"async\" class=\"aligncenter size-large wp-image-975299\" src=\"https:\/\/www.eldigitaldeasturias.com\/noticias\/wp-content\/uploads\/2018\/04\/MERP-mesas-650x460.jpg\" alt=\"\" width=\"650\" height=\"460\" \/><\/p>\n<p>En la rueda de prensa participar\u00e1n personalidades y representantes de organizaciones firmantes del manifiesto que la MERP public\u00f3 en la prensa el pasado 14 de marzo y que participaron en la manifestaci\u00f3n que reuni\u00f3n a m\u00e1s de 20 mil personas en Madrid el s\u00e1bado 17 de marzo. Entre ellos estar\u00e1 los directores Fernando Colomo, Agust\u00edn D\u00eda Yanes, Joaqu\u00edn Oristrell, Miguel Hermoso y Ferm\u00edn Cabal, las actrices Mar\u00eda Botto y Julieta Serrano, Rafael Matesanz, el fundador y exdirector de la Organiaci\u00f3n Nacional de Transplantes, el escritor Manuel Rico.<\/p>\n<p>Tras la rueda de prensa, personalidades y representantes recoger\u00e1n firmas entre los madrile\u00f1os en la Plaza Callao acto de inauguraci\u00f3n del marat\u00f3n de recogida de firmas que la plataforma va a desplegar en tres d\u00edas.<\/p>\n<p>Adem\u00e1s, en otras ciudades, como M\u00e1laga, Granada, Sevilla y Barcelona, participan tambi\u00e9n los escritores Antonio Orejudo, Juan Madrid, el economista Juan Torres, el dramaturgo Salvador T\u00e1vora, el exfiscal Anticorrupci\u00f3n Carlos Jim\u00e9nez Villarejo, el poeta Jos\u00e9 Corredor o el dise\u00f1ador Javier Mariscal.<\/p>\n<p>Las mesas de las diferentes organizaciones de la MERP estar\u00e1n presentes en las 52 provincias. Adem\u00e1s, la plataforma ha organizado para el martes, dos mesas, en Zaragoza y en Valencia, que estar\u00e1n protagonizadas, cada una de ellas, por entre 20 y 25 j\u00f3venes de menos de 25 a\u00f1os. Dos mesas representativas de los pensionistas del futuro y de todos los institutos y facultades en los que se va a recoger firmas en estos tres d\u00edas.<\/p>\n<p>La recogida de firmas se extiende tambi\u00e9n al mundo del trabajo, con mesas de firmas en decenas de importantes empresas, f\u00e1bricas e instituciones que se sumar\u00e1n a la recogida de firmas y que se anunciar\u00e1n en la rueda de prensa del lunes.<\/p>\n<p>Una de las principales se\u00f1as de identidad de la MERP, su pluralidad, se ver\u00e1 en los diferentes tipos de organizaciones que participar\u00e1n en la recogida de firmas de las 250 que forman parte de la plataforma, desde el sindicato de Las Kellys, la Uni\u00f3n Sindical Obrera, o los Estibadores en varias ciudades y multitud de empresas, PACMA, Recortes Cero, la Juventud Obrera Cristiana, Coalici\u00f3n de Centro Democr\u00e1tico en municipios de varias provincias, o la mesa que montar\u00e1n en la Plaza Lavapi\u00e9s la Fundaci\u00f3n 26 de Diciembre, la plataforma que representa a los jubilados y pensionistas del movimiento LGTBI.<\/p>\n","protected":false},"excerpt":{"rendered":"<p>El pr\u00f3ximo lunes 9 de abril, a las 11 de la ma\u00f1ana en la Plaza Callao, la Mesa Estatal por el Blindaje de las Pensiones (MERP) dar\u00e1 una rueda de prensa presentando las tres jornadas (9, 10 y 11 de abril) en las que se desplegar\u00e1n mesas de recogida de firmas en m\u00e1s de 400 [&hellip;]<\/p>\n","protected":false},"author":1,"featured_media":964473,"comment_status":"closed","ping_status":"closed","sticky":false,"template":"","format":"standard","meta":{"footnotes":""},"categories":[1],"tags":[],"class_list":["post-975298","post","type-post","status-publish","format-standard","has-post-thumbnail","hentry","category-actualidad"],"aioseo_notices":[],"aioseo_head":"\n\t\t<!-- All in One SEO Pro 5.0.1 - aioseo.com -->\n\t<meta name=\"description\" content=\"El pr\u00f3ximo lunes 9 de abril, a las 11 de la ma\u00f1ana en la Plaza Callao, la Mesa Estatal por el Blindaje de las Pensiones (MERP) dar\u00e1 una rueda de prensa presentando las tres jornadas (9, 10 y 11 de abril) en las que se desplegar\u00e1n mesas de recogida de firmas en m\u00e1s de 400\" \/>\n\t<meta name=\"robots\" content=\"max-image-preview:large\" \/>\n\t<meta name=\"author\" content=\"El Digital de Asturias\"\/>\n\t<meta name=\"google-site-verification\" content=\"UA-38556648-1\" \/>\n\t<meta name=\"msvalidate.01\" content=\"7dfe9f3f1b24437ab69f4f2559babe99\" \/>\n\t<meta name=\"keywords\" content=\"actualidad\" \/>\n\t<link rel=\"canonical\" href=\"https:\/\/www.eldigitaldeasturias.com\/noticias\/la-merp-monta-mesas-de-recogida-de-firmas-en-mas-de-400-poblaciones\/\" \/>\n\t<meta name=\"generator\" content=\"All in One SEO Pro (AIOSEO) 5.0.1\" \/>\n\t\t<meta property=\"og:locale\" content=\"es_ES\" \/>\n\t\t<meta property=\"og:site_name\" content=\"El Digital de Asturias\" \/>\n\t\t<meta property=\"og:type\" content=\"article\" \/>\n\t\t<meta property=\"og:title\" content=\"La MERP monta mesas de recogida de firmas en m\u00e1s de 400 poblaciones - El Digital de Asturias\" \/>\n\t\t<meta property=\"og:description\" content=\"El pr\u00f3ximo lunes 9 de abril, a las 11 de la ma\u00f1ana en la Plaza Callao, la Mesa Estatal por el Blindaje de las Pensiones (MERP) dar\u00e1 una rueda de prensa presentando las tres jornadas (9, 10 y 11 de abril) en las que se desplegar\u00e1n mesas de recogida de firmas en m\u00e1s de 400\" \/>\n\t\t<meta property=\"og:url\" content=\"https:\/\/www.eldigitaldeasturias.com\/noticias\/la-merp-monta-mesas-de-recogida-de-firmas-en-mas-de-400-poblaciones\/\" \/>\n\t\t<meta property=\"article:tag\" content=\"actualidad\" \/>\n\t\t<meta property=\"article:published_time\" content=\"2018-04-08T16:53:46+00:00\" \/>\n\t\t<meta property=\"article:modified_time\" content=\"2018-04-08T16:53:46+00:00\" \/>\n\t\t<meta property=\"article:publisher\" content=\"https:\/\/facebook.com\/eldigitaldeasturias\" \/>\n\t\t<meta name=\"twitter:card\" content=\"summary_large_image\" \/>\n\t\t<meta name=\"twitter:title\" content=\"La MERP monta mesas de recogida de firmas en m\u00e1s de 400 poblaciones - El Digital de Asturias\" \/>\n\t\t<meta name=\"twitter:description\" content=\"El pr\u00f3ximo lunes 9 de abril, a las 11 de la ma\u00f1ana en la Plaza Callao, la Mesa Estatal por el Blindaje de las Pensiones (MERP) dar\u00e1 una rueda de prensa presentando las tres jornadas (9, 10 y 11 de abril) en las que se desplegar\u00e1n mesas de recogida de firmas en m\u00e1s de 400\" \/>\n\t\t<meta name=\"twitter:image\" content=\"https:\/\/www.eldigitaldeasturias.com\/noticias\/wp-content\/uploads\/2020\/12\/EDA-1.jpg\" \/>\n\t\t<meta name=\"twitter:label1\" content=\"Escrito por\" \/>\n\t\t<meta name=\"twitter:data1\" content=\"El Digital de Asturias\" \/>\n\t\t<meta name=\"twitter:label2\" content=\"Tiempo de lectura estimado\" \/>\n\t\t<meta name=\"twitter:data2\" content=\"2 minutos\" \/>\n\t\t<script type=\"application\/ld+json\" class=\"aioseo-schema\">\n\t\t\t{\"@context\":\"https:\\\/\\\/schema.org\",\"@graph\":[{\"@type\":\"BlogPosting\",\"@id\":\"https:\\\/\\\/www.eldigitaldeasturias.com\\\/noticias\\\/la-merp-monta-mesas-de-recogida-de-firmas-en-mas-de-400-poblaciones\\\/#blogposting\",\"name\":\"La MERP monta mesas de recogida de firmas en m\\u00e1s de 400 poblaciones - El Digital de Asturias\",\"headline\":\"La MERP monta mesas de recogida de firmas en m\\u00e1s de 400 poblaciones\",\"author\":{\"@id\":\"https:\\\/\\\/www.eldigitaldeasturias.com\\\/noticias\\\/author\\\/admin\\\/#author\"},\"publisher\":{\"@id\":\"https:\\\/\\\/www.eldigitaldeasturias.com\\\/noticias\\\/#organization\"},\"image\":{\"@type\":\"ImageObject\",\"url\":964473},\"datePublished\":\"2018-04-08T16:53:46+02:00\",\"dateModified\":\"2018-04-08T16:53:46+02:00\",\"inLanguage\":\"es-ES\",\"mainEntityOfPage\":{\"@id\":\"https:\\\/\\\/www.eldigitaldeasturias.com\\\/noticias\\\/la-merp-monta-mesas-de-recogida-de-firmas-en-mas-de-400-poblaciones\\\/#webpage\"},\"isPartOf\":{\"@id\":\"https:\\\/\\\/www.eldigitaldeasturias.com\\\/noticias\\\/la-merp-monta-mesas-de-recogida-de-firmas-en-mas-de-400-poblaciones\\\/#webpage\"},\"articleSection\":\"Actualidad\"},{\"@type\":\"BreadcrumbList\",\"@id\":\"https:\\\/\\\/www.eldigitaldeasturias.com\\\/noticias\\\/la-merp-monta-mesas-de-recogida-de-firmas-en-mas-de-400-poblaciones\\\/#breadcrumblist\",\"itemListElement\":[{\"@type\":\"ListItem\",\"@id\":\"https:\\\/\\\/www.eldigitaldeasturias.com\\\/noticias#listItem\",\"position\":1,\"name\":\"Home\",\"item\":\"https:\\\/\\\/www.eldigitaldeasturias.com\\\/noticias\",\"nextItem\":{\"@type\":\"ListItem\",\"@id\":\"https:\\\/\\\/www.eldigitaldeasturias.com\\\/noticias\\\/category\\\/actualidad\\\/#listItem\",\"name\":\"Actualidad\"}},{\"@type\":\"ListItem\",\"@id\":\"https:\\\/\\\/www.eldigitaldeasturias.com\\\/noticias\\\/category\\\/actualidad\\\/#listItem\",\"position\":2,\"name\":\"Actualidad\",\"item\":\"https:\\\/\\\/www.eldigitaldeasturias.com\\\/noticias\\\/category\\\/actualidad\\\/\",\"nextItem\":{\"@type\":\"ListItem\",\"@id\":\"https:\\\/\\\/www.eldigitaldeasturias.com\\\/noticias\\\/la-merp-monta-mesas-de-recogida-de-firmas-en-mas-de-400-poblaciones\\\/#listItem\",\"name\":\"La MERP monta mesas de recogida de firmas en m\\u00e1s de 400 poblaciones\"},\"previousItem\":{\"@type\":\"ListItem\",\"@id\":\"https:\\\/\\\/www.eldigitaldeasturias.com\\\/noticias#listItem\",\"name\":\"Home\"}},{\"@type\":\"ListItem\",\"@id\":\"https:\\\/\\\/www.eldigitaldeasturias.com\\\/noticias\\\/la-merp-monta-mesas-de-recogida-de-firmas-en-mas-de-400-poblaciones\\\/#listItem\",\"position\":3,\"name\":\"La MERP monta mesas de recogida de firmas en m\\u00e1s de 400 poblaciones\",\"previousItem\":{\"@type\":\"ListItem\",\"@id\":\"https:\\\/\\\/www.eldigitaldeasturias.com\\\/noticias\\\/category\\\/actualidad\\\/#listItem\",\"name\":\"Actualidad\"}}]},{\"@type\":\"Organization\",\"@id\":\"https:\\\/\\\/www.eldigitaldeasturias.com\\\/noticias\\\/#organization\",\"name\":\"El Digital de Asturias\",\"description\":\"Hemeroteca\",\"url\":\"https:\\\/\\\/www.eldigitaldeasturias.com\\\/noticias\\\/\",\"email\":\"info@eldigitaldeasturias.com\",\"telephone\":\"+34652131393\",\"logo\":{\"@type\":\"ImageObject\",\"url\":\"https:\\\/\\\/www.eldigitaldeasturias.com\\\/noticias\\\/wp-content\\\/uploads\\\/2020\\\/12\\\/EDA.jpg\",\"@id\":\"https:\\\/\\\/www.eldigitaldeasturias.com\\\/noticias\\\/la-merp-monta-mesas-de-recogida-de-firmas-en-mas-de-400-poblaciones\\\/#organizationLogo\"},\"image\":{\"@id\":\"https:\\\/\\\/www.eldigitaldeasturias.com\\\/noticias\\\/la-merp-monta-mesas-de-recogida-de-firmas-en-mas-de-400-poblaciones\\\/#organizationLogo\"},\"sameAs\":[\"https:\\\/\\\/facebook.com\\\/eldigitaldeasturias\",\"https:\\\/\\\/www.youtube.com\\\/channel\\\/UCZP-2wLEB9Rv6erhFmqVnvg\"],\"address\":{\"@id\":\"https:\\\/\\\/www.eldigitaldeasturias.com\\\/noticias\\\/#postaladdress\",\"@type\":\"PostalAddress\",\"streetAddress\":\"san antonio 4\",\"postalCode\":\"33430\",\"addressLocality\":\"Cand\\u00e1s\",\"addressRegion\":\"Asturias\",\"addressCountry\":\"ES\"}},{\"@type\":\"Person\",\"@id\":\"https:\\\/\\\/www.eldigitaldeasturias.com\\\/noticias\\\/author\\\/admin\\\/#author\",\"url\":\"https:\\\/\\\/www.eldigitaldeasturias.com\\\/noticias\\\/author\\\/admin\\\/\",\"name\":\"El Digital de Asturias\",\"image\":{\"@type\":\"ImageObject\",\"@id\":\"https:\\\/\\\/www.eldigitaldeasturias.com\\\/noticias\\\/la-merp-monta-mesas-de-recogida-de-firmas-en-mas-de-400-poblaciones\\\/#authorImage\",\"url\":\"https:\\\/\\\/secure.gravatar.com\\\/avatar\\\/df2aeffc32bcd13f8d26072ef8a91b623d677766deac7f97ca815868cd41bf5e?s=96&d=mm&r=g\",\"width\":96,\"height\":96,\"caption\":\"El Digital de Asturias\"}},{\"@type\":\"WebPage\",\"@id\":\"https:\\\/\\\/www.eldigitaldeasturias.com\\\/noticias\\\/la-merp-monta-mesas-de-recogida-de-firmas-en-mas-de-400-poblaciones\\\/#webpage\",\"url\":\"https:\\\/\\\/www.eldigitaldeasturias.com\\\/noticias\\\/la-merp-monta-mesas-de-recogida-de-firmas-en-mas-de-400-poblaciones\\\/\",\"name\":\"La MERP monta mesas de recogida de firmas en m\\u00e1s de 400 poblaciones - El Digital de Asturias\",\"description\":\"El pr\\u00f3ximo lunes 9 de abril, a las 11 de la ma\\u00f1ana en la Plaza Callao, la Mesa Estatal por el Blindaje de las Pensiones (MERP) dar\\u00e1 una rueda de prensa presentando las tres jornadas (9, 10 y 11 de abril) en las que se desplegar\\u00e1n mesas de recogida de firmas en m\\u00e1s de 400\",\"inLanguage\":\"es-ES\",\"isPartOf\":{\"@id\":\"https:\\\/\\\/www.eldigitaldeasturias.com\\\/noticias\\\/#website\"},\"breadcrumb\":{\"@id\":\"https:\\\/\\\/www.eldigitaldeasturias.com\\\/noticias\\\/la-merp-monta-mesas-de-recogida-de-firmas-en-mas-de-400-poblaciones\\\/#breadcrumblist\"},\"author\":{\"@id\":\"https:\\\/\\\/www.eldigitaldeasturias.com\\\/noticias\\\/author\\\/admin\\\/#author\"},\"creator\":{\"@id\":\"https:\\\/\\\/www.eldigitaldeasturias.com\\\/noticias\\\/author\\\/admin\\\/#author\"},\"image\":{\"@type\":\"ImageObject\",\"url\":964473,\"@id\":\"https:\\\/\\\/www.eldigitaldeasturias.com\\\/noticias\\\/la-merp-monta-mesas-de-recogida-de-firmas-en-mas-de-400-poblaciones\\\/#mainImage\"},\"primaryImageOfPage\":{\"@id\":\"https:\\\/\\\/www.eldigitaldeasturias.com\\\/noticias\\\/la-merp-monta-mesas-de-recogida-de-firmas-en-mas-de-400-poblaciones\\\/#mainImage\"},\"datePublished\":\"2018-04-08T16:53:46+02:00\",\"dateModified\":\"2018-04-08T16:53:46+02:00\"},{\"@type\":\"WebSite\",\"@id\":\"https:\\\/\\\/www.eldigitaldeasturias.com\\\/noticias\\\/#website\",\"url\":\"https:\\\/\\\/www.eldigitaldeasturias.com\\\/noticias\\\/\",\"name\":\"El Digital de Asturias - Diario de actualidad y noticias\",\"alternateName\":\"El Digital de Asturias - Diario de actualidad y noticias\",\"description\":\"Hemeroteca\",\"inLanguage\":\"es-ES\",\"publisher\":{\"@id\":\"https:\\\/\\\/www.eldigitaldeasturias.com\\\/noticias\\\/#organization\"}}]}\n\t\t<\/script>\n\t\t<!-- All in One SEO Pro -->\r\n\t\t<title>La MERP monta mesas de recogida de firmas en m\u00e1s de 400 poblaciones - El Digital de Asturias<\/title>\n\n","aioseo_head_json":{"title":"La MERP monta mesas de recogida de firmas en m\u00e1s de 400 poblaciones - El Digital de Asturias","description":"El pr\u00f3ximo lunes 9 de abril, a las 11 de la ma\u00f1ana en la Plaza Callao, la Mesa Estatal por el Blindaje de las Pensiones (MERP) dar\u00e1 una rueda de prensa presentando las tres jornadas (9, 10 y 11 de abril) en las que se desplegar\u00e1n mesas de recogida de firmas en m\u00e1s de 400","canonical_url":"https:\/\/www.eldigitaldeasturias.com\/noticias\/la-merp-monta-mesas-de-recogida-de-firmas-en-mas-de-400-poblaciones\/","robots":"max-image-preview:large","keywords":"actualidad","webmasterTools":{"google-site-verification":"UA-38556648-1","msvalidate.01":"7dfe9f3f1b24437ab69f4f2559babe99","miscellaneous":""},"schema":{"@context":"https:\/\/schema.org","@graph":[{"@type":"BlogPosting","@id":"https:\/\/www.eldigitaldeasturias.com\/noticias\/la-merp-monta-mesas-de-recogida-de-firmas-en-mas-de-400-poblaciones\/#blogposting","name":"La MERP monta mesas de recogida de firmas en m\u00e1s de 400 poblaciones - El Digital de Asturias","headline":"La MERP monta mesas de recogida de firmas en m\u00e1s de 400 poblaciones","author":{"@id":"https:\/\/www.eldigitaldeasturias.com\/noticias\/author\/admin\/#author"},"publisher":{"@id":"https:\/\/www.eldigitaldeasturias.com\/noticias\/#organization"},"image":{"@type":"ImageObject","url":964473},"datePublished":"2018-04-08T16:53:46+02:00","dateModified":"2018-04-08T16:53:46+02:00","inLanguage":"es-ES","mainEntityOfPage":{"@id":"https:\/\/www.eldigitaldeasturias.com\/noticias\/la-merp-monta-mesas-de-recogida-de-firmas-en-mas-de-400-poblaciones\/#webpage"},"isPartOf":{"@id":"https:\/\/www.eldigitaldeasturias.com\/noticias\/la-merp-monta-mesas-de-recogida-de-firmas-en-mas-de-400-poblaciones\/#webpage"},"articleSection":"Actualidad"},{"@type":"BreadcrumbList","@id":"https:\/\/www.eldigitaldeasturias.com\/noticias\/la-merp-monta-mesas-de-recogida-de-firmas-en-mas-de-400-poblaciones\/#breadcrumblist","itemListElement":[{"@type":"ListItem","@id":"https:\/\/www.eldigitaldeasturias.com\/noticias#listItem","position":1,"name":"Home","item":"https:\/\/www.eldigitaldeasturias.com\/noticias","nextItem":{"@type":"ListItem","@id":"https:\/\/www.eldigitaldeasturias.com\/noticias\/category\/actualidad\/#listItem","name":"Actualidad"}},{"@type":"ListItem","@id":"https:\/\/www.eldigitaldeasturias.com\/noticias\/category\/actualidad\/#listItem","position":2,"name":"Actualidad","item":"https:\/\/www.eldigitaldeasturias.com\/noticias\/category\/actualidad\/","nextItem":{"@type":"ListItem","@id":"https:\/\/www.eldigitaldeasturias.com\/noticias\/la-merp-monta-mesas-de-recogida-de-firmas-en-mas-de-400-poblaciones\/#listItem","name":"La MERP monta mesas de recogida de firmas en m\u00e1s de 400 poblaciones"},"previousItem":{"@type":"ListItem","@id":"https:\/\/www.eldigitaldeasturias.com\/noticias#listItem","name":"Home"}},{"@type":"ListItem","@id":"https:\/\/www.eldigitaldeasturias.com\/noticias\/la-merp-monta-mesas-de-recogida-de-firmas-en-mas-de-400-poblaciones\/#listItem","position":3,"name":"La MERP monta mesas de recogida de firmas en m\u00e1s de 400 poblaciones","previousItem":{"@type":"ListItem","@id":"https:\/\/www.eldigitaldeasturias.com\/noticias\/category\/actualidad\/#listItem","name":"Actualidad"}}]},{"@type":"Organization","@id":"https:\/\/www.eldigitaldeasturias.com\/noticias\/#organization","name":"El Digital de Asturias","description":"Hemeroteca","url":"https:\/\/www.eldigitaldeasturias.com\/noticias\/","email":"info@eldigitaldeasturias.com","telephone":"+34652131393","logo":{"@type":"ImageObject","url":"https:\/\/www.eldigitaldeasturias.com\/noticias\/wp-content\/uploads\/2020\/12\/EDA.jpg","@id":"https:\/\/www.eldigitaldeasturias.com\/noticias\/la-merp-monta-mesas-de-recogida-de-firmas-en-mas-de-400-poblaciones\/#organizationLogo"},"image":{"@id":"https:\/\/www.eldigitaldeasturias.com\/noticias\/la-merp-monta-mesas-de-recogida-de-firmas-en-mas-de-400-poblaciones\/#organizationLogo"},"sameAs":["https:\/\/facebook.com\/eldigitaldeasturias","https:\/\/www.youtube.com\/channel\/UCZP-2wLEB9Rv6erhFmqVnvg"],"address":{"@id":"https:\/\/www.eldigitaldeasturias.com\/noticias\/#postaladdress","@type":"PostalAddress","streetAddress":"san antonio 4","postalCode":"33430","addressLocality":"Cand\u00e1s","addressRegion":"Asturias","addressCountry":"ES"}},{"@type":"Person","@id":"https:\/\/www.eldigitaldeasturias.com\/noticias\/author\/admin\/#author","url":"https:\/\/www.eldigitaldeasturias.com\/noticias\/author\/admin\/","name":"El Digital de Asturias","image":{"@type":"ImageObject","@id":"https:\/\/www.eldigitaldeasturias.com\/noticias\/la-merp-monta-mesas-de-recogida-de-firmas-en-mas-de-400-poblaciones\/#authorImage","url":"https:\/\/secure.gravatar.com\/avatar\/df2aeffc32bcd13f8d26072ef8a91b623d677766deac7f97ca815868cd41bf5e?s=96&d=mm&r=g","width":96,"height":96,"caption":"El Digital de Asturias"}},{"@type":"WebPage","@id":"https:\/\/www.eldigitaldeasturias.com\/noticias\/la-merp-monta-mesas-de-recogida-de-firmas-en-mas-de-400-poblaciones\/#webpage","url":"https:\/\/www.eldigitaldeasturias.com\/noticias\/la-merp-monta-mesas-de-recogida-de-firmas-en-mas-de-400-poblaciones\/","name":"La MERP monta mesas de recogida de firmas en m\u00e1s de 400 poblaciones - El Digital de Asturias","description":"El pr\u00f3ximo lunes 9 de abril, a las 11 de la ma\u00f1ana en la Plaza Callao, la Mesa Estatal por el Blindaje de las Pensiones (MERP) dar\u00e1 una rueda de prensa presentando las tres jornadas (9, 10 y 11 de abril) en las que se desplegar\u00e1n mesas de recogida de firmas en m\u00e1s de 400","inLanguage":"es-ES","isPartOf":{"@id":"https:\/\/www.eldigitaldeasturias.com\/noticias\/#website"},"breadcrumb":{"@id":"https:\/\/www.eldigitaldeasturias.com\/noticias\/la-merp-monta-mesas-de-recogida-de-firmas-en-mas-de-400-poblaciones\/#breadcrumblist"},"author":{"@id":"https:\/\/www.eldigitaldeasturias.com\/noticias\/author\/admin\/#author"},"creator":{"@id":"https:\/\/www.eldigitaldeasturias.com\/noticias\/author\/admin\/#author"},"image":{"@type":"ImageObject","url":964473,"@id":"https:\/\/www.eldigitaldeasturias.com\/noticias\/la-merp-monta-mesas-de-recogida-de-firmas-en-mas-de-400-poblaciones\/#mainImage"},"primaryImageOfPage":{"@id":"https:\/\/www.eldigitaldeasturias.com\/noticias\/la-merp-monta-mesas-de-recogida-de-firmas-en-mas-de-400-poblaciones\/#mainImage"},"datePublished":"2018-04-08T16:53:46+02:00","dateModified":"2018-04-08T16:53:46+02:00"},{"@type":"WebSite","@id":"https:\/\/www.eldigitaldeasturias.com\/noticias\/#website","url":"https:\/\/www.eldigitaldeasturias.com\/noticias\/","name":"El Digital de Asturias - Diario de actualidad y noticias","alternateName":"El Digital de Asturias - Diario de actualidad y noticias","description":"Hemeroteca","inLanguage":"es-ES","publisher":{"@id":"https:\/\/www.eldigitaldeasturias.com\/noticias\/#organization"}}]},"og:locale":"es_ES","og:site_name":"El Digital de Asturias","og:type":"article","og:title":"La MERP monta mesas de recogida de firmas en m\u00e1s de 400 poblaciones - El Digital de Asturias","og:description":"El pr\u00f3ximo lunes 9 de abril, a las 11 de la ma\u00f1ana en la Plaza Callao, la Mesa Estatal por el Blindaje de las Pensiones (MERP) dar\u00e1 una rueda de prensa presentando las tres jornadas (9, 10 y 11 de abril) en las que se desplegar\u00e1n mesas de recogida de firmas en m\u00e1s de 400","og:url":"https:\/\/www.eldigitaldeasturias.com\/noticias\/la-merp-monta-mesas-de-recogida-de-firmas-en-mas-de-400-poblaciones\/","article:tag":["actualidad"],"article:published_time":"2018-04-08T16:53:46+00:00","article:modified_time":"2018-04-08T16:53:46+00:00","article:publisher":"https:\/\/facebook.com\/eldigitaldeasturias","twitter:card":"summary_large_image","twitter:title":"La MERP monta mesas de recogida de firmas en m\u00e1s de 400 poblaciones - El Digital de Asturias","twitter:description":"El pr\u00f3ximo lunes 9 de abril, a las 11 de la ma\u00f1ana en la Plaza Callao, la Mesa Estatal por el Blindaje de las Pensiones (MERP) dar\u00e1 una rueda de prensa presentando las tres jornadas (9, 10 y 11 de abril) en las que se desplegar\u00e1n mesas de recogida de firmas en m\u00e1s de 400","twitter:image":"https:\/\/www.eldigitaldeasturias.com\/noticias\/wp-content\/uploads\/2020\/12\/EDA-1.jpg","twitter:label1":"Escrito por","twitter:data1":"El Digital de Asturias","twitter:label2":"Tiempo de lectura estimado","twitter:data2":"2 minutos"},"aioseo_meta_data":{"post_id":"975298","title":null,"description":null,"keywords":null,"keyphrases":null,"primary_term":null,"canonical_url":null,"og_title":null,"og_description":null,"og_object_type":"default","og_image_type":"default","og_image_url":null,"og_image_width":null,"og_image_height":null,"og_image_custom_url":null,"og_image_custom_fields":null,"og_video":null,"og_custom_url":null,"og_article_section":null,"og_article_tags":null,"twitter_use_og":false,"twitter_card":"default","twitter_image_type":"default","twitter_image_url":null,"twitter_image_custom_url":null,"twitter_image_custom_fields":null,"twitter_title":null,"twitter_description":null,"schema":{"blockGraphs":[],"customGraphs":[],"default":{"data":{"Article":[],"Course":[],"Dataset":[],"FAQPage":[],"Movie":[],"Person":[],"Product":[],"ProductReview":[],"Car":[],"Recipe":[],"Service":[],"SoftwareApplication":[],"WebPage":[]},"graphName":"","isEnabled":true},"graphs":[],"defaultGraph":"","defaultPostTypeGraph":""},"schema_type":null,"schema_type_options":null,"pillar_content":false,"robots_default":true,"robots_noindex":false,"robots_noarchive":false,"robots_nosnippet":false,"robots_nofollow":false,"robots_noimageindex":false,"robots_noodp":false,"robots_notranslate":false,"robots_max_snippet":null,"robots_max_videopreview":null,"robots_max_imagepreview":"large","priority":null,"frequency":null,"local_seo":null,"seo_analyzer_scan_date":"2025-10-07 23:24:10","breadcrumb_settings":null,"limit_modified_date":false,"open_ai":null,"ai":null,"created":"2020-12-21 12:11:38","updated":"2025-10-07 23:24:10","focus_keyword":null,"additional_keywords":null,"truseo_locale":null},"aioseo_breadcrumb":"<div class=\"aioseo-breadcrumbs\"><span class=\"aioseo-breadcrumb\">\n\t<a href=\"https:\/\/www.eldigitaldeasturias.com\/noticias\" title=\"Home\">Home<\/a>\n<\/span><span class=\"aioseo-breadcrumb-separator\">\u2013<\/span><span class=\"aioseo-breadcrumb\">\n\t<a href=\"https:\/\/www.eldigitaldeasturias.com\/noticias\/category\/actualidad\/\" title=\"Actualidad\">Actualidad<\/a>\n<\/span><span class=\"aioseo-breadcrumb-separator\">\u2013<\/span><span class=\"aioseo-breadcrumb\">\n\t<a href=\"https:\/\/www.eldigitaldeasturias.com\/noticias\/la-merp-monta-mesas-de-recogida-de-firmas-en-mas-de-400-poblaciones\/\" title=\"La MERP monta mesas de recogida de firmas en m\u00e1s de 400 poblaciones\">La MERP monta mesas de recogida de firmas en m\u00e1s de 400 poblaciones<\/a>\n<\/span><\/div>","aioseo_breadcrumb_json":[{"label":"Home","link":"https:\/\/www.eldigitaldeasturias.com\/noticias"},{"label":"Actualidad","link":"https:\/\/www.eldigitaldeasturias.com\/noticias\/category\/actualidad\/"},{"label":"La MERP monta mesas de recogida de firmas en m\u00e1s de 400 poblaciones","link":"https:\/\/www.eldigitaldeasturias.com\/noticias\/la-merp-monta-mesas-de-recogida-de-firmas-en-mas-de-400-poblaciones\/"}],"_links":{"self":[{"href":"https:\/\/www.eldigitaldeasturias.com\/noticias\/wp-json\/wp\/v2\/posts\/975298","targetHints":{"allow":["GET"]}}],"collection":[{"href":"https:\/\/www.eldigitaldeasturias.com\/noticias\/wp-json\/wp\/v2\/posts"}],"about":[{"href":"https:\/\/www.eldigitaldeasturias.com\/noticias\/wp-json\/wp\/v2\/types\/post"}],"author":[{"embeddable":true,"href":"https:\/\/www.eldigitaldeasturias.com\/noticias\/wp-json\/wp\/v2\/users\/1"}],"replies":[{"embeddable":true,"href":"https:\/\/www.eldigitaldeasturias.com\/noticias\/wp-json\/wp\/v2\/comments?post=975298"}],"version-history":[{"count":0,"href":"https:\/\/www.eldigitaldeasturias.com\/noticias\/wp-json\/wp\/v2\/posts\/975298\/revisions"}],"wp:attachment":[{"href":"https:\/\/www.eldigitaldeasturias.com\/noticias\/wp-json\/wp\/v2\/media?parent=975298"}],"wp:term":[{"taxonomy":"category","embeddable":true,"href":"https:\/\/www.eldigitaldeasturias.com\/noticias\/wp-json\/wp\/v2\/categories?post=975298"},{"taxonomy":"post_tag","embeddable":true,"href":"https:\/\/www.eldigitaldeasturias.com\/noticias\/wp-json\/wp\/v2\/tags?post=975298"}],"curies":[{"name":"wp","href":"https:\/\/api.w.org\/{rel}","templated":true}]}}