{"id":975242,"date":"2018-04-07T23:01:13","date_gmt":"2018-04-07T23:01:13","guid":{"rendered":"http:\/\/www.eldigitaldeasturias.com\/noticias\/?p=975242"},"modified":"2018-04-07T23:01:13","modified_gmt":"2018-04-07T23:01:13","slug":"rajoy-europa-es-la-normalidad-la-sensatez-y-el-sentido-comun","status":"publish","type":"post","link":"https:\/\/www.eldigitaldeasturias.com\/noticias\/rajoy-europa-es-la-normalidad-la-sensatez-y-el-sentido-comun\/","title":{"rendered":"Rajoy: \u201cEuropa es la normalidad, la sensatez y el sentido com\u00fan\u201d"},"content":{"rendered":"<p><img loading=\"lazy\" decoding=\"async\" class=\"alignleft size-medium wp-image-975243\" src=\"https:\/\/www.eldigitaldeasturias.com\/noticias\/wp-content\/uploads\/2018\/04\/dmc4568-360x163.jpg\" alt=\"\" width=\"360\" height=\"163\" \/>El presidente del Gobierno y del Partido Popular, Mariano Rajoy, ha intervenido hoy en un acto sobre Europa en el marco de la Convenci\u00f3n Nacional que el partido est\u00e1 celebrando este fin de semana en Sevilla, donde ha asegurado que \u201cEuropa es la normalidad, la sensatez y el sentido com\u00fan\u201d, una tierra que se caracteriza \u201cpor sus valores, como son la democracia, la libertad, los derechos humanos, el Estado de Derecho y el imperio de la ley\u201d.<\/p>\n<p>Rajoy ha destacado que Europa es una regi\u00f3n \u201cde la que podemos sentirnos orgullosos\u201d y que apuesta por resolver las cosas con di\u00e1logo, para lo que es condici\u00f3n la voluntad de di\u00e1logo.<\/p>\n<p>Asimismo, ha felicitado al portavoz del Grupo Popular en el Parlamento Europeo, Esteban Gonz\u00e1lez Pons, por la organizaci\u00f3n de este acto para decir que Europa tenemos muchos valores, principios, fortalezas y con la idea clara de defender principios como la libertad -y unido a ella el libre comercio- as\u00ed como la democracia y los derechos humanos.<\/p>\n<p>\u201cSi tenemos alg\u00fan problema tendremos la inteligencia y la habilidad para resolverlo, porque otra de las caracter\u00edsticas de Europa es que somos inteligentes y habilidosos\u201d, ha apuntado.<\/p>\n<p><strong>LA UE SE FUNDAMENTA EN LA CONFIANZA ENTRE ESTADOS<\/strong><\/p>\n<p>Por su parte, el portavoz del PP y vicepresidente primero del Grupo del Partido Popular Europeo (PPE), Esteban Gonz\u00e1lez Pons, se ha mostrado convencido de que en el caso de la extradici\u00f3n del expresidente de la Generalitat de Catalu\u00f1a, \u201cla justicia nos dar\u00e1 la raz\u00f3n porque nuestra raz\u00f3n hoy es la raz\u00f3n de la existencia de Europa. Confiamos en Europa porque nos protege, Europa tiene que protegernos a todos los europeos para que tenga sentido\u201d.<\/p>\n<p>\u201cLa UE se fundamenta en la confianza mutua entre estados. Estamos unidos porque confiamos los unos en los otros. Si hay un estado de la UE en el que intentar dar un golpe de estado no es un delito, el problema no es de Espa\u00f1a, el problema es de ese estado que ha dejado que intentar romperlo pueda alg\u00fan d\u00eda no ser un delito\u201d, insisti\u00f3.<\/p>\n<p>\u201cVamos a confiar que la justicia encuentre sus cauces y resuelva el problema que a Espa\u00f1a se le ha planteado, porque si la UE sirve para que unos estados cuestionen a otros, la UE pierde su funci\u00f3n\u201d, dijo tambi\u00e9n.<\/p>\n<p>En cuanto a la decisi\u00f3n de la justicia alemana sobre Carles Puigdemont, ha lamentado que \u201cel jueves pasado un tribunal puso en cuesti\u00f3n la colaboraci\u00f3n transfronteriza, el jueves pasado los anti europe\u00edstas espa\u00f1oles recibieron una buena noticia y los europe\u00edstas espa\u00f1oles una mala noticia\u201d.<\/p>\n<p>Gonz\u00e1lez Pons ha se\u00f1alado que \u201csi la euroorden no funciona, el Tratado de Schengen sobre la circulaci\u00f3n de personas no tiene sentido\u201d. \u201cSi alguien intenta dar un golpe de estado y no es devuelto al pa\u00eds donde intent\u00f3 dar el golpe de estado puede que haber levantado la frontera acabe convirti\u00e9ndose en una mala decisi\u00f3n\u201d, ha reflexionado.<\/p>\n<p>Por \u00faltimo, ha planteado que \u201csi alguien reclamara a Espa\u00f1a la devoluci\u00f3n de un golpista, estoy seguro de que los jueces del Tribunal Supremo no se negar\u00edan, porque nosotros de verdad creemos que Europa o es un proyecto solidario de mutua confianza o, simplemente, Europa no es\u201d.<\/p>\n","protected":false},"excerpt":{"rendered":"<p>El presidente del Gobierno y del Partido Popular, Mariano Rajoy, ha intervenido hoy en un acto sobre Europa en el marco de la Convenci\u00f3n Nacional que el partido est\u00e1 celebrando este fin de semana en Sevilla, donde ha asegurado que \u201cEuropa es la normalidad, la sensatez y el sentido com\u00fan\u201d, una tierra que se caracteriza [&hellip;]<\/p>\n","protected":false},"author":1,"featured_media":975243,"comment_status":"closed","ping_status":"closed","sticky":false,"template":"","format":"standard","meta":{"footnotes":""},"categories":[1],"tags":[],"class_list":["post-975242","post","type-post","status-publish","format-standard","has-post-thumbnail","hentry","category-actualidad"],"aioseo_notices":[],"aioseo_head":"\n\t\t<!-- All in One SEO Pro 5.0.1 - aioseo.com -->\n\t<meta name=\"description\" content=\"El presidente del Gobierno y del Partido Popular, Mariano Rajoy, ha intervenido hoy en un acto sobre Europa en el marco de la Convenci\u00f3n Nacional que el partido est\u00e1 celebrando este fin de semana en Sevilla, donde ha asegurado que \u201cEuropa es la normalidad, la sensatez y el sentido com\u00fan\u201d, una tierra que se caracteriza\" \/>\n\t<meta name=\"robots\" content=\"max-image-preview:large\" \/>\n\t<meta name=\"author\" content=\"El Digital de Asturias\"\/>\n\t<meta name=\"google-site-verification\" content=\"UA-38556648-1\" \/>\n\t<meta name=\"msvalidate.01\" content=\"7dfe9f3f1b24437ab69f4f2559babe99\" \/>\n\t<meta name=\"keywords\" content=\"actualidad\" \/>\n\t<link rel=\"canonical\" href=\"https:\/\/www.eldigitaldeasturias.com\/noticias\/rajoy-europa-es-la-normalidad-la-sensatez-y-el-sentido-comun\/\" \/>\n\t<meta name=\"generator\" content=\"All in One SEO Pro (AIOSEO) 5.0.1\" \/>\n\t\t<meta property=\"og:locale\" content=\"es_ES\" \/>\n\t\t<meta property=\"og:site_name\" content=\"El Digital de Asturias\" \/>\n\t\t<meta property=\"og:type\" content=\"article\" \/>\n\t\t<meta property=\"og:title\" content=\"Rajoy: \u201cEuropa es la normalidad, la sensatez y el sentido com\u00fan\u201d - El Digital de Asturias\" \/>\n\t\t<meta property=\"og:description\" content=\"El presidente del Gobierno y del Partido Popular, Mariano Rajoy, ha intervenido hoy en un acto sobre Europa en el marco de la Convenci\u00f3n Nacional que el partido est\u00e1 celebrando este fin de semana en Sevilla, donde ha asegurado que \u201cEuropa es la normalidad, la sensatez y el sentido com\u00fan\u201d, una tierra que se caracteriza\" \/>\n\t\t<meta property=\"og:url\" content=\"https:\/\/www.eldigitaldeasturias.com\/noticias\/rajoy-europa-es-la-normalidad-la-sensatez-y-el-sentido-comun\/\" \/>\n\t\t<meta property=\"article:tag\" content=\"actualidad\" \/>\n\t\t<meta property=\"article:published_time\" content=\"2018-04-07T23:01:13+00:00\" \/>\n\t\t<meta property=\"article:modified_time\" content=\"2018-04-07T23:01:13+00:00\" \/>\n\t\t<meta property=\"article:publisher\" content=\"https:\/\/facebook.com\/eldigitaldeasturias\" \/>\n\t\t<meta name=\"twitter:card\" content=\"summary_large_image\" \/>\n\t\t<meta name=\"twitter:title\" content=\"Rajoy: \u201cEuropa es la normalidad, la sensatez y el sentido com\u00fan\u201d - El Digital de Asturias\" \/>\n\t\t<meta name=\"twitter:description\" content=\"El presidente del Gobierno y del Partido Popular, Mariano Rajoy, ha intervenido hoy en un acto sobre Europa en el marco de la Convenci\u00f3n Nacional que el partido est\u00e1 celebrando este fin de semana en Sevilla, donde ha asegurado que \u201cEuropa es la normalidad, la sensatez y el sentido com\u00fan\u201d, una tierra que se caracteriza\" \/>\n\t\t<meta name=\"twitter:image\" content=\"https:\/\/www.eldigitaldeasturias.com\/noticias\/wp-content\/uploads\/2020\/12\/EDA-1.jpg\" \/>\n\t\t<meta name=\"twitter:label1\" content=\"Escrito por\" \/>\n\t\t<meta name=\"twitter:data1\" content=\"El Digital de Asturias\" \/>\n\t\t<meta name=\"twitter:label2\" content=\"Tiempo de lectura estimado\" \/>\n\t\t<meta name=\"twitter:data2\" content=\"3 minutos\" \/>\n\t\t<script type=\"application\/ld+json\" class=\"aioseo-schema\">\n\t\t\t{\"@context\":\"https:\\\/\\\/schema.org\",\"@graph\":[{\"@type\":\"BlogPosting\",\"@id\":\"https:\\\/\\\/www.eldigitaldeasturias.com\\\/noticias\\\/rajoy-europa-es-la-normalidad-la-sensatez-y-el-sentido-comun\\\/#blogposting\",\"name\":\"Rajoy: \\u201cEuropa es la normalidad, la sensatez y el sentido com\\u00fan\\u201d - El Digital de Asturias\",\"headline\":\"Rajoy: \\u201cEuropa es la normalidad, la sensatez y el sentido com\\u00fan\\u201d\",\"author\":{\"@id\":\"https:\\\/\\\/www.eldigitaldeasturias.com\\\/noticias\\\/author\\\/admin\\\/#author\"},\"publisher\":{\"@id\":\"https:\\\/\\\/www.eldigitaldeasturias.com\\\/noticias\\\/#organization\"},\"image\":{\"@type\":\"ImageObject\",\"url\":975243},\"datePublished\":\"2018-04-07T23:01:13+02:00\",\"dateModified\":\"2018-04-07T23:01:13+02:00\",\"inLanguage\":\"es-ES\",\"mainEntityOfPage\":{\"@id\":\"https:\\\/\\\/www.eldigitaldeasturias.com\\\/noticias\\\/rajoy-europa-es-la-normalidad-la-sensatez-y-el-sentido-comun\\\/#webpage\"},\"isPartOf\":{\"@id\":\"https:\\\/\\\/www.eldigitaldeasturias.com\\\/noticias\\\/rajoy-europa-es-la-normalidad-la-sensatez-y-el-sentido-comun\\\/#webpage\"},\"articleSection\":\"Actualidad\"},{\"@type\":\"BreadcrumbList\",\"@id\":\"https:\\\/\\\/www.eldigitaldeasturias.com\\\/noticias\\\/rajoy-europa-es-la-normalidad-la-sensatez-y-el-sentido-comun\\\/#breadcrumblist\",\"itemListElement\":[{\"@type\":\"ListItem\",\"@id\":\"https:\\\/\\\/www.eldigitaldeasturias.com\\\/noticias#listItem\",\"position\":1,\"name\":\"Home\",\"item\":\"https:\\\/\\\/www.eldigitaldeasturias.com\\\/noticias\",\"nextItem\":{\"@type\":\"ListItem\",\"@id\":\"https:\\\/\\\/www.eldigitaldeasturias.com\\\/noticias\\\/category\\\/actualidad\\\/#listItem\",\"name\":\"Actualidad\"}},{\"@type\":\"ListItem\",\"@id\":\"https:\\\/\\\/www.eldigitaldeasturias.com\\\/noticias\\\/category\\\/actualidad\\\/#listItem\",\"position\":2,\"name\":\"Actualidad\",\"item\":\"https:\\\/\\\/www.eldigitaldeasturias.com\\\/noticias\\\/category\\\/actualidad\\\/\",\"nextItem\":{\"@type\":\"ListItem\",\"@id\":\"https:\\\/\\\/www.eldigitaldeasturias.com\\\/noticias\\\/rajoy-europa-es-la-normalidad-la-sensatez-y-el-sentido-comun\\\/#listItem\",\"name\":\"Rajoy: \\u201cEuropa es la normalidad, la sensatez y el sentido com\\u00fan\\u201d\"},\"previousItem\":{\"@type\":\"ListItem\",\"@id\":\"https:\\\/\\\/www.eldigitaldeasturias.com\\\/noticias#listItem\",\"name\":\"Home\"}},{\"@type\":\"ListItem\",\"@id\":\"https:\\\/\\\/www.eldigitaldeasturias.com\\\/noticias\\\/rajoy-europa-es-la-normalidad-la-sensatez-y-el-sentido-comun\\\/#listItem\",\"position\":3,\"name\":\"Rajoy: \\u201cEuropa es la normalidad, la sensatez y el sentido com\\u00fan\\u201d\",\"previousItem\":{\"@type\":\"ListItem\",\"@id\":\"https:\\\/\\\/www.eldigitaldeasturias.com\\\/noticias\\\/category\\\/actualidad\\\/#listItem\",\"name\":\"Actualidad\"}}]},{\"@type\":\"Organization\",\"@id\":\"https:\\\/\\\/www.eldigitaldeasturias.com\\\/noticias\\\/#organization\",\"name\":\"El Digital de Asturias\",\"description\":\"Hemeroteca\",\"url\":\"https:\\\/\\\/www.eldigitaldeasturias.com\\\/noticias\\\/\",\"email\":\"info@eldigitaldeasturias.com\",\"telephone\":\"+34652131393\",\"logo\":{\"@type\":\"ImageObject\",\"url\":\"https:\\\/\\\/www.eldigitaldeasturias.com\\\/noticias\\\/wp-content\\\/uploads\\\/2020\\\/12\\\/EDA.jpg\",\"@id\":\"https:\\\/\\\/www.eldigitaldeasturias.com\\\/noticias\\\/rajoy-europa-es-la-normalidad-la-sensatez-y-el-sentido-comun\\\/#organizationLogo\"},\"image\":{\"@id\":\"https:\\\/\\\/www.eldigitaldeasturias.com\\\/noticias\\\/rajoy-europa-es-la-normalidad-la-sensatez-y-el-sentido-comun\\\/#organizationLogo\"},\"sameAs\":[\"https:\\\/\\\/facebook.com\\\/eldigitaldeasturias\",\"https:\\\/\\\/www.youtube.com\\\/channel\\\/UCZP-2wLEB9Rv6erhFmqVnvg\"],\"address\":{\"@id\":\"https:\\\/\\\/www.eldigitaldeasturias.com\\\/noticias\\\/#postaladdress\",\"@type\":\"PostalAddress\",\"streetAddress\":\"san antonio 4\",\"postalCode\":\"33430\",\"addressLocality\":\"Cand\\u00e1s\",\"addressRegion\":\"Asturias\",\"addressCountry\":\"ES\"}},{\"@type\":\"Person\",\"@id\":\"https:\\\/\\\/www.eldigitaldeasturias.com\\\/noticias\\\/author\\\/admin\\\/#author\",\"url\":\"https:\\\/\\\/www.eldigitaldeasturias.com\\\/noticias\\\/author\\\/admin\\\/\",\"name\":\"El Digital de Asturias\",\"image\":{\"@type\":\"ImageObject\",\"@id\":\"https:\\\/\\\/www.eldigitaldeasturias.com\\\/noticias\\\/rajoy-europa-es-la-normalidad-la-sensatez-y-el-sentido-comun\\\/#authorImage\",\"url\":\"https:\\\/\\\/secure.gravatar.com\\\/avatar\\\/df2aeffc32bcd13f8d26072ef8a91b623d677766deac7f97ca815868cd41bf5e?s=96&d=mm&r=g\",\"width\":96,\"height\":96,\"caption\":\"El Digital de Asturias\"}},{\"@type\":\"WebPage\",\"@id\":\"https:\\\/\\\/www.eldigitaldeasturias.com\\\/noticias\\\/rajoy-europa-es-la-normalidad-la-sensatez-y-el-sentido-comun\\\/#webpage\",\"url\":\"https:\\\/\\\/www.eldigitaldeasturias.com\\\/noticias\\\/rajoy-europa-es-la-normalidad-la-sensatez-y-el-sentido-comun\\\/\",\"name\":\"Rajoy: \\u201cEuropa es la normalidad, la sensatez y el sentido com\\u00fan\\u201d - El Digital de Asturias\",\"description\":\"El presidente del Gobierno y del Partido Popular, Mariano Rajoy, ha intervenido hoy en un acto sobre Europa en el marco de la Convenci\\u00f3n Nacional que el partido est\\u00e1 celebrando este fin de semana en Sevilla, donde ha asegurado que \\u201cEuropa es la normalidad, la sensatez y el sentido com\\u00fan\\u201d, una tierra que se caracteriza\",\"inLanguage\":\"es-ES\",\"isPartOf\":{\"@id\":\"https:\\\/\\\/www.eldigitaldeasturias.com\\\/noticias\\\/#website\"},\"breadcrumb\":{\"@id\":\"https:\\\/\\\/www.eldigitaldeasturias.com\\\/noticias\\\/rajoy-europa-es-la-normalidad-la-sensatez-y-el-sentido-comun\\\/#breadcrumblist\"},\"author\":{\"@id\":\"https:\\\/\\\/www.eldigitaldeasturias.com\\\/noticias\\\/author\\\/admin\\\/#author\"},\"creator\":{\"@id\":\"https:\\\/\\\/www.eldigitaldeasturias.com\\\/noticias\\\/author\\\/admin\\\/#author\"},\"image\":{\"@type\":\"ImageObject\",\"url\":975243,\"@id\":\"https:\\\/\\\/www.eldigitaldeasturias.com\\\/noticias\\\/rajoy-europa-es-la-normalidad-la-sensatez-y-el-sentido-comun\\\/#mainImage\"},\"primaryImageOfPage\":{\"@id\":\"https:\\\/\\\/www.eldigitaldeasturias.com\\\/noticias\\\/rajoy-europa-es-la-normalidad-la-sensatez-y-el-sentido-comun\\\/#mainImage\"},\"datePublished\":\"2018-04-07T23:01:13+02:00\",\"dateModified\":\"2018-04-07T23:01:13+02:00\"},{\"@type\":\"WebSite\",\"@id\":\"https:\\\/\\\/www.eldigitaldeasturias.com\\\/noticias\\\/#website\",\"url\":\"https:\\\/\\\/www.eldigitaldeasturias.com\\\/noticias\\\/\",\"name\":\"El Digital de Asturias - Diario de actualidad y noticias\",\"alternateName\":\"El Digital de Asturias - Diario de actualidad y noticias\",\"description\":\"Hemeroteca\",\"inLanguage\":\"es-ES\",\"publisher\":{\"@id\":\"https:\\\/\\\/www.eldigitaldeasturias.com\\\/noticias\\\/#organization\"}}]}\n\t\t<\/script>\n\t\t<!-- All in One SEO Pro -->\r\n\t\t<title>Rajoy: \u201cEuropa es la normalidad, la sensatez y el sentido com\u00fan\u201d - El Digital de Asturias<\/title>\n\n","aioseo_head_json":{"title":"Rajoy: \u201cEuropa es la normalidad, la sensatez y el sentido com\u00fan\u201d - El Digital de Asturias","description":"El presidente del Gobierno y del Partido Popular, Mariano Rajoy, ha intervenido hoy en un acto sobre Europa en el marco de la Convenci\u00f3n Nacional que el partido est\u00e1 celebrando este fin de semana en Sevilla, donde ha asegurado que \u201cEuropa es la normalidad, la sensatez y el sentido com\u00fan\u201d, una tierra que se caracteriza","canonical_url":"https:\/\/www.eldigitaldeasturias.com\/noticias\/rajoy-europa-es-la-normalidad-la-sensatez-y-el-sentido-comun\/","robots":"max-image-preview:large","keywords":"actualidad","webmasterTools":{"google-site-verification":"UA-38556648-1","msvalidate.01":"7dfe9f3f1b24437ab69f4f2559babe99","miscellaneous":""},"schema":{"@context":"https:\/\/schema.org","@graph":[{"@type":"BlogPosting","@id":"https:\/\/www.eldigitaldeasturias.com\/noticias\/rajoy-europa-es-la-normalidad-la-sensatez-y-el-sentido-comun\/#blogposting","name":"Rajoy: \u201cEuropa es la normalidad, la sensatez y el sentido com\u00fan\u201d - El Digital de Asturias","headline":"Rajoy: \u201cEuropa es la normalidad, la sensatez y el sentido com\u00fan\u201d","author":{"@id":"https:\/\/www.eldigitaldeasturias.com\/noticias\/author\/admin\/#author"},"publisher":{"@id":"https:\/\/www.eldigitaldeasturias.com\/noticias\/#organization"},"image":{"@type":"ImageObject","url":975243},"datePublished":"2018-04-07T23:01:13+02:00","dateModified":"2018-04-07T23:01:13+02:00","inLanguage":"es-ES","mainEntityOfPage":{"@id":"https:\/\/www.eldigitaldeasturias.com\/noticias\/rajoy-europa-es-la-normalidad-la-sensatez-y-el-sentido-comun\/#webpage"},"isPartOf":{"@id":"https:\/\/www.eldigitaldeasturias.com\/noticias\/rajoy-europa-es-la-normalidad-la-sensatez-y-el-sentido-comun\/#webpage"},"articleSection":"Actualidad"},{"@type":"BreadcrumbList","@id":"https:\/\/www.eldigitaldeasturias.com\/noticias\/rajoy-europa-es-la-normalidad-la-sensatez-y-el-sentido-comun\/#breadcrumblist","itemListElement":[{"@type":"ListItem","@id":"https:\/\/www.eldigitaldeasturias.com\/noticias#listItem","position":1,"name":"Home","item":"https:\/\/www.eldigitaldeasturias.com\/noticias","nextItem":{"@type":"ListItem","@id":"https:\/\/www.eldigitaldeasturias.com\/noticias\/category\/actualidad\/#listItem","name":"Actualidad"}},{"@type":"ListItem","@id":"https:\/\/www.eldigitaldeasturias.com\/noticias\/category\/actualidad\/#listItem","position":2,"name":"Actualidad","item":"https:\/\/www.eldigitaldeasturias.com\/noticias\/category\/actualidad\/","nextItem":{"@type":"ListItem","@id":"https:\/\/www.eldigitaldeasturias.com\/noticias\/rajoy-europa-es-la-normalidad-la-sensatez-y-el-sentido-comun\/#listItem","name":"Rajoy: \u201cEuropa es la normalidad, la sensatez y el sentido com\u00fan\u201d"},"previousItem":{"@type":"ListItem","@id":"https:\/\/www.eldigitaldeasturias.com\/noticias#listItem","name":"Home"}},{"@type":"ListItem","@id":"https:\/\/www.eldigitaldeasturias.com\/noticias\/rajoy-europa-es-la-normalidad-la-sensatez-y-el-sentido-comun\/#listItem","position":3,"name":"Rajoy: \u201cEuropa es la normalidad, la sensatez y el sentido com\u00fan\u201d","previousItem":{"@type":"ListItem","@id":"https:\/\/www.eldigitaldeasturias.com\/noticias\/category\/actualidad\/#listItem","name":"Actualidad"}}]},{"@type":"Organization","@id":"https:\/\/www.eldigitaldeasturias.com\/noticias\/#organization","name":"El Digital de Asturias","description":"Hemeroteca","url":"https:\/\/www.eldigitaldeasturias.com\/noticias\/","email":"info@eldigitaldeasturias.com","telephone":"+34652131393","logo":{"@type":"ImageObject","url":"https:\/\/www.eldigitaldeasturias.com\/noticias\/wp-content\/uploads\/2020\/12\/EDA.jpg","@id":"https:\/\/www.eldigitaldeasturias.com\/noticias\/rajoy-europa-es-la-normalidad-la-sensatez-y-el-sentido-comun\/#organizationLogo"},"image":{"@id":"https:\/\/www.eldigitaldeasturias.com\/noticias\/rajoy-europa-es-la-normalidad-la-sensatez-y-el-sentido-comun\/#organizationLogo"},"sameAs":["https:\/\/facebook.com\/eldigitaldeasturias","https:\/\/www.youtube.com\/channel\/UCZP-2wLEB9Rv6erhFmqVnvg"],"address":{"@id":"https:\/\/www.eldigitaldeasturias.com\/noticias\/#postaladdress","@type":"PostalAddress","streetAddress":"san antonio 4","postalCode":"33430","addressLocality":"Cand\u00e1s","addressRegion":"Asturias","addressCountry":"ES"}},{"@type":"Person","@id":"https:\/\/www.eldigitaldeasturias.com\/noticias\/author\/admin\/#author","url":"https:\/\/www.eldigitaldeasturias.com\/noticias\/author\/admin\/","name":"El Digital de Asturias","image":{"@type":"ImageObject","@id":"https:\/\/www.eldigitaldeasturias.com\/noticias\/rajoy-europa-es-la-normalidad-la-sensatez-y-el-sentido-comun\/#authorImage","url":"https:\/\/secure.gravatar.com\/avatar\/df2aeffc32bcd13f8d26072ef8a91b623d677766deac7f97ca815868cd41bf5e?s=96&d=mm&r=g","width":96,"height":96,"caption":"El Digital de Asturias"}},{"@type":"WebPage","@id":"https:\/\/www.eldigitaldeasturias.com\/noticias\/rajoy-europa-es-la-normalidad-la-sensatez-y-el-sentido-comun\/#webpage","url":"https:\/\/www.eldigitaldeasturias.com\/noticias\/rajoy-europa-es-la-normalidad-la-sensatez-y-el-sentido-comun\/","name":"Rajoy: \u201cEuropa es la normalidad, la sensatez y el sentido com\u00fan\u201d - El Digital de Asturias","description":"El presidente del Gobierno y del Partido Popular, Mariano Rajoy, ha intervenido hoy en un acto sobre Europa en el marco de la Convenci\u00f3n Nacional que el partido est\u00e1 celebrando este fin de semana en Sevilla, donde ha asegurado que \u201cEuropa es la normalidad, la sensatez y el sentido com\u00fan\u201d, una tierra que se caracteriza","inLanguage":"es-ES","isPartOf":{"@id":"https:\/\/www.eldigitaldeasturias.com\/noticias\/#website"},"breadcrumb":{"@id":"https:\/\/www.eldigitaldeasturias.com\/noticias\/rajoy-europa-es-la-normalidad-la-sensatez-y-el-sentido-comun\/#breadcrumblist"},"author":{"@id":"https:\/\/www.eldigitaldeasturias.com\/noticias\/author\/admin\/#author"},"creator":{"@id":"https:\/\/www.eldigitaldeasturias.com\/noticias\/author\/admin\/#author"},"image":{"@type":"ImageObject","url":975243,"@id":"https:\/\/www.eldigitaldeasturias.com\/noticias\/rajoy-europa-es-la-normalidad-la-sensatez-y-el-sentido-comun\/#mainImage"},"primaryImageOfPage":{"@id":"https:\/\/www.eldigitaldeasturias.com\/noticias\/rajoy-europa-es-la-normalidad-la-sensatez-y-el-sentido-comun\/#mainImage"},"datePublished":"2018-04-07T23:01:13+02:00","dateModified":"2018-04-07T23:01:13+02:00"},{"@type":"WebSite","@id":"https:\/\/www.eldigitaldeasturias.com\/noticias\/#website","url":"https:\/\/www.eldigitaldeasturias.com\/noticias\/","name":"El Digital de Asturias - Diario de actualidad y noticias","alternateName":"El Digital de Asturias - Diario de actualidad y noticias","description":"Hemeroteca","inLanguage":"es-ES","publisher":{"@id":"https:\/\/www.eldigitaldeasturias.com\/noticias\/#organization"}}]},"og:locale":"es_ES","og:site_name":"El Digital de Asturias","og:type":"article","og:title":"Rajoy: \u201cEuropa es la normalidad, la sensatez y el sentido com\u00fan\u201d - El Digital de Asturias","og:description":"El presidente del Gobierno y del Partido Popular, Mariano Rajoy, ha intervenido hoy en un acto sobre Europa en el marco de la Convenci\u00f3n Nacional que el partido est\u00e1 celebrando este fin de semana en Sevilla, donde ha asegurado que \u201cEuropa es la normalidad, la sensatez y el sentido com\u00fan\u201d, una tierra que se caracteriza","og:url":"https:\/\/www.eldigitaldeasturias.com\/noticias\/rajoy-europa-es-la-normalidad-la-sensatez-y-el-sentido-comun\/","article:tag":["actualidad"],"article:published_time":"2018-04-07T23:01:13+00:00","article:modified_time":"2018-04-07T23:01:13+00:00","article:publisher":"https:\/\/facebook.com\/eldigitaldeasturias","twitter:card":"summary_large_image","twitter:title":"Rajoy: \u201cEuropa es la normalidad, la sensatez y el sentido com\u00fan\u201d - El Digital de Asturias","twitter:description":"El presidente del Gobierno y del Partido Popular, Mariano Rajoy, ha intervenido hoy en un acto sobre Europa en el marco de la Convenci\u00f3n Nacional que el partido est\u00e1 celebrando este fin de semana en Sevilla, donde ha asegurado que \u201cEuropa es la normalidad, la sensatez y el sentido com\u00fan\u201d, una tierra que se caracteriza","twitter:image":"https:\/\/www.eldigitaldeasturias.com\/noticias\/wp-content\/uploads\/2020\/12\/EDA-1.jpg","twitter:label1":"Escrito por","twitter:data1":"El Digital de Asturias","twitter:label2":"Tiempo de lectura estimado","twitter:data2":"3 minutos"},"aioseo_meta_data":{"post_id":"975242","title":null,"description":null,"keywords":null,"keyphrases":null,"primary_term":null,"canonical_url":null,"og_title":null,"og_description":null,"og_object_type":"default","og_image_type":"default","og_image_url":null,"og_image_width":null,"og_image_height":null,"og_image_custom_url":null,"og_image_custom_fields":null,"og_video":null,"og_custom_url":null,"og_article_section":null,"og_article_tags":null,"twitter_use_og":false,"twitter_card":"default","twitter_image_type":"default","twitter_image_url":null,"twitter_image_custom_url":null,"twitter_image_custom_fields":null,"twitter_title":null,"twitter_description":null,"schema":{"blockGraphs":[],"customGraphs":[],"default":{"data":{"Article":[],"Course":[],"Dataset":[],"FAQPage":[],"Movie":[],"Person":[],"Product":[],"ProductReview":[],"Car":[],"Recipe":[],"Service":[],"SoftwareApplication":[],"WebPage":[]},"graphName":"","isEnabled":true},"graphs":[],"defaultGraph":"","defaultPostTypeGraph":""},"schema_type":null,"schema_type_options":null,"pillar_content":false,"robots_default":true,"robots_noindex":false,"robots_noarchive":false,"robots_nosnippet":false,"robots_nofollow":false,"robots_noimageindex":false,"robots_noodp":false,"robots_notranslate":false,"robots_max_snippet":null,"robots_max_videopreview":null,"robots_max_imagepreview":"large","priority":null,"frequency":null,"local_seo":null,"seo_analyzer_scan_date":"2025-10-07 23:12:24","breadcrumb_settings":null,"limit_modified_date":false,"open_ai":null,"ai":null,"created":"2020-12-21 12:11:38","updated":"2025-10-07 23:12:24","focus_keyword":null,"additional_keywords":null,"truseo_locale":null},"aioseo_breadcrumb":"<div class=\"aioseo-breadcrumbs\"><span class=\"aioseo-breadcrumb\">\n\t<a href=\"https:\/\/www.eldigitaldeasturias.com\/noticias\" title=\"Home\">Home<\/a>\n<\/span><span class=\"aioseo-breadcrumb-separator\">\u2013<\/span><span class=\"aioseo-breadcrumb\">\n\t<a href=\"https:\/\/www.eldigitaldeasturias.com\/noticias\/category\/actualidad\/\" title=\"Actualidad\">Actualidad<\/a>\n<\/span><span class=\"aioseo-breadcrumb-separator\">\u2013<\/span><span class=\"aioseo-breadcrumb\">\n\t<a href=\"https:\/\/www.eldigitaldeasturias.com\/noticias\/rajoy-europa-es-la-normalidad-la-sensatez-y-el-sentido-comun\/\" title=\"Rajoy: \u201cEuropa es la normalidad, la sensatez y el sentido com\u00fan\u201d\">Rajoy: \u201cEuropa es la normalidad, la sensatez y el sentido com\u00fan\u201d<\/a>\n<\/span><\/div>","aioseo_breadcrumb_json":[{"label":"Home","link":"https:\/\/www.eldigitaldeasturias.com\/noticias"},{"label":"Actualidad","link":"https:\/\/www.eldigitaldeasturias.com\/noticias\/category\/actualidad\/"},{"label":"Rajoy: \u201cEuropa es la normalidad, la sensatez y el sentido com\u00fan\u201d","link":"https:\/\/www.eldigitaldeasturias.com\/noticias\/rajoy-europa-es-la-normalidad-la-sensatez-y-el-sentido-comun\/"}],"_links":{"self":[{"href":"https:\/\/www.eldigitaldeasturias.com\/noticias\/wp-json\/wp\/v2\/posts\/975242","targetHints":{"allow":["GET"]}}],"collection":[{"href":"https:\/\/www.eldigitaldeasturias.com\/noticias\/wp-json\/wp\/v2\/posts"}],"about":[{"href":"https:\/\/www.eldigitaldeasturias.com\/noticias\/wp-json\/wp\/v2\/types\/post"}],"author":[{"embeddable":true,"href":"https:\/\/www.eldigitaldeasturias.com\/noticias\/wp-json\/wp\/v2\/users\/1"}],"replies":[{"embeddable":true,"href":"https:\/\/www.eldigitaldeasturias.com\/noticias\/wp-json\/wp\/v2\/comments?post=975242"}],"version-history":[{"count":0,"href":"https:\/\/www.eldigitaldeasturias.com\/noticias\/wp-json\/wp\/v2\/posts\/975242\/revisions"}],"wp:attachment":[{"href":"https:\/\/www.eldigitaldeasturias.com\/noticias\/wp-json\/wp\/v2\/media?parent=975242"}],"wp:term":[{"taxonomy":"category","embeddable":true,"href":"https:\/\/www.eldigitaldeasturias.com\/noticias\/wp-json\/wp\/v2\/categories?post=975242"},{"taxonomy":"post_tag","embeddable":true,"href":"https:\/\/www.eldigitaldeasturias.com\/noticias\/wp-json\/wp\/v2\/tags?post=975242"}],"curies":[{"name":"wp","href":"https:\/\/api.w.org\/{rel}","templated":true}]}}